{"id":71688,"date":"2023-01-27T11:42:17","date_gmt":"2023-01-27T16:42:17","guid":{"rendered":"https:\/\/latamjournalismreview.org\/?p=71688"},"modified":"2023-01-29T12:47:46","modified_gmt":"2023-01-29T17:47:46","slug":"como-cubrir-el-extremismo-antidemocratico-en-brasil","status":"publish","type":"post","link":"https:\/\/latamjournalismreview.org\/es\/articles\/como-cubrir-el-extremismo-antidemocratico-en-brasil\/","title":{"rendered":"C\u00f3mo cubrir el extremismo antidemocr\u00e1tico en Brasil"},"content":{"rendered":"<p><i>*Por <a href=\"https:\/\/twitter.com\/rafaelgloria\">Rafael Gloria<\/a>, <\/i><a href=\"https:\/\/www.revistaanfibia.com\/noticias-no-quiero-saber-mas-nada\/\" target=\"_blank\" rel=\"noopener noreferrer\"><i><u>publicado originalmente en el sitio de IJNet<\/u><\/i><\/a><\/p>\n<p>El 8 de enero, miles de partidarios de extrema derecha del expresidente brasile\u00f1o Jair Bolsonaro <a href=\"https:\/\/www.bbc.com\/news\/world-latin-america-64206220\" target=\"_blank\" rel=\"noopener\">irrumpieron en tres edificios federales en Brasilia<\/a>: el Tribunal Supremo, la oficina presidencial del Palacio de Planalto y el Congreso Nacional.<\/p>\n<p>Despu\u00e9s de los acontecimientos, <a href=\"https:\/\/ijnet.org\/es\/\" target=\"_blank\" rel=\"noopener\">la Red Internacional de Periodistas<\/a> (IJNet, por sus siglas en ingl\u00e9s) reuni\u00f3 consejos de varios periodistas sobre c\u00f3mo cubrir los eventos y a las personas como las que amenazaron la democracia de Brasil a principios de este mes.<\/p>\n<p><img loading=\"lazy\" decoding=\"async\" class=\"alignright wp-image-71683 \" src=\"https:\/\/latamjournalismreview.org\/wp-content\/uploads\/2023\/01\/thumbs.web_.sapo_.io_.webp\" alt=\"Cover of Folha de S.Paulo newspaper of the January 10, 2023 edition\" width=\"350\" height=\"622\" srcset=\"https:\/\/latamjournalismreview.org\/wp-content\/uploads\/2023\/01\/thumbs.web_.sapo_.io_.webp 1125w, https:\/\/latamjournalismreview.org\/wp-content\/uploads\/2023\/01\/thumbs.web_.sapo_.io_-169x300.webp 169w, https:\/\/latamjournalismreview.org\/wp-content\/uploads\/2023\/01\/thumbs.web_.sapo_.io_-576x1024.webp 576w, https:\/\/latamjournalismreview.org\/wp-content\/uploads\/2023\/01\/thumbs.web_.sapo_.io_-768x1365.webp 768w, https:\/\/latamjournalismreview.org\/wp-content\/uploads\/2023\/01\/thumbs.web_.sapo_.io_-864x1536.webp 864w\" sizes=\"auto, (max-width: 350px) 100vw, 350px\" \/><\/p>\n<h3>Consulta a los expertos<\/h3>\n<p>A la hora de cubrir la extrema derecha, es importante citar fuentes expertas en el tema. \u201cLas personas vinculadas al mundo acad\u00e9mico, reconocidas por sus colegas en su campo de estudio, y tambi\u00e9n expertas en la interpretaci\u00f3n del fen\u00f3meno\u201d, son las fuentes ideales, seg\u00fan <a href=\"https:\/\/twitter.com\/odiloncaldeira\" target=\"_blank\" rel=\"noopener nofollow\">Odilon Neto<\/a>, historiador y director del <a href=\"https:\/\/www.oedbrasil.com.br\/\" target=\"_blank\" rel=\"noopener nofollow\">Observatorio de Extrema Derecha de Brasil<\/a>.<\/p>\n<p>Neto subray\u00f3 que informar sobre la extrema derecha debe hacerse siempre con seriedad y sin dejar lugar a errores. \u201cEl extremismo de derechas no puede utilizarse como \u2018clickbait\u2019\u201d, dijo.<\/p>\n<h3>Llamarlo por lo que es<\/h3>\n<p>Hay poco consenso en torno a la terminolog\u00eda adecuada para referirse a las personas que forman parte de grupos extremistas y cometen actos de extremismo. Los periodistas deben considerar cuidadosamente el lenguaje que utilizan y asegurarse de que no contribuye a normalizar comportamientos antidemocr\u00e1ticos.<\/p>\n<p>Las motivaciones pol\u00edticas no pueden separarse de las acciones del 8 de enero, dijo <a href=\"https:\/\/twitter.com\/amandalimajor\" target=\"_blank\" rel=\"noopener nofollow\">Amanda Lima<\/a>, comentarista de CNN Portugal. \u201cSon votantes de Bolsonaro y de la extrema derecha. Debemos actuar de acuerdo con la ley [al informar], pero sin relativizar ni suavizar las palabras\u201d, dijo. Por su parte, <a href=\"https:\/\/twitter.com\/Mleitaonetto\" target=\"_blank\" rel=\"noopener nofollow\">Matheus Leit\u00e3o<\/a>, columnista de la <a href=\"https:\/\/veja.abril.com.br\/\" target=\"_blank\" rel=\"noopener nofollow\">revista Veja<\/a>, dijo que ha estado usando la expresi\u00f3n \u201cmiembros de la extrema derecha, liderados por Jair Bolsonaro\u201d en sus propios reportajes. Algunos medios prefieren utilizar la palabra \u201cterroristas\u201d o \u201cgolpistas\u201d, es decir, aquellos que intentan dar un golpe de Estado.<\/p>\n<p><a href=\"https:\/\/twitter.com\/natalialevien\" target=\"_blank\" rel=\"noopener nofollow\">Natalia Leal<\/a>, directora de <a href=\"https:\/\/lupa.uol.com.br\/\" target=\"_blank\" rel=\"noopener nofollow\">Ag\u00eancia Lupa<\/a>, dijo que las manifestaciones deben ser descritas como antidemocr\u00e1ticas. \u201c[Las manifestaciones] deber\u00edan ser incluso [etiquetadas como] un intento de golpe, ya que deseaban una intervenci\u00f3n militar [para derrocar al presidente Lula da Silva], y no hay lugar para algo as\u00ed en Brasil\u201d, afirm\u00f3.<\/p>\n<p>Neto, por su parte, dijo que no se puede hablar de \u201cgradaciones del bolsonarismo\u201d. \u201cEl bolsonarismo se define por su extremismo. La trayectoria de Bolsonaro es antidemocr\u00e1tica e inmersa en las tradiciones de la extrema derecha brasile\u00f1a\u201d, expres\u00f3.<\/p>\n<h3>Usar el silencio estrat\u00e9gicamente<\/h3>\n<p>No se dedique a informar sobre \u201cambas partes\u201d. En su lugar, proporcione el contexto necesario en torno a las mentiras y la desinformaci\u00f3n que alimentan las acciones de los extremistas. \u201cUno de los principios del periodismo es que debemos reflejar la realidad. Si la realidad est\u00e1 desequilibrada, no podemos hablar de \u2018dos bandos\u2019\u201d, afirm\u00f3 Leal. \u201c[Los periodistas] deben analizar los hechos y, bas\u00e1ndose en ellos, informar sobre lo que realmente est\u00e1 ocurriendo de forma objetiva y plural, lo que no significa ser imparciales\u201d.<\/p>\n<div id=\"attachment_71675\" style=\"width: 410px\" class=\"wp-caption alignleft\"><img loading=\"lazy\" decoding=\"async\" aria-describedby=\"caption-attachment-71675\" class=\"wp-image-71677 size-full\" src=\"https:\/\/latamjournalismreview.org\/wp-content\/uploads\/2023\/01\/Odilon-.jpeg\" alt=\"Historian and coordinator of the Observatory of the Extreme Right in Brazil, Odilon Neto\" width=\"400\" height=\"400\" srcset=\"https:\/\/latamjournalismreview.org\/wp-content\/uploads\/2023\/01\/Odilon-.jpeg 400w, https:\/\/latamjournalismreview.org\/wp-content\/uploads\/2023\/01\/Odilon--300x300.jpeg 300w, https:\/\/latamjournalismreview.org\/wp-content\/uploads\/2023\/01\/Odilon--150x150.jpeg 150w\" sizes=\"auto, (max-width: 400px) 100vw, 400px\" \/><p id=\"caption-attachment-71675\" class=\"wp-caption-text\">A la hora de cubrir la extrema derecha es importante citar fuentes expertas en el tema, dice el historiador Odilon Neto, coordinador del Observatorio de la Extrema Derecha de Brasil. (Foto: Twitter)<\/p><\/div>\n<p>No hay consenso entre los periodistas brasile\u00f1os sobre si se debe entrevistar a un extremista implicado en los sucesos como los del 8 de enero. Sin embargo, en los casos en que se les entrevista, es primordial desmentir las informaciones falsas. \u201cEs muy raro encontrar un extremista cuyo discurso sea coherente y est\u00e9 libre de mentiras. Cuando se entrevista a pol\u00edticos de extrema derecha, la entrevista debe realizarse con firmeza, [denunciando] inmediatamente cualquier informaci\u00f3n falsa, por ejemplo\u201d, dijo Lima.<\/p>\n<p>En muchos casos, es necesario que los periodistas piensen bien lo que van a escribir o decir, y hagan uso del \u201csilencio estrat\u00e9gico\u201d, como forma de evitar dar tribuna a la antidemocracia, dijo <a href=\"https:\/\/www.icfj.org\/about\/profiles\/cristina-tardaguila\" target=\"_blank\" rel=\"noopener nofollow\">Cristina Tard\u00e1guila<\/a>, directora s\u00e9nior de programas del <a href=\"https:\/\/www.icfj.org\/\" target=\"_blank\" rel=\"noopener nofollow\">ICFJ<\/a>. Tard\u00e1guila suele dar consejos <a href=\"https:\/\/twitter.com\/ctardaguila?s=20&amp;t=dzRawjEE_1He4EwLybQWzA\" target=\"_blank\" rel=\"noopener\">en su cuenta de Twitter<\/a> sobre la importancia de esta estrategia. Recientemente\u00a0<a href=\"https:\/\/twitter.com\/ctardaguila\/status\/1613035608967987200\" target=\"_blank\" rel=\"noopener nofollow\">tuite\u00f3<\/a>: \u201cUna reflexi\u00f3n: no quieres hacer famosos a los golpistas\/terroristas, \u00bfverdad? As\u00ed que, cuando los detengan, recuerden que estas personas quieren existir, hacerse (m\u00e1s) populares. Cada post o retweet tuyo da vida a esos locos\u201d.<\/p>\n<h3>Mientras haya menos periodismo del \u201c\u00e9l dijo, ella dijo\u201d habr\u00e1 menos desinformaci\u00f3n<\/h3>\n<p>El periodismo de \u201c\u00e9l dijo, ella dijo\u201d puede llevar a la desinformaci\u00f3n. \u201cTomemos como ejemplo cuando Bolsonaro dijo que el nazismo era un movimiento de izquierdas. Es una mentira hist\u00f3rica y hay que tratarla as\u00ed. Si vas a informar sobre ello, [escribe] \u2018Bolsonaro miente al afirmar que el nazismo fue un movimiento de izquierdas\u2019\u201d, dijo Leit\u00e3o.<\/p>\n<p>Seg\u00fan Leal, los periodistas deben ser a\u00fan m\u00e1s cautelosos cuando se basan \u00fanicamente en informaci\u00f3n procedente de las redes sociales, para no \u201cdar vida a la desinformaci\u00f3n\u201d en estas plataformas. El <em>fact-checking<\/em> debe ser siempre la br\u00fajula del periodista.<\/p>\n<h3>Seguir el dinero<\/h3>\n<p>Inmediatamente despu\u00e9s de los acontecimientos del 8 de enero, <a href=\"https:\/\/lupa.uol.com.br\/\" target=\"_blank\" rel=\"noopener nofollow\">Ag\u00eancia Lupa<\/a> cre\u00f3 una <a href=\"https:\/\/lupa.uol.com.br\/jornalismo\/2023\/01\/08\/contribua-lupa-abre-banco-de-dados-para-recolher-posts-antidemocraticos\" target=\"_blank\" rel=\"noopener nofollow\">base de datos<\/a> para recopilar y rastrear <a href=\"https:\/\/docs.google.com\/forms\/d\/e\/1FAIpQLSfKzBooglVxZiBE9LdT_NcxK0rxtESwVt0J08TCRaf5YV35Jg\/viewform\" target=\"_blank\" rel=\"noopener\">contenidos antidemocr\u00e1ticos publicados en las redes sociales. Cualquiera puede enviar informaci\u00f3n a trav\u00e9s de<\/a><a target=\"_blank\" rel=\"noopener nofollow\">\u00a0este formulario<\/a>. El objetivo de la agencia de <em>fact-checking<\/em> es mapear los datos y utilizarlos para el periodismo, la investigaci\u00f3n y el apoyo a las investigaciones oficiales. Menos de 24 horas despu\u00e9s de los atentados, la Agencia Lupa hab\u00eda recogido m\u00e1s de 2.500 contribuciones y <a href=\"https:\/\/lupa.uol.com.br\/jornalismo\/categoria\/Lupa-nos-Golpistas\" target=\"_blank\" rel=\"noopener\">publicado varios art\u00edculos<\/a> con la informaci\u00f3n enviada.<\/p>\n<div id=\"attachment_71666\" style=\"width: 460px\" class=\"wp-caption alignright\"><img loading=\"lazy\" decoding=\"async\" aria-describedby=\"caption-attachment-71666\" class=\"wp-image-71668 \" src=\"https:\/\/latamjournalismreview.org\/wp-content\/uploads\/2023\/01\/Screen-Shot-2023-01-26-at-18.42.42-1024x510.png\" alt=\"Screenshot of Agencia Lupa website.\" width=\"450\" height=\"224\" srcset=\"https:\/\/latamjournalismreview.org\/wp-content\/uploads\/2023\/01\/Screen-Shot-2023-01-26-at-18.42.42-1024x510.png 1024w, https:\/\/latamjournalismreview.org\/wp-content\/uploads\/2023\/01\/Screen-Shot-2023-01-26-at-18.42.42-300x149.png 300w, https:\/\/latamjournalismreview.org\/wp-content\/uploads\/2023\/01\/Screen-Shot-2023-01-26-at-18.42.42-768x383.png 768w, https:\/\/latamjournalismreview.org\/wp-content\/uploads\/2023\/01\/Screen-Shot-2023-01-26-at-18.42.42-1536x765.png 1536w, https:\/\/latamjournalismreview.org\/wp-content\/uploads\/2023\/01\/Screen-Shot-2023-01-26-at-18.42.42-2048x1020.png 2048w\" sizes=\"auto, (max-width: 450px) 100vw, 450px\" \/><p id=\"caption-attachment-71666\" class=\"wp-caption-text\">Ag\u00eancia Lupa ha creado una base de datos para recopilar mensajes antidemocr\u00e1ticos. (Foto: Captura de pantalla de Ag\u00eancia Lupa)<\/p><\/div>\n<p>\u201cSigue el dinero\u201d es un lema probado. \u201cIdentificamos varios datos de Pix [un sistema de pago instant\u00e1neo en Brasil] y los n\u00fameros de tel\u00e9fono m\u00f3vil de los financiadores. Ir tras el due\u00f1o del dinero ayuda a dar dimensi\u00f3n a estos actos\u201d, afirm\u00f3 Leal. Tambi\u00e9n es importante examinar la desinformaci\u00f3n patrocinada en plataformas de redes sociales y aplicaciones de mensajer\u00eda, como Telegram y WhatsApp.<\/p>\n<h3>Mantenerse seguro en el terreno<\/h3>\n<p>Cuando informe sobre el terreno, viaje en grupo, sugiri\u00f3 Leit\u00e3o. \u201cSiempre estoy con colegas fotoperiodistas, por ejemplo\u201d, dijo. \u201cSiempre estoy con compa\u00f1eros con experiencia en reportajes de riesgo. Ya me han salvado la vida\u201d.<\/p>\n<p><a href=\"https:\/\/www.linkedin.com\/in\/daniel-p-giovanaz-b6103884\/?originalSubdomain=br\" target=\"_blank\" rel=\"noopener nofollow\">Daniel Giovanaz<\/a>, coordinador de proyectos de Reporteros sin Fronteras en Brasil, mencion\u00f3 dos recursos especialmente \u00fatiles disponibles para los periodistas que realizan coberturas peligrosas:<\/p>\n<ul>\n<li><a href=\"https:\/\/www.abraji.org.br\/publicacoes\/manual-de-seguranca-para-a-cobertura-de-protestos\" target=\"_blank\" rel=\"noopener nofollow\">Manual para cubrir protestas<\/a>, de la Asociaci\u00f3n Brasile\u00f1a de Periodismo de Investigaci\u00f3n (Abraji)<\/li>\n<li><a href=\"https:\/\/journalismcourses.org\/wp-content\/uploads\/2022\/08\/PROTECCION-DE-PERIODISTAS-FINAL-UPLOAD-8.1.pdf\" target=\"_blank\" rel=\"noopener nofollow\">E-book para la protecci\u00f3n de los periodistas<\/a>, del Centro Knight para el Periodismo en las Am\u00e9ricas<\/li>\n<\/ul>\n<h3>Cuidado con la hostilidad en internet<\/h3>\n<p>Internet, y especialmente las redes sociales, pueden albergar intensas conversaciones y disputas, y los periodistas pueden verse atacados en esos espacios.<\/p>\n<p>Los periodistas tambi\u00e9n pueden hacer uso del \u201csilencio estrat\u00e9gico\u201d no respondiendo a los ataques en las redes sociales, lo que puede evitar que el odio y la desinformaci\u00f3n se extiendan. Otros periodistas prefieren bloquear a los que odian (\u201chaters\u201d) y a los trolls. \u201cBloqueo [a la gente en las redes sociales] y denuncio la p\u00e1gina cuando [los ataques] son m\u00e1s graves, como amenazas de muerte o de violaci\u00f3n\u201d, explic\u00f3 Lima.<\/p>\n<p>Este <a href=\"https:\/\/cpj.org\/pt\/2019\/10\/kit-de-seguranca-digital\/\" target=\"_blank\" rel=\"noopener nofollow\">kit de seguridad digital<\/a> del Comit\u00e9 para la Protecci\u00f3n de los Periodistas es un recurso esencial que los periodistas pueden utilizar para salvaguardar su presencia en internet.<\/p>\n","protected":false},"excerpt":{"rendered":"<p>Recurrir a expertos, no normalizar actitudes antidemocr\u00e1ticas y proporcionar a la opini\u00f3n p\u00fablica el contexto necesario sobre mentiras y desinformaci\u00f3n son algunos consejos de expertos sobre c\u00f3mo cubrir actos de grupos extremistas, como los ocurridos el 8 de enero en Brasil, cuando grupos de extrema derecha afines al expresidente Jair Bolsonaro irrumpieron en tres edificios federales en Brasilia.<\/p>\n","protected":false},"author":17,"featured_media":71698,"comment_status":"closed","ping_status":"closed","sticky":false,"template":"","format":"standard","meta":{"inline_featured_image":false,"footnotes":""},"categories":[1236],"tags":[],"coauthors":[],"class_list":["post-71688","post","type-post","status-publish","format-standard","has-post-thumbnail","hentry","category-noticias-falsas-y-desinformacion-es"],"acf":[],"yoast_head":"<!-- This site is optimized with the Yoast SEO Premium plugin v22.6 (Yoast SEO v27.4) - https:\/\/yoast.com\/product\/yoast-seo-premium-wordpress\/ -->\n<title>C\u00f3mo cubrir el extremismo antidemocr\u00e1tico en Brasil - LatAm Journalism Review<\/title>\n<meta name=\"description\" content=\"C\u00f3mo cubrir el extremismo antidemocr\u00e1tico en Brasil Noticias falsas y desinformaci\u00f3n. Latin American Journalism Review by The Knight Center at The University of Texas at Austin.\" \/>\n<meta name=\"robots\" content=\"index, follow, max-snippet:-1, max-image-preview:large, max-video-preview:-1\" \/>\n<link rel=\"canonical\" href=\"https:\/\/latamjournalismreview.org\/es\/articles\/como-cubrir-el-extremismo-antidemocratico-en-brasil\/\" \/>\n<meta property=\"og:locale\" content=\"es_ES\" \/>\n<meta property=\"og:type\" content=\"article\" \/>\n<meta property=\"og:title\" content=\"C\u00f3mo cubrir el extremismo antidemocr\u00e1tico en Brasil\" \/>\n<meta property=\"og:description\" content=\"C\u00f3mo cubrir el extremismo antidemocr\u00e1tico en Brasil Noticias falsas y desinformaci\u00f3n. Latin American Journalism Review by The Knight Center at The University of Texas at Austin.\" \/>\n<meta property=\"og:url\" content=\"https:\/\/latamjournalismreview.org\/es\/articles\/como-cubrir-el-extremismo-antidemocratico-en-brasil\/\" \/>\n<meta property=\"og:site_name\" content=\"LatAm Journalism Review\" \/>\n<meta property=\"article:published_time\" content=\"2023-01-27T16:42:17+00:00\" \/>\n<meta property=\"article:modified_time\" content=\"2023-01-29T17:47:46+00:00\" \/>\n<meta property=\"og:image\" content=\"https:\/\/latamjournalismreview.org\/wp-content\/uploads\/2023\/01\/Featured-Extremismo-1.png\" \/>\n\t<meta property=\"og:image:width\" content=\"507\" \/>\n\t<meta property=\"og:image:height\" content=\"340\" \/>\n\t<meta property=\"og:image:type\" content=\"image\/png\" \/>\n<meta name=\"author\" content=\"Guest\" \/>\n<meta name=\"twitter:card\" content=\"summary_large_image\" \/>\n<meta name=\"twitter:creator\" content=\"@LatAmJournalism\" \/>\n<meta name=\"twitter:site\" content=\"@LatAmJournalism\" \/>\n<meta name=\"twitter:label1\" content=\"Written by\" \/>\n\t<meta name=\"twitter:data1\" content=\"Guest\" \/>\n\t<meta name=\"twitter:label2\" content=\"Est. reading time\" \/>\n\t<meta name=\"twitter:data2\" content=\"6 minutos\" \/>\n<script type=\"application\/ld+json\" class=\"yoast-schema-graph\">{\"@context\":\"https:\\\/\\\/schema.org\",\"@graph\":[{\"@type\":\"Article\",\"@id\":\"https:\\\/\\\/latamjournalismreview.org\\\/es\\\/articles\\\/como-cubrir-el-extremismo-antidemocratico-en-brasil\\\/#article\",\"isPartOf\":{\"@id\":\"https:\\\/\\\/latamjournalismreview.org\\\/es\\\/articles\\\/como-cubrir-el-extremismo-antidemocratico-en-brasil\\\/\"},\"author\":{\"name\":\"Guest\",\"@id\":\"https:\\\/\\\/latamjournalismreview.org\\\/es\\\/#\\\/schema\\\/person\\\/0315202e0b3c0963a2440f1c3012c360\"},\"headline\":\"C\u00f3mo cubrir el extremismo antidemocr\u00e1tico en Brasil\",\"datePublished\":\"2023-01-27T16:42:17+00:00\",\"dateModified\":\"2023-01-29T17:47:46+00:00\",\"mainEntityOfPage\":{\"@id\":\"https:\\\/\\\/latamjournalismreview.org\\\/es\\\/articles\\\/como-cubrir-el-extremismo-antidemocratico-en-brasil\\\/\"},\"wordCount\":1290,\"publisher\":{\"@id\":\"https:\\\/\\\/latamjournalismreview.org\\\/es\\\/#organization\"},\"image\":{\"@id\":\"https:\\\/\\\/latamjournalismreview.org\\\/es\\\/articles\\\/como-cubrir-el-extremismo-antidemocratico-en-brasil\\\/#primaryimage\"},\"thumbnailUrl\":\"https:\\\/\\\/latamjournalismreview.org\\\/wp-content\\\/uploads\\\/2023\\\/01\\\/Featured-Extremismo-1.png\",\"articleSection\":[\"Noticias falsas y desinformaci\u00f3n\"],\"inLanguage\":\"es\"},{\"@type\":\"WebPage\",\"@id\":\"https:\\\/\\\/latamjournalismreview.org\\\/es\\\/articles\\\/como-cubrir-el-extremismo-antidemocratico-en-brasil\\\/\",\"url\":\"https:\\\/\\\/latamjournalismreview.org\\\/es\\\/articles\\\/como-cubrir-el-extremismo-antidemocratico-en-brasil\\\/\",\"name\":\"C\u00f3mo cubrir el extremismo antidemocr\u00e1tico en Brasil - LatAm Journalism Review\",\"isPartOf\":{\"@id\":\"https:\\\/\\\/latamjournalismreview.org\\\/es\\\/#website\"},\"primaryImageOfPage\":{\"@id\":\"https:\\\/\\\/latamjournalismreview.org\\\/es\\\/articles\\\/como-cubrir-el-extremismo-antidemocratico-en-brasil\\\/#primaryimage\"},\"image\":{\"@id\":\"https:\\\/\\\/latamjournalismreview.org\\\/es\\\/articles\\\/como-cubrir-el-extremismo-antidemocratico-en-brasil\\\/#primaryimage\"},\"thumbnailUrl\":\"https:\\\/\\\/latamjournalismreview.org\\\/wp-content\\\/uploads\\\/2023\\\/01\\\/Featured-Extremismo-1.png\",\"datePublished\":\"2023-01-27T16:42:17+00:00\",\"dateModified\":\"2023-01-29T17:47:46+00:00\",\"description\":\"C\u00f3mo cubrir el extremismo antidemocr\u00e1tico en Brasil Noticias falsas y desinformaci\u00f3n. Latin American Journalism Review by The Knight Center at The University of Texas at Austin.\",\"breadcrumb\":{\"@id\":\"https:\\\/\\\/latamjournalismreview.org\\\/es\\\/articles\\\/como-cubrir-el-extremismo-antidemocratico-en-brasil\\\/#breadcrumb\"},\"inLanguage\":\"es\",\"potentialAction\":[{\"@type\":\"ReadAction\",\"target\":[\"https:\\\/\\\/latamjournalismreview.org\\\/es\\\/articles\\\/como-cubrir-el-extremismo-antidemocratico-en-brasil\\\/\"]}]},{\"@type\":\"ImageObject\",\"inLanguage\":\"es\",\"@id\":\"https:\\\/\\\/latamjournalismreview.org\\\/es\\\/articles\\\/como-cubrir-el-extremismo-antidemocratico-en-brasil\\\/#primaryimage\",\"url\":\"https:\\\/\\\/latamjournalismreview.org\\\/wp-content\\\/uploads\\\/2023\\\/01\\\/Featured-Extremismo-1.png\",\"contentUrl\":\"https:\\\/\\\/latamjournalismreview.org\\\/wp-content\\\/uploads\\\/2023\\\/01\\\/Featured-Extremismo-1.png\",\"width\":507,\"height\":340},{\"@type\":\"BreadcrumbList\",\"@id\":\"https:\\\/\\\/latamjournalismreview.org\\\/es\\\/articles\\\/como-cubrir-el-extremismo-antidemocratico-en-brasil\\\/#breadcrumb\",\"itemListElement\":[{\"@type\":\"ListItem\",\"position\":1,\"name\":\"Home\",\"item\":\"https:\\\/\\\/latamjournalismreview.org\\\/es\\\/\"},{\"@type\":\"ListItem\",\"position\":2,\"name\":\"C\u00f3mo cubrir el extremismo antidemocr\u00e1tico en Brasil\"}]},{\"@type\":\"WebSite\",\"@id\":\"https:\\\/\\\/latamjournalismreview.org\\\/es\\\/#website\",\"url\":\"https:\\\/\\\/latamjournalismreview.org\\\/es\\\/\",\"name\":\"LatAm Journalism Review\",\"description\":\"Knight Center at The University of Texas\",\"publisher\":{\"@id\":\"https:\\\/\\\/latamjournalismreview.org\\\/es\\\/#organization\"},\"potentialAction\":[{\"@type\":\"SearchAction\",\"target\":{\"@type\":\"EntryPoint\",\"urlTemplate\":\"https:\\\/\\\/latamjournalismreview.org\\\/es\\\/?s={search_term_string}\"},\"query-input\":{\"@type\":\"PropertyValueSpecification\",\"valueRequired\":true,\"valueName\":\"search_term_string\"}}],\"inLanguage\":\"es\"},{\"@type\":\"Organization\",\"@id\":\"https:\\\/\\\/latamjournalismreview.org\\\/es\\\/#organization\",\"name\":\"LatAm Journalism Review\",\"url\":\"https:\\\/\\\/latamjournalismreview.org\\\/es\\\/\",\"logo\":{\"@type\":\"ImageObject\",\"inLanguage\":\"es\",\"@id\":\"https:\\\/\\\/latamjournalismreview.org\\\/es\\\/#\\\/schema\\\/logo\\\/image\\\/\",\"url\":\"https:\\\/\\\/latamjournalismreview.org\\\/wp-content\\\/uploads\\\/2020\\\/05\\\/knight-latAm-review-logo.svg\",\"contentUrl\":\"https:\\\/\\\/latamjournalismreview.org\\\/wp-content\\\/uploads\\\/2020\\\/05\\\/knight-latAm-review-logo.svg\",\"width\":\"1024\",\"height\":\"1024\",\"caption\":\"LatAm Journalism Review\"},\"image\":{\"@id\":\"https:\\\/\\\/latamjournalismreview.org\\\/es\\\/#\\\/schema\\\/logo\\\/image\\\/\"},\"sameAs\":[\"https:\\\/\\\/x.com\\\/LatAmJournalism\"]},{\"@type\":\"Person\",\"@id\":\"https:\\\/\\\/latamjournalismreview.org\\\/es\\\/#\\\/schema\\\/person\\\/0315202e0b3c0963a2440f1c3012c360\",\"name\":\"Guest\",\"url\":\"https:\\\/\\\/latamjournalismreview.org\\\/es\\\/articles\\\/author\\\/guest\\\/\"}]}<\/script>\n<!-- \/ Yoast SEO Premium plugin. -->","yoast_head_json":{"title":"C\u00f3mo cubrir el extremismo antidemocr\u00e1tico en Brasil - LatAm Journalism Review","description":"C\u00f3mo cubrir el extremismo antidemocr\u00e1tico en Brasil Noticias falsas y desinformaci\u00f3n. Latin American Journalism Review by The Knight Center at The University of Texas at Austin.","robots":{"index":"index","follow":"follow","max-snippet":"max-snippet:-1","max-image-preview":"max-image-preview:large","max-video-preview":"max-video-preview:-1"},"canonical":"https:\/\/latamjournalismreview.org\/es\/articles\/como-cubrir-el-extremismo-antidemocratico-en-brasil\/","og_locale":"es_ES","og_type":"article","og_title":"C\u00f3mo cubrir el extremismo antidemocr\u00e1tico en Brasil","og_description":"C\u00f3mo cubrir el extremismo antidemocr\u00e1tico en Brasil Noticias falsas y desinformaci\u00f3n. Latin American Journalism Review by The Knight Center at The University of Texas at Austin.","og_url":"https:\/\/latamjournalismreview.org\/es\/articles\/como-cubrir-el-extremismo-antidemocratico-en-brasil\/","og_site_name":"LatAm Journalism Review","article_published_time":"2023-01-27T16:42:17+00:00","article_modified_time":"2023-01-29T17:47:46+00:00","og_image":[{"width":507,"height":340,"url":"https:\/\/latamjournalismreview.org\/wp-content\/uploads\/2023\/01\/Featured-Extremismo-1.png","type":"image\/png"}],"author":"Guest","twitter_card":"summary_large_image","twitter_creator":"@LatAmJournalism","twitter_site":"@LatAmJournalism","twitter_misc":{"Written by":"Guest","Est. reading time":"6 minutos"},"schema":{"@context":"https:\/\/schema.org","@graph":[{"@type":"Article","@id":"https:\/\/latamjournalismreview.org\/es\/articles\/como-cubrir-el-extremismo-antidemocratico-en-brasil\/#article","isPartOf":{"@id":"https:\/\/latamjournalismreview.org\/es\/articles\/como-cubrir-el-extremismo-antidemocratico-en-brasil\/"},"author":{"name":"Guest","@id":"https:\/\/latamjournalismreview.org\/es\/#\/schema\/person\/0315202e0b3c0963a2440f1c3012c360"},"headline":"C\u00f3mo cubrir el extremismo antidemocr\u00e1tico en Brasil","datePublished":"2023-01-27T16:42:17+00:00","dateModified":"2023-01-29T17:47:46+00:00","mainEntityOfPage":{"@id":"https:\/\/latamjournalismreview.org\/es\/articles\/como-cubrir-el-extremismo-antidemocratico-en-brasil\/"},"wordCount":1290,"publisher":{"@id":"https:\/\/latamjournalismreview.org\/es\/#organization"},"image":{"@id":"https:\/\/latamjournalismreview.org\/es\/articles\/como-cubrir-el-extremismo-antidemocratico-en-brasil\/#primaryimage"},"thumbnailUrl":"https:\/\/latamjournalismreview.org\/wp-content\/uploads\/2023\/01\/Featured-Extremismo-1.png","articleSection":["Noticias falsas y desinformaci\u00f3n"],"inLanguage":"es"},{"@type":"WebPage","@id":"https:\/\/latamjournalismreview.org\/es\/articles\/como-cubrir-el-extremismo-antidemocratico-en-brasil\/","url":"https:\/\/latamjournalismreview.org\/es\/articles\/como-cubrir-el-extremismo-antidemocratico-en-brasil\/","name":"C\u00f3mo cubrir el extremismo antidemocr\u00e1tico en Brasil - LatAm Journalism Review","isPartOf":{"@id":"https:\/\/latamjournalismreview.org\/es\/#website"},"primaryImageOfPage":{"@id":"https:\/\/latamjournalismreview.org\/es\/articles\/como-cubrir-el-extremismo-antidemocratico-en-brasil\/#primaryimage"},"image":{"@id":"https:\/\/latamjournalismreview.org\/es\/articles\/como-cubrir-el-extremismo-antidemocratico-en-brasil\/#primaryimage"},"thumbnailUrl":"https:\/\/latamjournalismreview.org\/wp-content\/uploads\/2023\/01\/Featured-Extremismo-1.png","datePublished":"2023-01-27T16:42:17+00:00","dateModified":"2023-01-29T17:47:46+00:00","description":"C\u00f3mo cubrir el extremismo antidemocr\u00e1tico en Brasil Noticias falsas y desinformaci\u00f3n. Latin American Journalism Review by The Knight Center at The University of Texas at Austin.","breadcrumb":{"@id":"https:\/\/latamjournalismreview.org\/es\/articles\/como-cubrir-el-extremismo-antidemocratico-en-brasil\/#breadcrumb"},"inLanguage":"es","potentialAction":[{"@type":"ReadAction","target":["https:\/\/latamjournalismreview.org\/es\/articles\/como-cubrir-el-extremismo-antidemocratico-en-brasil\/"]}]},{"@type":"ImageObject","inLanguage":"es","@id":"https:\/\/latamjournalismreview.org\/es\/articles\/como-cubrir-el-extremismo-antidemocratico-en-brasil\/#primaryimage","url":"https:\/\/latamjournalismreview.org\/wp-content\/uploads\/2023\/01\/Featured-Extremismo-1.png","contentUrl":"https:\/\/latamjournalismreview.org\/wp-content\/uploads\/2023\/01\/Featured-Extremismo-1.png","width":507,"height":340},{"@type":"BreadcrumbList","@id":"https:\/\/latamjournalismreview.org\/es\/articles\/como-cubrir-el-extremismo-antidemocratico-en-brasil\/#breadcrumb","itemListElement":[{"@type":"ListItem","position":1,"name":"Home","item":"https:\/\/latamjournalismreview.org\/es\/"},{"@type":"ListItem","position":2,"name":"C\u00f3mo cubrir el extremismo antidemocr\u00e1tico en Brasil"}]},{"@type":"WebSite","@id":"https:\/\/latamjournalismreview.org\/es\/#website","url":"https:\/\/latamjournalismreview.org\/es\/","name":"LatAm Journalism Review","description":"Knight Center at The University of Texas","publisher":{"@id":"https:\/\/latamjournalismreview.org\/es\/#organization"},"potentialAction":[{"@type":"SearchAction","target":{"@type":"EntryPoint","urlTemplate":"https:\/\/latamjournalismreview.org\/es\/?s={search_term_string}"},"query-input":{"@type":"PropertyValueSpecification","valueRequired":true,"valueName":"search_term_string"}}],"inLanguage":"es"},{"@type":"Organization","@id":"https:\/\/latamjournalismreview.org\/es\/#organization","name":"LatAm Journalism Review","url":"https:\/\/latamjournalismreview.org\/es\/","logo":{"@type":"ImageObject","inLanguage":"es","@id":"https:\/\/latamjournalismreview.org\/es\/#\/schema\/logo\/image\/","url":"https:\/\/latamjournalismreview.org\/wp-content\/uploads\/2020\/05\/knight-latAm-review-logo.svg","contentUrl":"https:\/\/latamjournalismreview.org\/wp-content\/uploads\/2020\/05\/knight-latAm-review-logo.svg","width":"1024","height":"1024","caption":"LatAm Journalism Review"},"image":{"@id":"https:\/\/latamjournalismreview.org\/es\/#\/schema\/logo\/image\/"},"sameAs":["https:\/\/x.com\/LatAmJournalism"]},{"@type":"Person","@id":"https:\/\/latamjournalismreview.org\/es\/#\/schema\/person\/0315202e0b3c0963a2440f1c3012c360","name":"Guest","url":"https:\/\/latamjournalismreview.org\/es\/articles\/author\/guest\/"}]}},"_links":{"self":[{"href":"https:\/\/latamjournalismreview.org\/es\/wp-json\/wp\/v2\/posts\/71688","targetHints":{"allow":["GET"]}}],"collection":[{"href":"https:\/\/latamjournalismreview.org\/es\/wp-json\/wp\/v2\/posts"}],"about":[{"href":"https:\/\/latamjournalismreview.org\/es\/wp-json\/wp\/v2\/types\/post"}],"author":[{"embeddable":true,"href":"https:\/\/latamjournalismreview.org\/es\/wp-json\/wp\/v2\/users\/17"}],"replies":[{"embeddable":true,"href":"https:\/\/latamjournalismreview.org\/es\/wp-json\/wp\/v2\/comments?post=71688"}],"version-history":[{"count":13,"href":"https:\/\/latamjournalismreview.org\/es\/wp-json\/wp\/v2\/posts\/71688\/revisions"}],"predecessor-version":[{"id":71773,"href":"https:\/\/latamjournalismreview.org\/es\/wp-json\/wp\/v2\/posts\/71688\/revisions\/71773"}],"wp:featuredmedia":[{"embeddable":true,"href":"https:\/\/latamjournalismreview.org\/es\/wp-json\/wp\/v2\/media\/71698"}],"wp:attachment":[{"href":"https:\/\/latamjournalismreview.org\/es\/wp-json\/wp\/v2\/media?parent=71688"}],"wp:term":[{"taxonomy":"category","embeddable":true,"href":"https:\/\/latamjournalismreview.org\/es\/wp-json\/wp\/v2\/categories?post=71688"},{"taxonomy":"post_tag","embeddable":true,"href":"https:\/\/latamjournalismreview.org\/es\/wp-json\/wp\/v2\/tags?post=71688"},{"taxonomy":"author","embeddable":true,"href":"https:\/\/latamjournalismreview.org\/es\/wp-json\/wp\/v2\/coauthors?post=71688"}],"curies":[{"name":"wp","href":"https:\/\/api.w.org\/{rel}","templated":true}]}}