{"id":72797,"date":"2023-03-01T10:38:40","date_gmt":"2023-03-01T16:38:40","guid":{"rendered":"https:\/\/latamjournalismreview.org\/?p=72797"},"modified":"2023-03-01T10:55:02","modified_gmt":"2023-03-01T16:55:02","slug":"periodistas-y-academicos-quechuas-critican-la-cobertura-de-las-protestas-de-los-principales-medios-peruanos-y-alegan-prejuicios-contra-pueblos-indigenas","status":"publish","type":"post","link":"https:\/\/latamjournalismreview.org\/es\/articles\/periodistas-y-academicos-quechuas-critican-la-cobertura-de-las-protestas-de-los-principales-medios-peruanos-y-alegan-prejuicios-contra-pueblos-indigenas\/","title":{"rendered":"Periodistas y acad\u00e9micos quechuas critican la cobertura de las protestas de los principales medios peruanos y alegan prejuicios contra pueblos ind\u00edgenas"},"content":{"rendered":"<div id=\"attachment_72757\" style=\"width: 460px\" class=\"wp-caption alignright\"><img loading=\"lazy\" decoding=\"async\" aria-describedby=\"caption-attachment-72757\" class=\"wp-image-72757\" src=\"https:\/\/latamjournalismreview.org\/wp-content\/uploads\/2023\/02\/panel_peru-300x256.jpeg\" alt=\"Recuadros de zoom con seis personas en un seminario web.\" width=\"450\" height=\"383\" srcset=\"https:\/\/latamjournalismreview.org\/wp-content\/uploads\/2023\/02\/panel_peru-300x256.jpeg 300w, https:\/\/latamjournalismreview.org\/wp-content\/uploads\/2023\/02\/panel_peru-1024x872.jpeg 1024w, https:\/\/latamjournalismreview.org\/wp-content\/uploads\/2023\/02\/panel_peru-768x654.jpeg 768w, https:\/\/latamjournalismreview.org\/wp-content\/uploads\/2023\/02\/panel_peru-1536x1308.jpeg 1536w, https:\/\/latamjournalismreview.org\/wp-content\/uploads\/2023\/02\/panel_peru.jpeg 1672w\" sizes=\"auto, (max-width: 450px) 100vw, 450px\" \/><p id=\"caption-attachment-72757\" class=\"wp-caption-text\">Seminario web organizado por estudiantes quechua de doctorado de la Universidad de Texas en Austin. Los panelistas fueron Jermani Ojeda-Ludena, Patricia Guti\u00e9rrez, Jonathan Castro y Seraphim Coronel-Molina. Moderado por Katherine Tairo-Quispe y Germ\u00e1n Ojeda-Ludena. (Foto: captura de pantalla)<\/p><\/div>\n<p><strong>Por Athena Hawkins (*)<\/strong><\/p>\n<p>Periodistas y acad\u00e9micos quechuas condenaron la cobertura de los pueblos ind\u00edgenas por parte de los principales medios de comunicaci\u00f3n peruanos en medio de protestas pol\u00edticas generalizadas que han resultado en m\u00e1s de 60 muertes desde el pasado diciembre. En un seminario web organizado por\u00a0estudiantes quechua de doctorado\u00a0de la Universidad de Texas en Austin, panelistas dijeron que los medios de comunicaci\u00f3n de la regi\u00f3n central de Per\u00fa omitieron mencionar la represi\u00f3n policial y militar en contra de los manifestantes quechuas y aymaras en su cobertura.<\/p>\n<p>\u201cEste evento busca dar a conocer voces distintas para analizar los impactos de esta crisis en pueblos Quechuas y Aymaras\u201d, dijo la estudiante quechua Jermani Ojeda-Ludena,\u00a0candidata a doctorado\u00a0en UT Austin, quien comoder\u00f3 el seminario web.<\/p>\n<p>La otra moderadora y organizadora del seminario web fue Katherin Tairo-Quispe, quien tambi\u00e9n\u00a0es estudiante quechua de doctorado\u00a0en UT Austin. El evento fue organizado por Ojeda-Ludena y Tairo-Quispe el 20 de febrero y otros panelistas fueron Patricia Guti\u00e9rrez, periodista radiof\u00f3nica quechua; Jonathan Castro, periodista pol\u00edtico y editor de podcasts quechua; y Seraf\u00edn Coronel-Molina, profesor y acad\u00e9mico quechua.<\/p>\n<p>Las protestas comenzaron el pasado diciembre, luego de un autogolpe fallido liderado por el presidente peruano Pedro Castillo, quien eventualmente fue acusado y arrestado. Desde la ascensi\u00f3n de la vicepresidenta Dina Boluarte para reemplazar a Castillo en la presidencia, manifestaciones pol\u00edticas en varias regiones de Per\u00fa han pedido la renuncia de Baluarte, la disoluci\u00f3n del congreso, elecciones anticipadas y una nueva constituci\u00f3n.<\/p>\n<p>El quechua es una de las lenguas ind\u00edgenas m\u00e1s habladas en Am\u00e9rica, con alrededor de 8 millones de hablantes en pa\u00edses como Per\u00fa, Ecuador, Colombia, Bolivia y Argentina, seg\u00fan el\u00a0<a href=\"https:\/\/plc.sas.upenn.edu\/quechua\" target=\"_blank\" rel=\"noopener noreferrer\"><u>Penn Language Center<\/u><\/a>.<\/p>\n<p>Los panelistas dijeron que a pesar de la gran poblaci\u00f3n de pueblos ind\u00edgenas y quechuas en Per\u00fa, la mayor\u00eda de los medios de comunicaci\u00f3n en el pa\u00eds no logran representar los temas que les preocupan, como la represi\u00f3n militar y policial y el acceso a los servicios b\u00e1sicos.<\/p>\n<p>Tairo-Quispe lider\u00f3 un momento de silencio en honor a las 60 personas, en su mayor\u00eda quechuas o aymaras, que perdieron la vida durante las protestas y hechos conexos.<\/p>\n<p><a href=\"https:\/\/www.facebook.com\/watch\/PatriciaGutierrezGP\/\" target=\"_blank\" rel=\"noopener noreferrer\"><u>Patricia Guti\u00e9rrez<\/u><\/a>, periodista de\u00a0<a href=\"https:\/\/radioondaazul.com\/radio-online\/\" target=\"_blank\" rel=\"noopener noreferrer\"><u>Radio Onda Azul<\/u><\/a> en la regi\u00f3n de Puno, dijo que los manifestantes en la regi\u00f3n son etiquetados como \u201cterroristas\u201d por protestar contra la administraci\u00f3n actual, pero en realidad buscan protecci\u00f3n y representaci\u00f3n del gobierno.<\/p>\n<div id=\"attachment_72747\" style=\"width: 460px\" class=\"wp-caption alignleft\"><img loading=\"lazy\" decoding=\"async\" aria-describedby=\"caption-attachment-72747\" class=\"wp-image-72747\" src=\"https:\/\/latamjournalismreview.org\/wp-content\/uploads\/2023\/02\/Paro_Nacional_28_de_enero_Lima_35-300x183.jpg\" alt=\"Mujer ind\u00edgena sosteniendo un cartel camina por una calle de Lima, Per\u00fa, con personas en el fondo.\" width=\"450\" height=\"275\" srcset=\"https:\/\/latamjournalismreview.org\/wp-content\/uploads\/2023\/02\/Paro_Nacional_28_de_enero_Lima_35-300x183.jpg 300w, https:\/\/latamjournalismreview.org\/wp-content\/uploads\/2023\/02\/Paro_Nacional_28_de_enero_Lima_35-1024x626.jpg 1024w, https:\/\/latamjournalismreview.org\/wp-content\/uploads\/2023\/02\/Paro_Nacional_28_de_enero_Lima_35-768x469.jpg 768w, https:\/\/latamjournalismreview.org\/wp-content\/uploads\/2023\/02\/Paro_Nacional_28_de_enero_Lima_35.jpg 1280w\" sizes=\"auto, (max-width: 450px) 100vw, 450px\" \/><p id=\"caption-attachment-72747\" class=\"wp-caption-text\">Marcha nacional el 28 de febrero de 2023 en Lima, Per\u00fa. (Foto: Candy Sotomayor, <a href=\"https:\/\/creativecommons.org\/licenses\/by-sa\/4.0\">CC BY-SA 4.0<\/a>)<\/p><\/div>\n<p>\u201cLa estigmatizaci\u00f3n, c\u00f3mo es que los han terruqueado a estos pueblos, a estas comunidades, a estos campesinos \u2026. \u00bfCon qu\u00e9 intenci\u00f3n? Con la intenci\u00f3n de deslegitimar sus demandas, justificar a lo mejor las violaciones de los derechos humanos, con la intenci\u00f3n de criminalizar y asustar a todo aquel que manifieste, a todo aquel que levante su voz de protesta\u201d, dijo Guti\u00e9rrez.<\/p>\n<p><a href=\"https:\/\/twitter.com\/jsudaka\" target=\"_blank\" rel=\"noopener noreferrer\"><u>Jonathan Castro<\/u><\/a>, periodista pol\u00edtico y editor de podcasts de\u00a0<a href=\"https:\/\/podcasts.apple.com\/us\/podcast\/la-encerrona\/id1503876342\" target=\"_blank\" rel=\"noopener noreferrer\"><u>LaEncerrona<\/u><\/a>, se hizo eco de las declaraciones de Guti\u00e9rrez sobre la cobertura sesgada de los medios de comunicaci\u00f3n peruanos contra los mismos manifestantes.<\/p>\n<p>\u201c[A los ind\u00edgenas y provincianos que han venido a la capital] no se les ha dado voz para que con sus propias palabras puedan expresar cu\u00e1les son los motivos por los cuales est\u00e1n protestando [...] No existe esa representaci\u00f3n\u201d, dijo Castro. \u201cSe le ha dado voz a autoridades elegidas, se le ha dado voz a los gobernadores de algunas de esas regiones\u201d.<\/p>\n<p>Castro proporcion\u00f3 ejemplos de la omisi\u00f3n de abusos contra las poblaciones ind\u00edgenas por parte de los medios de comunicaci\u00f3n peruanos, se\u00f1alando la contradicci\u00f3n entre un titular de un medio de comunicaci\u00f3n popular y un informe oficial de una organizaci\u00f3n de derechos humanos.<\/p>\n<p>Amnist\u00eda Internacional, una ONG mundial dedicada a cuestiones de derechos humanos, <a href=\"https:\/\/www.amnesty.org\/es\/latest\/news\/2023\/02\/peru-lethal-state-repression\/#:~:text=Febrero%2016%2C%202023-,Per%C3%BA%3A%20La%20represi%C3%B3n%20letal%20del%20Estado%20es%20una%20muestra%20m%C3%A1s,la%20poblaci%C3%B3n%20Ind%C3%ADgena%20y%20campesina\" target=\"_blank\" rel=\"noopener noreferrer\"><u>public\u00f3 un informe<\/u><\/a> el 16 de febrero que detalla la mort\u00edfera opresi\u00f3n estatal contra los pueblos ind\u00edgenas y campesinos en Per\u00fa. Una organizaci\u00f3n de noticias propiedad del gobierno peruano, Andina, contradijo el informe de Amnist\u00eda Internacional al\u00a0<a href=\"https:\/\/andina.pe\/agencia\/noticia-amnistia-internacional-ejecutivo-se-comprometio-a-asegurar-apoyo-a-victimas-protestas-929300.aspx\" target=\"_blank\" rel=\"noopener noreferrer\"><u>publicar un art\u00edculo<\/u><\/a> que enmarc\u00f3 sus afirmaciones en torno a mensajes positivos, como la promesa de Dina Boluarte de \u201cpaquetes de apoyo\u201d para las v\u00edctimas.<\/p>\n<p>Tairo-Quispe dijo a\u00a0<strong>LatAm Journalism Review (LJR)<\/strong> que los pueblos ind\u00edgenas est\u00e1n decepcionados con la cobertura de los principales medios. El sentimiento de que los medios no representan los temas ind\u00edgenas fue uno de los principales desencadenantes de las protestas, dijo.<\/p>\n<p>\u201cToda la informaci\u00f3n [en las noticias] muestra los intereses del gobierno, solo est\u00e1n hablando de \u2018el gobierno hizo esto, el gobierno hizo aquello\u2019\u201d, dijo Tairo-Quispe. \u201cPero no [sobre] las luchas ind\u00edgenas, ni la represi\u00f3n policial, ni la brutalidad policial, ni esas 60 personas que fallecieron a causa de la crisis\u201d.<\/p>\n<p>Tairo-Quispe dijo que la gente debe enfocarse en medios alternativos o independientes, o medios que no est\u00e9n controlados por las regiones centrales del pa\u00eds. Sin embargo, estos medios no reciben los mismos recursos financieros que los principales, porque el gobierno asigna fondos p\u00fablicos a los medios centrales que favorecen sus pol\u00edticas, dijo.<\/p>\n<p>\u201cEst\u00e1n monopolizando no solo la industria de los medios, sino tambi\u00e9n la agenda pol\u00edtica y social del pa\u00eds\u201d, dijo Tairo-Quispe.<\/p>\n<p>Seraf\u00edn Coronel-Molina,\u00a0acad\u00e9mico quechua y profesor de la Escuela de Educaci\u00f3n de la Universidad de Indiana en Bloomington, dijo que la lucha contra el poder centralizado, las narrativas sesgadas de los medios y la opresi\u00f3n hist\u00f3rica requerir\u00e1 una mayor organizaci\u00f3n por parte de los pueblos ind\u00edgenas.<\/p>\n<p>\u201cEn el congreso es el momento de renovaci\u00f3n, de cambiar a los representantes [del gobierno], de cambiar a los representantes del Congreso, para que todas las naciones, todos los pueblos originarios, tengan representaci\u00f3n\u201d, dijo Coronel-Molina.<\/p>\n<p>\u201cSi digo esto, seguramente me van a decir, \u2018Oh, \u00e9l es terrorista\u2019\u201d, asegur\u00f3 Coronel-Molina. \u201cNo tiene que ver. Soy dem\u00f3crata. 100 por ciento\u201d.<\/p>\n<p>El seminario web, que se llev\u00f3 a cabo en espa\u00f1ol con traducci\u00f3n al ingl\u00e9s, fue organizado por la\u00a0<a href=\"https:\/\/liberalarts.utexas.edu\/nais\/about\/student-organizations\/naipa.html\" target=\"_blank\" rel=\"noopener noreferrer\"><u>Asociaci\u00f3n de Estudiantes Nativos Americanos e Ind\u00edgenas<\/u><\/a> (NAIPA), una organizaci\u00f3n de estudiantes de posgrado en UT Austin que tiene como objetivo hacer m\u00e1s visibles a los pueblos ind\u00edgenas y sus estudios. El evento tambi\u00e9n fue patrocinado por el\u00a0<a href=\"https:\/\/liberalarts.utexas.edu\/nais\/\" target=\"_blank\" rel=\"noopener noreferrer\"><u>Departamento de Estudios Nativos Americanos e Ind\u00edgenas<\/u><\/a> (NAIS) de UT Austin, y cont\u00f3 con el apoyo de\u00a0<a href=\"https:\/\/www.facebook.com\/people\/Quechua-Tinkuy\/100064327232139\/\" target=\"_blank\" rel=\"noopener noreferrer\"><u>Quechua Tinkuy<\/u><\/a>, una organizaci\u00f3n acad\u00e9mica y comunitaria enfocada en el pueblo y lengua quechua.<\/p>\n<p><span style=\"font-weight: 400;\">\u2013<\/span><\/p>\n<p><em>* Athena Hawkins es estudiante de periodismo en la Universidad de Texas y escribi\u00f3 este art\u00edculo como parte de la clase Libertad de Prensa en Am\u00e9rica Latina. Athena es miembro del Moody Honors Program y directora interna del Consejo de Comunicaci\u00f3n. Anteriormente fue reportera para The Daily Texan y ahora trabaja para el Programa Moody de Apoyo a la Escritura como instructora en periodismo.<\/em><\/p>\n","protected":false},"excerpt":{"rendered":"<p>Periodistas y acad\u00e9micos quechuas denunciaron la cobertura que hicieron los principales medios peruanos de las recientes protestas pol\u00edticas, alegando la falta de representaci\u00f3n de voces ind\u00edgenas en las noticias. Estudiantes quechua de doctorado de la Universidad de Texas organizaron un seminario web el 20 de febrero con periodistas ind\u00edgenas y acad\u00e9micos de varias regiones del pa\u00eds.<\/p>\n","protected":false},"author":17,"featured_media":72747,"comment_status":"closed","ping_status":"closed","sticky":false,"template":"","format":"standard","meta":{"inline_featured_image":false,"footnotes":""},"categories":[],"tags":[1490],"coauthors":[],"class_list":["post-72797","post","type-post","status-publish","format-standard","has-post-thumbnail","hentry","tag-concentracion-de-medios-es"],"acf":[],"yoast_head":"<!-- This site is optimized with the Yoast SEO Premium plugin v22.6 (Yoast SEO v27.4) - https:\/\/yoast.com\/product\/yoast-seo-premium-wordpress\/ -->\n<title>Periodistas y acad\u00e9micos quechuas critican la cobertura de las protestas de los principales medios peruanos y alegan prejuicios contra pueblos ind\u00edgenas - LatAm Journalism Review<\/title>\n<meta name=\"description\" content=\"Periodistas y acad\u00e9micos quechuas critican la cobertura de las protestas de los principales medios peruanos y alegan prejuicios contra pueblos ind\u00edgenas . Latin American Journalism Review by The Knight Center at The University of Texas at Austin.\" \/>\n<meta name=\"robots\" content=\"index, follow, max-snippet:-1, max-image-preview:large, max-video-preview:-1\" \/>\n<link rel=\"canonical\" href=\"https:\/\/latamjournalismreview.org\/es\/articles\/periodistas-y-academicos-quechuas-critican-la-cobertura-de-las-protestas-de-los-principales-medios-peruanos-y-alegan-prejuicios-contra-pueblos-indigenas\/\" \/>\n<meta property=\"og:locale\" content=\"es_ES\" \/>\n<meta property=\"og:type\" content=\"article\" \/>\n<meta property=\"og:title\" content=\"Periodistas y acad\u00e9micos quechuas critican la cobertura de las protestas de los principales medios peruanos y alegan prejuicios contra pueblos ind\u00edgenas\" \/>\n<meta property=\"og:description\" content=\"Periodistas y acad\u00e9micos quechuas critican la cobertura de las protestas de los principales medios peruanos y alegan prejuicios contra pueblos ind\u00edgenas . Latin American Journalism Review by The Knight Center at The University of Texas at Austin.\" \/>\n<meta property=\"og:url\" content=\"https:\/\/latamjournalismreview.org\/es\/articles\/periodistas-y-academicos-quechuas-critican-la-cobertura-de-las-protestas-de-los-principales-medios-peruanos-y-alegan-prejuicios-contra-pueblos-indigenas\/\" \/>\n<meta property=\"og:site_name\" content=\"LatAm Journalism Review\" \/>\n<meta property=\"article:published_time\" content=\"2023-03-01T16:38:40+00:00\" \/>\n<meta property=\"article:modified_time\" content=\"2023-03-01T16:55:02+00:00\" \/>\n<meta property=\"og:image\" content=\"https:\/\/latamjournalismreview.org\/wp-content\/uploads\/2023\/02\/Paro_Nacional_28_de_enero_Lima_35.jpg\" \/>\n\t<meta property=\"og:image:width\" content=\"1280\" \/>\n\t<meta property=\"og:image:height\" content=\"782\" \/>\n\t<meta property=\"og:image:type\" content=\"image\/jpeg\" \/>\n<meta name=\"author\" content=\"Guest\" \/>\n<meta name=\"twitter:card\" content=\"summary_large_image\" \/>\n<meta name=\"twitter:creator\" content=\"@LatAmJournalism\" \/>\n<meta name=\"twitter:site\" content=\"@LatAmJournalism\" \/>\n<meta name=\"twitter:label1\" content=\"Written by\" \/>\n\t<meta name=\"twitter:data1\" content=\"Guest\" \/>\n\t<meta name=\"twitter:label2\" content=\"Est. reading time\" \/>\n\t<meta name=\"twitter:data2\" content=\"6 minutos\" \/>\n<script type=\"application\/ld+json\" class=\"yoast-schema-graph\">{\"@context\":\"https:\\\/\\\/schema.org\",\"@graph\":[{\"@type\":\"Article\",\"@id\":\"https:\\\/\\\/latamjournalismreview.org\\\/es\\\/articles\\\/periodistas-y-academicos-quechuas-critican-la-cobertura-de-las-protestas-de-los-principales-medios-peruanos-y-alegan-prejuicios-contra-pueblos-indigenas\\\/#article\",\"isPartOf\":{\"@id\":\"https:\\\/\\\/latamjournalismreview.org\\\/es\\\/articles\\\/periodistas-y-academicos-quechuas-critican-la-cobertura-de-las-protestas-de-los-principales-medios-peruanos-y-alegan-prejuicios-contra-pueblos-indigenas\\\/\"},\"author\":{\"name\":\"Guest\",\"@id\":\"https:\\\/\\\/latamjournalismreview.org\\\/es\\\/#\\\/schema\\\/person\\\/0315202e0b3c0963a2440f1c3012c360\"},\"headline\":\"Periodistas y acad\u00e9micos quechuas critican la cobertura de las protestas de los principales medios peruanos y alegan prejuicios contra pueblos ind\u00edgenas\",\"datePublished\":\"2023-03-01T16:38:40+00:00\",\"dateModified\":\"2023-03-01T16:55:02+00:00\",\"mainEntityOfPage\":{\"@id\":\"https:\\\/\\\/latamjournalismreview.org\\\/es\\\/articles\\\/periodistas-y-academicos-quechuas-critican-la-cobertura-de-las-protestas-de-los-principales-medios-peruanos-y-alegan-prejuicios-contra-pueblos-indigenas\\\/\"},\"wordCount\":1267,\"publisher\":{\"@id\":\"https:\\\/\\\/latamjournalismreview.org\\\/es\\\/#organization\"},\"image\":{\"@id\":\"https:\\\/\\\/latamjournalismreview.org\\\/es\\\/articles\\\/periodistas-y-academicos-quechuas-critican-la-cobertura-de-las-protestas-de-los-principales-medios-peruanos-y-alegan-prejuicios-contra-pueblos-indigenas\\\/#primaryimage\"},\"thumbnailUrl\":\"https:\\\/\\\/latamjournalismreview.org\\\/wp-content\\\/uploads\\\/2023\\\/02\\\/Paro_Nacional_28_de_enero_Lima_35.jpg\",\"keywords\":[\"Concentraci\u00f3n de medios\"],\"inLanguage\":\"es\"},{\"@type\":\"WebPage\",\"@id\":\"https:\\\/\\\/latamjournalismreview.org\\\/es\\\/articles\\\/periodistas-y-academicos-quechuas-critican-la-cobertura-de-las-protestas-de-los-principales-medios-peruanos-y-alegan-prejuicios-contra-pueblos-indigenas\\\/\",\"url\":\"https:\\\/\\\/latamjournalismreview.org\\\/es\\\/articles\\\/periodistas-y-academicos-quechuas-critican-la-cobertura-de-las-protestas-de-los-principales-medios-peruanos-y-alegan-prejuicios-contra-pueblos-indigenas\\\/\",\"name\":\"Periodistas y acad\u00e9micos quechuas critican la cobertura de las protestas de los principales medios peruanos y alegan prejuicios contra pueblos ind\u00edgenas - LatAm Journalism Review\",\"isPartOf\":{\"@id\":\"https:\\\/\\\/latamjournalismreview.org\\\/es\\\/#website\"},\"primaryImageOfPage\":{\"@id\":\"https:\\\/\\\/latamjournalismreview.org\\\/es\\\/articles\\\/periodistas-y-academicos-quechuas-critican-la-cobertura-de-las-protestas-de-los-principales-medios-peruanos-y-alegan-prejuicios-contra-pueblos-indigenas\\\/#primaryimage\"},\"image\":{\"@id\":\"https:\\\/\\\/latamjournalismreview.org\\\/es\\\/articles\\\/periodistas-y-academicos-quechuas-critican-la-cobertura-de-las-protestas-de-los-principales-medios-peruanos-y-alegan-prejuicios-contra-pueblos-indigenas\\\/#primaryimage\"},\"thumbnailUrl\":\"https:\\\/\\\/latamjournalismreview.org\\\/wp-content\\\/uploads\\\/2023\\\/02\\\/Paro_Nacional_28_de_enero_Lima_35.jpg\",\"datePublished\":\"2023-03-01T16:38:40+00:00\",\"dateModified\":\"2023-03-01T16:55:02+00:00\",\"description\":\"Periodistas y acad\u00e9micos quechuas critican la cobertura de las protestas de los principales medios peruanos y alegan prejuicios contra pueblos ind\u00edgenas . Latin American Journalism Review by The Knight Center at The University of Texas at Austin.\",\"breadcrumb\":{\"@id\":\"https:\\\/\\\/latamjournalismreview.org\\\/es\\\/articles\\\/periodistas-y-academicos-quechuas-critican-la-cobertura-de-las-protestas-de-los-principales-medios-peruanos-y-alegan-prejuicios-contra-pueblos-indigenas\\\/#breadcrumb\"},\"inLanguage\":\"es\",\"potentialAction\":[{\"@type\":\"ReadAction\",\"target\":[\"https:\\\/\\\/latamjournalismreview.org\\\/es\\\/articles\\\/periodistas-y-academicos-quechuas-critican-la-cobertura-de-las-protestas-de-los-principales-medios-peruanos-y-alegan-prejuicios-contra-pueblos-indigenas\\\/\"]}]},{\"@type\":\"ImageObject\",\"inLanguage\":\"es\",\"@id\":\"https:\\\/\\\/latamjournalismreview.org\\\/es\\\/articles\\\/periodistas-y-academicos-quechuas-critican-la-cobertura-de-las-protestas-de-los-principales-medios-peruanos-y-alegan-prejuicios-contra-pueblos-indigenas\\\/#primaryimage\",\"url\":\"https:\\\/\\\/latamjournalismreview.org\\\/wp-content\\\/uploads\\\/2023\\\/02\\\/Paro_Nacional_28_de_enero_Lima_35.jpg\",\"contentUrl\":\"https:\\\/\\\/latamjournalismreview.org\\\/wp-content\\\/uploads\\\/2023\\\/02\\\/Paro_Nacional_28_de_enero_Lima_35.jpg\",\"width\":1280,\"height\":782,\"caption\":\"By Candy Sotomayor - Own work, CC BY-SA 4.0, https:\\\/\\\/commons.wikimedia.org\\\/w\\\/index.php?curid=128387100\"},{\"@type\":\"BreadcrumbList\",\"@id\":\"https:\\\/\\\/latamjournalismreview.org\\\/es\\\/articles\\\/periodistas-y-academicos-quechuas-critican-la-cobertura-de-las-protestas-de-los-principales-medios-peruanos-y-alegan-prejuicios-contra-pueblos-indigenas\\\/#breadcrumb\",\"itemListElement\":[{\"@type\":\"ListItem\",\"position\":1,\"name\":\"Home\",\"item\":\"https:\\\/\\\/latamjournalismreview.org\\\/es\\\/\"},{\"@type\":\"ListItem\",\"position\":2,\"name\":\"Periodistas y acad\u00e9micos quechuas critican la cobertura de las protestas de los principales medios peruanos y alegan prejuicios contra pueblos ind\u00edgenas\"}]},{\"@type\":\"WebSite\",\"@id\":\"https:\\\/\\\/latamjournalismreview.org\\\/es\\\/#website\",\"url\":\"https:\\\/\\\/latamjournalismreview.org\\\/es\\\/\",\"name\":\"LatAm Journalism Review\",\"description\":\"Knight Center at The University of Texas\",\"publisher\":{\"@id\":\"https:\\\/\\\/latamjournalismreview.org\\\/es\\\/#organization\"},\"potentialAction\":[{\"@type\":\"SearchAction\",\"target\":{\"@type\":\"EntryPoint\",\"urlTemplate\":\"https:\\\/\\\/latamjournalismreview.org\\\/es\\\/?s={search_term_string}\"},\"query-input\":{\"@type\":\"PropertyValueSpecification\",\"valueRequired\":true,\"valueName\":\"search_term_string\"}}],\"inLanguage\":\"es\"},{\"@type\":\"Organization\",\"@id\":\"https:\\\/\\\/latamjournalismreview.org\\\/es\\\/#organization\",\"name\":\"LatAm Journalism Review\",\"url\":\"https:\\\/\\\/latamjournalismreview.org\\\/es\\\/\",\"logo\":{\"@type\":\"ImageObject\",\"inLanguage\":\"es\",\"@id\":\"https:\\\/\\\/latamjournalismreview.org\\\/es\\\/#\\\/schema\\\/logo\\\/image\\\/\",\"url\":\"https:\\\/\\\/latamjournalismreview.org\\\/wp-content\\\/uploads\\\/2020\\\/05\\\/knight-latAm-review-logo.svg\",\"contentUrl\":\"https:\\\/\\\/latamjournalismreview.org\\\/wp-content\\\/uploads\\\/2020\\\/05\\\/knight-latAm-review-logo.svg\",\"width\":\"1024\",\"height\":\"1024\",\"caption\":\"LatAm Journalism Review\"},\"image\":{\"@id\":\"https:\\\/\\\/latamjournalismreview.org\\\/es\\\/#\\\/schema\\\/logo\\\/image\\\/\"},\"sameAs\":[\"https:\\\/\\\/x.com\\\/LatAmJournalism\"]},{\"@type\":\"Person\",\"@id\":\"https:\\\/\\\/latamjournalismreview.org\\\/es\\\/#\\\/schema\\\/person\\\/0315202e0b3c0963a2440f1c3012c360\",\"name\":\"Guest\",\"url\":\"https:\\\/\\\/latamjournalismreview.org\\\/es\\\/articles\\\/author\\\/guest\\\/\"}]}<\/script>\n<!-- \/ Yoast SEO Premium plugin. -->","yoast_head_json":{"title":"Periodistas y acad\u00e9micos quechuas critican la cobertura de las protestas de los principales medios peruanos y alegan prejuicios contra pueblos ind\u00edgenas - LatAm Journalism Review","description":"Periodistas y acad\u00e9micos quechuas critican la cobertura de las protestas de los principales medios peruanos y alegan prejuicios contra pueblos ind\u00edgenas . Latin American Journalism Review by The Knight Center at The University of Texas at Austin.","robots":{"index":"index","follow":"follow","max-snippet":"max-snippet:-1","max-image-preview":"max-image-preview:large","max-video-preview":"max-video-preview:-1"},"canonical":"https:\/\/latamjournalismreview.org\/es\/articles\/periodistas-y-academicos-quechuas-critican-la-cobertura-de-las-protestas-de-los-principales-medios-peruanos-y-alegan-prejuicios-contra-pueblos-indigenas\/","og_locale":"es_ES","og_type":"article","og_title":"Periodistas y acad\u00e9micos quechuas critican la cobertura de las protestas de los principales medios peruanos y alegan prejuicios contra pueblos ind\u00edgenas","og_description":"Periodistas y acad\u00e9micos quechuas critican la cobertura de las protestas de los principales medios peruanos y alegan prejuicios contra pueblos ind\u00edgenas . Latin American Journalism Review by The Knight Center at The University of Texas at Austin.","og_url":"https:\/\/latamjournalismreview.org\/es\/articles\/periodistas-y-academicos-quechuas-critican-la-cobertura-de-las-protestas-de-los-principales-medios-peruanos-y-alegan-prejuicios-contra-pueblos-indigenas\/","og_site_name":"LatAm Journalism Review","article_published_time":"2023-03-01T16:38:40+00:00","article_modified_time":"2023-03-01T16:55:02+00:00","og_image":[{"width":1280,"height":782,"url":"https:\/\/latamjournalismreview.org\/wp-content\/uploads\/2023\/02\/Paro_Nacional_28_de_enero_Lima_35.jpg","type":"image\/jpeg"}],"author":"Guest","twitter_card":"summary_large_image","twitter_creator":"@LatAmJournalism","twitter_site":"@LatAmJournalism","twitter_misc":{"Written by":"Guest","Est. reading time":"6 minutos"},"schema":{"@context":"https:\/\/schema.org","@graph":[{"@type":"Article","@id":"https:\/\/latamjournalismreview.org\/es\/articles\/periodistas-y-academicos-quechuas-critican-la-cobertura-de-las-protestas-de-los-principales-medios-peruanos-y-alegan-prejuicios-contra-pueblos-indigenas\/#article","isPartOf":{"@id":"https:\/\/latamjournalismreview.org\/es\/articles\/periodistas-y-academicos-quechuas-critican-la-cobertura-de-las-protestas-de-los-principales-medios-peruanos-y-alegan-prejuicios-contra-pueblos-indigenas\/"},"author":{"name":"Guest","@id":"https:\/\/latamjournalismreview.org\/es\/#\/schema\/person\/0315202e0b3c0963a2440f1c3012c360"},"headline":"Periodistas y acad\u00e9micos quechuas critican la cobertura de las protestas de los principales medios peruanos y alegan prejuicios contra pueblos ind\u00edgenas","datePublished":"2023-03-01T16:38:40+00:00","dateModified":"2023-03-01T16:55:02+00:00","mainEntityOfPage":{"@id":"https:\/\/latamjournalismreview.org\/es\/articles\/periodistas-y-academicos-quechuas-critican-la-cobertura-de-las-protestas-de-los-principales-medios-peruanos-y-alegan-prejuicios-contra-pueblos-indigenas\/"},"wordCount":1267,"publisher":{"@id":"https:\/\/latamjournalismreview.org\/es\/#organization"},"image":{"@id":"https:\/\/latamjournalismreview.org\/es\/articles\/periodistas-y-academicos-quechuas-critican-la-cobertura-de-las-protestas-de-los-principales-medios-peruanos-y-alegan-prejuicios-contra-pueblos-indigenas\/#primaryimage"},"thumbnailUrl":"https:\/\/latamjournalismreview.org\/wp-content\/uploads\/2023\/02\/Paro_Nacional_28_de_enero_Lima_35.jpg","keywords":["Concentraci\u00f3n de medios"],"inLanguage":"es"},{"@type":"WebPage","@id":"https:\/\/latamjournalismreview.org\/es\/articles\/periodistas-y-academicos-quechuas-critican-la-cobertura-de-las-protestas-de-los-principales-medios-peruanos-y-alegan-prejuicios-contra-pueblos-indigenas\/","url":"https:\/\/latamjournalismreview.org\/es\/articles\/periodistas-y-academicos-quechuas-critican-la-cobertura-de-las-protestas-de-los-principales-medios-peruanos-y-alegan-prejuicios-contra-pueblos-indigenas\/","name":"Periodistas y acad\u00e9micos quechuas critican la cobertura de las protestas de los principales medios peruanos y alegan prejuicios contra pueblos ind\u00edgenas - LatAm Journalism Review","isPartOf":{"@id":"https:\/\/latamjournalismreview.org\/es\/#website"},"primaryImageOfPage":{"@id":"https:\/\/latamjournalismreview.org\/es\/articles\/periodistas-y-academicos-quechuas-critican-la-cobertura-de-las-protestas-de-los-principales-medios-peruanos-y-alegan-prejuicios-contra-pueblos-indigenas\/#primaryimage"},"image":{"@id":"https:\/\/latamjournalismreview.org\/es\/articles\/periodistas-y-academicos-quechuas-critican-la-cobertura-de-las-protestas-de-los-principales-medios-peruanos-y-alegan-prejuicios-contra-pueblos-indigenas\/#primaryimage"},"thumbnailUrl":"https:\/\/latamjournalismreview.org\/wp-content\/uploads\/2023\/02\/Paro_Nacional_28_de_enero_Lima_35.jpg","datePublished":"2023-03-01T16:38:40+00:00","dateModified":"2023-03-01T16:55:02+00:00","description":"Periodistas y acad\u00e9micos quechuas critican la cobertura de las protestas de los principales medios peruanos y alegan prejuicios contra pueblos ind\u00edgenas . Latin American Journalism Review by The Knight Center at The University of Texas at Austin.","breadcrumb":{"@id":"https:\/\/latamjournalismreview.org\/es\/articles\/periodistas-y-academicos-quechuas-critican-la-cobertura-de-las-protestas-de-los-principales-medios-peruanos-y-alegan-prejuicios-contra-pueblos-indigenas\/#breadcrumb"},"inLanguage":"es","potentialAction":[{"@type":"ReadAction","target":["https:\/\/latamjournalismreview.org\/es\/articles\/periodistas-y-academicos-quechuas-critican-la-cobertura-de-las-protestas-de-los-principales-medios-peruanos-y-alegan-prejuicios-contra-pueblos-indigenas\/"]}]},{"@type":"ImageObject","inLanguage":"es","@id":"https:\/\/latamjournalismreview.org\/es\/articles\/periodistas-y-academicos-quechuas-critican-la-cobertura-de-las-protestas-de-los-principales-medios-peruanos-y-alegan-prejuicios-contra-pueblos-indigenas\/#primaryimage","url":"https:\/\/latamjournalismreview.org\/wp-content\/uploads\/2023\/02\/Paro_Nacional_28_de_enero_Lima_35.jpg","contentUrl":"https:\/\/latamjournalismreview.org\/wp-content\/uploads\/2023\/02\/Paro_Nacional_28_de_enero_Lima_35.jpg","width":1280,"height":782,"caption":"By Candy Sotomayor - Own work, CC BY-SA 4.0, https:\/\/commons.wikimedia.org\/w\/index.php?curid=128387100"},{"@type":"BreadcrumbList","@id":"https:\/\/latamjournalismreview.org\/es\/articles\/periodistas-y-academicos-quechuas-critican-la-cobertura-de-las-protestas-de-los-principales-medios-peruanos-y-alegan-prejuicios-contra-pueblos-indigenas\/#breadcrumb","itemListElement":[{"@type":"ListItem","position":1,"name":"Home","item":"https:\/\/latamjournalismreview.org\/es\/"},{"@type":"ListItem","position":2,"name":"Periodistas y acad\u00e9micos quechuas critican la cobertura de las protestas de los principales medios peruanos y alegan prejuicios contra pueblos ind\u00edgenas"}]},{"@type":"WebSite","@id":"https:\/\/latamjournalismreview.org\/es\/#website","url":"https:\/\/latamjournalismreview.org\/es\/","name":"LatAm Journalism Review","description":"Knight Center at The University of Texas","publisher":{"@id":"https:\/\/latamjournalismreview.org\/es\/#organization"},"potentialAction":[{"@type":"SearchAction","target":{"@type":"EntryPoint","urlTemplate":"https:\/\/latamjournalismreview.org\/es\/?s={search_term_string}"},"query-input":{"@type":"PropertyValueSpecification","valueRequired":true,"valueName":"search_term_string"}}],"inLanguage":"es"},{"@type":"Organization","@id":"https:\/\/latamjournalismreview.org\/es\/#organization","name":"LatAm Journalism Review","url":"https:\/\/latamjournalismreview.org\/es\/","logo":{"@type":"ImageObject","inLanguage":"es","@id":"https:\/\/latamjournalismreview.org\/es\/#\/schema\/logo\/image\/","url":"https:\/\/latamjournalismreview.org\/wp-content\/uploads\/2020\/05\/knight-latAm-review-logo.svg","contentUrl":"https:\/\/latamjournalismreview.org\/wp-content\/uploads\/2020\/05\/knight-latAm-review-logo.svg","width":"1024","height":"1024","caption":"LatAm Journalism Review"},"image":{"@id":"https:\/\/latamjournalismreview.org\/es\/#\/schema\/logo\/image\/"},"sameAs":["https:\/\/x.com\/LatAmJournalism"]},{"@type":"Person","@id":"https:\/\/latamjournalismreview.org\/es\/#\/schema\/person\/0315202e0b3c0963a2440f1c3012c360","name":"Guest","url":"https:\/\/latamjournalismreview.org\/es\/articles\/author\/guest\/"}]}},"_links":{"self":[{"href":"https:\/\/latamjournalismreview.org\/es\/wp-json\/wp\/v2\/posts\/72797","targetHints":{"allow":["GET"]}}],"collection":[{"href":"https:\/\/latamjournalismreview.org\/es\/wp-json\/wp\/v2\/posts"}],"about":[{"href":"https:\/\/latamjournalismreview.org\/es\/wp-json\/wp\/v2\/types\/post"}],"author":[{"embeddable":true,"href":"https:\/\/latamjournalismreview.org\/es\/wp-json\/wp\/v2\/users\/17"}],"replies":[{"embeddable":true,"href":"https:\/\/latamjournalismreview.org\/es\/wp-json\/wp\/v2\/comments?post=72797"}],"version-history":[{"count":6,"href":"https:\/\/latamjournalismreview.org\/es\/wp-json\/wp\/v2\/posts\/72797\/revisions"}],"predecessor-version":[{"id":72806,"href":"https:\/\/latamjournalismreview.org\/es\/wp-json\/wp\/v2\/posts\/72797\/revisions\/72806"}],"wp:featuredmedia":[{"embeddable":true,"href":"https:\/\/latamjournalismreview.org\/es\/wp-json\/wp\/v2\/media\/72747"}],"wp:attachment":[{"href":"https:\/\/latamjournalismreview.org\/es\/wp-json\/wp\/v2\/media?parent=72797"}],"wp:term":[{"taxonomy":"category","embeddable":true,"href":"https:\/\/latamjournalismreview.org\/es\/wp-json\/wp\/v2\/categories?post=72797"},{"taxonomy":"post_tag","embeddable":true,"href":"https:\/\/latamjournalismreview.org\/es\/wp-json\/wp\/v2\/tags?post=72797"},{"taxonomy":"author","embeddable":true,"href":"https:\/\/latamjournalismreview.org\/es\/wp-json\/wp\/v2\/coauthors?post=72797"}],"curies":[{"name":"wp","href":"https:\/\/api.w.org\/{rel}","templated":true}]}}