{"id":73030,"date":"2023-03-08T09:18:48","date_gmt":"2023-03-08T15:18:48","guid":{"rendered":"https:\/\/latamjournalismreview.org\/?p=73030"},"modified":"2023-03-15T17:14:01","modified_gmt":"2023-03-15T22:14:01","slug":"pretendemos-dejar-muy-claro-que-es-periodismo-publico-y-que-es-informacion-gubernamental-dijo-helio-doyle-presidente-de-la-empresa-publica-de-comunicacion-ebc-de-brasil","status":"publish","type":"post","link":"https:\/\/latamjournalismreview.org\/es\/articles\/pretendemos-dejar-muy-claro-que-es-periodismo-publico-y-que-es-informacion-gubernamental-dijo-helio-doyle-presidente-de-la-empresa-publica-de-comunicacion-ebc-de-brasil\/","title":{"rendered":"\u201cPretendemos dejar muy claro qu\u00e9 es periodismo p\u00fablico y qu\u00e9 es informaci\u00f3n gubernamental\u201d: H\u00e9lio Doyle, presidente de la Empresa P\u00fablica de Comunicaci\u00f3n (EBC) de Brasil"},"content":{"rendered":"<p><span style=\"font-weight: 400;\">La reconstrucci\u00f3n de la <\/span><a href=\"https:\/\/www.ebc.com.br\/\" target=\"_blank\" rel=\"noopener\"><span style=\"font-weight: 400;\">Empresa P\u00fablica de Comunicaci\u00f3n de Brasil<\/span><\/a><span style=\"font-weight: 400;\"> (EBC, por sus siglas en portugu\u00e9s) es una de las promesas del actual gobierno de Luiz In\u00e1cio Lula da Silva, que cre\u00f3 la empresa estatal durante su segundo mandato, en 2008. Nombrado presidente de la EBC el 13 de febrero, el periodista H\u00e9lio Doyle fue asignado para liderar la reconstrucci\u00f3n de la empresa responsable de la comunicaci\u00f3n p\u00fablica en el pa\u00eds, despu\u00e9s de seis a\u00f1os de su desmantelamiento y censura bajo los gobiernos de Michel Temer (2016-2018) y Jair Bolsonaro (2019-2022).<\/span><\/p>\n<p><span style=\"font-weight: 400;\">\u201cLa EBC es una empresa estatal, pero su foco es la comunicaci\u00f3n p\u00fablica, y eso es lo que queremos: Producir una comunicaci\u00f3n imparcial, de calidad, independiente del gobierno. Y el periodismo ser\u00e1 naturalmente un buque insignia en este sentido\u201d, declar\u00f3 Doyle a <strong>LatAm Journalism Review (LJR)<\/strong>.<\/span><\/p>\n<p><span style=\"font-weight: 400;\">La EBC gestiona emisoras federales de radio y televisi\u00f3n y una agencia de noticias en l\u00ednea, <\/span><a href=\"https:\/\/agenciabrasil.ebc.com.br\/\" target=\"_blank\" rel=\"noopener\"><span style=\"font-weight: 400;\">Ag\u00eancia Brasil<\/span><\/a><span style=\"font-weight: 400;\">. Seg\u00fan Doyle, la prioridad de la nueva direcci\u00f3n ser\u00e1 restablecer la separaci\u00f3n entre la comunicaci\u00f3n p\u00fablica y la gubernamental.<\/span><\/p>\n<div id=\"attachment_73027\" style=\"width: 410px\" class=\"wp-caption alignright\"><img loading=\"lazy\" decoding=\"async\" aria-describedby=\"caption-attachment-73027\" class=\"wp-image-73027\" src=\"https:\/\/latamjournalismreview.org\/wp-content\/uploads\/2023\/03\/Featured-Helio-Doyle-EBC_JoedsonAlvesAgenciaBrasil-300x201.png\" alt=\"Man in a TV studio\" width=\"400\" height=\"268\" srcset=\"https:\/\/latamjournalismreview.org\/wp-content\/uploads\/2023\/03\/Featured-Helio-Doyle-EBC_JoedsonAlvesAgenciaBrasil-300x201.png 300w, https:\/\/latamjournalismreview.org\/wp-content\/uploads\/2023\/03\/Featured-Helio-Doyle-EBC_JoedsonAlvesAgenciaBrasil.png 507w, https:\/\/latamjournalismreview.org\/wp-content\/uploads\/2023\/03\/Featured-Helio-Doyle-EBC_JoedsonAlvesAgenciaBrasil-350x234.png 350w\" sizes=\"auto, (max-width: 400px) 100vw, 400px\" \/><p id=\"caption-attachment-73027\" class=\"wp-caption-text\">H\u00e9lio Doyle, actual presidente de la EBC. (Foto: Joedson Alves\/Ag\u00eancia Brasil)<\/p><\/div>\n<p><span style=\"font-weight: 400;\">\u201cVemos la EBC como el gran instrumento que tenemos para producir una comunicaci\u00f3n p\u00fablica de calidad, que realmente llegue a la gente, que preste un servicio p\u00fablico. En el caso del periodismo, pretendemos dejar muy claro qu\u00e9 es periodismo p\u00fablico y qu\u00e9 es informaci\u00f3n gubernamental\u201d, dijo. Para ello, se separar\u00e1n los canales de la empresa dedicados a la comunicaci\u00f3n p\u00fablica y a la comunicaci\u00f3n gubernamental, explic\u00f3.\u00a0<\/span><\/p>\n<p><span style=\"font-weight: 400;\">En abril de 2019, el gobierno de Bolsonaro fusion\u00f3 los dos canales de TV EBC: TV Brasil, el p\u00fablico, y TV NBr, dedicado a la comunicaci\u00f3n gubernamental. El efecto de esta medida fue el secuestro de la comunicaci\u00f3n p\u00fablica por la comunicaci\u00f3n gubernamental, con frecuentes interrupciones de la programaci\u00f3n de la TV p\u00fablica para emitir eventos gubernamentales en los que aparec\u00eda Bolsonaro. Estas inserciones ocuparon casi 193 horas de TV Brasil entre agosto de 2021 y julio de 2022, seg\u00fan el <\/span><a href=\"https:\/\/fenaj.org.br\/wp-content\/uploads\/2022\/09\/Dossie-Censura-e-Governismo-EBC-4a-Edicao-FINAL.pdf\" target=\"_blank\" rel=\"noopener\"><span style=\"font-weight: 400;\">4\u00ba Dossier sobre Censura y Gobiernismo en la EBC<\/span><\/a><span style=\"font-weight: 400;\">, realizado por la Comisi\u00f3n de Empleados de la EBC y por los Sindicatos de Periodistas y Radiodifusores del Distrito Federal, R\u00edo de Janeiro y S\u00e3o Paulo.<\/span><\/p>\n<p><span style=\"font-weight: 400;\">Adem\u00e1s, la cobertura ben\u00e9vola de los actos del gobierno y las entrevistas amistosas con los entonces ministros y otras autoridades gubernamentales en los programas de TV Brasil se han convertido en la regla, seg\u00fan un<\/span> <a href=\"https:\/\/piaui.folha.uol.com.br\/materia\/irruuuu\/\" target=\"_blank\" rel=\"noopener\"><span style=\"font-weight: 400;\">reportaje de la revista Piau\u00ed<\/span><\/a><span style=\"font-weight: 400;\">\u00a0publicado en mayo de 2022.<\/span><\/p>\n<p><span style=\"font-weight: 400;\">En el actual gobierno, la <\/span><a href=\"https:\/\/ouvidoriacidadaebc.org\/\" target=\"_blank\" rel=\"noopener\"><span style=\"font-weight: 400;\">Defensor\u00eda del Ciudadano de la EBC<\/span><\/a><span style=\"font-weight: 400;\">, un grupo formado en 2020 por empleados y simpatizantes de la empresa estatal dedicado a analizar el contenido emitido por los canales de la compa\u00f1\u00eda, registr\u00f3 que <\/span><a href=\"https:\/\/ouvidoriacidadaebc.org\/cade-a-separacao-da-tv-brasil-publica-da-tv-governamental\/\" target=\"_blank\" rel=\"noopener\"><span style=\"font-weight: 400;\">en m\u00e1s de una ocasi\u00f3n en enero<\/span><\/a><span style=\"font-weight: 400;\"> la programaci\u00f3n de TV Brasil fue interrumpida para transmitir eventos protagonizados por el presidente Lula.\u00a0<\/span><\/p>\n<p><span style=\"font-weight: 400;\">\u201cA partir del momento en que tengamos dos canales activos, claramente identificados como TV p\u00fablica y TV gubernamental, esto no ocurrir\u00e1 m\u00e1s\u201d, dijo Doyle, a\u00f1adiendo que estos episodios tuvieron lugar antes de su nombramiento como presidente de la EBC.<\/span><\/p>\n<p><span style=\"font-weight: 400;\">\u201cLo que todav\u00eda ocurre, mientras no hayamos implantado el nuevo sistema, es que en algunas circunstancias muy especiales la programaci\u00f3n de TV Brasil puede ser interrumpida por una informaci\u00f3n importante del gobierno o una declaraci\u00f3n del presidente. Pero no como se hac\u00eda [en enero]. Ser\u00eda programado, o el\u00a0 telespectador ser\u00eda avisado de que eso va a ocurrir y que la programaci\u00f3n se reanudar\u00eda poco despu\u00e9s. Pero cada vez ocurre menos. Lo evitamos en la medida de lo posible. Y no ser\u00e1 as\u00ed en el futuro. Ahora bien, no podemos hacer estos cambios de la noche a la ma\u00f1ana. Estamos trabajando en ello y puede que todav\u00eda se produzcan algunos ruidos\u201d, justific\u00f3.<\/span><\/p>\n<p><span style=\"font-weight: 400;\">La nueva direcci\u00f3n de la EBC trabaja actualmente en nuevas parrillas de programaci\u00f3n para la TV p\u00fablica y la TV gubernamental. Tambi\u00e9n est\u00e1 debatiendo nuevos nombres e identidades visuales para los dos canales, dijo Doyle. La previsi\u00f3n, seg\u00fan \u00e9l, es que los cambios que explican la divisi\u00f3n entre las dos modalidades de comunicaci\u00f3n producidas por la EBC en TV, radio y Ag\u00eancia Brasil salgan al aire entre la segunda quincena de abril y la segunda quincena de mayo.<\/span><\/p>\n<p>&nbsp;<\/p>\n<h3><span style=\"font-weight: 400;\">\u201cSin censura ni temas prohibidos\u201d<\/span><\/h3>\n<p><span style=\"font-weight: 400;\">Doyle es un periodista que comenz\u00f3 su carrera en 1967, seg\u00fan la p\u00e1gina web de Jota. Ha trabajado en medios nacionales y regionales como Correio Braziliense, O Estado de S. Paulo, Folha de S. Paulo, Rede Globo, Veja, Isto\u00c9 y Jornal do Brasil, entre otros. Tambi\u00e9n fue profesor de un curso de Comunicaci\u00f3n en la Universidad de Brasilia (UnB) y ocup\u00f3 varios cargos p\u00fablicos, especialmente en el gobierno del Distrito Federal, en Brasilia, donde fue Secretario de Gobierno, de la Casa Civil y del Gabinete de Articulaci\u00f3n Institucional.<\/span><\/p>\n<p><span style=\"font-weight: 400;\">Seg\u00fan \u00e9l, el periodismo de los canales p\u00fablicos de la EBC se dedicar\u00e1 a \u201cabordar principalmente los temas m\u00e1s acuciantes de la sociedad actual y que no cubren en la misma medida las cadenas privadas\u201d. Dijo que \u201cqueremos tratar temas de actualidad como el medio ambiente, la ciencia y la tecnolog\u00eda, la diversidad, los derechos humanos, los derechos de las minor\u00edas, la educaci\u00f3n y la salud. Son temas que consideramos que forman parte de la lista de preocupaciones de la comunicaci\u00f3n p\u00fablica\u201d, dijo.<\/span><\/p>\n<p><span style=\"font-weight: 400;\">Sin embargo, en los canales gubernamentales, \u201cel periodismo que pretendemos hacer es tambi\u00e9n periodismo serio\u201d, dijo, citando a la <a href=\"https:\/\/www.agenciabrasilia.df.gov.br\/\" target=\"_blank\" rel=\"noopener\">Ag\u00eancia Bras\u00edlia<\/a>, creada cuando \u00e9l era secretario jefe de la Casa Civil del gobierno del Distrito Federal.\u00a0<\/span><\/p>\n<p><span style=\"font-weight: 400;\">\u201cUna agencia de informaci\u00f3n gubernamental no es una agencia de publicidad. Es una agencia period\u00edstica, que proporciona informaci\u00f3n dentro de los c\u00e1nones del periodismo para que sea accesible a cualquier persona y por peri\u00f3dicos, revistas, televisi\u00f3n, radio, blogs, sitios web, etc. Por tanto, tiene que ser verdad. No es propaganda, es periodismo\u201d, subray\u00f3, citando como ejemplo la necesidad de comprobar los hechos de un anuncio gubernamental.<\/span><\/p>\n<p><span style=\"font-weight: 400;\">\u201cPor ejemplo: un ministro quiere hacer p\u00fablico un programa que seg\u00fan el ministerio beneficiar\u00e1 a X millones de personas, utilizando tantos recursos. Si queremos hacer periodismo, tenemos que comprobar esta informaci\u00f3n, aunque provenga de una agencia gubernamental: \u2018\u00bfEs esto realmente cierto? \u00bfRealmente este programa va a beneficiar a tantos millones de personas? \u00bfEs el presupuesto de este programa el que se anuncia o se trata de una proyecci\u00f3n para dentro de cinco a\u00f1os?\u2019. El periodista no puede limitarse a transmitir una informaci\u00f3n, aunque proceda de un canal gubernamental. Tiene que comprobar la informaci\u00f3n\u201d, dijo.<\/span><\/p>\n<p><span style=\"font-weight: 400;\">Esta separaci\u00f3n entre periodismo p\u00fablico y periodismo gubernamental se producir\u00e1 tambi\u00e9n en la nueva estructura de la empresa, que deber\u00eda entrar en vigor entre finales de marzo y principios de abril, seg\u00fan \u00e9l.\u00a0<\/span><\/p>\n<p><span style=\"font-weight: 400;\">\u201cEn la nueva estructura, el Departamento de Periodismo dejar\u00e1 de existir. Tendremos un Departamento de Comunicaci\u00f3n P\u00fablica y un Departamento de Servicios de Comunicaci\u00f3n. Fl\u00e1via [Filipini, actual consejera jefe de la EBC] ser\u00e1 la directora de Servicios de Comunicaci\u00f3n, que ser\u00e1 la rama gubernamental de la EBC, y el Departamento de Comunicaci\u00f3n P\u00fablica tendr\u00e1 un director ejecutivo de periodismo. As\u00ed que el periodismo se dividir\u00e1 en dos: habr\u00e1 periodismo en la comunicaci\u00f3n p\u00fablica y habr\u00e1 periodismo en la comunicaci\u00f3n gubernamental\u201d, explic\u00f3.<\/span><\/p>\n<p><span style=\"font-weight: 400;\">Una de las cuestiones m\u00e1s graves relativas al periodismo producido por la EBC bajo el gobierno Bolsonaro fueron los centenares de denuncias de censura por parte de los periodistas de la empresa. El 4\u00ba Dossier sobre Censura y Gobiernismo en la EBC contabiliz\u00f3 292 casos de censura y gobiernismo - la imposici\u00f3n de la perspectiva del gobierno - en los medios de la empresa entre agosto de 2021 y julio de 2022.\u00a0<\/span><\/p>\n<p><span style=\"font-weight: 400;\">Sobre esta situaci\u00f3n, Doyle dijo que \u201cel pasado ya pas\u00f3, y hay un nuevo presidente [en Brasil] y un nuevo consejo de administraci\u00f3n en la EBC\u201d. \u201cEs obvio que no hay censura ni tema prohibido. Cada caso es evaluado editorialmente por la redacci\u00f3n\u201d de cada medio, asegur\u00f3.<\/span><\/p>\n<p><span style=\"font-weight: 400;\">\u201cPoco a poco iremos definiendo una l\u00ednea editorial, ya que cada medio de comunicaci\u00f3n tiene su propia l\u00ednea editorial. La redacci\u00f3n es un proceso de selecci\u00f3n. Es imposible informar de todo lo que ocurre. Lo que vamos a establecer son criterios claros en esa l\u00ednea editorial, en el proceso de edici\u00f3n. Nunca tendremos censura ni temas prohibidos. Obviamente, seguiremos principios b\u00e1sicos de ciudadan\u00eda. Pero, en cuanto a algunas nubes que a veces se ponen, algunos matices, los iremos definiendo con el tiempo\u201d, dijo.<\/span><\/p>\n","protected":false},"excerpt":{"rendered":"<p>El periodista H\u00e9lio Doyle ha sido nombrado para liderar la reconstrucci\u00f3n de la Empresa P\u00fablica de Comunicaci\u00f3n de Brasil (EBC, por sus siglas en portugu\u00e9s) tras seis a\u00f1os de abandono y censura bajo los gobiernos de Michel Temer y Jair Bolsonaro. Doyle habl\u00f3 sobre c\u00f3mo el periodismo ser\u00e1 \u201cun buque insignia\u201d en la comunicaci\u00f3n p\u00fablica hecha por la empresa estatal.<\/p>\n","protected":false},"author":16,"featured_media":73027,"comment_status":"closed","ping_status":"closed","sticky":false,"template":"","format":"standard","meta":{"inline_featured_image":false,"footnotes":""},"categories":[1227,1220],"tags":[],"coauthors":[],"class_list":["post-73030","post","type-post","status-publish","format-standard","has-post-thumbnail","hentry","category-acceso-a-la-informacion-es","category-libertad-de-prensa-es"],"acf":[],"yoast_head":"<!-- This site is optimized with the Yoast SEO Premium plugin v22.6 (Yoast SEO v27.4) - https:\/\/yoast.com\/product\/yoast-seo-premium-wordpress\/ -->\n<title>\u201cPretendemos dejar muy claro qu\u00e9 es periodismo p\u00fablico y qu\u00e9 es informaci\u00f3n gubernamental\u201d: H\u00e9lio Doyle, presidente de la Empresa P\u00fablica de Comunicaci\u00f3n (EBC) de Brasil - LatAm Journalism Review<\/title>\n<meta name=\"description\" content=\"\u201cPretendemos dejar muy claro qu\u00e9 es periodismo p\u00fablico y qu\u00e9 es informaci\u00f3n gubernamental\u201d: H\u00e9lio Doyle, presidente de la Empresa P\u00fablica de Comunicaci\u00f3n (EBC) de Brasil Libertad de prensa. Latin American Journalism Review by The Knight Center at The University of Texas at Austin.\" \/>\n<meta name=\"robots\" content=\"index, follow, max-snippet:-1, max-image-preview:large, max-video-preview:-1\" \/>\n<link rel=\"canonical\" href=\"https:\/\/latamjournalismreview.org\/es\/articles\/pretendemos-dejar-muy-claro-que-es-periodismo-publico-y-que-es-informacion-gubernamental-dijo-helio-doyle-presidente-de-la-empresa-publica-de-comunicacion-ebc-de-brasil\/\" \/>\n<meta property=\"og:locale\" content=\"es_ES\" \/>\n<meta property=\"og:type\" content=\"article\" \/>\n<meta property=\"og:title\" content=\"\u201cPretendemos dejar muy claro qu\u00e9 es periodismo p\u00fablico y qu\u00e9 es informaci\u00f3n gubernamental\u201d: H\u00e9lio Doyle, presidente de la Empresa P\u00fablica de Comunicaci\u00f3n (EBC) de Brasil\" \/>\n<meta property=\"og:description\" content=\"\u201cPretendemos dejar muy claro qu\u00e9 es periodismo p\u00fablico y qu\u00e9 es informaci\u00f3n gubernamental\u201d: H\u00e9lio Doyle, presidente de la Empresa P\u00fablica de Comunicaci\u00f3n (EBC) de Brasil Libertad de prensa. Latin American Journalism Review by The Knight Center at The University of Texas at Austin.\" \/>\n<meta property=\"og:url\" content=\"https:\/\/latamjournalismreview.org\/es\/articles\/pretendemos-dejar-muy-claro-que-es-periodismo-publico-y-que-es-informacion-gubernamental-dijo-helio-doyle-presidente-de-la-empresa-publica-de-comunicacion-ebc-de-brasil\/\" \/>\n<meta property=\"og:site_name\" content=\"LatAm Journalism Review\" \/>\n<meta property=\"article:published_time\" content=\"2023-03-08T15:18:48+00:00\" \/>\n<meta property=\"article:modified_time\" content=\"2023-03-15T22:14:01+00:00\" \/>\n<meta property=\"og:image\" content=\"https:\/\/latamjournalismreview.org\/wp-content\/uploads\/2023\/03\/Featured-Helio-Doyle-EBC_JoedsonAlvesAgenciaBrasil.png\" \/>\n\t<meta property=\"og:image:width\" content=\"507\" \/>\n\t<meta property=\"og:image:height\" content=\"340\" \/>\n\t<meta property=\"og:image:type\" content=\"image\/png\" \/>\n<meta name=\"author\" content=\"Carolina de Assis\" \/>\n<meta name=\"twitter:card\" content=\"summary_large_image\" \/>\n<meta name=\"twitter:creator\" content=\"@LatAmJournalism\" \/>\n<meta name=\"twitter:site\" content=\"@LatAmJournalism\" \/>\n<meta name=\"twitter:label1\" content=\"Written by\" \/>\n\t<meta name=\"twitter:data1\" content=\"Carolina de Assis\" \/>\n\t<meta name=\"twitter:label2\" content=\"Est. reading time\" \/>\n\t<meta name=\"twitter:data2\" content=\"8 minutos\" \/>\n<script type=\"application\/ld+json\" class=\"yoast-schema-graph\">{\"@context\":\"https:\\\/\\\/schema.org\",\"@graph\":[{\"@type\":\"Article\",\"@id\":\"https:\\\/\\\/latamjournalismreview.org\\\/es\\\/articles\\\/pretendemos-dejar-muy-claro-que-es-periodismo-publico-y-que-es-informacion-gubernamental-dijo-helio-doyle-presidente-de-la-empresa-publica-de-comunicacion-ebc-de-brasil\\\/#article\",\"isPartOf\":{\"@id\":\"https:\\\/\\\/latamjournalismreview.org\\\/es\\\/articles\\\/pretendemos-dejar-muy-claro-que-es-periodismo-publico-y-que-es-informacion-gubernamental-dijo-helio-doyle-presidente-de-la-empresa-publica-de-comunicacion-ebc-de-brasil\\\/\"},\"author\":{\"name\":\"Carolina de Assis\",\"@id\":\"https:\\\/\\\/latamjournalismreview.org\\\/es\\\/#\\\/schema\\\/person\\\/f98b544e2f231a237f39a56cc9a00a9a\"},\"headline\":\"\u201cPretendemos dejar muy claro qu\u00e9 es periodismo p\u00fablico y qu\u00e9 es informaci\u00f3n gubernamental\u201d: H\u00e9lio Doyle, presidente de la Empresa P\u00fablica de Comunicaci\u00f3n (EBC) de Brasil\",\"datePublished\":\"2023-03-08T15:18:48+00:00\",\"dateModified\":\"2023-03-15T22:14:01+00:00\",\"mainEntityOfPage\":{\"@id\":\"https:\\\/\\\/latamjournalismreview.org\\\/es\\\/articles\\\/pretendemos-dejar-muy-claro-que-es-periodismo-publico-y-que-es-informacion-gubernamental-dijo-helio-doyle-presidente-de-la-empresa-publica-de-comunicacion-ebc-de-brasil\\\/\"},\"wordCount\":1550,\"publisher\":{\"@id\":\"https:\\\/\\\/latamjournalismreview.org\\\/es\\\/#organization\"},\"image\":{\"@id\":\"https:\\\/\\\/latamjournalismreview.org\\\/es\\\/articles\\\/pretendemos-dejar-muy-claro-que-es-periodismo-publico-y-que-es-informacion-gubernamental-dijo-helio-doyle-presidente-de-la-empresa-publica-de-comunicacion-ebc-de-brasil\\\/#primaryimage\"},\"thumbnailUrl\":\"https:\\\/\\\/latamjournalismreview.org\\\/wp-content\\\/uploads\\\/2023\\\/03\\\/Featured-Helio-Doyle-EBC_JoedsonAlvesAgenciaBrasil.png\",\"articleSection\":[\"Acceso a la Informaci\u00f3n\",\"Libertad de prensa\"],\"inLanguage\":\"es\"},{\"@type\":\"WebPage\",\"@id\":\"https:\\\/\\\/latamjournalismreview.org\\\/es\\\/articles\\\/pretendemos-dejar-muy-claro-que-es-periodismo-publico-y-que-es-informacion-gubernamental-dijo-helio-doyle-presidente-de-la-empresa-publica-de-comunicacion-ebc-de-brasil\\\/\",\"url\":\"https:\\\/\\\/latamjournalismreview.org\\\/es\\\/articles\\\/pretendemos-dejar-muy-claro-que-es-periodismo-publico-y-que-es-informacion-gubernamental-dijo-helio-doyle-presidente-de-la-empresa-publica-de-comunicacion-ebc-de-brasil\\\/\",\"name\":\"\u201cPretendemos dejar muy claro qu\u00e9 es periodismo p\u00fablico y qu\u00e9 es informaci\u00f3n gubernamental\u201d: H\u00e9lio Doyle, presidente de la Empresa P\u00fablica de Comunicaci\u00f3n (EBC) de Brasil - LatAm Journalism Review\",\"isPartOf\":{\"@id\":\"https:\\\/\\\/latamjournalismreview.org\\\/es\\\/#website\"},\"primaryImageOfPage\":{\"@id\":\"https:\\\/\\\/latamjournalismreview.org\\\/es\\\/articles\\\/pretendemos-dejar-muy-claro-que-es-periodismo-publico-y-que-es-informacion-gubernamental-dijo-helio-doyle-presidente-de-la-empresa-publica-de-comunicacion-ebc-de-brasil\\\/#primaryimage\"},\"image\":{\"@id\":\"https:\\\/\\\/latamjournalismreview.org\\\/es\\\/articles\\\/pretendemos-dejar-muy-claro-que-es-periodismo-publico-y-que-es-informacion-gubernamental-dijo-helio-doyle-presidente-de-la-empresa-publica-de-comunicacion-ebc-de-brasil\\\/#primaryimage\"},\"thumbnailUrl\":\"https:\\\/\\\/latamjournalismreview.org\\\/wp-content\\\/uploads\\\/2023\\\/03\\\/Featured-Helio-Doyle-EBC_JoedsonAlvesAgenciaBrasil.png\",\"datePublished\":\"2023-03-08T15:18:48+00:00\",\"dateModified\":\"2023-03-15T22:14:01+00:00\",\"description\":\"\u201cPretendemos dejar muy claro qu\u00e9 es periodismo p\u00fablico y qu\u00e9 es informaci\u00f3n gubernamental\u201d: H\u00e9lio Doyle, presidente de la Empresa P\u00fablica de Comunicaci\u00f3n (EBC) de Brasil Libertad de prensa. Latin American Journalism Review by The Knight Center at The University of Texas at Austin.\",\"breadcrumb\":{\"@id\":\"https:\\\/\\\/latamjournalismreview.org\\\/es\\\/articles\\\/pretendemos-dejar-muy-claro-que-es-periodismo-publico-y-que-es-informacion-gubernamental-dijo-helio-doyle-presidente-de-la-empresa-publica-de-comunicacion-ebc-de-brasil\\\/#breadcrumb\"},\"inLanguage\":\"es\",\"potentialAction\":[{\"@type\":\"ReadAction\",\"target\":[\"https:\\\/\\\/latamjournalismreview.org\\\/es\\\/articles\\\/pretendemos-dejar-muy-claro-que-es-periodismo-publico-y-que-es-informacion-gubernamental-dijo-helio-doyle-presidente-de-la-empresa-publica-de-comunicacion-ebc-de-brasil\\\/\"]}]},{\"@type\":\"ImageObject\",\"inLanguage\":\"es\",\"@id\":\"https:\\\/\\\/latamjournalismreview.org\\\/es\\\/articles\\\/pretendemos-dejar-muy-claro-que-es-periodismo-publico-y-que-es-informacion-gubernamental-dijo-helio-doyle-presidente-de-la-empresa-publica-de-comunicacion-ebc-de-brasil\\\/#primaryimage\",\"url\":\"https:\\\/\\\/latamjournalismreview.org\\\/wp-content\\\/uploads\\\/2023\\\/03\\\/Featured-Helio-Doyle-EBC_JoedsonAlvesAgenciaBrasil.png\",\"contentUrl\":\"https:\\\/\\\/latamjournalismreview.org\\\/wp-content\\\/uploads\\\/2023\\\/03\\\/Featured-Helio-Doyle-EBC_JoedsonAlvesAgenciaBrasil.png\",\"width\":507,\"height\":340,\"caption\":\"Foto: Joedson Alves\\\/Ag\u00eancia Brasil\"},{\"@type\":\"BreadcrumbList\",\"@id\":\"https:\\\/\\\/latamjournalismreview.org\\\/es\\\/articles\\\/pretendemos-dejar-muy-claro-que-es-periodismo-publico-y-que-es-informacion-gubernamental-dijo-helio-doyle-presidente-de-la-empresa-publica-de-comunicacion-ebc-de-brasil\\\/#breadcrumb\",\"itemListElement\":[{\"@type\":\"ListItem\",\"position\":1,\"name\":\"Home\",\"item\":\"https:\\\/\\\/latamjournalismreview.org\\\/es\\\/\"},{\"@type\":\"ListItem\",\"position\":2,\"name\":\"\u201cPretendemos dejar muy claro qu\u00e9 es periodismo p\u00fablico y qu\u00e9 es informaci\u00f3n gubernamental\u201d: H\u00e9lio Doyle, presidente de la Empresa P\u00fablica de Comunicaci\u00f3n (EBC) de Brasil\"}]},{\"@type\":\"WebSite\",\"@id\":\"https:\\\/\\\/latamjournalismreview.org\\\/es\\\/#website\",\"url\":\"https:\\\/\\\/latamjournalismreview.org\\\/es\\\/\",\"name\":\"LatAm Journalism Review\",\"description\":\"Knight Center at The University of Texas\",\"publisher\":{\"@id\":\"https:\\\/\\\/latamjournalismreview.org\\\/es\\\/#organization\"},\"potentialAction\":[{\"@type\":\"SearchAction\",\"target\":{\"@type\":\"EntryPoint\",\"urlTemplate\":\"https:\\\/\\\/latamjournalismreview.org\\\/es\\\/?s={search_term_string}\"},\"query-input\":{\"@type\":\"PropertyValueSpecification\",\"valueRequired\":true,\"valueName\":\"search_term_string\"}}],\"inLanguage\":\"es\"},{\"@type\":\"Organization\",\"@id\":\"https:\\\/\\\/latamjournalismreview.org\\\/es\\\/#organization\",\"name\":\"LatAm Journalism Review\",\"url\":\"https:\\\/\\\/latamjournalismreview.org\\\/es\\\/\",\"logo\":{\"@type\":\"ImageObject\",\"inLanguage\":\"es\",\"@id\":\"https:\\\/\\\/latamjournalismreview.org\\\/es\\\/#\\\/schema\\\/logo\\\/image\\\/\",\"url\":\"https:\\\/\\\/latamjournalismreview.org\\\/wp-content\\\/uploads\\\/2020\\\/05\\\/knight-latAm-review-logo.svg\",\"contentUrl\":\"https:\\\/\\\/latamjournalismreview.org\\\/wp-content\\\/uploads\\\/2020\\\/05\\\/knight-latAm-review-logo.svg\",\"width\":\"1024\",\"height\":\"1024\",\"caption\":\"LatAm Journalism Review\"},\"image\":{\"@id\":\"https:\\\/\\\/latamjournalismreview.org\\\/es\\\/#\\\/schema\\\/logo\\\/image\\\/\"},\"sameAs\":[\"https:\\\/\\\/x.com\\\/LatAmJournalism\"]},{\"@type\":\"Person\",\"@id\":\"https:\\\/\\\/latamjournalismreview.org\\\/es\\\/#\\\/schema\\\/person\\\/f98b544e2f231a237f39a56cc9a00a9a\",\"name\":\"Carolina de Assis\",\"description\":\"Carolina de Assis is a Brazilian journalist and researcher who lives in Juiz de Fora, MG, Brazil. She holds a master's degree in Women\u2019s and Gender Studies from the GEMMA Programme \u2013 Universit\u00e0 di Bologna (Italy) \\\/ Universiteit Utrecht (The Netherlands) and has worked as an editor at G\u00eanero e N\u00famero, a Brazilian digital magazine focused on data journalism and gender issues. She is especially interested in journalistic initiatives aimed at promoting human rights and gender justice. You can find her on Twitter: @caroldeassis _________ Carolina de Assis es una periodista e investigadora brasile\u00f1a que vive en Juiz de Fora, MG, Brasil . Tiene una maestr\u00eda en Estudios de las Mujeres y de G\u00e9nero del programa GEMMA \u2013 Universit\u00e0 di Bologna (Italia) \\\/ Universiteit Utrecht (Holanda). Trabaj\u00f3 como editora en la revista digital brasile\u00f1a G\u00eanero e N\u00famero. Le interesan especialmente iniciativas period\u00edsticas que tienen el objetivo de promover los derechos humanos y la justicia de g\u00e9nero. Puedes encontrarla en Twitter: @caroldeassis. _______ Carolina de Assis \u00e9 uma jornalista e pesquisadora brasileira que vive em Juiz de Fora (MG). \u00c9 mestra em Estudos da Mulher e de G\u00eanero pelo programa GEMMA \u2013 Universit\u00e0 di Bologna (It\u00e1lia) \\\/ Universiteit Utrecht (Holanda). Trabalhou como editora na revista digital G\u00eanero e N\u00famero e se interessa especialmente por iniciativas jornal\u00edsticas que promovam os direitos humanos e a justi\u00e7a de g\u00eanero. Voc\u00ea pode encontr\u00e1-la no Twitter em @caroldeassis.\",\"url\":\"https:\\\/\\\/latamjournalismreview.org\\\/es\\\/articles\\\/author\\\/carolina-de-assis\\\/\"}]}<\/script>\n<!-- \/ Yoast SEO Premium plugin. -->","yoast_head_json":{"title":"\u201cPretendemos dejar muy claro qu\u00e9 es periodismo p\u00fablico y qu\u00e9 es informaci\u00f3n gubernamental\u201d: H\u00e9lio Doyle, presidente de la Empresa P\u00fablica de Comunicaci\u00f3n (EBC) de Brasil - LatAm Journalism Review","description":"\u201cPretendemos dejar muy claro qu\u00e9 es periodismo p\u00fablico y qu\u00e9 es informaci\u00f3n gubernamental\u201d: H\u00e9lio Doyle, presidente de la Empresa P\u00fablica de Comunicaci\u00f3n (EBC) de Brasil Libertad de prensa. Latin American Journalism Review by The Knight Center at The University of Texas at Austin.","robots":{"index":"index","follow":"follow","max-snippet":"max-snippet:-1","max-image-preview":"max-image-preview:large","max-video-preview":"max-video-preview:-1"},"canonical":"https:\/\/latamjournalismreview.org\/es\/articles\/pretendemos-dejar-muy-claro-que-es-periodismo-publico-y-que-es-informacion-gubernamental-dijo-helio-doyle-presidente-de-la-empresa-publica-de-comunicacion-ebc-de-brasil\/","og_locale":"es_ES","og_type":"article","og_title":"\u201cPretendemos dejar muy claro qu\u00e9 es periodismo p\u00fablico y qu\u00e9 es informaci\u00f3n gubernamental\u201d: H\u00e9lio Doyle, presidente de la Empresa P\u00fablica de Comunicaci\u00f3n (EBC) de Brasil","og_description":"\u201cPretendemos dejar muy claro qu\u00e9 es periodismo p\u00fablico y qu\u00e9 es informaci\u00f3n gubernamental\u201d: H\u00e9lio Doyle, presidente de la Empresa P\u00fablica de Comunicaci\u00f3n (EBC) de Brasil Libertad de prensa. Latin American Journalism Review by The Knight Center at The University of Texas at Austin.","og_url":"https:\/\/latamjournalismreview.org\/es\/articles\/pretendemos-dejar-muy-claro-que-es-periodismo-publico-y-que-es-informacion-gubernamental-dijo-helio-doyle-presidente-de-la-empresa-publica-de-comunicacion-ebc-de-brasil\/","og_site_name":"LatAm Journalism Review","article_published_time":"2023-03-08T15:18:48+00:00","article_modified_time":"2023-03-15T22:14:01+00:00","og_image":[{"width":507,"height":340,"url":"https:\/\/latamjournalismreview.org\/wp-content\/uploads\/2023\/03\/Featured-Helio-Doyle-EBC_JoedsonAlvesAgenciaBrasil.png","type":"image\/png"}],"author":"Carolina de Assis","twitter_card":"summary_large_image","twitter_creator":"@LatAmJournalism","twitter_site":"@LatAmJournalism","twitter_misc":{"Written by":"Carolina de Assis","Est. reading time":"8 minutos"},"schema":{"@context":"https:\/\/schema.org","@graph":[{"@type":"Article","@id":"https:\/\/latamjournalismreview.org\/es\/articles\/pretendemos-dejar-muy-claro-que-es-periodismo-publico-y-que-es-informacion-gubernamental-dijo-helio-doyle-presidente-de-la-empresa-publica-de-comunicacion-ebc-de-brasil\/#article","isPartOf":{"@id":"https:\/\/latamjournalismreview.org\/es\/articles\/pretendemos-dejar-muy-claro-que-es-periodismo-publico-y-que-es-informacion-gubernamental-dijo-helio-doyle-presidente-de-la-empresa-publica-de-comunicacion-ebc-de-brasil\/"},"author":{"name":"Carolina de Assis","@id":"https:\/\/latamjournalismreview.org\/es\/#\/schema\/person\/f98b544e2f231a237f39a56cc9a00a9a"},"headline":"\u201cPretendemos dejar muy claro qu\u00e9 es periodismo p\u00fablico y qu\u00e9 es informaci\u00f3n gubernamental\u201d: H\u00e9lio Doyle, presidente de la Empresa P\u00fablica de Comunicaci\u00f3n (EBC) de Brasil","datePublished":"2023-03-08T15:18:48+00:00","dateModified":"2023-03-15T22:14:01+00:00","mainEntityOfPage":{"@id":"https:\/\/latamjournalismreview.org\/es\/articles\/pretendemos-dejar-muy-claro-que-es-periodismo-publico-y-que-es-informacion-gubernamental-dijo-helio-doyle-presidente-de-la-empresa-publica-de-comunicacion-ebc-de-brasil\/"},"wordCount":1550,"publisher":{"@id":"https:\/\/latamjournalismreview.org\/es\/#organization"},"image":{"@id":"https:\/\/latamjournalismreview.org\/es\/articles\/pretendemos-dejar-muy-claro-que-es-periodismo-publico-y-que-es-informacion-gubernamental-dijo-helio-doyle-presidente-de-la-empresa-publica-de-comunicacion-ebc-de-brasil\/#primaryimage"},"thumbnailUrl":"https:\/\/latamjournalismreview.org\/wp-content\/uploads\/2023\/03\/Featured-Helio-Doyle-EBC_JoedsonAlvesAgenciaBrasil.png","articleSection":["Acceso a la Informaci\u00f3n","Libertad de prensa"],"inLanguage":"es"},{"@type":"WebPage","@id":"https:\/\/latamjournalismreview.org\/es\/articles\/pretendemos-dejar-muy-claro-que-es-periodismo-publico-y-que-es-informacion-gubernamental-dijo-helio-doyle-presidente-de-la-empresa-publica-de-comunicacion-ebc-de-brasil\/","url":"https:\/\/latamjournalismreview.org\/es\/articles\/pretendemos-dejar-muy-claro-que-es-periodismo-publico-y-que-es-informacion-gubernamental-dijo-helio-doyle-presidente-de-la-empresa-publica-de-comunicacion-ebc-de-brasil\/","name":"\u201cPretendemos dejar muy claro qu\u00e9 es periodismo p\u00fablico y qu\u00e9 es informaci\u00f3n gubernamental\u201d: H\u00e9lio Doyle, presidente de la Empresa P\u00fablica de Comunicaci\u00f3n (EBC) de Brasil - LatAm Journalism Review","isPartOf":{"@id":"https:\/\/latamjournalismreview.org\/es\/#website"},"primaryImageOfPage":{"@id":"https:\/\/latamjournalismreview.org\/es\/articles\/pretendemos-dejar-muy-claro-que-es-periodismo-publico-y-que-es-informacion-gubernamental-dijo-helio-doyle-presidente-de-la-empresa-publica-de-comunicacion-ebc-de-brasil\/#primaryimage"},"image":{"@id":"https:\/\/latamjournalismreview.org\/es\/articles\/pretendemos-dejar-muy-claro-que-es-periodismo-publico-y-que-es-informacion-gubernamental-dijo-helio-doyle-presidente-de-la-empresa-publica-de-comunicacion-ebc-de-brasil\/#primaryimage"},"thumbnailUrl":"https:\/\/latamjournalismreview.org\/wp-content\/uploads\/2023\/03\/Featured-Helio-Doyle-EBC_JoedsonAlvesAgenciaBrasil.png","datePublished":"2023-03-08T15:18:48+00:00","dateModified":"2023-03-15T22:14:01+00:00","description":"\u201cPretendemos dejar muy claro qu\u00e9 es periodismo p\u00fablico y qu\u00e9 es informaci\u00f3n gubernamental\u201d: H\u00e9lio Doyle, presidente de la Empresa P\u00fablica de Comunicaci\u00f3n (EBC) de Brasil Libertad de prensa. Latin American Journalism Review by The Knight Center at The University of Texas at Austin.","breadcrumb":{"@id":"https:\/\/latamjournalismreview.org\/es\/articles\/pretendemos-dejar-muy-claro-que-es-periodismo-publico-y-que-es-informacion-gubernamental-dijo-helio-doyle-presidente-de-la-empresa-publica-de-comunicacion-ebc-de-brasil\/#breadcrumb"},"inLanguage":"es","potentialAction":[{"@type":"ReadAction","target":["https:\/\/latamjournalismreview.org\/es\/articles\/pretendemos-dejar-muy-claro-que-es-periodismo-publico-y-que-es-informacion-gubernamental-dijo-helio-doyle-presidente-de-la-empresa-publica-de-comunicacion-ebc-de-brasil\/"]}]},{"@type":"ImageObject","inLanguage":"es","@id":"https:\/\/latamjournalismreview.org\/es\/articles\/pretendemos-dejar-muy-claro-que-es-periodismo-publico-y-que-es-informacion-gubernamental-dijo-helio-doyle-presidente-de-la-empresa-publica-de-comunicacion-ebc-de-brasil\/#primaryimage","url":"https:\/\/latamjournalismreview.org\/wp-content\/uploads\/2023\/03\/Featured-Helio-Doyle-EBC_JoedsonAlvesAgenciaBrasil.png","contentUrl":"https:\/\/latamjournalismreview.org\/wp-content\/uploads\/2023\/03\/Featured-Helio-Doyle-EBC_JoedsonAlvesAgenciaBrasil.png","width":507,"height":340,"caption":"Foto: Joedson Alves\/Ag\u00eancia Brasil"},{"@type":"BreadcrumbList","@id":"https:\/\/latamjournalismreview.org\/es\/articles\/pretendemos-dejar-muy-claro-que-es-periodismo-publico-y-que-es-informacion-gubernamental-dijo-helio-doyle-presidente-de-la-empresa-publica-de-comunicacion-ebc-de-brasil\/#breadcrumb","itemListElement":[{"@type":"ListItem","position":1,"name":"Home","item":"https:\/\/latamjournalismreview.org\/es\/"},{"@type":"ListItem","position":2,"name":"\u201cPretendemos dejar muy claro qu\u00e9 es periodismo p\u00fablico y qu\u00e9 es informaci\u00f3n gubernamental\u201d: H\u00e9lio Doyle, presidente de la Empresa P\u00fablica de Comunicaci\u00f3n (EBC) de Brasil"}]},{"@type":"WebSite","@id":"https:\/\/latamjournalismreview.org\/es\/#website","url":"https:\/\/latamjournalismreview.org\/es\/","name":"LatAm Journalism Review","description":"Knight Center at The University of Texas","publisher":{"@id":"https:\/\/latamjournalismreview.org\/es\/#organization"},"potentialAction":[{"@type":"SearchAction","target":{"@type":"EntryPoint","urlTemplate":"https:\/\/latamjournalismreview.org\/es\/?s={search_term_string}"},"query-input":{"@type":"PropertyValueSpecification","valueRequired":true,"valueName":"search_term_string"}}],"inLanguage":"es"},{"@type":"Organization","@id":"https:\/\/latamjournalismreview.org\/es\/#organization","name":"LatAm Journalism Review","url":"https:\/\/latamjournalismreview.org\/es\/","logo":{"@type":"ImageObject","inLanguage":"es","@id":"https:\/\/latamjournalismreview.org\/es\/#\/schema\/logo\/image\/","url":"https:\/\/latamjournalismreview.org\/wp-content\/uploads\/2020\/05\/knight-latAm-review-logo.svg","contentUrl":"https:\/\/latamjournalismreview.org\/wp-content\/uploads\/2020\/05\/knight-latAm-review-logo.svg","width":"1024","height":"1024","caption":"LatAm Journalism Review"},"image":{"@id":"https:\/\/latamjournalismreview.org\/es\/#\/schema\/logo\/image\/"},"sameAs":["https:\/\/x.com\/LatAmJournalism"]},{"@type":"Person","@id":"https:\/\/latamjournalismreview.org\/es\/#\/schema\/person\/f98b544e2f231a237f39a56cc9a00a9a","name":"Carolina de Assis","description":"Carolina de Assis is a Brazilian journalist and researcher who lives in Juiz de Fora, MG, Brazil. She holds a master's degree in Women\u2019s and Gender Studies from the GEMMA Programme \u2013 Universit\u00e0 di Bologna (Italy) \/ Universiteit Utrecht (The Netherlands) and has worked as an editor at G\u00eanero e N\u00famero, a Brazilian digital magazine focused on data journalism and gender issues. She is especially interested in journalistic initiatives aimed at promoting human rights and gender justice. You can find her on Twitter: @caroldeassis _________ Carolina de Assis es una periodista e investigadora brasile\u00f1a que vive en Juiz de Fora, MG, Brasil . Tiene una maestr\u00eda en Estudios de las Mujeres y de G\u00e9nero del programa GEMMA \u2013 Universit\u00e0 di Bologna (Italia) \/ Universiteit Utrecht (Holanda). Trabaj\u00f3 como editora en la revista digital brasile\u00f1a G\u00eanero e N\u00famero. Le interesan especialmente iniciativas period\u00edsticas que tienen el objetivo de promover los derechos humanos y la justicia de g\u00e9nero. Puedes encontrarla en Twitter: @caroldeassis. _______ Carolina de Assis \u00e9 uma jornalista e pesquisadora brasileira que vive em Juiz de Fora (MG). \u00c9 mestra em Estudos da Mulher e de G\u00eanero pelo programa GEMMA \u2013 Universit\u00e0 di Bologna (It\u00e1lia) \/ Universiteit Utrecht (Holanda). Trabalhou como editora na revista digital G\u00eanero e N\u00famero e se interessa especialmente por iniciativas jornal\u00edsticas que promovam os direitos humanos e a justi\u00e7a de g\u00eanero. Voc\u00ea pode encontr\u00e1-la no Twitter em @caroldeassis.","url":"https:\/\/latamjournalismreview.org\/es\/articles\/author\/carolina-de-assis\/"}]}},"_links":{"self":[{"href":"https:\/\/latamjournalismreview.org\/es\/wp-json\/wp\/v2\/posts\/73030","targetHints":{"allow":["GET"]}}],"collection":[{"href":"https:\/\/latamjournalismreview.org\/es\/wp-json\/wp\/v2\/posts"}],"about":[{"href":"https:\/\/latamjournalismreview.org\/es\/wp-json\/wp\/v2\/types\/post"}],"author":[{"embeddable":true,"href":"https:\/\/latamjournalismreview.org\/es\/wp-json\/wp\/v2\/users\/16"}],"replies":[{"embeddable":true,"href":"https:\/\/latamjournalismreview.org\/es\/wp-json\/wp\/v2\/comments?post=73030"}],"version-history":[{"count":5,"href":"https:\/\/latamjournalismreview.org\/es\/wp-json\/wp\/v2\/posts\/73030\/revisions"}],"predecessor-version":[{"id":73041,"href":"https:\/\/latamjournalismreview.org\/es\/wp-json\/wp\/v2\/posts\/73030\/revisions\/73041"}],"wp:featuredmedia":[{"embeddable":true,"href":"https:\/\/latamjournalismreview.org\/es\/wp-json\/wp\/v2\/media\/73027"}],"wp:attachment":[{"href":"https:\/\/latamjournalismreview.org\/es\/wp-json\/wp\/v2\/media?parent=73030"}],"wp:term":[{"taxonomy":"category","embeddable":true,"href":"https:\/\/latamjournalismreview.org\/es\/wp-json\/wp\/v2\/categories?post=73030"},{"taxonomy":"post_tag","embeddable":true,"href":"https:\/\/latamjournalismreview.org\/es\/wp-json\/wp\/v2\/tags?post=73030"},{"taxonomy":"author","embeddable":true,"href":"https:\/\/latamjournalismreview.org\/es\/wp-json\/wp\/v2\/coauthors?post=73030"}],"curies":[{"name":"wp","href":"https:\/\/api.w.org\/{rel}","templated":true}]}}