{"id":73481,"date":"2023-03-27T15:08:47","date_gmt":"2023-03-27T20:08:47","guid":{"rendered":"https:\/\/latamjournalismreview.org\/?p=73481"},"modified":"2023-03-27T15:13:11","modified_gmt":"2023-03-27T20:13:11","slug":"medio-digital-eltoque-pone-rostros-a-la-crisis-de-migrantes-cubanos-con-un-proyecto-de-periodismo-de-datos-y-acompanamiento-a-familias","status":"publish","type":"post","link":"https:\/\/latamjournalismreview.org\/es\/articles\/medio-digital-eltoque-pone-rostros-a-la-crisis-de-migrantes-cubanos-con-un-proyecto-de-periodismo-de-datos-y-acompanamiento-a-familias\/","title":{"rendered":"Medio digital elTOQUE pone rostros a la crisis de migrantes cubanos con un proyecto de periodismo de datos y acompa\u00f1amiento a familias"},"content":{"rendered":"<p dir=\"ltr\">En los dos \u00faltimos a\u00f1os, la migraci\u00f3n de cubanos hacia Estados Unidos se ha disparado exponencialmente a ra\u00edz de factores como la crisis econ\u00f3mica desatada tras el impacto del COVID-19 en la isla y tras las reformas monetarias aprobadas por el r\u00e9gimen a principios de 2021.<\/p>\n<p dir=\"ltr\">Lo anterior, sumado a cambios en las pol\u00edticas migratorias estadounidenses, ha provocado un \u00e9xodo de niveles r\u00e9cord entre 2021 y 2022, periodo en el que\u00a0<a href=\"https:\/\/elpais.com\/internacional\/2022-11-13\/cuba-y-un-exodo-al-que-no-se-ve-fin.html\" target=\"_blank\" rel=\"noopener noreferrer\"><u>m\u00e1s de 220 mil cubanos llegaron a puntos fronterizos terrestres de Estados Unidos,<\/u><\/a> y m\u00e1s de 3 mil ingresaron por mar, tras atravesar el Estrecho de Florida.<\/p>\n<p dir=\"ltr\">Si bien las cifras indican que la mayor\u00eda de quienes salen de Cuba con direcci\u00f3n a Estados Unidos logran su cometido, en el camino se quedan algunos que mueren o desaparecen.<\/p>\n<p dir=\"ltr\">Ante tal emergencia migratoria,\u00a0<a href=\"https:\/\/eltoque.com\/proyectos\/eltoque-defacto-verificacion-datos\" target=\"_blank\" rel=\"noopener noreferrer\"><u>DeFacto<\/u><\/a>, la unidad de verificaci\u00f3n y periodismo de datos del medio digital independiente cubano\u00a0<a href=\"https:\/\/eltoque.com\/\" target=\"_blank\" rel=\"noopener noreferrer\"><u>elTOQUE<\/u><\/a>, quiso poner el foco justamente en los migrantes muertos y desaparecidos, de quienes se habla poco en la prensa y cuyas historias quedan diluidas entre estad\u00edsticas.<\/p>\n<div id=\"attachment_73488\" style=\"width: 778px\" class=\"wp-caption aligncenter\"><img loading=\"lazy\" decoding=\"async\" aria-describedby=\"caption-attachment-73488\" class=\"wp-image-73488 \" src=\"https:\/\/latamjournalismreview.org\/wp-content\/uploads\/2023\/03\/migracion_cuba_usa.webp\" alt=\"Screenshot of the multimedia special about Cuban migration crisis, by digital media outlet elTOQUE.\" width=\"768\" height=\"450\" srcset=\"https:\/\/latamjournalismreview.org\/wp-content\/uploads\/2023\/03\/migracion_cuba_usa.webp 1740w, https:\/\/latamjournalismreview.org\/wp-content\/uploads\/2023\/03\/migracion_cuba_usa-300x176.webp 300w, https:\/\/latamjournalismreview.org\/wp-content\/uploads\/2023\/03\/migracion_cuba_usa-1024x600.webp 1024w, https:\/\/latamjournalismreview.org\/wp-content\/uploads\/2023\/03\/migracion_cuba_usa-768x450.webp 768w, https:\/\/latamjournalismreview.org\/wp-content\/uploads\/2023\/03\/migracion_cuba_usa-1536x900.webp 1536w\" sizes=\"auto, (max-width: 768px) 100vw, 768px\" \/><p id=\"caption-attachment-73488\" class=\"wp-caption-text\">El especial multimedia y de periodismo de datos de elTOQUE busca compilar las identidades e historias de migrantes cubanos que no han logrado llegar a Estados Unidos. (Foto: Captura de pantalla de elTOQUE)<\/p><\/div>\n<p>&nbsp;<\/p>\n<p dir=\"ltr\">El resultado fue\u00a0<a href=\"https:\/\/latravesia.eltoque.com\/\" target=\"_blank\" rel=\"noopener noreferrer\"><u>\u201cMigrar: Una decisi\u00f3n de vida y muerte\u201d<\/u><\/a>, un especial multimedia y de periodismo de datos que busca compilar las identidades e historias de los migrantes cubanos que no lograron llegar a Estados Unidos, al tiempo que ofrece un servicio de acompa\u00f1amiento e informaci\u00f3n para las familias de las personas desaparecidas y un tributo a quienes perdieron la vida.<\/p>\n<p dir=\"ltr\">\u201cHay un drama detr\u00e1s de esto, no solo hay historias felices, tambi\u00e9n hay gente que no lo ha logrado y eso es lo que queremos contar\u201d, dijo a\u00a0<strong>LatAm Journalism Review (LJR)<\/strong> Jessica Dom\u00ednguez, coordinadora editorial del proyecto y directora de DeFacto. \u201cPor muy peque\u00f1os que sean los n\u00fameros [de migrantes que no logran llegar a Estados Unidos], necesitamos contarlo, necesitamos saber cu\u00e1ntos son, d\u00f3nde est\u00e1n, qui\u00e9nes son las personas que no lo han logrado. Esa fue la motivaci\u00f3n esencial para partir de este producto y no de otro. Intentamos ir a los datos y a las informaciones que no se ten\u00edan\u201d.<\/p>\n<p dir=\"ltr\">\u201cMigrar: Una decisi\u00f3n de vida y muerte\u201d consiste en una base de datos sobre las personas fallecidas y desaparecidas en su traves\u00eda migratoria, obtenida de fuentes como art\u00edculos de prensa, reportes oficiales y publicaciones de redes sociales. La base de datos est\u00e1 organizada por eventos migratorios (deportaci\u00f3n, detenci\u00f3n, muerte, desaparici\u00f3n o rescate), tipo de migraci\u00f3n (terrestre o mar\u00edtima), lugar (pa\u00eds, ciudad y coordenadas), n\u00famero de personas involucradas, entre otros.<\/p>\n<p dir=\"ltr\">La base de datos, que es de libre acceso y puede ser descargada, se logr\u00f3 tras m\u00e1s de un a\u00f1o de monitoreo de las distintas fuentes hasta recabar suficiente informaci\u00f3n que reflejara un panorama general de la situaci\u00f3n. Sin embargo, la base de datos sigue creciendo conforme el proyecto avanza.<\/p>\n<p dir=\"ltr\">\u201cEl especial no es el cierre del trabajo period\u00edstico, sino el punto de partida. Es un trabajo vivo\u201d, dijo Dom\u00ednguez. \u201cHa sido muy dif\u00edcil el proceso de identificaci\u00f3n de las personas porque la informaci\u00f3n est\u00e1 absolutamente regada, dispersa. [...] Lo que hicimos fue empezar a construir una base de datos donde sistematizamos todos los eventos asociados a la migraci\u00f3n cubana que \u00edbamos detectando en una serie de fuentes oficiales y de medios de comunicaci\u00f3n que trataban los temas y a partir de ah\u00ed empezamos a hacer cruzamientos\u201d.<\/p>\n<p dir=\"ltr\">A partir de la base de datos, el equipo de DeFacto elabor\u00f3 una secci\u00f3n con los perfiles de las m\u00e1s de 118 personas fallecidas que han logrado identificar hasta el 25 de marzo de 2023. Los perfiles incluyen el nombre, la edad, la fotograf\u00eda y las circunstancias de muerte de los fallecidos.<\/p>\n<p dir=\"ltr\">Tambi\u00e9n desarrollaron una secci\u00f3n con los perfiles de los migrantes desaparecidos, que hasta el 25 de marzo sumaban 357. Esa secci\u00f3n tiene el prop\u00f3sito de ayudar a las familias a dar con el paradero de sus desaparecidos. Para ello, el medio digital recurri\u00f3 a un proceso de\u00a0<i>crowdsourcing<\/i> mediante un formulario abierto, con el cual invitan a los lectores a contribuir con datos para completar la informaci\u00f3n sobre los desaparecidos que pudiera ayudar a dar con su paradero.<\/p>\n<p dir=\"ltr\">\u201cCuando la persona desaparece, puede estar en ese estado meses y la familia no sabe absolutamente nada. Entonces queremos ayudar por lo menos a dar luz, a publicar esa informaci\u00f3n, a tratar de facilitar contactos, facilitar informaci\u00f3n en la medida de nuestras posibilidades. Porque entendemos tambi\u00e9n que no somos una autoridad migratoria y que no podemos dar respuestas certeras, pero s\u00ed que podemos ayudar con informaci\u00f3n\u201d, dijo Dom\u00ednguez.<\/p>\n<p dir=\"ltr\">A partir de la publicaci\u00f3n del especial, el 27 de febrero, DeFacto ha aumentado el n\u00famero de casos de migrantes desaparecidos o muertos\u00a0 gracias a la informaci\u00f3n aportada por familiares y que el equipo verific\u00f3 con instituciones y organizaciones cubanas que tambi\u00e9n llevan monitoreo de migrantes. De 91 personas fallecidas consignadas al momento de la publicaci\u00f3n, el n\u00famero se increment\u00f3 a 118 menos de un mes despu\u00e9s.<\/p>\n<p dir=\"ltr\">Pero el proceso de\u00a0<i>crowdsourcing<\/i> no se limita al formulario abierto. El equipo tiene un rol proactivo que involucra toda una estrategia de gesti\u00f3n de comunidades. Esta incluye lo que el equipo llama \u201clevantamiento activo\u201d, que consiste en la b\u00fasqueda en redes sociales de familiares de los migrantes fallecidos o desaparecidos con la intenci\u00f3n de obtener informaci\u00f3n que les ayude a llenar los vac\u00edos en la base de datos.<\/p>\n<div id=\"attachment_73482\" style=\"width: 461px\" class=\"wp-caption alignleft\"><img loading=\"lazy\" decoding=\"async\" aria-describedby=\"caption-attachment-73482\" class=\"wp-image-73482 \" src=\"https:\/\/latamjournalismreview.org\/wp-content\/uploads\/2023\/03\/Migration-Cuba-profiles.png\" alt=\"Screenshot of the multimedia special about Cuban migration crisis, by digital media outlet elTOQUE.\" width=\"451\" height=\"250\" srcset=\"https:\/\/latamjournalismreview.org\/wp-content\/uploads\/2023\/03\/Migration-Cuba-profiles.png 2472w, https:\/\/latamjournalismreview.org\/wp-content\/uploads\/2023\/03\/Migration-Cuba-profiles-300x167.png 300w, https:\/\/latamjournalismreview.org\/wp-content\/uploads\/2023\/03\/Migration-Cuba-profiles-1024x568.png 1024w, https:\/\/latamjournalismreview.org\/wp-content\/uploads\/2023\/03\/Migration-Cuba-profiles-768x426.png 768w, https:\/\/latamjournalismreview.org\/wp-content\/uploads\/2023\/03\/Migration-Cuba-profiles-1536x853.png 1536w, https:\/\/latamjournalismreview.org\/wp-content\/uploads\/2023\/03\/Migration-Cuba-profiles-2048x1137.png 2048w\" sizes=\"auto, (max-width: 451px) 100vw, 451px\" \/><p id=\"caption-attachment-73482\" class=\"wp-caption-text\">A trav\u00e9s del especial, los lectores pueden contribuir con datos que pudieran ayudar a dar con el paradero de los migrantes desaparecidos. (Foto: Captura de pantalla de elTOQUE)<\/p><\/div>\n<p dir=\"ltr\">\u201cHemos levantado mucha data, pero hay muchas personas que est\u00e1n en inc\u00f3gnito, no se sabe qui\u00e9nes son\u201d, dijo Loraine Morales Pino, quien est\u00e1 a cargo de la gesti\u00f3n de comunidades del proyecto, a\u00a0<strong>LJR<\/strong>. \u201c[Intentamos] saber de qu\u00e9 parte de la isla provienen, entonces nos damos a la tarea de, a partir de las propias denuncias de los familiares o recabando la informaci\u00f3n con los familiares, que ellos nos den la informaci\u00f3n\u201d.<\/p>\n<p dir=\"ltr\">Facebook y Facebook Messenger son las plataformas que han resultado m\u00e1s \u00fatiles al equipo de DeFacto para entrar en contacto con los familiares de los migrantes, explic\u00f3 Morales, quien personalmente dialoga con las personas y gestiona la informaci\u00f3n. Una vez entablada la comunicaci\u00f3n, la periodista pregunta a los parientes si desean pasar a otras plataformas para una interacci\u00f3n m\u00e1s segura, como WhatsApp.<\/p>\n<p dir=\"ltr\">Desde que el especial fue publicado, Morales se ha puesto en contacto con al menos 50 familias. En el proceso, la periodista y su equipo se han topado con personas abiertas a proporcionar informaci\u00f3n, pero tambi\u00e9n con gente que desconf\u00eda y duda en proporcionar informaci\u00f3n sensible de sus familiares.<\/p>\n<p dir=\"ltr\">\u201cEst\u00e1 este sentimiento de persecuci\u00f3n. La familia como que entra un poco temerosa a veces, porque a la par se han dado casos de extorsi\u00f3n, principalmente de grupos que residen, por ejemplo, en M\u00e9xico, que les llaman y les dicen que tienen a su familiar secuestrado\u201d, cont\u00f3 Morales. \u201cAh\u00ed tambi\u00e9n viene el mecanismo de la delicadeza, de ponerse en su lugar. Yo les digo \u2018este es mi perfil de Facebook, yo soy la gestora de informaci\u00f3n, si gustas podemos hacer una videollamada y puedes comprobar que soy la persona que digo ser\u2019\u201d.<\/p>\n<p dir=\"ltr\">La periodista agreg\u00f3 que, hasta el momento, ninguna persona a la que ha contactado se ha negado a colaborar. Sin embargo, tambi\u00e9n hay personas que no solo acceden a proporcionar informaci\u00f3n sin dudarlo, sino que piden al equipo que los ayuden a localizar a sus familiares migrantes.<\/p>\n<p dir=\"ltr\">\u201cSiento que hay una especie de orfandad de voluntad pol\u00edtica de ayudar a estos familiares desde las instancias gubernamentales o diplom\u00e1ticas. Las familias se sienten muy solas, es lo que yo he podido percibir\u201d, dijo Morales. \u201cSiempre le digo a los familiares que tenemos toda la disposici\u00f3n [de ayudar] y que estamos totalmente sensibilizados con su situaci\u00f3n, aunque no logramos entender a cabalidad lo dif\u00edcil que debe ser para ellos. Pero s\u00ed los queremos acompa\u00f1ar, precisamente para que sientan que su dolor importa\u201d.<\/p>\n<p dir=\"ltr\">Luego de hablar con los familiares, el equipo cruza la informaci\u00f3n con los registros existentes y la vac\u00eda en la base de datos. Tras algunos d\u00edas, entran nuevamente en contacto con las familias para dar seguimiento e indagar si existen nuevos datos.<\/p>\n<p dir=\"ltr\">En una siguiente etapa del proyecto, DeFacto buscar\u00e1 entablar rutas para fungir como intermediarios entre las familias de migrantes y autoridades de los diversos pa\u00edses donde mueren o desaparecen los migrantes. Morales, quien reside y trabaja desde M\u00e9xico, ha comenzado a investigar cu\u00e1les ser\u00edan los canales de gesti\u00f3n ideales para llegar de forma m\u00e1s efectiva a instancias que pudieran ayudar a las familias cubanas.<\/p>\n<p dir=\"ltr\">\u201cEn el caso de M\u00e9xico, aqu\u00ed hay muchos colectivos que se dedican a la b\u00fasqueda de personas desaparecidas o migrantes desaparecidos. Son experiencias de las cuales nos podemos nutrir [...] para avanzar un poco m\u00e1s r\u00e1pido\u201d, dijo Morales. \u201cQueremos establecer estos nexos o estas colaboraciones con organizaciones de la sociedad civil que al mismo tiempo ya tienen este camino andado, que nos den\u00a0<i>tips<\/i> o formas de llegar quiz\u00e1s de una manera m\u00e1s efectiva a los autoridades\u201d.<\/p>\n<p dir=\"ltr\">La periodista dijo que en abril se dar\u00e1n a la tarea de contrastar la base de datos de \u201cMigrar: Una decisi\u00f3n de vida y muerte\u201d con los registros de autoridades no solo de Estados Unidos y de M\u00e9xico, sino tambi\u00e9n de Bahamas, a d\u00f3nde\u00a0<a href=\"https:\/\/www.radiotelevisionmarti.com\/a\/exodo-cubano-tambi%C3%A9n-alcanza-a-bahamas\/345701.html#:~:text=La%20falta%20de%20libertadas%2C%20escasez,al%20archipi%C3%A9lago%20de%20las%20Bahamas.\" target=\"_blank\" rel=\"noopener noreferrer\"><u>cientos de cubanos han llegado<\/u><\/a> en su intento por alcanzar los cayos de Florida.<\/p>\n<h3 dir=\"ltr\">Retos e impacto<\/h3>\n<p dir=\"ltr\">Cuando se trata de obtener cifras oficiales de cualquier tema, los periodistas cubanos siempre se topan con\u00a0<a href=\"https:\/\/latamjournalismreview.org\/es\/articles\/como-contar-historias-en-paises-con-gobiernos-opacos-y-autoritarios-periodistas-de-america-latina-comparten-experiencias-y-estrategias-en-festival-latam\/\" target=\"_blank\" rel=\"noopener noreferrer\"><u>la opacidad que caracteriza a las autoridades cubanas<\/u><\/a>, las cuales raramente hacen p\u00fablica informaci\u00f3n sobre sus acciones.<\/p>\n<p dir=\"ltr\">Y en el tema de la migraci\u00f3n no es la excepci\u00f3n. Para la producci\u00f3n del especial multimedia, el equipo de DeFacto ha tenido que recurrir a datos oficiales de otros pa\u00edses y a informaci\u00f3n de medios independientes cubanos que operan desde fuera de la isla.<\/p>\n<p dir=\"ltr\">\u201cDe Cuba no hay nada. Todo lo que hemos buscado no ha sido de fuentes cubanas. Cuba no da esa estad\u00edstica. Ni siquiera sabemos, por ejemplo, cu\u00e1nta gente ha salido legalmente, porque mucha de esta migraci\u00f3n sale legal pero continua ilegal en el resto de las fronteras\u201d, explic\u00f3 Dom\u00ednguez. \u201cEl resto de las fuentes [que hemos consultado] han sido en M\u00e9xico, en Estados Unidos, en Bahamas, en Nicaragua y en otras regiones\u201d.<\/p>\n<div id=\"attachment_73485\" style=\"width: 461px\" class=\"wp-caption alignright\"><img loading=\"lazy\" decoding=\"async\" aria-describedby=\"caption-attachment-73485\" class=\"wp-image-73485 \" src=\"https:\/\/latamjournalismreview.org\/wp-content\/uploads\/2023\/03\/Migration-Cuba-Profiles-2.png\" alt=\"Screenshot of the multimedia special about Cuban migration crisis, by digital media outlet elTOQUE.\" width=\"451\" height=\"262\" srcset=\"https:\/\/latamjournalismreview.org\/wp-content\/uploads\/2023\/03\/Migration-Cuba-Profiles-2.png 2554w, https:\/\/latamjournalismreview.org\/wp-content\/uploads\/2023\/03\/Migration-Cuba-Profiles-2-300x174.png 300w, https:\/\/latamjournalismreview.org\/wp-content\/uploads\/2023\/03\/Migration-Cuba-Profiles-2-1024x594.png 1024w, https:\/\/latamjournalismreview.org\/wp-content\/uploads\/2023\/03\/Migration-Cuba-Profiles-2-768x446.png 768w, https:\/\/latamjournalismreview.org\/wp-content\/uploads\/2023\/03\/Migration-Cuba-Profiles-2-1536x891.png 1536w, https:\/\/latamjournalismreview.org\/wp-content\/uploads\/2023\/03\/Migration-Cuba-Profiles-2-2048x1188.png 2048w\" sizes=\"auto, (max-width: 451px) 100vw, 451px\" \/><p id=\"caption-attachment-73485\" class=\"wp-caption-text\">Desde la publicaci\u00f3n del especial, el equipo de DeFacto ha logrado identificar a casi 120 migrantes fallecidos. (Foto: Captura de pantalla de elTOQUE)<\/p><\/div>\n<p dir=\"ltr\">Sin embargo, el mayor reto para el equipo detr\u00e1s de \u201cMigrar: Una decisi\u00f3n de vida y muerte\u201d no ha sido el acceso a la informaci\u00f3n, sino el manejo correcto de \u00e9sta. Los creadores del especial multimedia est\u00e1n conscientes de que est\u00e1n trabajando con un tema por dem\u00e1s sensible que afecta a miles de cubanos. No obstante, DeFacto se lanz\u00f3 a hacerlo en aras de dejar un testimonio gr\u00e1fico de las consecuencias de la migraci\u00f3n y ponerle cifras y rostros al fen\u00f3meno.<\/p>\n<p dir=\"ltr\">\u201cSabemos que es un tema doloroso que adem\u00e1s est\u00e1 vivo, en pleno desarrollo y que no ha terminado, por lo tanto estamos contando pr\u00e1cticamente en tiempo real situaciones de dolor para las familias\u201d, dijo Dom\u00ednguez. \u201cManejar eso para nosotros es un reto importante. Hay un nivel de especializaci\u00f3n o un nivel de sensibilidad que hace que los periodistas que trabajan con estos temas sean diferentes a los que trabajan con otros tipos de materiales\u201d.<\/p>\n<p dir=\"ltr\">A un mes de su publicaci\u00f3n, el especial ha causado impacto dentro y fuera de la isla. Ha sido retomado por medios como\u00a0<a href=\"https:\/\/www.telemundo51.com\/videos\/videos-noticias\/migrar-una-decision-de-vida-y-muerte\/2403702\/\" target=\"_blank\" rel=\"noopener noreferrer\"><u>Telemundo<\/u><\/a>, en Florida, y los medios independientes\u00a0<a href=\"https:\/\/in-cubadora.com\/2023\/03\/01\/eltoque-migrar-una-decision-de-vida-y-muerte\/\" target=\"_blank\" rel=\"noopener noreferrer\"><u>Incubadora<\/u><\/a> (Cuba) y\u00a0<a href=\"https:\/\/www.descifrado.com\/2023\/03\/18\/el-toque-migrar-una-decision-de-vida-y-muerte\/\" target=\"_blank\" rel=\"noopener noreferrer\"><u>Descifrado<\/u><\/a> (Venezuela).<\/p>\n<p dir=\"ltr\">Adem\u00e1s de las bases de datos y los perfiles de migrantes, del especial se han desprendido una decena de reportajes sobre el fen\u00f3meno migratorio, adem\u00e1s de videos para el canal de YouTube de elTOQUE y sus redes sociales.<\/p>\n<p dir=\"ltr\">\u201cPara nosotros, el impacto en la en la comunidad cubana es relevante tambi\u00e9n. [El especial] ha abierto la puerta para un debate social en m\u00faltiples medios en torno a este tema\u201d, dijo Dom\u00ednguez. \u201cHa sido el detonante para poder hablar contundentemente de cifras, datos, pero sobre todo de nombres de personas, de ponerle rostro a un fen\u00f3meno que toca a muchas familias\u201d.<\/p>\n<p dir=\"ltr\"><em>Foto del banner: DukeUnivLibraries v\u00eda Creative Commons<\/em><\/p>\n","protected":false},"excerpt":{"rendered":"<p>Con crowdsourcing, periodismo de datos y gesti\u00f3n de comunidades, la unidad de verificaci\u00f3n y datos del medio cubano elTOQUE desarroll\u00f3 \u201cMigrar: Una decisi\u00f3n de vida y muerte\u201d, un especial multimedia que busca recabar datos sobre el \u00e9xodo cubano hacia Estados Unidos y dar acompa\u00f1amiento a familiares de quienes se quedaron en el camino.<\/p>\n","protected":false},"author":19,"featured_media":73491,"comment_status":"closed","ping_status":"closed","sticky":false,"template":"","format":"standard","meta":{"inline_featured_image":false,"footnotes":""},"categories":[1218],"tags":[1399,1548,1437],"coauthors":[],"class_list":["post-73481","post","type-post","status-publish","format-standard","has-post-thumbnail","hentry","category-innovacion-es","tag-cuba-es-2","tag-migracion-es","tag-periodismo-de-datos-es"],"acf":[],"yoast_head":"<!-- This site is optimized with the Yoast SEO Premium plugin v22.6 (Yoast SEO v27.4) - https:\/\/yoast.com\/product\/yoast-seo-premium-wordpress\/ -->\n<title>Medio digital elTOQUE pone rostros a la crisis de migrantes cubanos con un proyecto de periodismo de datos y acompa\u00f1amiento a familias - LatAm Journalism Review<\/title>\n<meta name=\"description\" content=\"Medio digital elTOQUE pone rostros a la crisis de migrantes cubanos con un proyecto de periodismo de datos y acompa\u00f1amiento a familias Innovaci\u00f3n. Latin American Journalism Review by The Knight Center at The University of Texas at Austin.\" \/>\n<meta name=\"robots\" content=\"index, follow, max-snippet:-1, max-image-preview:large, max-video-preview:-1\" \/>\n<link rel=\"canonical\" href=\"https:\/\/latamjournalismreview.org\/es\/articles\/medio-digital-eltoque-pone-rostros-a-la-crisis-de-migrantes-cubanos-con-un-proyecto-de-periodismo-de-datos-y-acompanamiento-a-familias\/\" \/>\n<meta property=\"og:locale\" content=\"es_ES\" \/>\n<meta property=\"og:type\" content=\"article\" \/>\n<meta property=\"og:title\" content=\"Medio digital elTOQUE pone rostros a la crisis de migrantes cubanos con un proyecto de periodismo de datos y acompa\u00f1amiento a familias\" \/>\n<meta property=\"og:description\" content=\"Medio digital elTOQUE pone rostros a la crisis de migrantes cubanos con un proyecto de periodismo de datos y acompa\u00f1amiento a familias Innovaci\u00f3n. Latin American Journalism Review by The Knight Center at The University of Texas at Austin.\" \/>\n<meta property=\"og:url\" content=\"https:\/\/latamjournalismreview.org\/es\/articles\/medio-digital-eltoque-pone-rostros-a-la-crisis-de-migrantes-cubanos-con-un-proyecto-de-periodismo-de-datos-y-acompanamiento-a-familias\/\" \/>\n<meta property=\"og:site_name\" content=\"LatAm Journalism Review\" \/>\n<meta property=\"article:published_time\" content=\"2023-03-27T20:08:47+00:00\" \/>\n<meta property=\"article:modified_time\" content=\"2023-03-27T20:13:11+00:00\" \/>\n<meta property=\"og:image\" content=\"https:\/\/latamjournalismreview.org\/wp-content\/uploads\/2023\/03\/Featured-Migration-Cuba.png\" \/>\n\t<meta property=\"og:image:width\" content=\"507\" \/>\n\t<meta property=\"og:image:height\" content=\"340\" \/>\n\t<meta property=\"og:image:type\" content=\"image\/png\" \/>\n<meta name=\"author\" content=\"C\u00e9sar L\u00f3pez Linares\" \/>\n<meta name=\"twitter:card\" content=\"summary_large_image\" \/>\n<meta name=\"twitter:creator\" content=\"@cesarisch\" \/>\n<meta name=\"twitter:site\" content=\"@LatAmJournalism\" \/>\n<meta name=\"twitter:label1\" content=\"Written by\" \/>\n\t<meta name=\"twitter:data1\" content=\"C\u00e9sar L\u00f3pez Linares\" \/>\n\t<meta name=\"twitter:label2\" content=\"Est. reading time\" \/>\n\t<meta name=\"twitter:data2\" content=\"11 minutos\" \/>\n<script type=\"application\/ld+json\" class=\"yoast-schema-graph\">{\"@context\":\"https:\\\/\\\/schema.org\",\"@graph\":[{\"@type\":\"Article\",\"@id\":\"https:\\\/\\\/latamjournalismreview.org\\\/es\\\/articles\\\/medio-digital-eltoque-pone-rostros-a-la-crisis-de-migrantes-cubanos-con-un-proyecto-de-periodismo-de-datos-y-acompanamiento-a-familias\\\/#article\",\"isPartOf\":{\"@id\":\"https:\\\/\\\/latamjournalismreview.org\\\/es\\\/articles\\\/medio-digital-eltoque-pone-rostros-a-la-crisis-de-migrantes-cubanos-con-un-proyecto-de-periodismo-de-datos-y-acompanamiento-a-familias\\\/\"},\"author\":{\"name\":\"C\u00e9sar L\u00f3pez Linares\",\"@id\":\"https:\\\/\\\/latamjournalismreview.org\\\/es\\\/#\\\/schema\\\/person\\\/dcf6dcdd6226ac8d939e2796645d17c6\"},\"headline\":\"Medio digital elTOQUE pone rostros a la crisis de migrantes cubanos con un proyecto de periodismo de datos y acompa\u00f1amiento a familias\",\"datePublished\":\"2023-03-27T20:08:47+00:00\",\"dateModified\":\"2023-03-27T20:13:11+00:00\",\"mainEntityOfPage\":{\"@id\":\"https:\\\/\\\/latamjournalismreview.org\\\/es\\\/articles\\\/medio-digital-eltoque-pone-rostros-a-la-crisis-de-migrantes-cubanos-con-un-proyecto-de-periodismo-de-datos-y-acompanamiento-a-familias\\\/\"},\"wordCount\":2243,\"publisher\":{\"@id\":\"https:\\\/\\\/latamjournalismreview.org\\\/es\\\/#organization\"},\"image\":{\"@id\":\"https:\\\/\\\/latamjournalismreview.org\\\/es\\\/articles\\\/medio-digital-eltoque-pone-rostros-a-la-crisis-de-migrantes-cubanos-con-un-proyecto-de-periodismo-de-datos-y-acompanamiento-a-familias\\\/#primaryimage\"},\"thumbnailUrl\":\"https:\\\/\\\/latamjournalismreview.org\\\/wp-content\\\/uploads\\\/2023\\\/03\\\/Featured-Migration-Cuba.png\",\"keywords\":[\"Cuba\",\"Migraci\u00f3n\",\"Periodismo de datos\"],\"articleSection\":[\"Innovaci\u00f3n\"],\"inLanguage\":\"es\"},{\"@type\":\"WebPage\",\"@id\":\"https:\\\/\\\/latamjournalismreview.org\\\/es\\\/articles\\\/medio-digital-eltoque-pone-rostros-a-la-crisis-de-migrantes-cubanos-con-un-proyecto-de-periodismo-de-datos-y-acompanamiento-a-familias\\\/\",\"url\":\"https:\\\/\\\/latamjournalismreview.org\\\/es\\\/articles\\\/medio-digital-eltoque-pone-rostros-a-la-crisis-de-migrantes-cubanos-con-un-proyecto-de-periodismo-de-datos-y-acompanamiento-a-familias\\\/\",\"name\":\"Medio digital elTOQUE pone rostros a la crisis de migrantes cubanos con un proyecto de periodismo de datos y acompa\u00f1amiento a familias - LatAm Journalism Review\",\"isPartOf\":{\"@id\":\"https:\\\/\\\/latamjournalismreview.org\\\/es\\\/#website\"},\"primaryImageOfPage\":{\"@id\":\"https:\\\/\\\/latamjournalismreview.org\\\/es\\\/articles\\\/medio-digital-eltoque-pone-rostros-a-la-crisis-de-migrantes-cubanos-con-un-proyecto-de-periodismo-de-datos-y-acompanamiento-a-familias\\\/#primaryimage\"},\"image\":{\"@id\":\"https:\\\/\\\/latamjournalismreview.org\\\/es\\\/articles\\\/medio-digital-eltoque-pone-rostros-a-la-crisis-de-migrantes-cubanos-con-un-proyecto-de-periodismo-de-datos-y-acompanamiento-a-familias\\\/#primaryimage\"},\"thumbnailUrl\":\"https:\\\/\\\/latamjournalismreview.org\\\/wp-content\\\/uploads\\\/2023\\\/03\\\/Featured-Migration-Cuba.png\",\"datePublished\":\"2023-03-27T20:08:47+00:00\",\"dateModified\":\"2023-03-27T20:13:11+00:00\",\"description\":\"Medio digital elTOQUE pone rostros a la crisis de migrantes cubanos con un proyecto de periodismo de datos y acompa\u00f1amiento a familias Innovaci\u00f3n. Latin American Journalism Review by The Knight Center at The University of Texas at Austin.\",\"breadcrumb\":{\"@id\":\"https:\\\/\\\/latamjournalismreview.org\\\/es\\\/articles\\\/medio-digital-eltoque-pone-rostros-a-la-crisis-de-migrantes-cubanos-con-un-proyecto-de-periodismo-de-datos-y-acompanamiento-a-familias\\\/#breadcrumb\"},\"inLanguage\":\"es\",\"potentialAction\":[{\"@type\":\"ReadAction\",\"target\":[\"https:\\\/\\\/latamjournalismreview.org\\\/es\\\/articles\\\/medio-digital-eltoque-pone-rostros-a-la-crisis-de-migrantes-cubanos-con-un-proyecto-de-periodismo-de-datos-y-acompanamiento-a-familias\\\/\"]}]},{\"@type\":\"ImageObject\",\"inLanguage\":\"es\",\"@id\":\"https:\\\/\\\/latamjournalismreview.org\\\/es\\\/articles\\\/medio-digital-eltoque-pone-rostros-a-la-crisis-de-migrantes-cubanos-con-un-proyecto-de-periodismo-de-datos-y-acompanamiento-a-familias\\\/#primaryimage\",\"url\":\"https:\\\/\\\/latamjournalismreview.org\\\/wp-content\\\/uploads\\\/2023\\\/03\\\/Featured-Migration-Cuba.png\",\"contentUrl\":\"https:\\\/\\\/latamjournalismreview.org\\\/wp-content\\\/uploads\\\/2023\\\/03\\\/Featured-Migration-Cuba.png\",\"width\":507,\"height\":340,\"caption\":\"Screenshot of the multimedia special about Cuban migration crisis, by digital media outlet elTOQUE.\"},{\"@type\":\"BreadcrumbList\",\"@id\":\"https:\\\/\\\/latamjournalismreview.org\\\/es\\\/articles\\\/medio-digital-eltoque-pone-rostros-a-la-crisis-de-migrantes-cubanos-con-un-proyecto-de-periodismo-de-datos-y-acompanamiento-a-familias\\\/#breadcrumb\",\"itemListElement\":[{\"@type\":\"ListItem\",\"position\":1,\"name\":\"Home\",\"item\":\"https:\\\/\\\/latamjournalismreview.org\\\/es\\\/\"},{\"@type\":\"ListItem\",\"position\":2,\"name\":\"Medio digital elTOQUE pone rostros a la crisis de migrantes cubanos con un proyecto de periodismo de datos y acompa\u00f1amiento a familias\"}]},{\"@type\":\"WebSite\",\"@id\":\"https:\\\/\\\/latamjournalismreview.org\\\/es\\\/#website\",\"url\":\"https:\\\/\\\/latamjournalismreview.org\\\/es\\\/\",\"name\":\"LatAm Journalism Review\",\"description\":\"Knight Center at The University of Texas\",\"publisher\":{\"@id\":\"https:\\\/\\\/latamjournalismreview.org\\\/es\\\/#organization\"},\"potentialAction\":[{\"@type\":\"SearchAction\",\"target\":{\"@type\":\"EntryPoint\",\"urlTemplate\":\"https:\\\/\\\/latamjournalismreview.org\\\/es\\\/?s={search_term_string}\"},\"query-input\":{\"@type\":\"PropertyValueSpecification\",\"valueRequired\":true,\"valueName\":\"search_term_string\"}}],\"inLanguage\":\"es\"},{\"@type\":\"Organization\",\"@id\":\"https:\\\/\\\/latamjournalismreview.org\\\/es\\\/#organization\",\"name\":\"LatAm Journalism Review\",\"url\":\"https:\\\/\\\/latamjournalismreview.org\\\/es\\\/\",\"logo\":{\"@type\":\"ImageObject\",\"inLanguage\":\"es\",\"@id\":\"https:\\\/\\\/latamjournalismreview.org\\\/es\\\/#\\\/schema\\\/logo\\\/image\\\/\",\"url\":\"https:\\\/\\\/latamjournalismreview.org\\\/wp-content\\\/uploads\\\/2020\\\/05\\\/knight-latAm-review-logo.svg\",\"contentUrl\":\"https:\\\/\\\/latamjournalismreview.org\\\/wp-content\\\/uploads\\\/2020\\\/05\\\/knight-latAm-review-logo.svg\",\"width\":\"1024\",\"height\":\"1024\",\"caption\":\"LatAm Journalism Review\"},\"image\":{\"@id\":\"https:\\\/\\\/latamjournalismreview.org\\\/es\\\/#\\\/schema\\\/logo\\\/image\\\/\"},\"sameAs\":[\"https:\\\/\\\/x.com\\\/LatAmJournalism\"]},{\"@type\":\"Person\",\"@id\":\"https:\\\/\\\/latamjournalismreview.org\\\/es\\\/#\\\/schema\\\/person\\\/dcf6dcdd6226ac8d939e2796645d17c6\",\"name\":\"C\u00e9sar L\u00f3pez Linares\",\"description\":\"C\u00e9sar L\u00f3pez Linares began his career at the Mexican newspaper REFORMA as an entertainment and media co-editor. He has written for publications such as TODO Austin, Texas Music Magazine and The Austin Chronicle. C\u00e9sar has a Master's degree in Journalism from the University of Texas at Austin and a Bachelors degree in Communication from the National Autonomous University of Mexico. He previously wrote about innovation in journalism for the Gabo Foundation in Colombia and currently reports for the Knight Center's LatAmJournalism Review digital magazine. A native of Mexico City, C\u00e9sar has become a digital nomad combining content creation with his passion for travel. ________ C\u00e9sar L\u00f3pez Linares inici\u00f3 su carrera en el diario mexicano REFORMA como coeditor de entretenimiento y medios. Ha escrito para publicaciones como TODO Austin, Texas Music Magazine y The Austin Chronicle. C\u00e9sar tiene una Maestr\u00eda en Periodismo de la Universidad de Texas en Austin y una Licenciatura en Comunicaci\u00f3n de la Universidad Nacional Aut\u00f3noma de M\u00e9xico. Previamente escribi\u00f3 sobre innovaci\u00f3n en periodismo para la Fundaci\u00f3n Gabo en Colombia y actualmente escribe para la revista digital LatAmJournalism Review del Centro Knight. Originario de la Ciudad de M\u00e9xico, C\u00e9sar se ha convertido en un n\u00f3mada digital que combina la creaci\u00f3n de contenido con su pasi\u00f3n por viajar. _________ C\u00e9sar L\u00f3pez Linares come\u00e7ou sua carreira no jornal mexicano REFORMA como coeditor de entretenimento e m\u00eddia. Ele escreveu para publica\u00e7\u00f5es como TODO Austin, Texas Music Magazine e The Austin Chronicle. C\u00e9sar tem mestrado em jornalismo pela University of Texas em Austin e \u00e9 bacharel em comunica\u00e7\u00e3o pela Universidad Nacional Aut\u00f3noma de M\u00e9xico. Antes disso, ele escreveu sobre inova\u00e7\u00e3o no jornalismo para a Funda\u00e7\u00e3o Gabo na Col\u00f4mbia. Atualmente escreve para a revista digital LatAmJournalism Review do Centro Knight. Nascido na Cidade do M\u00e9xico, C\u00e9sar se tornou um n\u00f4made digital combinando a cria\u00e7\u00e3o de conte\u00fado com sua paix\u00e3o por viagens.\",\"sameAs\":[\"https:\\\/\\\/x.com\\\/cesarisch\"],\"url\":\"https:\\\/\\\/latamjournalismreview.org\\\/es\\\/articles\\\/author\\\/cesar-lopez-linares\\\/\"}]}<\/script>\n<!-- \/ Yoast SEO Premium plugin. -->","yoast_head_json":{"title":"Medio digital elTOQUE pone rostros a la crisis de migrantes cubanos con un proyecto de periodismo de datos y acompa\u00f1amiento a familias - LatAm Journalism Review","description":"Medio digital elTOQUE pone rostros a la crisis de migrantes cubanos con un proyecto de periodismo de datos y acompa\u00f1amiento a familias Innovaci\u00f3n. Latin American Journalism Review by The Knight Center at The University of Texas at Austin.","robots":{"index":"index","follow":"follow","max-snippet":"max-snippet:-1","max-image-preview":"max-image-preview:large","max-video-preview":"max-video-preview:-1"},"canonical":"https:\/\/latamjournalismreview.org\/es\/articles\/medio-digital-eltoque-pone-rostros-a-la-crisis-de-migrantes-cubanos-con-un-proyecto-de-periodismo-de-datos-y-acompanamiento-a-familias\/","og_locale":"es_ES","og_type":"article","og_title":"Medio digital elTOQUE pone rostros a la crisis de migrantes cubanos con un proyecto de periodismo de datos y acompa\u00f1amiento a familias","og_description":"Medio digital elTOQUE pone rostros a la crisis de migrantes cubanos con un proyecto de periodismo de datos y acompa\u00f1amiento a familias Innovaci\u00f3n. Latin American Journalism Review by The Knight Center at The University of Texas at Austin.","og_url":"https:\/\/latamjournalismreview.org\/es\/articles\/medio-digital-eltoque-pone-rostros-a-la-crisis-de-migrantes-cubanos-con-un-proyecto-de-periodismo-de-datos-y-acompanamiento-a-familias\/","og_site_name":"LatAm Journalism Review","article_published_time":"2023-03-27T20:08:47+00:00","article_modified_time":"2023-03-27T20:13:11+00:00","og_image":[{"width":507,"height":340,"url":"https:\/\/latamjournalismreview.org\/wp-content\/uploads\/2023\/03\/Featured-Migration-Cuba.png","type":"image\/png"}],"author":"C\u00e9sar L\u00f3pez Linares","twitter_card":"summary_large_image","twitter_creator":"@cesarisch","twitter_site":"@LatAmJournalism","twitter_misc":{"Written by":"C\u00e9sar L\u00f3pez Linares","Est. reading time":"11 minutos"},"schema":{"@context":"https:\/\/schema.org","@graph":[{"@type":"Article","@id":"https:\/\/latamjournalismreview.org\/es\/articles\/medio-digital-eltoque-pone-rostros-a-la-crisis-de-migrantes-cubanos-con-un-proyecto-de-periodismo-de-datos-y-acompanamiento-a-familias\/#article","isPartOf":{"@id":"https:\/\/latamjournalismreview.org\/es\/articles\/medio-digital-eltoque-pone-rostros-a-la-crisis-de-migrantes-cubanos-con-un-proyecto-de-periodismo-de-datos-y-acompanamiento-a-familias\/"},"author":{"name":"C\u00e9sar L\u00f3pez Linares","@id":"https:\/\/latamjournalismreview.org\/es\/#\/schema\/person\/dcf6dcdd6226ac8d939e2796645d17c6"},"headline":"Medio digital elTOQUE pone rostros a la crisis de migrantes cubanos con un proyecto de periodismo de datos y acompa\u00f1amiento a familias","datePublished":"2023-03-27T20:08:47+00:00","dateModified":"2023-03-27T20:13:11+00:00","mainEntityOfPage":{"@id":"https:\/\/latamjournalismreview.org\/es\/articles\/medio-digital-eltoque-pone-rostros-a-la-crisis-de-migrantes-cubanos-con-un-proyecto-de-periodismo-de-datos-y-acompanamiento-a-familias\/"},"wordCount":2243,"publisher":{"@id":"https:\/\/latamjournalismreview.org\/es\/#organization"},"image":{"@id":"https:\/\/latamjournalismreview.org\/es\/articles\/medio-digital-eltoque-pone-rostros-a-la-crisis-de-migrantes-cubanos-con-un-proyecto-de-periodismo-de-datos-y-acompanamiento-a-familias\/#primaryimage"},"thumbnailUrl":"https:\/\/latamjournalismreview.org\/wp-content\/uploads\/2023\/03\/Featured-Migration-Cuba.png","keywords":["Cuba","Migraci\u00f3n","Periodismo de datos"],"articleSection":["Innovaci\u00f3n"],"inLanguage":"es"},{"@type":"WebPage","@id":"https:\/\/latamjournalismreview.org\/es\/articles\/medio-digital-eltoque-pone-rostros-a-la-crisis-de-migrantes-cubanos-con-un-proyecto-de-periodismo-de-datos-y-acompanamiento-a-familias\/","url":"https:\/\/latamjournalismreview.org\/es\/articles\/medio-digital-eltoque-pone-rostros-a-la-crisis-de-migrantes-cubanos-con-un-proyecto-de-periodismo-de-datos-y-acompanamiento-a-familias\/","name":"Medio digital elTOQUE pone rostros a la crisis de migrantes cubanos con un proyecto de periodismo de datos y acompa\u00f1amiento a familias - LatAm Journalism Review","isPartOf":{"@id":"https:\/\/latamjournalismreview.org\/es\/#website"},"primaryImageOfPage":{"@id":"https:\/\/latamjournalismreview.org\/es\/articles\/medio-digital-eltoque-pone-rostros-a-la-crisis-de-migrantes-cubanos-con-un-proyecto-de-periodismo-de-datos-y-acompanamiento-a-familias\/#primaryimage"},"image":{"@id":"https:\/\/latamjournalismreview.org\/es\/articles\/medio-digital-eltoque-pone-rostros-a-la-crisis-de-migrantes-cubanos-con-un-proyecto-de-periodismo-de-datos-y-acompanamiento-a-familias\/#primaryimage"},"thumbnailUrl":"https:\/\/latamjournalismreview.org\/wp-content\/uploads\/2023\/03\/Featured-Migration-Cuba.png","datePublished":"2023-03-27T20:08:47+00:00","dateModified":"2023-03-27T20:13:11+00:00","description":"Medio digital elTOQUE pone rostros a la crisis de migrantes cubanos con un proyecto de periodismo de datos y acompa\u00f1amiento a familias Innovaci\u00f3n. Latin American Journalism Review by The Knight Center at The University of Texas at Austin.","breadcrumb":{"@id":"https:\/\/latamjournalismreview.org\/es\/articles\/medio-digital-eltoque-pone-rostros-a-la-crisis-de-migrantes-cubanos-con-un-proyecto-de-periodismo-de-datos-y-acompanamiento-a-familias\/#breadcrumb"},"inLanguage":"es","potentialAction":[{"@type":"ReadAction","target":["https:\/\/latamjournalismreview.org\/es\/articles\/medio-digital-eltoque-pone-rostros-a-la-crisis-de-migrantes-cubanos-con-un-proyecto-de-periodismo-de-datos-y-acompanamiento-a-familias\/"]}]},{"@type":"ImageObject","inLanguage":"es","@id":"https:\/\/latamjournalismreview.org\/es\/articles\/medio-digital-eltoque-pone-rostros-a-la-crisis-de-migrantes-cubanos-con-un-proyecto-de-periodismo-de-datos-y-acompanamiento-a-familias\/#primaryimage","url":"https:\/\/latamjournalismreview.org\/wp-content\/uploads\/2023\/03\/Featured-Migration-Cuba.png","contentUrl":"https:\/\/latamjournalismreview.org\/wp-content\/uploads\/2023\/03\/Featured-Migration-Cuba.png","width":507,"height":340,"caption":"Screenshot of the multimedia special about Cuban migration crisis, by digital media outlet elTOQUE."},{"@type":"BreadcrumbList","@id":"https:\/\/latamjournalismreview.org\/es\/articles\/medio-digital-eltoque-pone-rostros-a-la-crisis-de-migrantes-cubanos-con-un-proyecto-de-periodismo-de-datos-y-acompanamiento-a-familias\/#breadcrumb","itemListElement":[{"@type":"ListItem","position":1,"name":"Home","item":"https:\/\/latamjournalismreview.org\/es\/"},{"@type":"ListItem","position":2,"name":"Medio digital elTOQUE pone rostros a la crisis de migrantes cubanos con un proyecto de periodismo de datos y acompa\u00f1amiento a familias"}]},{"@type":"WebSite","@id":"https:\/\/latamjournalismreview.org\/es\/#website","url":"https:\/\/latamjournalismreview.org\/es\/","name":"LatAm Journalism Review","description":"Knight Center at The University of Texas","publisher":{"@id":"https:\/\/latamjournalismreview.org\/es\/#organization"},"potentialAction":[{"@type":"SearchAction","target":{"@type":"EntryPoint","urlTemplate":"https:\/\/latamjournalismreview.org\/es\/?s={search_term_string}"},"query-input":{"@type":"PropertyValueSpecification","valueRequired":true,"valueName":"search_term_string"}}],"inLanguage":"es"},{"@type":"Organization","@id":"https:\/\/latamjournalismreview.org\/es\/#organization","name":"LatAm Journalism Review","url":"https:\/\/latamjournalismreview.org\/es\/","logo":{"@type":"ImageObject","inLanguage":"es","@id":"https:\/\/latamjournalismreview.org\/es\/#\/schema\/logo\/image\/","url":"https:\/\/latamjournalismreview.org\/wp-content\/uploads\/2020\/05\/knight-latAm-review-logo.svg","contentUrl":"https:\/\/latamjournalismreview.org\/wp-content\/uploads\/2020\/05\/knight-latAm-review-logo.svg","width":"1024","height":"1024","caption":"LatAm Journalism Review"},"image":{"@id":"https:\/\/latamjournalismreview.org\/es\/#\/schema\/logo\/image\/"},"sameAs":["https:\/\/x.com\/LatAmJournalism"]},{"@type":"Person","@id":"https:\/\/latamjournalismreview.org\/es\/#\/schema\/person\/dcf6dcdd6226ac8d939e2796645d17c6","name":"C\u00e9sar L\u00f3pez Linares","description":"C\u00e9sar L\u00f3pez Linares began his career at the Mexican newspaper REFORMA as an entertainment and media co-editor. He has written for publications such as TODO Austin, Texas Music Magazine and The Austin Chronicle. C\u00e9sar has a Master's degree in Journalism from the University of Texas at Austin and a Bachelors degree in Communication from the National Autonomous University of Mexico. He previously wrote about innovation in journalism for the Gabo Foundation in Colombia and currently reports for the Knight Center's LatAmJournalism Review digital magazine. A native of Mexico City, C\u00e9sar has become a digital nomad combining content creation with his passion for travel. ________ C\u00e9sar L\u00f3pez Linares inici\u00f3 su carrera en el diario mexicano REFORMA como coeditor de entretenimiento y medios. Ha escrito para publicaciones como TODO Austin, Texas Music Magazine y The Austin Chronicle. C\u00e9sar tiene una Maestr\u00eda en Periodismo de la Universidad de Texas en Austin y una Licenciatura en Comunicaci\u00f3n de la Universidad Nacional Aut\u00f3noma de M\u00e9xico. Previamente escribi\u00f3 sobre innovaci\u00f3n en periodismo para la Fundaci\u00f3n Gabo en Colombia y actualmente escribe para la revista digital LatAmJournalism Review del Centro Knight. Originario de la Ciudad de M\u00e9xico, C\u00e9sar se ha convertido en un n\u00f3mada digital que combina la creaci\u00f3n de contenido con su pasi\u00f3n por viajar. _________ C\u00e9sar L\u00f3pez Linares come\u00e7ou sua carreira no jornal mexicano REFORMA como coeditor de entretenimento e m\u00eddia. Ele escreveu para publica\u00e7\u00f5es como TODO Austin, Texas Music Magazine e The Austin Chronicle. C\u00e9sar tem mestrado em jornalismo pela University of Texas em Austin e \u00e9 bacharel em comunica\u00e7\u00e3o pela Universidad Nacional Aut\u00f3noma de M\u00e9xico. Antes disso, ele escreveu sobre inova\u00e7\u00e3o no jornalismo para a Funda\u00e7\u00e3o Gabo na Col\u00f4mbia. Atualmente escreve para a revista digital LatAmJournalism Review do Centro Knight. Nascido na Cidade do M\u00e9xico, C\u00e9sar se tornou um n\u00f4made digital combinando a cria\u00e7\u00e3o de conte\u00fado com sua paix\u00e3o por viagens.","sameAs":["https:\/\/x.com\/cesarisch"],"url":"https:\/\/latamjournalismreview.org\/es\/articles\/author\/cesar-lopez-linares\/"}]}},"_links":{"self":[{"href":"https:\/\/latamjournalismreview.org\/es\/wp-json\/wp\/v2\/posts\/73481","targetHints":{"allow":["GET"]}}],"collection":[{"href":"https:\/\/latamjournalismreview.org\/es\/wp-json\/wp\/v2\/posts"}],"about":[{"href":"https:\/\/latamjournalismreview.org\/es\/wp-json\/wp\/v2\/types\/post"}],"author":[{"embeddable":true,"href":"https:\/\/latamjournalismreview.org\/es\/wp-json\/wp\/v2\/users\/19"}],"replies":[{"embeddable":true,"href":"https:\/\/latamjournalismreview.org\/es\/wp-json\/wp\/v2\/comments?post=73481"}],"version-history":[{"count":6,"href":"https:\/\/latamjournalismreview.org\/es\/wp-json\/wp\/v2\/posts\/73481\/revisions"}],"predecessor-version":[{"id":73572,"href":"https:\/\/latamjournalismreview.org\/es\/wp-json\/wp\/v2\/posts\/73481\/revisions\/73572"}],"wp:featuredmedia":[{"embeddable":true,"href":"https:\/\/latamjournalismreview.org\/es\/wp-json\/wp\/v2\/media\/73491"}],"wp:attachment":[{"href":"https:\/\/latamjournalismreview.org\/es\/wp-json\/wp\/v2\/media?parent=73481"}],"wp:term":[{"taxonomy":"category","embeddable":true,"href":"https:\/\/latamjournalismreview.org\/es\/wp-json\/wp\/v2\/categories?post=73481"},{"taxonomy":"post_tag","embeddable":true,"href":"https:\/\/latamjournalismreview.org\/es\/wp-json\/wp\/v2\/tags?post=73481"},{"taxonomy":"author","embeddable":true,"href":"https:\/\/latamjournalismreview.org\/es\/wp-json\/wp\/v2\/coauthors?post=73481"}],"curies":[{"name":"wp","href":"https:\/\/api.w.org\/{rel}","templated":true}]}}