{"id":74447,"date":"2023-04-17T18:30:43","date_gmt":"2023-04-17T23:30:43","guid":{"rendered":"https:\/\/latamjournalismreview.org\/?p=74447"},"modified":"2023-04-19T11:42:26","modified_gmt":"2023-04-19T16:42:26","slug":"evitar-el-escenario-de-enterrar-la-cabeza-voces-expertas-discuten-sobre-cobertura-efectiva-del-cambio-climatico-fomentando-la-conexion-con-la-audiencia","status":"publish","type":"post","link":"https:\/\/latamjournalismreview.org\/es\/articles\/evitar-el-escenario-de-enterrar-la-cabeza-voces-expertas-discuten-sobre-cobertura-efectiva-del-cambio-climatico-fomentando-la-conexion-con-la-audiencia\/","title":{"rendered":"Voces expertas discuten en ISOJ sobre cobertura efectiva del cambio clim\u00e1tico, fomentando la conexi\u00f3n con la audiencia"},"content":{"rendered":"<p><strong>Por Sarah Brager<\/strong><\/p>\n<p>Transmitir las consecuencias del cambio clim\u00e1tico de una manera precisa y digerible contin\u00faa desafiando a periodistas ambientales. Al abordar c\u00f3mo mejorar la cobertura de la crisis clim\u00e1tica, un grupo de panelistas del\u00a0<a href=\"https:\/\/isoj.org\/symposia\/2023\/\" target=\"_blank\" rel=\"noopener noreferrer\"><u>Simposio Internacional de Periodismo Online (ISOJ) de 2023<\/u><\/a> comparti\u00f3 la importancia de hacer que las historias sean m\u00e1s personales para la audiencia, reinventar las maneras de narrar, colaborar en la difusi\u00f3n de informaci\u00f3n y promover optimismo a trav\u00e9s de soluciones.<\/p>\n<p>Durante el panel \u201cC\u00f3mo mejorar la cobertura de la crisis clim\u00e1tica y evitar el escenario de \u201cDon\u2019t Look up\u201d [pel\u00edcula de Netflix traducida \u2018No mires arriba\u2019], los expertos hablaron de sus respectivas experiencias en la comunicaci\u00f3n del estado del cambio clim\u00e1tico, enfatizando en que los periodistas deben tener en cuenta la participaci\u00f3n de la audiencia adem\u00e1s de simplemente informar los hechos.<\/p>\n<p>El panel del 15 de abril fue moderado por\u00a0<a href=\"https:\/\/isoj.org\/speakers-2023\/john-schwartz\/\" target=\"_blank\" rel=\"noopener noreferrer\"><u>John Schwartz<\/u><\/a>, profesor de la Escuela de Periodismo y Medios de UT Austin y exreportero cient\u00edfico de The New York Times. Al abrir la discusi\u00f3n, Schwartz reconoci\u00f3 que los periodistas todav\u00eda est\u00e1n tratando de encontrar la mejor manera de contar la historia de la crisis clim\u00e1tica.<\/p>\n<p>\u201cEl problema del cambio clim\u00e1tico no es algo con lo que lidiamos a medias\u201d, dijo Schwartz. \u201cSe necesita el compromiso de los reporteros\u201d.<\/p>\n<p><a href=\"https:\/\/isoj.org\/speakers-2023\/manuela-andreoni\/\" target=\"_blank\" rel=\"noopener noreferrer\"><u>Manuela Andreoni<\/u><\/a>, reportera clim\u00e1tica para The New York Times basada en Brasil, comparti\u00f3 c\u00f3mo \u201cayudar a las personas a mirar hacia arriba, hacia abajo y alrededor\u201d con un enfoque triple: acercarlas, sorprenderlas y hacer que los problemas sean personales.<\/p>\n<p>Andreoni explic\u00f3 c\u00f3mo los lectores a menudo se sienten desconectados y luchan por encontrar significado en las noticias clim\u00e1ticas si las historias ocurren lejos de ellos. Para evitar esto, dijo que los reporteros deber\u00edan usar reportajes de investigaci\u00f3n para ayudar a los lectores a sentirse reconectados con temas como el cambio clim\u00e1tico y la crisis de la biodiversidad. Adem\u00e1s, dijo que esto debe hacerse de una manera que sea \u00fanica para brindar una nueva perspectiva sobre temas que pueden parecer repetitivos en las noticias.<\/p>\n<p>Como escritora del bolet\u00edn Climate Forward de The New York Times, Andreoni dijo que los reporteros deben mostrar a la audiencia c\u00f3mo el cambio clim\u00e1tico es importante en su vida diaria. Construir esa conexi\u00f3n con los lectores, dijo, les ayudar\u00e1 a involucrarse mejor con los temas que se tratan.<\/p>\n<p>\u201cEstamos hablando de cambiar el planeta de manera que lo hagamos inhabitable para nosotros, entonces estamos hablando de salvarnos\u201d, dijo Andreoni. \u201cEs importante conectarse realmente con los lectores en este espacio tan personal sobre c\u00f3mo las cosas est\u00e1n cambiando en sus propias vidas y c\u00f3mo sus propias vidas impactan estos cambios\u201d.<\/p>\n<h3>Se requiere una nueva narraci\u00f3n<\/h3>\n<p><a href=\"https:\/\/isoj.org\/speakers-2023\/darryl-fears\/\" target=\"_blank\" rel=\"noopener noreferrer\"><u>Darryl Fears<\/u><\/a>, reportero de justicia ambiental en The Washington Post, dijo que el compromiso tambi\u00e9n requiere un liderazgo m\u00e1s fuerte y una narraci\u00f3n reinventada.<\/p>\n<p>Fears enfatiz\u00f3 la necesidad de crear un nuevo modelo para contar historias ambientales, uno que se base m\u00e1s en el valor del \u201catractivo cinematogr\u00e1fico\u201d de fot\u00f3grafos, dise\u00f1adores y artistas que pueden ayudar a la audiencia a ver el problema que describen los reporteros.<\/p>\n<p>Adem\u00e1s, Fears dijo que decidi\u00f3 prestar m\u00e1s atenci\u00f3n a los \u201ccanarios del cambio clim\u00e1tico de Estados Unidos\u201d, o las personas que est\u00e1n en la primera l\u00ednea del cambio clim\u00e1tico: comunidades de color y comunidades de bajos ingresos.<\/p>\n<p>\u201cEstas personas podr\u00e1n decirnos c\u00f3mo es el futuro para todos nosotros\u201d, dijo Fears. \u201cNecesitamos hacer todo lo posible para darles el tiempo y la atenci\u00f3n que merecen\u201d.<\/p>\n<p>Fears dijo que la gente tambi\u00e9n deber\u00eda analizar c\u00f3mo se distribuye el dinero entre las organizaciones ambientales porque los grupos de justicia ambiental a menudo son \u201can\u00e9micos en su financiaci\u00f3n\u201d.<\/p>\n<p><a href=\"https:\/\/isoj.org\/speakers-2023\/vernon-loeb\/\" target=\"_blank\" rel=\"noopener noreferrer\"><u>Vernon Loeb<\/u><\/a>, editor ejecutivo de Inside Climate News, dijo que su experiencia en el sector del periodismo sin fines de lucro le ense\u00f1\u00f3 a ver a otros periodistas como colaboradores en este esfuerzo, no como competidores. La necesidad de colaboraci\u00f3n es extraordinaria, dijo, porque el cambio clim\u00e1tico es una historia enorme que abordar.<\/p>\n<p>Loeb tambi\u00e9n dijo que los periodistas tienen un poder incre\u00edblemente fuerte para enfrentar la autocomplacencia y abogar por una soluci\u00f3n a la crisis clim\u00e1tica si trabajan juntos y \u201cllenan los vac\u00edos regionales\u201d.<\/p>\n<p>\u201cAhora, de repente, existe este intercambio... existe esta colaboraci\u00f3n y, en todo caso, ayudar\u00e1 a compensar la p\u00e9rdida de todos estos reporteros locales\u201d, dijo Loeb. \u201cSi algo va a ayudar a compensar esa p\u00e9rdida de informaci\u00f3n realmente profunda y significativa a nivel local, ser\u00e1 este tipo de colaboraci\u00f3n\u201d.<\/p>\n<p><a href=\"https:\/\/isoj.org\/speakers-2023\/michael-webber\/\" target=\"_blank\" rel=\"noopener noreferrer\"><u>Michael Webbe<\/u><\/a>r, el profesor de recursos energ\u00e9ticos de UT Austin, aport\u00f3 su perspectiva como ingeniero y consumidor de noticias ambientales al panel. Si bien dijo que la cobertura clim\u00e1tica ha recorrido un largo camino, todav\u00eda hay espacio para centrarse m\u00e1s en el optimismo y las soluciones complejas.<\/p>\n<p>Webber dijo que el costo de no hacer nada en respuesta al cambio clim\u00e1tico es mucho m\u00e1s caro que el de la energ\u00eda limpia, y recomend\u00f3 que los reporteros incluyan m\u00e1s ese hecho en su cobertura. Esto, y mostrar se\u00f1ales de optimismo, podr\u00eda fortalecer el periodismo sobre el cambio clim\u00e1tico, dijo.<\/p>\n<p>\u201cTenemos que tomar medidas urgentes porque... queremos evitar las malas noticias, pero mira todo lo bueno que obtenemos cuando tomamos medidas\u201d, dijo Webber. \u201cEsto conduce a mejores empleos, todo m\u00e1s limpio, una mejor equidad en la forma en que accedemos a la energ\u00eda (y) una mejor equidad de qui\u00e9n sufre la contaminaci\u00f3n del aire\u201d.<\/p>\n<p>Los que niegan el cambio clim\u00e1tico amenazan la difusi\u00f3n de la verdad y, en \u00faltima instancia, plantean la cuesti\u00f3n de qu\u00e9 pueden hacer los periodistas para combatir la desinformaci\u00f3n. Cuando se les pregunt\u00f3 c\u00f3mo se debe abordar esto, los panelistas acordaron que los reporteros deben usar a cient\u00edficos como punto de partida para identificar hechos y soluciones que luego se pueden desglosar para la audiencia.<\/p>\n<h3>\u00bfMiedo a la acci\u00f3n?<\/h3>\n<p>A veces, la ciencia puede dar miedo de leer. Sin embargo, Loeb dijo que cree firmemente que hay momentos apropiados en los que la cobertura clim\u00e1tica deber\u00eda asustar a la gente, y se\u00f1al\u00f3 que existe una \u201cfalsa dicotom\u00eda\u201d entre el periodismo de fatalidad y el periodismo de soluciones.<\/p>\n<p>\u201cEn cada historia que asusta a la gente, hay soluciones\u201d, dijo Loeb. \u201cAsustarse, hasta cierto punto, es una soluci\u00f3n\u201d.<\/p>\n<p>A medida que los periodistas aprenden a lograr un equilibrio entre proporcionar la verdad dura, a menudo aterradora, y resaltar soluciones optimistas, Schwartz record\u00f3 a los oyentes que enmarcar la cobertura para comprender el miedo no es el enfoque correcto.<\/p>\n<p>Los periodistas todav\u00eda est\u00e1n aprendiendo las herramientas m\u00e1s efectivas para comunicar noticias ambientales, pero todos los panelistas coincidieron en que, al final, los reporteros deben seguir comprometidos en informar los hechos porque el periodismo es una herramienta poderosa en la lucha contra el cambio clim\u00e1tico.<\/p>\n<p>---<\/p>\n<p><em>Sarah Brager es una estudiante de segundo a\u00f1o de periodismo en UT Austin. Actualmente es reportera de noticias generales para The Daily Texan y reportera fellow en el Community Impact Newspaper, donde se enfoca en la cobertura hiperlocal y de diversidad de la comunidad de Austin.<\/em><\/p>\n<p>(Foto de banner: Patricia Lim \/ Centro Knight)<\/p>\n","protected":false},"excerpt":{"rendered":"<p>Panelistas de The New York Times, The Washington Post, Inside Climate News y la Universidad de Texas en Austin compartieron en ISOJ sus estrategias para informar sobre el cambio clim\u00e1tico y recomendaciones sobre d\u00f3nde se puede mejorar la cobertura.<\/p>\n","protected":false},"author":17,"featured_media":74430,"comment_status":"closed","ping_status":"closed","sticky":false,"template":"","format":"standard","meta":{"inline_featured_image":false,"footnotes":""},"categories":[1347],"tags":[1532,2047],"coauthors":[],"class_list":["post-74447","post","type-post","status-publish","format-standard","has-post-thumbnail","hentry","category-isoj-es","tag-periodismo-ambiental-es","tag-periodismo-de-soluciones"],"acf":[],"yoast_head":"<!-- This site is optimized with the Yoast SEO Premium plugin v22.6 (Yoast SEO v27.4) - https:\/\/yoast.com\/product\/yoast-seo-premium-wordpress\/ -->\n<title>Voces expertas discuten en ISOJ sobre cobertura efectiva del cambio clim\u00e1tico, fomentando la conexi\u00f3n con la audiencia - LatAm Journalism Review<\/title>\n<meta name=\"description\" content=\"Voces expertas discuten en ISOJ sobre cobertura efectiva del cambio clim\u00e1tico, fomentando la conexi\u00f3n con la audiencia ISOJ. Latin American Journalism Review by The Knight Center at The University of Texas at Austin.\" \/>\n<meta name=\"robots\" content=\"index, follow, max-snippet:-1, max-image-preview:large, max-video-preview:-1\" \/>\n<link rel=\"canonical\" href=\"https:\/\/latamjournalismreview.org\/es\/articles\/evitar-el-escenario-de-enterrar-la-cabeza-voces-expertas-discuten-sobre-cobertura-efectiva-del-cambio-climatico-fomentando-la-conexion-con-la-audiencia\/\" \/>\n<meta property=\"og:locale\" content=\"es_ES\" \/>\n<meta property=\"og:type\" content=\"article\" \/>\n<meta property=\"og:title\" content=\"Voces expertas discuten en ISOJ sobre cobertura efectiva del cambio clim\u00e1tico, fomentando la conexi\u00f3n con la audiencia\" \/>\n<meta property=\"og:description\" content=\"Voces expertas discuten en ISOJ sobre cobertura efectiva del cambio clim\u00e1tico, fomentando la conexi\u00f3n con la audiencia ISOJ. Latin American Journalism Review by The Knight Center at The University of Texas at Austin.\" \/>\n<meta property=\"og:url\" content=\"https:\/\/latamjournalismreview.org\/es\/articles\/evitar-el-escenario-de-enterrar-la-cabeza-voces-expertas-discuten-sobre-cobertura-efectiva-del-cambio-climatico-fomentando-la-conexion-con-la-audiencia\/\" \/>\n<meta property=\"og:site_name\" content=\"LatAm Journalism Review\" \/>\n<meta property=\"article:published_time\" content=\"2023-04-17T23:30:43+00:00\" \/>\n<meta property=\"article:modified_time\" content=\"2023-04-19T16:42:26+00:00\" \/>\n<meta property=\"og:image\" content=\"https:\/\/latamjournalismreview.org\/wp-content\/uploads\/2023\/04\/Featured-climate-Panel.png\" \/>\n\t<meta property=\"og:image:width\" content=\"466\" \/>\n\t<meta property=\"og:image:height\" content=\"350\" \/>\n\t<meta property=\"og:image:type\" content=\"image\/png\" \/>\n<meta name=\"author\" content=\"Guest\" \/>\n<meta name=\"twitter:card\" content=\"summary_large_image\" \/>\n<meta name=\"twitter:creator\" content=\"@LatAmJournalism\" \/>\n<meta name=\"twitter:site\" content=\"@LatAmJournalism\" \/>\n<meta name=\"twitter:label1\" content=\"Written by\" \/>\n\t<meta name=\"twitter:data1\" content=\"Guest\" \/>\n\t<meta name=\"twitter:label2\" content=\"Est. reading time\" \/>\n\t<meta name=\"twitter:data2\" content=\"6 minutos\" \/>\n<script type=\"application\/ld+json\" class=\"yoast-schema-graph\">{\"@context\":\"https:\\\/\\\/schema.org\",\"@graph\":[{\"@type\":\"Article\",\"@id\":\"https:\\\/\\\/latamjournalismreview.org\\\/es\\\/articles\\\/evitar-el-escenario-de-enterrar-la-cabeza-voces-expertas-discuten-sobre-cobertura-efectiva-del-cambio-climatico-fomentando-la-conexion-con-la-audiencia\\\/#article\",\"isPartOf\":{\"@id\":\"https:\\\/\\\/latamjournalismreview.org\\\/es\\\/articles\\\/evitar-el-escenario-de-enterrar-la-cabeza-voces-expertas-discuten-sobre-cobertura-efectiva-del-cambio-climatico-fomentando-la-conexion-con-la-audiencia\\\/\"},\"author\":{\"name\":\"Guest\",\"@id\":\"https:\\\/\\\/latamjournalismreview.org\\\/es\\\/#\\\/schema\\\/person\\\/0315202e0b3c0963a2440f1c3012c360\"},\"headline\":\"Voces expertas discuten en ISOJ sobre cobertura efectiva del cambio clim\u00e1tico, fomentando la conexi\u00f3n con la audiencia\",\"datePublished\":\"2023-04-17T23:30:43+00:00\",\"dateModified\":\"2023-04-19T16:42:26+00:00\",\"mainEntityOfPage\":{\"@id\":\"https:\\\/\\\/latamjournalismreview.org\\\/es\\\/articles\\\/evitar-el-escenario-de-enterrar-la-cabeza-voces-expertas-discuten-sobre-cobertura-efectiva-del-cambio-climatico-fomentando-la-conexion-con-la-audiencia\\\/\"},\"wordCount\":1285,\"publisher\":{\"@id\":\"https:\\\/\\\/latamjournalismreview.org\\\/es\\\/#organization\"},\"image\":{\"@id\":\"https:\\\/\\\/latamjournalismreview.org\\\/es\\\/articles\\\/evitar-el-escenario-de-enterrar-la-cabeza-voces-expertas-discuten-sobre-cobertura-efectiva-del-cambio-climatico-fomentando-la-conexion-con-la-audiencia\\\/#primaryimage\"},\"thumbnailUrl\":\"https:\\\/\\\/latamjournalismreview.org\\\/wp-content\\\/uploads\\\/2023\\\/04\\\/Featured-climate-Panel.png\",\"keywords\":[\"Periodismo ambiental\",\"Periodismo de soluciones\"],\"articleSection\":[\"ISOJ\"],\"inLanguage\":\"es\"},{\"@type\":\"WebPage\",\"@id\":\"https:\\\/\\\/latamjournalismreview.org\\\/es\\\/articles\\\/evitar-el-escenario-de-enterrar-la-cabeza-voces-expertas-discuten-sobre-cobertura-efectiva-del-cambio-climatico-fomentando-la-conexion-con-la-audiencia\\\/\",\"url\":\"https:\\\/\\\/latamjournalismreview.org\\\/es\\\/articles\\\/evitar-el-escenario-de-enterrar-la-cabeza-voces-expertas-discuten-sobre-cobertura-efectiva-del-cambio-climatico-fomentando-la-conexion-con-la-audiencia\\\/\",\"name\":\"Voces expertas discuten en ISOJ sobre cobertura efectiva del cambio clim\u00e1tico, fomentando la conexi\u00f3n con la audiencia - LatAm Journalism Review\",\"isPartOf\":{\"@id\":\"https:\\\/\\\/latamjournalismreview.org\\\/es\\\/#website\"},\"primaryImageOfPage\":{\"@id\":\"https:\\\/\\\/latamjournalismreview.org\\\/es\\\/articles\\\/evitar-el-escenario-de-enterrar-la-cabeza-voces-expertas-discuten-sobre-cobertura-efectiva-del-cambio-climatico-fomentando-la-conexion-con-la-audiencia\\\/#primaryimage\"},\"image\":{\"@id\":\"https:\\\/\\\/latamjournalismreview.org\\\/es\\\/articles\\\/evitar-el-escenario-de-enterrar-la-cabeza-voces-expertas-discuten-sobre-cobertura-efectiva-del-cambio-climatico-fomentando-la-conexion-con-la-audiencia\\\/#primaryimage\"},\"thumbnailUrl\":\"https:\\\/\\\/latamjournalismreview.org\\\/wp-content\\\/uploads\\\/2023\\\/04\\\/Featured-climate-Panel.png\",\"datePublished\":\"2023-04-17T23:30:43+00:00\",\"dateModified\":\"2023-04-19T16:42:26+00:00\",\"description\":\"Voces expertas discuten en ISOJ sobre cobertura efectiva del cambio clim\u00e1tico, fomentando la conexi\u00f3n con la audiencia ISOJ. Latin American Journalism Review by The Knight Center at The University of Texas at Austin.\",\"breadcrumb\":{\"@id\":\"https:\\\/\\\/latamjournalismreview.org\\\/es\\\/articles\\\/evitar-el-escenario-de-enterrar-la-cabeza-voces-expertas-discuten-sobre-cobertura-efectiva-del-cambio-climatico-fomentando-la-conexion-con-la-audiencia\\\/#breadcrumb\"},\"inLanguage\":\"es\",\"potentialAction\":[{\"@type\":\"ReadAction\",\"target\":[\"https:\\\/\\\/latamjournalismreview.org\\\/es\\\/articles\\\/evitar-el-escenario-de-enterrar-la-cabeza-voces-expertas-discuten-sobre-cobertura-efectiva-del-cambio-climatico-fomentando-la-conexion-con-la-audiencia\\\/\"]}]},{\"@type\":\"ImageObject\",\"inLanguage\":\"es\",\"@id\":\"https:\\\/\\\/latamjournalismreview.org\\\/es\\\/articles\\\/evitar-el-escenario-de-enterrar-la-cabeza-voces-expertas-discuten-sobre-cobertura-efectiva-del-cambio-climatico-fomentando-la-conexion-con-la-audiencia\\\/#primaryimage\",\"url\":\"https:\\\/\\\/latamjournalismreview.org\\\/wp-content\\\/uploads\\\/2023\\\/04\\\/Featured-climate-Panel.png\",\"contentUrl\":\"https:\\\/\\\/latamjournalismreview.org\\\/wp-content\\\/uploads\\\/2023\\\/04\\\/Featured-climate-Panel.png\",\"width\":466,\"height\":350,\"caption\":\"Members of the ISOJ panel \u201cHow to improve the coverage of the climate crisis and avoid the \u2018Don\u2019t Look Up\u2019 scenario\u201d react to the ISOJ audience April 15. From left to right: the moderator John Schwartz, professor in the School of Journalism and Media at UT Austin; Manuela Andreoni, journalist at The New York Times; Darryl Fears, environmental justice reporter, The Washington Post, Vernon Loeb, executive editor, Inside Climate News, and Michael Webber, Josey Centennial Professor in Energy Resources, UT Austin.\"},{\"@type\":\"BreadcrumbList\",\"@id\":\"https:\\\/\\\/latamjournalismreview.org\\\/es\\\/articles\\\/evitar-el-escenario-de-enterrar-la-cabeza-voces-expertas-discuten-sobre-cobertura-efectiva-del-cambio-climatico-fomentando-la-conexion-con-la-audiencia\\\/#breadcrumb\",\"itemListElement\":[{\"@type\":\"ListItem\",\"position\":1,\"name\":\"Home\",\"item\":\"https:\\\/\\\/latamjournalismreview.org\\\/es\\\/\"},{\"@type\":\"ListItem\",\"position\":2,\"name\":\"Voces expertas discuten en ISOJ sobre cobertura efectiva del cambio clim\u00e1tico, fomentando la conexi\u00f3n con la audiencia\"}]},{\"@type\":\"WebSite\",\"@id\":\"https:\\\/\\\/latamjournalismreview.org\\\/es\\\/#website\",\"url\":\"https:\\\/\\\/latamjournalismreview.org\\\/es\\\/\",\"name\":\"LatAm Journalism Review\",\"description\":\"Knight Center at The University of Texas\",\"publisher\":{\"@id\":\"https:\\\/\\\/latamjournalismreview.org\\\/es\\\/#organization\"},\"potentialAction\":[{\"@type\":\"SearchAction\",\"target\":{\"@type\":\"EntryPoint\",\"urlTemplate\":\"https:\\\/\\\/latamjournalismreview.org\\\/es\\\/?s={search_term_string}\"},\"query-input\":{\"@type\":\"PropertyValueSpecification\",\"valueRequired\":true,\"valueName\":\"search_term_string\"}}],\"inLanguage\":\"es\"},{\"@type\":\"Organization\",\"@id\":\"https:\\\/\\\/latamjournalismreview.org\\\/es\\\/#organization\",\"name\":\"LatAm Journalism Review\",\"url\":\"https:\\\/\\\/latamjournalismreview.org\\\/es\\\/\",\"logo\":{\"@type\":\"ImageObject\",\"inLanguage\":\"es\",\"@id\":\"https:\\\/\\\/latamjournalismreview.org\\\/es\\\/#\\\/schema\\\/logo\\\/image\\\/\",\"url\":\"https:\\\/\\\/latamjournalismreview.org\\\/wp-content\\\/uploads\\\/2020\\\/05\\\/knight-latAm-review-logo.svg\",\"contentUrl\":\"https:\\\/\\\/latamjournalismreview.org\\\/wp-content\\\/uploads\\\/2020\\\/05\\\/knight-latAm-review-logo.svg\",\"width\":\"1024\",\"height\":\"1024\",\"caption\":\"LatAm Journalism Review\"},\"image\":{\"@id\":\"https:\\\/\\\/latamjournalismreview.org\\\/es\\\/#\\\/schema\\\/logo\\\/image\\\/\"},\"sameAs\":[\"https:\\\/\\\/x.com\\\/LatAmJournalism\"]},{\"@type\":\"Person\",\"@id\":\"https:\\\/\\\/latamjournalismreview.org\\\/es\\\/#\\\/schema\\\/person\\\/0315202e0b3c0963a2440f1c3012c360\",\"name\":\"Guest\",\"url\":\"https:\\\/\\\/latamjournalismreview.org\\\/es\\\/articles\\\/author\\\/guest\\\/\"}]}<\/script>\n<!-- \/ Yoast SEO Premium plugin. -->","yoast_head_json":{"title":"Voces expertas discuten en ISOJ sobre cobertura efectiva del cambio clim\u00e1tico, fomentando la conexi\u00f3n con la audiencia - LatAm Journalism Review","description":"Voces expertas discuten en ISOJ sobre cobertura efectiva del cambio clim\u00e1tico, fomentando la conexi\u00f3n con la audiencia ISOJ. Latin American Journalism Review by The Knight Center at The University of Texas at Austin.","robots":{"index":"index","follow":"follow","max-snippet":"max-snippet:-1","max-image-preview":"max-image-preview:large","max-video-preview":"max-video-preview:-1"},"canonical":"https:\/\/latamjournalismreview.org\/es\/articles\/evitar-el-escenario-de-enterrar-la-cabeza-voces-expertas-discuten-sobre-cobertura-efectiva-del-cambio-climatico-fomentando-la-conexion-con-la-audiencia\/","og_locale":"es_ES","og_type":"article","og_title":"Voces expertas discuten en ISOJ sobre cobertura efectiva del cambio clim\u00e1tico, fomentando la conexi\u00f3n con la audiencia","og_description":"Voces expertas discuten en ISOJ sobre cobertura efectiva del cambio clim\u00e1tico, fomentando la conexi\u00f3n con la audiencia ISOJ. Latin American Journalism Review by The Knight Center at The University of Texas at Austin.","og_url":"https:\/\/latamjournalismreview.org\/es\/articles\/evitar-el-escenario-de-enterrar-la-cabeza-voces-expertas-discuten-sobre-cobertura-efectiva-del-cambio-climatico-fomentando-la-conexion-con-la-audiencia\/","og_site_name":"LatAm Journalism Review","article_published_time":"2023-04-17T23:30:43+00:00","article_modified_time":"2023-04-19T16:42:26+00:00","og_image":[{"width":466,"height":350,"url":"https:\/\/latamjournalismreview.org\/wp-content\/uploads\/2023\/04\/Featured-climate-Panel.png","type":"image\/png"}],"author":"Guest","twitter_card":"summary_large_image","twitter_creator":"@LatAmJournalism","twitter_site":"@LatAmJournalism","twitter_misc":{"Written by":"Guest","Est. reading time":"6 minutos"},"schema":{"@context":"https:\/\/schema.org","@graph":[{"@type":"Article","@id":"https:\/\/latamjournalismreview.org\/es\/articles\/evitar-el-escenario-de-enterrar-la-cabeza-voces-expertas-discuten-sobre-cobertura-efectiva-del-cambio-climatico-fomentando-la-conexion-con-la-audiencia\/#article","isPartOf":{"@id":"https:\/\/latamjournalismreview.org\/es\/articles\/evitar-el-escenario-de-enterrar-la-cabeza-voces-expertas-discuten-sobre-cobertura-efectiva-del-cambio-climatico-fomentando-la-conexion-con-la-audiencia\/"},"author":{"name":"Guest","@id":"https:\/\/latamjournalismreview.org\/es\/#\/schema\/person\/0315202e0b3c0963a2440f1c3012c360"},"headline":"Voces expertas discuten en ISOJ sobre cobertura efectiva del cambio clim\u00e1tico, fomentando la conexi\u00f3n con la audiencia","datePublished":"2023-04-17T23:30:43+00:00","dateModified":"2023-04-19T16:42:26+00:00","mainEntityOfPage":{"@id":"https:\/\/latamjournalismreview.org\/es\/articles\/evitar-el-escenario-de-enterrar-la-cabeza-voces-expertas-discuten-sobre-cobertura-efectiva-del-cambio-climatico-fomentando-la-conexion-con-la-audiencia\/"},"wordCount":1285,"publisher":{"@id":"https:\/\/latamjournalismreview.org\/es\/#organization"},"image":{"@id":"https:\/\/latamjournalismreview.org\/es\/articles\/evitar-el-escenario-de-enterrar-la-cabeza-voces-expertas-discuten-sobre-cobertura-efectiva-del-cambio-climatico-fomentando-la-conexion-con-la-audiencia\/#primaryimage"},"thumbnailUrl":"https:\/\/latamjournalismreview.org\/wp-content\/uploads\/2023\/04\/Featured-climate-Panel.png","keywords":["Periodismo ambiental","Periodismo de soluciones"],"articleSection":["ISOJ"],"inLanguage":"es"},{"@type":"WebPage","@id":"https:\/\/latamjournalismreview.org\/es\/articles\/evitar-el-escenario-de-enterrar-la-cabeza-voces-expertas-discuten-sobre-cobertura-efectiva-del-cambio-climatico-fomentando-la-conexion-con-la-audiencia\/","url":"https:\/\/latamjournalismreview.org\/es\/articles\/evitar-el-escenario-de-enterrar-la-cabeza-voces-expertas-discuten-sobre-cobertura-efectiva-del-cambio-climatico-fomentando-la-conexion-con-la-audiencia\/","name":"Voces expertas discuten en ISOJ sobre cobertura efectiva del cambio clim\u00e1tico, fomentando la conexi\u00f3n con la audiencia - LatAm Journalism Review","isPartOf":{"@id":"https:\/\/latamjournalismreview.org\/es\/#website"},"primaryImageOfPage":{"@id":"https:\/\/latamjournalismreview.org\/es\/articles\/evitar-el-escenario-de-enterrar-la-cabeza-voces-expertas-discuten-sobre-cobertura-efectiva-del-cambio-climatico-fomentando-la-conexion-con-la-audiencia\/#primaryimage"},"image":{"@id":"https:\/\/latamjournalismreview.org\/es\/articles\/evitar-el-escenario-de-enterrar-la-cabeza-voces-expertas-discuten-sobre-cobertura-efectiva-del-cambio-climatico-fomentando-la-conexion-con-la-audiencia\/#primaryimage"},"thumbnailUrl":"https:\/\/latamjournalismreview.org\/wp-content\/uploads\/2023\/04\/Featured-climate-Panel.png","datePublished":"2023-04-17T23:30:43+00:00","dateModified":"2023-04-19T16:42:26+00:00","description":"Voces expertas discuten en ISOJ sobre cobertura efectiva del cambio clim\u00e1tico, fomentando la conexi\u00f3n con la audiencia ISOJ. Latin American Journalism Review by The Knight Center at The University of Texas at Austin.","breadcrumb":{"@id":"https:\/\/latamjournalismreview.org\/es\/articles\/evitar-el-escenario-de-enterrar-la-cabeza-voces-expertas-discuten-sobre-cobertura-efectiva-del-cambio-climatico-fomentando-la-conexion-con-la-audiencia\/#breadcrumb"},"inLanguage":"es","potentialAction":[{"@type":"ReadAction","target":["https:\/\/latamjournalismreview.org\/es\/articles\/evitar-el-escenario-de-enterrar-la-cabeza-voces-expertas-discuten-sobre-cobertura-efectiva-del-cambio-climatico-fomentando-la-conexion-con-la-audiencia\/"]}]},{"@type":"ImageObject","inLanguage":"es","@id":"https:\/\/latamjournalismreview.org\/es\/articles\/evitar-el-escenario-de-enterrar-la-cabeza-voces-expertas-discuten-sobre-cobertura-efectiva-del-cambio-climatico-fomentando-la-conexion-con-la-audiencia\/#primaryimage","url":"https:\/\/latamjournalismreview.org\/wp-content\/uploads\/2023\/04\/Featured-climate-Panel.png","contentUrl":"https:\/\/latamjournalismreview.org\/wp-content\/uploads\/2023\/04\/Featured-climate-Panel.png","width":466,"height":350,"caption":"Members of the ISOJ panel \u201cHow to improve the coverage of the climate crisis and avoid the \u2018Don\u2019t Look Up\u2019 scenario\u201d react to the ISOJ audience April 15. From left to right: the moderator John Schwartz, professor in the School of Journalism and Media at UT Austin; Manuela Andreoni, journalist at The New York Times; Darryl Fears, environmental justice reporter, The Washington Post, Vernon Loeb, executive editor, Inside Climate News, and Michael Webber, Josey Centennial Professor in Energy Resources, UT Austin."},{"@type":"BreadcrumbList","@id":"https:\/\/latamjournalismreview.org\/es\/articles\/evitar-el-escenario-de-enterrar-la-cabeza-voces-expertas-discuten-sobre-cobertura-efectiva-del-cambio-climatico-fomentando-la-conexion-con-la-audiencia\/#breadcrumb","itemListElement":[{"@type":"ListItem","position":1,"name":"Home","item":"https:\/\/latamjournalismreview.org\/es\/"},{"@type":"ListItem","position":2,"name":"Voces expertas discuten en ISOJ sobre cobertura efectiva del cambio clim\u00e1tico, fomentando la conexi\u00f3n con la audiencia"}]},{"@type":"WebSite","@id":"https:\/\/latamjournalismreview.org\/es\/#website","url":"https:\/\/latamjournalismreview.org\/es\/","name":"LatAm Journalism Review","description":"Knight Center at The University of Texas","publisher":{"@id":"https:\/\/latamjournalismreview.org\/es\/#organization"},"potentialAction":[{"@type":"SearchAction","target":{"@type":"EntryPoint","urlTemplate":"https:\/\/latamjournalismreview.org\/es\/?s={search_term_string}"},"query-input":{"@type":"PropertyValueSpecification","valueRequired":true,"valueName":"search_term_string"}}],"inLanguage":"es"},{"@type":"Organization","@id":"https:\/\/latamjournalismreview.org\/es\/#organization","name":"LatAm Journalism Review","url":"https:\/\/latamjournalismreview.org\/es\/","logo":{"@type":"ImageObject","inLanguage":"es","@id":"https:\/\/latamjournalismreview.org\/es\/#\/schema\/logo\/image\/","url":"https:\/\/latamjournalismreview.org\/wp-content\/uploads\/2020\/05\/knight-latAm-review-logo.svg","contentUrl":"https:\/\/latamjournalismreview.org\/wp-content\/uploads\/2020\/05\/knight-latAm-review-logo.svg","width":"1024","height":"1024","caption":"LatAm Journalism Review"},"image":{"@id":"https:\/\/latamjournalismreview.org\/es\/#\/schema\/logo\/image\/"},"sameAs":["https:\/\/x.com\/LatAmJournalism"]},{"@type":"Person","@id":"https:\/\/latamjournalismreview.org\/es\/#\/schema\/person\/0315202e0b3c0963a2440f1c3012c360","name":"Guest","url":"https:\/\/latamjournalismreview.org\/es\/articles\/author\/guest\/"}]}},"_links":{"self":[{"href":"https:\/\/latamjournalismreview.org\/es\/wp-json\/wp\/v2\/posts\/74447","targetHints":{"allow":["GET"]}}],"collection":[{"href":"https:\/\/latamjournalismreview.org\/es\/wp-json\/wp\/v2\/posts"}],"about":[{"href":"https:\/\/latamjournalismreview.org\/es\/wp-json\/wp\/v2\/types\/post"}],"author":[{"embeddable":true,"href":"https:\/\/latamjournalismreview.org\/es\/wp-json\/wp\/v2\/users\/17"}],"replies":[{"embeddable":true,"href":"https:\/\/latamjournalismreview.org\/es\/wp-json\/wp\/v2\/comments?post=74447"}],"version-history":[{"count":7,"href":"https:\/\/latamjournalismreview.org\/es\/wp-json\/wp\/v2\/posts\/74447\/revisions"}],"predecessor-version":[{"id":74642,"href":"https:\/\/latamjournalismreview.org\/es\/wp-json\/wp\/v2\/posts\/74447\/revisions\/74642"}],"wp:featuredmedia":[{"embeddable":true,"href":"https:\/\/latamjournalismreview.org\/es\/wp-json\/wp\/v2\/media\/74430"}],"wp:attachment":[{"href":"https:\/\/latamjournalismreview.org\/es\/wp-json\/wp\/v2\/media?parent=74447"}],"wp:term":[{"taxonomy":"category","embeddable":true,"href":"https:\/\/latamjournalismreview.org\/es\/wp-json\/wp\/v2\/categories?post=74447"},{"taxonomy":"post_tag","embeddable":true,"href":"https:\/\/latamjournalismreview.org\/es\/wp-json\/wp\/v2\/tags?post=74447"},{"taxonomy":"author","embeddable":true,"href":"https:\/\/latamjournalismreview.org\/es\/wp-json\/wp\/v2\/coauthors?post=74447"}],"curies":[{"name":"wp","href":"https:\/\/api.w.org\/{rel}","templated":true}]}}