{"id":7465,"date":"2019-03-20T19:20:33","date_gmt":"2019-03-21T00:20:33","guid":{"rendered":"https:\/\/live-lajr.pantheonsite.io\/articles\/congresista-de-ee-uu-presenta-proyecto-de-ley-privado-para-apoyar-a-periodista-mexicano-a-quien-negaron-asilo\/"},"modified":"2020-06-17T21:37:29","modified_gmt":"2020-06-18T02:37:29","slug":"congresista-de-ee-uu-presenta-proyecto-de-ley-privado-para-apoyar-a-periodista-mexicano-a-quien-negaron-asilo","status":"publish","type":"post","link":"https:\/\/latamjournalismreview.org\/es\/articles\/congresista-de-ee-uu-presenta-proyecto-de-ley-privado-para-apoyar-a-periodista-mexicano-a-quien-negaron-asilo\/","title":{"rendered":"Congresista de EE.UU. presenta proyecto de ley privado para apoyar a periodista mexicano a quien negaron asilo"},"content":{"rendered":"<p>La representante de Estados Unidos Debbie Dingell, del partido dem\u00f3crata por el estado de Michigan, present\u00f3 un <a href=\"https:\/\/www.congress.gov\/bill\/116th-congress\/house-bill\/1751?q=%7B%22search%22%3A%5B%22H.R.+1751%22%5D%7D&amp;r=1&amp;s=1\" target=\"_blank\" rel=\"noopener noreferrer\">proyecto de ley privado (<em>private bill<\/em>)<\/a> en el Congreso para otorgar al periodista mexicano Emilio Guti\u00e9rrez Soto luego una visa de inmigrante o el estado de residente permanente luego de que su caso de asilo fuera negado en febrero.<\/p>\n<div style=\"width: 300px; font-size: 80%; text-align: left; float: right; padding-left: 10px; padding-right: 10px;\">\n<div style=\"width: 677px\" class=\"wp-caption alignnone\"><img loading=\"lazy\" decoding=\"async\" style=\"width: 300px;\" src=\"https:\/\/farm2.staticflickr.com\/1945\/44832899964_92efd27bef_o.jpg\" alt=\"Emilio Guti\u00e9rrez Soto\" width=\"667\" height=\"1121\" \/><p class=\"wp-caption-text\">Emilio Guti\u00e9rrez Soto. (Cortes\u00eda).<\/p><\/div>\n<\/div>\n<p>Adem\u00e1s, Dingell y un colega del Congreso, el representante Fred Upton, republicano por el estado Michigan, escribieron una <a href=\"https:\/\/debbiedingell.house.gov\/sites\/debbiedingell.house.gov\/files\/documents\/190313GutierrezSotoLetter.pdf\" target=\"_blank\" rel=\"noopener noreferrer\">carta al director interino de ICE, Ronaldo Vitiello<\/a>, para instar que se le diera asilo al reportero.<\/p>\n<p><span style=\"font-size: 1em;\">\u201c<a href=\"https:\/\/www.michiganradio.org\/post\/stateside-wayne-co-budget-investigation-foreclosure-prevention-nonprofit-green-bank\" target=\"_blank\" rel=\"noopener noreferrer\">Muy claramente, la vida de Emilio \u2013 si regresara a M\u00e9xico \u2013 est\u00e1 siendo amenazada<\/a>, y \u00e9l y su familia vivir\u00edan en circunstancias muy dif\u00edciles. Este pa\u00eds es un lugar donde las personas necesitan poder buscar asilo pol\u00edtico\u201d, dijo Dingell el 15 de marzo en un programa de radio llamado \u2018Stateside\u2019. \u201cMuchas de las personas que est\u00e1n trabajando con \u00e9l hablan de lo buena persona que es. Estaba haciendo su trabajo, documentando los cr\u00edmenes cometidos por soldados mexicanos\u201d.<\/span><\/p>\n<p>La representante tambi\u00e9n enfatiz\u00f3 que Guti\u00e9rrez Soto ha seguido las leyes de Estados Unidos desde que lleg\u00f3 al pa\u00eds y que existe la obligaci\u00f3n de proteger una prensa libre.<\/p>\n<p><span style=\"font-size: 1em;\">El periodista le dijo al <\/span><strong style=\"font-family: inherit; font-size: 1em; font-style: inherit;\">Centro Knight<\/strong><span style=\"font-size: 1em;\"> que est\u00e1 muy agradecido por los esfuerzos de los representantes.<\/span><\/p>\n<p>\u201cEllos est\u00e1n tomando en cuenta mucho la importancia y el rol que juega ICE en este proceso, est\u00e1n nuestras vidas de por medio\u201d, dijo.<\/p>\n<p>\u201cSe est\u00e1 tratando de preservar dos vidas ante la injusticia cometida por un juez. Y eso a m\u00ed me parece muy sorprendente y lo aprecio mucho\u201d, agreg\u00f3 Guti\u00e9rrez.<\/p>\n<p>Guti\u00e9rrez Soto y su hijo huyeron a EE.UU. desde M\u00e9xico en 2008 luego de que se les notificara que alguien en el Ej\u00e9rcito mexicano planeaba matarlo. El periodista hab\u00eda escrito sobre supuestos abusos por parte de los militares contra civiles en Ascensi\u00f3n, M\u00e9xico. Al solicitar asilo en la frontera, fue detenido por funcionarios de Estados Unidos.<\/p>\n<p><span style=\"font-size: 1em;\">Despu\u00e9s de nueve a\u00f1os, el juez Robert Hough <a href=\"https:\/\/knightcenter.utexas.edu\/es\/blog\/00-18660-nueve-anos-despues-de-huir-estados-unidos-por-amenazas-de-muerte-niegan-asilo-periodis\" target=\"_blank\" rel=\"noopener noreferrer\">neg\u00f3 las solicitudes de asilo de padre e hijo en julio de 2017<\/a>. Pero, en mayo de 2018, la Junta de Apelaciones de Inmigraci\u00f3n (BIA, por sus siglas en ingl\u00e9s) <a href=\"https:\/\/www.documentcloud.org\/documents\/4472884-BIADecisionEmilio.html\" target=\"_blank\" rel=\"noopener noreferrer\">orden\u00f3 una nueva audiencia<\/a> para la consideraci\u00f3n de nuevas pruebas.<\/span><\/p>\n<p>Hough <a href=\"https:\/\/knightcenter.utexas.edu\/es\/blog\/00-20661-juez-de-inmigracion-de-estados-unidos-niega-asilo-periodista-mexicano-por-segunda-vez\" target=\"_blank\" rel=\"noopener noreferrer\">volvi\u00f3 a negar el caso el 28 de febrero de 2019<\/a>, encontrando que Guti\u00e9rrez Soto \u201cno era un testigo cre\u00edble\u201d y que no hab\u00eda suficientes testimonios o pruebas para demostrar que el periodista fue perseguido en M\u00e9xico o ser\u00e1 perseguido si regresa, seg\u00fan la decisi\u00f3n del juez.<\/p>\n<p>El abogado de Guti\u00e9rrez Soto ha apelado ante la BIA.<\/p>\n<p>Durante el tiempo de estas decisiones judiciales, el periodista y su hijo fueron casi deportados en diciembre de 2017, pero fueron <a href=\"https:\/\/knightcenter.utexas.edu\/es\/blog\/00-19104-periodista-mexicano-con-desesperacion-y-horror-en-reclusorio-de-texas-mientras-sus-abo\" target=\"_blank\" rel=\"noopener noreferrer\">salvados por una estad\u00eda de emergencia<\/a>. Sin embargo, estuvieron recluidos en un <a href=\"https:\/\/knightcenter.utexas.edu\/es\/blog\/00-19993-liberan-periodista-mexicano-que-pidio-asilo-luego-de-pasar-siete-meses-detenido-por-ic\" target=\"_blank\" rel=\"noopener noreferrer\">centro de detenci\u00f3n de ICE durante siete meses<\/a> y liberados en julio de 2018.<\/p>\n<p>Guti\u00e9rrez Soto ha sido becario Knight-Wallace en la Universidad de Michigan desde septiembre de 2018.<\/p>\n<p>\u201cHemos estado tratando de conseguir un patrocinador para [el proyecto de ley] durante mucho tiempo y la Congresista de Michigan, junto con su personal, Tim Huebner son las personas que finalmente lo lograron\u201d, dijo Eduardo Beckett, abogado de Guti\u00e9rrez Soto, al <strong>Centro Knight<\/strong>. \u201cEstamos siempre agradecidos por su incre\u00edble trabajo y esperamos que la justicia expedita provenga del proyecto de ley privado o de las cortes de apelaciones\u201d.<\/p>\n<p>Anteriormente, mientras el periodista estaba detenido en el verano de 2018, Dingell hab\u00eda escrito una carta al director interino de ICE apoyando la liberaci\u00f3n de Guti\u00e9rrez Soto y su capacidad para ir a la Universidad, lo que significa que estaba enterado del caso, seg\u00fan dijo al <strong>Centro Knight<\/strong> Lynette Clemetson, directora de Wallace House, sede de las Becas Knight-Wallace para Periodistas.<\/p>\n<p><span style=\"font-size: 1em;\"><a href=\"https:\/\/www.congress.gov\/bill\/116th-congress\/house-bill\/1751?q=%7B%22search%22%3A%5B%22H.R.+1751%22%5D%7D&amp;r=1&amp;s=1\" target=\"_blank\" rel=\"noopener noreferrer\">H.R. 1751<\/a>, un proyecto de ley privado que se aplica \u00fanicamente al apoyo de Guti\u00e9rrez Soto y su hijo, fue presentada por Dingell el 13 de marzo y se remiti\u00f3 al Comit\u00e9 de la C\u00e1mara de Representantes del Poder Judicial. Si es aprobado, le otorgar\u00e1 residencia permanente al padre y al hijo, explic\u00f3 Beckett.<\/span><\/p>\n<p>\u201c<a href=\"https:\/\/www.michiganradio.org\/post\/stateside-wayne-co-budget-investigation-foreclosure-prevention-nonprofit-green-bank\" target=\"_blank\" rel=\"noopener noreferrer\">Cuando un miembro presenta un proyecto de ley privado<\/a>, Inmigraci\u00f3n entiende que realmente estamos adoptando una postura muy firme de que esto es algo que nos preocupa\u201d, dijo Dingell en el programa de radio \u2018Stateside\u2019.<\/p>\n<p><span style=\"font-size: 1em;\">El proyecto de ley tendr\u00eda que pasar por la C\u00e1mara de Representantes y el Senado y, finalmente, ser firmado por el presidente Donald Trump.<\/span><\/p>\n<p>\u201c[Representante Fred Upton] hab\u00eda escuchado sobre este caso tanto como yo y cuando supimos que su caso de asilo hab\u00eda sido denegado, dije: \u2018Fred, tenemos que hacerlo de forma bipartidista\u2019. \u00bfHar\u00edas una carta conmigo?\u201d, dijo Dingell. \u201cCuando haces proyectos de ley privados no se te permite tener copatrocinadores, pero he estado hablando con varios de mis colegas en toda la C\u00e1mara y estamos viendo otras cosas que podemos hacer de manera bipartidista para demostrar que alguien puede hacer su trabajo y no enfrentar amenazas de muerte y acoso por parte de un ej\u00e9rcito y del gobierno\u201d.<\/p>\n<p>Beckett dijo que cree que un enfoque bipartidista es la manera de proceder con el proyecto de ley.<\/p>\n<p>\u201cCreo que la primera enmienda no pertenece a ning\u00fan partido, es solo una cuesti\u00f3n constitucional y no importa en qu\u00e9 creas, todos estar\u00e1n de acuerdo en que la Primera Enmienda es muy vital para este pa\u00eds, para la democracia\u201d, dijo Beckett.<\/p>\n<p>Beckett dijo que una red de simpatizantes de periodistas en todo el pa\u00eds se est\u00e1 acercando a los miembros del Congreso en sus distritos para obtener apoyo para el proyecto de ley.<\/p>\n<p>En la carta que Dingell y Upton escribieron al Director Interino de ICE, en apoyo al asilo para Guti\u00e9rrez Soto, los representantes se\u00f1alaron: \u201cM\u00e9xico sigue siendo el pa\u00eds m\u00e1s mortal para los periodistas de todo el mundo que no tienen conflictos armados y dos periodistas ya han sido asesinados en el pa\u00eds este a\u00f1o\u201d.<\/p>\n<p>\u201cTeniendo en cuenta este conjunto de hechos, junto con las leg\u00edtimas preocupaciones documentadas que rodean la seguridad del Sr. Guti\u00e9rrez Soto, apoyamos firmemente su solicitud de asilo\u201d, continu\u00f3. \u201cEsperamos que se d\u00e9 la debida consideraci\u00f3n a su caso, y le agradecemos su atenci\u00f3n a este importante asunto\u201d.<\/p>\n<p>Desde que la carta fue enviada, otro periodista fue asesinado en M\u00e9xico. El <a href=\"https:\/\/knightcenter.utexas.edu\/es\/blog\/00-20673-periodista-radial-mexicano-asesinado-en-el-estado-de-sonora-es-el-cuarto-periodista-as\" target=\"_blank\" rel=\"noopener noreferrer\">locutor de radio Santiago Barroso recibi\u00f3 un disparo<\/a> en la puerta de su casa en el estado mexicano de Sonora el 15 de marzo.<\/p>\n<p>\u201cLa comunidad de la Universidad de Michigan, miembros de los medios de comunicaci\u00f3n, defensores de la libertad de prensa en todo el pa\u00eds y muchos estadounidenses contin\u00faan compartiendo nuestra profunda preocupaci\u00f3n por la seguridad del Sr. Guti\u00e9rrez Soto si regresa a M\u00e9xico\u201d, se lee en la carta de Dingell y Upton.<\/p>\n<p>El <strong>Centro Knight<\/strong> contact\u00f3 a ICE sobre esta carta, pero no recibi\u00f3 ninguna respuesta.<\/p>\n<p><span style=\"font-size: 1em;\">Clemetson, quien testific\u00f3 en la segunda audiencia de asilo de Guti\u00e9rrez Soto, dijo que la \u00faltima denegaci\u00f3n de asilo fue devastadora para aquellos en el programa de las Becas Knight-Wallace.<\/span><\/p>\n<p>\u201cCiertamente nos involucramos el a\u00f1o pasado porque el caso de Emilio era importante. Era un periodista que estaba en peligro y quer\u00eda permanecer en el periodismo, por lo que se convirti\u00f3 en un fuerte candidato para nuestro programa\u201d, dijo Clemetson. \u201cPero ahora \u00e9l es becario Knight-Wallace desde septiembre y por eso ya no es un tema abstracto para nosotros. \u00c9l es una persona, es nuestro amigo, es un colega, es alguien que la gente conoce bien aqu\u00ed. Y todos hemos escuchado mucho sobre su caso\u201d.<\/p>\n<p>Clemetson plante\u00f3 las preocupaciones sobre los peligros que enfrentan los periodistas mexicanos y las amenazas espec\u00edficas que enfrenta Guti\u00e9rrez Soto, as\u00ed como los problemas de libertad de prensa m\u00e1s importantes.<\/p>\n<p>\u201cOtros pa\u00edses recurren a Estados Unidos para obtener orientaci\u00f3n sobre c\u00f3mo defender \u00e9ticamente los problemas\u201d, dijo. \u201cY para los pa\u00edses que ya act\u00faan con impunidad, si Estados Unidos no va a defender la libertad y la seguridad de la prensa, entonces permite que los pa\u00edses que ya hacen caso omiso de la libertad de prensa act\u00faen con una mayor impunidad, incluso de manera m\u00e1s intencional. La vida y el trabajo de los reporteros\u201d.<\/p>\n","protected":false},"excerpt":{"rendered":"<p>La representante de Estados Unidos Debbie Dingell, del partido dem\u00f3crata por el estado de Michigan, present\u00f3 un proyecto de ley privado (private bill) en el Congreso para otorgar al periodista mexicano Emilio Guti\u00e9rrez Soto luego una visa de inmigrante o el estado de residente permanente luego de que su caso de asilo fuera negado en febrero.<\/p>\n","protected":false},"author":3,"featured_media":7463,"comment_status":"closed","ping_status":"closed","sticky":false,"template":"","format":"standard","meta":{"inline_featured_image":false,"footnotes":""},"categories":[1222],"tags":[1400,1393],"coauthors":[],"class_list":["post-7465","post","type-post","status-publish","format-standard","has-post-thumbnail","hentry","category-violencia-contra-periodistas-es","tag-asilo-politico-es","tag-mexico-es"],"acf":[],"yoast_head":"<!-- This site is optimized with the Yoast SEO Premium plugin v22.6 (Yoast SEO v27.4) - https:\/\/yoast.com\/product\/yoast-seo-premium-wordpress\/ -->\n<title>Congresista de EE.UU. presenta proyecto de ley privado para apoyar a periodista mexicano a quien negaron asilo - LatAm Journalism Review<\/title>\n<meta name=\"description\" content=\"Congresista de EE.UU. presenta proyecto de ley privado para apoyar a periodista mexicano a quien negaron asilo . Latin American Journalism Review by The Knight Center at The University of Texas at Austin.\" \/>\n<meta name=\"robots\" content=\"index, follow, max-snippet:-1, max-image-preview:large, max-video-preview:-1\" \/>\n<link rel=\"canonical\" href=\"https:\/\/latamjournalismreview.org\/es\/articles\/congresista-de-ee-uu-presenta-proyecto-de-ley-privado-para-apoyar-a-periodista-mexicano-a-quien-negaron-asilo\/\" \/>\n<meta property=\"og:locale\" content=\"es_ES\" \/>\n<meta property=\"og:type\" content=\"article\" \/>\n<meta property=\"og:title\" content=\"Congresista de EE.UU. presenta proyecto de ley privado para apoyar a periodista mexicano a quien negaron asilo\" \/>\n<meta property=\"og:description\" content=\"Congresista de EE.UU. presenta proyecto de ley privado para apoyar a periodista mexicano a quien negaron asilo . Latin American Journalism Review by The Knight Center at The University of Texas at Austin.\" \/>\n<meta property=\"og:url\" content=\"https:\/\/latamjournalismreview.org\/es\/articles\/congresista-de-ee-uu-presenta-proyecto-de-ley-privado-para-apoyar-a-periodista-mexicano-a-quien-negaron-asilo\/\" \/>\n<meta property=\"og:site_name\" content=\"LatAm Journalism Review\" \/>\n<meta property=\"article:published_time\" content=\"2019-03-21T00:20:33+00:00\" \/>\n<meta property=\"article:modified_time\" content=\"2020-06-18T02:37:29+00:00\" \/>\n<meta property=\"og:image\" content=\"https:\/\/latamjournalismreview.org\/wp-content\/uploads\/2020\/06\/Emilio-Guti\u00e9rrez-Soto.png\" \/>\n\t<meta property=\"og:image:width\" content=\"507\" \/>\n\t<meta property=\"og:image:height\" content=\"340\" \/>\n\t<meta property=\"og:image:type\" content=\"image\/png\" \/>\n<meta name=\"author\" content=\"Teresa Mioli\" \/>\n<meta name=\"twitter:card\" content=\"summary_large_image\" \/>\n<meta name=\"twitter:creator\" content=\"@TeresaMioli\" \/>\n<meta name=\"twitter:site\" content=\"@LatAmJournalism\" \/>\n<meta name=\"twitter:label1\" content=\"Written by\" \/>\n\t<meta name=\"twitter:data1\" content=\"Teresa Mioli\" \/>\n\t<meta name=\"twitter:label2\" content=\"Est. reading time\" \/>\n\t<meta name=\"twitter:data2\" content=\"7 minutos\" \/>\n<script type=\"application\/ld+json\" class=\"yoast-schema-graph\">{\"@context\":\"https:\\\/\\\/schema.org\",\"@graph\":[{\"@type\":\"Article\",\"@id\":\"https:\\\/\\\/latamjournalismreview.org\\\/es\\\/articles\\\/congresista-de-ee-uu-presenta-proyecto-de-ley-privado-para-apoyar-a-periodista-mexicano-a-quien-negaron-asilo\\\/#article\",\"isPartOf\":{\"@id\":\"https:\\\/\\\/latamjournalismreview.org\\\/es\\\/articles\\\/congresista-de-ee-uu-presenta-proyecto-de-ley-privado-para-apoyar-a-periodista-mexicano-a-quien-negaron-asilo\\\/\"},\"author\":{\"name\":\"Teresa Mioli\",\"@id\":\"https:\\\/\\\/latamjournalismreview.org\\\/es\\\/#\\\/schema\\\/person\\\/b83a4912f05c8178389e917d8d51de03\"},\"headline\":\"Congresista de EE.UU. presenta proyecto de ley privado para apoyar a periodista mexicano a quien negaron asilo\",\"datePublished\":\"2019-03-21T00:20:33+00:00\",\"dateModified\":\"2020-06-18T02:37:29+00:00\",\"mainEntityOfPage\":{\"@id\":\"https:\\\/\\\/latamjournalismreview.org\\\/es\\\/articles\\\/congresista-de-ee-uu-presenta-proyecto-de-ley-privado-para-apoyar-a-periodista-mexicano-a-quien-negaron-asilo\\\/\"},\"wordCount\":1450,\"publisher\":{\"@id\":\"https:\\\/\\\/latamjournalismreview.org\\\/es\\\/#organization\"},\"image\":{\"@id\":\"https:\\\/\\\/latamjournalismreview.org\\\/es\\\/articles\\\/congresista-de-ee-uu-presenta-proyecto-de-ley-privado-para-apoyar-a-periodista-mexicano-a-quien-negaron-asilo\\\/#primaryimage\"},\"thumbnailUrl\":\"https:\\\/\\\/latamjournalismreview.org\\\/wp-content\\\/uploads\\\/2020\\\/06\\\/Emilio-Guti\u00e9rrez-Soto.png\",\"keywords\":[\"Asilo pol\u00edtico\",\"M\u00e9xico\"],\"articleSection\":[\"Violencia contra periodistas\"],\"inLanguage\":\"es\"},{\"@type\":\"WebPage\",\"@id\":\"https:\\\/\\\/latamjournalismreview.org\\\/es\\\/articles\\\/congresista-de-ee-uu-presenta-proyecto-de-ley-privado-para-apoyar-a-periodista-mexicano-a-quien-negaron-asilo\\\/\",\"url\":\"https:\\\/\\\/latamjournalismreview.org\\\/es\\\/articles\\\/congresista-de-ee-uu-presenta-proyecto-de-ley-privado-para-apoyar-a-periodista-mexicano-a-quien-negaron-asilo\\\/\",\"name\":\"Congresista de EE.UU. presenta proyecto de ley privado para apoyar a periodista mexicano a quien negaron asilo - LatAm Journalism Review\",\"isPartOf\":{\"@id\":\"https:\\\/\\\/latamjournalismreview.org\\\/es\\\/#website\"},\"primaryImageOfPage\":{\"@id\":\"https:\\\/\\\/latamjournalismreview.org\\\/es\\\/articles\\\/congresista-de-ee-uu-presenta-proyecto-de-ley-privado-para-apoyar-a-periodista-mexicano-a-quien-negaron-asilo\\\/#primaryimage\"},\"image\":{\"@id\":\"https:\\\/\\\/latamjournalismreview.org\\\/es\\\/articles\\\/congresista-de-ee-uu-presenta-proyecto-de-ley-privado-para-apoyar-a-periodista-mexicano-a-quien-negaron-asilo\\\/#primaryimage\"},\"thumbnailUrl\":\"https:\\\/\\\/latamjournalismreview.org\\\/wp-content\\\/uploads\\\/2020\\\/06\\\/Emilio-Guti\u00e9rrez-Soto.png\",\"datePublished\":\"2019-03-21T00:20:33+00:00\",\"dateModified\":\"2020-06-18T02:37:29+00:00\",\"description\":\"Congresista de EE.UU. presenta proyecto de ley privado para apoyar a periodista mexicano a quien negaron asilo . Latin American Journalism Review by The Knight Center at The University of Texas at Austin.\",\"breadcrumb\":{\"@id\":\"https:\\\/\\\/latamjournalismreview.org\\\/es\\\/articles\\\/congresista-de-ee-uu-presenta-proyecto-de-ley-privado-para-apoyar-a-periodista-mexicano-a-quien-negaron-asilo\\\/#breadcrumb\"},\"inLanguage\":\"es\",\"potentialAction\":[{\"@type\":\"ReadAction\",\"target\":[\"https:\\\/\\\/latamjournalismreview.org\\\/es\\\/articles\\\/congresista-de-ee-uu-presenta-proyecto-de-ley-privado-para-apoyar-a-periodista-mexicano-a-quien-negaron-asilo\\\/\"]}]},{\"@type\":\"ImageObject\",\"inLanguage\":\"es\",\"@id\":\"https:\\\/\\\/latamjournalismreview.org\\\/es\\\/articles\\\/congresista-de-ee-uu-presenta-proyecto-de-ley-privado-para-apoyar-a-periodista-mexicano-a-quien-negaron-asilo\\\/#primaryimage\",\"url\":\"https:\\\/\\\/latamjournalismreview.org\\\/wp-content\\\/uploads\\\/2020\\\/06\\\/Emilio-Guti\u00e9rrez-Soto.png\",\"contentUrl\":\"https:\\\/\\\/latamjournalismreview.org\\\/wp-content\\\/uploads\\\/2020\\\/06\\\/Emilio-Guti\u00e9rrez-Soto.png\",\"width\":507,\"height\":340,\"caption\":\"Emilio Guti\u00e9rrez Soto\"},{\"@type\":\"BreadcrumbList\",\"@id\":\"https:\\\/\\\/latamjournalismreview.org\\\/es\\\/articles\\\/congresista-de-ee-uu-presenta-proyecto-de-ley-privado-para-apoyar-a-periodista-mexicano-a-quien-negaron-asilo\\\/#breadcrumb\",\"itemListElement\":[{\"@type\":\"ListItem\",\"position\":1,\"name\":\"Home\",\"item\":\"https:\\\/\\\/latamjournalismreview.org\\\/es\\\/\"},{\"@type\":\"ListItem\",\"position\":2,\"name\":\"Congresista de EE.UU. presenta proyecto de ley privado para apoyar a periodista mexicano a quien negaron asilo\"}]},{\"@type\":\"WebSite\",\"@id\":\"https:\\\/\\\/latamjournalismreview.org\\\/es\\\/#website\",\"url\":\"https:\\\/\\\/latamjournalismreview.org\\\/es\\\/\",\"name\":\"LatAm Journalism Review\",\"description\":\"Knight Center at The University of Texas\",\"publisher\":{\"@id\":\"https:\\\/\\\/latamjournalismreview.org\\\/es\\\/#organization\"},\"potentialAction\":[{\"@type\":\"SearchAction\",\"target\":{\"@type\":\"EntryPoint\",\"urlTemplate\":\"https:\\\/\\\/latamjournalismreview.org\\\/es\\\/?s={search_term_string}\"},\"query-input\":{\"@type\":\"PropertyValueSpecification\",\"valueRequired\":true,\"valueName\":\"search_term_string\"}}],\"inLanguage\":\"es\"},{\"@type\":\"Organization\",\"@id\":\"https:\\\/\\\/latamjournalismreview.org\\\/es\\\/#organization\",\"name\":\"LatAm Journalism Review\",\"url\":\"https:\\\/\\\/latamjournalismreview.org\\\/es\\\/\",\"logo\":{\"@type\":\"ImageObject\",\"inLanguage\":\"es\",\"@id\":\"https:\\\/\\\/latamjournalismreview.org\\\/es\\\/#\\\/schema\\\/logo\\\/image\\\/\",\"url\":\"https:\\\/\\\/latamjournalismreview.org\\\/wp-content\\\/uploads\\\/2020\\\/05\\\/knight-latAm-review-logo.svg\",\"contentUrl\":\"https:\\\/\\\/latamjournalismreview.org\\\/wp-content\\\/uploads\\\/2020\\\/05\\\/knight-latAm-review-logo.svg\",\"width\":\"1024\",\"height\":\"1024\",\"caption\":\"LatAm Journalism Review\"},\"image\":{\"@id\":\"https:\\\/\\\/latamjournalismreview.org\\\/es\\\/#\\\/schema\\\/logo\\\/image\\\/\"},\"sameAs\":[\"https:\\\/\\\/x.com\\\/LatAmJournalism\"]},{\"@type\":\"Person\",\"@id\":\"https:\\\/\\\/latamjournalismreview.org\\\/es\\\/#\\\/schema\\\/person\\\/b83a4912f05c8178389e917d8d51de03\",\"name\":\"Teresa Mioli\",\"description\":\"Teresa Mioli is the editorial manager for the Knight Center for Journalism in the Americas. She is interested in press freedom, democratization, and investigative journalism in Latin America and is dedicated to increasing awareness about the importance of independent news media to the health of democracies. She produces journalistic work with the aim of helping people to make informed decisions about their lives and societies and wants to make sure other journalists are able to do the same. She has Bachelors' degrees in Journalism and Plan II Honors (Liberal Arts) and a Master's degree in Latin American Studies, all from the University of Texas at Austin. She started her journalistic career at The Beaumont Enterprise in Southeast Texas where she last worked as a breaking news reporter. ______ Teresa Mioli es la directora editorial del Centro Knight para el Periodismo en las Am\u00e9ricas. Es una periodista con inter\u00e9s en la libertad de prensa, la democratizaci\u00f3n y el periodismo investigativo en Am\u00e9rica Latina y est\u00e1 dedicada a crear mayor consciencia sobre la importancia de los medios noticiosos independientes para la salud de las democracias. El objetivo de su trabajo period\u00edstico es ayudar las personas para que tomen decisiones informadas sobre sus vidas y sus sociedades, y busca que otros periodistas tengan la posibilidad de hacer lo mismo. Teresa tiene una licenciatura en Periodismo y Artes liberales (Plan II Honors), y una maestr\u00eda en Estudios Latinoamericanos, todos de la Universidad de Texas en Austin. Empez\u00f3 su carrera en periodismo en The Beaumont Enterprise al sureste de Texas, en donde recientemente trabaj\u00f3 como reportera de noticias de \u00faltima hora. Anteriormente ella fue la editora de LatAm Journalism Review del Centro Knight. ______ Teresa Mioli \u00e9 gerente editorial do Centro Knight para o Jornalismo nas Am\u00e9ricas. Ela se interessa por liberdade de imprensa, democratiza\u00e7\u00e3o e jornalismo investigativo na Am\u00e9rica Latina e se dedica a aumentar a conscientiza\u00e7\u00e3o sobre a import\u00e2ncia da m\u00eddia independente para a sa\u00fade das democracias. Ela produz trabalhos jornal\u00edsticos com o objetivo de ajudar as pessoas a tomarem decis\u00f5es informadas sobre suas vidas e sociedades e deseja garantir que outros jornalistas possam fazer o mesmo. Ela tem bacharelado em jornalismo e artes liberais e um mestrado em Estudos Latino-Americanos, todos pela Universidade do Texas em Austin. Ela come\u00e7ou sua carreira jornal\u00edstica na The Beaumont Enterprise no sudeste do Texas, onde trabalhou pela \u00faltima vez como rep\u00f3rter de not\u00edcias de \u00faltima hora.\",\"sameAs\":[\"https:\\\/\\\/x.com\\\/TeresaMioli\"],\"url\":\"https:\\\/\\\/latamjournalismreview.org\\\/es\\\/articles\\\/author\\\/teresa-mioli\\\/\"}]}<\/script>\n<!-- \/ Yoast SEO Premium plugin. -->","yoast_head_json":{"title":"Congresista de EE.UU. presenta proyecto de ley privado para apoyar a periodista mexicano a quien negaron asilo - LatAm Journalism Review","description":"Congresista de EE.UU. presenta proyecto de ley privado para apoyar a periodista mexicano a quien negaron asilo . Latin American Journalism Review by The Knight Center at The University of Texas at Austin.","robots":{"index":"index","follow":"follow","max-snippet":"max-snippet:-1","max-image-preview":"max-image-preview:large","max-video-preview":"max-video-preview:-1"},"canonical":"https:\/\/latamjournalismreview.org\/es\/articles\/congresista-de-ee-uu-presenta-proyecto-de-ley-privado-para-apoyar-a-periodista-mexicano-a-quien-negaron-asilo\/","og_locale":"es_ES","og_type":"article","og_title":"Congresista de EE.UU. presenta proyecto de ley privado para apoyar a periodista mexicano a quien negaron asilo","og_description":"Congresista de EE.UU. presenta proyecto de ley privado para apoyar a periodista mexicano a quien negaron asilo . Latin American Journalism Review by The Knight Center at The University of Texas at Austin.","og_url":"https:\/\/latamjournalismreview.org\/es\/articles\/congresista-de-ee-uu-presenta-proyecto-de-ley-privado-para-apoyar-a-periodista-mexicano-a-quien-negaron-asilo\/","og_site_name":"LatAm Journalism Review","article_published_time":"2019-03-21T00:20:33+00:00","article_modified_time":"2020-06-18T02:37:29+00:00","og_image":[{"width":507,"height":340,"url":"https:\/\/latamjournalismreview.org\/wp-content\/uploads\/2020\/06\/Emilio-Guti\u00e9rrez-Soto.png","type":"image\/png"}],"author":"Teresa Mioli","twitter_card":"summary_large_image","twitter_creator":"@TeresaMioli","twitter_site":"@LatAmJournalism","twitter_misc":{"Written by":"Teresa Mioli","Est. reading time":"7 minutos"},"schema":{"@context":"https:\/\/schema.org","@graph":[{"@type":"Article","@id":"https:\/\/latamjournalismreview.org\/es\/articles\/congresista-de-ee-uu-presenta-proyecto-de-ley-privado-para-apoyar-a-periodista-mexicano-a-quien-negaron-asilo\/#article","isPartOf":{"@id":"https:\/\/latamjournalismreview.org\/es\/articles\/congresista-de-ee-uu-presenta-proyecto-de-ley-privado-para-apoyar-a-periodista-mexicano-a-quien-negaron-asilo\/"},"author":{"name":"Teresa Mioli","@id":"https:\/\/latamjournalismreview.org\/es\/#\/schema\/person\/b83a4912f05c8178389e917d8d51de03"},"headline":"Congresista de EE.UU. presenta proyecto de ley privado para apoyar a periodista mexicano a quien negaron asilo","datePublished":"2019-03-21T00:20:33+00:00","dateModified":"2020-06-18T02:37:29+00:00","mainEntityOfPage":{"@id":"https:\/\/latamjournalismreview.org\/es\/articles\/congresista-de-ee-uu-presenta-proyecto-de-ley-privado-para-apoyar-a-periodista-mexicano-a-quien-negaron-asilo\/"},"wordCount":1450,"publisher":{"@id":"https:\/\/latamjournalismreview.org\/es\/#organization"},"image":{"@id":"https:\/\/latamjournalismreview.org\/es\/articles\/congresista-de-ee-uu-presenta-proyecto-de-ley-privado-para-apoyar-a-periodista-mexicano-a-quien-negaron-asilo\/#primaryimage"},"thumbnailUrl":"https:\/\/latamjournalismreview.org\/wp-content\/uploads\/2020\/06\/Emilio-Guti\u00e9rrez-Soto.png","keywords":["Asilo pol\u00edtico","M\u00e9xico"],"articleSection":["Violencia contra periodistas"],"inLanguage":"es"},{"@type":"WebPage","@id":"https:\/\/latamjournalismreview.org\/es\/articles\/congresista-de-ee-uu-presenta-proyecto-de-ley-privado-para-apoyar-a-periodista-mexicano-a-quien-negaron-asilo\/","url":"https:\/\/latamjournalismreview.org\/es\/articles\/congresista-de-ee-uu-presenta-proyecto-de-ley-privado-para-apoyar-a-periodista-mexicano-a-quien-negaron-asilo\/","name":"Congresista de EE.UU. presenta proyecto de ley privado para apoyar a periodista mexicano a quien negaron asilo - LatAm Journalism Review","isPartOf":{"@id":"https:\/\/latamjournalismreview.org\/es\/#website"},"primaryImageOfPage":{"@id":"https:\/\/latamjournalismreview.org\/es\/articles\/congresista-de-ee-uu-presenta-proyecto-de-ley-privado-para-apoyar-a-periodista-mexicano-a-quien-negaron-asilo\/#primaryimage"},"image":{"@id":"https:\/\/latamjournalismreview.org\/es\/articles\/congresista-de-ee-uu-presenta-proyecto-de-ley-privado-para-apoyar-a-periodista-mexicano-a-quien-negaron-asilo\/#primaryimage"},"thumbnailUrl":"https:\/\/latamjournalismreview.org\/wp-content\/uploads\/2020\/06\/Emilio-Guti\u00e9rrez-Soto.png","datePublished":"2019-03-21T00:20:33+00:00","dateModified":"2020-06-18T02:37:29+00:00","description":"Congresista de EE.UU. presenta proyecto de ley privado para apoyar a periodista mexicano a quien negaron asilo . Latin American Journalism Review by The Knight Center at The University of Texas at Austin.","breadcrumb":{"@id":"https:\/\/latamjournalismreview.org\/es\/articles\/congresista-de-ee-uu-presenta-proyecto-de-ley-privado-para-apoyar-a-periodista-mexicano-a-quien-negaron-asilo\/#breadcrumb"},"inLanguage":"es","potentialAction":[{"@type":"ReadAction","target":["https:\/\/latamjournalismreview.org\/es\/articles\/congresista-de-ee-uu-presenta-proyecto-de-ley-privado-para-apoyar-a-periodista-mexicano-a-quien-negaron-asilo\/"]}]},{"@type":"ImageObject","inLanguage":"es","@id":"https:\/\/latamjournalismreview.org\/es\/articles\/congresista-de-ee-uu-presenta-proyecto-de-ley-privado-para-apoyar-a-periodista-mexicano-a-quien-negaron-asilo\/#primaryimage","url":"https:\/\/latamjournalismreview.org\/wp-content\/uploads\/2020\/06\/Emilio-Guti\u00e9rrez-Soto.png","contentUrl":"https:\/\/latamjournalismreview.org\/wp-content\/uploads\/2020\/06\/Emilio-Guti\u00e9rrez-Soto.png","width":507,"height":340,"caption":"Emilio Guti\u00e9rrez Soto"},{"@type":"BreadcrumbList","@id":"https:\/\/latamjournalismreview.org\/es\/articles\/congresista-de-ee-uu-presenta-proyecto-de-ley-privado-para-apoyar-a-periodista-mexicano-a-quien-negaron-asilo\/#breadcrumb","itemListElement":[{"@type":"ListItem","position":1,"name":"Home","item":"https:\/\/latamjournalismreview.org\/es\/"},{"@type":"ListItem","position":2,"name":"Congresista de EE.UU. presenta proyecto de ley privado para apoyar a periodista mexicano a quien negaron asilo"}]},{"@type":"WebSite","@id":"https:\/\/latamjournalismreview.org\/es\/#website","url":"https:\/\/latamjournalismreview.org\/es\/","name":"LatAm Journalism Review","description":"Knight Center at The University of Texas","publisher":{"@id":"https:\/\/latamjournalismreview.org\/es\/#organization"},"potentialAction":[{"@type":"SearchAction","target":{"@type":"EntryPoint","urlTemplate":"https:\/\/latamjournalismreview.org\/es\/?s={search_term_string}"},"query-input":{"@type":"PropertyValueSpecification","valueRequired":true,"valueName":"search_term_string"}}],"inLanguage":"es"},{"@type":"Organization","@id":"https:\/\/latamjournalismreview.org\/es\/#organization","name":"LatAm Journalism Review","url":"https:\/\/latamjournalismreview.org\/es\/","logo":{"@type":"ImageObject","inLanguage":"es","@id":"https:\/\/latamjournalismreview.org\/es\/#\/schema\/logo\/image\/","url":"https:\/\/latamjournalismreview.org\/wp-content\/uploads\/2020\/05\/knight-latAm-review-logo.svg","contentUrl":"https:\/\/latamjournalismreview.org\/wp-content\/uploads\/2020\/05\/knight-latAm-review-logo.svg","width":"1024","height":"1024","caption":"LatAm Journalism Review"},"image":{"@id":"https:\/\/latamjournalismreview.org\/es\/#\/schema\/logo\/image\/"},"sameAs":["https:\/\/x.com\/LatAmJournalism"]},{"@type":"Person","@id":"https:\/\/latamjournalismreview.org\/es\/#\/schema\/person\/b83a4912f05c8178389e917d8d51de03","name":"Teresa Mioli","description":"Teresa Mioli is the editorial manager for the Knight Center for Journalism in the Americas. She is interested in press freedom, democratization, and investigative journalism in Latin America and is dedicated to increasing awareness about the importance of independent news media to the health of democracies. She produces journalistic work with the aim of helping people to make informed decisions about their lives and societies and wants to make sure other journalists are able to do the same. She has Bachelors' degrees in Journalism and Plan II Honors (Liberal Arts) and a Master's degree in Latin American Studies, all from the University of Texas at Austin. She started her journalistic career at The Beaumont Enterprise in Southeast Texas where she last worked as a breaking news reporter. ______ Teresa Mioli es la directora editorial del Centro Knight para el Periodismo en las Am\u00e9ricas. Es una periodista con inter\u00e9s en la libertad de prensa, la democratizaci\u00f3n y el periodismo investigativo en Am\u00e9rica Latina y est\u00e1 dedicada a crear mayor consciencia sobre la importancia de los medios noticiosos independientes para la salud de las democracias. El objetivo de su trabajo period\u00edstico es ayudar las personas para que tomen decisiones informadas sobre sus vidas y sus sociedades, y busca que otros periodistas tengan la posibilidad de hacer lo mismo. Teresa tiene una licenciatura en Periodismo y Artes liberales (Plan II Honors), y una maestr\u00eda en Estudios Latinoamericanos, todos de la Universidad de Texas en Austin. Empez\u00f3 su carrera en periodismo en The Beaumont Enterprise al sureste de Texas, en donde recientemente trabaj\u00f3 como reportera de noticias de \u00faltima hora. Anteriormente ella fue la editora de LatAm Journalism Review del Centro Knight. ______ Teresa Mioli \u00e9 gerente editorial do Centro Knight para o Jornalismo nas Am\u00e9ricas. Ela se interessa por liberdade de imprensa, democratiza\u00e7\u00e3o e jornalismo investigativo na Am\u00e9rica Latina e se dedica a aumentar a conscientiza\u00e7\u00e3o sobre a import\u00e2ncia da m\u00eddia independente para a sa\u00fade das democracias. Ela produz trabalhos jornal\u00edsticos com o objetivo de ajudar as pessoas a tomarem decis\u00f5es informadas sobre suas vidas e sociedades e deseja garantir que outros jornalistas possam fazer o mesmo. Ela tem bacharelado em jornalismo e artes liberais e um mestrado em Estudos Latino-Americanos, todos pela Universidade do Texas em Austin. Ela come\u00e7ou sua carreira jornal\u00edstica na The Beaumont Enterprise no sudeste do Texas, onde trabalhou pela \u00faltima vez como rep\u00f3rter de not\u00edcias de \u00faltima hora.","sameAs":["https:\/\/x.com\/TeresaMioli"],"url":"https:\/\/latamjournalismreview.org\/es\/articles\/author\/teresa-mioli\/"}]}},"_links":{"self":[{"href":"https:\/\/latamjournalismreview.org\/es\/wp-json\/wp\/v2\/posts\/7465","targetHints":{"allow":["GET"]}}],"collection":[{"href":"https:\/\/latamjournalismreview.org\/es\/wp-json\/wp\/v2\/posts"}],"about":[{"href":"https:\/\/latamjournalismreview.org\/es\/wp-json\/wp\/v2\/types\/post"}],"author":[{"embeddable":true,"href":"https:\/\/latamjournalismreview.org\/es\/wp-json\/wp\/v2\/users\/3"}],"replies":[{"embeddable":true,"href":"https:\/\/latamjournalismreview.org\/es\/wp-json\/wp\/v2\/comments?post=7465"}],"version-history":[{"count":2,"href":"https:\/\/latamjournalismreview.org\/es\/wp-json\/wp\/v2\/posts\/7465\/revisions"}],"predecessor-version":[{"id":7467,"href":"https:\/\/latamjournalismreview.org\/es\/wp-json\/wp\/v2\/posts\/7465\/revisions\/7467"}],"wp:featuredmedia":[{"embeddable":true,"href":"https:\/\/latamjournalismreview.org\/es\/wp-json\/wp\/v2\/media\/7463"}],"wp:attachment":[{"href":"https:\/\/latamjournalismreview.org\/es\/wp-json\/wp\/v2\/media?parent=7465"}],"wp:term":[{"taxonomy":"category","embeddable":true,"href":"https:\/\/latamjournalismreview.org\/es\/wp-json\/wp\/v2\/categories?post=7465"},{"taxonomy":"post_tag","embeddable":true,"href":"https:\/\/latamjournalismreview.org\/es\/wp-json\/wp\/v2\/tags?post=7465"},{"taxonomy":"author","embeddable":true,"href":"https:\/\/latamjournalismreview.org\/es\/wp-json\/wp\/v2\/coauthors?post=7465"}],"curies":[{"name":"wp","href":"https:\/\/api.w.org\/{rel}","templated":true}]}}