{"id":75605,"date":"2023-05-17T09:47:21","date_gmt":"2023-05-17T14:47:21","guid":{"rendered":"https:\/\/latamjournalismreview.org\/?p=75605"},"modified":"2023-05-17T15:23:17","modified_gmt":"2023-05-17T20:23:17","slug":"creadores-de-podcast-de-america-latina-hablan-sobre-modelos-de-negocio-formacion-de-audiencia-y-propiedad-intelectual-en-el-festival-estacion-podcast-en-madrid","status":"publish","type":"post","link":"https:\/\/latamjournalismreview.org\/es\/articles\/creadores-de-podcast-de-america-latina-hablan-sobre-modelos-de-negocio-formacion-de-audiencia-y-propiedad-intelectual-en-el-festival-estacion-podcast-en-madrid\/","title":{"rendered":"Creadores de podcast de LatAm hablan sobre modelos de negocio, audiencias y propiedad intelectual en festival en Madrid"},"content":{"rendered":"<p dir=\"ltr\">Creadores de podcast de Am\u00e9rica Latina compartieron sus experiencias y puntos de vista sobre la creaci\u00f3n y formas de financiamiento en varias mesas de discusi\u00f3n de la segunda edici\u00f3n del\u00a0<a href=\"https:\/\/www.estacionpodcast.com\/\" target=\"_blank\" rel=\"noopener noreferrer\"><u>Festival Iberoamericano de Creaci\u00f3n Sonora Estaci\u00f3n Podcast<\/u><\/a>, celebrado en Madrid, Espa\u00f1a, del 9 al 13 de mayo.<\/p>\n<p dir=\"ltr\">Uno de los temas m\u00e1s comentados por productores de podcast period\u00edsticos, conversacionales y narrativos de no ficci\u00f3n de pa\u00edses como M\u00e9xico, Argentina y Colombia fue el de las distintas opciones de modelos de negocio y las diversas v\u00edas que los creadores han experimentado en su intento por hacer sostenibles sus producciones.<\/p>\n<p dir=\"ltr\">Para el periodista argentino Daniel Wizenberg, el contexto de precarizaci\u00f3n que afecta al periodismo en casi todo el mundo tambi\u00e9n ha llegado a la industria del audio, incluso en Estados Unidos, donde recientemente el grupo de medios digitales canadiense, con sede en Nueva York, Vice <a href=\"https:\/\/www.yahoo.com\/entertainment\/vice-news-tonight-canceled-amid-145359289.html\" target=\"_blank\" rel=\"noopener noreferrer\"><u>anunci\u00f3 el cierre de varias de sus producciones y verticales<\/u><\/a>, incluida la de audio, apenas dos semanas antes de <a href=\"https:\/\/elpais.com\/economia\/2023-05-15\/el-grupo-de-medios-de-comunicacion-vice-se-declara-en-quiebra.html\" target=\"_blank\" rel=\"noopener noreferrer\"><u>declararse totalmente en quiebra<\/u><\/a>.<\/p>\n<p dir=\"ltr\">\u201cNo hay que pensar m\u00e1s en modelos de negocio. El periodismo no es un negocio. Yo veo que cuando es negocio, deja de ser periodismo\u201d, dijo Wizenberg en la mesa de discusi\u00f3n \u201cFinanciando el periodismo sonoro de investigaci\u00f3n\u201d. \u201cLo m\u00e1s urgente es poder financiar el trabajo de los y las periodistas. No estamos pidiendo mucho, estamos pidiendo cobrar bien para hacer bien nuestro trabajo\u201d.<\/p>\n<div id=\"attachment_75613\" style=\"width: 560px\" class=\"wp-caption aligncenter\"><img loading=\"lazy\" decoding=\"async\" aria-describedby=\"caption-attachment-75613\" class=\"wp-image-75613 \" src=\"https:\/\/latamjournalismreview.org\/wp-content\/uploads\/2023\/05\/Campeis-Guerrero.png\" alt=\"Podcasters Flavia Campeis, Ana Tudela, Carolina Guerrero and Daniel Wizenberg speak at the Estacion Podcast festival, in Madrid.\" width=\"550\" height=\"369\" srcset=\"https:\/\/latamjournalismreview.org\/wp-content\/uploads\/2023\/05\/Campeis-Guerrero.png 951w, https:\/\/latamjournalismreview.org\/wp-content\/uploads\/2023\/05\/Campeis-Guerrero-300x201.png 300w, https:\/\/latamjournalismreview.org\/wp-content\/uploads\/2023\/05\/Campeis-Guerrero-768x515.png 768w, https:\/\/latamjournalismreview.org\/wp-content\/uploads\/2023\/05\/Campeis-Guerrero-507x340.png 507w, https:\/\/latamjournalismreview.org\/wp-content\/uploads\/2023\/05\/Campeis-Guerrero-350x234.png 350w\" sizes=\"auto, (max-width: 550px) 100vw, 550px\" \/><p id=\"caption-attachment-75613\" class=\"wp-caption-text\">De izquierda a derecha: Flavia Campeis (Argentina), Ana Tudela (Espa\u00f1a), Carolina Guerrero (Colombia) y Daniel Wizenberg (Argentina) hablaron sobre formas de financiar el periodismo sonoro de investigaci\u00f3n. (Foto: Captura de pantalla de YouTube)<\/p><\/div>\n<p>&nbsp;<\/p>\n<p>&nbsp;<\/p>\n<p dir=\"ltr\">Wizenberg, quien actualmente es gerente de participaci\u00f3n de audiencias e impacto del\u00a0<a href=\"https:\/\/www.journalismfund.eu\/\" target=\"_blank\" rel=\"noopener noreferrer\"><u>Journalismfund Europe<\/u><\/a>, una organizaci\u00f3n sin fines de lucro con sede en Bruselas dedicada a estimular la investigaci\u00f3n period\u00edstica transfronteriza, mencion\u00f3 a las subvenciones y becas como unas de las opciones m\u00e1s viables para financiar proyectos de podcast.<\/p>\n<p dir=\"ltr\">Dijo que el Journalismfund Europe busca incentivar la producci\u00f3n de m\u00e1s investigaci\u00f3n period\u00edstica en formato de audio, ya que no son muchas las propuestas de ese tipo que son postuladas para los fondos que ofrece la organizaci\u00f3n.<\/p>\n<p dir=\"ltr\">Dado que son pocas las opciones de fondos espec\u00edficamente para podcasts, los creadores aspirantes deben estar preparados para vender sus proyectos en diferentes formatos y adaptarlos a las condiciones de los fondos existentes, recomend\u00f3 Wizenberg.<\/p>\n<p dir=\"ltr\">\u201cCasi ning\u00fan\u00a0<i>grant<\/i> pide exclusividad, entonces una misma historia, si uno le encuentra \u00e1ngulos diferentes, la puede financiar varias veces. Y ah\u00ed es donde realmente uno trabaja mucho m\u00e1s c\u00f3modo. Con el primero para cubrir los costos y con el segundo ya empiezas a trabajar un poco m\u00e1s c\u00f3modo\u201d, dijo.<\/p>\n<p dir=\"ltr\">Una de las productoras de podcast que se financia a trav\u00e9s de fondos de organizaciones es\u00a0<a href=\"https:\/\/radioambulante.org\/en\" target=\"_blank\" rel=\"noopener noreferrer\"><u>Radio Ambulante<\/u><\/a>, la organizaci\u00f3n con sede en Nueva York que cuenta con una red de periodistas en varios pa\u00edses de Am\u00e9rica Latina. Su CEO, Carolina Guerrero, form\u00f3 parte de la mesa de debate y dijo que al menos un tercio de los ingresos de Radio Ambulante provienen de fundaciones.<\/p>\n<p dir=\"ltr\">Guerrero dijo que buscar el apoyo de organizaciones es un trabajo de tiempo completo y por lo general inicialmente se consigue para proyectos espec\u00edficos. Sin embargo, la misi\u00f3n de los creadores de podcast debe ser ganarse la confianza de las organizaciones y construir una relaci\u00f3n que permita financiar las operaciones de toda la organizaci\u00f3n.<\/p>\n<p dir=\"ltr\">\u201cCuando ya construyes esta relaci\u00f3n con las fundaciones, es posible gestionar estos apoyos, que les llaman \u2018<i>general capacity<\/i>\u2019 en Estados Unidos, que es como de capacidad general, que ya son como para operaciones\u201d, dijo. \u201cComo conf\u00edan en ti, entonces ya tienes de pronto unos apoyos de varios a\u00f1os y de unas cantidades fijas\u201d.<\/p>\n<p dir=\"ltr\">Otro tercio de los ingresos de Radio Ambulante, dijo Guerrero, viene de contratos de distribuci\u00f3n, coproducci\u00f3n y licencias, como el que tienen con la Radio P\u00fablica de Estados Unidos (NPR), que les paga una cantidad anual por distribuir sus podcasts de manera exclusiva.<\/p>\n<p dir=\"ltr\">El tercio restante de su presupuesto viene de\u00a0<a href=\"https:\/\/checkout.fundjournalism.org\/memberform?org_id=radioambulante&amp;lang=es&amp;campaign=7013i000000pfWLAAY\" target=\"_blank\" rel=\"noopener noreferrer\"><u>su programa de membres\u00edas \u201cDeambulantes\u201d<\/u><\/a> y de proyectos paralelos como\u00a0<a href=\"https:\/\/radioambulante.org\/educacion\/aprende-espanol\" target=\"_blank\" rel=\"noopener noreferrer\"><u>Lupa, la aplicaci\u00f3n para aprender espa\u00f1ol<\/u><\/a> basada en los contenidos de audio de Radio Ambulante.<\/p>\n<p dir=\"ltr\">\u201cNosotros como organizaci\u00f3n sin \u00e1nimo de lucro r\u00e1pidamente nos dimos cuenta que producir estos podcasts es s\u00faper costoso. Las investigaciones toman mucho tiempo, f\u00e1cilmente puede ser dos a\u00f1os perseguir una historia [...] y pues es muy artesanal la parte de edici\u00f3n\u201d, dijo Guerrero. \u201cEntonces lo que hicimos es que hemos ido construyendo durante todos estos a\u00f1os un modelo de negocio que no depende solamente de unos ingresos\u201d.<\/p>\n<p dir=\"ltr\">Otras productoras han optado por la financiaci\u00f3n a trav\u00e9s de talleres y cursos. Tal es el caso de\u00a0<a href=\"https:\/\/www.revistalate.net\/\" target=\"_blank\" rel=\"noopener noreferrer\"><u>Revista Late<\/u><\/a>, una red de periodismo global, independiente y sin \u00e1nimo de lucro con representantes en varios pa\u00edses de Am\u00e9rica Latina.<\/p>\n<p dir=\"ltr\">Revista Late ofrece cursos con instructores expertos en periodismo sonoro. Lo que se genera en ingresos por matr\u00edculas se usa para pagar a los instructores y el remanente se invierte en la producci\u00f3n de proyectos period\u00edsticos, incluidos los podcast, explic\u00f3 Wizenberg, quien es cofundador de la organizaci\u00f3n.<\/p>\n<p dir=\"ltr\">Uno de los podcasts producidos bajo este modelo fue\u00a0<a href=\"https:\/\/latamjournalismreview.org\/es\/articles\/en-la-escena-del-crimen-periodistas-de-argentina-y-brasil-apuestan-por-el-podcast-true-crime-para-llevar-investigaciones-periodisticas-a-otro-nivel\/\" target=\"_blank\" rel=\"noopener noreferrer\"><u>\u201c\u00bfD\u00f3nde Est\u00e1 Paula?\u201d, un podcast\u00a0<\/u><i><u>true crime<\/u><\/i><u>\u00a0<\/u><\/a>sobre la desaparici\u00f3n de una mujer embarazada de San Lorenzo, Argentina. Su productora y narradora, Flavia Campeis, quien tambi\u00e9n form\u00f3 parte de la mesa de debate, est\u00e1 al frente de los talleres de podcast de Revista Late.<\/p>\n<p dir=\"ltr\">\u201cUstedes dir\u00e1n \u2018es financiar un trabajo con otro trabajo\u2019, pero todo lo que gener\u00f3 la posibilidad de dar ese taller, que en el primer a\u00f1o estuvo [como instructor el creador de podcasts espa\u00f1ol] Jorge Carri\u00f3n, entre un mont\u00f3n de referentes del podcast de habla hispana, tambi\u00e9n permiti\u00f3 que \u2018\u00bfD\u00f3nde Est\u00e1 Paula?\u2019 se conozca en otros lugares y que puedan llegar otros fondos o que podamos saber a d\u00f3nde postularnos [por fondos] con un proyecto de esas caracter\u00edsticas\u201d, dijo Campeis.<\/p>\n<p dir=\"ltr\">La periodista argentina, quien present\u00f3 una adaptaci\u00f3n de su podcast en vivo en el festival, anunci\u00f3 que entre julio y septiembre de este a\u00f1o se realizar\u00e1\u00a0<a href=\"https:\/\/www.revistalate.net\/2023\/05\/12\/pre-inscripcion-con-descuento-al-taller-de-podcast\/\" target=\"_blank\" rel=\"noopener noreferrer\"><u>una segunda edici\u00f3n del taller de podcast<\/u><\/a>, esta vez en alianza con Le Monde Diplomatique Edici\u00f3n Cono Sur y la estaci\u00f3n de radio digital argentina Futurock, con el fin de financiar la segunda temporada de \u201c\u00bfD\u00f3nde Est\u00e1 Paula\u201d.<\/p>\n<h3 dir=\"ltr\">Antes de monetizar, atender a las audiencias<\/h3>\n<p dir=\"ltr\">La verdadera ganancia de un podcast no son los ingresos econ\u00f3micos, sino la posibilidad de formar una audiencia leal y comprometida que se identifique con el contenido del podcast y \u00e9ste le sea de utilidad.<\/p>\n<p dir=\"ltr\">Esa fue una de las conclusiones de la mesa de discusi\u00f3n \u201cModelos de negocio y desarrollo de contenidos\u201d del festival Estaci\u00f3n Podcast, la cual fue moderada por Toni Garrido, CEO de la\u00a0<a href=\"https:\/\/www.sonora.com\/\" target=\"_blank\" rel=\"noopener noreferrer\"><u>plataforma de entretenimiento en audio Sonora<\/u><\/a>, de Espa\u00f1a.<\/p>\n<p dir=\"ltr\">Diego Barrazas, fundador y CEO de\u00a0<a href=\"https:\/\/dementes.mx\/\" target=\"_blank\" rel=\"noopener noreferrer\"><u>\u201cDementes\u201d<\/u><\/a>, un podcast conversacional de M\u00e9xico con entrevistas a personalidades de distintas industrias, dijo en la mesa de discusi\u00f3n que antes de intentar encontrar la f\u00f3rmula para generar dinero con un podcast, los creadores deben primero definir las razones por las que quieren hacer ese podcast y con eso buscar atraer a la audiencia adecuada.<\/p>\n<div id=\"attachment_75610\" style=\"width: 461px\" class=\"wp-caption alignleft\"><img loading=\"lazy\" decoding=\"async\" aria-describedby=\"caption-attachment-75610\" class=\"wp-image-75610\" src=\"https:\/\/latamjournalismreview.org\/wp-content\/uploads\/2023\/05\/Barrazas-Rubio.png\" alt=\"Alessia Di GIacomo, Megan Davies, Diego Barrazas, Edu Alonso and Olallo Rubio speak at the Estaci\u00f3n Podcast festival.\" width=\"451\" height=\"303\" srcset=\"https:\/\/latamjournalismreview.org\/wp-content\/uploads\/2023\/05\/Barrazas-Rubio.png 887w, https:\/\/latamjournalismreview.org\/wp-content\/uploads\/2023\/05\/Barrazas-Rubio-300x201.png 300w, https:\/\/latamjournalismreview.org\/wp-content\/uploads\/2023\/05\/Barrazas-Rubio-768x515.png 768w, https:\/\/latamjournalismreview.org\/wp-content\/uploads\/2023\/05\/Barrazas-Rubio-507x340.png 507w, https:\/\/latamjournalismreview.org\/wp-content\/uploads\/2023\/05\/Barrazas-Rubio-350x234.png 350w\" sizes=\"auto, (max-width: 451px) 100vw, 451px\" \/><p id=\"caption-attachment-75610\" class=\"wp-caption-text\">Diego Barrazas (centro) y Olallo Rubio (derecha) hablaron sobre su experiencia como creadores de podcast en M\u00e9xico durante la mesa de discusi\u00f3n \"Modelos de negocio y desarrollo de contenidos\u201d. (Foto: Captura de pantalla de YouTube)<\/p><\/div>\n<p dir=\"ltr\">Una vez que se tiene acceso a una audiencia, dijo, existen m\u00faltiples formas externas de generar ingresos, como la organizaci\u00f3n de eventos o la impartici\u00f3n de cursos.<\/p>\n<p dir=\"ltr\">\u201cCreo que en lo que hay que enfocarse cuando est\u00e1s haciendo un podcast no es nada m\u00e1s en \u2018c\u00f3mo puedo sacar lana [dinero] al podcast\u2019, sino aprender todas las herramientas que est\u00e1n por fuera con las que podemos generar un mont\u00f3n de ingresos\u201d, explic\u00f3. \u201cSi yo vendo seguros, entonces hago mi podcast sobre seguros de gastos m\u00e9dicos y tengo una audiencia espec\u00edfica que est\u00e1 buscando eso y, listo, nunca hice un peso vendiendo un anuncio program\u00e1tico, pero s\u00ed con menciones [comerciales] o con clientes que vienen a hacer negocio conmigo\u201d.<\/p>\n<p dir=\"ltr\">Aunque las principales plataformas de distribuci\u00f3n de audio digital como\u00a0<a href=\"https:\/\/help.spotifyforpodcasters.com\/hc\/es-mx\/articles\/12578479648667-Opciones-de-monetizaci%C3%B3n-de-Spotify-for-Podcasters\" target=\"_blank\" rel=\"noopener noreferrer\"><u>Spotify<\/u><\/a> y\u00a0<a href=\"https:\/\/podcasters.apple.com\/support\/892-apple-podcasters-program-overview\" target=\"_blank\" rel=\"noopener noreferrer\"><u>Apple Music<\/u><\/a> ofrecen alternativas para que\u00a0 los creadores de podcasts puedan monetizar sus contenidos, que van desde suscripciones y donaciones hasta publicidad, \u00e9stas no funcionan si no se cuenta con una s\u00f3lida comunidad de oyentes, de acuerdo con Barrazas.<\/p>\n<p dir=\"ltr\">Los productores de podcast deben ser pacientes y estar conscientes de que el camino hacia la construcci\u00f3n de comunidad, y por tanto hacia la monetizaci\u00f3n, lleva tiempo, agreg\u00f3.<\/p>\n<p dir=\"ltr\">\u201cYo lo que recomendar\u00eda ser\u00eda meterse en la cabeza que en los primeros dos a\u00f1os no va a entrar dinero a trav\u00e9s de publicidad. [...] Pero s\u00ed pueden empezar a hacer una audiencia muy leal que necesite de ustedes independientemente de su tama\u00f1o\u201d, dijo Barrazas. \u201cCincuenta personas que te escuchan cada mes es como un sal\u00f3n de clases con 50 personas que est\u00e1n dispuestas a escucharte, y eso lo puedes monetizar de muchas otras formas en lo que alcanzas el tama\u00f1o para poder sacarle realmente un provecho a plataformas m\u00e1s grandes\u201d.<\/p>\n<p dir=\"ltr\">Los creadores tambi\u00e9n deben definir claramente a qu\u00e9 audiencia quieren llegar para enfocar sus esfuerzos en ese p\u00fablico y desarrollar un modelo de negocio af\u00edn a \u00e9ste, dijo. Incluso si la cantidad de oyentes no es muy grande, si el podcast est\u00e1 pensado para satisfacer una necesidad de ese nicho, las posibilidades de monetizaci\u00f3n aumentan.<\/p>\n<p dir=\"ltr\">\u201cNo necesito tener un podcast que tenga un mill\u00f3n de vistas de chavitos de 16 a\u00f1os si yo lo que vendo o lo que yo quiero dar es para adultos de 35 a\u00f1os que puedan pedir un cr\u00e9dito hipotecario\u201d, dijo. \u201cEntonces hay que definir a qu\u00e9 juego quiero jugar y tenerlo claro, y decir \u2018cu\u00e1nta gente realmente necesito\u2019 o \u2018qu\u00e9 tipo de gente necesito que escuche esto para que haga sentido econ\u00f3mico\u2019\u201d.<\/p>\n<p dir=\"ltr\">Un ejemplo del valor que tiene una audiencia leal en la industria del contenido sonoro es\u00a0<a href=\"https:\/\/convoynetwork.com\/\" target=\"_blank\" rel=\"noopener noreferrer\"><u>Convoy Network<\/u><\/a>, la plataforma independiente de podcasts en espa\u00f1ol fundada por el locutor de radio mexicano Olallo Rubio, quien tambi\u00e9n estuvo presente en la mesa de discusi\u00f3n.<\/p>\n<p dir=\"ltr\">Rubio cont\u00f3 que lleg\u00f3 al formato de podcast con amplia ventaja, ya que cuando produjo su primer podcast,\u00a0<a href=\"https:\/\/convoynetwork.com\/home\/podcast\/2\" target=\"_blank\" rel=\"noopener noreferrer\"><u>\"El Podcast de Olallo Rubio\"<\/u><\/a>, en 2005, pudo capitalizar la audiencia que hab\u00eda logrado acumular desde la d\u00e9cada de los 90 como locutor de radio comercial en M\u00e9xico. Respaldado por esa comunidad de escuchas, consigui\u00f3 patrocinadores que le permitieron sacar adelante su proyecto en una \u00e9poca en la que no exist\u00eda una industria del podcast.<\/p>\n<p dir=\"ltr\">Esa misma audiencia permiti\u00f3 a Rubio lanzar en 2016 Convoy Network, que en la actualidad cuenta con m\u00e1s de 120 t\u00edtulos de contenido original y la cual se financia a trav\u00e9s de un programa de suscripci\u00f3n mensual de renovaci\u00f3n autom\u00e1tica, al estilo de las plataformas de video en\u00a0<i>streaming<\/i>.<\/p>\n<p dir=\"ltr\">\u201cEse es el modelo de negocio que tenemos desde marzo de 2016 hasta el d\u00eda de hoy. Afortunadamente ha resultado, no extremadamente exitoso, pero s\u00ed funcional\u201d, dijo Rubio. \u201cHa sido complicado convencer a la gente de que pague por algo que hist\u00f3ricamente ha sido gratuito. La radio siempre ha sido gratuita, o al menos eso cree el escucha. En realidad est\u00e1n pagando un precio, el p\u00fablico termina siendo el producto que los medios terminan vendiendo a patrocinadores\u201d.<\/p>\n<h3 dir=\"ltr\">La propiedad intelectual en el centro del negocio<\/h3>\n<p dir=\"ltr\">Uno de los principales activos que deben proteger los creadores de podcast es la propiedad intelectual de sus producciones, ya que de \u00e9sta se podr\u00edan derivar nuevas fuentes de ingreso que signifiquen la supervivencia del proyecto.<\/p>\n<p dir=\"ltr\">La propiedad intelectual se vuelve un tema especialmente relevante cuando los creadores alcanzan acuerdos con plataformas de distribuci\u00f3n, de acuerdo con Paulina Herrera, cofundadora y directora ejecutiva de la casa productora de podcast\u00a0<a href=\"https:\/\/www.dudasmedia.com\/\" target=\"_blank\" rel=\"noopener noreferrer\"><u>Dudas Media<\/u><\/a>, de M\u00e9xico. Herrera fue parte de otra mesa de discusi\u00f3n, titulada \u201cLa consolidaci\u00f3n de la producci\u00f3n de podcast\u201d.<\/p>\n<div id=\"attachment_75616\" style=\"width: 460px\" class=\"wp-caption alignright\"><img loading=\"lazy\" decoding=\"async\" aria-describedby=\"caption-attachment-75616\" class=\"wp-image-75616 \" src=\"https:\/\/latamjournalismreview.org\/wp-content\/uploads\/2023\/05\/10-Mujeres.png\" alt=\"Screenshot of the landing page of the podcast &quot;10 Mujeres&quot;, from Mexican podcast production company Dudas Media.\" width=\"450\" height=\"302\" srcset=\"https:\/\/latamjournalismreview.org\/wp-content\/uploads\/2023\/05\/10-Mujeres.png 824w, https:\/\/latamjournalismreview.org\/wp-content\/uploads\/2023\/05\/10-Mujeres-300x201.png 300w, https:\/\/latamjournalismreview.org\/wp-content\/uploads\/2023\/05\/10-Mujeres-768x515.png 768w, https:\/\/latamjournalismreview.org\/wp-content\/uploads\/2023\/05\/10-Mujeres-507x340.png 507w, https:\/\/latamjournalismreview.org\/wp-content\/uploads\/2023\/05\/10-Mujeres-350x234.png 350w\" sizes=\"auto, (max-width: 450px) 100vw, 450px\" \/><p id=\"caption-attachment-75616\" class=\"wp-caption-text\">Dudas Media, de M\u00e9xico, lanz\u00f3 este a\u00f1o su primer podcast narrativo de no ficci\u00f3n, \u201c10 Mujeres\u201d, sobre v\u00edctimas de feminicidio, cont\u00f3 su cofundadora, Paulina Herrera. (Foto: Captura de pantalla de diezmujeres.com)<\/p><\/div>\n<p dir=\"ltr\">\u201cCien por ciento, para m\u00ed, la propiedad intelectual est\u00e1 en el centro de nuestro negocio. Ese es el centro del modelo de negocio que tenemos hoy en d\u00eda porque nos permite diversificar a otros productos, nos permite hacer adaptaciones, nos permite saltar a la televisi\u00f3n\u201d, dijo.<\/p>\n<p dir=\"ltr\"><a href=\"https:\/\/www.seregalandudas.com\/\" target=\"_blank\" rel=\"noopener noreferrer\"><u>\u201cSe Regalan Dudas\u201d<\/u><\/a>, el podcast conversacional que se ha convertido en la producci\u00f3n emblema de Dudas Media, fue distribuido en exclusiva en Spotify durante dos temporadas. Y aunque la productora ha establecido este y otros acuerdos de distribuci\u00f3n y exclusividad con plataformas de audio, Herrera fue clara en que nunca han aceptado ceder la propiedad intelectual de ninguno de los cinco podcast que producen actualmente.<\/p>\n<p dir=\"ltr\">\u201cHemos visto la manera de colaborar y trabajar con ellos [las plataformas] de alguna forma tambi\u00e9n. Hemos hecho otro tipo de acuerdos\u201d, dijo. \u201cEso nos dio much\u00edsimo conocimiento, vimos tambi\u00e9n c\u00f3mo funcionaba, pero hasta ahora hemos tenido el privilegio de poder reinvertir mucho de lo que generamos de ganancias en nuevos proyectos\u201d.<\/p>\n<p dir=\"ltr\">Cuidar la propiedad intelectual de un podcast implica involucrarse en temas de contratos que muchas veces salen del \u00e1rea de expertise de los periodistas y creadores. Por ello, Herrera recomend\u00f3 asesorarse legalmente al momento de recibir ofertas de empresas m\u00e1s grandes para comprar, licenciar o comisionar podcasts.<\/p>\n<p dir=\"ltr\">\u201cSiempre es importante tener un equipo legal que te asesore y que te d\u00e9 una visi\u00f3n de las implicaciones que esto tiene a largo plazo\u201d, dijo. \u201cY no es cualquier abogado, son abogados de propiedad intelectual y abogados en entretenimiento que son muy especializados en eso\u201d.<\/p>\n<p dir=\"ltr\">Herrera cont\u00f3 que se extendi\u00f3 dos a\u00f1os la negociaci\u00f3n para la producci\u00f3n del primer podcast narrativo de no ficci\u00f3n de Dudas Media,\u00a0<a href=\"https:\/\/www.diezmujeres.com\/\" target=\"_blank\" rel=\"noopener noreferrer\"><u>\u201c10 Mujeres\u201d<\/u><\/a>, el cual fue lanzado este a\u00f1o y cuenta la historia de 10 mujeres que fueron v\u00edctimas de feminicidio en M\u00e9xico. El proyecto incluye, adem\u00e1s, acompa\u00f1amiento jur\u00eddico y psicol\u00f3gico, as\u00ed como\u00a0<a href=\"https:\/\/www.diezmujeres.com\/quieres-ayudar\" target=\"_blank\" rel=\"noopener noreferrer\"><u>una plataforma de recursos informativos<\/u><\/a> que busca responder preguntas en torno a ese delito.<\/p>\n","protected":false},"excerpt":{"rendered":"<p>Representantes de Radio Ambulante, Dementes, Revista Late, Dudas Media y Convoy Network hablaron en el festival Estaci\u00f3n Podcast sobre creaci\u00f3n de contenido sonoro en Am\u00e9rica Latina, formas de financiamiento, el valor de atender a una audiencia definida y la importancia de proteger la propiedad intelectual. <\/p>\n","protected":false},"author":19,"featured_media":75622,"comment_status":"closed","ping_status":"closed","sticky":false,"template":"","format":"standard","meta":{"inline_featured_image":false,"footnotes":""},"categories":[1211],"tags":[1426,2409,1393,1507],"coauthors":[],"class_list":["post-75605","post","type-post","status-publish","format-standard","has-post-thumbnail","hentry","category-modelo-de-negocio-es","tag-argentina-es","tag-innovacion-es","tag-mexico-es","tag-podcast-es"],"acf":[],"yoast_head":"<!-- This site is optimized with the Yoast SEO Premium plugin v22.6 (Yoast SEO v27.4) - https:\/\/yoast.com\/product\/yoast-seo-premium-wordpress\/ -->\n<title>Creadores de podcast de LatAm hablan sobre modelos de negocio, audiencias y propiedad intelectual en festival en Madrid - LatAm Journalism Review<\/title>\n<meta name=\"description\" content=\"Creadores de podcast de LatAm hablan sobre modelos de negocio, audiencias y propiedad intelectual en festival en Madrid Modelo de negocio. Latin American Journalism Review by The Knight Center at The University of Texas at Austin.\" \/>\n<meta name=\"robots\" content=\"index, follow, max-snippet:-1, max-image-preview:large, max-video-preview:-1\" \/>\n<link rel=\"canonical\" href=\"https:\/\/latamjournalismreview.org\/es\/articles\/creadores-de-podcast-de-america-latina-hablan-sobre-modelos-de-negocio-formacion-de-audiencia-y-propiedad-intelectual-en-el-festival-estacion-podcast-en-madrid\/\" \/>\n<meta property=\"og:locale\" content=\"es_ES\" \/>\n<meta property=\"og:type\" content=\"article\" \/>\n<meta property=\"og:title\" content=\"Creadores de podcast de LatAm hablan sobre modelos de negocio, audiencias y propiedad intelectual en festival en Madrid\" \/>\n<meta property=\"og:description\" content=\"Creadores de podcast de LatAm hablan sobre modelos de negocio, audiencias y propiedad intelectual en festival en Madrid Modelo de negocio. Latin American Journalism Review by The Knight Center at The University of Texas at Austin.\" \/>\n<meta property=\"og:url\" content=\"https:\/\/latamjournalismreview.org\/es\/articles\/creadores-de-podcast-de-america-latina-hablan-sobre-modelos-de-negocio-formacion-de-audiencia-y-propiedad-intelectual-en-el-festival-estacion-podcast-en-madrid\/\" \/>\n<meta property=\"og:site_name\" content=\"LatAm Journalism Review\" \/>\n<meta property=\"article:published_time\" content=\"2023-05-17T14:47:21+00:00\" \/>\n<meta property=\"article:modified_time\" content=\"2023-05-17T20:23:17+00:00\" \/>\n<meta property=\"og:image\" content=\"https:\/\/latamjournalismreview.org\/wp-content\/uploads\/2023\/05\/Featured-Estacio\u0301n-Podcast.png\" \/>\n\t<meta property=\"og:image:width\" content=\"507\" \/>\n\t<meta property=\"og:image:height\" content=\"340\" \/>\n\t<meta property=\"og:image:type\" content=\"image\/png\" \/>\n<meta name=\"author\" content=\"C\u00e9sar L\u00f3pez Linares\" \/>\n<meta name=\"twitter:card\" content=\"summary_large_image\" \/>\n<meta name=\"twitter:creator\" content=\"@cesarisch\" \/>\n<meta name=\"twitter:site\" content=\"@LatAmJournalism\" \/>\n<meta name=\"twitter:label1\" content=\"Written by\" \/>\n\t<meta name=\"twitter:data1\" content=\"C\u00e9sar L\u00f3pez Linares\" \/>\n\t<meta name=\"twitter:label2\" content=\"Est. reading time\" \/>\n\t<meta name=\"twitter:data2\" content=\"13 minutos\" \/>\n<script type=\"application\/ld+json\" class=\"yoast-schema-graph\">{\"@context\":\"https:\\\/\\\/schema.org\",\"@graph\":[{\"@type\":\"Article\",\"@id\":\"https:\\\/\\\/latamjournalismreview.org\\\/es\\\/articles\\\/creadores-de-podcast-de-america-latina-hablan-sobre-modelos-de-negocio-formacion-de-audiencia-y-propiedad-intelectual-en-el-festival-estacion-podcast-en-madrid\\\/#article\",\"isPartOf\":{\"@id\":\"https:\\\/\\\/latamjournalismreview.org\\\/es\\\/articles\\\/creadores-de-podcast-de-america-latina-hablan-sobre-modelos-de-negocio-formacion-de-audiencia-y-propiedad-intelectual-en-el-festival-estacion-podcast-en-madrid\\\/\"},\"author\":{\"name\":\"C\u00e9sar L\u00f3pez Linares\",\"@id\":\"https:\\\/\\\/latamjournalismreview.org\\\/es\\\/#\\\/schema\\\/person\\\/dcf6dcdd6226ac8d939e2796645d17c6\"},\"headline\":\"Creadores de podcast de LatAm hablan sobre modelos de negocio, audiencias y propiedad intelectual en festival en Madrid\",\"datePublished\":\"2023-05-17T14:47:21+00:00\",\"dateModified\":\"2023-05-17T20:23:17+00:00\",\"mainEntityOfPage\":{\"@id\":\"https:\\\/\\\/latamjournalismreview.org\\\/es\\\/articles\\\/creadores-de-podcast-de-america-latina-hablan-sobre-modelos-de-negocio-formacion-de-audiencia-y-propiedad-intelectual-en-el-festival-estacion-podcast-en-madrid\\\/\"},\"wordCount\":2522,\"publisher\":{\"@id\":\"https:\\\/\\\/latamjournalismreview.org\\\/es\\\/#organization\"},\"image\":{\"@id\":\"https:\\\/\\\/latamjournalismreview.org\\\/es\\\/articles\\\/creadores-de-podcast-de-america-latina-hablan-sobre-modelos-de-negocio-formacion-de-audiencia-y-propiedad-intelectual-en-el-festival-estacion-podcast-en-madrid\\\/#primaryimage\"},\"thumbnailUrl\":\"https:\\\/\\\/latamjournalismreview.org\\\/wp-content\\\/uploads\\\/2023\\\/05\\\/Featured-Estacio\u0301n-Podcast.png\",\"keywords\":[\"Argentina\",\"Innovaci\u00f3n\",\"M\u00e9xico\",\"Podcast\"],\"articleSection\":[\"Modelo de negocio\"],\"inLanguage\":\"es\"},{\"@type\":\"WebPage\",\"@id\":\"https:\\\/\\\/latamjournalismreview.org\\\/es\\\/articles\\\/creadores-de-podcast-de-america-latina-hablan-sobre-modelos-de-negocio-formacion-de-audiencia-y-propiedad-intelectual-en-el-festival-estacion-podcast-en-madrid\\\/\",\"url\":\"https:\\\/\\\/latamjournalismreview.org\\\/es\\\/articles\\\/creadores-de-podcast-de-america-latina-hablan-sobre-modelos-de-negocio-formacion-de-audiencia-y-propiedad-intelectual-en-el-festival-estacion-podcast-en-madrid\\\/\",\"name\":\"Creadores de podcast de LatAm hablan sobre modelos de negocio, audiencias y propiedad intelectual en festival en Madrid - LatAm Journalism Review\",\"isPartOf\":{\"@id\":\"https:\\\/\\\/latamjournalismreview.org\\\/es\\\/#website\"},\"primaryImageOfPage\":{\"@id\":\"https:\\\/\\\/latamjournalismreview.org\\\/es\\\/articles\\\/creadores-de-podcast-de-america-latina-hablan-sobre-modelos-de-negocio-formacion-de-audiencia-y-propiedad-intelectual-en-el-festival-estacion-podcast-en-madrid\\\/#primaryimage\"},\"image\":{\"@id\":\"https:\\\/\\\/latamjournalismreview.org\\\/es\\\/articles\\\/creadores-de-podcast-de-america-latina-hablan-sobre-modelos-de-negocio-formacion-de-audiencia-y-propiedad-intelectual-en-el-festival-estacion-podcast-en-madrid\\\/#primaryimage\"},\"thumbnailUrl\":\"https:\\\/\\\/latamjournalismreview.org\\\/wp-content\\\/uploads\\\/2023\\\/05\\\/Featured-Estacio\u0301n-Podcast.png\",\"datePublished\":\"2023-05-17T14:47:21+00:00\",\"dateModified\":\"2023-05-17T20:23:17+00:00\",\"description\":\"Creadores de podcast de LatAm hablan sobre modelos de negocio, audiencias y propiedad intelectual en festival en Madrid Modelo de negocio. Latin American Journalism Review by The Knight Center at The University of Texas at Austin.\",\"breadcrumb\":{\"@id\":\"https:\\\/\\\/latamjournalismreview.org\\\/es\\\/articles\\\/creadores-de-podcast-de-america-latina-hablan-sobre-modelos-de-negocio-formacion-de-audiencia-y-propiedad-intelectual-en-el-festival-estacion-podcast-en-madrid\\\/#breadcrumb\"},\"inLanguage\":\"es\",\"potentialAction\":[{\"@type\":\"ReadAction\",\"target\":[\"https:\\\/\\\/latamjournalismreview.org\\\/es\\\/articles\\\/creadores-de-podcast-de-america-latina-hablan-sobre-modelos-de-negocio-formacion-de-audiencia-y-propiedad-intelectual-en-el-festival-estacion-podcast-en-madrid\\\/\"]}]},{\"@type\":\"ImageObject\",\"inLanguage\":\"es\",\"@id\":\"https:\\\/\\\/latamjournalismreview.org\\\/es\\\/articles\\\/creadores-de-podcast-de-america-latina-hablan-sobre-modelos-de-negocio-formacion-de-audiencia-y-propiedad-intelectual-en-el-festival-estacion-podcast-en-madrid\\\/#primaryimage\",\"url\":\"https:\\\/\\\/latamjournalismreview.org\\\/wp-content\\\/uploads\\\/2023\\\/05\\\/Featured-Estacio\u0301n-Podcast.png\",\"contentUrl\":\"https:\\\/\\\/latamjournalismreview.org\\\/wp-content\\\/uploads\\\/2023\\\/05\\\/Featured-Estacio\u0301n-Podcast.png\",\"width\":507,\"height\":340,\"caption\":\"Silhouettes of podcasters Diego Barraza, Flavia Campeis, Paulina Herrera, Carolina Guerrero, Olallo Rubio and Daniel Wizenberg in front of a background of an audio production image.\"},{\"@type\":\"BreadcrumbList\",\"@id\":\"https:\\\/\\\/latamjournalismreview.org\\\/es\\\/articles\\\/creadores-de-podcast-de-america-latina-hablan-sobre-modelos-de-negocio-formacion-de-audiencia-y-propiedad-intelectual-en-el-festival-estacion-podcast-en-madrid\\\/#breadcrumb\",\"itemListElement\":[{\"@type\":\"ListItem\",\"position\":1,\"name\":\"Home\",\"item\":\"https:\\\/\\\/latamjournalismreview.org\\\/es\\\/\"},{\"@type\":\"ListItem\",\"position\":2,\"name\":\"Creadores de podcast de LatAm hablan sobre modelos de negocio, audiencias y propiedad intelectual en festival en Madrid\"}]},{\"@type\":\"WebSite\",\"@id\":\"https:\\\/\\\/latamjournalismreview.org\\\/es\\\/#website\",\"url\":\"https:\\\/\\\/latamjournalismreview.org\\\/es\\\/\",\"name\":\"LatAm Journalism Review\",\"description\":\"Knight Center at The University of Texas\",\"publisher\":{\"@id\":\"https:\\\/\\\/latamjournalismreview.org\\\/es\\\/#organization\"},\"potentialAction\":[{\"@type\":\"SearchAction\",\"target\":{\"@type\":\"EntryPoint\",\"urlTemplate\":\"https:\\\/\\\/latamjournalismreview.org\\\/es\\\/?s={search_term_string}\"},\"query-input\":{\"@type\":\"PropertyValueSpecification\",\"valueRequired\":true,\"valueName\":\"search_term_string\"}}],\"inLanguage\":\"es\"},{\"@type\":\"Organization\",\"@id\":\"https:\\\/\\\/latamjournalismreview.org\\\/es\\\/#organization\",\"name\":\"LatAm Journalism Review\",\"url\":\"https:\\\/\\\/latamjournalismreview.org\\\/es\\\/\",\"logo\":{\"@type\":\"ImageObject\",\"inLanguage\":\"es\",\"@id\":\"https:\\\/\\\/latamjournalismreview.org\\\/es\\\/#\\\/schema\\\/logo\\\/image\\\/\",\"url\":\"https:\\\/\\\/latamjournalismreview.org\\\/wp-content\\\/uploads\\\/2020\\\/05\\\/knight-latAm-review-logo.svg\",\"contentUrl\":\"https:\\\/\\\/latamjournalismreview.org\\\/wp-content\\\/uploads\\\/2020\\\/05\\\/knight-latAm-review-logo.svg\",\"width\":\"1024\",\"height\":\"1024\",\"caption\":\"LatAm Journalism Review\"},\"image\":{\"@id\":\"https:\\\/\\\/latamjournalismreview.org\\\/es\\\/#\\\/schema\\\/logo\\\/image\\\/\"},\"sameAs\":[\"https:\\\/\\\/x.com\\\/LatAmJournalism\"]},{\"@type\":\"Person\",\"@id\":\"https:\\\/\\\/latamjournalismreview.org\\\/es\\\/#\\\/schema\\\/person\\\/dcf6dcdd6226ac8d939e2796645d17c6\",\"name\":\"C\u00e9sar L\u00f3pez Linares\",\"description\":\"C\u00e9sar L\u00f3pez Linares began his career at the Mexican newspaper REFORMA as an entertainment and media co-editor. He has written for publications such as TODO Austin, Texas Music Magazine and The Austin Chronicle. C\u00e9sar has a Master's degree in Journalism from the University of Texas at Austin and a Bachelors degree in Communication from the National Autonomous University of Mexico. He previously wrote about innovation in journalism for the Gabo Foundation in Colombia and currently reports for the Knight Center's LatAmJournalism Review digital magazine. A native of Mexico City, C\u00e9sar has become a digital nomad combining content creation with his passion for travel. ________ C\u00e9sar L\u00f3pez Linares inici\u00f3 su carrera en el diario mexicano REFORMA como coeditor de entretenimiento y medios. Ha escrito para publicaciones como TODO Austin, Texas Music Magazine y The Austin Chronicle. C\u00e9sar tiene una Maestr\u00eda en Periodismo de la Universidad de Texas en Austin y una Licenciatura en Comunicaci\u00f3n de la Universidad Nacional Aut\u00f3noma de M\u00e9xico. Previamente escribi\u00f3 sobre innovaci\u00f3n en periodismo para la Fundaci\u00f3n Gabo en Colombia y actualmente escribe para la revista digital LatAmJournalism Review del Centro Knight. Originario de la Ciudad de M\u00e9xico, C\u00e9sar se ha convertido en un n\u00f3mada digital que combina la creaci\u00f3n de contenido con su pasi\u00f3n por viajar. _________ C\u00e9sar L\u00f3pez Linares come\u00e7ou sua carreira no jornal mexicano REFORMA como coeditor de entretenimento e m\u00eddia. Ele escreveu para publica\u00e7\u00f5es como TODO Austin, Texas Music Magazine e The Austin Chronicle. C\u00e9sar tem mestrado em jornalismo pela University of Texas em Austin e \u00e9 bacharel em comunica\u00e7\u00e3o pela Universidad Nacional Aut\u00f3noma de M\u00e9xico. Antes disso, ele escreveu sobre inova\u00e7\u00e3o no jornalismo para a Funda\u00e7\u00e3o Gabo na Col\u00f4mbia. Atualmente escreve para a revista digital LatAmJournalism Review do Centro Knight. Nascido na Cidade do M\u00e9xico, C\u00e9sar se tornou um n\u00f4made digital combinando a cria\u00e7\u00e3o de conte\u00fado com sua paix\u00e3o por viagens.\",\"sameAs\":[\"https:\\\/\\\/x.com\\\/cesarisch\"],\"url\":\"https:\\\/\\\/latamjournalismreview.org\\\/es\\\/articles\\\/author\\\/cesar-lopez-linares\\\/\"}]}<\/script>\n<!-- \/ Yoast SEO Premium plugin. -->","yoast_head_json":{"title":"Creadores de podcast de LatAm hablan sobre modelos de negocio, audiencias y propiedad intelectual en festival en Madrid - LatAm Journalism Review","description":"Creadores de podcast de LatAm hablan sobre modelos de negocio, audiencias y propiedad intelectual en festival en Madrid Modelo de negocio. Latin American Journalism Review by The Knight Center at The University of Texas at Austin.","robots":{"index":"index","follow":"follow","max-snippet":"max-snippet:-1","max-image-preview":"max-image-preview:large","max-video-preview":"max-video-preview:-1"},"canonical":"https:\/\/latamjournalismreview.org\/es\/articles\/creadores-de-podcast-de-america-latina-hablan-sobre-modelos-de-negocio-formacion-de-audiencia-y-propiedad-intelectual-en-el-festival-estacion-podcast-en-madrid\/","og_locale":"es_ES","og_type":"article","og_title":"Creadores de podcast de LatAm hablan sobre modelos de negocio, audiencias y propiedad intelectual en festival en Madrid","og_description":"Creadores de podcast de LatAm hablan sobre modelos de negocio, audiencias y propiedad intelectual en festival en Madrid Modelo de negocio. Latin American Journalism Review by The Knight Center at The University of Texas at Austin.","og_url":"https:\/\/latamjournalismreview.org\/es\/articles\/creadores-de-podcast-de-america-latina-hablan-sobre-modelos-de-negocio-formacion-de-audiencia-y-propiedad-intelectual-en-el-festival-estacion-podcast-en-madrid\/","og_site_name":"LatAm Journalism Review","article_published_time":"2023-05-17T14:47:21+00:00","article_modified_time":"2023-05-17T20:23:17+00:00","og_image":[{"width":507,"height":340,"url":"https:\/\/latamjournalismreview.org\/wp-content\/uploads\/2023\/05\/Featured-Estacio\u0301n-Podcast.png","type":"image\/png"}],"author":"C\u00e9sar L\u00f3pez Linares","twitter_card":"summary_large_image","twitter_creator":"@cesarisch","twitter_site":"@LatAmJournalism","twitter_misc":{"Written by":"C\u00e9sar L\u00f3pez Linares","Est. reading time":"13 minutos"},"schema":{"@context":"https:\/\/schema.org","@graph":[{"@type":"Article","@id":"https:\/\/latamjournalismreview.org\/es\/articles\/creadores-de-podcast-de-america-latina-hablan-sobre-modelos-de-negocio-formacion-de-audiencia-y-propiedad-intelectual-en-el-festival-estacion-podcast-en-madrid\/#article","isPartOf":{"@id":"https:\/\/latamjournalismreview.org\/es\/articles\/creadores-de-podcast-de-america-latina-hablan-sobre-modelos-de-negocio-formacion-de-audiencia-y-propiedad-intelectual-en-el-festival-estacion-podcast-en-madrid\/"},"author":{"name":"C\u00e9sar L\u00f3pez Linares","@id":"https:\/\/latamjournalismreview.org\/es\/#\/schema\/person\/dcf6dcdd6226ac8d939e2796645d17c6"},"headline":"Creadores de podcast de LatAm hablan sobre modelos de negocio, audiencias y propiedad intelectual en festival en Madrid","datePublished":"2023-05-17T14:47:21+00:00","dateModified":"2023-05-17T20:23:17+00:00","mainEntityOfPage":{"@id":"https:\/\/latamjournalismreview.org\/es\/articles\/creadores-de-podcast-de-america-latina-hablan-sobre-modelos-de-negocio-formacion-de-audiencia-y-propiedad-intelectual-en-el-festival-estacion-podcast-en-madrid\/"},"wordCount":2522,"publisher":{"@id":"https:\/\/latamjournalismreview.org\/es\/#organization"},"image":{"@id":"https:\/\/latamjournalismreview.org\/es\/articles\/creadores-de-podcast-de-america-latina-hablan-sobre-modelos-de-negocio-formacion-de-audiencia-y-propiedad-intelectual-en-el-festival-estacion-podcast-en-madrid\/#primaryimage"},"thumbnailUrl":"https:\/\/latamjournalismreview.org\/wp-content\/uploads\/2023\/05\/Featured-Estacio\u0301n-Podcast.png","keywords":["Argentina","Innovaci\u00f3n","M\u00e9xico","Podcast"],"articleSection":["Modelo de negocio"],"inLanguage":"es"},{"@type":"WebPage","@id":"https:\/\/latamjournalismreview.org\/es\/articles\/creadores-de-podcast-de-america-latina-hablan-sobre-modelos-de-negocio-formacion-de-audiencia-y-propiedad-intelectual-en-el-festival-estacion-podcast-en-madrid\/","url":"https:\/\/latamjournalismreview.org\/es\/articles\/creadores-de-podcast-de-america-latina-hablan-sobre-modelos-de-negocio-formacion-de-audiencia-y-propiedad-intelectual-en-el-festival-estacion-podcast-en-madrid\/","name":"Creadores de podcast de LatAm hablan sobre modelos de negocio, audiencias y propiedad intelectual en festival en Madrid - LatAm Journalism Review","isPartOf":{"@id":"https:\/\/latamjournalismreview.org\/es\/#website"},"primaryImageOfPage":{"@id":"https:\/\/latamjournalismreview.org\/es\/articles\/creadores-de-podcast-de-america-latina-hablan-sobre-modelos-de-negocio-formacion-de-audiencia-y-propiedad-intelectual-en-el-festival-estacion-podcast-en-madrid\/#primaryimage"},"image":{"@id":"https:\/\/latamjournalismreview.org\/es\/articles\/creadores-de-podcast-de-america-latina-hablan-sobre-modelos-de-negocio-formacion-de-audiencia-y-propiedad-intelectual-en-el-festival-estacion-podcast-en-madrid\/#primaryimage"},"thumbnailUrl":"https:\/\/latamjournalismreview.org\/wp-content\/uploads\/2023\/05\/Featured-Estacio\u0301n-Podcast.png","datePublished":"2023-05-17T14:47:21+00:00","dateModified":"2023-05-17T20:23:17+00:00","description":"Creadores de podcast de LatAm hablan sobre modelos de negocio, audiencias y propiedad intelectual en festival en Madrid Modelo de negocio. Latin American Journalism Review by The Knight Center at The University of Texas at Austin.","breadcrumb":{"@id":"https:\/\/latamjournalismreview.org\/es\/articles\/creadores-de-podcast-de-america-latina-hablan-sobre-modelos-de-negocio-formacion-de-audiencia-y-propiedad-intelectual-en-el-festival-estacion-podcast-en-madrid\/#breadcrumb"},"inLanguage":"es","potentialAction":[{"@type":"ReadAction","target":["https:\/\/latamjournalismreview.org\/es\/articles\/creadores-de-podcast-de-america-latina-hablan-sobre-modelos-de-negocio-formacion-de-audiencia-y-propiedad-intelectual-en-el-festival-estacion-podcast-en-madrid\/"]}]},{"@type":"ImageObject","inLanguage":"es","@id":"https:\/\/latamjournalismreview.org\/es\/articles\/creadores-de-podcast-de-america-latina-hablan-sobre-modelos-de-negocio-formacion-de-audiencia-y-propiedad-intelectual-en-el-festival-estacion-podcast-en-madrid\/#primaryimage","url":"https:\/\/latamjournalismreview.org\/wp-content\/uploads\/2023\/05\/Featured-Estacio\u0301n-Podcast.png","contentUrl":"https:\/\/latamjournalismreview.org\/wp-content\/uploads\/2023\/05\/Featured-Estacio\u0301n-Podcast.png","width":507,"height":340,"caption":"Silhouettes of podcasters Diego Barraza, Flavia Campeis, Paulina Herrera, Carolina Guerrero, Olallo Rubio and Daniel Wizenberg in front of a background of an audio production image."},{"@type":"BreadcrumbList","@id":"https:\/\/latamjournalismreview.org\/es\/articles\/creadores-de-podcast-de-america-latina-hablan-sobre-modelos-de-negocio-formacion-de-audiencia-y-propiedad-intelectual-en-el-festival-estacion-podcast-en-madrid\/#breadcrumb","itemListElement":[{"@type":"ListItem","position":1,"name":"Home","item":"https:\/\/latamjournalismreview.org\/es\/"},{"@type":"ListItem","position":2,"name":"Creadores de podcast de LatAm hablan sobre modelos de negocio, audiencias y propiedad intelectual en festival en Madrid"}]},{"@type":"WebSite","@id":"https:\/\/latamjournalismreview.org\/es\/#website","url":"https:\/\/latamjournalismreview.org\/es\/","name":"LatAm Journalism Review","description":"Knight Center at The University of Texas","publisher":{"@id":"https:\/\/latamjournalismreview.org\/es\/#organization"},"potentialAction":[{"@type":"SearchAction","target":{"@type":"EntryPoint","urlTemplate":"https:\/\/latamjournalismreview.org\/es\/?s={search_term_string}"},"query-input":{"@type":"PropertyValueSpecification","valueRequired":true,"valueName":"search_term_string"}}],"inLanguage":"es"},{"@type":"Organization","@id":"https:\/\/latamjournalismreview.org\/es\/#organization","name":"LatAm Journalism Review","url":"https:\/\/latamjournalismreview.org\/es\/","logo":{"@type":"ImageObject","inLanguage":"es","@id":"https:\/\/latamjournalismreview.org\/es\/#\/schema\/logo\/image\/","url":"https:\/\/latamjournalismreview.org\/wp-content\/uploads\/2020\/05\/knight-latAm-review-logo.svg","contentUrl":"https:\/\/latamjournalismreview.org\/wp-content\/uploads\/2020\/05\/knight-latAm-review-logo.svg","width":"1024","height":"1024","caption":"LatAm Journalism Review"},"image":{"@id":"https:\/\/latamjournalismreview.org\/es\/#\/schema\/logo\/image\/"},"sameAs":["https:\/\/x.com\/LatAmJournalism"]},{"@type":"Person","@id":"https:\/\/latamjournalismreview.org\/es\/#\/schema\/person\/dcf6dcdd6226ac8d939e2796645d17c6","name":"C\u00e9sar L\u00f3pez Linares","description":"C\u00e9sar L\u00f3pez Linares began his career at the Mexican newspaper REFORMA as an entertainment and media co-editor. He has written for publications such as TODO Austin, Texas Music Magazine and The Austin Chronicle. C\u00e9sar has a Master's degree in Journalism from the University of Texas at Austin and a Bachelors degree in Communication from the National Autonomous University of Mexico. He previously wrote about innovation in journalism for the Gabo Foundation in Colombia and currently reports for the Knight Center's LatAmJournalism Review digital magazine. A native of Mexico City, C\u00e9sar has become a digital nomad combining content creation with his passion for travel. ________ C\u00e9sar L\u00f3pez Linares inici\u00f3 su carrera en el diario mexicano REFORMA como coeditor de entretenimiento y medios. Ha escrito para publicaciones como TODO Austin, Texas Music Magazine y The Austin Chronicle. C\u00e9sar tiene una Maestr\u00eda en Periodismo de la Universidad de Texas en Austin y una Licenciatura en Comunicaci\u00f3n de la Universidad Nacional Aut\u00f3noma de M\u00e9xico. Previamente escribi\u00f3 sobre innovaci\u00f3n en periodismo para la Fundaci\u00f3n Gabo en Colombia y actualmente escribe para la revista digital LatAmJournalism Review del Centro Knight. Originario de la Ciudad de M\u00e9xico, C\u00e9sar se ha convertido en un n\u00f3mada digital que combina la creaci\u00f3n de contenido con su pasi\u00f3n por viajar. _________ C\u00e9sar L\u00f3pez Linares come\u00e7ou sua carreira no jornal mexicano REFORMA como coeditor de entretenimento e m\u00eddia. Ele escreveu para publica\u00e7\u00f5es como TODO Austin, Texas Music Magazine e The Austin Chronicle. C\u00e9sar tem mestrado em jornalismo pela University of Texas em Austin e \u00e9 bacharel em comunica\u00e7\u00e3o pela Universidad Nacional Aut\u00f3noma de M\u00e9xico. Antes disso, ele escreveu sobre inova\u00e7\u00e3o no jornalismo para a Funda\u00e7\u00e3o Gabo na Col\u00f4mbia. Atualmente escreve para a revista digital LatAmJournalism Review do Centro Knight. Nascido na Cidade do M\u00e9xico, C\u00e9sar se tornou um n\u00f4made digital combinando a cria\u00e7\u00e3o de conte\u00fado com sua paix\u00e3o por viagens.","sameAs":["https:\/\/x.com\/cesarisch"],"url":"https:\/\/latamjournalismreview.org\/es\/articles\/author\/cesar-lopez-linares\/"}]}},"_links":{"self":[{"href":"https:\/\/latamjournalismreview.org\/es\/wp-json\/wp\/v2\/posts\/75605","targetHints":{"allow":["GET"]}}],"collection":[{"href":"https:\/\/latamjournalismreview.org\/es\/wp-json\/wp\/v2\/posts"}],"about":[{"href":"https:\/\/latamjournalismreview.org\/es\/wp-json\/wp\/v2\/types\/post"}],"author":[{"embeddable":true,"href":"https:\/\/latamjournalismreview.org\/es\/wp-json\/wp\/v2\/users\/19"}],"replies":[{"embeddable":true,"href":"https:\/\/latamjournalismreview.org\/es\/wp-json\/wp\/v2\/comments?post=75605"}],"version-history":[{"count":8,"href":"https:\/\/latamjournalismreview.org\/es\/wp-json\/wp\/v2\/posts\/75605\/revisions"}],"predecessor-version":[{"id":75697,"href":"https:\/\/latamjournalismreview.org\/es\/wp-json\/wp\/v2\/posts\/75605\/revisions\/75697"}],"wp:featuredmedia":[{"embeddable":true,"href":"https:\/\/latamjournalismreview.org\/es\/wp-json\/wp\/v2\/media\/75622"}],"wp:attachment":[{"href":"https:\/\/latamjournalismreview.org\/es\/wp-json\/wp\/v2\/media?parent=75605"}],"wp:term":[{"taxonomy":"category","embeddable":true,"href":"https:\/\/latamjournalismreview.org\/es\/wp-json\/wp\/v2\/categories?post=75605"},{"taxonomy":"post_tag","embeddable":true,"href":"https:\/\/latamjournalismreview.org\/es\/wp-json\/wp\/v2\/tags?post=75605"},{"taxonomy":"author","embeddable":true,"href":"https:\/\/latamjournalismreview.org\/es\/wp-json\/wp\/v2\/coauthors?post=75605"}],"curies":[{"name":"wp","href":"https:\/\/api.w.org\/{rel}","templated":true}]}}