{"id":77531,"date":"2023-07-11T15:44:35","date_gmt":"2023-07-11T20:44:35","guid":{"rendered":"https:\/\/latamjournalismreview.org\/?p=77531"},"modified":"2023-07-12T09:42:18","modified_gmt":"2023-07-12T14:42:18","slug":"la-desinformacion-en-las-ultimas-elecciones-en-brasil-acapara-la-atencion-en-la-conferencia-global-fact-10","status":"publish","type":"post","link":"https:\/\/latamjournalismreview.org\/es\/articles\/la-desinformacion-en-las-ultimas-elecciones-en-brasil-acapara-la-atencion-en-la-conferencia-global-fact-10\/","title":{"rendered":"Desinformaci\u00f3n en las \u00faltimas elecciones en Brasil acapara la atenci\u00f3n en la conferencia Global Fact 10"},"content":{"rendered":"<p><span style=\"font-weight: 400;\">La desinformaci\u00f3n en torno a las \u00faltimas elecciones en Brasil, y la respuesta de los periodistas ante ella, fue un tema destacado y estudiado en la cumbre mundial de<\/span><i><span style=\"font-weight: 400;\"> fact-checking <\/span><\/i><span style=\"font-weight: 400;\">Global Fact 10, celebrada en Se\u00fal a finales de junio.<\/span><b>\u00a0<\/b><\/p>\n<p><span style=\"font-weight: 400;\">La d\u00e9cima edici\u00f3n de Global Fact 10 fue organizada por la Red Internacional de Verificaci\u00f3n (IFCN, por sus siglas en ingl\u00e9s), y reuni\u00f3 en la capital de Corea a m\u00e1s de 500 periodistas, investigadores y representantes de empresas de tecnolog\u00eda. La conferencia tambi\u00e9n fue vista en <em>streaming<\/em> alrededor del mundo.\u00a0<\/span><\/p>\n<p><span style=\"font-weight: 400;\">En al menos tres paneles, durante los tres d\u00edas de conferencia, se convers\u00f3 sobre las herramientas, t\u00e9cnicas y colaboraciones que utilizaron los periodistas brasile\u00f1os para abordar los problemas espec\u00edficos electorales que enfrentaron en 2022.\u00a0<\/span><\/p>\n<p><span style=\"font-weight: 400;\">Tambi\u00e9n el encuentro sirvi\u00f3 para que los participantes y asistentes aprovecharan la oportunidad de pedir rendici\u00f3n de cuenta a las plataformas de redes sociales quienes han formado parte activa en la difusi\u00f3n de la desinformaci\u00f3n en varios pa\u00edses.\u00a0<\/span><\/p>\n<p><span style=\"font-weight: 400;\">Twitter es un ejemplo de ello. Seg\u00fan el exdirector de Transparencia y Seguridad de Twitter Yoel Roth, quien particip\u00f3 en un panel en la conferencia, actualmente la compa\u00f1\u00eda no tiene ning\u00fan plan para hacerle frente a la desinformaci\u00f3n. Esto debido a las pol\u00edticas implementadas desde la llegada de Elon Musk a Twitter en octubre de 2022.\u00a0<\/span><\/p>\n<div id=\"attachment_77535\" style=\"width: 360px\" class=\"wp-caption alignright\"><img loading=\"lazy\" decoding=\"async\" aria-describedby=\"caption-attachment-77535\" class=\"wp-image-77535\" src=\"https:\/\/latamjournalismreview.org\/wp-content\/uploads\/2023\/07\/globalfact10twitter-1-300x212.png\" alt=\"a man in a suit talking in a conference\" width=\"350\" height=\"248\" srcset=\"https:\/\/latamjournalismreview.org\/wp-content\/uploads\/2023\/07\/globalfact10twitter-1-300x212.png 300w, https:\/\/latamjournalismreview.org\/wp-content\/uploads\/2023\/07\/globalfact10twitter-1.png 641w\" sizes=\"auto, (max-width: 350px) 100vw, 350px\" \/><p id=\"caption-attachment-77535\" class=\"wp-caption-text\">Exdirector de Transparencia y Seguridad de Twitter, Yoel Roth, dijo que la compa\u00f1\u00eda no tiene ning\u00fan plan para hacerle frente a la desinformaci\u00f3n. (Foto: Captura de pantalla)<\/p><\/div>\n<p><span style=\"font-weight: 400;\">En mayo de 2023, Musk decidi\u00f3 que Twitter deb\u00eda abandonar<\/span> <a href=\"https:\/\/www.infobae.com\/tecno\/2023\/05\/31\/elon-musk-decide-que-twitter-debe-salir-del-grupo-contra-la-desinformacion-de-las-redes-sociales-de-la-union-europea\/\" target=\"_blank\" rel=\"noopener\"><span style=\"font-weight: 400;\">el C\u00f3digo de buenas pr\u00e1cticas<\/span><\/a><span style=\"font-weight: 400;\">\u00a0en materia de desinformaci\u00f3n de la Uni\u00f3n Europea. Adem\u00e1s, la plataforma reform\u00f3 tambi\u00e9n la forma como otorga la verificaci\u00f3n azul (se\u00f1al de autenticidad) lo que aument\u00f3 la preocupaci\u00f3n sobre la veracidad de la informaci\u00f3n que circula en Twitter.<\/span><\/p>\n<h3><span style=\"font-weight: 400;\">Evitando la desinformaci\u00f3n en Brasil<\/span><\/h3>\n<p><span style=\"font-weight: 400;\">En Brasil, las aplicaciones de mensajer\u00eda desempe\u00f1an un papel crucial en el consumo de informaci\u00f3n. Espec\u00edficamente Whatsapp que, seg\u00fan estudios, es <\/span><a href=\"https:\/\/www.dnkinfotelecom.com.br\/es\/whatsapp-76-de-los-brasilenos-habla-con-empresas-a-traves-de-la-app-dice-investigacion\/#:~:text=Solo%20en%20Brasil%2C%20la%20cantidad,WhatsApp%20es%20de%201.500%20millones.&amp;text=Investigaciones%20recientes%20indican%20que%20entre,99%20tienen%20la%20aplicaci%C3%B3n%20descargada.\" target=\"_blank\" rel=\"noopener\"><span style=\"font-weight: 400;\">usado por el 93% de los brasile\u00f1os diariamente<\/span><\/a><span style=\"font-weight: 400;\">.<\/span><\/p>\n<p><span style=\"font-weight: 400;\">En las elecciones en Brasil de 2018, Whatsapp <\/span><a href=\"https:\/\/elpais.com\/internacional\/2018\/10\/07\/america\/1538877922_089599.html\" target=\"_blank\" rel=\"noopener\"><span style=\"font-weight: 400;\">signific\u00f3 un elemento distorsionador y propulsor de noticias falsas<\/span><\/a><span style=\"font-weight: 400;\">.<\/span><\/p>\n<p><span style=\"font-weight: 400;\">Por ello, durante las elecciones de 2022, cinco redacciones (Ag\u00eancia Lupa, Aos Fatos, Projeto Comprova, Estad\u00e3o Verifica y\u00a0 Universo Online (UOL)), en colaboraci\u00f3n con el Tribunal Supremo de Justicia de Brasil (TSE), verificaron m\u00e1s de 300.000 preguntas y solicitudes de los votantes, recogidas a trav\u00e9s de seis l\u00edneas telef\u00f3nicas de WhatsApp<\/span><span style=\"font-weight: 400;\">.<\/span><\/p>\n<p><span style=\"font-weight: 400;\">El proyecto se conoce como la coalici\u00f3n Confirma 2022, y el <\/span><i><span style=\"font-weight: 400;\">bot <\/span><\/i><span style=\"font-weight: 400;\">\u00a0fue construido por Meedan,\u00a0 una organizaci\u00f3n tecnol\u00f3gica mundial sin \u00e1nimo de lucro que crea software e iniciativas para reforzar el periodismo, la alfabetizaci\u00f3n digital y la accesibilidad de la informaci\u00f3n.<\/span><\/p>\n<p><span style=\"font-weight: 400;\">\u201cEst\u00e1bamos m\u00e1s preparados que en 2018 para trabajar usando Whatsapp porque pod\u00edamos controlarlo mejor\u201d, explic\u00f3 Daniel Bramatti, editor de Estad\u00e3o Verifica, durante la conferencia.\u00a0<\/span><\/p>\n<p><span style=\"font-weight: 400;\">En 2018 no ten\u00edan tanta experiencia monitoreando Whatsapp y tampoco contaban con el apoyo de la plataforma tecnol\u00f3gica para controlar la desinformaci\u00f3n. Para 2022, seg\u00fan afirman los periodistas de la coalici\u00f3n, Whatsapp hab\u00eda tomado ciertas medidas para evitar la propagaci\u00f3n de noticias falsas como la limitaci\u00f3n de mensajes masivos.\u00a0<\/span><\/p>\n<p><span style=\"font-weight: 400;\">A trav\u00e9s del bot de Whatsapp de Confirma 2022, los usuarios pod\u00edan hacer preguntas y recibir posteriormente un link con la verificaci\u00f3n de la informaci\u00f3n redactada por algunos de los medios de comunicaci\u00f3n participantes.\u00a0<\/span><\/p>\n<p><span style=\"font-weight: 400;\">\u201cVer lo que preguntaban los usuarios nos ayud\u00f3 a saber en qu\u00e9 tipo de desinformaci\u00f3n ten\u00edamos que trabajar. Nos ahorr\u00f3 tiempo\u201d, dijo Natalia Leal\u00a0<\/span><span style=\"font-weight: 400;\">CEO de Ag\u00eancia Lupa.\u00a0<\/span><\/p>\n<p><span style=\"font-weight: 400;\">El chequeo de informaci\u00f3n se limit\u00f3 solo al proceso electoral y no a analizar la desinformaci\u00f3n sobre alg\u00fan candidato en particular. De todas maneras, requiri\u00f3 un esfuerzo importante para los periodistas y medios participantes.\u00a0<\/span><\/p>\n<p><span style=\"font-weight: 400;\">\u201cNormalmente, recibimos 200 sugerencias de posibles noticias para hacer fact-checking al d\u00eda. Durante las elecciones tuvimos unas 4.000 al d\u00eda. Era mucho\u201d, cont\u00f3 Leal.\u00a0<\/span><\/p>\n<p><span style=\"font-weight: 400;\">\u201cTuvimos que dividir nuestro equipo en plataformas, un grupo se dedicaba solo a Whatsapp\u201d, agreg\u00f3 Leal.\u00a0<\/span><\/p>\n<div id=\"attachment_77538\" style=\"width: 460px\" class=\"wp-caption alignleft\"><img loading=\"lazy\" decoding=\"async\" aria-describedby=\"caption-attachment-77538\" class=\"wp-image-77538\" src=\"https:\/\/latamjournalismreview.org\/wp-content\/uploads\/2023\/07\/Globalfact10brazil-e1689107336473-300x115.png\" alt=\"Three people on a streaming call\" width=\"450\" height=\"173\" srcset=\"https:\/\/latamjournalismreview.org\/wp-content\/uploads\/2023\/07\/Globalfact10brazil-e1689107336473-300x115.png 300w, https:\/\/latamjournalismreview.org\/wp-content\/uploads\/2023\/07\/Globalfact10brazil-e1689107336473-1024x394.png 1024w, https:\/\/latamjournalismreview.org\/wp-content\/uploads\/2023\/07\/Globalfact10brazil-e1689107336473-768x295.png 768w, https:\/\/latamjournalismreview.org\/wp-content\/uploads\/2023\/07\/Globalfact10brazil-e1689107336473-1536x591.png 1536w, https:\/\/latamjournalismreview.org\/wp-content\/uploads\/2023\/07\/Globalfact10brazil-e1689107336473.png 1836w\" sizes=\"auto, (max-width: 450px) 100vw, 450px\" \/><p id=\"caption-attachment-77538\" class=\"wp-caption-text\">Natalia Leal, CEO de Ag\u00eancia Lupa; <span style=\"font-weight: 400;\">Daniel Bramatti, editor de Estad\u00e3o Verifica; y Pierre Conti, jefe de producto y estrategia de Meedan. (Foto: Captura de Pantalla).<\/span><\/p><\/div>\n<p><span style=\"font-weight: 400;\">Durante otro panel, Marcela Duarte, tambi\u00e9n parte del equipo de Ag\u00eancia Lupa, explic\u00f3 que durante el proceso electoral de 2022 m\u00e1s de 25 personas, de diferentes partes del pa\u00eds, estuvieron trabajando de forma remota en la verificaci\u00f3n de informaci\u00f3n.\u00a0<\/span><\/p>\n<p><span style=\"font-weight: 400;\">\u201cEl trabajo remoto aporta diversidad a la redacci\u00f3n. Durante las elecciones, nos asociamos con Chequeado de Argentina para utilizar su herramienta para traducir debates y entrevistas\u201d, cont\u00f3 Duarte.\u00a0<\/span><\/p>\n<p><span style=\"font-weight: 400;\">Duarte explic\u00f3 tambi\u00e9n que al trabajar remoto decidieron tener todo su proceso de cobertura electoral por escrito, que inclu\u00eda gu\u00edas de qu\u00e9 hacer en caso de errores, a qui\u00e9n llamar, los contactos de todo el equipo y hasta los pasos a seguir en caso de un intento de golpe de Estado.\u00a0<\/span><\/p>\n<p><span style=\"font-weight: 400;\">Miles de personas han asistido a la cumbre mundial de fact-checking Global Fact, desde su creaci\u00f3n en 2014. La conferencia ha tenido lugar en ciudades como Londres, Oslo, Buenos Aires, Madrid, entre otras. Proyectos como el D\u00eda Internacional del Fact-checking y el C\u00f3digo de Principios de la IFCN han surgido en esta conferencia. A\u00fan la fecha y el lugar del evento en 2024 est\u00e1n por confirmarse.<\/span><\/p>\n","protected":false},"excerpt":{"rendered":"<p>Periodistas y medios de verificaci\u00f3n de Brasil conversan en la cumbre mundial Global Fact 10 sobre las coaliciones y medidas tomadas durante las elecciones presidenciales de 2022. La responsabilidad de las plataformas de redes sociales o mensajer\u00eda de texto en la propagaci\u00f3n de la desinformaci\u00f3n tambi\u00e9n fueron temas tratados.<\/p>\n","protected":false},"author":36,"featured_media":77541,"comment_status":"closed","ping_status":"closed","sticky":false,"template":"","format":"standard","meta":{"inline_featured_image":false,"footnotes":""},"categories":[1236],"tags":[1545,2409],"coauthors":[],"class_list":["post-77531","post","type-post","status-publish","format-standard","has-post-thumbnail","hentry","category-noticias-falsas-y-desinformacion-es","tag-elecciones-es","tag-innovacion-es"],"acf":[],"yoast_head":"<!-- This site is optimized with the Yoast SEO Premium plugin v22.6 (Yoast SEO v27.4) - https:\/\/yoast.com\/product\/yoast-seo-premium-wordpress\/ -->\n<title>Desinformaci\u00f3n en las \u00faltimas elecciones en Brasil acapara la atenci\u00f3n en la conferencia Global Fact 10 - LatAm Journalism Review<\/title>\n<meta name=\"description\" content=\"Desinformaci\u00f3n en las \u00faltimas elecciones en Brasil acapara la atenci\u00f3n en la conferencia Global Fact 10 Noticias falsas y desinformaci\u00f3n. Latin American Journalism Review by The Knight Center at The University of Texas at Austin.\" \/>\n<meta name=\"robots\" content=\"index, follow, max-snippet:-1, max-image-preview:large, max-video-preview:-1\" \/>\n<link rel=\"canonical\" href=\"https:\/\/latamjournalismreview.org\/es\/articles\/la-desinformacion-en-las-ultimas-elecciones-en-brasil-acapara-la-atencion-en-la-conferencia-global-fact-10\/\" \/>\n<meta property=\"og:locale\" content=\"es_ES\" \/>\n<meta property=\"og:type\" content=\"article\" \/>\n<meta property=\"og:title\" content=\"Desinformaci\u00f3n en las \u00faltimas elecciones en Brasil acapara la atenci\u00f3n en la conferencia Global Fact 10\" \/>\n<meta property=\"og:description\" content=\"Desinformaci\u00f3n en las \u00faltimas elecciones en Brasil acapara la atenci\u00f3n en la conferencia Global Fact 10 Noticias falsas y desinformaci\u00f3n. Latin American Journalism Review by The Knight Center at The University of Texas at Austin.\" \/>\n<meta property=\"og:url\" content=\"https:\/\/latamjournalismreview.org\/es\/articles\/la-desinformacion-en-las-ultimas-elecciones-en-brasil-acapara-la-atencion-en-la-conferencia-global-fact-10\/\" \/>\n<meta property=\"og:site_name\" content=\"LatAm Journalism Review\" \/>\n<meta property=\"article:published_time\" content=\"2023-07-11T20:44:35+00:00\" \/>\n<meta property=\"article:modified_time\" content=\"2023-07-12T14:42:18+00:00\" \/>\n<meta property=\"og:image\" content=\"https:\/\/latamjournalismreview.org\/wp-content\/uploads\/2023\/07\/FeaturedGlobalFact.png\" \/>\n\t<meta property=\"og:image:width\" content=\"507\" \/>\n\t<meta property=\"og:image:height\" content=\"340\" \/>\n\t<meta property=\"og:image:type\" content=\"image\/png\" \/>\n<meta name=\"author\" content=\"Katherine Pennacchio\" \/>\n<meta name=\"twitter:card\" content=\"summary_large_image\" \/>\n<meta name=\"twitter:creator\" content=\"@kathypennacchio\" \/>\n<meta name=\"twitter:site\" content=\"@LatAmJournalism\" \/>\n<meta name=\"twitter:label1\" content=\"Written by\" \/>\n\t<meta name=\"twitter:data1\" content=\"Katherine Pennacchio\" \/>\n\t<meta name=\"twitter:label2\" content=\"Est. reading time\" \/>\n\t<meta name=\"twitter:data2\" content=\"5 minutos\" \/>\n<script type=\"application\/ld+json\" class=\"yoast-schema-graph\">{\"@context\":\"https:\\\/\\\/schema.org\",\"@graph\":[{\"@type\":\"Article\",\"@id\":\"https:\\\/\\\/latamjournalismreview.org\\\/es\\\/articles\\\/la-desinformacion-en-las-ultimas-elecciones-en-brasil-acapara-la-atencion-en-la-conferencia-global-fact-10\\\/#article\",\"isPartOf\":{\"@id\":\"https:\\\/\\\/latamjournalismreview.org\\\/es\\\/articles\\\/la-desinformacion-en-las-ultimas-elecciones-en-brasil-acapara-la-atencion-en-la-conferencia-global-fact-10\\\/\"},\"author\":{\"name\":\"Katherine Pennacchio\",\"@id\":\"https:\\\/\\\/latamjournalismreview.org\\\/es\\\/#\\\/schema\\\/person\\\/35fb0fc8541711528b3683cd6bf42190\"},\"headline\":\"Desinformaci\u00f3n en las \u00faltimas elecciones en Brasil acapara la atenci\u00f3n en la conferencia Global Fact 10\",\"datePublished\":\"2023-07-11T20:44:35+00:00\",\"dateModified\":\"2023-07-12T14:42:18+00:00\",\"mainEntityOfPage\":{\"@id\":\"https:\\\/\\\/latamjournalismreview.org\\\/es\\\/articles\\\/la-desinformacion-en-las-ultimas-elecciones-en-brasil-acapara-la-atencion-en-la-conferencia-global-fact-10\\\/\"},\"wordCount\":970,\"publisher\":{\"@id\":\"https:\\\/\\\/latamjournalismreview.org\\\/es\\\/#organization\"},\"image\":{\"@id\":\"https:\\\/\\\/latamjournalismreview.org\\\/es\\\/articles\\\/la-desinformacion-en-las-ultimas-elecciones-en-brasil-acapara-la-atencion-en-la-conferencia-global-fact-10\\\/#primaryimage\"},\"thumbnailUrl\":\"https:\\\/\\\/latamjournalismreview.org\\\/wp-content\\\/uploads\\\/2023\\\/07\\\/FeaturedGlobalFact.png\",\"keywords\":[\"Elecciones\",\"Innovaci\u00f3n\"],\"articleSection\":[\"Noticias falsas y desinformaci\u00f3n\"],\"inLanguage\":\"es\"},{\"@type\":\"WebPage\",\"@id\":\"https:\\\/\\\/latamjournalismreview.org\\\/es\\\/articles\\\/la-desinformacion-en-las-ultimas-elecciones-en-brasil-acapara-la-atencion-en-la-conferencia-global-fact-10\\\/\",\"url\":\"https:\\\/\\\/latamjournalismreview.org\\\/es\\\/articles\\\/la-desinformacion-en-las-ultimas-elecciones-en-brasil-acapara-la-atencion-en-la-conferencia-global-fact-10\\\/\",\"name\":\"Desinformaci\u00f3n en las \u00faltimas elecciones en Brasil acapara la atenci\u00f3n en la conferencia Global Fact 10 - LatAm Journalism Review\",\"isPartOf\":{\"@id\":\"https:\\\/\\\/latamjournalismreview.org\\\/es\\\/#website\"},\"primaryImageOfPage\":{\"@id\":\"https:\\\/\\\/latamjournalismreview.org\\\/es\\\/articles\\\/la-desinformacion-en-las-ultimas-elecciones-en-brasil-acapara-la-atencion-en-la-conferencia-global-fact-10\\\/#primaryimage\"},\"image\":{\"@id\":\"https:\\\/\\\/latamjournalismreview.org\\\/es\\\/articles\\\/la-desinformacion-en-las-ultimas-elecciones-en-brasil-acapara-la-atencion-en-la-conferencia-global-fact-10\\\/#primaryimage\"},\"thumbnailUrl\":\"https:\\\/\\\/latamjournalismreview.org\\\/wp-content\\\/uploads\\\/2023\\\/07\\\/FeaturedGlobalFact.png\",\"datePublished\":\"2023-07-11T20:44:35+00:00\",\"dateModified\":\"2023-07-12T14:42:18+00:00\",\"description\":\"Desinformaci\u00f3n en las \u00faltimas elecciones en Brasil acapara la atenci\u00f3n en la conferencia Global Fact 10 Noticias falsas y desinformaci\u00f3n. Latin American Journalism Review by The Knight Center at The University of Texas at Austin.\",\"breadcrumb\":{\"@id\":\"https:\\\/\\\/latamjournalismreview.org\\\/es\\\/articles\\\/la-desinformacion-en-las-ultimas-elecciones-en-brasil-acapara-la-atencion-en-la-conferencia-global-fact-10\\\/#breadcrumb\"},\"inLanguage\":\"es\",\"potentialAction\":[{\"@type\":\"ReadAction\",\"target\":[\"https:\\\/\\\/latamjournalismreview.org\\\/es\\\/articles\\\/la-desinformacion-en-las-ultimas-elecciones-en-brasil-acapara-la-atencion-en-la-conferencia-global-fact-10\\\/\"]}]},{\"@type\":\"ImageObject\",\"inLanguage\":\"es\",\"@id\":\"https:\\\/\\\/latamjournalismreview.org\\\/es\\\/articles\\\/la-desinformacion-en-las-ultimas-elecciones-en-brasil-acapara-la-atencion-en-la-conferencia-global-fact-10\\\/#primaryimage\",\"url\":\"https:\\\/\\\/latamjournalismreview.org\\\/wp-content\\\/uploads\\\/2023\\\/07\\\/FeaturedGlobalFact.png\",\"contentUrl\":\"https:\\\/\\\/latamjournalismreview.org\\\/wp-content\\\/uploads\\\/2023\\\/07\\\/FeaturedGlobalFact.png\",\"width\":507,\"height\":340},{\"@type\":\"BreadcrumbList\",\"@id\":\"https:\\\/\\\/latamjournalismreview.org\\\/es\\\/articles\\\/la-desinformacion-en-las-ultimas-elecciones-en-brasil-acapara-la-atencion-en-la-conferencia-global-fact-10\\\/#breadcrumb\",\"itemListElement\":[{\"@type\":\"ListItem\",\"position\":1,\"name\":\"Home\",\"item\":\"https:\\\/\\\/latamjournalismreview.org\\\/es\\\/\"},{\"@type\":\"ListItem\",\"position\":2,\"name\":\"Desinformaci\u00f3n en las \u00faltimas elecciones en Brasil acapara la atenci\u00f3n en la conferencia Global Fact 10\"}]},{\"@type\":\"WebSite\",\"@id\":\"https:\\\/\\\/latamjournalismreview.org\\\/es\\\/#website\",\"url\":\"https:\\\/\\\/latamjournalismreview.org\\\/es\\\/\",\"name\":\"LatAm Journalism Review\",\"description\":\"Knight Center at The University of Texas\",\"publisher\":{\"@id\":\"https:\\\/\\\/latamjournalismreview.org\\\/es\\\/#organization\"},\"potentialAction\":[{\"@type\":\"SearchAction\",\"target\":{\"@type\":\"EntryPoint\",\"urlTemplate\":\"https:\\\/\\\/latamjournalismreview.org\\\/es\\\/?s={search_term_string}\"},\"query-input\":{\"@type\":\"PropertyValueSpecification\",\"valueRequired\":true,\"valueName\":\"search_term_string\"}}],\"inLanguage\":\"es\"},{\"@type\":\"Organization\",\"@id\":\"https:\\\/\\\/latamjournalismreview.org\\\/es\\\/#organization\",\"name\":\"LatAm Journalism Review\",\"url\":\"https:\\\/\\\/latamjournalismreview.org\\\/es\\\/\",\"logo\":{\"@type\":\"ImageObject\",\"inLanguage\":\"es\",\"@id\":\"https:\\\/\\\/latamjournalismreview.org\\\/es\\\/#\\\/schema\\\/logo\\\/image\\\/\",\"url\":\"https:\\\/\\\/latamjournalismreview.org\\\/wp-content\\\/uploads\\\/2020\\\/05\\\/knight-latAm-review-logo.svg\",\"contentUrl\":\"https:\\\/\\\/latamjournalismreview.org\\\/wp-content\\\/uploads\\\/2020\\\/05\\\/knight-latAm-review-logo.svg\",\"width\":\"1024\",\"height\":\"1024\",\"caption\":\"LatAm Journalism Review\"},\"image\":{\"@id\":\"https:\\\/\\\/latamjournalismreview.org\\\/es\\\/#\\\/schema\\\/logo\\\/image\\\/\"},\"sameAs\":[\"https:\\\/\\\/x.com\\\/LatAmJournalism\"]},{\"@type\":\"Person\",\"@id\":\"https:\\\/\\\/latamjournalismreview.org\\\/es\\\/#\\\/schema\\\/person\\\/35fb0fc8541711528b3683cd6bf42190\",\"name\":\"Katherine Pennacchio\",\"description\":\"Katherine Pennacchio is a Venezuelan journalist with a master's degree in Investigative, Data and Visualization Journalism from Unidad Editorial and the Rey Juan Carlos University of Madrid. Katherine is passionate about data analysis and currently works as a freelancer. ____ Katherine Pennacchio es una periodista venezolana con una maestr\u00eda en Periodismo de Investigaci\u00f3n, Datos y Visualizaci\u00f3n de la Unidad Editorial y la Universidad Rey Juan Carlos de Madrid. Katherine es una apasionada del an\u00e1lisis de datos y actualmente trabaja como independiente.\",\"sameAs\":[\"https:\\\/\\\/x.com\\\/kathypennacchio\"],\"url\":\"https:\\\/\\\/latamjournalismreview.org\\\/es\\\/articles\\\/author\\\/katherine-pennacchio\\\/\"}]}<\/script>\n<!-- \/ Yoast SEO Premium plugin. -->","yoast_head_json":{"title":"Desinformaci\u00f3n en las \u00faltimas elecciones en Brasil acapara la atenci\u00f3n en la conferencia Global Fact 10 - LatAm Journalism Review","description":"Desinformaci\u00f3n en las \u00faltimas elecciones en Brasil acapara la atenci\u00f3n en la conferencia Global Fact 10 Noticias falsas y desinformaci\u00f3n. Latin American Journalism Review by The Knight Center at The University of Texas at Austin.","robots":{"index":"index","follow":"follow","max-snippet":"max-snippet:-1","max-image-preview":"max-image-preview:large","max-video-preview":"max-video-preview:-1"},"canonical":"https:\/\/latamjournalismreview.org\/es\/articles\/la-desinformacion-en-las-ultimas-elecciones-en-brasil-acapara-la-atencion-en-la-conferencia-global-fact-10\/","og_locale":"es_ES","og_type":"article","og_title":"Desinformaci\u00f3n en las \u00faltimas elecciones en Brasil acapara la atenci\u00f3n en la conferencia Global Fact 10","og_description":"Desinformaci\u00f3n en las \u00faltimas elecciones en Brasil acapara la atenci\u00f3n en la conferencia Global Fact 10 Noticias falsas y desinformaci\u00f3n. Latin American Journalism Review by The Knight Center at The University of Texas at Austin.","og_url":"https:\/\/latamjournalismreview.org\/es\/articles\/la-desinformacion-en-las-ultimas-elecciones-en-brasil-acapara-la-atencion-en-la-conferencia-global-fact-10\/","og_site_name":"LatAm Journalism Review","article_published_time":"2023-07-11T20:44:35+00:00","article_modified_time":"2023-07-12T14:42:18+00:00","og_image":[{"width":507,"height":340,"url":"https:\/\/latamjournalismreview.org\/wp-content\/uploads\/2023\/07\/FeaturedGlobalFact.png","type":"image\/png"}],"author":"Katherine Pennacchio","twitter_card":"summary_large_image","twitter_creator":"@kathypennacchio","twitter_site":"@LatAmJournalism","twitter_misc":{"Written by":"Katherine Pennacchio","Est. reading time":"5 minutos"},"schema":{"@context":"https:\/\/schema.org","@graph":[{"@type":"Article","@id":"https:\/\/latamjournalismreview.org\/es\/articles\/la-desinformacion-en-las-ultimas-elecciones-en-brasil-acapara-la-atencion-en-la-conferencia-global-fact-10\/#article","isPartOf":{"@id":"https:\/\/latamjournalismreview.org\/es\/articles\/la-desinformacion-en-las-ultimas-elecciones-en-brasil-acapara-la-atencion-en-la-conferencia-global-fact-10\/"},"author":{"name":"Katherine Pennacchio","@id":"https:\/\/latamjournalismreview.org\/es\/#\/schema\/person\/35fb0fc8541711528b3683cd6bf42190"},"headline":"Desinformaci\u00f3n en las \u00faltimas elecciones en Brasil acapara la atenci\u00f3n en la conferencia Global Fact 10","datePublished":"2023-07-11T20:44:35+00:00","dateModified":"2023-07-12T14:42:18+00:00","mainEntityOfPage":{"@id":"https:\/\/latamjournalismreview.org\/es\/articles\/la-desinformacion-en-las-ultimas-elecciones-en-brasil-acapara-la-atencion-en-la-conferencia-global-fact-10\/"},"wordCount":970,"publisher":{"@id":"https:\/\/latamjournalismreview.org\/es\/#organization"},"image":{"@id":"https:\/\/latamjournalismreview.org\/es\/articles\/la-desinformacion-en-las-ultimas-elecciones-en-brasil-acapara-la-atencion-en-la-conferencia-global-fact-10\/#primaryimage"},"thumbnailUrl":"https:\/\/latamjournalismreview.org\/wp-content\/uploads\/2023\/07\/FeaturedGlobalFact.png","keywords":["Elecciones","Innovaci\u00f3n"],"articleSection":["Noticias falsas y desinformaci\u00f3n"],"inLanguage":"es"},{"@type":"WebPage","@id":"https:\/\/latamjournalismreview.org\/es\/articles\/la-desinformacion-en-las-ultimas-elecciones-en-brasil-acapara-la-atencion-en-la-conferencia-global-fact-10\/","url":"https:\/\/latamjournalismreview.org\/es\/articles\/la-desinformacion-en-las-ultimas-elecciones-en-brasil-acapara-la-atencion-en-la-conferencia-global-fact-10\/","name":"Desinformaci\u00f3n en las \u00faltimas elecciones en Brasil acapara la atenci\u00f3n en la conferencia Global Fact 10 - LatAm Journalism Review","isPartOf":{"@id":"https:\/\/latamjournalismreview.org\/es\/#website"},"primaryImageOfPage":{"@id":"https:\/\/latamjournalismreview.org\/es\/articles\/la-desinformacion-en-las-ultimas-elecciones-en-brasil-acapara-la-atencion-en-la-conferencia-global-fact-10\/#primaryimage"},"image":{"@id":"https:\/\/latamjournalismreview.org\/es\/articles\/la-desinformacion-en-las-ultimas-elecciones-en-brasil-acapara-la-atencion-en-la-conferencia-global-fact-10\/#primaryimage"},"thumbnailUrl":"https:\/\/latamjournalismreview.org\/wp-content\/uploads\/2023\/07\/FeaturedGlobalFact.png","datePublished":"2023-07-11T20:44:35+00:00","dateModified":"2023-07-12T14:42:18+00:00","description":"Desinformaci\u00f3n en las \u00faltimas elecciones en Brasil acapara la atenci\u00f3n en la conferencia Global Fact 10 Noticias falsas y desinformaci\u00f3n. Latin American Journalism Review by The Knight Center at The University of Texas at Austin.","breadcrumb":{"@id":"https:\/\/latamjournalismreview.org\/es\/articles\/la-desinformacion-en-las-ultimas-elecciones-en-brasil-acapara-la-atencion-en-la-conferencia-global-fact-10\/#breadcrumb"},"inLanguage":"es","potentialAction":[{"@type":"ReadAction","target":["https:\/\/latamjournalismreview.org\/es\/articles\/la-desinformacion-en-las-ultimas-elecciones-en-brasil-acapara-la-atencion-en-la-conferencia-global-fact-10\/"]}]},{"@type":"ImageObject","inLanguage":"es","@id":"https:\/\/latamjournalismreview.org\/es\/articles\/la-desinformacion-en-las-ultimas-elecciones-en-brasil-acapara-la-atencion-en-la-conferencia-global-fact-10\/#primaryimage","url":"https:\/\/latamjournalismreview.org\/wp-content\/uploads\/2023\/07\/FeaturedGlobalFact.png","contentUrl":"https:\/\/latamjournalismreview.org\/wp-content\/uploads\/2023\/07\/FeaturedGlobalFact.png","width":507,"height":340},{"@type":"BreadcrumbList","@id":"https:\/\/latamjournalismreview.org\/es\/articles\/la-desinformacion-en-las-ultimas-elecciones-en-brasil-acapara-la-atencion-en-la-conferencia-global-fact-10\/#breadcrumb","itemListElement":[{"@type":"ListItem","position":1,"name":"Home","item":"https:\/\/latamjournalismreview.org\/es\/"},{"@type":"ListItem","position":2,"name":"Desinformaci\u00f3n en las \u00faltimas elecciones en Brasil acapara la atenci\u00f3n en la conferencia Global Fact 10"}]},{"@type":"WebSite","@id":"https:\/\/latamjournalismreview.org\/es\/#website","url":"https:\/\/latamjournalismreview.org\/es\/","name":"LatAm Journalism Review","description":"Knight Center at The University of Texas","publisher":{"@id":"https:\/\/latamjournalismreview.org\/es\/#organization"},"potentialAction":[{"@type":"SearchAction","target":{"@type":"EntryPoint","urlTemplate":"https:\/\/latamjournalismreview.org\/es\/?s={search_term_string}"},"query-input":{"@type":"PropertyValueSpecification","valueRequired":true,"valueName":"search_term_string"}}],"inLanguage":"es"},{"@type":"Organization","@id":"https:\/\/latamjournalismreview.org\/es\/#organization","name":"LatAm Journalism Review","url":"https:\/\/latamjournalismreview.org\/es\/","logo":{"@type":"ImageObject","inLanguage":"es","@id":"https:\/\/latamjournalismreview.org\/es\/#\/schema\/logo\/image\/","url":"https:\/\/latamjournalismreview.org\/wp-content\/uploads\/2020\/05\/knight-latAm-review-logo.svg","contentUrl":"https:\/\/latamjournalismreview.org\/wp-content\/uploads\/2020\/05\/knight-latAm-review-logo.svg","width":"1024","height":"1024","caption":"LatAm Journalism Review"},"image":{"@id":"https:\/\/latamjournalismreview.org\/es\/#\/schema\/logo\/image\/"},"sameAs":["https:\/\/x.com\/LatAmJournalism"]},{"@type":"Person","@id":"https:\/\/latamjournalismreview.org\/es\/#\/schema\/person\/35fb0fc8541711528b3683cd6bf42190","name":"Katherine Pennacchio","description":"Katherine Pennacchio is a Venezuelan journalist with a master's degree in Investigative, Data and Visualization Journalism from Unidad Editorial and the Rey Juan Carlos University of Madrid. Katherine is passionate about data analysis and currently works as a freelancer. ____ Katherine Pennacchio es una periodista venezolana con una maestr\u00eda en Periodismo de Investigaci\u00f3n, Datos y Visualizaci\u00f3n de la Unidad Editorial y la Universidad Rey Juan Carlos de Madrid. Katherine es una apasionada del an\u00e1lisis de datos y actualmente trabaja como independiente.","sameAs":["https:\/\/x.com\/kathypennacchio"],"url":"https:\/\/latamjournalismreview.org\/es\/articles\/author\/katherine-pennacchio\/"}]}},"_links":{"self":[{"href":"https:\/\/latamjournalismreview.org\/es\/wp-json\/wp\/v2\/posts\/77531","targetHints":{"allow":["GET"]}}],"collection":[{"href":"https:\/\/latamjournalismreview.org\/es\/wp-json\/wp\/v2\/posts"}],"about":[{"href":"https:\/\/latamjournalismreview.org\/es\/wp-json\/wp\/v2\/types\/post"}],"author":[{"embeddable":true,"href":"https:\/\/latamjournalismreview.org\/es\/wp-json\/wp\/v2\/users\/36"}],"replies":[{"embeddable":true,"href":"https:\/\/latamjournalismreview.org\/es\/wp-json\/wp\/v2\/comments?post=77531"}],"version-history":[{"count":4,"href":"https:\/\/latamjournalismreview.org\/es\/wp-json\/wp\/v2\/posts\/77531\/revisions"}],"predecessor-version":[{"id":77554,"href":"https:\/\/latamjournalismreview.org\/es\/wp-json\/wp\/v2\/posts\/77531\/revisions\/77554"}],"wp:featuredmedia":[{"embeddable":true,"href":"https:\/\/latamjournalismreview.org\/es\/wp-json\/wp\/v2\/media\/77541"}],"wp:attachment":[{"href":"https:\/\/latamjournalismreview.org\/es\/wp-json\/wp\/v2\/media?parent=77531"}],"wp:term":[{"taxonomy":"category","embeddable":true,"href":"https:\/\/latamjournalismreview.org\/es\/wp-json\/wp\/v2\/categories?post=77531"},{"taxonomy":"post_tag","embeddable":true,"href":"https:\/\/latamjournalismreview.org\/es\/wp-json\/wp\/v2\/tags?post=77531"},{"taxonomy":"author","embeddable":true,"href":"https:\/\/latamjournalismreview.org\/es\/wp-json\/wp\/v2\/coauthors?post=77531"}],"curies":[{"name":"wp","href":"https:\/\/api.w.org\/{rel}","templated":true}]}}