{"id":77896,"date":"2023-07-21T18:57:05","date_gmt":"2023-07-21T23:57:05","guid":{"rendered":"https:\/\/latamjournalismreview.org\/?p=77896"},"modified":"2023-07-25T15:56:27","modified_gmt":"2023-07-25T20:56:27","slug":"con-dos-periodistas-asesinados-en-una-semana-y-siete-en-lo-que-va-del-ano-la-prensa-de-mexico-clama-justicia-y-proteccion","status":"publish","type":"post","link":"https:\/\/latamjournalismreview.org\/es\/articles\/con-dos-periodistas-asesinados-en-una-semana-y-siete-en-lo-que-va-del-ano-la-prensa-de-mexico-clama-justicia-y-proteccion\/","title":{"rendered":"Con dos periodistas asesinados en una semana y siete en lo que va del a\u00f1o, la prensa de M\u00e9xico clama justicia y protecci\u00f3n"},"content":{"rendered":"<p dir=\"ltr\">Nelson Matus estaba al exterior de una tienda departamental en el puerto de Acapulco, en el estado mexicano de Guerrero, el s\u00e1bado 15 de julio. Pasadas las 3:oo pm de la tarde, sujetos armados se aproximaron y\u00a0<a href=\"https:\/\/www.elsoldeacapulco.com.mx\/policiaca\/asesinan-en-acapulco-al-periodista-nelson-matus-10381990.html\" target=\"_blank\" rel=\"noopener noreferrer\"><u>dispararon en varias ocasiones hacia \u00e9l cuando se dispon\u00eda a entrar a su autom\u00f3vil<\/u><\/a>. Matus cay\u00f3 al instante, v\u00edctima de impactos de bala en el cuerpo y la cabeza y perdi\u00f3 la vida a los pocos minutos, seg\u00fan reportes de la prensa local.<\/p>\n<p dir=\"ltr\">Matus era el director del portal informativo\u00a0<a href=\"https:\/\/www.facebook.com\/LoRealDeGuerreroMX\/\" target=\"_blank\" rel=\"noopener noreferrer\"><u>Lo Real de Guerrero<\/u><\/a>, un popular medio digital especializado en nota roja y denuncias ciudadanas en Acapulco y sus alrededores. El periodista se convirti\u00f3 en el s\u00e9ptimo comunicador asesinado en M\u00e9xico en lo que va de 2023, y el segundo en Acapulco en menos de tres meses.<\/p>\n<p dir=\"ltr\">El mes de julio trajo una escalada de violencia contra el periodismo en M\u00e9xico, con al menos dos asesinatos. Y con ello lleg\u00f3 tambi\u00e9n una ola de condenas de organizaciones nacionales e internacionales, as\u00ed como un grito desesperado del gremio period\u00edstico mexicano que clama por su seguridad.<\/p>\n<p dir=\"ltr\">\u201cLos periodistas de Acapulco [...] condenamos en\u00e9rgicamente el artero asesinato de nuestro compa\u00f1ero Nelson Matus Pe\u00f1a, ocurrido a plena luz del d\u00eda. [...] \u00bfHabr\u00e1 alg\u00fan listado para asesinar a periodistas en Acapulco? \u00bfSeremos los siguientes? No lo sabemos, pero lo queremos denunciar. \u00bfCu\u00e1ntos periodistas m\u00e1s, presidente Andr\u00e9s Manuel L\u00f3pez Obrador?\u201d, escribieron asociaciones gremiales de periodistas del estado de Guerrero\u00a0<a href=\"https:\/\/sintesisdeguerrero.com.mx\/2023\/07\/15\/protesta-por-asesinato-de-otro-periodista-en-acapulco\/\" target=\"_blank\" rel=\"noopener noreferrer\"><u>en una carta a la opini\u00f3n p\u00fablica<\/u><\/a> difundida el mismo d\u00eda del crimen.<\/p>\n<div id=\"attachment_77921\" style=\"width: 328px\" class=\"wp-caption alignleft\"><img loading=\"lazy\" decoding=\"async\" aria-describedby=\"caption-attachment-77921\" class=\"wp-image-77921 \" src=\"https:\/\/latamjournalismreview.org\/wp-content\/uploads\/2023\/07\/El-Sur-de-guerrerop-newspaper-Cover.jpg\" alt=\"Cover of the El Sur de Guerrero newspaper, with the story of the killing of a journalist.\" width=\"318\" height=\"448\" srcset=\"https:\/\/latamjournalismreview.org\/wp-content\/uploads\/2023\/07\/El-Sur-de-guerrerop-newspaper-Cover.jpg 1453w, https:\/\/latamjournalismreview.org\/wp-content\/uploads\/2023\/07\/El-Sur-de-guerrerop-newspaper-Cover-213x300.jpg 213w, https:\/\/latamjournalismreview.org\/wp-content\/uploads\/2023\/07\/El-Sur-de-guerrerop-newspaper-Cover-727x1024.jpg 727w, https:\/\/latamjournalismreview.org\/wp-content\/uploads\/2023\/07\/El-Sur-de-guerrerop-newspaper-Cover-768x1082.jpg 768w, https:\/\/latamjournalismreview.org\/wp-content\/uploads\/2023\/07\/El-Sur-de-guerrerop-newspaper-Cover-1090x1536.jpg 1090w\" sizes=\"auto, (max-width: 318px) 100vw, 318px\" \/><p id=\"caption-attachment-77921\" class=\"wp-caption-text\">Tras el asesinato de Nelson Matus, periodistas de Acapulco se congregaron para protestar y exigir justicia y protecci\u00f3n. (Foto: Facebook de El Sur de Guerrero)<\/p><\/div>\n<p dir=\"ltr\">Matus ya hab\u00eda sufrido dos atentados contra su vida.\u00a0<a href=\"https:\/\/www.infobae.com\/america\/mexico\/2019\/08\/29\/el-periodista-nelson-matus-sobrevivio-a-un-atentado-en-acapulco-le-dispararon-a-plena-luz-del-dia\/\" target=\"_blank\" rel=\"noopener noreferrer\"><u>Uno de ellos fue en 2019<\/u><\/a>, cuando sujetos le dispararon mientras conduc\u00eda su veh\u00edculo, pero el periodista sali\u00f3 ileso. Dos a\u00f1os antes,\u00a0<a href=\"https:\/\/www.eluniversal.com.mx\/estados\/matan-al-periodista-nelson-matus-director-y-fundador-de-lo-real-de-guerrero\/\" target=\"_blank\" rel=\"noopener noreferrer\"><u>tambi\u00e9n sobrevivi\u00f3 a un ataque armado<\/u><\/a>.<\/p>\n<p dir=\"ltr\">Apenas una semana antes del asesinato de Matus, el 8 de julio, el periodista Luis Mart\u00edn S\u00e1nchez \u00cd\u00f1iguez fue\u00a0<a href=\"https:\/\/articulo19.org\/violencia-contra-la-prensa-es-alarmante-un-asesinato-y-dos-desapariciones-en-una-semana\/\" target=\"_blank\" rel=\"noopener noreferrer\"><u>encontrado sin vida y con signos de violencia<\/u><\/a> en el municipio de Tepic, estado de Nayarit, de acuerdo con la organizaci\u00f3n Art\u00edculo 19. S\u00e1nchez \u00cd\u00f1iguez, quien fue corresponsal del diario La Jornada y se especializaba en la fuente pol\u00edtica, hab\u00eda sido reportado como desaparecido desde tres d\u00edas antes, el 5 del mismo mes.<\/p>\n<p dir=\"ltr\">Ese d\u00eda, el periodista se comunic\u00f3 con su esposa, quien se encontraba en otro municipio, para informarle que no hab\u00eda energ\u00eda el\u00e9ctrica en su casa. Esa fue la \u00faltima comunicaci\u00f3n que se tuvo con S\u00e1nchez \u00cd\u00f1iguez. Al d\u00eda siguiente, cuando uno de sus hijos acudi\u00f3 al domicilio para saber de \u00e9l, encontr\u00f3 el lugar vac\u00edo. Tambi\u00e9n desaparecieron del hogar la computadora de trabajo del periodista, su tel\u00e9fono m\u00f3vil, un disco duro port\u00e1til y la credencial que lo identificaba como corresponsal de La Jornada,\u00a0<a href=\"https:\/\/www.jornada.com.mx\/2023\/07\/08\/estados\/021n3est\" target=\"_blank\" rel=\"noopener noreferrer\"><u>seg\u00fan report\u00f3 la familia a las autoridades<\/u><\/a>.<\/p>\n<p dir=\"ltr\">La Fiscal\u00eda General de Nayarit confirm\u00f3 el 9 de julio que el cuerpo del comunicador hab\u00eda sido encontrado junto con dos cartulinas en las que se le\u00eda un mensaje manuscrito que presuntamente\u00a0<a href=\"https:\/\/www.facebook.com\/FiscaliaNayarit\/posts\/pfbid02KtzmNWm3NVps8XfKMXR9yqYQoJQrGeCVQve3F7LBLyuvtsG897m42hwxf3uppqqBl\" target=\"_blank\" rel=\"noopener noreferrer\"><u>vinculaba el asesinato a la labor period\u00edstica<\/u><\/a> de la v\u00edctima.<\/p>\n<p dir=\"ltr\">\u201cHay un dicho: \u2018la verdad nos har\u00e1 libres\u2019. \u00a1A \u00e9l la verdad lo mat\u00f3! Porque \u00e9l no se fue, \u00a1se lo llevaron!, y si \u00e9l no tuvo miedo, nosotros tampoco. Se va a hacer justicia aqu\u00ed en la Tierra como en el Cielo\u201d,\u00a0<a href=\"https:\/\/www.jornada.com.mx\/notas\/2023\/07\/10\/politica\/a-mi-padre-la-verdad-no-lo-hizo-libre-la-verdad-lo-mato\/\" target=\"_blank\" rel=\"noopener noreferrer\"><u>dijo la hija de S\u00e1nchez \u00cd\u00f1iguez<\/u><\/a> durante el funeral, para luego pedir un minuto de aplausos por los 30 a\u00f1os de carrera period\u00edstica de su padre.<\/p>\n<p dir=\"ltr\">Diversas organizaciones de defensa de la libertad de expresi\u00f3n condenaron los recientes asesinatos de periodistas en M\u00e9xico. Art\u00edculo 19 exigi\u00f3 a\u00a0<a href=\"https:\/\/twitter.com\/article19mex\/status\/1680393875649699840\" target=\"_blank\" rel=\"noopener noreferrer\"><u>las Fiscal\u00edas de Guerrero<\/u><\/a>\u00a0<a href=\"https:\/\/articulo19.org\/violencia-contra-la-prensa-es-alarmante-un-asesinato-y-dos-desapariciones-en-una-semana\/#_ftn1\" target=\"_blank\" rel=\"noopener noreferrer\"><u>y Nayarit que realicen investigaciones diligentes<\/u><\/a> para garantizar la justicia en los asesinatos de Matus y S\u00e1nchez \u00cd\u00f1iguez, respectivamente, aplicando en ambos casos el Protocolo Homologado de Delitos Contra la Libertad de Expresi\u00f3n, un instrumento de la Secretar\u00eda de Gobernaci\u00f3n del Gobierno federal que busca establecer las causas de un delito y su posible relaci\u00f3n con el menoscabo a la libertad de expresi\u00f3n.<\/p>\n<p dir=\"ltr\">El Comit\u00e9 para la Protecci\u00f3n de los Periodistas (CPJ, por sus siglas en ingl\u00e9s) tambi\u00e9n exigi\u00f3 a las autoridades dar con lo responsables de ambos asesinatos y se\u00f1al\u00f3 que, en un pa\u00eds con amplia presencia de la corrupci\u00f3n y el crimen organizado, como lo es M\u00e9xico, existen dificultades para determinar si los periodistas son atacados por su trabajo o como parte del ambiente peligroso que impera en varias regiones.<\/p>\n<p dir=\"ltr\">\u201cEl brutal asesinato del periodista mexicano Nelson Matus Pe\u00f1a es todav\u00eda m\u00e1s impactante si se tiene en cuenta que su vida fue arrebatada tan s\u00f3lo una semana despu\u00e9s de que otro reportero, Luis Mart\u00edn S\u00e1nchez, fuera encontrado muerto en Nayarit\u201d, <a href=\"https:\/\/cpj.org\/2023\/07\/mexican-journalist-nelson-matus-pena-killed-in-acapulco\/\" target=\"_blank\" rel=\"noopener noreferrer\"><u>dijo Jan-Albert Hootsen, representante de CPJ en M\u00e9xico<\/u><\/a>. \u201cLamentablemente, las autoridades mexicanas siguen demostrando su ineficacia para proteger a los periodistas, que con frecuencia son blanco de este tipo de ataques\u201d.<\/p>\n<p dir=\"ltr\">La Sociedad Interamericana de Prensa (SIP) lament\u00f3 que los periodistas de Acapulco y otras zonas de M\u00e9xico ejerzan su trabajo con temor y desprotecci\u00f3n. La organizaci\u00f3n dijo\u00a0<a href=\"https:\/\/www.sipiapa.org\/notas\/1216022-la-sip-condena-asesinato-otro-periodista-mexico\" target=\"_blank\" rel=\"noopener noreferrer\"><u>en un comunicado<\/u><\/a> que mientras la violencia contra miembros de la prensa permanezca impune, se seguir\u00e1 enviando un mensaje de que existe \u201ccarta libre\u201d a quienes quieran agredir a periodistas.<\/p>\n<p dir=\"ltr\">\u201cReiteramos nuestra demanda al gobierno para que act\u00fae con firmeza ante los asesinatos contra periodistas, administre justicia, frene la violencia que padecen y demuestre su compromiso con la libertad de prensa\", dijo Carlos Jornet, presidente de la Comisi\u00f3n de Libertad de Prensa e Informaci\u00f3n de la SIP.<\/p>\n<p dir=\"ltr\">La Organizaci\u00f3n de las Naciones Unidas en M\u00e9xico tambi\u00e9n conden\u00f3 los asesinatos y envi\u00f3 sus condolencias a sus familiares.\u00a0<a href=\"https:\/\/mexico.un.org\/es\/239823-onu-dh-condena-homicidios-en-contra-de-periodista-y-defensor-de-derechos-humanos-y-llama?fbclid=IwAR0YhHmXdwDB7VUThoH19kpo1iDRTHD92OIP8k2B7TKHKI5I-pV7xo4k0U4\" target=\"_blank\" rel=\"noopener noreferrer\"><u>En un comunicado<\/u><\/a>, la organizaci\u00f3n inst\u00f3 al Estado mexicano a adoptar medidas de prevenci\u00f3n eficaces y estructurales que permitan poner fin a la violencia contra quienes ejercen el derecho a defender la libertad de expresi\u00f3n a trav\u00e9s del periodismo.<\/p>\n<div id=\"attachment_77933\" style=\"width: 561px\" class=\"wp-caption aligncenter\"><img loading=\"lazy\" decoding=\"async\" aria-describedby=\"caption-attachment-77933\" class=\"wp-image-77933 \" src=\"https:\/\/latamjournalismreview.org\/wp-content\/uploads\/2023\/07\/Journalists-Killed-SP.png\" alt=\"\" width=\"551\" height=\"413\" srcset=\"https:\/\/latamjournalismreview.org\/wp-content\/uploads\/2023\/07\/Journalists-Killed-SP.png 2000w, https:\/\/latamjournalismreview.org\/wp-content\/uploads\/2023\/07\/Journalists-Killed-SP-300x225.png 300w, https:\/\/latamjournalismreview.org\/wp-content\/uploads\/2023\/07\/Journalists-Killed-SP-1024x768.png 1024w, https:\/\/latamjournalismreview.org\/wp-content\/uploads\/2023\/07\/Journalists-Killed-SP-768x576.png 768w, https:\/\/latamjournalismreview.org\/wp-content\/uploads\/2023\/07\/Journalists-Killed-SP-1536x1152.png 1536w\" sizes=\"auto, (max-width: 551px) 100vw, 551px\" \/><p id=\"caption-attachment-77933\" class=\"wp-caption-text\">Siete periodistas han sido privados de la vida hasta julio de este a\u00f1o, aunque a\u00fan no se determina el v\u00ednculo de todos los asesinatos con la labor informativa. (Fotos: Facebook, CPJ y Art\u00edculo 19)<\/p><\/div>\n<p>&nbsp;<\/p>\n<p>&nbsp;<\/p>\n<p dir=\"ltr\">Por su parte, la UNESCO expres\u00f3 su preocupaci\u00f3n por el potencial impacto que los asesinatos de periodistas en M\u00e9xico tenga en el ecosistema informativo de ese pa\u00eds.<\/p>\n<p dir=\"ltr\">\u201cLos ataques a periodistas est\u00e1n conduciendo a la creaci\u00f3n de zonas de silencio donde los periodistas se autocensuran, y donde los ciudadanos se ven privados del acceso a una informaci\u00f3n libre y plural\u201d,\u00a0<a href=\"https:\/\/www.unesco.org\/es\/articles\/la-directora-general-de-la-unesco-condena-el-asesinato-del-periodista-luis-martin-sanchez-iniguez-en\" target=\"_blank\" rel=\"noopener noreferrer\"><u>dijo Audrey Azoulay<\/u><\/a>, directora general de la UNESCO.<\/p>\n<p dir=\"ltr\">En comunicados separados, la Federaci\u00f3n Internacional de Periodistas repudi\u00f3 los cr\u00edmenes contra Matus y S\u00e1nchez \u00cd\u00f1iguez y se solidariz\u00f3 con\u00a0<a href=\"https:\/\/latamjournalismreview.org\/es\/news\/cualquiera-puede-ser-el-siguiente-dicen-periodistas-de-mexico-tras-el-asesinato-de-nelson-matus\/\" target=\"_blank\" rel=\"noopener noreferrer\"><u>los trabajadores de la prensa que se han movilizado<\/u><\/a> en M\u00e9xico en reclamo de justicia. En ambos casos, la FIP\u00a0<a href=\"https:\/\/www.ifj.org\/media-centre\/news\/detail\/category\/press-releases\/article\/mexico-el-periodista-luis-martin-sanchez-iniguez-fue-hallado-muerto\" target=\"_blank\" rel=\"noopener noreferrer\"><u>llam\u00f3 a las autoridades municipales y estatales a coordinarse<\/u><\/a> con la Fiscal\u00eda General de la Rep\u00fablica (FGR) para llevar a cabo las investigaciones bajo el Protocolo Homologado de Investigaci\u00f3n de Delitos cometidos contra la Libertad de Expresi\u00f3n.<\/p>\n<p dir=\"ltr\">\u201cLa falta de garant\u00edas para que lxs periodistas ejerzan su labor de manera segura da\u00f1a de manera sistem\u00e1tica a la libertad de expresi\u00f3n y al derecho a la informaci\u00f3n del pueblo mexicano y por lo tanto afecta a la democracia\u201d,\u00a0<a href=\"https:\/\/www.ifj.org\/media-centre\/news\/detail\/category\/press-releases\/article\/mexico-fue-asesinado-el-periodista-nelson-matus-en-acapulco\" target=\"_blank\" rel=\"noopener noreferrer\"><u>expres\u00f3 la organizaci\u00f3n<\/u><\/a>.<\/p>\n<h3 id=\"ec505b79e17d98e96ebcca37dc1b6f58b\" dir=\"ltr\">Un referente de la nota roja<\/h3>\n<p dir=\"ltr\">Antes de ser periodista, Nelson Matus hab\u00eda formado parte del Cuerpo de Bomberos de Acapulco. Gracias a ello, estableci\u00f3 estrechas relaciones con elementos de esa y otras corporaciones de seguridad, como la Polic\u00eda y la Cruz Roja.<\/p>\n<p dir=\"ltr\">Luego de trabajar como reportero de la fuente policiaca en medios como la revista Alarma y el medio digital Agora Guerrero, Matus fund\u00f3 su propio portal, Lo Real de Guerrero, que se convirti\u00f3 en un referente de la nota roja en el estado. En varias ocasiones la p\u00e1gina de Facebook del medio fue tumbada,\u00a0<a href=\"https:\/\/www.proceso.com.mx\/nacional\/2023\/7\/21\/guerrero-donde-no-paran-los-asesinatos-de-periodistas-311153.html\" target=\"_blank\" rel=\"noopener noreferrer\"><u>en una de ellas, luego de rebasar el mill\u00f3n de seguidores<\/u><\/a>. Al momento de la muerte de su fundador, el sitio registraba 267 mil seguidores.<\/p>\n<p dir=\"ltr\">Los contactos que Matus cre\u00f3 en su \u00e9poca de bombero le ayudaron a destacar en sus coberturas sobre cr\u00edmenes y accidentes.<\/p>\n<p dir=\"ltr\">\u201cTodos tenemos nuestros secretos de fuentes de informaci\u00f3n. El secreto de \u00e9l es que [...] hizo muchas relaciones con elementos policiacos, con bomberos, con esas personas que andan atendiendo accidentes. Y de ah\u00ed ten\u00eda sus contactos que le avisaban d\u00f3nde hab\u00eda accidentes, donde hab\u00eda un ejecutado y todo eso. Por eso acud\u00eda de inmediato\u201d, cont\u00f3 a\u00a0<strong>LatAm Journalism Review (LJR)\u00a0<\/strong>el periodista Miguel \u00c1ngel Mata, presidente del Club de Periodistas de Guerrero y director del medio digital\u00a0 S\u00edntesis de Guerrero.<\/p>\n<p dir=\"ltr\">La administraci\u00f3n del Gobernador Zeferino Torreblanca en Guerrero, entre 2005 y 2011, es recordada por los periodistas de ese estado como una en las que la libertad de prensa ha resultado m\u00e1s lastimada, no solo por el uso discrecional de la publicidad oficial de Torreblanca para \u201cpremiar\u201d o \u201ccastigar\u201d a medios de comunicaci\u00f3n, sino porque durante su gobierno se registraron 10 asesinatos de periodistas, de acuerdo con\u00a0<a href=\"https:\/\/sintesisdeguerrero.com.mx\/2017\/04\/25\/11-anos-25-politicos-18-periodistas-2-normalistas-asesinados-43-desaparecidos-guerrero\/\" target=\"_blank\" rel=\"noopener noreferrer\"><u>un conteo de S\u00edntesis de Guerrero<\/u><\/a>.<\/p>\n<div id=\"attachment_77927\" style=\"width: 463px\" class=\"wp-caption alignright\"><img loading=\"lazy\" decoding=\"async\" aria-describedby=\"caption-attachment-77927\" class=\"wp-image-77927 \" src=\"https:\/\/latamjournalismreview.org\/wp-content\/uploads\/2023\/07\/Lo-Real-de-Guerrero.jpeg\" alt=\"Facebook banner of the Mexican digital news outlet Lo Real de Guerrero\" width=\"453\" height=\"168\" srcset=\"https:\/\/latamjournalismreview.org\/wp-content\/uploads\/2023\/07\/Lo-Real-de-Guerrero.jpeg 850w, https:\/\/latamjournalismreview.org\/wp-content\/uploads\/2023\/07\/Lo-Real-de-Guerrero-300x111.jpeg 300w, https:\/\/latamjournalismreview.org\/wp-content\/uploads\/2023\/07\/Lo-Real-de-Guerrero-768x285.jpeg 768w\" sizes=\"auto, (max-width: 453px) 100vw, 453px\" \/><p id=\"caption-attachment-77927\" class=\"wp-caption-text\">Lo Real de Guerrero, el medio digital fundado por Matus, se convirti\u00f3 en un referente de la nota roja en el estado. (Foto: Facebook Lo Real de Guerrero)<\/p><\/div>\n<p dir=\"ltr\">De acuerdo con Mata, durante ese sexenio las fuentes de informaci\u00f3n en las Fiscal\u00edas locales fueron cerradas para los medios de comunicaci\u00f3n y as\u00ed permanecen hasta la fecha. Raramente las autoridades de justicia dan informaci\u00f3n sobre cr\u00edmenes a reporteros y aunque dichas instituciones cuentan con una oficina de Comunicaci\u00f3n Social, \u00e9sta rara\u00a0 vez responde a solicitudes de informaci\u00f3n.<\/p>\n<p dir=\"ltr\">\u201cEntonces cuando Nelson irrumpe con este nuevo m\u00e9todo de que ten\u00eda contactos que le avisaban que hab\u00eda un muerto por ac\u00e1, un herido por all\u00e1, un accidente de este lado, de alguna manera abri\u00f3 la fuente polic\u00edaca otra vez y nos permiti\u00f3 a todos sumarnos a esa din\u00e1mica: buscar la fuente por fuera, aunque el gobierno no nos informe, tenemos que publicar\u201d, dijo Mata.<\/p>\n<p dir=\"ltr\">La prontitud con la que Matus llegaba al lugar de cr\u00edmenes y accidentes gener\u00f3 sospechas sobre que eran los criminales quienes le daban aviso sobre los homicidios en Acapulco. Incluso lleg\u00f3 a circular la versi\u00f3n de que el periodista\u00a0<a href=\"https:\/\/noticiasguerrero.com\/nacionales\/presuntamente-atacan-al-fotoreportero-nelson-matus-vinculado-al-cida-en-acapulco\/\" target=\"_blank\" rel=\"noopener noreferrer\"><u>fung\u00eda como vocero de un c\u00e1rtel<\/u><\/a>.<\/p>\n<p dir=\"ltr\">La criminalizaci\u00f3n de periodistas es una forma com\u00fan de agresi\u00f3n a la prensa en Guerrero, dijo Mata. Tras los \u00faltimos casos de asesinatos a periodistas en ese estado, de inmediato han surgido se\u00f1alamientos que relacionan a las v\u00edctimas con el crimen organizado, algunos de ellos provenientes de las propias autoridades.<\/p>\n<p dir=\"ltr\">\u201cNo avanzan las investigaciones [de asesinatos de periodistas], solamente se dice que fue el crimen organizado o que los compa\u00f1eros andaban metidos en cosas relacionadas con el crimen, lo que nos preocupa bastante porque muchas de las ocasiones las agresiones vienen por parte de pol\u00edticos o de gobernantes, sobre todo municipales. Y con ese manto del crimen se cubren\u201d, dijo Mata.<\/p>\n<p dir=\"ltr\">Instantes despu\u00e9s del\u00a0<a href=\"https:\/\/latamjournalismreview.org\/es\/news\/asesinan-en-mexico-a-periodista-gerardo-torres-renteria-ex-corresponsal-de-telemundo-y-reuters\/\" target=\"_blank\" rel=\"noopener noreferrer\"><u>asesinato de Gerardo Torres, quien fue corresponsal de Reuters, Telemundo y TV Azteca<\/u><\/a>, el 11 de mayo de este a\u00f1o, publicaciones en redes sociales de perfiles falsos ya lo se\u00f1alaban de haber sido informante de un grupo criminal, sin mostrar evidencia de ello.<\/p>\n<p dir=\"ltr\">\u201cEl caso de Gerardo Torres fue notorio porque \u00e9l ten\u00eda cinco minutos de que lo hab\u00edan asesinado, no nos hab\u00edamos enterado algunos, pero ya ve\u00edamos en el grupo de Facebook y de WhatsApp, que se manejan mucho ac\u00e1 para comunicarse, que ya lo estaban criminalizando\u201d, cont\u00f3 Mata. \u201cEs el\u00a0<i>modus operandi<\/i> que manejan, inventan p\u00e1ginas y a partir de ah\u00ed, sin ninguna prueba, ninguna declaraci\u00f3n, solamente el decir de personas desconocidas que hacen la campa\u00f1a para criminalizarlos\u201d.<\/p>\n<p dir=\"ltr\">Entre el a\u00f1o 2000 y el 2023, en Guerrero han sido asesinados al menos 16 periodistas, incluido Matus, por motivos relacionados a su labor informativa,\u00a0<a href=\"https:\/\/articulo19.org\/periodistasasesinados\/#:~:text=Dicho%20estado%20tiene%20el%20mayor,julio%20en%20de%20Acapulco%2C%20Guerrero.\" target=\"_blank\" rel=\"noopener noreferrer\"><u>de acuerdo con el conteo de\u00a0 Art\u00edculo 19<\/u><\/a> (la organizaci\u00f3n no considera en su lista a Gerardo Torres). Eso convierte al estado en el segundo m\u00e1s peligroso para ejercer el periodismo, despu\u00e9s de Veracruz, donde en el mismo lapso se han registrado m\u00e1s de 30 asesinatos de miembros de la prensa.<\/p>\n<p dir=\"ltr\">Adem\u00e1s, en Guerrero hay m\u00e1s de una decena de periodistas en desplazamiento forzado por amenazas. Y tres comunicadores est\u00e1n en calidad de desaparecidos: Leodegario Aguilera,\u00a0<a href=\"https:\/\/esimagen.mx\/media_album\/se-cumplen-19-anos-de-la-desaparicion-forzada-del-periodista-leodegario-aguilera\/\" target=\"_blank\" rel=\"noopener noreferrer\"><u>desaparecido el 22 de mayo de 2004<\/u><\/a>; Marco Antonio L\u00f3pez Ortiz,\u00a0<a href=\"https:\/\/cpj.org\/data\/people\/marco-antonio-lopez-ortiz\/\" target=\"_blank\" rel=\"noopener noreferrer\"><u>desaparecido el 7 de junio de 2011<\/u><\/a>; y el m\u00e1s reciente, Alan Garc\u00eda Aguilar,\u00a0<a href=\"https:\/\/latamjournalismreview.org\/es\/news\/mexico-el-miedo-paraliza-a-periodistas-en-guerrero-por-la-desaparicion-de-tres-comunicadores\/\" target=\"_blank\" rel=\"noopener noreferrer\"><u>visto por \u00faltima vez el 24 de diciembre de 2022<\/u><\/a>.<\/p>\n<p dir=\"ltr\">De todos los casos de asesinatos de\u00a0periodistas en Guerrero,\u00a0<a href=\"https:\/\/www.proceso.com.mx\/nacional\/2023\/7\/21\/guerrero-donde-no-paran-los-asesinatos-de-periodistas-311153.html\" target=\"_blank\" rel=\"noopener noreferrer\"><u>s\u00f3lo tres han culminado con la detenci\u00f3n o sentencia de los presuntos autores materiales o intelectuales<\/u><\/a>, mientras que el resto de los casos contin\u00faan en proceso o est\u00e1n congelados, de acuerdo con la revista Proceso.<\/p>\n<p dir=\"ltr\">El Gobierno estatal cuenta con un\u00a0<a href=\"https:\/\/www.coneval.org.mx\/sitios\/RIEF\/Documents\/guerrero-ropfondoperiodistas-2015.pdf\" target=\"_blank\" rel=\"noopener noreferrer\"><u>fondo de protecci\u00f3n y apoyo<\/u><\/a> para familiares de periodistas v\u00edctimas de cr\u00edmenes. Asimismo, el Mecanismo de Protecci\u00f3n para Personas Defensoras de Derechos Humanos y Periodistas del Gobierno federal ha acudido a brindar protecci\u00f3n a comunicadores amenazados. Sin embargo, para los periodistas guerrerenses, estas medidas no env\u00edan un mensaje claro de no impunidad a los criminales.<\/p>\n<p dir=\"ltr\">\u201cNosotros lo que estamos pugnando como agrupaci\u00f3n es que se atiendan todos los casos, se les d\u00e9 soluci\u00f3n, porque la impunidad alienta m\u00e1s atentados contra periodistas\u201d, dijo Mata. \u201cCreemos que mientras no se castigue a los autores intelectuales y materiales de los cr\u00edmenes, pues no van a terminar, ya que se hace muy f\u00e1cil atentar contra nosotros\u201d.<\/p>\n<p dir=\"ltr\"><em>Banner: Imagen creada por inteligencia artificial con Bing Image Creator<\/em><\/p>\n","protected":false},"excerpt":{"rendered":"<p>Con los asesinatos este mes de Nelson Matus y Luis Mart\u00edn S\u00e1nchez suman ya siete periodistas asesinados en M\u00e9xico en lo que va de 2023, lo cual ha generado condenas de organizaciones a nivel mundial. En Guerrero, el segundo estado mexicano m\u00e1s peligroso para el periodismo, agrupaciones de periodistas acusan impunidad y exigen seguridad. <\/p>\n","protected":false},"author":19,"featured_media":77918,"comment_status":"closed","ping_status":"closed","sticky":false,"template":"","format":"standard","meta":{"inline_featured_image":false,"footnotes":""},"categories":[1222],"tags":[1479,1393],"coauthors":[],"class_list":["post-77896","post","type-post","status-publish","format-standard","has-post-thumbnail","hentry","category-violencia-contra-periodistas-es","tag-asesinato-de-periodistas-es","tag-mexico-es"],"acf":[],"yoast_head":"<!-- This site is optimized with the Yoast SEO Premium plugin v22.6 (Yoast SEO v27.4) - https:\/\/yoast.com\/product\/yoast-seo-premium-wordpress\/ -->\n<title>Con dos periodistas asesinados en una semana y siete en lo que va del a\u00f1o, la prensa de M\u00e9xico clama justicia y protecci\u00f3n - LatAm Journalism Review<\/title>\n<meta name=\"description\" content=\"Con dos periodistas asesinados en una semana y siete en lo que va del a\u00f1o, la prensa de M\u00e9xico clama justicia y protecci\u00f3n Violencia contra periodistas. Latin American Journalism Review by The Knight Center at The University of Texas at Austin.\" \/>\n<meta name=\"robots\" content=\"index, follow, max-snippet:-1, max-image-preview:large, max-video-preview:-1\" \/>\n<link rel=\"canonical\" href=\"https:\/\/latamjournalismreview.org\/es\/articles\/con-dos-periodistas-asesinados-en-una-semana-y-siete-en-lo-que-va-del-ano-la-prensa-de-mexico-clama-justicia-y-proteccion\/\" \/>\n<meta property=\"og:locale\" content=\"es_ES\" \/>\n<meta property=\"og:type\" content=\"article\" \/>\n<meta property=\"og:title\" content=\"Con dos periodistas asesinados en una semana y siete en lo que va del a\u00f1o, la prensa de M\u00e9xico clama justicia y protecci\u00f3n\" \/>\n<meta property=\"og:description\" content=\"Con dos periodistas asesinados en una semana y siete en lo que va del a\u00f1o, la prensa de M\u00e9xico clama justicia y protecci\u00f3n Violencia contra periodistas. Latin American Journalism Review by The Knight Center at The University of Texas at Austin.\" \/>\n<meta property=\"og:url\" content=\"https:\/\/latamjournalismreview.org\/es\/articles\/con-dos-periodistas-asesinados-en-una-semana-y-siete-en-lo-que-va-del-ano-la-prensa-de-mexico-clama-justicia-y-proteccion\/\" \/>\n<meta property=\"og:site_name\" content=\"LatAm Journalism Review\" \/>\n<meta property=\"article:published_time\" content=\"2023-07-21T23:57:05+00:00\" \/>\n<meta property=\"article:modified_time\" content=\"2023-07-25T20:56:27+00:00\" \/>\n<meta property=\"og:image\" content=\"https:\/\/latamjournalismreview.org\/wp-content\/uploads\/2023\/07\/Featured-Killed-journalists-in-Mexico.png\" \/>\n\t<meta property=\"og:image:width\" content=\"507\" \/>\n\t<meta property=\"og:image:height\" content=\"340\" \/>\n\t<meta property=\"og:image:type\" content=\"image\/png\" \/>\n<meta name=\"author\" content=\"C\u00e9sar L\u00f3pez Linares\" \/>\n<meta name=\"twitter:card\" content=\"summary_large_image\" \/>\n<meta name=\"twitter:creator\" content=\"@cesarisch\" \/>\n<meta name=\"twitter:site\" content=\"@LatAmJournalism\" \/>\n<meta name=\"twitter:label1\" content=\"Written by\" \/>\n\t<meta name=\"twitter:data1\" content=\"C\u00e9sar L\u00f3pez Linares\" \/>\n\t<meta name=\"twitter:label2\" content=\"Est. reading time\" \/>\n\t<meta name=\"twitter:data2\" content=\"12 minutos\" \/>\n<script type=\"application\/ld+json\" class=\"yoast-schema-graph\">{\"@context\":\"https:\\\/\\\/schema.org\",\"@graph\":[{\"@type\":\"Article\",\"@id\":\"https:\\\/\\\/latamjournalismreview.org\\\/es\\\/articles\\\/con-dos-periodistas-asesinados-en-una-semana-y-siete-en-lo-que-va-del-ano-la-prensa-de-mexico-clama-justicia-y-proteccion\\\/#article\",\"isPartOf\":{\"@id\":\"https:\\\/\\\/latamjournalismreview.org\\\/es\\\/articles\\\/con-dos-periodistas-asesinados-en-una-semana-y-siete-en-lo-que-va-del-ano-la-prensa-de-mexico-clama-justicia-y-proteccion\\\/\"},\"author\":{\"name\":\"C\u00e9sar L\u00f3pez Linares\",\"@id\":\"https:\\\/\\\/latamjournalismreview.org\\\/es\\\/#\\\/schema\\\/person\\\/dcf6dcdd6226ac8d939e2796645d17c6\"},\"headline\":\"Con dos periodistas asesinados en una semana y siete en lo que va del a\u00f1o, la prensa de M\u00e9xico clama justicia y protecci\u00f3n\",\"datePublished\":\"2023-07-21T23:57:05+00:00\",\"dateModified\":\"2023-07-25T20:56:27+00:00\",\"mainEntityOfPage\":{\"@id\":\"https:\\\/\\\/latamjournalismreview.org\\\/es\\\/articles\\\/con-dos-periodistas-asesinados-en-una-semana-y-siete-en-lo-que-va-del-ano-la-prensa-de-mexico-clama-justicia-y-proteccion\\\/\"},\"wordCount\":2449,\"publisher\":{\"@id\":\"https:\\\/\\\/latamjournalismreview.org\\\/es\\\/#organization\"},\"image\":{\"@id\":\"https:\\\/\\\/latamjournalismreview.org\\\/es\\\/articles\\\/con-dos-periodistas-asesinados-en-una-semana-y-siete-en-lo-que-va-del-ano-la-prensa-de-mexico-clama-justicia-y-proteccion\\\/#primaryimage\"},\"thumbnailUrl\":\"https:\\\/\\\/latamjournalismreview.org\\\/wp-content\\\/uploads\\\/2023\\\/07\\\/Featured-Killed-journalists-in-Mexico.png\",\"keywords\":[\"Asesinato de periodista\",\"M\u00e9xico\"],\"articleSection\":[\"Violencia contra periodistas\"],\"inLanguage\":\"es\"},{\"@type\":\"WebPage\",\"@id\":\"https:\\\/\\\/latamjournalismreview.org\\\/es\\\/articles\\\/con-dos-periodistas-asesinados-en-una-semana-y-siete-en-lo-que-va-del-ano-la-prensa-de-mexico-clama-justicia-y-proteccion\\\/\",\"url\":\"https:\\\/\\\/latamjournalismreview.org\\\/es\\\/articles\\\/con-dos-periodistas-asesinados-en-una-semana-y-siete-en-lo-que-va-del-ano-la-prensa-de-mexico-clama-justicia-y-proteccion\\\/\",\"name\":\"Con dos periodistas asesinados en una semana y siete en lo que va del a\u00f1o, la prensa de M\u00e9xico clama justicia y protecci\u00f3n - LatAm Journalism Review\",\"isPartOf\":{\"@id\":\"https:\\\/\\\/latamjournalismreview.org\\\/es\\\/#website\"},\"primaryImageOfPage\":{\"@id\":\"https:\\\/\\\/latamjournalismreview.org\\\/es\\\/articles\\\/con-dos-periodistas-asesinados-en-una-semana-y-siete-en-lo-que-va-del-ano-la-prensa-de-mexico-clama-justicia-y-proteccion\\\/#primaryimage\"},\"image\":{\"@id\":\"https:\\\/\\\/latamjournalismreview.org\\\/es\\\/articles\\\/con-dos-periodistas-asesinados-en-una-semana-y-siete-en-lo-que-va-del-ano-la-prensa-de-mexico-clama-justicia-y-proteccion\\\/#primaryimage\"},\"thumbnailUrl\":\"https:\\\/\\\/latamjournalismreview.org\\\/wp-content\\\/uploads\\\/2023\\\/07\\\/Featured-Killed-journalists-in-Mexico.png\",\"datePublished\":\"2023-07-21T23:57:05+00:00\",\"dateModified\":\"2023-07-25T20:56:27+00:00\",\"description\":\"Con dos periodistas asesinados en una semana y siete en lo que va del a\u00f1o, la prensa de M\u00e9xico clama justicia y protecci\u00f3n Violencia contra periodistas. Latin American Journalism Review by The Knight Center at The University of Texas at Austin.\",\"breadcrumb\":{\"@id\":\"https:\\\/\\\/latamjournalismreview.org\\\/es\\\/articles\\\/con-dos-periodistas-asesinados-en-una-semana-y-siete-en-lo-que-va-del-ano-la-prensa-de-mexico-clama-justicia-y-proteccion\\\/#breadcrumb\"},\"inLanguage\":\"es\",\"potentialAction\":[{\"@type\":\"ReadAction\",\"target\":[\"https:\\\/\\\/latamjournalismreview.org\\\/es\\\/articles\\\/con-dos-periodistas-asesinados-en-una-semana-y-siete-en-lo-que-va-del-ano-la-prensa-de-mexico-clama-justicia-y-proteccion\\\/\"]}]},{\"@type\":\"ImageObject\",\"inLanguage\":\"es\",\"@id\":\"https:\\\/\\\/latamjournalismreview.org\\\/es\\\/articles\\\/con-dos-periodistas-asesinados-en-una-semana-y-siete-en-lo-que-va-del-ano-la-prensa-de-mexico-clama-justicia-y-proteccion\\\/#primaryimage\",\"url\":\"https:\\\/\\\/latamjournalismreview.org\\\/wp-content\\\/uploads\\\/2023\\\/07\\\/Featured-Killed-journalists-in-Mexico.png\",\"contentUrl\":\"https:\\\/\\\/latamjournalismreview.org\\\/wp-content\\\/uploads\\\/2023\\\/07\\\/Featured-Killed-journalists-in-Mexico.png\",\"width\":507,\"height\":340,\"caption\":\"A camera, a newspaper and a microphone lay on the floor with a crime scene in the background.\"},{\"@type\":\"BreadcrumbList\",\"@id\":\"https:\\\/\\\/latamjournalismreview.org\\\/es\\\/articles\\\/con-dos-periodistas-asesinados-en-una-semana-y-siete-en-lo-que-va-del-ano-la-prensa-de-mexico-clama-justicia-y-proteccion\\\/#breadcrumb\",\"itemListElement\":[{\"@type\":\"ListItem\",\"position\":1,\"name\":\"Home\",\"item\":\"https:\\\/\\\/latamjournalismreview.org\\\/es\\\/\"},{\"@type\":\"ListItem\",\"position\":2,\"name\":\"Con dos periodistas asesinados en una semana y siete en lo que va del a\u00f1o, la prensa de M\u00e9xico clama justicia y protecci\u00f3n\"}]},{\"@type\":\"WebSite\",\"@id\":\"https:\\\/\\\/latamjournalismreview.org\\\/es\\\/#website\",\"url\":\"https:\\\/\\\/latamjournalismreview.org\\\/es\\\/\",\"name\":\"LatAm Journalism Review\",\"description\":\"Knight Center at The University of Texas\",\"publisher\":{\"@id\":\"https:\\\/\\\/latamjournalismreview.org\\\/es\\\/#organization\"},\"potentialAction\":[{\"@type\":\"SearchAction\",\"target\":{\"@type\":\"EntryPoint\",\"urlTemplate\":\"https:\\\/\\\/latamjournalismreview.org\\\/es\\\/?s={search_term_string}\"},\"query-input\":{\"@type\":\"PropertyValueSpecification\",\"valueRequired\":true,\"valueName\":\"search_term_string\"}}],\"inLanguage\":\"es\"},{\"@type\":\"Organization\",\"@id\":\"https:\\\/\\\/latamjournalismreview.org\\\/es\\\/#organization\",\"name\":\"LatAm Journalism Review\",\"url\":\"https:\\\/\\\/latamjournalismreview.org\\\/es\\\/\",\"logo\":{\"@type\":\"ImageObject\",\"inLanguage\":\"es\",\"@id\":\"https:\\\/\\\/latamjournalismreview.org\\\/es\\\/#\\\/schema\\\/logo\\\/image\\\/\",\"url\":\"https:\\\/\\\/latamjournalismreview.org\\\/wp-content\\\/uploads\\\/2020\\\/05\\\/knight-latAm-review-logo.svg\",\"contentUrl\":\"https:\\\/\\\/latamjournalismreview.org\\\/wp-content\\\/uploads\\\/2020\\\/05\\\/knight-latAm-review-logo.svg\",\"width\":\"1024\",\"height\":\"1024\",\"caption\":\"LatAm Journalism Review\"},\"image\":{\"@id\":\"https:\\\/\\\/latamjournalismreview.org\\\/es\\\/#\\\/schema\\\/logo\\\/image\\\/\"},\"sameAs\":[\"https:\\\/\\\/x.com\\\/LatAmJournalism\"]},{\"@type\":\"Person\",\"@id\":\"https:\\\/\\\/latamjournalismreview.org\\\/es\\\/#\\\/schema\\\/person\\\/dcf6dcdd6226ac8d939e2796645d17c6\",\"name\":\"C\u00e9sar L\u00f3pez Linares\",\"description\":\"C\u00e9sar L\u00f3pez Linares began his career at the Mexican newspaper REFORMA as an entertainment and media co-editor. He has written for publications such as TODO Austin, Texas Music Magazine and The Austin Chronicle. C\u00e9sar has a Master's degree in Journalism from the University of Texas at Austin and a Bachelors degree in Communication from the National Autonomous University of Mexico. He previously wrote about innovation in journalism for the Gabo Foundation in Colombia and currently reports for the Knight Center's LatAmJournalism Review digital magazine. A native of Mexico City, C\u00e9sar has become a digital nomad combining content creation with his passion for travel. ________ C\u00e9sar L\u00f3pez Linares inici\u00f3 su carrera en el diario mexicano REFORMA como coeditor de entretenimiento y medios. Ha escrito para publicaciones como TODO Austin, Texas Music Magazine y The Austin Chronicle. C\u00e9sar tiene una Maestr\u00eda en Periodismo de la Universidad de Texas en Austin y una Licenciatura en Comunicaci\u00f3n de la Universidad Nacional Aut\u00f3noma de M\u00e9xico. Previamente escribi\u00f3 sobre innovaci\u00f3n en periodismo para la Fundaci\u00f3n Gabo en Colombia y actualmente escribe para la revista digital LatAmJournalism Review del Centro Knight. Originario de la Ciudad de M\u00e9xico, C\u00e9sar se ha convertido en un n\u00f3mada digital que combina la creaci\u00f3n de contenido con su pasi\u00f3n por viajar. _________ C\u00e9sar L\u00f3pez Linares come\u00e7ou sua carreira no jornal mexicano REFORMA como coeditor de entretenimento e m\u00eddia. Ele escreveu para publica\u00e7\u00f5es como TODO Austin, Texas Music Magazine e The Austin Chronicle. C\u00e9sar tem mestrado em jornalismo pela University of Texas em Austin e \u00e9 bacharel em comunica\u00e7\u00e3o pela Universidad Nacional Aut\u00f3noma de M\u00e9xico. Antes disso, ele escreveu sobre inova\u00e7\u00e3o no jornalismo para a Funda\u00e7\u00e3o Gabo na Col\u00f4mbia. Atualmente escreve para a revista digital LatAmJournalism Review do Centro Knight. Nascido na Cidade do M\u00e9xico, C\u00e9sar se tornou um n\u00f4made digital combinando a cria\u00e7\u00e3o de conte\u00fado com sua paix\u00e3o por viagens.\",\"sameAs\":[\"https:\\\/\\\/x.com\\\/cesarisch\"],\"url\":\"https:\\\/\\\/latamjournalismreview.org\\\/es\\\/articles\\\/author\\\/cesar-lopez-linares\\\/\"}]}<\/script>\n<!-- \/ Yoast SEO Premium plugin. -->","yoast_head_json":{"title":"Con dos periodistas asesinados en una semana y siete en lo que va del a\u00f1o, la prensa de M\u00e9xico clama justicia y protecci\u00f3n - LatAm Journalism Review","description":"Con dos periodistas asesinados en una semana y siete en lo que va del a\u00f1o, la prensa de M\u00e9xico clama justicia y protecci\u00f3n Violencia contra periodistas. Latin American Journalism Review by The Knight Center at The University of Texas at Austin.","robots":{"index":"index","follow":"follow","max-snippet":"max-snippet:-1","max-image-preview":"max-image-preview:large","max-video-preview":"max-video-preview:-1"},"canonical":"https:\/\/latamjournalismreview.org\/es\/articles\/con-dos-periodistas-asesinados-en-una-semana-y-siete-en-lo-que-va-del-ano-la-prensa-de-mexico-clama-justicia-y-proteccion\/","og_locale":"es_ES","og_type":"article","og_title":"Con dos periodistas asesinados en una semana y siete en lo que va del a\u00f1o, la prensa de M\u00e9xico clama justicia y protecci\u00f3n","og_description":"Con dos periodistas asesinados en una semana y siete en lo que va del a\u00f1o, la prensa de M\u00e9xico clama justicia y protecci\u00f3n Violencia contra periodistas. Latin American Journalism Review by The Knight Center at The University of Texas at Austin.","og_url":"https:\/\/latamjournalismreview.org\/es\/articles\/con-dos-periodistas-asesinados-en-una-semana-y-siete-en-lo-que-va-del-ano-la-prensa-de-mexico-clama-justicia-y-proteccion\/","og_site_name":"LatAm Journalism Review","article_published_time":"2023-07-21T23:57:05+00:00","article_modified_time":"2023-07-25T20:56:27+00:00","og_image":[{"width":507,"height":340,"url":"https:\/\/latamjournalismreview.org\/wp-content\/uploads\/2023\/07\/Featured-Killed-journalists-in-Mexico.png","type":"image\/png"}],"author":"C\u00e9sar L\u00f3pez Linares","twitter_card":"summary_large_image","twitter_creator":"@cesarisch","twitter_site":"@LatAmJournalism","twitter_misc":{"Written by":"C\u00e9sar L\u00f3pez Linares","Est. reading time":"12 minutos"},"schema":{"@context":"https:\/\/schema.org","@graph":[{"@type":"Article","@id":"https:\/\/latamjournalismreview.org\/es\/articles\/con-dos-periodistas-asesinados-en-una-semana-y-siete-en-lo-que-va-del-ano-la-prensa-de-mexico-clama-justicia-y-proteccion\/#article","isPartOf":{"@id":"https:\/\/latamjournalismreview.org\/es\/articles\/con-dos-periodistas-asesinados-en-una-semana-y-siete-en-lo-que-va-del-ano-la-prensa-de-mexico-clama-justicia-y-proteccion\/"},"author":{"name":"C\u00e9sar L\u00f3pez Linares","@id":"https:\/\/latamjournalismreview.org\/es\/#\/schema\/person\/dcf6dcdd6226ac8d939e2796645d17c6"},"headline":"Con dos periodistas asesinados en una semana y siete en lo que va del a\u00f1o, la prensa de M\u00e9xico clama justicia y protecci\u00f3n","datePublished":"2023-07-21T23:57:05+00:00","dateModified":"2023-07-25T20:56:27+00:00","mainEntityOfPage":{"@id":"https:\/\/latamjournalismreview.org\/es\/articles\/con-dos-periodistas-asesinados-en-una-semana-y-siete-en-lo-que-va-del-ano-la-prensa-de-mexico-clama-justicia-y-proteccion\/"},"wordCount":2449,"publisher":{"@id":"https:\/\/latamjournalismreview.org\/es\/#organization"},"image":{"@id":"https:\/\/latamjournalismreview.org\/es\/articles\/con-dos-periodistas-asesinados-en-una-semana-y-siete-en-lo-que-va-del-ano-la-prensa-de-mexico-clama-justicia-y-proteccion\/#primaryimage"},"thumbnailUrl":"https:\/\/latamjournalismreview.org\/wp-content\/uploads\/2023\/07\/Featured-Killed-journalists-in-Mexico.png","keywords":["Asesinato de periodista","M\u00e9xico"],"articleSection":["Violencia contra periodistas"],"inLanguage":"es"},{"@type":"WebPage","@id":"https:\/\/latamjournalismreview.org\/es\/articles\/con-dos-periodistas-asesinados-en-una-semana-y-siete-en-lo-que-va-del-ano-la-prensa-de-mexico-clama-justicia-y-proteccion\/","url":"https:\/\/latamjournalismreview.org\/es\/articles\/con-dos-periodistas-asesinados-en-una-semana-y-siete-en-lo-que-va-del-ano-la-prensa-de-mexico-clama-justicia-y-proteccion\/","name":"Con dos periodistas asesinados en una semana y siete en lo que va del a\u00f1o, la prensa de M\u00e9xico clama justicia y protecci\u00f3n - LatAm Journalism Review","isPartOf":{"@id":"https:\/\/latamjournalismreview.org\/es\/#website"},"primaryImageOfPage":{"@id":"https:\/\/latamjournalismreview.org\/es\/articles\/con-dos-periodistas-asesinados-en-una-semana-y-siete-en-lo-que-va-del-ano-la-prensa-de-mexico-clama-justicia-y-proteccion\/#primaryimage"},"image":{"@id":"https:\/\/latamjournalismreview.org\/es\/articles\/con-dos-periodistas-asesinados-en-una-semana-y-siete-en-lo-que-va-del-ano-la-prensa-de-mexico-clama-justicia-y-proteccion\/#primaryimage"},"thumbnailUrl":"https:\/\/latamjournalismreview.org\/wp-content\/uploads\/2023\/07\/Featured-Killed-journalists-in-Mexico.png","datePublished":"2023-07-21T23:57:05+00:00","dateModified":"2023-07-25T20:56:27+00:00","description":"Con dos periodistas asesinados en una semana y siete en lo que va del a\u00f1o, la prensa de M\u00e9xico clama justicia y protecci\u00f3n Violencia contra periodistas. Latin American Journalism Review by The Knight Center at The University of Texas at Austin.","breadcrumb":{"@id":"https:\/\/latamjournalismreview.org\/es\/articles\/con-dos-periodistas-asesinados-en-una-semana-y-siete-en-lo-que-va-del-ano-la-prensa-de-mexico-clama-justicia-y-proteccion\/#breadcrumb"},"inLanguage":"es","potentialAction":[{"@type":"ReadAction","target":["https:\/\/latamjournalismreview.org\/es\/articles\/con-dos-periodistas-asesinados-en-una-semana-y-siete-en-lo-que-va-del-ano-la-prensa-de-mexico-clama-justicia-y-proteccion\/"]}]},{"@type":"ImageObject","inLanguage":"es","@id":"https:\/\/latamjournalismreview.org\/es\/articles\/con-dos-periodistas-asesinados-en-una-semana-y-siete-en-lo-que-va-del-ano-la-prensa-de-mexico-clama-justicia-y-proteccion\/#primaryimage","url":"https:\/\/latamjournalismreview.org\/wp-content\/uploads\/2023\/07\/Featured-Killed-journalists-in-Mexico.png","contentUrl":"https:\/\/latamjournalismreview.org\/wp-content\/uploads\/2023\/07\/Featured-Killed-journalists-in-Mexico.png","width":507,"height":340,"caption":"A camera, a newspaper and a microphone lay on the floor with a crime scene in the background."},{"@type":"BreadcrumbList","@id":"https:\/\/latamjournalismreview.org\/es\/articles\/con-dos-periodistas-asesinados-en-una-semana-y-siete-en-lo-que-va-del-ano-la-prensa-de-mexico-clama-justicia-y-proteccion\/#breadcrumb","itemListElement":[{"@type":"ListItem","position":1,"name":"Home","item":"https:\/\/latamjournalismreview.org\/es\/"},{"@type":"ListItem","position":2,"name":"Con dos periodistas asesinados en una semana y siete en lo que va del a\u00f1o, la prensa de M\u00e9xico clama justicia y protecci\u00f3n"}]},{"@type":"WebSite","@id":"https:\/\/latamjournalismreview.org\/es\/#website","url":"https:\/\/latamjournalismreview.org\/es\/","name":"LatAm Journalism Review","description":"Knight Center at The University of Texas","publisher":{"@id":"https:\/\/latamjournalismreview.org\/es\/#organization"},"potentialAction":[{"@type":"SearchAction","target":{"@type":"EntryPoint","urlTemplate":"https:\/\/latamjournalismreview.org\/es\/?s={search_term_string}"},"query-input":{"@type":"PropertyValueSpecification","valueRequired":true,"valueName":"search_term_string"}}],"inLanguage":"es"},{"@type":"Organization","@id":"https:\/\/latamjournalismreview.org\/es\/#organization","name":"LatAm Journalism Review","url":"https:\/\/latamjournalismreview.org\/es\/","logo":{"@type":"ImageObject","inLanguage":"es","@id":"https:\/\/latamjournalismreview.org\/es\/#\/schema\/logo\/image\/","url":"https:\/\/latamjournalismreview.org\/wp-content\/uploads\/2020\/05\/knight-latAm-review-logo.svg","contentUrl":"https:\/\/latamjournalismreview.org\/wp-content\/uploads\/2020\/05\/knight-latAm-review-logo.svg","width":"1024","height":"1024","caption":"LatAm Journalism Review"},"image":{"@id":"https:\/\/latamjournalismreview.org\/es\/#\/schema\/logo\/image\/"},"sameAs":["https:\/\/x.com\/LatAmJournalism"]},{"@type":"Person","@id":"https:\/\/latamjournalismreview.org\/es\/#\/schema\/person\/dcf6dcdd6226ac8d939e2796645d17c6","name":"C\u00e9sar L\u00f3pez Linares","description":"C\u00e9sar L\u00f3pez Linares began his career at the Mexican newspaper REFORMA as an entertainment and media co-editor. He has written for publications such as TODO Austin, Texas Music Magazine and The Austin Chronicle. C\u00e9sar has a Master's degree in Journalism from the University of Texas at Austin and a Bachelors degree in Communication from the National Autonomous University of Mexico. He previously wrote about innovation in journalism for the Gabo Foundation in Colombia and currently reports for the Knight Center's LatAmJournalism Review digital magazine. A native of Mexico City, C\u00e9sar has become a digital nomad combining content creation with his passion for travel. ________ C\u00e9sar L\u00f3pez Linares inici\u00f3 su carrera en el diario mexicano REFORMA como coeditor de entretenimiento y medios. Ha escrito para publicaciones como TODO Austin, Texas Music Magazine y The Austin Chronicle. C\u00e9sar tiene una Maestr\u00eda en Periodismo de la Universidad de Texas en Austin y una Licenciatura en Comunicaci\u00f3n de la Universidad Nacional Aut\u00f3noma de M\u00e9xico. Previamente escribi\u00f3 sobre innovaci\u00f3n en periodismo para la Fundaci\u00f3n Gabo en Colombia y actualmente escribe para la revista digital LatAmJournalism Review del Centro Knight. Originario de la Ciudad de M\u00e9xico, C\u00e9sar se ha convertido en un n\u00f3mada digital que combina la creaci\u00f3n de contenido con su pasi\u00f3n por viajar. _________ C\u00e9sar L\u00f3pez Linares come\u00e7ou sua carreira no jornal mexicano REFORMA como coeditor de entretenimento e m\u00eddia. Ele escreveu para publica\u00e7\u00f5es como TODO Austin, Texas Music Magazine e The Austin Chronicle. C\u00e9sar tem mestrado em jornalismo pela University of Texas em Austin e \u00e9 bacharel em comunica\u00e7\u00e3o pela Universidad Nacional Aut\u00f3noma de M\u00e9xico. Antes disso, ele escreveu sobre inova\u00e7\u00e3o no jornalismo para a Funda\u00e7\u00e3o Gabo na Col\u00f4mbia. Atualmente escreve para a revista digital LatAmJournalism Review do Centro Knight. Nascido na Cidade do M\u00e9xico, C\u00e9sar se tornou um n\u00f4made digital combinando a cria\u00e7\u00e3o de conte\u00fado com sua paix\u00e3o por viagens.","sameAs":["https:\/\/x.com\/cesarisch"],"url":"https:\/\/latamjournalismreview.org\/es\/articles\/author\/cesar-lopez-linares\/"}]}},"_links":{"self":[{"href":"https:\/\/latamjournalismreview.org\/es\/wp-json\/wp\/v2\/posts\/77896","targetHints":{"allow":["GET"]}}],"collection":[{"href":"https:\/\/latamjournalismreview.org\/es\/wp-json\/wp\/v2\/posts"}],"about":[{"href":"https:\/\/latamjournalismreview.org\/es\/wp-json\/wp\/v2\/types\/post"}],"author":[{"embeddable":true,"href":"https:\/\/latamjournalismreview.org\/es\/wp-json\/wp\/v2\/users\/19"}],"replies":[{"embeddable":true,"href":"https:\/\/latamjournalismreview.org\/es\/wp-json\/wp\/v2\/comments?post=77896"}],"version-history":[{"count":6,"href":"https:\/\/latamjournalismreview.org\/es\/wp-json\/wp\/v2\/posts\/77896\/revisions"}],"predecessor-version":[{"id":78021,"href":"https:\/\/latamjournalismreview.org\/es\/wp-json\/wp\/v2\/posts\/77896\/revisions\/78021"}],"wp:featuredmedia":[{"embeddable":true,"href":"https:\/\/latamjournalismreview.org\/es\/wp-json\/wp\/v2\/media\/77918"}],"wp:attachment":[{"href":"https:\/\/latamjournalismreview.org\/es\/wp-json\/wp\/v2\/media?parent=77896"}],"wp:term":[{"taxonomy":"category","embeddable":true,"href":"https:\/\/latamjournalismreview.org\/es\/wp-json\/wp\/v2\/categories?post=77896"},{"taxonomy":"post_tag","embeddable":true,"href":"https:\/\/latamjournalismreview.org\/es\/wp-json\/wp\/v2\/tags?post=77896"},{"taxonomy":"author","embeddable":true,"href":"https:\/\/latamjournalismreview.org\/es\/wp-json\/wp\/v2\/coauthors?post=77896"}],"curies":[{"name":"wp","href":"https:\/\/api.w.org\/{rel}","templated":true}]}}