{"id":78130,"date":"2023-07-26T13:42:54","date_gmt":"2023-07-26T18:42:54","guid":{"rendered":"https:\/\/latamjournalismreview.org\/?p=78130"},"modified":"2023-07-27T13:02:36","modified_gmt":"2023-07-27T18:02:36","slug":"casos-de-censura-judicial-a-la-prensa-proliferan-en-brasil-donde-los-medios-enfrentan-una-nueva-frontera-de-acoso","status":"publish","type":"post","link":"https:\/\/latamjournalismreview.org\/es\/articles\/casos-de-censura-judicial-a-la-prensa-proliferan-en-brasil-donde-los-medios-enfrentan-una-nueva-frontera-de-acoso\/","title":{"rendered":"Casos de censura judicial a la prensa proliferan en Brasil, donde los medios enfrentan una \u201cnueva frontera\u201d de acoso"},"content":{"rendered":"<p dir=\"ltr\">Reportajes retirados del aire, revistas arrancadas de los quioscos, documentales prohibidos: en los \u00faltimos meses, la propia prensa ha sido objeto de noticia en Brasil en varias ocasiones, despu\u00e9s de que los tribunales de ese pa\u00eds ordenaran la censura inmediata de piezas period\u00edsticas en respuesta a demandas de partes que se sent\u00edan difamadas.<\/p>\n<p dir=\"ltr\">La tendencia a amordazar a la prensa a trav\u00e9s de los tribunales\u00a0<a href=\"https:\/\/brasil.elpais.com\/brasil\/2020-09-08\/casos-de-censura-a-imprensa-no-brasil-expoem-clima-de-degradacao-da-liberdade.html\" target=\"_blank\" rel=\"noopener noreferrer\"><u>lleva a\u00f1os aconteciendo en Brasil<\/u><\/a> y se est\u00e1 intensificando, en una se\u00f1al de alarma para los defensores de la libertad de expresi\u00f3n. La t\u00e1ctica, clasificada como \u201cacoso judicial\u201d, es, en palabras de la presidenta de la Asociaci\u00f3n Brasile\u00f1a de Periodismo de Investigaci\u00f3n (Abraji), Katia Brembatti, \u201cla nueva frontera\u201d de la intimidaci\u00f3n a los periodistas brasile\u00f1os.<\/p>\n<p dir=\"ltr\">\u201cTodo ciudadano tiene derecho a acceder a la justicia para apelar cuando se siente perjudicado, pero algo diferente de eso es el llamado litigio de mala fe, el uso del poder judicial como instrumento de intimidaci\u00f3n, para impedir que alguien revele hechos inconvenientes\u201d, dijo Brembatti a <strong>LatAm Journalism Review (LJR)<\/strong>. \u201cEn los \u00faltimos a\u00f1os hemos tenido una escalada de ataques a la prensa, como la violencia digital en las redes sociales, o la violencia f\u00edsica en las calles, y los asesinatos de <a href=\"https:\/\/latamjournalismreview.org\/es\/news\/policia-civil-arresta-a-sospechoso-de-matar-a-bloguero-en-ceara-brasil\/\" target=\"_blank\" rel=\"noopener noreferrer\"><u>Dom Philips<\/u><\/a> y\u00a0<a href=\"https:\/\/latamjournalismreview.org\/es\/news\/policia-civil-arresta-a-sospechoso-de-matar-a-bloguero-en-ceara-brasil\/\" target=\"_blank\" rel=\"noopener noreferrer\"><u>Givanildo [Oliveira]<\/u><\/a> en 2022. Y ahora el acoso judicial es cada vez m\u00e1s intenso\u201d.<\/p>\n<h3 dir=\"ltr\">Intentos de silenciamiento<\/h3>\n<p dir=\"ltr\">Entre los casos de censura m\u00e1s recientes figuran varias demandas que involucran al actual presidente de la C\u00e1mara de Diputados en Brasilia, Arthur Lira (del Partido Progresista). A mediados de julio, el diputado conservador demand\u00f3 a los sitios web\u00a0<a href=\"https:\/\/apublica.org\/2023\/07\/arthur-lira-processa-a-publica-por-danos-morais-e-pede-censura-previa\/\" target=\"_blank\" rel=\"noopener noreferrer\"><u>Ag\u00eancia P\u00fablica<\/u><\/a> y\u00a0<a href=\"https:\/\/congressoemfoco.uol.com.br\/area\/justica\/congresso-em-foco-tira-do-ar-entrevista-de-ex-mulher-de-lira-por-decisao-judicial\/\" target=\"_blank\" rel=\"noopener noreferrer\"><u>Congresso em Foco<\/u><\/a>, as\u00ed como al canal de YouTube\u00a0<a href=\"https:\/\/www.youtube.com\/watch?v=UvdDyINMU9Q\" target=\"_blank\" rel=\"noopener noreferrer\"><u>ICL Not\u00edcias<\/u><\/a> despu\u00e9s de que estos publicaran reportajes en los que aparec\u00eda su exmujer, Julyenne Lins Rocha, acus\u00e1ndolo de violencia dom\u00e9stica y sexual.<\/p>\n<p dir=\"ltr\">En la demanda, Lira alega que las acusaciones fueron consideradas falsas y difamatorias por el Supremo Tribunal Federal (STF), y pide, adem\u00e1s de la censura, una indemnizaci\u00f3n por da\u00f1os y perjuicios de hasta 300 mil reales (cerca de US $63.000). Adem\u00e1s de estas demandas, Lira tambi\u00e9n demand\u00f3 a <a href=\"https:\/\/noticias.uol.com.br\/colunas\/chico-alves\/2023\/07\/12\/lira-vai-a-justica-para-tirar-do-youtube-programa-com-materias-contra-ele.htm\" target=\"_blank\" rel=\"noopener noreferrer\"><u>ICL Not\u00edcias por publicar v\u00eddeos con denuncias de corrupci\u00f3n<\/u><\/a>.<\/p>\n<p dir=\"ltr\">Las peticiones de retirar inmediatamente el contenido de Ag\u00eancia P\u00fablica e ICL Not\u00edcias fueron denegadas, pero un tribunal de Brasilia orden\u00f3\u00a0<a href=\"https:\/\/congressoemfoco.uol.com.br\/area\/justica\/congresso-em-foco-tira-do-ar-entrevista-de-ex-mulher-de-lira-por-decisao-judicial\/\" target=\"_blank\" rel=\"noopener noreferrer\"><u>el retiro de la entrevista con Congresso em Foco<\/u><\/a>. Todos los casos siguen pendientes en los tribunales, sin que se haya dictado sentencia.<\/p>\n<p dir=\"ltr\">A la agencia de verificaci\u00f3n de hechos Aos Fatos, que <a href=\"https:\/\/abraji.org.br\/noticias\/abraji-condena-censura-contra-aos-fatos\">ya fue hab\u00eda sido censurada en 2021 a petici\u00f3n de la revista de extrema derecha Oeste<\/a>, tambi\u00e9n se le prohibi\u00f3 difundir informaci\u00f3n debido a una reciente decisi\u00f3n judicial. En junio, el Tribunal de Justicia del estado Rio Grande do Sul <a href=\"https:\/\/www.aosfatos.org\/noticias\/tjrs-ignora-stf-mantem-censura-aos-fatos\/\">ratific\u00f3 la censura de un reportaje publicado en abril de 2020<\/a> que denunciaba una red coordinada de desinformaci\u00f3n integrada por el sitio web Jornal da Cidade Online.<\/p>\n<p dir=\"ltr\">Otro caso de censura se produjo contra la revista piau\u00ed. En su edici\u00f3n de junio, el medio public\u00f3 un reportaje sobre c\u00f3mo el gobierno de Jair Bolsonaro debilit\u00f3 el programa Mais M\u00e9dicos y lo sustituy\u00f3 por un organismo considerado lleno de irregularidades. El reportaje citaba los nombres de una pareja, L.W. y D.O.M., que formaban parte del organismo denunciado.<\/p>\n<div id=\"attachment_78118\" style=\"width: 314px\" class=\"wp-caption alignright\"><img loading=\"lazy\" decoding=\"async\" aria-describedby=\"caption-attachment-78118\" class=\"wp-image-78120\" src=\"https:\/\/latamjournalismreview.org\/wp-content\/uploads\/2023\/07\/capa_201_interna.webp\" alt=\"The cover of a magazine with soccer playber Vini Jr. holding a ball on his head\" width=\"304\" height=\"400\" srcset=\"https:\/\/latamjournalismreview.org\/wp-content\/uploads\/2023\/07\/capa_201_interna.webp 1200w, https:\/\/latamjournalismreview.org\/wp-content\/uploads\/2023\/07\/capa_201_interna-228x300.webp 228w, https:\/\/latamjournalismreview.org\/wp-content\/uploads\/2023\/07\/capa_201_interna-778x1024.webp 778w, https:\/\/latamjournalismreview.org\/wp-content\/uploads\/2023\/07\/capa_201_interna-768x1011.webp 768w, https:\/\/latamjournalismreview.org\/wp-content\/uploads\/2023\/07\/capa_201_interna-1167x1536.webp 1167w\" sizes=\"auto, (max-width: 304px) 100vw, 304px\" \/><p id=\"caption-attachment-78118\" class=\"wp-caption-text\">La portada de la revista Piau\u00ed 201, junio de 2023, que fue retirada de los quioscos.<\/p><\/div>\n<p dir=\"ltr\">Alegando que el art\u00edculo relata un \u201checho falso\u201d, la pareja recurri\u00f3 a los tribunales y pidi\u00f3 la eliminaci\u00f3n del art\u00edculo del sitio web de piau\u00ed y el retiro de circulaci\u00f3n de la edici\u00f3n impresa de la revista. El juez Hilmar Castelo Branco Raposo Filho, del Distrito Federal, orden\u00f3 a la publicaci\u00f3n retirar los nombres mencionados. En la pr\u00e1ctica, esto supuso <a href=\"https:\/\/piaui.folha.uol.com.br\/juiz-censura-trecho-de-reportagem-da-piaui\/\" target=\"_blank\" rel=\"noopener noreferrer\"><u>la salida de Piau\u00ed de los quioscos<\/u><\/a>.<\/p>\n<p dir=\"ltr\">Otro caso reciente fue el de una\u00a0<a href=\"https:\/\/www.intercept.com.br\/2023\/06\/01\/juiza-censura-serie-do-intercept-sobre-lei-da-alienacao-parental\/\" target=\"_blank\" rel=\"noopener noreferrer\"><u>serie de reportajes y un documental de The Intercept Brasil<\/u><\/a> sobre la llamada Ley de Alienaci\u00f3n Parental. La publicaci\u00f3n revelaba los nombres de jueces, magistrados, fiscales, psic\u00f3logos y asistentes sociales que, aplicando la ley, liberaban a veces a acusados de violaci\u00f3n o violencia dom\u00e9stica, a menudo quit\u00e1ndoles los hijos a las mujeres y entreg\u00e1ndoselos a quienes hab\u00edan denunciado.<\/p>\n<p dir=\"ltr\">La decisi\u00f3n judicial pretend\u00eda supuestamente proteger la intimidad de los ni\u00f1os, que sin embargo no fueron identificados. Despu\u00e9s de que el sitio web apel\u00f3,\u00a0<a href=\"https:\/\/www.intercept.com.br\/2023\/07\/18\/justica-do-rio-mantem-censura-a-documentario-sobre-alienacao-parental\/\" target=\"_blank\" rel=\"noopener noreferrer\"><u>un tribunal dictamin\u00f3 a mediados de julio que los reportajes pod\u00edan volver a emitirse, pero el documental sigue censurado<\/u><\/a>.<\/p>\n<h3 id=\"e30e0bf89daaf0be5303a20d808fddeaf\" dir=\"ltr\">Una triste tradici\u00f3n<\/h3>\n<p dir=\"ltr\">Seg\u00fan\u00a0<a href=\"https:\/\/www.jtnews.com.br\/blogs\/silvio-barbosa\/\" target=\"_blank\" rel=\"noopener noreferrer\"><u>Silvio Henrique Barbosa<\/u><\/a>, profesor de comunicaci\u00f3n social en la Universidad Federal de Piau\u00ed y coautor del libro <a href=\"https:\/\/editoraappris.com.br\/produto\/imprensa-e-censura\/\" target=\"_blank\" rel=\"noopener noreferrer\"><u>\u201cImprensa e Censura\u201d (Prensa y Censura)<\/u><\/a>, los recientes episodios constituyen casos de censura judicial y censura previa, en los que las informaciones y denuncias son censuradas inmediatamente, antes de ser consideradas difamatorias por los tribunales.<\/p>\n<p dir=\"ltr\">\u201cEl juez que toma una decisi\u00f3n as\u00ed, que dice 'recoge esto, esta informaci\u00f3n no puede difundirse', sigue inspir\u00e1ndose en la censura previa. No quiere que la informaci\u00f3n llegue a nadie, as\u00ed que ordena que se suprima el contenido\u201d, declar\u00f3 Barbosa a <strong>LJR<\/strong>.<\/p>\n<p dir=\"ltr\">Seg\u00fan Barbosa, los casos entran en conflicto con la Constituci\u00f3n Federal de Brasil y con las decisiones del Supremo Tribunal Federal. Los fundamentos jur\u00eddicos de los casos son los llamados derechos de la personalidad, que incluyen la protecci\u00f3n de la intimidad, la vida privada, el honor y la imagen, y est\u00e1n previstos en la Constituci\u00f3n.<\/p>\n<p dir=\"ltr\">El mismo documento, sin embargo, tambi\u00e9n prev\u00e9 el derecho al libre acceso a la informaci\u00f3n. Cuando ambos principios entran en conflicto, debe prevalecer el derecho a la informaci\u00f3n, y as\u00ed lo ha entendido el m\u00e1s alto tribunal brasile\u00f1o, dijo el investigador.<\/p>\n<p dir=\"ltr\">\u201cCuando hay una confrontaci\u00f3n entre estos dos derechos constitucionales, el Supremo Tribunal Federal entiende que el derecho mayor es el derecho de la sociedad a ser informada, que tiene un peso mayor y siempre ser\u00e1 garantizado en relaci\u00f3n con los derechos de la personalidad\u201d, dijo Barbosa. \u201cEn todas sus decisiones, el STF ordena la anulaci\u00f3n de las medidas cautelares de los jueces, dice que no puede haber censura previa, que la correcci\u00f3n, cuando sea necesaria, debe ser posterior [al juicio]\u201d.<\/p>\n<p dir=\"ltr\">El STF tarda a\u00f1os en pronunciarse sobre las demandas. En 2019, el tribunal desestim\u00f3 una solicitud de censura previa del peri\u00f3dico Estado de S\u00e3o Paulo que involucraba a Fernando Sarney, hijo del expresidente <a href=\"https:\/\/www.estadao.com.br\/politica\/investigacao-da-boi-barrica-foi-inviabilizada\/\" target=\"_blank\" rel=\"noopener noreferrer\"><u>Jos\u00e9 Sarney, despu\u00e9s de 3.327 d\u00edas, es decir, ocho a\u00f1os<\/u><\/a>. Para los medios m\u00e1s peque\u00f1os, que no disponen de recursos para recurrir a instancias superiores, los procesos pueden suponer elevados costos judiciales y que las denuncias no surtan efecto.<\/p>\n<p dir=\"ltr\">\u201cEstos procesos suponen un costo legal muy grande, y tambi\u00e9n un gran estr\u00e9s mental para los reporteros, que se quedan culp\u00e1ndose o pregunt\u00e1ndose si podr\u00edan haber hecho algo de otra manera\u201d, dijo Brembatti, de Abraji.<\/p>\n<p dir=\"ltr\">El empobrecimiento de la esfera p\u00fablica afecta incluso a las manifestaciones del p\u00fablico, seg\u00fan\u00a0<a href=\"http:\/\/lapcom.unb.br\/fernando-oliveira-paulino\" target=\"_blank\" rel=\"noopener noreferrer\"><u>Fernando Oliveira Paulino<\/u><\/a>, profesor de la Universidad de Brasilia y presidente de la Asociaci\u00f3n Latinoamericana de Investigadores de la Comunicaci\u00f3n (<a href=\"https:\/\/alaic.org\/pt\/\" target=\"_blank\" rel=\"noopener noreferrer\"><u>ALAIC<\/u><\/a>).<\/p>\n<p dir=\"ltr\">\u201cEl aumento de las demandas y de las sentencias judiciales puede influir en una mayor cautela sobre lo que se difunde, y tambi\u00e9n puede significar restricciones sobre lo que se publica, incluyendo el material period\u00edstico y los comentarios que env\u00eda el p\u00fablico\u201d, dijo Oliveira Paulino a <strong>LJR<\/strong>.<\/p>\n<p dir=\"ltr\">Aunque generalmente falla a favor de la libertad de informaci\u00f3n, el propio STF ha tomado decisiones a favor de la censura para protegerse de las denuncias. En 2019,\u00a0<a href=\"https:\/\/g1.globo.com\/politica\/noticia\/2019\/04\/15\/stf-censura-sites-e-e-manda-retirar-materia-que-liga-toffoli-a-odebrecht.ghtml\" target=\"_blank\" rel=\"noopener noreferrer\"><u>el tribunal orden\u00f3 el retiro de reportajes que denunciaban a su entonces presidente<\/u><\/a>, Dias Toffoli, publicados por la revista Cruso\u00e9 y el sitio web Antagonista. El a\u00f1o pasado,\u00a0<a href=\"https:\/\/latamjournalismreview.org\/es\/articles\/los-periodistas-evitan-ser-criticos-con-el-tribunal-supremo-porque-temen-sufrir-consecuencias-5-preguntas-para-rubens-valente\/\" target=\"_blank\" rel=\"noopener noreferrer\"><u>Rubens Valente, uno de los periodistas m\u00e1s premiados de Brasil, fue condenado a pagar 310 mil reales (cerca de US $60.000)<\/u><\/a> por denuncias que involucraban al ministro Gilmar Mendes.<\/p>\n<h3 id=\"e0cfeed71555ef0f40fe3c602e939c802\" dir=\"ltr\">Dimensi\u00f3n desconocida<\/h3>\n<p dir=\"ltr\">No existe un seguimiento sistem\u00e1tico de los casos de censura judicial en Brasil, por lo que no es posible saber en qu\u00e9 medida aumentan, si es que aumentan, o si s\u00f3lo son m\u00e1s visibles ahora. Seg\u00fan Brembatti, Abraji, en colaboraci\u00f3n con\u00a0<a href=\"https:\/\/tornavoz.org\/equipe\/tais-gasparian\/\" target=\"_blank\" rel=\"noopener noreferrer\"><u>Ta\u00eds Gasparian, del Instituto Tornavoz<\/u><\/a>, ha empezado a intentar mapear el n\u00famero de casos, y tambi\u00e9n hay una iniciativa del Ministerio P\u00fablico Federal de R\u00edo de Janeiro en este sentido.<\/p>\n<p dir=\"ltr\">Otra iniciativa que Abraji viene desarrollando, esta vez en asociaci\u00f3n con un profesor de la Universidad de S\u00e3o Paulo (USP), es la realizaci\u00f3n de reuniones de trabajo en busca de una definici\u00f3n del concepto de \u201cacoso judicial\u201d, hoy inexistente en la doctrina jur\u00eddica brasile\u00f1a.<\/p>\n<p dir=\"ltr\">Seg\u00fan Brembatti, una de las razones de tantas demandas es la facilidad, incluso en t\u00e9rminos de costos, con la que se puede recurrir a los tribunales para demandar a periodistas en Brasil. \u201cAcceder a la justicia en Estados Unidos es muy caro, y esa es una de las razones por las que demandar a un periodista en Estados Unidos no es una pr\u00e1ctica recurrente. En Brasil, por ejemplo, tenemos tribunales especiales que se utilizan para esto de forma equivocada\u201d, dijo.<\/p>\n<p dir=\"ltr\">Otra raz\u00f3n, seg\u00fan Oliveira Paulino, es la creciente presencia del Poder Judicial en la pol\u00edtica y en la vida cotidiana de Brasil. \u201cEn los \u00faltimos a\u00f1os, se ha producido un aumento de la estructura, las atribuciones y la actuaci\u00f3n del Poder Judicial y, en consecuencia, la judicializaci\u00f3n de las situaciones cotidianas. Por un lado, el acceso a la justicia ha crecido y ha contribuido a una mayor reivindicaci\u00f3n de derechos. Por otro lado, el Poder Judicial ha ocupado un lugar central en los procesos pol\u00edticos, convirti\u00e9ndose en un instrumento importante en la lucha por el poder, con un uso estrat\u00e9gico en la b\u00fasqueda de la hegemon\u00eda\u201d, dijo Oliveira Paulino.<\/p>\n<div id=\"attachment_78122\" style=\"width: 410px\" class=\"wp-caption alignleft\"><img loading=\"lazy\" decoding=\"async\" aria-describedby=\"caption-attachment-78122\" class=\"wp-image-78124\" src=\"https:\/\/latamjournalismreview.org\/wp-content\/uploads\/2023\/07\/Joao_Paulo_Cuenca.jpg\" alt=\"A man with brown hair talking on a microphone in front of flowers\" width=\"400\" height=\"266\" srcset=\"https:\/\/latamjournalismreview.org\/wp-content\/uploads\/2023\/07\/Joao_Paulo_Cuenca.jpg 1626w, https:\/\/latamjournalismreview.org\/wp-content\/uploads\/2023\/07\/Joao_Paulo_Cuenca-300x199.jpg 300w, https:\/\/latamjournalismreview.org\/wp-content\/uploads\/2023\/07\/Joao_Paulo_Cuenca-1024x680.jpg 1024w, https:\/\/latamjournalismreview.org\/wp-content\/uploads\/2023\/07\/Joao_Paulo_Cuenca-768x510.jpg 768w, https:\/\/latamjournalismreview.org\/wp-content\/uploads\/2023\/07\/Joao_Paulo_Cuenca-1536x1020.jpg 1536w, https:\/\/latamjournalismreview.org\/wp-content\/uploads\/2023\/07\/Joao_Paulo_Cuenca-350x234.jpg 350w\" sizes=\"auto, (max-width: 400px) 100vw, 400px\" \/><p id=\"caption-attachment-78122\" class=\"wp-caption-text\">El escritor Jo\u00e3o Paulo Cuenca, demandado 144 veces por pastores de la Iglesia Universal del Reino de Dios. (Foto: Rafael Andrade)<\/p><\/div>\n<p dir=\"ltr\">Adem\u00e1s, el profesor se\u00f1ala que internet permite estrategias organizativas para utilizar el poder judicial como herramienta contra los comunicadores, \u201cdificultando su defensa y tambi\u00e9n limitando el trabajo de los profesionales\u201d. Fue el caso, por ejemplo, del escritor Jo\u00e3o Paulo Cuenca, quien sufri\u00f3 <a href=\"https:\/\/revistaforum.com.br\/brasil\/2023\/3\/9\/joo-paulo-cuenca-vence-126-processo-movido-por-pastores-da-igreja-universal-132546.html\" target=\"_blank\" rel=\"noopener noreferrer\"><u>144 demandas diferentes en varias regiones de Brasil promovidas por pastores de la Iglesia Universal del Reino de Dios<\/u><\/a>.<\/p>\n<h3 id=\"ef41b29fa75576e42ff7ed5c74cbac7a3\" dir=\"ltr\">Necesidad de una nueva legislaci\u00f3n<\/h3>\n<p dir=\"ltr\">La protecci\u00f3n de los periodistas, seg\u00fan los expertos consultados, requiere cambios en la legislaci\u00f3n. Brembatti cita como ejemplo a seguir la llamada\u00a0<a href=\"https:\/\/www.consilium.europa.eu\/en\/press\/press-releases\/2023\/06\/09\/stronger-press-freedom-and-free-speech-protection-council-agrees-position-on-anti-slapp-law\/\" target=\"_blank\" rel=\"noopener noreferrer\"><u>Ley Anti-SLAPP de la Uni\u00f3n Europea (UE)<\/u><\/a>, una iniciativa para proteger a periodistas y defensores de los derechos humanos en el bloque europeo.<\/p>\n<p dir=\"ltr\">La \u00faltima Ley de Prensa de Brasil, redactada en 1967 durante la dictadura militar, preve\u00eda la censura previa, y fue derogada en 2009. El profesor Barbosa, de la UFPI, cree que un nuevo marco jur\u00eddico podr\u00eda ofrecer protecci\u00f3n a los comunicadores.<\/p>\n<p dir=\"ltr\">\u201cLa regulaci\u00f3n de la prensa ser\u00eda buena para limitar la capacidad de los tribunales de dictar castigos y definirlo claramente. Ser\u00eda posible, por ejemplo, estipular c\u00f3mo debe corregirse una informaci\u00f3n err\u00f3nea, con derecho a r\u00e9plica e indemnizaci\u00f3n\u201d, dijo.<\/p>\n<p dir=\"ltr\">Para complicar a\u00fan m\u00e1s las cosas, existe tambi\u00e9n el problema de las llamadas\u00a0<i>fake news<\/i> (noticias falsas), que incluyen muchas situaciones en las que la desinformaci\u00f3n es deliberada. En estos casos, Barbosa cree que los tribunales pueden actuar; pero son excepciones.<\/p>\n<p dir=\"ltr\">\u201cHay que sopesar cada situaci\u00f3n. Creo que la Corte Electoral puede, s\u00ed, ordenar la retirada de informaciones falsas, pero en estos casos es necesario para la preservaci\u00f3n de la democracia. En otras situaciones, como estas recientes, la democracia no est\u00e1 amenazada\u201d.<\/p>\n<p dir=\"ltr\"><em>Banner y foto de portada son de Mariordo (Mario Roberto Dur\u00e1n Ortiz), <a href=\"https:\/\/creativecommons.org\/licenses\/by-sa\/4.0\/\">CC BY-SA 4.0<\/a>, v\u00eda Wikimedia Commons.<\/em><\/p>\n","protected":false},"excerpt":{"rendered":"<p>En meses recientes, la libertad de prensa ha enfrentado una ola de censura judicial en Brasil, con reportajes sacados del aire, revistas retiradas de los estantes y un documental prohibido. Seg\u00fan expertos, las sentencias judiciales entran en conflicto con la Constituci\u00f3n, que favorece la libertad de informaci\u00f3n, y generan debates sobre la necesidad de nuevas leyes para proteger a periodistas.<\/p>\n","protected":false},"author":63,"featured_media":78108,"comment_status":"closed","ping_status":"closed","sticky":false,"template":"","format":"standard","meta":{"inline_featured_image":false,"footnotes":""},"categories":[1227],"tags":[],"coauthors":[],"class_list":["post-78130","post","type-post","status-publish","format-standard","has-post-thumbnail","hentry","category-acceso-a-la-informacion-es"],"acf":[],"yoast_head":"<!-- This site is optimized with the Yoast SEO Premium plugin v22.6 (Yoast SEO v27.4) - https:\/\/yoast.com\/product\/yoast-seo-premium-wordpress\/ -->\n<title>Casos de censura judicial a la prensa proliferan en Brasil, donde los medios enfrentan una \u201cnueva frontera\u201d de acoso - LatAm Journalism Review<\/title>\n<meta name=\"description\" content=\"Casos de censura judicial a la prensa proliferan en Brasil, donde los medios enfrentan una \u201cnueva frontera\u201d de acoso Acceso a la Informaci\u00f3n. Latin American Journalism Review by The Knight Center at The University of Texas at Austin.\" \/>\n<meta name=\"robots\" content=\"index, follow, max-snippet:-1, max-image-preview:large, max-video-preview:-1\" \/>\n<link rel=\"canonical\" href=\"https:\/\/latamjournalismreview.org\/es\/articles\/casos-de-censura-judicial-a-la-prensa-proliferan-en-brasil-donde-los-medios-enfrentan-una-nueva-frontera-de-acoso\/\" \/>\n<meta property=\"og:locale\" content=\"es_ES\" \/>\n<meta property=\"og:type\" content=\"article\" \/>\n<meta property=\"og:title\" content=\"Casos de censura judicial a la prensa proliferan en Brasil, donde los medios enfrentan una \u201cnueva frontera\u201d de acoso\" \/>\n<meta property=\"og:description\" content=\"Casos de censura judicial a la prensa proliferan en Brasil, donde los medios enfrentan una \u201cnueva frontera\u201d de acoso Acceso a la Informaci\u00f3n. Latin American Journalism Review by The Knight Center at The University of Texas at Austin.\" \/>\n<meta property=\"og:url\" content=\"https:\/\/latamjournalismreview.org\/es\/articles\/casos-de-censura-judicial-a-la-prensa-proliferan-en-brasil-donde-los-medios-enfrentan-una-nueva-frontera-de-acoso\/\" \/>\n<meta property=\"og:site_name\" content=\"LatAm Journalism Review\" \/>\n<meta property=\"article:published_time\" content=\"2023-07-26T18:42:54+00:00\" \/>\n<meta property=\"article:modified_time\" content=\"2023-07-27T18:02:36+00:00\" \/>\n<meta property=\"og:image\" content=\"https:\/\/latamjournalismreview.org\/wp-content\/uploads\/2023\/07\/Justice-Statue-Brazil.png\" \/>\n\t<meta property=\"og:image:width\" content=\"507\" \/>\n\t<meta property=\"og:image:height\" content=\"340\" \/>\n\t<meta property=\"og:image:type\" content=\"image\/png\" \/>\n<meta name=\"author\" content=\"Andr\u00e9 Duchiade\" \/>\n<meta name=\"twitter:card\" content=\"summary_large_image\" \/>\n<meta name=\"twitter:creator\" content=\"@duchiadeandre\" \/>\n<meta name=\"twitter:site\" content=\"@LatAmJournalism\" \/>\n<meta name=\"twitter:label1\" content=\"Written by\" \/>\n\t<meta name=\"twitter:data1\" content=\"Andr\u00e9 Duchiade\" \/>\n\t<meta name=\"twitter:label2\" content=\"Est. reading time\" \/>\n\t<meta name=\"twitter:data2\" content=\"10 minutos\" \/>\n<script type=\"application\/ld+json\" class=\"yoast-schema-graph\">{\"@context\":\"https:\\\/\\\/schema.org\",\"@graph\":[{\"@type\":\"Article\",\"@id\":\"https:\\\/\\\/latamjournalismreview.org\\\/es\\\/articles\\\/casos-de-censura-judicial-a-la-prensa-proliferan-en-brasil-donde-los-medios-enfrentan-una-nueva-frontera-de-acoso\\\/#article\",\"isPartOf\":{\"@id\":\"https:\\\/\\\/latamjournalismreview.org\\\/es\\\/articles\\\/casos-de-censura-judicial-a-la-prensa-proliferan-en-brasil-donde-los-medios-enfrentan-una-nueva-frontera-de-acoso\\\/\"},\"author\":{\"name\":\"Andr\u00e9 Duchiade\",\"@id\":\"https:\\\/\\\/latamjournalismreview.org\\\/es\\\/#\\\/schema\\\/person\\\/4a1fa2e1f971d8470c7b9fc6fe72468b\"},\"headline\":\"Casos de censura judicial a la prensa proliferan en Brasil, donde los medios enfrentan una \u201cnueva frontera\u201d de acoso\",\"datePublished\":\"2023-07-26T18:42:54+00:00\",\"dateModified\":\"2023-07-27T18:02:36+00:00\",\"mainEntityOfPage\":{\"@id\":\"https:\\\/\\\/latamjournalismreview.org\\\/es\\\/articles\\\/casos-de-censura-judicial-a-la-prensa-proliferan-en-brasil-donde-los-medios-enfrentan-una-nueva-frontera-de-acoso\\\/\"},\"wordCount\":2085,\"publisher\":{\"@id\":\"https:\\\/\\\/latamjournalismreview.org\\\/es\\\/#organization\"},\"image\":{\"@id\":\"https:\\\/\\\/latamjournalismreview.org\\\/es\\\/articles\\\/casos-de-censura-judicial-a-la-prensa-proliferan-en-brasil-donde-los-medios-enfrentan-una-nueva-frontera-de-acoso\\\/#primaryimage\"},\"thumbnailUrl\":\"https:\\\/\\\/latamjournalismreview.org\\\/wp-content\\\/uploads\\\/2023\\\/07\\\/Justice-Statue-Brazil.png\",\"articleSection\":[\"Acceso a la Informaci\u00f3n\"],\"inLanguage\":\"es\"},{\"@type\":\"WebPage\",\"@id\":\"https:\\\/\\\/latamjournalismreview.org\\\/es\\\/articles\\\/casos-de-censura-judicial-a-la-prensa-proliferan-en-brasil-donde-los-medios-enfrentan-una-nueva-frontera-de-acoso\\\/\",\"url\":\"https:\\\/\\\/latamjournalismreview.org\\\/es\\\/articles\\\/casos-de-censura-judicial-a-la-prensa-proliferan-en-brasil-donde-los-medios-enfrentan-una-nueva-frontera-de-acoso\\\/\",\"name\":\"Casos de censura judicial a la prensa proliferan en Brasil, donde los medios enfrentan una \u201cnueva frontera\u201d de acoso - LatAm Journalism Review\",\"isPartOf\":{\"@id\":\"https:\\\/\\\/latamjournalismreview.org\\\/es\\\/#website\"},\"primaryImageOfPage\":{\"@id\":\"https:\\\/\\\/latamjournalismreview.org\\\/es\\\/articles\\\/casos-de-censura-judicial-a-la-prensa-proliferan-en-brasil-donde-los-medios-enfrentan-una-nueva-frontera-de-acoso\\\/#primaryimage\"},\"image\":{\"@id\":\"https:\\\/\\\/latamjournalismreview.org\\\/es\\\/articles\\\/casos-de-censura-judicial-a-la-prensa-proliferan-en-brasil-donde-los-medios-enfrentan-una-nueva-frontera-de-acoso\\\/#primaryimage\"},\"thumbnailUrl\":\"https:\\\/\\\/latamjournalismreview.org\\\/wp-content\\\/uploads\\\/2023\\\/07\\\/Justice-Statue-Brazil.png\",\"datePublished\":\"2023-07-26T18:42:54+00:00\",\"dateModified\":\"2023-07-27T18:02:36+00:00\",\"description\":\"Casos de censura judicial a la prensa proliferan en Brasil, donde los medios enfrentan una \u201cnueva frontera\u201d de acoso Acceso a la Informaci\u00f3n. Latin American Journalism Review by The Knight Center at The University of Texas at Austin.\",\"breadcrumb\":{\"@id\":\"https:\\\/\\\/latamjournalismreview.org\\\/es\\\/articles\\\/casos-de-censura-judicial-a-la-prensa-proliferan-en-brasil-donde-los-medios-enfrentan-una-nueva-frontera-de-acoso\\\/#breadcrumb\"},\"inLanguage\":\"es\",\"potentialAction\":[{\"@type\":\"ReadAction\",\"target\":[\"https:\\\/\\\/latamjournalismreview.org\\\/es\\\/articles\\\/casos-de-censura-judicial-a-la-prensa-proliferan-en-brasil-donde-los-medios-enfrentan-una-nueva-frontera-de-acoso\\\/\"]}]},{\"@type\":\"ImageObject\",\"inLanguage\":\"es\",\"@id\":\"https:\\\/\\\/latamjournalismreview.org\\\/es\\\/articles\\\/casos-de-censura-judicial-a-la-prensa-proliferan-en-brasil-donde-los-medios-enfrentan-una-nueva-frontera-de-acoso\\\/#primaryimage\",\"url\":\"https:\\\/\\\/latamjournalismreview.org\\\/wp-content\\\/uploads\\\/2023\\\/07\\\/Justice-Statue-Brazil.png\",\"contentUrl\":\"https:\\\/\\\/latamjournalismreview.org\\\/wp-content\\\/uploads\\\/2023\\\/07\\\/Justice-Statue-Brazil.png\",\"width\":507,\"height\":340,\"caption\":\"The Statue representing Justice in front of the Brazilian Supreme Court (Photo:Mario Roberto Dur\u00e1n Ortiz\\\/Creative Commons)\"},{\"@type\":\"BreadcrumbList\",\"@id\":\"https:\\\/\\\/latamjournalismreview.org\\\/es\\\/articles\\\/casos-de-censura-judicial-a-la-prensa-proliferan-en-brasil-donde-los-medios-enfrentan-una-nueva-frontera-de-acoso\\\/#breadcrumb\",\"itemListElement\":[{\"@type\":\"ListItem\",\"position\":1,\"name\":\"Home\",\"item\":\"https:\\\/\\\/latamjournalismreview.org\\\/es\\\/\"},{\"@type\":\"ListItem\",\"position\":2,\"name\":\"Casos de censura judicial a la prensa proliferan en Brasil, donde los medios enfrentan una \u201cnueva frontera\u201d de acoso\"}]},{\"@type\":\"WebSite\",\"@id\":\"https:\\\/\\\/latamjournalismreview.org\\\/es\\\/#website\",\"url\":\"https:\\\/\\\/latamjournalismreview.org\\\/es\\\/\",\"name\":\"LatAm Journalism Review\",\"description\":\"Knight Center at The University of Texas\",\"publisher\":{\"@id\":\"https:\\\/\\\/latamjournalismreview.org\\\/es\\\/#organization\"},\"potentialAction\":[{\"@type\":\"SearchAction\",\"target\":{\"@type\":\"EntryPoint\",\"urlTemplate\":\"https:\\\/\\\/latamjournalismreview.org\\\/es\\\/?s={search_term_string}\"},\"query-input\":{\"@type\":\"PropertyValueSpecification\",\"valueRequired\":true,\"valueName\":\"search_term_string\"}}],\"inLanguage\":\"es\"},{\"@type\":\"Organization\",\"@id\":\"https:\\\/\\\/latamjournalismreview.org\\\/es\\\/#organization\",\"name\":\"LatAm Journalism Review\",\"url\":\"https:\\\/\\\/latamjournalismreview.org\\\/es\\\/\",\"logo\":{\"@type\":\"ImageObject\",\"inLanguage\":\"es\",\"@id\":\"https:\\\/\\\/latamjournalismreview.org\\\/es\\\/#\\\/schema\\\/logo\\\/image\\\/\",\"url\":\"https:\\\/\\\/latamjournalismreview.org\\\/wp-content\\\/uploads\\\/2020\\\/05\\\/knight-latAm-review-logo.svg\",\"contentUrl\":\"https:\\\/\\\/latamjournalismreview.org\\\/wp-content\\\/uploads\\\/2020\\\/05\\\/knight-latAm-review-logo.svg\",\"width\":\"1024\",\"height\":\"1024\",\"caption\":\"LatAm Journalism Review\"},\"image\":{\"@id\":\"https:\\\/\\\/latamjournalismreview.org\\\/es\\\/#\\\/schema\\\/logo\\\/image\\\/\"},\"sameAs\":[\"https:\\\/\\\/x.com\\\/LatAmJournalism\"]},{\"@type\":\"Person\",\"@id\":\"https:\\\/\\\/latamjournalismreview.org\\\/es\\\/#\\\/schema\\\/person\\\/4a1fa2e1f971d8470c7b9fc6fe72468b\",\"name\":\"Andr\u00e9 Duchiade\",\"description\":\"Andr\u00e9 Duchiade is a Brazilian journalist and translator based in Rio de Janeiro. Andr\u00e9 worked on the international politics desk at O Globo from 2018 to February 2023, and his stories have been published at The Scientific American, The Intercept, \u00c9poca, and Ag\u00eancia P\u00fablica de Jornalismo, among others. He is also a former Media Fellow at the Global Public Policy Institute (GPPi) in Berlin. Andr\u00e9 Duchiade es un periodista y traductor brasile\u00f1o que vive en R\u00edo de Janeiro. Andr\u00e9 trabaj\u00f3 en la redacci\u00f3n de pol\u00edtica internacional de O Globo entre 2018 y febrero de 2023, y se han publicado historias suyas en The Scientific American, The Intercept, \u00c9poca y Ag\u00eancia P\u00fablica de Jornalismo, entre otros. Tambi\u00e9n fue Media Fellow en el Global Public Policy Institute (GPPi) de Berl\u00edn. Andr\u00e9 Duchiade \u00e9 um jornalista e tradutor brasileiro que mora no Rio de Janeiro. Andr\u00e9 trabalhou como rep\u00f3rter na editoria de pol\u00edtica internacional de O Globo entre 2018 e fevereiro de 2023, e suas mat\u00e9ria foram publicadas em The Scientific American, The Intercept, \u00c9poca, Jornal do Brasil e Ag\u00eancia P\u00fablica de Jornalismo, entre outros. Ele tamb\u00e9m foi fellow de m\u00eddia no Global Public Policy Institute (GPPi) em Berlim em 2020 e 2021.\",\"sameAs\":[\"https:\\\/\\\/x.com\\\/duchiadeandre\"],\"url\":\"https:\\\/\\\/latamjournalismreview.org\\\/es\\\/articles\\\/author\\\/andre-duchiade\\\/\"}]}<\/script>\n<!-- \/ Yoast SEO Premium plugin. -->","yoast_head_json":{"title":"Casos de censura judicial a la prensa proliferan en Brasil, donde los medios enfrentan una \u201cnueva frontera\u201d de acoso - LatAm Journalism Review","description":"Casos de censura judicial a la prensa proliferan en Brasil, donde los medios enfrentan una \u201cnueva frontera\u201d de acoso Acceso a la Informaci\u00f3n. Latin American Journalism Review by The Knight Center at The University of Texas at Austin.","robots":{"index":"index","follow":"follow","max-snippet":"max-snippet:-1","max-image-preview":"max-image-preview:large","max-video-preview":"max-video-preview:-1"},"canonical":"https:\/\/latamjournalismreview.org\/es\/articles\/casos-de-censura-judicial-a-la-prensa-proliferan-en-brasil-donde-los-medios-enfrentan-una-nueva-frontera-de-acoso\/","og_locale":"es_ES","og_type":"article","og_title":"Casos de censura judicial a la prensa proliferan en Brasil, donde los medios enfrentan una \u201cnueva frontera\u201d de acoso","og_description":"Casos de censura judicial a la prensa proliferan en Brasil, donde los medios enfrentan una \u201cnueva frontera\u201d de acoso Acceso a la Informaci\u00f3n. Latin American Journalism Review by The Knight Center at The University of Texas at Austin.","og_url":"https:\/\/latamjournalismreview.org\/es\/articles\/casos-de-censura-judicial-a-la-prensa-proliferan-en-brasil-donde-los-medios-enfrentan-una-nueva-frontera-de-acoso\/","og_site_name":"LatAm Journalism Review","article_published_time":"2023-07-26T18:42:54+00:00","article_modified_time":"2023-07-27T18:02:36+00:00","og_image":[{"width":507,"height":340,"url":"https:\/\/latamjournalismreview.org\/wp-content\/uploads\/2023\/07\/Justice-Statue-Brazil.png","type":"image\/png"}],"author":"Andr\u00e9 Duchiade","twitter_card":"summary_large_image","twitter_creator":"@duchiadeandre","twitter_site":"@LatAmJournalism","twitter_misc":{"Written by":"Andr\u00e9 Duchiade","Est. reading time":"10 minutos"},"schema":{"@context":"https:\/\/schema.org","@graph":[{"@type":"Article","@id":"https:\/\/latamjournalismreview.org\/es\/articles\/casos-de-censura-judicial-a-la-prensa-proliferan-en-brasil-donde-los-medios-enfrentan-una-nueva-frontera-de-acoso\/#article","isPartOf":{"@id":"https:\/\/latamjournalismreview.org\/es\/articles\/casos-de-censura-judicial-a-la-prensa-proliferan-en-brasil-donde-los-medios-enfrentan-una-nueva-frontera-de-acoso\/"},"author":{"name":"Andr\u00e9 Duchiade","@id":"https:\/\/latamjournalismreview.org\/es\/#\/schema\/person\/4a1fa2e1f971d8470c7b9fc6fe72468b"},"headline":"Casos de censura judicial a la prensa proliferan en Brasil, donde los medios enfrentan una \u201cnueva frontera\u201d de acoso","datePublished":"2023-07-26T18:42:54+00:00","dateModified":"2023-07-27T18:02:36+00:00","mainEntityOfPage":{"@id":"https:\/\/latamjournalismreview.org\/es\/articles\/casos-de-censura-judicial-a-la-prensa-proliferan-en-brasil-donde-los-medios-enfrentan-una-nueva-frontera-de-acoso\/"},"wordCount":2085,"publisher":{"@id":"https:\/\/latamjournalismreview.org\/es\/#organization"},"image":{"@id":"https:\/\/latamjournalismreview.org\/es\/articles\/casos-de-censura-judicial-a-la-prensa-proliferan-en-brasil-donde-los-medios-enfrentan-una-nueva-frontera-de-acoso\/#primaryimage"},"thumbnailUrl":"https:\/\/latamjournalismreview.org\/wp-content\/uploads\/2023\/07\/Justice-Statue-Brazil.png","articleSection":["Acceso a la Informaci\u00f3n"],"inLanguage":"es"},{"@type":"WebPage","@id":"https:\/\/latamjournalismreview.org\/es\/articles\/casos-de-censura-judicial-a-la-prensa-proliferan-en-brasil-donde-los-medios-enfrentan-una-nueva-frontera-de-acoso\/","url":"https:\/\/latamjournalismreview.org\/es\/articles\/casos-de-censura-judicial-a-la-prensa-proliferan-en-brasil-donde-los-medios-enfrentan-una-nueva-frontera-de-acoso\/","name":"Casos de censura judicial a la prensa proliferan en Brasil, donde los medios enfrentan una \u201cnueva frontera\u201d de acoso - LatAm Journalism Review","isPartOf":{"@id":"https:\/\/latamjournalismreview.org\/es\/#website"},"primaryImageOfPage":{"@id":"https:\/\/latamjournalismreview.org\/es\/articles\/casos-de-censura-judicial-a-la-prensa-proliferan-en-brasil-donde-los-medios-enfrentan-una-nueva-frontera-de-acoso\/#primaryimage"},"image":{"@id":"https:\/\/latamjournalismreview.org\/es\/articles\/casos-de-censura-judicial-a-la-prensa-proliferan-en-brasil-donde-los-medios-enfrentan-una-nueva-frontera-de-acoso\/#primaryimage"},"thumbnailUrl":"https:\/\/latamjournalismreview.org\/wp-content\/uploads\/2023\/07\/Justice-Statue-Brazil.png","datePublished":"2023-07-26T18:42:54+00:00","dateModified":"2023-07-27T18:02:36+00:00","description":"Casos de censura judicial a la prensa proliferan en Brasil, donde los medios enfrentan una \u201cnueva frontera\u201d de acoso Acceso a la Informaci\u00f3n. Latin American Journalism Review by The Knight Center at The University of Texas at Austin.","breadcrumb":{"@id":"https:\/\/latamjournalismreview.org\/es\/articles\/casos-de-censura-judicial-a-la-prensa-proliferan-en-brasil-donde-los-medios-enfrentan-una-nueva-frontera-de-acoso\/#breadcrumb"},"inLanguage":"es","potentialAction":[{"@type":"ReadAction","target":["https:\/\/latamjournalismreview.org\/es\/articles\/casos-de-censura-judicial-a-la-prensa-proliferan-en-brasil-donde-los-medios-enfrentan-una-nueva-frontera-de-acoso\/"]}]},{"@type":"ImageObject","inLanguage":"es","@id":"https:\/\/latamjournalismreview.org\/es\/articles\/casos-de-censura-judicial-a-la-prensa-proliferan-en-brasil-donde-los-medios-enfrentan-una-nueva-frontera-de-acoso\/#primaryimage","url":"https:\/\/latamjournalismreview.org\/wp-content\/uploads\/2023\/07\/Justice-Statue-Brazil.png","contentUrl":"https:\/\/latamjournalismreview.org\/wp-content\/uploads\/2023\/07\/Justice-Statue-Brazil.png","width":507,"height":340,"caption":"The Statue representing Justice in front of the Brazilian Supreme Court (Photo:Mario Roberto Dur\u00e1n Ortiz\/Creative Commons)"},{"@type":"BreadcrumbList","@id":"https:\/\/latamjournalismreview.org\/es\/articles\/casos-de-censura-judicial-a-la-prensa-proliferan-en-brasil-donde-los-medios-enfrentan-una-nueva-frontera-de-acoso\/#breadcrumb","itemListElement":[{"@type":"ListItem","position":1,"name":"Home","item":"https:\/\/latamjournalismreview.org\/es\/"},{"@type":"ListItem","position":2,"name":"Casos de censura judicial a la prensa proliferan en Brasil, donde los medios enfrentan una \u201cnueva frontera\u201d de acoso"}]},{"@type":"WebSite","@id":"https:\/\/latamjournalismreview.org\/es\/#website","url":"https:\/\/latamjournalismreview.org\/es\/","name":"LatAm Journalism Review","description":"Knight Center at The University of Texas","publisher":{"@id":"https:\/\/latamjournalismreview.org\/es\/#organization"},"potentialAction":[{"@type":"SearchAction","target":{"@type":"EntryPoint","urlTemplate":"https:\/\/latamjournalismreview.org\/es\/?s={search_term_string}"},"query-input":{"@type":"PropertyValueSpecification","valueRequired":true,"valueName":"search_term_string"}}],"inLanguage":"es"},{"@type":"Organization","@id":"https:\/\/latamjournalismreview.org\/es\/#organization","name":"LatAm Journalism Review","url":"https:\/\/latamjournalismreview.org\/es\/","logo":{"@type":"ImageObject","inLanguage":"es","@id":"https:\/\/latamjournalismreview.org\/es\/#\/schema\/logo\/image\/","url":"https:\/\/latamjournalismreview.org\/wp-content\/uploads\/2020\/05\/knight-latAm-review-logo.svg","contentUrl":"https:\/\/latamjournalismreview.org\/wp-content\/uploads\/2020\/05\/knight-latAm-review-logo.svg","width":"1024","height":"1024","caption":"LatAm Journalism Review"},"image":{"@id":"https:\/\/latamjournalismreview.org\/es\/#\/schema\/logo\/image\/"},"sameAs":["https:\/\/x.com\/LatAmJournalism"]},{"@type":"Person","@id":"https:\/\/latamjournalismreview.org\/es\/#\/schema\/person\/4a1fa2e1f971d8470c7b9fc6fe72468b","name":"Andr\u00e9 Duchiade","description":"Andr\u00e9 Duchiade is a Brazilian journalist and translator based in Rio de Janeiro. Andr\u00e9 worked on the international politics desk at O Globo from 2018 to February 2023, and his stories have been published at The Scientific American, The Intercept, \u00c9poca, and Ag\u00eancia P\u00fablica de Jornalismo, among others. He is also a former Media Fellow at the Global Public Policy Institute (GPPi) in Berlin. Andr\u00e9 Duchiade es un periodista y traductor brasile\u00f1o que vive en R\u00edo de Janeiro. Andr\u00e9 trabaj\u00f3 en la redacci\u00f3n de pol\u00edtica internacional de O Globo entre 2018 y febrero de 2023, y se han publicado historias suyas en The Scientific American, The Intercept, \u00c9poca y Ag\u00eancia P\u00fablica de Jornalismo, entre otros. Tambi\u00e9n fue Media Fellow en el Global Public Policy Institute (GPPi) de Berl\u00edn. Andr\u00e9 Duchiade \u00e9 um jornalista e tradutor brasileiro que mora no Rio de Janeiro. Andr\u00e9 trabalhou como rep\u00f3rter na editoria de pol\u00edtica internacional de O Globo entre 2018 e fevereiro de 2023, e suas mat\u00e9ria foram publicadas em The Scientific American, The Intercept, \u00c9poca, Jornal do Brasil e Ag\u00eancia P\u00fablica de Jornalismo, entre outros. Ele tamb\u00e9m foi fellow de m\u00eddia no Global Public Policy Institute (GPPi) em Berlim em 2020 e 2021.","sameAs":["https:\/\/x.com\/duchiadeandre"],"url":"https:\/\/latamjournalismreview.org\/es\/articles\/author\/andre-duchiade\/"}]}},"_links":{"self":[{"href":"https:\/\/latamjournalismreview.org\/es\/wp-json\/wp\/v2\/posts\/78130","targetHints":{"allow":["GET"]}}],"collection":[{"href":"https:\/\/latamjournalismreview.org\/es\/wp-json\/wp\/v2\/posts"}],"about":[{"href":"https:\/\/latamjournalismreview.org\/es\/wp-json\/wp\/v2\/types\/post"}],"author":[{"embeddable":true,"href":"https:\/\/latamjournalismreview.org\/es\/wp-json\/wp\/v2\/users\/63"}],"replies":[{"embeddable":true,"href":"https:\/\/latamjournalismreview.org\/es\/wp-json\/wp\/v2\/comments?post=78130"}],"version-history":[{"count":11,"href":"https:\/\/latamjournalismreview.org\/es\/wp-json\/wp\/v2\/posts\/78130\/revisions"}],"predecessor-version":[{"id":78174,"href":"https:\/\/latamjournalismreview.org\/es\/wp-json\/wp\/v2\/posts\/78130\/revisions\/78174"}],"wp:featuredmedia":[{"embeddable":true,"href":"https:\/\/latamjournalismreview.org\/es\/wp-json\/wp\/v2\/media\/78108"}],"wp:attachment":[{"href":"https:\/\/latamjournalismreview.org\/es\/wp-json\/wp\/v2\/media?parent=78130"}],"wp:term":[{"taxonomy":"category","embeddable":true,"href":"https:\/\/latamjournalismreview.org\/es\/wp-json\/wp\/v2\/categories?post=78130"},{"taxonomy":"post_tag","embeddable":true,"href":"https:\/\/latamjournalismreview.org\/es\/wp-json\/wp\/v2\/tags?post=78130"},{"taxonomy":"author","embeddable":true,"href":"https:\/\/latamjournalismreview.org\/es\/wp-json\/wp\/v2\/coauthors?post=78130"}],"curies":[{"name":"wp","href":"https:\/\/api.w.org\/{rel}","templated":true}]}}