{"id":78579,"date":"2023-08-08T19:25:41","date_gmt":"2023-08-09T00:25:41","guid":{"rendered":"https:\/\/latamjournalismreview.org\/?p=78579"},"modified":"2023-08-08T21:08:06","modified_gmt":"2023-08-09T02:08:06","slug":"los-periodistas-brasilenos-no-se-intimidaron-frente-a-los-ataques-de-bolsonaro-segun-estudio","status":"publish","type":"post","link":"https:\/\/latamjournalismreview.org\/es\/articles\/los-periodistas-brasilenos-no-se-intimidaron-frente-a-los-ataques-de-bolsonaro-segun-estudio\/","title":{"rendered":"Periodistas brasile\u00f1os no se intimidaron frente a los ataques de Bolsonaro, seg\u00fan estudio"},"content":{"rendered":"<p><a href=\"https:\/\/www1.folha.uol.com.br\/poder\/2022\/03\/ataques-a-imprensa-avancam-no-brasil-aponta-relatorio-bolsonaro-lidera-em-ofensas.shtml\" target=\"_blank\" rel=\"noopener noreferrer\"><u>Recurrentes<\/u><\/a> y\u00a0<a href=\"http:\/\/dw.com\/pt-br\/os-ataques-de-bolsonaro-a-jornalistas-mulheres\/a-63142932\" target=\"_blank\" rel=\"noopener noreferrer\"><u>torpes<\/u><\/a>, los ataques del expresidente Jair Bolsonaro contra periodistas durante sus cuatro a\u00f1os en la Presidencia de Brasil no sirvieron para intimidar ni reducir la cobertura de su gobierno por la prensa brasile\u00f1a. En lugar de achicarse, los periodistas de ese pa\u00eds percibieron en los ataques un motivo para poner \u201cm\u00e1s gasolina\u201d a sus oficios, en una demostraci\u00f3n de resiliencia.<\/p>\n<p dir=\"ltr\">Estos son algunos de los hallazgos del estudio <a href=\"https:\/\/journals.sagepub.com\/doi\/full\/10.1177\/19401612231182618\" target=\"_blank\" rel=\"noopener noreferrer\"><u>\u201cAttacks against journalists in Brazil: Catalyzing effects and resilience during Jair Bolsonaro\u2019s government\u201d<\/u><\/a> (\u201cAtaques contra periodistas en Brasil: Efectos catalizadores y resiliencia durante el gobierno de Jair Bolsonaro\u201d), publicado en julio en <a href=\"https:\/\/journals.sagepub.com\/home\/HIJ\" target=\"_blank\" rel=\"noopener noreferrer\"><u>The International Journal of Press\/Politics<\/u><\/a>, una reconocida revista cient\u00edfica de las \u00e1reas de prensa y pol\u00edtica, por un equipo de cinco investigadores de la Universidad de Texas en Austin.<\/p>\n<p dir=\"ltr\">En el art\u00edculo, el equipo emple\u00f3 una combinaci\u00f3n entre m\u00e9todos cuantitativos y cualitativos para averiguar cu\u00e1les fueron los efectos sobre la prensa de los ataques de Bolsonaro contra periodistas.<\/p>\n<p dir=\"ltr\">Entre las dos primeras hip\u00f3tesis del estudio \u2013 la Hip\u00f3tesis 1, \u201cUn aumento en los ataques contra periodistas lleva a una disminuci\u00f3n en la cobertura period\u00edstica sobre Jair Bolsonaro\u201d, y la Hip\u00f3tesis 2, \u201cUn aumento en los ataques contra periodistas lleva a un aumento en la cobertura period\u00edstica\u201d \u2013, ninguna se mostr\u00f3 comprobada, seg\u00fan el an\u00e1lisis cuantitativo.<\/p>\n<p dir=\"ltr\">Cuando pasaron al estudio cualitativo, a partir de entrevistas con 18 periodistas personalmente atacados por el expresidente y por sus aliados, sin embargo, se verific\u00f3 una mayor disposici\u00f3n para el trabajo como reacci\u00f3n.<\/p>\n<p dir=\"ltr\">\u201cVarios periodistas usaron la palabra \u2018gasolina\u2019 para articular su reacci\u00f3n a los ataques, que catalizaron la cobertura en vez de enfriarla\u201d, dijeron los autores. \u201cEl objetivo de Bolsonaro de silenciar periodistas por medio de ataques no parece funcionar. En cambio, estos no est\u00e1n retrocediendo\u201d.<\/p>\n<p dir=\"ltr\">El resultado contradice la expectativa inicial de los investigadores, que, seg\u00fan la bibliograf\u00eda de contextos similares, afirman, ellos cre\u00edan que la ret\u00f3rica agresiva del presidente pudiera tener un\u00a0<i>chilling effect<\/i> - es decir, un efecto de intimidaci\u00f3n - sobre la prensa. En vez, se constat\u00f3 \u201cefectos catalizadores\u201d.<\/p>\n<p dir=\"ltr\">El principal autor del art\u00edculo, el estudiante de doctorado de la Escuela de Periodismo y Medios de la Universidad de Texas en Austin Jo\u00e3o V. S. Ozawa, clasific\u00f3 los resultados como \u201csorprendentes desde el punto de vista te\u00f3rico y tambi\u00e9n personal\u201d.<\/p>\n<p dir=\"ltr\">Seg\u00fan dijo Ozawa a la\u00a0<strong>LatAm Journalism Review (LJR)<\/strong>, \u201caunque la democracia en Brasil es fallida y para unos pocos, esta mostr\u00f3 resiliencia. Este estudio me hizo sentir todav\u00eda m\u00e1s admiraci\u00f3n por el periodismo brasile\u00f1o\u201d.<\/p>\n<p dir=\"ltr\">El art\u00edculo fue escrito por Ozawa (autor principal), junto con los profesores Josephine Lukito, Anita Varma y Rosental Alves (tambi\u00e9n director del Centro Knight para el periodismo en las Am\u00e9ricas, que publica <strong>LJR<\/strong>), de la Universidad de Texas en Austin, y Taeyoung Lee, exestudiante de doctorado de la misma instituci\u00f3n y hoy profesora de la Universidad de Houston.<\/p>\n<h3 id=\"e846a633f0244f35af665b39ee5d18336\" dir=\"ltr\">Investigaci\u00f3n cuantitativa<\/h3>\n<p dir=\"ltr\">Seg\u00fan Ozawa, la idea del art\u00edculo surgi\u00f3 cuando \u00e9l y Lee eran alumnos de un curso de Lukito sobre el uso de m\u00e9todos combinados para el estudio del periodismo.<\/p>\n<p dir=\"ltr\">En la parte cuantitativa, los investigadores emplearon primero datos presentes en el\u00a0<a href=\"https:\/\/fenaj.org.br\/ataques-diretos-a-jornalistas-aumentaram-em-2022-aponta-relatorio-da-fenaj\/\" target=\"_blank\" rel=\"noopener noreferrer\"><u>Informe de la Violencia Contra Periodistas y Libertad de Prensa en Brasil<\/u><\/a> de 2019 y 2020, de la Federaci\u00f3n Nacional de Periodistas (Fenaj, por su acr\u00f3nimo en portugu\u00e9s), que contabiliza ataques contra la prensa.<\/p>\n<p dir=\"ltr\">Se sumaron a esos datos una base de mensajes de propaganda provenientes de cuentas p\u00fablicas en Facebook y en Twitter de asociados a Bolsonaro, miembros de su familia, pol\u00edticos de extrema derecha y otros afiliados, que el estudio clasifica como \u201cGabinete del Odio\u201d.<\/p>\n<p dir=\"ltr\">Luego, los investigadores cruzaron los ataques y la propaganda con publicaciones en el mismo periodo de cuatro medios: el sitio G1, el portal UOL, el sitio de izquierda Brasil 24\/7 y el sitio de la revista progresista Carta Capital. Fueron encontradas 20.998 publicaciones relevantes.<\/p>\n<p dir=\"ltr\">El an\u00e1lisis comparativo no mostr\u00f3 correlaci\u00f3n o causalidad entre los ataques y cambios de la cobertura. Por otro lado, los resultados indican que un aumento de la propaganda tendi\u00f3 a llevar a un aumento en la cobertura de noticias, y tambi\u00e9n que un aumento de la propaganda llev\u00f3 a un aumento de ataques contra periodistas.<\/p>\n<p dir=\"ltr\">Es decir, aunque los ataques de Bolsonaro directamente no hayan llevado a una mayor o menor cobertura, los mensajes ofensivos publicados en redes sociales s\u00ed tuvieron correlaci\u00f3n con m\u00e1s ataques contra la prensa, y tambi\u00e9n con una cobertura intensificada.<\/p>\n<h3 id=\"e06700dab8a00afd8334c5c6a28c0b8a6\" dir=\"ltr\">Dificultades estructurales de la prensa<\/h3>\n<p dir=\"ltr\">En la segunda fase del estudio, fueron contactados 80 periodistas que fueron atacados por Bolsonaro para entrevistas individuales, y 18 accedieron a participar.<\/p>\n<p dir=\"ltr\">En sus respuestas, los periodistas citaron cuatro principales dimensiones de sus oficios durante el gobierno Bolsonaro: 1) Restricciones estructurales a la libertad de prensa; 2) Una creciente mentalidad de \u201cnosotros contra ellos\u201d; 3) Su persistencia en respuesta a los ataques; 4) Las necesidades de una infraestructura solidaria para apoyar a los periodistas bajo ataque.<\/p>\n<p dir=\"ltr\">En relaci\u00f3n al primer \u00edtem, algunos entrevistados citaron \u201cla concentraci\u00f3n de poder pol\u00edtico, econ\u00f3mico y medi\u00e1tico\u201d en Brasil como un obst\u00e1culo para el trabajo, observando que \u201cel poder pol\u00edtico est\u00e1 muy cercano a la propiedad de los medios\u201d.<\/p>\n<p dir=\"ltr\">Esto, seg\u00fan algunos entrevistados, fue un desaf\u00edo mayor al trabajo que los ataques de Bolsonaro.<\/p>\n<p dir=\"ltr\">\u201cGeneralmente, la l\u00ednea editorial es fuertemente influenciada por la pol\u00edtica y por las personas que est\u00e1n en la pol\u00edtica, si esas personas est\u00e1n ocupando un cargo gubernamental o no\u201d, dijo uno de los entrevistados \u2013 que, as\u00ed como los dem\u00e1s, habl\u00f3 bajo anonimato.<\/p>\n<p dir=\"ltr\">A pesar de ello y de la emergencia de una mentalidad adversarial en la sociedad, los periodistas, seg\u00fan el estudio, \u201chablaron con vehemencia y consistencia contra la autocensura, caracteriz\u00e1ndola como una \u2018enfermedad del periodismo\u2019 y describiendo su autovigilancia contra permitir que la autocensura insidiosa se infiltre en su trabajo\u201d.<\/p>\n<p dir=\"ltr\">En palabras de una de las entrevistadas, \u201ces exactamente eso lo que ellos quieren, que los periodistas tengan miedo, sean acorralados. Todos esos ataques son para que eso suceda\u201d.<\/p>\n<p dir=\"ltr\">Por \u00faltimo, los periodistas entrevistados divergieron sobre el apoyo que recibieron. Mientras algunos citaron la precariedad de redes de apoyo, inclusive de sus empleadores, y muchos relataron gran estr\u00e9s mental, incluyendo s\u00edntomas t\u00edpicos de cuadros de depresi\u00f3n, otros dijeron contar con incentivos y comprensi\u00f3n de las organizaciones donde trabajaban y de sus empleadores.<\/p>\n<p dir=\"ltr\">En conclusi\u00f3n, los resultados sugieren que \u201clos hallazgos muestran la resiliencia de periodistas brasile\u00f1os en un momento de in\u00e9dita animosidad pol\u00edtica desde la redemocratizaci\u00f3n del pa\u00eds\u201d.<\/p>\n<p dir=\"ltr\">Una de las limitaciones del estudio, seg\u00fan el coautor Ozawa, es no tomar en consideraci\u00f3n el contenido de las noticias, ni tampoco de los tipos de ataques, sino solamente su volumen \u2013 lo que, seg\u00fan \u00e9l, debe servir como motivaci\u00f3n para investigaciones futuras.<\/p>\n<p dir=\"ltr\">Seg\u00fan la coautora Lukito, el estudio deja claras las ventajas de un abordaje h\u00edbrido que combine diferentes m\u00e9todos de investigaci\u00f3n para el estudio del periodismo.<\/p>\n<p dir=\"ltr\">\u201cEnfoques de m\u00e9todos mixtos que combinan an\u00e1lisis cuantitativos y cualitativos hacen el estudio del periodismo mucho m\u00e1s rico. Al hacer investigaciones en beneficio del periodismo y de los periodistas, debemos considerar todas las herramientas anal\u00edticas de nuestro repertorio y, muchas veces, eso significa combinar y mezclar m\u00e9todos\u201d, dijo la profesora a <strong>LJR<\/strong>.<\/p>\n<p>&nbsp;<\/p>\n<p><em>Banner y foto de portada: Valter Campanato\/Ag\u00eancia Brasil<\/em><\/p>\n","protected":false},"excerpt":{"rendered":"<p>Los ataques del ex presidente Jair Bolsonaro contra periodistas no redujeron la cobertura durante su mandato. En cambio, los periodistas usaron las cr\u00edticas como motivaci\u00f3n, seg\u00fan un estudio de investigadores de la Universidad de Texas publicado en The International Journal of Press\/Politics. Entrevistas con 18 periodistas blanco de ataques revelaron una determinaci\u00f3n reforzada, como evidencia de la resiliencia del periodismo brasile\u00f1o frente a adversidades<\/p>\n","protected":false},"author":63,"featured_media":78512,"comment_status":"closed","ping_status":"closed","sticky":false,"template":"","format":"standard","meta":{"inline_featured_image":false,"footnotes":""},"categories":[1225],"tags":[2214],"coauthors":[],"class_list":["post-78579","post","type-post","status-publish","format-standard","has-post-thumbnail","hentry","category-investigacion-academica-es","tag-libertad-de-prensa"],"acf":[],"yoast_head":"<!-- This site is optimized with the Yoast SEO Premium plugin v22.6 (Yoast SEO v27.4) - https:\/\/yoast.com\/product\/yoast-seo-premium-wordpress\/ -->\n<title>Periodistas brasile\u00f1os no se intimidaron frente a los ataques de Bolsonaro, seg\u00fan estudio - LatAm Journalism Review<\/title>\n<meta name=\"description\" content=\"Periodistas brasile\u00f1os no se intimidaron frente a los ataques de Bolsonaro, seg\u00fan estudio Investigaci\u00f3n acad\u00e9mica. Latin American Journalism Review by The Knight Center at The University of Texas at Austin.\" \/>\n<meta name=\"robots\" content=\"index, follow, max-snippet:-1, max-image-preview:large, max-video-preview:-1\" \/>\n<link rel=\"canonical\" href=\"https:\/\/latamjournalismreview.org\/es\/articles\/los-periodistas-brasilenos-no-se-intimidaron-frente-a-los-ataques-de-bolsonaro-segun-estudio\/\" \/>\n<meta property=\"og:locale\" content=\"es_ES\" \/>\n<meta property=\"og:type\" content=\"article\" \/>\n<meta property=\"og:title\" content=\"Periodistas brasile\u00f1os no se intimidaron frente a los ataques de Bolsonaro, seg\u00fan estudio\" \/>\n<meta property=\"og:description\" content=\"Periodistas brasile\u00f1os no se intimidaron frente a los ataques de Bolsonaro, seg\u00fan estudio Investigaci\u00f3n acad\u00e9mica. Latin American Journalism Review by The Knight Center at The University of Texas at Austin.\" \/>\n<meta property=\"og:url\" content=\"https:\/\/latamjournalismreview.org\/es\/articles\/los-periodistas-brasilenos-no-se-intimidaron-frente-a-los-ataques-de-bolsonaro-segun-estudio\/\" \/>\n<meta property=\"og:site_name\" content=\"LatAm Journalism Review\" \/>\n<meta property=\"article:published_time\" content=\"2023-08-09T00:25:41+00:00\" \/>\n<meta property=\"article:modified_time\" content=\"2023-08-09T02:08:06+00:00\" \/>\n<meta property=\"og:image\" content=\"https:\/\/latamjournalismreview.org\/wp-content\/uploads\/2023\/08\/Featured-Bolsonaro.png\" \/>\n\t<meta property=\"og:image:width\" content=\"507\" \/>\n\t<meta property=\"og:image:height\" content=\"340\" \/>\n\t<meta property=\"og:image:type\" content=\"image\/png\" \/>\n<meta name=\"author\" content=\"Andr\u00e9 Duchiade\" \/>\n<meta name=\"twitter:card\" content=\"summary_large_image\" \/>\n<meta name=\"twitter:creator\" content=\"@duchiadeandre\" \/>\n<meta name=\"twitter:site\" content=\"@LatAmJournalism\" \/>\n<meta name=\"twitter:label1\" content=\"Written by\" \/>\n\t<meta name=\"twitter:data1\" content=\"Andr\u00e9 Duchiade\" \/>\n\t<meta name=\"twitter:label2\" content=\"Est. reading time\" \/>\n\t<meta name=\"twitter:data2\" content=\"6 minutos\" \/>\n<script type=\"application\/ld+json\" class=\"yoast-schema-graph\">{\"@context\":\"https:\\\/\\\/schema.org\",\"@graph\":[{\"@type\":\"Article\",\"@id\":\"https:\\\/\\\/latamjournalismreview.org\\\/es\\\/articles\\\/los-periodistas-brasilenos-no-se-intimidaron-frente-a-los-ataques-de-bolsonaro-segun-estudio\\\/#article\",\"isPartOf\":{\"@id\":\"https:\\\/\\\/latamjournalismreview.org\\\/es\\\/articles\\\/los-periodistas-brasilenos-no-se-intimidaron-frente-a-los-ataques-de-bolsonaro-segun-estudio\\\/\"},\"author\":{\"name\":\"Andr\u00e9 Duchiade\",\"@id\":\"https:\\\/\\\/latamjournalismreview.org\\\/es\\\/#\\\/schema\\\/person\\\/4a1fa2e1f971d8470c7b9fc6fe72468b\"},\"headline\":\"Periodistas brasile\u00f1os no se intimidaron frente a los ataques de Bolsonaro, seg\u00fan estudio\",\"datePublished\":\"2023-08-09T00:25:41+00:00\",\"dateModified\":\"2023-08-09T02:08:06+00:00\",\"mainEntityOfPage\":{\"@id\":\"https:\\\/\\\/latamjournalismreview.org\\\/es\\\/articles\\\/los-periodistas-brasilenos-no-se-intimidaron-frente-a-los-ataques-de-bolsonaro-segun-estudio\\\/\"},\"wordCount\":1296,\"publisher\":{\"@id\":\"https:\\\/\\\/latamjournalismreview.org\\\/es\\\/#organization\"},\"image\":{\"@id\":\"https:\\\/\\\/latamjournalismreview.org\\\/es\\\/articles\\\/los-periodistas-brasilenos-no-se-intimidaron-frente-a-los-ataques-de-bolsonaro-segun-estudio\\\/#primaryimage\"},\"thumbnailUrl\":\"https:\\\/\\\/latamjournalismreview.org\\\/wp-content\\\/uploads\\\/2023\\\/08\\\/Featured-Bolsonaro.png\",\"keywords\":[\"Libertad de prensa\"],\"articleSection\":[\"Investigaci\u00f3n acad\u00e9mica\"],\"inLanguage\":\"es\"},{\"@type\":\"WebPage\",\"@id\":\"https:\\\/\\\/latamjournalismreview.org\\\/es\\\/articles\\\/los-periodistas-brasilenos-no-se-intimidaron-frente-a-los-ataques-de-bolsonaro-segun-estudio\\\/\",\"url\":\"https:\\\/\\\/latamjournalismreview.org\\\/es\\\/articles\\\/los-periodistas-brasilenos-no-se-intimidaron-frente-a-los-ataques-de-bolsonaro-segun-estudio\\\/\",\"name\":\"Periodistas brasile\u00f1os no se intimidaron frente a los ataques de Bolsonaro, seg\u00fan estudio - LatAm Journalism Review\",\"isPartOf\":{\"@id\":\"https:\\\/\\\/latamjournalismreview.org\\\/es\\\/#website\"},\"primaryImageOfPage\":{\"@id\":\"https:\\\/\\\/latamjournalismreview.org\\\/es\\\/articles\\\/los-periodistas-brasilenos-no-se-intimidaron-frente-a-los-ataques-de-bolsonaro-segun-estudio\\\/#primaryimage\"},\"image\":{\"@id\":\"https:\\\/\\\/latamjournalismreview.org\\\/es\\\/articles\\\/los-periodistas-brasilenos-no-se-intimidaron-frente-a-los-ataques-de-bolsonaro-segun-estudio\\\/#primaryimage\"},\"thumbnailUrl\":\"https:\\\/\\\/latamjournalismreview.org\\\/wp-content\\\/uploads\\\/2023\\\/08\\\/Featured-Bolsonaro.png\",\"datePublished\":\"2023-08-09T00:25:41+00:00\",\"dateModified\":\"2023-08-09T02:08:06+00:00\",\"description\":\"Periodistas brasile\u00f1os no se intimidaron frente a los ataques de Bolsonaro, seg\u00fan estudio Investigaci\u00f3n acad\u00e9mica. Latin American Journalism Review by The Knight Center at The University of Texas at Austin.\",\"breadcrumb\":{\"@id\":\"https:\\\/\\\/latamjournalismreview.org\\\/es\\\/articles\\\/los-periodistas-brasilenos-no-se-intimidaron-frente-a-los-ataques-de-bolsonaro-segun-estudio\\\/#breadcrumb\"},\"inLanguage\":\"es\",\"potentialAction\":[{\"@type\":\"ReadAction\",\"target\":[\"https:\\\/\\\/latamjournalismreview.org\\\/es\\\/articles\\\/los-periodistas-brasilenos-no-se-intimidaron-frente-a-los-ataques-de-bolsonaro-segun-estudio\\\/\"]}]},{\"@type\":\"ImageObject\",\"inLanguage\":\"es\",\"@id\":\"https:\\\/\\\/latamjournalismreview.org\\\/es\\\/articles\\\/los-periodistas-brasilenos-no-se-intimidaron-frente-a-los-ataques-de-bolsonaro-segun-estudio\\\/#primaryimage\",\"url\":\"https:\\\/\\\/latamjournalismreview.org\\\/wp-content\\\/uploads\\\/2023\\\/08\\\/Featured-Bolsonaro.png\",\"contentUrl\":\"https:\\\/\\\/latamjournalismreview.org\\\/wp-content\\\/uploads\\\/2023\\\/08\\\/Featured-Bolsonaro.png\",\"width\":507,\"height\":340,\"caption\":\"Former Brazilian president Jair Bolsonaro, wearing a suit and a blue tie, in front of microphones from journalists\"},{\"@type\":\"BreadcrumbList\",\"@id\":\"https:\\\/\\\/latamjournalismreview.org\\\/es\\\/articles\\\/los-periodistas-brasilenos-no-se-intimidaron-frente-a-los-ataques-de-bolsonaro-segun-estudio\\\/#breadcrumb\",\"itemListElement\":[{\"@type\":\"ListItem\",\"position\":1,\"name\":\"Home\",\"item\":\"https:\\\/\\\/latamjournalismreview.org\\\/es\\\/\"},{\"@type\":\"ListItem\",\"position\":2,\"name\":\"Periodistas brasile\u00f1os no se intimidaron frente a los ataques de Bolsonaro, seg\u00fan estudio\"}]},{\"@type\":\"WebSite\",\"@id\":\"https:\\\/\\\/latamjournalismreview.org\\\/es\\\/#website\",\"url\":\"https:\\\/\\\/latamjournalismreview.org\\\/es\\\/\",\"name\":\"LatAm Journalism Review\",\"description\":\"Knight Center at The University of Texas\",\"publisher\":{\"@id\":\"https:\\\/\\\/latamjournalismreview.org\\\/es\\\/#organization\"},\"potentialAction\":[{\"@type\":\"SearchAction\",\"target\":{\"@type\":\"EntryPoint\",\"urlTemplate\":\"https:\\\/\\\/latamjournalismreview.org\\\/es\\\/?s={search_term_string}\"},\"query-input\":{\"@type\":\"PropertyValueSpecification\",\"valueRequired\":true,\"valueName\":\"search_term_string\"}}],\"inLanguage\":\"es\"},{\"@type\":\"Organization\",\"@id\":\"https:\\\/\\\/latamjournalismreview.org\\\/es\\\/#organization\",\"name\":\"LatAm Journalism Review\",\"url\":\"https:\\\/\\\/latamjournalismreview.org\\\/es\\\/\",\"logo\":{\"@type\":\"ImageObject\",\"inLanguage\":\"es\",\"@id\":\"https:\\\/\\\/latamjournalismreview.org\\\/es\\\/#\\\/schema\\\/logo\\\/image\\\/\",\"url\":\"https:\\\/\\\/latamjournalismreview.org\\\/wp-content\\\/uploads\\\/2020\\\/05\\\/knight-latAm-review-logo.svg\",\"contentUrl\":\"https:\\\/\\\/latamjournalismreview.org\\\/wp-content\\\/uploads\\\/2020\\\/05\\\/knight-latAm-review-logo.svg\",\"width\":\"1024\",\"height\":\"1024\",\"caption\":\"LatAm Journalism Review\"},\"image\":{\"@id\":\"https:\\\/\\\/latamjournalismreview.org\\\/es\\\/#\\\/schema\\\/logo\\\/image\\\/\"},\"sameAs\":[\"https:\\\/\\\/x.com\\\/LatAmJournalism\"]},{\"@type\":\"Person\",\"@id\":\"https:\\\/\\\/latamjournalismreview.org\\\/es\\\/#\\\/schema\\\/person\\\/4a1fa2e1f971d8470c7b9fc6fe72468b\",\"name\":\"Andr\u00e9 Duchiade\",\"description\":\"Andr\u00e9 Duchiade is a Brazilian journalist and translator based in Rio de Janeiro. Andr\u00e9 worked on the international politics desk at O Globo from 2018 to February 2023, and his stories have been published at The Scientific American, The Intercept, \u00c9poca, and Ag\u00eancia P\u00fablica de Jornalismo, among others. He is also a former Media Fellow at the Global Public Policy Institute (GPPi) in Berlin. Andr\u00e9 Duchiade es un periodista y traductor brasile\u00f1o que vive en R\u00edo de Janeiro. Andr\u00e9 trabaj\u00f3 en la redacci\u00f3n de pol\u00edtica internacional de O Globo entre 2018 y febrero de 2023, y se han publicado historias suyas en The Scientific American, The Intercept, \u00c9poca y Ag\u00eancia P\u00fablica de Jornalismo, entre otros. Tambi\u00e9n fue Media Fellow en el Global Public Policy Institute (GPPi) de Berl\u00edn. Andr\u00e9 Duchiade \u00e9 um jornalista e tradutor brasileiro que mora no Rio de Janeiro. Andr\u00e9 trabalhou como rep\u00f3rter na editoria de pol\u00edtica internacional de O Globo entre 2018 e fevereiro de 2023, e suas mat\u00e9ria foram publicadas em The Scientific American, The Intercept, \u00c9poca, Jornal do Brasil e Ag\u00eancia P\u00fablica de Jornalismo, entre outros. Ele tamb\u00e9m foi fellow de m\u00eddia no Global Public Policy Institute (GPPi) em Berlim em 2020 e 2021.\",\"sameAs\":[\"https:\\\/\\\/x.com\\\/duchiadeandre\"],\"url\":\"https:\\\/\\\/latamjournalismreview.org\\\/es\\\/articles\\\/author\\\/andre-duchiade\\\/\"}]}<\/script>\n<!-- \/ Yoast SEO Premium plugin. -->","yoast_head_json":{"title":"Periodistas brasile\u00f1os no se intimidaron frente a los ataques de Bolsonaro, seg\u00fan estudio - LatAm Journalism Review","description":"Periodistas brasile\u00f1os no se intimidaron frente a los ataques de Bolsonaro, seg\u00fan estudio Investigaci\u00f3n acad\u00e9mica. Latin American Journalism Review by The Knight Center at The University of Texas at Austin.","robots":{"index":"index","follow":"follow","max-snippet":"max-snippet:-1","max-image-preview":"max-image-preview:large","max-video-preview":"max-video-preview:-1"},"canonical":"https:\/\/latamjournalismreview.org\/es\/articles\/los-periodistas-brasilenos-no-se-intimidaron-frente-a-los-ataques-de-bolsonaro-segun-estudio\/","og_locale":"es_ES","og_type":"article","og_title":"Periodistas brasile\u00f1os no se intimidaron frente a los ataques de Bolsonaro, seg\u00fan estudio","og_description":"Periodistas brasile\u00f1os no se intimidaron frente a los ataques de Bolsonaro, seg\u00fan estudio Investigaci\u00f3n acad\u00e9mica. Latin American Journalism Review by The Knight Center at The University of Texas at Austin.","og_url":"https:\/\/latamjournalismreview.org\/es\/articles\/los-periodistas-brasilenos-no-se-intimidaron-frente-a-los-ataques-de-bolsonaro-segun-estudio\/","og_site_name":"LatAm Journalism Review","article_published_time":"2023-08-09T00:25:41+00:00","article_modified_time":"2023-08-09T02:08:06+00:00","og_image":[{"width":507,"height":340,"url":"https:\/\/latamjournalismreview.org\/wp-content\/uploads\/2023\/08\/Featured-Bolsonaro.png","type":"image\/png"}],"author":"Andr\u00e9 Duchiade","twitter_card":"summary_large_image","twitter_creator":"@duchiadeandre","twitter_site":"@LatAmJournalism","twitter_misc":{"Written by":"Andr\u00e9 Duchiade","Est. reading time":"6 minutos"},"schema":{"@context":"https:\/\/schema.org","@graph":[{"@type":"Article","@id":"https:\/\/latamjournalismreview.org\/es\/articles\/los-periodistas-brasilenos-no-se-intimidaron-frente-a-los-ataques-de-bolsonaro-segun-estudio\/#article","isPartOf":{"@id":"https:\/\/latamjournalismreview.org\/es\/articles\/los-periodistas-brasilenos-no-se-intimidaron-frente-a-los-ataques-de-bolsonaro-segun-estudio\/"},"author":{"name":"Andr\u00e9 Duchiade","@id":"https:\/\/latamjournalismreview.org\/es\/#\/schema\/person\/4a1fa2e1f971d8470c7b9fc6fe72468b"},"headline":"Periodistas brasile\u00f1os no se intimidaron frente a los ataques de Bolsonaro, seg\u00fan estudio","datePublished":"2023-08-09T00:25:41+00:00","dateModified":"2023-08-09T02:08:06+00:00","mainEntityOfPage":{"@id":"https:\/\/latamjournalismreview.org\/es\/articles\/los-periodistas-brasilenos-no-se-intimidaron-frente-a-los-ataques-de-bolsonaro-segun-estudio\/"},"wordCount":1296,"publisher":{"@id":"https:\/\/latamjournalismreview.org\/es\/#organization"},"image":{"@id":"https:\/\/latamjournalismreview.org\/es\/articles\/los-periodistas-brasilenos-no-se-intimidaron-frente-a-los-ataques-de-bolsonaro-segun-estudio\/#primaryimage"},"thumbnailUrl":"https:\/\/latamjournalismreview.org\/wp-content\/uploads\/2023\/08\/Featured-Bolsonaro.png","keywords":["Libertad de prensa"],"articleSection":["Investigaci\u00f3n acad\u00e9mica"],"inLanguage":"es"},{"@type":"WebPage","@id":"https:\/\/latamjournalismreview.org\/es\/articles\/los-periodistas-brasilenos-no-se-intimidaron-frente-a-los-ataques-de-bolsonaro-segun-estudio\/","url":"https:\/\/latamjournalismreview.org\/es\/articles\/los-periodistas-brasilenos-no-se-intimidaron-frente-a-los-ataques-de-bolsonaro-segun-estudio\/","name":"Periodistas brasile\u00f1os no se intimidaron frente a los ataques de Bolsonaro, seg\u00fan estudio - LatAm Journalism Review","isPartOf":{"@id":"https:\/\/latamjournalismreview.org\/es\/#website"},"primaryImageOfPage":{"@id":"https:\/\/latamjournalismreview.org\/es\/articles\/los-periodistas-brasilenos-no-se-intimidaron-frente-a-los-ataques-de-bolsonaro-segun-estudio\/#primaryimage"},"image":{"@id":"https:\/\/latamjournalismreview.org\/es\/articles\/los-periodistas-brasilenos-no-se-intimidaron-frente-a-los-ataques-de-bolsonaro-segun-estudio\/#primaryimage"},"thumbnailUrl":"https:\/\/latamjournalismreview.org\/wp-content\/uploads\/2023\/08\/Featured-Bolsonaro.png","datePublished":"2023-08-09T00:25:41+00:00","dateModified":"2023-08-09T02:08:06+00:00","description":"Periodistas brasile\u00f1os no se intimidaron frente a los ataques de Bolsonaro, seg\u00fan estudio Investigaci\u00f3n acad\u00e9mica. Latin American Journalism Review by The Knight Center at The University of Texas at Austin.","breadcrumb":{"@id":"https:\/\/latamjournalismreview.org\/es\/articles\/los-periodistas-brasilenos-no-se-intimidaron-frente-a-los-ataques-de-bolsonaro-segun-estudio\/#breadcrumb"},"inLanguage":"es","potentialAction":[{"@type":"ReadAction","target":["https:\/\/latamjournalismreview.org\/es\/articles\/los-periodistas-brasilenos-no-se-intimidaron-frente-a-los-ataques-de-bolsonaro-segun-estudio\/"]}]},{"@type":"ImageObject","inLanguage":"es","@id":"https:\/\/latamjournalismreview.org\/es\/articles\/los-periodistas-brasilenos-no-se-intimidaron-frente-a-los-ataques-de-bolsonaro-segun-estudio\/#primaryimage","url":"https:\/\/latamjournalismreview.org\/wp-content\/uploads\/2023\/08\/Featured-Bolsonaro.png","contentUrl":"https:\/\/latamjournalismreview.org\/wp-content\/uploads\/2023\/08\/Featured-Bolsonaro.png","width":507,"height":340,"caption":"Former Brazilian president Jair Bolsonaro, wearing a suit and a blue tie, in front of microphones from journalists"},{"@type":"BreadcrumbList","@id":"https:\/\/latamjournalismreview.org\/es\/articles\/los-periodistas-brasilenos-no-se-intimidaron-frente-a-los-ataques-de-bolsonaro-segun-estudio\/#breadcrumb","itemListElement":[{"@type":"ListItem","position":1,"name":"Home","item":"https:\/\/latamjournalismreview.org\/es\/"},{"@type":"ListItem","position":2,"name":"Periodistas brasile\u00f1os no se intimidaron frente a los ataques de Bolsonaro, seg\u00fan estudio"}]},{"@type":"WebSite","@id":"https:\/\/latamjournalismreview.org\/es\/#website","url":"https:\/\/latamjournalismreview.org\/es\/","name":"LatAm Journalism Review","description":"Knight Center at The University of Texas","publisher":{"@id":"https:\/\/latamjournalismreview.org\/es\/#organization"},"potentialAction":[{"@type":"SearchAction","target":{"@type":"EntryPoint","urlTemplate":"https:\/\/latamjournalismreview.org\/es\/?s={search_term_string}"},"query-input":{"@type":"PropertyValueSpecification","valueRequired":true,"valueName":"search_term_string"}}],"inLanguage":"es"},{"@type":"Organization","@id":"https:\/\/latamjournalismreview.org\/es\/#organization","name":"LatAm Journalism Review","url":"https:\/\/latamjournalismreview.org\/es\/","logo":{"@type":"ImageObject","inLanguage":"es","@id":"https:\/\/latamjournalismreview.org\/es\/#\/schema\/logo\/image\/","url":"https:\/\/latamjournalismreview.org\/wp-content\/uploads\/2020\/05\/knight-latAm-review-logo.svg","contentUrl":"https:\/\/latamjournalismreview.org\/wp-content\/uploads\/2020\/05\/knight-latAm-review-logo.svg","width":"1024","height":"1024","caption":"LatAm Journalism Review"},"image":{"@id":"https:\/\/latamjournalismreview.org\/es\/#\/schema\/logo\/image\/"},"sameAs":["https:\/\/x.com\/LatAmJournalism"]},{"@type":"Person","@id":"https:\/\/latamjournalismreview.org\/es\/#\/schema\/person\/4a1fa2e1f971d8470c7b9fc6fe72468b","name":"Andr\u00e9 Duchiade","description":"Andr\u00e9 Duchiade is a Brazilian journalist and translator based in Rio de Janeiro. Andr\u00e9 worked on the international politics desk at O Globo from 2018 to February 2023, and his stories have been published at The Scientific American, The Intercept, \u00c9poca, and Ag\u00eancia P\u00fablica de Jornalismo, among others. He is also a former Media Fellow at the Global Public Policy Institute (GPPi) in Berlin. Andr\u00e9 Duchiade es un periodista y traductor brasile\u00f1o que vive en R\u00edo de Janeiro. Andr\u00e9 trabaj\u00f3 en la redacci\u00f3n de pol\u00edtica internacional de O Globo entre 2018 y febrero de 2023, y se han publicado historias suyas en The Scientific American, The Intercept, \u00c9poca y Ag\u00eancia P\u00fablica de Jornalismo, entre otros. Tambi\u00e9n fue Media Fellow en el Global Public Policy Institute (GPPi) de Berl\u00edn. Andr\u00e9 Duchiade \u00e9 um jornalista e tradutor brasileiro que mora no Rio de Janeiro. Andr\u00e9 trabalhou como rep\u00f3rter na editoria de pol\u00edtica internacional de O Globo entre 2018 e fevereiro de 2023, e suas mat\u00e9ria foram publicadas em The Scientific American, The Intercept, \u00c9poca, Jornal do Brasil e Ag\u00eancia P\u00fablica de Jornalismo, entre outros. Ele tamb\u00e9m foi fellow de m\u00eddia no Global Public Policy Institute (GPPi) em Berlim em 2020 e 2021.","sameAs":["https:\/\/x.com\/duchiadeandre"],"url":"https:\/\/latamjournalismreview.org\/es\/articles\/author\/andre-duchiade\/"}]}},"_links":{"self":[{"href":"https:\/\/latamjournalismreview.org\/es\/wp-json\/wp\/v2\/posts\/78579","targetHints":{"allow":["GET"]}}],"collection":[{"href":"https:\/\/latamjournalismreview.org\/es\/wp-json\/wp\/v2\/posts"}],"about":[{"href":"https:\/\/latamjournalismreview.org\/es\/wp-json\/wp\/v2\/types\/post"}],"author":[{"embeddable":true,"href":"https:\/\/latamjournalismreview.org\/es\/wp-json\/wp\/v2\/users\/63"}],"replies":[{"embeddable":true,"href":"https:\/\/latamjournalismreview.org\/es\/wp-json\/wp\/v2\/comments?post=78579"}],"version-history":[{"count":5,"href":"https:\/\/latamjournalismreview.org\/es\/wp-json\/wp\/v2\/posts\/78579\/revisions"}],"predecessor-version":[{"id":78588,"href":"https:\/\/latamjournalismreview.org\/es\/wp-json\/wp\/v2\/posts\/78579\/revisions\/78588"}],"wp:featuredmedia":[{"embeddable":true,"href":"https:\/\/latamjournalismreview.org\/es\/wp-json\/wp\/v2\/media\/78512"}],"wp:attachment":[{"href":"https:\/\/latamjournalismreview.org\/es\/wp-json\/wp\/v2\/media?parent=78579"}],"wp:term":[{"taxonomy":"category","embeddable":true,"href":"https:\/\/latamjournalismreview.org\/es\/wp-json\/wp\/v2\/categories?post=78579"},{"taxonomy":"post_tag","embeddable":true,"href":"https:\/\/latamjournalismreview.org\/es\/wp-json\/wp\/v2\/tags?post=78579"},{"taxonomy":"author","embeddable":true,"href":"https:\/\/latamjournalismreview.org\/es\/wp-json\/wp\/v2\/coauthors?post=78579"}],"curies":[{"name":"wp","href":"https:\/\/api.w.org\/{rel}","templated":true}]}}