{"id":7908,"date":"2019-03-14T13:47:15","date_gmt":"2019-03-14T18:47:15","guid":{"rendered":"https:\/\/live-lajr.pantheonsite.io\/articles\/se-abren-postulaciones-para-la-7a-edicion-del-premio-gabo-que-reconoce-lo-mejor-del-periodismo-iberoamericano\/"},"modified":"2020-06-22T09:22:00","modified_gmt":"2020-06-22T14:22:00","slug":"se-abren-postulaciones-para-la-7a-edicion-del-premio-gabo-que-reconoce-lo-mejor-del-periodismo-iberoamericano","status":"publish","type":"post","link":"https:\/\/latamjournalismreview.org\/es\/articles\/se-abren-postulaciones-para-la-7a-edicion-del-premio-gabo-que-reconoce-lo-mejor-del-periodismo-iberoamericano\/","title":{"rendered":"Se abren postulaciones para la 7\u00aa edici\u00f3n del Premio Gabo que reconoce lo mejor del periodismo iberoamericano"},"content":{"rendered":"<p>La Fundaci\u00f3n Gabriel Garc\u00eda M\u00e1rquez para el Nuevo Periodismo Iberoamericano (FNPI) <a href=\"https:\/\/premioggm.org\/noticias\/2019\/03\/postula-al-premio-gabo-2019\/\" target=\"_blank\" rel=\"noopener noreferrer\">abri\u00f3 las postulaciones para el Premio Gabo 2019<\/a>, que reconoce las mejores obras period\u00edsticas de Iberoam\u00e9rica.<\/p>\n<div style=\"width: 400px; font-size: 80%; text-align: left; float: right; padding-left: 10px; padding-right: 10px;\">\n<div style=\"width: 3970px\" class=\"wp-caption alignnone\"><img loading=\"lazy\" decoding=\"async\" style=\"width: 400px;\" src=\"https:\/\/farm8.staticflickr.com\/7871\/32437934267_e28231335f_o.jpg\" alt=\"Ganadores del Premio Gabo 2018.\" width=\"3960\" height=\"2640\" \/><p class=\"wp-caption-text\">Ganadores del Premio Gabo 2018. (Foto:\u00a0David Estrada Larra\u00f1eta\/FNPI).<\/p><\/div>\n<\/div>\n<p>Los premios se otorgan en cuatro categor\u00edas: texto, imagen, cobertura e innovaci\u00f3n. El trabajo period\u00edstico debe haberse realizado entre el 1 de abril de 2018 y el 31 de marzo de 2019, y puede ser en espa\u00f1ol o portugu\u00e9s, seg\u00fan la FNPI.<\/p>\n<p>Los <a href=\"https:\/\/premiogabo.fundaciongabo.org\/\" target=\"_blank\" rel=\"noopener noreferrer\">postulantes tienen hasta el 23 de mayo para presentar su trabajo<\/a>.<\/p>\n<p>El trabajo pasar\u00e1 por tres rondas de evaluaci\u00f3n y los ganadores finales ser\u00e1n reconocidos durante el Festival Gabo 2019 en Medell\u00edn, Colombia, en octubre.<\/p>\n<p>Adem\u00e1s, habr\u00e1 otros dos reconocimientos que se otorgan en la ceremonia en Medell\u00edn que son el Premio Clemente Manuel Zabala, a un editor colombiano ejemplar, y el Reconocimiento a la Excelencia. Estos son elegidos por un panel de expertos y el consejo rector del premio, respectivamente.<\/p>\n<p>El Premio Gabo comenz\u00f3 en 2013 y est\u00e1 \u201cinspirado en los ideales y obra de Gabriel Garc\u00eda M\u00e1rquez\u201d. Los otorga la FNPI con el apoyo de la Alcald\u00eda de Medell\u00edn y los Grupos Bancolombia y SURA y sus filiales en Am\u00e9rica Latina.<\/p>\n<p>En 2018, trabajos de <a href=\"https:\/\/knightcenter.utexas.edu\/es\/blog\/00-20213-reportajes-y-periodistas-de-peru-argentina-colombia-venezuela-paraguay-y-espana-ganan-\" target=\"_blank\" rel=\"noopener noreferrer\">Per\u00fa, Argentina, Colombia, Venezuela, Paraguay y Espa\u00f1a fueron reconocidos con el Premio Gabo<\/a>. El Reconocimiento a la Excelencia fue para el periodista espa\u00f1ol Ignacio Escolar del sitio eldiario.es. El editor del peri\u00f3dico El Pa\u00eds de Cali, Diego Mart\u00ednez Lloredo, recibi\u00f3 el Premio Clemente Manuel Zabala.<\/p>\n","protected":false},"excerpt":{"rendered":"<p>La Fundaci\u00f3n Gabriel Garc\u00eda M\u00e1rquez para el Nuevo Periodismo Iberoamericano (FNPI) abri\u00f3 las postulaciones para el Premio Gabo 2019, que reconoce las mejores obras period\u00edsticas de Iberoam\u00e9rica.<\/p>\n","protected":false},"author":3,"featured_media":7906,"comment_status":"closed","ping_status":"closed","sticky":false,"template":"","format":"standard","meta":{"inline_featured_image":false,"footnotes":""},"categories":[1354],"tags":[1466],"coauthors":[],"class_list":["post-7908","post","type-post","status-publish","format-standard","has-post-thumbnail","hentry","category-premios-y-oportunidades-es","tag-coloquio-iberoamericano-es"],"acf":[],"yoast_head":"<!-- This site is optimized with the Yoast SEO Premium plugin v22.6 (Yoast SEO v27.4) - https:\/\/yoast.com\/product\/yoast-seo-premium-wordpress\/ -->\n<title>Se abren postulaciones para la 7\u00aa edici\u00f3n del Premio Gabo que reconoce lo mejor del periodismo iberoamericano - LatAm Journalism Review<\/title>\n<meta name=\"description\" content=\"Se abren postulaciones para la 7\u00aa edici\u00f3n del Premio Gabo que reconoce lo mejor del periodismo iberoamericano . Latin American Journalism Review by The Knight Center at The University of Texas at Austin.\" \/>\n<meta name=\"robots\" content=\"index, follow, max-snippet:-1, max-image-preview:large, max-video-preview:-1\" \/>\n<link rel=\"canonical\" href=\"https:\/\/latamjournalismreview.org\/es\/articles\/se-abren-postulaciones-para-la-7a-edicion-del-premio-gabo-que-reconoce-lo-mejor-del-periodismo-iberoamericano\/\" \/>\n<meta property=\"og:locale\" content=\"es_ES\" \/>\n<meta property=\"og:type\" content=\"article\" \/>\n<meta property=\"og:title\" content=\"Se abren postulaciones para la 7\u00aa edici\u00f3n del Premio Gabo que reconoce lo mejor del periodismo iberoamericano\" \/>\n<meta property=\"og:description\" content=\"Se abren postulaciones para la 7\u00aa edici\u00f3n del Premio Gabo que reconoce lo mejor del periodismo iberoamericano . Latin American Journalism Review by The Knight Center at The University of Texas at Austin.\" \/>\n<meta property=\"og:url\" content=\"https:\/\/latamjournalismreview.org\/es\/articles\/se-abren-postulaciones-para-la-7a-edicion-del-premio-gabo-que-reconoce-lo-mejor-del-periodismo-iberoamericano\/\" \/>\n<meta property=\"og:site_name\" content=\"LatAm Journalism Review\" \/>\n<meta property=\"article:published_time\" content=\"2019-03-14T18:47:15+00:00\" \/>\n<meta property=\"article:modified_time\" content=\"2020-06-22T14:22:00+00:00\" \/>\n<meta property=\"og:image\" content=\"https:\/\/latamjournalismreview.org\/wp-content\/uploads\/2020\/06\/Winners-of-the-2018-Gabo-Awards-Photo_David-Estrada-Larra\u00f1eta_FNPI.png\" \/>\n\t<meta property=\"og:image:width\" content=\"507\" \/>\n\t<meta property=\"og:image:height\" content=\"340\" \/>\n\t<meta property=\"og:image:type\" content=\"image\/png\" \/>\n<meta name=\"author\" content=\"Teresa Mioli\" \/>\n<meta name=\"twitter:card\" content=\"summary_large_image\" \/>\n<meta name=\"twitter:creator\" content=\"@TeresaMioli\" \/>\n<meta name=\"twitter:site\" content=\"@LatAmJournalism\" \/>\n<meta name=\"twitter:label1\" content=\"Written by\" \/>\n\t<meta name=\"twitter:data1\" content=\"Teresa Mioli\" \/>\n\t<meta name=\"twitter:label2\" content=\"Est. reading time\" \/>\n\t<meta name=\"twitter:data2\" content=\"1 minuto\" \/>\n<script type=\"application\/ld+json\" class=\"yoast-schema-graph\">{\"@context\":\"https:\\\/\\\/schema.org\",\"@graph\":[{\"@type\":\"Article\",\"@id\":\"https:\\\/\\\/latamjournalismreview.org\\\/es\\\/articles\\\/se-abren-postulaciones-para-la-7a-edicion-del-premio-gabo-que-reconoce-lo-mejor-del-periodismo-iberoamericano\\\/#article\",\"isPartOf\":{\"@id\":\"https:\\\/\\\/latamjournalismreview.org\\\/es\\\/articles\\\/se-abren-postulaciones-para-la-7a-edicion-del-premio-gabo-que-reconoce-lo-mejor-del-periodismo-iberoamericano\\\/\"},\"author\":{\"name\":\"Teresa Mioli\",\"@id\":\"https:\\\/\\\/latamjournalismreview.org\\\/es\\\/#\\\/schema\\\/person\\\/b83a4912f05c8178389e917d8d51de03\"},\"headline\":\"Se abren postulaciones para la 7\u00aa edici\u00f3n del Premio Gabo que reconoce lo mejor del periodismo iberoamericano\",\"datePublished\":\"2019-03-14T18:47:15+00:00\",\"dateModified\":\"2020-06-22T14:22:00+00:00\",\"mainEntityOfPage\":{\"@id\":\"https:\\\/\\\/latamjournalismreview.org\\\/es\\\/articles\\\/se-abren-postulaciones-para-la-7a-edicion-del-premio-gabo-que-reconoce-lo-mejor-del-periodismo-iberoamericano\\\/\"},\"wordCount\":293,\"publisher\":{\"@id\":\"https:\\\/\\\/latamjournalismreview.org\\\/es\\\/#organization\"},\"image\":{\"@id\":\"https:\\\/\\\/latamjournalismreview.org\\\/es\\\/articles\\\/se-abren-postulaciones-para-la-7a-edicion-del-premio-gabo-que-reconoce-lo-mejor-del-periodismo-iberoamericano\\\/#primaryimage\"},\"thumbnailUrl\":\"https:\\\/\\\/latamjournalismreview.org\\\/wp-content\\\/uploads\\\/2020\\\/06\\\/Winners-of-the-2018-Gabo-Awards-Photo_David-Estrada-Larra\u00f1eta_FNPI.png\",\"keywords\":[\"Coloquio Iberoamericano\"],\"articleSection\":[\"Premios y oportunidades\"],\"inLanguage\":\"es\"},{\"@type\":\"WebPage\",\"@id\":\"https:\\\/\\\/latamjournalismreview.org\\\/es\\\/articles\\\/se-abren-postulaciones-para-la-7a-edicion-del-premio-gabo-que-reconoce-lo-mejor-del-periodismo-iberoamericano\\\/\",\"url\":\"https:\\\/\\\/latamjournalismreview.org\\\/es\\\/articles\\\/se-abren-postulaciones-para-la-7a-edicion-del-premio-gabo-que-reconoce-lo-mejor-del-periodismo-iberoamericano\\\/\",\"name\":\"Se abren postulaciones para la 7\u00aa edici\u00f3n del Premio Gabo que reconoce lo mejor del periodismo iberoamericano - LatAm Journalism Review\",\"isPartOf\":{\"@id\":\"https:\\\/\\\/latamjournalismreview.org\\\/es\\\/#website\"},\"primaryImageOfPage\":{\"@id\":\"https:\\\/\\\/latamjournalismreview.org\\\/es\\\/articles\\\/se-abren-postulaciones-para-la-7a-edicion-del-premio-gabo-que-reconoce-lo-mejor-del-periodismo-iberoamericano\\\/#primaryimage\"},\"image\":{\"@id\":\"https:\\\/\\\/latamjournalismreview.org\\\/es\\\/articles\\\/se-abren-postulaciones-para-la-7a-edicion-del-premio-gabo-que-reconoce-lo-mejor-del-periodismo-iberoamericano\\\/#primaryimage\"},\"thumbnailUrl\":\"https:\\\/\\\/latamjournalismreview.org\\\/wp-content\\\/uploads\\\/2020\\\/06\\\/Winners-of-the-2018-Gabo-Awards-Photo_David-Estrada-Larra\u00f1eta_FNPI.png\",\"datePublished\":\"2019-03-14T18:47:15+00:00\",\"dateModified\":\"2020-06-22T14:22:00+00:00\",\"description\":\"Se abren postulaciones para la 7\u00aa edici\u00f3n del Premio Gabo que reconoce lo mejor del periodismo iberoamericano . Latin American Journalism Review by The Knight Center at The University of Texas at Austin.\",\"breadcrumb\":{\"@id\":\"https:\\\/\\\/latamjournalismreview.org\\\/es\\\/articles\\\/se-abren-postulaciones-para-la-7a-edicion-del-premio-gabo-que-reconoce-lo-mejor-del-periodismo-iberoamericano\\\/#breadcrumb\"},\"inLanguage\":\"es\",\"potentialAction\":[{\"@type\":\"ReadAction\",\"target\":[\"https:\\\/\\\/latamjournalismreview.org\\\/es\\\/articles\\\/se-abren-postulaciones-para-la-7a-edicion-del-premio-gabo-que-reconoce-lo-mejor-del-periodismo-iberoamericano\\\/\"]}]},{\"@type\":\"ImageObject\",\"inLanguage\":\"es\",\"@id\":\"https:\\\/\\\/latamjournalismreview.org\\\/es\\\/articles\\\/se-abren-postulaciones-para-la-7a-edicion-del-premio-gabo-que-reconoce-lo-mejor-del-periodismo-iberoamericano\\\/#primaryimage\",\"url\":\"https:\\\/\\\/latamjournalismreview.org\\\/wp-content\\\/uploads\\\/2020\\\/06\\\/Winners-of-the-2018-Gabo-Awards-Photo_David-Estrada-Larra\u00f1eta_FNPI.png\",\"contentUrl\":\"https:\\\/\\\/latamjournalismreview.org\\\/wp-content\\\/uploads\\\/2020\\\/06\\\/Winners-of-the-2018-Gabo-Awards-Photo_David-Estrada-Larra\u00f1eta_FNPI.png\",\"width\":507,\"height\":340,\"caption\":\"Winners of the 2018 Gabo Awards (Photo: David Estrada Larra\u00f1eta\\\/FNPI)\"},{\"@type\":\"BreadcrumbList\",\"@id\":\"https:\\\/\\\/latamjournalismreview.org\\\/es\\\/articles\\\/se-abren-postulaciones-para-la-7a-edicion-del-premio-gabo-que-reconoce-lo-mejor-del-periodismo-iberoamericano\\\/#breadcrumb\",\"itemListElement\":[{\"@type\":\"ListItem\",\"position\":1,\"name\":\"Home\",\"item\":\"https:\\\/\\\/latamjournalismreview.org\\\/es\\\/\"},{\"@type\":\"ListItem\",\"position\":2,\"name\":\"Se abren postulaciones para la 7\u00aa edici\u00f3n del Premio Gabo que reconoce lo mejor del periodismo iberoamericano\"}]},{\"@type\":\"WebSite\",\"@id\":\"https:\\\/\\\/latamjournalismreview.org\\\/es\\\/#website\",\"url\":\"https:\\\/\\\/latamjournalismreview.org\\\/es\\\/\",\"name\":\"LatAm Journalism Review\",\"description\":\"Knight Center at The University of Texas\",\"publisher\":{\"@id\":\"https:\\\/\\\/latamjournalismreview.org\\\/es\\\/#organization\"},\"potentialAction\":[{\"@type\":\"SearchAction\",\"target\":{\"@type\":\"EntryPoint\",\"urlTemplate\":\"https:\\\/\\\/latamjournalismreview.org\\\/es\\\/?s={search_term_string}\"},\"query-input\":{\"@type\":\"PropertyValueSpecification\",\"valueRequired\":true,\"valueName\":\"search_term_string\"}}],\"inLanguage\":\"es\"},{\"@type\":\"Organization\",\"@id\":\"https:\\\/\\\/latamjournalismreview.org\\\/es\\\/#organization\",\"name\":\"LatAm Journalism Review\",\"url\":\"https:\\\/\\\/latamjournalismreview.org\\\/es\\\/\",\"logo\":{\"@type\":\"ImageObject\",\"inLanguage\":\"es\",\"@id\":\"https:\\\/\\\/latamjournalismreview.org\\\/es\\\/#\\\/schema\\\/logo\\\/image\\\/\",\"url\":\"https:\\\/\\\/latamjournalismreview.org\\\/wp-content\\\/uploads\\\/2020\\\/05\\\/knight-latAm-review-logo.svg\",\"contentUrl\":\"https:\\\/\\\/latamjournalismreview.org\\\/wp-content\\\/uploads\\\/2020\\\/05\\\/knight-latAm-review-logo.svg\",\"width\":\"1024\",\"height\":\"1024\",\"caption\":\"LatAm Journalism Review\"},\"image\":{\"@id\":\"https:\\\/\\\/latamjournalismreview.org\\\/es\\\/#\\\/schema\\\/logo\\\/image\\\/\"},\"sameAs\":[\"https:\\\/\\\/x.com\\\/LatAmJournalism\"]},{\"@type\":\"Person\",\"@id\":\"https:\\\/\\\/latamjournalismreview.org\\\/es\\\/#\\\/schema\\\/person\\\/b83a4912f05c8178389e917d8d51de03\",\"name\":\"Teresa Mioli\",\"description\":\"Teresa Mioli is the editorial manager for the Knight Center for Journalism in the Americas. She is interested in press freedom, democratization, and investigative journalism in Latin America and is dedicated to increasing awareness about the importance of independent news media to the health of democracies. She produces journalistic work with the aim of helping people to make informed decisions about their lives and societies and wants to make sure other journalists are able to do the same. She has Bachelors' degrees in Journalism and Plan II Honors (Liberal Arts) and a Master's degree in Latin American Studies, all from the University of Texas at Austin. She started her journalistic career at The Beaumont Enterprise in Southeast Texas where she last worked as a breaking news reporter. ______ Teresa Mioli es la directora editorial del Centro Knight para el Periodismo en las Am\u00e9ricas. Es una periodista con inter\u00e9s en la libertad de prensa, la democratizaci\u00f3n y el periodismo investigativo en Am\u00e9rica Latina y est\u00e1 dedicada a crear mayor consciencia sobre la importancia de los medios noticiosos independientes para la salud de las democracias. El objetivo de su trabajo period\u00edstico es ayudar las personas para que tomen decisiones informadas sobre sus vidas y sus sociedades, y busca que otros periodistas tengan la posibilidad de hacer lo mismo. Teresa tiene una licenciatura en Periodismo y Artes liberales (Plan II Honors), y una maestr\u00eda en Estudios Latinoamericanos, todos de la Universidad de Texas en Austin. Empez\u00f3 su carrera en periodismo en The Beaumont Enterprise al sureste de Texas, en donde recientemente trabaj\u00f3 como reportera de noticias de \u00faltima hora. Anteriormente ella fue la editora de LatAm Journalism Review del Centro Knight. ______ Teresa Mioli \u00e9 gerente editorial do Centro Knight para o Jornalismo nas Am\u00e9ricas. Ela se interessa por liberdade de imprensa, democratiza\u00e7\u00e3o e jornalismo investigativo na Am\u00e9rica Latina e se dedica a aumentar a conscientiza\u00e7\u00e3o sobre a import\u00e2ncia da m\u00eddia independente para a sa\u00fade das democracias. Ela produz trabalhos jornal\u00edsticos com o objetivo de ajudar as pessoas a tomarem decis\u00f5es informadas sobre suas vidas e sociedades e deseja garantir que outros jornalistas possam fazer o mesmo. Ela tem bacharelado em jornalismo e artes liberais e um mestrado em Estudos Latino-Americanos, todos pela Universidade do Texas em Austin. Ela come\u00e7ou sua carreira jornal\u00edstica na The Beaumont Enterprise no sudeste do Texas, onde trabalhou pela \u00faltima vez como rep\u00f3rter de not\u00edcias de \u00faltima hora.\",\"sameAs\":[\"https:\\\/\\\/x.com\\\/TeresaMioli\"],\"url\":\"https:\\\/\\\/latamjournalismreview.org\\\/es\\\/articles\\\/author\\\/teresa-mioli\\\/\"}]}<\/script>\n<!-- \/ Yoast SEO Premium plugin. -->","yoast_head_json":{"title":"Se abren postulaciones para la 7\u00aa edici\u00f3n del Premio Gabo que reconoce lo mejor del periodismo iberoamericano - LatAm Journalism Review","description":"Se abren postulaciones para la 7\u00aa edici\u00f3n del Premio Gabo que reconoce lo mejor del periodismo iberoamericano . Latin American Journalism Review by The Knight Center at The University of Texas at Austin.","robots":{"index":"index","follow":"follow","max-snippet":"max-snippet:-1","max-image-preview":"max-image-preview:large","max-video-preview":"max-video-preview:-1"},"canonical":"https:\/\/latamjournalismreview.org\/es\/articles\/se-abren-postulaciones-para-la-7a-edicion-del-premio-gabo-que-reconoce-lo-mejor-del-periodismo-iberoamericano\/","og_locale":"es_ES","og_type":"article","og_title":"Se abren postulaciones para la 7\u00aa edici\u00f3n del Premio Gabo que reconoce lo mejor del periodismo iberoamericano","og_description":"Se abren postulaciones para la 7\u00aa edici\u00f3n del Premio Gabo que reconoce lo mejor del periodismo iberoamericano . Latin American Journalism Review by The Knight Center at The University of Texas at Austin.","og_url":"https:\/\/latamjournalismreview.org\/es\/articles\/se-abren-postulaciones-para-la-7a-edicion-del-premio-gabo-que-reconoce-lo-mejor-del-periodismo-iberoamericano\/","og_site_name":"LatAm Journalism Review","article_published_time":"2019-03-14T18:47:15+00:00","article_modified_time":"2020-06-22T14:22:00+00:00","og_image":[{"width":507,"height":340,"url":"https:\/\/latamjournalismreview.org\/wp-content\/uploads\/2020\/06\/Winners-of-the-2018-Gabo-Awards-Photo_David-Estrada-Larra\u00f1eta_FNPI.png","type":"image\/png"}],"author":"Teresa Mioli","twitter_card":"summary_large_image","twitter_creator":"@TeresaMioli","twitter_site":"@LatAmJournalism","twitter_misc":{"Written by":"Teresa Mioli","Est. reading time":"1 minuto"},"schema":{"@context":"https:\/\/schema.org","@graph":[{"@type":"Article","@id":"https:\/\/latamjournalismreview.org\/es\/articles\/se-abren-postulaciones-para-la-7a-edicion-del-premio-gabo-que-reconoce-lo-mejor-del-periodismo-iberoamericano\/#article","isPartOf":{"@id":"https:\/\/latamjournalismreview.org\/es\/articles\/se-abren-postulaciones-para-la-7a-edicion-del-premio-gabo-que-reconoce-lo-mejor-del-periodismo-iberoamericano\/"},"author":{"name":"Teresa Mioli","@id":"https:\/\/latamjournalismreview.org\/es\/#\/schema\/person\/b83a4912f05c8178389e917d8d51de03"},"headline":"Se abren postulaciones para la 7\u00aa edici\u00f3n del Premio Gabo que reconoce lo mejor del periodismo iberoamericano","datePublished":"2019-03-14T18:47:15+00:00","dateModified":"2020-06-22T14:22:00+00:00","mainEntityOfPage":{"@id":"https:\/\/latamjournalismreview.org\/es\/articles\/se-abren-postulaciones-para-la-7a-edicion-del-premio-gabo-que-reconoce-lo-mejor-del-periodismo-iberoamericano\/"},"wordCount":293,"publisher":{"@id":"https:\/\/latamjournalismreview.org\/es\/#organization"},"image":{"@id":"https:\/\/latamjournalismreview.org\/es\/articles\/se-abren-postulaciones-para-la-7a-edicion-del-premio-gabo-que-reconoce-lo-mejor-del-periodismo-iberoamericano\/#primaryimage"},"thumbnailUrl":"https:\/\/latamjournalismreview.org\/wp-content\/uploads\/2020\/06\/Winners-of-the-2018-Gabo-Awards-Photo_David-Estrada-Larra\u00f1eta_FNPI.png","keywords":["Coloquio Iberoamericano"],"articleSection":["Premios y oportunidades"],"inLanguage":"es"},{"@type":"WebPage","@id":"https:\/\/latamjournalismreview.org\/es\/articles\/se-abren-postulaciones-para-la-7a-edicion-del-premio-gabo-que-reconoce-lo-mejor-del-periodismo-iberoamericano\/","url":"https:\/\/latamjournalismreview.org\/es\/articles\/se-abren-postulaciones-para-la-7a-edicion-del-premio-gabo-que-reconoce-lo-mejor-del-periodismo-iberoamericano\/","name":"Se abren postulaciones para la 7\u00aa edici\u00f3n del Premio Gabo que reconoce lo mejor del periodismo iberoamericano - LatAm Journalism Review","isPartOf":{"@id":"https:\/\/latamjournalismreview.org\/es\/#website"},"primaryImageOfPage":{"@id":"https:\/\/latamjournalismreview.org\/es\/articles\/se-abren-postulaciones-para-la-7a-edicion-del-premio-gabo-que-reconoce-lo-mejor-del-periodismo-iberoamericano\/#primaryimage"},"image":{"@id":"https:\/\/latamjournalismreview.org\/es\/articles\/se-abren-postulaciones-para-la-7a-edicion-del-premio-gabo-que-reconoce-lo-mejor-del-periodismo-iberoamericano\/#primaryimage"},"thumbnailUrl":"https:\/\/latamjournalismreview.org\/wp-content\/uploads\/2020\/06\/Winners-of-the-2018-Gabo-Awards-Photo_David-Estrada-Larra\u00f1eta_FNPI.png","datePublished":"2019-03-14T18:47:15+00:00","dateModified":"2020-06-22T14:22:00+00:00","description":"Se abren postulaciones para la 7\u00aa edici\u00f3n del Premio Gabo que reconoce lo mejor del periodismo iberoamericano . Latin American Journalism Review by The Knight Center at The University of Texas at Austin.","breadcrumb":{"@id":"https:\/\/latamjournalismreview.org\/es\/articles\/se-abren-postulaciones-para-la-7a-edicion-del-premio-gabo-que-reconoce-lo-mejor-del-periodismo-iberoamericano\/#breadcrumb"},"inLanguage":"es","potentialAction":[{"@type":"ReadAction","target":["https:\/\/latamjournalismreview.org\/es\/articles\/se-abren-postulaciones-para-la-7a-edicion-del-premio-gabo-que-reconoce-lo-mejor-del-periodismo-iberoamericano\/"]}]},{"@type":"ImageObject","inLanguage":"es","@id":"https:\/\/latamjournalismreview.org\/es\/articles\/se-abren-postulaciones-para-la-7a-edicion-del-premio-gabo-que-reconoce-lo-mejor-del-periodismo-iberoamericano\/#primaryimage","url":"https:\/\/latamjournalismreview.org\/wp-content\/uploads\/2020\/06\/Winners-of-the-2018-Gabo-Awards-Photo_David-Estrada-Larra\u00f1eta_FNPI.png","contentUrl":"https:\/\/latamjournalismreview.org\/wp-content\/uploads\/2020\/06\/Winners-of-the-2018-Gabo-Awards-Photo_David-Estrada-Larra\u00f1eta_FNPI.png","width":507,"height":340,"caption":"Winners of the 2018 Gabo Awards (Photo: David Estrada Larra\u00f1eta\/FNPI)"},{"@type":"BreadcrumbList","@id":"https:\/\/latamjournalismreview.org\/es\/articles\/se-abren-postulaciones-para-la-7a-edicion-del-premio-gabo-que-reconoce-lo-mejor-del-periodismo-iberoamericano\/#breadcrumb","itemListElement":[{"@type":"ListItem","position":1,"name":"Home","item":"https:\/\/latamjournalismreview.org\/es\/"},{"@type":"ListItem","position":2,"name":"Se abren postulaciones para la 7\u00aa edici\u00f3n del Premio Gabo que reconoce lo mejor del periodismo iberoamericano"}]},{"@type":"WebSite","@id":"https:\/\/latamjournalismreview.org\/es\/#website","url":"https:\/\/latamjournalismreview.org\/es\/","name":"LatAm Journalism Review","description":"Knight Center at The University of Texas","publisher":{"@id":"https:\/\/latamjournalismreview.org\/es\/#organization"},"potentialAction":[{"@type":"SearchAction","target":{"@type":"EntryPoint","urlTemplate":"https:\/\/latamjournalismreview.org\/es\/?s={search_term_string}"},"query-input":{"@type":"PropertyValueSpecification","valueRequired":true,"valueName":"search_term_string"}}],"inLanguage":"es"},{"@type":"Organization","@id":"https:\/\/latamjournalismreview.org\/es\/#organization","name":"LatAm Journalism Review","url":"https:\/\/latamjournalismreview.org\/es\/","logo":{"@type":"ImageObject","inLanguage":"es","@id":"https:\/\/latamjournalismreview.org\/es\/#\/schema\/logo\/image\/","url":"https:\/\/latamjournalismreview.org\/wp-content\/uploads\/2020\/05\/knight-latAm-review-logo.svg","contentUrl":"https:\/\/latamjournalismreview.org\/wp-content\/uploads\/2020\/05\/knight-latAm-review-logo.svg","width":"1024","height":"1024","caption":"LatAm Journalism Review"},"image":{"@id":"https:\/\/latamjournalismreview.org\/es\/#\/schema\/logo\/image\/"},"sameAs":["https:\/\/x.com\/LatAmJournalism"]},{"@type":"Person","@id":"https:\/\/latamjournalismreview.org\/es\/#\/schema\/person\/b83a4912f05c8178389e917d8d51de03","name":"Teresa Mioli","description":"Teresa Mioli is the editorial manager for the Knight Center for Journalism in the Americas. She is interested in press freedom, democratization, and investigative journalism in Latin America and is dedicated to increasing awareness about the importance of independent news media to the health of democracies. She produces journalistic work with the aim of helping people to make informed decisions about their lives and societies and wants to make sure other journalists are able to do the same. She has Bachelors' degrees in Journalism and Plan II Honors (Liberal Arts) and a Master's degree in Latin American Studies, all from the University of Texas at Austin. She started her journalistic career at The Beaumont Enterprise in Southeast Texas where she last worked as a breaking news reporter. ______ Teresa Mioli es la directora editorial del Centro Knight para el Periodismo en las Am\u00e9ricas. Es una periodista con inter\u00e9s en la libertad de prensa, la democratizaci\u00f3n y el periodismo investigativo en Am\u00e9rica Latina y est\u00e1 dedicada a crear mayor consciencia sobre la importancia de los medios noticiosos independientes para la salud de las democracias. El objetivo de su trabajo period\u00edstico es ayudar las personas para que tomen decisiones informadas sobre sus vidas y sus sociedades, y busca que otros periodistas tengan la posibilidad de hacer lo mismo. Teresa tiene una licenciatura en Periodismo y Artes liberales (Plan II Honors), y una maestr\u00eda en Estudios Latinoamericanos, todos de la Universidad de Texas en Austin. Empez\u00f3 su carrera en periodismo en The Beaumont Enterprise al sureste de Texas, en donde recientemente trabaj\u00f3 como reportera de noticias de \u00faltima hora. Anteriormente ella fue la editora de LatAm Journalism Review del Centro Knight. ______ Teresa Mioli \u00e9 gerente editorial do Centro Knight para o Jornalismo nas Am\u00e9ricas. Ela se interessa por liberdade de imprensa, democratiza\u00e7\u00e3o e jornalismo investigativo na Am\u00e9rica Latina e se dedica a aumentar a conscientiza\u00e7\u00e3o sobre a import\u00e2ncia da m\u00eddia independente para a sa\u00fade das democracias. Ela produz trabalhos jornal\u00edsticos com o objetivo de ajudar as pessoas a tomarem decis\u00f5es informadas sobre suas vidas e sociedades e deseja garantir que outros jornalistas possam fazer o mesmo. Ela tem bacharelado em jornalismo e artes liberais e um mestrado em Estudos Latino-Americanos, todos pela Universidade do Texas em Austin. Ela come\u00e7ou sua carreira jornal\u00edstica na The Beaumont Enterprise no sudeste do Texas, onde trabalhou pela \u00faltima vez como rep\u00f3rter de not\u00edcias de \u00faltima hora.","sameAs":["https:\/\/x.com\/TeresaMioli"],"url":"https:\/\/latamjournalismreview.org\/es\/articles\/author\/teresa-mioli\/"}]}},"_links":{"self":[{"href":"https:\/\/latamjournalismreview.org\/es\/wp-json\/wp\/v2\/posts\/7908","targetHints":{"allow":["GET"]}}],"collection":[{"href":"https:\/\/latamjournalismreview.org\/es\/wp-json\/wp\/v2\/posts"}],"about":[{"href":"https:\/\/latamjournalismreview.org\/es\/wp-json\/wp\/v2\/types\/post"}],"author":[{"embeddable":true,"href":"https:\/\/latamjournalismreview.org\/es\/wp-json\/wp\/v2\/users\/3"}],"replies":[{"embeddable":true,"href":"https:\/\/latamjournalismreview.org\/es\/wp-json\/wp\/v2\/comments?post=7908"}],"version-history":[{"count":2,"href":"https:\/\/latamjournalismreview.org\/es\/wp-json\/wp\/v2\/posts\/7908\/revisions"}],"predecessor-version":[{"id":7911,"href":"https:\/\/latamjournalismreview.org\/es\/wp-json\/wp\/v2\/posts\/7908\/revisions\/7911"}],"wp:featuredmedia":[{"embeddable":true,"href":"https:\/\/latamjournalismreview.org\/es\/wp-json\/wp\/v2\/media\/7906"}],"wp:attachment":[{"href":"https:\/\/latamjournalismreview.org\/es\/wp-json\/wp\/v2\/media?parent=7908"}],"wp:term":[{"taxonomy":"category","embeddable":true,"href":"https:\/\/latamjournalismreview.org\/es\/wp-json\/wp\/v2\/categories?post=7908"},{"taxonomy":"post_tag","embeddable":true,"href":"https:\/\/latamjournalismreview.org\/es\/wp-json\/wp\/v2\/tags?post=7908"},{"taxonomy":"author","embeddable":true,"href":"https:\/\/latamjournalismreview.org\/es\/wp-json\/wp\/v2\/coauthors?post=7908"}],"curies":[{"name":"wp","href":"https:\/\/api.w.org\/{rel}","templated":true}]}}