{"id":79119,"date":"2023-08-22T19:02:05","date_gmt":"2023-08-23T00:02:05","guid":{"rendered":"https:\/\/latamjournalismreview.org\/?p=79119"},"modified":"2023-09-07T13:30:15","modified_gmt":"2023-09-07T18:30:15","slug":"9-libros-de-investigacion-periodistica-para-entender-mejor-america-latina","status":"publish","type":"post","link":"https:\/\/latamjournalismreview.org\/es\/articles\/9-libros-de-investigacion-periodistica-para-entender-mejor-america-latina\/","title":{"rendered":"9 libros de investigaci\u00f3n period\u00edstica para entender mejor Am\u00e9rica Latina"},"content":{"rendered":"<p>Por <b><i><a href=\"https:\/\/gijn.org\/about\/staff-member\/andrea-arzaba\/\" target=\"_blank\" rel=\"noopener\">Andrea Arzaba*<\/a><\/i><\/b><i>,<\/i> publicado originalmente por la <b><i><a href=\"https:\/\/gijn.org\/2023\/08\/18\/espanol-libros-investigacion\/\" target=\"_blank\" rel=\"noopener\">Global Investigative Journalism Network (GIJN)<\/a><\/i><\/b>.<\/p>\n<p>En esta entrega de la \u201cBiblioteca de GIJN\u201d, presentamos una compilaci\u00f3n de recomendaciones de libros de investigaci\u00f3n period\u00edstica, por parte de reporteros en Am\u00e9rica Latina.<\/p>\n<p>Desde qui\u00e9nes se benefician de la extracci\u00f3n de litio en Argentina, Bolivia y Chile, hasta irregularidades en la investigaci\u00f3n del asesinato de un candidato presidencial en M\u00e9xico, incluyendo una historia sobre la caravana de migrantes centroamericanos al norte y las consecuencias de la privatizaci\u00f3n del agua en Chile. Los t\u00edtulos seleccionados provienen de todo el continente. Todos los libros presentados fueron publicados en espa\u00f1ol en los \u00faltimos 10 a\u00f1os.<\/p>\n<p>Algunas publicaciones se destacaron en el\u00a0<a href=\"https:\/\/festivalgabo.com\/\" target=\"_blank\" rel=\"noopener\">Festival Gabo 2023<\/a>, uno de los eventos de periodismo m\u00e1s reconocidos en el mundo de habla hispana. Se recibieron otras recomendaciones en respuesta a una solicitud en las redes sociales de\u00a0<a href=\"https:\/\/twitter.com\/gijnEs\" target=\"_blank\" rel=\"noopener\">GIJN en Espa\u00f1ol<\/a>. Por \u00faltimo, los libros finales para hacer la lista fueron recomendaciones personales de periodistas de investigaci\u00f3n de la regi\u00f3n.<\/p>\n<h3>EL TREN DE ARAGUA<\/h3>\n<p><em>Por Ronna R\u00edsquez<\/em><\/p>\n<p><img loading=\"lazy\" decoding=\"async\" class=\"wp-image-79109 size-full aligncenter\" src=\"https:\/\/latamjournalismreview.org\/wp-content\/uploads\/2023\/08\/portada_el-tren-de-aragua_ronna-risquez_202305232008.jpg\" alt=\"Cover of a book with a photo of three men carrying guns with their faces blurred \" width=\"250\" height=\"389\" srcset=\"https:\/\/latamjournalismreview.org\/wp-content\/uploads\/2023\/08\/portada_el-tren-de-aragua_ronna-risquez_202305232008.jpg 250w, https:\/\/latamjournalismreview.org\/wp-content\/uploads\/2023\/08\/portada_el-tren-de-aragua_ronna-risquez_202305232008-193x300.jpg 193w\" sizes=\"auto, (max-width: 250px) 100vw, 250px\" \/><\/p>\n<div id=\"attachment_656820\" class=\"wp-caption module image alignright\"><\/div>\n<p>El Tren de Aragua en Venezuela es la\u00a0<a href=\"https:\/\/english.elpais.com\/international\/2023-06-29\/tren-de-aragua-the-venezuelan-criminal-gang-spreading-terror-from-chile-to-colombia.html\" target=\"_blank\" rel=\"noopener\">organizaci\u00f3n criminal m\u00e1s grande<\/a>\u00a0en el pa\u00eds, pero la influencia del grupo se ha extendido m\u00e1s all\u00e1 de la frontera. La periodista\u00a0<a href=\"https:\/\/twitter.com\/ronnarisquez?lang=en\" target=\"_blank\" rel=\"noopener\">Ronna R\u00edsquez<\/a>\u00a0pas\u00f3 varios a\u00f1os\u00a0<a href=\"https:\/\/www.france24.com\/en\/live-news\/20230403-aragua-train-venezuela-s-fearsome-crime-syndicate-exposed-in-book\" target=\"_blank\" rel=\"noopener\">investigando a la organizaci\u00f3n<\/a>, realizando numerosas entrevistas para entender c\u00f3mo funciona y por qu\u00e9 se convirti\u00f3 en una de las estructuras criminales m\u00e1s temidas de Am\u00e9rica Latina.<\/p>\n<p>El reportero venezolano\u00a0<a href=\"https:\/\/twitter.com\/lblancor?lang=en\" target=\"_blank\" rel=\"noopener\">Luis Ernesto Blanco<\/a>\u00a0recomend\u00f3 el libro, al que calific\u00f3 como una exhaustiva y \u201cvaliente investigaci\u00f3n\u201d sobre un complejo grupo criminal. \u201cSe trata de una exhaustiva investigaci\u00f3n documental y hemerogr\u00e1fica que se complementa con testimonios de actores y v\u00edctimas que aparecen en el relato no como simples fuentes sino como personajes de un texto de no ficci\u00f3n muy bien escrito. R\u00edsquez logra ingresar a la C\u00e1rcel de Tocor\u00f3n, el cuartel general de la banda criminal, y describir la realidad de una de las prisiones m\u00e1s emblem\u00e1ticas del pa\u00eds donde el Estado entreg\u00f3 al\u00a0<i>pranato o l\u00edderes criminales el control carcelario\u201d.<\/i><\/p>\n<h3>ABURTO. TESTIMONIOS DESDE ALMOLOYA, EL INFIERNO DE HIELO<\/h3>\n<p><em>Por Laura S\u00e1nchez Ley<\/em><\/p>\n<p><img loading=\"lazy\" decoding=\"async\" class=\"wp-image-79106 aligncenter\" src=\"https:\/\/latamjournalismreview.org\/wp-content\/uploads\/2023\/08\/laura-sanchez-ley.jpg\" alt=\"Cover of the book &quot;Aburto&quot;: The book is red and shows the photo of a man carrying a revolver\" width=\"250\" height=\"380\" srcset=\"https:\/\/latamjournalismreview.org\/wp-content\/uploads\/2023\/08\/laura-sanchez-ley.jpg 296w, https:\/\/latamjournalismreview.org\/wp-content\/uploads\/2023\/08\/laura-sanchez-ley-197x300.jpg 197w\" sizes=\"auto, (max-width: 250px) 100vw, 250px\" \/><\/p>\n<p>Mario Aburto pas\u00f3 a la historia cuando fue condenado por el asesinato en 1994 del candidato presidencial mexicano Luis Donaldo Colosio. Pero\u00a0<a href=\"https:\/\/www.penguinrandomhouse.com\/books\/723646\/aburto-testimonios-desde-almoloya-el-infierno-de-hielo--aburto-testimonies-f-rom-almoloya-prison-by-laura-sanchez-ley\/\" target=\"_blank\" rel=\"noopener\">en este libro<\/a>, la periodista\u00a0<a href=\"https:\/\/twitter.com\/laurasanchezley?lang=en\" target=\"_blank\" rel=\"noopener\">Laura S\u00e1nchez Ley<\/a>\u00a0utiliza cartas y llamadas que Aburto hizo desde la prisi\u00f3n, archivos judiciales y entrevistas con figuras clave para ir m\u00e1s all\u00e1 de la historia oficial, que suger\u00eda que Aburto era un asesino solitario, y para resaltar las irregularidades en el proceso de detenci\u00f3n. Habl\u00f3 con varias figuras clave sobre el asesinato y la investigaci\u00f3n, pero incluso d\u00e9cadas despu\u00e9s del ataque, varias de sus fuentes solicitaron el anonimato por temor a obtener represalias por hablar.<\/p>\n<p>La periodista mexicana\u00a0<a href=\"https:\/\/twitter.com\/xanic?lang=en\" target=\"_blank\" rel=\"noopener\">Alejandra Xanic<\/a>, cofundadora y editora de Quinto Elemento Lab, le dijo a GIJN: \u201cLaura ha hecho m\u00e1s trabajo que nadie, a lo largo de muchos a\u00f1os, investigando el magnicidio de Colosio. Su investigaci\u00f3n ha sido de cocimiento lento, de trabajo con fuentes, para entrar en la cabeza del asesino y desentra\u00f1ar aspectos del crimen que hab\u00edan permanecido ocultos\u201d.<\/p>\n<h3>CR\u00d3NICAS DEL LITIO<b><br \/>\n<\/b><\/h3>\n<p><em>Por Ernesto Picco<\/em><b><\/b><\/p>\n<p><img loading=\"lazy\" decoding=\"async\" class=\"wp-image-79103 aligncenter\" src=\"https:\/\/latamjournalismreview.org\/wp-content\/uploads\/2023\/08\/cronicas-del-litio_Tapa_OK-scaled-e1662657326541-840x1292-1.jpeg\" alt=\"Image of the book &quot;Cr\u00f3nicas del Litio' with a photo of a white salt desert of salt covering it\" width=\"250\" height=\"385\" srcset=\"https:\/\/latamjournalismreview.org\/wp-content\/uploads\/2023\/08\/cronicas-del-litio_Tapa_OK-scaled-e1662657326541-840x1292-1.jpeg 840w, https:\/\/latamjournalismreview.org\/wp-content\/uploads\/2023\/08\/cronicas-del-litio_Tapa_OK-scaled-e1662657326541-840x1292-1-195x300.jpeg 195w, https:\/\/latamjournalismreview.org\/wp-content\/uploads\/2023\/08\/cronicas-del-litio_Tapa_OK-scaled-e1662657326541-840x1292-1-666x1024.jpeg 666w, https:\/\/latamjournalismreview.org\/wp-content\/uploads\/2023\/08\/cronicas-del-litio_Tapa_OK-scaled-e1662657326541-840x1292-1-768x1181.jpeg 768w\" sizes=\"auto, (max-width: 250px) 100vw, 250px\" \/><\/p>\n<div id=\"attachment_656822\" class=\"wp-caption module image alignright\"><\/div>\n<p>Cada d\u00eda en las salinas, un vasto desierto sudamericano que se extiende en Argentina, Chile y Bolivia, se utilizan millones de litros de agua para extraer litio, un elemento utilizado para fabricar bater\u00edas. El periodista\u00a0<a href=\"https:\/\/twitter.com\/ernestopicco?lang=en\" target=\"_blank\" rel=\"noopener\">Ernesto Picco<\/a>\u00a0viaj\u00f3 por el llamado \u201ctri\u00e1ngulo del litio\u201d para comprender c\u00f3mo el mineral se est\u00e1 convirtiendo en una fuente de conflicto, a partir de entrevistas y documentaci\u00f3n para elaborar una investigaci\u00f3n period\u00edstica con tintes de cr\u00f3nica de viaje. Su objetivo era encontrar una respuesta a una de las preguntas m\u00e1s importantes de la pr\u00f3xima d\u00e9cada: \u00bfQui\u00e9n gana con la extracci\u00f3n de litio?<\/p>\n<p>La editora\u00a0<a href=\"https:\/\/twitter.com\/delfinatece?lang=en\" target=\"_blank\" rel=\"noopener\">Delfina Torres Cabreros<\/a>, del medio argentino\u00a0elDiarioAR, dijo sobre el libro:<\/p>\n<p>\u201cAunque en las grandes ciudades la discusi\u00f3n se simplifique, forz\u00e1ndola a cuajar muchas veces en un esquema de buenos y malos, no hay nada simple en la discusi\u00f3n por el litio. Su explotaci\u00f3n lleva inserta una contradicci\u00f3n: alterar ecosistemas en nombre de la ecolog\u00eda. Pero en el desarrollo de la trama aparecen muchas otras contradicciones y matices. Aparece el beneficio y la visibilidad que en algunos casos derraman los proyectos mineros sobre comunidades olvidadas, que caricaturizados como alegres grupos en comuni\u00f3n con la naturaleza, enfocan muchas veces su lucha en obtener mayor participaci\u00f3n en las ganancias del negocio extractivista\u201d.<\/p>\n<p>Delfina agreg\u00f3: \u201cErnesto Picco habl\u00f3 con lugare\u00f1os, empresarios, funcionarios y cient\u00edficos y escribi\u00f3 Cr\u00f3nicas del Litio (Futurock Ediciones), un libro de 300 p\u00e1ginas donde hay muchas menos sentencias que datos, escenas, preguntas\u201d.<\/p>\n<h3>JUNTOS, TODOS JUNTOS<\/h3>\n<p><em>Por Carlos Mart\u00ednez<\/em><\/p>\n<p><img loading=\"lazy\" decoding=\"async\" class=\"wp-image-79100 size-full aligncenter\" src=\"https:\/\/latamjournalismreview.org\/wp-content\/uploads\/2023\/08\/juntos-todos-juntos.jpg\" alt=\"Conver of book 'Juntos, todos juntos'; the cover has a drawing of a slug with legs and is painted in blue and yellow\" width=\"250\" height=\"347\" srcset=\"https:\/\/latamjournalismreview.org\/wp-content\/uploads\/2023\/08\/juntos-todos-juntos.jpg 250w, https:\/\/latamjournalismreview.org\/wp-content\/uploads\/2023\/08\/juntos-todos-juntos-216x300.jpg 216w\" sizes=\"auto, (max-width: 250px) 100vw, 250px\" \/><\/p>\n<div id=\"attachment_656823\" class=\"wp-caption module image alignright\"><\/div>\n<p>En 2018, un mensaje en redes sociales puso a miles de centroamericanos en un viaje al norte de Estados Unidos con la \u00fanica certeza de saber que eran m\u00e1s fuertes porque no estaban solos. La llamada \u201ccaravana\u201d de personas que huyen de la persecuci\u00f3n, la pobreza y la violencia en sus pa\u00edses de origen como Honduras, Guatemala y El Salvador motiv\u00f3 titulares internacionales. El periodista\u00a0<a href=\"https:\/\/twitter.com\/chelefaro\" target=\"_blank\" rel=\"noopener\">Carlos Mart\u00ednez, un reportero de investigaci\u00f3n de El Faro<\/a>, detalla el viaje indagando en historias nunca antes contadas.<\/p>\n<p>Su colega,\u00a0<a href=\"https:\/\/twitter.com\/Jim_alva\" target=\"_blank\" rel=\"noopener\">Jimmy Alvarado<\/a>, recomend\u00f3 el libro a GIJN:\u00a0\u201cCentroam\u00e9rica es una de las regiones m\u00e1s violentas, m\u00e1s desiguales y m\u00e1s vulnerables a cat\u00e1strofes naturales del mundo. Lo escuchamos todos los a\u00f1os cuando los nombres de nuestros pa\u00edses son mencionados en medios internacionales como protagonistas de alguna tragedia. Las cr\u00f3nicas de Mart\u00ednez nos permiten conocer el rostro de quienes en carne propia han vivido esa realidad\u201d.<\/p>\n<h3>PRESIDENTES POR ACCIDENTE<b><br \/>\n<\/b><\/h3>\n<p><em>Por Christopher Acosta<\/em><\/p>\n<p><img loading=\"lazy\" decoding=\"async\" class=\"wp-image-79097 aligncenter\" src=\"https:\/\/latamjournalismreview.org\/wp-content\/uploads\/2023\/08\/presidentes-por-accidente.jpg\" alt=\"Cover of book &quot;Presidentes por accidente&quot;, with the shared faces of Pedro Castillo and Dina Boluarte, the former and the current president of Peru\" width=\"250\" height=\"386\" srcset=\"https:\/\/latamjournalismreview.org\/wp-content\/uploads\/2023\/08\/presidentes-por-accidente.jpg 381w, https:\/\/latamjournalismreview.org\/wp-content\/uploads\/2023\/08\/presidentes-por-accidente-194x300.jpg 194w\" sizes=\"auto, (max-width: 250px) 100vw, 250px\" \/><\/p>\n<div id=\"attachment_656826\" class=\"wp-caption module image alignright\"><\/div>\n<p>La situaci\u00f3n pol\u00edtica en el Per\u00fa ha sido tumultuosa en los \u00faltimos a\u00f1os: con un\u00a0<a href=\"https:\/\/www.bbc.co.uk\/news\/world-latin-america-63971274\" target=\"_blank\" rel=\"noopener\">intento de golpe<\/a>,\u00a0<a href=\"https:\/\/www.reuters.com\/world\/americas\/peru-arrests-six-generals-amid-graft-investigation-ex-president-castillo-2022-12-26\/\" target=\"_blank\" rel=\"noopener\">un esc\u00e1ndalo de corrupci\u00f3n<\/a>\u00a0y cinco presidentes en tres a\u00f1os. En este contexto,\u00a0<a href=\"https:\/\/twitter.com\/trujiyo\" target=\"_blank\" rel=\"noopener\">Christopher Acosta<\/a> realiz\u00f3 una inmersi\u00f3n profunda sobre los dos \u00faltimos presidentes que asumieron el cargo: un exmaestro de escuela y dirigente sindical y una mujer que asumi\u00f3 el poder tras el fallido golpe de Estado. La nueva investigaci\u00f3n de Acosta revela detalles desconocidos sobre estas dos figuras clave y los intereses de qui\u00e9nes los respaldaron.<\/p>\n<p>La periodista\u00a0<a href=\"https:\/\/twitter.com\/elenamiwi\" target=\"_blank\" rel=\"noopener\">Elena Miranda<\/a>, reportera del medio de investigaci\u00f3n peruano Convoca, recomend\u00f3 el libro c\u00f3mo: \u201cUna investigaci\u00f3n period\u00edstica sobre los dos \u00faltimos presidentes que ha tenido el Per\u00fa, Dina Boluarte y Pedro Castillo. Adem\u00e1s de mostrarnos sus perfiles, revela los entretelones de su llegada a la presidencia, sus relaciones con personajes que pugnan por beneficiarse del poder de turno y el entramado de corrupci\u00f3n en el que est\u00e1n implicados no solamente pol\u00edticos sino tambi\u00e9n un conocido periodista y poderosos empresarios\u201d.<\/p>\n<h3>LOS QUE NUNCA OLVIDAR\u00c1N<b><br \/>\n<\/b><\/h3>\n<p><em>Por Fernando Butazzoni<\/em><\/p>\n<p><img loading=\"lazy\" decoding=\"async\" class=\"wp-image-79094 aligncenter\" src=\"https:\/\/latamjournalismreview.org\/wp-content\/uploads\/2023\/08\/los-que-nunca-olvidaran-los-que-nunca-olvidaran.webp\" alt=\"Cover of book &quot;Los que nunca olvidar\u00e1n&quot;, of a man wearing a military suit\" width=\"250\" height=\"388\" srcset=\"https:\/\/latamjournalismreview.org\/wp-content\/uploads\/2023\/08\/los-que-nunca-olvidaran-los-que-nunca-olvidaran.webp 345w, https:\/\/latamjournalismreview.org\/wp-content\/uploads\/2023\/08\/los-que-nunca-olvidaran-los-que-nunca-olvidaran-193x300.webp 193w\" sizes=\"auto, (max-width: 250px) 100vw, 250px\" \/><\/p>\n<div id=\"attachment_656831\" class=\"wp-caption module image alignright\"><\/div>\n<p>Fernando Butazzoni es un reconocido periodista y autor uruguayo. Este, su decimotercer libro, est\u00e1 oficialmente categorizado como una obra de ficci\u00f3n, pero fue recomendado para nuestra lista debido a la forma en que el autor utiliza t\u00e9cnicas de investigaci\u00f3n para elaborar una pieza narrativa. El libro, que alcanz\u00f3\u00a0<a href=\"https:\/\/web.archive.org\/web\/20201031041924\/https:\/\/www.tvshow.com.uy\/libros\/conspiracion-memoria-cocina-libros-vendidos-uruguay.html\" target=\"_blank\" rel=\"noopener\">altas ventas en Uruguay<\/a>, utiliza elementos narrativos para alimentar una trama compleja sobre el asesinato de un excriminal de guerra nazi en la vida real, que viv\u00eda en el exilio en Am\u00e9rica Latina despu\u00e9s de la Segunda Guerra Mundial.<\/p>\n<p>El reportero observador\u00a0<a href=\"https:\/\/twitter.com\/turwicz?lang=en\" target=\"_blank\" rel=\"noopener\">Tom Urwicz<\/a>\u00a0de Uruguay,\u00a0le dijo a GIJN: \u201cLejos de la ficci\u00f3n, esta pieza period\u00edstica destaca por la reconstrucci\u00f3n de hecho, sus escenas ver\u00eddicas, el contraste de fuentes, la refutaci\u00f3n y confirmaci\u00f3n de hip\u00f3tesis, y su alto rigor period\u00edstico pese al desaf\u00edo de abordar una secuencia de acciones ocurridas hace casi 70 a\u00f1os en Montevideo y sus afueras\u201d. El reportero a\u00f1adi\u00f3: \u201cLas fechas, los nombres, los di\u00e1logos y hasta las hip\u00f3tesis confirmadas siguen las mismas reglas b\u00e1sicas con la que todo periodista construye una noticia en sentido de pir\u00e1mide invertida o un reportaje de largo aliento. Uso y recomiendo\u201d.<br \/>\n<b><\/b><\/p>\n<h3>EL NEGOCIO DEL AGUA<b><br \/>\n<\/b><\/h3>\n<p><em>Por Tania Tamayo Grez y Alejandra Carmona L\u00f3pez<\/em><\/p>\n<p><img loading=\"lazy\" decoding=\"async\" class=\"wp-image-79091 aligncenter\" src=\"https:\/\/latamjournalismreview.org\/wp-content\/uploads\/2023\/08\/el-negocio-del-agua.jpg\" alt=\"Cover book &quot;El negocio del agua&quot;, with a very dried brown soil\" width=\"250\" height=\"385\" srcset=\"https:\/\/latamjournalismreview.org\/wp-content\/uploads\/2023\/08\/el-negocio-del-agua.jpg 325w, https:\/\/latamjournalismreview.org\/wp-content\/uploads\/2023\/08\/el-negocio-del-agua-195x300.jpg 195w\" sizes=\"auto, (max-width: 250px) 100vw, 250px\" \/><\/p>\n<div id=\"attachment_656834\" class=\"wp-caption module image alignright\"><\/div>\n<p>Este libro es una investigaci\u00f3n din\u00e1mica que mezcla datos con los testimonios de personas que no tienen acceso al agua en Chile. Las autoras crean un mapa que muestra c\u00f3mo, a pesar de sus vastos recursos naturales, Chile es para algunos una tierra seca, y c\u00f3mo el dinero y el poder se entrelazan en un panorama complejo.<\/p>\n<p>La periodista\u00a0<a href=\"https:\/\/twitter.com\/ClaudiaUrquieta\" target=\"_blank\" rel=\"noopener\">Claudia Urquieta<\/a> de CIPER sugiri\u00f3 el libro, diciendo que entender el proceso de privatizaci\u00f3n del agua en Chile \u201ces entender c\u00f3mo funciona el pa\u00eds\u201d. Ella agreg\u00f3: \u201cLa privatizaci\u00f3n del agua fue un proceso que se inici\u00f3 en medio de la dictadura c\u00edvico militar de Pinochet. Esta investigaci\u00f3n se encuentra escrita con maestr\u00eda y buena pluma. El Negocio del Agua relata de manera l\u00fadica y con muchos datos y testimonios qui\u00e9n se ha beneficiado y c\u00f3mo comunidades se han visto sumamente afectadas\u201d.<\/p>\n<h3>LAS VUELTAS DE LA OFICINA DE ENVIGADO<b><br \/>\n<\/b><\/h3>\n<p><em>Por Juan Diego Restrepo<\/em><\/p>\n<p><img loading=\"lazy\" decoding=\"async\" class=\"wp-image-79088 aligncenter\" src=\"https:\/\/latamjournalismreview.org\/wp-content\/uploads\/2023\/08\/LAS-VUELTAS-DE-LA-OFICINA-DE-ENVIGADO-www.iconoeditorial.com_.png\" alt=\"Cover of book &quot;Las vueltas de la oficina de envigado&quot;; the cover is entirely brown with red and white letters\" width=\"250\" height=\"381\" srcset=\"https:\/\/latamjournalismreview.org\/wp-content\/uploads\/2023\/08\/LAS-VUELTAS-DE-LA-OFICINA-DE-ENVIGADO-www.iconoeditorial.com_.png 1680w, https:\/\/latamjournalismreview.org\/wp-content\/uploads\/2023\/08\/LAS-VUELTAS-DE-LA-OFICINA-DE-ENVIGADO-www.iconoeditorial.com_-197x300.png 197w, https:\/\/latamjournalismreview.org\/wp-content\/uploads\/2023\/08\/LAS-VUELTAS-DE-LA-OFICINA-DE-ENVIGADO-www.iconoeditorial.com_-672x1024.png 672w, https:\/\/latamjournalismreview.org\/wp-content\/uploads\/2023\/08\/LAS-VUELTAS-DE-LA-OFICINA-DE-ENVIGADO-www.iconoeditorial.com_-768x1170.png 768w, https:\/\/latamjournalismreview.org\/wp-content\/uploads\/2023\/08\/LAS-VUELTAS-DE-LA-OFICINA-DE-ENVIGADO-www.iconoeditorial.com_-1008x1536.png 1008w, https:\/\/latamjournalismreview.org\/wp-content\/uploads\/2023\/08\/LAS-VUELTAS-DE-LA-OFICINA-DE-ENVIGADO-www.iconoeditorial.com_-1344x2048.png 1344w\" sizes=\"auto, (max-width: 250px) 100vw, 250px\" \/><\/p>\n<div id=\"attachment_656833\" class=\"wp-caption module image alignright\"><\/div>\n<p>El colombiano Pablo Escobar fue\u00a0<a href=\"https:\/\/www.britannica.com\/biography\/Pablo-Escobar\" target=\"_blank\" rel=\"noopener\">el narcotraficante m\u00e1s poderoso del mundo<\/a>\u00a0en los a\u00f1os 80 y principios de los 90. Pero detr\u00e1s de su r\u00e9gimen se cre\u00f3 la\u00a0<a href=\"https:\/\/insightcrime.org\/colombia-organized-crime-news\/oficina-de-envigado-profile\/\" target=\"_blank\" rel=\"noopener\">Oficina de Envigado<\/a>: el\u00a0ala de ejecuci\u00f3n y servicio de cobro de deudas\u00a0por donde Escobar\u00a0\u201cproces\u00f3\u201d violentamente lo que la gente le deb\u00eda. El nombre gan\u00f3 reconocimiento nacional e internacional y qued\u00f3 consagrado en el mito. La gente sab\u00eda que exist\u00eda, pero su estructura, log\u00edstica y validez segu\u00edan siendo un misterio.<b><\/b><\/p>\n<p>La directora de la Unidad Investigadora de la \u201cGran Polit\u00e9cnica Colombiana\u201d Juliana Castellano D\u00edaz dijo a GIJN que \u201cla muerte del narco no la acab\u00f3, por el contrario, la adaptaron para prestar servicios criminales a otras organizaciones ilegales\u201d. La periodista agreg\u00f3: \u201cEsta historia tan compleja la retrata contundentemente el periodista Juan Diego Restrepo. Una investigaci\u00f3n necesaria para entender el ecosistema de las mafias, los pol\u00edticos, las empresas y los paramilitares en Colombia. Un trabajo de reporter\u00eda y de revisi\u00f3n de archivos que vale la pena leer muchas veces\u201d.<\/p>\n<h3>GUATEMALA CORRUPTA<b><br \/>\n<\/b><\/h3>\n<p><em>Por Henry Bin y Edwin Pit\u00e1n, editado por Marta Sandoval<\/em><\/p>\n<p><img loading=\"lazy\" decoding=\"async\" class=\"wp-image-79085 aligncenter\" src=\"https:\/\/latamjournalismreview.org\/wp-content\/uploads\/2023\/08\/guatemala-corrupta.jpg\" alt=\"Cover of book &quot;Guatemala corrupta&quot;; The cover is blue with a red rotten apple in the center\" width=\"250\" height=\"386\" srcset=\"https:\/\/latamjournalismreview.org\/wp-content\/uploads\/2023\/08\/guatemala-corrupta.jpg 1100w, https:\/\/latamjournalismreview.org\/wp-content\/uploads\/2023\/08\/guatemala-corrupta-194x300.jpg 194w, https:\/\/latamjournalismreview.org\/wp-content\/uploads\/2023\/08\/guatemala-corrupta-663x1024.jpg 663w, https:\/\/latamjournalismreview.org\/wp-content\/uploads\/2023\/08\/guatemala-corrupta-768x1186.jpg 768w, https:\/\/latamjournalismreview.org\/wp-content\/uploads\/2023\/08\/guatemala-corrupta-995x1536.jpg 995w\" sizes=\"auto, (max-width: 250px) 100vw, 250px\" \/><\/p>\n<p>Una serie de investigaciones sobre la corrupci\u00f3n en Guatemala. Este libro destaca historias como la de una \u201cempleada fantasma\u201d que no se present\u00f3 a trabajar durante un largo periodo de tiempo pero que, sin embargo, recibi\u00f3 un salario del Congreso. Otro detalla la historia de un sacerdote que, con la fe, obtuvo ganancias econ\u00f3micas y, motivado por el dinero, tambi\u00e9n presuntamente cometi\u00f3 actos de corrupci\u00f3n en su iglesia.<\/p>\n<p>El editor de Plaza P\u00fablica\u00a0<a href=\"https:\/\/twitter.com\/eswinquinonez\" target=\"_blank\" rel=\"noopener\">Eswin Qui\u00f1ones<\/a>\u00a0de Guatemala recomend\u00f3 el libro a GIJN. \u201cHablar de corrupci\u00f3n se asocia a grandes tramas criminales fabricadas por funcionarios de gobierno en complicidad con redes privadas para beneficiarse del dinero p\u00fablico. Eso es lo que ha marcado Guatemala en los \u00faltimos diez a\u00f1os. Sin embargo, la corrupci\u00f3n va m\u00e1s all\u00e1. El libro retrata c\u00f3mo el ser corrupto no es un asunto de alto nivel. En 18 historias relatan casos donde los protagonistas son personas comunes, ciudadanos que se aprovechan de otros para hacerse de dinero que no les corresponde. La lectura de este documento permite comprobar que la corrupci\u00f3n no mira nivel econ\u00f3mico, religi\u00f3n o nivel acad\u00e9mico. Es una actitud que corroe a la sociedad a todo nivel\u201d.<\/p>\n<p>&nbsp;<\/p>\n<p>&nbsp;<\/p>\n<p>*<em>Andrea Arzaba\u00a0es periodista y editora en espa\u00f1ol de GIJN. Como reportera y profesional de los medios, se ha centrado en documentar las historias de personas en Am\u00e9rica Latina y comunidades latinas en Estados Unidos. Es becaria de la International Women's Media Foundation y parte del Programa de J\u00f3venes Periodistas de Transparencia Internacional.<\/em><\/p>\n<p>&nbsp;<\/p>\n<p><em>Fotograf\u00edas de banner y de portada: Librer\u00eda El Ateneo en Buenos Aires (Foto: Deensel, licencia creative commons)<\/em><\/p>\n","protected":false},"excerpt":{"rendered":"<p>Una publicaci\u00f3n de GIJN con una recopilaci\u00f3n de libros de investigaci\u00f3n recomendados de reporteros radicados en Am\u00e9rica Latina en los \u00faltimos 10 a\u00f1os. De la extracci\u00f3n de litio a los asesinatos pol\u00edticos, de las penurias migratorias a la privatizaci\u00f3n del agua, y de M\u00e9xico en el norte a Chile en el sur, los t\u00edtulos cubren un abanico de temas y abarcan varias zonas de la regi\u00f3n.<\/p>\n","protected":false},"author":17,"featured_media":79112,"comment_status":"closed","ping_status":"closed","sticky":false,"template":"","format":"standard","meta":{"inline_featured_image":false,"footnotes":""},"categories":[2074],"tags":[],"coauthors":[],"class_list":["post-79119","post","type-post","status-publish","format-standard","has-post-thumbnail","hentry","category-reportajes-especiales"],"acf":[],"yoast_head":"<!-- This site is optimized with the Yoast SEO Premium plugin v22.6 (Yoast SEO v27.4) - https:\/\/yoast.com\/product\/yoast-seo-premium-wordpress\/ -->\n<title>9 libros de investigaci\u00f3n period\u00edstica para entender mejor Am\u00e9rica Latina - LatAm Journalism Review<\/title>\n<meta name=\"description\" content=\"9 libros de investigaci\u00f3n period\u00edstica para entender mejor Am\u00e9rica Latina Reportajes especiales. Latin American Journalism Review by The Knight Center at The University of Texas at Austin.\" \/>\n<meta name=\"robots\" content=\"index, follow, max-snippet:-1, max-image-preview:large, max-video-preview:-1\" \/>\n<link rel=\"canonical\" href=\"https:\/\/latamjournalismreview.org\/es\/articles\/9-libros-de-investigacion-periodistica-para-entender-mejor-america-latina\/\" \/>\n<meta property=\"og:locale\" content=\"es_ES\" \/>\n<meta property=\"og:type\" content=\"article\" \/>\n<meta property=\"og:title\" content=\"9 libros de investigaci\u00f3n period\u00edstica para entender mejor Am\u00e9rica Latina\" \/>\n<meta property=\"og:description\" content=\"9 libros de investigaci\u00f3n period\u00edstica para entender mejor Am\u00e9rica Latina Reportajes especiales. Latin American Journalism Review by The Knight Center at The University of Texas at Austin.\" \/>\n<meta property=\"og:url\" content=\"https:\/\/latamjournalismreview.org\/es\/articles\/9-libros-de-investigacion-periodistica-para-entender-mejor-america-latina\/\" \/>\n<meta property=\"og:site_name\" content=\"LatAm Journalism Review\" \/>\n<meta property=\"article:published_time\" content=\"2023-08-23T00:02:05+00:00\" \/>\n<meta property=\"article:modified_time\" content=\"2023-09-07T18:30:15+00:00\" \/>\n<meta property=\"og:image\" content=\"https:\/\/latamjournalismreview.org\/wp-content\/uploads\/2023\/08\/FEATURED-Bookstore.png\" \/>\n\t<meta property=\"og:image:width\" content=\"507\" \/>\n\t<meta property=\"og:image:height\" content=\"340\" \/>\n\t<meta property=\"og:image:type\" content=\"image\/png\" \/>\n<meta name=\"author\" content=\"Guest\" \/>\n<meta name=\"twitter:card\" content=\"summary_large_image\" \/>\n<meta name=\"twitter:creator\" content=\"@LatAmJournalism\" \/>\n<meta name=\"twitter:site\" content=\"@LatAmJournalism\" \/>\n<meta name=\"twitter:label1\" content=\"Written by\" \/>\n\t<meta name=\"twitter:data1\" content=\"Guest\" \/>\n\t<meta name=\"twitter:label2\" content=\"Est. reading time\" \/>\n\t<meta name=\"twitter:data2\" content=\"10 minutos\" \/>\n<script type=\"application\/ld+json\" class=\"yoast-schema-graph\">{\"@context\":\"https:\\\/\\\/schema.org\",\"@graph\":[{\"@type\":\"Article\",\"@id\":\"https:\\\/\\\/latamjournalismreview.org\\\/es\\\/articles\\\/9-libros-de-investigacion-periodistica-para-entender-mejor-america-latina\\\/#article\",\"isPartOf\":{\"@id\":\"https:\\\/\\\/latamjournalismreview.org\\\/es\\\/articles\\\/9-libros-de-investigacion-periodistica-para-entender-mejor-america-latina\\\/\"},\"author\":{\"name\":\"Guest\",\"@id\":\"https:\\\/\\\/latamjournalismreview.org\\\/es\\\/#\\\/schema\\\/person\\\/0315202e0b3c0963a2440f1c3012c360\"},\"headline\":\"9 libros de investigaci\u00f3n period\u00edstica para entender mejor Am\u00e9rica Latina\",\"datePublished\":\"2023-08-23T00:02:05+00:00\",\"dateModified\":\"2023-09-07T18:30:15+00:00\",\"mainEntityOfPage\":{\"@id\":\"https:\\\/\\\/latamjournalismreview.org\\\/es\\\/articles\\\/9-libros-de-investigacion-periodistica-para-entender-mejor-america-latina\\\/\"},\"wordCount\":2084,\"publisher\":{\"@id\":\"https:\\\/\\\/latamjournalismreview.org\\\/es\\\/#organization\"},\"image\":{\"@id\":\"https:\\\/\\\/latamjournalismreview.org\\\/es\\\/articles\\\/9-libros-de-investigacion-periodistica-para-entender-mejor-america-latina\\\/#primaryimage\"},\"thumbnailUrl\":\"https:\\\/\\\/latamjournalismreview.org\\\/wp-content\\\/uploads\\\/2023\\\/08\\\/FEATURED-Bookstore.png\",\"articleSection\":[\"Reportajes especiales\"],\"inLanguage\":\"es\"},{\"@type\":\"WebPage\",\"@id\":\"https:\\\/\\\/latamjournalismreview.org\\\/es\\\/articles\\\/9-libros-de-investigacion-periodistica-para-entender-mejor-america-latina\\\/\",\"url\":\"https:\\\/\\\/latamjournalismreview.org\\\/es\\\/articles\\\/9-libros-de-investigacion-periodistica-para-entender-mejor-america-latina\\\/\",\"name\":\"9 libros de investigaci\u00f3n period\u00edstica para entender mejor Am\u00e9rica Latina - LatAm Journalism Review\",\"isPartOf\":{\"@id\":\"https:\\\/\\\/latamjournalismreview.org\\\/es\\\/#website\"},\"primaryImageOfPage\":{\"@id\":\"https:\\\/\\\/latamjournalismreview.org\\\/es\\\/articles\\\/9-libros-de-investigacion-periodistica-para-entender-mejor-america-latina\\\/#primaryimage\"},\"image\":{\"@id\":\"https:\\\/\\\/latamjournalismreview.org\\\/es\\\/articles\\\/9-libros-de-investigacion-periodistica-para-entender-mejor-america-latina\\\/#primaryimage\"},\"thumbnailUrl\":\"https:\\\/\\\/latamjournalismreview.org\\\/wp-content\\\/uploads\\\/2023\\\/08\\\/FEATURED-Bookstore.png\",\"datePublished\":\"2023-08-23T00:02:05+00:00\",\"dateModified\":\"2023-09-07T18:30:15+00:00\",\"description\":\"9 libros de investigaci\u00f3n period\u00edstica para entender mejor Am\u00e9rica Latina Reportajes especiales. Latin American Journalism Review by The Knight Center at The University of Texas at Austin.\",\"breadcrumb\":{\"@id\":\"https:\\\/\\\/latamjournalismreview.org\\\/es\\\/articles\\\/9-libros-de-investigacion-periodistica-para-entender-mejor-america-latina\\\/#breadcrumb\"},\"inLanguage\":\"es\",\"potentialAction\":[{\"@type\":\"ReadAction\",\"target\":[\"https:\\\/\\\/latamjournalismreview.org\\\/es\\\/articles\\\/9-libros-de-investigacion-periodistica-para-entender-mejor-america-latina\\\/\"]}]},{\"@type\":\"ImageObject\",\"inLanguage\":\"es\",\"@id\":\"https:\\\/\\\/latamjournalismreview.org\\\/es\\\/articles\\\/9-libros-de-investigacion-periodistica-para-entender-mejor-america-latina\\\/#primaryimage\",\"url\":\"https:\\\/\\\/latamjournalismreview.org\\\/wp-content\\\/uploads\\\/2023\\\/08\\\/FEATURED-Bookstore.png\",\"contentUrl\":\"https:\\\/\\\/latamjournalismreview.org\\\/wp-content\\\/uploads\\\/2023\\\/08\\\/FEATURED-Bookstore.png\",\"width\":507,\"height\":340,\"caption\":\"A panoramic view of a splendid bookstore, with several floors; in the back, the curtains of a cinema theater\"},{\"@type\":\"BreadcrumbList\",\"@id\":\"https:\\\/\\\/latamjournalismreview.org\\\/es\\\/articles\\\/9-libros-de-investigacion-periodistica-para-entender-mejor-america-latina\\\/#breadcrumb\",\"itemListElement\":[{\"@type\":\"ListItem\",\"position\":1,\"name\":\"Home\",\"item\":\"https:\\\/\\\/latamjournalismreview.org\\\/es\\\/\"},{\"@type\":\"ListItem\",\"position\":2,\"name\":\"9 libros de investigaci\u00f3n period\u00edstica para entender mejor Am\u00e9rica Latina\"}]},{\"@type\":\"WebSite\",\"@id\":\"https:\\\/\\\/latamjournalismreview.org\\\/es\\\/#website\",\"url\":\"https:\\\/\\\/latamjournalismreview.org\\\/es\\\/\",\"name\":\"LatAm Journalism Review\",\"description\":\"Knight Center at The University of Texas\",\"publisher\":{\"@id\":\"https:\\\/\\\/latamjournalismreview.org\\\/es\\\/#organization\"},\"potentialAction\":[{\"@type\":\"SearchAction\",\"target\":{\"@type\":\"EntryPoint\",\"urlTemplate\":\"https:\\\/\\\/latamjournalismreview.org\\\/es\\\/?s={search_term_string}\"},\"query-input\":{\"@type\":\"PropertyValueSpecification\",\"valueRequired\":true,\"valueName\":\"search_term_string\"}}],\"inLanguage\":\"es\"},{\"@type\":\"Organization\",\"@id\":\"https:\\\/\\\/latamjournalismreview.org\\\/es\\\/#organization\",\"name\":\"LatAm Journalism Review\",\"url\":\"https:\\\/\\\/latamjournalismreview.org\\\/es\\\/\",\"logo\":{\"@type\":\"ImageObject\",\"inLanguage\":\"es\",\"@id\":\"https:\\\/\\\/latamjournalismreview.org\\\/es\\\/#\\\/schema\\\/logo\\\/image\\\/\",\"url\":\"https:\\\/\\\/latamjournalismreview.org\\\/wp-content\\\/uploads\\\/2020\\\/05\\\/knight-latAm-review-logo.svg\",\"contentUrl\":\"https:\\\/\\\/latamjournalismreview.org\\\/wp-content\\\/uploads\\\/2020\\\/05\\\/knight-latAm-review-logo.svg\",\"width\":\"1024\",\"height\":\"1024\",\"caption\":\"LatAm Journalism Review\"},\"image\":{\"@id\":\"https:\\\/\\\/latamjournalismreview.org\\\/es\\\/#\\\/schema\\\/logo\\\/image\\\/\"},\"sameAs\":[\"https:\\\/\\\/x.com\\\/LatAmJournalism\"]},{\"@type\":\"Person\",\"@id\":\"https:\\\/\\\/latamjournalismreview.org\\\/es\\\/#\\\/schema\\\/person\\\/0315202e0b3c0963a2440f1c3012c360\",\"name\":\"Guest\",\"url\":\"https:\\\/\\\/latamjournalismreview.org\\\/es\\\/articles\\\/author\\\/guest\\\/\"}]}<\/script>\n<!-- \/ Yoast SEO Premium plugin. -->","yoast_head_json":{"title":"9 libros de investigaci\u00f3n period\u00edstica para entender mejor Am\u00e9rica Latina - LatAm Journalism Review","description":"9 libros de investigaci\u00f3n period\u00edstica para entender mejor Am\u00e9rica Latina Reportajes especiales. Latin American Journalism Review by The Knight Center at The University of Texas at Austin.","robots":{"index":"index","follow":"follow","max-snippet":"max-snippet:-1","max-image-preview":"max-image-preview:large","max-video-preview":"max-video-preview:-1"},"canonical":"https:\/\/latamjournalismreview.org\/es\/articles\/9-libros-de-investigacion-periodistica-para-entender-mejor-america-latina\/","og_locale":"es_ES","og_type":"article","og_title":"9 libros de investigaci\u00f3n period\u00edstica para entender mejor Am\u00e9rica Latina","og_description":"9 libros de investigaci\u00f3n period\u00edstica para entender mejor Am\u00e9rica Latina Reportajes especiales. Latin American Journalism Review by The Knight Center at The University of Texas at Austin.","og_url":"https:\/\/latamjournalismreview.org\/es\/articles\/9-libros-de-investigacion-periodistica-para-entender-mejor-america-latina\/","og_site_name":"LatAm Journalism Review","article_published_time":"2023-08-23T00:02:05+00:00","article_modified_time":"2023-09-07T18:30:15+00:00","og_image":[{"width":507,"height":340,"url":"https:\/\/latamjournalismreview.org\/wp-content\/uploads\/2023\/08\/FEATURED-Bookstore.png","type":"image\/png"}],"author":"Guest","twitter_card":"summary_large_image","twitter_creator":"@LatAmJournalism","twitter_site":"@LatAmJournalism","twitter_misc":{"Written by":"Guest","Est. reading time":"10 minutos"},"schema":{"@context":"https:\/\/schema.org","@graph":[{"@type":"Article","@id":"https:\/\/latamjournalismreview.org\/es\/articles\/9-libros-de-investigacion-periodistica-para-entender-mejor-america-latina\/#article","isPartOf":{"@id":"https:\/\/latamjournalismreview.org\/es\/articles\/9-libros-de-investigacion-periodistica-para-entender-mejor-america-latina\/"},"author":{"name":"Guest","@id":"https:\/\/latamjournalismreview.org\/es\/#\/schema\/person\/0315202e0b3c0963a2440f1c3012c360"},"headline":"9 libros de investigaci\u00f3n period\u00edstica para entender mejor Am\u00e9rica Latina","datePublished":"2023-08-23T00:02:05+00:00","dateModified":"2023-09-07T18:30:15+00:00","mainEntityOfPage":{"@id":"https:\/\/latamjournalismreview.org\/es\/articles\/9-libros-de-investigacion-periodistica-para-entender-mejor-america-latina\/"},"wordCount":2084,"publisher":{"@id":"https:\/\/latamjournalismreview.org\/es\/#organization"},"image":{"@id":"https:\/\/latamjournalismreview.org\/es\/articles\/9-libros-de-investigacion-periodistica-para-entender-mejor-america-latina\/#primaryimage"},"thumbnailUrl":"https:\/\/latamjournalismreview.org\/wp-content\/uploads\/2023\/08\/FEATURED-Bookstore.png","articleSection":["Reportajes especiales"],"inLanguage":"es"},{"@type":"WebPage","@id":"https:\/\/latamjournalismreview.org\/es\/articles\/9-libros-de-investigacion-periodistica-para-entender-mejor-america-latina\/","url":"https:\/\/latamjournalismreview.org\/es\/articles\/9-libros-de-investigacion-periodistica-para-entender-mejor-america-latina\/","name":"9 libros de investigaci\u00f3n period\u00edstica para entender mejor Am\u00e9rica Latina - LatAm Journalism Review","isPartOf":{"@id":"https:\/\/latamjournalismreview.org\/es\/#website"},"primaryImageOfPage":{"@id":"https:\/\/latamjournalismreview.org\/es\/articles\/9-libros-de-investigacion-periodistica-para-entender-mejor-america-latina\/#primaryimage"},"image":{"@id":"https:\/\/latamjournalismreview.org\/es\/articles\/9-libros-de-investigacion-periodistica-para-entender-mejor-america-latina\/#primaryimage"},"thumbnailUrl":"https:\/\/latamjournalismreview.org\/wp-content\/uploads\/2023\/08\/FEATURED-Bookstore.png","datePublished":"2023-08-23T00:02:05+00:00","dateModified":"2023-09-07T18:30:15+00:00","description":"9 libros de investigaci\u00f3n period\u00edstica para entender mejor Am\u00e9rica Latina Reportajes especiales. Latin American Journalism Review by The Knight Center at The University of Texas at Austin.","breadcrumb":{"@id":"https:\/\/latamjournalismreview.org\/es\/articles\/9-libros-de-investigacion-periodistica-para-entender-mejor-america-latina\/#breadcrumb"},"inLanguage":"es","potentialAction":[{"@type":"ReadAction","target":["https:\/\/latamjournalismreview.org\/es\/articles\/9-libros-de-investigacion-periodistica-para-entender-mejor-america-latina\/"]}]},{"@type":"ImageObject","inLanguage":"es","@id":"https:\/\/latamjournalismreview.org\/es\/articles\/9-libros-de-investigacion-periodistica-para-entender-mejor-america-latina\/#primaryimage","url":"https:\/\/latamjournalismreview.org\/wp-content\/uploads\/2023\/08\/FEATURED-Bookstore.png","contentUrl":"https:\/\/latamjournalismreview.org\/wp-content\/uploads\/2023\/08\/FEATURED-Bookstore.png","width":507,"height":340,"caption":"A panoramic view of a splendid bookstore, with several floors; in the back, the curtains of a cinema theater"},{"@type":"BreadcrumbList","@id":"https:\/\/latamjournalismreview.org\/es\/articles\/9-libros-de-investigacion-periodistica-para-entender-mejor-america-latina\/#breadcrumb","itemListElement":[{"@type":"ListItem","position":1,"name":"Home","item":"https:\/\/latamjournalismreview.org\/es\/"},{"@type":"ListItem","position":2,"name":"9 libros de investigaci\u00f3n period\u00edstica para entender mejor Am\u00e9rica Latina"}]},{"@type":"WebSite","@id":"https:\/\/latamjournalismreview.org\/es\/#website","url":"https:\/\/latamjournalismreview.org\/es\/","name":"LatAm Journalism Review","description":"Knight Center at The University of Texas","publisher":{"@id":"https:\/\/latamjournalismreview.org\/es\/#organization"},"potentialAction":[{"@type":"SearchAction","target":{"@type":"EntryPoint","urlTemplate":"https:\/\/latamjournalismreview.org\/es\/?s={search_term_string}"},"query-input":{"@type":"PropertyValueSpecification","valueRequired":true,"valueName":"search_term_string"}}],"inLanguage":"es"},{"@type":"Organization","@id":"https:\/\/latamjournalismreview.org\/es\/#organization","name":"LatAm Journalism Review","url":"https:\/\/latamjournalismreview.org\/es\/","logo":{"@type":"ImageObject","inLanguage":"es","@id":"https:\/\/latamjournalismreview.org\/es\/#\/schema\/logo\/image\/","url":"https:\/\/latamjournalismreview.org\/wp-content\/uploads\/2020\/05\/knight-latAm-review-logo.svg","contentUrl":"https:\/\/latamjournalismreview.org\/wp-content\/uploads\/2020\/05\/knight-latAm-review-logo.svg","width":"1024","height":"1024","caption":"LatAm Journalism Review"},"image":{"@id":"https:\/\/latamjournalismreview.org\/es\/#\/schema\/logo\/image\/"},"sameAs":["https:\/\/x.com\/LatAmJournalism"]},{"@type":"Person","@id":"https:\/\/latamjournalismreview.org\/es\/#\/schema\/person\/0315202e0b3c0963a2440f1c3012c360","name":"Guest","url":"https:\/\/latamjournalismreview.org\/es\/articles\/author\/guest\/"}]}},"_links":{"self":[{"href":"https:\/\/latamjournalismreview.org\/es\/wp-json\/wp\/v2\/posts\/79119","targetHints":{"allow":["GET"]}}],"collection":[{"href":"https:\/\/latamjournalismreview.org\/es\/wp-json\/wp\/v2\/posts"}],"about":[{"href":"https:\/\/latamjournalismreview.org\/es\/wp-json\/wp\/v2\/types\/post"}],"author":[{"embeddable":true,"href":"https:\/\/latamjournalismreview.org\/es\/wp-json\/wp\/v2\/users\/17"}],"replies":[{"embeddable":true,"href":"https:\/\/latamjournalismreview.org\/es\/wp-json\/wp\/v2\/comments?post=79119"}],"version-history":[{"count":5,"href":"https:\/\/latamjournalismreview.org\/es\/wp-json\/wp\/v2\/posts\/79119\/revisions"}],"predecessor-version":[{"id":79168,"href":"https:\/\/latamjournalismreview.org\/es\/wp-json\/wp\/v2\/posts\/79119\/revisions\/79168"}],"wp:featuredmedia":[{"embeddable":true,"href":"https:\/\/latamjournalismreview.org\/es\/wp-json\/wp\/v2\/media\/79112"}],"wp:attachment":[{"href":"https:\/\/latamjournalismreview.org\/es\/wp-json\/wp\/v2\/media?parent=79119"}],"wp:term":[{"taxonomy":"category","embeddable":true,"href":"https:\/\/latamjournalismreview.org\/es\/wp-json\/wp\/v2\/categories?post=79119"},{"taxonomy":"post_tag","embeddable":true,"href":"https:\/\/latamjournalismreview.org\/es\/wp-json\/wp\/v2\/tags?post=79119"},{"taxonomy":"author","embeddable":true,"href":"https:\/\/latamjournalismreview.org\/es\/wp-json\/wp\/v2\/coauthors?post=79119"}],"curies":[{"name":"wp","href":"https:\/\/api.w.org\/{rel}","templated":true}]}}