{"id":79748,"date":"2023-09-12T15:48:44","date_gmt":"2023-09-12T20:48:44","guid":{"rendered":"https:\/\/latamjournalismreview.org\/?p=79748"},"modified":"2023-09-13T13:06:20","modified_gmt":"2023-09-13T18:06:20","slug":"mi-11-de-septiembre-a-50-anos-del-golpe-de-estado-en-chile-periodistas-de-ese-pais-recuerdan-como-vivieron-el-inicio-de-la-dictadura","status":"publish","type":"post","link":"https:\/\/latamjournalismreview.org\/es\/articles\/mi-11-de-septiembre-a-50-anos-del-golpe-de-estado-en-chile-periodistas-de-ese-pais-recuerdan-como-vivieron-el-inicio-de-la-dictadura\/","title":{"rendered":"\u2018Mi 11 de Septiembre\u2019: a 50 a\u00f1os del golpe de Estado en Chile, periodistas recuerdan c\u00f3mo vivieron el inicio de la dictadura"},"content":{"rendered":"<p dir=\"ltr\">Una herida viva de la historia de Chile, el golpe de Estado que derroc\u00f3 al gobierno democr\u00e1ticamente elegido de Salvador Allende para imponer una dictadura de 17 a\u00f1os afect\u00f3 tambi\u00e9n a la prensa del pa\u00eds. Bombardeados, encarcelados, obligados a la censura, la tortura, el exilio y la muerte, los periodistas chilenos lucharon, sin embargo, por contar versiones de los hechos inc\u00f3modas para los usurpadores del poder.<\/p>\n<p dir=\"ltr\">En el 50 aniversario del golpe, que se cumpli\u00f3 este lunes, recordar c\u00f3mo vivieron los periodistas chilenos aquella jornada del 11 de septiembre de 1973 es tambi\u00e9n recordar ejemplos de tenacidad, coraje y desconcierto ante la llegada del autoritarismo. En medio de cohetes lanzados contra las redacciones y tanques en las calles, los profesionales de la prensa lucharon por mantener sus radios en el aire, informar desde las cercan\u00edas del Palacio de La Moneda y salvar grabaciones con registros hist\u00f3ricos.<\/p>\n<p dir=\"ltr\">Parte de estos relatos se pueden encontrar en el libro \"<a href=\"https:\/\/lom.cl\/products\/mi-11-de-septiembre-24-perioditas-relatan-su-vivencia\" target=\"_blank\" rel=\"noopener noreferrer\"><u>Mi 11 de Septiembre: 24 periodistas relatan su vivencia<\/u><\/a>\", de Lom Ediciones, lanzado en 2017 y reeditado con motivo del 50 aniversario del golpe. El libro recoge 24 relatos de periodistas chilenos de izquierda que recuerdan uno de los d\u00edas m\u00e1s decisivos de la historia del pa\u00eds. En palabras de su editor, Leonardo C\u00e1ceres C., en el prefacio, la obra es \"es un esfuerzo m\u00e1s para combatir la amnesia que a veces afecta a muchos y, en especial, a la sociedad chilena en su conjunto\".<\/p>\n<p dir=\"ltr\">La mayor\u00eda de los casos se centran en la madrugada del d\u00eda 11, desde el amanecer hasta bien entrada la ma\u00f1ana, cuando el Palacio de La Moneda, donde se encontraba Allende, fue bombardeado por aviones de combate. La crisis chilena se prolongaba desde hac\u00eda meses y hab\u00eda expectativas de golpe de Estado. Incluso antes de las 8 de la ma\u00f1ana, con la noticia de que hab\u00eda un levantamiento de la Marina en la ciudad costera de Valpara\u00edso, los periodistas se dieron cuenta de que estaban viviendo un momento hist\u00f3rico.<\/p>\n<p dir=\"ltr\">\"Sab\u00edamos que se anticipaba una jornada intensa, quiz\u00e1s una de las m\u00e1s duras de nuestras vidas, y que deb\u00edamos entregarnos por entero en esas transmisiones\", escribe Sergio Campos, que llevaba tres a\u00f1os trabajando en Radio Corporaci\u00f3n y m\u00e1s tarde se convirti\u00f3 en el ganador del Premio Nacional de Periodismo de Chile (2011) y decano de la Facultad de Comunicaci\u00f3n de la Universidad Central.<\/p>\n<p dir=\"ltr\">Una de las historias m\u00e1s cruciales del libro es c\u00f3mo Radio Magallanes, que entonces formaba parte de \"Voz de la Patria\", una cadena de radiodifusoras de izquierda que apoyaba voluntariamente al gobierno de la Unidad Popular, se empe\u00f1\u00f3 en transmitir el \u00faltimo discurso de Allende. El presidente se dirigi\u00f3 a la naci\u00f3n cinco veces durante el golpe, a las 7:55, 8:15, 8:45, 9:03 y 9:10 de la ma\u00f1ana.<\/p>\n<p dir=\"ltr\">En los dos \u00faltimos discursos, Radio Magallanes fue el \u00fanico canal utilizado. C\u00e1ceres, entonces jefe de prensa de la emisora, recuerda lo sucedido: \"[El director de la radio Guillermo] Ravest nos dijo, por comunicaci\u00f3n interna, que Allende estaba en l\u00ednea y que ten\u00edamos que anunciarlo de inmediato. El control, Amado Felipo, alcanz\u00f3 a poner en el aire los primeros acordes de la Canci\u00f3n Nacional, sobre la cual yo intent\u00e9 anunciar al Presidente. Pero \u00e9ste ya estaba hablando\u201d.<\/p>\n<p dir=\"ltr\">C\u00e1ceres transcribi\u00f3 entonces el comienzo del hist\u00f3rico discurso de Allende, pronunciado de improviso:<\/p>\n<p dir=\"ltr\">\"Seguramente, \u00e9sta ser\u00e1 la \u00faltima oportunidad en que pueda dirigirme a ustedes. Mis palabras no tienen amargura, sino decepci\u00f3n... \u00a1Yo no voy a renunciar! Colocado en un tr\u00e1nsito hist\u00f3rico, pagar\u00e9 con mi vida la lealtad del pueblo\".<\/p>\n<p dir=\"ltr\">Menos de una hora despu\u00e9s, a las 10 de la ma\u00f1ana, Radio Magallanes fue bombardeada y ametrallada. Tras un asalto, cuatro periodistas fueron llevados prisioneros. A las 10:27 cesaron las emisiones. Entre los que escaparon, varios periodistas salieron de la redacci\u00f3n con cintas magn\u00e9ticas que conten\u00edan copias de la emisi\u00f3n de la ma\u00f1ana, incluido el hist\u00f3rico discurso. C\u00e1ceres parti\u00f3 al exilio, al que regres\u00f3 a mediados de los a\u00f1os 80.<\/p>\n<p dir=\"ltr\">Seg\u00fan el libro, la \u00faltima radiodifusora antigolpista suspendida fue Radio Candelaria, que perdi\u00f3 su se\u00f1al minutos antes de que los cazas Hawker Hunter bombardearan La Moneda a las 11:52 de la ma\u00f1ana. Jorge Andr\u00e9s Richards, jefe de prensa de la emisora, fue sorprendido llevando copias de la transmisi\u00f3n a su casa, y un oficial escuch\u00f3 las grabaciones contra el golpe:<\/p>\n<p dir=\"ltr\">\"Mi defensa fue decir que nuestros mensajes siempre fueron una llamada a defender el gobierno democr\u00e1ticamente elegido, la Constituci\u00f3n y el Estado de Derecho. Me mantuve firme en que defend\u00edamos principios republicanos y que en ning\u00fan momento llam\u00e1bamos a la insurrecci\u00f3n popular, ni a tomar las armas. Tras un par de horas, me dejaron en libertad\", recuerda en el texto.<\/p>\n<div id=\"attachment_79740\" style=\"width: 291px\" class=\"wp-caption alignright\"><img loading=\"lazy\" decoding=\"async\" aria-describedby=\"caption-attachment-79740\" class=\"wp-image-79742\" src=\"https:\/\/latamjournalismreview.org\/wp-content\/uploads\/2023\/09\/PortadaMi11deseptiembre_1024x1024.jpg\" alt=\"Book cover of 'Mi 11 de Septiembre: 24 periodistas relatan su vivencia' featuring a black and white photograph of debris inside La Moneda Palace, a vivid reminder of the 1973 Chilean coup. The image serves as a somber backdrop for the title text\" width=\"281\" height=\"420\" srcset=\"https:\/\/latamjournalismreview.org\/wp-content\/uploads\/2023\/09\/PortadaMi11deseptiembre_1024x1024.jpg 685w, https:\/\/latamjournalismreview.org\/wp-content\/uploads\/2023\/09\/PortadaMi11deseptiembre_1024x1024-201x300.jpg 201w\" sizes=\"auto, (max-width: 281px) 100vw, 281px\" \/><p id=\"caption-attachment-79740\" class=\"wp-caption-text\">Portada del libro \"Mi 11-S: 24 periodistas relatan su experiencia\".<\/p><\/div>\n<p dir=\"ltr\">El libro cuenta tambi\u00e9n c\u00f3mo la desinformaci\u00f3n se apoder\u00f3 de los propios periodistas, que se vieron rodeados de rumores. Se rumoreaba, por ejemplo, que el general Carlos Pratts, comandante del ej\u00e9rcito hasta que fue sustituido por Pinochet tres semanas antes, no se hab\u00eda unido al golpe en el sur del pa\u00eds y marchaba hacia la capital. Tambi\u00e9n hubo discrepancias sobre si Allende estaba vivo o no. Al final del d\u00eda, se hab\u00eda formado una red informal v\u00eda telef\u00f3nica entre periodistas para establecer contactos e informaciones confiables.<\/p>\n<p dir=\"ltr\">\"En conjunto logramos armar una central de noticias, recogiendo cuanto pod\u00edamos, de lo que estaba pasando. Ya ese mismo d\u00eda 11 supimos que hab\u00eda cad\u00e1veres en el r\u00edo Mapocho, que hab\u00eda empresas con trabajadores atrincherados, que despu\u00e9s eran apresados unos y fusilados otros\u201d, recuerda la periodista Gladys D\u00edaz, quien tambi\u00e9n fue militante del Movimiento de Izquierda Revolucionaria (MIR).<\/p>\n<p dir=\"ltr\">Todos los periodistas incluidos en el libro se consideraban de izquierda y trabajaban para medios que apoyaban al gobierno, y casi todos ten\u00edan afiliaci\u00f3n partidista, lo que significa que falta otro \u00e1ngulo de los acontecimientos de aquel d\u00eda: los periodistas, de izquierda o de derecha, que trabajaban para medios chilenos que apoyaron el golpe. Esta perspectiva s\u00f3lo aparece muy brevemente en uno de los reportajes, el de un periodista que, de camino a su casa, se cruz\u00f3 en la calle con dos colegas conservadores, at\u00f3nitos ante lo que estaba ocurriendo.<\/p>\n<p dir=\"ltr\">Asfixiada la prensa chilena, varios periodistas encontraron refugio en medios extranjeros y fuera de Chile, como Jorge Pi\u00f1a, que m\u00e1s tarde fue corresponsal en Roma. Los que se quedaron, seg\u00fan Enrique F\u00e9rnandez, vivieron otro tipo de exilio.<\/p>\n<p dir=\"ltr\">\"Los que no partimos al exilio nos convertimos en exiliados dentro de nuestro pa\u00eds. Los medios de comunicaci\u00f3n partidarios del Gobierno constitucional fueron clausurados y no pod\u00edamos trabajar en la prensa controlada por los militares por dos razones: porque rechaz\u00e1bamos la dictadura y porque nuestros nombres figuraban en las 'listas negras' que elaboraron otros colegas nuestros, partidarios del r\u00e9gimen de Pinochet. Organizamos en cambio redes clandestinas de informaci\u00f3n para transmitir al exterior lo que estaba ocurriendo\", recuerda Fern\u00e1ndez.<\/p>\n<p dir=\"ltr\">La nueva edici\u00f3n del libro fue lanzada el 25 de julio\u00a0<a href=\"https:\/\/www.youtube.com\/watch?v=3kjGI8vTudk\" target=\"_blank\" rel=\"noopener noreferrer\"><u>en un acto en la Universidad de Chile<\/u><\/a>, en el que participaron el Presidente de la Rep\u00fablica, Gabriel Boric; la ministra del Interior y Seguridad P\u00fablica, Carolina Toh\u00e1; el ministro de Justicia, Luis Cordero; y la ministra de Bienes Nacionales, Javiera Toro, adem\u00e1s de diversas autoridades universitarias y representantes de las comunicaciones.<\/p>\n<p dir=\"ltr\">En esa ocasi\u00f3n, el editor C\u00e1ceres reflexion\u00f3 sobre el prop\u00f3sito del libro.<\/p>\n<p dir=\"ltr\">\"En este a\u00f1o y en estos d\u00edas en que se cumplen 50 a\u00f1os del golpe civil y militar, hemos pensado que los autores de este libro y periodistas que trabajamos ese d\u00eda 11 [de septiembre], somos sobrevivientes y tambi\u00e9n privilegiados, porque fuimos observadores y protagonistas, al mismo tiempo, de un hecho hist\u00f3rico que parti\u00f3 en dos la vida del pa\u00eds y de todos los chilenos\", dijo. \"La memoria es pasado y presente, y es esencial en la construcci\u00f3n del futuro. Por eso presentamos este libro\u201d.<\/p>\n<p dir=\"ltr\"><em> (Foto en el menu: Biblioteca del Congreso Nacional de Chile\/ CC License 3.0; Foto del Banner: Julio Pinar Ferrada- CC BY-SA 2.) <\/em><\/p>\n","protected":false},"excerpt":{"rendered":"<p>Un libro con testimonios de primera mano de periodistas que enfrentaron bombardeos, detenciones y censura mientras luchaban por informar durante el estallido del golpe de 1973 en Chile fue reeditado con motivo del 50 aniversario de ese fat\u00eddico d\u00eda. La obra pretende combatir la \"amnesia colectiva\" sobre un acontecimiento crucial que cambi\u00f3 ese pa\u00eds para siempre.<\/p>\n","protected":false},"author":63,"featured_media":79733,"comment_status":"closed","ping_status":"closed","sticky":false,"template":"","format":"standard","meta":{"inline_featured_image":false,"footnotes":""},"categories":[1220],"tags":[1434,1522],"coauthors":[],"class_list":["post-79748","post","type-post","status-publish","format-standard","has-post-thumbnail","hentry","category-libertad-de-prensa-es","tag-chile-es","tag-amenazas-contra-periodistas-es"],"acf":[],"yoast_head":"<!-- This site is optimized with the Yoast SEO Premium plugin v22.6 (Yoast SEO v27.4) - https:\/\/yoast.com\/product\/yoast-seo-premium-wordpress\/ -->\n<title>\u2018Mi 11 de Septiembre\u2019: a 50 a\u00f1os del golpe de Estado en Chile, periodistas recuerdan c\u00f3mo vivieron el inicio de la dictadura - LatAm Journalism Review<\/title>\n<meta name=\"description\" content=\"\u2018Mi 11 de Septiembre\u2019: a 50 a\u00f1os del golpe de Estado en Chile, periodistas recuerdan c\u00f3mo vivieron el inicio de la dictadura Libertad de prensa. Latin American Journalism Review by The Knight Center at The University of Texas at Austin.\" \/>\n<meta name=\"robots\" content=\"index, follow, max-snippet:-1, max-image-preview:large, max-video-preview:-1\" \/>\n<link rel=\"canonical\" href=\"https:\/\/latamjournalismreview.org\/es\/articles\/mi-11-de-septiembre-a-50-anos-del-golpe-de-estado-en-chile-periodistas-de-ese-pais-recuerdan-como-vivieron-el-inicio-de-la-dictadura\/\" \/>\n<meta property=\"og:locale\" content=\"es_ES\" \/>\n<meta property=\"og:type\" content=\"article\" \/>\n<meta property=\"og:title\" content=\"\u2018Mi 11 de Septiembre\u2019: a 50 a\u00f1os del golpe de Estado en Chile, periodistas recuerdan c\u00f3mo vivieron el inicio de la dictadura\" \/>\n<meta property=\"og:description\" content=\"\u2018Mi 11 de Septiembre\u2019: a 50 a\u00f1os del golpe de Estado en Chile, periodistas recuerdan c\u00f3mo vivieron el inicio de la dictadura Libertad de prensa. Latin American Journalism Review by The Knight Center at The University of Texas at Austin.\" \/>\n<meta property=\"og:url\" content=\"https:\/\/latamjournalismreview.org\/es\/articles\/mi-11-de-septiembre-a-50-anos-del-golpe-de-estado-en-chile-periodistas-de-ese-pais-recuerdan-como-vivieron-el-inicio-de-la-dictadura\/\" \/>\n<meta property=\"og:site_name\" content=\"LatAm Journalism Review\" \/>\n<meta property=\"article:published_time\" content=\"2023-09-12T20:48:44+00:00\" \/>\n<meta property=\"article:modified_time\" content=\"2023-09-13T18:06:20+00:00\" \/>\n<meta property=\"og:image\" content=\"https:\/\/latamjournalismreview.org\/wp-content\/uploads\/2023\/09\/Featured-Chile-1973-1.png\" \/>\n\t<meta property=\"og:image:width\" content=\"507\" \/>\n\t<meta property=\"og:image:height\" content=\"340\" \/>\n\t<meta property=\"og:image:type\" content=\"image\/png\" \/>\n<meta name=\"author\" content=\"Andr\u00e9 Duchiade\" \/>\n<meta name=\"twitter:card\" content=\"summary_large_image\" \/>\n<meta name=\"twitter:creator\" content=\"@duchiadeandre\" \/>\n<meta name=\"twitter:site\" content=\"@LatAmJournalism\" \/>\n<meta name=\"twitter:label1\" content=\"Written by\" \/>\n\t<meta name=\"twitter:data1\" content=\"Andr\u00e9 Duchiade\" \/>\n\t<meta name=\"twitter:label2\" content=\"Est. reading time\" \/>\n\t<meta name=\"twitter:data2\" content=\"7 minutos\" \/>\n<script type=\"application\/ld+json\" class=\"yoast-schema-graph\">{\"@context\":\"https:\\\/\\\/schema.org\",\"@graph\":[{\"@type\":\"Article\",\"@id\":\"https:\\\/\\\/latamjournalismreview.org\\\/es\\\/articles\\\/mi-11-de-septiembre-a-50-anos-del-golpe-de-estado-en-chile-periodistas-de-ese-pais-recuerdan-como-vivieron-el-inicio-de-la-dictadura\\\/#article\",\"isPartOf\":{\"@id\":\"https:\\\/\\\/latamjournalismreview.org\\\/es\\\/articles\\\/mi-11-de-septiembre-a-50-anos-del-golpe-de-estado-en-chile-periodistas-de-ese-pais-recuerdan-como-vivieron-el-inicio-de-la-dictadura\\\/\"},\"author\":{\"name\":\"Andr\u00e9 Duchiade\",\"@id\":\"https:\\\/\\\/latamjournalismreview.org\\\/es\\\/#\\\/schema\\\/person\\\/4a1fa2e1f971d8470c7b9fc6fe72468b\"},\"headline\":\"\u2018Mi 11 de Septiembre\u2019: a 50 a\u00f1os del golpe de Estado en Chile, periodistas recuerdan c\u00f3mo vivieron el inicio de la dictadura\",\"datePublished\":\"2023-09-12T20:48:44+00:00\",\"dateModified\":\"2023-09-13T18:06:20+00:00\",\"mainEntityOfPage\":{\"@id\":\"https:\\\/\\\/latamjournalismreview.org\\\/es\\\/articles\\\/mi-11-de-septiembre-a-50-anos-del-golpe-de-estado-en-chile-periodistas-de-ese-pais-recuerdan-como-vivieron-el-inicio-de-la-dictadura\\\/\"},\"wordCount\":1437,\"publisher\":{\"@id\":\"https:\\\/\\\/latamjournalismreview.org\\\/es\\\/#organization\"},\"image\":{\"@id\":\"https:\\\/\\\/latamjournalismreview.org\\\/es\\\/articles\\\/mi-11-de-septiembre-a-50-anos-del-golpe-de-estado-en-chile-periodistas-de-ese-pais-recuerdan-como-vivieron-el-inicio-de-la-dictadura\\\/#primaryimage\"},\"thumbnailUrl\":\"https:\\\/\\\/latamjournalismreview.org\\\/wp-content\\\/uploads\\\/2023\\\/09\\\/Featured-Chile-1973-1.png\",\"keywords\":[\"Chile\",\"Amenazas contra periodistas\"],\"articleSection\":[\"Libertad de prensa\"],\"inLanguage\":\"es\"},{\"@type\":\"WebPage\",\"@id\":\"https:\\\/\\\/latamjournalismreview.org\\\/es\\\/articles\\\/mi-11-de-septiembre-a-50-anos-del-golpe-de-estado-en-chile-periodistas-de-ese-pais-recuerdan-como-vivieron-el-inicio-de-la-dictadura\\\/\",\"url\":\"https:\\\/\\\/latamjournalismreview.org\\\/es\\\/articles\\\/mi-11-de-septiembre-a-50-anos-del-golpe-de-estado-en-chile-periodistas-de-ese-pais-recuerdan-como-vivieron-el-inicio-de-la-dictadura\\\/\",\"name\":\"\u2018Mi 11 de Septiembre\u2019: a 50 a\u00f1os del golpe de Estado en Chile, periodistas recuerdan c\u00f3mo vivieron el inicio de la dictadura - LatAm Journalism Review\",\"isPartOf\":{\"@id\":\"https:\\\/\\\/latamjournalismreview.org\\\/es\\\/#website\"},\"primaryImageOfPage\":{\"@id\":\"https:\\\/\\\/latamjournalismreview.org\\\/es\\\/articles\\\/mi-11-de-septiembre-a-50-anos-del-golpe-de-estado-en-chile-periodistas-de-ese-pais-recuerdan-como-vivieron-el-inicio-de-la-dictadura\\\/#primaryimage\"},\"image\":{\"@id\":\"https:\\\/\\\/latamjournalismreview.org\\\/es\\\/articles\\\/mi-11-de-septiembre-a-50-anos-del-golpe-de-estado-en-chile-periodistas-de-ese-pais-recuerdan-como-vivieron-el-inicio-de-la-dictadura\\\/#primaryimage\"},\"thumbnailUrl\":\"https:\\\/\\\/latamjournalismreview.org\\\/wp-content\\\/uploads\\\/2023\\\/09\\\/Featured-Chile-1973-1.png\",\"datePublished\":\"2023-09-12T20:48:44+00:00\",\"dateModified\":\"2023-09-13T18:06:20+00:00\",\"description\":\"\u2018Mi 11 de Septiembre\u2019: a 50 a\u00f1os del golpe de Estado en Chile, periodistas recuerdan c\u00f3mo vivieron el inicio de la dictadura Libertad de prensa. Latin American Journalism Review by The Knight Center at The University of Texas at Austin.\",\"breadcrumb\":{\"@id\":\"https:\\\/\\\/latamjournalismreview.org\\\/es\\\/articles\\\/mi-11-de-septiembre-a-50-anos-del-golpe-de-estado-en-chile-periodistas-de-ese-pais-recuerdan-como-vivieron-el-inicio-de-la-dictadura\\\/#breadcrumb\"},\"inLanguage\":\"es\",\"potentialAction\":[{\"@type\":\"ReadAction\",\"target\":[\"https:\\\/\\\/latamjournalismreview.org\\\/es\\\/articles\\\/mi-11-de-septiembre-a-50-anos-del-golpe-de-estado-en-chile-periodistas-de-ese-pais-recuerdan-como-vivieron-el-inicio-de-la-dictadura\\\/\"]}]},{\"@type\":\"ImageObject\",\"inLanguage\":\"es\",\"@id\":\"https:\\\/\\\/latamjournalismreview.org\\\/es\\\/articles\\\/mi-11-de-septiembre-a-50-anos-del-golpe-de-estado-en-chile-periodistas-de-ese-pais-recuerdan-como-vivieron-el-inicio-de-la-dictadura\\\/#primaryimage\",\"url\":\"https:\\\/\\\/latamjournalismreview.org\\\/wp-content\\\/uploads\\\/2023\\\/09\\\/Featured-Chile-1973-1.png\",\"contentUrl\":\"https:\\\/\\\/latamjournalismreview.org\\\/wp-content\\\/uploads\\\/2023\\\/09\\\/Featured-Chile-1973-1.png\",\"width\":507,\"height\":340,\"caption\":\"A Defining Moment: The Bombing of La Moneda Palace during the 1973 Chilean Coup (Photo:\"},{\"@type\":\"BreadcrumbList\",\"@id\":\"https:\\\/\\\/latamjournalismreview.org\\\/es\\\/articles\\\/mi-11-de-septiembre-a-50-anos-del-golpe-de-estado-en-chile-periodistas-de-ese-pais-recuerdan-como-vivieron-el-inicio-de-la-dictadura\\\/#breadcrumb\",\"itemListElement\":[{\"@type\":\"ListItem\",\"position\":1,\"name\":\"Home\",\"item\":\"https:\\\/\\\/latamjournalismreview.org\\\/es\\\/\"},{\"@type\":\"ListItem\",\"position\":2,\"name\":\"\u2018Mi 11 de Septiembre\u2019: a 50 a\u00f1os del golpe de Estado en Chile, periodistas recuerdan c\u00f3mo vivieron el inicio de la dictadura\"}]},{\"@type\":\"WebSite\",\"@id\":\"https:\\\/\\\/latamjournalismreview.org\\\/es\\\/#website\",\"url\":\"https:\\\/\\\/latamjournalismreview.org\\\/es\\\/\",\"name\":\"LatAm Journalism Review\",\"description\":\"Knight Center at The University of Texas\",\"publisher\":{\"@id\":\"https:\\\/\\\/latamjournalismreview.org\\\/es\\\/#organization\"},\"potentialAction\":[{\"@type\":\"SearchAction\",\"target\":{\"@type\":\"EntryPoint\",\"urlTemplate\":\"https:\\\/\\\/latamjournalismreview.org\\\/es\\\/?s={search_term_string}\"},\"query-input\":{\"@type\":\"PropertyValueSpecification\",\"valueRequired\":true,\"valueName\":\"search_term_string\"}}],\"inLanguage\":\"es\"},{\"@type\":\"Organization\",\"@id\":\"https:\\\/\\\/latamjournalismreview.org\\\/es\\\/#organization\",\"name\":\"LatAm Journalism Review\",\"url\":\"https:\\\/\\\/latamjournalismreview.org\\\/es\\\/\",\"logo\":{\"@type\":\"ImageObject\",\"inLanguage\":\"es\",\"@id\":\"https:\\\/\\\/latamjournalismreview.org\\\/es\\\/#\\\/schema\\\/logo\\\/image\\\/\",\"url\":\"https:\\\/\\\/latamjournalismreview.org\\\/wp-content\\\/uploads\\\/2020\\\/05\\\/knight-latAm-review-logo.svg\",\"contentUrl\":\"https:\\\/\\\/latamjournalismreview.org\\\/wp-content\\\/uploads\\\/2020\\\/05\\\/knight-latAm-review-logo.svg\",\"width\":\"1024\",\"height\":\"1024\",\"caption\":\"LatAm Journalism Review\"},\"image\":{\"@id\":\"https:\\\/\\\/latamjournalismreview.org\\\/es\\\/#\\\/schema\\\/logo\\\/image\\\/\"},\"sameAs\":[\"https:\\\/\\\/x.com\\\/LatAmJournalism\"]},{\"@type\":\"Person\",\"@id\":\"https:\\\/\\\/latamjournalismreview.org\\\/es\\\/#\\\/schema\\\/person\\\/4a1fa2e1f971d8470c7b9fc6fe72468b\",\"name\":\"Andr\u00e9 Duchiade\",\"description\":\"Andr\u00e9 Duchiade is a Brazilian journalist and translator based in Rio de Janeiro. Andr\u00e9 worked on the international politics desk at O Globo from 2018 to February 2023, and his stories have been published at The Scientific American, The Intercept, \u00c9poca, and Ag\u00eancia P\u00fablica de Jornalismo, among others. He is also a former Media Fellow at the Global Public Policy Institute (GPPi) in Berlin. Andr\u00e9 Duchiade es un periodista y traductor brasile\u00f1o que vive en R\u00edo de Janeiro. Andr\u00e9 trabaj\u00f3 en la redacci\u00f3n de pol\u00edtica internacional de O Globo entre 2018 y febrero de 2023, y se han publicado historias suyas en The Scientific American, The Intercept, \u00c9poca y Ag\u00eancia P\u00fablica de Jornalismo, entre otros. Tambi\u00e9n fue Media Fellow en el Global Public Policy Institute (GPPi) de Berl\u00edn. Andr\u00e9 Duchiade \u00e9 um jornalista e tradutor brasileiro que mora no Rio de Janeiro. Andr\u00e9 trabalhou como rep\u00f3rter na editoria de pol\u00edtica internacional de O Globo entre 2018 e fevereiro de 2023, e suas mat\u00e9ria foram publicadas em The Scientific American, The Intercept, \u00c9poca, Jornal do Brasil e Ag\u00eancia P\u00fablica de Jornalismo, entre outros. Ele tamb\u00e9m foi fellow de m\u00eddia no Global Public Policy Institute (GPPi) em Berlim em 2020 e 2021.\",\"sameAs\":[\"https:\\\/\\\/x.com\\\/duchiadeandre\"],\"url\":\"https:\\\/\\\/latamjournalismreview.org\\\/es\\\/articles\\\/author\\\/andre-duchiade\\\/\"}]}<\/script>\n<!-- \/ Yoast SEO Premium plugin. -->","yoast_head_json":{"title":"\u2018Mi 11 de Septiembre\u2019: a 50 a\u00f1os del golpe de Estado en Chile, periodistas recuerdan c\u00f3mo vivieron el inicio de la dictadura - LatAm Journalism Review","description":"\u2018Mi 11 de Septiembre\u2019: a 50 a\u00f1os del golpe de Estado en Chile, periodistas recuerdan c\u00f3mo vivieron el inicio de la dictadura Libertad de prensa. Latin American Journalism Review by The Knight Center at The University of Texas at Austin.","robots":{"index":"index","follow":"follow","max-snippet":"max-snippet:-1","max-image-preview":"max-image-preview:large","max-video-preview":"max-video-preview:-1"},"canonical":"https:\/\/latamjournalismreview.org\/es\/articles\/mi-11-de-septiembre-a-50-anos-del-golpe-de-estado-en-chile-periodistas-de-ese-pais-recuerdan-como-vivieron-el-inicio-de-la-dictadura\/","og_locale":"es_ES","og_type":"article","og_title":"\u2018Mi 11 de Septiembre\u2019: a 50 a\u00f1os del golpe de Estado en Chile, periodistas recuerdan c\u00f3mo vivieron el inicio de la dictadura","og_description":"\u2018Mi 11 de Septiembre\u2019: a 50 a\u00f1os del golpe de Estado en Chile, periodistas recuerdan c\u00f3mo vivieron el inicio de la dictadura Libertad de prensa. Latin American Journalism Review by The Knight Center at The University of Texas at Austin.","og_url":"https:\/\/latamjournalismreview.org\/es\/articles\/mi-11-de-septiembre-a-50-anos-del-golpe-de-estado-en-chile-periodistas-de-ese-pais-recuerdan-como-vivieron-el-inicio-de-la-dictadura\/","og_site_name":"LatAm Journalism Review","article_published_time":"2023-09-12T20:48:44+00:00","article_modified_time":"2023-09-13T18:06:20+00:00","og_image":[{"width":507,"height":340,"url":"https:\/\/latamjournalismreview.org\/wp-content\/uploads\/2023\/09\/Featured-Chile-1973-1.png","type":"image\/png"}],"author":"Andr\u00e9 Duchiade","twitter_card":"summary_large_image","twitter_creator":"@duchiadeandre","twitter_site":"@LatAmJournalism","twitter_misc":{"Written by":"Andr\u00e9 Duchiade","Est. reading time":"7 minutos"},"schema":{"@context":"https:\/\/schema.org","@graph":[{"@type":"Article","@id":"https:\/\/latamjournalismreview.org\/es\/articles\/mi-11-de-septiembre-a-50-anos-del-golpe-de-estado-en-chile-periodistas-de-ese-pais-recuerdan-como-vivieron-el-inicio-de-la-dictadura\/#article","isPartOf":{"@id":"https:\/\/latamjournalismreview.org\/es\/articles\/mi-11-de-septiembre-a-50-anos-del-golpe-de-estado-en-chile-periodistas-de-ese-pais-recuerdan-como-vivieron-el-inicio-de-la-dictadura\/"},"author":{"name":"Andr\u00e9 Duchiade","@id":"https:\/\/latamjournalismreview.org\/es\/#\/schema\/person\/4a1fa2e1f971d8470c7b9fc6fe72468b"},"headline":"\u2018Mi 11 de Septiembre\u2019: a 50 a\u00f1os del golpe de Estado en Chile, periodistas recuerdan c\u00f3mo vivieron el inicio de la dictadura","datePublished":"2023-09-12T20:48:44+00:00","dateModified":"2023-09-13T18:06:20+00:00","mainEntityOfPage":{"@id":"https:\/\/latamjournalismreview.org\/es\/articles\/mi-11-de-septiembre-a-50-anos-del-golpe-de-estado-en-chile-periodistas-de-ese-pais-recuerdan-como-vivieron-el-inicio-de-la-dictadura\/"},"wordCount":1437,"publisher":{"@id":"https:\/\/latamjournalismreview.org\/es\/#organization"},"image":{"@id":"https:\/\/latamjournalismreview.org\/es\/articles\/mi-11-de-septiembre-a-50-anos-del-golpe-de-estado-en-chile-periodistas-de-ese-pais-recuerdan-como-vivieron-el-inicio-de-la-dictadura\/#primaryimage"},"thumbnailUrl":"https:\/\/latamjournalismreview.org\/wp-content\/uploads\/2023\/09\/Featured-Chile-1973-1.png","keywords":["Chile","Amenazas contra periodistas"],"articleSection":["Libertad de prensa"],"inLanguage":"es"},{"@type":"WebPage","@id":"https:\/\/latamjournalismreview.org\/es\/articles\/mi-11-de-septiembre-a-50-anos-del-golpe-de-estado-en-chile-periodistas-de-ese-pais-recuerdan-como-vivieron-el-inicio-de-la-dictadura\/","url":"https:\/\/latamjournalismreview.org\/es\/articles\/mi-11-de-septiembre-a-50-anos-del-golpe-de-estado-en-chile-periodistas-de-ese-pais-recuerdan-como-vivieron-el-inicio-de-la-dictadura\/","name":"\u2018Mi 11 de Septiembre\u2019: a 50 a\u00f1os del golpe de Estado en Chile, periodistas recuerdan c\u00f3mo vivieron el inicio de la dictadura - LatAm Journalism Review","isPartOf":{"@id":"https:\/\/latamjournalismreview.org\/es\/#website"},"primaryImageOfPage":{"@id":"https:\/\/latamjournalismreview.org\/es\/articles\/mi-11-de-septiembre-a-50-anos-del-golpe-de-estado-en-chile-periodistas-de-ese-pais-recuerdan-como-vivieron-el-inicio-de-la-dictadura\/#primaryimage"},"image":{"@id":"https:\/\/latamjournalismreview.org\/es\/articles\/mi-11-de-septiembre-a-50-anos-del-golpe-de-estado-en-chile-periodistas-de-ese-pais-recuerdan-como-vivieron-el-inicio-de-la-dictadura\/#primaryimage"},"thumbnailUrl":"https:\/\/latamjournalismreview.org\/wp-content\/uploads\/2023\/09\/Featured-Chile-1973-1.png","datePublished":"2023-09-12T20:48:44+00:00","dateModified":"2023-09-13T18:06:20+00:00","description":"\u2018Mi 11 de Septiembre\u2019: a 50 a\u00f1os del golpe de Estado en Chile, periodistas recuerdan c\u00f3mo vivieron el inicio de la dictadura Libertad de prensa. Latin American Journalism Review by The Knight Center at The University of Texas at Austin.","breadcrumb":{"@id":"https:\/\/latamjournalismreview.org\/es\/articles\/mi-11-de-septiembre-a-50-anos-del-golpe-de-estado-en-chile-periodistas-de-ese-pais-recuerdan-como-vivieron-el-inicio-de-la-dictadura\/#breadcrumb"},"inLanguage":"es","potentialAction":[{"@type":"ReadAction","target":["https:\/\/latamjournalismreview.org\/es\/articles\/mi-11-de-septiembre-a-50-anos-del-golpe-de-estado-en-chile-periodistas-de-ese-pais-recuerdan-como-vivieron-el-inicio-de-la-dictadura\/"]}]},{"@type":"ImageObject","inLanguage":"es","@id":"https:\/\/latamjournalismreview.org\/es\/articles\/mi-11-de-septiembre-a-50-anos-del-golpe-de-estado-en-chile-periodistas-de-ese-pais-recuerdan-como-vivieron-el-inicio-de-la-dictadura\/#primaryimage","url":"https:\/\/latamjournalismreview.org\/wp-content\/uploads\/2023\/09\/Featured-Chile-1973-1.png","contentUrl":"https:\/\/latamjournalismreview.org\/wp-content\/uploads\/2023\/09\/Featured-Chile-1973-1.png","width":507,"height":340,"caption":"A Defining Moment: The Bombing of La Moneda Palace during the 1973 Chilean Coup (Photo:"},{"@type":"BreadcrumbList","@id":"https:\/\/latamjournalismreview.org\/es\/articles\/mi-11-de-septiembre-a-50-anos-del-golpe-de-estado-en-chile-periodistas-de-ese-pais-recuerdan-como-vivieron-el-inicio-de-la-dictadura\/#breadcrumb","itemListElement":[{"@type":"ListItem","position":1,"name":"Home","item":"https:\/\/latamjournalismreview.org\/es\/"},{"@type":"ListItem","position":2,"name":"\u2018Mi 11 de Septiembre\u2019: a 50 a\u00f1os del golpe de Estado en Chile, periodistas recuerdan c\u00f3mo vivieron el inicio de la dictadura"}]},{"@type":"WebSite","@id":"https:\/\/latamjournalismreview.org\/es\/#website","url":"https:\/\/latamjournalismreview.org\/es\/","name":"LatAm Journalism Review","description":"Knight Center at The University of Texas","publisher":{"@id":"https:\/\/latamjournalismreview.org\/es\/#organization"},"potentialAction":[{"@type":"SearchAction","target":{"@type":"EntryPoint","urlTemplate":"https:\/\/latamjournalismreview.org\/es\/?s={search_term_string}"},"query-input":{"@type":"PropertyValueSpecification","valueRequired":true,"valueName":"search_term_string"}}],"inLanguage":"es"},{"@type":"Organization","@id":"https:\/\/latamjournalismreview.org\/es\/#organization","name":"LatAm Journalism Review","url":"https:\/\/latamjournalismreview.org\/es\/","logo":{"@type":"ImageObject","inLanguage":"es","@id":"https:\/\/latamjournalismreview.org\/es\/#\/schema\/logo\/image\/","url":"https:\/\/latamjournalismreview.org\/wp-content\/uploads\/2020\/05\/knight-latAm-review-logo.svg","contentUrl":"https:\/\/latamjournalismreview.org\/wp-content\/uploads\/2020\/05\/knight-latAm-review-logo.svg","width":"1024","height":"1024","caption":"LatAm Journalism Review"},"image":{"@id":"https:\/\/latamjournalismreview.org\/es\/#\/schema\/logo\/image\/"},"sameAs":["https:\/\/x.com\/LatAmJournalism"]},{"@type":"Person","@id":"https:\/\/latamjournalismreview.org\/es\/#\/schema\/person\/4a1fa2e1f971d8470c7b9fc6fe72468b","name":"Andr\u00e9 Duchiade","description":"Andr\u00e9 Duchiade is a Brazilian journalist and translator based in Rio de Janeiro. Andr\u00e9 worked on the international politics desk at O Globo from 2018 to February 2023, and his stories have been published at The Scientific American, The Intercept, \u00c9poca, and Ag\u00eancia P\u00fablica de Jornalismo, among others. He is also a former Media Fellow at the Global Public Policy Institute (GPPi) in Berlin. Andr\u00e9 Duchiade es un periodista y traductor brasile\u00f1o que vive en R\u00edo de Janeiro. Andr\u00e9 trabaj\u00f3 en la redacci\u00f3n de pol\u00edtica internacional de O Globo entre 2018 y febrero de 2023, y se han publicado historias suyas en The Scientific American, The Intercept, \u00c9poca y Ag\u00eancia P\u00fablica de Jornalismo, entre otros. Tambi\u00e9n fue Media Fellow en el Global Public Policy Institute (GPPi) de Berl\u00edn. Andr\u00e9 Duchiade \u00e9 um jornalista e tradutor brasileiro que mora no Rio de Janeiro. Andr\u00e9 trabalhou como rep\u00f3rter na editoria de pol\u00edtica internacional de O Globo entre 2018 e fevereiro de 2023, e suas mat\u00e9ria foram publicadas em The Scientific American, The Intercept, \u00c9poca, Jornal do Brasil e Ag\u00eancia P\u00fablica de Jornalismo, entre outros. Ele tamb\u00e9m foi fellow de m\u00eddia no Global Public Policy Institute (GPPi) em Berlim em 2020 e 2021.","sameAs":["https:\/\/x.com\/duchiadeandre"],"url":"https:\/\/latamjournalismreview.org\/es\/articles\/author\/andre-duchiade\/"}]}},"_links":{"self":[{"href":"https:\/\/latamjournalismreview.org\/es\/wp-json\/wp\/v2\/posts\/79748","targetHints":{"allow":["GET"]}}],"collection":[{"href":"https:\/\/latamjournalismreview.org\/es\/wp-json\/wp\/v2\/posts"}],"about":[{"href":"https:\/\/latamjournalismreview.org\/es\/wp-json\/wp\/v2\/types\/post"}],"author":[{"embeddable":true,"href":"https:\/\/latamjournalismreview.org\/es\/wp-json\/wp\/v2\/users\/63"}],"replies":[{"embeddable":true,"href":"https:\/\/latamjournalismreview.org\/es\/wp-json\/wp\/v2\/comments?post=79748"}],"version-history":[{"count":6,"href":"https:\/\/latamjournalismreview.org\/es\/wp-json\/wp\/v2\/posts\/79748\/revisions"}],"predecessor-version":[{"id":79793,"href":"https:\/\/latamjournalismreview.org\/es\/wp-json\/wp\/v2\/posts\/79748\/revisions\/79793"}],"wp:featuredmedia":[{"embeddable":true,"href":"https:\/\/latamjournalismreview.org\/es\/wp-json\/wp\/v2\/media\/79733"}],"wp:attachment":[{"href":"https:\/\/latamjournalismreview.org\/es\/wp-json\/wp\/v2\/media?parent=79748"}],"wp:term":[{"taxonomy":"category","embeddable":true,"href":"https:\/\/latamjournalismreview.org\/es\/wp-json\/wp\/v2\/categories?post=79748"},{"taxonomy":"post_tag","embeddable":true,"href":"https:\/\/latamjournalismreview.org\/es\/wp-json\/wp\/v2\/tags?post=79748"},{"taxonomy":"author","embeddable":true,"href":"https:\/\/latamjournalismreview.org\/es\/wp-json\/wp\/v2\/coauthors?post=79748"}],"curies":[{"name":"wp","href":"https:\/\/api.w.org\/{rel}","templated":true}]}}