{"id":803,"date":"2020-04-01T03:50:36","date_gmt":"2020-04-01T08:50:36","guid":{"rendered":"https:\/\/live-lajr.pantheonsite.io\/?p=803"},"modified":"2020-06-02T20:54:25","modified_gmt":"2020-06-03T01:54:25","slug":"con-la-colaboracion-de-24-medios-brasilenos-el-proyecto-comprova-regresa-para-combatir-la-desinformacion-sobre-coronavirus","status":"publish","type":"post","link":"https:\/\/latamjournalismreview.org\/es\/articles\/con-la-colaboracion-de-24-medios-brasilenos-el-proyecto-comprova-regresa-para-combatir-la-desinformacion-sobre-coronavirus\/","title":{"rendered":"Con la colaboraci\u00f3n de 24 medios brasile\u00f1os, el proyecto Comprova regresa para combatir la desinformaci\u00f3n sobre coronavirus"},"content":{"rendered":"<p><a href=\"https:\/\/projetocomprova.com.br\/\" target=\"_blank\" rel=\"noopener noreferrer\">Comprova<\/a>, el proyecto colaborativo brasile\u00f1o que re\u00fane a 24 medios de comunicaci\u00f3n en el pa\u00eds, empez\u00f3 lo que ellos llaman una fase especial para verificar las informaciones sobre el nuevo coronavirus.<\/p>\n<p>El proyecto fue creado\u00a0<a href=\"https:\/\/knightcenter.utexas.edu\/pt-br\/blog\/00-19901-projeto-comprova-tera-colaboracao-inedita-entre-24-meios-jornalisticos-brasileiros-con\" target=\"_blank\" rel=\"noopener noreferrer\">en el contexto de la campa\u00f1a presidencial de 2018<\/a>\u00a0para combatir la desinformaci\u00f3n en una de las elecciones m\u00e1s polarizadas de la historia de Brasil. De julio a diciembre de 2019,\u00a0<a href=\"https:\/\/projetocomprova.com.br\/publica%C3%A7%C3%B5es\/segunda-fase-do-projeto-comprova\/\" target=\"_blank\" rel=\"noopener noreferrer\">Comprova tuvo una segunda etapa<\/a>\u00a0enfocada en las verificaciones sobre pol\u00edticas p\u00fablicas federales.<\/p>\n<p><img loading=\"lazy\" decoding=\"async\" class=\"alignright wp-image-800\" src=\"https:\/\/live-lajr.pantheonsite.io\/wp-content\/uploads\/2020\/04\/comprova-300x115.png\" alt=\"Comprova logo\" width=\"400\" height=\"153\" srcset=\"https:\/\/latamjournalismreview.org\/wp-content\/uploads\/2020\/04\/comprova-300x115.png 300w, https:\/\/latamjournalismreview.org\/wp-content\/uploads\/2020\/04\/comprova.png 578w\" sizes=\"auto, (max-width: 400px) 100vw, 400px\" \/><\/p>\n<p>Seg\u00fan el periodista y editor de Comprova, S\u00e9rgio L\u00fcdtke, los organizadores ya se estaban preparando para comenzar una tercera fase, dentro de algunos meses, para acompa\u00f1ar las elecciones municipales. El plan era hacer verificaciones de pol\u00edticas p\u00fablicas y de temas amplios que surgiesen durante la campa\u00f1a, adem\u00e1s de promover cursos de capacitaci\u00f3n y consultor\u00edas para periodistas locales que fuesen a cubrir las elecciones.<\/p>\n<p>\"Esa era nuestra idea inicial, y no fue descartada, solo que pas\u00f3 a un segundo plano en este momento a causa del coronavirus\", dijo L\u00fcdtke al\u00a0<strong>Centro Knight<\/strong>. El periodista se ha organizado, desde comienzos de marzo, para lanzar la nueva fase que, tras comenzar el d\u00eda 25, ya contaba con al menos 10 verificaciones hacia el 1 de abril.<\/p>\n<p>\"Hab\u00edamos planeado reiniciar el trabajo m\u00e1s intenso cerca de junio, debido a las elecciones municipales, pero First Draft invit\u00f3 a sus aliados alrededor del mundo a reactivar los proyectos de lucha contra la desinformaci\u00f3n ahora y aceptamos el desaf\u00edo, al igual que las redacciones que integran el consorcio\", dijo al\u00a0<strong>Centro Knight<\/strong>\u00a0Marcelo Tr\u00e4sel, presidente de la Asociaci\u00f3n Brasile\u00f1a de Periodismo Investigativo (Abraji, por su acr\u00f3nimo en portugu\u00e9s), entidad que coordina Comprova.<\/p>\n<p>Para Tr\u00e4sel, el combatir la desinformaci\u00f3n durante la pandemia puede, \"m\u00e1s que nunca, salvar vidas\". El periodista mencion\u00f3 las declaraciones del presidente Jair Bolsonaro, que constantemente\u00a0<a href=\"https:\/\/www1.folha.uol.com.br\/poder\/2020\/03\/em-pronunciamento-bolsonaro-critica-fechamento-de-escolas-ataca-governadores-e-culpa-midia.shtml\" target=\"_blank\" rel=\"noopener noreferrer\">minimiza la enfermedad<\/a>, llamando al nuevo coronavirus \"gripecita\". El presidente critica las medidas de aislamiento social, incentivando a los brasile\u00f1os a salir de casa. Bolsonaro tambi\u00e9n culpa a los medios por, seg\u00fan \u00e9l, fomentar el p\u00e1nico entre la poblaci\u00f3n, a la vez que\u00a0<a href=\"https:\/\/economia.uol.com.br\/noticias\/reuters\/2020\/03\/30\/twitter-e-facebook-apagam-publicacoes-de-bolsonaro-por-contrariarem-recomendacoes-de-saude.htm\" target=\"_blank\" rel=\"noopener noreferrer\">alardea una supuesta cura gracias a la hidroxicloroquina<\/a>, un medicamento que est\u00e1 siendo probado y cuya eficacia a\u00fan no se ha verificada.<\/p>\n<p>\"La desinformaci\u00f3n puede llevar a las personas a exponerse al nuevo coronavirus, o a usar tratamientos peligrosos, como la hidroxicloroquina. En Brasil, sobre todo, estamos lidiando con las mentiras creadas o divulgadas por el propio presidente de la Rep\u00fablica, que tiene mucha influencia sobre la gente. Es un momento en que todos los periodistas y verificadores de datos deben unirse para evitar una tragedia humanitaria\", afirm\u00f3 Tr\u00e4sel, por email.<\/p>\n<p>Tr\u00e4sel y L\u00fcdtke dijeron que el contexto brasile\u00f1o actual es un terreno f\u00e9rtil para la propagaci\u00f3n de noticias falsas. De acuerdo con L\u00fcdtke, que viene monitoreando las redes sociales sobre el tema, la desinformaci\u00f3n creci\u00f3 mucho en las \u00faltimas tres semanas, lo que \u00e9l llama la \"pandesinformaci\u00f3n\".<\/p>\n<p>Tr\u00e4sel sostuvo que los brasile\u00f1os \"est\u00e1n sujetos al gobierno m\u00e1s irresponsable del mundo entero en este momento de crisis\". \"Adem\u00e1s de eso,\u00a0<a href=\"https:\/\/g1.globo.com\/jornal-nacional\/noticia\/2020\/03\/04\/documento-liga-gabinete-de-eduardo-bolsonaro-a-divulgacao-de-fake-news.ghtml\" target=\"_blank\" rel=\"noopener noreferrer\">reportajes<\/a>\u00a0y hasta los mismos\u00a0<a href=\"https:\/\/www12.senado.leg.br\/noticias\/materias\/2020\/03\/04\/frota-facebook-confirma-que-eduardo-bolsonaro-esta-ligado-a-ataques-virtuais\" target=\"_blank\" rel=\"noopener noreferrer\">testimonios de antiguos aliados<\/a>\u00a0ya evidencian la existencia de un equipo dedicado a la guerrilla de informaci\u00f3n en las redes sociales, subordinada al presidente. Esos dos factores, asociados a la baja escolaridad del brasile\u00f1o y a las estrategias comerciales de los operadores telef\u00f3nicos, como el rating cero para aplicativos como WhatsApp, Twitter y Facebook, crean un ambiente en el cual la desinformaci\u00f3n prospera m\u00e1s que el ganado en un \u00e1rea desforestada\", afirm\u00f3 Tr\u00e4sel.<\/p>\n<p>En ese contexto, Comprova puede tener un impacto importante, seg\u00fan sus organizadores, por ser muy\u00a0 difundido. Los 24 medios, que est\u00e1n en varias regiones de Brasil, se dirigen a diferentes p\u00fablicos, dijo L\u00fcdtke. \"Tenemos una capacidad de distribuci\u00f3n muy grande. El pasado mi\u00e9rcoles, por ejemplo, [el canal de TV] SBT, en su programa noticioso de la noche, lleg\u00f3 a tener entre 15 y 18 millones de televidentes. Tenemos UOL, que es un portal enorme, Folha, Estad\u00e3o\u2026\", cont\u00f3 L\u00fcdtke.<\/p>\n<p>Otro distintivo de Comprova es su metodolog\u00eda. Las verificaciones a realizar son colocadas en un documento compartido entre varios periodistas de la coalici\u00f3n que comienzan a trabajar al mismo tiempo en la verificaci\u00f3n. Hay un \u00e1rea de discusi\u00f3n, en el mismo documento, en donde los periodistas definen las funciones: qui\u00e9n va a buscar tal informaci\u00f3n, qui\u00e9n va a responder determinada pregunta.<\/p>\n<p>\"Cada uno colabora con lo que puede. Los mismos medios que son competencia se ayudan mucho, intercambian fuentes. Yo tengo la \u00faltima palabra por ser el editor, pero todo el mundo edita\", explic\u00f3 L\u00fcdtke. Cuando la verificaci\u00f3n est\u00e1 lista, \u00e9l propone el cross-check, o verificaci\u00f3n cruzada. Para ser publicado, el contenido necesita ser verificado por otros tres medios que no participaron en la verificaci\u00f3n original.<\/p>\n<p>\"Todo el mundo que hace el cross-check coloca su logo en la verificaci\u00f3n. Entonces siempre tiene un m\u00ednimo de seis personas involucradas en la verificaci\u00f3n. Com\u00fanmente tenemos dos o tres periodistas trabajando en la verificaci\u00f3n y otros 15 haciendo una segunda verificaci\u00f3n. Es un equipo de lujo\", dijo.<\/p>\n<p>L\u00fcdtke reconoci\u00f3 que la metodolog\u00eda, rigurosa, tambi\u00e9n toma m\u00e1s tiempo. \"Es un proceso m\u00e1s lento que el de las agencias de verificaci\u00f3n, pero nos da esa garant\u00eda de pr\u00e1cticamente no cometer errores. Hasta el d\u00eda de hoy no hemos tenido ning\u00fan error, desde 2018\".<\/p>\n<p>Por ese motivo, Comprova no deja de hacer verificaciones cuando estas ya fueron realizadas por organizaciones de fact-checking. L\u00fcdtke dijo que eso se justifica porque la metodolog\u00eda de Comprova es diferente, y las verificaciones van dirigidas a otros p\u00fablicos. El periodista alega adem\u00e1s que Comprova busca las fuentes originales, las responsables de publicar el rumor por primera vez, para escuchar su versi\u00f3n. Con eso, muchas veces, consiguen que el usuario publique una retractaci\u00f3n o simplemente elimine esa informaci\u00f3n falsa.<\/p>\n<div id=\"attachment_351\" style=\"width: 400px\" class=\"wp-caption alignleft\"><img loading=\"lazy\" decoding=\"async\" aria-describedby=\"caption-attachment-351\" class=\"wp-image-351 size-full\" src=\"https:\/\/live-lajr.pantheonsite.io\/wp-content\/uploads\/2020\/03\/Coronavirus.png\" alt=\"Coronavirus\" width=\"390\" height=\"216\" srcset=\"https:\/\/latamjournalismreview.org\/wp-content\/uploads\/2020\/03\/Coronavirus.png 390w, https:\/\/latamjournalismreview.org\/wp-content\/uploads\/2020\/03\/Coronavirus-300x166.png 300w\" sizes=\"auto, (max-width: 390px) 100vw, 390px\" \/><p id=\"caption-attachment-351\" class=\"wp-caption-text\">(Image: CDC)<\/p><\/div>\n<p>Para coordinar la coalici\u00f3n, Comprova tiene un n\u00facleo central, con tres personas, que trabajan a medio tiempo para el proyecto. La creaci\u00f3n del equipo, adem\u00e1s de la fase especial contra el coronavirus, fue posible gracias al financiamiento de Google News Initiative (GNI), Facebook Journalism Project, First Draft, WhatsApp y del apoyo de la Funda\u00e7\u00e3o Armando Alvares Penteado (FAAP).<\/p>\n<p>El n\u00facleo es responsable de mantener los sitios y redes sociales, as\u00ed como organizar el flujo de trabajo. Primero, los periodistas del n\u00facleo hacen un an\u00e1lisis del escenario y monitoreo en las redes sociales, para identificar temas y perfiles que pueden ser blanco de noticias falsas o sus productores. Tambi\u00e9n hacen b\u00fasquedas activas y usan diversas herramientas, como un monitor de la Universidade Federal de Minas Gerais, que acompa\u00f1a grupos abiertos de WhatsApp. \"Nosotros solo hacemos verificaci\u00f3n de lo que est\u00e1 viraliz\u00e1ndose y tambi\u00e9n de lo que creemos que tiene el potencial de causar un da\u00f1o muy grande\", cont\u00f3 L\u00fcdtke.<\/p>\n<p>El n\u00facleo tambi\u00e9n ayuda con las verificaciones porque, seg\u00fan L\u00fcdtke, las redacciones est\u00e1n cada vez m\u00e1s disminuidas y ya sobrecargadas con la cobertura del coronavirus. \"Es para ayudar a los medios y aumentar la mano de obra, porque muchos de estos no estaban preparados para esta nueva fase del proyecto y no cuentan con las condiciones para dedicar a un profesional a hacer ese trabajo\", dijo.<\/p>\n<p>Al mismo tiempo, la demanda para las verificaciones viene siendo enorme. L\u00fcdtke se\u00f1al\u00f3 que ya hay una cola grande de verificaciones y el equipo no se da abasto para responder todas las sugerencias de verificaciones que llegan por WhatsApp y el sitio del proyecto. En un solo d\u00eda, el segundo d\u00eda de la fase especial, llegaron 300 mensajes.<\/p>\n<p>Hay tambi\u00e9n una expectativa de que los ciclos de Comprova dejen un legado para el periodismo brasile\u00f1o, afirm\u00f3 Tr\u00e4sel. \"Es el mayor ejemplo de colaboraci\u00f3n entre redacciones de la historia del periodismo brasile\u00f1o.\u00a0 Esperamos que, adem\u00e1s de cumplir los objetivos inmediatos de Comprova, el proyecto sirva para generar relaciones duraderas entre las empresas participantes e incentivar nuevos proyectos colaborativos en el futuro\".<\/p>\n","protected":false},"excerpt":{"rendered":"<p>Comprova, el proyecto colaborativo brasile\u00f1o que re\u00fane a 24 medios de comunicaci\u00f3n en el pa\u00eds, empez\u00f3 lo que ellos llaman una fase especial para verificar las informaciones sobre el nuevo coronavirus.\u00a0<\/p>\n","protected":false},"author":6,"featured_media":800,"comment_status":"closed","ping_status":"closed","sticky":false,"template":"","format":"standard","meta":{"inline_featured_image":false,"footnotes":""},"categories":[1213],"tags":[1433,1450],"coauthors":[],"class_list":["post-803","post","type-post","status-publish","format-standard","has-post-thumbnail","hentry","category-colaboracion-es","tag-covid-19-es","tag-fact-checking-es-2"],"acf":[],"yoast_head":"<!-- This site is optimized with the Yoast SEO Premium plugin v22.6 (Yoast SEO v27.4) - https:\/\/yoast.com\/product\/yoast-seo-premium-wordpress\/ -->\n<title>Con la colaboraci\u00f3n de 24 medios brasile\u00f1os, el proyecto Comprova regresa para combatir la desinformaci\u00f3n sobre coronavirus - LatAm Journalism Review<\/title>\n<meta name=\"description\" content=\"Con la colaboraci\u00f3n de 24 medios brasile\u00f1os, el proyecto Comprova regresa para combatir la desinformaci\u00f3n sobre coronavirus Colaboraci\u00f3n. Latin American Journalism Review by The Knight Center at The University of Texas at Austin.\" \/>\n<meta name=\"robots\" content=\"index, follow, max-snippet:-1, max-image-preview:large, max-video-preview:-1\" \/>\n<link rel=\"canonical\" href=\"https:\/\/latamjournalismreview.org\/es\/articles\/con-la-colaboracion-de-24-medios-brasilenos-el-proyecto-comprova-regresa-para-combatir-la-desinformacion-sobre-coronavirus\/\" \/>\n<meta property=\"og:locale\" content=\"es_ES\" \/>\n<meta property=\"og:type\" content=\"article\" \/>\n<meta property=\"og:title\" content=\"Con la colaboraci\u00f3n de 24 medios brasile\u00f1os, el proyecto Comprova regresa para combatir la desinformaci\u00f3n sobre coronavirus\" \/>\n<meta property=\"og:description\" content=\"Con la colaboraci\u00f3n de 24 medios brasile\u00f1os, el proyecto Comprova regresa para combatir la desinformaci\u00f3n sobre coronavirus Colaboraci\u00f3n. Latin American Journalism Review by The Knight Center at The University of Texas at Austin.\" \/>\n<meta property=\"og:url\" content=\"https:\/\/latamjournalismreview.org\/es\/articles\/con-la-colaboracion-de-24-medios-brasilenos-el-proyecto-comprova-regresa-para-combatir-la-desinformacion-sobre-coronavirus\/\" \/>\n<meta property=\"og:site_name\" content=\"LatAm Journalism Review\" \/>\n<meta property=\"article:published_time\" content=\"2020-04-01T08:50:36+00:00\" \/>\n<meta property=\"article:modified_time\" content=\"2020-06-03T01:54:25+00:00\" \/>\n<meta property=\"og:image\" content=\"https:\/\/latamjournalismreview.org\/wp-content\/uploads\/2020\/04\/comprova.png\" \/>\n\t<meta property=\"og:image:width\" content=\"578\" \/>\n\t<meta property=\"og:image:height\" content=\"221\" \/>\n\t<meta property=\"og:image:type\" content=\"image\/png\" \/>\n<meta name=\"author\" content=\"Marina Estarque\" \/>\n<meta name=\"twitter:card\" content=\"summary_large_image\" \/>\n<meta name=\"twitter:creator\" content=\"@MarinaEstarque\" \/>\n<meta name=\"twitter:site\" content=\"@LatAmJournalism\" \/>\n<meta name=\"twitter:label1\" content=\"Written by\" \/>\n\t<meta name=\"twitter:data1\" content=\"Marina Estarque\" \/>\n\t<meta name=\"twitter:label2\" content=\"Est. reading time\" \/>\n\t<meta name=\"twitter:data2\" content=\"7 minutos\" \/>\n<script type=\"application\/ld+json\" class=\"yoast-schema-graph\">{\"@context\":\"https:\\\/\\\/schema.org\",\"@graph\":[{\"@type\":\"Article\",\"@id\":\"https:\\\/\\\/latamjournalismreview.org\\\/es\\\/articles\\\/con-la-colaboracion-de-24-medios-brasilenos-el-proyecto-comprova-regresa-para-combatir-la-desinformacion-sobre-coronavirus\\\/#article\",\"isPartOf\":{\"@id\":\"https:\\\/\\\/latamjournalismreview.org\\\/es\\\/articles\\\/con-la-colaboracion-de-24-medios-brasilenos-el-proyecto-comprova-regresa-para-combatir-la-desinformacion-sobre-coronavirus\\\/\"},\"author\":{\"name\":\"Marina Estarque\",\"@id\":\"https:\\\/\\\/latamjournalismreview.org\\\/es\\\/#\\\/schema\\\/person\\\/041964d0921c867b6226b459cd5bf28b\"},\"headline\":\"Con la colaboraci\u00f3n de 24 medios brasile\u00f1os, el proyecto Comprova regresa para combatir la desinformaci\u00f3n sobre coronavirus\",\"datePublished\":\"2020-04-01T08:50:36+00:00\",\"dateModified\":\"2020-06-03T01:54:25+00:00\",\"mainEntityOfPage\":{\"@id\":\"https:\\\/\\\/latamjournalismreview.org\\\/es\\\/articles\\\/con-la-colaboracion-de-24-medios-brasilenos-el-proyecto-comprova-regresa-para-combatir-la-desinformacion-sobre-coronavirus\\\/\"},\"wordCount\":1451,\"publisher\":{\"@id\":\"https:\\\/\\\/latamjournalismreview.org\\\/es\\\/#organization\"},\"image\":{\"@id\":\"https:\\\/\\\/latamjournalismreview.org\\\/es\\\/articles\\\/con-la-colaboracion-de-24-medios-brasilenos-el-proyecto-comprova-regresa-para-combatir-la-desinformacion-sobre-coronavirus\\\/#primaryimage\"},\"thumbnailUrl\":\"https:\\\/\\\/latamjournalismreview.org\\\/wp-content\\\/uploads\\\/2020\\\/04\\\/comprova.png\",\"keywords\":[\"COVID-19\",\"Fact-checking\"],\"articleSection\":[\"Colaboraci\u00f3n\"],\"inLanguage\":\"es\"},{\"@type\":\"WebPage\",\"@id\":\"https:\\\/\\\/latamjournalismreview.org\\\/es\\\/articles\\\/con-la-colaboracion-de-24-medios-brasilenos-el-proyecto-comprova-regresa-para-combatir-la-desinformacion-sobre-coronavirus\\\/\",\"url\":\"https:\\\/\\\/latamjournalismreview.org\\\/es\\\/articles\\\/con-la-colaboracion-de-24-medios-brasilenos-el-proyecto-comprova-regresa-para-combatir-la-desinformacion-sobre-coronavirus\\\/\",\"name\":\"Con la colaboraci\u00f3n de 24 medios brasile\u00f1os, el proyecto Comprova regresa para combatir la desinformaci\u00f3n sobre coronavirus - LatAm Journalism Review\",\"isPartOf\":{\"@id\":\"https:\\\/\\\/latamjournalismreview.org\\\/es\\\/#website\"},\"primaryImageOfPage\":{\"@id\":\"https:\\\/\\\/latamjournalismreview.org\\\/es\\\/articles\\\/con-la-colaboracion-de-24-medios-brasilenos-el-proyecto-comprova-regresa-para-combatir-la-desinformacion-sobre-coronavirus\\\/#primaryimage\"},\"image\":{\"@id\":\"https:\\\/\\\/latamjournalismreview.org\\\/es\\\/articles\\\/con-la-colaboracion-de-24-medios-brasilenos-el-proyecto-comprova-regresa-para-combatir-la-desinformacion-sobre-coronavirus\\\/#primaryimage\"},\"thumbnailUrl\":\"https:\\\/\\\/latamjournalismreview.org\\\/wp-content\\\/uploads\\\/2020\\\/04\\\/comprova.png\",\"datePublished\":\"2020-04-01T08:50:36+00:00\",\"dateModified\":\"2020-06-03T01:54:25+00:00\",\"description\":\"Con la colaboraci\u00f3n de 24 medios brasile\u00f1os, el proyecto Comprova regresa para combatir la desinformaci\u00f3n sobre coronavirus Colaboraci\u00f3n. Latin American Journalism Review by The Knight Center at The University of Texas at Austin.\",\"breadcrumb\":{\"@id\":\"https:\\\/\\\/latamjournalismreview.org\\\/es\\\/articles\\\/con-la-colaboracion-de-24-medios-brasilenos-el-proyecto-comprova-regresa-para-combatir-la-desinformacion-sobre-coronavirus\\\/#breadcrumb\"},\"inLanguage\":\"es\",\"potentialAction\":[{\"@type\":\"ReadAction\",\"target\":[\"https:\\\/\\\/latamjournalismreview.org\\\/es\\\/articles\\\/con-la-colaboracion-de-24-medios-brasilenos-el-proyecto-comprova-regresa-para-combatir-la-desinformacion-sobre-coronavirus\\\/\"]}]},{\"@type\":\"ImageObject\",\"inLanguage\":\"es\",\"@id\":\"https:\\\/\\\/latamjournalismreview.org\\\/es\\\/articles\\\/con-la-colaboracion-de-24-medios-brasilenos-el-proyecto-comprova-regresa-para-combatir-la-desinformacion-sobre-coronavirus\\\/#primaryimage\",\"url\":\"https:\\\/\\\/latamjournalismreview.org\\\/wp-content\\\/uploads\\\/2020\\\/04\\\/comprova.png\",\"contentUrl\":\"https:\\\/\\\/latamjournalismreview.org\\\/wp-content\\\/uploads\\\/2020\\\/04\\\/comprova.png\",\"width\":578,\"height\":221,\"caption\":\"Comprova logo\"},{\"@type\":\"BreadcrumbList\",\"@id\":\"https:\\\/\\\/latamjournalismreview.org\\\/es\\\/articles\\\/con-la-colaboracion-de-24-medios-brasilenos-el-proyecto-comprova-regresa-para-combatir-la-desinformacion-sobre-coronavirus\\\/#breadcrumb\",\"itemListElement\":[{\"@type\":\"ListItem\",\"position\":1,\"name\":\"Home\",\"item\":\"https:\\\/\\\/latamjournalismreview.org\\\/es\\\/\"},{\"@type\":\"ListItem\",\"position\":2,\"name\":\"Con la colaboraci\u00f3n de 24 medios brasile\u00f1os, el proyecto Comprova regresa para combatir la desinformaci\u00f3n sobre coronavirus\"}]},{\"@type\":\"WebSite\",\"@id\":\"https:\\\/\\\/latamjournalismreview.org\\\/es\\\/#website\",\"url\":\"https:\\\/\\\/latamjournalismreview.org\\\/es\\\/\",\"name\":\"LatAm Journalism Review\",\"description\":\"Knight Center at The University of Texas\",\"publisher\":{\"@id\":\"https:\\\/\\\/latamjournalismreview.org\\\/es\\\/#organization\"},\"potentialAction\":[{\"@type\":\"SearchAction\",\"target\":{\"@type\":\"EntryPoint\",\"urlTemplate\":\"https:\\\/\\\/latamjournalismreview.org\\\/es\\\/?s={search_term_string}\"},\"query-input\":{\"@type\":\"PropertyValueSpecification\",\"valueRequired\":true,\"valueName\":\"search_term_string\"}}],\"inLanguage\":\"es\"},{\"@type\":\"Organization\",\"@id\":\"https:\\\/\\\/latamjournalismreview.org\\\/es\\\/#organization\",\"name\":\"LatAm Journalism Review\",\"url\":\"https:\\\/\\\/latamjournalismreview.org\\\/es\\\/\",\"logo\":{\"@type\":\"ImageObject\",\"inLanguage\":\"es\",\"@id\":\"https:\\\/\\\/latamjournalismreview.org\\\/es\\\/#\\\/schema\\\/logo\\\/image\\\/\",\"url\":\"https:\\\/\\\/latamjournalismreview.org\\\/wp-content\\\/uploads\\\/2020\\\/05\\\/knight-latAm-review-logo.svg\",\"contentUrl\":\"https:\\\/\\\/latamjournalismreview.org\\\/wp-content\\\/uploads\\\/2020\\\/05\\\/knight-latAm-review-logo.svg\",\"width\":\"1024\",\"height\":\"1024\",\"caption\":\"LatAm Journalism Review\"},\"image\":{\"@id\":\"https:\\\/\\\/latamjournalismreview.org\\\/es\\\/#\\\/schema\\\/logo\\\/image\\\/\"},\"sameAs\":[\"https:\\\/\\\/x.com\\\/LatAmJournalism\"]},{\"@type\":\"Person\",\"@id\":\"https:\\\/\\\/latamjournalismreview.org\\\/es\\\/#\\\/schema\\\/person\\\/041964d0921c867b6226b459cd5bf28b\",\"name\":\"Marina Estarque\",\"description\":\"Marina Estarque is a Brazilian journalist living in S\u00e3o Paulo. She has worked for Brazilian news organizations such as Folha de S.Paulo, O Estado de S. Paulo, O Dia and the fact-checking agency Lupa. Marina was a correspondent in Brazil for the German international broadcaster Deutsche Welle and a radio reporter for DW Africa in Germany. She also worked as a reporter for United Nations Radio, in New York, and for Spanish newspaper La Voz de Galicia. Marina graduated in Journalism from the Federal University of Rio de Janeiro and has a Master\u2019s degree in Editorial Journalism from the University of A Coru\u00f1a (Spain). Marina Estarque es una periodista brasile\u00f1a que vive en S\u00e3o Paulo. Ella ha trabajado para diversas organizaciones period\u00edsticas como Folha de S.Paulo, O Estado de S. Paulo, O Dia y en la agencia de fact-checking Lupa. Marina ha sido corresponsal en Brasil del canal internacional alem\u00e1n Deutsche Welle y reportera de radio de DW \u00c1frica en Alemania. Tambi\u00e9n trabaj\u00f3 como reportera de Radio de las Naciones Unidas en Nueva York y en el diario espa\u00f1ol La Voz de Galicia. Marina tiene una maestr\u00eda en edici\u00f3n period\u00edstica de la Universidad de Coru\u00f1a (Espa\u00f1a) y se gradu\u00f3 en periodismo en la Universidad Federal de R\u00edo de Janeiro. Marina Estarque \u00e9 uma jornalista brasileira que vive em S\u00e3o Paulo. Ela trabalhou para ve\u00edculos como Folha de S.Paulo, O Estado de S. Paulo, O Dia e a ag\u00eancia de fact-checking Lupa. Marina foi correspondente no Brasil para a emissora internacional da Alemanha, a Deutsche Welle, e rep\u00f3rter de r\u00e1dio para a DW \u00c1frica na Alemanha. Ela tamb\u00e9m foi rep\u00f3rter da R\u00e1dio das Na\u00e7\u00f5es Unidas em Nova York e do jornal espanhol La Voz de Galicia. Marina \u00e9 mestre em edi\u00e7\u00e3o jornal\u00edstica pela Universidade da Coru\u00f1a (Espanha) e graduada em jornalismo pela Universidade Federal do Rio de Janeiro.\",\"sameAs\":[\"https:\\\/\\\/x.com\\\/MarinaEstarque\"],\"url\":\"https:\\\/\\\/latamjournalismreview.org\\\/es\\\/articles\\\/author\\\/marina-estarque\\\/\"}]}<\/script>\n<!-- \/ Yoast SEO Premium plugin. -->","yoast_head_json":{"title":"Con la colaboraci\u00f3n de 24 medios brasile\u00f1os, el proyecto Comprova regresa para combatir la desinformaci\u00f3n sobre coronavirus - LatAm Journalism Review","description":"Con la colaboraci\u00f3n de 24 medios brasile\u00f1os, el proyecto Comprova regresa para combatir la desinformaci\u00f3n sobre coronavirus Colaboraci\u00f3n. Latin American Journalism Review by The Knight Center at The University of Texas at Austin.","robots":{"index":"index","follow":"follow","max-snippet":"max-snippet:-1","max-image-preview":"max-image-preview:large","max-video-preview":"max-video-preview:-1"},"canonical":"https:\/\/latamjournalismreview.org\/es\/articles\/con-la-colaboracion-de-24-medios-brasilenos-el-proyecto-comprova-regresa-para-combatir-la-desinformacion-sobre-coronavirus\/","og_locale":"es_ES","og_type":"article","og_title":"Con la colaboraci\u00f3n de 24 medios brasile\u00f1os, el proyecto Comprova regresa para combatir la desinformaci\u00f3n sobre coronavirus","og_description":"Con la colaboraci\u00f3n de 24 medios brasile\u00f1os, el proyecto Comprova regresa para combatir la desinformaci\u00f3n sobre coronavirus Colaboraci\u00f3n. Latin American Journalism Review by The Knight Center at The University of Texas at Austin.","og_url":"https:\/\/latamjournalismreview.org\/es\/articles\/con-la-colaboracion-de-24-medios-brasilenos-el-proyecto-comprova-regresa-para-combatir-la-desinformacion-sobre-coronavirus\/","og_site_name":"LatAm Journalism Review","article_published_time":"2020-04-01T08:50:36+00:00","article_modified_time":"2020-06-03T01:54:25+00:00","og_image":[{"width":578,"height":221,"url":"https:\/\/latamjournalismreview.org\/wp-content\/uploads\/2020\/04\/comprova.png","type":"image\/png"}],"author":"Marina Estarque","twitter_card":"summary_large_image","twitter_creator":"@MarinaEstarque","twitter_site":"@LatAmJournalism","twitter_misc":{"Written by":"Marina Estarque","Est. reading time":"7 minutos"},"schema":{"@context":"https:\/\/schema.org","@graph":[{"@type":"Article","@id":"https:\/\/latamjournalismreview.org\/es\/articles\/con-la-colaboracion-de-24-medios-brasilenos-el-proyecto-comprova-regresa-para-combatir-la-desinformacion-sobre-coronavirus\/#article","isPartOf":{"@id":"https:\/\/latamjournalismreview.org\/es\/articles\/con-la-colaboracion-de-24-medios-brasilenos-el-proyecto-comprova-regresa-para-combatir-la-desinformacion-sobre-coronavirus\/"},"author":{"name":"Marina Estarque","@id":"https:\/\/latamjournalismreview.org\/es\/#\/schema\/person\/041964d0921c867b6226b459cd5bf28b"},"headline":"Con la colaboraci\u00f3n de 24 medios brasile\u00f1os, el proyecto Comprova regresa para combatir la desinformaci\u00f3n sobre coronavirus","datePublished":"2020-04-01T08:50:36+00:00","dateModified":"2020-06-03T01:54:25+00:00","mainEntityOfPage":{"@id":"https:\/\/latamjournalismreview.org\/es\/articles\/con-la-colaboracion-de-24-medios-brasilenos-el-proyecto-comprova-regresa-para-combatir-la-desinformacion-sobre-coronavirus\/"},"wordCount":1451,"publisher":{"@id":"https:\/\/latamjournalismreview.org\/es\/#organization"},"image":{"@id":"https:\/\/latamjournalismreview.org\/es\/articles\/con-la-colaboracion-de-24-medios-brasilenos-el-proyecto-comprova-regresa-para-combatir-la-desinformacion-sobre-coronavirus\/#primaryimage"},"thumbnailUrl":"https:\/\/latamjournalismreview.org\/wp-content\/uploads\/2020\/04\/comprova.png","keywords":["COVID-19","Fact-checking"],"articleSection":["Colaboraci\u00f3n"],"inLanguage":"es"},{"@type":"WebPage","@id":"https:\/\/latamjournalismreview.org\/es\/articles\/con-la-colaboracion-de-24-medios-brasilenos-el-proyecto-comprova-regresa-para-combatir-la-desinformacion-sobre-coronavirus\/","url":"https:\/\/latamjournalismreview.org\/es\/articles\/con-la-colaboracion-de-24-medios-brasilenos-el-proyecto-comprova-regresa-para-combatir-la-desinformacion-sobre-coronavirus\/","name":"Con la colaboraci\u00f3n de 24 medios brasile\u00f1os, el proyecto Comprova regresa para combatir la desinformaci\u00f3n sobre coronavirus - LatAm Journalism Review","isPartOf":{"@id":"https:\/\/latamjournalismreview.org\/es\/#website"},"primaryImageOfPage":{"@id":"https:\/\/latamjournalismreview.org\/es\/articles\/con-la-colaboracion-de-24-medios-brasilenos-el-proyecto-comprova-regresa-para-combatir-la-desinformacion-sobre-coronavirus\/#primaryimage"},"image":{"@id":"https:\/\/latamjournalismreview.org\/es\/articles\/con-la-colaboracion-de-24-medios-brasilenos-el-proyecto-comprova-regresa-para-combatir-la-desinformacion-sobre-coronavirus\/#primaryimage"},"thumbnailUrl":"https:\/\/latamjournalismreview.org\/wp-content\/uploads\/2020\/04\/comprova.png","datePublished":"2020-04-01T08:50:36+00:00","dateModified":"2020-06-03T01:54:25+00:00","description":"Con la colaboraci\u00f3n de 24 medios brasile\u00f1os, el proyecto Comprova regresa para combatir la desinformaci\u00f3n sobre coronavirus Colaboraci\u00f3n. Latin American Journalism Review by The Knight Center at The University of Texas at Austin.","breadcrumb":{"@id":"https:\/\/latamjournalismreview.org\/es\/articles\/con-la-colaboracion-de-24-medios-brasilenos-el-proyecto-comprova-regresa-para-combatir-la-desinformacion-sobre-coronavirus\/#breadcrumb"},"inLanguage":"es","potentialAction":[{"@type":"ReadAction","target":["https:\/\/latamjournalismreview.org\/es\/articles\/con-la-colaboracion-de-24-medios-brasilenos-el-proyecto-comprova-regresa-para-combatir-la-desinformacion-sobre-coronavirus\/"]}]},{"@type":"ImageObject","inLanguage":"es","@id":"https:\/\/latamjournalismreview.org\/es\/articles\/con-la-colaboracion-de-24-medios-brasilenos-el-proyecto-comprova-regresa-para-combatir-la-desinformacion-sobre-coronavirus\/#primaryimage","url":"https:\/\/latamjournalismreview.org\/wp-content\/uploads\/2020\/04\/comprova.png","contentUrl":"https:\/\/latamjournalismreview.org\/wp-content\/uploads\/2020\/04\/comprova.png","width":578,"height":221,"caption":"Comprova logo"},{"@type":"BreadcrumbList","@id":"https:\/\/latamjournalismreview.org\/es\/articles\/con-la-colaboracion-de-24-medios-brasilenos-el-proyecto-comprova-regresa-para-combatir-la-desinformacion-sobre-coronavirus\/#breadcrumb","itemListElement":[{"@type":"ListItem","position":1,"name":"Home","item":"https:\/\/latamjournalismreview.org\/es\/"},{"@type":"ListItem","position":2,"name":"Con la colaboraci\u00f3n de 24 medios brasile\u00f1os, el proyecto Comprova regresa para combatir la desinformaci\u00f3n sobre coronavirus"}]},{"@type":"WebSite","@id":"https:\/\/latamjournalismreview.org\/es\/#website","url":"https:\/\/latamjournalismreview.org\/es\/","name":"LatAm Journalism Review","description":"Knight Center at The University of Texas","publisher":{"@id":"https:\/\/latamjournalismreview.org\/es\/#organization"},"potentialAction":[{"@type":"SearchAction","target":{"@type":"EntryPoint","urlTemplate":"https:\/\/latamjournalismreview.org\/es\/?s={search_term_string}"},"query-input":{"@type":"PropertyValueSpecification","valueRequired":true,"valueName":"search_term_string"}}],"inLanguage":"es"},{"@type":"Organization","@id":"https:\/\/latamjournalismreview.org\/es\/#organization","name":"LatAm Journalism Review","url":"https:\/\/latamjournalismreview.org\/es\/","logo":{"@type":"ImageObject","inLanguage":"es","@id":"https:\/\/latamjournalismreview.org\/es\/#\/schema\/logo\/image\/","url":"https:\/\/latamjournalismreview.org\/wp-content\/uploads\/2020\/05\/knight-latAm-review-logo.svg","contentUrl":"https:\/\/latamjournalismreview.org\/wp-content\/uploads\/2020\/05\/knight-latAm-review-logo.svg","width":"1024","height":"1024","caption":"LatAm Journalism Review"},"image":{"@id":"https:\/\/latamjournalismreview.org\/es\/#\/schema\/logo\/image\/"},"sameAs":["https:\/\/x.com\/LatAmJournalism"]},{"@type":"Person","@id":"https:\/\/latamjournalismreview.org\/es\/#\/schema\/person\/041964d0921c867b6226b459cd5bf28b","name":"Marina Estarque","description":"Marina Estarque is a Brazilian journalist living in S\u00e3o Paulo. She has worked for Brazilian news organizations such as Folha de S.Paulo, O Estado de S. Paulo, O Dia and the fact-checking agency Lupa. Marina was a correspondent in Brazil for the German international broadcaster Deutsche Welle and a radio reporter for DW Africa in Germany. She also worked as a reporter for United Nations Radio, in New York, and for Spanish newspaper La Voz de Galicia. Marina graduated in Journalism from the Federal University of Rio de Janeiro and has a Master\u2019s degree in Editorial Journalism from the University of A Coru\u00f1a (Spain). Marina Estarque es una periodista brasile\u00f1a que vive en S\u00e3o Paulo. Ella ha trabajado para diversas organizaciones period\u00edsticas como Folha de S.Paulo, O Estado de S. Paulo, O Dia y en la agencia de fact-checking Lupa. Marina ha sido corresponsal en Brasil del canal internacional alem\u00e1n Deutsche Welle y reportera de radio de DW \u00c1frica en Alemania. Tambi\u00e9n trabaj\u00f3 como reportera de Radio de las Naciones Unidas en Nueva York y en el diario espa\u00f1ol La Voz de Galicia. Marina tiene una maestr\u00eda en edici\u00f3n period\u00edstica de la Universidad de Coru\u00f1a (Espa\u00f1a) y se gradu\u00f3 en periodismo en la Universidad Federal de R\u00edo de Janeiro. Marina Estarque \u00e9 uma jornalista brasileira que vive em S\u00e3o Paulo. Ela trabalhou para ve\u00edculos como Folha de S.Paulo, O Estado de S. Paulo, O Dia e a ag\u00eancia de fact-checking Lupa. Marina foi correspondente no Brasil para a emissora internacional da Alemanha, a Deutsche Welle, e rep\u00f3rter de r\u00e1dio para a DW \u00c1frica na Alemanha. Ela tamb\u00e9m foi rep\u00f3rter da R\u00e1dio das Na\u00e7\u00f5es Unidas em Nova York e do jornal espanhol La Voz de Galicia. Marina \u00e9 mestre em edi\u00e7\u00e3o jornal\u00edstica pela Universidade da Coru\u00f1a (Espanha) e graduada em jornalismo pela Universidade Federal do Rio de Janeiro.","sameAs":["https:\/\/x.com\/MarinaEstarque"],"url":"https:\/\/latamjournalismreview.org\/es\/articles\/author\/marina-estarque\/"}]}},"_links":{"self":[{"href":"https:\/\/latamjournalismreview.org\/es\/wp-json\/wp\/v2\/posts\/803","targetHints":{"allow":["GET"]}}],"collection":[{"href":"https:\/\/latamjournalismreview.org\/es\/wp-json\/wp\/v2\/posts"}],"about":[{"href":"https:\/\/latamjournalismreview.org\/es\/wp-json\/wp\/v2\/types\/post"}],"author":[{"embeddable":true,"href":"https:\/\/latamjournalismreview.org\/es\/wp-json\/wp\/v2\/users\/6"}],"replies":[{"embeddable":true,"href":"https:\/\/latamjournalismreview.org\/es\/wp-json\/wp\/v2\/comments?post=803"}],"version-history":[{"count":1,"href":"https:\/\/latamjournalismreview.org\/es\/wp-json\/wp\/v2\/posts\/803\/revisions"}],"predecessor-version":[{"id":804,"href":"https:\/\/latamjournalismreview.org\/es\/wp-json\/wp\/v2\/posts\/803\/revisions\/804"}],"wp:featuredmedia":[{"embeddable":true,"href":"https:\/\/latamjournalismreview.org\/es\/wp-json\/wp\/v2\/media\/800"}],"wp:attachment":[{"href":"https:\/\/latamjournalismreview.org\/es\/wp-json\/wp\/v2\/media?parent=803"}],"wp:term":[{"taxonomy":"category","embeddable":true,"href":"https:\/\/latamjournalismreview.org\/es\/wp-json\/wp\/v2\/categories?post=803"},{"taxonomy":"post_tag","embeddable":true,"href":"https:\/\/latamjournalismreview.org\/es\/wp-json\/wp\/v2\/tags?post=803"},{"taxonomy":"author","embeddable":true,"href":"https:\/\/latamjournalismreview.org\/es\/wp-json\/wp\/v2\/coauthors?post=803"}],"curies":[{"name":"wp","href":"https:\/\/api.w.org\/{rel}","templated":true}]}}