{"id":80740,"date":"2023-10-12T12:31:08","date_gmt":"2023-10-12T17:31:08","guid":{"rendered":"https:\/\/latamjournalismreview.org\/?p=80740"},"modified":"2023-10-11T14:54:50","modified_gmt":"2023-10-11T19:54:50","slug":"camara-de-diputadas-y-diputados-de-chile-aprobo-proyecto-de-ley-que-regula-seguridad-de-periodistas-y-trabajadores-de-comunicaciones","status":"publish","type":"post","link":"https:\/\/latamjournalismreview.org\/es\/articles\/camara-de-diputadas-y-diputados-de-chile-aprobo-proyecto-de-ley-que-regula-seguridad-de-periodistas-y-trabajadores-de-comunicaciones\/","title":{"rendered":"C\u00e1mara de Diputadas y Diputados de Chile aprob\u00f3 proyecto de ley que regula seguridad de periodistas y trabajadores de comunicaciones"},"content":{"rendered":"<p><span style=\"font-weight: 400;\">En lo que refiere a protecci\u00f3n de periodistas y personas trabajadoras de las comunicaciones Chile est\u00e1 avanzando. El 31 de julio de 2023 <\/span><a href=\"https:\/\/elsiglo.cl\/aprobaron-proyecto-que-protege-a-periodistas-y-trabajadores-de-las-comunicaciones\/#:~:text=Valpara%C3%ADso.,personas%20trabajadores%20de%20las%20comunicaciones.\" target=\"_blank\" rel=\"noopener\"><span style=\"font-weight: 400;\">la C\u00e1mara de Diputadas y Diputados aprob\u00f3 un proyecto de ley<\/span><\/a><span style=\"font-weight: 400;\"> que regula la protecci\u00f3n del gremio, por lo que sigue su curso legal hacia el Senado. Con este paso el pa\u00eds sudamericano se pone en la vanguardia en cuanto a legislaci\u00f3n para proteger a los periodistas a nivel regional y mundial. <\/span><a href=\"https:\/\/www.bcn.cl\/historiapolitica\/resenas_biograficas\/wiki\/Nathalie_Castillo_Rojas\" target=\"_blank\" rel=\"noopener\"><span style=\"font-weight: 400;\">Nathalie Castillo<\/span><\/a><span style=\"font-weight: 400;\">, la diputada que impuls\u00f3 el proyecto, convers\u00f3 con <\/span><strong>LatAm Journalism Review (LJR)<\/strong><span style=\"font-weight: 400;\"> sobre este avance y la seguridad de los periodistas en el pa\u00eds.<\/span><\/p>\n<div id=\"attachment_80744\" style=\"width: 460px\" class=\"wp-caption alignright\"><img loading=\"lazy\" decoding=\"async\" aria-describedby=\"caption-attachment-80744\" class=\"wp-image-80744\" src=\"https:\/\/latamjournalismreview.org\/wp-content\/uploads\/2023\/10\/Nathalie-Castillo-300x200.jpeg\" alt=\"Woman in dark dress and light jacket stands up in a deputies chamber in Chile\" width=\"450\" height=\"300\" srcset=\"https:\/\/latamjournalismreview.org\/wp-content\/uploads\/2023\/10\/Nathalie-Castillo-300x200.jpeg 300w, https:\/\/latamjournalismreview.org\/wp-content\/uploads\/2023\/10\/Nathalie-Castillo-1024x682.jpeg 1024w, https:\/\/latamjournalismreview.org\/wp-content\/uploads\/2023\/10\/Nathalie-Castillo-768x512.jpeg 768w, https:\/\/latamjournalismreview.org\/wp-content\/uploads\/2023\/10\/Nathalie-Castillo-1536x1023.jpeg 1536w, https:\/\/latamjournalismreview.org\/wp-content\/uploads\/2023\/10\/Nathalie-Castillo-350x234.jpeg 350w, https:\/\/latamjournalismreview.org\/wp-content\/uploads\/2023\/10\/Nathalie-Castillo.jpeg 1600w\" sizes=\"auto, (max-width: 450px) 100vw, 450px\" \/><p id=\"caption-attachment-80744\" class=\"wp-caption-text\"><span style=\"font-weight: 400;\">Nathalie Castillo, periodista, diputada chilena e impulsora del proyecto de ley que regula la seguridad de los periodistas y los trabajadores de las comunicaciones en Chile. (Foto: C\u00e1mara de Diputados y Diputadas de Chile)<\/span><\/p><\/div>\n<p><span style=\"font-weight: 400;\">Castillo es diputada por la regi\u00f3n de Coquimbo, al norte del pa\u00eds, desde 2022. Tambi\u00e9n es periodista, y fue presidenta del Colegio de Periodistas de Chile en tiempos de pandemia y protestas sociales. Por eso pudo ver en primera persona las agresiones contra la prensa cuando cubr\u00edan las manifestaciones en las calles. En conversaci\u00f3n con <\/span><strong>LJR<\/strong><span style=\"font-weight: 400;\">, la diputada cita cifras del<\/span> <a href=\"https:\/\/observatorioderechocomunicacion.cl\/diciembre-2020-concluye-con-un-aumento-de-los-ataques-a-la-prensa\/\" target=\"_blank\" rel=\"noopener\"><span style=\"font-weight: 400;\">Observatorio del Derecho a la Comunicaci\u00f3n<\/span><\/a><span style=\"font-weight: 400;\">: \u201cA partir de la revuelta social de octubre del 2019 existieron m\u00e1s de 300 ataques contra la prensa, cometidos en su amplia mayor\u00eda por agentes del Estado. De esos casos, solo 60 est\u00e1n judicializados\u201d.<\/span><\/p>\n<p><span style=\"font-weight: 400;\">Con estos antecedentes la diputada puso en evidencia la urgencia de una ley de seguridad para periodistas y trabajadores de las comunicaciones en Chile. En este camino se uni\u00f3 con<\/span> <a href=\"https:\/\/twitter.com\/mauricio_weibel?ref_src=twsrc%5Egoogle%7Ctwcamp%5Eserp%7Ctwgr%5Eauthor\" target=\"_blank\" rel=\"noopener\"><span style=\"font-weight: 400;\">Mauricio Weibel<\/span><\/a><span style=\"font-weight: 400;\">, el periodista chileno especializado en corrupci\u00f3n civil y militar que impulsa desde 2020 la<\/span> <a href=\"https:\/\/co.boell.org\/es\/2022\/05\/03\/ley-modelo-de-proteccion-periodistas-y-personas-trabajadoras-de-las-comunicaciones\" target=\"_blank\" rel=\"noopener\"><span style=\"font-weight: 400;\">Ley Modelo de Protecci\u00f3n a Periodistas<\/span><\/a><span style=\"font-weight: 400;\">.<\/span><\/p>\n<p><span style=\"font-weight: 400;\">Esta iniciativa in\u00e9dita cuenta con el apoyo de la Fundaci\u00f3n Heinrich Boll y de la Unesco y se nutre de la jurisprudencia de la Corte Interamericana de Derechos Humanos y de otros sistemas de justicia internacionales. As\u00ed es como establece un est\u00e1ndar jur\u00eddico de derechos humanos con el fin de regular la seguridad de periodistas y trabajadores de comunicaciones de todo el mundo,<\/span> <a href=\"https:\/\/latamjournalismreview.org\/es\/articles\/ley-modelo-de-proteccion-a-periodistas-una-propuesta-de-america-del-sur-al-mundo\/\" target=\"_blank\" rel=\"noopener\"><span style=\"font-weight: 400;\">cont\u00f3 Weibel en entrevista con LJR en marzo de 2023<\/span><\/a><span style=\"font-weight: 400;\">.<\/span><\/p>\n<p><span style=\"font-weight: 400;\">El desaf\u00edo es que cada pa\u00eds logre implementar y adecuar los principios de la Ley Modelo \u2013impulsada por Weibel y Rivas- a las caracter\u00edsticas y situaci\u00f3n que viven los periodistas y trabajadores de las comunicaciones en su contexto. Un reto que Chile est\u00e1 atravesando con el avance de esta legislaci\u00f3n. \u201cEste es un momento muy importante, un avance hist\u00f3rico en materia de regulaci\u00f3n y protecci\u00f3n al derecho a la informaci\u00f3n y a la comunicaci\u00f3n. Es conocido mundialmente que si Chile avanza prontamente en esta materia, ser\u00e1 el primer pa\u00eds en tener una legislaci\u00f3n que proteja este ejercicio\u201d, explica Castillo con orgullo.<\/span><\/p>\n<p><span style=\"font-weight: 400;\">Uno de los aspectos clave de esta legislaci\u00f3n es que ampl\u00eda el sujeto protegido y no se limita a los periodistas, sino que abarca a \u201ctrabajadores del mundo de las comunicaciones, una definici\u00f3n bastante amplia que fue construida con aportes del Ejecutivo\u201d, dice la diputada. Adem\u00e1s, el proyecto tiene otro gran aporte que es el de definir las agresiones, que van m\u00e1s all\u00e1 de las f\u00edsicas, ya que contempla agresiones virtuales, acoso digital, espionaje, entre otras.<\/span><\/p>\n<p><span style=\"font-weight: 400;\">Otro de los aspectos que resalta Castillo sobre el proyecto de ley que aprob\u00f3 la C\u00e1mara de Diputados recientemente es que \u201cestablece la obligaci\u00f3n del Estado en asumir un discurso p\u00fablico de protecci\u00f3n a la prensa. Esto implica, de alguna forma, que el discurso de las autoridades p\u00fablicas deba ser siempre en favor de respetar la libertad de prensa\u201d. Un punto m\u00e1s que importante debido al desprestigio del que ha sido objeto la prensa por parte de gobernantes de la regi\u00f3n, como es<\/span> <a href=\"https:\/\/latamjournalismreview.org\/es\/news\/expresidente-brasileno-jair-bolsonaro-es-condenado-a-pagar-multa-por-ataques-a-la-prensa\/\" target=\"_blank\" rel=\"noopener\"><span style=\"font-weight: 400;\">el caso de Brasil con el expresidente Jair Bolsonaro<\/span><\/a><span style=\"font-weight: 400;\">.<\/span><\/p>\n<p><span style=\"font-weight: 400;\">Adem\u00e1s, \u201clos agentes del Estado, como la polic\u00eda, deben tener cierto grado de capacitaci\u00f3n, formaci\u00f3n, resguardo de sus protocolos para evitar agresiones a la prensa, periodistas y trabajadores de las comunicaciones\u201d, contin\u00faa Castillo. Otro aspecto clave en la seguridad de periodistas en Chile y en la regi\u00f3n, donde se reporta violencia policial contra periodistas en manifestaciones, como ha sucedido recientemente en<\/span> <a href=\"https:\/\/latamjournalismreview.org\/es\/articles\/en-peru-hay-mas-de-30-casos-de-acoso-judicial-contra-periodistas-al-ano-segun-la-presidenta-de-la-asociacion-nacional-de-periodistas\/\" target=\"_blank\" rel=\"noopener\"><span style=\"font-weight: 400;\">Per\u00fa<\/span><\/a><span style=\"font-weight: 400;\"> o en<\/span> <a href=\"https:\/\/www.anred.org\/2023\/06\/30\/periodistas-unidos-autoconvocados-de-jujuy-denuncian-violencia-policial-detenciones-hostigamiento-e-intimidacion\/\" target=\"_blank\" rel=\"noopener\"><span style=\"font-weight: 400;\">Argentina<\/span><\/a><span style=\"font-weight: 400;\">.\u00a0\u00a0\u00a0<\/span><\/p>\n<p><span style=\"font-weight: 400;\">En lo que respecta a la protecci\u00f3n de las mujeres periodistas,<\/span> <a href=\"https:\/\/elpais.com\/america-colombia\/2022-11-21\/ser-mujer-periodista-en-las-americas-una-lucha-por-la-justicia-en-medio-grandes-desafios.html\" target=\"_blank\" rel=\"noopener\"><span style=\"font-weight: 400;\">contra quienes la violencia es m\u00e1s cruenta por el hecho de ser mujeres<\/span><\/a><span style=\"font-weight: 400;\">, Castillo asegura que \u201cesta ley tiene un articulado especial que define cu\u00e1les son las agresiones a mujeres periodistas. Esto es bastante importante, ya que hay que recordar que en general son mujeres las que hacen m\u00e1s investigaciones period\u00edsticas en temas de g\u00e9nero y derechos humanos, por tanto, ellas son m\u00e1s v\u00edctimas de agresiones. El art\u00edculo 19 en particular dispone protecci\u00f3n a todas ellas, incorporando a disidencias sexuales, de forma de asegurarles una vida libre de violencia mientras ejercen la profesi\u00f3n\u201d.<\/span><\/p>\n<p><span style=\"font-weight: 400;\">Por otra parte, Castillo considera que otro aspecto importante del proyecto de ley es que contempla la seguridad de las familias de los y las periodistas que son agredidos o amenazados, porque usualmente sufren las repercusiones de esas agresiones o tambi\u00e9n son objeto de ellas.<\/span> <a href=\"https:\/\/latamjournalismreview.org\/es\/articles\/ley-modelo-de-proteccion-a-periodistas-una-propuesta-de-america-del-sur-al-mundo\/\" target=\"_blank\" rel=\"noopener\"><span style=\"font-weight: 400;\">El mismo Weibel<\/span><\/a><span style=\"font-weight: 400;\">, que desde 2012 investiga la corrupci\u00f3n en los m\u00e1s altos mandos del ej\u00e9rcito chileno, ha sido v\u00edctima, junto con su familia de espionaje, persecuci\u00f3n y amedrentamiento por parte del Estado.<\/span><\/p>\n<p><span style=\"font-weight: 400;\">Como este es un \u201cproyecto de ley innovador que busca generar un protocolo de protecci\u00f3n a los periodistas y trabajadores de las comunicaciones\u201d, Castillo dice que ha recibido cuestionamientos sobre por qu\u00e9 se busca regular la protecci\u00f3n para este sector, y no para toda la sociedad. Por eso ella dice: \u201cA nosotras nos parece relevante por el aumento de agresiones a la prensa. Nos parece que todo este tipo de acciones limitan la libertad de expresi\u00f3n y de prensa, y que por tanto el Estado, en tanto garante de los derechos humanos, tiene que establecer formas para proteger este derecho\u201d. <\/span><\/p>\n<p>--<\/p>\n<p><em>Florencia Pagola es una periodista independiente de Uruguay. Investiga y escribe sobre derechos humanos y libertad de expresi\u00f3n en Am\u00e9rica Latina.<\/em><\/p>\n","protected":false},"excerpt":{"rendered":"<p>A 50 a\u00f1os del golpe de Estado en Chile, el Congreso Nacional de ese pa\u00eds avanza en la legislaci\u00f3n para regular la protecci\u00f3n de los y las periodistas y trabajadores de las comunicaciones. As\u00ed el pa\u00eds sudamericano se pone a la vanguardia en la materia a nivel internacional. <\/p>\n","protected":false},"author":65,"featured_media":80750,"comment_status":"closed","ping_status":"closed","sticky":false,"template":"","format":"standard","meta":{"inline_featured_image":false,"footnotes":""},"categories":[1220],"tags":[1434,1518],"coauthors":[],"class_list":["post-80740","post","type-post","status-publish","format-standard","has-post-thumbnail","hentry","category-libertad-de-prensa-es","tag-chile-es","tag-seguridad-y-proteccion-es"],"acf":[],"yoast_head":"<!-- This site is optimized with the Yoast SEO Premium plugin v22.6 (Yoast SEO v27.4) - https:\/\/yoast.com\/product\/yoast-seo-premium-wordpress\/ -->\n<title>C\u00e1mara de Diputadas y Diputados de Chile aprob\u00f3 proyecto de ley que regula seguridad de periodistas y trabajadores de comunicaciones - LatAm Journalism Review<\/title>\n<meta name=\"description\" content=\"C\u00e1mara de Diputadas y Diputados de Chile aprob\u00f3 proyecto de ley que regula seguridad de periodistas y trabajadores de comunicaciones Libertad de prensaLa C\u00e1mara de Diputados chilena aprob\u00f3 un proyecto de ley que avanza en la protecci\u00f3n de los periodistas. El proyecto pasa ahora al Senado. Su promotora es la periodista y diputada chilena Nathalie Castillo.\" \/>\n<meta name=\"robots\" content=\"index, follow, max-snippet:-1, max-image-preview:large, max-video-preview:-1\" \/>\n<link rel=\"canonical\" href=\"https:\/\/latamjournalismreview.org\/es\/articles\/camara-de-diputadas-y-diputados-de-chile-aprobo-proyecto-de-ley-que-regula-seguridad-de-periodistas-y-trabajadores-de-comunicaciones\/\" \/>\n<meta property=\"og:locale\" content=\"es_ES\" \/>\n<meta property=\"og:type\" content=\"article\" \/>\n<meta property=\"og:title\" content=\"C\u00e1mara de Diputadas y Diputados de Chile aprob\u00f3 proyecto de ley que regula seguridad de periodistas y trabajadores de comunicaciones\" \/>\n<meta property=\"og:description\" content=\"C\u00e1mara de Diputadas y Diputados de Chile aprob\u00f3 proyecto de ley que regula seguridad de periodistas y trabajadores de comunicaciones Libertad de prensaLa C\u00e1mara de Diputados chilena aprob\u00f3 un proyecto de ley que avanza en la protecci\u00f3n de los periodistas. El proyecto pasa ahora al Senado. Su promotora es la periodista y diputada chilena Nathalie Castillo.\" \/>\n<meta property=\"og:url\" content=\"https:\/\/latamjournalismreview.org\/es\/articles\/camara-de-diputadas-y-diputados-de-chile-aprobo-proyecto-de-ley-que-regula-seguridad-de-periodistas-y-trabajadores-de-comunicaciones\/\" \/>\n<meta property=\"og:site_name\" content=\"LatAm Journalism Review\" \/>\n<meta property=\"article:published_time\" content=\"2023-10-12T17:31:08+00:00\" \/>\n<meta property=\"og:image\" content=\"https:\/\/latamjournalismreview.org\/wp-content\/uploads\/2023\/10\/FEATURED-Nathalie-Castillo-Chile.png\" \/>\n\t<meta property=\"og:image:width\" content=\"507\" \/>\n\t<meta property=\"og:image:height\" content=\"340\" \/>\n\t<meta property=\"og:image:type\" content=\"image\/png\" \/>\n<meta name=\"author\" content=\"Florencia Pagola\" \/>\n<meta name=\"twitter:card\" content=\"summary_large_image\" \/>\n<meta name=\"twitter:creator\" content=\"@FlorPagolaLuc\" \/>\n<meta name=\"twitter:site\" content=\"@LatAmJournalism\" \/>\n<meta name=\"twitter:label1\" content=\"Written by\" \/>\n\t<meta name=\"twitter:data1\" content=\"Florencia Pagola\" \/>\n\t<meta name=\"twitter:label2\" content=\"Est. reading time\" \/>\n\t<meta name=\"twitter:data2\" content=\"5 minutos\" \/>\n<script type=\"application\/ld+json\" class=\"yoast-schema-graph\">{\"@context\":\"https:\\\/\\\/schema.org\",\"@graph\":[{\"@type\":\"Article\",\"@id\":\"https:\\\/\\\/latamjournalismreview.org\\\/es\\\/articles\\\/camara-de-diputadas-y-diputados-de-chile-aprobo-proyecto-de-ley-que-regula-seguridad-de-periodistas-y-trabajadores-de-comunicaciones\\\/#article\",\"isPartOf\":{\"@id\":\"https:\\\/\\\/latamjournalismreview.org\\\/es\\\/articles\\\/camara-de-diputadas-y-diputados-de-chile-aprobo-proyecto-de-ley-que-regula-seguridad-de-periodistas-y-trabajadores-de-comunicaciones\\\/\"},\"author\":{\"name\":\"Florencia Pagola\",\"@id\":\"https:\\\/\\\/latamjournalismreview.org\\\/es\\\/#\\\/schema\\\/person\\\/cc661cbbd619eff0de012077873b86e8\"},\"headline\":\"C\u00e1mara de Diputadas y Diputados de Chile aprob\u00f3 proyecto de ley que regula seguridad de periodistas y trabajadores de comunicaciones\",\"datePublished\":\"2023-10-12T17:31:08+00:00\",\"mainEntityOfPage\":{\"@id\":\"https:\\\/\\\/latamjournalismreview.org\\\/es\\\/articles\\\/camara-de-diputadas-y-diputados-de-chile-aprobo-proyecto-de-ley-que-regula-seguridad-de-periodistas-y-trabajadores-de-comunicaciones\\\/\"},\"wordCount\":1092,\"publisher\":{\"@id\":\"https:\\\/\\\/latamjournalismreview.org\\\/es\\\/#organization\"},\"image\":{\"@id\":\"https:\\\/\\\/latamjournalismreview.org\\\/es\\\/articles\\\/camara-de-diputadas-y-diputados-de-chile-aprobo-proyecto-de-ley-que-regula-seguridad-de-periodistas-y-trabajadores-de-comunicaciones\\\/#primaryimage\"},\"thumbnailUrl\":\"https:\\\/\\\/latamjournalismreview.org\\\/wp-content\\\/uploads\\\/2023\\\/10\\\/FEATURED-Nathalie-Castillo-Chile.png\",\"keywords\":[\"Chile\",\"Seguridad y protecci\u00f3n\"],\"articleSection\":[\"Libertad de prensa\"],\"inLanguage\":\"es\"},{\"@type\":\"WebPage\",\"@id\":\"https:\\\/\\\/latamjournalismreview.org\\\/es\\\/articles\\\/camara-de-diputadas-y-diputados-de-chile-aprobo-proyecto-de-ley-que-regula-seguridad-de-periodistas-y-trabajadores-de-comunicaciones\\\/\",\"url\":\"https:\\\/\\\/latamjournalismreview.org\\\/es\\\/articles\\\/camara-de-diputadas-y-diputados-de-chile-aprobo-proyecto-de-ley-que-regula-seguridad-de-periodistas-y-trabajadores-de-comunicaciones\\\/\",\"name\":\"C\u00e1mara de Diputadas y Diputados de Chile aprob\u00f3 proyecto de ley que regula seguridad de periodistas y trabajadores de comunicaciones - LatAm Journalism Review\",\"isPartOf\":{\"@id\":\"https:\\\/\\\/latamjournalismreview.org\\\/es\\\/#website\"},\"primaryImageOfPage\":{\"@id\":\"https:\\\/\\\/latamjournalismreview.org\\\/es\\\/articles\\\/camara-de-diputadas-y-diputados-de-chile-aprobo-proyecto-de-ley-que-regula-seguridad-de-periodistas-y-trabajadores-de-comunicaciones\\\/#primaryimage\"},\"image\":{\"@id\":\"https:\\\/\\\/latamjournalismreview.org\\\/es\\\/articles\\\/camara-de-diputadas-y-diputados-de-chile-aprobo-proyecto-de-ley-que-regula-seguridad-de-periodistas-y-trabajadores-de-comunicaciones\\\/#primaryimage\"},\"thumbnailUrl\":\"https:\\\/\\\/latamjournalismreview.org\\\/wp-content\\\/uploads\\\/2023\\\/10\\\/FEATURED-Nathalie-Castillo-Chile.png\",\"datePublished\":\"2023-10-12T17:31:08+00:00\",\"description\":\"C\u00e1mara de Diputadas y Diputados de Chile aprob\u00f3 proyecto de ley que regula seguridad de periodistas y trabajadores de comunicaciones Libertad de prensaLa C\u00e1mara de Diputados chilena aprob\u00f3 un proyecto de ley que avanza en la protecci\u00f3n de los periodistas. El proyecto pasa ahora al Senado. Su promotora es la periodista y diputada chilena Nathalie Castillo.\",\"breadcrumb\":{\"@id\":\"https:\\\/\\\/latamjournalismreview.org\\\/es\\\/articles\\\/camara-de-diputadas-y-diputados-de-chile-aprobo-proyecto-de-ley-que-regula-seguridad-de-periodistas-y-trabajadores-de-comunicaciones\\\/#breadcrumb\"},\"inLanguage\":\"es\",\"potentialAction\":[{\"@type\":\"ReadAction\",\"target\":[\"https:\\\/\\\/latamjournalismreview.org\\\/es\\\/articles\\\/camara-de-diputadas-y-diputados-de-chile-aprobo-proyecto-de-ley-que-regula-seguridad-de-periodistas-y-trabajadores-de-comunicaciones\\\/\"]}]},{\"@type\":\"ImageObject\",\"inLanguage\":\"es\",\"@id\":\"https:\\\/\\\/latamjournalismreview.org\\\/es\\\/articles\\\/camara-de-diputadas-y-diputados-de-chile-aprobo-proyecto-de-ley-que-regula-seguridad-de-periodistas-y-trabajadores-de-comunicaciones\\\/#primaryimage\",\"url\":\"https:\\\/\\\/latamjournalismreview.org\\\/wp-content\\\/uploads\\\/2023\\\/10\\\/FEATURED-Nathalie-Castillo-Chile.png\",\"contentUrl\":\"https:\\\/\\\/latamjournalismreview.org\\\/wp-content\\\/uploads\\\/2023\\\/10\\\/FEATURED-Nathalie-Castillo-Chile.png\",\"width\":507,\"height\":340,\"caption\":\"athalie Castillo, journalist, Chilean congresswoman, and sponsor of a bill that would regulate the safety of journalists and communications workers in Chile. (Photo \\\/ Chamber of Deputies in Chile)\"},{\"@type\":\"BreadcrumbList\",\"@id\":\"https:\\\/\\\/latamjournalismreview.org\\\/es\\\/articles\\\/camara-de-diputadas-y-diputados-de-chile-aprobo-proyecto-de-ley-que-regula-seguridad-de-periodistas-y-trabajadores-de-comunicaciones\\\/#breadcrumb\",\"itemListElement\":[{\"@type\":\"ListItem\",\"position\":1,\"name\":\"Home\",\"item\":\"https:\\\/\\\/latamjournalismreview.org\\\/es\\\/\"},{\"@type\":\"ListItem\",\"position\":2,\"name\":\"C\u00e1mara de Diputadas y Diputados de Chile aprob\u00f3 proyecto de ley que regula seguridad de periodistas y trabajadores de comunicaciones\"}]},{\"@type\":\"WebSite\",\"@id\":\"https:\\\/\\\/latamjournalismreview.org\\\/es\\\/#website\",\"url\":\"https:\\\/\\\/latamjournalismreview.org\\\/es\\\/\",\"name\":\"LatAm Journalism Review\",\"description\":\"Knight Center at The University of Texas\",\"publisher\":{\"@id\":\"https:\\\/\\\/latamjournalismreview.org\\\/es\\\/#organization\"},\"potentialAction\":[{\"@type\":\"SearchAction\",\"target\":{\"@type\":\"EntryPoint\",\"urlTemplate\":\"https:\\\/\\\/latamjournalismreview.org\\\/es\\\/?s={search_term_string}\"},\"query-input\":{\"@type\":\"PropertyValueSpecification\",\"valueRequired\":true,\"valueName\":\"search_term_string\"}}],\"inLanguage\":\"es\"},{\"@type\":\"Organization\",\"@id\":\"https:\\\/\\\/latamjournalismreview.org\\\/es\\\/#organization\",\"name\":\"LatAm Journalism Review\",\"url\":\"https:\\\/\\\/latamjournalismreview.org\\\/es\\\/\",\"logo\":{\"@type\":\"ImageObject\",\"inLanguage\":\"es\",\"@id\":\"https:\\\/\\\/latamjournalismreview.org\\\/es\\\/#\\\/schema\\\/logo\\\/image\\\/\",\"url\":\"https:\\\/\\\/latamjournalismreview.org\\\/wp-content\\\/uploads\\\/2020\\\/05\\\/knight-latAm-review-logo.svg\",\"contentUrl\":\"https:\\\/\\\/latamjournalismreview.org\\\/wp-content\\\/uploads\\\/2020\\\/05\\\/knight-latAm-review-logo.svg\",\"width\":\"1024\",\"height\":\"1024\",\"caption\":\"LatAm Journalism Review\"},\"image\":{\"@id\":\"https:\\\/\\\/latamjournalismreview.org\\\/es\\\/#\\\/schema\\\/logo\\\/image\\\/\"},\"sameAs\":[\"https:\\\/\\\/x.com\\\/LatAmJournalism\"]},{\"@type\":\"Person\",\"@id\":\"https:\\\/\\\/latamjournalismreview.org\\\/es\\\/#\\\/schema\\\/person\\\/cc661cbbd619eff0de012077873b86e8\",\"name\":\"Florencia Pagola\",\"description\":\"Florencia Pagola is a freelance journalist in Uruguay with a diploma in Human Rights from the Inter-American Court. She investigates and writes about human rights, gender and press freedom in Latin America. She collaborates with La diaria. Periodista freelance en Uruguay y Diplomada en Derechos Humanos por la Corte IDH. Investiga y escribe sobre derechos humanos, g\u00e9nero y libertad de prensa en Am\u00e9rica Latina. Colabora en La diaria. Jornalista freelancer no Uruguai com diploma em Direitos Humanos pela Corte Interamericana de Direitos Humanos. Pesquisa e escreve sobre direitos humanos, g\u00eanero e liberdade de imprensa na Am\u00e9rica Latina. Contribui para o La diaria.\",\"sameAs\":[\"https:\\\/\\\/x.com\\\/FlorPagolaLuc\"],\"url\":\"https:\\\/\\\/latamjournalismreview.org\\\/es\\\/articles\\\/author\\\/florencia-pagola\\\/\"}]}<\/script>\n<!-- \/ Yoast SEO Premium plugin. -->","yoast_head_json":{"title":"C\u00e1mara de Diputadas y Diputados de Chile aprob\u00f3 proyecto de ley que regula seguridad de periodistas y trabajadores de comunicaciones - LatAm Journalism Review","description":"C\u00e1mara de Diputadas y Diputados de Chile aprob\u00f3 proyecto de ley que regula seguridad de periodistas y trabajadores de comunicaciones Libertad de prensaLa C\u00e1mara de Diputados chilena aprob\u00f3 un proyecto de ley que avanza en la protecci\u00f3n de los periodistas. El proyecto pasa ahora al Senado. Su promotora es la periodista y diputada chilena Nathalie Castillo.","robots":{"index":"index","follow":"follow","max-snippet":"max-snippet:-1","max-image-preview":"max-image-preview:large","max-video-preview":"max-video-preview:-1"},"canonical":"https:\/\/latamjournalismreview.org\/es\/articles\/camara-de-diputadas-y-diputados-de-chile-aprobo-proyecto-de-ley-que-regula-seguridad-de-periodistas-y-trabajadores-de-comunicaciones\/","og_locale":"es_ES","og_type":"article","og_title":"C\u00e1mara de Diputadas y Diputados de Chile aprob\u00f3 proyecto de ley que regula seguridad de periodistas y trabajadores de comunicaciones","og_description":"C\u00e1mara de Diputadas y Diputados de Chile aprob\u00f3 proyecto de ley que regula seguridad de periodistas y trabajadores de comunicaciones Libertad de prensaLa C\u00e1mara de Diputados chilena aprob\u00f3 un proyecto de ley que avanza en la protecci\u00f3n de los periodistas. El proyecto pasa ahora al Senado. Su promotora es la periodista y diputada chilena Nathalie Castillo.","og_url":"https:\/\/latamjournalismreview.org\/es\/articles\/camara-de-diputadas-y-diputados-de-chile-aprobo-proyecto-de-ley-que-regula-seguridad-de-periodistas-y-trabajadores-de-comunicaciones\/","og_site_name":"LatAm Journalism Review","article_published_time":"2023-10-12T17:31:08+00:00","og_image":[{"width":507,"height":340,"url":"https:\/\/latamjournalismreview.org\/wp-content\/uploads\/2023\/10\/FEATURED-Nathalie-Castillo-Chile.png","type":"image\/png"}],"author":"Florencia Pagola","twitter_card":"summary_large_image","twitter_creator":"@FlorPagolaLuc","twitter_site":"@LatAmJournalism","twitter_misc":{"Written by":"Florencia Pagola","Est. reading time":"5 minutos"},"schema":{"@context":"https:\/\/schema.org","@graph":[{"@type":"Article","@id":"https:\/\/latamjournalismreview.org\/es\/articles\/camara-de-diputadas-y-diputados-de-chile-aprobo-proyecto-de-ley-que-regula-seguridad-de-periodistas-y-trabajadores-de-comunicaciones\/#article","isPartOf":{"@id":"https:\/\/latamjournalismreview.org\/es\/articles\/camara-de-diputadas-y-diputados-de-chile-aprobo-proyecto-de-ley-que-regula-seguridad-de-periodistas-y-trabajadores-de-comunicaciones\/"},"author":{"name":"Florencia Pagola","@id":"https:\/\/latamjournalismreview.org\/es\/#\/schema\/person\/cc661cbbd619eff0de012077873b86e8"},"headline":"C\u00e1mara de Diputadas y Diputados de Chile aprob\u00f3 proyecto de ley que regula seguridad de periodistas y trabajadores de comunicaciones","datePublished":"2023-10-12T17:31:08+00:00","mainEntityOfPage":{"@id":"https:\/\/latamjournalismreview.org\/es\/articles\/camara-de-diputadas-y-diputados-de-chile-aprobo-proyecto-de-ley-que-regula-seguridad-de-periodistas-y-trabajadores-de-comunicaciones\/"},"wordCount":1092,"publisher":{"@id":"https:\/\/latamjournalismreview.org\/es\/#organization"},"image":{"@id":"https:\/\/latamjournalismreview.org\/es\/articles\/camara-de-diputadas-y-diputados-de-chile-aprobo-proyecto-de-ley-que-regula-seguridad-de-periodistas-y-trabajadores-de-comunicaciones\/#primaryimage"},"thumbnailUrl":"https:\/\/latamjournalismreview.org\/wp-content\/uploads\/2023\/10\/FEATURED-Nathalie-Castillo-Chile.png","keywords":["Chile","Seguridad y protecci\u00f3n"],"articleSection":["Libertad de prensa"],"inLanguage":"es"},{"@type":"WebPage","@id":"https:\/\/latamjournalismreview.org\/es\/articles\/camara-de-diputadas-y-diputados-de-chile-aprobo-proyecto-de-ley-que-regula-seguridad-de-periodistas-y-trabajadores-de-comunicaciones\/","url":"https:\/\/latamjournalismreview.org\/es\/articles\/camara-de-diputadas-y-diputados-de-chile-aprobo-proyecto-de-ley-que-regula-seguridad-de-periodistas-y-trabajadores-de-comunicaciones\/","name":"C\u00e1mara de Diputadas y Diputados de Chile aprob\u00f3 proyecto de ley que regula seguridad de periodistas y trabajadores de comunicaciones - LatAm Journalism Review","isPartOf":{"@id":"https:\/\/latamjournalismreview.org\/es\/#website"},"primaryImageOfPage":{"@id":"https:\/\/latamjournalismreview.org\/es\/articles\/camara-de-diputadas-y-diputados-de-chile-aprobo-proyecto-de-ley-que-regula-seguridad-de-periodistas-y-trabajadores-de-comunicaciones\/#primaryimage"},"image":{"@id":"https:\/\/latamjournalismreview.org\/es\/articles\/camara-de-diputadas-y-diputados-de-chile-aprobo-proyecto-de-ley-que-regula-seguridad-de-periodistas-y-trabajadores-de-comunicaciones\/#primaryimage"},"thumbnailUrl":"https:\/\/latamjournalismreview.org\/wp-content\/uploads\/2023\/10\/FEATURED-Nathalie-Castillo-Chile.png","datePublished":"2023-10-12T17:31:08+00:00","description":"C\u00e1mara de Diputadas y Diputados de Chile aprob\u00f3 proyecto de ley que regula seguridad de periodistas y trabajadores de comunicaciones Libertad de prensaLa C\u00e1mara de Diputados chilena aprob\u00f3 un proyecto de ley que avanza en la protecci\u00f3n de los periodistas. El proyecto pasa ahora al Senado. Su promotora es la periodista y diputada chilena Nathalie Castillo.","breadcrumb":{"@id":"https:\/\/latamjournalismreview.org\/es\/articles\/camara-de-diputadas-y-diputados-de-chile-aprobo-proyecto-de-ley-que-regula-seguridad-de-periodistas-y-trabajadores-de-comunicaciones\/#breadcrumb"},"inLanguage":"es","potentialAction":[{"@type":"ReadAction","target":["https:\/\/latamjournalismreview.org\/es\/articles\/camara-de-diputadas-y-diputados-de-chile-aprobo-proyecto-de-ley-que-regula-seguridad-de-periodistas-y-trabajadores-de-comunicaciones\/"]}]},{"@type":"ImageObject","inLanguage":"es","@id":"https:\/\/latamjournalismreview.org\/es\/articles\/camara-de-diputadas-y-diputados-de-chile-aprobo-proyecto-de-ley-que-regula-seguridad-de-periodistas-y-trabajadores-de-comunicaciones\/#primaryimage","url":"https:\/\/latamjournalismreview.org\/wp-content\/uploads\/2023\/10\/FEATURED-Nathalie-Castillo-Chile.png","contentUrl":"https:\/\/latamjournalismreview.org\/wp-content\/uploads\/2023\/10\/FEATURED-Nathalie-Castillo-Chile.png","width":507,"height":340,"caption":"athalie Castillo, journalist, Chilean congresswoman, and sponsor of a bill that would regulate the safety of journalists and communications workers in Chile. (Photo \/ Chamber of Deputies in Chile)"},{"@type":"BreadcrumbList","@id":"https:\/\/latamjournalismreview.org\/es\/articles\/camara-de-diputadas-y-diputados-de-chile-aprobo-proyecto-de-ley-que-regula-seguridad-de-periodistas-y-trabajadores-de-comunicaciones\/#breadcrumb","itemListElement":[{"@type":"ListItem","position":1,"name":"Home","item":"https:\/\/latamjournalismreview.org\/es\/"},{"@type":"ListItem","position":2,"name":"C\u00e1mara de Diputadas y Diputados de Chile aprob\u00f3 proyecto de ley que regula seguridad de periodistas y trabajadores de comunicaciones"}]},{"@type":"WebSite","@id":"https:\/\/latamjournalismreview.org\/es\/#website","url":"https:\/\/latamjournalismreview.org\/es\/","name":"LatAm Journalism Review","description":"Knight Center at The University of Texas","publisher":{"@id":"https:\/\/latamjournalismreview.org\/es\/#organization"},"potentialAction":[{"@type":"SearchAction","target":{"@type":"EntryPoint","urlTemplate":"https:\/\/latamjournalismreview.org\/es\/?s={search_term_string}"},"query-input":{"@type":"PropertyValueSpecification","valueRequired":true,"valueName":"search_term_string"}}],"inLanguage":"es"},{"@type":"Organization","@id":"https:\/\/latamjournalismreview.org\/es\/#organization","name":"LatAm Journalism Review","url":"https:\/\/latamjournalismreview.org\/es\/","logo":{"@type":"ImageObject","inLanguage":"es","@id":"https:\/\/latamjournalismreview.org\/es\/#\/schema\/logo\/image\/","url":"https:\/\/latamjournalismreview.org\/wp-content\/uploads\/2020\/05\/knight-latAm-review-logo.svg","contentUrl":"https:\/\/latamjournalismreview.org\/wp-content\/uploads\/2020\/05\/knight-latAm-review-logo.svg","width":"1024","height":"1024","caption":"LatAm Journalism Review"},"image":{"@id":"https:\/\/latamjournalismreview.org\/es\/#\/schema\/logo\/image\/"},"sameAs":["https:\/\/x.com\/LatAmJournalism"]},{"@type":"Person","@id":"https:\/\/latamjournalismreview.org\/es\/#\/schema\/person\/cc661cbbd619eff0de012077873b86e8","name":"Florencia Pagola","description":"Florencia Pagola is a freelance journalist in Uruguay with a diploma in Human Rights from the Inter-American Court. She investigates and writes about human rights, gender and press freedom in Latin America. She collaborates with La diaria. Periodista freelance en Uruguay y Diplomada en Derechos Humanos por la Corte IDH. Investiga y escribe sobre derechos humanos, g\u00e9nero y libertad de prensa en Am\u00e9rica Latina. Colabora en La diaria. Jornalista freelancer no Uruguai com diploma em Direitos Humanos pela Corte Interamericana de Direitos Humanos. Pesquisa e escreve sobre direitos humanos, g\u00eanero e liberdade de imprensa na Am\u00e9rica Latina. Contribui para o La diaria.","sameAs":["https:\/\/x.com\/FlorPagolaLuc"],"url":"https:\/\/latamjournalismreview.org\/es\/articles\/author\/florencia-pagola\/"}]}},"_links":{"self":[{"href":"https:\/\/latamjournalismreview.org\/es\/wp-json\/wp\/v2\/posts\/80740","targetHints":{"allow":["GET"]}}],"collection":[{"href":"https:\/\/latamjournalismreview.org\/es\/wp-json\/wp\/v2\/posts"}],"about":[{"href":"https:\/\/latamjournalismreview.org\/es\/wp-json\/wp\/v2\/types\/post"}],"author":[{"embeddable":true,"href":"https:\/\/latamjournalismreview.org\/es\/wp-json\/wp\/v2\/users\/65"}],"replies":[{"embeddable":true,"href":"https:\/\/latamjournalismreview.org\/es\/wp-json\/wp\/v2\/comments?post=80740"}],"version-history":[{"count":6,"href":"https:\/\/latamjournalismreview.org\/es\/wp-json\/wp\/v2\/posts\/80740\/revisions"}],"predecessor-version":[{"id":80784,"href":"https:\/\/latamjournalismreview.org\/es\/wp-json\/wp\/v2\/posts\/80740\/revisions\/80784"}],"wp:featuredmedia":[{"embeddable":true,"href":"https:\/\/latamjournalismreview.org\/es\/wp-json\/wp\/v2\/media\/80750"}],"wp:attachment":[{"href":"https:\/\/latamjournalismreview.org\/es\/wp-json\/wp\/v2\/media?parent=80740"}],"wp:term":[{"taxonomy":"category","embeddable":true,"href":"https:\/\/latamjournalismreview.org\/es\/wp-json\/wp\/v2\/categories?post=80740"},{"taxonomy":"post_tag","embeddable":true,"href":"https:\/\/latamjournalismreview.org\/es\/wp-json\/wp\/v2\/tags?post=80740"},{"taxonomy":"author","embeddable":true,"href":"https:\/\/latamjournalismreview.org\/es\/wp-json\/wp\/v2\/coauthors?post=80740"}],"curies":[{"name":"wp","href":"https:\/\/api.w.org\/{rel}","templated":true}]}}