{"id":8075,"date":"2019-03-06T14:49:46","date_gmt":"2019-03-06T19:49:46","guid":{"rendered":"https:\/\/live-lajr.pantheonsite.io\/articles\/mas-de-60-procesos-judiciales-enfrenta-periodista-brasileno-tras-investigacion-sobre-presunto-fraude-en-la-educacion\/"},"modified":"2020-06-25T17:34:44","modified_gmt":"2020-06-25T22:34:44","slug":"mas-de-60-procesos-judiciales-enfrenta-periodista-brasileno-tras-investigacion-sobre-presunto-fraude-en-la-educacion","status":"publish","type":"post","link":"https:\/\/latamjournalismreview.org\/es\/articles\/mas-de-60-procesos-judiciales-enfrenta-periodista-brasileno-tras-investigacion-sobre-presunto-fraude-en-la-educacion\/","title":{"rendered":"M\u00e1s de 60 procesos judiciales enfrenta periodista brasile\u00f1o tras investigaci\u00f3n sobre presunto fraude en la educaci\u00f3n"},"content":{"rendered":"<p>Una serie de reportajes sobre un presunto fraude en evaluaciones de la ense\u00f1anza p\u00fablica de Sobral y otras ciudades del estado de Cear\u00e1, regi\u00f3n nordeste de Brasil, ha motivado hasta el momento 63 procesos judiciales contra el periodista Wellington Macedo.<\/p>\n<p>En septiembre de 2018, Macedo public\u00f3 en <a href=\"https:\/\/www.youtube.com\/user\/wmacedo1000\/featured\" target=\"_blank\" rel=\"noopener noreferrer\">su canal en YouTube<\/a> el reportaje en video \u201c<a href=\"https:\/\/www.youtube.com\/watch?v=hQeXr3ufAn0&amp;t=4s\" target=\"_blank\" rel=\"noopener noreferrer\">Educa\u00e7\u00e3o do Mal<\/a>\u201d (Educaci\u00f3n del Mal), en el que estudiantes, padres y exprofesores de escuelas de Sobral, Corea\u00fa e Itapaj\u00e9 denuncian un supuesto esquema para cometer fraude en evaluaciones de ense\u00f1anza.<\/p>\n<div style=\"width: 400px; font-size: 80%; text-align: left; float: right; padding-left: 10px; padding-right: 10px;\">\n<div style=\"width: 1158px\" class=\"wp-caption alignnone\"><img loading=\"lazy\" decoding=\"async\" style=\"width: 400px;\" src=\"https:\/\/farm8.staticflickr.com\/7810\/33425223628_62e4e443c6_o.png\" alt=\"Wellington Macedo\" width=\"1148\" height=\"498\" \/><p class=\"wp-caption-text\">Wellington Macedo en una captura de pantalla del video del reportaje\u00a0Educa\u00e7\u00e3o do Mal.<\/p><\/div>\n<\/div>\n<p>Despu\u00e9s de eso, Macedo fue denunciado en 59 procesos judiciales instaurados por directores de escuelas de Sobral, representados por el abogado Charles Paiva, un <a href=\"http:\/\/educacao.sobral.ce.gov.br\/a-secretaria\/organograma\" target=\"_blank\" rel=\"noopener noreferrer\">funcionario de la Secretar\u00eda de Educaci\u00f3n<\/a> del municipio. El periodista tambi\u00e9n es blanco de otros cuatro procesos por calumnia y difamaci\u00f3n, instaurados por el Secretario de Educaci\u00f3n de Sobral, por una profesora y dos directores de escuelas, seg\u00fan le cont\u00f3 el periodista al <strong>Centro Knight<\/strong>.<\/p>\n<p>El 19 de febrero se celebr\u00f3 en Sobral la primera audiencia que reuni\u00f3 a los 59 procesos de directores en contra de Macedo. Cada uno pide una indemnizaci\u00f3n de 38 mil Reales (R) que <a href=\"https:\/\/www1.folha.uol.com.br\/poder\/2019\/02\/jornalista-e-alvo-de-59-processos-de-diretoras-de-escolas-em-sobral-no-ceara.shtml\" target=\"_blank\" rel=\"noopener noreferrer\">resultar\u00eda en casi R $2,2 millones (apropiadamente US $587.000)<\/a> si el periodista es condenado en todas las demandas, seg\u00fan report\u00f3 el Folha de S. Paulo.<\/p>\n<p>La defensa de Macedo, que hab\u00eda solicitado la audiencia \u00fanica para los 59 procesos, present\u00f3 una contrademanda en la que se\u00f1ala a sus acusadores de acoso judicial y pide R $10 mil (cerca de US $2.600) de indemnizaci\u00f3n a cada uno de ellos, dijo el periodista. La solicitud est\u00e1 siendo analizada por el juez responsable del caso.<\/p>\n<p>Macedo afirm\u00f3 que hay directoras entre las titulares de los 59 procesos que fueron \u201cenga\u00f1adas\u201d por el Ayuntamiento de Sobral y ni siquiera sab\u00edan de qu\u00e9 se trataban las acciones. \u201cDos de ellas me relataron que, cuando fueron llamadas a una reuni\u00f3n [por el Ayuntamiento], se les dijo que quien entrar\u00eda en el proceso era el propio Ayuntamiento y ellas ser\u00edan solo testigos\u201d, dijo. Seg\u00fan el periodista, una de ellas archiv\u00f3 el proceso del que era titular y otras estar\u00edan pensando en seguir el mismo camino.<\/p>\n<p>El abogado Charles Paiva neg\u00f3 las alegaciones de Macedo en conversaci\u00f3n con el <strong>Centro Knight<\/strong>. Seg\u00fan \u00e9l, los 59 directores buscaron al Ayuntamiento y solicitaron la apertura de procesos contra Macedo por haber publicado \u201cno verdades\u201d sobre el sistema de ense\u00f1anza de Sobral. \u00c9l afirma que la directora que pidi\u00f3 el archivo de su proceso lo hizo por haberse mudado a otra ciudad.<\/p>\n<p>Reporteros Sin Fronteras <a href=\"https:\/\/rsf.org\/es\/noticias\/brasil-decenas-de-directores-de-escuela-denuncian-al-periodista-wellington-macedo\" target=\"_blank\" rel=\"noopener noreferrer\">(RSF) clasific\u00f3 como \u201cpersecuci\u00f3n\u201d los procesos contra Macedo<\/a>. \u201cLa naturaleza coordinada del proceso y la cantidad solicitada, totalmente desproporcionada, parecen ser una aut\u00e9ntica campa\u00f1a de intimidaci\u00f3n y desestabilizaci\u00f3n para silenciar a Macedo\u201d, afirm\u00f3 Emmanuel Colombi\u00e9, director de la oficina de Am\u00e9rica Latina de RSF seg\u00fan un comunicado. \u201cEs un serio obst\u00e1culo para la libertad de informaci\u00f3n sobre un asunto de inter\u00e9s p\u00fablico\u201d.<\/p>\n<p><span style=\"font-size: 1em;\">La Asociaci\u00f3n Brasile\u00f1a de Periodismo Investigativo (Abraji, por su acr\u00f3nimo en portugu\u00e9s) tambi\u00e9n dijo que <a href=\"http:\/\/abraji.org.br\/noticias\/jornalista-e-processado-59-vezes-apos-publicacao-de-reportagem-sobre-suposta-fraude-em-sobral-ce\" target=\"_blank\" rel=\"noopener noreferrer\">\u201crepudia el acoso judicial\u201d contra el periodista<\/a>. \u201cLa pr\u00e1ctica de instaurar decenas de procesos contra periodistas en juicios de peque\u00f1as causas es una estrategia de intimidaci\u00f3n y, como tal, un atentado a la libertad de prensa. Seguros de que el Poder Judicial de Cear\u00e1 seguir\u00e1 las decisiones del STF [Supremo Tribunal Federal] y de otros tribunales en casos similares, Abraji espera que las acciones sean rechazadas\u201d, dijo la organizaci\u00f3n en un comunicado.<\/span><\/p>\n<p><span style=\"font-size: 1em;\">Adem\u00e1s de los procesos, Macedo dijo haber recibido \u201camenazas encubiertas\u201d tras la publicaci\u00f3n de los reportajes. En declaraciones al Ministerio P\u00fablico Federal realizadas\u00a0en diciembre, el periodista dijo haber recibido \u201crecados de terceros sobre el riesgo de ser asesinado\u201d. \u201cEn Sobral yo ando con chaleco antibalas bajo la ropa\u201d, afirm\u00f3 y agreg\u00f3 que se mud\u00f3 de la ciudad por temor por su seguridad.<\/span><\/p>\n<h4><strong style=\"font-family: inherit; font-size: 1em; font-style: inherit;\">La ciudad es referencia en la ense\u00f1anza p\u00fablica<\/strong><\/h4>\n<p>Sobral qued\u00f3 en <a href=\"https:\/\/www1.folha.uol.com.br\/educacao\/2018\/09\/alunos-nota-10-crescem-e-sobral-ce-lidera-ensino-fundamental-do-pais.shtml\" target=\"_blank\" rel=\"noopener noreferrer\">primer lugar en el \u00cdndice de Desarrollo de la Educaci\u00f3n B\u00e1sica (Ideb) divulgado en septiembre de 2018<\/a>, seg\u00fan report\u00f3 el Folha de S. Paulo. El \u00edndice se realiza cada dos a\u00f1os y es calculado a partir de la tasa de aprobaci\u00f3n de los estudiantes en las escuelas y las calificaciones que los estudiantes obtienen en una evaluaci\u00f3n externa sobre matem\u00e1ticas y portugu\u00e9s.<\/p>\n<p><span style=\"font-size: 1em;\">De acuerdo con el reportaje \u201cEduca\u00e7\u00e3o do Mal\u201d tanto las evaluaciones externas como la aprobaci\u00f3n escolar de los alumnos habr\u00edan sido manipuladas para mejorar el desempe\u00f1o de las escuelas y de la ciudad en indicadores de calidad de la ense\u00f1anza p\u00fablica.<\/span><\/p>\n<p>Macedo dijo que durante la producci\u00f3n del reportaje intent\u00f3 hablar con la Secretar\u00eda de Educaci\u00f3n de Sobral sobre las denuncias, pero no obtuvo respuesta. \u201cBusqu\u00e9 [a la Secretar\u00eda], pero nadie habla, ni el secretario. Envi\u00e9 un correo electr\u00f3nico al secretario, respondieron diciendo que iban a programar una cita. Esper\u00e9 una semana, reenvi\u00e9 el electr\u00f3nico y no respondieron m\u00e1s\u201d, afirm\u00f3.<\/p>\n<p>Macedo reenvi\u00f3 al <strong>Centro Knight<\/strong> el correo electr\u00f3nico que envi\u00f3 a la oficina de comunicaci\u00f3n del Ayuntamiento de Sobral, Marcos Mesquita, en agosto de 2018, solicitando una entrevista con el Secretario de Educaci\u00f3n. Al <strong>Centro Knight<\/strong>, Mesquita le dijo que recordaba\u00a0haber recibido el mensaje, pero afirm\u00f3 que como se trataba de asunto de la Secretar\u00eda de Educaci\u00f3n era probable que lo hubiera reenviado a la oficina de comunicaci\u00f3n de la Secretar\u00eda para que respondiera la solicitud.<\/p>\n<p>La oficina de comunicaci\u00f3n de la Secretar\u00eda de Educaci\u00f3n de Sobral le dijo al <strong>Centro Knight<\/strong> que \u201cen ning\u00fan momento\u201d fue buscada por Macedo. \u201cSiempre estuvimos a disposici\u00f3n para visitas y entrevistas para todos los medios de prensa as\u00ed como ya recibimos equipos de prensa del Folha de S\u00e3o Paulo, Veja, \u00c9poca, El Pa\u00eds, Estad\u00e3o,\u00a0<span style=\"font-size: 1em;\">Nova Escola, entre otros\u201d, afirm\u00f3 la oficina.<\/span><\/p>\n<p>La Secretar\u00eda tambi\u00e9n dijo no tener \u201cninguna relaci\u00f3n\u201d con los procesos instaurados por los directores de las escuelas, pero no respondi\u00f3 a preguntas sobre las denuncias hechas en el reportaje de Macedo.<\/p>\n<p>La investigaci\u00f3n de Macedo se public\u00f3 pocas semanas antes de la elecci\u00f3n presidencial de 2018, en la que uno de los principales candidatos era Ciro Gomes, del Partido Democr\u00e1tico de los Trabajadores (PDT), que tiene a Sobral como su cuna pol\u00edtica. La ciudad tiene como alcalde a Ivo Gomes, tambi\u00e9n del PDT y hermano de Ciro. La calidad de la ense\u00f1anza en la ciudad y en el estado de Cear\u00e1 fue una de las principales banderas de Ciro en su campa\u00f1a a la presidencia. Ciro gobern\u00f3 el estado entre 1991 y 1994, mientras que su hermano Cid Gomes (PDT) fue gobernador entre 2007 y 2015.<\/p>\n<p>Seg\u00fan el periodista, hay investigaciones del Ministerio P\u00fablico y de la Polic\u00eda Federal sobre las denuncias que \u00e9l present\u00f3 en su reportaje. El Ministerio P\u00fablico de Cear\u00e1 confirm\u00f3 al <strong>Centro Knight<\/strong> la existencia de una investigaci\u00f3n sobre el presunto fraude, pero no dio m\u00e1s informaci\u00f3n.<\/p>\n","protected":false},"excerpt":{"rendered":"<p>Una serie de reportajes sobre un presunto fraude en evaluaciones de la ense\u00f1anza p\u00fablica de Sobral y otras ciudades del estado de Cear\u00e1, regi\u00f3n nordeste de Brasil, ha motivado hasta el momento 63 procesos judiciales contra el periodista Wellington Macedo.<\/p>\n","protected":false},"author":16,"featured_media":8072,"comment_status":"closed","ping_status":"closed","sticky":false,"template":"","format":"standard","meta":{"inline_featured_image":false,"footnotes":""},"categories":[18],"tags":[],"coauthors":[],"class_list":["post-8075","post","type-post","status-publish","format-standard","has-post-thumbnail","hentry","category-sin-categorizar"],"acf":[],"yoast_head":"<!-- This site is optimized with the Yoast SEO Premium plugin v22.6 (Yoast SEO v27.4) - https:\/\/yoast.com\/product\/yoast-seo-premium-wordpress\/ -->\n<title>M\u00e1s de 60 procesos judiciales enfrenta periodista brasile\u00f1o tras investigaci\u00f3n sobre presunto fraude en la educaci\u00f3n - LatAm Journalism Review<\/title>\n<meta name=\"description\" content=\"M\u00e1s de 60 procesos judiciales enfrenta periodista brasile\u00f1o tras investigaci\u00f3n sobre presunto fraude en la educaci\u00f3n . Latin American Journalism Review by The Knight Center at The University of Texas at Austin.\" \/>\n<meta name=\"robots\" content=\"index, follow, max-snippet:-1, max-image-preview:large, max-video-preview:-1\" \/>\n<link rel=\"canonical\" href=\"https:\/\/latamjournalismreview.org\/es\/articles\/mas-de-60-procesos-judiciales-enfrenta-periodista-brasileno-tras-investigacion-sobre-presunto-fraude-en-la-educacion\/\" \/>\n<meta property=\"og:locale\" content=\"es_ES\" \/>\n<meta property=\"og:type\" content=\"article\" \/>\n<meta property=\"og:title\" content=\"M\u00e1s de 60 procesos judiciales enfrenta periodista brasile\u00f1o tras investigaci\u00f3n sobre presunto fraude en la educaci\u00f3n\" \/>\n<meta property=\"og:description\" content=\"M\u00e1s de 60 procesos judiciales enfrenta periodista brasile\u00f1o tras investigaci\u00f3n sobre presunto fraude en la educaci\u00f3n . Latin American Journalism Review by The Knight Center at The University of Texas at Austin.\" \/>\n<meta property=\"og:url\" content=\"https:\/\/latamjournalismreview.org\/es\/articles\/mas-de-60-procesos-judiciales-enfrenta-periodista-brasileno-tras-investigacion-sobre-presunto-fraude-en-la-educacion\/\" \/>\n<meta property=\"og:site_name\" content=\"LatAm Journalism Review\" \/>\n<meta property=\"article:published_time\" content=\"2019-03-06T19:49:46+00:00\" \/>\n<meta property=\"article:modified_time\" content=\"2020-06-25T22:34:44+00:00\" \/>\n<meta property=\"og:image\" content=\"https:\/\/latamjournalismreview.org\/wp-content\/uploads\/2020\/06\/Wellington-Macedo-in-a-screenshot-from-the-Educa\u00e7\u00e3o-do-Mal-video-report.png\" \/>\n\t<meta property=\"og:image:width\" content=\"507\" \/>\n\t<meta property=\"og:image:height\" content=\"340\" \/>\n\t<meta property=\"og:image:type\" content=\"image\/png\" \/>\n<meta name=\"author\" content=\"Carolina de Assis\" \/>\n<meta name=\"twitter:card\" content=\"summary_large_image\" \/>\n<meta name=\"twitter:creator\" content=\"@LatAmJournalism\" \/>\n<meta name=\"twitter:site\" content=\"@LatAmJournalism\" \/>\n<meta name=\"twitter:label1\" content=\"Written by\" \/>\n\t<meta name=\"twitter:data1\" content=\"Carolina de Assis\" \/>\n\t<meta name=\"twitter:label2\" content=\"Est. reading time\" \/>\n\t<meta name=\"twitter:data2\" content=\"6 minutos\" \/>\n<script type=\"application\/ld+json\" class=\"yoast-schema-graph\">{\"@context\":\"https:\\\/\\\/schema.org\",\"@graph\":[{\"@type\":\"Article\",\"@id\":\"https:\\\/\\\/latamjournalismreview.org\\\/es\\\/articles\\\/mas-de-60-procesos-judiciales-enfrenta-periodista-brasileno-tras-investigacion-sobre-presunto-fraude-en-la-educacion\\\/#article\",\"isPartOf\":{\"@id\":\"https:\\\/\\\/latamjournalismreview.org\\\/es\\\/articles\\\/mas-de-60-procesos-judiciales-enfrenta-periodista-brasileno-tras-investigacion-sobre-presunto-fraude-en-la-educacion\\\/\"},\"author\":{\"name\":\"Carolina de Assis\",\"@id\":\"https:\\\/\\\/latamjournalismreview.org\\\/es\\\/#\\\/schema\\\/person\\\/f98b544e2f231a237f39a56cc9a00a9a\"},\"headline\":\"M\u00e1s de 60 procesos judiciales enfrenta periodista brasile\u00f1o tras investigaci\u00f3n sobre presunto fraude en la educaci\u00f3n\",\"datePublished\":\"2019-03-06T19:49:46+00:00\",\"dateModified\":\"2020-06-25T22:34:44+00:00\",\"mainEntityOfPage\":{\"@id\":\"https:\\\/\\\/latamjournalismreview.org\\\/es\\\/articles\\\/mas-de-60-procesos-judiciales-enfrenta-periodista-brasileno-tras-investigacion-sobre-presunto-fraude-en-la-educacion\\\/\"},\"wordCount\":1256,\"publisher\":{\"@id\":\"https:\\\/\\\/latamjournalismreview.org\\\/es\\\/#organization\"},\"image\":{\"@id\":\"https:\\\/\\\/latamjournalismreview.org\\\/es\\\/articles\\\/mas-de-60-procesos-judiciales-enfrenta-periodista-brasileno-tras-investigacion-sobre-presunto-fraude-en-la-educacion\\\/#primaryimage\"},\"thumbnailUrl\":\"https:\\\/\\\/latamjournalismreview.org\\\/wp-content\\\/uploads\\\/2020\\\/06\\\/Wellington-Macedo-in-a-screenshot-from-the-Educa\u00e7\u00e3o-do-Mal-video-report.png\",\"articleSection\":[\"Sin categorizar\"],\"inLanguage\":\"es\"},{\"@type\":\"WebPage\",\"@id\":\"https:\\\/\\\/latamjournalismreview.org\\\/es\\\/articles\\\/mas-de-60-procesos-judiciales-enfrenta-periodista-brasileno-tras-investigacion-sobre-presunto-fraude-en-la-educacion\\\/\",\"url\":\"https:\\\/\\\/latamjournalismreview.org\\\/es\\\/articles\\\/mas-de-60-procesos-judiciales-enfrenta-periodista-brasileno-tras-investigacion-sobre-presunto-fraude-en-la-educacion\\\/\",\"name\":\"M\u00e1s de 60 procesos judiciales enfrenta periodista brasile\u00f1o tras investigaci\u00f3n sobre presunto fraude en la educaci\u00f3n - LatAm Journalism Review\",\"isPartOf\":{\"@id\":\"https:\\\/\\\/latamjournalismreview.org\\\/es\\\/#website\"},\"primaryImageOfPage\":{\"@id\":\"https:\\\/\\\/latamjournalismreview.org\\\/es\\\/articles\\\/mas-de-60-procesos-judiciales-enfrenta-periodista-brasileno-tras-investigacion-sobre-presunto-fraude-en-la-educacion\\\/#primaryimage\"},\"image\":{\"@id\":\"https:\\\/\\\/latamjournalismreview.org\\\/es\\\/articles\\\/mas-de-60-procesos-judiciales-enfrenta-periodista-brasileno-tras-investigacion-sobre-presunto-fraude-en-la-educacion\\\/#primaryimage\"},\"thumbnailUrl\":\"https:\\\/\\\/latamjournalismreview.org\\\/wp-content\\\/uploads\\\/2020\\\/06\\\/Wellington-Macedo-in-a-screenshot-from-the-Educa\u00e7\u00e3o-do-Mal-video-report.png\",\"datePublished\":\"2019-03-06T19:49:46+00:00\",\"dateModified\":\"2020-06-25T22:34:44+00:00\",\"description\":\"M\u00e1s de 60 procesos judiciales enfrenta periodista brasile\u00f1o tras investigaci\u00f3n sobre presunto fraude en la educaci\u00f3n . Latin American Journalism Review by The Knight Center at The University of Texas at Austin.\",\"breadcrumb\":{\"@id\":\"https:\\\/\\\/latamjournalismreview.org\\\/es\\\/articles\\\/mas-de-60-procesos-judiciales-enfrenta-periodista-brasileno-tras-investigacion-sobre-presunto-fraude-en-la-educacion\\\/#breadcrumb\"},\"inLanguage\":\"es\",\"potentialAction\":[{\"@type\":\"ReadAction\",\"target\":[\"https:\\\/\\\/latamjournalismreview.org\\\/es\\\/articles\\\/mas-de-60-procesos-judiciales-enfrenta-periodista-brasileno-tras-investigacion-sobre-presunto-fraude-en-la-educacion\\\/\"]}]},{\"@type\":\"ImageObject\",\"inLanguage\":\"es\",\"@id\":\"https:\\\/\\\/latamjournalismreview.org\\\/es\\\/articles\\\/mas-de-60-procesos-judiciales-enfrenta-periodista-brasileno-tras-investigacion-sobre-presunto-fraude-en-la-educacion\\\/#primaryimage\",\"url\":\"https:\\\/\\\/latamjournalismreview.org\\\/wp-content\\\/uploads\\\/2020\\\/06\\\/Wellington-Macedo-in-a-screenshot-from-the-Educa\u00e7\u00e3o-do-Mal-video-report.png\",\"contentUrl\":\"https:\\\/\\\/latamjournalismreview.org\\\/wp-content\\\/uploads\\\/2020\\\/06\\\/Wellington-Macedo-in-a-screenshot-from-the-Educa\u00e7\u00e3o-do-Mal-video-report.png\",\"width\":507,\"height\":340,\"caption\":\"Wellington Macedo in a screenshot from the Educa\u00e7\u00e3o do Mal video report\"},{\"@type\":\"BreadcrumbList\",\"@id\":\"https:\\\/\\\/latamjournalismreview.org\\\/es\\\/articles\\\/mas-de-60-procesos-judiciales-enfrenta-periodista-brasileno-tras-investigacion-sobre-presunto-fraude-en-la-educacion\\\/#breadcrumb\",\"itemListElement\":[{\"@type\":\"ListItem\",\"position\":1,\"name\":\"Home\",\"item\":\"https:\\\/\\\/latamjournalismreview.org\\\/es\\\/\"},{\"@type\":\"ListItem\",\"position\":2,\"name\":\"M\u00e1s de 60 procesos judiciales enfrenta periodista brasile\u00f1o tras investigaci\u00f3n sobre presunto fraude en la educaci\u00f3n\"}]},{\"@type\":\"WebSite\",\"@id\":\"https:\\\/\\\/latamjournalismreview.org\\\/es\\\/#website\",\"url\":\"https:\\\/\\\/latamjournalismreview.org\\\/es\\\/\",\"name\":\"LatAm Journalism Review\",\"description\":\"Knight Center at The University of Texas\",\"publisher\":{\"@id\":\"https:\\\/\\\/latamjournalismreview.org\\\/es\\\/#organization\"},\"potentialAction\":[{\"@type\":\"SearchAction\",\"target\":{\"@type\":\"EntryPoint\",\"urlTemplate\":\"https:\\\/\\\/latamjournalismreview.org\\\/es\\\/?s={search_term_string}\"},\"query-input\":{\"@type\":\"PropertyValueSpecification\",\"valueRequired\":true,\"valueName\":\"search_term_string\"}}],\"inLanguage\":\"es\"},{\"@type\":\"Organization\",\"@id\":\"https:\\\/\\\/latamjournalismreview.org\\\/es\\\/#organization\",\"name\":\"LatAm Journalism Review\",\"url\":\"https:\\\/\\\/latamjournalismreview.org\\\/es\\\/\",\"logo\":{\"@type\":\"ImageObject\",\"inLanguage\":\"es\",\"@id\":\"https:\\\/\\\/latamjournalismreview.org\\\/es\\\/#\\\/schema\\\/logo\\\/image\\\/\",\"url\":\"https:\\\/\\\/latamjournalismreview.org\\\/wp-content\\\/uploads\\\/2020\\\/05\\\/knight-latAm-review-logo.svg\",\"contentUrl\":\"https:\\\/\\\/latamjournalismreview.org\\\/wp-content\\\/uploads\\\/2020\\\/05\\\/knight-latAm-review-logo.svg\",\"width\":\"1024\",\"height\":\"1024\",\"caption\":\"LatAm Journalism Review\"},\"image\":{\"@id\":\"https:\\\/\\\/latamjournalismreview.org\\\/es\\\/#\\\/schema\\\/logo\\\/image\\\/\"},\"sameAs\":[\"https:\\\/\\\/x.com\\\/LatAmJournalism\"]},{\"@type\":\"Person\",\"@id\":\"https:\\\/\\\/latamjournalismreview.org\\\/es\\\/#\\\/schema\\\/person\\\/f98b544e2f231a237f39a56cc9a00a9a\",\"name\":\"Carolina de Assis\",\"description\":\"Carolina de Assis is a Brazilian journalist and researcher who lives in Juiz de Fora, MG, Brazil. She holds a master's degree in Women\u2019s and Gender Studies from the GEMMA Programme \u2013 Universit\u00e0 di Bologna (Italy) \\\/ Universiteit Utrecht (The Netherlands) and has worked as an editor at G\u00eanero e N\u00famero, a Brazilian digital magazine focused on data journalism and gender issues. She is especially interested in journalistic initiatives aimed at promoting human rights and gender justice. You can find her on Twitter: @caroldeassis _________ Carolina de Assis es una periodista e investigadora brasile\u00f1a que vive en Juiz de Fora, MG, Brasil . Tiene una maestr\u00eda en Estudios de las Mujeres y de G\u00e9nero del programa GEMMA \u2013 Universit\u00e0 di Bologna (Italia) \\\/ Universiteit Utrecht (Holanda). Trabaj\u00f3 como editora en la revista digital brasile\u00f1a G\u00eanero e N\u00famero. Le interesan especialmente iniciativas period\u00edsticas que tienen el objetivo de promover los derechos humanos y la justicia de g\u00e9nero. Puedes encontrarla en Twitter: @caroldeassis. _______ Carolina de Assis \u00e9 uma jornalista e pesquisadora brasileira que vive em Juiz de Fora (MG). \u00c9 mestra em Estudos da Mulher e de G\u00eanero pelo programa GEMMA \u2013 Universit\u00e0 di Bologna (It\u00e1lia) \\\/ Universiteit Utrecht (Holanda). Trabalhou como editora na revista digital G\u00eanero e N\u00famero e se interessa especialmente por iniciativas jornal\u00edsticas que promovam os direitos humanos e a justi\u00e7a de g\u00eanero. Voc\u00ea pode encontr\u00e1-la no Twitter em @caroldeassis.\",\"url\":\"https:\\\/\\\/latamjournalismreview.org\\\/es\\\/articles\\\/author\\\/carolina-de-assis\\\/\"}]}<\/script>\n<!-- \/ Yoast SEO Premium plugin. -->","yoast_head_json":{"title":"M\u00e1s de 60 procesos judiciales enfrenta periodista brasile\u00f1o tras investigaci\u00f3n sobre presunto fraude en la educaci\u00f3n - LatAm Journalism Review","description":"M\u00e1s de 60 procesos judiciales enfrenta periodista brasile\u00f1o tras investigaci\u00f3n sobre presunto fraude en la educaci\u00f3n . Latin American Journalism Review by The Knight Center at The University of Texas at Austin.","robots":{"index":"index","follow":"follow","max-snippet":"max-snippet:-1","max-image-preview":"max-image-preview:large","max-video-preview":"max-video-preview:-1"},"canonical":"https:\/\/latamjournalismreview.org\/es\/articles\/mas-de-60-procesos-judiciales-enfrenta-periodista-brasileno-tras-investigacion-sobre-presunto-fraude-en-la-educacion\/","og_locale":"es_ES","og_type":"article","og_title":"M\u00e1s de 60 procesos judiciales enfrenta periodista brasile\u00f1o tras investigaci\u00f3n sobre presunto fraude en la educaci\u00f3n","og_description":"M\u00e1s de 60 procesos judiciales enfrenta periodista brasile\u00f1o tras investigaci\u00f3n sobre presunto fraude en la educaci\u00f3n . Latin American Journalism Review by The Knight Center at The University of Texas at Austin.","og_url":"https:\/\/latamjournalismreview.org\/es\/articles\/mas-de-60-procesos-judiciales-enfrenta-periodista-brasileno-tras-investigacion-sobre-presunto-fraude-en-la-educacion\/","og_site_name":"LatAm Journalism Review","article_published_time":"2019-03-06T19:49:46+00:00","article_modified_time":"2020-06-25T22:34:44+00:00","og_image":[{"width":507,"height":340,"url":"https:\/\/latamjournalismreview.org\/wp-content\/uploads\/2020\/06\/Wellington-Macedo-in-a-screenshot-from-the-Educa\u00e7\u00e3o-do-Mal-video-report.png","type":"image\/png"}],"author":"Carolina de Assis","twitter_card":"summary_large_image","twitter_creator":"@LatAmJournalism","twitter_site":"@LatAmJournalism","twitter_misc":{"Written by":"Carolina de Assis","Est. reading time":"6 minutos"},"schema":{"@context":"https:\/\/schema.org","@graph":[{"@type":"Article","@id":"https:\/\/latamjournalismreview.org\/es\/articles\/mas-de-60-procesos-judiciales-enfrenta-periodista-brasileno-tras-investigacion-sobre-presunto-fraude-en-la-educacion\/#article","isPartOf":{"@id":"https:\/\/latamjournalismreview.org\/es\/articles\/mas-de-60-procesos-judiciales-enfrenta-periodista-brasileno-tras-investigacion-sobre-presunto-fraude-en-la-educacion\/"},"author":{"name":"Carolina de Assis","@id":"https:\/\/latamjournalismreview.org\/es\/#\/schema\/person\/f98b544e2f231a237f39a56cc9a00a9a"},"headline":"M\u00e1s de 60 procesos judiciales enfrenta periodista brasile\u00f1o tras investigaci\u00f3n sobre presunto fraude en la educaci\u00f3n","datePublished":"2019-03-06T19:49:46+00:00","dateModified":"2020-06-25T22:34:44+00:00","mainEntityOfPage":{"@id":"https:\/\/latamjournalismreview.org\/es\/articles\/mas-de-60-procesos-judiciales-enfrenta-periodista-brasileno-tras-investigacion-sobre-presunto-fraude-en-la-educacion\/"},"wordCount":1256,"publisher":{"@id":"https:\/\/latamjournalismreview.org\/es\/#organization"},"image":{"@id":"https:\/\/latamjournalismreview.org\/es\/articles\/mas-de-60-procesos-judiciales-enfrenta-periodista-brasileno-tras-investigacion-sobre-presunto-fraude-en-la-educacion\/#primaryimage"},"thumbnailUrl":"https:\/\/latamjournalismreview.org\/wp-content\/uploads\/2020\/06\/Wellington-Macedo-in-a-screenshot-from-the-Educa\u00e7\u00e3o-do-Mal-video-report.png","articleSection":["Sin categorizar"],"inLanguage":"es"},{"@type":"WebPage","@id":"https:\/\/latamjournalismreview.org\/es\/articles\/mas-de-60-procesos-judiciales-enfrenta-periodista-brasileno-tras-investigacion-sobre-presunto-fraude-en-la-educacion\/","url":"https:\/\/latamjournalismreview.org\/es\/articles\/mas-de-60-procesos-judiciales-enfrenta-periodista-brasileno-tras-investigacion-sobre-presunto-fraude-en-la-educacion\/","name":"M\u00e1s de 60 procesos judiciales enfrenta periodista brasile\u00f1o tras investigaci\u00f3n sobre presunto fraude en la educaci\u00f3n - LatAm Journalism Review","isPartOf":{"@id":"https:\/\/latamjournalismreview.org\/es\/#website"},"primaryImageOfPage":{"@id":"https:\/\/latamjournalismreview.org\/es\/articles\/mas-de-60-procesos-judiciales-enfrenta-periodista-brasileno-tras-investigacion-sobre-presunto-fraude-en-la-educacion\/#primaryimage"},"image":{"@id":"https:\/\/latamjournalismreview.org\/es\/articles\/mas-de-60-procesos-judiciales-enfrenta-periodista-brasileno-tras-investigacion-sobre-presunto-fraude-en-la-educacion\/#primaryimage"},"thumbnailUrl":"https:\/\/latamjournalismreview.org\/wp-content\/uploads\/2020\/06\/Wellington-Macedo-in-a-screenshot-from-the-Educa\u00e7\u00e3o-do-Mal-video-report.png","datePublished":"2019-03-06T19:49:46+00:00","dateModified":"2020-06-25T22:34:44+00:00","description":"M\u00e1s de 60 procesos judiciales enfrenta periodista brasile\u00f1o tras investigaci\u00f3n sobre presunto fraude en la educaci\u00f3n . Latin American Journalism Review by The Knight Center at The University of Texas at Austin.","breadcrumb":{"@id":"https:\/\/latamjournalismreview.org\/es\/articles\/mas-de-60-procesos-judiciales-enfrenta-periodista-brasileno-tras-investigacion-sobre-presunto-fraude-en-la-educacion\/#breadcrumb"},"inLanguage":"es","potentialAction":[{"@type":"ReadAction","target":["https:\/\/latamjournalismreview.org\/es\/articles\/mas-de-60-procesos-judiciales-enfrenta-periodista-brasileno-tras-investigacion-sobre-presunto-fraude-en-la-educacion\/"]}]},{"@type":"ImageObject","inLanguage":"es","@id":"https:\/\/latamjournalismreview.org\/es\/articles\/mas-de-60-procesos-judiciales-enfrenta-periodista-brasileno-tras-investigacion-sobre-presunto-fraude-en-la-educacion\/#primaryimage","url":"https:\/\/latamjournalismreview.org\/wp-content\/uploads\/2020\/06\/Wellington-Macedo-in-a-screenshot-from-the-Educa\u00e7\u00e3o-do-Mal-video-report.png","contentUrl":"https:\/\/latamjournalismreview.org\/wp-content\/uploads\/2020\/06\/Wellington-Macedo-in-a-screenshot-from-the-Educa\u00e7\u00e3o-do-Mal-video-report.png","width":507,"height":340,"caption":"Wellington Macedo in a screenshot from the Educa\u00e7\u00e3o do Mal video report"},{"@type":"BreadcrumbList","@id":"https:\/\/latamjournalismreview.org\/es\/articles\/mas-de-60-procesos-judiciales-enfrenta-periodista-brasileno-tras-investigacion-sobre-presunto-fraude-en-la-educacion\/#breadcrumb","itemListElement":[{"@type":"ListItem","position":1,"name":"Home","item":"https:\/\/latamjournalismreview.org\/es\/"},{"@type":"ListItem","position":2,"name":"M\u00e1s de 60 procesos judiciales enfrenta periodista brasile\u00f1o tras investigaci\u00f3n sobre presunto fraude en la educaci\u00f3n"}]},{"@type":"WebSite","@id":"https:\/\/latamjournalismreview.org\/es\/#website","url":"https:\/\/latamjournalismreview.org\/es\/","name":"LatAm Journalism Review","description":"Knight Center at The University of Texas","publisher":{"@id":"https:\/\/latamjournalismreview.org\/es\/#organization"},"potentialAction":[{"@type":"SearchAction","target":{"@type":"EntryPoint","urlTemplate":"https:\/\/latamjournalismreview.org\/es\/?s={search_term_string}"},"query-input":{"@type":"PropertyValueSpecification","valueRequired":true,"valueName":"search_term_string"}}],"inLanguage":"es"},{"@type":"Organization","@id":"https:\/\/latamjournalismreview.org\/es\/#organization","name":"LatAm Journalism Review","url":"https:\/\/latamjournalismreview.org\/es\/","logo":{"@type":"ImageObject","inLanguage":"es","@id":"https:\/\/latamjournalismreview.org\/es\/#\/schema\/logo\/image\/","url":"https:\/\/latamjournalismreview.org\/wp-content\/uploads\/2020\/05\/knight-latAm-review-logo.svg","contentUrl":"https:\/\/latamjournalismreview.org\/wp-content\/uploads\/2020\/05\/knight-latAm-review-logo.svg","width":"1024","height":"1024","caption":"LatAm Journalism Review"},"image":{"@id":"https:\/\/latamjournalismreview.org\/es\/#\/schema\/logo\/image\/"},"sameAs":["https:\/\/x.com\/LatAmJournalism"]},{"@type":"Person","@id":"https:\/\/latamjournalismreview.org\/es\/#\/schema\/person\/f98b544e2f231a237f39a56cc9a00a9a","name":"Carolina de Assis","description":"Carolina de Assis is a Brazilian journalist and researcher who lives in Juiz de Fora, MG, Brazil. She holds a master's degree in Women\u2019s and Gender Studies from the GEMMA Programme \u2013 Universit\u00e0 di Bologna (Italy) \/ Universiteit Utrecht (The Netherlands) and has worked as an editor at G\u00eanero e N\u00famero, a Brazilian digital magazine focused on data journalism and gender issues. She is especially interested in journalistic initiatives aimed at promoting human rights and gender justice. You can find her on Twitter: @caroldeassis _________ Carolina de Assis es una periodista e investigadora brasile\u00f1a que vive en Juiz de Fora, MG, Brasil . Tiene una maestr\u00eda en Estudios de las Mujeres y de G\u00e9nero del programa GEMMA \u2013 Universit\u00e0 di Bologna (Italia) \/ Universiteit Utrecht (Holanda). Trabaj\u00f3 como editora en la revista digital brasile\u00f1a G\u00eanero e N\u00famero. Le interesan especialmente iniciativas period\u00edsticas que tienen el objetivo de promover los derechos humanos y la justicia de g\u00e9nero. Puedes encontrarla en Twitter: @caroldeassis. _______ Carolina de Assis \u00e9 uma jornalista e pesquisadora brasileira que vive em Juiz de Fora (MG). \u00c9 mestra em Estudos da Mulher e de G\u00eanero pelo programa GEMMA \u2013 Universit\u00e0 di Bologna (It\u00e1lia) \/ Universiteit Utrecht (Holanda). Trabalhou como editora na revista digital G\u00eanero e N\u00famero e se interessa especialmente por iniciativas jornal\u00edsticas que promovam os direitos humanos e a justi\u00e7a de g\u00eanero. Voc\u00ea pode encontr\u00e1-la no Twitter em @caroldeassis.","url":"https:\/\/latamjournalismreview.org\/es\/articles\/author\/carolina-de-assis\/"}]}},"_links":{"self":[{"href":"https:\/\/latamjournalismreview.org\/es\/wp-json\/wp\/v2\/posts\/8075","targetHints":{"allow":["GET"]}}],"collection":[{"href":"https:\/\/latamjournalismreview.org\/es\/wp-json\/wp\/v2\/posts"}],"about":[{"href":"https:\/\/latamjournalismreview.org\/es\/wp-json\/wp\/v2\/types\/post"}],"author":[{"embeddable":true,"href":"https:\/\/latamjournalismreview.org\/es\/wp-json\/wp\/v2\/users\/16"}],"replies":[{"embeddable":true,"href":"https:\/\/latamjournalismreview.org\/es\/wp-json\/wp\/v2\/comments?post=8075"}],"version-history":[{"count":1,"href":"https:\/\/latamjournalismreview.org\/es\/wp-json\/wp\/v2\/posts\/8075\/revisions"}],"predecessor-version":[{"id":8076,"href":"https:\/\/latamjournalismreview.org\/es\/wp-json\/wp\/v2\/posts\/8075\/revisions\/8076"}],"wp:featuredmedia":[{"embeddable":true,"href":"https:\/\/latamjournalismreview.org\/es\/wp-json\/wp\/v2\/media\/8072"}],"wp:attachment":[{"href":"https:\/\/latamjournalismreview.org\/es\/wp-json\/wp\/v2\/media?parent=8075"}],"wp:term":[{"taxonomy":"category","embeddable":true,"href":"https:\/\/latamjournalismreview.org\/es\/wp-json\/wp\/v2\/categories?post=8075"},{"taxonomy":"post_tag","embeddable":true,"href":"https:\/\/latamjournalismreview.org\/es\/wp-json\/wp\/v2\/tags?post=8075"},{"taxonomy":"author","embeddable":true,"href":"https:\/\/latamjournalismreview.org\/es\/wp-json\/wp\/v2\/coauthors?post=8075"}],"curies":[{"name":"wp","href":"https:\/\/api.w.org\/{rel}","templated":true}]}}