{"id":81042,"date":"2023-10-24T21:49:31","date_gmt":"2023-10-25T02:49:31","guid":{"rendered":"https:\/\/latamjournalismreview.org\/?p=81042"},"modified":"2023-10-25T10:37:41","modified_gmt":"2023-10-25T15:37:41","slug":"sin-estrategias-de-salud-mental-en-sus-redacciones-periodistas-del-clima-en-el-caribe-viven-dificultades-para-manejar-el-estres-de-cubrir-desastres","status":"publish","type":"post","link":"https:\/\/latamjournalismreview.org\/es\/articles\/sin-estrategias-de-salud-mental-en-sus-redacciones-periodistas-del-clima-en-el-caribe-viven-dificultades-para-manejar-el-estres-de-cubrir-desastres\/","title":{"rendered":"Sin estrategias de salud mental en sus redacciones, periodistas del clima en el Caribe viven dificultades para manejar el estr\u00e9s de cubrir desastres"},"content":{"rendered":"<p dir=\"ltr\"><a href=\"https:\/\/reutersinstitute.politics.ox.ac.uk\/people\/seigonie-mohammed-0\" target=\"_blank\" rel=\"noopener noreferrer\"><i><u>Por Seigonie Mohammed<\/u><\/i><\/a><\/p>\n<p dir=\"ltr\"><i>Este art\u00edculo fue\u00a0<\/i><a href=\"https:\/\/reutersinstitute.politics.ox.ac.uk\/news\/climate-journalists-are-struggling-newsrooms-should-develop-mental-health-strategy-help-them\" target=\"_blank\" rel=\"noopener noreferrer\"><i><u>publicado originalmente por el Reuters Institute de la Universidad de Oxford<\/u><\/i><\/a><i> y se ha vuelto a publicar aqu\u00ed con permiso. Traducci\u00f3n al espa\u00f1ol por C\u00e9sar L\u00f3pez Linares<\/i><\/p>\n<p dir=\"ltr\">Han pasado cuatro a\u00f1os desde que el hurac\u00e1n Dorian arras\u00f3 las islas del Caribe, pero algunas de las im\u00e1genes de aquella tormenta a\u00fan me persiguen.<\/p>\n<p dir=\"ltr\">Cuando el equipo de CCN TV6 de Trinidad y Tobago desembarc\u00f3 en las islas \u00c1baco, en el norte de Bahamas, nos encontramos con un hedor caliente y p\u00fatrido. No hab\u00eda aves. No hab\u00eda \u00e1rboles. El estr\u00e9s de trabajar cerca de sitios de muerte, infecci\u00f3n y conflicto continuo se iba instalando poco a poco en nosotros. No era mi primera misi\u00f3n en el extranjero durante la temporada de huracanes en el Caribe, pero s\u00ed la primera para la que no me sent\u00eda mentalmente preparada.<\/p>\n<p dir=\"ltr\">Los periodistas suelen ser los primeros en responder en las grandes cat\u00e1strofes meteorol\u00f3gicas. Nuestra funci\u00f3n es informar incluso cuando trabajamos en los entornos m\u00e1s peligrosos, perturbadores y arriesgados. Y, sin embargo, presenciar un trauma puede afectarnos mucho despu\u00e9s de que el incidente haya terminado. Cuando se trata de cat\u00e1strofes provocadas por el cambio clim\u00e1tico, tambi\u00e9n nos enfrentamos a la perspectiva de cubrir el mismo tipo de cat\u00e1strofes una y otra vez, desgastando nuestro sentido de agencia e impacto.<\/p>\n<div id=\"attachment_81052\" style=\"width: 462px\" class=\"wp-caption alignleft\"><img loading=\"lazy\" decoding=\"async\" aria-describedby=\"caption-attachment-81052\" id=\"longdesc-return-81052\" class=\"wp-image-81052 \" tabindex=\"-1\" src=\"https:\/\/latamjournalismreview.org\/wp-content\/uploads\/2023\/10\/Reporter-flooding.png\" alt=\"Reporter interviews residents of a region flooded by a natural disaster.\" width=\"452\" height=\"303\" longdesc=\"https:\/\/latamjournalismreview.org?longdesc=81052&amp;referrer=81042\" srcset=\"https:\/\/latamjournalismreview.org\/wp-content\/uploads\/2023\/10\/Reporter-flooding.png 2394w, https:\/\/latamjournalismreview.org\/wp-content\/uploads\/2023\/10\/Reporter-flooding-300x201.png 300w, https:\/\/latamjournalismreview.org\/wp-content\/uploads\/2023\/10\/Reporter-flooding-1024x686.png 1024w, https:\/\/latamjournalismreview.org\/wp-content\/uploads\/2023\/10\/Reporter-flooding-768x515.png 768w, https:\/\/latamjournalismreview.org\/wp-content\/uploads\/2023\/10\/Reporter-flooding-1536x1029.png 1536w, https:\/\/latamjournalismreview.org\/wp-content\/uploads\/2023\/10\/Reporter-flooding-2048x1372.png 2048w, https:\/\/latamjournalismreview.org\/wp-content\/uploads\/2023\/10\/Reporter-flooding-507x340.png 507w, https:\/\/latamjournalismreview.org\/wp-content\/uploads\/2023\/10\/Reporter-flooding-350x234.png 350w\" sizes=\"auto, (max-width: 452px) 100vw, 452px\" \/><p id=\"caption-attachment-81052\" class=\"wp-caption-text\">Investigaciones demuestran que periodistas que han cubierto cat\u00e1strofes naturales han desarrollado estr\u00e9s postraum\u00e1tico y signos de depresi\u00f3n. (Foto: Argus News para Creative Commons CC BY 4.0)<\/p><\/div>\n<p dir=\"ltr\">Ya sabemos que los periodistas de primera l\u00ednea se enfrentan a riesgos f\u00edsicos en el desempe\u00f1o de su trabajo, sobre todo cuando cubren guerras o conflictos. Muchas redacciones de todo el mundo tienen listas de control que les ayudan a prepararse y gestionar los peligros de cubrir determinados riesgos y acontecimientos.<\/p>\n<p dir=\"ltr\">Pero una preparaci\u00f3n de ese tipo para la salud mental, especialmente para cubrir cat\u00e1strofes relacionadas con el clima, es casi inexistente.<\/p>\n<p dir=\"ltr\">Ya es hora de solucionar eso. Los periodistas que cubren cat\u00e1strofes relacionadas con el clima deben recibir listas de control de salud mental que indiquen lo que har\u00e1n sus salas de redacci\u00f3n antes, durante y despu\u00e9s de una misi\u00f3n potencialmente estresante. La industria tambi\u00e9n tiene que preparar a los periodistas para que se recuperen de problemas de salud mental cuando estos se produzcan. En general, la comunicaci\u00f3n sobre la salud mental, incluidas la ansiedad y la depresi\u00f3n, debe formar parte de la cultura de las redacciones.<\/p>\n<p dir=\"ltr\">Ya sabemos que los periodistas pueden sufrir psicol\u00f3gicamente mientras hacen su trabajo. M\u00faltiples estudios han demostrado que al menos el 80 por ciento de los periodistas han sido testigos de un evento traum\u00e1tico,\u00a0<a href=\"https:\/\/dartcenter.org\/content\/covering-trauma-impact-on-journalists#:~:text=TRAUMA%20EXPOSURE&amp;text=Many%20experience%20repeated%20exposure.,et%20al.%2C%202008).\" target=\"_blank\" rel=\"noopener noreferrer\"><u>de acuerdo con el DART Center for Journalism and Trauma<\/u><\/a>; muchos periodistas han experimentado no solo uno, sino m\u00faltiples eventos traum\u00e1ticos.<\/p>\n<p dir=\"ltr\"><a href=\"https:\/\/doi.org\/10.1080\/1461670X.2019.1628659\" target=\"_blank\" rel=\"noopener noreferrer\"><u>Una investigaci\u00f3n de 2019<\/u><\/a> sobre periodistas que cubrieron el hurac\u00e1n Harvey, por ejemplo, revel\u00f3 que el 20 por ciento de esos periodistas desarrollaron despu\u00e9s trastorno de estr\u00e9s postraum\u00e1tico relacionado con la tormenta, mientras que el 40 por ciento desarroll\u00f3 signos de depresi\u00f3n.<\/p>\n<p dir=\"ltr\">Y, sin embargo, a menudo se asume que los periodistas solo est\u00e1n expuestos a eventos traum\u00e1ticos cuando cubren ciertas fuentes, como cr\u00edmenes o guerras, por ejemplo.<\/p>\n<p dir=\"ltr\">Por desgracia, la salud mental es un tema tab\u00fa en muchas redacciones y partes del mundo.<\/p>\n<p dir=\"ltr\">En el reciente [evento de formaci\u00f3n sobre desinformaci\u00f3n en situaciones de crisis y cat\u00e1strofes naturales] TechCamp Bridgetown para periodistas del Caribe, celebrado en Miami, Florida, hablamos de c\u00f3mo muchas organizaciones de noticias no ofrecen servicios de asesoramiento tras cat\u00e1strofes meteorol\u00f3gicas y otros acontecimientos traum\u00e1ticos. Muchos periodistas caribe\u00f1os con los que he hablado dicen que guardan este trauma para ellos, y tratan de encontrar formas para manejar el estr\u00e9s por s\u00ed mismos.<\/p>\n<p dir=\"ltr\">Mientras tanto, la informaci\u00f3n sobre cat\u00e1strofes es cada vez m\u00e1s frecuente en los medios de comunicaci\u00f3n del Caribe.<\/p>\n<p dir=\"ltr\">Esto se debe a que el cambio clim\u00e1tico est\u00e1 haciendo que estos acontecimientos sean m\u00e1s frecuentes, y m\u00e1s intensos. Esto, simplemente porque hay m\u00e1s tormentas, sequ\u00edas m\u00e1s severas, m\u00e1s desastres.<\/p>\n<p dir=\"ltr\">Aquel d\u00eda, mientras mis colegas y yo sobrevol\u00e1bamos las islas de las Bahamas devastadas por el hurac\u00e1n, nos quedamos en silencio. Trabajamos sin descanso durante tres d\u00edas, informando sobre los esfuerzos del personal de respuesta a emergencias y filmando c\u00f3mo se escoltaba a las personas a embarcaciones y vuelos fuera de las zonas m\u00e1s afectadas por el desastre.<\/p>\n<p dir=\"ltr\">Todav\u00eda puedo ver en mi mente con claridad la isla donde toc\u00f3 tierra el hurac\u00e1n. La gente sollozaba en franc\u00e9s y en ingl\u00e9s mientras se aferraban a sus familiares y a las pertenencias que se encontraban. Muchas personas permanec\u00edan de pie bajo el calor mirando al cielo en busca de esperanza. Al d\u00eda de hoy, me sigue preocupando que mis preguntas en entrevistas hayan causado m\u00e1s da\u00f1o en medio de esa ya vulnerable situaci\u00f3n en la que se encontraban tantas personas.<\/p>\n<p dir=\"ltr\">Muchos periodistas se desaniman a la hora de buscar tratamiento cuando lo necesitan porque las personas a las que cubren est\u00e1n experimentando un sufrimiento mucho mayor. Se sienten culpables por sentirse mal a causa de lo que han visto, cuando creen que otra persona la est\u00e1 pasando mucho peor. Sin embargo, este sentimiento de culpa no disminuye el impacto de un acontecimiento traum\u00e1tico. S\u00f3lo impide que los reporteros reciban ayuda y dificulta su recuperaci\u00f3n.<\/p>\n<div id=\"attachment_81043\" style=\"width: 410px\" class=\"wp-caption alignright\"><img loading=\"lazy\" decoding=\"async\" aria-describedby=\"caption-attachment-81043\" id=\"longdesc-return-81043\" class=\"wp-image-81043 size-full\" tabindex=\"-1\" src=\"https:\/\/latamjournalismreview.org\/wp-content\/uploads\/2023\/10\/Seigonie-Mohammed.jpg\" alt=\"Trinidad and Tobago reporter Seigonie Mohammed poses in a TV set.\" width=\"400\" height=\"400\" longdesc=\"https:\/\/latamjournalismreview.org?longdesc=81043&amp;referrer=81042\" srcset=\"https:\/\/latamjournalismreview.org\/wp-content\/uploads\/2023\/10\/Seigonie-Mohammed.jpg 400w, https:\/\/latamjournalismreview.org\/wp-content\/uploads\/2023\/10\/Seigonie-Mohammed-300x300.jpg 300w, https:\/\/latamjournalismreview.org\/wp-content\/uploads\/2023\/10\/Seigonie-Mohammed-150x150.jpg 150w\" sizes=\"auto, (max-width: 400px) 100vw, 400px\" \/><p id=\"caption-attachment-81043\" class=\"wp-caption-text\">Seigonie Mohammed, de CCN TV6 en Trinidad y Tobago, dijo que no se sent\u00eda mentalmente preparada cuando la enviaron a cubrir el hurac\u00e1n Dorian en las Bahamas, en 2019. (Foto: Twitter de Seigonie Mohammed)<\/p><\/div>\n<p dir=\"ltr\">Al regresar a nuestra isla tras cubrir el hurac\u00e1n, nuestros compa\u00f1eros nos felicitaron por nuestro gran trabajo. Pero no hab\u00eda cultura para la recuperaci\u00f3n. Las fechas l\u00edmite se acercaban r\u00e1pidamente y se avecinaban m\u00e1s tormentas. Oficialmente, no tuvimos apoyo psicol\u00f3gico en los d\u00edas siguientes, m\u00e1s all\u00e1 del consuelo que encontr\u00e1bamos unos con otros en nuestras breves charlas sobre nuestras experiencias. Logr\u00e9 llevar bien mi angustia y recordaba a mis colegas que deb\u00edan ser fuertes, porque el trabajo a\u00fan no hab\u00eda terminado.<\/p>\n<p dir=\"ltr\">Aunque algunos en el Caribe consideran tab\u00fa la carga que supone la salud mental para los periodistas, no tiene por qu\u00e9 ser as\u00ed. Hay cosas sencillas que las redacciones pueden hacer para reconocer el impacto que esto tiene en su personal y ayudarles a sobrellevarlo.<\/p>\n<p dir=\"ltr\">Al crear una lista de control de salud mental, los gerentes de medios pueden recurrir r\u00e1pidamente a los marcos que ya tienen para hacer frente a los riesgos f\u00edsicos. Tambi\u00e9n pueden recurrir a recursos como el Centro DART, y reconocer el impacto que las cat\u00e1strofes tienen no s\u00f3lo en los reporteros de primera l\u00ednea y los equipos de c\u00e1mara, sino tambi\u00e9n en los editores de texto y de video en la redacci\u00f3n, que se topar\u00e1n con contenido angustioso.<\/p>\n<p dir=\"ltr\">Los periodistas especializados en el clima desempe\u00f1an una de las funciones m\u00e1s cruciales de la sociedad civil: informar al p\u00fablico sobre c\u00f3mo el incremento de temperaturas influye en la vida cotidiana y amenaza la seguridad.<\/p>\n<p dir=\"ltr\">Pero los periodistas tambi\u00e9n somos personas. Necesitamos apoyo y compasi\u00f3n como cualquier otra persona.<\/p>\n<p>&nbsp;<\/p>\n<p dir=\"ltr\"><em>Seigonie Mohammed es periodista multimedia s\u00e9nior y presentadora de noticias en televisi\u00f3n especializada en meteorolog\u00eda, climatolog\u00eda y medio ambiente en la cadena CCN TV6 de Trinidad y Tobago. Fue miembro de la 2\u00aa generaci\u00f3n de la Red de Periodismo Clim\u00e1tico de Oxford entre julio y diciembre de 2022.<\/em><\/p>\n","protected":false},"excerpt":{"rendered":"<p>Ante los estragos del cambio clim\u00e1tico en el Caribe, periodistas que cubren desastres naturales deber\u00edan contar con controles de salud mental que detallen lo que sus redacciones deben hacer antes, durante y despu\u00e9s de coberturas potencialmente estresantes, propone la periodista medioambiental trinitense Seigonie Mohammed.<\/p>\n","protected":false},"author":17,"featured_media":81049,"comment_status":"closed","ping_status":"closed","sticky":false,"template":"","format":"standard","meta":{"inline_featured_image":false,"footnotes":""},"categories":[1669],"tags":[1527,1532],"coauthors":[],"class_list":["post-81042","post","type-post","status-publish","format-standard","has-post-thumbnail","hentry","category-mercado-laboral","tag-derechos-laborales-es","tag-periodismo-ambiental-es"],"acf":[],"yoast_head":"<!-- This site is optimized with the Yoast SEO Premium plugin v22.6 (Yoast SEO v27.4) - https:\/\/yoast.com\/product\/yoast-seo-premium-wordpress\/ -->\n<title>Periodistas del Caribe sufren trauma en coberturas de desastres clim\u00e1ticos<\/title>\n<meta name=\"description\" content=\"Las redacciones deben desarrollar estrategias que contribuyan a la salud mental de periodistas que cubren cat\u00e1strofes clim\u00e1ticas.\" \/>\n<meta name=\"robots\" content=\"index, follow, max-snippet:-1, max-image-preview:large, max-video-preview:-1\" \/>\n<link rel=\"canonical\" href=\"https:\/\/latamjournalismreview.org\/es\/articles\/sin-estrategias-de-salud-mental-en-sus-redacciones-periodistas-del-clima-en-el-caribe-viven-dificultades-para-manejar-el-estres-de-cubrir-desastres\/\" \/>\n<meta property=\"og:locale\" content=\"es_ES\" \/>\n<meta property=\"og:type\" content=\"article\" \/>\n<meta property=\"og:title\" content=\"Sin estrategias de salud mental en sus redacciones, periodistas del clima en el Caribe viven dificultades para manejar el estr\u00e9s de cubrir desastres\" \/>\n<meta property=\"og:description\" content=\"Las redacciones deben desarrollar estrategias que contribuyan a la salud mental de periodistas que cubren cat\u00e1strofes clim\u00e1ticas.\" \/>\n<meta property=\"og:url\" content=\"https:\/\/latamjournalismreview.org\/es\/articles\/sin-estrategias-de-salud-mental-en-sus-redacciones-periodistas-del-clima-en-el-caribe-viven-dificultades-para-manejar-el-estres-de-cubrir-desastres\/\" \/>\n<meta property=\"og:site_name\" content=\"LatAm Journalism Review\" \/>\n<meta property=\"article:published_time\" content=\"2023-10-25T02:49:31+00:00\" \/>\n<meta property=\"article:modified_time\" content=\"2023-10-25T15:37:41+00:00\" \/>\n<meta property=\"og:image\" content=\"https:\/\/latamjournalismreview.org\/wp-content\/uploads\/2023\/10\/FEATURED-Climate.png\" \/>\n\t<meta property=\"og:image:width\" content=\"507\" \/>\n\t<meta property=\"og:image:height\" content=\"340\" \/>\n\t<meta property=\"og:image:type\" content=\"image\/png\" \/>\n<meta name=\"author\" content=\"Guest\" \/>\n<meta name=\"twitter:card\" content=\"summary_large_image\" \/>\n<meta name=\"twitter:creator\" content=\"@LatAmJournalism\" \/>\n<meta name=\"twitter:site\" content=\"@LatAmJournalism\" \/>\n<meta name=\"twitter:label1\" content=\"Written by\" \/>\n\t<meta name=\"twitter:data1\" content=\"Guest\" \/>\n\t<meta name=\"twitter:label2\" content=\"Est. reading time\" \/>\n\t<meta name=\"twitter:data2\" content=\"7 minutos\" \/>\n<script type=\"application\/ld+json\" class=\"yoast-schema-graph\">{\"@context\":\"https:\\\/\\\/schema.org\",\"@graph\":[{\"@type\":\"Article\",\"@id\":\"https:\\\/\\\/latamjournalismreview.org\\\/es\\\/articles\\\/sin-estrategias-de-salud-mental-en-sus-redacciones-periodistas-del-clima-en-el-caribe-viven-dificultades-para-manejar-el-estres-de-cubrir-desastres\\\/#article\",\"isPartOf\":{\"@id\":\"https:\\\/\\\/latamjournalismreview.org\\\/es\\\/articles\\\/sin-estrategias-de-salud-mental-en-sus-redacciones-periodistas-del-clima-en-el-caribe-viven-dificultades-para-manejar-el-estres-de-cubrir-desastres\\\/\"},\"author\":{\"name\":\"Guest\",\"@id\":\"https:\\\/\\\/latamjournalismreview.org\\\/es\\\/#\\\/schema\\\/person\\\/0315202e0b3c0963a2440f1c3012c360\"},\"headline\":\"Sin estrategias de salud mental en sus redacciones, periodistas del clima en el Caribe viven dificultades para manejar el estr\u00e9s de cubrir desastres\",\"datePublished\":\"2023-10-25T02:49:31+00:00\",\"dateModified\":\"2023-10-25T15:37:41+00:00\",\"mainEntityOfPage\":{\"@id\":\"https:\\\/\\\/latamjournalismreview.org\\\/es\\\/articles\\\/sin-estrategias-de-salud-mental-en-sus-redacciones-periodistas-del-clima-en-el-caribe-viven-dificultades-para-manejar-el-estres-de-cubrir-desastres\\\/\"},\"wordCount\":1372,\"publisher\":{\"@id\":\"https:\\\/\\\/latamjournalismreview.org\\\/es\\\/#organization\"},\"image\":{\"@id\":\"https:\\\/\\\/latamjournalismreview.org\\\/es\\\/articles\\\/sin-estrategias-de-salud-mental-en-sus-redacciones-periodistas-del-clima-en-el-caribe-viven-dificultades-para-manejar-el-estres-de-cubrir-desastres\\\/#primaryimage\"},\"thumbnailUrl\":\"https:\\\/\\\/latamjournalismreview.org\\\/wp-content\\\/uploads\\\/2023\\\/10\\\/FEATURED-Climate.png\",\"keywords\":[\"Derechos laborales\",\"Periodismo ambiental\"],\"articleSection\":[\"Mercado laboral\"],\"inLanguage\":\"es\"},{\"@type\":\"WebPage\",\"@id\":\"https:\\\/\\\/latamjournalismreview.org\\\/es\\\/articles\\\/sin-estrategias-de-salud-mental-en-sus-redacciones-periodistas-del-clima-en-el-caribe-viven-dificultades-para-manejar-el-estres-de-cubrir-desastres\\\/\",\"url\":\"https:\\\/\\\/latamjournalismreview.org\\\/es\\\/articles\\\/sin-estrategias-de-salud-mental-en-sus-redacciones-periodistas-del-clima-en-el-caribe-viven-dificultades-para-manejar-el-estres-de-cubrir-desastres\\\/\",\"name\":\"Periodistas del Caribe sufren trauma en coberturas de desastres clim\u00e1ticos\",\"isPartOf\":{\"@id\":\"https:\\\/\\\/latamjournalismreview.org\\\/es\\\/#website\"},\"primaryImageOfPage\":{\"@id\":\"https:\\\/\\\/latamjournalismreview.org\\\/es\\\/articles\\\/sin-estrategias-de-salud-mental-en-sus-redacciones-periodistas-del-clima-en-el-caribe-viven-dificultades-para-manejar-el-estres-de-cubrir-desastres\\\/#primaryimage\"},\"image\":{\"@id\":\"https:\\\/\\\/latamjournalismreview.org\\\/es\\\/articles\\\/sin-estrategias-de-salud-mental-en-sus-redacciones-periodistas-del-clima-en-el-caribe-viven-dificultades-para-manejar-el-estres-de-cubrir-desastres\\\/#primaryimage\"},\"thumbnailUrl\":\"https:\\\/\\\/latamjournalismreview.org\\\/wp-content\\\/uploads\\\/2023\\\/10\\\/FEATURED-Climate.png\",\"datePublished\":\"2023-10-25T02:49:31+00:00\",\"dateModified\":\"2023-10-25T15:37:41+00:00\",\"description\":\"Las redacciones deben desarrollar estrategias que contribuyan a la salud mental de periodistas que cubren cat\u00e1strofes clim\u00e1ticas.\",\"breadcrumb\":{\"@id\":\"https:\\\/\\\/latamjournalismreview.org\\\/es\\\/articles\\\/sin-estrategias-de-salud-mental-en-sus-redacciones-periodistas-del-clima-en-el-caribe-viven-dificultades-para-manejar-el-estres-de-cubrir-desastres\\\/#breadcrumb\"},\"inLanguage\":\"es\",\"potentialAction\":[{\"@type\":\"ReadAction\",\"target\":[\"https:\\\/\\\/latamjournalismreview.org\\\/es\\\/articles\\\/sin-estrategias-de-salud-mental-en-sus-redacciones-periodistas-del-clima-en-el-caribe-viven-dificultades-para-manejar-el-estres-de-cubrir-desastres\\\/\"]}]},{\"@type\":\"ImageObject\",\"inLanguage\":\"es\",\"@id\":\"https:\\\/\\\/latamjournalismreview.org\\\/es\\\/articles\\\/sin-estrategias-de-salud-mental-en-sus-redacciones-periodistas-del-clima-en-el-caribe-viven-dificultades-para-manejar-el-estres-de-cubrir-desastres\\\/#primaryimage\",\"url\":\"https:\\\/\\\/latamjournalismreview.org\\\/wp-content\\\/uploads\\\/2023\\\/10\\\/FEATURED-Climate.png\",\"contentUrl\":\"https:\\\/\\\/latamjournalismreview.org\\\/wp-content\\\/uploads\\\/2023\\\/10\\\/FEATURED-Climate.png\",\"width\":507,\"height\":340,\"caption\":\"Satellite image of a hurricane in the Caribbean Sea.\"},{\"@type\":\"BreadcrumbList\",\"@id\":\"https:\\\/\\\/latamjournalismreview.org\\\/es\\\/articles\\\/sin-estrategias-de-salud-mental-en-sus-redacciones-periodistas-del-clima-en-el-caribe-viven-dificultades-para-manejar-el-estres-de-cubrir-desastres\\\/#breadcrumb\",\"itemListElement\":[{\"@type\":\"ListItem\",\"position\":1,\"name\":\"Home\",\"item\":\"https:\\\/\\\/latamjournalismreview.org\\\/es\\\/\"},{\"@type\":\"ListItem\",\"position\":2,\"name\":\"Sin estrategias de salud mental en sus redacciones, periodistas del clima en el Caribe viven dificultades para manejar el estr\u00e9s de cubrir desastres\"}]},{\"@type\":\"WebSite\",\"@id\":\"https:\\\/\\\/latamjournalismreview.org\\\/es\\\/#website\",\"url\":\"https:\\\/\\\/latamjournalismreview.org\\\/es\\\/\",\"name\":\"LatAm Journalism Review\",\"description\":\"Knight Center at The University of Texas\",\"publisher\":{\"@id\":\"https:\\\/\\\/latamjournalismreview.org\\\/es\\\/#organization\"},\"potentialAction\":[{\"@type\":\"SearchAction\",\"target\":{\"@type\":\"EntryPoint\",\"urlTemplate\":\"https:\\\/\\\/latamjournalismreview.org\\\/es\\\/?s={search_term_string}\"},\"query-input\":{\"@type\":\"PropertyValueSpecification\",\"valueRequired\":true,\"valueName\":\"search_term_string\"}}],\"inLanguage\":\"es\"},{\"@type\":\"Organization\",\"@id\":\"https:\\\/\\\/latamjournalismreview.org\\\/es\\\/#organization\",\"name\":\"LatAm Journalism Review\",\"url\":\"https:\\\/\\\/latamjournalismreview.org\\\/es\\\/\",\"logo\":{\"@type\":\"ImageObject\",\"inLanguage\":\"es\",\"@id\":\"https:\\\/\\\/latamjournalismreview.org\\\/es\\\/#\\\/schema\\\/logo\\\/image\\\/\",\"url\":\"https:\\\/\\\/latamjournalismreview.org\\\/wp-content\\\/uploads\\\/2020\\\/05\\\/knight-latAm-review-logo.svg\",\"contentUrl\":\"https:\\\/\\\/latamjournalismreview.org\\\/wp-content\\\/uploads\\\/2020\\\/05\\\/knight-latAm-review-logo.svg\",\"width\":\"1024\",\"height\":\"1024\",\"caption\":\"LatAm Journalism Review\"},\"image\":{\"@id\":\"https:\\\/\\\/latamjournalismreview.org\\\/es\\\/#\\\/schema\\\/logo\\\/image\\\/\"},\"sameAs\":[\"https:\\\/\\\/x.com\\\/LatAmJournalism\"]},{\"@type\":\"Person\",\"@id\":\"https:\\\/\\\/latamjournalismreview.org\\\/es\\\/#\\\/schema\\\/person\\\/0315202e0b3c0963a2440f1c3012c360\",\"name\":\"Guest\",\"url\":\"https:\\\/\\\/latamjournalismreview.org\\\/es\\\/articles\\\/author\\\/guest\\\/\"}]}<\/script>\n<!-- \/ Yoast SEO Premium plugin. -->","yoast_head_json":{"title":"Periodistas del Caribe sufren trauma en coberturas de desastres clim\u00e1ticos","description":"Las redacciones deben desarrollar estrategias que contribuyan a la salud mental de periodistas que cubren cat\u00e1strofes clim\u00e1ticas.","robots":{"index":"index","follow":"follow","max-snippet":"max-snippet:-1","max-image-preview":"max-image-preview:large","max-video-preview":"max-video-preview:-1"},"canonical":"https:\/\/latamjournalismreview.org\/es\/articles\/sin-estrategias-de-salud-mental-en-sus-redacciones-periodistas-del-clima-en-el-caribe-viven-dificultades-para-manejar-el-estres-de-cubrir-desastres\/","og_locale":"es_ES","og_type":"article","og_title":"Sin estrategias de salud mental en sus redacciones, periodistas del clima en el Caribe viven dificultades para manejar el estr\u00e9s de cubrir desastres","og_description":"Las redacciones deben desarrollar estrategias que contribuyan a la salud mental de periodistas que cubren cat\u00e1strofes clim\u00e1ticas.","og_url":"https:\/\/latamjournalismreview.org\/es\/articles\/sin-estrategias-de-salud-mental-en-sus-redacciones-periodistas-del-clima-en-el-caribe-viven-dificultades-para-manejar-el-estres-de-cubrir-desastres\/","og_site_name":"LatAm Journalism Review","article_published_time":"2023-10-25T02:49:31+00:00","article_modified_time":"2023-10-25T15:37:41+00:00","og_image":[{"width":507,"height":340,"url":"https:\/\/latamjournalismreview.org\/wp-content\/uploads\/2023\/10\/FEATURED-Climate.png","type":"image\/png"}],"author":"Guest","twitter_card":"summary_large_image","twitter_creator":"@LatAmJournalism","twitter_site":"@LatAmJournalism","twitter_misc":{"Written by":"Guest","Est. reading time":"7 minutos"},"schema":{"@context":"https:\/\/schema.org","@graph":[{"@type":"Article","@id":"https:\/\/latamjournalismreview.org\/es\/articles\/sin-estrategias-de-salud-mental-en-sus-redacciones-periodistas-del-clima-en-el-caribe-viven-dificultades-para-manejar-el-estres-de-cubrir-desastres\/#article","isPartOf":{"@id":"https:\/\/latamjournalismreview.org\/es\/articles\/sin-estrategias-de-salud-mental-en-sus-redacciones-periodistas-del-clima-en-el-caribe-viven-dificultades-para-manejar-el-estres-de-cubrir-desastres\/"},"author":{"name":"Guest","@id":"https:\/\/latamjournalismreview.org\/es\/#\/schema\/person\/0315202e0b3c0963a2440f1c3012c360"},"headline":"Sin estrategias de salud mental en sus redacciones, periodistas del clima en el Caribe viven dificultades para manejar el estr\u00e9s de cubrir desastres","datePublished":"2023-10-25T02:49:31+00:00","dateModified":"2023-10-25T15:37:41+00:00","mainEntityOfPage":{"@id":"https:\/\/latamjournalismreview.org\/es\/articles\/sin-estrategias-de-salud-mental-en-sus-redacciones-periodistas-del-clima-en-el-caribe-viven-dificultades-para-manejar-el-estres-de-cubrir-desastres\/"},"wordCount":1372,"publisher":{"@id":"https:\/\/latamjournalismreview.org\/es\/#organization"},"image":{"@id":"https:\/\/latamjournalismreview.org\/es\/articles\/sin-estrategias-de-salud-mental-en-sus-redacciones-periodistas-del-clima-en-el-caribe-viven-dificultades-para-manejar-el-estres-de-cubrir-desastres\/#primaryimage"},"thumbnailUrl":"https:\/\/latamjournalismreview.org\/wp-content\/uploads\/2023\/10\/FEATURED-Climate.png","keywords":["Derechos laborales","Periodismo ambiental"],"articleSection":["Mercado laboral"],"inLanguage":"es"},{"@type":"WebPage","@id":"https:\/\/latamjournalismreview.org\/es\/articles\/sin-estrategias-de-salud-mental-en-sus-redacciones-periodistas-del-clima-en-el-caribe-viven-dificultades-para-manejar-el-estres-de-cubrir-desastres\/","url":"https:\/\/latamjournalismreview.org\/es\/articles\/sin-estrategias-de-salud-mental-en-sus-redacciones-periodistas-del-clima-en-el-caribe-viven-dificultades-para-manejar-el-estres-de-cubrir-desastres\/","name":"Periodistas del Caribe sufren trauma en coberturas de desastres clim\u00e1ticos","isPartOf":{"@id":"https:\/\/latamjournalismreview.org\/es\/#website"},"primaryImageOfPage":{"@id":"https:\/\/latamjournalismreview.org\/es\/articles\/sin-estrategias-de-salud-mental-en-sus-redacciones-periodistas-del-clima-en-el-caribe-viven-dificultades-para-manejar-el-estres-de-cubrir-desastres\/#primaryimage"},"image":{"@id":"https:\/\/latamjournalismreview.org\/es\/articles\/sin-estrategias-de-salud-mental-en-sus-redacciones-periodistas-del-clima-en-el-caribe-viven-dificultades-para-manejar-el-estres-de-cubrir-desastres\/#primaryimage"},"thumbnailUrl":"https:\/\/latamjournalismreview.org\/wp-content\/uploads\/2023\/10\/FEATURED-Climate.png","datePublished":"2023-10-25T02:49:31+00:00","dateModified":"2023-10-25T15:37:41+00:00","description":"Las redacciones deben desarrollar estrategias que contribuyan a la salud mental de periodistas que cubren cat\u00e1strofes clim\u00e1ticas.","breadcrumb":{"@id":"https:\/\/latamjournalismreview.org\/es\/articles\/sin-estrategias-de-salud-mental-en-sus-redacciones-periodistas-del-clima-en-el-caribe-viven-dificultades-para-manejar-el-estres-de-cubrir-desastres\/#breadcrumb"},"inLanguage":"es","potentialAction":[{"@type":"ReadAction","target":["https:\/\/latamjournalismreview.org\/es\/articles\/sin-estrategias-de-salud-mental-en-sus-redacciones-periodistas-del-clima-en-el-caribe-viven-dificultades-para-manejar-el-estres-de-cubrir-desastres\/"]}]},{"@type":"ImageObject","inLanguage":"es","@id":"https:\/\/latamjournalismreview.org\/es\/articles\/sin-estrategias-de-salud-mental-en-sus-redacciones-periodistas-del-clima-en-el-caribe-viven-dificultades-para-manejar-el-estres-de-cubrir-desastres\/#primaryimage","url":"https:\/\/latamjournalismreview.org\/wp-content\/uploads\/2023\/10\/FEATURED-Climate.png","contentUrl":"https:\/\/latamjournalismreview.org\/wp-content\/uploads\/2023\/10\/FEATURED-Climate.png","width":507,"height":340,"caption":"Satellite image of a hurricane in the Caribbean Sea."},{"@type":"BreadcrumbList","@id":"https:\/\/latamjournalismreview.org\/es\/articles\/sin-estrategias-de-salud-mental-en-sus-redacciones-periodistas-del-clima-en-el-caribe-viven-dificultades-para-manejar-el-estres-de-cubrir-desastres\/#breadcrumb","itemListElement":[{"@type":"ListItem","position":1,"name":"Home","item":"https:\/\/latamjournalismreview.org\/es\/"},{"@type":"ListItem","position":2,"name":"Sin estrategias de salud mental en sus redacciones, periodistas del clima en el Caribe viven dificultades para manejar el estr\u00e9s de cubrir desastres"}]},{"@type":"WebSite","@id":"https:\/\/latamjournalismreview.org\/es\/#website","url":"https:\/\/latamjournalismreview.org\/es\/","name":"LatAm Journalism Review","description":"Knight Center at The University of Texas","publisher":{"@id":"https:\/\/latamjournalismreview.org\/es\/#organization"},"potentialAction":[{"@type":"SearchAction","target":{"@type":"EntryPoint","urlTemplate":"https:\/\/latamjournalismreview.org\/es\/?s={search_term_string}"},"query-input":{"@type":"PropertyValueSpecification","valueRequired":true,"valueName":"search_term_string"}}],"inLanguage":"es"},{"@type":"Organization","@id":"https:\/\/latamjournalismreview.org\/es\/#organization","name":"LatAm Journalism Review","url":"https:\/\/latamjournalismreview.org\/es\/","logo":{"@type":"ImageObject","inLanguage":"es","@id":"https:\/\/latamjournalismreview.org\/es\/#\/schema\/logo\/image\/","url":"https:\/\/latamjournalismreview.org\/wp-content\/uploads\/2020\/05\/knight-latAm-review-logo.svg","contentUrl":"https:\/\/latamjournalismreview.org\/wp-content\/uploads\/2020\/05\/knight-latAm-review-logo.svg","width":"1024","height":"1024","caption":"LatAm Journalism Review"},"image":{"@id":"https:\/\/latamjournalismreview.org\/es\/#\/schema\/logo\/image\/"},"sameAs":["https:\/\/x.com\/LatAmJournalism"]},{"@type":"Person","@id":"https:\/\/latamjournalismreview.org\/es\/#\/schema\/person\/0315202e0b3c0963a2440f1c3012c360","name":"Guest","url":"https:\/\/latamjournalismreview.org\/es\/articles\/author\/guest\/"}]}},"_links":{"self":[{"href":"https:\/\/latamjournalismreview.org\/es\/wp-json\/wp\/v2\/posts\/81042","targetHints":{"allow":["GET"]}}],"collection":[{"href":"https:\/\/latamjournalismreview.org\/es\/wp-json\/wp\/v2\/posts"}],"about":[{"href":"https:\/\/latamjournalismreview.org\/es\/wp-json\/wp\/v2\/types\/post"}],"author":[{"embeddable":true,"href":"https:\/\/latamjournalismreview.org\/es\/wp-json\/wp\/v2\/users\/17"}],"replies":[{"embeddable":true,"href":"https:\/\/latamjournalismreview.org\/es\/wp-json\/wp\/v2\/comments?post=81042"}],"version-history":[{"count":8,"href":"https:\/\/latamjournalismreview.org\/es\/wp-json\/wp\/v2\/posts\/81042\/revisions"}],"predecessor-version":[{"id":81091,"href":"https:\/\/latamjournalismreview.org\/es\/wp-json\/wp\/v2\/posts\/81042\/revisions\/81091"}],"wp:featuredmedia":[{"embeddable":true,"href":"https:\/\/latamjournalismreview.org\/es\/wp-json\/wp\/v2\/media\/81049"}],"wp:attachment":[{"href":"https:\/\/latamjournalismreview.org\/es\/wp-json\/wp\/v2\/media?parent=81042"}],"wp:term":[{"taxonomy":"category","embeddable":true,"href":"https:\/\/latamjournalismreview.org\/es\/wp-json\/wp\/v2\/categories?post=81042"},{"taxonomy":"post_tag","embeddable":true,"href":"https:\/\/latamjournalismreview.org\/es\/wp-json\/wp\/v2\/tags?post=81042"},{"taxonomy":"author","embeddable":true,"href":"https:\/\/latamjournalismreview.org\/es\/wp-json\/wp\/v2\/coauthors?post=81042"}],"curies":[{"name":"wp","href":"https:\/\/api.w.org\/{rel}","templated":true}]}}