{"id":83133,"date":"2023-12-19T14:42:40","date_gmt":"2023-12-19T20:42:40","guid":{"rendered":"https:\/\/latamjournalismreview.org\/?p=83133"},"modified":"2023-12-20T14:16:22","modified_gmt":"2023-12-20T20:16:22","slug":"revista-elementos-en-el-salvador-publica-podcast-para-dar-a-conocer-el-lado-mas-humano-del-periodismo","status":"publish","type":"post","link":"https:\/\/latamjournalismreview.org\/es\/articles\/revista-elementos-en-el-salvador-publica-podcast-para-dar-a-conocer-el-lado-mas-humano-del-periodismo\/","title":{"rendered":"Revista Elementos en El Salvador publica podcast para dar a conocer el lado humano del periodismo"},"content":{"rendered":"<p><span style=\"font-weight: 400;\">Mostrar la cara m\u00e1s humana de los periodistas y conectar sus historias personales con las de sus audiencias es uno de los retos del nuevo podcast de la Revista Elementos, en El Salvador.\u00a0<\/span><\/p>\n<p><span style=\"font-weight: 400;\">Bajo el titulo <\/span><a href=\"https:\/\/open.spotify.com\/show\/53Ad25jqb5jgunTLegaqQf\" target=\"_blank\" rel=\"noopener\"><span style=\"font-weight: 400;\">Miscel\u00e1neo<\/span><\/a><span style=\"font-weight: 400;\">, el equipo de la revista especializada en periodismo de profundidad public\u00f3 la primera temporada de un podcast que narra el camino de cuatro periodistas salvadore\u00f1os.\u00a0<\/span><\/p>\n<p><span style=\"font-weight: 400;\">\u201cEn los \u00faltimos a\u00f1os, bajo el gobierno actual, hemos recibido muchos ataques por parte del oficialismo que nos hace ver [a los periodistas] como personas negativas. De hecho nos han puesto en la misma canasta de los miembros de la oposici\u00f3n y nos hacen ver como sus enemigos. Siempre manteniendo el discurso del bueno y el malo\u201d, dijo a <strong>LatAm Journalism Review (LJR)<\/strong> Maite <\/span><span style=\"font-weight: 400;\">Portillo, coordinadora multimedia de la revista Elementos.\u00a0<\/span><\/p>\n<p><span style=\"font-weight: 400;\">Seg\u00fan Portillo, una de las motivaciones para crear este podcast es contrarrestar los ataques a la prensa salvadore\u00f1a y que \u201cla audiencia vea que m\u00e1s all\u00e1 del personaje que investiga, m\u00e1s all\u00e1 del personaje que hace los reportajes, hay una persona que tiene una historia de vida y que sufre las <\/span><span style=\"font-weight: 400;\">consecuencias de querer hacer lo correcto\u201d.\u00a0<\/span><\/p>\n<p><span style=\"font-weight: 400;\">La Asociaci\u00f3n de Periodistas de El Salvador ha denunciado que bajo el actual gobierno del presidente Nayib Bukele <\/span><a href=\"https:\/\/latamjournalismreview.org\/es\/news\/asociacion-de-periodistas-de-el-salvador-senala-a-bukele-de-criminalizar-periodismo\/\" target=\"_blank\" rel=\"noopener\"><span style=\"font-weight: 400;\">se ha criminalizado la profesi\u00f3n period\u00edstica<\/span><\/a><span style=\"font-weight: 400;\">\u00a0en ese pa\u00eds.\u00a0<\/span><\/p>\n<p><span style=\"font-weight: 400;\">Adem\u00e1s, seg\u00fan datos de la asociaci\u00f3n en 2022 registr\u00f3 un total de 147 vulneraciones y 161 afectaciones a periodistas. Sin contar los reportes de <\/span><a href=\"https:\/\/latamjournalismreview.org\/es\/news\/el-salvador-piden-investigar-a-nayib-bukele-por-presunto-espionaje\/\" target=\"_blank\" rel=\"noopener\"><span style=\"font-weight: 400;\">que los tel\u00e9fonos de 35 comunicadores y miembros de la sociedad civil fueron infectados con el programa esp\u00eda Pegasus<\/span><\/a><span style=\"font-weight: 400;\">, entre julio de 2020 y noviembre de 2021.<\/span><\/p>\n<p>&nbsp;<\/p>\n<h3><span style=\"font-weight: 400;\">Experimentaci\u00f3n de narrativas y colaboraci\u00f3n<\/span><\/h3>\n<p><span style=\"font-weight: 400;\">La<\/span> <a href=\"https:\/\/revistaelementos.net\/nosotros\/\" target=\"_blank\" rel=\"noopener\"><span style=\"font-weight: 400;\">Revista Elementos<\/span><\/a><span style=\"font-weight: 400;\">\u00a0fue fundada a finales de 2021 por los periodistas Luis Canizales y David Ernesto P\u00e9rez y la idea de su creaci\u00f3n, seg\u00fan explic\u00f3 Portillo, es revelar y explicar, a trav\u00e9s de sus investigaciones period\u00edsticas, lo que ocurre en El Salvador.<\/span><\/p>\n<div id=\"attachment_83145\" style=\"width: 310px\" class=\"wp-caption alignleft\"><img loading=\"lazy\" decoding=\"async\" aria-describedby=\"caption-attachment-83145\" class=\"wp-image-83145 size-medium\" src=\"https:\/\/latamjournalismreview.org\/wp-content\/uploads\/2023\/12\/maite-portillo-coordinadora-multimedia-3-300x300.jpg\" alt=\"a young woman looking at the camara\" width=\"300\" height=\"300\" srcset=\"https:\/\/latamjournalismreview.org\/wp-content\/uploads\/2023\/12\/maite-portillo-coordinadora-multimedia-3-300x300.jpg 300w, https:\/\/latamjournalismreview.org\/wp-content\/uploads\/2023\/12\/maite-portillo-coordinadora-multimedia-3-150x150.jpg 150w, https:\/\/latamjournalismreview.org\/wp-content\/uploads\/2023\/12\/maite-portillo-coordinadora-multimedia-3-24x24.jpg 24w, https:\/\/latamjournalismreview.org\/wp-content\/uploads\/2023\/12\/maite-portillo-coordinadora-multimedia-3-48x48.jpg 48w, https:\/\/latamjournalismreview.org\/wp-content\/uploads\/2023\/12\/maite-portillo-coordinadora-multimedia-3-96x96.jpg 96w, https:\/\/latamjournalismreview.org\/wp-content\/uploads\/2023\/12\/maite-portillo-coordinadora-multimedia-3.jpg 500w\" sizes=\"auto, (max-width: 300px) 100vw, 300px\" \/><p id=\"caption-attachment-83145\" class=\"wp-caption-text\">Maite Portillo, coordinadora multimedia de la revista Elementos, dijo que <span style=\"font-weight: 400;\">una de las motivaciones para crear el podcast Miscel\u00e1neo es contrarrestar los ataques que ha sufrido la prensa salvadore\u00f1a. (Foto: Revista Elementos).<\/span><\/p><\/div>\n<p><span style=\"font-weight: 400;\">Para llevar a cabo el podcast contaron con el apoyo de la plataforma de activismo digital <\/span><a href=\"https:\/\/www.inspiratorio.org\/\" target=\"_blank\" rel=\"noopener\"><span style=\"font-weight: 400;\">Inspiratorio<\/span><\/a><span style=\"font-weight: 400;\"> (una iniciativa de la entidad sin \u00e1nimos de lucro <\/span><a href=\"https:\/\/somos-puentes.org\/\" target=\"_blank\" rel=\"noopener\"><span style=\"font-weight: 400;\">Puentes<\/span><\/a><span style=\"font-weight: 400;\"> con sede en Colombia y Espa\u00f1a) qui\u00e9nes a trav\u00e9s de la segunda edici\u00f3n del campamento virtual para periodistas le dieron a la Revista Elementos financiamiento y apoyo en la conceptualizaci\u00f3n, desarroll\u00f3 y difusi\u00f3n del podcast.\u00a0<\/span><\/p>\n<p><span style=\"font-weight: 400;\">Paloma Mart\u00ednez, co-coordinadora de Intrasentido [organizaci\u00f3n aliada en M\u00e9xico de Inspiratorio.org], dijo a <strong>LJR<\/strong> que <\/span><span style=\"font-weight: 400;\">idearon el campamento virtual con la finalidad de promover la experimentaci\u00f3n de narrativas y la colaboraci\u00f3n con periodistas de varios lugares de Latinoam\u00e9rica.\u00a0<\/span><\/p>\n<p><span style=\"font-weight: 400;\">\u201cEste a\u00f1o se realiz\u00f3 el campamento del 12 al 28 de septiembre de 2023 y participaron periodistas de M\u00e9xico, Ecuador, Argentina y El Salvador. La idea es que sean cinco semanas de entrenamiento, a cinco organizaciones, a quienes se les da una beca de US 5 mil d\u00f3lares para realizar su trabajo. Ya estamos preparando el campamento virtual del pr\u00f3ximo a\u00f1o y la convocatoria se publicar\u00e1 en la p\u00e1gina del <\/span><a href=\"http:\/\/inspiratorio.org\" target=\"_blank\" rel=\"noopener\"><span style=\"font-weight: 400;\">Inspiratorio<\/span><\/a><span style=\"font-weight: 400;\">\u201d.<\/span><\/p>\n<p><span style=\"font-weight: 400;\">Inspiratorio en su <\/span><a href=\"https:\/\/www.inspiratorio.org\" target=\"_blank\" rel=\"noopener\"><span style=\"font-weight: 400;\">p\u00e1gina web<\/span><\/a><span style=\"font-weight: 400;\"> asegura que a trav\u00e9s de \u201cla creaci\u00f3n colectiva de narrativas alternativas, diversas y esperanzadoras, podemos desafiar los intereses dominantes que han establecido narrativas sobre el mundo, perpetuando y normalizando la injusticia, la opresi\u00f3n y la desigualdad. En comunidad, es posible reescribir esta historia\u201d.<\/span><\/p>\n<p>&nbsp;<\/p>\n<h3><span style=\"font-weight: 400;\">El periodista como protagonista<\/span><\/h3>\n<p><span style=\"font-weight: 400;\">A pesar de tener m\u00e1s de 10 a\u00f1os trabajando como periodista en El Salvador, es primera vez que Astrid Mej\u00eda se atreve a contar su historia personal.\u00a0<\/span><\/p>\n<p><span style=\"font-weight: 400;\">En el podcast hace un recorrido desde su ni\u00f1ez en la zona rural de Chalatenango, al norte de El Salvador, hasta convertirse en una destacada periodista especializada en f\u00fatbol y sobrellevar los retos que enfrentan las mujeres en el periodismo deportivo.<\/span><span style=\"font-weight: 400;\"><br \/>\n<\/span><\/p>\n<div id=\"attachment_83142\" style=\"width: 360px\" class=\"wp-caption alignright\"><img loading=\"lazy\" decoding=\"async\" aria-describedby=\"caption-attachment-83142\" class=\"wp-image-83142\" src=\"https:\/\/latamjournalismreview.org\/wp-content\/uploads\/2023\/12\/WhatsApp-Image-2023-12-19-at-3.11.10-PM-284x300.jpeg\" alt=\"a woman wearing a white shirt and a tie\" width=\"350\" height=\"370\" srcset=\"https:\/\/latamjournalismreview.org\/wp-content\/uploads\/2023\/12\/WhatsApp-Image-2023-12-19-at-3.11.10-PM-284x300.jpeg 284w, https:\/\/latamjournalismreview.org\/wp-content\/uploads\/2023\/12\/WhatsApp-Image-2023-12-19-at-3.11.10-PM-24x24.jpeg 24w, https:\/\/latamjournalismreview.org\/wp-content\/uploads\/2023\/12\/WhatsApp-Image-2023-12-19-at-3.11.10-PM.jpeg 547w\" sizes=\"auto, (max-width: 350px) 100vw, 350px\" \/><p id=\"caption-attachment-83142\" class=\"wp-caption-text\">\u201cAstrid Mej\u00eda, el f\u00fatbol, el periodismo y la lucha de g\u00e9nero en El Salvador\u201d es uno de los episodios de la primera temporada del Podcast Miscel\u00e1neo. (Imagen: Revista Elementos).<\/p><\/div>\n<p><span style=\"font-weight: 400;\">\u201cLo que s\u00ed le reprocho a la carrera es que me mutil\u00f3 muc<\/span><span style=\"font-weight: 400;\">ho lo que sent\u00eda como aficionada del deporte, del f\u00fatbol espec\u00edficamente. Es decir, el ir a la cancha como espectadora y despu\u00e9s de ir a la cancha como periodistas son experiencias totalmente diferentes. Y de elegir una o la otra, me quedo con la primera\u201d, dijo Mej\u00eda en el episodio titulado \u201cAstrid Mej\u00eda, el f\u00fatbol, el periodismo y la lucha de g\u00e9nero en El Salvador\u201d.\u00a0\u00a0<\/span><\/p>\n<p><span style=\"font-weight: 400;\">Mej\u00eda cont\u00f3 a LJR que <\/span><span style=\"font-weight: 400;\">a pesar de no estar acostumbrada a ser la protagonista de las historias, se sinti\u00f3 muy c\u00f3moda con la entrevista y las preguntas que le hicieron.\u00a0<\/span><\/p>\n<p><span style=\"font-weight: 400;\">\u201cEs necesario mostrar esta otra faceta porque corremos mucho con esta idea de que el periodista es esc\u00e9ptico, de que al periodista nada lo permea. Es como quitar un poco esa forma de pensar y mostrar esta parte de nosotros y decir que sos una persona normal como cualquier otra, con una historia\u201d, explic\u00f3 Mej\u00eda a <strong>LJR<\/strong>. <\/span><span style=\"font-weight: 400;\">\u201cTambi\u00e9n otra gente se puede ver reflejada con tu historia y escuchar todo lo que te ha costado conseguir ciertas cosas\u201d, agreg\u00f3.<\/span><\/p>\n<p><span style=\"font-weight: 400;\">Pero Mej\u00eda no es la \u00fanica periodista salvadore\u00f1a que se atrevi\u00f3 a participar en el podcast. La primera temporada de Miscel\u00e1neo cont\u00f3 tambi\u00e9n con los testimonios de <\/span><a href=\"https:\/\/open.spotify.com\/episode\/5e8BqUMQVq4Mgr2BAjCo2a\" target=\"_blank\" rel=\"noopener\"><span style=\"font-weight: 400;\">Carlos Hern\u00e1ndez Cruz<\/span><\/a><span style=\"font-weight: 400;\">, periodista que forma parte de la comunidad LGBTIQ+; <\/span><a href=\"https:\/\/open.spotify.com\/episode\/4BaUsWzYrRlaOEmLHZsbQz\" target=\"_blank\" rel=\"noopener\"><span style=\"font-weight: 400;\">M\u00f3nica Rodr\u00edguez,<\/span><\/a><span style=\"font-weight: 400;\"> experiodista de televisi\u00f3n; y <\/span><a href=\"https:\/\/open.spotify.com\/episode\/0VlPw0l7IXn6dGGNDK1Xpv\" target=\"_blank\" rel=\"noopener\"><span style=\"font-weight: 400;\">Metzi Martel<\/span><\/a><span style=\"font-weight: 400;\">, periodista feminista.<\/span><\/p>\n<p><span style=\"font-weight: 400;\">A los creadores del podcast Miscel\u00e1neo les tom\u00f3 un promedio de dos meses darle forma a las cuatro historias presentadas en la primera temporada. Adem\u00e1s, quieren realizar una segunda temporada.<\/span><\/p>\n<p><span style=\"font-weight: 400;\">Sin embargo, en la actualidad est\u00e1n enfocados en la promoci\u00f3n de la primera temporada y esperan realizar a principios del pr\u00f3ximo a\u00f1o conversatorios con organizaciones no gubernamentales para dar a conocer las historias publicadas.\u00a0<\/span><\/p>\n<p><span style=\"font-weight: 400;\">\u201cQueremos cambiar ese discurso de odio contra los periodistas, ese discurso que dice que los periodistas somos mentirosos y vendidos, por un discurso m\u00e1s apegado a la realidad\u201d, dijo Portillo.\u00a0<\/span><\/p>\n<p><span style=\"font-weight: 400;\">Miscel\u00e1neo fue lanzado en noviembre y <\/span><a href=\"https:\/\/open.spotify.com\/show\/53Ad25jqb5jgunTLegaqQf\" target=\"_blank\" rel=\"noopener\"><span style=\"font-weight: 400;\">est\u00e1 disponible en Spotify<\/span><\/a><span style=\"font-weight: 400;\">.<\/span><\/p>\n","protected":false},"excerpt":{"rendered":"<p>El equipo de Revista Elementos public\u00f3 la primera temporada del podcast Miscel\u00e1neo que cuenta el camino de cuatro periodistas salvadore\u00f1os y busca cambiar la narrativa gubernamental de criminalizaci\u00f3n hacia su profesi\u00f3n.<\/p>\n","protected":false},"author":36,"featured_media":83152,"comment_status":"closed","ping_status":"closed","sticky":false,"template":"","format":"standard","meta":{"inline_featured_image":false,"footnotes":""},"categories":[1218],"tags":[1444],"coauthors":[2745],"class_list":["post-83133","post","type-post","status-publish","format-standard","has-post-thumbnail","hentry","category-innovacion-es","tag-el-salvador-es"],"acf":[],"yoast_head":"<!-- This site is optimized with the Yoast SEO Premium plugin v22.6 (Yoast SEO v27.4) - https:\/\/yoast.com\/product\/yoast-seo-premium-wordpress\/ -->\n<title>Revista Elementos en El Salvador publica podcast para dar a conocer el lado humano del periodismo - LatAm Journalism Review<\/title>\n<meta name=\"description\" content=\"Revista Elementos en El Salvador publica podcast para dar a conocer el lado humano del periodismo Innovaci\u00f3n. Latin American Journalism Review by The Knight Center at The University of Texas at Austin.\" \/>\n<meta name=\"robots\" content=\"index, follow, max-snippet:-1, max-image-preview:large, max-video-preview:-1\" \/>\n<link rel=\"canonical\" href=\"https:\/\/latamjournalismreview.org\/es\/articles\/revista-elementos-en-el-salvador-publica-podcast-para-dar-a-conocer-el-lado-mas-humano-del-periodismo\/\" \/>\n<meta property=\"og:locale\" content=\"es_ES\" \/>\n<meta property=\"og:type\" content=\"article\" \/>\n<meta property=\"og:title\" content=\"Revista Elementos en El Salvador publica podcast para dar a conocer el lado humano del periodismo\" \/>\n<meta property=\"og:description\" content=\"Revista Elementos en El Salvador publica podcast para dar a conocer el lado humano del periodismo Innovaci\u00f3n. Latin American Journalism Review by The Knight Center at The University of Texas at Austin.\" \/>\n<meta property=\"og:url\" content=\"https:\/\/latamjournalismreview.org\/es\/articles\/revista-elementos-en-el-salvador-publica-podcast-para-dar-a-conocer-el-lado-mas-humano-del-periodismo\/\" \/>\n<meta property=\"og:site_name\" content=\"LatAm Journalism Review\" \/>\n<meta property=\"article:published_time\" content=\"2023-12-19T20:42:40+00:00\" \/>\n<meta property=\"article:modified_time\" content=\"2023-12-20T20:16:22+00:00\" \/>\n<meta property=\"og:image\" content=\"https:\/\/latamjournalismreview.org\/wp-content\/uploads\/2023\/12\/FEATUREDpodcastElSalvador.png\" \/>\n\t<meta property=\"og:image:width\" content=\"507\" \/>\n\t<meta property=\"og:image:height\" content=\"340\" \/>\n\t<meta property=\"og:image:type\" content=\"image\/png\" \/>\n<meta name=\"author\" content=\"Katherine Pennacchio\" \/>\n<meta name=\"twitter:card\" content=\"summary_large_image\" \/>\n<meta name=\"twitter:creator\" content=\"@kathypennacchio\" \/>\n<meta name=\"twitter:site\" content=\"@LatAmJournalism\" \/>\n<meta name=\"twitter:label1\" content=\"Written by\" \/>\n\t<meta name=\"twitter:data1\" content=\"Katherine Pennacchio\" \/>\n\t<meta name=\"twitter:label2\" content=\"Est. reading time\" \/>\n\t<meta name=\"twitter:data2\" content=\"5 minutos\" \/>\n<script type=\"application\/ld+json\" class=\"yoast-schema-graph\">{\"@context\":\"https:\\\/\\\/schema.org\",\"@graph\":[{\"@type\":\"Article\",\"@id\":\"https:\\\/\\\/latamjournalismreview.org\\\/es\\\/articles\\\/revista-elementos-en-el-salvador-publica-podcast-para-dar-a-conocer-el-lado-mas-humano-del-periodismo\\\/#article\",\"isPartOf\":{\"@id\":\"https:\\\/\\\/latamjournalismreview.org\\\/es\\\/articles\\\/revista-elementos-en-el-salvador-publica-podcast-para-dar-a-conocer-el-lado-mas-humano-del-periodismo\\\/\"},\"author\":{\"name\":\"Katherine Pennacchio\",\"@id\":\"https:\\\/\\\/latamjournalismreview.org\\\/es\\\/#\\\/schema\\\/person\\\/35fb0fc8541711528b3683cd6bf42190\"},\"headline\":\"Revista Elementos en El Salvador publica podcast para dar a conocer el lado humano del periodismo\",\"datePublished\":\"2023-12-19T20:42:40+00:00\",\"dateModified\":\"2023-12-20T20:16:22+00:00\",\"mainEntityOfPage\":{\"@id\":\"https:\\\/\\\/latamjournalismreview.org\\\/es\\\/articles\\\/revista-elementos-en-el-salvador-publica-podcast-para-dar-a-conocer-el-lado-mas-humano-del-periodismo\\\/\"},\"wordCount\":1116,\"publisher\":{\"@id\":\"https:\\\/\\\/latamjournalismreview.org\\\/es\\\/#organization\"},\"image\":{\"@id\":\"https:\\\/\\\/latamjournalismreview.org\\\/es\\\/articles\\\/revista-elementos-en-el-salvador-publica-podcast-para-dar-a-conocer-el-lado-mas-humano-del-periodismo\\\/#primaryimage\"},\"thumbnailUrl\":\"https:\\\/\\\/latamjournalismreview.org\\\/wp-content\\\/uploads\\\/2023\\\/12\\\/FEATUREDpodcastElSalvador.png\",\"keywords\":[\"El Salvador\"],\"articleSection\":[\"Innovaci\u00f3n\"],\"inLanguage\":\"es\"},{\"@type\":\"WebPage\",\"@id\":\"https:\\\/\\\/latamjournalismreview.org\\\/es\\\/articles\\\/revista-elementos-en-el-salvador-publica-podcast-para-dar-a-conocer-el-lado-mas-humano-del-periodismo\\\/\",\"url\":\"https:\\\/\\\/latamjournalismreview.org\\\/es\\\/articles\\\/revista-elementos-en-el-salvador-publica-podcast-para-dar-a-conocer-el-lado-mas-humano-del-periodismo\\\/\",\"name\":\"Revista Elementos en El Salvador publica podcast para dar a conocer el lado humano del periodismo - LatAm Journalism Review\",\"isPartOf\":{\"@id\":\"https:\\\/\\\/latamjournalismreview.org\\\/es\\\/#website\"},\"primaryImageOfPage\":{\"@id\":\"https:\\\/\\\/latamjournalismreview.org\\\/es\\\/articles\\\/revista-elementos-en-el-salvador-publica-podcast-para-dar-a-conocer-el-lado-mas-humano-del-periodismo\\\/#primaryimage\"},\"image\":{\"@id\":\"https:\\\/\\\/latamjournalismreview.org\\\/es\\\/articles\\\/revista-elementos-en-el-salvador-publica-podcast-para-dar-a-conocer-el-lado-mas-humano-del-periodismo\\\/#primaryimage\"},\"thumbnailUrl\":\"https:\\\/\\\/latamjournalismreview.org\\\/wp-content\\\/uploads\\\/2023\\\/12\\\/FEATUREDpodcastElSalvador.png\",\"datePublished\":\"2023-12-19T20:42:40+00:00\",\"dateModified\":\"2023-12-20T20:16:22+00:00\",\"description\":\"Revista Elementos en El Salvador publica podcast para dar a conocer el lado humano del periodismo Innovaci\u00f3n. Latin American Journalism Review by The Knight Center at The University of Texas at Austin.\",\"breadcrumb\":{\"@id\":\"https:\\\/\\\/latamjournalismreview.org\\\/es\\\/articles\\\/revista-elementos-en-el-salvador-publica-podcast-para-dar-a-conocer-el-lado-mas-humano-del-periodismo\\\/#breadcrumb\"},\"inLanguage\":\"es\",\"potentialAction\":[{\"@type\":\"ReadAction\",\"target\":[\"https:\\\/\\\/latamjournalismreview.org\\\/es\\\/articles\\\/revista-elementos-en-el-salvador-publica-podcast-para-dar-a-conocer-el-lado-mas-humano-del-periodismo\\\/\"]}]},{\"@type\":\"ImageObject\",\"inLanguage\":\"es\",\"@id\":\"https:\\\/\\\/latamjournalismreview.org\\\/es\\\/articles\\\/revista-elementos-en-el-salvador-publica-podcast-para-dar-a-conocer-el-lado-mas-humano-del-periodismo\\\/#primaryimage\",\"url\":\"https:\\\/\\\/latamjournalismreview.org\\\/wp-content\\\/uploads\\\/2023\\\/12\\\/FEATUREDpodcastElSalvador.png\",\"contentUrl\":\"https:\\\/\\\/latamjournalismreview.org\\\/wp-content\\\/uploads\\\/2023\\\/12\\\/FEATUREDpodcastElSalvador.png\",\"width\":507,\"height\":340,\"caption\":\"Studio Podcast Microphone on Gray Background\"},{\"@type\":\"BreadcrumbList\",\"@id\":\"https:\\\/\\\/latamjournalismreview.org\\\/es\\\/articles\\\/revista-elementos-en-el-salvador-publica-podcast-para-dar-a-conocer-el-lado-mas-humano-del-periodismo\\\/#breadcrumb\",\"itemListElement\":[{\"@type\":\"ListItem\",\"position\":1,\"name\":\"Home\",\"item\":\"https:\\\/\\\/latamjournalismreview.org\\\/es\\\/\"},{\"@type\":\"ListItem\",\"position\":2,\"name\":\"Revista Elementos en El Salvador publica podcast para dar a conocer el lado humano del periodismo\"}]},{\"@type\":\"WebSite\",\"@id\":\"https:\\\/\\\/latamjournalismreview.org\\\/es\\\/#website\",\"url\":\"https:\\\/\\\/latamjournalismreview.org\\\/es\\\/\",\"name\":\"LatAm Journalism Review\",\"description\":\"Knight Center at The University of Texas\",\"publisher\":{\"@id\":\"https:\\\/\\\/latamjournalismreview.org\\\/es\\\/#organization\"},\"potentialAction\":[{\"@type\":\"SearchAction\",\"target\":{\"@type\":\"EntryPoint\",\"urlTemplate\":\"https:\\\/\\\/latamjournalismreview.org\\\/es\\\/?s={search_term_string}\"},\"query-input\":{\"@type\":\"PropertyValueSpecification\",\"valueRequired\":true,\"valueName\":\"search_term_string\"}}],\"inLanguage\":\"es\"},{\"@type\":\"Organization\",\"@id\":\"https:\\\/\\\/latamjournalismreview.org\\\/es\\\/#organization\",\"name\":\"LatAm Journalism Review\",\"url\":\"https:\\\/\\\/latamjournalismreview.org\\\/es\\\/\",\"logo\":{\"@type\":\"ImageObject\",\"inLanguage\":\"es\",\"@id\":\"https:\\\/\\\/latamjournalismreview.org\\\/es\\\/#\\\/schema\\\/logo\\\/image\\\/\",\"url\":\"https:\\\/\\\/latamjournalismreview.org\\\/wp-content\\\/uploads\\\/2020\\\/05\\\/knight-latAm-review-logo.svg\",\"contentUrl\":\"https:\\\/\\\/latamjournalismreview.org\\\/wp-content\\\/uploads\\\/2020\\\/05\\\/knight-latAm-review-logo.svg\",\"width\":\"1024\",\"height\":\"1024\",\"caption\":\"LatAm Journalism Review\"},\"image\":{\"@id\":\"https:\\\/\\\/latamjournalismreview.org\\\/es\\\/#\\\/schema\\\/logo\\\/image\\\/\"},\"sameAs\":[\"https:\\\/\\\/x.com\\\/LatAmJournalism\"]},{\"@type\":\"Person\",\"@id\":\"https:\\\/\\\/latamjournalismreview.org\\\/es\\\/#\\\/schema\\\/person\\\/35fb0fc8541711528b3683cd6bf42190\",\"name\":\"Katherine Pennacchio\",\"description\":\"Katherine Pennacchio is a Venezuelan journalist with a master's degree in Investigative, Data and Visualization Journalism from Unidad Editorial and the Rey Juan Carlos University of Madrid. Katherine is passionate about data analysis and currently works as a freelancer. ____ Katherine Pennacchio es una periodista venezolana con una maestr\u00eda en Periodismo de Investigaci\u00f3n, Datos y Visualizaci\u00f3n de la Unidad Editorial y la Universidad Rey Juan Carlos de Madrid. Katherine es una apasionada del an\u00e1lisis de datos y actualmente trabaja como independiente.\",\"sameAs\":[\"https:\\\/\\\/x.com\\\/kathypennacchio\"],\"url\":\"https:\\\/\\\/latamjournalismreview.org\\\/es\\\/articles\\\/author\\\/katherine-pennacchio\\\/\"}]}<\/script>\n<!-- \/ Yoast SEO Premium plugin. -->","yoast_head_json":{"title":"Revista Elementos en El Salvador publica podcast para dar a conocer el lado humano del periodismo - LatAm Journalism Review","description":"Revista Elementos en El Salvador publica podcast para dar a conocer el lado humano del periodismo Innovaci\u00f3n. Latin American Journalism Review by The Knight Center at The University of Texas at Austin.","robots":{"index":"index","follow":"follow","max-snippet":"max-snippet:-1","max-image-preview":"max-image-preview:large","max-video-preview":"max-video-preview:-1"},"canonical":"https:\/\/latamjournalismreview.org\/es\/articles\/revista-elementos-en-el-salvador-publica-podcast-para-dar-a-conocer-el-lado-mas-humano-del-periodismo\/","og_locale":"es_ES","og_type":"article","og_title":"Revista Elementos en El Salvador publica podcast para dar a conocer el lado humano del periodismo","og_description":"Revista Elementos en El Salvador publica podcast para dar a conocer el lado humano del periodismo Innovaci\u00f3n. Latin American Journalism Review by The Knight Center at The University of Texas at Austin.","og_url":"https:\/\/latamjournalismreview.org\/es\/articles\/revista-elementos-en-el-salvador-publica-podcast-para-dar-a-conocer-el-lado-mas-humano-del-periodismo\/","og_site_name":"LatAm Journalism Review","article_published_time":"2023-12-19T20:42:40+00:00","article_modified_time":"2023-12-20T20:16:22+00:00","og_image":[{"width":507,"height":340,"url":"https:\/\/latamjournalismreview.org\/wp-content\/uploads\/2023\/12\/FEATUREDpodcastElSalvador.png","type":"image\/png"}],"author":"Katherine Pennacchio","twitter_card":"summary_large_image","twitter_creator":"@kathypennacchio","twitter_site":"@LatAmJournalism","twitter_misc":{"Written by":"Katherine Pennacchio","Est. reading time":"5 minutos"},"schema":{"@context":"https:\/\/schema.org","@graph":[{"@type":"Article","@id":"https:\/\/latamjournalismreview.org\/es\/articles\/revista-elementos-en-el-salvador-publica-podcast-para-dar-a-conocer-el-lado-mas-humano-del-periodismo\/#article","isPartOf":{"@id":"https:\/\/latamjournalismreview.org\/es\/articles\/revista-elementos-en-el-salvador-publica-podcast-para-dar-a-conocer-el-lado-mas-humano-del-periodismo\/"},"author":{"name":"Katherine Pennacchio","@id":"https:\/\/latamjournalismreview.org\/es\/#\/schema\/person\/35fb0fc8541711528b3683cd6bf42190"},"headline":"Revista Elementos en El Salvador publica podcast para dar a conocer el lado humano del periodismo","datePublished":"2023-12-19T20:42:40+00:00","dateModified":"2023-12-20T20:16:22+00:00","mainEntityOfPage":{"@id":"https:\/\/latamjournalismreview.org\/es\/articles\/revista-elementos-en-el-salvador-publica-podcast-para-dar-a-conocer-el-lado-mas-humano-del-periodismo\/"},"wordCount":1116,"publisher":{"@id":"https:\/\/latamjournalismreview.org\/es\/#organization"},"image":{"@id":"https:\/\/latamjournalismreview.org\/es\/articles\/revista-elementos-en-el-salvador-publica-podcast-para-dar-a-conocer-el-lado-mas-humano-del-periodismo\/#primaryimage"},"thumbnailUrl":"https:\/\/latamjournalismreview.org\/wp-content\/uploads\/2023\/12\/FEATUREDpodcastElSalvador.png","keywords":["El Salvador"],"articleSection":["Innovaci\u00f3n"],"inLanguage":"es"},{"@type":"WebPage","@id":"https:\/\/latamjournalismreview.org\/es\/articles\/revista-elementos-en-el-salvador-publica-podcast-para-dar-a-conocer-el-lado-mas-humano-del-periodismo\/","url":"https:\/\/latamjournalismreview.org\/es\/articles\/revista-elementos-en-el-salvador-publica-podcast-para-dar-a-conocer-el-lado-mas-humano-del-periodismo\/","name":"Revista Elementos en El Salvador publica podcast para dar a conocer el lado humano del periodismo - LatAm Journalism Review","isPartOf":{"@id":"https:\/\/latamjournalismreview.org\/es\/#website"},"primaryImageOfPage":{"@id":"https:\/\/latamjournalismreview.org\/es\/articles\/revista-elementos-en-el-salvador-publica-podcast-para-dar-a-conocer-el-lado-mas-humano-del-periodismo\/#primaryimage"},"image":{"@id":"https:\/\/latamjournalismreview.org\/es\/articles\/revista-elementos-en-el-salvador-publica-podcast-para-dar-a-conocer-el-lado-mas-humano-del-periodismo\/#primaryimage"},"thumbnailUrl":"https:\/\/latamjournalismreview.org\/wp-content\/uploads\/2023\/12\/FEATUREDpodcastElSalvador.png","datePublished":"2023-12-19T20:42:40+00:00","dateModified":"2023-12-20T20:16:22+00:00","description":"Revista Elementos en El Salvador publica podcast para dar a conocer el lado humano del periodismo Innovaci\u00f3n. Latin American Journalism Review by The Knight Center at The University of Texas at Austin.","breadcrumb":{"@id":"https:\/\/latamjournalismreview.org\/es\/articles\/revista-elementos-en-el-salvador-publica-podcast-para-dar-a-conocer-el-lado-mas-humano-del-periodismo\/#breadcrumb"},"inLanguage":"es","potentialAction":[{"@type":"ReadAction","target":["https:\/\/latamjournalismreview.org\/es\/articles\/revista-elementos-en-el-salvador-publica-podcast-para-dar-a-conocer-el-lado-mas-humano-del-periodismo\/"]}]},{"@type":"ImageObject","inLanguage":"es","@id":"https:\/\/latamjournalismreview.org\/es\/articles\/revista-elementos-en-el-salvador-publica-podcast-para-dar-a-conocer-el-lado-mas-humano-del-periodismo\/#primaryimage","url":"https:\/\/latamjournalismreview.org\/wp-content\/uploads\/2023\/12\/FEATUREDpodcastElSalvador.png","contentUrl":"https:\/\/latamjournalismreview.org\/wp-content\/uploads\/2023\/12\/FEATUREDpodcastElSalvador.png","width":507,"height":340,"caption":"Studio Podcast Microphone on Gray Background"},{"@type":"BreadcrumbList","@id":"https:\/\/latamjournalismreview.org\/es\/articles\/revista-elementos-en-el-salvador-publica-podcast-para-dar-a-conocer-el-lado-mas-humano-del-periodismo\/#breadcrumb","itemListElement":[{"@type":"ListItem","position":1,"name":"Home","item":"https:\/\/latamjournalismreview.org\/es\/"},{"@type":"ListItem","position":2,"name":"Revista Elementos en El Salvador publica podcast para dar a conocer el lado humano del periodismo"}]},{"@type":"WebSite","@id":"https:\/\/latamjournalismreview.org\/es\/#website","url":"https:\/\/latamjournalismreview.org\/es\/","name":"LatAm Journalism Review","description":"Knight Center at The University of Texas","publisher":{"@id":"https:\/\/latamjournalismreview.org\/es\/#organization"},"potentialAction":[{"@type":"SearchAction","target":{"@type":"EntryPoint","urlTemplate":"https:\/\/latamjournalismreview.org\/es\/?s={search_term_string}"},"query-input":{"@type":"PropertyValueSpecification","valueRequired":true,"valueName":"search_term_string"}}],"inLanguage":"es"},{"@type":"Organization","@id":"https:\/\/latamjournalismreview.org\/es\/#organization","name":"LatAm Journalism Review","url":"https:\/\/latamjournalismreview.org\/es\/","logo":{"@type":"ImageObject","inLanguage":"es","@id":"https:\/\/latamjournalismreview.org\/es\/#\/schema\/logo\/image\/","url":"https:\/\/latamjournalismreview.org\/wp-content\/uploads\/2020\/05\/knight-latAm-review-logo.svg","contentUrl":"https:\/\/latamjournalismreview.org\/wp-content\/uploads\/2020\/05\/knight-latAm-review-logo.svg","width":"1024","height":"1024","caption":"LatAm Journalism Review"},"image":{"@id":"https:\/\/latamjournalismreview.org\/es\/#\/schema\/logo\/image\/"},"sameAs":["https:\/\/x.com\/LatAmJournalism"]},{"@type":"Person","@id":"https:\/\/latamjournalismreview.org\/es\/#\/schema\/person\/35fb0fc8541711528b3683cd6bf42190","name":"Katherine Pennacchio","description":"Katherine Pennacchio is a Venezuelan journalist with a master's degree in Investigative, Data and Visualization Journalism from Unidad Editorial and the Rey Juan Carlos University of Madrid. Katherine is passionate about data analysis and currently works as a freelancer. ____ Katherine Pennacchio es una periodista venezolana con una maestr\u00eda en Periodismo de Investigaci\u00f3n, Datos y Visualizaci\u00f3n de la Unidad Editorial y la Universidad Rey Juan Carlos de Madrid. Katherine es una apasionada del an\u00e1lisis de datos y actualmente trabaja como independiente.","sameAs":["https:\/\/x.com\/kathypennacchio"],"url":"https:\/\/latamjournalismreview.org\/es\/articles\/author\/katherine-pennacchio\/"}]}},"_links":{"self":[{"href":"https:\/\/latamjournalismreview.org\/es\/wp-json\/wp\/v2\/posts\/83133","targetHints":{"allow":["GET"]}}],"collection":[{"href":"https:\/\/latamjournalismreview.org\/es\/wp-json\/wp\/v2\/posts"}],"about":[{"href":"https:\/\/latamjournalismreview.org\/es\/wp-json\/wp\/v2\/types\/post"}],"author":[{"embeddable":true,"href":"https:\/\/latamjournalismreview.org\/es\/wp-json\/wp\/v2\/users\/36"}],"replies":[{"embeddable":true,"href":"https:\/\/latamjournalismreview.org\/es\/wp-json\/wp\/v2\/comments?post=83133"}],"version-history":[{"count":5,"href":"https:\/\/latamjournalismreview.org\/es\/wp-json\/wp\/v2\/posts\/83133\/revisions"}],"predecessor-version":[{"id":83215,"href":"https:\/\/latamjournalismreview.org\/es\/wp-json\/wp\/v2\/posts\/83133\/revisions\/83215"}],"wp:featuredmedia":[{"embeddable":true,"href":"https:\/\/latamjournalismreview.org\/es\/wp-json\/wp\/v2\/media\/83152"}],"wp:attachment":[{"href":"https:\/\/latamjournalismreview.org\/es\/wp-json\/wp\/v2\/media?parent=83133"}],"wp:term":[{"taxonomy":"category","embeddable":true,"href":"https:\/\/latamjournalismreview.org\/es\/wp-json\/wp\/v2\/categories?post=83133"},{"taxonomy":"post_tag","embeddable":true,"href":"https:\/\/latamjournalismreview.org\/es\/wp-json\/wp\/v2\/tags?post=83133"},{"taxonomy":"author","embeddable":true,"href":"https:\/\/latamjournalismreview.org\/es\/wp-json\/wp\/v2\/coauthors?post=83133"}],"curies":[{"name":"wp","href":"https:\/\/api.w.org\/{rel}","templated":true}]}}