{"id":84419,"date":"2024-02-14T08:54:38","date_gmt":"2024-02-14T14:54:38","guid":{"rendered":"https:\/\/latamjournalismreview.org\/?p=84419"},"modified":"2024-02-14T11:06:02","modified_gmt":"2024-02-14T17:06:02","slug":"cubriendo-eventos-climaticos-extremos-crisis-climatica-y-elecciones-de-2024-en-america-latina","status":"publish","type":"post","link":"https:\/\/latamjournalismreview.org\/es\/articles\/cubriendo-eventos-climaticos-extremos-crisis-climatica-y-elecciones-de-2024-en-america-latina\/","title":{"rendered":"Cubriendo eventos clim\u00e1ticos extremos, crisis clim\u00e1tica y elecciones de 2024 en Am\u00e9rica Latina"},"content":{"rendered":"<p>Eventos clim\u00e1ticos extremos se registraron en varios pa\u00edses de Am\u00e9rica Latina en 2023: sequ\u00edas en la\u00a0<a href=\"https:\/\/www.bbc.com\/portuguese\/articles\/c72ydz97lz3o\" target=\"_blank\" rel=\"noopener noreferrer\"><u>Amazonia<\/u><\/a>,\u00a0<a href=\"https:\/\/www.dw.com\/es\/la-sequ%C3%ADa-azota-uruguay\/a-66075838\" target=\"_blank\" rel=\"noopener noreferrer\"><u>Uruguay<\/u><\/a> y el\u00a0<a href=\"https:\/\/www.nytimes.com\/es\/2023\/11\/01\/espanol\/sequia-canal-de-panama-comercio.html\" target=\"_blank\" rel=\"noopener noreferrer\"><u>Canal de Panam\u00e1<\/u><\/a>; lluvias torrenciales en\u00a0<a href=\"https:\/\/cnnespanol.cnn.com\/2023\/11\/23\/27-muertos-lluvias-republica-dominicana-orix\/\" target=\"_blank\" rel=\"noopener noreferrer\"><u>Rep\u00fablica Dominicana<\/u><\/a> y\u00a0<a href=\"https:\/\/sul21.com.br\/noticias\/geral\/2023\/09\/setembro-de-2023-e-o-mes-mais-chuvoso-da-historia-em-porto-alegre\/\" target=\"_blank\" rel=\"noopener noreferrer\"><u>varias<\/u><\/a>\u00a0<a href=\"https:\/\/agenciabrasil.ebc.com.br\/geral\/noticia\/2023-02\/litoral-paulista-teve-maior-volume-de-chuva-registrado-no-brasil\" target=\"_blank\" rel=\"noopener noreferrer\"><u>regiones<\/u><\/a> de Brasil; y\u00a0<a href=\"https:\/\/es.mongabay.com\/2024\/01\/gobierno-colombiano-declara-situacion-de-desastre-y-calamidad-en-el-pais-ante-el-grave-impacto-de-incendios-forestales\/\" target=\"_blank\" rel=\"noopener noreferrer\"><u>olas de calor<\/u><\/a> que afectaron a\u00a0<a href=\"https:\/\/cnnespanol.cnn.com\/2023\/09\/25\/calor-extremo-sudamerica-invierno-trax\/\" target=\"_blank\" rel=\"noopener noreferrer\"><u>casi toda la regi\u00f3n<\/u><\/a>. En Chile, los incendios forestales se repitieron a lo largo del\u00a0<a href=\"https:\/\/elpais.com\/chile\/2023-12-11\/regresan-los-incendios-de-verano-en-chile-casi-3500-hectareas-consumidas-por-el-fuego.html\" target=\"_blank\" rel=\"noopener noreferrer\"><u>a\u00f1o pasado<\/u><\/a> y\u00a0<a href=\"https:\/\/www.bbc.com\/mundo\/articles\/c3g044gq31eo\" target=\"_blank\" rel=\"noopener noreferrer\"><u>volvieron a azotar al pa\u00eds a principios de 2024<\/u><\/a>. Estos eventos provocaron cientos de muertes, p\u00e9rdidas materiales y trastornos en la vida de miles de personas.<\/p>\n<p>Con el cambio clim\u00e1tico provocado por la acci\u00f3n humana,\u00a0<a href=\"https:\/\/climate.nasa.gov\/extreme-weather\/\" target=\"_blank\" rel=\"noopener noreferrer\"><u>la tendencia es que estos eventos sean cada vez m\u00e1s frecuentes<\/u><\/a>, seg\u00fan cient\u00edficos. El a\u00f1o\u00a0<a href=\"https:\/\/news.un.org\/es\/story\/2024\/01\/1527042\" target=\"_blank\" rel=\"noopener noreferrer\"><u>2023 fue el m\u00e1s caluroso jam\u00e1s registrado<\/u><\/a>, seg\u00fan la Organizaci\u00f3n Meteorol\u00f3gica Mundial (OMM). La combinaci\u00f3n entre el aumento de las temperaturas del planeta y El Ni\u00f1o, un fen\u00f3meno clim\u00e1tico natural que calienta las aguas del Oc\u00e9ano Pac\u00edfico ecuatorial,\u00a0<a href=\"https:\/\/wmo.int\/media\/news\/wildfires-cause-huge-loss-of-life-chile-amid-heatwaves-south-america\" target=\"_blank\" rel=\"noopener noreferrer\"><u>deber\u00eda hacer que 2024 sea a\u00fan m\u00e1s caluroso<\/u><\/a> que el a\u00f1o pasado, predice la OMM. De hecho, el primer mes de este a\u00f1o fue\u00a0<a href=\"https:\/\/climate.copernicus.eu\/surface-air-temperature-january-2024\" target=\"_blank\" rel=\"noopener noreferrer\"><u>el enero m\u00e1s caluroso jam\u00e1s registrado<\/u><\/a>, seg\u00fan el observatorio clim\u00e1tico Copernicus de la Uni\u00f3n Europea.<\/p>\n<p>Adem\u00e1s de ser un a\u00f1o en el que se esperan m\u00e1s temperaturas r\u00e9cord y fen\u00f3menos meteorol\u00f3gicos extremos en todo el mundo,\u00a0<a href=\"https:\/\/www.unesco.org\/es\/articles\/en-un-ano-de-elecciones-decisivo-la-unesco-hace-un-llamado-los-gobiernos-de-todo-el-mundo-para\" target=\"_blank\" rel=\"noopener noreferrer\"><u>2024 es un \u201cgran a\u00f1o electoral\u201d<\/u><\/a>, seg\u00fan la Unesco. La cobertura electoral ser\u00e1 central en varios pa\u00edses latinoamericanos. M\u00e9xico, Panam\u00e1, Rep\u00fablica Dominicana y Uruguay tendr\u00e1n elecciones presidenciales, mientras que Brasil tendr\u00e1 elecciones municipales, en las que se decidir\u00e1n los alcaldes y concejales de los 5.568 municipios del pa\u00eds.<\/p>\n<p>Las consecuencias de la emergencia clim\u00e1tica afectan todos los aspectos de la vida humana, por lo que el tema no debe abordarse s\u00f3lo en la secci\u00f3n ambiental de los medios de comunicaci\u00f3n, argumentan periodistas especializados en esta cobertura. Tambi\u00e9n aseguran que los periodistas deben poder comunicar c\u00f3mo la emergencia clim\u00e1tica se conecta con la econom\u00eda, pol\u00edtica, salud y, ciertamente, con las elecciones.<\/p>\n<p>El desaf\u00edo es grande: la ciencia del clima es compleja y las conexiones entre la acci\u00f3n humana, el aumento de las temperaturas y sus consecuencias para la humanidad y el planeta no siempre son sencillas de describir.<\/p>\n<p><strong>LatAm Journalism Review (LJR)<\/strong> convers\u00f3 con las periodistas brasile\u00f1as\u00a0<a href=\"https:\/\/apublica.org\/autor\/giovanagirardi\/\" target=\"_blank\" rel=\"noopener noreferrer\"><u>Giovana Girardi<\/u><\/a>, jefa de cobertura socioambiental de\u00a0<a href=\"https:\/\/apublica.org\/\" target=\"_blank\" rel=\"noopener noreferrer\"><u>Ag\u00eancia P\u00fablica<\/u><\/a>, y\u00a0<a href=\"https:\/\/www.nytimes.com\/by\/manuela-andreoni\" target=\"_blank\" rel=\"noopener noreferrer\"><u>Manuela Andreoni<\/u><\/a>, reportera de clima y medio ambiente de\u00a0<a href=\"https:\/\/www.nytimes.com\/\" target=\"_blank\" rel=\"noopener noreferrer\"><u>The New York Times (NYT)<\/u><\/a>, as\u00ed como con la periodista uruguaya\u00a0<a href=\"https:\/\/ladiaria.com.uy\/periodista\/camila-mendez\/\" target=\"_blank\" rel=\"noopener noreferrer\"><u>Camila M\u00e9ndez<\/u><\/a>, reportera de medio ambiente de\u00a0<a href=\"https:\/\/ladiaria.com.uy\/\" target=\"_blank\" rel=\"noopener noreferrer\"><u>la diaria<\/u><\/a>, sobre c\u00f3mo esos temas pueden ser abordados de mejor manera por periodistas de cualquier medio.<\/p>\n<div id=\"attachment_84443\" style=\"width: 400px\" class=\"wp-caption alignright\"><img loading=\"lazy\" decoding=\"async\" aria-describedby=\"caption-attachment-84443\" class=\"wp-image-84443\" src=\"https:\/\/latamjournalismreview.org\/wp-content\/uploads\/2024\/02\/GiovanaGirardi-1024x682.jpeg\" alt=\"woman with gray hair and glasses smiling at the camera\" width=\"390\" height=\"260\" srcset=\"https:\/\/latamjournalismreview.org\/wp-content\/uploads\/2024\/02\/GiovanaGirardi-1024x682.jpeg 1024w, https:\/\/latamjournalismreview.org\/wp-content\/uploads\/2024\/02\/GiovanaGirardi-300x200.jpeg 300w, https:\/\/latamjournalismreview.org\/wp-content\/uploads\/2024\/02\/GiovanaGirardi-768x512.jpeg 768w, https:\/\/latamjournalismreview.org\/wp-content\/uploads\/2024\/02\/GiovanaGirardi-1536x1023.jpeg 1536w, https:\/\/latamjournalismreview.org\/wp-content\/uploads\/2024\/02\/GiovanaGirardi-350x234.jpeg 350w, https:\/\/latamjournalismreview.org\/wp-content\/uploads\/2024\/02\/GiovanaGirardi.jpeg 1600w\" sizes=\"auto, (max-width: 390px) 100vw, 390px\" \/><p id=\"caption-attachment-84443\" class=\"wp-caption-text\">La periodista Giovana Girardi, de Ag\u00eancia P\u00fablica. (Cortes\u00eda)<\/p><\/div>\n<p>Girardi cubre ciencia y medio ambiente desde 2002. Fue a partir de reportajes sobre\u00a0 informes cient\u00edficos del Panel Intergubernamental sobre Cambio Clim\u00e1tico de las Naciones Unidas (IPCC) que comenz\u00f3 a cubrir la emergencia clim\u00e1tica.<\/p>\n<p>\u201cMuy r\u00e1pidamente comprend\u00ed que este ser\u00eda el mayor desaf\u00edo conjunto de la humanidad\u201d, dijo Girardi a\u00a0<strong>LJR<\/strong>.<\/p>\n<p>Andreoni se dedica a la cobertura clim\u00e1tica desde 2018 y anteriormente ten\u00eda su sede en R\u00edo de Janeiro. Es una de las redactoras del bolet\u00edn period\u00edstico Climate Forward.<\/p>\n<p>\u201cMe gusta mucho la cobertura sobre el clima y el medio ambiente porque es cient\u00edfica, donde descubres cosas y hablas con personas que est\u00e1n descubriendo cosas nuevas, y es muy humana. Y tambi\u00e9n tiene mucho que ver con la responsabilidad corporativa. Re\u00fane muchas cosas diferentes que me interesan y tiene implicaciones locales y globales al mismo tiempo. Una historia muy local puede tener implicaciones globales y eso lo encuentro muy atractivo\u201d, dijo Andreoni a\u00a0<strong>LJR<\/strong>.<\/p>\n<p>M\u00e9ndez, la periodista uruguaya, data su inter\u00e9s por cubrir el clima desde su adolescencia en el departamento de Treinta y Tres, cerca de la frontera con Brasil y rodeada de cultivos agr\u00edcolas, principalmente arroz.<\/p>\n<p>\u201cEn mi adolescencia, recuerdo escuchar en una radio local la historia de un trabajador rural que denunciaba a una empresa por haberlo sometido a la exposici\u00f3n a agrot\u00f3xicos. Como consecuencia, desarroll\u00f3 una enfermedad que le impide respirar por su cuenta y lo obliga a estar conectado a un tubo de ox\u00edgeno las 24 horas del d\u00eda\u201d, le dijo a\u00a0<strong>LJR<\/strong>. \u201cRecuerdo que, desde ese momento, entend\u00ed que las problem\u00e1ticas ambientales\/clim\u00e1ticas hacen parte de las disputas por nuestra salud, cuerpos, territorios y c\u00f3mo queremos vivir en ellos\u201d.<\/p>\n<h3>Pol\u00edticas clim\u00e1ticas y resiliencia urbana en las elecciones<\/h3>\n<p>Si bien las elecciones nacionales podr\u00edan dictar la direcci\u00f3n de las pol\u00edticas clim\u00e1ticas en varios pa\u00edses este a\u00f1o, las elecciones municipales en Brasil podr\u00edan traer cambios en la forma en que las ciudades se preparan, responden y se recuperan de eventos clim\u00e1ticos extremos.<\/p>\n<p>\u201cYa estamos en el momento decisivo\u201d, dijo Girardi sobre las pol\u00edticas clim\u00e1ticas de los pa\u00edses y los esfuerzos para contener el calentamiento global. \u201cSi perdemos esta ventana [de acci\u00f3n] en los pr\u00f3ximos a\u00f1os, ser\u00e1 muy dif\u00edcil regresar\u201d.<\/p>\n<p>Las pol\u00edticas para combatir la deforestaci\u00f3n y la transici\u00f3n energ\u00e9tica, por ejemplo, deber\u00edan estar en el centro de la cobertura de los programas de gobierno de los candidatos presidenciales, afirm\u00f3 Girardi.<\/p>\n<p>\u201cEs fundamental mirar el conjunto. Si un candidato promete algo, [el periodista deber\u00eda preguntar] \u00bfc\u00f3mo encaja eso en el contexto general [del pa\u00eds]?\u201d, sugiri\u00f3.<\/p>\n<div id=\"attachment_84446\" style=\"width: 400px\" class=\"wp-caption alignleft\"><img loading=\"lazy\" decoding=\"async\" aria-describedby=\"caption-attachment-84446\" class=\"wp-image-84446\" src=\"https:\/\/latamjournalismreview.org\/wp-content\/uploads\/2024\/02\/Camila-Me\u0301ndez-819x1024.jpeg\" alt=\"woman in front of a tree smiling at the camera\" width=\"390\" height=\"488\" srcset=\"https:\/\/latamjournalismreview.org\/wp-content\/uploads\/2024\/02\/Camila-Me\u0301ndez-819x1024.jpeg 819w, https:\/\/latamjournalismreview.org\/wp-content\/uploads\/2024\/02\/Camila-Me\u0301ndez-240x300.jpeg 240w, https:\/\/latamjournalismreview.org\/wp-content\/uploads\/2024\/02\/Camila-Me\u0301ndez-768x960.jpeg 768w, https:\/\/latamjournalismreview.org\/wp-content\/uploads\/2024\/02\/Camila-Me\u0301ndez-1229x1536.jpeg 1229w, https:\/\/latamjournalismreview.org\/wp-content\/uploads\/2024\/02\/Camila-Me\u0301ndez.jpeg 1247w\" sizes=\"auto, (max-width: 390px) 100vw, 390px\" \/><p id=\"caption-attachment-84446\" class=\"wp-caption-text\">La periodista Camila M\u00e9ndez, de la diaria. (Cortes\u00eda)<\/p><\/div>\n<p>M\u00e9ndez insisti\u00f3 en la necesidad de obtener detalles concretos de los pol\u00edticos sobre sus pol\u00edticas clim\u00e1ticas.<\/p>\n<p>\u201cDebemos tener cuidado con el\u00a0<i>greenwashing<\/i>. No sirve que en los programas de los partidos pol\u00edticos se prometa que van a proteger el ambiente si no se explica c\u00f3mo lo har\u00e1n y qu\u00e9 recursos econ\u00f3micos y t\u00e9cnicos le destinar\u00e1n\u201d, dijo. \u201cAl mismo tiempo, cuando existen propuestas concretas, es interesante consultar con expertos y expertas independientes para saber si realmente ser\u00e1n efectivas. Siempre es necesario mantener contacto directo con cient\u00edficos y cient\u00edficas\u201d.<\/p>\n<p>Andreoni afirm\u00f3 que las consecuencias de los eventos clim\u00e1ticos extremos deben ser abordadas en la cobertura electoral con la seriedad que exigen sucesos letales, como inundaciones y deslizamientos de tierra en centros urbanos.<\/p>\n<p>\u201cHay que tratarlo como cualquier otra cosa que mata a mucha gente. El dengue mata a mucha gente; la violencia policial mata a muchas personas; los deslizamientos de tierra matan a muchas personas; Un saneamiento b\u00e1sico que no funciona mata a muchas personas. Tenemos que tratarlo como algo tan importante como estos\u201d, afirm\u00f3.<\/p>\n<p>Andreoni destac\u00f3 que, aunque muchos pol\u00edticos se posicionan como \u201cl\u00edderes en temas ambientales\u201d, no siempre priorizan temas b\u00e1sicos como la pol\u00edtica de vivienda, que tambi\u00e9n est\u00e1 ligada al clima.<\/p>\n<p>\u201cTenemos que comprobar si est\u00e1n haciendo lo que dicen. (...) Si no tienes una pol\u00edtica de vivienda que funcione, que proteja a la gente de la falta de saneamiento b\u00e1sico, de los deslizamientos de tierra, creo que es dif\u00edcil decir que tu ayuntamiento est\u00e1 haciendo un buen trabajo en materia clim\u00e1tica, porque eso es lo b\u00e1sico\u201d, dijo.<\/p>\n<p>Andreoni cree que puede ser relevante conectar las cuestiones locales con los debates globales sobre la resiliencia clim\u00e1tica \u2013<a href=\"https:\/\/www.c2es.org\/document\/what-is-climate-resilience-and-why-does-it-matter\/\" target=\"_blank\" rel=\"noopener noreferrer\"><u>que implican preparaci\u00f3n, recuperaci\u00f3n y adaptaci\u00f3n a los impactos clim\u00e1ticos<\/u><\/a>\u2013, ya que los eventos extremos han afectado a poblaciones de todo el mundo.<\/p>\n<h3>Ac\u00e9rquese a la vida cotidiana y aporte soluciones<\/h3>\n<p>A pesar de m\u00e1s de dos d\u00e9cadas de experiencia, Girardi dijo que todav\u00eda \u201cse golpea la cabeza\u201d y se encuentra luchando con dudas sobre c\u00f3mo comunicar al p\u00fablico la magnitud del desaf\u00edo que plantea la emergencia clim\u00e1tica.<\/p>\n<p>\u201cEs muy dif\u00edcil hablar de algo tan dram\u00e1tico. Estamos hablando de cosas que no son precisamente c\u00f3modas. No estamos haciendo una acusaci\u00f3n sobre algo que podr\u00eda horrorizar a una persona pero que no tiene mucho que ver con su vida. Tiene que ver con todas nuestras vidas\u201d, dijo y agreg\u00f3 que estos desaf\u00edos y dilemas afectan a todos los periodistas que se dedican a esta cobertura.<\/p>\n<p>E incluso aquellos que no se dedican espec\u00edficamente a la cobertura clim\u00e1tica necesitan sacar a relucir este tema, record\u00f3.<\/p>\n<p>\u201cNo se puede hablar de p\u00e9rdidas en la agricultura o de la crisis energ\u00e9tica sin considerar esto. (...) No es s\u00f3lo cobertura sobre el medio ambiente y la ciencia, es cobertura de econom\u00eda, pol\u00edtica y otros temas. Cuando entend\u00ed esto, se convirti\u00f3 en una palabra de moda en mi cabeza, porque tambi\u00e9n creo que esto puede atraer m\u00e1s a la gente. Entienden la relaci\u00f3n que tendr\u00e1n la lluvia o la sequ\u00eda o la p\u00e9rdida de la Amazonia con el aumento del precio del caf\u00e9 o de la factura de la luz\u201d, dijo Girardi.<\/p>\n<p>M\u00e9ndez tambi\u00e9n dijo que la crisis clim\u00e1tica debe afectar a todas las partes de la redacci\u00f3n.<\/p>\n<p>\u201cLa crisis clim\u00e1tica y ecol\u00f3gica repercute en la econom\u00eda, en la pol\u00edtica, en la salud, en la cultura\u201d, dijo. \u201cTodos los periodistas deber\u00edan conocer los conceptos b\u00e1sicos. Sin embargo, tambi\u00e9n es necesario que existan periodistas especializados y una din\u00e1mica de di\u00e1logo entre colegas cuando surgen dudas\u201d.<\/p>\n<p>Adem\u00e1s de la relaci\u00f3n con la vida cotidiana, la cobertura debe traer posibles soluciones, destac\u00f3 Girardi. Simplemente enfatizar la magnitud del problema desalienta la participaci\u00f3n p\u00fablica, tanto con las noticias como con las posibilidades de acci\u00f3n para mitigar la crisis clim\u00e1tica y sus impactos en la humanidad y el planeta.<\/p>\n<h3>Conectando los eventos extremos con el calentamiento global<\/h3>\n<p>Una de las preguntas que pueden surgir cuando ocurren eventos clim\u00e1ticos extremos es la relaci\u00f3n entre estos fen\u00f3menos y el aumento de las temperaturas provocado por la acci\u00f3n humana. Se espera una variaci\u00f3n en el clima, y \u200b\u200beventos clim\u00e1ticos como sequ\u00edas, lluvias torrenciales u olas de calor ocurren peri\u00f3dicamente en ciertos lugares del planeta.<\/p>\n<p>\u201cLo que nos muestran las proyecciones clim\u00e1ticas es que eventos como este tienden a volverse m\u00e1s comunes, m\u00e1s frecuentes y m\u00e1s intensos\u201d a medida que aumentan las temperaturas globales, dijo Girardi, citando las respuestas que suele recibir de los cient\u00edficos del clima sobre este tema.<\/p>\n<p>\u201cSi miramos datos de los \u00faltimos 30, 40, 50 a\u00f1os, podemos ver, por ejemplo, que este tipo de eventos que antes ocurr\u00edan una vez cada 50 a\u00f1os ahora ocurren una vez cada 10 a\u00f1os\u201d, explic\u00f3.<\/p>\n<p>En la cobertura inmediata de un evento clim\u00e1tico extremo, no es posible establecer la relaci\u00f3n causa\/consecuencia entre el calentamiento global y tal fen\u00f3meno. Sin embargo, es posible y esencial presentar al p\u00fablico la informaci\u00f3n disponible sobre series hist\u00f3ricas y frecuencias esperadas o inesperadas de tales acontecimientos, afirman los periodistas.<\/p>\n<p>Mencionaron que algunos grupos de cient\u00edficos han estado trabajando en an\u00e1lisis r\u00e1pidos de estos fen\u00f3menos para determinar su relaci\u00f3n con el cambio clim\u00e1tico. Un ejemplo reciente es el estudio de la organizaci\u00f3n\u00a0<a href=\"https:\/\/www.worldweatherattribution.org\/\" target=\"_blank\" rel=\"noopener noreferrer\"><u>World Weather Attribution<\/u><\/a>, publicado a finales de enero, que concluy\u00f3 que la sequ\u00eda que azot\u00f3 la Amazonia en la segunda mitad de 2023\u00a0<a href=\"https:\/\/www.worldweatherattribution.org\/climate-change-not-el-nino-main-driver-of-exceptional-drought-in-highly-vulnerable-amazon-river-basin\/\" target=\"_blank\" rel=\"noopener noreferrer\"><u>fue impulsada principalmente por el cambio clim\u00e1tico<\/u><\/a>.<\/p>\n<p>Conectar los eventos extremos con la emergencia clim\u00e1tica es importante para comunicar al p\u00fablico que ya estamos lidiando con las consecuencias del calentamiento del planeta, dijo Girardi.<\/p>\n<p>\u201cEs diferente a decir \u2018en los \u00faltimos 60 a\u00f1os estos eventos se han vuelto m\u00e1s frecuentes\u2019, porque la gente no recuerda los \u00faltimos 60 a\u00f1os. Ahora, cuando se habla del evento de la semana pasada o del mes pasado, ayuda a comunicar y hacer m\u00e1s palpable [el impacto de la emergencia clim\u00e1tica]. Un problema a la hora de comunicar el cambio clim\u00e1tico es que la gente tend\u00eda a mirarlo y pensar: \"este es un problema para finales de siglo, ni siquiera estar\u00e9 aqu\u00ed\". Cuando la gente empiece a entender que este evento aqu\u00ed ya es [una consecuencia del cambio clim\u00e1tico], tal vez ayude a aumentar la conciencia y la alerta\u201d, afirm\u00f3.<\/p>\n<h3>Evite la jerga cient\u00edfica y c\u00e9ntrese en las personas<\/h3>\n<p>Andreoni destac\u00f3 que la transparencia y el cuidado en la comunicaci\u00f3n sobre la emergencia clim\u00e1tica tambi\u00e9n es importante para evitar el negacionismo.<\/p>\n<div id=\"attachment_84452\" style=\"width: 380px\" class=\"wp-caption alignright\"><img loading=\"lazy\" decoding=\"async\" aria-describedby=\"caption-attachment-84452\" class=\"wp-image-84452\" src=\"https:\/\/latamjournalismreview.org\/wp-content\/uploads\/2024\/02\/ManuelaAndreoni-768x1024.jpg\" alt=\"woman with long blond hair and glasses looking at the camera in front of a white wall\" width=\"370\" height=\"493\" srcset=\"https:\/\/latamjournalismreview.org\/wp-content\/uploads\/2024\/02\/ManuelaAndreoni-768x1024.jpg 768w, https:\/\/latamjournalismreview.org\/wp-content\/uploads\/2024\/02\/ManuelaAndreoni-225x300.jpg 225w, https:\/\/latamjournalismreview.org\/wp-content\/uploads\/2024\/02\/ManuelaAndreoni-1152x1536.jpg 1152w, https:\/\/latamjournalismreview.org\/wp-content\/uploads\/2024\/02\/ManuelaAndreoni-1536x2048.jpg 1536w, https:\/\/latamjournalismreview.org\/wp-content\/uploads\/2024\/02\/ManuelaAndreoni-scaled.jpg 1920w\" sizes=\"auto, (max-width: 370px) 100vw, 370px\" \/><p id=\"caption-attachment-84452\" class=\"wp-caption-text\">La periodista Manuela Andreoni, de The New York Times. (Cortes\u00eda)<\/p><\/div>\n<p>\u201cHay ciencia y datos de todo tipo. Tenemos que tener mucho cuidado con c\u00f3mo comunicamos la confiabilidad de cada cosa, porque estamos hablando de un campo de la ciencia y de las pol\u00edticas p\u00fablicas muy controvertido. Siempre debemos tener cuidado, y especialmente en un campo que se ha vuelto objeto de tanta polarizaci\u00f3n, debemos ser a\u00fan m\u00e1s precisos en relaci\u00f3n a lo que realmente sabemos y lo que no sabemos\u201d, dijo Andreoni.<\/p>\n<p>En este sentido, tambi\u00e9n es necesario evitar la jerga cient\u00edfica, que muchas veces se repite en la cobertura sin que quede claro para el p\u00fablico \u2013a veces ni siquiera para los periodistas\u2013 lo que quieren decir. Muchas de estas expresiones buscan \u201ctraducir cosas extremadamente complejas\u201d, afirm\u00f3 Andreoni. \u201cNuestro mayor cuidado debe ser explicar [la emergencia clim\u00e1tica] lo m\u00e1s breve y claramente posible\u201d, afirm\u00f3.<\/p>\n<p>Una forma de hacerlo es humanizar la cobertura clim\u00e1tica, poniendo el foco en las personas que est\u00e1n siendo afectadas por el impacto de la crisis clim\u00e1tica.<\/p>\n<p>\u201cTenemos que salir de la jerga, del mensaje clim\u00e1tico est\u00e1ndar, y hablar m\u00e1s sobre las personas\u201d, afirm\u00f3 Andreoni. \u201cEste es un desaf\u00edo para muchos medios que no tienen los recursos para ir a los lugares donde las personas enfrentan estos problemas, pero es esencial para que [la cobertura de la emergencia clim\u00e1tica] no se convierta en algo incomprensible que a nadie le importe\u201d.<\/p>\n<p>M\u00e9ndez tambi\u00e9n hizo hincapi\u00e9 en la importancia de consultar a los cient\u00edficos, pero comunicando los conceptos t\u00e9cnicos \u201cde una forma entendible para todos\u201d.<\/p>\n<p>En su opini\u00f3n, los periodistas deben tomarse el tiempo necesario para ir all\u00ed donde est\u00e1n los problemas y contar historias locales.<\/p>\n<p>\u201cNo es lo mismo contar fr\u00edamente en dos p\u00e1rrafos que vecinos se manifestaron contra la contaminaci\u00f3n de un r\u00edo, que trasladarse al lugar, conversar con ellos y ellas, entender sus emociones, historias y recuerdos all\u00ed\u201d, dijo la periodista. \u201cEsto nos permite entender sus motivaciones y, quiz\u00e1s, contagiar al lector o lectora. Lleva m\u00e1s tiempo, pero marca una diferencia en la calidad del art\u00edculo\u201d.<\/p>\n","protected":false},"excerpt":{"rendered":"<p>El mundo se encuentra en una emergencia clim\u00e1tica y Am\u00e9rica Latina ha experimentado eventos clim\u00e1ticos extremos como sequ\u00edas, lluvias torrenciales y olas de calor. Periodistas de la regi\u00f3n discuten desaf\u00edos y soluciones para comunicar la crisis clim\u00e1tica mientras cubren las elecciones de 2024.<\/p>\n","protected":false},"author":16,"featured_media":84410,"comment_status":"closed","ping_status":"closed","sticky":false,"template":"","format":"standard","meta":{"inline_featured_image":false,"footnotes":""},"categories":[2074],"tags":[],"coauthors":[2742],"class_list":["post-84419","post","type-post","status-publish","format-standard","has-post-thumbnail","hentry","category-reportajes-especiales"],"acf":[],"yoast_head":"<!-- This site is optimized with the Yoast SEO Premium plugin v22.6 (Yoast SEO v27.4) - https:\/\/yoast.com\/product\/yoast-seo-premium-wordpress\/ -->\n<title>Cubriendo eventos clim\u00e1ticos extremos, crisis clim\u00e1tica y elecciones de 2024 en Am\u00e9rica Latina - LatAm Journalism Review<\/title>\n<meta name=\"description\" content=\"Cubriendo eventos clim\u00e1ticos extremos, crisis clim\u00e1tica y elecciones de 2024 en Am\u00e9rica Latina Reportajes especiales. Latin American Journalism Review by The Knight Center at The University of Texas at Austin.\" \/>\n<meta name=\"robots\" content=\"index, follow, max-snippet:-1, max-image-preview:large, max-video-preview:-1\" \/>\n<link rel=\"canonical\" href=\"https:\/\/latamjournalismreview.org\/es\/articles\/cubriendo-eventos-climaticos-extremos-crisis-climatica-y-elecciones-de-2024-en-america-latina\/\" \/>\n<meta property=\"og:locale\" content=\"es_ES\" \/>\n<meta property=\"og:type\" content=\"article\" \/>\n<meta property=\"og:title\" content=\"Cubriendo eventos clim\u00e1ticos extremos, crisis clim\u00e1tica y elecciones de 2024 en Am\u00e9rica Latina\" \/>\n<meta property=\"og:description\" content=\"Cubriendo eventos clim\u00e1ticos extremos, crisis clim\u00e1tica y elecciones de 2024 en Am\u00e9rica Latina Reportajes especiales. Latin American Journalism Review by The Knight Center at The University of Texas at Austin.\" \/>\n<meta property=\"og:url\" content=\"https:\/\/latamjournalismreview.org\/es\/articles\/cubriendo-eventos-climaticos-extremos-crisis-climatica-y-elecciones-de-2024-en-america-latina\/\" \/>\n<meta property=\"og:site_name\" content=\"LatAm Journalism Review\" \/>\n<meta property=\"article:published_time\" content=\"2024-02-14T14:54:38+00:00\" \/>\n<meta property=\"article:modified_time\" content=\"2024-02-14T17:06:02+00:00\" \/>\n<meta property=\"og:image\" content=\"https:\/\/latamjournalismreview.org\/wp-content\/uploads\/2024\/02\/FEATURED-climate-crisis-amazon.png\" \/>\n\t<meta property=\"og:image:width\" content=\"507\" \/>\n\t<meta property=\"og:image:height\" content=\"340\" \/>\n\t<meta property=\"og:image:type\" content=\"image\/png\" \/>\n<meta name=\"author\" content=\"Carolina de Assis\" \/>\n<meta name=\"twitter:card\" content=\"summary_large_image\" \/>\n<meta name=\"twitter:creator\" content=\"@LatAmJournalism\" \/>\n<meta name=\"twitter:site\" content=\"@LatAmJournalism\" \/>\n<meta name=\"twitter:label1\" content=\"Written by\" \/>\n\t<meta name=\"twitter:data1\" content=\"Carolina de Assis\" \/>\n\t<meta name=\"twitter:label2\" content=\"Est. reading time\" \/>\n\t<meta name=\"twitter:data2\" content=\"13 minutos\" \/>\n<script type=\"application\/ld+json\" class=\"yoast-schema-graph\">{\"@context\":\"https:\\\/\\\/schema.org\",\"@graph\":[{\"@type\":\"Article\",\"@id\":\"https:\\\/\\\/latamjournalismreview.org\\\/es\\\/articles\\\/cubriendo-eventos-climaticos-extremos-crisis-climatica-y-elecciones-de-2024-en-america-latina\\\/#article\",\"isPartOf\":{\"@id\":\"https:\\\/\\\/latamjournalismreview.org\\\/es\\\/articles\\\/cubriendo-eventos-climaticos-extremos-crisis-climatica-y-elecciones-de-2024-en-america-latina\\\/\"},\"author\":{\"name\":\"Carolina de Assis\",\"@id\":\"https:\\\/\\\/latamjournalismreview.org\\\/es\\\/#\\\/schema\\\/person\\\/f98b544e2f231a237f39a56cc9a00a9a\"},\"headline\":\"Cubriendo eventos clim\u00e1ticos extremos, crisis clim\u00e1tica y elecciones de 2024 en Am\u00e9rica Latina\",\"datePublished\":\"2024-02-14T14:54:38+00:00\",\"dateModified\":\"2024-02-14T17:06:02+00:00\",\"mainEntityOfPage\":{\"@id\":\"https:\\\/\\\/latamjournalismreview.org\\\/es\\\/articles\\\/cubriendo-eventos-climaticos-extremos-crisis-climatica-y-elecciones-de-2024-en-america-latina\\\/\"},\"wordCount\":2545,\"publisher\":{\"@id\":\"https:\\\/\\\/latamjournalismreview.org\\\/es\\\/#organization\"},\"image\":{\"@id\":\"https:\\\/\\\/latamjournalismreview.org\\\/es\\\/articles\\\/cubriendo-eventos-climaticos-extremos-crisis-climatica-y-elecciones-de-2024-en-america-latina\\\/#primaryimage\"},\"thumbnailUrl\":\"https:\\\/\\\/latamjournalismreview.org\\\/wp-content\\\/uploads\\\/2024\\\/02\\\/FEATURED-climate-crisis-amazon.png\",\"articleSection\":[\"Reportajes especiales\"],\"inLanguage\":\"es\"},{\"@type\":\"WebPage\",\"@id\":\"https:\\\/\\\/latamjournalismreview.org\\\/es\\\/articles\\\/cubriendo-eventos-climaticos-extremos-crisis-climatica-y-elecciones-de-2024-en-america-latina\\\/\",\"url\":\"https:\\\/\\\/latamjournalismreview.org\\\/es\\\/articles\\\/cubriendo-eventos-climaticos-extremos-crisis-climatica-y-elecciones-de-2024-en-america-latina\\\/\",\"name\":\"Cubriendo eventos clim\u00e1ticos extremos, crisis clim\u00e1tica y elecciones de 2024 en Am\u00e9rica Latina - LatAm Journalism Review\",\"isPartOf\":{\"@id\":\"https:\\\/\\\/latamjournalismreview.org\\\/es\\\/#website\"},\"primaryImageOfPage\":{\"@id\":\"https:\\\/\\\/latamjournalismreview.org\\\/es\\\/articles\\\/cubriendo-eventos-climaticos-extremos-crisis-climatica-y-elecciones-de-2024-en-america-latina\\\/#primaryimage\"},\"image\":{\"@id\":\"https:\\\/\\\/latamjournalismreview.org\\\/es\\\/articles\\\/cubriendo-eventos-climaticos-extremos-crisis-climatica-y-elecciones-de-2024-en-america-latina\\\/#primaryimage\"},\"thumbnailUrl\":\"https:\\\/\\\/latamjournalismreview.org\\\/wp-content\\\/uploads\\\/2024\\\/02\\\/FEATURED-climate-crisis-amazon.png\",\"datePublished\":\"2024-02-14T14:54:38+00:00\",\"dateModified\":\"2024-02-14T17:06:02+00:00\",\"description\":\"Cubriendo eventos clim\u00e1ticos extremos, crisis clim\u00e1tica y elecciones de 2024 en Am\u00e9rica Latina Reportajes especiales. Latin American Journalism Review by The Knight Center at The University of Texas at Austin.\",\"breadcrumb\":{\"@id\":\"https:\\\/\\\/latamjournalismreview.org\\\/es\\\/articles\\\/cubriendo-eventos-climaticos-extremos-crisis-climatica-y-elecciones-de-2024-en-america-latina\\\/#breadcrumb\"},\"inLanguage\":\"es\",\"potentialAction\":[{\"@type\":\"ReadAction\",\"target\":[\"https:\\\/\\\/latamjournalismreview.org\\\/es\\\/articles\\\/cubriendo-eventos-climaticos-extremos-crisis-climatica-y-elecciones-de-2024-en-america-latina\\\/\"]}]},{\"@type\":\"ImageObject\",\"inLanguage\":\"es\",\"@id\":\"https:\\\/\\\/latamjournalismreview.org\\\/es\\\/articles\\\/cubriendo-eventos-climaticos-extremos-crisis-climatica-y-elecciones-de-2024-en-america-latina\\\/#primaryimage\",\"url\":\"https:\\\/\\\/latamjournalismreview.org\\\/wp-content\\\/uploads\\\/2024\\\/02\\\/FEATURED-climate-crisis-amazon.png\",\"contentUrl\":\"https:\\\/\\\/latamjournalismreview.org\\\/wp-content\\\/uploads\\\/2024\\\/02\\\/FEATURED-climate-crisis-amazon.png\",\"width\":507,\"height\":340,\"caption\":\"cattle skull on a dry riverbed in the amazon\"},{\"@type\":\"BreadcrumbList\",\"@id\":\"https:\\\/\\\/latamjournalismreview.org\\\/es\\\/articles\\\/cubriendo-eventos-climaticos-extremos-crisis-climatica-y-elecciones-de-2024-en-america-latina\\\/#breadcrumb\",\"itemListElement\":[{\"@type\":\"ListItem\",\"position\":1,\"name\":\"Home\",\"item\":\"https:\\\/\\\/latamjournalismreview.org\\\/es\\\/\"},{\"@type\":\"ListItem\",\"position\":2,\"name\":\"Cubriendo eventos clim\u00e1ticos extremos, crisis clim\u00e1tica y elecciones de 2024 en Am\u00e9rica Latina\"}]},{\"@type\":\"WebSite\",\"@id\":\"https:\\\/\\\/latamjournalismreview.org\\\/es\\\/#website\",\"url\":\"https:\\\/\\\/latamjournalismreview.org\\\/es\\\/\",\"name\":\"LatAm Journalism Review\",\"description\":\"Knight Center at The University of Texas\",\"publisher\":{\"@id\":\"https:\\\/\\\/latamjournalismreview.org\\\/es\\\/#organization\"},\"potentialAction\":[{\"@type\":\"SearchAction\",\"target\":{\"@type\":\"EntryPoint\",\"urlTemplate\":\"https:\\\/\\\/latamjournalismreview.org\\\/es\\\/?s={search_term_string}\"},\"query-input\":{\"@type\":\"PropertyValueSpecification\",\"valueRequired\":true,\"valueName\":\"search_term_string\"}}],\"inLanguage\":\"es\"},{\"@type\":\"Organization\",\"@id\":\"https:\\\/\\\/latamjournalismreview.org\\\/es\\\/#organization\",\"name\":\"LatAm Journalism Review\",\"url\":\"https:\\\/\\\/latamjournalismreview.org\\\/es\\\/\",\"logo\":{\"@type\":\"ImageObject\",\"inLanguage\":\"es\",\"@id\":\"https:\\\/\\\/latamjournalismreview.org\\\/es\\\/#\\\/schema\\\/logo\\\/image\\\/\",\"url\":\"https:\\\/\\\/latamjournalismreview.org\\\/wp-content\\\/uploads\\\/2020\\\/05\\\/knight-latAm-review-logo.svg\",\"contentUrl\":\"https:\\\/\\\/latamjournalismreview.org\\\/wp-content\\\/uploads\\\/2020\\\/05\\\/knight-latAm-review-logo.svg\",\"width\":\"1024\",\"height\":\"1024\",\"caption\":\"LatAm Journalism Review\"},\"image\":{\"@id\":\"https:\\\/\\\/latamjournalismreview.org\\\/es\\\/#\\\/schema\\\/logo\\\/image\\\/\"},\"sameAs\":[\"https:\\\/\\\/x.com\\\/LatAmJournalism\"]},{\"@type\":\"Person\",\"@id\":\"https:\\\/\\\/latamjournalismreview.org\\\/es\\\/#\\\/schema\\\/person\\\/f98b544e2f231a237f39a56cc9a00a9a\",\"name\":\"Carolina de Assis\",\"description\":\"Carolina de Assis is a Brazilian journalist and researcher who lives in Juiz de Fora, MG, Brazil. She holds a master's degree in Women\u2019s and Gender Studies from the GEMMA Programme \u2013 Universit\u00e0 di Bologna (Italy) \\\/ Universiteit Utrecht (The Netherlands) and has worked as an editor at G\u00eanero e N\u00famero, a Brazilian digital magazine focused on data journalism and gender issues. She is especially interested in journalistic initiatives aimed at promoting human rights and gender justice. You can find her on Twitter: @caroldeassis _________ Carolina de Assis es una periodista e investigadora brasile\u00f1a que vive en Juiz de Fora, MG, Brasil . Tiene una maestr\u00eda en Estudios de las Mujeres y de G\u00e9nero del programa GEMMA \u2013 Universit\u00e0 di Bologna (Italia) \\\/ Universiteit Utrecht (Holanda). Trabaj\u00f3 como editora en la revista digital brasile\u00f1a G\u00eanero e N\u00famero. Le interesan especialmente iniciativas period\u00edsticas que tienen el objetivo de promover los derechos humanos y la justicia de g\u00e9nero. Puedes encontrarla en Twitter: @caroldeassis. _______ Carolina de Assis \u00e9 uma jornalista e pesquisadora brasileira que vive em Juiz de Fora (MG). \u00c9 mestra em Estudos da Mulher e de G\u00eanero pelo programa GEMMA \u2013 Universit\u00e0 di Bologna (It\u00e1lia) \\\/ Universiteit Utrecht (Holanda). Trabalhou como editora na revista digital G\u00eanero e N\u00famero e se interessa especialmente por iniciativas jornal\u00edsticas que promovam os direitos humanos e a justi\u00e7a de g\u00eanero. Voc\u00ea pode encontr\u00e1-la no Twitter em @caroldeassis.\",\"url\":\"https:\\\/\\\/latamjournalismreview.org\\\/es\\\/articles\\\/author\\\/carolina-de-assis\\\/\"}]}<\/script>\n<!-- \/ Yoast SEO Premium plugin. -->","yoast_head_json":{"title":"Cubriendo eventos clim\u00e1ticos extremos, crisis clim\u00e1tica y elecciones de 2024 en Am\u00e9rica Latina - LatAm Journalism Review","description":"Cubriendo eventos clim\u00e1ticos extremos, crisis clim\u00e1tica y elecciones de 2024 en Am\u00e9rica Latina Reportajes especiales. Latin American Journalism Review by The Knight Center at The University of Texas at Austin.","robots":{"index":"index","follow":"follow","max-snippet":"max-snippet:-1","max-image-preview":"max-image-preview:large","max-video-preview":"max-video-preview:-1"},"canonical":"https:\/\/latamjournalismreview.org\/es\/articles\/cubriendo-eventos-climaticos-extremos-crisis-climatica-y-elecciones-de-2024-en-america-latina\/","og_locale":"es_ES","og_type":"article","og_title":"Cubriendo eventos clim\u00e1ticos extremos, crisis clim\u00e1tica y elecciones de 2024 en Am\u00e9rica Latina","og_description":"Cubriendo eventos clim\u00e1ticos extremos, crisis clim\u00e1tica y elecciones de 2024 en Am\u00e9rica Latina Reportajes especiales. Latin American Journalism Review by The Knight Center at The University of Texas at Austin.","og_url":"https:\/\/latamjournalismreview.org\/es\/articles\/cubriendo-eventos-climaticos-extremos-crisis-climatica-y-elecciones-de-2024-en-america-latina\/","og_site_name":"LatAm Journalism Review","article_published_time":"2024-02-14T14:54:38+00:00","article_modified_time":"2024-02-14T17:06:02+00:00","og_image":[{"width":507,"height":340,"url":"https:\/\/latamjournalismreview.org\/wp-content\/uploads\/2024\/02\/FEATURED-climate-crisis-amazon.png","type":"image\/png"}],"author":"Carolina de Assis","twitter_card":"summary_large_image","twitter_creator":"@LatAmJournalism","twitter_site":"@LatAmJournalism","twitter_misc":{"Written by":"Carolina de Assis","Est. reading time":"13 minutos"},"schema":{"@context":"https:\/\/schema.org","@graph":[{"@type":"Article","@id":"https:\/\/latamjournalismreview.org\/es\/articles\/cubriendo-eventos-climaticos-extremos-crisis-climatica-y-elecciones-de-2024-en-america-latina\/#article","isPartOf":{"@id":"https:\/\/latamjournalismreview.org\/es\/articles\/cubriendo-eventos-climaticos-extremos-crisis-climatica-y-elecciones-de-2024-en-america-latina\/"},"author":{"name":"Carolina de Assis","@id":"https:\/\/latamjournalismreview.org\/es\/#\/schema\/person\/f98b544e2f231a237f39a56cc9a00a9a"},"headline":"Cubriendo eventos clim\u00e1ticos extremos, crisis clim\u00e1tica y elecciones de 2024 en Am\u00e9rica Latina","datePublished":"2024-02-14T14:54:38+00:00","dateModified":"2024-02-14T17:06:02+00:00","mainEntityOfPage":{"@id":"https:\/\/latamjournalismreview.org\/es\/articles\/cubriendo-eventos-climaticos-extremos-crisis-climatica-y-elecciones-de-2024-en-america-latina\/"},"wordCount":2545,"publisher":{"@id":"https:\/\/latamjournalismreview.org\/es\/#organization"},"image":{"@id":"https:\/\/latamjournalismreview.org\/es\/articles\/cubriendo-eventos-climaticos-extremos-crisis-climatica-y-elecciones-de-2024-en-america-latina\/#primaryimage"},"thumbnailUrl":"https:\/\/latamjournalismreview.org\/wp-content\/uploads\/2024\/02\/FEATURED-climate-crisis-amazon.png","articleSection":["Reportajes especiales"],"inLanguage":"es"},{"@type":"WebPage","@id":"https:\/\/latamjournalismreview.org\/es\/articles\/cubriendo-eventos-climaticos-extremos-crisis-climatica-y-elecciones-de-2024-en-america-latina\/","url":"https:\/\/latamjournalismreview.org\/es\/articles\/cubriendo-eventos-climaticos-extremos-crisis-climatica-y-elecciones-de-2024-en-america-latina\/","name":"Cubriendo eventos clim\u00e1ticos extremos, crisis clim\u00e1tica y elecciones de 2024 en Am\u00e9rica Latina - LatAm Journalism Review","isPartOf":{"@id":"https:\/\/latamjournalismreview.org\/es\/#website"},"primaryImageOfPage":{"@id":"https:\/\/latamjournalismreview.org\/es\/articles\/cubriendo-eventos-climaticos-extremos-crisis-climatica-y-elecciones-de-2024-en-america-latina\/#primaryimage"},"image":{"@id":"https:\/\/latamjournalismreview.org\/es\/articles\/cubriendo-eventos-climaticos-extremos-crisis-climatica-y-elecciones-de-2024-en-america-latina\/#primaryimage"},"thumbnailUrl":"https:\/\/latamjournalismreview.org\/wp-content\/uploads\/2024\/02\/FEATURED-climate-crisis-amazon.png","datePublished":"2024-02-14T14:54:38+00:00","dateModified":"2024-02-14T17:06:02+00:00","description":"Cubriendo eventos clim\u00e1ticos extremos, crisis clim\u00e1tica y elecciones de 2024 en Am\u00e9rica Latina Reportajes especiales. Latin American Journalism Review by The Knight Center at The University of Texas at Austin.","breadcrumb":{"@id":"https:\/\/latamjournalismreview.org\/es\/articles\/cubriendo-eventos-climaticos-extremos-crisis-climatica-y-elecciones-de-2024-en-america-latina\/#breadcrumb"},"inLanguage":"es","potentialAction":[{"@type":"ReadAction","target":["https:\/\/latamjournalismreview.org\/es\/articles\/cubriendo-eventos-climaticos-extremos-crisis-climatica-y-elecciones-de-2024-en-america-latina\/"]}]},{"@type":"ImageObject","inLanguage":"es","@id":"https:\/\/latamjournalismreview.org\/es\/articles\/cubriendo-eventos-climaticos-extremos-crisis-climatica-y-elecciones-de-2024-en-america-latina\/#primaryimage","url":"https:\/\/latamjournalismreview.org\/wp-content\/uploads\/2024\/02\/FEATURED-climate-crisis-amazon.png","contentUrl":"https:\/\/latamjournalismreview.org\/wp-content\/uploads\/2024\/02\/FEATURED-climate-crisis-amazon.png","width":507,"height":340,"caption":"cattle skull on a dry riverbed in the amazon"},{"@type":"BreadcrumbList","@id":"https:\/\/latamjournalismreview.org\/es\/articles\/cubriendo-eventos-climaticos-extremos-crisis-climatica-y-elecciones-de-2024-en-america-latina\/#breadcrumb","itemListElement":[{"@type":"ListItem","position":1,"name":"Home","item":"https:\/\/latamjournalismreview.org\/es\/"},{"@type":"ListItem","position":2,"name":"Cubriendo eventos clim\u00e1ticos extremos, crisis clim\u00e1tica y elecciones de 2024 en Am\u00e9rica Latina"}]},{"@type":"WebSite","@id":"https:\/\/latamjournalismreview.org\/es\/#website","url":"https:\/\/latamjournalismreview.org\/es\/","name":"LatAm Journalism Review","description":"Knight Center at The University of Texas","publisher":{"@id":"https:\/\/latamjournalismreview.org\/es\/#organization"},"potentialAction":[{"@type":"SearchAction","target":{"@type":"EntryPoint","urlTemplate":"https:\/\/latamjournalismreview.org\/es\/?s={search_term_string}"},"query-input":{"@type":"PropertyValueSpecification","valueRequired":true,"valueName":"search_term_string"}}],"inLanguage":"es"},{"@type":"Organization","@id":"https:\/\/latamjournalismreview.org\/es\/#organization","name":"LatAm Journalism Review","url":"https:\/\/latamjournalismreview.org\/es\/","logo":{"@type":"ImageObject","inLanguage":"es","@id":"https:\/\/latamjournalismreview.org\/es\/#\/schema\/logo\/image\/","url":"https:\/\/latamjournalismreview.org\/wp-content\/uploads\/2020\/05\/knight-latAm-review-logo.svg","contentUrl":"https:\/\/latamjournalismreview.org\/wp-content\/uploads\/2020\/05\/knight-latAm-review-logo.svg","width":"1024","height":"1024","caption":"LatAm Journalism Review"},"image":{"@id":"https:\/\/latamjournalismreview.org\/es\/#\/schema\/logo\/image\/"},"sameAs":["https:\/\/x.com\/LatAmJournalism"]},{"@type":"Person","@id":"https:\/\/latamjournalismreview.org\/es\/#\/schema\/person\/f98b544e2f231a237f39a56cc9a00a9a","name":"Carolina de Assis","description":"Carolina de Assis is a Brazilian journalist and researcher who lives in Juiz de Fora, MG, Brazil. She holds a master's degree in Women\u2019s and Gender Studies from the GEMMA Programme \u2013 Universit\u00e0 di Bologna (Italy) \/ Universiteit Utrecht (The Netherlands) and has worked as an editor at G\u00eanero e N\u00famero, a Brazilian digital magazine focused on data journalism and gender issues. She is especially interested in journalistic initiatives aimed at promoting human rights and gender justice. You can find her on Twitter: @caroldeassis _________ Carolina de Assis es una periodista e investigadora brasile\u00f1a que vive en Juiz de Fora, MG, Brasil . Tiene una maestr\u00eda en Estudios de las Mujeres y de G\u00e9nero del programa GEMMA \u2013 Universit\u00e0 di Bologna (Italia) \/ Universiteit Utrecht (Holanda). Trabaj\u00f3 como editora en la revista digital brasile\u00f1a G\u00eanero e N\u00famero. Le interesan especialmente iniciativas period\u00edsticas que tienen el objetivo de promover los derechos humanos y la justicia de g\u00e9nero. Puedes encontrarla en Twitter: @caroldeassis. _______ Carolina de Assis \u00e9 uma jornalista e pesquisadora brasileira que vive em Juiz de Fora (MG). \u00c9 mestra em Estudos da Mulher e de G\u00eanero pelo programa GEMMA \u2013 Universit\u00e0 di Bologna (It\u00e1lia) \/ Universiteit Utrecht (Holanda). Trabalhou como editora na revista digital G\u00eanero e N\u00famero e se interessa especialmente por iniciativas jornal\u00edsticas que promovam os direitos humanos e a justi\u00e7a de g\u00eanero. Voc\u00ea pode encontr\u00e1-la no Twitter em @caroldeassis.","url":"https:\/\/latamjournalismreview.org\/es\/articles\/author\/carolina-de-assis\/"}]}},"_links":{"self":[{"href":"https:\/\/latamjournalismreview.org\/es\/wp-json\/wp\/v2\/posts\/84419","targetHints":{"allow":["GET"]}}],"collection":[{"href":"https:\/\/latamjournalismreview.org\/es\/wp-json\/wp\/v2\/posts"}],"about":[{"href":"https:\/\/latamjournalismreview.org\/es\/wp-json\/wp\/v2\/types\/post"}],"author":[{"embeddable":true,"href":"https:\/\/latamjournalismreview.org\/es\/wp-json\/wp\/v2\/users\/16"}],"replies":[{"embeddable":true,"href":"https:\/\/latamjournalismreview.org\/es\/wp-json\/wp\/v2\/comments?post=84419"}],"version-history":[{"count":9,"href":"https:\/\/latamjournalismreview.org\/es\/wp-json\/wp\/v2\/posts\/84419\/revisions"}],"predecessor-version":[{"id":84456,"href":"https:\/\/latamjournalismreview.org\/es\/wp-json\/wp\/v2\/posts\/84419\/revisions\/84456"}],"wp:featuredmedia":[{"embeddable":true,"href":"https:\/\/latamjournalismreview.org\/es\/wp-json\/wp\/v2\/media\/84410"}],"wp:attachment":[{"href":"https:\/\/latamjournalismreview.org\/es\/wp-json\/wp\/v2\/media?parent=84419"}],"wp:term":[{"taxonomy":"category","embeddable":true,"href":"https:\/\/latamjournalismreview.org\/es\/wp-json\/wp\/v2\/categories?post=84419"},{"taxonomy":"post_tag","embeddable":true,"href":"https:\/\/latamjournalismreview.org\/es\/wp-json\/wp\/v2\/tags?post=84419"},{"taxonomy":"author","embeddable":true,"href":"https:\/\/latamjournalismreview.org\/es\/wp-json\/wp\/v2\/coauthors?post=84419"}],"curies":[{"name":"wp","href":"https:\/\/api.w.org\/{rel}","templated":true}]}}