{"id":85747,"date":"2024-03-27T11:24:31","date_gmt":"2024-03-27T16:24:31","guid":{"rendered":"https:\/\/latamjournalismreview.org\/?p=85747"},"modified":"2024-03-27T13:15:38","modified_gmt":"2024-03-27T18:15:38","slug":"faltan-tres-semanas-para-el-25o-isoj-y-el-plazo-de-inscripcion-cierra-pronto","status":"publish","type":"post","link":"https:\/\/latamjournalismreview.org\/es\/articles\/faltan-tres-semanas-para-el-25o-isoj-y-el-plazo-de-inscripcion-cierra-pronto\/","title":{"rendered":"Faltan tres semanas para el 25\u00ba ISOJ y el plazo de inscripci\u00f3n para asistir en persona cierra pronto"},"content":{"rendered":"<div class=\"wp-block-image\"><img loading=\"lazy\" decoding=\"async\" class=\"alignleft wp-image-85745 size-medium\" src=\"https:\/\/latamjournalismreview.org\/wp-content\/uploads\/2024\/03\/ISOJ-25th-e1711556540365.png\" alt=\"ISOJ logo with burnt orange star\" width=\"219\" height=\"300\" \/><\/div>\n<p><span style=\"font-weight: 400;\">Se acaba el tiempo para inscribirse y asistir en persona al 25\u00ba Simposio Internacional de Periodismo Online (ISOJ), una de las conferencias m\u00e1s importantes del mundo que re\u00fane a ejecutivos de medios de comunicaci\u00f3n, periodistas y acad\u00e9micos para debatir sobre la evoluci\u00f3n del periodismo digital. Asegura tu plaza ahora antes de que se cierre el plazo de inscripci\u00f3n el <\/span><b>4 de abril<\/b><span style=\"font-weight: 400;\"> para asistir en persona<\/span> <span style=\"font-weight: 400;\">al evento.<\/span><\/p>\n<p><span style=\"font-weight: 400;\">Todav\u00eda quedan algunas entradas disponibles, tanto para la <\/span><a href=\"https:\/\/isoj.org\/isoj-virtual-experience-goes-beyond-streaming-to-bring-the-conference-to-you\/\" target=\"_blank\" rel=\"noopener\"><span style=\"font-weight: 400;\">Experiencia Virtual ISOJ<\/span><\/a><span style=\"font-weight: 400;\"> como para asistir <\/span><a href=\"https:\/\/isoj.org\/ticket-information\" target=\"_blank\" rel=\"noopener\"><span style=\"font-weight: 400;\">en persona<\/span><\/a><span style=\"font-weight: 400;\">, pero es posible que pronto se agote el aforo, as\u00ed que aseg\u00farate de <\/span><a href=\"https:\/\/cvent.utexas.edu\/event\/20ec90ec-ed20-4cfb-9640-4b97dc9b0a51\/regProcessStep1\" target=\"_blank\" rel=\"noopener\"><span style=\"font-weight: 400;\">conseguir tus entradas<\/span><\/a><span style=\"font-weight: 400;\"> antes del 4 de abril.<\/span><\/p>\n<p><span style=\"font-weight: 400;\">Si a\u00fan no est\u00e1s seguro de si la asistencia en persona o la Experiencia Virtual del ISOJ es lo que buscas, consulta<\/span> <a href=\"https:\/\/isoj.org\/ticket-information\" target=\"_blank\" rel=\"noopener\"><span style=\"font-weight: 400;\">nuestro art\u00edculo<\/span><\/a><span style=\"font-weight: 400;\">\u00a0en el que explicamos qu\u00e9 incluye cada una.<\/span><\/p>\n<p><span style=\"font-weight: 400;\">Independientemente de que nos acompa\u00f1es en Austin o en l\u00ednea, en la celebraci\u00f3n del 25 aniversario del ISOJ tendr\u00e1s la oportunidad de aprender de m\u00e1s de <\/span><a href=\"https:\/\/isoj.org\/speakers-2024\" target=\"_blank\" rel=\"noopener\"><span style=\"font-weight: 400;\">70 ponentes<\/span><\/a><span style=\"font-weight: 400;\"> de medios de comunicaci\u00f3n como The New York Times, Washington Post, BBC, CNN, CBS, Associated Press, Marshall Project y Texas Tribune, y de organizaciones como el grupo de investigaci\u00f3n con sede en los Pa\u00edses Bajos Bellingcat, Solutions Journalism Network y Global Index on Responsible AI &amp; Global Data Barometer.\u00a0<\/span><\/p>\n<p><span style=\"font-weight: 400;\">Con un impresionante lista de mujeres como <\/span><a href=\"https:\/\/isoj.org\/programa-2024\/\" target=\"_blank\" rel=\"noopener\"><span style=\"font-weight: 400;\">ponentes principales<\/span><\/a><span style=\"font-weight: 400;\">, as\u00ed como 10 paneles que cubren temas que van desde la IA y la cobertura de las elecciones a la inteligencia operativa y c\u00f3mo llegar a la audiencia joven, ISOJ ser\u00e1 una experiencia imperdible para cualquier periodista o estudioso de los medios de comunicaci\u00f3n.\u00a0<\/span><\/p>\n<p><span style=\"font-weight: 400;\">No te pierdas <\/span><a href=\"https:\/\/isoj.org\/registered-attendees-can-now-sign-up-for-isoj-workshops-seats-are-limited\/#talleres\" target=\"_blank\" rel=\"noopener\"><span style=\"font-weight: 400;\">los cinco talleres<\/span><\/a><span style=\"font-weight: 400;\"> y <\/span><a href=\"https:\/\/isoj.org\/registered-attendees-can-now-sign-up-for-isoj-workshops-seats-are-limited\/#talleres\" target=\"_blank\" rel=\"noopener\"><span style=\"font-weight: 400;\">un desayuno<\/span><\/a><span style=\"font-weight: 400;\">\u00a0con una sesi\u00f3n sobre investigaci\u00f3n tradicional, dise\u00f1ados para mejorar su comprensi\u00f3n y perfeccionar sus habilidades en este panorama period\u00edstico en evoluci\u00f3n.<\/span><\/p>\n<p><span style=\"font-weight: 400;\">Si nos acompa\u00f1as en Austin, aseg\u00farate de confirmar tu asistencia <\/span><a href=\"https:\/\/isoj.org\/register-for-pre-isoj-screening-of-breaking-the-news-a-documentary-about-nonprofit-digital-news-startup-the-19th\/#screening\" target=\"_blank\" rel=\"noopener\"><span style=\"font-weight: 400;\">a la proyecci\u00f3n<\/span><\/a><span style=\"font-weight: 400;\"> previa al ISOJ el 11 de abril de Breaking the News, un documental sobre la nueva empresa de noticias digitales sin \u00e1nimo de lucro The 19th*, seguido de una sesi\u00f3n de preguntas y respuestas con Emily Ramshaw, cofundadora y directora ejecutiva de The 19th*, y la moderadora Sonal Shaw, directora ejecutiva de The Texas Tribune.<\/span><\/p>\n<p><span style=\"font-weight: 400;\">Recuerda que la fecha l\u00edmite para<\/span> <a href=\"https:\/\/cvent.utexas.edu\/event\/20ec90ec-ed20-4cfb-9640-4b97dc9b0a51\/regProcessStep1\" target=\"_blank\" rel=\"noopener\"><span style=\"font-weight: 400;\">inscribirte<\/span><\/a><span style=\"font-weight: 400;\"> y asistir en persona al 25 aniversario del ISOJ es el 4 de abril, as\u00ed que aseg\u00farate de <\/span><a href=\"https:\/\/cvent.utexas.edu\/event\/20ec90ec-ed20-4cfb-9640-4b97dc9b0a51\/regProcessStep1\" target=\"_blank\" rel=\"noopener\"><span style=\"font-weight: 400;\">conseguir tus entradas ya<\/span><\/a><span style=\"font-weight: 400;\">.<\/span><\/p>\n","protected":false},"excerpt":{"rendered":"<p>Se acaba el tiempo para inscribirse y asistir en persona al 25\u00ba Simposio Internacional de Periodismo Online, una de las conferencias m\u00e1s importantes del mundo que re\u00fane a ejecutivos de medios de comunicaci\u00f3n, periodistas y acad\u00e9micos para debatir sobre la evoluci\u00f3n del periodismo digital.<\/p>\n","protected":false},"author":68,"featured_media":85741,"comment_status":"closed","ping_status":"closed","sticky":false,"template":"","format":"standard","meta":{"inline_featured_image":false,"footnotes":""},"categories":[1347],"tags":[1499],"coauthors":[2747],"class_list":["post-85747","post","type-post","status-publish","format-standard","has-post-thumbnail","hentry","category-isoj-es","tag-periodismo-digital-es"],"acf":[],"yoast_head":"<!-- This site is optimized with the Yoast SEO Premium plugin v22.6 (Yoast SEO v27.4) - https:\/\/yoast.com\/product\/yoast-seo-premium-wordpress\/ -->\n<title>Faltan tres semanas para el 25\u00ba ISOJ y el plazo de inscripci\u00f3n para asistir en persona cierra pronto - LatAm Journalism Review<\/title>\n<meta name=\"description\" content=\"Faltan tres semanas para el 25\u00ba ISOJ y el plazo de inscripci\u00f3n para asistir en persona cierra pronto ISOJ. Latin American Journalism Review by The Knight Center at The University of Texas at Austin.\" \/>\n<meta name=\"robots\" content=\"index, follow, max-snippet:-1, max-image-preview:large, max-video-preview:-1\" \/>\n<link rel=\"canonical\" href=\"https:\/\/latamjournalismreview.org\/es\/articles\/faltan-tres-semanas-para-el-25o-isoj-y-el-plazo-de-inscripcion-cierra-pronto\/\" \/>\n<meta property=\"og:locale\" content=\"es_ES\" \/>\n<meta property=\"og:type\" content=\"article\" \/>\n<meta property=\"og:title\" content=\"Faltan tres semanas para el 25\u00ba ISOJ y el plazo de inscripci\u00f3n para asistir en persona cierra pronto\" \/>\n<meta property=\"og:description\" content=\"Faltan tres semanas para el 25\u00ba ISOJ y el plazo de inscripci\u00f3n para asistir en persona cierra pronto ISOJ. Latin American Journalism Review by The Knight Center at The University of Texas at Austin.\" \/>\n<meta property=\"og:url\" content=\"https:\/\/latamjournalismreview.org\/es\/articles\/faltan-tres-semanas-para-el-25o-isoj-y-el-plazo-de-inscripcion-cierra-pronto\/\" \/>\n<meta property=\"og:site_name\" content=\"LatAm Journalism Review\" \/>\n<meta property=\"article:published_time\" content=\"2024-03-27T16:24:31+00:00\" \/>\n<meta property=\"article:modified_time\" content=\"2024-03-27T18:15:38+00:00\" \/>\n<meta property=\"og:image\" content=\"https:\/\/latamjournalismreview.org\/wp-content\/uploads\/2024\/03\/Featured-ISOJ-journal.png\" \/>\n\t<meta property=\"og:image:width\" content=\"507\" \/>\n\t<meta property=\"og:image:height\" content=\"340\" \/>\n\t<meta property=\"og:image:type\" content=\"image\/png\" \/>\n<meta name=\"author\" content=\"Hugo Ortiz\" \/>\n<meta name=\"twitter:card\" content=\"summary_large_image\" \/>\n<meta name=\"twitter:creator\" content=\"@LatAmJournalism\" \/>\n<meta name=\"twitter:site\" content=\"@LatAmJournalism\" \/>\n<meta name=\"twitter:label1\" content=\"Written by\" \/>\n\t<meta name=\"twitter:data1\" content=\"Hugo Ortiz\" \/>\n\t<meta name=\"twitter:label2\" content=\"Est. reading time\" \/>\n\t<meta name=\"twitter:data2\" content=\"2 minutos\" \/>\n<script type=\"application\/ld+json\" class=\"yoast-schema-graph\">{\"@context\":\"https:\\\/\\\/schema.org\",\"@graph\":[{\"@type\":\"Article\",\"@id\":\"https:\\\/\\\/latamjournalismreview.org\\\/es\\\/articles\\\/faltan-tres-semanas-para-el-25o-isoj-y-el-plazo-de-inscripcion-cierra-pronto\\\/#article\",\"isPartOf\":{\"@id\":\"https:\\\/\\\/latamjournalismreview.org\\\/es\\\/articles\\\/faltan-tres-semanas-para-el-25o-isoj-y-el-plazo-de-inscripcion-cierra-pronto\\\/\"},\"author\":{\"name\":\"Hugo Ortiz\",\"@id\":\"https:\\\/\\\/latamjournalismreview.org\\\/es\\\/#\\\/schema\\\/person\\\/551451f2dbe5a9511d8124e25ccbcbc2\"},\"headline\":\"Faltan tres semanas para el 25\u00ba ISOJ y el plazo de inscripci\u00f3n para asistir en persona cierra pronto\",\"datePublished\":\"2024-03-27T16:24:31+00:00\",\"dateModified\":\"2024-03-27T18:15:38+00:00\",\"mainEntityOfPage\":{\"@id\":\"https:\\\/\\\/latamjournalismreview.org\\\/es\\\/articles\\\/faltan-tres-semanas-para-el-25o-isoj-y-el-plazo-de-inscripcion-cierra-pronto\\\/\"},\"wordCount\":436,\"publisher\":{\"@id\":\"https:\\\/\\\/latamjournalismreview.org\\\/es\\\/#organization\"},\"image\":{\"@id\":\"https:\\\/\\\/latamjournalismreview.org\\\/es\\\/articles\\\/faltan-tres-semanas-para-el-25o-isoj-y-el-plazo-de-inscripcion-cierra-pronto\\\/#primaryimage\"},\"thumbnailUrl\":\"https:\\\/\\\/latamjournalismreview.org\\\/wp-content\\\/uploads\\\/2024\\\/03\\\/Featured-ISOJ-journal.png\",\"keywords\":[\"Periodismo digital\"],\"articleSection\":[\"ISOJ\"],\"inLanguage\":\"es\"},{\"@type\":\"WebPage\",\"@id\":\"https:\\\/\\\/latamjournalismreview.org\\\/es\\\/articles\\\/faltan-tres-semanas-para-el-25o-isoj-y-el-plazo-de-inscripcion-cierra-pronto\\\/\",\"url\":\"https:\\\/\\\/latamjournalismreview.org\\\/es\\\/articles\\\/faltan-tres-semanas-para-el-25o-isoj-y-el-plazo-de-inscripcion-cierra-pronto\\\/\",\"name\":\"Faltan tres semanas para el 25\u00ba ISOJ y el plazo de inscripci\u00f3n para asistir en persona cierra pronto - LatAm Journalism Review\",\"isPartOf\":{\"@id\":\"https:\\\/\\\/latamjournalismreview.org\\\/es\\\/#website\"},\"primaryImageOfPage\":{\"@id\":\"https:\\\/\\\/latamjournalismreview.org\\\/es\\\/articles\\\/faltan-tres-semanas-para-el-25o-isoj-y-el-plazo-de-inscripcion-cierra-pronto\\\/#primaryimage\"},\"image\":{\"@id\":\"https:\\\/\\\/latamjournalismreview.org\\\/es\\\/articles\\\/faltan-tres-semanas-para-el-25o-isoj-y-el-plazo-de-inscripcion-cierra-pronto\\\/#primaryimage\"},\"thumbnailUrl\":\"https:\\\/\\\/latamjournalismreview.org\\\/wp-content\\\/uploads\\\/2024\\\/03\\\/Featured-ISOJ-journal.png\",\"datePublished\":\"2024-03-27T16:24:31+00:00\",\"dateModified\":\"2024-03-27T18:15:38+00:00\",\"description\":\"Faltan tres semanas para el 25\u00ba ISOJ y el plazo de inscripci\u00f3n para asistir en persona cierra pronto ISOJ. Latin American Journalism Review by The Knight Center at The University of Texas at Austin.\",\"breadcrumb\":{\"@id\":\"https:\\\/\\\/latamjournalismreview.org\\\/es\\\/articles\\\/faltan-tres-semanas-para-el-25o-isoj-y-el-plazo-de-inscripcion-cierra-pronto\\\/#breadcrumb\"},\"inLanguage\":\"es\",\"potentialAction\":[{\"@type\":\"ReadAction\",\"target\":[\"https:\\\/\\\/latamjournalismreview.org\\\/es\\\/articles\\\/faltan-tres-semanas-para-el-25o-isoj-y-el-plazo-de-inscripcion-cierra-pronto\\\/\"]}]},{\"@type\":\"ImageObject\",\"inLanguage\":\"es\",\"@id\":\"https:\\\/\\\/latamjournalismreview.org\\\/es\\\/articles\\\/faltan-tres-semanas-para-el-25o-isoj-y-el-plazo-de-inscripcion-cierra-pronto\\\/#primaryimage\",\"url\":\"https:\\\/\\\/latamjournalismreview.org\\\/wp-content\\\/uploads\\\/2024\\\/03\\\/Featured-ISOJ-journal.png\",\"contentUrl\":\"https:\\\/\\\/latamjournalismreview.org\\\/wp-content\\\/uploads\\\/2024\\\/03\\\/Featured-ISOJ-journal.png\",\"width\":507,\"height\":340,\"caption\":\"notebooks with ISOJ logo on them\"},{\"@type\":\"BreadcrumbList\",\"@id\":\"https:\\\/\\\/latamjournalismreview.org\\\/es\\\/articles\\\/faltan-tres-semanas-para-el-25o-isoj-y-el-plazo-de-inscripcion-cierra-pronto\\\/#breadcrumb\",\"itemListElement\":[{\"@type\":\"ListItem\",\"position\":1,\"name\":\"Home\",\"item\":\"https:\\\/\\\/latamjournalismreview.org\\\/es\\\/\"},{\"@type\":\"ListItem\",\"position\":2,\"name\":\"Faltan tres semanas para el 25\u00ba ISOJ y el plazo de inscripci\u00f3n para asistir en persona cierra pronto\"}]},{\"@type\":\"WebSite\",\"@id\":\"https:\\\/\\\/latamjournalismreview.org\\\/es\\\/#website\",\"url\":\"https:\\\/\\\/latamjournalismreview.org\\\/es\\\/\",\"name\":\"LatAm Journalism Review\",\"description\":\"Knight Center at The University of Texas\",\"publisher\":{\"@id\":\"https:\\\/\\\/latamjournalismreview.org\\\/es\\\/#organization\"},\"potentialAction\":[{\"@type\":\"SearchAction\",\"target\":{\"@type\":\"EntryPoint\",\"urlTemplate\":\"https:\\\/\\\/latamjournalismreview.org\\\/es\\\/?s={search_term_string}\"},\"query-input\":{\"@type\":\"PropertyValueSpecification\",\"valueRequired\":true,\"valueName\":\"search_term_string\"}}],\"inLanguage\":\"es\"},{\"@type\":\"Organization\",\"@id\":\"https:\\\/\\\/latamjournalismreview.org\\\/es\\\/#organization\",\"name\":\"LatAm Journalism Review\",\"url\":\"https:\\\/\\\/latamjournalismreview.org\\\/es\\\/\",\"logo\":{\"@type\":\"ImageObject\",\"inLanguage\":\"es\",\"@id\":\"https:\\\/\\\/latamjournalismreview.org\\\/es\\\/#\\\/schema\\\/logo\\\/image\\\/\",\"url\":\"https:\\\/\\\/latamjournalismreview.org\\\/wp-content\\\/uploads\\\/2020\\\/05\\\/knight-latAm-review-logo.svg\",\"contentUrl\":\"https:\\\/\\\/latamjournalismreview.org\\\/wp-content\\\/uploads\\\/2020\\\/05\\\/knight-latAm-review-logo.svg\",\"width\":\"1024\",\"height\":\"1024\",\"caption\":\"LatAm Journalism Review\"},\"image\":{\"@id\":\"https:\\\/\\\/latamjournalismreview.org\\\/es\\\/#\\\/schema\\\/logo\\\/image\\\/\"},\"sameAs\":[\"https:\\\/\\\/x.com\\\/LatAmJournalism\"]},{\"@type\":\"Person\",\"@id\":\"https:\\\/\\\/latamjournalismreview.org\\\/es\\\/#\\\/schema\\\/person\\\/551451f2dbe5a9511d8124e25ccbcbc2\",\"name\":\"Hugo Ortiz\",\"url\":\"https:\\\/\\\/latamjournalismreview.org\\\/es\\\/articles\\\/author\\\/hugo-ortiz\\\/\"}]}<\/script>\n<!-- \/ Yoast SEO Premium plugin. -->","yoast_head_json":{"title":"Faltan tres semanas para el 25\u00ba ISOJ y el plazo de inscripci\u00f3n para asistir en persona cierra pronto - LatAm Journalism Review","description":"Faltan tres semanas para el 25\u00ba ISOJ y el plazo de inscripci\u00f3n para asistir en persona cierra pronto ISOJ. Latin American Journalism Review by The Knight Center at The University of Texas at Austin.","robots":{"index":"index","follow":"follow","max-snippet":"max-snippet:-1","max-image-preview":"max-image-preview:large","max-video-preview":"max-video-preview:-1"},"canonical":"https:\/\/latamjournalismreview.org\/es\/articles\/faltan-tres-semanas-para-el-25o-isoj-y-el-plazo-de-inscripcion-cierra-pronto\/","og_locale":"es_ES","og_type":"article","og_title":"Faltan tres semanas para el 25\u00ba ISOJ y el plazo de inscripci\u00f3n para asistir en persona cierra pronto","og_description":"Faltan tres semanas para el 25\u00ba ISOJ y el plazo de inscripci\u00f3n para asistir en persona cierra pronto ISOJ. Latin American Journalism Review by The Knight Center at The University of Texas at Austin.","og_url":"https:\/\/latamjournalismreview.org\/es\/articles\/faltan-tres-semanas-para-el-25o-isoj-y-el-plazo-de-inscripcion-cierra-pronto\/","og_site_name":"LatAm Journalism Review","article_published_time":"2024-03-27T16:24:31+00:00","article_modified_time":"2024-03-27T18:15:38+00:00","og_image":[{"width":507,"height":340,"url":"https:\/\/latamjournalismreview.org\/wp-content\/uploads\/2024\/03\/Featured-ISOJ-journal.png","type":"image\/png"}],"author":"Hugo Ortiz","twitter_card":"summary_large_image","twitter_creator":"@LatAmJournalism","twitter_site":"@LatAmJournalism","twitter_misc":{"Written by":"Hugo Ortiz","Est. reading time":"2 minutos"},"schema":{"@context":"https:\/\/schema.org","@graph":[{"@type":"Article","@id":"https:\/\/latamjournalismreview.org\/es\/articles\/faltan-tres-semanas-para-el-25o-isoj-y-el-plazo-de-inscripcion-cierra-pronto\/#article","isPartOf":{"@id":"https:\/\/latamjournalismreview.org\/es\/articles\/faltan-tres-semanas-para-el-25o-isoj-y-el-plazo-de-inscripcion-cierra-pronto\/"},"author":{"name":"Hugo Ortiz","@id":"https:\/\/latamjournalismreview.org\/es\/#\/schema\/person\/551451f2dbe5a9511d8124e25ccbcbc2"},"headline":"Faltan tres semanas para el 25\u00ba ISOJ y el plazo de inscripci\u00f3n para asistir en persona cierra pronto","datePublished":"2024-03-27T16:24:31+00:00","dateModified":"2024-03-27T18:15:38+00:00","mainEntityOfPage":{"@id":"https:\/\/latamjournalismreview.org\/es\/articles\/faltan-tres-semanas-para-el-25o-isoj-y-el-plazo-de-inscripcion-cierra-pronto\/"},"wordCount":436,"publisher":{"@id":"https:\/\/latamjournalismreview.org\/es\/#organization"},"image":{"@id":"https:\/\/latamjournalismreview.org\/es\/articles\/faltan-tres-semanas-para-el-25o-isoj-y-el-plazo-de-inscripcion-cierra-pronto\/#primaryimage"},"thumbnailUrl":"https:\/\/latamjournalismreview.org\/wp-content\/uploads\/2024\/03\/Featured-ISOJ-journal.png","keywords":["Periodismo digital"],"articleSection":["ISOJ"],"inLanguage":"es"},{"@type":"WebPage","@id":"https:\/\/latamjournalismreview.org\/es\/articles\/faltan-tres-semanas-para-el-25o-isoj-y-el-plazo-de-inscripcion-cierra-pronto\/","url":"https:\/\/latamjournalismreview.org\/es\/articles\/faltan-tres-semanas-para-el-25o-isoj-y-el-plazo-de-inscripcion-cierra-pronto\/","name":"Faltan tres semanas para el 25\u00ba ISOJ y el plazo de inscripci\u00f3n para asistir en persona cierra pronto - LatAm Journalism Review","isPartOf":{"@id":"https:\/\/latamjournalismreview.org\/es\/#website"},"primaryImageOfPage":{"@id":"https:\/\/latamjournalismreview.org\/es\/articles\/faltan-tres-semanas-para-el-25o-isoj-y-el-plazo-de-inscripcion-cierra-pronto\/#primaryimage"},"image":{"@id":"https:\/\/latamjournalismreview.org\/es\/articles\/faltan-tres-semanas-para-el-25o-isoj-y-el-plazo-de-inscripcion-cierra-pronto\/#primaryimage"},"thumbnailUrl":"https:\/\/latamjournalismreview.org\/wp-content\/uploads\/2024\/03\/Featured-ISOJ-journal.png","datePublished":"2024-03-27T16:24:31+00:00","dateModified":"2024-03-27T18:15:38+00:00","description":"Faltan tres semanas para el 25\u00ba ISOJ y el plazo de inscripci\u00f3n para asistir en persona cierra pronto ISOJ. Latin American Journalism Review by The Knight Center at The University of Texas at Austin.","breadcrumb":{"@id":"https:\/\/latamjournalismreview.org\/es\/articles\/faltan-tres-semanas-para-el-25o-isoj-y-el-plazo-de-inscripcion-cierra-pronto\/#breadcrumb"},"inLanguage":"es","potentialAction":[{"@type":"ReadAction","target":["https:\/\/latamjournalismreview.org\/es\/articles\/faltan-tres-semanas-para-el-25o-isoj-y-el-plazo-de-inscripcion-cierra-pronto\/"]}]},{"@type":"ImageObject","inLanguage":"es","@id":"https:\/\/latamjournalismreview.org\/es\/articles\/faltan-tres-semanas-para-el-25o-isoj-y-el-plazo-de-inscripcion-cierra-pronto\/#primaryimage","url":"https:\/\/latamjournalismreview.org\/wp-content\/uploads\/2024\/03\/Featured-ISOJ-journal.png","contentUrl":"https:\/\/latamjournalismreview.org\/wp-content\/uploads\/2024\/03\/Featured-ISOJ-journal.png","width":507,"height":340,"caption":"notebooks with ISOJ logo on them"},{"@type":"BreadcrumbList","@id":"https:\/\/latamjournalismreview.org\/es\/articles\/faltan-tres-semanas-para-el-25o-isoj-y-el-plazo-de-inscripcion-cierra-pronto\/#breadcrumb","itemListElement":[{"@type":"ListItem","position":1,"name":"Home","item":"https:\/\/latamjournalismreview.org\/es\/"},{"@type":"ListItem","position":2,"name":"Faltan tres semanas para el 25\u00ba ISOJ y el plazo de inscripci\u00f3n para asistir en persona cierra pronto"}]},{"@type":"WebSite","@id":"https:\/\/latamjournalismreview.org\/es\/#website","url":"https:\/\/latamjournalismreview.org\/es\/","name":"LatAm Journalism Review","description":"Knight Center at The University of Texas","publisher":{"@id":"https:\/\/latamjournalismreview.org\/es\/#organization"},"potentialAction":[{"@type":"SearchAction","target":{"@type":"EntryPoint","urlTemplate":"https:\/\/latamjournalismreview.org\/es\/?s={search_term_string}"},"query-input":{"@type":"PropertyValueSpecification","valueRequired":true,"valueName":"search_term_string"}}],"inLanguage":"es"},{"@type":"Organization","@id":"https:\/\/latamjournalismreview.org\/es\/#organization","name":"LatAm Journalism Review","url":"https:\/\/latamjournalismreview.org\/es\/","logo":{"@type":"ImageObject","inLanguage":"es","@id":"https:\/\/latamjournalismreview.org\/es\/#\/schema\/logo\/image\/","url":"https:\/\/latamjournalismreview.org\/wp-content\/uploads\/2020\/05\/knight-latAm-review-logo.svg","contentUrl":"https:\/\/latamjournalismreview.org\/wp-content\/uploads\/2020\/05\/knight-latAm-review-logo.svg","width":"1024","height":"1024","caption":"LatAm Journalism Review"},"image":{"@id":"https:\/\/latamjournalismreview.org\/es\/#\/schema\/logo\/image\/"},"sameAs":["https:\/\/x.com\/LatAmJournalism"]},{"@type":"Person","@id":"https:\/\/latamjournalismreview.org\/es\/#\/schema\/person\/551451f2dbe5a9511d8124e25ccbcbc2","name":"Hugo Ortiz","url":"https:\/\/latamjournalismreview.org\/es\/articles\/author\/hugo-ortiz\/"}]}},"_links":{"self":[{"href":"https:\/\/latamjournalismreview.org\/es\/wp-json\/wp\/v2\/posts\/85747","targetHints":{"allow":["GET"]}}],"collection":[{"href":"https:\/\/latamjournalismreview.org\/es\/wp-json\/wp\/v2\/posts"}],"about":[{"href":"https:\/\/latamjournalismreview.org\/es\/wp-json\/wp\/v2\/types\/post"}],"author":[{"embeddable":true,"href":"https:\/\/latamjournalismreview.org\/es\/wp-json\/wp\/v2\/users\/68"}],"replies":[{"embeddable":true,"href":"https:\/\/latamjournalismreview.org\/es\/wp-json\/wp\/v2\/comments?post=85747"}],"version-history":[{"count":5,"href":"https:\/\/latamjournalismreview.org\/es\/wp-json\/wp\/v2\/posts\/85747\/revisions"}],"predecessor-version":[{"id":85766,"href":"https:\/\/latamjournalismreview.org\/es\/wp-json\/wp\/v2\/posts\/85747\/revisions\/85766"}],"wp:featuredmedia":[{"embeddable":true,"href":"https:\/\/latamjournalismreview.org\/es\/wp-json\/wp\/v2\/media\/85741"}],"wp:attachment":[{"href":"https:\/\/latamjournalismreview.org\/es\/wp-json\/wp\/v2\/media?parent=85747"}],"wp:term":[{"taxonomy":"category","embeddable":true,"href":"https:\/\/latamjournalismreview.org\/es\/wp-json\/wp\/v2\/categories?post=85747"},{"taxonomy":"post_tag","embeddable":true,"href":"https:\/\/latamjournalismreview.org\/es\/wp-json\/wp\/v2\/tags?post=85747"},{"taxonomy":"author","embeddable":true,"href":"https:\/\/latamjournalismreview.org\/es\/wp-json\/wp\/v2\/coauthors?post=85747"}],"curies":[{"name":"wp","href":"https:\/\/api.w.org\/{rel}","templated":true}]}}