{"id":86742,"date":"2024-04-24T04:28:14","date_gmt":"2024-04-24T09:28:14","guid":{"rendered":"https:\/\/latamjournalismreview.org\/?p=86742"},"modified":"2024-04-24T11:40:30","modified_gmt":"2024-04-24T16:40:30","slug":"exilio-prision-y-muerte-las-dificultades-de-periodistas-en-nicaragua-son-tema-de-panel-en-el-coloquio-iberoamericano","status":"publish","type":"post","link":"https:\/\/latamjournalismreview.org\/es\/articles\/exilio-prision-y-muerte-las-dificultades-de-periodistas-en-nicaragua-son-tema-de-panel-en-el-coloquio-iberoamericano\/","title":{"rendered":"Exilio, prisi\u00f3n y muerte: las dificultades de periodistas en Nicaragua son tema de panel en el Coloquio Iberoamericano"},"content":{"rendered":"<p><span style=\"font-weight: 400;\">Exilio, riesgo de prisi\u00f3n, amenazas a familiares, violaciones de derechos humanos, problemas financieros: la situaci\u00f3n que viven los periodistas nicarag\u00fcenses es una de las peores de la regi\u00f3n y estuvo en el centro del debate, junto a ejemplos de resistencia y perseverancia ante de la adversidad, en el panel \u201cPeriodismo en Nicaragua\u201d, durante el 17\u00ba Coloquio Iberoamericano de Periodismo Digital que tuvo lugar el 14 de abril de 2014 en la Universidad de Texas en Austin.<\/span><\/p>\n<p><span style=\"font-weight: 400;\">El panel, moderado por la directora asociada del Centro Knight, Summer Harlow, incluy\u00f3 a una editora del peri\u00f3dico m\u00e1s tradicional de Nicaragua, <\/span><a href=\"https:\/\/www.laprensani.com\/\" target=\"_blank\" rel=\"noopener\"><span style=\"font-weight: 400;\">La Prensa<\/span><\/a><span style=\"font-weight: 400;\">, que acaba de cumplir 98 a\u00f1os, y tres cofundadores de <\/span><a href=\"https:\/\/nicaraguaactual.tv\/\" target=\"_blank\" rel=\"noopener\"><span style=\"font-weight: 400;\">Nicaragua Actual<\/span><\/a><span style=\"font-weight: 400;\">, un sitio con un poco m\u00e1s de cinco a\u00f1os de existencia. Los cuatro se encuentran en el exilio, al igual que m\u00e1s de 240 periodistas nicarag\u00fcenses, seg\u00fan <\/span><a href=\"https:\/\/pcinnicaragua.org\/2024\/01\/09\/informe-libertad-expresion-2023\/\" target=\"_blank\" rel=\"noopener\"><span style=\"font-weight: 400;\">un informe<\/span><\/a><span style=\"font-weight: 400;\"> de Periodistas y Comunicadores Independientes de Nicaragua.<\/span><\/p>\n<div id=\"attachment_86737\" style=\"width: 517px\" class=\"wp-caption aligncenter\"><img loading=\"lazy\" decoding=\"async\" aria-describedby=\"caption-attachment-86737\" class=\"wp-image-86737 size-home-featured\" src=\"https:\/\/latamjournalismreview.org\/wp-content\/uploads\/2024\/04\/nicaragua-panel-507x340.jpg\" alt=\" Five people seated in front of an audience in an auditorium, speaking on a panel. A big screen behind them shows images of Nicaragua\" width=\"507\" height=\"340\" srcset=\"https:\/\/latamjournalismreview.org\/wp-content\/uploads\/2024\/04\/nicaragua-panel-507x340.jpg 507w, https:\/\/latamjournalismreview.org\/wp-content\/uploads\/2024\/04\/nicaragua-panel-300x200.jpg 300w, https:\/\/latamjournalismreview.org\/wp-content\/uploads\/2024\/04\/nicaragua-panel-350x234.jpg 350w\" sizes=\"auto, (max-width: 507px) 100vw, 507px\" \/><p id=\"caption-attachment-86737\" class=\"wp-caption-text\">Periodistas nicarag\u00fcenses H\u00e9ctor Rosales, Yelsin Espinoza, Ulises Mendieta y Arlen P\u00e9rez (de izquierda a derecha) hablando en el 17\u00ba Coloquio Iberoamericano de Periodismo Digital; en la derecha, se ve a la directora asociada del Centro Knight, Summer Harlow (Foto: Patricia Lim\/Centro Knight)<\/p><\/div>\n<p>&nbsp;<\/p>\n<p>&nbsp;<\/p>\n<p><span style=\"font-weight: 400;\">La primera en intervenir en el panel del Coloquio fue la periodista representante de La Prensa, Arlen P\u00e9rez. Abord\u00f3 las dificultades de la vida en otro pa\u00eds, el miedo por los familiares que permanecen en Nicaragua, la posibilidad de que el autoritarismo llegue a otros pa\u00edses latinoamericanos y el futuro incierto del periodismo nicarag\u00fcense.<\/span><\/p>\n<p><span style=\"font-weight: 400;\">P\u00e9rez coment\u00f3 <\/span><a href=\"https:\/\/latamjournalismreview.org\/es\/news\/diario-la-prensa-conmemora-98-anos-con-edicion-especial-publicada-en-territorio-nicaraguense\/\" target=\"_blank\" rel=\"noopener\"><span style=\"font-weight: 400;\">la reciente edici\u00f3n conmemorativa de La Prensa<\/span><\/a><span style=\"font-weight: 400;\">, publicada en marzo para celebrar el aniversario del diario desde territorio nicarag\u00fcense, en el r\u00edo San Juan, fronterizo con Costa Rica.<\/span><\/p>\n<p><span style=\"font-weight: 400;\">\u201cPara nosotros fue un reto el reportar desde el r\u00edo San Juan, que es territorio nicarag\u00fcense. Pero tambi\u00e9n fue decir \u2018no importa, nos han golpeado y aqu\u00ed seguimos\u2019. Y los golpes son muchos\u201d, dijo.<\/span><\/p>\n<p><span style=\"font-weight: 400;\">En 2023, seg\u00fan P\u00e9rez, hubo 83 agresiones contra periodistas nicarag\u00fcenses, entre acoso, vigilancia oficial y agresiones verbales, y en enero y febrero de este a\u00f1o ya eran 14.<\/span><\/p>\n<p><span style=\"font-weight: 400;\">Advirti\u00f3 a la gente de otros pa\u00edses que tuvieran cuidado con las tendencias autoritarias en sus propios territorios:<\/span><\/p>\n<p><span style=\"font-weight: 400;\">\u201cPor ejemplo, cuando en Costa Rica dicen, \u2018ay, nosotros estamos lejos de eso\u2019. S\u00ed, pero <\/span><a href=\"https:\/\/latamjournalismreview.org\/es\/articles\/prensa-canalla-el-presidente-de-costa-rica-emplea-una-retorica-populista-y-utiliza-las-instituciones-contra-el-periodismo\/\" target=\"_blank\" rel=\"noopener\"><span style=\"font-weight: 400;\">ya le est\u00e1n llamando prensa canalla<\/span><\/a><span style=\"font-weight: 400;\">, ya est\u00e1n teniendo un discurso en contra de la libertad de expresi\u00f3n\u201d, afirm\u00f3.<\/span><\/p>\n<p><span style=\"font-weight: 400;\">Las dificultades de la vida en el exilio, afirm\u00f3, van desde problemas financieros hasta cuestiones relacionadas con el derecho a quedarse en el lugar:<\/span><\/p>\n<p><span style=\"font-weight: 400;\">\u201cCosta Rica es uno de los pa\u00edses m\u00e1s caros y Nicaragua, por supuesto, es un pa\u00eds m\u00e1s econ\u00f3mico. Tambi\u00e9n es dif\u00edcil el tema de tener a tu familia en otro pa\u00eds, el cuidar a tu familia. Entonces, eso para nosotros ha sido muy dif\u00edcil. La legislaci\u00f3n costarricense ha cambiado. Yo me exili\u00e9 en 2022 y ha habido demasiados cambios sobre las solicitudes de refugio, de c\u00f3mo lo puedes pedir, el tema de c\u00f3mo puedes viajar, o no puedes viajar\u201d, explic\u00f3.<\/span><\/p>\n<p><span style=\"font-weight: 400;\">P\u00e9rez afirm\u00f3 que, incluso en el exilio, los periodistas contin\u00faan autocensur\u00e1ndose, por temor a represalias del r\u00e9gimen de Daniel Ortega y su vicepresidenta y esposa, Rosario Murillo.<\/span><\/p>\n<p><span style=\"font-weight: 400;\">\u201cYa nadie quiere hablar porque es que \u2018mi mam\u00e1 est\u00e1 all\u00e1, mis hermanos est\u00e1n all\u00e1'\u201d, dijo.<\/span><\/p>\n<p><span style=\"font-weight: 400;\">Concluy\u00f3 elogiando a sus colegas panelistas y observando las dificultades del relevo generacional en el periodismo nicarag\u00fcense:<\/span><\/p>\n<p><span style=\"font-weight: 400;\">\u201cA m\u00ed me encanta estar con esta juventud porque los muchachos son una muestra de que se puede hacer periodismo desde el exilio. Ellos nacieron desde el exilio\u201d, dijo. \u201cPero s\u00ed nos preocupa el relevo generacional. No hay un relevo de periodistas, no tenemos nuevos periodistas\u201d.<\/span><\/p>\n<h3>Clamor de libertad<\/h3>\n<p><span style=\"font-weight: 400;\">De los tres cofundadores de Nicaragua Actual, H\u00e9ctor Rosales fue el primero en hablar. Mencion\u00f3 c\u00f3mo el equipo del sitio web, lanzado el primer d\u00eda de marzo de 2019, tuvo que empezar a producirlo desde el exilio apenas tres meses despu\u00e9s de su lanzamiento.<\/span><\/p>\n<p><span style=\"font-weight: 400;\">Rosales dijo que recientemente se mud\u00f3 a Estados Unidos y dijo estar comprometido a seguir informando sobre Nicaragua, a pesar de ser una misi\u00f3n dif\u00edcil:<\/span><\/p>\n<p><span style=\"font-weight: 400;\">\u201cTengo apenas cuatro meses viviendo ahora en Estados Unidos bajo un programa de reasentamiento que es parecido a un asilo pol\u00edtico, y aqu\u00ed estoy resistiendo. No quiero dejar el periodismo, pero aqu\u00ed la vida tambi\u00e9n cuesta, es cara aqu\u00ed en Estados Unidos\u201d, afirm\u00f3. \u201cPero tengo un compromiso. Hay un compromiso por parte de nosotros de no abandonar esta lucha, y nuestro sue\u00f1o es regresar nuevamente a Nicaragua a ejercer nuestras libertades\u201d.<\/span><\/p>\n<p><span style=\"font-weight: 400;\">Tal como lo har\u00edan sus dos socios de Nicaragua Actual, el periodista cit\u00f3 el caso de su colega <\/span><a href=\"https:\/\/latamjournalismreview.org\/es\/news\/periodista-nicaraguense-cumple-un-ano-en-prision\/\" target=\"_blank\" rel=\"noopener\"><span style=\"font-weight: 400;\">V\u00edctor Ticay, quien cumpli\u00f3 un a\u00f1o de prisi\u00f3n el pasado 6 de abril<\/span><\/a><span style=\"font-weight: 400;\">.<\/span><\/p>\n<p><span style=\"font-weight: 400;\">\u201cActualmente tenemos a un periodista preso hace un a\u00f1o por el simple hecho de darle una cobertura a una actividad religiosa en Nicaragua, las procesiones. Es precisamente V\u00edctor Ticay\u201d, dijo. \u201cQueremos pedirles una ayuda a todos ustedes que centren tambi\u00e9n su mirada, sus medios de comunicaci\u00f3n, en la situaci\u00f3n del periodismo de Nicaragua, pero tambi\u00e9n que pensemos en V\u00edctor Ticay y en su familia, un a\u00f1o preso simplemente por darle cobertura a una actividad religiosa en nuestro pa\u00eds. Y ac\u00e1 nosotros decimos, \u00a1libertad para V\u00edctor Ticay!\u201d.<\/span><\/p>\n<p><span style=\"font-weight: 400;\">El siguiente orador, Yelsin Espinoza, comenz\u00f3 precisamente describiendo las condiciones de prisi\u00f3n de Ticay:<\/span><\/p>\n<p><span style=\"font-weight: 400;\">\u201cLa situaci\u00f3n de V\u00edctor Ticay es una situaci\u00f3n inhumana, insalubre. A V\u00edctor Ticay se le da alimentaci\u00f3n con desperdicios, con partes de cucarachas. A V\u00edctor Ticay lo mantienen en una celda que no tiene salubridad, que no tiene las condiciones para que un ser humano est\u00e9 encerrado un solo minuto en esa celda. \u00c9l no tiene por qu\u00e9 estar encerrado porque \u00e9l simplemente ejerce o ejerc\u00eda su trabajo, su profesi\u00f3n, y es por ello que el r\u00e9gimen lo apres\u00f3\u201d, relat\u00f3.<\/span><\/p>\n<p><span style=\"font-weight: 400;\">Espinoza agreg\u00f3 que las condiciones de reclusi\u00f3n en el penal llamado La Modelo de Managua hicieron que Ticay desarrollara enfermedades.<\/span><\/p>\n<p><span style=\"font-weight: 400;\">\u201cEntre estas enfermedades est\u00e1n enfermedades estomacales, producto del avanzado nivel de bicarbonato que tiene la alimentaci\u00f3n que recibe V\u00edctor. Su familia est\u00e1 desesperada porque, cuando logran visitarlo, lo ven cada vez m\u00e1s demacrado, m\u00e1s golpeado. Le est\u00e1n tratando de arrancar su humanidad\u201d, cont\u00f3. \u201cLa salud de V\u00edctor Ticay, su estado moral, f\u00edsico, se va degradando y nosotros no podemos permitir que esto siga pasando. Pero estamos atados de manos y esa es la realidad en nuestro pa\u00eds\u201d.<\/span><span style=\"font-weight: 400;\">Adem\u00e1s de Ticay, Espinoza habl\u00f3 sobre el caso de <\/span><a href=\"https:\/\/latamjournalismreview.org\/es\/articles\/periodista-nicaraguense-asesinado-mientras-transmitia-en-vivo-por-facebook-las-protestas-contra-la-reforma-al-sistema-pensional\/\" target=\"_blank\" rel=\"noopener\"><span style=\"font-weight: 400;\">\u00c1ngel Gahona, asesinado en 2018 mientras cubr\u00eda protestas antigubernamentales<\/span><\/a><span style=\"font-weight: 400;\"> en la costa Caribe nicarag\u00fcense.<\/span><\/p>\n<p><span style=\"font-weight: 400;\">\u201cFue asesinado de un disparo en la cabeza, se\u00f1ores. Seis a\u00f1os y hasta hoy la justicia y la verdad en el caso de \u00c1ngel Gahona no existen. Y cada vez que tenemos la oportunidad de ocupar un espacio como estos que ustedes nos puedan escuchar, quienes nos ven por televisi\u00f3n, por internet, nos pueden escuchar, nosotros alzamos la voz y visibilizamos el caso de Gahona. Su familia tuvo que callar la demanda de justicia porque es fuertemente amenazada por el r\u00e9gimen Ortega-Murillo. Su pap\u00e1, lamentablemente, falleci\u00f3 hace ya algunos meses y no logr\u00f3 ver la justicia para su hijo. Esto tambi\u00e9n nos llega y nos toca el alma\u201d, dijo Espinoza.<\/span><\/p>\n<p><span style=\"font-weight: 400;\">El \u00faltimo representante de Nicaragua Actual fue Ulises Mendieta, quien abord\u00f3 la situaci\u00f3n de los periodistas que a\u00fan se encuentran en el pa\u00eds, las dificultades financieras y los aprendizajes en estos casi cinco a\u00f1os de exilio.<\/span><\/p>\n<p><span style=\"font-weight: 400;\">Los profesionales que se quedan en el pa\u00eds ya no pueden escribir sobre los hechos m\u00e1s importantes y se ven obligados a limitarse a trivialidades, afirm\u00f3 Mendieta.<\/span><\/p>\n<p><span style=\"font-weight: 400;\">\u201cAlgo que realizaba V\u00edctor Ticay en Nicaragua ha sido muy limitado, que es reportear en la calle. En Nicaragua, el actual periodismo se ha limitado a documentar asuntos religiosos, deportes y sucesos. Porque hablar de pol\u00edtica es la c\u00e1rcel asegurada\u201d, afirm\u00f3. \u201cEn Nicaragua ya no existen peri\u00f3dicos, no existen medios independientes\u201d.<\/span><\/p>\n<p><span style=\"font-weight: 400;\">El periodista habl\u00f3 de las dif\u00edciles condiciones de quienes perseveran en intentar ser independientes desde el exilio:<\/span><\/p>\n<p><span style=\"font-weight: 400;\">\u201cNosotros pasamos dos a\u00f1os sin salario. Lo \u00fanico que recib\u00edamos era por donaciones de la gente. Era para el internet, y nosotros est\u00e1bamos empezando con una computadora donada, el internet donado, con un tel\u00e9fono celular, un iPhone 6, que lo tenemos como para tenerlo en un museo\u201d, dijo. \u201cNosotros \u00e9ramos periodistas, no sab\u00edamos nada de monetizaci\u00f3n web, administraci\u00f3n, gesti\u00f3n de proyectos, contabilidad\u201d.<\/span><\/p>\n<p><span style=\"font-weight: 400;\">Sin embargo, dijo Mendieta, los periodistas lograron superar este desaf\u00edo: \u201cAhora nosotros tenemos que hacer de todo. En parte es bueno porque ahora nosotros sabemos hacer de todo, tenemos nuestro propio medio\u201d.<\/span><\/p>\n<p><span style=\"font-weight: 400;\">El periodista concluy\u00f3 con una reflexi\u00f3n sobre las condiciones actuales del pa\u00eds:<\/span><\/p>\n<p><span style=\"font-weight: 400;\">\u201cLa gente est\u00e1 normalizando la falta del periodismo independiente en Nicaragua. Existe s\u00f3lo un medio independiente, pero est\u00e1 limitado a entretenimiento\u201d, asegur\u00f3. \u201cLas familias nicarag\u00fcenses disfrutan de las piscinas. No hay nada, noticias de opini\u00f3n, de pol\u00edtica. Y la gente est\u00e1 normalizada a eso, tristemente. Pero tenemos que seguir, tenemos que seguir de frente, a pesar de todas las dificultades\u201d.<\/span><\/p>\n","protected":false},"excerpt":{"rendered":"<p>La situaci\u00f3n que viven los periodistas nicarag\u00fcenses es una de las peores de la regi\u00f3n, y estuvo en el centro del debate, junto a ejemplos de resistencia y perseverancia ante la adversidad, en el panel \u201cPeriodismo en Nicaragua\u201d, durante el 17\u00ba Coloquio Iberoamericano de Periodismo Digital.<\/p>\n","protected":false},"author":63,"featured_media":86737,"comment_status":"closed","ping_status":"closed","sticky":false,"template":"","format":"standard","meta":{"inline_featured_image":false,"footnotes":""},"categories":[2400],"tags":[1449,2214,1497],"coauthors":[2740],"class_list":["post-86742","post","type-post","status-publish","format-standard","has-post-thumbnail","hentry","category-coloquio-es","tag-exilio-es","tag-libertad-de-prensa","tag-nicaragua-es"],"acf":[],"yoast_head":"<!-- This site is optimized with the Yoast SEO Premium plugin v22.6 (Yoast SEO v27.4) - https:\/\/yoast.com\/product\/yoast-seo-premium-wordpress\/ -->\n<title>Exilio, prisi\u00f3n y muerte: las dificultades de periodistas en Nicaragua son tema de panel en el Coloquio Iberoamericano - LatAm Journalism Review<\/title>\n<meta name=\"description\" content=\"La situaci\u00f3n que viven los periodistas nicarag\u00fcenses es una de las peores de la regi\u00f3n, y fue el tema del panel \u201cPeriodismo en Nicaragua&quot;\" \/>\n<meta name=\"robots\" content=\"index, follow, max-snippet:-1, max-image-preview:large, max-video-preview:-1\" \/>\n<link rel=\"canonical\" href=\"https:\/\/latamjournalismreview.org\/es\/articles\/exilio-prision-y-muerte-las-dificultades-de-periodistas-en-nicaragua-son-tema-de-panel-en-el-coloquio-iberoamericano\/\" \/>\n<meta property=\"og:locale\" content=\"es_ES\" \/>\n<meta property=\"og:type\" content=\"article\" \/>\n<meta property=\"og:title\" content=\"Exilio, prisi\u00f3n y muerte: las dificultades de periodistas en Nicaragua son tema de panel en el Coloquio Iberoamericano\" \/>\n<meta property=\"og:description\" content=\"La situaci\u00f3n que viven los periodistas nicarag\u00fcenses es una de las peores de la regi\u00f3n, y fue el tema del panel \u201cPeriodismo en Nicaragua&quot;\" \/>\n<meta property=\"og:url\" content=\"https:\/\/latamjournalismreview.org\/es\/articles\/exilio-prision-y-muerte-las-dificultades-de-periodistas-en-nicaragua-son-tema-de-panel-en-el-coloquio-iberoamericano\/\" \/>\n<meta property=\"og:site_name\" content=\"LatAm Journalism Review\" \/>\n<meta property=\"article:published_time\" content=\"2024-04-24T09:28:14+00:00\" \/>\n<meta property=\"article:modified_time\" content=\"2024-04-24T16:40:30+00:00\" \/>\n<meta property=\"og:image\" content=\"https:\/\/latamjournalismreview.org\/wp-content\/uploads\/2024\/04\/nicaragua-panel.jpg\" \/>\n\t<meta property=\"og:image:width\" content=\"799\" \/>\n\t<meta property=\"og:image:height\" content=\"533\" \/>\n\t<meta property=\"og:image:type\" content=\"image\/jpeg\" \/>\n<meta name=\"author\" content=\"Andr\u00e9 Duchiade\" \/>\n<meta name=\"twitter:card\" content=\"summary_large_image\" \/>\n<meta name=\"twitter:creator\" content=\"@duchiadeandre\" \/>\n<meta name=\"twitter:site\" content=\"@LatAmJournalism\" \/>\n<meta name=\"twitter:label1\" content=\"Written by\" \/>\n\t<meta name=\"twitter:data1\" content=\"Andr\u00e9 Duchiade\" \/>\n\t<meta name=\"twitter:label2\" content=\"Est. reading time\" \/>\n\t<meta name=\"twitter:data2\" content=\"8 minutos\" \/>\n<script type=\"application\/ld+json\" class=\"yoast-schema-graph\">{\"@context\":\"https:\\\/\\\/schema.org\",\"@graph\":[{\"@type\":\"Article\",\"@id\":\"https:\\\/\\\/latamjournalismreview.org\\\/es\\\/articles\\\/exilio-prision-y-muerte-las-dificultades-de-periodistas-en-nicaragua-son-tema-de-panel-en-el-coloquio-iberoamericano\\\/#article\",\"isPartOf\":{\"@id\":\"https:\\\/\\\/latamjournalismreview.org\\\/es\\\/articles\\\/exilio-prision-y-muerte-las-dificultades-de-periodistas-en-nicaragua-son-tema-de-panel-en-el-coloquio-iberoamericano\\\/\"},\"author\":{\"name\":\"Andr\u00e9 Duchiade\",\"@id\":\"https:\\\/\\\/latamjournalismreview.org\\\/es\\\/#\\\/schema\\\/person\\\/4a1fa2e1f971d8470c7b9fc6fe72468b\"},\"headline\":\"Exilio, prisi\u00f3n y muerte: las dificultades de periodistas en Nicaragua son tema de panel en el Coloquio Iberoamericano\",\"datePublished\":\"2024-04-24T09:28:14+00:00\",\"dateModified\":\"2024-04-24T16:40:30+00:00\",\"mainEntityOfPage\":{\"@id\":\"https:\\\/\\\/latamjournalismreview.org\\\/es\\\/articles\\\/exilio-prision-y-muerte-las-dificultades-de-periodistas-en-nicaragua-son-tema-de-panel-en-el-coloquio-iberoamericano\\\/\"},\"wordCount\":1623,\"publisher\":{\"@id\":\"https:\\\/\\\/latamjournalismreview.org\\\/es\\\/#organization\"},\"image\":{\"@id\":\"https:\\\/\\\/latamjournalismreview.org\\\/es\\\/articles\\\/exilio-prision-y-muerte-las-dificultades-de-periodistas-en-nicaragua-son-tema-de-panel-en-el-coloquio-iberoamericano\\\/#primaryimage\"},\"thumbnailUrl\":\"https:\\\/\\\/latamjournalismreview.org\\\/wp-content\\\/uploads\\\/2024\\\/04\\\/nicaragua-panel.jpg\",\"keywords\":[\"Exilio\",\"Libertad de prensa\",\"Nicaragua\"],\"articleSection\":[\"Coloquio Iberoamericano\"],\"inLanguage\":\"es\"},{\"@type\":\"WebPage\",\"@id\":\"https:\\\/\\\/latamjournalismreview.org\\\/es\\\/articles\\\/exilio-prision-y-muerte-las-dificultades-de-periodistas-en-nicaragua-son-tema-de-panel-en-el-coloquio-iberoamericano\\\/\",\"url\":\"https:\\\/\\\/latamjournalismreview.org\\\/es\\\/articles\\\/exilio-prision-y-muerte-las-dificultades-de-periodistas-en-nicaragua-son-tema-de-panel-en-el-coloquio-iberoamericano\\\/\",\"name\":\"Exilio, prisi\u00f3n y muerte: las dificultades de periodistas en Nicaragua son tema de panel en el Coloquio Iberoamericano - LatAm Journalism Review\",\"isPartOf\":{\"@id\":\"https:\\\/\\\/latamjournalismreview.org\\\/es\\\/#website\"},\"primaryImageOfPage\":{\"@id\":\"https:\\\/\\\/latamjournalismreview.org\\\/es\\\/articles\\\/exilio-prision-y-muerte-las-dificultades-de-periodistas-en-nicaragua-son-tema-de-panel-en-el-coloquio-iberoamericano\\\/#primaryimage\"},\"image\":{\"@id\":\"https:\\\/\\\/latamjournalismreview.org\\\/es\\\/articles\\\/exilio-prision-y-muerte-las-dificultades-de-periodistas-en-nicaragua-son-tema-de-panel-en-el-coloquio-iberoamericano\\\/#primaryimage\"},\"thumbnailUrl\":\"https:\\\/\\\/latamjournalismreview.org\\\/wp-content\\\/uploads\\\/2024\\\/04\\\/nicaragua-panel.jpg\",\"datePublished\":\"2024-04-24T09:28:14+00:00\",\"dateModified\":\"2024-04-24T16:40:30+00:00\",\"description\":\"La situaci\u00f3n que viven los periodistas nicarag\u00fcenses es una de las peores de la regi\u00f3n, y fue el tema del panel \u201cPeriodismo en Nicaragua\\\"\",\"breadcrumb\":{\"@id\":\"https:\\\/\\\/latamjournalismreview.org\\\/es\\\/articles\\\/exilio-prision-y-muerte-las-dificultades-de-periodistas-en-nicaragua-son-tema-de-panel-en-el-coloquio-iberoamericano\\\/#breadcrumb\"},\"inLanguage\":\"es\",\"potentialAction\":[{\"@type\":\"ReadAction\",\"target\":[\"https:\\\/\\\/latamjournalismreview.org\\\/es\\\/articles\\\/exilio-prision-y-muerte-las-dificultades-de-periodistas-en-nicaragua-son-tema-de-panel-en-el-coloquio-iberoamericano\\\/\"]}]},{\"@type\":\"ImageObject\",\"inLanguage\":\"es\",\"@id\":\"https:\\\/\\\/latamjournalismreview.org\\\/es\\\/articles\\\/exilio-prision-y-muerte-las-dificultades-de-periodistas-en-nicaragua-son-tema-de-panel-en-el-coloquio-iberoamericano\\\/#primaryimage\",\"url\":\"https:\\\/\\\/latamjournalismreview.org\\\/wp-content\\\/uploads\\\/2024\\\/04\\\/nicaragua-panel.jpg\",\"contentUrl\":\"https:\\\/\\\/latamjournalismreview.org\\\/wp-content\\\/uploads\\\/2024\\\/04\\\/nicaragua-panel.jpg\",\"width\":799,\"height\":533,\"caption\":\"Nicaraguan journalists H\u00e9ctor Rosales, Yelsin Espinoza, Ulises Mendieta, and Arl\u00e9n P\u00e9rez (from left to right) speaking at the 17th Ibero-American Colloquium on Digital Journalism; the associate director of the Knight Center, Summer Harlow, is on the right (Photo: Patricia Lim\\\/Knight Center)\"},{\"@type\":\"BreadcrumbList\",\"@id\":\"https:\\\/\\\/latamjournalismreview.org\\\/es\\\/articles\\\/exilio-prision-y-muerte-las-dificultades-de-periodistas-en-nicaragua-son-tema-de-panel-en-el-coloquio-iberoamericano\\\/#breadcrumb\",\"itemListElement\":[{\"@type\":\"ListItem\",\"position\":1,\"name\":\"Home\",\"item\":\"https:\\\/\\\/latamjournalismreview.org\\\/es\\\/\"},{\"@type\":\"ListItem\",\"position\":2,\"name\":\"Exilio, prisi\u00f3n y muerte: las dificultades de periodistas en Nicaragua son tema de panel en el Coloquio Iberoamericano\"}]},{\"@type\":\"WebSite\",\"@id\":\"https:\\\/\\\/latamjournalismreview.org\\\/es\\\/#website\",\"url\":\"https:\\\/\\\/latamjournalismreview.org\\\/es\\\/\",\"name\":\"LatAm Journalism Review\",\"description\":\"Knight Center at The University of Texas\",\"publisher\":{\"@id\":\"https:\\\/\\\/latamjournalismreview.org\\\/es\\\/#organization\"},\"potentialAction\":[{\"@type\":\"SearchAction\",\"target\":{\"@type\":\"EntryPoint\",\"urlTemplate\":\"https:\\\/\\\/latamjournalismreview.org\\\/es\\\/?s={search_term_string}\"},\"query-input\":{\"@type\":\"PropertyValueSpecification\",\"valueRequired\":true,\"valueName\":\"search_term_string\"}}],\"inLanguage\":\"es\"},{\"@type\":\"Organization\",\"@id\":\"https:\\\/\\\/latamjournalismreview.org\\\/es\\\/#organization\",\"name\":\"LatAm Journalism Review\",\"url\":\"https:\\\/\\\/latamjournalismreview.org\\\/es\\\/\",\"logo\":{\"@type\":\"ImageObject\",\"inLanguage\":\"es\",\"@id\":\"https:\\\/\\\/latamjournalismreview.org\\\/es\\\/#\\\/schema\\\/logo\\\/image\\\/\",\"url\":\"https:\\\/\\\/latamjournalismreview.org\\\/wp-content\\\/uploads\\\/2020\\\/05\\\/knight-latAm-review-logo.svg\",\"contentUrl\":\"https:\\\/\\\/latamjournalismreview.org\\\/wp-content\\\/uploads\\\/2020\\\/05\\\/knight-latAm-review-logo.svg\",\"width\":\"1024\",\"height\":\"1024\",\"caption\":\"LatAm Journalism Review\"},\"image\":{\"@id\":\"https:\\\/\\\/latamjournalismreview.org\\\/es\\\/#\\\/schema\\\/logo\\\/image\\\/\"},\"sameAs\":[\"https:\\\/\\\/x.com\\\/LatAmJournalism\"]},{\"@type\":\"Person\",\"@id\":\"https:\\\/\\\/latamjournalismreview.org\\\/es\\\/#\\\/schema\\\/person\\\/4a1fa2e1f971d8470c7b9fc6fe72468b\",\"name\":\"Andr\u00e9 Duchiade\",\"description\":\"Andr\u00e9 Duchiade is a Brazilian journalist and translator based in Rio de Janeiro. Andr\u00e9 worked on the international politics desk at O Globo from 2018 to February 2023, and his stories have been published at The Scientific American, The Intercept, \u00c9poca, and Ag\u00eancia P\u00fablica de Jornalismo, among others. He is also a former Media Fellow at the Global Public Policy Institute (GPPi) in Berlin. Andr\u00e9 Duchiade es un periodista y traductor brasile\u00f1o que vive en R\u00edo de Janeiro. Andr\u00e9 trabaj\u00f3 en la redacci\u00f3n de pol\u00edtica internacional de O Globo entre 2018 y febrero de 2023, y se han publicado historias suyas en The Scientific American, The Intercept, \u00c9poca y Ag\u00eancia P\u00fablica de Jornalismo, entre otros. Tambi\u00e9n fue Media Fellow en el Global Public Policy Institute (GPPi) de Berl\u00edn. Andr\u00e9 Duchiade \u00e9 um jornalista e tradutor brasileiro que mora no Rio de Janeiro. Andr\u00e9 trabalhou como rep\u00f3rter na editoria de pol\u00edtica internacional de O Globo entre 2018 e fevereiro de 2023, e suas mat\u00e9ria foram publicadas em The Scientific American, The Intercept, \u00c9poca, Jornal do Brasil e Ag\u00eancia P\u00fablica de Jornalismo, entre outros. Ele tamb\u00e9m foi fellow de m\u00eddia no Global Public Policy Institute (GPPi) em Berlim em 2020 e 2021.\",\"sameAs\":[\"https:\\\/\\\/x.com\\\/duchiadeandre\"],\"url\":\"https:\\\/\\\/latamjournalismreview.org\\\/es\\\/articles\\\/author\\\/andre-duchiade\\\/\"}]}<\/script>\n<!-- \/ Yoast SEO Premium plugin. -->","yoast_head_json":{"title":"Exilio, prisi\u00f3n y muerte: las dificultades de periodistas en Nicaragua son tema de panel en el Coloquio Iberoamericano - LatAm Journalism Review","description":"La situaci\u00f3n que viven los periodistas nicarag\u00fcenses es una de las peores de la regi\u00f3n, y fue el tema del panel \u201cPeriodismo en Nicaragua\"","robots":{"index":"index","follow":"follow","max-snippet":"max-snippet:-1","max-image-preview":"max-image-preview:large","max-video-preview":"max-video-preview:-1"},"canonical":"https:\/\/latamjournalismreview.org\/es\/articles\/exilio-prision-y-muerte-las-dificultades-de-periodistas-en-nicaragua-son-tema-de-panel-en-el-coloquio-iberoamericano\/","og_locale":"es_ES","og_type":"article","og_title":"Exilio, prisi\u00f3n y muerte: las dificultades de periodistas en Nicaragua son tema de panel en el Coloquio Iberoamericano","og_description":"La situaci\u00f3n que viven los periodistas nicarag\u00fcenses es una de las peores de la regi\u00f3n, y fue el tema del panel \u201cPeriodismo en Nicaragua\"","og_url":"https:\/\/latamjournalismreview.org\/es\/articles\/exilio-prision-y-muerte-las-dificultades-de-periodistas-en-nicaragua-son-tema-de-panel-en-el-coloquio-iberoamericano\/","og_site_name":"LatAm Journalism Review","article_published_time":"2024-04-24T09:28:14+00:00","article_modified_time":"2024-04-24T16:40:30+00:00","og_image":[{"width":799,"height":533,"url":"https:\/\/latamjournalismreview.org\/wp-content\/uploads\/2024\/04\/nicaragua-panel.jpg","type":"image\/jpeg"}],"author":"Andr\u00e9 Duchiade","twitter_card":"summary_large_image","twitter_creator":"@duchiadeandre","twitter_site":"@LatAmJournalism","twitter_misc":{"Written by":"Andr\u00e9 Duchiade","Est. reading time":"8 minutos"},"schema":{"@context":"https:\/\/schema.org","@graph":[{"@type":"Article","@id":"https:\/\/latamjournalismreview.org\/es\/articles\/exilio-prision-y-muerte-las-dificultades-de-periodistas-en-nicaragua-son-tema-de-panel-en-el-coloquio-iberoamericano\/#article","isPartOf":{"@id":"https:\/\/latamjournalismreview.org\/es\/articles\/exilio-prision-y-muerte-las-dificultades-de-periodistas-en-nicaragua-son-tema-de-panel-en-el-coloquio-iberoamericano\/"},"author":{"name":"Andr\u00e9 Duchiade","@id":"https:\/\/latamjournalismreview.org\/es\/#\/schema\/person\/4a1fa2e1f971d8470c7b9fc6fe72468b"},"headline":"Exilio, prisi\u00f3n y muerte: las dificultades de periodistas en Nicaragua son tema de panel en el Coloquio Iberoamericano","datePublished":"2024-04-24T09:28:14+00:00","dateModified":"2024-04-24T16:40:30+00:00","mainEntityOfPage":{"@id":"https:\/\/latamjournalismreview.org\/es\/articles\/exilio-prision-y-muerte-las-dificultades-de-periodistas-en-nicaragua-son-tema-de-panel-en-el-coloquio-iberoamericano\/"},"wordCount":1623,"publisher":{"@id":"https:\/\/latamjournalismreview.org\/es\/#organization"},"image":{"@id":"https:\/\/latamjournalismreview.org\/es\/articles\/exilio-prision-y-muerte-las-dificultades-de-periodistas-en-nicaragua-son-tema-de-panel-en-el-coloquio-iberoamericano\/#primaryimage"},"thumbnailUrl":"https:\/\/latamjournalismreview.org\/wp-content\/uploads\/2024\/04\/nicaragua-panel.jpg","keywords":["Exilio","Libertad de prensa","Nicaragua"],"articleSection":["Coloquio Iberoamericano"],"inLanguage":"es"},{"@type":"WebPage","@id":"https:\/\/latamjournalismreview.org\/es\/articles\/exilio-prision-y-muerte-las-dificultades-de-periodistas-en-nicaragua-son-tema-de-panel-en-el-coloquio-iberoamericano\/","url":"https:\/\/latamjournalismreview.org\/es\/articles\/exilio-prision-y-muerte-las-dificultades-de-periodistas-en-nicaragua-son-tema-de-panel-en-el-coloquio-iberoamericano\/","name":"Exilio, prisi\u00f3n y muerte: las dificultades de periodistas en Nicaragua son tema de panel en el Coloquio Iberoamericano - LatAm Journalism Review","isPartOf":{"@id":"https:\/\/latamjournalismreview.org\/es\/#website"},"primaryImageOfPage":{"@id":"https:\/\/latamjournalismreview.org\/es\/articles\/exilio-prision-y-muerte-las-dificultades-de-periodistas-en-nicaragua-son-tema-de-panel-en-el-coloquio-iberoamericano\/#primaryimage"},"image":{"@id":"https:\/\/latamjournalismreview.org\/es\/articles\/exilio-prision-y-muerte-las-dificultades-de-periodistas-en-nicaragua-son-tema-de-panel-en-el-coloquio-iberoamericano\/#primaryimage"},"thumbnailUrl":"https:\/\/latamjournalismreview.org\/wp-content\/uploads\/2024\/04\/nicaragua-panel.jpg","datePublished":"2024-04-24T09:28:14+00:00","dateModified":"2024-04-24T16:40:30+00:00","description":"La situaci\u00f3n que viven los periodistas nicarag\u00fcenses es una de las peores de la regi\u00f3n, y fue el tema del panel \u201cPeriodismo en Nicaragua\"","breadcrumb":{"@id":"https:\/\/latamjournalismreview.org\/es\/articles\/exilio-prision-y-muerte-las-dificultades-de-periodistas-en-nicaragua-son-tema-de-panel-en-el-coloquio-iberoamericano\/#breadcrumb"},"inLanguage":"es","potentialAction":[{"@type":"ReadAction","target":["https:\/\/latamjournalismreview.org\/es\/articles\/exilio-prision-y-muerte-las-dificultades-de-periodistas-en-nicaragua-son-tema-de-panel-en-el-coloquio-iberoamericano\/"]}]},{"@type":"ImageObject","inLanguage":"es","@id":"https:\/\/latamjournalismreview.org\/es\/articles\/exilio-prision-y-muerte-las-dificultades-de-periodistas-en-nicaragua-son-tema-de-panel-en-el-coloquio-iberoamericano\/#primaryimage","url":"https:\/\/latamjournalismreview.org\/wp-content\/uploads\/2024\/04\/nicaragua-panel.jpg","contentUrl":"https:\/\/latamjournalismreview.org\/wp-content\/uploads\/2024\/04\/nicaragua-panel.jpg","width":799,"height":533,"caption":"Nicaraguan journalists H\u00e9ctor Rosales, Yelsin Espinoza, Ulises Mendieta, and Arl\u00e9n P\u00e9rez (from left to right) speaking at the 17th Ibero-American Colloquium on Digital Journalism; the associate director of the Knight Center, Summer Harlow, is on the right (Photo: Patricia Lim\/Knight Center)"},{"@type":"BreadcrumbList","@id":"https:\/\/latamjournalismreview.org\/es\/articles\/exilio-prision-y-muerte-las-dificultades-de-periodistas-en-nicaragua-son-tema-de-panel-en-el-coloquio-iberoamericano\/#breadcrumb","itemListElement":[{"@type":"ListItem","position":1,"name":"Home","item":"https:\/\/latamjournalismreview.org\/es\/"},{"@type":"ListItem","position":2,"name":"Exilio, prisi\u00f3n y muerte: las dificultades de periodistas en Nicaragua son tema de panel en el Coloquio Iberoamericano"}]},{"@type":"WebSite","@id":"https:\/\/latamjournalismreview.org\/es\/#website","url":"https:\/\/latamjournalismreview.org\/es\/","name":"LatAm Journalism Review","description":"Knight Center at The University of Texas","publisher":{"@id":"https:\/\/latamjournalismreview.org\/es\/#organization"},"potentialAction":[{"@type":"SearchAction","target":{"@type":"EntryPoint","urlTemplate":"https:\/\/latamjournalismreview.org\/es\/?s={search_term_string}"},"query-input":{"@type":"PropertyValueSpecification","valueRequired":true,"valueName":"search_term_string"}}],"inLanguage":"es"},{"@type":"Organization","@id":"https:\/\/latamjournalismreview.org\/es\/#organization","name":"LatAm Journalism Review","url":"https:\/\/latamjournalismreview.org\/es\/","logo":{"@type":"ImageObject","inLanguage":"es","@id":"https:\/\/latamjournalismreview.org\/es\/#\/schema\/logo\/image\/","url":"https:\/\/latamjournalismreview.org\/wp-content\/uploads\/2020\/05\/knight-latAm-review-logo.svg","contentUrl":"https:\/\/latamjournalismreview.org\/wp-content\/uploads\/2020\/05\/knight-latAm-review-logo.svg","width":"1024","height":"1024","caption":"LatAm Journalism Review"},"image":{"@id":"https:\/\/latamjournalismreview.org\/es\/#\/schema\/logo\/image\/"},"sameAs":["https:\/\/x.com\/LatAmJournalism"]},{"@type":"Person","@id":"https:\/\/latamjournalismreview.org\/es\/#\/schema\/person\/4a1fa2e1f971d8470c7b9fc6fe72468b","name":"Andr\u00e9 Duchiade","description":"Andr\u00e9 Duchiade is a Brazilian journalist and translator based in Rio de Janeiro. Andr\u00e9 worked on the international politics desk at O Globo from 2018 to February 2023, and his stories have been published at The Scientific American, The Intercept, \u00c9poca, and Ag\u00eancia P\u00fablica de Jornalismo, among others. He is also a former Media Fellow at the Global Public Policy Institute (GPPi) in Berlin. Andr\u00e9 Duchiade es un periodista y traductor brasile\u00f1o que vive en R\u00edo de Janeiro. Andr\u00e9 trabaj\u00f3 en la redacci\u00f3n de pol\u00edtica internacional de O Globo entre 2018 y febrero de 2023, y se han publicado historias suyas en The Scientific American, The Intercept, \u00c9poca y Ag\u00eancia P\u00fablica de Jornalismo, entre otros. Tambi\u00e9n fue Media Fellow en el Global Public Policy Institute (GPPi) de Berl\u00edn. Andr\u00e9 Duchiade \u00e9 um jornalista e tradutor brasileiro que mora no Rio de Janeiro. Andr\u00e9 trabalhou como rep\u00f3rter na editoria de pol\u00edtica internacional de O Globo entre 2018 e fevereiro de 2023, e suas mat\u00e9ria foram publicadas em The Scientific American, The Intercept, \u00c9poca, Jornal do Brasil e Ag\u00eancia P\u00fablica de Jornalismo, entre outros. Ele tamb\u00e9m foi fellow de m\u00eddia no Global Public Policy Institute (GPPi) em Berlim em 2020 e 2021.","sameAs":["https:\/\/x.com\/duchiadeandre"],"url":"https:\/\/latamjournalismreview.org\/es\/articles\/author\/andre-duchiade\/"}]}},"_links":{"self":[{"href":"https:\/\/latamjournalismreview.org\/es\/wp-json\/wp\/v2\/posts\/86742","targetHints":{"allow":["GET"]}}],"collection":[{"href":"https:\/\/latamjournalismreview.org\/es\/wp-json\/wp\/v2\/posts"}],"about":[{"href":"https:\/\/latamjournalismreview.org\/es\/wp-json\/wp\/v2\/types\/post"}],"author":[{"embeddable":true,"href":"https:\/\/latamjournalismreview.org\/es\/wp-json\/wp\/v2\/users\/63"}],"replies":[{"embeddable":true,"href":"https:\/\/latamjournalismreview.org\/es\/wp-json\/wp\/v2\/comments?post=86742"}],"version-history":[{"count":6,"href":"https:\/\/latamjournalismreview.org\/es\/wp-json\/wp\/v2\/posts\/86742\/revisions"}],"predecessor-version":[{"id":86773,"href":"https:\/\/latamjournalismreview.org\/es\/wp-json\/wp\/v2\/posts\/86742\/revisions\/86773"}],"wp:featuredmedia":[{"embeddable":true,"href":"https:\/\/latamjournalismreview.org\/es\/wp-json\/wp\/v2\/media\/86737"}],"wp:attachment":[{"href":"https:\/\/latamjournalismreview.org\/es\/wp-json\/wp\/v2\/media?parent=86742"}],"wp:term":[{"taxonomy":"category","embeddable":true,"href":"https:\/\/latamjournalismreview.org\/es\/wp-json\/wp\/v2\/categories?post=86742"},{"taxonomy":"post_tag","embeddable":true,"href":"https:\/\/latamjournalismreview.org\/es\/wp-json\/wp\/v2\/tags?post=86742"},{"taxonomy":"author","embeddable":true,"href":"https:\/\/latamjournalismreview.org\/es\/wp-json\/wp\/v2\/coauthors?post=86742"}],"curies":[{"name":"wp","href":"https:\/\/api.w.org\/{rel}","templated":true}]}}