{"id":88164,"date":"2024-06-12T11:24:25","date_gmt":"2024-06-12T16:24:25","guid":{"rendered":"https:\/\/latamjournalismreview.org\/?p=88164"},"modified":"2024-06-12T12:17:33","modified_gmt":"2024-06-12T17:17:33","slug":"como-es-vivir-en-un-desierto-de-noticias-agencia-mural-explora-la-ausencia-de-periodismo-local-en-una-ciudad-brasilena","status":"publish","type":"post","link":"https:\/\/latamjournalismreview.org\/es\/articles\/como-es-vivir-en-un-desierto-de-noticias-agencia-mural-explora-la-ausencia-de-periodismo-local-en-una-ciudad-brasilena\/","title":{"rendered":"\u00bfC\u00f3mo es vivir en un desierto de noticias? Ag\u00eancia Mural explora la ausencia de periodismo local en una ciudad brasile\u00f1a"},"content":{"rendered":"<p><span style=\"font-weight: 400;\">Casi la mitad (48,7%) de los municipios brasile\u00f1os no tienen ning\u00fan medio period\u00edstico al servicio de su poblaci\u00f3n. Hay 26,7 millones de personas que tienen mejor acceso a noticias sobre S\u00e3o Paulo o R\u00edo de Janeiro -donde tienen su sede los medios de comunicaci\u00f3n llamados \u201cnacionales\u201d- que sobre la ciudad donde viven.<\/span><\/p>\n<p><span style=\"font-weight: 400;\">Los datos proceden de la edici\u00f3n 2023 del <\/span><a href=\"https:\/\/www.atlas.jor.br\/\" target=\"_blank\" rel=\"noopener\"><span style=\"font-weight: 400;\">Atlas da Not\u00edcia<\/span><\/a><span style=\"font-weight: 400;\">\u00a0que <\/span><a href=\"https:\/\/latamjournalismreview.org\/es\/articles\/investigadores-lanzan-atlas-para-mapear-el-periodismo-local-y-los-desiertos-de-noticias-en-brasil\/\" target=\"_blank\" rel=\"noopener\"><span style=\"font-weight: 400;\">desde 2017<\/span><\/a><span style=\"font-weight: 400;\"> mapea el periodismo local y los desiertos de noticias en Brasil.\u00a0<\/span><\/p>\n<p><span style=\"font-weight: 400;\">La <\/span><a href=\"https:\/\/www.agenciamural.org.br\/\" target=\"_blank\" rel=\"noopener\"><span style=\"font-weight: 400;\">Ag\u00eancia Mural de Jornalismo das Periferias<\/span><\/a><span style=\"font-weight: 400;\"> ha cubierto el impacto de la falta de informaci\u00f3n local en las afueras de S\u00e3o Paulo desde <\/span><a href=\"https:\/\/www.agenciamural.org.br\/jornalismo-local-atlas-da-noticia-grande-sp\/\" target=\"_blank\" rel=\"noopener\"><span style=\"font-weight: 400;\">al menos 2018<\/span><\/a><span style=\"font-weight: 400;\">. A principios de 2024, Mural decidi\u00f3 contar la historia de uno de estos desiertos desde la perspectiva de las personas que viven sin informaci\u00f3n fiable sobre su entorno.<\/span><\/p>\n<p><span style=\"font-weight: 400;\">El especial \u201c<\/span><a href=\"https:\/\/www.agenciamural.org.br\/especiais\/sem-noticias\/\" target=\"_blank\" rel=\"noopener\"><span style=\"font-weight: 400;\">Sem Not\u00edcias<\/span><\/a><span style=\"font-weight: 400;\">\u201d (Sin noticias), publicado el 4 de junio, cuenta c\u00f3mo es la vida en Pirapora do Bom Jesus, una ciudad del estado de S\u00e3o Paulo con <\/span><a href=\"https:\/\/g1.globo.com\/sp\/sao-paulo\/noticia\/2023\/06\/28\/populacao-de-pirapora-do-bom-jesus-sp-e-de-18-370-pessoas-aponta-o-censo-do-ibge.ghtml\" target=\"_blank\" rel=\"noopener\"><span style=\"font-weight: 400;\">18.370 habitantes<\/span><\/a><span style=\"font-weight: 400;\"> y sin periodismo local. Un equipo de cinco profesionales de Mural -reportero, fot\u00f3grafo, productor, c\u00e1mara y editor- pas\u00f3 cinco d\u00edas, entre abril y mayo, en Pirapora, uno de los 39 municipios de la regi\u00f3n metropolitana de S\u00e3o Paulo. El equipo habl\u00f3 con los residentes para entender c\u00f3mo obtienen la informaci\u00f3n y c\u00f3mo se siente la falta de periodismo local en la ciudad.<\/span><\/p>\n<p><span style=\"font-weight: 400;\">\u201cLa mayor\u00eda nunca hab\u00eda o\u00eddo el t\u00e9rmino \u2018desierto informativo\u2019, pero enseguida entendieron de qu\u00e9 se trataba y se vieron dentro de esa realidad\u201d, dijo Sarah Fernandes, editora y coordinadora de proyectos de Mural, a <strong>LatAm Journalism Review (LJR)<\/strong>. \u201c<\/span><span style=\"font-weight: 400;\">Aunque estaban en una ciudad sin prensa, sin informaci\u00f3n diaria, en general se daban cuenta de la importancia de tenerla y a menudo lamentaban el hecho de no contar con ella. Llegamos all\u00ed, quiz\u00e1s, con una pregunta nueva, que no formaba parte de la vida cotidiana de estas personas, pero en la que ya hab\u00edan pensado en alg\u00fan momento\u201d.<\/span><\/p>\n<div id=\"attachment_88126\" style=\"width: 430px\" class=\"wp-caption alignright\"><img loading=\"lazy\" decoding=\"async\" aria-describedby=\"caption-attachment-88126\" class=\"wp-image-88126\" src=\"https:\/\/latamjournalismreview.org\/wp-content\/uploads\/2024\/06\/agenciamural1-1024x465.png\" alt=\"printscreen of ag\u00eancia mural's website\" width=\"420\" height=\"191\" srcset=\"https:\/\/latamjournalismreview.org\/wp-content\/uploads\/2024\/06\/agenciamural1-1024x465.png 1024w, https:\/\/latamjournalismreview.org\/wp-content\/uploads\/2024\/06\/agenciamural1-300x136.png 300w, https:\/\/latamjournalismreview.org\/wp-content\/uploads\/2024\/06\/agenciamural1-768x348.png 768w, https:\/\/latamjournalismreview.org\/wp-content\/uploads\/2024\/06\/agenciamural1-1536x697.png 1536w, https:\/\/latamjournalismreview.org\/wp-content\/uploads\/2024\/06\/agenciamural1.png 1891w\" sizes=\"auto, (max-width: 420px) 100vw, 420px\" \/><p id=\"caption-attachment-88126\" class=\"wp-caption-text\">El especial multimedia \u201cSin noticias\u201d cuenta c\u00f3mo es la vida en una ciudad sin periodismo local. (Captura de pantalla).<\/p><\/div>\n<p><span style=\"font-weight: 400;\">El especial multimedia se public\u00f3 en texto, foto, audio, video y c\u00f3mic, reuniendo todos los formatos en los que Mural publica su periodismo, dijo Fernandes.<\/span><\/p>\n<p><span style=\"font-weight: 400;\">\u201cCuando est\u00e1bamos all\u00ed, no est\u00e1bamos muy seguros de cu\u00e1les ser\u00edan los formatos. Quer\u00edamos hacer video, fotos y texto, pero a medida que escuch\u00e1bamos algunas historias y conoc\u00edamos a la gente, nos dimos cuenta de que pod\u00edamos comunicar mejor algunas cosas a trav\u00e9s de la ilustraci\u00f3n\u201d, dijo. \u201cQuiz\u00e1, en estos 13 a\u00f1os de Mural, esta sea la primera obra que consigue aunar todos los lenguajes que utilizamos. As\u00ed que para nosotros, como organizaci\u00f3n, tambi\u00e9n es un paso importante\u201d.<\/span><\/p>\n<p>&nbsp;<\/p>\n<h3>\u201cSomos el peri\u00f3dico de cada uno\u201d<\/h3>\n<p><span style=\"font-weight: 400;\">Seg\u00fan el reportaje, se entrevist\u00f3 a m\u00e1s de 15 personas, entre estudiantes, trabajadores, l\u00edderes comunitarios y pol\u00edticos. Una de las reuniones con residentes de la ciudad se celebr\u00f3 en un colegio p\u00fablico, con una clase del programa de Educaci\u00f3n de J\u00f3venes y Adultos (EJA). \u201cSomos el peri\u00f3dico de cada uno\u201d, dijo uno de los estudiantes adultos.<\/span><\/p>\n<p><span style=\"font-weight: 400;\">Seg\u00fan el reportaje, Pirapora es una ciudad de paso para gran parte de la poblaci\u00f3n, que trabaja en otros municipios de los alrededores. Tambi\u00e9n es una \u201cciudad dividida\u201d, dijo Fernandes, entre el centro y la periferia, donde vive la mayor\u00eda de la poblaci\u00f3n.<\/span><\/p>\n<p><span style=\"font-weight: 400;\">Incluso en una ciudad peque\u00f1a sin periodismo local, la periferia es el lugar m\u00e1s afectado por la falta de informaci\u00f3n. Los que viven m\u00e1s cerca de los centros de poder, como el ayuntamiento y la c\u00e1mara municipal, acaban teniendo m\u00e1s acceso a la informaci\u00f3n y, en consecuencia, a los derechos. Esta fue una de las conclusiones de los estudiantes en la conversaci\u00f3n con el equipo del Mural.<\/span><\/p>\n<p><span style=\"font-weight: 400;\">\u201cFue una conversaci\u00f3n muy enriquecedora, que nos permiti\u00f3 comprender c\u00f3mo la gente se ve afectada en su vida cotidiana por la falta de informaci\u00f3n\u201d, dijo Fernandes. \u201cY a veces la informaci\u00f3n no es ni siquiera una queja sobre las autoridades p\u00fablicas, sino m\u00e1s bien la divulgaci\u00f3n de que un programa del gobierno federal ha llegado a Pirapora y est\u00e1 abierto para la inscripci\u00f3n, por ejemplo. Escuchamos de estas personas lo mucho que pierden oportunidades de estudiar, trabajar y desarrollarse debido a la falta de circulaci\u00f3n de esta informaci\u00f3n institucionalizada, y lo mucho que la ausencia de periodismo local agrava la desigualdad socioecon\u00f3mica\u201d.<\/span><\/p>\n<div id=\"attachment_88129\" style=\"width: 430px\" class=\"wp-caption alignleft\"><img loading=\"lazy\" decoding=\"async\" aria-describedby=\"caption-attachment-88129\" class=\"wp-image-88129\" src=\"https:\/\/latamjournalismreview.org\/wp-content\/uploads\/2024\/06\/equipeagenciamural.png\" alt=\"five people standing on a hill standing above a city\" width=\"420\" height=\"276\" srcset=\"https:\/\/latamjournalismreview.org\/wp-content\/uploads\/2024\/06\/equipeagenciamural.png 954w, https:\/\/latamjournalismreview.org\/wp-content\/uploads\/2024\/06\/equipeagenciamural-300x197.png 300w, https:\/\/latamjournalismreview.org\/wp-content\/uploads\/2024\/06\/equipeagenciamural-768x504.png 768w\" sizes=\"auto, (max-width: 420px) 100vw, 420px\" \/><p id=\"caption-attachment-88129\" class=\"wp-caption-text\">El equipo de Ag\u00eancia Mural en Pirapora de Bom Jesus. (Foto: L\u00e9u Britto\/Ag\u00eancia Mural)<\/p><\/div>\n<p><span style=\"font-weight: 400;\">Jacqueline Maria da Silva, reportera de Mural que fue a Pirapora, dijo a <strong>LJR<\/strong> que <\/span><span style=\"font-weight: 400;\">las conversaciones en la ciudad mostraron a los residentes y a los propios periodistas los efectos de la falta de informaci\u00f3n local y la importancia del periodismo de calidad.<\/span><\/p>\n<p><span style=\"font-weight: 400;\">\u201cEsto es muy importante para nosotros, los periodistas, porque mucha gente habla de las noticias falsas como si fueran algo muy banal, pero en el desierto de las noticias no hay forma de que las noticias falsas sean desmentidas\u201d, dijo Silva.<\/span><\/p>\n<p><span style=\"font-weight: 400;\">\u201cO\u00edmos tantas cosas [negativas] sobre el periodismo, es tan dif\u00edcil, la gente lo desvaloriza tanto... Y este reportaje nos calienta el coraz\u00f3n al ver que la gente entiende que el periodismo es importante, aunque haya muchas cosas que van en su contra y mucha desvalorizaci\u00f3n\u201d.<\/span><\/p>\n<p>&nbsp;<\/p>\n<h3>Investigaci\u00f3n dif\u00edcil<\/h3>\n<p><span style=\"font-weight: 400;\">Seg\u00fan el reportaje, Dubes S\u00f4nego, investigador del Atlas da Not\u00edcia, declar\u00f3 a Mural que uno de los aspectos m\u00e1s llamativos de los desiertos de noticias es la perpetuaci\u00f3n de los mismos grupos pol\u00edticos en el gobierno municipal. El especial tambi\u00e9n destac\u00f3 que la situaci\u00f3n en Pirapora es la de un \u201chervidero pol\u00edtico en una ciudad peque\u00f1a, con una econom\u00eda d\u00e9bil, bajos indicadores socioecon\u00f3micos y sin iniciativas period\u00edsticas locales e independientes asentadas all\u00ed para hacer contrapuntos, denuncias e investigaciones\u201d.<\/span><\/p>\n<p><span style=\"font-weight: 400;\">Este punto se manifest\u00f3 incluso en el hecho de que muchas personas se negaron a hablar con el equipo de Mural, alegando miedo a las represalias de los gobernantes.<\/span><\/p>\n<p><span style=\"font-weight: 400;\">\u201cEs una ciudad con una escena pol\u00edtica muy viva, por lo que la gente tiene mucho miedo de decir algo que pueda comprometerles con uno u otro grupo pol\u00edtico. Fue una investigaci\u00f3n realmente dif\u00edcil, porque la gente ten\u00eda miedo y a menudo lo atribu\u00eda a la falta de prensa. Algo as\u00ed como \u2018dependiendo de lo que diga, podr\u00eda salir perjudicado, porque aqu\u00ed no hay forma de difundir informaci\u00f3n o presentar una denuncia\u2019\u201d, dijo Fernandes.<\/span><\/p>\n<p><span style=\"font-weight: 400;\">Adem\u00e1s, Silva dijo que el equipo sinti\u00f3 miradas sospechosas de los residentes mientras se desplazaban por la ciudad.<\/span><\/p>\n<p><span style=\"font-weight: 400;\">\u201c[Nuestra presencia] provoc\u00f3 un movimiento de gente all\u00ed. Nos pase\u00e1bamos con c\u00e1maras a mitad de semana. (...) Grabamos delante de la C\u00e1mara [Municipal]. Cuando entramos en la C\u00e1mara, tambi\u00e9n sentimos que despert\u00e1bamos cierto malestar\u201d, dijo.<\/span><\/p>\n<p>&nbsp;<\/p>\n<h3>Elecciones municipales y regreso a Pirapora<\/h3>\n<p><span style=\"font-weight: 400;\">El reportaje identific\u00f3 que dos grupos pol\u00edticos se han turnado en el poder municipal en Pirapora durante al menos 20 a\u00f1os. En las elecciones de 2012, la diferencia entre el ganador de la alcald\u00eda y el candidato que obtuvo el segundo mayor n\u00famero de votos fue de tan solo 28 puntos. La falta de periodismo local contribuye a la falta de alfabetizaci\u00f3n pol\u00edtica en la ciudad y a la difusi\u00f3n de desinformaci\u00f3n con fines pol\u00edticos, y esto es un punto de atenci\u00f3n en 2024, a\u00f1o de las elecciones municipales, dijo Fernandes.<\/span><\/p>\n<p><span style=\"font-weight: 400;\">\u201cTambi\u00e9n limita un poco que la gente sepa exactamente cu\u00e1les son las propuestas de cada candidato y analice lo que cada uno propone, y que sepa lo que se supone que debe hacer un concejal o un alcalde\u201d, dijo.<\/span><\/p>\n<p><span style=\"font-weight: 400;\">El reportaje tambi\u00e9n destaca que el periodismo no es la soluci\u00f3n a los problemas de Pirapora. Eug\u00eanio Bucci, profesor de la Facultad de Comunicaci\u00f3n y Artes de la Universidad de S\u00e3o Paulo (USP), fue una de las fuentes del especial y afirm\u00f3 que \u201cel periodismo es un paso hacia la soluci\u00f3n de los problemas\u201d.<\/span><\/p>\n<p><span style=\"font-weight: 400;\">\u201cEl papel del periodismo es fomentar el debate p\u00fablico, proporcionar informaci\u00f3n, conectar a la gente con lo que est\u00e1 ocurriendo\u201d, dijo Fernandes. \u201cPor eso tiene un papel muy importante en la democracia, informar, supervisar y vigilar. Y nos damos cuenta de cu\u00e1nto se echa de menos esto en la vida cotidiana de la gente\u201d.<\/span><\/p>\n<p><span style=\"font-weight: 400;\">El equipo de Mural tendr\u00e1 la oportunidad de escuchar de boca de los propios habitantes de Pirapora qu\u00e9 les ha parecido el reportaje, ya que el proyecto, patrocinado por el Centro Pulitzer y Meedan, implica el regreso del equipo a la ciudad para presentar el art\u00edculo final. La intenci\u00f3n es celebrar un acto abierto a la comunidad a finales de junio, en la misma escuela p\u00fablica que acogi\u00f3 al equipo en su primera visita a la ciudad.<\/span><\/p>\n","protected":false},"excerpt":{"rendered":"<p>Casi la mitad de los municipios brasile\u00f1os no cuentan con medios period\u00edsticos locales, lo que deja a 26,7 millones de personas sin noticias sobre sus ciudades. Un especial de la Ag\u00eancia Mural muestra c\u00f3mo en Pirapora do Bom Jesus la falta de cobertura informativa afecta principalmente a la periferia, dificultando el acceso a la informaci\u00f3n y aumentando la desigualdad socioecon\u00f3mica.<\/p>\n","protected":false},"author":16,"featured_media":88122,"comment_status":"closed","ping_status":"closed","sticky":false,"template":"","format":"standard","meta":{"inline_featured_image":false,"footnotes":""},"categories":[2074],"tags":[],"coauthors":[2742],"class_list":["post-88164","post","type-post","status-publish","format-standard","has-post-thumbnail","hentry","category-reportajes-especiales"],"acf":[],"yoast_head":"<!-- This site is optimized with the Yoast SEO Premium plugin v22.6 (Yoast SEO v27.4) - https:\/\/yoast.com\/product\/yoast-seo-premium-wordpress\/ -->\n<title>\u00bfC\u00f3mo es vivir en un desierto de noticias? Ag\u00eancia Mural explora la ausencia de periodismo local en una ciudad brasile\u00f1a - LatAm Journalism Review<\/title>\n<meta name=\"description\" content=\"\u00bfC\u00f3mo es vivir en un desierto de noticias? Ag\u00eancia Mural explora la ausencia de periodismo local en una ciudad brasile\u00f1a M\u00e1s informaci\u00f3n sobre los desiertos de noticias en Brasil y el impacto socioecon\u00f3mico en ciudades como Pirapora do Bom Jesus, en S\u00e3o Paulo.\" \/>\n<meta name=\"robots\" content=\"index, follow, max-snippet:-1, max-image-preview:large, max-video-preview:-1\" \/>\n<link rel=\"canonical\" href=\"https:\/\/latamjournalismreview.org\/es\/articles\/como-es-vivir-en-un-desierto-de-noticias-agencia-mural-explora-la-ausencia-de-periodismo-local-en-una-ciudad-brasilena\/\" \/>\n<meta property=\"og:locale\" content=\"es_ES\" \/>\n<meta property=\"og:type\" content=\"article\" \/>\n<meta property=\"og:title\" content=\"\u00bfC\u00f3mo es vivir en un desierto de noticias? Ag\u00eancia Mural explora la ausencia de periodismo local en una ciudad brasile\u00f1a\" \/>\n<meta property=\"og:description\" content=\"\u00bfC\u00f3mo es vivir en un desierto de noticias? Ag\u00eancia Mural explora la ausencia de periodismo local en una ciudad brasile\u00f1a M\u00e1s informaci\u00f3n sobre los desiertos de noticias en Brasil y el impacto socioecon\u00f3mico en ciudades como Pirapora do Bom Jesus, en S\u00e3o Paulo.\" \/>\n<meta property=\"og:url\" content=\"https:\/\/latamjournalismreview.org\/es\/articles\/como-es-vivir-en-un-desierto-de-noticias-agencia-mural-explora-la-ausencia-de-periodismo-local-en-una-ciudad-brasilena\/\" \/>\n<meta property=\"og:site_name\" content=\"LatAm Journalism Review\" \/>\n<meta property=\"article:published_time\" content=\"2024-06-12T16:24:25+00:00\" \/>\n<meta property=\"article:modified_time\" content=\"2024-06-12T17:17:33+00:00\" \/>\n<meta property=\"og:image\" content=\"https:\/\/latamjournalismreview.org\/wp-content\/uploads\/2024\/06\/FEATURED-Pirapora-do-Bom-Jesus-Mural.png\" \/>\n\t<meta property=\"og:image:width\" content=\"507\" \/>\n\t<meta property=\"og:image:height\" content=\"340\" \/>\n\t<meta property=\"og:image:type\" content=\"image\/png\" \/>\n<meta name=\"author\" content=\"Carolina de Assis\" \/>\n<meta name=\"twitter:card\" content=\"summary_large_image\" \/>\n<meta name=\"twitter:creator\" content=\"@LatAmJournalism\" \/>\n<meta name=\"twitter:site\" content=\"@LatAmJournalism\" \/>\n<meta name=\"twitter:label1\" content=\"Written by\" \/>\n\t<meta name=\"twitter:data1\" content=\"Carolina de Assis\" \/>\n\t<meta name=\"twitter:label2\" content=\"Est. reading time\" \/>\n\t<meta name=\"twitter:data2\" content=\"8 minutos\" \/>\n<script type=\"application\/ld+json\" class=\"yoast-schema-graph\">{\"@context\":\"https:\\\/\\\/schema.org\",\"@graph\":[{\"@type\":\"Article\",\"@id\":\"https:\\\/\\\/latamjournalismreview.org\\\/es\\\/articles\\\/como-es-vivir-en-un-desierto-de-noticias-agencia-mural-explora-la-ausencia-de-periodismo-local-en-una-ciudad-brasilena\\\/#article\",\"isPartOf\":{\"@id\":\"https:\\\/\\\/latamjournalismreview.org\\\/es\\\/articles\\\/como-es-vivir-en-un-desierto-de-noticias-agencia-mural-explora-la-ausencia-de-periodismo-local-en-una-ciudad-brasilena\\\/\"},\"author\":{\"name\":\"Carolina de Assis\",\"@id\":\"https:\\\/\\\/latamjournalismreview.org\\\/es\\\/#\\\/schema\\\/person\\\/f98b544e2f231a237f39a56cc9a00a9a\"},\"headline\":\"\u00bfC\u00f3mo es vivir en un desierto de noticias? Ag\u00eancia Mural explora la ausencia de periodismo local en una ciudad brasile\u00f1a\",\"datePublished\":\"2024-06-12T16:24:25+00:00\",\"dateModified\":\"2024-06-12T17:17:33+00:00\",\"mainEntityOfPage\":{\"@id\":\"https:\\\/\\\/latamjournalismreview.org\\\/es\\\/articles\\\/como-es-vivir-en-un-desierto-de-noticias-agencia-mural-explora-la-ausencia-de-periodismo-local-en-una-ciudad-brasilena\\\/\"},\"wordCount\":1588,\"publisher\":{\"@id\":\"https:\\\/\\\/latamjournalismreview.org\\\/es\\\/#organization\"},\"image\":{\"@id\":\"https:\\\/\\\/latamjournalismreview.org\\\/es\\\/articles\\\/como-es-vivir-en-un-desierto-de-noticias-agencia-mural-explora-la-ausencia-de-periodismo-local-en-una-ciudad-brasilena\\\/#primaryimage\"},\"thumbnailUrl\":\"https:\\\/\\\/latamjournalismreview.org\\\/wp-content\\\/uploads\\\/2024\\\/06\\\/FEATURED-Pirapora-do-Bom-Jesus-Mural.png\",\"articleSection\":[\"Reportajes especiales\"],\"inLanguage\":\"es\"},{\"@type\":\"WebPage\",\"@id\":\"https:\\\/\\\/latamjournalismreview.org\\\/es\\\/articles\\\/como-es-vivir-en-un-desierto-de-noticias-agencia-mural-explora-la-ausencia-de-periodismo-local-en-una-ciudad-brasilena\\\/\",\"url\":\"https:\\\/\\\/latamjournalismreview.org\\\/es\\\/articles\\\/como-es-vivir-en-un-desierto-de-noticias-agencia-mural-explora-la-ausencia-de-periodismo-local-en-una-ciudad-brasilena\\\/\",\"name\":\"\u00bfC\u00f3mo es vivir en un desierto de noticias? Ag\u00eancia Mural explora la ausencia de periodismo local en una ciudad brasile\u00f1a - LatAm Journalism Review\",\"isPartOf\":{\"@id\":\"https:\\\/\\\/latamjournalismreview.org\\\/es\\\/#website\"},\"primaryImageOfPage\":{\"@id\":\"https:\\\/\\\/latamjournalismreview.org\\\/es\\\/articles\\\/como-es-vivir-en-un-desierto-de-noticias-agencia-mural-explora-la-ausencia-de-periodismo-local-en-una-ciudad-brasilena\\\/#primaryimage\"},\"image\":{\"@id\":\"https:\\\/\\\/latamjournalismreview.org\\\/es\\\/articles\\\/como-es-vivir-en-un-desierto-de-noticias-agencia-mural-explora-la-ausencia-de-periodismo-local-en-una-ciudad-brasilena\\\/#primaryimage\"},\"thumbnailUrl\":\"https:\\\/\\\/latamjournalismreview.org\\\/wp-content\\\/uploads\\\/2024\\\/06\\\/FEATURED-Pirapora-do-Bom-Jesus-Mural.png\",\"datePublished\":\"2024-06-12T16:24:25+00:00\",\"dateModified\":\"2024-06-12T17:17:33+00:00\",\"description\":\"\u00bfC\u00f3mo es vivir en un desierto de noticias? Ag\u00eancia Mural explora la ausencia de periodismo local en una ciudad brasile\u00f1a M\u00e1s informaci\u00f3n sobre los desiertos de noticias en Brasil y el impacto socioecon\u00f3mico en ciudades como Pirapora do Bom Jesus, en S\u00e3o Paulo.\",\"breadcrumb\":{\"@id\":\"https:\\\/\\\/latamjournalismreview.org\\\/es\\\/articles\\\/como-es-vivir-en-un-desierto-de-noticias-agencia-mural-explora-la-ausencia-de-periodismo-local-en-una-ciudad-brasilena\\\/#breadcrumb\"},\"inLanguage\":\"es\",\"potentialAction\":[{\"@type\":\"ReadAction\",\"target\":[\"https:\\\/\\\/latamjournalismreview.org\\\/es\\\/articles\\\/como-es-vivir-en-un-desierto-de-noticias-agencia-mural-explora-la-ausencia-de-periodismo-local-en-una-ciudad-brasilena\\\/\"]}]},{\"@type\":\"ImageObject\",\"inLanguage\":\"es\",\"@id\":\"https:\\\/\\\/latamjournalismreview.org\\\/es\\\/articles\\\/como-es-vivir-en-un-desierto-de-noticias-agencia-mural-explora-la-ausencia-de-periodismo-local-en-una-ciudad-brasilena\\\/#primaryimage\",\"url\":\"https:\\\/\\\/latamjournalismreview.org\\\/wp-content\\\/uploads\\\/2024\\\/06\\\/FEATURED-Pirapora-do-Bom-Jesus-Mural.png\",\"contentUrl\":\"https:\\\/\\\/latamjournalismreview.org\\\/wp-content\\\/uploads\\\/2024\\\/06\\\/FEATURED-Pirapora-do-Bom-Jesus-Mural.png\",\"width\":507,\"height\":340,\"caption\":\"Foto: L\u00e9u Britto\\\/Ag\u00eancia Mural\"},{\"@type\":\"BreadcrumbList\",\"@id\":\"https:\\\/\\\/latamjournalismreview.org\\\/es\\\/articles\\\/como-es-vivir-en-un-desierto-de-noticias-agencia-mural-explora-la-ausencia-de-periodismo-local-en-una-ciudad-brasilena\\\/#breadcrumb\",\"itemListElement\":[{\"@type\":\"ListItem\",\"position\":1,\"name\":\"Home\",\"item\":\"https:\\\/\\\/latamjournalismreview.org\\\/es\\\/\"},{\"@type\":\"ListItem\",\"position\":2,\"name\":\"\u00bfC\u00f3mo es vivir en un desierto de noticias? Ag\u00eancia Mural explora la ausencia de periodismo local en una ciudad brasile\u00f1a\"}]},{\"@type\":\"WebSite\",\"@id\":\"https:\\\/\\\/latamjournalismreview.org\\\/es\\\/#website\",\"url\":\"https:\\\/\\\/latamjournalismreview.org\\\/es\\\/\",\"name\":\"LatAm Journalism Review\",\"description\":\"Knight Center at The University of Texas\",\"publisher\":{\"@id\":\"https:\\\/\\\/latamjournalismreview.org\\\/es\\\/#organization\"},\"potentialAction\":[{\"@type\":\"SearchAction\",\"target\":{\"@type\":\"EntryPoint\",\"urlTemplate\":\"https:\\\/\\\/latamjournalismreview.org\\\/es\\\/?s={search_term_string}\"},\"query-input\":{\"@type\":\"PropertyValueSpecification\",\"valueRequired\":true,\"valueName\":\"search_term_string\"}}],\"inLanguage\":\"es\"},{\"@type\":\"Organization\",\"@id\":\"https:\\\/\\\/latamjournalismreview.org\\\/es\\\/#organization\",\"name\":\"LatAm Journalism Review\",\"url\":\"https:\\\/\\\/latamjournalismreview.org\\\/es\\\/\",\"logo\":{\"@type\":\"ImageObject\",\"inLanguage\":\"es\",\"@id\":\"https:\\\/\\\/latamjournalismreview.org\\\/es\\\/#\\\/schema\\\/logo\\\/image\\\/\",\"url\":\"https:\\\/\\\/latamjournalismreview.org\\\/wp-content\\\/uploads\\\/2020\\\/05\\\/knight-latAm-review-logo.svg\",\"contentUrl\":\"https:\\\/\\\/latamjournalismreview.org\\\/wp-content\\\/uploads\\\/2020\\\/05\\\/knight-latAm-review-logo.svg\",\"width\":\"1024\",\"height\":\"1024\",\"caption\":\"LatAm Journalism Review\"},\"image\":{\"@id\":\"https:\\\/\\\/latamjournalismreview.org\\\/es\\\/#\\\/schema\\\/logo\\\/image\\\/\"},\"sameAs\":[\"https:\\\/\\\/x.com\\\/LatAmJournalism\"]},{\"@type\":\"Person\",\"@id\":\"https:\\\/\\\/latamjournalismreview.org\\\/es\\\/#\\\/schema\\\/person\\\/f98b544e2f231a237f39a56cc9a00a9a\",\"name\":\"Carolina de Assis\",\"description\":\"Carolina de Assis is a Brazilian journalist and researcher who lives in Juiz de Fora, MG, Brazil. She holds a master's degree in Women\u2019s and Gender Studies from the GEMMA Programme \u2013 Universit\u00e0 di Bologna (Italy) \\\/ Universiteit Utrecht (The Netherlands) and has worked as an editor at G\u00eanero e N\u00famero, a Brazilian digital magazine focused on data journalism and gender issues. She is especially interested in journalistic initiatives aimed at promoting human rights and gender justice. You can find her on Twitter: @caroldeassis _________ Carolina de Assis es una periodista e investigadora brasile\u00f1a que vive en Juiz de Fora, MG, Brasil . Tiene una maestr\u00eda en Estudios de las Mujeres y de G\u00e9nero del programa GEMMA \u2013 Universit\u00e0 di Bologna (Italia) \\\/ Universiteit Utrecht (Holanda). Trabaj\u00f3 como editora en la revista digital brasile\u00f1a G\u00eanero e N\u00famero. Le interesan especialmente iniciativas period\u00edsticas que tienen el objetivo de promover los derechos humanos y la justicia de g\u00e9nero. Puedes encontrarla en Twitter: @caroldeassis. _______ Carolina de Assis \u00e9 uma jornalista e pesquisadora brasileira que vive em Juiz de Fora (MG). \u00c9 mestra em Estudos da Mulher e de G\u00eanero pelo programa GEMMA \u2013 Universit\u00e0 di Bologna (It\u00e1lia) \\\/ Universiteit Utrecht (Holanda). Trabalhou como editora na revista digital G\u00eanero e N\u00famero e se interessa especialmente por iniciativas jornal\u00edsticas que promovam os direitos humanos e a justi\u00e7a de g\u00eanero. Voc\u00ea pode encontr\u00e1-la no Twitter em @caroldeassis.\",\"url\":\"https:\\\/\\\/latamjournalismreview.org\\\/es\\\/articles\\\/author\\\/carolina-de-assis\\\/\"}]}<\/script>\n<!-- \/ Yoast SEO Premium plugin. -->","yoast_head_json":{"title":"\u00bfC\u00f3mo es vivir en un desierto de noticias? Ag\u00eancia Mural explora la ausencia de periodismo local en una ciudad brasile\u00f1a - LatAm Journalism Review","description":"\u00bfC\u00f3mo es vivir en un desierto de noticias? Ag\u00eancia Mural explora la ausencia de periodismo local en una ciudad brasile\u00f1a M\u00e1s informaci\u00f3n sobre los desiertos de noticias en Brasil y el impacto socioecon\u00f3mico en ciudades como Pirapora do Bom Jesus, en S\u00e3o Paulo.","robots":{"index":"index","follow":"follow","max-snippet":"max-snippet:-1","max-image-preview":"max-image-preview:large","max-video-preview":"max-video-preview:-1"},"canonical":"https:\/\/latamjournalismreview.org\/es\/articles\/como-es-vivir-en-un-desierto-de-noticias-agencia-mural-explora-la-ausencia-de-periodismo-local-en-una-ciudad-brasilena\/","og_locale":"es_ES","og_type":"article","og_title":"\u00bfC\u00f3mo es vivir en un desierto de noticias? Ag\u00eancia Mural explora la ausencia de periodismo local en una ciudad brasile\u00f1a","og_description":"\u00bfC\u00f3mo es vivir en un desierto de noticias? Ag\u00eancia Mural explora la ausencia de periodismo local en una ciudad brasile\u00f1a M\u00e1s informaci\u00f3n sobre los desiertos de noticias en Brasil y el impacto socioecon\u00f3mico en ciudades como Pirapora do Bom Jesus, en S\u00e3o Paulo.","og_url":"https:\/\/latamjournalismreview.org\/es\/articles\/como-es-vivir-en-un-desierto-de-noticias-agencia-mural-explora-la-ausencia-de-periodismo-local-en-una-ciudad-brasilena\/","og_site_name":"LatAm Journalism Review","article_published_time":"2024-06-12T16:24:25+00:00","article_modified_time":"2024-06-12T17:17:33+00:00","og_image":[{"width":507,"height":340,"url":"https:\/\/latamjournalismreview.org\/wp-content\/uploads\/2024\/06\/FEATURED-Pirapora-do-Bom-Jesus-Mural.png","type":"image\/png"}],"author":"Carolina de Assis","twitter_card":"summary_large_image","twitter_creator":"@LatAmJournalism","twitter_site":"@LatAmJournalism","twitter_misc":{"Written by":"Carolina de Assis","Est. reading time":"8 minutos"},"schema":{"@context":"https:\/\/schema.org","@graph":[{"@type":"Article","@id":"https:\/\/latamjournalismreview.org\/es\/articles\/como-es-vivir-en-un-desierto-de-noticias-agencia-mural-explora-la-ausencia-de-periodismo-local-en-una-ciudad-brasilena\/#article","isPartOf":{"@id":"https:\/\/latamjournalismreview.org\/es\/articles\/como-es-vivir-en-un-desierto-de-noticias-agencia-mural-explora-la-ausencia-de-periodismo-local-en-una-ciudad-brasilena\/"},"author":{"name":"Carolina de Assis","@id":"https:\/\/latamjournalismreview.org\/es\/#\/schema\/person\/f98b544e2f231a237f39a56cc9a00a9a"},"headline":"\u00bfC\u00f3mo es vivir en un desierto de noticias? Ag\u00eancia Mural explora la ausencia de periodismo local en una ciudad brasile\u00f1a","datePublished":"2024-06-12T16:24:25+00:00","dateModified":"2024-06-12T17:17:33+00:00","mainEntityOfPage":{"@id":"https:\/\/latamjournalismreview.org\/es\/articles\/como-es-vivir-en-un-desierto-de-noticias-agencia-mural-explora-la-ausencia-de-periodismo-local-en-una-ciudad-brasilena\/"},"wordCount":1588,"publisher":{"@id":"https:\/\/latamjournalismreview.org\/es\/#organization"},"image":{"@id":"https:\/\/latamjournalismreview.org\/es\/articles\/como-es-vivir-en-un-desierto-de-noticias-agencia-mural-explora-la-ausencia-de-periodismo-local-en-una-ciudad-brasilena\/#primaryimage"},"thumbnailUrl":"https:\/\/latamjournalismreview.org\/wp-content\/uploads\/2024\/06\/FEATURED-Pirapora-do-Bom-Jesus-Mural.png","articleSection":["Reportajes especiales"],"inLanguage":"es"},{"@type":"WebPage","@id":"https:\/\/latamjournalismreview.org\/es\/articles\/como-es-vivir-en-un-desierto-de-noticias-agencia-mural-explora-la-ausencia-de-periodismo-local-en-una-ciudad-brasilena\/","url":"https:\/\/latamjournalismreview.org\/es\/articles\/como-es-vivir-en-un-desierto-de-noticias-agencia-mural-explora-la-ausencia-de-periodismo-local-en-una-ciudad-brasilena\/","name":"\u00bfC\u00f3mo es vivir en un desierto de noticias? Ag\u00eancia Mural explora la ausencia de periodismo local en una ciudad brasile\u00f1a - LatAm Journalism Review","isPartOf":{"@id":"https:\/\/latamjournalismreview.org\/es\/#website"},"primaryImageOfPage":{"@id":"https:\/\/latamjournalismreview.org\/es\/articles\/como-es-vivir-en-un-desierto-de-noticias-agencia-mural-explora-la-ausencia-de-periodismo-local-en-una-ciudad-brasilena\/#primaryimage"},"image":{"@id":"https:\/\/latamjournalismreview.org\/es\/articles\/como-es-vivir-en-un-desierto-de-noticias-agencia-mural-explora-la-ausencia-de-periodismo-local-en-una-ciudad-brasilena\/#primaryimage"},"thumbnailUrl":"https:\/\/latamjournalismreview.org\/wp-content\/uploads\/2024\/06\/FEATURED-Pirapora-do-Bom-Jesus-Mural.png","datePublished":"2024-06-12T16:24:25+00:00","dateModified":"2024-06-12T17:17:33+00:00","description":"\u00bfC\u00f3mo es vivir en un desierto de noticias? Ag\u00eancia Mural explora la ausencia de periodismo local en una ciudad brasile\u00f1a M\u00e1s informaci\u00f3n sobre los desiertos de noticias en Brasil y el impacto socioecon\u00f3mico en ciudades como Pirapora do Bom Jesus, en S\u00e3o Paulo.","breadcrumb":{"@id":"https:\/\/latamjournalismreview.org\/es\/articles\/como-es-vivir-en-un-desierto-de-noticias-agencia-mural-explora-la-ausencia-de-periodismo-local-en-una-ciudad-brasilena\/#breadcrumb"},"inLanguage":"es","potentialAction":[{"@type":"ReadAction","target":["https:\/\/latamjournalismreview.org\/es\/articles\/como-es-vivir-en-un-desierto-de-noticias-agencia-mural-explora-la-ausencia-de-periodismo-local-en-una-ciudad-brasilena\/"]}]},{"@type":"ImageObject","inLanguage":"es","@id":"https:\/\/latamjournalismreview.org\/es\/articles\/como-es-vivir-en-un-desierto-de-noticias-agencia-mural-explora-la-ausencia-de-periodismo-local-en-una-ciudad-brasilena\/#primaryimage","url":"https:\/\/latamjournalismreview.org\/wp-content\/uploads\/2024\/06\/FEATURED-Pirapora-do-Bom-Jesus-Mural.png","contentUrl":"https:\/\/latamjournalismreview.org\/wp-content\/uploads\/2024\/06\/FEATURED-Pirapora-do-Bom-Jesus-Mural.png","width":507,"height":340,"caption":"Foto: L\u00e9u Britto\/Ag\u00eancia Mural"},{"@type":"BreadcrumbList","@id":"https:\/\/latamjournalismreview.org\/es\/articles\/como-es-vivir-en-un-desierto-de-noticias-agencia-mural-explora-la-ausencia-de-periodismo-local-en-una-ciudad-brasilena\/#breadcrumb","itemListElement":[{"@type":"ListItem","position":1,"name":"Home","item":"https:\/\/latamjournalismreview.org\/es\/"},{"@type":"ListItem","position":2,"name":"\u00bfC\u00f3mo es vivir en un desierto de noticias? Ag\u00eancia Mural explora la ausencia de periodismo local en una ciudad brasile\u00f1a"}]},{"@type":"WebSite","@id":"https:\/\/latamjournalismreview.org\/es\/#website","url":"https:\/\/latamjournalismreview.org\/es\/","name":"LatAm Journalism Review","description":"Knight Center at The University of Texas","publisher":{"@id":"https:\/\/latamjournalismreview.org\/es\/#organization"},"potentialAction":[{"@type":"SearchAction","target":{"@type":"EntryPoint","urlTemplate":"https:\/\/latamjournalismreview.org\/es\/?s={search_term_string}"},"query-input":{"@type":"PropertyValueSpecification","valueRequired":true,"valueName":"search_term_string"}}],"inLanguage":"es"},{"@type":"Organization","@id":"https:\/\/latamjournalismreview.org\/es\/#organization","name":"LatAm Journalism Review","url":"https:\/\/latamjournalismreview.org\/es\/","logo":{"@type":"ImageObject","inLanguage":"es","@id":"https:\/\/latamjournalismreview.org\/es\/#\/schema\/logo\/image\/","url":"https:\/\/latamjournalismreview.org\/wp-content\/uploads\/2020\/05\/knight-latAm-review-logo.svg","contentUrl":"https:\/\/latamjournalismreview.org\/wp-content\/uploads\/2020\/05\/knight-latAm-review-logo.svg","width":"1024","height":"1024","caption":"LatAm Journalism Review"},"image":{"@id":"https:\/\/latamjournalismreview.org\/es\/#\/schema\/logo\/image\/"},"sameAs":["https:\/\/x.com\/LatAmJournalism"]},{"@type":"Person","@id":"https:\/\/latamjournalismreview.org\/es\/#\/schema\/person\/f98b544e2f231a237f39a56cc9a00a9a","name":"Carolina de Assis","description":"Carolina de Assis is a Brazilian journalist and researcher who lives in Juiz de Fora, MG, Brazil. She holds a master's degree in Women\u2019s and Gender Studies from the GEMMA Programme \u2013 Universit\u00e0 di Bologna (Italy) \/ Universiteit Utrecht (The Netherlands) and has worked as an editor at G\u00eanero e N\u00famero, a Brazilian digital magazine focused on data journalism and gender issues. She is especially interested in journalistic initiatives aimed at promoting human rights and gender justice. You can find her on Twitter: @caroldeassis _________ Carolina de Assis es una periodista e investigadora brasile\u00f1a que vive en Juiz de Fora, MG, Brasil . Tiene una maestr\u00eda en Estudios de las Mujeres y de G\u00e9nero del programa GEMMA \u2013 Universit\u00e0 di Bologna (Italia) \/ Universiteit Utrecht (Holanda). Trabaj\u00f3 como editora en la revista digital brasile\u00f1a G\u00eanero e N\u00famero. Le interesan especialmente iniciativas period\u00edsticas que tienen el objetivo de promover los derechos humanos y la justicia de g\u00e9nero. Puedes encontrarla en Twitter: @caroldeassis. _______ Carolina de Assis \u00e9 uma jornalista e pesquisadora brasileira que vive em Juiz de Fora (MG). \u00c9 mestra em Estudos da Mulher e de G\u00eanero pelo programa GEMMA \u2013 Universit\u00e0 di Bologna (It\u00e1lia) \/ Universiteit Utrecht (Holanda). Trabalhou como editora na revista digital G\u00eanero e N\u00famero e se interessa especialmente por iniciativas jornal\u00edsticas que promovam os direitos humanos e a justi\u00e7a de g\u00eanero. Voc\u00ea pode encontr\u00e1-la no Twitter em @caroldeassis.","url":"https:\/\/latamjournalismreview.org\/es\/articles\/author\/carolina-de-assis\/"}]}},"_links":{"self":[{"href":"https:\/\/latamjournalismreview.org\/es\/wp-json\/wp\/v2\/posts\/88164","targetHints":{"allow":["GET"]}}],"collection":[{"href":"https:\/\/latamjournalismreview.org\/es\/wp-json\/wp\/v2\/posts"}],"about":[{"href":"https:\/\/latamjournalismreview.org\/es\/wp-json\/wp\/v2\/types\/post"}],"author":[{"embeddable":true,"href":"https:\/\/latamjournalismreview.org\/es\/wp-json\/wp\/v2\/users\/16"}],"replies":[{"embeddable":true,"href":"https:\/\/latamjournalismreview.org\/es\/wp-json\/wp\/v2\/comments?post=88164"}],"version-history":[{"count":4,"href":"https:\/\/latamjournalismreview.org\/es\/wp-json\/wp\/v2\/posts\/88164\/revisions"}],"predecessor-version":[{"id":88184,"href":"https:\/\/latamjournalismreview.org\/es\/wp-json\/wp\/v2\/posts\/88164\/revisions\/88184"}],"wp:featuredmedia":[{"embeddable":true,"href":"https:\/\/latamjournalismreview.org\/es\/wp-json\/wp\/v2\/media\/88122"}],"wp:attachment":[{"href":"https:\/\/latamjournalismreview.org\/es\/wp-json\/wp\/v2\/media?parent=88164"}],"wp:term":[{"taxonomy":"category","embeddable":true,"href":"https:\/\/latamjournalismreview.org\/es\/wp-json\/wp\/v2\/categories?post=88164"},{"taxonomy":"post_tag","embeddable":true,"href":"https:\/\/latamjournalismreview.org\/es\/wp-json\/wp\/v2\/tags?post=88164"},{"taxonomy":"author","embeddable":true,"href":"https:\/\/latamjournalismreview.org\/es\/wp-json\/wp\/v2\/coauthors?post=88164"}],"curies":[{"name":"wp","href":"https:\/\/api.w.org\/{rel}","templated":true}]}}