{"id":89023,"date":"2024-07-09T10:36:07","date_gmt":"2024-07-09T15:36:07","guid":{"rendered":"https:\/\/latamjournalismreview.org\/?p=89023"},"modified":"2024-07-09T13:37:05","modified_gmt":"2024-07-09T18:37:05","slug":"foro-de-periodismo-argentino-denuncia-ataque-organizado-en-redes-y-creciente-hostilidad-de-javier-milei-contra-periodistas","status":"publish","type":"post","link":"https:\/\/latamjournalismreview.org\/es\/articles\/foro-de-periodismo-argentino-denuncia-ataque-organizado-en-redes-y-creciente-hostilidad-de-javier-milei-contra-periodistas\/","title":{"rendered":"Foro de Periodismo Argentino denuncia \u201cataque organizado\u201d en redes y \u201ccreciente hostilidad\u201d de Javier Milei contra periodistas"},"content":{"rendered":"<p dir=\"ltr\">El presidente de Argentina, Javier Milei, particip\u00f3 en un ataque digital contra el Foro de Periodismo Argentino (Fopea) los d\u00edas 27 y 28 de junio en la red social X. Fopea denunci\u00f3 haber sufrido una \u201cclara campa\u00f1a de desprestigio de operadores digitales ligados al Gobierno\u201d, que incluy\u00f3 la difusi\u00f3n de capturas de pantalla de un chat \u201cabsolutamente falso\u201d, seg\u00fan la organizaci\u00f3n, as\u00ed como ataques directos del propio presidente.<\/p>\n<p dir=\"ltr\">El incidente supone un nuevo episodio de tensi\u00f3n del presidente argentino, que asumi\u00f3 el cargo en diciembre del a\u00f1o pasado,\u00a0<a href=\"https:\/\/latamjournalismreview.org\/es\/articles\/el-problema-que-tiene-milei-es-con-los-periodistas-no-con-la-prensa-5-preguntas-para-el-investigador-argentino-santiago-marino\/\" target=\"_blank\" rel=\"noopener noreferrer\"><u>con los periodistas y la prensa<\/u><\/a>. Milei\u00a0<a href=\"https:\/\/latamjournalismreview.org\/es\/news\/gobierno-de-milei-transforma-agencia-argentina-de-noticias-telam-en-agencia-de-publicidad\/\" target=\"_blank\" rel=\"noopener noreferrer\"><u>ha atacado a los medios p\u00fablicos argentinos<\/u><\/a>, ha sido\u00a0<a href=\"https:\/\/latamjournalismreview.org\/es\/news\/periodista-denuncia-penalmente-a-presidente-de-argentina-por-injurias\/\" target=\"_blank\" rel=\"noopener noreferrer\"><u>demandado por difamaci\u00f3n contra un periodista<\/u><\/a> y, seg\u00fan organizaciones de medios de comunicaci\u00f3n de Argentina, lleva a cabo\u00a0<a href=\"https:\/\/latamjournalismreview.org\/es\/news\/organizaciones-argentinas-advierten-a-la-cidh-sobre-medidas-regresivas-en-terminos-de-concentracion-mediatica\/\" target=\"_blank\" rel=\"noopener noreferrer\"><u>pol\u00edticas que fomentan la concentraci\u00f3n de medios<\/u><\/a>.<\/p>\n<p dir=\"ltr\">De acuerdo con Fopea, la nueva ola de ataques comenz\u00f3 el 27 de junio. El d\u00eda anterior, el Ministerio de Capital Humano de Argentina public\u00f3\u00a0<a href=\"https:\/\/x.com\/MindeCapitalH\" target=\"_blank\" rel=\"noopener noreferrer\"><u>en su perfil de X<\/u><\/a> una\u00a0<a href=\"https:\/\/fopea.org\/wp-content\/uploads\/2024\/06\/WhatsApp-Image-2024-06-28-at-16.50.53-e1719610383697-483x1024.jpeg\" target=\"_blank\" rel=\"noopener noreferrer\"><u>convocatoria para la Matr\u00edcula Nacional de Periodistas<\/u><\/a>, un registro de estos profesionales en la Secretar\u00eda de Trabajo, Empleo y Seguridad Social. En la p\u00e1gina web de la Secretar\u00eda\u00a0<a href=\"https:\/\/www.perfil.com\/noticias\/actualidad\/el-gobierno-lanzo-una-campana-para-que-sea-obligatoria-la-matricula-nacional-de-periodistas.phtml\" target=\"_blank\" rel=\"noopener noreferrer\"><u>se afirmaba que la inscripci\u00f3n era obligatoria<\/u><\/a>, seg\u00fan informaron los medios de comunicaci\u00f3n argentinos.<\/p>\n<p dir=\"ltr\">El d\u00eda 27,\u00a0<a href=\"https:\/\/fopea.org\/condenamos-y-deploramos-la-colegiacion-de-periodistas-impulsada-por-el-gobierno\/\" target=\"_blank\" rel=\"noopener noreferrer\"><u>Fopea se pronunci\u00f3 en contra de la medida<\/u><\/a>, recordando que desde 1985\u00a0<a href=\"https:\/\/www.corteidh.or.cr\/docs\/opiniones\/seriea_05_esp.pdf\" target=\"_blank\" rel=\"noopener noreferrer\"><u>la Corte Interamericana de Derechos Humanos considera la obligatoriedad del registro como una restricci\u00f3n ileg\u00edtima al derecho universal a la libertad de expresi\u00f3n<\/u><\/a>.<\/p>\n<p dir=\"ltr\">\u201cEl Foro de Periodismo Argentino (Fopea) condena y deplora la decisi\u00f3n del ministerio de Capital Humano de la Naci\u00f3n de reimplantar la matriculaci\u00f3n obligatoria de periodistas, una pr\u00e1ctica obsoleta [...] Fopea exige al Ministerio de Capital Humano que corrija su error y elimine la obligatoriedad de aplicaci\u00f3n de una norma que cay\u00f3 en desuetudo por incompatibilidad con el orden jur\u00eddico y por falta de uso concreto y continuo durante d\u00e9cadas\u201d, se\u00f1al\u00f3 el comunicado.<\/p>\n<p dir=\"ltr\">Los diarios\u00a0<a href=\"https:\/\/www.lanacion.com.ar\/politica\/fuerte-cuestionamiento-de-fopea-a-la-decision-de-reflotar-una-norma-de-1944-para-regular-al-nid27062024\/\" target=\"_blank\" rel=\"noopener noreferrer\"><u>La Naci\u00f3n<\/u><\/a>,\u00a0<a href=\"https:\/\/www.clarin.com\/politica\/polemica-anuncio-gobierno-tratar-reimplementar-matricula-obligatoria-periodistas_0_3UUrlB1Kng.html\" target=\"_blank\" rel=\"noopener noreferrer\"><u>Clar\u00edn<\/u><\/a> y\u00a0<a href=\"https:\/\/www.pagina12.com.ar\/747880-la-polemica-detras-del-intento-del-gobierno-de-revivir-el-ca\" target=\"_blank\" rel=\"noopener noreferrer\"><u>P\u00e1gina 12<\/u><\/a> fueron algunos de los medios argentinos que hicieron eco del comunicado de Fopea. La presidenta de Fopea, Paula Moreno, dijo a\u00a0<strong>LatAm Journalism Review (LJR)<\/strong> que hab\u00eda enviado el comunicado por WhatsApp al secretario de Prensa del gobierno de Milei, Eduardo Serenellini, con quien ya se hab\u00eda reunido por otros temas.<\/p>\n<p dir=\"ltr\">\u201c\u00c9l [Serenellini] me aclara: [la matriculaci\u00f3n] \u2018no es obligatoria\u2019. Me lo dice un par de veces por escrito en un chat y luego me llama y efectivamente dice que no, que no es obligatoria\u201d, dijo Moreno. \u201cMi respuesta fue \u2018bueno, pues entonces publ\u00edquenlo ustedes, con sus canales de forma oficial, desmintiendo esa situaci\u00f3n\u2019, y no lo hicieron\u201d.<\/p>\n<p dir=\"ltr\">El post del Ministerio de Capital Humano sobre el registro de periodistas fue borrado. En\u00a0<a href=\"https:\/\/www.lanacion.com.ar\/politica\/el-gobierno-atribuyo-a-un-error-involuntario-la-idea-de-exigir-una-matriculacion-para-periodistas-nid28062024\/\" target=\"_blank\" rel=\"noopener noreferrer\"><u>una entrevista con La Naci\u00f3n,<\/u><\/a> Serenellini confirm\u00f3 la conversaci\u00f3n con Moreno y dijo que la publicaci\u00f3n del Ministerio en la que se afirmaba que el registro era obligatorio fue un \u201cerror involuntario\u201d. Sin embargo, hasta el momento no ha habido ninguna aclaraci\u00f3n oficial del gobierno argentino sobre el tema en sus canales institucionales.<\/p>\n<div id=\"attachment_89008\" style=\"width: 430px\" class=\"wp-caption alignright\"><img loading=\"lazy\" decoding=\"async\" aria-describedby=\"caption-attachment-89008\" class=\"wp-image-89008\" src=\"https:\/\/latamjournalismreview.org\/wp-content\/uploads\/2024\/07\/tuitgordodanfopea.png\" alt=\"printscreen of a tweet\" width=\"420\" height=\"473\" srcset=\"https:\/\/latamjournalismreview.org\/wp-content\/uploads\/2024\/07\/tuitgordodanfopea.png 677w, https:\/\/latamjournalismreview.org\/wp-content\/uploads\/2024\/07\/tuitgordodanfopea-267x300.png 267w\" sizes=\"auto, (max-width: 420px) 100vw, 420px\" \/><p id=\"caption-attachment-89008\" class=\"wp-caption-text\">Post en la red social X con capturas de pantalla falsas, de acuerdo con Fopea, de una supuesta conversaci\u00f3n entre miembros de la organizaci\u00f3n. (Foto: Captura de pantalla)<\/p><\/div>\n<p dir=\"ltr\">Al final de la tarde del 27 de junio,\u00a0<a href=\"https:\/\/www.cronista.com\/columnistas\/la-reforma-del-estado-del-gordo-dan\/\" target=\"_blank\" rel=\"noopener noreferrer\"><u>un usuario de X cercano al gobierno de Milei<\/u><\/a> public\u00f3 en WhatsApp\u00a0<a href=\"https:\/\/x.com\/GordoDan_\/status\/1806445554001653838\" target=\"_blank\" rel=\"noopener noreferrer\"><u>una supuesta filtraci\u00f3n de una conversaci\u00f3n<\/u><\/a> entre miembros de la comisi\u00f3n directiva de Fopea. Los mensajes se refieren al youtuber libertario y simpatizante del presidente Mariano P\u00e9rez, quien esa misma ma\u00f1ana hab\u00eda asistido a una marcha de opositores a Milei frente al Congreso argentino. P\u00e9rez public\u00f3 un video en su canal de YouTube en el que se ve que fue\u00a0<a href=\"https:\/\/www.youtube.com\/watch?v=wgN93wVTc4w\" target=\"_blank\" rel=\"noopener noreferrer\"><u>reconocido por los manifestantes como \u201cmilitante de Milei\u201d<\/u><\/a>\u00a0y fue expulsado de la manifestaci\u00f3n.<\/p>\n<p dir=\"ltr\">Seg\u00fan las capturas de pantalla\u00a0<a href=\"https:\/\/x.com\/GordoDan_\/status\/1806445554001653838\" target=\"_blank\" rel=\"noopener noreferrer\"><u>de la supuesta conversaci\u00f3n compartida en X<\/u><\/a>, la comisi\u00f3n directiva de Fopea discuti\u00f3 si la organizaci\u00f3n deb\u00eda o no solidarizarse con el youtuber, acreditado como periodista en la Casa Rosada, sede del Gobierno argentino. \u201cQue #FOPEAComplice sea tendencia YA\u201d, escribi\u00f3 el usuario que public\u00f3 las capturas de pantalla.<\/p>\n<p dir=\"ltr\">\u201cEse chat es absolutamente falso. De ninguna manera nosotros tuvimos una conversaci\u00f3n de esas caracter\u00edsticas. Ni siquiera hab\u00edamos empezado a discutir y nunca hubi\u00e9ramos discutido en ese tono\u201d, dijo Moreno. \u201cEs hasta bizarro en un punto. Y bueno, eso se comparti\u00f3 r\u00e1pidamente y nosotros lo que entendemos es que hay una situaci\u00f3n maliciosa, un hostigamiento organizado\u201d.<\/p>\n<p dir=\"ltr\">Como resultado, los usuarios de X -<a href=\"https:\/\/fopea.org\/asi-fue-el-ataque-a-fopea\/\" target=\"_blank\" rel=\"noopener noreferrer\"><u>incluido el presidente argentino<\/u><\/a>- comenzaron a republicar el mensaje original con las capturas de pantalla y a publicar nuevos ataques con esta etiqueta.<\/p>\n<p dir=\"ltr\">Seg\u00fan Moreno, se trat\u00f3 de un \u201cataque organizado muy dif\u00edcil de responder\u201d y \u201cmuy voluminoso\u201d.<\/p>\n<p dir=\"ltr\">\u201cDe hecho, el <em>hashta<\/em>g que ellos proponen fue tendencia en minutos, y eso habla tambi\u00e9n de la capacidad de respuesta y de organizaci\u00f3n para instalar [el ataque]\u201d, dijo.<\/p>\n<p dir=\"ltr\">Poco despu\u00e9s de la publicaci\u00f3n con las capturas de pantalla de la supuesta conversaci\u00f3n entre miembros de la junta directiva de Fopea, la\u00a0<a href=\"https:\/\/fopea.org\/ataque-a-fopea\/\" target=\"_blank\" rel=\"noopener noreferrer\"><u>organizaci\u00f3n emiti\u00f3 un comunicado<\/u><\/a> en el que afirm\u00f3 que las capturas de pantalla eran falsas y que dicha conversaci\u00f3n \u201cjam\u00e1s existi\u00f3\u201d.<\/p>\n<p dir=\"ltr\">\u201cSu difusi\u00f3n tiene la clara intenci\u00f3n de desprestigiar a esta organizaci\u00f3n\u201d, dijo Fopea, que atribuy\u00f3 la \u201cfalsa acusaci\u00f3n\u201d al hecho de que la anterior advertencia sobre la obligatoriedad del registro para los periodistas hab\u00eda recibido una amplia atenci\u00f3n medi\u00e1tica en el pa\u00eds.<\/p>\n<p dir=\"ltr\">A la ma\u00f1ana siguiente, Moreno concedi\u00f3\u00a0<a href=\"https:\/\/rivadavia.com.ar\/noticias\/esta-manana\/desde-fopea-explicaron-por-que-no-repudiaron-la-agresion-a-un-periodista-se-define-como-militante\" target=\"_blank\" rel=\"noopener noreferrer\"><u>una entrevista a un programa de radio<\/u><\/a> sobre los ataques a Fopea. Cuestionada sobre por qu\u00e9 la organizaci\u00f3n no se hab\u00eda solidarizado con el youtuber el d\u00eda anterior, Moreno respondi\u00f3 que Fopea trabaja \u201cpor el periodismo profesional\u201d y que P\u00e9rez \u201cse define como militante de Milei\u201d.<\/p>\n<p dir=\"ltr\">Las declaraciones de Moreno provocaron una nueva oleada de ataques en las redes sociales en la ma\u00f1ana del d\u00eda 28. Milei escribi\u00f3 entonces en su perfil de X: \u201c<a href=\"https:\/\/x.com\/JMilei\/status\/1806692135854371060\" target=\"_blank\" rel=\"noopener noreferrer\"><u>FOPEA ES UNA VERG\u00dcENZA<\/u><\/a>\".<\/p>\n<p dir=\"ltr\">Para el 8 de julio, el post del presidente argentino hab\u00eda acumulado m\u00e1s de 880.000 visitas, 16.000 \u201cme gusta\u201d y hab\u00eda sido compartido 2.000 veces. Milei sigui\u00f3 retuiteando mensajes de otros usuarios atacando a la organizaci\u00f3n y utilizando la etiqueta #FOPEAComplice.<\/p>\n<h3>Contexto de los ataques<\/h3>\n<p dir=\"ltr\">Los ataques contra Fopea se inscriben en un contexto de \u201ccreciente hostilidad hacia los periodistas por parte del gobierno en general y del presidente en particular\u201d, dijo Moreno.<\/p>\n<div id=\"attachment_89012\" style=\"width: 430px\" class=\"wp-caption alignleft\"><img loading=\"lazy\" decoding=\"async\" aria-describedby=\"caption-attachment-89012\" class=\"wp-image-89012\" src=\"https:\/\/latamjournalismreview.org\/wp-content\/uploads\/2024\/07\/tuitmileifopea.png\" alt=\"printscreen of a tweet\" width=\"420\" height=\"266\" srcset=\"https:\/\/latamjournalismreview.org\/wp-content\/uploads\/2024\/07\/tuitmileifopea.png 742w, https:\/\/latamjournalismreview.org\/wp-content\/uploads\/2024\/07\/tuitmileifopea-300x190.png 300w\" sizes=\"auto, (max-width: 420px) 100vw, 420px\" \/><p id=\"caption-attachment-89012\" class=\"wp-caption-text\">El presidente argentino, Javier Milei, calific\u00f3 a Fopea como \u201cuna verg\u00fcenza\u201d en su cuenta de X. (Foto: Captura de pantalla)<\/p><\/div>\n<p dir=\"ltr\">\u201cEs muy grave el nivel de hostilidad. Y es muy grave que est\u00e9 como en cabeza del propio presidente de la naci\u00f3n\u201d, dijo la presidenta de Fopea. \u201cA\u00fan el periodista m\u00e1s cre\u00edble de un pa\u00eds no tiene la llegada y adem\u00e1s no tiene la responsabilidad institucional que tiene un presidente de la Naci\u00f3n. \u00c9l no habla por s\u00ed mismo, habla por un pa\u00eds\u201d.<\/p>\n<p dir=\"ltr\">Fopea es una\u00a0<a href=\"https:\/\/fopea.org\/que-hacemos\/\" target=\"_blank\" rel=\"noopener noreferrer\"><u>asociaci\u00f3n fundada en 2002, que agrupa a m\u00e1s de 600 periodistas argentinos<\/u><\/a>. En marzo, la organizaci\u00f3n public\u00f3\u00a0<a href=\"https:\/\/monitoreo.fopea.org\/\" target=\"_blank\" rel=\"noopener noreferrer\"><u>un balance de su seguimiento<\/u><\/a> a las agresiones al periodismo en el pa\u00eds durante los cien primeros d\u00edas del gobierno de Milei. Seg\u00fan Fopea, el\u00a0<a href=\"https:\/\/fopea.org\/100diasdemilei-40-de-los-ataques-al-periodismo-provienen-del-gobierno\/\" target=\"_blank\" rel=\"noopener noreferrer\"><u>40 por ciento de las agresiones a la prensa<\/u><\/a> durante ese periodo fueron perpetradas por Milei o sus ministros.<\/p>\n<p dir=\"ltr\">De acuerdo con Moreno, este ataque contra Fopea no tiene precedentes, ni por su volumen ni por su intensidad. Tambi\u00e9n es la primera vez que Milei menciona directamente a la organizaci\u00f3n en un ataque.<\/p>\n<p dir=\"ltr\">La presidenta de Fopea record\u00f3 que, adem\u00e1s de las reuniones que la organizaci\u00f3n ya mantuvo con el secretario de Prensa del Gobierno, el foro tambi\u00e9n particip\u00f3 de un\u00a0<a href=\"https:\/\/fopea.org\/reunion-bullrich-reclamamos-que-se-garantice-el-trabajo-periodistico\/\" target=\"_blank\" rel=\"noopener noreferrer\"><u>encuentro convocado por la ministra de Seguridad<\/u><\/a>, Patricia Bullrich, en febrero.<\/p>\n<p dir=\"ltr\">\u201cNosotros no estamos ni queremos estar en ninguna situaci\u00f3n de pelea [con el Gobierno]\u201d, dijo. \u201cApostamos al di\u00e1logo. No tiene sentido que nosotros gritemos desde un lado y ellos griten desde el otro. No podemos construir nada as\u00ed\u201d.<\/p>\n<p dir=\"ltr\">\u201cDa la sensaci\u00f3n que el periodismo profesional, el periodismo que va a fondo, el periodismo que hurguetea, molesta. Y ese es el lugar que, tristemente digo, les guste m\u00e1s, les guste menos, nosotros vamos a trabajar para preservar, porque es lo que entendemos que tiene que suceder para que una sociedad y un pa\u00eds se precie realmente de democr\u00e1tico\u201d, dijo Moreno.<\/p>\n<p><strong>LJR<\/strong> envi\u00f3 preguntas a la Secretar\u00eda de Prensa del gobierno argentino sobre la Matr\u00edcula Nacional de Periodistas y sobre los ataques de Milei a Fopea y a la prensa. La Secretar\u00eda respondi\u00f3 que no ser\u00eda posible responder en 24 horas, el plazo inicialmente dado.\u00a0<strong>LJR<\/strong> dijo que ampliar\u00eda el plazo para recibir las respuestas, y la Secretar\u00eda respondi\u00f3 que \u201clos plazos para armar la agenda del Presidente de la Naci\u00f3n los pone Secretar\u00eda General. De todas formas, el tema que usted suscribe ya fue aclarado por el Secretario de Prensa en declaraciones p\u00fablicas\u201d.<\/p>\n","protected":false},"excerpt":{"rendered":"<p>A finales de junio, el Foro de Periodismo Argentino denunci\u00f3 que una supuesta conversaci\u00f3n falsa de su junta directiva fue difundida, en una \u201cclara campa\u00f1a de desprestigio de operadores digitales ligados al Gobierno\u201d. El propio presidente Javier Milei particip\u00f3 en los ataques. La presidenta de Fopea habl\u00f3 con LJR sobre el episodio, que se inscribe en un contexto de tensiones entre el gobierno y la prensa. <\/p>\n","protected":false},"author":16,"featured_media":89007,"comment_status":"closed","ping_status":"closed","sticky":false,"template":"","format":"standard","meta":{"inline_featured_image":false,"footnotes":""},"categories":[1222],"tags":[1426],"coauthors":[2742],"class_list":["post-89023","post","type-post","status-publish","format-standard","has-post-thumbnail","hentry","category-violencia-contra-periodistas-es","tag-argentina-es"],"acf":[],"yoast_head":"<!-- This site is optimized with the Yoast SEO Premium plugin v22.6 (Yoast SEO v27.4) - https:\/\/yoast.com\/product\/yoast-seo-premium-wordpress\/ -->\n<title>Fopea denuncia ataque organizado en redes y hostilidad de Milei<\/title>\n<meta name=\"description\" content=\"El presidente de Argentina Javier Milei ha participado en una campa\u00f1a de desprestigio digital contra Fopea. La organizaci\u00f3n denuncia la creciente hostilidad del gobierno argentino hacia los periodistas.\" \/>\n<meta name=\"robots\" content=\"index, follow, max-snippet:-1, max-image-preview:large, max-video-preview:-1\" \/>\n<link rel=\"canonical\" href=\"https:\/\/latamjournalismreview.org\/es\/articles\/foro-de-periodismo-argentino-denuncia-ataque-organizado-en-redes-y-creciente-hostilidad-de-javier-milei-contra-periodistas\/\" \/>\n<meta property=\"og:locale\" content=\"es_ES\" \/>\n<meta property=\"og:type\" content=\"article\" \/>\n<meta property=\"og:title\" content=\"Foro de Periodismo Argentino denuncia \u201cataque organizado\u201d en redes y \u201ccreciente hostilidad\u201d de Javier Milei contra periodistas\" \/>\n<meta property=\"og:description\" content=\"El presidente de Argentina Javier Milei ha participado en una campa\u00f1a de desprestigio digital contra Fopea. La organizaci\u00f3n denuncia la creciente hostilidad del gobierno argentino hacia los periodistas.\" \/>\n<meta property=\"og:url\" content=\"https:\/\/latamjournalismreview.org\/es\/articles\/foro-de-periodismo-argentino-denuncia-ataque-organizado-en-redes-y-creciente-hostilidad-de-javier-milei-contra-periodistas\/\" \/>\n<meta property=\"og:site_name\" content=\"LatAm Journalism Review\" \/>\n<meta property=\"article:published_time\" content=\"2024-07-09T15:36:07+00:00\" \/>\n<meta property=\"article:modified_time\" content=\"2024-07-09T18:37:05+00:00\" \/>\n<meta property=\"og:image\" content=\"https:\/\/latamjournalismreview.org\/wp-content\/uploads\/2024\/07\/FEATURED-Milei-periodistas.png\" \/>\n\t<meta property=\"og:image:width\" content=\"507\" \/>\n\t<meta property=\"og:image:height\" content=\"340\" \/>\n\t<meta property=\"og:image:type\" content=\"image\/png\" \/>\n<meta name=\"author\" content=\"Carolina de Assis\" \/>\n<meta name=\"twitter:card\" content=\"summary_large_image\" \/>\n<meta name=\"twitter:creator\" content=\"@LatAmJournalism\" \/>\n<meta name=\"twitter:site\" content=\"@LatAmJournalism\" \/>\n<meta name=\"twitter:label1\" content=\"Written by\" \/>\n\t<meta name=\"twitter:data1\" content=\"Carolina de Assis\" \/>\n\t<meta name=\"twitter:label2\" content=\"Est. reading time\" \/>\n\t<meta name=\"twitter:data2\" content=\"8 minutos\" \/>\n<script type=\"application\/ld+json\" class=\"yoast-schema-graph\">{\"@context\":\"https:\\\/\\\/schema.org\",\"@graph\":[{\"@type\":\"Article\",\"@id\":\"https:\\\/\\\/latamjournalismreview.org\\\/es\\\/articles\\\/foro-de-periodismo-argentino-denuncia-ataque-organizado-en-redes-y-creciente-hostilidad-de-javier-milei-contra-periodistas\\\/#article\",\"isPartOf\":{\"@id\":\"https:\\\/\\\/latamjournalismreview.org\\\/es\\\/articles\\\/foro-de-periodismo-argentino-denuncia-ataque-organizado-en-redes-y-creciente-hostilidad-de-javier-milei-contra-periodistas\\\/\"},\"author\":{\"name\":\"Carolina de Assis\",\"@id\":\"https:\\\/\\\/latamjournalismreview.org\\\/es\\\/#\\\/schema\\\/person\\\/f98b544e2f231a237f39a56cc9a00a9a\"},\"headline\":\"Foro de Periodismo Argentino denuncia \u201cataque organizado\u201d en redes y \u201ccreciente hostilidad\u201d de Javier Milei contra periodistas\",\"datePublished\":\"2024-07-09T15:36:07+00:00\",\"dateModified\":\"2024-07-09T18:37:05+00:00\",\"mainEntityOfPage\":{\"@id\":\"https:\\\/\\\/latamjournalismreview.org\\\/es\\\/articles\\\/foro-de-periodismo-argentino-denuncia-ataque-organizado-en-redes-y-creciente-hostilidad-de-javier-milei-contra-periodistas\\\/\"},\"wordCount\":1603,\"publisher\":{\"@id\":\"https:\\\/\\\/latamjournalismreview.org\\\/es\\\/#organization\"},\"image\":{\"@id\":\"https:\\\/\\\/latamjournalismreview.org\\\/es\\\/articles\\\/foro-de-periodismo-argentino-denuncia-ataque-organizado-en-redes-y-creciente-hostilidad-de-javier-milei-contra-periodistas\\\/#primaryimage\"},\"thumbnailUrl\":\"https:\\\/\\\/latamjournalismreview.org\\\/wp-content\\\/uploads\\\/2024\\\/07\\\/FEATURED-Milei-periodistas.png\",\"keywords\":[\"Argentina\"],\"articleSection\":[\"Violencia contra periodistas\"],\"inLanguage\":\"es\"},{\"@type\":\"WebPage\",\"@id\":\"https:\\\/\\\/latamjournalismreview.org\\\/es\\\/articles\\\/foro-de-periodismo-argentino-denuncia-ataque-organizado-en-redes-y-creciente-hostilidad-de-javier-milei-contra-periodistas\\\/\",\"url\":\"https:\\\/\\\/latamjournalismreview.org\\\/es\\\/articles\\\/foro-de-periodismo-argentino-denuncia-ataque-organizado-en-redes-y-creciente-hostilidad-de-javier-milei-contra-periodistas\\\/\",\"name\":\"Fopea denuncia ataque organizado en redes y hostilidad de Milei\",\"isPartOf\":{\"@id\":\"https:\\\/\\\/latamjournalismreview.org\\\/es\\\/#website\"},\"primaryImageOfPage\":{\"@id\":\"https:\\\/\\\/latamjournalismreview.org\\\/es\\\/articles\\\/foro-de-periodismo-argentino-denuncia-ataque-organizado-en-redes-y-creciente-hostilidad-de-javier-milei-contra-periodistas\\\/#primaryimage\"},\"image\":{\"@id\":\"https:\\\/\\\/latamjournalismreview.org\\\/es\\\/articles\\\/foro-de-periodismo-argentino-denuncia-ataque-organizado-en-redes-y-creciente-hostilidad-de-javier-milei-contra-periodistas\\\/#primaryimage\"},\"thumbnailUrl\":\"https:\\\/\\\/latamjournalismreview.org\\\/wp-content\\\/uploads\\\/2024\\\/07\\\/FEATURED-Milei-periodistas.png\",\"datePublished\":\"2024-07-09T15:36:07+00:00\",\"dateModified\":\"2024-07-09T18:37:05+00:00\",\"description\":\"El presidente de Argentina Javier Milei ha participado en una campa\u00f1a de desprestigio digital contra Fopea. La organizaci\u00f3n denuncia la creciente hostilidad del gobierno argentino hacia los periodistas.\",\"breadcrumb\":{\"@id\":\"https:\\\/\\\/latamjournalismreview.org\\\/es\\\/articles\\\/foro-de-periodismo-argentino-denuncia-ataque-organizado-en-redes-y-creciente-hostilidad-de-javier-milei-contra-periodistas\\\/#breadcrumb\"},\"inLanguage\":\"es\",\"potentialAction\":[{\"@type\":\"ReadAction\",\"target\":[\"https:\\\/\\\/latamjournalismreview.org\\\/es\\\/articles\\\/foro-de-periodismo-argentino-denuncia-ataque-organizado-en-redes-y-creciente-hostilidad-de-javier-milei-contra-periodistas\\\/\"]}]},{\"@type\":\"ImageObject\",\"inLanguage\":\"es\",\"@id\":\"https:\\\/\\\/latamjournalismreview.org\\\/es\\\/articles\\\/foro-de-periodismo-argentino-denuncia-ataque-organizado-en-redes-y-creciente-hostilidad-de-javier-milei-contra-periodistas\\\/#primaryimage\",\"url\":\"https:\\\/\\\/latamjournalismreview.org\\\/wp-content\\\/uploads\\\/2024\\\/07\\\/FEATURED-Milei-periodistas.png\",\"contentUrl\":\"https:\\\/\\\/latamjournalismreview.org\\\/wp-content\\\/uploads\\\/2024\\\/07\\\/FEATURED-Milei-periodistas.png\",\"width\":507,\"height\":340,\"caption\":\"O presidente argentino, Javier Milei (centro), fala a jornalistas na Casa Rosada. (Foto: Casa Rosada)\"},{\"@type\":\"BreadcrumbList\",\"@id\":\"https:\\\/\\\/latamjournalismreview.org\\\/es\\\/articles\\\/foro-de-periodismo-argentino-denuncia-ataque-organizado-en-redes-y-creciente-hostilidad-de-javier-milei-contra-periodistas\\\/#breadcrumb\",\"itemListElement\":[{\"@type\":\"ListItem\",\"position\":1,\"name\":\"Home\",\"item\":\"https:\\\/\\\/latamjournalismreview.org\\\/es\\\/\"},{\"@type\":\"ListItem\",\"position\":2,\"name\":\"Foro de Periodismo Argentino denuncia \u201cataque organizado\u201d en redes y \u201ccreciente hostilidad\u201d de Javier Milei contra periodistas\"}]},{\"@type\":\"WebSite\",\"@id\":\"https:\\\/\\\/latamjournalismreview.org\\\/es\\\/#website\",\"url\":\"https:\\\/\\\/latamjournalismreview.org\\\/es\\\/\",\"name\":\"LatAm Journalism Review\",\"description\":\"Knight Center at The University of Texas\",\"publisher\":{\"@id\":\"https:\\\/\\\/latamjournalismreview.org\\\/es\\\/#organization\"},\"potentialAction\":[{\"@type\":\"SearchAction\",\"target\":{\"@type\":\"EntryPoint\",\"urlTemplate\":\"https:\\\/\\\/latamjournalismreview.org\\\/es\\\/?s={search_term_string}\"},\"query-input\":{\"@type\":\"PropertyValueSpecification\",\"valueRequired\":true,\"valueName\":\"search_term_string\"}}],\"inLanguage\":\"es\"},{\"@type\":\"Organization\",\"@id\":\"https:\\\/\\\/latamjournalismreview.org\\\/es\\\/#organization\",\"name\":\"LatAm Journalism Review\",\"url\":\"https:\\\/\\\/latamjournalismreview.org\\\/es\\\/\",\"logo\":{\"@type\":\"ImageObject\",\"inLanguage\":\"es\",\"@id\":\"https:\\\/\\\/latamjournalismreview.org\\\/es\\\/#\\\/schema\\\/logo\\\/image\\\/\",\"url\":\"https:\\\/\\\/latamjournalismreview.org\\\/wp-content\\\/uploads\\\/2020\\\/05\\\/knight-latAm-review-logo.svg\",\"contentUrl\":\"https:\\\/\\\/latamjournalismreview.org\\\/wp-content\\\/uploads\\\/2020\\\/05\\\/knight-latAm-review-logo.svg\",\"width\":\"1024\",\"height\":\"1024\",\"caption\":\"LatAm Journalism Review\"},\"image\":{\"@id\":\"https:\\\/\\\/latamjournalismreview.org\\\/es\\\/#\\\/schema\\\/logo\\\/image\\\/\"},\"sameAs\":[\"https:\\\/\\\/x.com\\\/LatAmJournalism\"]},{\"@type\":\"Person\",\"@id\":\"https:\\\/\\\/latamjournalismreview.org\\\/es\\\/#\\\/schema\\\/person\\\/f98b544e2f231a237f39a56cc9a00a9a\",\"name\":\"Carolina de Assis\",\"description\":\"Carolina de Assis is a Brazilian journalist and researcher who lives in Juiz de Fora, MG, Brazil. She holds a master's degree in Women\u2019s and Gender Studies from the GEMMA Programme \u2013 Universit\u00e0 di Bologna (Italy) \\\/ Universiteit Utrecht (The Netherlands) and has worked as an editor at G\u00eanero e N\u00famero, a Brazilian digital magazine focused on data journalism and gender issues. She is especially interested in journalistic initiatives aimed at promoting human rights and gender justice. You can find her on Twitter: @caroldeassis _________ Carolina de Assis es una periodista e investigadora brasile\u00f1a que vive en Juiz de Fora, MG, Brasil . Tiene una maestr\u00eda en Estudios de las Mujeres y de G\u00e9nero del programa GEMMA \u2013 Universit\u00e0 di Bologna (Italia) \\\/ Universiteit Utrecht (Holanda). Trabaj\u00f3 como editora en la revista digital brasile\u00f1a G\u00eanero e N\u00famero. Le interesan especialmente iniciativas period\u00edsticas que tienen el objetivo de promover los derechos humanos y la justicia de g\u00e9nero. Puedes encontrarla en Twitter: @caroldeassis. _______ Carolina de Assis \u00e9 uma jornalista e pesquisadora brasileira que vive em Juiz de Fora (MG). \u00c9 mestra em Estudos da Mulher e de G\u00eanero pelo programa GEMMA \u2013 Universit\u00e0 di Bologna (It\u00e1lia) \\\/ Universiteit Utrecht (Holanda). Trabalhou como editora na revista digital G\u00eanero e N\u00famero e se interessa especialmente por iniciativas jornal\u00edsticas que promovam os direitos humanos e a justi\u00e7a de g\u00eanero. Voc\u00ea pode encontr\u00e1-la no Twitter em @caroldeassis.\",\"url\":\"https:\\\/\\\/latamjournalismreview.org\\\/es\\\/articles\\\/author\\\/carolina-de-assis\\\/\"}]}<\/script>\n<!-- \/ Yoast SEO Premium plugin. -->","yoast_head_json":{"title":"Fopea denuncia ataque organizado en redes y hostilidad de Milei","description":"El presidente de Argentina Javier Milei ha participado en una campa\u00f1a de desprestigio digital contra Fopea. La organizaci\u00f3n denuncia la creciente hostilidad del gobierno argentino hacia los periodistas.","robots":{"index":"index","follow":"follow","max-snippet":"max-snippet:-1","max-image-preview":"max-image-preview:large","max-video-preview":"max-video-preview:-1"},"canonical":"https:\/\/latamjournalismreview.org\/es\/articles\/foro-de-periodismo-argentino-denuncia-ataque-organizado-en-redes-y-creciente-hostilidad-de-javier-milei-contra-periodistas\/","og_locale":"es_ES","og_type":"article","og_title":"Foro de Periodismo Argentino denuncia \u201cataque organizado\u201d en redes y \u201ccreciente hostilidad\u201d de Javier Milei contra periodistas","og_description":"El presidente de Argentina Javier Milei ha participado en una campa\u00f1a de desprestigio digital contra Fopea. La organizaci\u00f3n denuncia la creciente hostilidad del gobierno argentino hacia los periodistas.","og_url":"https:\/\/latamjournalismreview.org\/es\/articles\/foro-de-periodismo-argentino-denuncia-ataque-organizado-en-redes-y-creciente-hostilidad-de-javier-milei-contra-periodistas\/","og_site_name":"LatAm Journalism Review","article_published_time":"2024-07-09T15:36:07+00:00","article_modified_time":"2024-07-09T18:37:05+00:00","og_image":[{"width":507,"height":340,"url":"https:\/\/latamjournalismreview.org\/wp-content\/uploads\/2024\/07\/FEATURED-Milei-periodistas.png","type":"image\/png"}],"author":"Carolina de Assis","twitter_card":"summary_large_image","twitter_creator":"@LatAmJournalism","twitter_site":"@LatAmJournalism","twitter_misc":{"Written by":"Carolina de Assis","Est. reading time":"8 minutos"},"schema":{"@context":"https:\/\/schema.org","@graph":[{"@type":"Article","@id":"https:\/\/latamjournalismreview.org\/es\/articles\/foro-de-periodismo-argentino-denuncia-ataque-organizado-en-redes-y-creciente-hostilidad-de-javier-milei-contra-periodistas\/#article","isPartOf":{"@id":"https:\/\/latamjournalismreview.org\/es\/articles\/foro-de-periodismo-argentino-denuncia-ataque-organizado-en-redes-y-creciente-hostilidad-de-javier-milei-contra-periodistas\/"},"author":{"name":"Carolina de Assis","@id":"https:\/\/latamjournalismreview.org\/es\/#\/schema\/person\/f98b544e2f231a237f39a56cc9a00a9a"},"headline":"Foro de Periodismo Argentino denuncia \u201cataque organizado\u201d en redes y \u201ccreciente hostilidad\u201d de Javier Milei contra periodistas","datePublished":"2024-07-09T15:36:07+00:00","dateModified":"2024-07-09T18:37:05+00:00","mainEntityOfPage":{"@id":"https:\/\/latamjournalismreview.org\/es\/articles\/foro-de-periodismo-argentino-denuncia-ataque-organizado-en-redes-y-creciente-hostilidad-de-javier-milei-contra-periodistas\/"},"wordCount":1603,"publisher":{"@id":"https:\/\/latamjournalismreview.org\/es\/#organization"},"image":{"@id":"https:\/\/latamjournalismreview.org\/es\/articles\/foro-de-periodismo-argentino-denuncia-ataque-organizado-en-redes-y-creciente-hostilidad-de-javier-milei-contra-periodistas\/#primaryimage"},"thumbnailUrl":"https:\/\/latamjournalismreview.org\/wp-content\/uploads\/2024\/07\/FEATURED-Milei-periodistas.png","keywords":["Argentina"],"articleSection":["Violencia contra periodistas"],"inLanguage":"es"},{"@type":"WebPage","@id":"https:\/\/latamjournalismreview.org\/es\/articles\/foro-de-periodismo-argentino-denuncia-ataque-organizado-en-redes-y-creciente-hostilidad-de-javier-milei-contra-periodistas\/","url":"https:\/\/latamjournalismreview.org\/es\/articles\/foro-de-periodismo-argentino-denuncia-ataque-organizado-en-redes-y-creciente-hostilidad-de-javier-milei-contra-periodistas\/","name":"Fopea denuncia ataque organizado en redes y hostilidad de Milei","isPartOf":{"@id":"https:\/\/latamjournalismreview.org\/es\/#website"},"primaryImageOfPage":{"@id":"https:\/\/latamjournalismreview.org\/es\/articles\/foro-de-periodismo-argentino-denuncia-ataque-organizado-en-redes-y-creciente-hostilidad-de-javier-milei-contra-periodistas\/#primaryimage"},"image":{"@id":"https:\/\/latamjournalismreview.org\/es\/articles\/foro-de-periodismo-argentino-denuncia-ataque-organizado-en-redes-y-creciente-hostilidad-de-javier-milei-contra-periodistas\/#primaryimage"},"thumbnailUrl":"https:\/\/latamjournalismreview.org\/wp-content\/uploads\/2024\/07\/FEATURED-Milei-periodistas.png","datePublished":"2024-07-09T15:36:07+00:00","dateModified":"2024-07-09T18:37:05+00:00","description":"El presidente de Argentina Javier Milei ha participado en una campa\u00f1a de desprestigio digital contra Fopea. La organizaci\u00f3n denuncia la creciente hostilidad del gobierno argentino hacia los periodistas.","breadcrumb":{"@id":"https:\/\/latamjournalismreview.org\/es\/articles\/foro-de-periodismo-argentino-denuncia-ataque-organizado-en-redes-y-creciente-hostilidad-de-javier-milei-contra-periodistas\/#breadcrumb"},"inLanguage":"es","potentialAction":[{"@type":"ReadAction","target":["https:\/\/latamjournalismreview.org\/es\/articles\/foro-de-periodismo-argentino-denuncia-ataque-organizado-en-redes-y-creciente-hostilidad-de-javier-milei-contra-periodistas\/"]}]},{"@type":"ImageObject","inLanguage":"es","@id":"https:\/\/latamjournalismreview.org\/es\/articles\/foro-de-periodismo-argentino-denuncia-ataque-organizado-en-redes-y-creciente-hostilidad-de-javier-milei-contra-periodistas\/#primaryimage","url":"https:\/\/latamjournalismreview.org\/wp-content\/uploads\/2024\/07\/FEATURED-Milei-periodistas.png","contentUrl":"https:\/\/latamjournalismreview.org\/wp-content\/uploads\/2024\/07\/FEATURED-Milei-periodistas.png","width":507,"height":340,"caption":"O presidente argentino, Javier Milei (centro), fala a jornalistas na Casa Rosada. (Foto: Casa Rosada)"},{"@type":"BreadcrumbList","@id":"https:\/\/latamjournalismreview.org\/es\/articles\/foro-de-periodismo-argentino-denuncia-ataque-organizado-en-redes-y-creciente-hostilidad-de-javier-milei-contra-periodistas\/#breadcrumb","itemListElement":[{"@type":"ListItem","position":1,"name":"Home","item":"https:\/\/latamjournalismreview.org\/es\/"},{"@type":"ListItem","position":2,"name":"Foro de Periodismo Argentino denuncia \u201cataque organizado\u201d en redes y \u201ccreciente hostilidad\u201d de Javier Milei contra periodistas"}]},{"@type":"WebSite","@id":"https:\/\/latamjournalismreview.org\/es\/#website","url":"https:\/\/latamjournalismreview.org\/es\/","name":"LatAm Journalism Review","description":"Knight Center at The University of Texas","publisher":{"@id":"https:\/\/latamjournalismreview.org\/es\/#organization"},"potentialAction":[{"@type":"SearchAction","target":{"@type":"EntryPoint","urlTemplate":"https:\/\/latamjournalismreview.org\/es\/?s={search_term_string}"},"query-input":{"@type":"PropertyValueSpecification","valueRequired":true,"valueName":"search_term_string"}}],"inLanguage":"es"},{"@type":"Organization","@id":"https:\/\/latamjournalismreview.org\/es\/#organization","name":"LatAm Journalism Review","url":"https:\/\/latamjournalismreview.org\/es\/","logo":{"@type":"ImageObject","inLanguage":"es","@id":"https:\/\/latamjournalismreview.org\/es\/#\/schema\/logo\/image\/","url":"https:\/\/latamjournalismreview.org\/wp-content\/uploads\/2020\/05\/knight-latAm-review-logo.svg","contentUrl":"https:\/\/latamjournalismreview.org\/wp-content\/uploads\/2020\/05\/knight-latAm-review-logo.svg","width":"1024","height":"1024","caption":"LatAm Journalism Review"},"image":{"@id":"https:\/\/latamjournalismreview.org\/es\/#\/schema\/logo\/image\/"},"sameAs":["https:\/\/x.com\/LatAmJournalism"]},{"@type":"Person","@id":"https:\/\/latamjournalismreview.org\/es\/#\/schema\/person\/f98b544e2f231a237f39a56cc9a00a9a","name":"Carolina de Assis","description":"Carolina de Assis is a Brazilian journalist and researcher who lives in Juiz de Fora, MG, Brazil. She holds a master's degree in Women\u2019s and Gender Studies from the GEMMA Programme \u2013 Universit\u00e0 di Bologna (Italy) \/ Universiteit Utrecht (The Netherlands) and has worked as an editor at G\u00eanero e N\u00famero, a Brazilian digital magazine focused on data journalism and gender issues. She is especially interested in journalistic initiatives aimed at promoting human rights and gender justice. You can find her on Twitter: @caroldeassis _________ Carolina de Assis es una periodista e investigadora brasile\u00f1a que vive en Juiz de Fora, MG, Brasil . Tiene una maestr\u00eda en Estudios de las Mujeres y de G\u00e9nero del programa GEMMA \u2013 Universit\u00e0 di Bologna (Italia) \/ Universiteit Utrecht (Holanda). Trabaj\u00f3 como editora en la revista digital brasile\u00f1a G\u00eanero e N\u00famero. Le interesan especialmente iniciativas period\u00edsticas que tienen el objetivo de promover los derechos humanos y la justicia de g\u00e9nero. Puedes encontrarla en Twitter: @caroldeassis. _______ Carolina de Assis \u00e9 uma jornalista e pesquisadora brasileira que vive em Juiz de Fora (MG). \u00c9 mestra em Estudos da Mulher e de G\u00eanero pelo programa GEMMA \u2013 Universit\u00e0 di Bologna (It\u00e1lia) \/ Universiteit Utrecht (Holanda). Trabalhou como editora na revista digital G\u00eanero e N\u00famero e se interessa especialmente por iniciativas jornal\u00edsticas que promovam os direitos humanos e a justi\u00e7a de g\u00eanero. Voc\u00ea pode encontr\u00e1-la no Twitter em @caroldeassis.","url":"https:\/\/latamjournalismreview.org\/es\/articles\/author\/carolina-de-assis\/"}]}},"_links":{"self":[{"href":"https:\/\/latamjournalismreview.org\/es\/wp-json\/wp\/v2\/posts\/89023","targetHints":{"allow":["GET"]}}],"collection":[{"href":"https:\/\/latamjournalismreview.org\/es\/wp-json\/wp\/v2\/posts"}],"about":[{"href":"https:\/\/latamjournalismreview.org\/es\/wp-json\/wp\/v2\/types\/post"}],"author":[{"embeddable":true,"href":"https:\/\/latamjournalismreview.org\/es\/wp-json\/wp\/v2\/users\/16"}],"replies":[{"embeddable":true,"href":"https:\/\/latamjournalismreview.org\/es\/wp-json\/wp\/v2\/comments?post=89023"}],"version-history":[{"count":8,"href":"https:\/\/latamjournalismreview.org\/es\/wp-json\/wp\/v2\/posts\/89023\/revisions"}],"predecessor-version":[{"id":89062,"href":"https:\/\/latamjournalismreview.org\/es\/wp-json\/wp\/v2\/posts\/89023\/revisions\/89062"}],"wp:featuredmedia":[{"embeddable":true,"href":"https:\/\/latamjournalismreview.org\/es\/wp-json\/wp\/v2\/media\/89007"}],"wp:attachment":[{"href":"https:\/\/latamjournalismreview.org\/es\/wp-json\/wp\/v2\/media?parent=89023"}],"wp:term":[{"taxonomy":"category","embeddable":true,"href":"https:\/\/latamjournalismreview.org\/es\/wp-json\/wp\/v2\/categories?post=89023"},{"taxonomy":"post_tag","embeddable":true,"href":"https:\/\/latamjournalismreview.org\/es\/wp-json\/wp\/v2\/tags?post=89023"},{"taxonomy":"author","embeddable":true,"href":"https:\/\/latamjournalismreview.org\/es\/wp-json\/wp\/v2\/coauthors?post=89023"}],"curies":[{"name":"wp","href":"https:\/\/api.w.org\/{rel}","templated":true}]}}