{"id":89961,"date":"2024-08-07T11:33:57","date_gmt":"2024-08-07T16:33:57","guid":{"rendered":"https:\/\/latamjournalismreview.org\/?p=89961"},"modified":"2024-08-13T09:33:33","modified_gmt":"2024-08-13T14:33:33","slug":"los-periodistas-tenemos-que-estar-abiertos-al-escrutinio-publico-yolanda-ruiz-del-consultorio-etico-de-la-fundacion-gabo","status":"publish","type":"post","link":"https:\/\/latamjournalismreview.org\/es\/articles\/los-periodistas-tenemos-que-estar-abiertos-al-escrutinio-publico-yolanda-ruiz-del-consultorio-etico-de-la-fundacion-gabo\/","title":{"rendered":"\u201cLos periodistas tenemos que estar abiertos al escrutinio p\u00fablico\u201d: Yolanda Ruiz del Consultorio \u00c9tico de la Fundaci\u00f3n Gabo"},"content":{"rendered":"<p>Cuando el presidente de Colombia,\u00a0<a href=\"https:\/\/elpais.com\/america-colombia\/2024-06-29\/petro-escala-su-pelea-con-la-prensa-atacando-a-la-flip.html\" target=\"_blank\" rel=\"noopener noreferrer\"><u>Gustavo Petro, calific\u00f3 de hacer \u201cperiodismo Mossad\u201d<\/u><\/a> \u2013 en referencia a la agencia de espionaje israel\u00ed \u2013 a la periodista Mar\u00eda Jimena Duss\u00e1n y otros, el rechazo de colegas de Duss\u00e1n y de organizaciones de libertad de prensa al presidente no se hizo esperar.<\/p>\n<p><img loading=\"lazy\" decoding=\"async\" class=\"wp-image-89894 alignright\" src=\"https:\/\/latamjournalismreview.org\/wp-content\/uploads\/2024\/08\/Cinco-Preguntas-ES-Yolanda-Ruiz-300x201.png\" alt=\"Banner con una mujer de mediana edad y gafas sonriendo a la c\u00e1mara de blusa blanca y negro. Al lado la frase &quot;Cinco preguntas para Yolanda Ruiz&quot;.\" width=\"450\" height=\"302\" srcset=\"https:\/\/latamjournalismreview.org\/wp-content\/uploads\/2024\/08\/Cinco-Preguntas-ES-Yolanda-Ruiz-300x201.png 300w, https:\/\/latamjournalismreview.org\/wp-content\/uploads\/2024\/08\/Cinco-Preguntas-ES-Yolanda-Ruiz-350x234.png 350w, https:\/\/latamjournalismreview.org\/wp-content\/uploads\/2024\/08\/Cinco-Preguntas-ES-Yolanda-Ruiz.png 507w\" sizes=\"auto, (max-width: 450px) 100vw, 450px\" \/><\/p>\n<p>La Fundaci\u00f3n para la Libertad de Prensa (FLIP) de Colombia rechaz\u00f3 \u201cla\u00a0<a href=\"https:\/\/flip.org.co\/pronunciamientos\/presidente-gustavo-petro-senala-a-periodistas-que-investigan-casos-de-corrupcion-de-su-gobierno\" target=\"_blank\" rel=\"noopener noreferrer\"><u>estrategia que ha mantenido el presidente Gustavo Petro en torno a desacreditar y estigmatizar la labor de los periodistas<\/u><\/a> y medios de comunicaci\u00f3n que realizan veedur\u00eda a la gesti\u00f3n de su Gobierno\u201d. Esto convirti\u00f3 a la FLIP a su vez en blanco de ataques del mismo presidente y de sus seguidores.<\/p>\n<p>Las cr\u00edticas a medios y periodistas son comunes, teniendo en cuenta la inevitable tensi\u00f3n que crea el papel fiscalizador del periodismo. El presidente de M\u00e9xico, Andr\u00e9s Manuel L\u00f3pez Obrador, es conocido por\u00a0<a href=\"https:\/\/latamjournalismreview.org\/es\/articles\/las-mananeras-de-lopez-obrador-en-mexico-una-forma-unica-de-comunicacion-marcada-por-ataques-a-la-prensa\/\" target=\"_blank\" rel=\"noopener noreferrer\"><u>usar sus populares \u2018ma\u00f1aneras\u2019 para atacar el trabajo de periodistas<\/u><\/a>, y el presidente argentino, Javier Milei,\u00a0<a href=\"https:\/\/latamjournalismreview.org\/es\/articles\/foro-de-periodismo-argentino-denuncia-ataque-organizado-en-redes-y-creciente-hostilidad-de-javier-milei-contra-periodistas\/\" target=\"_blank\" rel=\"noopener noreferrer\"><u>apunta cada vez m\u00e1s a los periodistas, incluso a trav\u00e9s de redes sociales<\/u><\/a>.<\/p>\n<p>Las acusaciones del presidente Petro y de sus seguidores se enfocan en lo que consideran es una parcialidad en los medios y una falta de control a estos cuando se violan principios period\u00edsticos.<\/p>\n<p>Y aunque muchos de estos ataques y se\u00f1alamientos se producen para generar un ambiente de censura y autocensura, lo cierto es que no todas las cr\u00edticas pueden ser consideradas como una violaci\u00f3n a la libertad de prensa.<\/p>\n<p>\u201cNo somos infalibles. Los periodistas tenemos que estar abiertos al escrutinio p\u00fablico sin duda\u201d, dice <a href=\"https:\/\/x.com\/YolandaRuizCe\" target=\"_blank\" rel=\"noopener\">Yolanda Ruiz<\/a>, codirectora del <a href=\"https:\/\/fundaciongabo.org\/es\/consultorio-etico\" target=\"_blank\" rel=\"noopener\">Consultorio \u00c9tico de la Fundaci\u00f3n Gabo<\/a>.<\/p>\n<p>Desde el a\u00f1o 2000, la Fundaci\u00f3n Gabo cre\u00f3 el Consultorio \u00c9tico como un espacio en l\u00ednea que permite dar orientaciones a periodistas, editores, profesores y estudiantes de periodismo de Iberoam\u00e9rica \u201csobre todo tipo de dilemas \u00e9ticos que enfrentan en el ejercicio del oficio\u201d.<\/p>\n<p><strong>LatAm Journalism Review (LJR)<\/strong> invit\u00f3 a Ruiz a su secci\u00f3n \u201cCinco preguntas\u201d con el prop\u00f3sito de hablar precisamente sobre la l\u00ednea entre cr\u00edtica e intento de censura, las violaciones de los principios \u00e9ticos del periodismo, la necesidad de ejercicios de autocr\u00edtica y el rol de las audiencias en este proceso.<\/p>\n<p><i>Esta entrevista fue editada por motivos de extensi\u00f3n y claridad.*<\/i><\/p>\n<p><strong>1. Una de las cr\u00edticas m\u00e1s comunes hacia medios tiene que ver con se\u00f1alamientos de parcialidad. Por otro lado, es cierto que los medios pueden tener una l\u00ednea editorial. \u00bfCu\u00e1ndo o en qu\u00e9 situaciones la l\u00ednea editorial se puede volver un problema \u00e9tico para los medios?<\/strong><\/p>\n<p><strong>Yolanda Ruiz:<\/strong> Todos los medios de comunicaci\u00f3n tienen una l\u00ednea editorial, es la mirada desde la cual nos paramos. Es imposible hacer un periodismo sin sesgo. El problema no es tener una l\u00ednea editorial. El problema es creer que es la \u00fanica mirada que existe y empezar a tergiversar la realidad en favor de esa l\u00ednea editorial. Es ah\u00ed donde de alguna manera cruzamos la raya \u00e9tica.<\/p>\n<p>El asunto es cuando empezamos a dejar de ver cosas que pasan, dejamos de cubrir ciertos hechos, dejamos de informar sobre ciertas personas, no tomamos en cuenta unas opiniones, no tomamos en cuenta unos datos que son fundamentales para las audiencias y para que entiendan la realidad, simplemente porque creemos que no es acorde a nuestra l\u00ednea editorial o a nuestro sesgo.<\/p>\n<p>Cuando empezamos a hacer militancia pol\u00edtica desde el medio de comunicaci\u00f3n, por ejemplo, hay un problema. Tener l\u00ednea editorial est\u00e1 bien siempre y cuando se reconozca que hay otras maneras de pensar, que los hechos tienen m\u00faltiples interpretaciones y que tengamos la capacidad como periodistas de ver esa realidad y de tener muchos m\u00e1s matices y muchas m\u00e1s fuentes a la hora de informar.<\/p>\n<p>&nbsp;<\/p>\n<p><strong>2. Otro de los se\u00f1alamientos suele ir dirigidos hacia una presunta inmunidad de los medios. Comentarios como \u201cqui\u00e9n controla a los medios\u201d son comunes incluso entre presidentes. \u00bfCu\u00e1l es la l\u00ednea entre una cr\u00edtica v\u00e1lida o veedur\u00eda a medios y lo que podr\u00edan ser estigmatizaciones y ataques que lleven a la censura o autocensura?<\/strong><\/p>\n<p>Es muy v\u00e1lida la pregunta sobre qui\u00e9n controla los medios en particular porque hay que tener presente que la prensa es veedora de todos los poderes, pero la prensa en s\u00ed misma es un poder y por lo tanto tambi\u00e9n requiere veedur\u00eda. Ahora la pregunta es a qui\u00e9n corresponde. En primer lugar, a los pares, a los mismos periodistas y por fortuna hay muchos colegas y medios que est\u00e1n haciendo cr\u00edtica de medios, que est\u00e1n haciendo chequeo de datos. Todo eso es muy importante para mejorar la calidad de lo que hacemos.<\/p>\n<p>Adicionalmente la academia y la sociedad misma. Las audiencias tienen que buscar mucha m\u00e1s calidad en lo que producen los medios de comunicaci\u00f3n. En la mayor\u00eda de legislaciones de los distintos pa\u00edses hay normas respecto, por ejemplo a la calumnia o a la injuria que son herramientas que tienen los ciudadanos cuando sientan que los medios vulneran sus derechos.<\/p>\n<p>Lo que no puede pasar es que los Estados o los gobiernos se sientan con el derecho de censurar simplemente porque no les gusta el trabajo que hacen los medios de comunicaci\u00f3n. Y lamentablemente eso pasa.<\/p>\n<p>&nbsp;<\/p>\n<p>Por otra parte, tambi\u00e9n es cierto que muchas veces la prensa no hace con el rigor debido el trabajo o el control que debe hacer sobre los poderes, en especial,\u00a0 porque en estas \u00e9pocas de mucha polarizaci\u00f3n pol\u00edtica en distintos pa\u00edses los medios terminan alineados en uno u otro bando y a veces cediendo un poco el rigor de los est\u00e1ndares profesionales del periodismo en aras de una posici\u00f3n pol\u00edtica. Ah\u00ed empieza a ver un problema porque algunos medios pueden empezar a ejercer el papel, dij\u00e9ramos, de contendientes pol\u00edticos y no de periodistas.<\/p>\n<p>&nbsp;<\/p>\n<p><strong>3. \u00bfPodr\u00edan los Tribunales de Imprenta o Consejos de Prensa ayudar en este escenario donde se se\u00f1ala a un medio de algo incorrecto o de faltar a principios \u00e9ticos?<\/strong><\/p>\n<p>No soy muy amiga de hablar de Tribunal cuando hablamos de \u00e9tica. Me parece interesante el planteamiento de consejos de prensa o consejos de editores. Tener consejos de editores, de los mismos periodistas que puedan hacer de alguna manera una cr\u00edtica de medios, un control de lo que se est\u00e1 publicando podr\u00eda ayudar porque eso permite tambi\u00e9n que las audiencias noten que se hace autocr\u00edtica, que miramos hacia adentro, que tratamos de hacer las cosas de manera mejor.<\/p>\n<p>Con mucha frecuencia lo que pasa es que cuando se hace una cr\u00edtica se considera que es violentar la libertad de prensa y no siempre es as\u00ed. Efectivamente a veces se violenta la libertad de prensa cuando se intenta censurar a un periodista, cuando se agrede un periodista, cuando se persigue a un periodista, pero no toda cr\u00edtica a los medios de comunicaci\u00f3n o a los periodistas es un atentado a la libertad de prensa. Muchas veces es simplemente el control que se tiene que ejercer sobre la prensa o la cr\u00edtica de medios que es muy valiosa para mejorar el trabajo que hacemos.<\/p>\n<p>Si se tiene un consejo de prensa, un consejo de editores que pueda ayudar a hacer esa cr\u00edtica de medios desde adentro entendiendo c\u00f3mo se hace el trabajo en los medios, ser\u00eda tremendamente valioso. Y eso pudiera ayudar a mejorar los contenidos y a que las audiencias tambi\u00e9n entiendan que la prensa hace un ejercicio de autocr\u00edtica, que no se vive desde la arrogancia y desde lo que se considera muchas veces la infalibilidad de la prensa. No somos infalibles. Los periodistas tenemos que estar abiertos al escrutinio p\u00fablico sin duda.<\/p>\n<p>&nbsp;<\/p>\n<p><strong>4. \u00bfC\u00f3mo puede ser ese ejercicio de autocr\u00edtica desde el gremio period\u00edstico?<\/strong><\/p>\n<p>Lo hablaba en el sentido que puede haber un consejo de editores o consejos de prensa que permita hacer esa labor de autocr\u00edtica. Dentro de los propios medios tambi\u00e9n se deber\u00eda tener como ejercicio recurrente y permanente estar atentos a las cr\u00edticas que llegan de audiencias o de distintos sectores, a las solicitudes de rectificaci\u00f3n y dem\u00e1s. Por ejemplo, uno de los elementos fundamentales es si hay lugar a una rectificaci\u00f3n hacerlo con todas las letras y explicando qu\u00e9 fue lo que pas\u00f3. Hay que ser transparentes con la audiencia. Muchas veces uno ve medios que han cometido errores e intentan no reconocerlo, intentan salir por la puerta de atr\u00e1s. Si logramos hacer rectificaciones de frente ante las audiencias, eso nos da mayor credibilidad.<\/p>\n<p>Tambi\u00e9n los nuevos escenarios de redes sociales nos dan la oportunidad de tener un contacto directo con las audiencias. Generar espacios de conversaci\u00f3n con las audiencias, con analistas de medios, con cr\u00edticos de medios nos puede permitir tambi\u00e9n hacer una tarea mejor para entender que el trabajo puede mejorar todos los d\u00edas, que podemos cometer errores pero que podemos mejorar.<\/p>\n<p>Hay varias herramientas que se pueden utilizar para entender que las exigencias son muy altas y tenemos que atender a esos est\u00e1ndares altos de calidad y de \u00e9tica period\u00edstica.<\/p>\n<p>&nbsp;<\/p>\n<p><strong>5. Usted ha hablado del rol de las audiencias en las que <\/strong><a href=\"https:\/\/latamjournalismreview.org\/es\/articles\/que-lleva-a-un-error-periodistico-voces-expertas-reflexionan-sobre-la-etica-del-periodismo-ante-casos-de-publicaciones-falsas\/\" target=\"_blank\" rel=\"noopener noreferrer\"><strong><u>a veces no consumen informaci\u00f3n de calidad<\/u><\/strong><\/a><strong> (lo m\u00e1s visto no es lo mejor necesariamente). En ese sentido, las cr\u00edticas de ellas puede que no sean por la calidad, sino por la emoci\u00f3n. \u00bfCu\u00e1l deber\u00eda ser el rol de las audiencias en medio de esta exigencia a los medios para que mejoren y qu\u00e9 puede hacer el periodismo para capacitar a esa audiencia?<\/strong><\/p>\n<p>Una ayuda bastante grande de las audiencias ser\u00eda pedirles que no busquen medios de comunicaci\u00f3n o periodistas que le confirmen el prejuicio que tienen sobre las cosas. En estos tiempos de tantos fundamentalismos y de tanta polarizaci\u00f3n creo que es muy importante pensar y retar el pensamiento. Y eso no se logra si solamente vemos o buscamos medios que nos ratifiquen aquello que creemos. Hay que buscar otras alternativas y hay que tener pensamiento cr\u00edtico en el sentido de tratar de entender y razonar en primer lugar.<\/p>\n<p>En segundo lugar, decirles tambi\u00e9n que no se queden solamente con el titular, que no se queden con el meme, que no se queden con el trino o el post en las redes sociales, que intenten ir m\u00e1s all\u00e1, que miren la nota completa, lean el texto completo, que se documenten un poco.<\/p>\n<p>Y tambi\u00e9n dir\u00eda yo que lo que ellos consideran que es buen periodismo, no porque les parece que lo que digan est\u00e1n de acuerdo, sino porque es un ejercicio bien hecho, porque trabaja varias fuentes, porque contrasta, porque tiene elementos que ayudan a entender, que lo premien comparti\u00e9ndolo. Las audiencias con much\u00edsima frecuencia \u2018premian\u2019 aquello que no les gusta y que critican, y viven compartiendo los contenidos que les parecen fatales y pocas veces comparten los contenidos que les parecen buenos.<\/p>\n","protected":false},"excerpt":{"rendered":"<p>Ruiz habl\u00f3 con LJR sobre qui\u00e9n deber\u00eda controlar a los medios, la l\u00ednea entre cr\u00edtica e intento de censura, las violaciones de los principios \u00e9ticos del periodismo, la necesidad de ejercicios de autocr\u00edtica y el rol de las audiencias en este proceso.<\/p>\n","protected":false},"author":13,"featured_media":89894,"comment_status":"closed","ping_status":"closed","sticky":false,"template":"","format":"standard","meta":{"inline_featured_image":false,"footnotes":""},"categories":[2380],"tags":[2422,1404],"coauthors":[2741],"class_list":["post-89961","post","type-post","status-publish","format-standard","has-post-thumbnail","hentry","category-5-preguntas","tag-autocensura-es","tag-censura-es"],"acf":[],"yoast_head":"<!-- This site is optimized with the Yoast SEO Premium plugin v22.6 (Yoast SEO v27.4) - https:\/\/yoast.com\/product\/yoast-seo-premium-wordpress\/ -->\n<title>\u201cLos periodistas tenemos que estar abiertos al escrutinio p\u00fablico\u201d: Yolanda Ruiz del Consultorio \u00c9tico de la Fundaci\u00f3n Gabo - LatAm Journalism Review<\/title>\n<meta name=\"description\" content=\"Ruiz habl\u00f3 con LJR sobre qui\u00e9n deber\u00eda controlar a los medios, l\u00edneas entre cr\u00edtica e intento de censura, violaciones de principios \u00e9ticos del periodismo\" \/>\n<meta name=\"robots\" content=\"index, follow, max-snippet:-1, max-image-preview:large, max-video-preview:-1\" \/>\n<link rel=\"canonical\" href=\"https:\/\/latamjournalismreview.org\/es\/articles\/los-periodistas-tenemos-que-estar-abiertos-al-escrutinio-publico-yolanda-ruiz-del-consultorio-etico-de-la-fundacion-gabo\/\" \/>\n<meta property=\"og:locale\" content=\"es_ES\" \/>\n<meta property=\"og:type\" content=\"article\" \/>\n<meta property=\"og:title\" content=\"\u201cLos periodistas tenemos que estar abiertos al escrutinio p\u00fablico\u201d: Yolanda Ruiz del Consultorio \u00c9tico de la Fundaci\u00f3n Gabo\" \/>\n<meta property=\"og:description\" content=\"Ruiz habl\u00f3 con LJR sobre qui\u00e9n deber\u00eda controlar a los medios, l\u00edneas entre cr\u00edtica e intento de censura, violaciones de principios \u00e9ticos del periodismo\" \/>\n<meta property=\"og:url\" content=\"https:\/\/latamjournalismreview.org\/es\/articles\/los-periodistas-tenemos-que-estar-abiertos-al-escrutinio-publico-yolanda-ruiz-del-consultorio-etico-de-la-fundacion-gabo\/\" \/>\n<meta property=\"og:site_name\" content=\"LatAm Journalism Review\" \/>\n<meta property=\"article:published_time\" content=\"2024-08-07T16:33:57+00:00\" \/>\n<meta property=\"article:modified_time\" content=\"2024-08-13T14:33:33+00:00\" \/>\n<meta property=\"og:image\" content=\"https:\/\/latamjournalismreview.org\/wp-content\/uploads\/2024\/08\/Cinco-Preguntas-ES-Yolanda-Ruiz.png\" \/>\n\t<meta property=\"og:image:width\" content=\"507\" \/>\n\t<meta property=\"og:image:height\" content=\"340\" \/>\n\t<meta property=\"og:image:type\" content=\"image\/png\" \/>\n<meta name=\"author\" content=\"Silvia Higuera\" \/>\n<meta name=\"twitter:card\" content=\"summary_large_image\" \/>\n<meta name=\"twitter:creator\" content=\"@shiguerita\" \/>\n<meta name=\"twitter:site\" content=\"@LatAmJournalism\" \/>\n<meta name=\"twitter:label1\" content=\"Written by\" \/>\n\t<meta name=\"twitter:data1\" content=\"Silvia Higuera\" \/>\n\t<meta name=\"twitter:label2\" content=\"Est. reading time\" \/>\n\t<meta name=\"twitter:data2\" content=\"9 minutos\" \/>\n<script type=\"application\/ld+json\" class=\"yoast-schema-graph\">{\"@context\":\"https:\\\/\\\/schema.org\",\"@graph\":[{\"@type\":\"Article\",\"@id\":\"https:\\\/\\\/latamjournalismreview.org\\\/es\\\/articles\\\/los-periodistas-tenemos-que-estar-abiertos-al-escrutinio-publico-yolanda-ruiz-del-consultorio-etico-de-la-fundacion-gabo\\\/#article\",\"isPartOf\":{\"@id\":\"https:\\\/\\\/latamjournalismreview.org\\\/es\\\/articles\\\/los-periodistas-tenemos-que-estar-abiertos-al-escrutinio-publico-yolanda-ruiz-del-consultorio-etico-de-la-fundacion-gabo\\\/\"},\"author\":{\"name\":\"Silvia Higuera\",\"@id\":\"https:\\\/\\\/latamjournalismreview.org\\\/es\\\/#\\\/schema\\\/person\\\/eac7baa6afada0957e047be9fc15703a\"},\"headline\":\"\u201cLos periodistas tenemos que estar abiertos al escrutinio p\u00fablico\u201d: Yolanda Ruiz del Consultorio \u00c9tico de la Fundaci\u00f3n Gabo\",\"datePublished\":\"2024-08-07T16:33:57+00:00\",\"dateModified\":\"2024-08-13T14:33:33+00:00\",\"mainEntityOfPage\":{\"@id\":\"https:\\\/\\\/latamjournalismreview.org\\\/es\\\/articles\\\/los-periodistas-tenemos-que-estar-abiertos-al-escrutinio-publico-yolanda-ruiz-del-consultorio-etico-de-la-fundacion-gabo\\\/\"},\"wordCount\":1913,\"publisher\":{\"@id\":\"https:\\\/\\\/latamjournalismreview.org\\\/es\\\/#organization\"},\"image\":{\"@id\":\"https:\\\/\\\/latamjournalismreview.org\\\/es\\\/articles\\\/los-periodistas-tenemos-que-estar-abiertos-al-escrutinio-publico-yolanda-ruiz-del-consultorio-etico-de-la-fundacion-gabo\\\/#primaryimage\"},\"thumbnailUrl\":\"https:\\\/\\\/latamjournalismreview.org\\\/wp-content\\\/uploads\\\/2024\\\/08\\\/Cinco-Preguntas-ES-Yolanda-Ruiz.png\",\"keywords\":[\"Autocensura\",\"Censura\"],\"articleSection\":[\"5 Preguntas\"],\"inLanguage\":\"es\"},{\"@type\":\"WebPage\",\"@id\":\"https:\\\/\\\/latamjournalismreview.org\\\/es\\\/articles\\\/los-periodistas-tenemos-que-estar-abiertos-al-escrutinio-publico-yolanda-ruiz-del-consultorio-etico-de-la-fundacion-gabo\\\/\",\"url\":\"https:\\\/\\\/latamjournalismreview.org\\\/es\\\/articles\\\/los-periodistas-tenemos-que-estar-abiertos-al-escrutinio-publico-yolanda-ruiz-del-consultorio-etico-de-la-fundacion-gabo\\\/\",\"name\":\"\u201cLos periodistas tenemos que estar abiertos al escrutinio p\u00fablico\u201d: Yolanda Ruiz del Consultorio \u00c9tico de la Fundaci\u00f3n Gabo - LatAm Journalism Review\",\"isPartOf\":{\"@id\":\"https:\\\/\\\/latamjournalismreview.org\\\/es\\\/#website\"},\"primaryImageOfPage\":{\"@id\":\"https:\\\/\\\/latamjournalismreview.org\\\/es\\\/articles\\\/los-periodistas-tenemos-que-estar-abiertos-al-escrutinio-publico-yolanda-ruiz-del-consultorio-etico-de-la-fundacion-gabo\\\/#primaryimage\"},\"image\":{\"@id\":\"https:\\\/\\\/latamjournalismreview.org\\\/es\\\/articles\\\/los-periodistas-tenemos-que-estar-abiertos-al-escrutinio-publico-yolanda-ruiz-del-consultorio-etico-de-la-fundacion-gabo\\\/#primaryimage\"},\"thumbnailUrl\":\"https:\\\/\\\/latamjournalismreview.org\\\/wp-content\\\/uploads\\\/2024\\\/08\\\/Cinco-Preguntas-ES-Yolanda-Ruiz.png\",\"datePublished\":\"2024-08-07T16:33:57+00:00\",\"dateModified\":\"2024-08-13T14:33:33+00:00\",\"description\":\"Ruiz habl\u00f3 con LJR sobre qui\u00e9n deber\u00eda controlar a los medios, l\u00edneas entre cr\u00edtica e intento de censura, violaciones de principios \u00e9ticos del periodismo\",\"breadcrumb\":{\"@id\":\"https:\\\/\\\/latamjournalismreview.org\\\/es\\\/articles\\\/los-periodistas-tenemos-que-estar-abiertos-al-escrutinio-publico-yolanda-ruiz-del-consultorio-etico-de-la-fundacion-gabo\\\/#breadcrumb\"},\"inLanguage\":\"es\",\"potentialAction\":[{\"@type\":\"ReadAction\",\"target\":[\"https:\\\/\\\/latamjournalismreview.org\\\/es\\\/articles\\\/los-periodistas-tenemos-que-estar-abiertos-al-escrutinio-publico-yolanda-ruiz-del-consultorio-etico-de-la-fundacion-gabo\\\/\"]}]},{\"@type\":\"ImageObject\",\"inLanguage\":\"es\",\"@id\":\"https:\\\/\\\/latamjournalismreview.org\\\/es\\\/articles\\\/los-periodistas-tenemos-que-estar-abiertos-al-escrutinio-publico-yolanda-ruiz-del-consultorio-etico-de-la-fundacion-gabo\\\/#primaryimage\",\"url\":\"https:\\\/\\\/latamjournalismreview.org\\\/wp-content\\\/uploads\\\/2024\\\/08\\\/Cinco-Preguntas-ES-Yolanda-Ruiz.png\",\"contentUrl\":\"https:\\\/\\\/latamjournalismreview.org\\\/wp-content\\\/uploads\\\/2024\\\/08\\\/Cinco-Preguntas-ES-Yolanda-Ruiz.png\",\"width\":507,\"height\":340,\"caption\":\"Periodista colombiana Yolanda Ruiz, codirectora del Consultorio \u00c9tico de la Fundaci\u00f3n Gabo.\"},{\"@type\":\"BreadcrumbList\",\"@id\":\"https:\\\/\\\/latamjournalismreview.org\\\/es\\\/articles\\\/los-periodistas-tenemos-que-estar-abiertos-al-escrutinio-publico-yolanda-ruiz-del-consultorio-etico-de-la-fundacion-gabo\\\/#breadcrumb\",\"itemListElement\":[{\"@type\":\"ListItem\",\"position\":1,\"name\":\"Home\",\"item\":\"https:\\\/\\\/latamjournalismreview.org\\\/es\\\/\"},{\"@type\":\"ListItem\",\"position\":2,\"name\":\"\u201cLos periodistas tenemos que estar abiertos al escrutinio p\u00fablico\u201d: Yolanda Ruiz del Consultorio \u00c9tico de la Fundaci\u00f3n Gabo\"}]},{\"@type\":\"WebSite\",\"@id\":\"https:\\\/\\\/latamjournalismreview.org\\\/es\\\/#website\",\"url\":\"https:\\\/\\\/latamjournalismreview.org\\\/es\\\/\",\"name\":\"LatAm Journalism Review\",\"description\":\"Knight Center at The University of Texas\",\"publisher\":{\"@id\":\"https:\\\/\\\/latamjournalismreview.org\\\/es\\\/#organization\"},\"potentialAction\":[{\"@type\":\"SearchAction\",\"target\":{\"@type\":\"EntryPoint\",\"urlTemplate\":\"https:\\\/\\\/latamjournalismreview.org\\\/es\\\/?s={search_term_string}\"},\"query-input\":{\"@type\":\"PropertyValueSpecification\",\"valueRequired\":true,\"valueName\":\"search_term_string\"}}],\"inLanguage\":\"es\"},{\"@type\":\"Organization\",\"@id\":\"https:\\\/\\\/latamjournalismreview.org\\\/es\\\/#organization\",\"name\":\"LatAm Journalism Review\",\"url\":\"https:\\\/\\\/latamjournalismreview.org\\\/es\\\/\",\"logo\":{\"@type\":\"ImageObject\",\"inLanguage\":\"es\",\"@id\":\"https:\\\/\\\/latamjournalismreview.org\\\/es\\\/#\\\/schema\\\/logo\\\/image\\\/\",\"url\":\"https:\\\/\\\/latamjournalismreview.org\\\/wp-content\\\/uploads\\\/2020\\\/05\\\/knight-latAm-review-logo.svg\",\"contentUrl\":\"https:\\\/\\\/latamjournalismreview.org\\\/wp-content\\\/uploads\\\/2020\\\/05\\\/knight-latAm-review-logo.svg\",\"width\":\"1024\",\"height\":\"1024\",\"caption\":\"LatAm Journalism Review\"},\"image\":{\"@id\":\"https:\\\/\\\/latamjournalismreview.org\\\/es\\\/#\\\/schema\\\/logo\\\/image\\\/\"},\"sameAs\":[\"https:\\\/\\\/x.com\\\/LatAmJournalism\"]},{\"@type\":\"Person\",\"@id\":\"https:\\\/\\\/latamjournalismreview.org\\\/es\\\/#\\\/schema\\\/person\\\/eac7baa6afada0957e047be9fc15703a\",\"name\":\"Silvia Higuera\",\"description\":\"Silvia A. Higuera Fl\u00f3rez is a Colombian journalist interested in covering Latin American issues and human rights, especially the right to freedom of expression, and investigative journalism. She studied Social Communication and Journalism at Universidad Pontificia Bolivariana in Bucaramanga (Colombia), and received her Master's of Arts in Journalism from the University of Texas at Austin in 2015. She worked with the Office of the Special Rapporteur for Freedom of Expression of the Inter-American Commission on Human Rights (IACHR) under the Orlando Sierra fellowship during 2014. She also worked for the Colombian newspaper Vanguardia Liberal and wrote for different magazines about local, economic and public order issues. Her work has also appeared in The Miami Herald and El Nuevo Herald of Miami. Email: silvia.knightcenter@gmail.com Silvia A. Higuera Fl\u00f3rez es una periodista colombiana con inter\u00e9s period\u00edstico es Am\u00e9rica Latina y los derechos humanos, particularmente el derecho a la libertad de expresi\u00f3n, as\u00ed como el periodismo de investigaci\u00f3n. Estudi\u00f3 Comunicaci\u00f3n Social \u2013 Periodismo en la Universidad Pontificia Bolivariana de Bucaramanga (Colombia), y recibi\u00f3 su maestr\u00eda en Periodismo en la Universidad de Texas, en Austin en 2015. Trabaj\u00f3 para la Relator\u00eda Especial para la Libertad de Expresi\u00f3n de la Comisi\u00f3n Interamericana de Derechos Humanos (CIDH) en el marco de la beca Orlando Sierra, durante 2014. Tambi\u00e9n hizo parte del diario Vanguardia Liberal y escribi\u00f3 para otras revistas colombianas cubriendo fuentes locales, econ\u00f3micas y judiciales. Algunos de sus trabajos han aparecido en The Miami Herald y El Nuevo Herald de Miami. Silvia A. Higuera Fl\u00f3rez \u00e9 uma jornalista colombiana e seu interesse jornal\u00edstico \u00e9 a Am\u00e9rica Latina e os direitos humanos, nomeadamente o direito \u00e0 liberdade de express\u00e3o. Estudou Comunica\u00e7\u00e3o Social \u2013 Jornalismo na Universidade Pontif\u00edcia Bolivariana de Bucaramanga, na Col\u00f4mbia e completou seu mestrado em jornalismo na Universidade do Texas em Austin. Silvia trabalhou na Relatoria para a Liberdade de Express\u00e3o da CIDH pela bolsa Orlando Sierra, em 2014. Trabalhou para o jornal Vanguardia Liberal e escreveu para outras revistas colombianas cobrindo temas locais, econ\u00f4micas e judici\u00e1rias. Alguns de seus trabalhos apareceram no The Miami Herald e no El Nuevo Herald de Miami.\",\"sameAs\":[\"https:\\\/\\\/x.com\\\/shiguerita\"],\"url\":\"https:\\\/\\\/latamjournalismreview.org\\\/es\\\/articles\\\/author\\\/silvia-higuera\\\/\"}]}<\/script>\n<!-- \/ Yoast SEO Premium plugin. -->","yoast_head_json":{"title":"\u201cLos periodistas tenemos que estar abiertos al escrutinio p\u00fablico\u201d: Yolanda Ruiz del Consultorio \u00c9tico de la Fundaci\u00f3n Gabo - LatAm Journalism Review","description":"Ruiz habl\u00f3 con LJR sobre qui\u00e9n deber\u00eda controlar a los medios, l\u00edneas entre cr\u00edtica e intento de censura, violaciones de principios \u00e9ticos del periodismo","robots":{"index":"index","follow":"follow","max-snippet":"max-snippet:-1","max-image-preview":"max-image-preview:large","max-video-preview":"max-video-preview:-1"},"canonical":"https:\/\/latamjournalismreview.org\/es\/articles\/los-periodistas-tenemos-que-estar-abiertos-al-escrutinio-publico-yolanda-ruiz-del-consultorio-etico-de-la-fundacion-gabo\/","og_locale":"es_ES","og_type":"article","og_title":"\u201cLos periodistas tenemos que estar abiertos al escrutinio p\u00fablico\u201d: Yolanda Ruiz del Consultorio \u00c9tico de la Fundaci\u00f3n Gabo","og_description":"Ruiz habl\u00f3 con LJR sobre qui\u00e9n deber\u00eda controlar a los medios, l\u00edneas entre cr\u00edtica e intento de censura, violaciones de principios \u00e9ticos del periodismo","og_url":"https:\/\/latamjournalismreview.org\/es\/articles\/los-periodistas-tenemos-que-estar-abiertos-al-escrutinio-publico-yolanda-ruiz-del-consultorio-etico-de-la-fundacion-gabo\/","og_site_name":"LatAm Journalism Review","article_published_time":"2024-08-07T16:33:57+00:00","article_modified_time":"2024-08-13T14:33:33+00:00","og_image":[{"width":507,"height":340,"url":"https:\/\/latamjournalismreview.org\/wp-content\/uploads\/2024\/08\/Cinco-Preguntas-ES-Yolanda-Ruiz.png","type":"image\/png"}],"author":"Silvia Higuera","twitter_card":"summary_large_image","twitter_creator":"@shiguerita","twitter_site":"@LatAmJournalism","twitter_misc":{"Written by":"Silvia Higuera","Est. reading time":"9 minutos"},"schema":{"@context":"https:\/\/schema.org","@graph":[{"@type":"Article","@id":"https:\/\/latamjournalismreview.org\/es\/articles\/los-periodistas-tenemos-que-estar-abiertos-al-escrutinio-publico-yolanda-ruiz-del-consultorio-etico-de-la-fundacion-gabo\/#article","isPartOf":{"@id":"https:\/\/latamjournalismreview.org\/es\/articles\/los-periodistas-tenemos-que-estar-abiertos-al-escrutinio-publico-yolanda-ruiz-del-consultorio-etico-de-la-fundacion-gabo\/"},"author":{"name":"Silvia Higuera","@id":"https:\/\/latamjournalismreview.org\/es\/#\/schema\/person\/eac7baa6afada0957e047be9fc15703a"},"headline":"\u201cLos periodistas tenemos que estar abiertos al escrutinio p\u00fablico\u201d: Yolanda Ruiz del Consultorio \u00c9tico de la Fundaci\u00f3n Gabo","datePublished":"2024-08-07T16:33:57+00:00","dateModified":"2024-08-13T14:33:33+00:00","mainEntityOfPage":{"@id":"https:\/\/latamjournalismreview.org\/es\/articles\/los-periodistas-tenemos-que-estar-abiertos-al-escrutinio-publico-yolanda-ruiz-del-consultorio-etico-de-la-fundacion-gabo\/"},"wordCount":1913,"publisher":{"@id":"https:\/\/latamjournalismreview.org\/es\/#organization"},"image":{"@id":"https:\/\/latamjournalismreview.org\/es\/articles\/los-periodistas-tenemos-que-estar-abiertos-al-escrutinio-publico-yolanda-ruiz-del-consultorio-etico-de-la-fundacion-gabo\/#primaryimage"},"thumbnailUrl":"https:\/\/latamjournalismreview.org\/wp-content\/uploads\/2024\/08\/Cinco-Preguntas-ES-Yolanda-Ruiz.png","keywords":["Autocensura","Censura"],"articleSection":["5 Preguntas"],"inLanguage":"es"},{"@type":"WebPage","@id":"https:\/\/latamjournalismreview.org\/es\/articles\/los-periodistas-tenemos-que-estar-abiertos-al-escrutinio-publico-yolanda-ruiz-del-consultorio-etico-de-la-fundacion-gabo\/","url":"https:\/\/latamjournalismreview.org\/es\/articles\/los-periodistas-tenemos-que-estar-abiertos-al-escrutinio-publico-yolanda-ruiz-del-consultorio-etico-de-la-fundacion-gabo\/","name":"\u201cLos periodistas tenemos que estar abiertos al escrutinio p\u00fablico\u201d: Yolanda Ruiz del Consultorio \u00c9tico de la Fundaci\u00f3n Gabo - LatAm Journalism Review","isPartOf":{"@id":"https:\/\/latamjournalismreview.org\/es\/#website"},"primaryImageOfPage":{"@id":"https:\/\/latamjournalismreview.org\/es\/articles\/los-periodistas-tenemos-que-estar-abiertos-al-escrutinio-publico-yolanda-ruiz-del-consultorio-etico-de-la-fundacion-gabo\/#primaryimage"},"image":{"@id":"https:\/\/latamjournalismreview.org\/es\/articles\/los-periodistas-tenemos-que-estar-abiertos-al-escrutinio-publico-yolanda-ruiz-del-consultorio-etico-de-la-fundacion-gabo\/#primaryimage"},"thumbnailUrl":"https:\/\/latamjournalismreview.org\/wp-content\/uploads\/2024\/08\/Cinco-Preguntas-ES-Yolanda-Ruiz.png","datePublished":"2024-08-07T16:33:57+00:00","dateModified":"2024-08-13T14:33:33+00:00","description":"Ruiz habl\u00f3 con LJR sobre qui\u00e9n deber\u00eda controlar a los medios, l\u00edneas entre cr\u00edtica e intento de censura, violaciones de principios \u00e9ticos del periodismo","breadcrumb":{"@id":"https:\/\/latamjournalismreview.org\/es\/articles\/los-periodistas-tenemos-que-estar-abiertos-al-escrutinio-publico-yolanda-ruiz-del-consultorio-etico-de-la-fundacion-gabo\/#breadcrumb"},"inLanguage":"es","potentialAction":[{"@type":"ReadAction","target":["https:\/\/latamjournalismreview.org\/es\/articles\/los-periodistas-tenemos-que-estar-abiertos-al-escrutinio-publico-yolanda-ruiz-del-consultorio-etico-de-la-fundacion-gabo\/"]}]},{"@type":"ImageObject","inLanguage":"es","@id":"https:\/\/latamjournalismreview.org\/es\/articles\/los-periodistas-tenemos-que-estar-abiertos-al-escrutinio-publico-yolanda-ruiz-del-consultorio-etico-de-la-fundacion-gabo\/#primaryimage","url":"https:\/\/latamjournalismreview.org\/wp-content\/uploads\/2024\/08\/Cinco-Preguntas-ES-Yolanda-Ruiz.png","contentUrl":"https:\/\/latamjournalismreview.org\/wp-content\/uploads\/2024\/08\/Cinco-Preguntas-ES-Yolanda-Ruiz.png","width":507,"height":340,"caption":"Periodista colombiana Yolanda Ruiz, codirectora del Consultorio \u00c9tico de la Fundaci\u00f3n Gabo."},{"@type":"BreadcrumbList","@id":"https:\/\/latamjournalismreview.org\/es\/articles\/los-periodistas-tenemos-que-estar-abiertos-al-escrutinio-publico-yolanda-ruiz-del-consultorio-etico-de-la-fundacion-gabo\/#breadcrumb","itemListElement":[{"@type":"ListItem","position":1,"name":"Home","item":"https:\/\/latamjournalismreview.org\/es\/"},{"@type":"ListItem","position":2,"name":"\u201cLos periodistas tenemos que estar abiertos al escrutinio p\u00fablico\u201d: Yolanda Ruiz del Consultorio \u00c9tico de la Fundaci\u00f3n Gabo"}]},{"@type":"WebSite","@id":"https:\/\/latamjournalismreview.org\/es\/#website","url":"https:\/\/latamjournalismreview.org\/es\/","name":"LatAm Journalism Review","description":"Knight Center at The University of Texas","publisher":{"@id":"https:\/\/latamjournalismreview.org\/es\/#organization"},"potentialAction":[{"@type":"SearchAction","target":{"@type":"EntryPoint","urlTemplate":"https:\/\/latamjournalismreview.org\/es\/?s={search_term_string}"},"query-input":{"@type":"PropertyValueSpecification","valueRequired":true,"valueName":"search_term_string"}}],"inLanguage":"es"},{"@type":"Organization","@id":"https:\/\/latamjournalismreview.org\/es\/#organization","name":"LatAm Journalism Review","url":"https:\/\/latamjournalismreview.org\/es\/","logo":{"@type":"ImageObject","inLanguage":"es","@id":"https:\/\/latamjournalismreview.org\/es\/#\/schema\/logo\/image\/","url":"https:\/\/latamjournalismreview.org\/wp-content\/uploads\/2020\/05\/knight-latAm-review-logo.svg","contentUrl":"https:\/\/latamjournalismreview.org\/wp-content\/uploads\/2020\/05\/knight-latAm-review-logo.svg","width":"1024","height":"1024","caption":"LatAm Journalism Review"},"image":{"@id":"https:\/\/latamjournalismreview.org\/es\/#\/schema\/logo\/image\/"},"sameAs":["https:\/\/x.com\/LatAmJournalism"]},{"@type":"Person","@id":"https:\/\/latamjournalismreview.org\/es\/#\/schema\/person\/eac7baa6afada0957e047be9fc15703a","name":"Silvia Higuera","description":"Silvia A. Higuera Fl\u00f3rez is a Colombian journalist interested in covering Latin American issues and human rights, especially the right to freedom of expression, and investigative journalism. She studied Social Communication and Journalism at Universidad Pontificia Bolivariana in Bucaramanga (Colombia), and received her Master's of Arts in Journalism from the University of Texas at Austin in 2015. She worked with the Office of the Special Rapporteur for Freedom of Expression of the Inter-American Commission on Human Rights (IACHR) under the Orlando Sierra fellowship during 2014. She also worked for the Colombian newspaper Vanguardia Liberal and wrote for different magazines about local, economic and public order issues. Her work has also appeared in The Miami Herald and El Nuevo Herald of Miami. Email: silvia.knightcenter@gmail.com Silvia A. Higuera Fl\u00f3rez es una periodista colombiana con inter\u00e9s period\u00edstico es Am\u00e9rica Latina y los derechos humanos, particularmente el derecho a la libertad de expresi\u00f3n, as\u00ed como el periodismo de investigaci\u00f3n. Estudi\u00f3 Comunicaci\u00f3n Social \u2013 Periodismo en la Universidad Pontificia Bolivariana de Bucaramanga (Colombia), y recibi\u00f3 su maestr\u00eda en Periodismo en la Universidad de Texas, en Austin en 2015. Trabaj\u00f3 para la Relator\u00eda Especial para la Libertad de Expresi\u00f3n de la Comisi\u00f3n Interamericana de Derechos Humanos (CIDH) en el marco de la beca Orlando Sierra, durante 2014. Tambi\u00e9n hizo parte del diario Vanguardia Liberal y escribi\u00f3 para otras revistas colombianas cubriendo fuentes locales, econ\u00f3micas y judiciales. Algunos de sus trabajos han aparecido en The Miami Herald y El Nuevo Herald de Miami. Silvia A. Higuera Fl\u00f3rez \u00e9 uma jornalista colombiana e seu interesse jornal\u00edstico \u00e9 a Am\u00e9rica Latina e os direitos humanos, nomeadamente o direito \u00e0 liberdade de express\u00e3o. Estudou Comunica\u00e7\u00e3o Social \u2013 Jornalismo na Universidade Pontif\u00edcia Bolivariana de Bucaramanga, na Col\u00f4mbia e completou seu mestrado em jornalismo na Universidade do Texas em Austin. Silvia trabalhou na Relatoria para a Liberdade de Express\u00e3o da CIDH pela bolsa Orlando Sierra, em 2014. Trabalhou para o jornal Vanguardia Liberal e escreveu para outras revistas colombianas cobrindo temas locais, econ\u00f4micas e judici\u00e1rias. Alguns de seus trabalhos apareceram no The Miami Herald e no El Nuevo Herald de Miami.","sameAs":["https:\/\/x.com\/shiguerita"],"url":"https:\/\/latamjournalismreview.org\/es\/articles\/author\/silvia-higuera\/"}]}},"_links":{"self":[{"href":"https:\/\/latamjournalismreview.org\/es\/wp-json\/wp\/v2\/posts\/89961","targetHints":{"allow":["GET"]}}],"collection":[{"href":"https:\/\/latamjournalismreview.org\/es\/wp-json\/wp\/v2\/posts"}],"about":[{"href":"https:\/\/latamjournalismreview.org\/es\/wp-json\/wp\/v2\/types\/post"}],"author":[{"embeddable":true,"href":"https:\/\/latamjournalismreview.org\/es\/wp-json\/wp\/v2\/users\/13"}],"replies":[{"embeddable":true,"href":"https:\/\/latamjournalismreview.org\/es\/wp-json\/wp\/v2\/comments?post=89961"}],"version-history":[{"count":13,"href":"https:\/\/latamjournalismreview.org\/es\/wp-json\/wp\/v2\/posts\/89961\/revisions"}],"predecessor-version":[{"id":90048,"href":"https:\/\/latamjournalismreview.org\/es\/wp-json\/wp\/v2\/posts\/89961\/revisions\/90048"}],"wp:featuredmedia":[{"embeddable":true,"href":"https:\/\/latamjournalismreview.org\/es\/wp-json\/wp\/v2\/media\/89894"}],"wp:attachment":[{"href":"https:\/\/latamjournalismreview.org\/es\/wp-json\/wp\/v2\/media?parent=89961"}],"wp:term":[{"taxonomy":"category","embeddable":true,"href":"https:\/\/latamjournalismreview.org\/es\/wp-json\/wp\/v2\/categories?post=89961"},{"taxonomy":"post_tag","embeddable":true,"href":"https:\/\/latamjournalismreview.org\/es\/wp-json\/wp\/v2\/tags?post=89961"},{"taxonomy":"author","embeddable":true,"href":"https:\/\/latamjournalismreview.org\/es\/wp-json\/wp\/v2\/coauthors?post=89961"}],"curies":[{"name":"wp","href":"https:\/\/api.w.org\/{rel}","templated":true}]}}