{"id":90212,"date":"2024-08-14T15:07:33","date_gmt":"2024-08-14T20:07:33","guid":{"rendered":"https:\/\/latamjournalismreview.org\/?p=90212"},"modified":"2024-08-14T15:54:30","modified_gmt":"2024-08-14T20:54:30","slug":"agencia-presentes-combate-disinformacion-genero-latinoamerica","status":"publish","type":"post","link":"https:\/\/latamjournalismreview.org\/es\/articles\/agencia-presentes-combate-disinformacion-genero-latinoamerica\/","title":{"rendered":"Ag\u00eancia Presentes combate la desinformaci\u00f3n de g\u00e9nero en Am\u00e9rica Latina con una nueva unidad de verificaci\u00f3n de datos"},"content":{"rendered":"<p><span style=\"font-weight: 400;\">En el mayor acontecimiento deportivo del mundo, una campa\u00f1a de odio empa\u00f1\u00f3 el camino de una atleta hacia el podio. La boxeadora argelina Imane Khelif gan\u00f3 la medalla de oro en los <\/span><a href=\"https:\/\/www.bbc.com\/mundo\/articles\/cq6r2vqzvd6o\" target=\"_blank\" rel=\"noopener\"><span style=\"font-weight: 400;\">Juegos Ol\u00edmpicos de Par\u00eds 2024<\/span><\/a><span style=\"font-weight: 400;\"> en medio de una oleada de ataques en internet que cuestionaban su g\u00e9nero.<\/span><\/p>\n<p><span style=\"font-weight: 400;\">El caso de Khelif se convirti\u00f3 en la primer <\/span><a href=\"https:\/\/agenciapresentes.org\/2024\/08\/06\/es-falso-que-participen-mujeres-trans-en-los-juegos-olimpicos\/\" target=\"_blank\" rel=\"noopener\"><span style=\"font-weight: 400;\">fact-check<\/span><\/a><span style=\"font-weight: 400;\">\u00a0de <\/span><a href=\"https:\/\/agenciapresentes.org\/la-factoria\/\" target=\"_blank\" rel=\"noopener\"><span style=\"font-weight: 400;\">La Factor\u00eda<\/span><\/a><span style=\"font-weight: 400;\">, la reci\u00e9n creada unidad de verificaci\u00f3n de datos sobre g\u00e9nero y diversidad de Agencia Presentes. El <\/span><a href=\"https:\/\/agenciapresentes.org\/2024\/08\/06\/es-falso-que-participen-mujeres-trans-en-los-juegos-olimpicos\/\" target=\"_blank\" rel=\"noopener\"><span style=\"font-weight: 400;\">art\u00edculo<\/span><\/a><span style=\"font-weight: 400;\"> desentra\u00f1a este ejemplo m\u00e1s reciente de <\/span><a href=\"https:\/\/agenciapresentes.org\/2024\/08\/08\/como-funcionan-las-campanas-de-desinformacion-de-genero\/\" target=\"_blank\" rel=\"noopener\"><span style=\"font-weight: 400;\">desinformaci\u00f3n de g\u00e9nero<\/span><\/a><span style=\"font-weight: 400;\">,<\/span><span style=\"font-weight: 400;\"> campa\u00f1as impulsadas por actores pol\u00edticos que fomentan y alimentan el odio hacia las mujeres y las personas LGBTQIA+. Se trata de un fen\u00f3meno global que se viene dando cada vez con m\u00e1s frecuencia en Am\u00e9rica Latina, seg\u00fan explic\u00f3 a <strong>LatAm Journalism Review (LJR) <\/strong><\/span><span style=\"font-weight: 400;\">Mar\u00eda Eugenia Ludue\u00f1a, codirectora de Presentes.<\/span><\/p>\n<p><span style=\"font-weight: 400;\">\u201cVimos con la pandemia c\u00f3mo empez\u00f3 a crecer la informaci\u00f3n enga\u00f1osa, distorsionada, absolutamente falsa, en especial en las redes sociales\", dijo Ludue\u00f1a.<\/span><\/p>\n<p><span style=\"font-weight: 400;\">Desde hace a\u00f1os, Presentes publica art\u00edculos que combaten la desinformaci\u00f3n sobre g\u00e9nero y diversidad sexual. Son temas en los que la agencia -con sedes en Buenos Aires y Ciudad de M\u00e9xico- se ha enfocado desde su fundaci\u00f3n en 2016.<\/span><\/p>\n<p><span style=\"font-weight: 400;\">Entre finales de 2023 y principios de 2024, Presentes se asoci\u00f3 con el sitio mexicano <\/span><a href=\"https:\/\/verificado.com.mx\/\" target=\"_blank\" rel=\"noopener\"><span style=\"font-weight: 400;\">Verificado<\/span><\/a><span style=\"font-weight: 400;\"> para contrastar hechos sobre temas de g\u00e9nero y sexualidad que eran blanco de desinformaci\u00f3n en M\u00e9xico, como la <\/span><a href=\"https:\/\/agenciapresentes.org\/2024\/01\/18\/desinformacion-en-mexico-es-falso-que-el-vih-se-transmita-por-besarse\/\" target=\"_blank\" rel=\"noopener\"><span style=\"font-weight: 400;\">transmisi\u00f3n del VIH<\/span><\/a><span style=\"font-weight: 400;\"> y la <\/span><a href=\"https:\/\/agenciapresentes.org\/2024\/02\/08\/desinformacion-en-mexico-es-falso-que-la-disforia-de-genero-sea-una-enfermedad-mental\/\" target=\"_blank\" rel=\"noopener\"><span style=\"font-weight: 400;\">patologizaci\u00f3n de la transexualidad<\/span><\/a><span style=\"font-weight: 400;\">. Ludue\u00f1a tambi\u00e9n particip\u00f3 en la creaci\u00f3n de una gu\u00eda de <\/span><a href=\"http:\/\/www.chequeado.com\" target=\"_blank\" rel=\"noopener\"><span style=\"font-weight: 400;\">Chequeado<\/span><\/a><span style=\"font-weight: 400;\"> -pionero argentino en fact-checking en Am\u00e9rica Latina- sobre <\/span><a href=\"https:\/\/chequeado.com\/guiasdesinfo\/genero.html\" target=\"_blank\" rel=\"noopener\"><span style=\"font-weight: 400;\">c\u00f3mo aplicar la perspectiva de g\u00e9nero a los datos<\/span><\/a><span style=\"font-weight: 400;\">.<\/span><\/p>\n<p><span style=\"font-weight: 400;\">\u201cEntendimos que ten\u00edamos que tomar eso y dedicarle un espacio y una metodolog\u00eda espec\u00edfica\u201d, dijo Ludue\u00f1a. \u201cPor otro lado, nos dimos cuenta de que ya ven\u00edamos haciendo este trabajo sin llamarlo lucha contra la desinformaci\u00f3n, sino periodismo\u201d.<\/span><\/p>\n<div id=\"attachment_90120\" style=\"width: 430px\" class=\"wp-caption alignright\"><img loading=\"lazy\" decoding=\"async\" aria-describedby=\"caption-attachment-90120\" class=\"wp-image-90120\" src=\"https:\/\/latamjournalismreview.org\/wp-content\/uploads\/2024\/08\/LaFactoriaAgenciaPresentes.png\" alt=\"illustration\" width=\"420\" height=\"210\" srcset=\"https:\/\/latamjournalismreview.org\/wp-content\/uploads\/2024\/08\/LaFactoriaAgenciaPresentes.png 640w, https:\/\/latamjournalismreview.org\/wp-content\/uploads\/2024\/08\/LaFactoriaAgenciaPresentes-300x150.png 300w\" sizes=\"auto, (max-width: 420px) 100vw, 420px\" \/><p id=\"caption-attachment-90120\" class=\"wp-caption-text\">Identidad visual de La Factor\u00eda, creada por el equipo de dise\u00f1o mexicano Andamos Flotando. (Ilustraci\u00f3n: Andamos Flotando\/Agencia Presentes)<\/p><\/div>\n<p><span style=\"font-weight: 400;\">Ver un aumento de la desinformaci\u00f3n de g\u00e9nero y trabajar con organizaciones de fact-checking motiv\u00f3 a Presentes a adoptar oficialmente el formato de fact-checking y crear su propia unidad de verificaci\u00f3n.<\/span><\/p>\n<p><span style=\"font-weight: 400;\">\u201cCrear La Factor\u00eda fue una forma de sistematizar un trabajo que ya est\u00e1bamos haciendo\u201d, explica a <strong>LJR <\/strong><\/span><span style=\"font-weight: 400;\">Ana Fornaro, codirectora de Presentes. \u201c<\/span><span style=\"font-weight: 400;\">Y tambi\u00e9n tiene que ver con una cuesti\u00f3n pol\u00edtica que es de pararnos desde el lugar de decir: \u2018Este discurso es desinformaci\u00f3n. No es una cuesti\u00f3n de opini\u00f3n de la persona que lo emite, no es una cuesti\u00f3n ideol\u00f3gica de un medio y nosotras somos la contraideolog\u00eda\u2019\u201d.<\/span><\/p>\n<p><span style=\"font-weight: 400;\">\u201c<\/span><span style=\"font-weight: 400;\">Nos vamos a parar desde el lugar donde se paran los grandes medios tambi\u00e9n que deciden que es informaci\u00f3n y que es desinformaci\u00f3n\u201d<\/span><span style=\"font-weight: 400;\">, a\u00f1adi\u00f3.<\/span><\/p>\n<h3><span style=\"font-weight: 400;\">Panorama regional<\/span><\/h3>\n<p><span style=\"font-weight: 400;\">Adem\u00e1s de la colaboraci\u00f3n con Verificado, el equipo de Presentes se form\u00f3 con Chequeado para aprender la metodolog\u00eda del fact-checking y aplicarla a la desinformaci\u00f3n de g\u00e9nero.<\/span><\/p>\n<p><span style=\"font-weight: 400;\">\u201c<\/span><span style=\"font-weight: 400;\">Nos pareci\u00f3 una s\u00faper oportunidad para impulsar este formato espec\u00edfico que ayuda a desmentir desinformaciones y cosas falsas que se dicen en el discurso p\u00fablico, y Agencia Presentes puede hacerlo con una perspectiva espec\u00edfica, con seriedad y con profesionalismo\u201d<\/span><span style=\"font-weight: 400;\">, dijo a <strong>LJR <\/strong><\/span><span style=\"font-weight: 400;\">Olivia Sohr, directora de impacto y nuevas iniciativas de Chequeado.<\/span><\/p>\n<p><span style=\"font-weight: 400;\">Sohr ten\u00eda experiencia en el tema. Edit\u00f3 el informe \u201c<\/span><a href=\"https:\/\/chequeado.com\/desinformacion-genero-2023\/\" target=\"_blank\" rel=\"noopener\"><span style=\"font-weight: 400;\">Desinformaci\u00f3n de g\u00e9nero durante el per\u00edodo electoral argentino 2023<\/span><\/a><span style=\"font-weight: 400;\">\u201d, que present\u00f3 los resultados de una investigaci\u00f3n de Chequeado sobre las principales narrativas de desinformaci\u00f3n de g\u00e9nero y los principales actores que las difundieron durante las elecciones en Argentina el a\u00f1o pasado.<\/span><\/p>\n<p><span style=\"font-weight: 400;\">Seg\u00fan ella, \u201cquienes desinforman aprovechan todos los prejuicios para que su desinformaci\u00f3n llegue lo m\u00e1s lejos posible, y eso incluye los prejuicios de g\u00e9nero\u201d.<\/span><\/p>\n<p><span style=\"font-weight: 400;\">\u201c<\/span><span style=\"font-weight: 400;\">Es importante mostrar c\u00f3mo se articulan estas cuestiones, c\u00f3mo modelan la discusi\u00f3n p\u00fablica y c\u00f3mo pueden hacer que algunos temas entren o salgan de la agenda seg\u00fan c\u00f3mo se generan ataques con desinformaci\u00f3n\u201d<\/span><span style=\"font-weight: 400;\">, dijo Sohr.<\/span><\/p>\n<p><span style=\"font-weight: 400;\">Otra raz\u00f3n para investigar la desinformaci\u00f3n de g\u00e9nero es el hecho de que tiene repercusiones y se repite de manera transnacional, imponi\u00e9ndose en el debate p\u00fablico de distintos pa\u00edses de manera muy similar, influyendo en procesos pol\u00edticos como las elecciones y la creaci\u00f3n de pol\u00edticas p\u00fablicas.<\/span><\/p>\n<p><span style=\"font-weight: 400;\">\u201c<\/span><span style=\"font-weight: 400;\">Hay una tendencia regional sobre la desinformaci\u00f3n en estas tem\u00e1ticas. Lo que muchas veces parece una discusi\u00f3n muy local y muy propia de la pol\u00edtica de un pa\u00eds en realidad est\u00e1 inserta en una discusi\u00f3n por lo menos regional y en muchos casos global sobre estos temas, y se desinforma de manera sistem\u00e1tica\u201d<\/span><span style=\"font-weight: 400;\">, afirma Sohr.<\/span><\/p>\n<p><span style=\"font-weight: 400;\">Presentes se dedica precisamente a abordar este tema desde una perspectiva estrat\u00e9gica regional, dijo Ludue\u00f1a.<\/span><\/p>\n<p><span style=\"font-weight: 400;\">\u201cLas operaciones de desinformaci\u00f3n en las elecciones en M\u00e9xico tienen puntos en com\u00fan con Argentina, con Paraguay, sobre todo en los grupos antiderechos\u201d, dijo. \u201cHay ejes tem\u00e1ticos que se repiten y hay patrones. No es lo mismo mirar la desinformaci\u00f3n en Argentina y s\u00f3lo en Argentina que mirar lo que est\u00e1 pasando en M\u00e9xico, porque realmente tienen mucho en com\u00fan\u201d.<\/span><\/p>\n<h3><span style=\"font-weight: 400;\">Datos contra el discurso del odio<\/span><\/h3>\n<p><span style=\"font-weight: 400;\">Daniela Mendoza, cofundadora y directora de Verificado, dijo a <strong>LJR<\/strong> que <\/span><span style=\"font-weight: 400;\">la desinformaci\u00f3n es uno de los principales ingredientes del discurso de odio y la violencia contra las minor\u00edas sociales. Seg\u00fan ella, los agentes de desinformaci\u00f3n buscan polarizar a la poblaci\u00f3n utilizando prejuicios generalizados sobre grupos sociales marginados, como las personas LGBTQIA+, los ind\u00edgenas y los migrantes.<\/span><\/p>\n<p><span style=\"font-weight: 400;\">\u201cLos prejuicios tienen un gran ingrediente de desinformaci\u00f3n\u201d, dijo Mendoza.<\/span><\/p>\n<p><span style=\"font-weight: 400;\">Seg\u00fan ella, existe un debate dentro del fact-checking sobre la comprobaci\u00f3n del discurso del odio. Verificado \u201cse ha atrevido a cruzar esa frontera\u201d de utilizar el fact-checking para hacer frente al discurso de odio, \u201csiempre y cuando se tengan datos\u201d, dijo.<\/span><\/p>\n<p><span style=\"font-weight: 400;\">\u201c<\/span><span style=\"font-weight: 400;\">El discurso de odio necesita forzosamente una validaci\u00f3n para penetrar en la gente y muchas veces buscan esa validaci\u00f3n en los datos\u201d<\/span><span style=\"font-weight: 400;\">, dijo Mendoza. \u201cNo estoy verificando tu opini\u00f3n. Estoy verificando los datos que utilizas para generar tu opini\u00f3n\u201d.<\/span><\/p>\n<p><span style=\"font-weight: 400;\">Sohr destac\u00f3 que la verificaci\u00f3n de hechos es una forma de periodismo que puede contribuir en gran medida a mejorar la calidad de los datos que circulan en el debate p\u00fablico. Pero no es la \u00fanica herramienta para combatir la desinformaci\u00f3n, especialmente la de g\u00e9nero.<\/span><\/p>\n<p><span style=\"font-weight: 400;\">\u201c<\/span><span style=\"font-weight: 400;\">Enfoques m\u00e1s generales para explicar o denunciar estas campa\u00f1as [de desinformaci\u00f3n], mostrar c\u00f3mo se est\u00e1n articulando cuando se tratan de ataques coordinados y qu\u00e9 otras herramientas est\u00e1n usando, como las usan, como esto imita muchas veces t\u00e1cticas que se est\u00e1n usando en otros lugares, y ese tipo de investigaci\u00f3n period\u00edstica que va m\u00e1s all\u00e1 del fact-checking pueden ser mucho m\u00e1s \u00fatiles\u201d<\/span><span style=\"font-weight: 400;\">, dijo Sohr.<\/span><\/p>\n<p><span style=\"font-weight: 400;\">Mendoza dijo que Verificado y Ag\u00eancia Presentes coinciden en entender que, aunque no est\u00e9n sujetos a verificaci\u00f3n, el discurso del odio debe ser expuesto por lo que es.<\/span><\/p>\n<p><span style=\"font-weight: 400;\">\u201cSi no podemos desmontarlo porque no tiene datos, quiz\u00e1s podamos explicar sus consecuencias\", dijo. \u201cEl discurso del odio contamina el ambiente medi\u00e1tico, pero luego se puede convertir en propuestas de campa\u00f1a, en reformas, y b\u00e1sicamente todo est\u00e1 basado en prejuicios, desconocimiento y desinformaci\u00f3n\u201d.<\/span><\/p>\n<p>&nbsp;<\/p>\n","protected":false},"excerpt":{"rendered":"<p>Las campa\u00f1as de desinformaci\u00f3n contra mujeres y personas LGBTQIA+ son un problema mundial que se est\u00e1 haciendo cada vez m\u00e1s frecuente en Am\u00e9rica Latina. <\/p>\n","protected":false},"author":16,"featured_media":90116,"comment_status":"closed","ping_status":"closed","sticky":false,"template":"","format":"standard","meta":{"inline_featured_image":false,"footnotes":""},"categories":[1236],"tags":[],"coauthors":[2742],"class_list":["post-90212","post","type-post","status-publish","format-standard","has-post-thumbnail","hentry","category-noticias-falsas-y-desinformacion-es"],"acf":[],"yoast_head":"<!-- This site is optimized with the Yoast SEO Premium plugin v22.6 (Yoast SEO v27.4) - https:\/\/yoast.com\/product\/yoast-seo-premium-wordpress\/ -->\n<title>Ag\u00eancia Presentes combate la desinformaci\u00f3n de g\u00e9nero en Am\u00e9rica Latina con una nueva unidad de verificaci\u00f3n de datos - LatAm Journalism Review<\/title>\n<meta name=\"description\" content=\"Ag\u00eancia Presentes combate la desinformaci\u00f3n de g\u00e9nero en Am\u00e9rica Latina con una nueva unidad de verificaci\u00f3n de datos Conozca c\u00f3mo La Factor\u00eda, la nueva unidad de verificaci\u00f3n de datos de Ag\u00eancia Presentes, combate la desinformaci\u00f3n de g\u00e9nero en Am\u00e9rica Latina.\" \/>\n<meta name=\"robots\" content=\"index, follow, max-snippet:-1, max-image-preview:large, max-video-preview:-1\" \/>\n<link rel=\"canonical\" href=\"https:\/\/latamjournalismreview.org\/es\/articles\/agencia-presentes-combate-disinformacion-genero-latinoamerica\/\" \/>\n<meta property=\"og:locale\" content=\"es_ES\" \/>\n<meta property=\"og:type\" content=\"article\" \/>\n<meta property=\"og:title\" content=\"Ag\u00eancia Presentes combate la desinformaci\u00f3n de g\u00e9nero en Am\u00e9rica Latina con una nueva unidad de verificaci\u00f3n de datos\" \/>\n<meta property=\"og:description\" content=\"Ag\u00eancia Presentes combate la desinformaci\u00f3n de g\u00e9nero en Am\u00e9rica Latina con una nueva unidad de verificaci\u00f3n de datos Conozca c\u00f3mo La Factor\u00eda, la nueva unidad de verificaci\u00f3n de datos de Ag\u00eancia Presentes, combate la desinformaci\u00f3n de g\u00e9nero en Am\u00e9rica Latina.\" \/>\n<meta property=\"og:url\" content=\"https:\/\/latamjournalismreview.org\/es\/articles\/agencia-presentes-combate-disinformacion-genero-latinoamerica\/\" \/>\n<meta property=\"og:site_name\" content=\"LatAm Journalism Review\" \/>\n<meta property=\"article:published_time\" content=\"2024-08-14T20:07:33+00:00\" \/>\n<meta property=\"article:modified_time\" content=\"2024-08-14T20:54:30+00:00\" \/>\n<meta property=\"og:image\" content=\"https:\/\/latamjournalismreview.org\/wp-content\/uploads\/2024\/08\/FEATURED-Agencia-Presentes-La-Factoria.png\" \/>\n\t<meta property=\"og:image:width\" content=\"507\" \/>\n\t<meta property=\"og:image:height\" content=\"340\" \/>\n\t<meta property=\"og:image:type\" content=\"image\/png\" \/>\n<meta name=\"author\" content=\"Carolina de Assis\" \/>\n<meta name=\"twitter:card\" content=\"summary_large_image\" \/>\n<meta name=\"twitter:creator\" content=\"@LatAmJournalism\" \/>\n<meta name=\"twitter:site\" content=\"@LatAmJournalism\" \/>\n<meta name=\"twitter:label1\" content=\"Written by\" \/>\n\t<meta name=\"twitter:data1\" content=\"Carolina de Assis\" \/>\n\t<meta name=\"twitter:label2\" content=\"Est. reading time\" \/>\n\t<meta name=\"twitter:data2\" content=\"6 minutos\" \/>\n<script type=\"application\/ld+json\" class=\"yoast-schema-graph\">{\"@context\":\"https:\\\/\\\/schema.org\",\"@graph\":[{\"@type\":\"Article\",\"@id\":\"https:\\\/\\\/latamjournalismreview.org\\\/es\\\/articles\\\/agencia-presentes-combate-disinformacion-genero-latinoamerica\\\/#article\",\"isPartOf\":{\"@id\":\"https:\\\/\\\/latamjournalismreview.org\\\/es\\\/articles\\\/agencia-presentes-combate-disinformacion-genero-latinoamerica\\\/\"},\"author\":{\"name\":\"Carolina de Assis\",\"@id\":\"https:\\\/\\\/latamjournalismreview.org\\\/es\\\/#\\\/schema\\\/person\\\/f98b544e2f231a237f39a56cc9a00a9a\"},\"headline\":\"Ag\u00eancia Presentes combate la desinformaci\u00f3n de g\u00e9nero en Am\u00e9rica Latina con una nueva unidad de verificaci\u00f3n de datos\",\"datePublished\":\"2024-08-14T20:07:33+00:00\",\"dateModified\":\"2024-08-14T20:54:30+00:00\",\"mainEntityOfPage\":{\"@id\":\"https:\\\/\\\/latamjournalismreview.org\\\/es\\\/articles\\\/agencia-presentes-combate-disinformacion-genero-latinoamerica\\\/\"},\"wordCount\":1337,\"publisher\":{\"@id\":\"https:\\\/\\\/latamjournalismreview.org\\\/es\\\/#organization\"},\"image\":{\"@id\":\"https:\\\/\\\/latamjournalismreview.org\\\/es\\\/articles\\\/agencia-presentes-combate-disinformacion-genero-latinoamerica\\\/#primaryimage\"},\"thumbnailUrl\":\"https:\\\/\\\/latamjournalismreview.org\\\/wp-content\\\/uploads\\\/2024\\\/08\\\/FEATURED-Agencia-Presentes-La-Factoria.png\",\"articleSection\":[\"Noticias falsas y desinformaci\u00f3n\"],\"inLanguage\":\"es\"},{\"@type\":\"WebPage\",\"@id\":\"https:\\\/\\\/latamjournalismreview.org\\\/es\\\/articles\\\/agencia-presentes-combate-disinformacion-genero-latinoamerica\\\/\",\"url\":\"https:\\\/\\\/latamjournalismreview.org\\\/es\\\/articles\\\/agencia-presentes-combate-disinformacion-genero-latinoamerica\\\/\",\"name\":\"Ag\u00eancia Presentes combate la desinformaci\u00f3n de g\u00e9nero en Am\u00e9rica Latina con una nueva unidad de verificaci\u00f3n de datos - LatAm Journalism Review\",\"isPartOf\":{\"@id\":\"https:\\\/\\\/latamjournalismreview.org\\\/es\\\/#website\"},\"primaryImageOfPage\":{\"@id\":\"https:\\\/\\\/latamjournalismreview.org\\\/es\\\/articles\\\/agencia-presentes-combate-disinformacion-genero-latinoamerica\\\/#primaryimage\"},\"image\":{\"@id\":\"https:\\\/\\\/latamjournalismreview.org\\\/es\\\/articles\\\/agencia-presentes-combate-disinformacion-genero-latinoamerica\\\/#primaryimage\"},\"thumbnailUrl\":\"https:\\\/\\\/latamjournalismreview.org\\\/wp-content\\\/uploads\\\/2024\\\/08\\\/FEATURED-Agencia-Presentes-La-Factoria.png\",\"datePublished\":\"2024-08-14T20:07:33+00:00\",\"dateModified\":\"2024-08-14T20:54:30+00:00\",\"description\":\"Ag\u00eancia Presentes combate la desinformaci\u00f3n de g\u00e9nero en Am\u00e9rica Latina con una nueva unidad de verificaci\u00f3n de datos Conozca c\u00f3mo La Factor\u00eda, la nueva unidad de verificaci\u00f3n de datos de Ag\u00eancia Presentes, combate la desinformaci\u00f3n de g\u00e9nero en Am\u00e9rica Latina.\",\"breadcrumb\":{\"@id\":\"https:\\\/\\\/latamjournalismreview.org\\\/es\\\/articles\\\/agencia-presentes-combate-disinformacion-genero-latinoamerica\\\/#breadcrumb\"},\"inLanguage\":\"es\",\"potentialAction\":[{\"@type\":\"ReadAction\",\"target\":[\"https:\\\/\\\/latamjournalismreview.org\\\/es\\\/articles\\\/agencia-presentes-combate-disinformacion-genero-latinoamerica\\\/\"]}]},{\"@type\":\"ImageObject\",\"inLanguage\":\"es\",\"@id\":\"https:\\\/\\\/latamjournalismreview.org\\\/es\\\/articles\\\/agencia-presentes-combate-disinformacion-genero-latinoamerica\\\/#primaryimage\",\"url\":\"https:\\\/\\\/latamjournalismreview.org\\\/wp-content\\\/uploads\\\/2024\\\/08\\\/FEATURED-Agencia-Presentes-La-Factoria.png\",\"contentUrl\":\"https:\\\/\\\/latamjournalismreview.org\\\/wp-content\\\/uploads\\\/2024\\\/08\\\/FEATURED-Agencia-Presentes-La-Factoria.png\",\"width\":507,\"height\":340,\"caption\":\"Imagem: Flor Capella\\\/Agencia Presentes\"},{\"@type\":\"BreadcrumbList\",\"@id\":\"https:\\\/\\\/latamjournalismreview.org\\\/es\\\/articles\\\/agencia-presentes-combate-disinformacion-genero-latinoamerica\\\/#breadcrumb\",\"itemListElement\":[{\"@type\":\"ListItem\",\"position\":1,\"name\":\"Home\",\"item\":\"https:\\\/\\\/latamjournalismreview.org\\\/es\\\/\"},{\"@type\":\"ListItem\",\"position\":2,\"name\":\"Ag\u00eancia Presentes combate la desinformaci\u00f3n de g\u00e9nero en Am\u00e9rica Latina con una nueva unidad de verificaci\u00f3n de datos\"}]},{\"@type\":\"WebSite\",\"@id\":\"https:\\\/\\\/latamjournalismreview.org\\\/es\\\/#website\",\"url\":\"https:\\\/\\\/latamjournalismreview.org\\\/es\\\/\",\"name\":\"LatAm Journalism Review\",\"description\":\"Knight Center at The University of Texas\",\"publisher\":{\"@id\":\"https:\\\/\\\/latamjournalismreview.org\\\/es\\\/#organization\"},\"potentialAction\":[{\"@type\":\"SearchAction\",\"target\":{\"@type\":\"EntryPoint\",\"urlTemplate\":\"https:\\\/\\\/latamjournalismreview.org\\\/es\\\/?s={search_term_string}\"},\"query-input\":{\"@type\":\"PropertyValueSpecification\",\"valueRequired\":true,\"valueName\":\"search_term_string\"}}],\"inLanguage\":\"es\"},{\"@type\":\"Organization\",\"@id\":\"https:\\\/\\\/latamjournalismreview.org\\\/es\\\/#organization\",\"name\":\"LatAm Journalism Review\",\"url\":\"https:\\\/\\\/latamjournalismreview.org\\\/es\\\/\",\"logo\":{\"@type\":\"ImageObject\",\"inLanguage\":\"es\",\"@id\":\"https:\\\/\\\/latamjournalismreview.org\\\/es\\\/#\\\/schema\\\/logo\\\/image\\\/\",\"url\":\"https:\\\/\\\/latamjournalismreview.org\\\/wp-content\\\/uploads\\\/2020\\\/05\\\/knight-latAm-review-logo.svg\",\"contentUrl\":\"https:\\\/\\\/latamjournalismreview.org\\\/wp-content\\\/uploads\\\/2020\\\/05\\\/knight-latAm-review-logo.svg\",\"width\":\"1024\",\"height\":\"1024\",\"caption\":\"LatAm Journalism Review\"},\"image\":{\"@id\":\"https:\\\/\\\/latamjournalismreview.org\\\/es\\\/#\\\/schema\\\/logo\\\/image\\\/\"},\"sameAs\":[\"https:\\\/\\\/x.com\\\/LatAmJournalism\"]},{\"@type\":\"Person\",\"@id\":\"https:\\\/\\\/latamjournalismreview.org\\\/es\\\/#\\\/schema\\\/person\\\/f98b544e2f231a237f39a56cc9a00a9a\",\"name\":\"Carolina de Assis\",\"description\":\"Carolina de Assis is a Brazilian journalist and researcher who lives in Juiz de Fora, MG, Brazil. She holds a master's degree in Women\u2019s and Gender Studies from the GEMMA Programme \u2013 Universit\u00e0 di Bologna (Italy) \\\/ Universiteit Utrecht (The Netherlands) and has worked as an editor at G\u00eanero e N\u00famero, a Brazilian digital magazine focused on data journalism and gender issues. She is especially interested in journalistic initiatives aimed at promoting human rights and gender justice. You can find her on Twitter: @caroldeassis _________ Carolina de Assis es una periodista e investigadora brasile\u00f1a que vive en Juiz de Fora, MG, Brasil . Tiene una maestr\u00eda en Estudios de las Mujeres y de G\u00e9nero del programa GEMMA \u2013 Universit\u00e0 di Bologna (Italia) \\\/ Universiteit Utrecht (Holanda). Trabaj\u00f3 como editora en la revista digital brasile\u00f1a G\u00eanero e N\u00famero. Le interesan especialmente iniciativas period\u00edsticas que tienen el objetivo de promover los derechos humanos y la justicia de g\u00e9nero. Puedes encontrarla en Twitter: @caroldeassis. _______ Carolina de Assis \u00e9 uma jornalista e pesquisadora brasileira que vive em Juiz de Fora (MG). \u00c9 mestra em Estudos da Mulher e de G\u00eanero pelo programa GEMMA \u2013 Universit\u00e0 di Bologna (It\u00e1lia) \\\/ Universiteit Utrecht (Holanda). Trabalhou como editora na revista digital G\u00eanero e N\u00famero e se interessa especialmente por iniciativas jornal\u00edsticas que promovam os direitos humanos e a justi\u00e7a de g\u00eanero. Voc\u00ea pode encontr\u00e1-la no Twitter em @caroldeassis.\",\"url\":\"https:\\\/\\\/latamjournalismreview.org\\\/es\\\/articles\\\/author\\\/carolina-de-assis\\\/\"}]}<\/script>\n<!-- \/ Yoast SEO Premium plugin. -->","yoast_head_json":{"title":"Ag\u00eancia Presentes combate la desinformaci\u00f3n de g\u00e9nero en Am\u00e9rica Latina con una nueva unidad de verificaci\u00f3n de datos - LatAm Journalism Review","description":"Ag\u00eancia Presentes combate la desinformaci\u00f3n de g\u00e9nero en Am\u00e9rica Latina con una nueva unidad de verificaci\u00f3n de datos Conozca c\u00f3mo La Factor\u00eda, la nueva unidad de verificaci\u00f3n de datos de Ag\u00eancia Presentes, combate la desinformaci\u00f3n de g\u00e9nero en Am\u00e9rica Latina.","robots":{"index":"index","follow":"follow","max-snippet":"max-snippet:-1","max-image-preview":"max-image-preview:large","max-video-preview":"max-video-preview:-1"},"canonical":"https:\/\/latamjournalismreview.org\/es\/articles\/agencia-presentes-combate-disinformacion-genero-latinoamerica\/","og_locale":"es_ES","og_type":"article","og_title":"Ag\u00eancia Presentes combate la desinformaci\u00f3n de g\u00e9nero en Am\u00e9rica Latina con una nueva unidad de verificaci\u00f3n de datos","og_description":"Ag\u00eancia Presentes combate la desinformaci\u00f3n de g\u00e9nero en Am\u00e9rica Latina con una nueva unidad de verificaci\u00f3n de datos Conozca c\u00f3mo La Factor\u00eda, la nueva unidad de verificaci\u00f3n de datos de Ag\u00eancia Presentes, combate la desinformaci\u00f3n de g\u00e9nero en Am\u00e9rica Latina.","og_url":"https:\/\/latamjournalismreview.org\/es\/articles\/agencia-presentes-combate-disinformacion-genero-latinoamerica\/","og_site_name":"LatAm Journalism Review","article_published_time":"2024-08-14T20:07:33+00:00","article_modified_time":"2024-08-14T20:54:30+00:00","og_image":[{"width":507,"height":340,"url":"https:\/\/latamjournalismreview.org\/wp-content\/uploads\/2024\/08\/FEATURED-Agencia-Presentes-La-Factoria.png","type":"image\/png"}],"author":"Carolina de Assis","twitter_card":"summary_large_image","twitter_creator":"@LatAmJournalism","twitter_site":"@LatAmJournalism","twitter_misc":{"Written by":"Carolina de Assis","Est. reading time":"6 minutos"},"schema":{"@context":"https:\/\/schema.org","@graph":[{"@type":"Article","@id":"https:\/\/latamjournalismreview.org\/es\/articles\/agencia-presentes-combate-disinformacion-genero-latinoamerica\/#article","isPartOf":{"@id":"https:\/\/latamjournalismreview.org\/es\/articles\/agencia-presentes-combate-disinformacion-genero-latinoamerica\/"},"author":{"name":"Carolina de Assis","@id":"https:\/\/latamjournalismreview.org\/es\/#\/schema\/person\/f98b544e2f231a237f39a56cc9a00a9a"},"headline":"Ag\u00eancia Presentes combate la desinformaci\u00f3n de g\u00e9nero en Am\u00e9rica Latina con una nueva unidad de verificaci\u00f3n de datos","datePublished":"2024-08-14T20:07:33+00:00","dateModified":"2024-08-14T20:54:30+00:00","mainEntityOfPage":{"@id":"https:\/\/latamjournalismreview.org\/es\/articles\/agencia-presentes-combate-disinformacion-genero-latinoamerica\/"},"wordCount":1337,"publisher":{"@id":"https:\/\/latamjournalismreview.org\/es\/#organization"},"image":{"@id":"https:\/\/latamjournalismreview.org\/es\/articles\/agencia-presentes-combate-disinformacion-genero-latinoamerica\/#primaryimage"},"thumbnailUrl":"https:\/\/latamjournalismreview.org\/wp-content\/uploads\/2024\/08\/FEATURED-Agencia-Presentes-La-Factoria.png","articleSection":["Noticias falsas y desinformaci\u00f3n"],"inLanguage":"es"},{"@type":"WebPage","@id":"https:\/\/latamjournalismreview.org\/es\/articles\/agencia-presentes-combate-disinformacion-genero-latinoamerica\/","url":"https:\/\/latamjournalismreview.org\/es\/articles\/agencia-presentes-combate-disinformacion-genero-latinoamerica\/","name":"Ag\u00eancia Presentes combate la desinformaci\u00f3n de g\u00e9nero en Am\u00e9rica Latina con una nueva unidad de verificaci\u00f3n de datos - LatAm Journalism Review","isPartOf":{"@id":"https:\/\/latamjournalismreview.org\/es\/#website"},"primaryImageOfPage":{"@id":"https:\/\/latamjournalismreview.org\/es\/articles\/agencia-presentes-combate-disinformacion-genero-latinoamerica\/#primaryimage"},"image":{"@id":"https:\/\/latamjournalismreview.org\/es\/articles\/agencia-presentes-combate-disinformacion-genero-latinoamerica\/#primaryimage"},"thumbnailUrl":"https:\/\/latamjournalismreview.org\/wp-content\/uploads\/2024\/08\/FEATURED-Agencia-Presentes-La-Factoria.png","datePublished":"2024-08-14T20:07:33+00:00","dateModified":"2024-08-14T20:54:30+00:00","description":"Ag\u00eancia Presentes combate la desinformaci\u00f3n de g\u00e9nero en Am\u00e9rica Latina con una nueva unidad de verificaci\u00f3n de datos Conozca c\u00f3mo La Factor\u00eda, la nueva unidad de verificaci\u00f3n de datos de Ag\u00eancia Presentes, combate la desinformaci\u00f3n de g\u00e9nero en Am\u00e9rica Latina.","breadcrumb":{"@id":"https:\/\/latamjournalismreview.org\/es\/articles\/agencia-presentes-combate-disinformacion-genero-latinoamerica\/#breadcrumb"},"inLanguage":"es","potentialAction":[{"@type":"ReadAction","target":["https:\/\/latamjournalismreview.org\/es\/articles\/agencia-presentes-combate-disinformacion-genero-latinoamerica\/"]}]},{"@type":"ImageObject","inLanguage":"es","@id":"https:\/\/latamjournalismreview.org\/es\/articles\/agencia-presentes-combate-disinformacion-genero-latinoamerica\/#primaryimage","url":"https:\/\/latamjournalismreview.org\/wp-content\/uploads\/2024\/08\/FEATURED-Agencia-Presentes-La-Factoria.png","contentUrl":"https:\/\/latamjournalismreview.org\/wp-content\/uploads\/2024\/08\/FEATURED-Agencia-Presentes-La-Factoria.png","width":507,"height":340,"caption":"Imagem: Flor Capella\/Agencia Presentes"},{"@type":"BreadcrumbList","@id":"https:\/\/latamjournalismreview.org\/es\/articles\/agencia-presentes-combate-disinformacion-genero-latinoamerica\/#breadcrumb","itemListElement":[{"@type":"ListItem","position":1,"name":"Home","item":"https:\/\/latamjournalismreview.org\/es\/"},{"@type":"ListItem","position":2,"name":"Ag\u00eancia Presentes combate la desinformaci\u00f3n de g\u00e9nero en Am\u00e9rica Latina con una nueva unidad de verificaci\u00f3n de datos"}]},{"@type":"WebSite","@id":"https:\/\/latamjournalismreview.org\/es\/#website","url":"https:\/\/latamjournalismreview.org\/es\/","name":"LatAm Journalism Review","description":"Knight Center at The University of Texas","publisher":{"@id":"https:\/\/latamjournalismreview.org\/es\/#organization"},"potentialAction":[{"@type":"SearchAction","target":{"@type":"EntryPoint","urlTemplate":"https:\/\/latamjournalismreview.org\/es\/?s={search_term_string}"},"query-input":{"@type":"PropertyValueSpecification","valueRequired":true,"valueName":"search_term_string"}}],"inLanguage":"es"},{"@type":"Organization","@id":"https:\/\/latamjournalismreview.org\/es\/#organization","name":"LatAm Journalism Review","url":"https:\/\/latamjournalismreview.org\/es\/","logo":{"@type":"ImageObject","inLanguage":"es","@id":"https:\/\/latamjournalismreview.org\/es\/#\/schema\/logo\/image\/","url":"https:\/\/latamjournalismreview.org\/wp-content\/uploads\/2020\/05\/knight-latAm-review-logo.svg","contentUrl":"https:\/\/latamjournalismreview.org\/wp-content\/uploads\/2020\/05\/knight-latAm-review-logo.svg","width":"1024","height":"1024","caption":"LatAm Journalism Review"},"image":{"@id":"https:\/\/latamjournalismreview.org\/es\/#\/schema\/logo\/image\/"},"sameAs":["https:\/\/x.com\/LatAmJournalism"]},{"@type":"Person","@id":"https:\/\/latamjournalismreview.org\/es\/#\/schema\/person\/f98b544e2f231a237f39a56cc9a00a9a","name":"Carolina de Assis","description":"Carolina de Assis is a Brazilian journalist and researcher who lives in Juiz de Fora, MG, Brazil. She holds a master's degree in Women\u2019s and Gender Studies from the GEMMA Programme \u2013 Universit\u00e0 di Bologna (Italy) \/ Universiteit Utrecht (The Netherlands) and has worked as an editor at G\u00eanero e N\u00famero, a Brazilian digital magazine focused on data journalism and gender issues. She is especially interested in journalistic initiatives aimed at promoting human rights and gender justice. You can find her on Twitter: @caroldeassis _________ Carolina de Assis es una periodista e investigadora brasile\u00f1a que vive en Juiz de Fora, MG, Brasil . Tiene una maestr\u00eda en Estudios de las Mujeres y de G\u00e9nero del programa GEMMA \u2013 Universit\u00e0 di Bologna (Italia) \/ Universiteit Utrecht (Holanda). Trabaj\u00f3 como editora en la revista digital brasile\u00f1a G\u00eanero e N\u00famero. Le interesan especialmente iniciativas period\u00edsticas que tienen el objetivo de promover los derechos humanos y la justicia de g\u00e9nero. Puedes encontrarla en Twitter: @caroldeassis. _______ Carolina de Assis \u00e9 uma jornalista e pesquisadora brasileira que vive em Juiz de Fora (MG). \u00c9 mestra em Estudos da Mulher e de G\u00eanero pelo programa GEMMA \u2013 Universit\u00e0 di Bologna (It\u00e1lia) \/ Universiteit Utrecht (Holanda). Trabalhou como editora na revista digital G\u00eanero e N\u00famero e se interessa especialmente por iniciativas jornal\u00edsticas que promovam os direitos humanos e a justi\u00e7a de g\u00eanero. Voc\u00ea pode encontr\u00e1-la no Twitter em @caroldeassis.","url":"https:\/\/latamjournalismreview.org\/es\/articles\/author\/carolina-de-assis\/"}]}},"_links":{"self":[{"href":"https:\/\/latamjournalismreview.org\/es\/wp-json\/wp\/v2\/posts\/90212","targetHints":{"allow":["GET"]}}],"collection":[{"href":"https:\/\/latamjournalismreview.org\/es\/wp-json\/wp\/v2\/posts"}],"about":[{"href":"https:\/\/latamjournalismreview.org\/es\/wp-json\/wp\/v2\/types\/post"}],"author":[{"embeddable":true,"href":"https:\/\/latamjournalismreview.org\/es\/wp-json\/wp\/v2\/users\/16"}],"replies":[{"embeddable":true,"href":"https:\/\/latamjournalismreview.org\/es\/wp-json\/wp\/v2\/comments?post=90212"}],"version-history":[{"count":4,"href":"https:\/\/latamjournalismreview.org\/es\/wp-json\/wp\/v2\/posts\/90212\/revisions"}],"predecessor-version":[{"id":90222,"href":"https:\/\/latamjournalismreview.org\/es\/wp-json\/wp\/v2\/posts\/90212\/revisions\/90222"}],"wp:featuredmedia":[{"embeddable":true,"href":"https:\/\/latamjournalismreview.org\/es\/wp-json\/wp\/v2\/media\/90116"}],"wp:attachment":[{"href":"https:\/\/latamjournalismreview.org\/es\/wp-json\/wp\/v2\/media?parent=90212"}],"wp:term":[{"taxonomy":"category","embeddable":true,"href":"https:\/\/latamjournalismreview.org\/es\/wp-json\/wp\/v2\/categories?post=90212"},{"taxonomy":"post_tag","embeddable":true,"href":"https:\/\/latamjournalismreview.org\/es\/wp-json\/wp\/v2\/tags?post=90212"},{"taxonomy":"author","embeddable":true,"href":"https:\/\/latamjournalismreview.org\/es\/wp-json\/wp\/v2\/coauthors?post=90212"}],"curies":[{"name":"wp","href":"https:\/\/api.w.org\/{rel}","templated":true}]}}