{"id":90739,"date":"2024-09-02T17:19:25","date_gmt":"2024-09-02T22:19:25","guid":{"rendered":"https:\/\/latamjournalismreview.org\/?p=90739"},"modified":"2024-09-04T10:38:34","modified_gmt":"2024-09-04T15:38:34","slug":"que-esperar-de-la-cumbre-global-sobre-desinformacion-2024","status":"publish","type":"post","link":"https:\/\/latamjournalismreview.org\/es\/articles\/que-esperar-de-la-cumbre-global-sobre-desinformacion-2024\/","title":{"rendered":"\u00bfQu\u00e9 esperar de la Cumbre Global sobre Desinformaci\u00f3n 2024?"},"content":{"rendered":"<p><span style=\"font-weight: 400;\">La lucha del periodismo contra la desinformaci\u00f3n en Am\u00e9rica Latina, y el mundo, no para. Desde el papel de la inteligencia artificial y la alfabetizaci\u00f3n medi\u00e1tica hasta la financiaci\u00f3n y las oportunidades de establecer contactos, la <a href=\"https:\/\/cumbredesinformacion.com\/\" target=\"_blank\" rel=\"noopener\">Cumbre Global sobre Desinformaci\u00f3n<\/a> pretende dotar a periodistas de herramientas para defender la difusi\u00f3n de hechos y luchar contra la informaci\u00f3n falsa.<\/span><\/p>\n<p><span style=\"font-weight: 400;\">\u201cEsperamos que la IV Cumbre sea un foro en el que se debatan estrategias y enfoques innovadores para combatir la desinformaci\u00f3n en diferentes plataformas y regiones, as\u00ed como conocer herramientas efectivas para enfrentar su propagaci\u00f3n\u201d, dijo a <strong>LatAm Journalism Review (LJR) <\/strong><\/span><span style=\"font-weight: 400;\">Carlos Laur\u00eda, director ejecutivo de la Sociedad Interamericana de Prensa (SIP) y parte del comit\u00e9 ejecutivo de la cumbre.\u00a0<\/span><\/p>\n<p><span style=\"font-weight: 400;\">Este evento organizado de manera conjunta por la <\/span><a href=\"https:\/\/www.sipiapa.org\/contenidos\/home.html\" target=\"_blank\" rel=\"noopener\"><span style=\"font-weight: 400;\">Sociedad Interamericana de Prensa<\/span><\/a><span style=\"font-weight: 400;\">, la <\/span><a href=\"https:\/\/fundacionperiodismo.org\/\" target=\"_blank\" rel=\"noopener\"><span style=\"font-weight: 400;\">Fundaci\u00f3n para el Periodismo (Bolivia)<\/span><\/a><span style=\"font-weight: 400;\"> y <\/span><a href=\"https:\/\/www.desconfio.org\/\" target=\"_blank\" rel=\"noopener\"><span style=\"font-weight: 400;\">Proyecto Desconf\u00edo (Argentina)<\/span><\/a><span style=\"font-weight: 400;\">, busca reunir a periodistas, acad\u00e9micos, fact checkers, organizaciones de la sociedad civil, entre otros, por cuarto a\u00f1o consecutivo para discutir los desaf\u00edos que trae la propagaci\u00f3n de la informaci\u00f3n falsa.\u00a0<\/span><\/p>\n<p><span style=\"font-weight: 400;\">La cumbre se realizar\u00e1 de forma virtual y no tendr\u00e1 ning\u00fan costo. Las transmisiones se har\u00e1n en espa\u00f1ol e ingl\u00e9s. Los interesados solo deben inscribirse a trav\u00e9s de <\/span><a href=\"https:\/\/us02web.zoom.us\/webinar\/register\/WN_ggYYQLv5RNKQ5cPNlbaPwQ#\/registration\" target=\"_blank\" rel=\"noopener\"><span style=\"font-weight: 400;\">este link<\/span><\/a><span style=\"font-weight: 400;\">.<\/span><\/p>\n<p><strong>LatAm Journalism Review (LJR)<\/strong> convers\u00f3\u00a0<span style=\"font-weight: 400;\">con miembros del comit\u00e9 organizador y prepar\u00f3 el siguiente listado sobre lo que los asistentes a la Cumbre Global sobre Desinformaci\u00f3n pueden esperar.<\/span><\/p>\n<p>&nbsp;<\/p>\n<h3><span style=\"font-weight: 400;\">Intenso debate sobre uso de inteligencia artificial (IA)<\/span><\/h3>\n<p><span style=\"font-weight: 400;\">Con la llegada de la IA, el mundo ha observado una creciente sofisticaci\u00f3n de las t\u00e9cnicas de manipulaci\u00f3n de la informaci\u00f3n. Por ejemplo, acad\u00e9micos han denunciado la creaci\u00f3n de <\/span><a href=\"https:\/\/latamjournalismreview.org\/es\/articles\/el-uso-de-facebook-para-las-noticias-esta-en-declive-y-crece-preocupacion-por-la-influencia-de-la-inteligencia-artificial-en-la-desinformacion-informe-del-instituto-reuters\/\" target=\"_blank\" rel=\"noopener\"><span style=\"font-weight: 400;\">videos falsos que suplantan la identidad de presentadores de televisi\u00f3n y periodistas<\/span><\/a><span style=\"font-weight: 400;\"> para transmitir informaci\u00f3n err\u00f3nea en Colombia, y en Brasil se han creado <\/span><a href=\"https:\/\/latamjournalismreview.org\/es\/articles\/como-periodistas-brasilenos-se-preparan-para-afrontar-deepfakes-en-las-elecciones-municipales\/\" target=\"_blank\" rel=\"noopener\"><span style=\"font-weight: 400;\">im\u00e1genes falsas de campa\u00f1a<\/span><\/a><span style=\"font-weight: 400;\"> dirigidas a candidatos o partidos en las elecciones municipales de octubre.<\/span><\/p>\n<p><span style=\"font-weight: 400;\">Por ello, el panel inaugural de la cumbre ser\u00e1 sobre el impacto de la IA en la generaci\u00f3n de contenidos period\u00edsticos y el desaf\u00edo de recuperar la confianza en el periodismo que, seg\u00fan los organizadores, cae a\u00f1o a a\u00f1o.<\/span><\/p>\n<p><span style=\"font-weight: 400;\">La encargada de este panel ser\u00e1 Julia Angwin, quien ha sido parte del Wall Street Journal y ProPublica, es la fundadora de Markup y recientemente lanz\u00f3 su nuevo proyecto period\u00edstico Proof News, una organizaci\u00f3n que busca aplicar el rigor del m\u00e9todo cient\u00edfico para informar.\u00a0<\/span><\/p>\n<p><span style=\"font-weight: 400;\">Seg\u00fan explic\u00f3 Adri\u00e1n Pino, director de Proyecto Desconf\u00edo y parte del comit\u00e9 ejecutivo de la cumbre, los asistentes tambi\u00e9n pueden esperar conocer m\u00e1s sobre productos espec\u00edficos y formas innovadoras en que algunos medios est\u00e1n aplicando la IA en sus redacciones.\u00a0<\/span><\/p>\n<p><span style=\"font-weight: 400;\">Entre ellas est\u00e1n <\/span><a href=\"https:\/\/latamjournalismreview.org\/es\/articles\/proyectos-usan-ia-generativa-para-producir-noticias-en-lenguas-indigenas-en-peru\/\" target=\"_blank\" rel=\"noopener\"><span style=\"font-weight: 400;\">las t\u00e9cnicas de verificaci\u00f3n en lenguas originarias usadas por Ojo P\u00fablico<\/span><\/a><span style=\"font-weight: 400;\"> de Per\u00fa, o la experiencia del <\/span><a href=\"https:\/\/latamjournalismreview.org\/es\/articles\/medio-colombiano-cuestion-publica-crea-herramienta-de-ia-para-optimizar-cobertura-diaria-con-periodismo-de-investigacion\/\" target=\"_blank\" rel=\"noopener\"><span style=\"font-weight: 400;\">Proyecto Odin de Cuesti\u00f3n P\u00fablica<\/span><\/a><span style=\"font-weight: 400;\"> que utiliza IA para optimizar la cobertura diaria con periodismo de investigaci\u00f3n.<\/span><\/p>\n<p>&nbsp;<\/p>\n<h3><span style=\"font-weight: 400;\">Ronda de fondos y oportunidades<\/span><\/h3>\n<p><span style=\"font-weight: 400;\">Este a\u00f1o la cumbre tendr\u00e1 un espacio dedicado a difundir oportunidades y convocatorias orientadas a fortalecer el trabajo de periodistas, medios e iniciativas de fact-checking que trabajan para combatir la desinformaci\u00f3n y promover la informaci\u00f3n confiable.<\/span><\/p>\n<p><span style=\"font-weight: 400;\">Ya est\u00e1n confirmados como participantes del espacio, para presentar los lineamientos generales de sus fondos, el European Media and Information Fund (EMIF), el European Journalism Centre (EJC), el International Fact-Checking Network (IFCN), el Institute for War and Peace Reporting (IWPR) y Connectas.\u00a0<\/span><\/p>\n<p><span style=\"font-weight: 400;\">A\u00fan hay tiempo para que organizaciones que ofrecen fondos para combatir la desinformaci\u00f3n, se unan al espacio. Para participar deben escribir a <\/span><a href=\"mailto:cumbredesinfo@gmail.com\"><span style=\"font-weight: 400;\">cumbredesinfo@gmail.com<\/span><\/a><span style=\"font-weight: 400;\"> con la propuesta.<\/span><\/p>\n<p>&nbsp;<\/p>\n<h3><span style=\"font-weight: 400;\">Alfabetizaci\u00f3n medi\u00e1tica e informacional<\/span><\/h3>\n<p><span style=\"font-weight: 400;\">Seg\u00fan la Unesco, la alfabetizaci\u00f3n medi\u00e1tica e informacional tiene como fin capacitar a las personas para utilizar la informaci\u00f3n que reciben de forma cr\u00edtica, segura y responsable.<\/span><\/p>\n<p><span style=\"font-weight: 400;\">Como es costumbre en la Cumbre, se incorporar\u00e1n propuestas que abordan este tema. Una de las sesiones estrella ser\u00e1 sobre estrategias y propuestas l\u00fadicas para combatir la desinformaci\u00f3n.\u00a0<\/span><\/p>\n<p><span style=\"font-weight: 400;\">Seg\u00fan Soledad Arr\u00e9guez, miembro del comit\u00e9 ejecutivo de la Cumbre y directora de Media Literacy de Proyecto Desconf\u00edo, los juegos ayudan a promover las capacidades cr\u00edticas en la ciudadan\u00eda, as\u00ed como a la creaci\u00f3n de distintas estrategias y metodolog\u00edas de verificaci\u00f3n de contenido.<\/span><\/p>\n<p><span style=\"font-weight: 400;\">\u201cLa ludificaci\u00f3n o la gamificaci\u00f3n es una estrategia con mucho potencial para poder acercar contenido a generaciones m\u00e1s j\u00f3venes\u201d, dijo Arr\u00e9guez a <strong>LJR<\/strong>.<\/span><\/p>\n<p>&nbsp;<\/p>\n<h3><span style=\"font-weight: 400;\">Soluciones sobre la formaci\u00f3n de futuros fact-checkers<\/span><\/h3>\n<p><span style=\"font-weight: 400;\">Un problema que <\/span><a href=\"https:\/\/latamjournalismreview.org\/es\/articles\/crean-red-de-formadores-en-fact-checking-para-suplir-la-falta-de-capacitacion-en-las-universidades-de-latinoamerica\/\" target=\"_blank\" rel=\"noopener\"><span style=\"font-weight: 400;\">organizaciones y medios de fact-checking han denunciado<\/span><\/a><span style=\"font-weight: 400;\"> es que en los curr\u00edculos universitarios de periodismo en Latinoam\u00e9rica, por lo general, no se observan materias orientadas a ense\u00f1ar la metodolog\u00eda de fact-checking ni tampoco hay maestr\u00edas o postgrados period\u00edsticos en el \u00e1rea. Inclusive se han creado <\/span><a href=\"https:\/\/latamjournalismreview.org\/es\/articles\/crean-red-de-formadores-en-fact-checking-para-suplir-la-falta-de-capacitacion-en-las-universidades-de-latinoamerica\/\" target=\"_blank\" rel=\"noopener\"><span style=\"font-weight: 400;\">redes de formadores<\/span><\/a><span style=\"font-weight: 400;\"> para suplir la falta de capacitaci\u00f3n en las universidades.<\/span><\/p>\n<p><span style=\"font-weight: 400;\">En la Cumbre se le dar\u00e1 un espacio al debate sobre el desaf\u00edo de las universidades y carreras de periodismo en la formaci\u00f3n de futuros periodistas para enfrentar la desinformaci\u00f3n.<\/span><\/p>\n<p><span style=\"font-weight: 400;\">\u201cHay una sesi\u00f3n especial dentro del evento dedicada a las universidades que dictan carreras de Periodismo en la regi\u00f3n y estar\u00e1 a cargo del Consejo Latinoamericano de Acreditaci\u00f3n de la Educaci\u00f3n en Periodismo y Comunicaci\u00f3n (CLAEP)\u201d, dijo Pino a <strong>LJR<\/strong>. <\/span><span style=\"font-weight: 400;\">\u201cEllos contar\u00e1n las experiencias de las reformas y las modificaciones que han tenido algunas carreras de Periodismo en universidades de Am\u00e9rica Latina\u201d.<\/span><\/p>\n<p>&nbsp;<\/p>\n<h3><span style=\"font-weight: 400;\">Networking y contactos con proyectos globales<\/span><\/h3>\n<p><span style=\"font-weight: 400;\">Una de las metas de los organizadores de la cumbre es facilitar la colaboraci\u00f3n entre los asistentes. En a\u00f1os anteriores han servido como puente entre los participantes para que exploren oportunidades conjuntas.\u00a0<\/span><\/p>\n<p><span style=\"font-weight: 400;\">Seg\u00fan Pino, cualquier persona interesada en realizar alianzas con organizaciones participantes de la Cumbre pueden escribir a los organizadores a trav\u00e9s del <\/span><a href=\"https:\/\/cumbredesinformacion.com\/contacto\/\" target=\"_blank\" rel=\"noopener\"><span style=\"font-weight: 400;\">formulario de contacto<\/span><\/a><span style=\"font-weight: 400;\">\u00a0o sus <\/span><a href=\"https:\/\/x.com\/cumbredesinfo\" target=\"_blank\" rel=\"noopener\"><span style=\"font-weight: 400;\">redes sociales<\/span><\/a><span style=\"font-weight: 400;\">.<\/span><\/p>\n<p><span style=\"font-weight: 400;\">\u201cAlgo que notamos a\u00f1o a a\u00f1o es que las formas de desinformar y los temas sobre los que se desinforman habitualmente se repiten de un pa\u00eds a otro\u201d, dijo Pino. \u201cUna forma r\u00e1pida y eficaz de combatirla es generando alianzas entre organizaciones de distintos pa\u00edses y con distintos perfiles que puedan poner freno a la din\u00e1mica de la desinformaci\u00f3n\u201d.\u00a0<\/span><\/p>\n<p><span style=\"font-weight: 400;\">La IV Cumbre Global sobre Desinformaci\u00f3n cuenta con el apoyo de Google News Initiative. Y las siguientes organizaciones estar\u00e1n acompa\u00f1ando: International Center for Journalists (ICFJ), IJNet e IJNet en Espa\u00f1ol, Median\u00e1lisis, Asociaci\u00f3n Nacional de Prensa de Chile (ANP), Fundaci\u00f3n Gabo, Asociaci\u00f3n Colombiana de Medios de Informaci\u00f3n (AMI) y la Asociaci\u00f3n de Entidades Period\u00edsticas (ADEPA).<\/span><\/p>\n<p><span style=\"font-weight: 400;\">El Centro Knight para el Periodismo en las Am\u00e9ricas, que publica la LatAm Journalism Review, es uno de los colaboradores de la Cumbre.<\/span><\/p>\n","protected":false},"excerpt":{"rendered":"<p>Miembros del comit\u00e9 organizador explican los principales ejes tem\u00e1ticos de este evento biling\u00fce sobre desinformaci\u00f3n y los esfuerzos del periodismo para combatirla.<\/p>\n","protected":false},"author":36,"featured_media":90747,"comment_status":"closed","ping_status":"closed","sticky":false,"template":"","format":"standard","meta":{"inline_featured_image":false,"footnotes":""},"categories":[1236],"tags":[],"coauthors":[2745],"class_list":["post-90739","post","type-post","status-publish","format-standard","has-post-thumbnail","hentry","category-noticias-falsas-y-desinformacion-es"],"acf":[],"yoast_head":"<!-- This site is optimized with the Yoast SEO Premium plugin v22.6 (Yoast SEO v27.4) - https:\/\/yoast.com\/product\/yoast-seo-premium-wordpress\/ -->\n<title>\u00bfQu\u00e9 esperar de la Cumbre Global sobre Desinformaci\u00f3n 2024? - LatAm Journalism Review<\/title>\n<meta name=\"description\" content=\"Desde el impacto de la inteligencia artificial hasta nuevas metodolog\u00edas de verificaci\u00f3n, la Cumbre Global sobre Desinformaci\u00f3n ofrece un espacio clave para fortalecer la confianza en la informaci\u00f3n.\" \/>\n<meta name=\"robots\" content=\"index, follow, max-snippet:-1, max-image-preview:large, max-video-preview:-1\" \/>\n<link rel=\"canonical\" href=\"https:\/\/latamjournalismreview.org\/es\/articles\/que-esperar-de-la-cumbre-global-sobre-desinformacion-2024\/\" \/>\n<meta property=\"og:locale\" content=\"es_ES\" \/>\n<meta property=\"og:type\" content=\"article\" \/>\n<meta property=\"og:title\" content=\"\u00bfQu\u00e9 esperar de la Cumbre Global sobre Desinformaci\u00f3n 2024?\" \/>\n<meta property=\"og:description\" content=\"Desde el impacto de la inteligencia artificial hasta nuevas metodolog\u00edas de verificaci\u00f3n, la Cumbre Global sobre Desinformaci\u00f3n ofrece un espacio clave para fortalecer la confianza en la informaci\u00f3n.\" \/>\n<meta property=\"og:url\" content=\"https:\/\/latamjournalismreview.org\/es\/articles\/que-esperar-de-la-cumbre-global-sobre-desinformacion-2024\/\" \/>\n<meta property=\"og:site_name\" content=\"LatAm Journalism Review\" \/>\n<meta property=\"article:published_time\" content=\"2024-09-02T22:19:25+00:00\" \/>\n<meta property=\"article:modified_time\" content=\"2024-09-04T15:38:34+00:00\" \/>\n<meta property=\"og:image\" content=\"https:\/\/latamjournalismreview.org\/wp-content\/uploads\/2024\/09\/FEATUREDdesinformationsummit-1.png\" \/>\n\t<meta property=\"og:image:width\" content=\"507\" \/>\n\t<meta property=\"og:image:height\" content=\"340\" \/>\n\t<meta property=\"og:image:type\" content=\"image\/png\" \/>\n<meta name=\"author\" content=\"Katherine Pennacchio\" \/>\n<meta name=\"twitter:card\" content=\"summary_large_image\" \/>\n<meta name=\"twitter:creator\" content=\"@kathypennacchio\" \/>\n<meta name=\"twitter:site\" content=\"@LatAmJournalism\" \/>\n<meta name=\"twitter:label1\" content=\"Written by\" \/>\n\t<meta name=\"twitter:data1\" content=\"Katherine Pennacchio\" \/>\n\t<meta name=\"twitter:label2\" content=\"Est. reading time\" \/>\n\t<meta name=\"twitter:data2\" content=\"6 minutos\" \/>\n<script type=\"application\/ld+json\" class=\"yoast-schema-graph\">{\"@context\":\"https:\\\/\\\/schema.org\",\"@graph\":[{\"@type\":\"Article\",\"@id\":\"https:\\\/\\\/latamjournalismreview.org\\\/es\\\/articles\\\/que-esperar-de-la-cumbre-global-sobre-desinformacion-2024\\\/#article\",\"isPartOf\":{\"@id\":\"https:\\\/\\\/latamjournalismreview.org\\\/es\\\/articles\\\/que-esperar-de-la-cumbre-global-sobre-desinformacion-2024\\\/\"},\"author\":{\"name\":\"Katherine Pennacchio\",\"@id\":\"https:\\\/\\\/latamjournalismreview.org\\\/es\\\/#\\\/schema\\\/person\\\/35fb0fc8541711528b3683cd6bf42190\"},\"headline\":\"\u00bfQu\u00e9 esperar de la Cumbre Global sobre Desinformaci\u00f3n 2024?\",\"datePublished\":\"2024-09-02T22:19:25+00:00\",\"dateModified\":\"2024-09-04T15:38:34+00:00\",\"mainEntityOfPage\":{\"@id\":\"https:\\\/\\\/latamjournalismreview.org\\\/es\\\/articles\\\/que-esperar-de-la-cumbre-global-sobre-desinformacion-2024\\\/\"},\"wordCount\":1205,\"publisher\":{\"@id\":\"https:\\\/\\\/latamjournalismreview.org\\\/es\\\/#organization\"},\"image\":{\"@id\":\"https:\\\/\\\/latamjournalismreview.org\\\/es\\\/articles\\\/que-esperar-de-la-cumbre-global-sobre-desinformacion-2024\\\/#primaryimage\"},\"thumbnailUrl\":\"https:\\\/\\\/latamjournalismreview.org\\\/wp-content\\\/uploads\\\/2024\\\/09\\\/FEATUREDdesinformationsummit-1.png\",\"articleSection\":[\"Noticias falsas y desinformaci\u00f3n\"],\"inLanguage\":\"es\"},{\"@type\":\"WebPage\",\"@id\":\"https:\\\/\\\/latamjournalismreview.org\\\/es\\\/articles\\\/que-esperar-de-la-cumbre-global-sobre-desinformacion-2024\\\/\",\"url\":\"https:\\\/\\\/latamjournalismreview.org\\\/es\\\/articles\\\/que-esperar-de-la-cumbre-global-sobre-desinformacion-2024\\\/\",\"name\":\"\u00bfQu\u00e9 esperar de la Cumbre Global sobre Desinformaci\u00f3n 2024? - LatAm Journalism Review\",\"isPartOf\":{\"@id\":\"https:\\\/\\\/latamjournalismreview.org\\\/es\\\/#website\"},\"primaryImageOfPage\":{\"@id\":\"https:\\\/\\\/latamjournalismreview.org\\\/es\\\/articles\\\/que-esperar-de-la-cumbre-global-sobre-desinformacion-2024\\\/#primaryimage\"},\"image\":{\"@id\":\"https:\\\/\\\/latamjournalismreview.org\\\/es\\\/articles\\\/que-esperar-de-la-cumbre-global-sobre-desinformacion-2024\\\/#primaryimage\"},\"thumbnailUrl\":\"https:\\\/\\\/latamjournalismreview.org\\\/wp-content\\\/uploads\\\/2024\\\/09\\\/FEATUREDdesinformationsummit-1.png\",\"datePublished\":\"2024-09-02T22:19:25+00:00\",\"dateModified\":\"2024-09-04T15:38:34+00:00\",\"description\":\"Desde el impacto de la inteligencia artificial hasta nuevas metodolog\u00edas de verificaci\u00f3n, la Cumbre Global sobre Desinformaci\u00f3n ofrece un espacio clave para fortalecer la confianza en la informaci\u00f3n.\",\"breadcrumb\":{\"@id\":\"https:\\\/\\\/latamjournalismreview.org\\\/es\\\/articles\\\/que-esperar-de-la-cumbre-global-sobre-desinformacion-2024\\\/#breadcrumb\"},\"inLanguage\":\"es\",\"potentialAction\":[{\"@type\":\"ReadAction\",\"target\":[\"https:\\\/\\\/latamjournalismreview.org\\\/es\\\/articles\\\/que-esperar-de-la-cumbre-global-sobre-desinformacion-2024\\\/\"]}]},{\"@type\":\"ImageObject\",\"inLanguage\":\"es\",\"@id\":\"https:\\\/\\\/latamjournalismreview.org\\\/es\\\/articles\\\/que-esperar-de-la-cumbre-global-sobre-desinformacion-2024\\\/#primaryimage\",\"url\":\"https:\\\/\\\/latamjournalismreview.org\\\/wp-content\\\/uploads\\\/2024\\\/09\\\/FEATUREDdesinformationsummit-1.png\",\"contentUrl\":\"https:\\\/\\\/latamjournalismreview.org\\\/wp-content\\\/uploads\\\/2024\\\/09\\\/FEATUREDdesinformationsummit-1.png\",\"width\":507,\"height\":340,\"caption\":\"smartphone with fake news newspaper\"},{\"@type\":\"BreadcrumbList\",\"@id\":\"https:\\\/\\\/latamjournalismreview.org\\\/es\\\/articles\\\/que-esperar-de-la-cumbre-global-sobre-desinformacion-2024\\\/#breadcrumb\",\"itemListElement\":[{\"@type\":\"ListItem\",\"position\":1,\"name\":\"Home\",\"item\":\"https:\\\/\\\/latamjournalismreview.org\\\/es\\\/\"},{\"@type\":\"ListItem\",\"position\":2,\"name\":\"\u00bfQu\u00e9 esperar de la Cumbre Global sobre Desinformaci\u00f3n 2024?\"}]},{\"@type\":\"WebSite\",\"@id\":\"https:\\\/\\\/latamjournalismreview.org\\\/es\\\/#website\",\"url\":\"https:\\\/\\\/latamjournalismreview.org\\\/es\\\/\",\"name\":\"LatAm Journalism Review\",\"description\":\"Knight Center at The University of Texas\",\"publisher\":{\"@id\":\"https:\\\/\\\/latamjournalismreview.org\\\/es\\\/#organization\"},\"potentialAction\":[{\"@type\":\"SearchAction\",\"target\":{\"@type\":\"EntryPoint\",\"urlTemplate\":\"https:\\\/\\\/latamjournalismreview.org\\\/es\\\/?s={search_term_string}\"},\"query-input\":{\"@type\":\"PropertyValueSpecification\",\"valueRequired\":true,\"valueName\":\"search_term_string\"}}],\"inLanguage\":\"es\"},{\"@type\":\"Organization\",\"@id\":\"https:\\\/\\\/latamjournalismreview.org\\\/es\\\/#organization\",\"name\":\"LatAm Journalism Review\",\"url\":\"https:\\\/\\\/latamjournalismreview.org\\\/es\\\/\",\"logo\":{\"@type\":\"ImageObject\",\"inLanguage\":\"es\",\"@id\":\"https:\\\/\\\/latamjournalismreview.org\\\/es\\\/#\\\/schema\\\/logo\\\/image\\\/\",\"url\":\"https:\\\/\\\/latamjournalismreview.org\\\/wp-content\\\/uploads\\\/2020\\\/05\\\/knight-latAm-review-logo.svg\",\"contentUrl\":\"https:\\\/\\\/latamjournalismreview.org\\\/wp-content\\\/uploads\\\/2020\\\/05\\\/knight-latAm-review-logo.svg\",\"width\":\"1024\",\"height\":\"1024\",\"caption\":\"LatAm Journalism Review\"},\"image\":{\"@id\":\"https:\\\/\\\/latamjournalismreview.org\\\/es\\\/#\\\/schema\\\/logo\\\/image\\\/\"},\"sameAs\":[\"https:\\\/\\\/x.com\\\/LatAmJournalism\"]},{\"@type\":\"Person\",\"@id\":\"https:\\\/\\\/latamjournalismreview.org\\\/es\\\/#\\\/schema\\\/person\\\/35fb0fc8541711528b3683cd6bf42190\",\"name\":\"Katherine Pennacchio\",\"description\":\"Katherine Pennacchio is a Venezuelan journalist with a master's degree in Investigative, Data and Visualization Journalism from Unidad Editorial and the Rey Juan Carlos University of Madrid. Katherine is passionate about data analysis and currently works as a freelancer. ____ Katherine Pennacchio es una periodista venezolana con una maestr\u00eda en Periodismo de Investigaci\u00f3n, Datos y Visualizaci\u00f3n de la Unidad Editorial y la Universidad Rey Juan Carlos de Madrid. Katherine es una apasionada del an\u00e1lisis de datos y actualmente trabaja como independiente.\",\"sameAs\":[\"https:\\\/\\\/x.com\\\/kathypennacchio\"],\"url\":\"https:\\\/\\\/latamjournalismreview.org\\\/es\\\/articles\\\/author\\\/katherine-pennacchio\\\/\"}]}<\/script>\n<!-- \/ Yoast SEO Premium plugin. -->","yoast_head_json":{"title":"\u00bfQu\u00e9 esperar de la Cumbre Global sobre Desinformaci\u00f3n 2024? - LatAm Journalism Review","description":"Desde el impacto de la inteligencia artificial hasta nuevas metodolog\u00edas de verificaci\u00f3n, la Cumbre Global sobre Desinformaci\u00f3n ofrece un espacio clave para fortalecer la confianza en la informaci\u00f3n.","robots":{"index":"index","follow":"follow","max-snippet":"max-snippet:-1","max-image-preview":"max-image-preview:large","max-video-preview":"max-video-preview:-1"},"canonical":"https:\/\/latamjournalismreview.org\/es\/articles\/que-esperar-de-la-cumbre-global-sobre-desinformacion-2024\/","og_locale":"es_ES","og_type":"article","og_title":"\u00bfQu\u00e9 esperar de la Cumbre Global sobre Desinformaci\u00f3n 2024?","og_description":"Desde el impacto de la inteligencia artificial hasta nuevas metodolog\u00edas de verificaci\u00f3n, la Cumbre Global sobre Desinformaci\u00f3n ofrece un espacio clave para fortalecer la confianza en la informaci\u00f3n.","og_url":"https:\/\/latamjournalismreview.org\/es\/articles\/que-esperar-de-la-cumbre-global-sobre-desinformacion-2024\/","og_site_name":"LatAm Journalism Review","article_published_time":"2024-09-02T22:19:25+00:00","article_modified_time":"2024-09-04T15:38:34+00:00","og_image":[{"width":507,"height":340,"url":"https:\/\/latamjournalismreview.org\/wp-content\/uploads\/2024\/09\/FEATUREDdesinformationsummit-1.png","type":"image\/png"}],"author":"Katherine Pennacchio","twitter_card":"summary_large_image","twitter_creator":"@kathypennacchio","twitter_site":"@LatAmJournalism","twitter_misc":{"Written by":"Katherine Pennacchio","Est. reading time":"6 minutos"},"schema":{"@context":"https:\/\/schema.org","@graph":[{"@type":"Article","@id":"https:\/\/latamjournalismreview.org\/es\/articles\/que-esperar-de-la-cumbre-global-sobre-desinformacion-2024\/#article","isPartOf":{"@id":"https:\/\/latamjournalismreview.org\/es\/articles\/que-esperar-de-la-cumbre-global-sobre-desinformacion-2024\/"},"author":{"name":"Katherine Pennacchio","@id":"https:\/\/latamjournalismreview.org\/es\/#\/schema\/person\/35fb0fc8541711528b3683cd6bf42190"},"headline":"\u00bfQu\u00e9 esperar de la Cumbre Global sobre Desinformaci\u00f3n 2024?","datePublished":"2024-09-02T22:19:25+00:00","dateModified":"2024-09-04T15:38:34+00:00","mainEntityOfPage":{"@id":"https:\/\/latamjournalismreview.org\/es\/articles\/que-esperar-de-la-cumbre-global-sobre-desinformacion-2024\/"},"wordCount":1205,"publisher":{"@id":"https:\/\/latamjournalismreview.org\/es\/#organization"},"image":{"@id":"https:\/\/latamjournalismreview.org\/es\/articles\/que-esperar-de-la-cumbre-global-sobre-desinformacion-2024\/#primaryimage"},"thumbnailUrl":"https:\/\/latamjournalismreview.org\/wp-content\/uploads\/2024\/09\/FEATUREDdesinformationsummit-1.png","articleSection":["Noticias falsas y desinformaci\u00f3n"],"inLanguage":"es"},{"@type":"WebPage","@id":"https:\/\/latamjournalismreview.org\/es\/articles\/que-esperar-de-la-cumbre-global-sobre-desinformacion-2024\/","url":"https:\/\/latamjournalismreview.org\/es\/articles\/que-esperar-de-la-cumbre-global-sobre-desinformacion-2024\/","name":"\u00bfQu\u00e9 esperar de la Cumbre Global sobre Desinformaci\u00f3n 2024? - LatAm Journalism Review","isPartOf":{"@id":"https:\/\/latamjournalismreview.org\/es\/#website"},"primaryImageOfPage":{"@id":"https:\/\/latamjournalismreview.org\/es\/articles\/que-esperar-de-la-cumbre-global-sobre-desinformacion-2024\/#primaryimage"},"image":{"@id":"https:\/\/latamjournalismreview.org\/es\/articles\/que-esperar-de-la-cumbre-global-sobre-desinformacion-2024\/#primaryimage"},"thumbnailUrl":"https:\/\/latamjournalismreview.org\/wp-content\/uploads\/2024\/09\/FEATUREDdesinformationsummit-1.png","datePublished":"2024-09-02T22:19:25+00:00","dateModified":"2024-09-04T15:38:34+00:00","description":"Desde el impacto de la inteligencia artificial hasta nuevas metodolog\u00edas de verificaci\u00f3n, la Cumbre Global sobre Desinformaci\u00f3n ofrece un espacio clave para fortalecer la confianza en la informaci\u00f3n.","breadcrumb":{"@id":"https:\/\/latamjournalismreview.org\/es\/articles\/que-esperar-de-la-cumbre-global-sobre-desinformacion-2024\/#breadcrumb"},"inLanguage":"es","potentialAction":[{"@type":"ReadAction","target":["https:\/\/latamjournalismreview.org\/es\/articles\/que-esperar-de-la-cumbre-global-sobre-desinformacion-2024\/"]}]},{"@type":"ImageObject","inLanguage":"es","@id":"https:\/\/latamjournalismreview.org\/es\/articles\/que-esperar-de-la-cumbre-global-sobre-desinformacion-2024\/#primaryimage","url":"https:\/\/latamjournalismreview.org\/wp-content\/uploads\/2024\/09\/FEATUREDdesinformationsummit-1.png","contentUrl":"https:\/\/latamjournalismreview.org\/wp-content\/uploads\/2024\/09\/FEATUREDdesinformationsummit-1.png","width":507,"height":340,"caption":"smartphone with fake news newspaper"},{"@type":"BreadcrumbList","@id":"https:\/\/latamjournalismreview.org\/es\/articles\/que-esperar-de-la-cumbre-global-sobre-desinformacion-2024\/#breadcrumb","itemListElement":[{"@type":"ListItem","position":1,"name":"Home","item":"https:\/\/latamjournalismreview.org\/es\/"},{"@type":"ListItem","position":2,"name":"\u00bfQu\u00e9 esperar de la Cumbre Global sobre Desinformaci\u00f3n 2024?"}]},{"@type":"WebSite","@id":"https:\/\/latamjournalismreview.org\/es\/#website","url":"https:\/\/latamjournalismreview.org\/es\/","name":"LatAm Journalism Review","description":"Knight Center at The University of Texas","publisher":{"@id":"https:\/\/latamjournalismreview.org\/es\/#organization"},"potentialAction":[{"@type":"SearchAction","target":{"@type":"EntryPoint","urlTemplate":"https:\/\/latamjournalismreview.org\/es\/?s={search_term_string}"},"query-input":{"@type":"PropertyValueSpecification","valueRequired":true,"valueName":"search_term_string"}}],"inLanguage":"es"},{"@type":"Organization","@id":"https:\/\/latamjournalismreview.org\/es\/#organization","name":"LatAm Journalism Review","url":"https:\/\/latamjournalismreview.org\/es\/","logo":{"@type":"ImageObject","inLanguage":"es","@id":"https:\/\/latamjournalismreview.org\/es\/#\/schema\/logo\/image\/","url":"https:\/\/latamjournalismreview.org\/wp-content\/uploads\/2020\/05\/knight-latAm-review-logo.svg","contentUrl":"https:\/\/latamjournalismreview.org\/wp-content\/uploads\/2020\/05\/knight-latAm-review-logo.svg","width":"1024","height":"1024","caption":"LatAm Journalism Review"},"image":{"@id":"https:\/\/latamjournalismreview.org\/es\/#\/schema\/logo\/image\/"},"sameAs":["https:\/\/x.com\/LatAmJournalism"]},{"@type":"Person","@id":"https:\/\/latamjournalismreview.org\/es\/#\/schema\/person\/35fb0fc8541711528b3683cd6bf42190","name":"Katherine Pennacchio","description":"Katherine Pennacchio is a Venezuelan journalist with a master's degree in Investigative, Data and Visualization Journalism from Unidad Editorial and the Rey Juan Carlos University of Madrid. Katherine is passionate about data analysis and currently works as a freelancer. ____ Katherine Pennacchio es una periodista venezolana con una maestr\u00eda en Periodismo de Investigaci\u00f3n, Datos y Visualizaci\u00f3n de la Unidad Editorial y la Universidad Rey Juan Carlos de Madrid. Katherine es una apasionada del an\u00e1lisis de datos y actualmente trabaja como independiente.","sameAs":["https:\/\/x.com\/kathypennacchio"],"url":"https:\/\/latamjournalismreview.org\/es\/articles\/author\/katherine-pennacchio\/"}]}},"_links":{"self":[{"href":"https:\/\/latamjournalismreview.org\/es\/wp-json\/wp\/v2\/posts\/90739","targetHints":{"allow":["GET"]}}],"collection":[{"href":"https:\/\/latamjournalismreview.org\/es\/wp-json\/wp\/v2\/posts"}],"about":[{"href":"https:\/\/latamjournalismreview.org\/es\/wp-json\/wp\/v2\/types\/post"}],"author":[{"embeddable":true,"href":"https:\/\/latamjournalismreview.org\/es\/wp-json\/wp\/v2\/users\/36"}],"replies":[{"embeddable":true,"href":"https:\/\/latamjournalismreview.org\/es\/wp-json\/wp\/v2\/comments?post=90739"}],"version-history":[{"count":7,"href":"https:\/\/latamjournalismreview.org\/es\/wp-json\/wp\/v2\/posts\/90739\/revisions"}],"predecessor-version":[{"id":90799,"href":"https:\/\/latamjournalismreview.org\/es\/wp-json\/wp\/v2\/posts\/90739\/revisions\/90799"}],"wp:featuredmedia":[{"embeddable":true,"href":"https:\/\/latamjournalismreview.org\/es\/wp-json\/wp\/v2\/media\/90747"}],"wp:attachment":[{"href":"https:\/\/latamjournalismreview.org\/es\/wp-json\/wp\/v2\/media?parent=90739"}],"wp:term":[{"taxonomy":"category","embeddable":true,"href":"https:\/\/latamjournalismreview.org\/es\/wp-json\/wp\/v2\/categories?post=90739"},{"taxonomy":"post_tag","embeddable":true,"href":"https:\/\/latamjournalismreview.org\/es\/wp-json\/wp\/v2\/tags?post=90739"},{"taxonomy":"author","embeddable":true,"href":"https:\/\/latamjournalismreview.org\/es\/wp-json\/wp\/v2\/coauthors?post=90739"}],"curies":[{"name":"wp","href":"https:\/\/api.w.org\/{rel}","templated":true}]}}