{"id":91767,"date":"2024-10-01T18:13:36","date_gmt":"2024-10-01T23:13:36","guid":{"rendered":"https:\/\/latamjournalismreview.org\/?p=91767"},"modified":"2024-10-02T09:25:03","modified_gmt":"2024-10-02T14:25:03","slug":"como-dos-reporteros-encontraron-a-63-candidatos-politicos-buscados-por-la-justicia-en-brasil","status":"publish","type":"post","link":"https:\/\/latamjournalismreview.org\/es\/articles\/como-dos-reporteros-encontraron-a-63-candidatos-politicos-buscados-por-la-justicia-en-brasil\/","title":{"rendered":"C\u00f3mo dos reporteras encontraron a 63 candidatos pol\u00edticos buscados por la justicia en Brasil"},"content":{"rendered":"<p><span style=\"font-weight: 400;\">Un comentario de un lector <\/span><a href=\"https:\/\/g1.globo.com\/politica\/eleicoes\/2024\/eleicao-em-numeros\/noticia\/2024\/09\/18\/exclusivo-eleicoes-2024-candidatos-alvos-de-mandados-de-prisao-em-aberto.ghtml\" target=\"_blank\" rel=\"noopener\"><span style=\"font-weight: 400;\">desencaden\u00f3 una investigaci\u00f3n period\u00edstica<\/span><\/a><span style=\"font-weight: 400;\"> que llev\u00f3 a la <\/span><a href=\"https:\/\/www.gov.br\/pf\/pt-br\/assuntos\/noticias\/2024\/09\/pf-prende-36-candidatos-com-mandados-de-prisao-em-aberto-em-diversos-estados\" target=\"_blank\" rel=\"noopener\"><span style=\"font-weight: 400;\">detenci\u00f3n de 36 candidatos<\/span><\/a><span style=\"font-weight: 400;\">\u00a0para las pr\u00f3ximas elecciones municipales en Brasil. Con \u00f3rdenes de arresto pendientes por diversos cargos, que iban desde la falta de pago de pensi\u00f3n alimenticia hasta homicidio -estos candidatos hac\u00edan campa\u00f1a en las calles y en las redes sociales.<\/span><\/p>\n<p><span style=\"font-weight: 400;\">\u201cRecibimos una denuncia de que un candidato estaba pr\u00f3fugo por violaci\u00f3n de una persona vulnerable. Investigamos y no encontramos nada para confirmar esta informaci\u00f3n. Pero a partir de ah\u00ed, pensamos \u2018OK, \u00e9l no est\u00e1 pr\u00f3fugo, pero \u00bfhay candidatos que s\u00ed lo est\u00e9n?\u2019\u201d, explic\u00f3 la reportera de G1, Camila da Silva, a <strong>LatAm Journalism Review (LJR)<\/strong>.<\/span><\/p>\n<p><span style=\"font-weight: 400;\">Ese comentario de un lector estaba enterrado entre uno de los <\/span><a href=\"https:\/\/g1.globo.com\/politica\/eleicoes\/2024\/noticia\/2024\/08\/16\/textos-automaticos-candidaturas.ghtml\" target=\"_blank\" rel=\"noopener\"><span style=\"font-weight: 400;\">5.569 art\u00edculos automatizados que G1 public\u00f3<\/span><\/a><span style=\"font-weight: 400;\">\u00a0con listas de candidatos para cada municipio brasile\u00f1o. Esto llev\u00f3 a Silva y a la reportera Judite Cypreste a realizar una investigaci\u00f3n, basada en periodismo de datos, que identific\u00f3 a 63 candidatos con \u00f3rdenes de arresto pendientes.<\/span><\/p>\n<p><span style=\"font-weight: 400;\">Seg\u00fan Silva, el editor Vitor Sorano sugiri\u00f3 que ella y Cypreste llevaran a cabo esta investigaci\u00f3n cruzando datos del <\/span><a href=\"https:\/\/portalbnmp.cnj.jus.br\/#\/captcha\/%2Fpesquisa-peca\" target=\"_blank\" rel=\"noopener\"><span style=\"font-weight: 400;\">Banco Nacional de \u00d3rdenes de Captura<\/span><\/a><span style=\"font-weight: 400;\"> (BNMP, por sus siglas en portugu\u00e9s), manejado por el <\/span><a href=\"https:\/\/www.cnj.jus.br\/\" target=\"_blank\" rel=\"noopener\"><span style=\"font-weight: 400;\">Consejo Nacional de Justicia (CNJ)<\/span><\/a><span style=\"font-weight: 400;\">, con la informaci\u00f3n disponible en el portal de <\/span><a href=\"https:\/\/divulgacandcontas.tse.jus.br\/divulga\/#\/home\" target=\"_blank\" rel=\"noopener\"><span style=\"font-weight: 400;\">Divulgaci\u00f3n de Candidaturas y Cuentas Electorales (DivulgaCand)<\/span><\/a><span style=\"font-weight: 400;\">, manejado por el <\/span><a href=\"https:\/\/www.tse.jus.br\/\" target=\"_blank\" rel=\"noopener\"><span style=\"font-weight: 400;\">Tribunal Superior Electoral (TSE)<\/span><\/a><span style=\"font-weight: 400;\">.<\/span><\/p>\n<p><span style=\"font-weight: 400;\">\u201cYa ten\u00eda experiencia con el BNMP y sab\u00eda que ten\u00eda algunos problemas\u201d, dijo Cypreste a <strong>LJR<\/strong>. <\/span><span style=\"font-weight: 400;\">\u201cTienes que descargar las \u00f3rdenes de captura por estado, porque no hay forma de descargarlas a nivel nacional\u201d.<\/span><\/p>\n<p><span style=\"font-weight: 400;\">La reportera mencion\u00f3 que tuvo dificultades al analizar los registros de S\u00e3o Paulo, ya que hab\u00eda un l\u00edmite de descarga de 30.000 l\u00edneas y el estado tiene m\u00e1s de 60.000 \u00f3rdenes de arresto pendientes.<\/span><\/p>\n<p><span style=\"font-weight: 400;\">Mientras Cypreste hablaba con el Consejo Nacional de Justicia para obtener los datos de S\u00e3o Paulo, comenz\u00f3 a analizar datos de otros estados utilizando el lenguaje de programaci\u00f3n Python. A partir de ah\u00ed, aparecieron los primeros nombres comunes en las bases de datos de \u00f3rdenes de captura y candidatos, lo que indicaba la existencia de docenas de candidatos buscados por la justicia.<\/span><\/p>\n<p><span style=\"font-weight: 400;\">Silva luego se encarg\u00f3 de confirmar si los nombres en ambas bases de datos correspond\u00edan a la misma persona. En este proceso, descubri\u00f3 que, entre las \u00f3rdenes de captura del Distrito Federal, tres hab\u00edan sido emitidas por la oficina del ministro del Supremo Tribunal Federal (STF), Alexandre de Moraes. Las reporteras pronto sospecharon que se trataba de personas acusadas de estar involucradas en los <\/span><a href=\"https:\/\/latamjournalismreview.org\/es\/articles\/agresion-robo-y-amenazas-de-muerte-periodistas-son-agredidos-por-bolsonaristas-mientras-cubrian-la-invasion-y-vandalizacion-de-edificios-publicos-en-brasilia\/\" target=\"_blank\" rel=\"noopener\"><span style=\"font-weight: 400;\">actos antidemocr\u00e1ticos del 8 de enero de 2023<\/span><\/a><span style=\"font-weight: 400;\"> en Brasilia, ya que Moraes es el relator de la investigaci\u00f3n del STF sobre las invasiones de las sedes de los tres poderes.<\/span><\/p>\n<p><span style=\"font-weight: 400;\">Confirmaron que los objetivos de estas \u00f3rdenes de arresto estaban acusados en los ataques del 8 de enero y eran candidatos a concejales en municipios de Paran\u00e1, Santa Catarina y S\u00e3o Paulo. Se pusieron en contacto con las polic\u00edas civil y federal de cada estado y con las defensas de los candidatos buscados por la justicia. El 14 de septiembre publicaron <\/span><a href=\"https:\/\/g1.globo.com\/politica\/eleicoes\/2024\/eleicao-em-numeros\/noticia\/2024\/09\/14\/procurados-da-justica-pelo-8-de-janeiro-se-lancam-candidatos-e-fazem-campanha-sem-ser-presos.ghtml\" target=\"_blank\" rel=\"noopener\"><span style=\"font-weight: 400;\">el primer art\u00edculo de esta investigaci\u00f3n<\/span><\/a><span style=\"font-weight: 400;\">. Esa misma tarde, <\/span><a href=\"https:\/\/g1.globo.com\/politica\/blog\/camila-bomfim\/post\/2024\/09\/14\/pf-prende-candidato-a-vereador-procurado-por-participacao-no-8-de-janeiro.ghtml\" target=\"_blank\" rel=\"noopener\"><span style=\"font-weight: 400;\">uno de los candidatos fue arrestado<\/span><\/a><span style=\"font-weight: 400;\">. Los otros dos fueron <\/span><a href=\"https:\/\/g1.globo.com\/sc\/santa-catarina\/noticia\/2024\/09\/16\/pastor-procurado-da-justica-pelo-8-de-janeiro-e-preso.ghtml\" target=\"_blank\" rel=\"noopener\"><span style=\"font-weight: 400;\">detenidos<\/span><\/a><span style=\"font-weight: 400;\"> en los <\/span><a href=\"https:\/\/g1.globo.com\/politica\/eleicoes\/2024\/eleicao-em-numeros\/noticia\/2024\/09\/20\/procurado-8-janeiro-candidato.ghtml\" target=\"_blank\" rel=\"noopener\"><span style=\"font-weight: 400;\">d\u00edas siguientes<\/span><\/a><span style=\"font-weight: 400;\">.<\/span><\/p>\n<p>&nbsp;<\/p>\n<h3><span style=\"font-weight: 400;\">Agilidad y precisi\u00f3n<\/span><\/h3>\n<p><span style=\"font-weight: 400;\">Mientras tanto, el Consejo Nacional de Justicia envi\u00f3 a Cypreste las \u00f3rdenes de captura del estado de S\u00e3o Paulo, completando as\u00ed la recolecci\u00f3n de datos del Banco Nacional de \u00d3rdenes de Captura. Luego, pudieron finalizar el an\u00e1lisis nacional, cruzando <\/span><a href=\"https:\/\/g1.globo.com\/politica\/eleicoes\/2024\/eleicao-em-numeros\/noticia\/2024\/09\/20\/como-o-g1-fez-a-reportagem-sobre-os-61-candidatos-das-eleicoes-2024-alvos-de-mandados-de-prisao-em-aberto.ghtml\" target=\"_blank\" rel=\"noopener\"><span style=\"font-weight: 400;\">302.509 \u00f3rdenes de arresto y 461.564 registros<\/span><\/a><span style=\"font-weight: 400;\"> de candidaturas. Encontraron 108 casos en los que el nombre y la fecha de nacimiento de una persona eran los mismos en ambas bases de datos.<\/span><\/p>\n<p><span style=\"font-weight: 400;\">Sin embargo, esta informaci\u00f3n no fue suficiente para confirmar la identidad de los candidatos buscados por la justicia. Y, seg\u00fan una decisi\u00f3n reciente del Tribunal Superior Electoral, DivulgaCand ya no hace p\u00fablicos los n\u00fameros de Registro de Contribuyente Individual (CPF) de los candidatos.<\/span><\/p>\n<p><span style=\"font-weight: 400;\">\u201cDesafortunadamente, varios cruces de datos que podr\u00edamos haber hecho de manera m\u00e1s f\u00e1cil, incluyendo este, no pudimos realizarlos\u201d, dijo Cypreste. \u201cLos \u00fanicos n\u00fameros de identificaci\u00f3n [disponibles en DivulgaCand] son la tarjeta de votante y un n\u00famero de registro interno del TSE, que se puede usar para realizar otros tipos de cruces dentro de sus propias bases de datos\u201d.<\/span><\/p>\n<p><span style=\"font-weight: 400;\">Silva explic\u00f3 que los documentos de los candidatos disponibles en la base de datos del Tribunal Superior Electoral tienen el n\u00famero de CPF y otra informaci\u00f3n personal redactada. Sin embargo, el certificado de antecedentes penales presentado por los candidatos ante el Tribunal Superior Electoral puede ser autenticado con la instituci\u00f3n que lo emiti\u00f3. En la mayor\u00eda de los casos, la autenticaci\u00f3n revel\u00f3 los n\u00fameros de CPF de los candidatos, que las reporteras luego compararon con los n\u00fameros en las \u00f3rdenes de arresto. Silva destac\u00f3, sin embargo, que hab\u00eda \u00f3rdenes sin n\u00fameros de CPF, y en estos casos tuvieron que encontrar otras formas de confirmaci\u00f3n.<\/span><\/p>\n<p><span style=\"font-weight: 400;\">Mientras verificaban los datos, algunas \u00f3rdenes fueron excluidas del banco nacional de \u00f3rdenes de captura y algunos candidatos fueron considerados inelegibles por la Justicia Electoral. Las reporteras confirmaron que, adem\u00e1s de los <\/span><a href=\"https:\/\/g1.globo.com\/politica\/eleicoes\/2024\/eleicao-em-numeros\/noticia\/2024\/09\/14\/procurados-da-justica-pelo-8-de-janeiro-se-lancam-candidatos-e-fazem-campanha-sem-ser-presos.ghtml\" target=\"_blank\" rel=\"noopener\"><span style=\"font-weight: 400;\">tres candidatos buscados por la justicia<\/span><\/a><span style=\"font-weight: 400;\"> en relaci\u00f3n con los actos antidemocr\u00e1ticos del 8 de enero de 2023, otros <\/span><a href=\"https:\/\/g1.globo.com\/politica\/eleicoes\/2024\/eleicao-em-numeros\/noticia\/2024\/09\/18\/exclusivo-eleicoes-2024-candidatos-alvos-de-mandados-de-prisao-em-aberto.ghtml\" target=\"_blank\" rel=\"noopener\"><span style=\"font-weight: 400;\">60 candidatos a elecciones en todo el pa\u00eds<\/span><\/a><span style=\"font-weight: 400;\">\u00a0ten\u00edan \u00f3rdenes de arresto pendientes.<\/span><\/p>\n<p><span style=\"font-weight: 400;\">La mayor\u00eda de los casos (46) estaban relacionados con deudas de pensi\u00f3n alimenticia, que conlleva un tipo de arresto que se revoca poco despu\u00e9s del pago de la cantidad adeudada, explica <\/span><a href=\"https:\/\/g1.globo.com\/politica\/eleicoes\/2024\/eleicao-em-numeros\/noticia\/2024\/09\/18\/exclusivo-eleicoes-2024-candidatos-alvos-de-mandados-de-prisao-em-aberto.ghtml\" target=\"_blank\" rel=\"noopener\"><span style=\"font-weight: 400;\">el reportaje<\/span><\/a><span style=\"font-weight: 400;\">.<\/span><span style=\"font-weight: 400;\"> Pero hay 14 casos penales, con cuatro candidatos buscados por robo o hurto, tres por homicidio, dos por violaci\u00f3n de persona vulnerable, dos por hurto, uno por lesiones corporales y uno por asociaci\u00f3n criminal (en un caso no fue posible conocer el delito detr\u00e1s de la acusaci\u00f3n).<\/span><\/p>\n<p><span style=\"font-weight: 400;\">Periodistas de G1 de todo el pa\u00eds se unieron a la investigaci\u00f3n para reunirse y escuchar a <\/span><a href=\"https:\/\/g1.globo.com\/politica\/eleicoes\/2024\/noticia\/2024\/09\/18\/quem-sao-os-candidatos-alvos-de-mandados-de-prisao-em-aberto-e-o-que-eles-dizem.ghtml\" target=\"_blank\" rel=\"noopener\"><span style=\"font-weight: 400;\">todos los candidatos y sus partidos pol\u00edticos<\/span><\/a><span style=\"font-weight: 400;\">.<\/span><\/p>\n<p><span style=\"font-weight: 400;\">\u201cNos preocupaba mucho no atribuir un delito a nadie ni juzgar a ninguna de estas personas, porque ese no es el enfoque del art\u00edculo. Esta verificaci\u00f3n de datos fue esencial, porque podr\u00edamos haber incluido a una persona que no estaba siendo buscada. Y el impacto regional de esto tiene un peso tremendo. Para m\u00ed, esta fue la parte m\u00e1s desafiante, porque tuvimos que hacer todo esto muy r\u00e1pido sin perder precisi\u00f3n\u201d, dijo Silva.<\/span><\/p>\n<p><span style=\"font-weight: 400;\">El 19 de septiembre, <\/span><a href=\"https:\/\/g1.globo.com\/politica\/eleicoes\/2024\/noticia\/2024\/09\/19\/policia-federal-prende.ghtml\" target=\"_blank\" rel=\"noopener\"><span style=\"font-weight: 400;\">G1 inform\u00f3 que la Polic\u00eda Federal dijo que hab\u00eda detenido a 19 candidatos<\/span><\/a><span style=\"font-weight: 400;\"> buscados por la justicia entre el 17 y el 19, es decir, despu\u00e9s de la publicaci\u00f3n del primer art\u00edculo de G1 sobre candidatos con \u00f3rdenes de arresto pendientes.<\/span><\/p>\n<p><span style=\"font-weight: 400;\">Seg\u00fan un comunicado de la Polic\u00eda Federal, hasta el 20 de septiembre, <\/span><a href=\"https:\/\/www.gov.br\/pf\/pt-br\/assuntos\/noticias\/2024\/09\/pf-prende-36-candidatos-com-mandados-de-prisao-em-aberto-em-diversos-estados\" target=\"_blank\" rel=\"noopener\"><span style=\"font-weight: 400;\">36 candidatos con \u00f3rdenes pendientes<\/span><\/a><span style=\"font-weight: 400;\">\u00a0fueron arrestados en los estados de Minas Gerais, S\u00e3o Paulo, Paran\u00e1, Maranh\u00e3o, Acre, R\u00edo Grande do Sul, Sergipe, Roraima, Mato Grosso do Sul y Santa Catarina.<\/span><\/p>\n<p><strong>LJR<\/strong> contact\u00f3\u00a0<span style=\"font-weight: 400;\">a la Polic\u00eda Federal y cuestion\u00f3 la conexi\u00f3n entre los art\u00edculos de G1 y los arrestos realizados en los \u00faltimos d\u00edas. La Polic\u00eda Federal respondi\u00f3 que \u201cno comenta sobre ninguna investigaci\u00f3n en curso o acciones futuras\u201d.<\/span><\/p>\n<p><span style=\"font-weight: 400;\">A partir del 21 de septiembre, los candidatos buscados por la justicia no pueden ser arrestados, ya que la ley brasile\u00f1a determina que, en los 15 d\u00edas previos a las elecciones, <\/span><a href=\"https:\/\/www.tse.jus.br\/comunicacao\/noticias\/2024\/Setembro\/faltam-15-dias-a-partir-de-hoje-21-candidatos-das-eleicoes-2024-so-podem-ser-presos-em-flagrante\" target=\"_blank\" rel=\"noopener\"><span style=\"font-weight: 400;\">los candidatos solo pueden ser detenidos o arrestados en caso de \u201cdelito flagrante\u201d<\/span><\/a><span style=\"font-weight: 400;\">.<\/span><\/p>\n<p>&nbsp;<\/p>\n<h3><span style=\"font-weight: 400;\">Realidad expuesta<\/span><\/h3>\n<p><span style=\"font-weight: 400;\">Los art\u00edculos de G1 explican que, seg\u00fan la ley brasile\u00f1a, solo las personas condenadas con sentencia definitiva o por decisi\u00f3n colectiva de jueces tienen prohibido participar en las elecciones. Por lo tanto, las personas con \u00f3rdenes de arresto pendientes no est\u00e1n impedidas de ser candidatos. Sin embargo, una persona buscada por la justicia puede ser arrestada en cualquier momento, y un posible arresto dificulta asumir el cargo.<\/span><\/p>\n<p><span style=\"font-weight: 400;\">\u201cLa prisi\u00f3n preventiva puede durar varios meses, comprometiendo el ejercicio del cargo, como, por ejemplo, en el caso de un alcalde. Por lo tanto, es esencial que los votantes sepan por qui\u00e9n est\u00e1n votando\u201d, dijo a G1 el <\/span><a href=\"https:\/\/g1.globo.com\/politica\/eleicoes\/2024\/eleicao-em-numeros\/noticia\/2024\/09\/14\/procurados-da-justica-pelo-8-de-janeiro-se-lancam-candidatos-e-fazem-campanha-sem-ser-presos.ghtml\" target=\"_blank\" rel=\"noopener\"><span style=\"font-weight: 400;\">abogado Alberto Rollo<\/span><\/a><span style=\"font-weight: 400;\">, especialista en derecho electoral.<\/span><\/p>\n<p><span style=\"font-weight: 400;\">La investigaci\u00f3n realizada por Silva y Cypreste se\u00f1ala una falta de comunicaci\u00f3n en el sistema judicial brasile\u00f1o, coment\u00f3 Cypreste.<\/span><\/p>\n<p><span style=\"font-weight: 400;\">Un ejemplo es el caso, revelado por la investigaci\u00f3n, <\/span><a href=\"https:\/\/g1.globo.com\/politica\/eleicoes\/2024\/eleicao-em-numeros\/noticia\/2024\/09\/20\/candidato-de-mg-disputa-3-eleicoes-com-mandado-de-prisao-em-aberto.ghtml\" target=\"_blank\" rel=\"noopener\"><span style=\"font-weight: 400;\">de un candidato que se postula por tercera vez<\/span><\/a><span style=\"font-weight: 400;\"> a una elecci\u00f3n con una orden de arresto pendiente. Tiene una orden de captura preventiva emitida en 1997 y se postul\u00f3 para concejal en 2016, 2020 y 2024. Seg\u00fan G1, una denuncia del Ministerio P\u00fablico de S\u00e3o Paulo dijo que dispar\u00f3 y mat\u00f3 a un hombre despu\u00e9s de una discusi\u00f3n en un bar en 1996. Seg\u00fan el art\u00edculo, la defensa del candidato sostiene que la \u00fanica prueba en su contra es el testimonio de la esposa de la v\u00edctima, y que el candidato desconoc\u00eda la orden de arresto. El juicio por homicidio a\u00fan no ha concluido.<\/span><\/p>\n<p><span style=\"font-weight: 400;\">En otro caso, un hombre <\/span><a href=\"https:\/\/g1.globo.com\/rs\/rio-grande-do-sul\/eleicoes\/2024\/noticia\/2024\/09\/19\/justica-eleitoral-abre-processo-contra-candidato-foragido-por-estupro-de-vulneravel.ghtml\" target=\"_blank\" rel=\"noopener\"><span style=\"font-weight: 400;\">condenado por violaci\u00f3n de persona vulnerable<\/span><\/a><span style=\"font-weight: 400;\"> tuvo su candidatura a concejal aprobada por la Justicia Electoral cuatro d\u00edas antes de que su condena se hiciera definitiva.<\/span><\/p>\n<p><span style=\"font-weight: 400;\">\u201cMucha gente pensar\u00e1 que el impacto de este art\u00edculo son las detenciones. Para m\u00ed, particularmente, m\u00e1s que las detenciones, [el impacto] es iniciar un debate para que los tribunales se comuniquen m\u00e1s y para que los datos sean utilizados por los organismos p\u00fablicos de forma realmente eficiente, y un debate sobre c\u00f3mo las leyes tienen lagunas\u201d, dijo Cypreste.<\/span><\/p>\n<p><span style=\"font-weight: 400;\">Silva tambi\u00e9n destac\u00f3 que la repercusi\u00f3n del art\u00edculo entre los lectores y en el debate p\u00fablico tuvo un impacto importante, adem\u00e1s de las detenciones.<\/span><\/p>\n<p><span style=\"font-weight: 400;\">\u201cFue genial ver a nuestros lectores comentando \u2018vaya, \u00bfpero esto puede pasar?\u2019, \u2018vaya, \u00bfpor qu\u00e9 nadie ha hablado de esto antes?\u2019 o \u2018\u00a1vaya, cu\u00e1ntos casos!\u2019. Vale, estamos hablando de elecciones municipales, hay muchos candidatos y estos casos son muy pocos del total. Aun as\u00ed, es una realidad que hay que exponer, y lo hemos conseguido\u201d.<\/span><\/p>\n","protected":false},"excerpt":{"rendered":"<p>Tras la publicaci\u00f3n de una investigaci\u00f3n del G1, la polic\u00eda federal de Brasil detuvo a 36 candidatos a las elecciones municipales que ten\u00edan \u00f3rdenes de arresto. <\/p>\n","protected":false},"author":16,"featured_media":91753,"comment_status":"closed","ping_status":"closed","sticky":false,"template":"","format":"standard","meta":{"inline_featured_image":false,"footnotes":""},"categories":[2074],"tags":[],"coauthors":[2742],"class_list":["post-91767","post","type-post","status-publish","format-standard","has-post-thumbnail","hentry","category-reportajes-especiales"],"acf":[],"yoast_head":"<!-- This site is optimized with the Yoast SEO Premium plugin v22.6 (Yoast SEO v27.4) - https:\/\/yoast.com\/product\/yoast-seo-premium-wordpress\/ -->\n<title>C\u00f3mo dos reporteras encontraron a 63 candidatos pol\u00edticos buscados por la justicia en Brasil - LatAm Journalism Review<\/title>\n<meta name=\"description\" content=\"C\u00f3mo dos reporteras encontraron a 63 candidatos pol\u00edticos buscados por la justicia en Brasil Una investigaci\u00f3n period\u00edstica condujo a la detenci\u00f3n de 36 candidatos a las elecciones municipales que estaban buscados por la justicia y revel\u00f3 lagunas en las leyes brasile\u00f1as y en el sistema judicial.\" \/>\n<meta name=\"robots\" content=\"index, follow, max-snippet:-1, max-image-preview:large, max-video-preview:-1\" \/>\n<link rel=\"canonical\" href=\"https:\/\/latamjournalismreview.org\/es\/articles\/como-dos-reporteros-encontraron-a-63-candidatos-politicos-buscados-por-la-justicia-en-brasil\/\" \/>\n<meta property=\"og:locale\" content=\"es_ES\" \/>\n<meta property=\"og:type\" content=\"article\" \/>\n<meta property=\"og:title\" content=\"C\u00f3mo dos reporteras encontraron a 63 candidatos pol\u00edticos buscados por la justicia en Brasil\" \/>\n<meta property=\"og:description\" content=\"C\u00f3mo dos reporteras encontraron a 63 candidatos pol\u00edticos buscados por la justicia en Brasil Una investigaci\u00f3n period\u00edstica condujo a la detenci\u00f3n de 36 candidatos a las elecciones municipales que estaban buscados por la justicia y revel\u00f3 lagunas en las leyes brasile\u00f1as y en el sistema judicial.\" \/>\n<meta property=\"og:url\" content=\"https:\/\/latamjournalismreview.org\/es\/articles\/como-dos-reporteros-encontraron-a-63-candidatos-politicos-buscados-por-la-justicia-en-brasil\/\" \/>\n<meta property=\"og:site_name\" content=\"LatAm Journalism Review\" \/>\n<meta property=\"article:published_time\" content=\"2024-10-01T23:13:36+00:00\" \/>\n<meta property=\"article:modified_time\" content=\"2024-10-02T14:25:03+00:00\" \/>\n<meta property=\"og:image\" content=\"https:\/\/latamjournalismreview.org\/wp-content\/uploads\/2024\/10\/FEATURED-camila-da-silva-judite-cypreste-g1.png\" \/>\n\t<meta property=\"og:image:width\" content=\"507\" \/>\n\t<meta property=\"og:image:height\" content=\"340\" \/>\n\t<meta property=\"og:image:type\" content=\"image\/png\" \/>\n<meta name=\"author\" content=\"Carolina de Assis\" \/>\n<meta name=\"twitter:card\" content=\"summary_large_image\" \/>\n<meta name=\"twitter:creator\" content=\"@LatAmJournalism\" \/>\n<meta name=\"twitter:site\" content=\"@LatAmJournalism\" \/>\n<meta name=\"twitter:label1\" content=\"Written by\" \/>\n\t<meta name=\"twitter:data1\" content=\"Carolina de Assis\" \/>\n\t<meta name=\"twitter:label2\" content=\"Est. reading time\" \/>\n\t<meta name=\"twitter:data2\" content=\"8 minutos\" \/>\n<script type=\"application\/ld+json\" class=\"yoast-schema-graph\">{\"@context\":\"https:\\\/\\\/schema.org\",\"@graph\":[{\"@type\":\"Article\",\"@id\":\"https:\\\/\\\/latamjournalismreview.org\\\/es\\\/articles\\\/como-dos-reporteros-encontraron-a-63-candidatos-politicos-buscados-por-la-justicia-en-brasil\\\/#article\",\"isPartOf\":{\"@id\":\"https:\\\/\\\/latamjournalismreview.org\\\/es\\\/articles\\\/como-dos-reporteros-encontraron-a-63-candidatos-politicos-buscados-por-la-justicia-en-brasil\\\/\"},\"author\":{\"name\":\"Carolina de Assis\",\"@id\":\"https:\\\/\\\/latamjournalismreview.org\\\/es\\\/#\\\/schema\\\/person\\\/f98b544e2f231a237f39a56cc9a00a9a\"},\"headline\":\"C\u00f3mo dos reporteras encontraron a 63 candidatos pol\u00edticos buscados por la justicia en Brasil\",\"datePublished\":\"2024-10-01T23:13:36+00:00\",\"dateModified\":\"2024-10-02T14:25:03+00:00\",\"mainEntityOfPage\":{\"@id\":\"https:\\\/\\\/latamjournalismreview.org\\\/es\\\/articles\\\/como-dos-reporteros-encontraron-a-63-candidatos-politicos-buscados-por-la-justicia-en-brasil\\\/\"},\"wordCount\":1769,\"publisher\":{\"@id\":\"https:\\\/\\\/latamjournalismreview.org\\\/es\\\/#organization\"},\"image\":{\"@id\":\"https:\\\/\\\/latamjournalismreview.org\\\/es\\\/articles\\\/como-dos-reporteros-encontraron-a-63-candidatos-politicos-buscados-por-la-justicia-en-brasil\\\/#primaryimage\"},\"thumbnailUrl\":\"https:\\\/\\\/latamjournalismreview.org\\\/wp-content\\\/uploads\\\/2024\\\/10\\\/FEATURED-camila-da-silva-judite-cypreste-g1.png\",\"articleSection\":[\"Reportajes especiales\"],\"inLanguage\":\"es\"},{\"@type\":\"WebPage\",\"@id\":\"https:\\\/\\\/latamjournalismreview.org\\\/es\\\/articles\\\/como-dos-reporteros-encontraron-a-63-candidatos-politicos-buscados-por-la-justicia-en-brasil\\\/\",\"url\":\"https:\\\/\\\/latamjournalismreview.org\\\/es\\\/articles\\\/como-dos-reporteros-encontraron-a-63-candidatos-politicos-buscados-por-la-justicia-en-brasil\\\/\",\"name\":\"C\u00f3mo dos reporteras encontraron a 63 candidatos pol\u00edticos buscados por la justicia en Brasil - LatAm Journalism Review\",\"isPartOf\":{\"@id\":\"https:\\\/\\\/latamjournalismreview.org\\\/es\\\/#website\"},\"primaryImageOfPage\":{\"@id\":\"https:\\\/\\\/latamjournalismreview.org\\\/es\\\/articles\\\/como-dos-reporteros-encontraron-a-63-candidatos-politicos-buscados-por-la-justicia-en-brasil\\\/#primaryimage\"},\"image\":{\"@id\":\"https:\\\/\\\/latamjournalismreview.org\\\/es\\\/articles\\\/como-dos-reporteros-encontraron-a-63-candidatos-politicos-buscados-por-la-justicia-en-brasil\\\/#primaryimage\"},\"thumbnailUrl\":\"https:\\\/\\\/latamjournalismreview.org\\\/wp-content\\\/uploads\\\/2024\\\/10\\\/FEATURED-camila-da-silva-judite-cypreste-g1.png\",\"datePublished\":\"2024-10-01T23:13:36+00:00\",\"dateModified\":\"2024-10-02T14:25:03+00:00\",\"description\":\"C\u00f3mo dos reporteras encontraron a 63 candidatos pol\u00edticos buscados por la justicia en Brasil Una investigaci\u00f3n period\u00edstica condujo a la detenci\u00f3n de 36 candidatos a las elecciones municipales que estaban buscados por la justicia y revel\u00f3 lagunas en las leyes brasile\u00f1as y en el sistema judicial.\",\"breadcrumb\":{\"@id\":\"https:\\\/\\\/latamjournalismreview.org\\\/es\\\/articles\\\/como-dos-reporteros-encontraron-a-63-candidatos-politicos-buscados-por-la-justicia-en-brasil\\\/#breadcrumb\"},\"inLanguage\":\"es\",\"potentialAction\":[{\"@type\":\"ReadAction\",\"target\":[\"https:\\\/\\\/latamjournalismreview.org\\\/es\\\/articles\\\/como-dos-reporteros-encontraron-a-63-candidatos-politicos-buscados-por-la-justicia-en-brasil\\\/\"]}]},{\"@type\":\"ImageObject\",\"inLanguage\":\"es\",\"@id\":\"https:\\\/\\\/latamjournalismreview.org\\\/es\\\/articles\\\/como-dos-reporteros-encontraron-a-63-candidatos-politicos-buscados-por-la-justicia-en-brasil\\\/#primaryimage\",\"url\":\"https:\\\/\\\/latamjournalismreview.org\\\/wp-content\\\/uploads\\\/2024\\\/10\\\/FEATURED-camila-da-silva-judite-cypreste-g1.png\",\"contentUrl\":\"https:\\\/\\\/latamjournalismreview.org\\\/wp-content\\\/uploads\\\/2024\\\/10\\\/FEATURED-camila-da-silva-judite-cypreste-g1.png\",\"width\":507,\"height\":340,\"caption\":\"Foto: Arquivo pessoal\"},{\"@type\":\"BreadcrumbList\",\"@id\":\"https:\\\/\\\/latamjournalismreview.org\\\/es\\\/articles\\\/como-dos-reporteros-encontraron-a-63-candidatos-politicos-buscados-por-la-justicia-en-brasil\\\/#breadcrumb\",\"itemListElement\":[{\"@type\":\"ListItem\",\"position\":1,\"name\":\"Home\",\"item\":\"https:\\\/\\\/latamjournalismreview.org\\\/es\\\/\"},{\"@type\":\"ListItem\",\"position\":2,\"name\":\"C\u00f3mo dos reporteras encontraron a 63 candidatos pol\u00edticos buscados por la justicia en Brasil\"}]},{\"@type\":\"WebSite\",\"@id\":\"https:\\\/\\\/latamjournalismreview.org\\\/es\\\/#website\",\"url\":\"https:\\\/\\\/latamjournalismreview.org\\\/es\\\/\",\"name\":\"LatAm Journalism Review\",\"description\":\"Knight Center at The University of Texas\",\"publisher\":{\"@id\":\"https:\\\/\\\/latamjournalismreview.org\\\/es\\\/#organization\"},\"potentialAction\":[{\"@type\":\"SearchAction\",\"target\":{\"@type\":\"EntryPoint\",\"urlTemplate\":\"https:\\\/\\\/latamjournalismreview.org\\\/es\\\/?s={search_term_string}\"},\"query-input\":{\"@type\":\"PropertyValueSpecification\",\"valueRequired\":true,\"valueName\":\"search_term_string\"}}],\"inLanguage\":\"es\"},{\"@type\":\"Organization\",\"@id\":\"https:\\\/\\\/latamjournalismreview.org\\\/es\\\/#organization\",\"name\":\"LatAm Journalism Review\",\"url\":\"https:\\\/\\\/latamjournalismreview.org\\\/es\\\/\",\"logo\":{\"@type\":\"ImageObject\",\"inLanguage\":\"es\",\"@id\":\"https:\\\/\\\/latamjournalismreview.org\\\/es\\\/#\\\/schema\\\/logo\\\/image\\\/\",\"url\":\"https:\\\/\\\/latamjournalismreview.org\\\/wp-content\\\/uploads\\\/2020\\\/05\\\/knight-latAm-review-logo.svg\",\"contentUrl\":\"https:\\\/\\\/latamjournalismreview.org\\\/wp-content\\\/uploads\\\/2020\\\/05\\\/knight-latAm-review-logo.svg\",\"width\":\"1024\",\"height\":\"1024\",\"caption\":\"LatAm Journalism Review\"},\"image\":{\"@id\":\"https:\\\/\\\/latamjournalismreview.org\\\/es\\\/#\\\/schema\\\/logo\\\/image\\\/\"},\"sameAs\":[\"https:\\\/\\\/x.com\\\/LatAmJournalism\"]},{\"@type\":\"Person\",\"@id\":\"https:\\\/\\\/latamjournalismreview.org\\\/es\\\/#\\\/schema\\\/person\\\/f98b544e2f231a237f39a56cc9a00a9a\",\"name\":\"Carolina de Assis\",\"description\":\"Carolina de Assis is a Brazilian journalist and researcher who lives in Juiz de Fora, MG, Brazil. She holds a master's degree in Women\u2019s and Gender Studies from the GEMMA Programme \u2013 Universit\u00e0 di Bologna (Italy) \\\/ Universiteit Utrecht (The Netherlands) and has worked as an editor at G\u00eanero e N\u00famero, a Brazilian digital magazine focused on data journalism and gender issues. She is especially interested in journalistic initiatives aimed at promoting human rights and gender justice. You can find her on Twitter: @caroldeassis _________ Carolina de Assis es una periodista e investigadora brasile\u00f1a que vive en Juiz de Fora, MG, Brasil . Tiene una maestr\u00eda en Estudios de las Mujeres y de G\u00e9nero del programa GEMMA \u2013 Universit\u00e0 di Bologna (Italia) \\\/ Universiteit Utrecht (Holanda). Trabaj\u00f3 como editora en la revista digital brasile\u00f1a G\u00eanero e N\u00famero. Le interesan especialmente iniciativas period\u00edsticas que tienen el objetivo de promover los derechos humanos y la justicia de g\u00e9nero. Puedes encontrarla en Twitter: @caroldeassis. _______ Carolina de Assis \u00e9 uma jornalista e pesquisadora brasileira que vive em Juiz de Fora (MG). \u00c9 mestra em Estudos da Mulher e de G\u00eanero pelo programa GEMMA \u2013 Universit\u00e0 di Bologna (It\u00e1lia) \\\/ Universiteit Utrecht (Holanda). Trabalhou como editora na revista digital G\u00eanero e N\u00famero e se interessa especialmente por iniciativas jornal\u00edsticas que promovam os direitos humanos e a justi\u00e7a de g\u00eanero. Voc\u00ea pode encontr\u00e1-la no Twitter em @caroldeassis.\",\"url\":\"https:\\\/\\\/latamjournalismreview.org\\\/es\\\/articles\\\/author\\\/carolina-de-assis\\\/\"}]}<\/script>\n<!-- \/ Yoast SEO Premium plugin. -->","yoast_head_json":{"title":"C\u00f3mo dos reporteras encontraron a 63 candidatos pol\u00edticos buscados por la justicia en Brasil - LatAm Journalism Review","description":"C\u00f3mo dos reporteras encontraron a 63 candidatos pol\u00edticos buscados por la justicia en Brasil Una investigaci\u00f3n period\u00edstica condujo a la detenci\u00f3n de 36 candidatos a las elecciones municipales que estaban buscados por la justicia y revel\u00f3 lagunas en las leyes brasile\u00f1as y en el sistema judicial.","robots":{"index":"index","follow":"follow","max-snippet":"max-snippet:-1","max-image-preview":"max-image-preview:large","max-video-preview":"max-video-preview:-1"},"canonical":"https:\/\/latamjournalismreview.org\/es\/articles\/como-dos-reporteros-encontraron-a-63-candidatos-politicos-buscados-por-la-justicia-en-brasil\/","og_locale":"es_ES","og_type":"article","og_title":"C\u00f3mo dos reporteras encontraron a 63 candidatos pol\u00edticos buscados por la justicia en Brasil","og_description":"C\u00f3mo dos reporteras encontraron a 63 candidatos pol\u00edticos buscados por la justicia en Brasil Una investigaci\u00f3n period\u00edstica condujo a la detenci\u00f3n de 36 candidatos a las elecciones municipales que estaban buscados por la justicia y revel\u00f3 lagunas en las leyes brasile\u00f1as y en el sistema judicial.","og_url":"https:\/\/latamjournalismreview.org\/es\/articles\/como-dos-reporteros-encontraron-a-63-candidatos-politicos-buscados-por-la-justicia-en-brasil\/","og_site_name":"LatAm Journalism Review","article_published_time":"2024-10-01T23:13:36+00:00","article_modified_time":"2024-10-02T14:25:03+00:00","og_image":[{"width":507,"height":340,"url":"https:\/\/latamjournalismreview.org\/wp-content\/uploads\/2024\/10\/FEATURED-camila-da-silva-judite-cypreste-g1.png","type":"image\/png"}],"author":"Carolina de Assis","twitter_card":"summary_large_image","twitter_creator":"@LatAmJournalism","twitter_site":"@LatAmJournalism","twitter_misc":{"Written by":"Carolina de Assis","Est. reading time":"8 minutos"},"schema":{"@context":"https:\/\/schema.org","@graph":[{"@type":"Article","@id":"https:\/\/latamjournalismreview.org\/es\/articles\/como-dos-reporteros-encontraron-a-63-candidatos-politicos-buscados-por-la-justicia-en-brasil\/#article","isPartOf":{"@id":"https:\/\/latamjournalismreview.org\/es\/articles\/como-dos-reporteros-encontraron-a-63-candidatos-politicos-buscados-por-la-justicia-en-brasil\/"},"author":{"name":"Carolina de Assis","@id":"https:\/\/latamjournalismreview.org\/es\/#\/schema\/person\/f98b544e2f231a237f39a56cc9a00a9a"},"headline":"C\u00f3mo dos reporteras encontraron a 63 candidatos pol\u00edticos buscados por la justicia en Brasil","datePublished":"2024-10-01T23:13:36+00:00","dateModified":"2024-10-02T14:25:03+00:00","mainEntityOfPage":{"@id":"https:\/\/latamjournalismreview.org\/es\/articles\/como-dos-reporteros-encontraron-a-63-candidatos-politicos-buscados-por-la-justicia-en-brasil\/"},"wordCount":1769,"publisher":{"@id":"https:\/\/latamjournalismreview.org\/es\/#organization"},"image":{"@id":"https:\/\/latamjournalismreview.org\/es\/articles\/como-dos-reporteros-encontraron-a-63-candidatos-politicos-buscados-por-la-justicia-en-brasil\/#primaryimage"},"thumbnailUrl":"https:\/\/latamjournalismreview.org\/wp-content\/uploads\/2024\/10\/FEATURED-camila-da-silva-judite-cypreste-g1.png","articleSection":["Reportajes especiales"],"inLanguage":"es"},{"@type":"WebPage","@id":"https:\/\/latamjournalismreview.org\/es\/articles\/como-dos-reporteros-encontraron-a-63-candidatos-politicos-buscados-por-la-justicia-en-brasil\/","url":"https:\/\/latamjournalismreview.org\/es\/articles\/como-dos-reporteros-encontraron-a-63-candidatos-politicos-buscados-por-la-justicia-en-brasil\/","name":"C\u00f3mo dos reporteras encontraron a 63 candidatos pol\u00edticos buscados por la justicia en Brasil - LatAm Journalism Review","isPartOf":{"@id":"https:\/\/latamjournalismreview.org\/es\/#website"},"primaryImageOfPage":{"@id":"https:\/\/latamjournalismreview.org\/es\/articles\/como-dos-reporteros-encontraron-a-63-candidatos-politicos-buscados-por-la-justicia-en-brasil\/#primaryimage"},"image":{"@id":"https:\/\/latamjournalismreview.org\/es\/articles\/como-dos-reporteros-encontraron-a-63-candidatos-politicos-buscados-por-la-justicia-en-brasil\/#primaryimage"},"thumbnailUrl":"https:\/\/latamjournalismreview.org\/wp-content\/uploads\/2024\/10\/FEATURED-camila-da-silva-judite-cypreste-g1.png","datePublished":"2024-10-01T23:13:36+00:00","dateModified":"2024-10-02T14:25:03+00:00","description":"C\u00f3mo dos reporteras encontraron a 63 candidatos pol\u00edticos buscados por la justicia en Brasil Una investigaci\u00f3n period\u00edstica condujo a la detenci\u00f3n de 36 candidatos a las elecciones municipales que estaban buscados por la justicia y revel\u00f3 lagunas en las leyes brasile\u00f1as y en el sistema judicial.","breadcrumb":{"@id":"https:\/\/latamjournalismreview.org\/es\/articles\/como-dos-reporteros-encontraron-a-63-candidatos-politicos-buscados-por-la-justicia-en-brasil\/#breadcrumb"},"inLanguage":"es","potentialAction":[{"@type":"ReadAction","target":["https:\/\/latamjournalismreview.org\/es\/articles\/como-dos-reporteros-encontraron-a-63-candidatos-politicos-buscados-por-la-justicia-en-brasil\/"]}]},{"@type":"ImageObject","inLanguage":"es","@id":"https:\/\/latamjournalismreview.org\/es\/articles\/como-dos-reporteros-encontraron-a-63-candidatos-politicos-buscados-por-la-justicia-en-brasil\/#primaryimage","url":"https:\/\/latamjournalismreview.org\/wp-content\/uploads\/2024\/10\/FEATURED-camila-da-silva-judite-cypreste-g1.png","contentUrl":"https:\/\/latamjournalismreview.org\/wp-content\/uploads\/2024\/10\/FEATURED-camila-da-silva-judite-cypreste-g1.png","width":507,"height":340,"caption":"Foto: Arquivo pessoal"},{"@type":"BreadcrumbList","@id":"https:\/\/latamjournalismreview.org\/es\/articles\/como-dos-reporteros-encontraron-a-63-candidatos-politicos-buscados-por-la-justicia-en-brasil\/#breadcrumb","itemListElement":[{"@type":"ListItem","position":1,"name":"Home","item":"https:\/\/latamjournalismreview.org\/es\/"},{"@type":"ListItem","position":2,"name":"C\u00f3mo dos reporteras encontraron a 63 candidatos pol\u00edticos buscados por la justicia en Brasil"}]},{"@type":"WebSite","@id":"https:\/\/latamjournalismreview.org\/es\/#website","url":"https:\/\/latamjournalismreview.org\/es\/","name":"LatAm Journalism Review","description":"Knight Center at The University of Texas","publisher":{"@id":"https:\/\/latamjournalismreview.org\/es\/#organization"},"potentialAction":[{"@type":"SearchAction","target":{"@type":"EntryPoint","urlTemplate":"https:\/\/latamjournalismreview.org\/es\/?s={search_term_string}"},"query-input":{"@type":"PropertyValueSpecification","valueRequired":true,"valueName":"search_term_string"}}],"inLanguage":"es"},{"@type":"Organization","@id":"https:\/\/latamjournalismreview.org\/es\/#organization","name":"LatAm Journalism Review","url":"https:\/\/latamjournalismreview.org\/es\/","logo":{"@type":"ImageObject","inLanguage":"es","@id":"https:\/\/latamjournalismreview.org\/es\/#\/schema\/logo\/image\/","url":"https:\/\/latamjournalismreview.org\/wp-content\/uploads\/2020\/05\/knight-latAm-review-logo.svg","contentUrl":"https:\/\/latamjournalismreview.org\/wp-content\/uploads\/2020\/05\/knight-latAm-review-logo.svg","width":"1024","height":"1024","caption":"LatAm Journalism Review"},"image":{"@id":"https:\/\/latamjournalismreview.org\/es\/#\/schema\/logo\/image\/"},"sameAs":["https:\/\/x.com\/LatAmJournalism"]},{"@type":"Person","@id":"https:\/\/latamjournalismreview.org\/es\/#\/schema\/person\/f98b544e2f231a237f39a56cc9a00a9a","name":"Carolina de Assis","description":"Carolina de Assis is a Brazilian journalist and researcher who lives in Juiz de Fora, MG, Brazil. She holds a master's degree in Women\u2019s and Gender Studies from the GEMMA Programme \u2013 Universit\u00e0 di Bologna (Italy) \/ Universiteit Utrecht (The Netherlands) and has worked as an editor at G\u00eanero e N\u00famero, a Brazilian digital magazine focused on data journalism and gender issues. She is especially interested in journalistic initiatives aimed at promoting human rights and gender justice. You can find her on Twitter: @caroldeassis _________ Carolina de Assis es una periodista e investigadora brasile\u00f1a que vive en Juiz de Fora, MG, Brasil . Tiene una maestr\u00eda en Estudios de las Mujeres y de G\u00e9nero del programa GEMMA \u2013 Universit\u00e0 di Bologna (Italia) \/ Universiteit Utrecht (Holanda). Trabaj\u00f3 como editora en la revista digital brasile\u00f1a G\u00eanero e N\u00famero. Le interesan especialmente iniciativas period\u00edsticas que tienen el objetivo de promover los derechos humanos y la justicia de g\u00e9nero. Puedes encontrarla en Twitter: @caroldeassis. _______ Carolina de Assis \u00e9 uma jornalista e pesquisadora brasileira que vive em Juiz de Fora (MG). \u00c9 mestra em Estudos da Mulher e de G\u00eanero pelo programa GEMMA \u2013 Universit\u00e0 di Bologna (It\u00e1lia) \/ Universiteit Utrecht (Holanda). Trabalhou como editora na revista digital G\u00eanero e N\u00famero e se interessa especialmente por iniciativas jornal\u00edsticas que promovam os direitos humanos e a justi\u00e7a de g\u00eanero. Voc\u00ea pode encontr\u00e1-la no Twitter em @caroldeassis.","url":"https:\/\/latamjournalismreview.org\/es\/articles\/author\/carolina-de-assis\/"}]}},"_links":{"self":[{"href":"https:\/\/latamjournalismreview.org\/es\/wp-json\/wp\/v2\/posts\/91767","targetHints":{"allow":["GET"]}}],"collection":[{"href":"https:\/\/latamjournalismreview.org\/es\/wp-json\/wp\/v2\/posts"}],"about":[{"href":"https:\/\/latamjournalismreview.org\/es\/wp-json\/wp\/v2\/types\/post"}],"author":[{"embeddable":true,"href":"https:\/\/latamjournalismreview.org\/es\/wp-json\/wp\/v2\/users\/16"}],"replies":[{"embeddable":true,"href":"https:\/\/latamjournalismreview.org\/es\/wp-json\/wp\/v2\/comments?post=91767"}],"version-history":[{"count":5,"href":"https:\/\/latamjournalismreview.org\/es\/wp-json\/wp\/v2\/posts\/91767\/revisions"}],"predecessor-version":[{"id":91781,"href":"https:\/\/latamjournalismreview.org\/es\/wp-json\/wp\/v2\/posts\/91767\/revisions\/91781"}],"wp:featuredmedia":[{"embeddable":true,"href":"https:\/\/latamjournalismreview.org\/es\/wp-json\/wp\/v2\/media\/91753"}],"wp:attachment":[{"href":"https:\/\/latamjournalismreview.org\/es\/wp-json\/wp\/v2\/media?parent=91767"}],"wp:term":[{"taxonomy":"category","embeddable":true,"href":"https:\/\/latamjournalismreview.org\/es\/wp-json\/wp\/v2\/categories?post=91767"},{"taxonomy":"post_tag","embeddable":true,"href":"https:\/\/latamjournalismreview.org\/es\/wp-json\/wp\/v2\/tags?post=91767"},{"taxonomy":"author","embeddable":true,"href":"https:\/\/latamjournalismreview.org\/es\/wp-json\/wp\/v2\/coauthors?post=91767"}],"curies":[{"name":"wp","href":"https:\/\/api.w.org\/{rel}","templated":true}]}}