{"id":91843,"date":"2024-10-03T10:43:31","date_gmt":"2024-10-03T15:43:31","guid":{"rendered":"https:\/\/latamjournalismreview.org\/?p=91843"},"modified":"2024-10-03T15:21:12","modified_gmt":"2024-10-03T20:21:12","slug":"periodistas-ciudadanos-buscan-cubrir-el-vacio-de-informacion-medioambiental-en-trinidad-y-tobago","status":"publish","type":"post","link":"https:\/\/latamjournalismreview.org\/es\/articles\/periodistas-ciudadanos-buscan-cubrir-el-vacio-de-informacion-medioambiental-en-trinidad-y-tobago\/","title":{"rendered":"Periodistas ciudadanos buscan cubrir el vac\u00edo de informaci\u00f3n medioambiental en Trinidad y Tobago"},"content":{"rendered":"<p dir=\"ltr\">La naci\u00f3n caribe\u00f1a Trinidad y Tobago est\u00e1 entre los pa\u00edses que son particularmente vulnerables al cambio clim\u00e1tico. Fen\u00f3menos como el aumento del nivel del mar, cambios en el patr\u00f3n de lluvias, inundaciones y la creciente ferocidad de las tormentas amenazan no s\u00f3lo la tierra, sino la vida de los habitantes.<\/p>\n<p dir=\"ltr\">Con m\u00e1s del 70 por ciento de la poblaci\u00f3n de Trinidad y Tobago y el 81 por ciento de su actividad econ\u00f3mica concentradas en las zonas costeras, recientes desastres naturales <a href=\"https:\/\/dtm.iom.int\/trinidad-tobago\" target=\"_blank\" rel=\"noopener noreferrer\"><u>han desplazado a miles de personas y causado da\u00f1os millonarios<\/u><\/a>, de acuerdo con el\u00a0<a href=\"https:\/\/unfccc.int\/sites\/default\/files\/resource\/NAP_Trinidad_and_Tobago_2024.pdf\" target=\"_blank\" rel=\"noopener noreferrer\"><u>Ministerio de Planificaci\u00f3n y Desarrollo<\/u><\/a> de esa naci\u00f3n insular.<\/p>\n<p dir=\"ltr\">Ante esa realidad, un grupo de 20 adolescentes de ese pa\u00eds se est\u00e1 capacitando para convertirse en reporteros ciudadanos para abordar esas amenazas que el cambio clim\u00e1tico posa sobre sus comunidades.<\/p>\n<div id=\"attachment_91834\" style=\"width: 460px\" class=\"wp-caption alignleft\"><img loading=\"lazy\" decoding=\"async\" aria-describedby=\"caption-attachment-91834\" class=\"wp-image-91834 \" src=\"https:\/\/latamjournalismreview.org\/wp-content\/uploads\/2024\/10\/Caribous.png\" alt=\"In 2023, the first edition of the Youth Journalism Program trained eight high school students. (Photo: Courtesy of Cari-Bois)\" width=\"450\" height=\"302\" srcset=\"https:\/\/latamjournalismreview.org\/wp-content\/uploads\/2024\/10\/Caribous.png 1077w, https:\/\/latamjournalismreview.org\/wp-content\/uploads\/2024\/10\/Caribous-300x201.png 300w, https:\/\/latamjournalismreview.org\/wp-content\/uploads\/2024\/10\/Caribous-1024x687.png 1024w, https:\/\/latamjournalismreview.org\/wp-content\/uploads\/2024\/10\/Caribous-768x516.png 768w, https:\/\/latamjournalismreview.org\/wp-content\/uploads\/2024\/10\/Caribous-507x340.png 507w, https:\/\/latamjournalismreview.org\/wp-content\/uploads\/2024\/10\/Caribous-350x234.png 350w\" sizes=\"auto, (max-width: 450px) 100vw, 450px\" \/><p id=\"caption-attachment-91834\" class=\"wp-caption-text\">En 2023, la primera edici\u00f3n del Youth Journalism Program capacit\u00f3 a ocho estudiantes de secundaria. (Foto: Cortes\u00eda de Cari-Bois)<\/p><\/div>\n<p dir=\"ltr\">La organizaci\u00f3n\u00a0<a href=\"https:\/\/www.caribois.org\/\" target=\"_blank\" rel=\"noopener noreferrer\"><u>Cari-Bois Environmental News Network<\/u><\/a> arranc\u00f3 el 21 de septiembre la segunda edici\u00f3n de su Youth Journalism Program (programa juvenil de periodismo).\u00a0<a href=\"https:\/\/www.caribois.org\/2023\/08\/cari-bois-launches-pilot-youth-journalism-project\/\" target=\"_blank\" rel=\"noopener noreferrer\"><u>De acuerdo con la organizaci\u00f3n<\/u><\/a>, la iniciativa busca formar una generaci\u00f3n de periodistas multimedia \u201ccentennials\u201d con conciencia del medio ambiente.<\/p>\n<p dir=\"ltr\">Cari-Bois, una plataforma de contenido medioambiental alimentada por una red de periodistas ciudadanos provenientes de comunidades, del mundo acad\u00e9mico y de la sociedad civil, fue creada en el 2020 por la Fundaci\u00f3n Cropper, una organizaci\u00f3n trinitaria sin fines de lucro que trabaja por fomentar el desarrollo sostenible, la equidad y la gesti\u00f3n medioambiental en el Caribe.<\/p>\n<p dir=\"ltr\">La primera edici\u00f3n del Youth Journalism Program, en 2023, capacit\u00f3 a ocho estudiantes de escuelas secundarias. Para esta edici\u00f3n, el programa formar\u00e1 a un total de 20 j\u00f3venes de entre 14 y 15 a\u00f1os de varias partes del pa\u00eds.<\/p>\n<p dir=\"ltr\">\u201cExpondremos a los estudiantes los fundamentos del periodismo y la importancia del periodismo medioambiental\u201d, dijo Tyrell Gittens, coordinador de Cari-Bois, a\u00a0<strong>LatAm Journalism Review (LJR)<\/strong>. \u201cAprender\u00e1n de periodistas profesionales, tanto locales como internacionales, para que comprendan la importancia del periodismo medioambiental y clim\u00e1tico\u201d.<\/p>\n<p dir=\"ltr\"><a href=\"https:\/\/www.caribois.org\/2023\/09\/meet-cari-bois-8-youth-journalists\/\" target=\"_blank\" rel=\"noopener noreferrer\"><u>La generaci\u00f3n de 2023 del Youth Journalism Program<\/u><\/a> realiz\u00f3 ocho art\u00edculos sobre distintas formas en las que el cambio clim\u00e1tico est\u00e1 afectando a sus comunidades rurales, con temas que van desde poblaciones desplazadas por inundaciones hasta el impacto del calor extremo en agricultores locales.<\/p>\n<p dir=\"ltr\">Pero este programa es solo uno de los esfuerzos de Cari-Bois para llenar lo que considera un vac\u00edo de periodismo local enfocado en cuestiones medioambientales, tanto en Trinidad y Tobago como en el resto del Caribe.<\/p>\n<p dir=\"ltr\">Cari-Bois inici\u00f3 como un proyecto de periodismo ciudadano, involucrando a organizaciones de la sociedad civil a lo largo de Trinidad y Tobago en la capacitaci\u00f3n de pobladores para aprender a identificar los problemas medioambientales a su alrededor y a informar sobre c\u00f3mo estos problemas afectan a sus comunidades.<\/p>\n<p dir=\"ltr\">Gittens dijo que, pese a la inminente emergencia clim\u00e1tica, los principales medios de comunicaci\u00f3n de Trinidad y Tobago no dan mucha prioridad a la cobertura de cuestiones medioambientales y del cambio clim\u00e1tico. Y cuando lo cubren, lo hacen desde una perspectiva nacional.<\/p>\n<p dir=\"ltr\">\u201cParticularmente en Trinidad y Tobago, los medios se centran mucho en la pol\u00edtica, la delincuencia y otras cuestiones por el estilo. Pero el periodismo clim\u00e1tico y medioambiental es algo que est\u00e1 emergiendo en la conciencia p\u00fablica\u201d, dijo Gittens. \u201cDado el vac\u00edo en t\u00e9rminos de periodismo medioambiental, la Fundaci\u00f3n Cropper vio la necesidad de involucrar a las comunidades a ese nivel, y de inspirar realmente a la gente para que ellos mismos contaran historias con precisi\u00f3n, compartiendo informaci\u00f3n veraz y objetiva\u201d.<\/p>\n<p dir=\"ltr\">En esa primera etapa, entre 2020 y 2022, miembros de ONGs medioambientales y voluntarios de instituciones acad\u00e9micas tambi\u00e9n recibieron capacitaci\u00f3n sobre conceptos b\u00e1sicos de periodismo y narraci\u00f3n de historias para sumar a la cobertura desde sus propias perspectivas. Gracias a un financiamiento inicial de la Uni\u00f3n Europea, Cari-Bois dot\u00f3 a los participantes con equipo t\u00e9cnico, como computadoras, c\u00e1maras y micr\u00f3fonos.<\/p>\n<p dir=\"ltr\">En esos dos a\u00f1os, un total de 33 adultos fueron capacitadas, las cuales publicaron en conjunto m\u00e1s de 100 art\u00edculos en el sitio de Cari-Bois, con temas como el cambio clim\u00e1tico, la agricultura, la contaminaci\u00f3n, la miner\u00eda, el petr\u00f3leo y el gas natural, la silvicultura, la pesca, la biodiversidad y la gobernanza medioambiental.<\/p>\n<p dir=\"ltr\">\u201cCari-Bois pretende seguir contribuyendo a esa labor informativa a nivel comunitario\u201d, dijo Gittens. \u201cY lo que tambi\u00e9n intentamos es ser un puente entre las instituciones cient\u00edficas y el p\u00fablico en general, y comunicar esa informaci\u00f3n de forma digerible\u201d.<\/p>\n<p dir=\"ltr\">En enero de 2023, Cari-Bois se volvi\u00f3 regional, tras identificar que otros pa\u00edses del Caribe estaban enfrentando una similar escasez de cobertura medioambiental desde las comunidades. La organizaci\u00f3n repiti\u00f3 su f\u00f3rmula de capacitaci\u00f3n en Guyana, Antigua y Barbuda, Barbados, Belice, San Vicente y las Granadinas y Suriname.<\/p>\n<h3 id=\"ec4497851f691246ba86927caed520f98\" dir=\"ltr\">Levantar conciencia sin un t\u00edtulo<\/h3>\n<p dir=\"ltr\">Gran parte de los reporteros ciudadanos que colaboran en Cari-Bois tienen formaci\u00f3n distinta al periodismo \u2013hay desde bi\u00f3logos y veterinarios hasta abogados y mercad\u00f3logos\u2013. Los esfuerzos de la organizaci\u00f3n parten de la idea de que un reportero ciudadano no necesita un t\u00edtulo universitario de periodista para levantar conciencia sobre el impacto del cambio clim\u00e1tico en su comunidad, especialmente en una regi\u00f3n donde no abundan los periodistas especializados en esos temas.<\/p>\n<div id=\"attachment_91825\" style=\"width: 460px\" class=\"wp-caption alignright\"><img loading=\"lazy\" decoding=\"async\" aria-describedby=\"caption-attachment-91825\" class=\"wp-image-91825 \" src=\"https:\/\/latamjournalismreview.org\/wp-content\/uploads\/2024\/10\/Caribois-Lessons.png\" alt=\"Participants of Cari-Bois' inaugural Youth Environmental Journalism Project practice their interview skills with Lopinot residents during a field trip to community in August 2023.\" width=\"450\" height=\"302\" srcset=\"https:\/\/latamjournalismreview.org\/wp-content\/uploads\/2024\/10\/Caribois-Lessons.png 1141w, https:\/\/latamjournalismreview.org\/wp-content\/uploads\/2024\/10\/Caribois-Lessons-300x201.png 300w, https:\/\/latamjournalismreview.org\/wp-content\/uploads\/2024\/10\/Caribois-Lessons-1024x687.png 1024w, https:\/\/latamjournalismreview.org\/wp-content\/uploads\/2024\/10\/Caribois-Lessons-768x515.png 768w, https:\/\/latamjournalismreview.org\/wp-content\/uploads\/2024\/10\/Caribois-Lessons-507x340.png 507w, https:\/\/latamjournalismreview.org\/wp-content\/uploads\/2024\/10\/Caribois-Lessons-350x234.png 350w\" sizes=\"auto, (max-width: 450px) 100vw, 450px\" \/><p id=\"caption-attachment-91825\" class=\"wp-caption-text\">El Youth Journalism Program 2024 incluye dos viajes de campo, en los que los estudiantes reportear\u00e1n sus historias directamente con comunidades de Trinidad y Tobago. (Foto: Cortes\u00eda de Cari-Bois)<\/p><\/div>\n<p dir=\"ltr\">\u201cMuchos pa\u00edses del Caribe no cuentan con escritores o periodistas especializados en medio ambiente, o las noticias sobre medio ambiente a\u00fan no son algo habitual\u201d, dijo Gittens. \u201cEn algunos pa\u00edses hemos intentado conseguir reporteros y ha sido excepcionalmente dif\u00edcil. As\u00ed que creo que existe la oportunidad de formar escritores en esos lugares, porque est\u00e1 claro que hay un vac\u00edo que a\u00fan hay que llenar\u201d.<\/p>\n<p dir=\"ltr\">Gittens, quien tambi\u00e9n escribe art\u00edculos para la plataforma, se gradu\u00f3 de Geograf\u00eda y Gesti\u00f3n Medioambiental y posteriormente hizo un M\u00e1ster en Conservaci\u00f3n de la Biodiversidad y Desarrollo Sostenible. Sin embargo ha colaborado en medios por m\u00e1s de ocho a\u00f1os y considera que se convirti\u00f3 en periodista \u201ca lo largo del camino\u201d.<\/p>\n<p dir=\"ltr\">Ryan Bachoo es uno de los periodistas que forman parte del equipo de instructores del Youth Journalism Program de Cari-Bois. Es reportero y presentador de noticias en la cadena privada CNC3 News de Trinidad y Tobago. Uno de los mensajes que trata de hacer llegar a los estudiantes del programa, dijo, es que incluso antes de ir a la universidad pueden aprender a comunicar sus historias como lo hacen los periodistas profesionales.<\/p>\n<p dir=\"ltr\">\u201cEn esta era del periodismo y en esta era de la vida, no hace falta tener un t\u00edtulo en periodismo, no hace falta escribir para un gran peri\u00f3dico o trabajar para una gran cadena de televisi\u00f3n para ejercer la narraci\u00f3n de historias\u201d, dijo Bachoo a\u00a0<strong>LJR<\/strong>. \u201cPuede que no tengas el t\u00edtulo de periodista, pero puedes practicar el periodismo a trav\u00e9s de un podcast, o de videos de YouTube\u201d.<\/p>\n<p dir=\"ltr\">Bachoo dijo que, si bien existen medios locales en el Caribe que cubren temas medioambientales, \u00e9stos no tienen la capacidad de hacerlo con la constancia y el rigor que se requiere actualmente, cuando los efectos del cambio clim\u00e1tico est\u00e1n impactando directamente en las vidas de los habitantes.<\/p>\n<p dir=\"ltr\">Por eso, considera que es m\u00e1s necesario que nunca que los ciudadanos sean quienes lleven esos temas a la discusi\u00f3n p\u00fablica.<\/p>\n<p dir=\"ltr\">\u201cCreo que la crisis del medio ambiente ya no puede ocultarse. Est\u00e1 a la vista de todos afectando la vida de la gente. Aunque no te interese el periodismo medioambiental, aunque no te interese el medio ambiente, te est\u00e1 afectando en el d\u00eda a d\u00eda\u201d, dijo Bachoo.<\/p>\n<p dir=\"ltr\">Actualmente, Cari-Bois cuenta con una red de m\u00e1s de 80 colaboradores alrededor del Caribe que publican aproximadamente una historia por semana, no solo en forma de art\u00edculos, sino tambi\u00e9n de productos multimedia.<\/p>\n<p dir=\"ltr\">La plataforma\u00a0<a href=\"https:\/\/www.caribois.org\/share\/\" target=\"_blank\" rel=\"noopener noreferrer\"><u>est\u00e1 abierta a recibir propuestas de art\u00edculos<\/u><\/a> de cualquier persona interesada en compartir lo que sucede en sus comunidades sobre temas medioambientales.<\/p>\n<p dir=\"ltr\">De acuerdo con Gittens, uno de los retos principales de Cari-Bois es compensar adecuadamente a los periodistas ciudadanos por sus art\u00edculos. Como organizaci\u00f3n sin fines de lucro, Cari-Bois depende de los fondos que aportan donadores, as\u00ed como de campa\u00f1as de recaudaci\u00f3n, por lo que los recursos no siempre son suficientes para producir m\u00e1s historias como quisieran, dijo.<\/p>\n<p dir=\"ltr\">\u201cQueremos asegurarnos de compensar suficientemente a la gente por su tiempo y su talento, as\u00ed que hemos estado recaudando muchos fondos. Ha sido positivo, pero en cuanto a la sostenibilidad del proyecto, es algo en lo que estamos trabajando\u201d, dijo Gittens.<\/p>\n<p dir=\"ltr\">Cari-Bois tambi\u00e9n trabaja en el reto de llegar a audiencias m\u00e1s amplias. Para ello han hecho alianzas con medios nacionales para que retomen su contenido. La organizaci\u00f3n tiene una alianza de difusi\u00f3n con la red internacional de escritores, blogueros y activistas digitales\u00a0<a href=\"https:\/\/globalvoices.org\/\" target=\"_blank\" rel=\"noopener noreferrer\"><u>Global Voices<\/u><\/a>.<\/p>\n<div id=\"attachment_91822\" style=\"width: 459px\" class=\"wp-caption alignleft\"><img loading=\"lazy\" decoding=\"async\" aria-describedby=\"caption-attachment-91822\" class=\"wp-image-91822 \" src=\"https:\/\/latamjournalismreview.org\/wp-content\/uploads\/2024\/10\/Gittens.png\" alt=\"Tyrell Gittens, coordinator of Cari-Bois Environmental News Network.\" width=\"449\" height=\"301\" srcset=\"https:\/\/latamjournalismreview.org\/wp-content\/uploads\/2024\/10\/Gittens.png 1141w, https:\/\/latamjournalismreview.org\/wp-content\/uploads\/2024\/10\/Gittens-300x201.png 300w, https:\/\/latamjournalismreview.org\/wp-content\/uploads\/2024\/10\/Gittens-1024x687.png 1024w, https:\/\/latamjournalismreview.org\/wp-content\/uploads\/2024\/10\/Gittens-768x515.png 768w, https:\/\/latamjournalismreview.org\/wp-content\/uploads\/2024\/10\/Gittens-507x340.png 507w, https:\/\/latamjournalismreview.org\/wp-content\/uploads\/2024\/10\/Gittens-350x234.png 350w\" sizes=\"auto, (max-width: 449px) 100vw, 449px\" \/><p id=\"caption-attachment-91822\" class=\"wp-caption-text\">Tyrell Gittens es coordinador y editor de Cari-Bois. (Foto: Cortes\u00eda de Cari-Bois)<\/p><\/div>\n<p dir=\"ltr\">Gittens dijo que uno de los mayores logros de Cari-Bois es la red de colaboradores que se ha formado alrededor del periodismo comunitario medioambiental en varios pa\u00edses del Caribe. Carolee Chanona, colaboradora de Belice que escribe para la plataforma desde 2022, coincide. Para ella, la red de Cari-Bois sirve para fomentar las relaciones entre pa\u00edses caribe\u00f1os en lo que se refiere a los problemas medioambientales que enfrentan.<\/p>\n<p dir=\"ltr\">\u201cTodos pasamos por los mismos problemas al ser pa\u00edses en desarrollo. As\u00ed que para m\u00ed era muy importante que Belice estuviera representado en Cari-Bois\u201d, dijo Chanona a\u00a0<strong>LJR<\/strong>. \u201cCari-Bois ofrece no s\u00f3lo a los autores, sino tambi\u00e9n a los pa\u00edses, esa plataforma en la que todas las noticias son accesibles a los dem\u00e1s. Es importante que todos estemos en una especie de misma p\u00e1gina a nivel regional\u201d.<\/p>\n<h3 id=\"e18bf7045c9a46089e444da617e536be3\" dir=\"ltr\">Periodismo, no activismo<\/h3>\n<p dir=\"ltr\">Uno de los mensajes clave que Cari-Bois pretende hacer llegar a los participantes de su Youth Journalism Program es que, si bien el fin \u00faltimo es levantar conciencia sobre la emergencia clim\u00e1tica, su labor como reporteros ciudadanos es un trabajo period\u00edstico, no de activistas ambientales.<\/p>\n<p dir=\"ltr\">\u201cEs importante que los periodistas utilicen la plataforma para levantar conciencia, pero sin duda intentando seguir el modelo de ser, no neutrales, pero equilibrados\u201d, dijo Gittens. \u201cQueremos ser muy cautelosos de que, s\u00ed, ponemos el foco en cuestiones medioambientales, algunas de las cuales levantar\u00e1n conciencia sobre la salud medioambiental. Y, por supuesto, podemos entrevistar a activistas, pero siempre queremos tener presente ese equilibrio en nuestras coberturas\u201d.<\/p>\n<p dir=\"ltr\">Cari-Bois se considera antes que otra cosa, una plataforma period\u00edstica, dijo Gittens, y como tal est\u00e1 reconocida por la Asociaci\u00f3n de Medios de Trinidad y Tobago.<\/p>\n<p dir=\"ltr\">Bachoo dijo que uno de los prop\u00f3sitos de su formaci\u00f3n ser\u00e1 transmitir la relevancia que tiene el periodismo comunitario en un ecosistema de medios globalizado que pareciera opacar las perspectivas m\u00e1s locales.<\/p>\n<p dir=\"ltr\">\u201cAunque vivas en una peque\u00f1a comunidad, en un peque\u00f1o pa\u00eds, en un peque\u00f1o rinc\u00f3n del Caribe, tu historia es tan importante como las historias que se est\u00e1n contando en Londres, en Nueva York o en Bruselas\u201d, dijo Bachoo. \u201cMi prop\u00f3sito es reforzar que lo que ocurre en su peque\u00f1a comunidad repercute en la gente, y eso es tan importante como cualquier otra historia que est\u00e9 contando una cadena internacional\u201d.<\/p>\n","protected":false},"excerpt":{"rendered":"<p>En una regi\u00f3n especialmente vulnerable a los efectos del cambio clim\u00e1tico, la plataforma de contenido medioambiental Cari-Bois est\u00e1 capacitando adolescentes y adultos para informar desde sus comunidades.<\/p>\n","protected":false},"author":19,"featured_media":91839,"comment_status":"closed","ping_status":"closed","sticky":false,"template":"","format":"standard","meta":{"inline_featured_image":false,"footnotes":""},"categories":[1218],"tags":[2418,2345,2469],"coauthors":[2753],"class_list":["post-91843","post","type-post","status-publish","format-standard","has-post-thumbnail","hentry","category-innovacion-es","tag-capacitacion","tag-caribe","tag-trinidad-es"],"acf":[],"yoast_head":"<!-- This site is optimized with the Yoast SEO Premium plugin v22.6 (Yoast SEO v27.4) - https:\/\/yoast.com\/product\/yoast-seo-premium-wordpress\/ -->\n<title>Periodistas ciudadanos y cobertura ambiental en Trinidad y Tobago<\/title>\n<meta name=\"description\" content=\"La organizaci\u00f3n Cari-Bois capacita a periodistas ciudadanos para llenar el vac\u00edo de cobertura ambiental en Trinidad y Tobago.\" \/>\n<meta name=\"robots\" content=\"index, follow, max-snippet:-1, max-image-preview:large, max-video-preview:-1\" \/>\n<link rel=\"canonical\" href=\"https:\/\/latamjournalismreview.org\/es\/articles\/periodistas-ciudadanos-buscan-cubrir-el-vacio-de-informacion-medioambiental-en-trinidad-y-tobago\/\" \/>\n<meta property=\"og:locale\" content=\"es_ES\" \/>\n<meta property=\"og:type\" content=\"article\" \/>\n<meta property=\"og:title\" content=\"Periodistas ciudadanos buscan cubrir el vac\u00edo de informaci\u00f3n medioambiental en Trinidad y Tobago\" \/>\n<meta property=\"og:description\" content=\"La organizaci\u00f3n Cari-Bois capacita a periodistas ciudadanos para llenar el vac\u00edo de cobertura ambiental en Trinidad y Tobago.\" \/>\n<meta property=\"og:url\" content=\"https:\/\/latamjournalismreview.org\/es\/articles\/periodistas-ciudadanos-buscan-cubrir-el-vacio-de-informacion-medioambiental-en-trinidad-y-tobago\/\" \/>\n<meta property=\"og:site_name\" content=\"LatAm Journalism Review\" \/>\n<meta property=\"article:published_time\" content=\"2024-10-03T15:43:31+00:00\" \/>\n<meta property=\"article:modified_time\" content=\"2024-10-03T20:21:12+00:00\" \/>\n<meta property=\"og:image\" content=\"https:\/\/latamjournalismreview.org\/wp-content\/uploads\/2024\/10\/FEATURED-Caribois.png\" \/>\n\t<meta property=\"og:image:width\" content=\"507\" \/>\n\t<meta property=\"og:image:height\" content=\"340\" \/>\n\t<meta property=\"og:image:type\" content=\"image\/png\" \/>\n<meta name=\"author\" content=\"C\u00e9sar L\u00f3pez Linares\" \/>\n<meta name=\"twitter:card\" content=\"summary_large_image\" \/>\n<meta name=\"twitter:creator\" content=\"@cesarisch\" \/>\n<meta name=\"twitter:site\" content=\"@LatAmJournalism\" \/>\n<meta name=\"twitter:label1\" content=\"Written by\" \/>\n\t<meta name=\"twitter:data1\" content=\"C\u00e9sar L\u00f3pez Linares\" \/>\n\t<meta name=\"twitter:label2\" content=\"Est. reading time\" \/>\n\t<meta name=\"twitter:data2\" content=\"10 minutos\" \/>\n<script type=\"application\/ld+json\" class=\"yoast-schema-graph\">{\"@context\":\"https:\\\/\\\/schema.org\",\"@graph\":[{\"@type\":\"Article\",\"@id\":\"https:\\\/\\\/latamjournalismreview.org\\\/es\\\/articles\\\/periodistas-ciudadanos-buscan-cubrir-el-vacio-de-informacion-medioambiental-en-trinidad-y-tobago\\\/#article\",\"isPartOf\":{\"@id\":\"https:\\\/\\\/latamjournalismreview.org\\\/es\\\/articles\\\/periodistas-ciudadanos-buscan-cubrir-el-vacio-de-informacion-medioambiental-en-trinidad-y-tobago\\\/\"},\"author\":{\"name\":\"C\u00e9sar L\u00f3pez Linares\",\"@id\":\"https:\\\/\\\/latamjournalismreview.org\\\/es\\\/#\\\/schema\\\/person\\\/dcf6dcdd6226ac8d939e2796645d17c6\"},\"headline\":\"Periodistas ciudadanos buscan cubrir el vac\u00edo de informaci\u00f3n medioambiental en Trinidad y Tobago\",\"datePublished\":\"2024-10-03T15:43:31+00:00\",\"dateModified\":\"2024-10-03T20:21:12+00:00\",\"mainEntityOfPage\":{\"@id\":\"https:\\\/\\\/latamjournalismreview.org\\\/es\\\/articles\\\/periodistas-ciudadanos-buscan-cubrir-el-vacio-de-informacion-medioambiental-en-trinidad-y-tobago\\\/\"},\"wordCount\":2008,\"publisher\":{\"@id\":\"https:\\\/\\\/latamjournalismreview.org\\\/es\\\/#organization\"},\"image\":{\"@id\":\"https:\\\/\\\/latamjournalismreview.org\\\/es\\\/articles\\\/periodistas-ciudadanos-buscan-cubrir-el-vacio-de-informacion-medioambiental-en-trinidad-y-tobago\\\/#primaryimage\"},\"thumbnailUrl\":\"https:\\\/\\\/latamjournalismreview.org\\\/wp-content\\\/uploads\\\/2024\\\/10\\\/FEATURED-Caribois.png\",\"keywords\":[\"Capacitaci\u00f3n\",\"Caribe\",\"Trinidad\"],\"articleSection\":[\"Innovaci\u00f3n\"],\"inLanguage\":\"es\"},{\"@type\":\"WebPage\",\"@id\":\"https:\\\/\\\/latamjournalismreview.org\\\/es\\\/articles\\\/periodistas-ciudadanos-buscan-cubrir-el-vacio-de-informacion-medioambiental-en-trinidad-y-tobago\\\/\",\"url\":\"https:\\\/\\\/latamjournalismreview.org\\\/es\\\/articles\\\/periodistas-ciudadanos-buscan-cubrir-el-vacio-de-informacion-medioambiental-en-trinidad-y-tobago\\\/\",\"name\":\"Periodistas ciudadanos y cobertura ambiental en Trinidad y Tobago\",\"isPartOf\":{\"@id\":\"https:\\\/\\\/latamjournalismreview.org\\\/es\\\/#website\"},\"primaryImageOfPage\":{\"@id\":\"https:\\\/\\\/latamjournalismreview.org\\\/es\\\/articles\\\/periodistas-ciudadanos-buscan-cubrir-el-vacio-de-informacion-medioambiental-en-trinidad-y-tobago\\\/#primaryimage\"},\"image\":{\"@id\":\"https:\\\/\\\/latamjournalismreview.org\\\/es\\\/articles\\\/periodistas-ciudadanos-buscan-cubrir-el-vacio-de-informacion-medioambiental-en-trinidad-y-tobago\\\/#primaryimage\"},\"thumbnailUrl\":\"https:\\\/\\\/latamjournalismreview.org\\\/wp-content\\\/uploads\\\/2024\\\/10\\\/FEATURED-Caribois.png\",\"datePublished\":\"2024-10-03T15:43:31+00:00\",\"dateModified\":\"2024-10-03T20:21:12+00:00\",\"description\":\"La organizaci\u00f3n Cari-Bois capacita a periodistas ciudadanos para llenar el vac\u00edo de cobertura ambiental en Trinidad y Tobago.\",\"breadcrumb\":{\"@id\":\"https:\\\/\\\/latamjournalismreview.org\\\/es\\\/articles\\\/periodistas-ciudadanos-buscan-cubrir-el-vacio-de-informacion-medioambiental-en-trinidad-y-tobago\\\/#breadcrumb\"},\"inLanguage\":\"es\",\"potentialAction\":[{\"@type\":\"ReadAction\",\"target\":[\"https:\\\/\\\/latamjournalismreview.org\\\/es\\\/articles\\\/periodistas-ciudadanos-buscan-cubrir-el-vacio-de-informacion-medioambiental-en-trinidad-y-tobago\\\/\"]}]},{\"@type\":\"ImageObject\",\"inLanguage\":\"es\",\"@id\":\"https:\\\/\\\/latamjournalismreview.org\\\/es\\\/articles\\\/periodistas-ciudadanos-buscan-cubrir-el-vacio-de-informacion-medioambiental-en-trinidad-y-tobago\\\/#primaryimage\",\"url\":\"https:\\\/\\\/latamjournalismreview.org\\\/wp-content\\\/uploads\\\/2024\\\/10\\\/FEATURED-Caribois.png\",\"contentUrl\":\"https:\\\/\\\/latamjournalismreview.org\\\/wp-content\\\/uploads\\\/2024\\\/10\\\/FEATURED-Caribois.png\",\"width\":507,\"height\":340,\"caption\":\"Participants of Cari-Bois' inaugural Youth Environmental Journalism Project listen attentively during the project's closing ceremony in October 2023. (Photo: Courtesy of Cari-Bois)\"},{\"@type\":\"BreadcrumbList\",\"@id\":\"https:\\\/\\\/latamjournalismreview.org\\\/es\\\/articles\\\/periodistas-ciudadanos-buscan-cubrir-el-vacio-de-informacion-medioambiental-en-trinidad-y-tobago\\\/#breadcrumb\",\"itemListElement\":[{\"@type\":\"ListItem\",\"position\":1,\"name\":\"Home\",\"item\":\"https:\\\/\\\/latamjournalismreview.org\\\/es\\\/\"},{\"@type\":\"ListItem\",\"position\":2,\"name\":\"Periodistas ciudadanos buscan cubrir el vac\u00edo de informaci\u00f3n medioambiental en Trinidad y Tobago\"}]},{\"@type\":\"WebSite\",\"@id\":\"https:\\\/\\\/latamjournalismreview.org\\\/es\\\/#website\",\"url\":\"https:\\\/\\\/latamjournalismreview.org\\\/es\\\/\",\"name\":\"LatAm Journalism Review\",\"description\":\"Knight Center at The University of Texas\",\"publisher\":{\"@id\":\"https:\\\/\\\/latamjournalismreview.org\\\/es\\\/#organization\"},\"potentialAction\":[{\"@type\":\"SearchAction\",\"target\":{\"@type\":\"EntryPoint\",\"urlTemplate\":\"https:\\\/\\\/latamjournalismreview.org\\\/es\\\/?s={search_term_string}\"},\"query-input\":{\"@type\":\"PropertyValueSpecification\",\"valueRequired\":true,\"valueName\":\"search_term_string\"}}],\"inLanguage\":\"es\"},{\"@type\":\"Organization\",\"@id\":\"https:\\\/\\\/latamjournalismreview.org\\\/es\\\/#organization\",\"name\":\"LatAm Journalism Review\",\"url\":\"https:\\\/\\\/latamjournalismreview.org\\\/es\\\/\",\"logo\":{\"@type\":\"ImageObject\",\"inLanguage\":\"es\",\"@id\":\"https:\\\/\\\/latamjournalismreview.org\\\/es\\\/#\\\/schema\\\/logo\\\/image\\\/\",\"url\":\"https:\\\/\\\/latamjournalismreview.org\\\/wp-content\\\/uploads\\\/2020\\\/05\\\/knight-latAm-review-logo.svg\",\"contentUrl\":\"https:\\\/\\\/latamjournalismreview.org\\\/wp-content\\\/uploads\\\/2020\\\/05\\\/knight-latAm-review-logo.svg\",\"width\":\"1024\",\"height\":\"1024\",\"caption\":\"LatAm Journalism Review\"},\"image\":{\"@id\":\"https:\\\/\\\/latamjournalismreview.org\\\/es\\\/#\\\/schema\\\/logo\\\/image\\\/\"},\"sameAs\":[\"https:\\\/\\\/x.com\\\/LatAmJournalism\"]},{\"@type\":\"Person\",\"@id\":\"https:\\\/\\\/latamjournalismreview.org\\\/es\\\/#\\\/schema\\\/person\\\/dcf6dcdd6226ac8d939e2796645d17c6\",\"name\":\"C\u00e9sar L\u00f3pez Linares\",\"description\":\"C\u00e9sar L\u00f3pez Linares began his career at the Mexican newspaper REFORMA as an entertainment and media co-editor. He has written for publications such as TODO Austin, Texas Music Magazine and The Austin Chronicle. C\u00e9sar has a Master's degree in Journalism from the University of Texas at Austin and a Bachelors degree in Communication from the National Autonomous University of Mexico. He previously wrote about innovation in journalism for the Gabo Foundation in Colombia and currently reports for the Knight Center's LatAmJournalism Review digital magazine. A native of Mexico City, C\u00e9sar has become a digital nomad combining content creation with his passion for travel. ________ C\u00e9sar L\u00f3pez Linares inici\u00f3 su carrera en el diario mexicano REFORMA como coeditor de entretenimiento y medios. Ha escrito para publicaciones como TODO Austin, Texas Music Magazine y The Austin Chronicle. C\u00e9sar tiene una Maestr\u00eda en Periodismo de la Universidad de Texas en Austin y una Licenciatura en Comunicaci\u00f3n de la Universidad Nacional Aut\u00f3noma de M\u00e9xico. Previamente escribi\u00f3 sobre innovaci\u00f3n en periodismo para la Fundaci\u00f3n Gabo en Colombia y actualmente escribe para la revista digital LatAmJournalism Review del Centro Knight. Originario de la Ciudad de M\u00e9xico, C\u00e9sar se ha convertido en un n\u00f3mada digital que combina la creaci\u00f3n de contenido con su pasi\u00f3n por viajar. _________ C\u00e9sar L\u00f3pez Linares come\u00e7ou sua carreira no jornal mexicano REFORMA como coeditor de entretenimento e m\u00eddia. Ele escreveu para publica\u00e7\u00f5es como TODO Austin, Texas Music Magazine e The Austin Chronicle. C\u00e9sar tem mestrado em jornalismo pela University of Texas em Austin e \u00e9 bacharel em comunica\u00e7\u00e3o pela Universidad Nacional Aut\u00f3noma de M\u00e9xico. Antes disso, ele escreveu sobre inova\u00e7\u00e3o no jornalismo para a Funda\u00e7\u00e3o Gabo na Col\u00f4mbia. Atualmente escreve para a revista digital LatAmJournalism Review do Centro Knight. Nascido na Cidade do M\u00e9xico, C\u00e9sar se tornou um n\u00f4made digital combinando a cria\u00e7\u00e3o de conte\u00fado com sua paix\u00e3o por viagens.\",\"sameAs\":[\"https:\\\/\\\/x.com\\\/cesarisch\"],\"url\":\"https:\\\/\\\/latamjournalismreview.org\\\/es\\\/articles\\\/author\\\/cesar-lopez-linares\\\/\"}]}<\/script>\n<!-- \/ Yoast SEO Premium plugin. -->","yoast_head_json":{"title":"Periodistas ciudadanos y cobertura ambiental en Trinidad y Tobago","description":"La organizaci\u00f3n Cari-Bois capacita a periodistas ciudadanos para llenar el vac\u00edo de cobertura ambiental en Trinidad y Tobago.","robots":{"index":"index","follow":"follow","max-snippet":"max-snippet:-1","max-image-preview":"max-image-preview:large","max-video-preview":"max-video-preview:-1"},"canonical":"https:\/\/latamjournalismreview.org\/es\/articles\/periodistas-ciudadanos-buscan-cubrir-el-vacio-de-informacion-medioambiental-en-trinidad-y-tobago\/","og_locale":"es_ES","og_type":"article","og_title":"Periodistas ciudadanos buscan cubrir el vac\u00edo de informaci\u00f3n medioambiental en Trinidad y Tobago","og_description":"La organizaci\u00f3n Cari-Bois capacita a periodistas ciudadanos para llenar el vac\u00edo de cobertura ambiental en Trinidad y Tobago.","og_url":"https:\/\/latamjournalismreview.org\/es\/articles\/periodistas-ciudadanos-buscan-cubrir-el-vacio-de-informacion-medioambiental-en-trinidad-y-tobago\/","og_site_name":"LatAm Journalism Review","article_published_time":"2024-10-03T15:43:31+00:00","article_modified_time":"2024-10-03T20:21:12+00:00","og_image":[{"width":507,"height":340,"url":"https:\/\/latamjournalismreview.org\/wp-content\/uploads\/2024\/10\/FEATURED-Caribois.png","type":"image\/png"}],"author":"C\u00e9sar L\u00f3pez Linares","twitter_card":"summary_large_image","twitter_creator":"@cesarisch","twitter_site":"@LatAmJournalism","twitter_misc":{"Written by":"C\u00e9sar L\u00f3pez Linares","Est. reading time":"10 minutos"},"schema":{"@context":"https:\/\/schema.org","@graph":[{"@type":"Article","@id":"https:\/\/latamjournalismreview.org\/es\/articles\/periodistas-ciudadanos-buscan-cubrir-el-vacio-de-informacion-medioambiental-en-trinidad-y-tobago\/#article","isPartOf":{"@id":"https:\/\/latamjournalismreview.org\/es\/articles\/periodistas-ciudadanos-buscan-cubrir-el-vacio-de-informacion-medioambiental-en-trinidad-y-tobago\/"},"author":{"name":"C\u00e9sar L\u00f3pez Linares","@id":"https:\/\/latamjournalismreview.org\/es\/#\/schema\/person\/dcf6dcdd6226ac8d939e2796645d17c6"},"headline":"Periodistas ciudadanos buscan cubrir el vac\u00edo de informaci\u00f3n medioambiental en Trinidad y Tobago","datePublished":"2024-10-03T15:43:31+00:00","dateModified":"2024-10-03T20:21:12+00:00","mainEntityOfPage":{"@id":"https:\/\/latamjournalismreview.org\/es\/articles\/periodistas-ciudadanos-buscan-cubrir-el-vacio-de-informacion-medioambiental-en-trinidad-y-tobago\/"},"wordCount":2008,"publisher":{"@id":"https:\/\/latamjournalismreview.org\/es\/#organization"},"image":{"@id":"https:\/\/latamjournalismreview.org\/es\/articles\/periodistas-ciudadanos-buscan-cubrir-el-vacio-de-informacion-medioambiental-en-trinidad-y-tobago\/#primaryimage"},"thumbnailUrl":"https:\/\/latamjournalismreview.org\/wp-content\/uploads\/2024\/10\/FEATURED-Caribois.png","keywords":["Capacitaci\u00f3n","Caribe","Trinidad"],"articleSection":["Innovaci\u00f3n"],"inLanguage":"es"},{"@type":"WebPage","@id":"https:\/\/latamjournalismreview.org\/es\/articles\/periodistas-ciudadanos-buscan-cubrir-el-vacio-de-informacion-medioambiental-en-trinidad-y-tobago\/","url":"https:\/\/latamjournalismreview.org\/es\/articles\/periodistas-ciudadanos-buscan-cubrir-el-vacio-de-informacion-medioambiental-en-trinidad-y-tobago\/","name":"Periodistas ciudadanos y cobertura ambiental en Trinidad y Tobago","isPartOf":{"@id":"https:\/\/latamjournalismreview.org\/es\/#website"},"primaryImageOfPage":{"@id":"https:\/\/latamjournalismreview.org\/es\/articles\/periodistas-ciudadanos-buscan-cubrir-el-vacio-de-informacion-medioambiental-en-trinidad-y-tobago\/#primaryimage"},"image":{"@id":"https:\/\/latamjournalismreview.org\/es\/articles\/periodistas-ciudadanos-buscan-cubrir-el-vacio-de-informacion-medioambiental-en-trinidad-y-tobago\/#primaryimage"},"thumbnailUrl":"https:\/\/latamjournalismreview.org\/wp-content\/uploads\/2024\/10\/FEATURED-Caribois.png","datePublished":"2024-10-03T15:43:31+00:00","dateModified":"2024-10-03T20:21:12+00:00","description":"La organizaci\u00f3n Cari-Bois capacita a periodistas ciudadanos para llenar el vac\u00edo de cobertura ambiental en Trinidad y Tobago.","breadcrumb":{"@id":"https:\/\/latamjournalismreview.org\/es\/articles\/periodistas-ciudadanos-buscan-cubrir-el-vacio-de-informacion-medioambiental-en-trinidad-y-tobago\/#breadcrumb"},"inLanguage":"es","potentialAction":[{"@type":"ReadAction","target":["https:\/\/latamjournalismreview.org\/es\/articles\/periodistas-ciudadanos-buscan-cubrir-el-vacio-de-informacion-medioambiental-en-trinidad-y-tobago\/"]}]},{"@type":"ImageObject","inLanguage":"es","@id":"https:\/\/latamjournalismreview.org\/es\/articles\/periodistas-ciudadanos-buscan-cubrir-el-vacio-de-informacion-medioambiental-en-trinidad-y-tobago\/#primaryimage","url":"https:\/\/latamjournalismreview.org\/wp-content\/uploads\/2024\/10\/FEATURED-Caribois.png","contentUrl":"https:\/\/latamjournalismreview.org\/wp-content\/uploads\/2024\/10\/FEATURED-Caribois.png","width":507,"height":340,"caption":"Participants of Cari-Bois' inaugural Youth Environmental Journalism Project listen attentively during the project's closing ceremony in October 2023. (Photo: Courtesy of Cari-Bois)"},{"@type":"BreadcrumbList","@id":"https:\/\/latamjournalismreview.org\/es\/articles\/periodistas-ciudadanos-buscan-cubrir-el-vacio-de-informacion-medioambiental-en-trinidad-y-tobago\/#breadcrumb","itemListElement":[{"@type":"ListItem","position":1,"name":"Home","item":"https:\/\/latamjournalismreview.org\/es\/"},{"@type":"ListItem","position":2,"name":"Periodistas ciudadanos buscan cubrir el vac\u00edo de informaci\u00f3n medioambiental en Trinidad y Tobago"}]},{"@type":"WebSite","@id":"https:\/\/latamjournalismreview.org\/es\/#website","url":"https:\/\/latamjournalismreview.org\/es\/","name":"LatAm Journalism Review","description":"Knight Center at The University of Texas","publisher":{"@id":"https:\/\/latamjournalismreview.org\/es\/#organization"},"potentialAction":[{"@type":"SearchAction","target":{"@type":"EntryPoint","urlTemplate":"https:\/\/latamjournalismreview.org\/es\/?s={search_term_string}"},"query-input":{"@type":"PropertyValueSpecification","valueRequired":true,"valueName":"search_term_string"}}],"inLanguage":"es"},{"@type":"Organization","@id":"https:\/\/latamjournalismreview.org\/es\/#organization","name":"LatAm Journalism Review","url":"https:\/\/latamjournalismreview.org\/es\/","logo":{"@type":"ImageObject","inLanguage":"es","@id":"https:\/\/latamjournalismreview.org\/es\/#\/schema\/logo\/image\/","url":"https:\/\/latamjournalismreview.org\/wp-content\/uploads\/2020\/05\/knight-latAm-review-logo.svg","contentUrl":"https:\/\/latamjournalismreview.org\/wp-content\/uploads\/2020\/05\/knight-latAm-review-logo.svg","width":"1024","height":"1024","caption":"LatAm Journalism Review"},"image":{"@id":"https:\/\/latamjournalismreview.org\/es\/#\/schema\/logo\/image\/"},"sameAs":["https:\/\/x.com\/LatAmJournalism"]},{"@type":"Person","@id":"https:\/\/latamjournalismreview.org\/es\/#\/schema\/person\/dcf6dcdd6226ac8d939e2796645d17c6","name":"C\u00e9sar L\u00f3pez Linares","description":"C\u00e9sar L\u00f3pez Linares began his career at the Mexican newspaper REFORMA as an entertainment and media co-editor. He has written for publications such as TODO Austin, Texas Music Magazine and The Austin Chronicle. C\u00e9sar has a Master's degree in Journalism from the University of Texas at Austin and a Bachelors degree in Communication from the National Autonomous University of Mexico. He previously wrote about innovation in journalism for the Gabo Foundation in Colombia and currently reports for the Knight Center's LatAmJournalism Review digital magazine. A native of Mexico City, C\u00e9sar has become a digital nomad combining content creation with his passion for travel. ________ C\u00e9sar L\u00f3pez Linares inici\u00f3 su carrera en el diario mexicano REFORMA como coeditor de entretenimiento y medios. Ha escrito para publicaciones como TODO Austin, Texas Music Magazine y The Austin Chronicle. C\u00e9sar tiene una Maestr\u00eda en Periodismo de la Universidad de Texas en Austin y una Licenciatura en Comunicaci\u00f3n de la Universidad Nacional Aut\u00f3noma de M\u00e9xico. Previamente escribi\u00f3 sobre innovaci\u00f3n en periodismo para la Fundaci\u00f3n Gabo en Colombia y actualmente escribe para la revista digital LatAmJournalism Review del Centro Knight. Originario de la Ciudad de M\u00e9xico, C\u00e9sar se ha convertido en un n\u00f3mada digital que combina la creaci\u00f3n de contenido con su pasi\u00f3n por viajar. _________ C\u00e9sar L\u00f3pez Linares come\u00e7ou sua carreira no jornal mexicano REFORMA como coeditor de entretenimento e m\u00eddia. Ele escreveu para publica\u00e7\u00f5es como TODO Austin, Texas Music Magazine e The Austin Chronicle. C\u00e9sar tem mestrado em jornalismo pela University of Texas em Austin e \u00e9 bacharel em comunica\u00e7\u00e3o pela Universidad Nacional Aut\u00f3noma de M\u00e9xico. Antes disso, ele escreveu sobre inova\u00e7\u00e3o no jornalismo para a Funda\u00e7\u00e3o Gabo na Col\u00f4mbia. Atualmente escreve para a revista digital LatAmJournalism Review do Centro Knight. Nascido na Cidade do M\u00e9xico, C\u00e9sar se tornou um n\u00f4made digital combinando a cria\u00e7\u00e3o de conte\u00fado com sua paix\u00e3o por viagens.","sameAs":["https:\/\/x.com\/cesarisch"],"url":"https:\/\/latamjournalismreview.org\/es\/articles\/author\/cesar-lopez-linares\/"}]}},"_links":{"self":[{"href":"https:\/\/latamjournalismreview.org\/es\/wp-json\/wp\/v2\/posts\/91843","targetHints":{"allow":["GET"]}}],"collection":[{"href":"https:\/\/latamjournalismreview.org\/es\/wp-json\/wp\/v2\/posts"}],"about":[{"href":"https:\/\/latamjournalismreview.org\/es\/wp-json\/wp\/v2\/types\/post"}],"author":[{"embeddable":true,"href":"https:\/\/latamjournalismreview.org\/es\/wp-json\/wp\/v2\/users\/19"}],"replies":[{"embeddable":true,"href":"https:\/\/latamjournalismreview.org\/es\/wp-json\/wp\/v2\/comments?post=91843"}],"version-history":[{"count":3,"href":"https:\/\/latamjournalismreview.org\/es\/wp-json\/wp\/v2\/posts\/91843\/revisions"}],"predecessor-version":[{"id":91852,"href":"https:\/\/latamjournalismreview.org\/es\/wp-json\/wp\/v2\/posts\/91843\/revisions\/91852"}],"wp:featuredmedia":[{"embeddable":true,"href":"https:\/\/latamjournalismreview.org\/es\/wp-json\/wp\/v2\/media\/91839"}],"wp:attachment":[{"href":"https:\/\/latamjournalismreview.org\/es\/wp-json\/wp\/v2\/media?parent=91843"}],"wp:term":[{"taxonomy":"category","embeddable":true,"href":"https:\/\/latamjournalismreview.org\/es\/wp-json\/wp\/v2\/categories?post=91843"},{"taxonomy":"post_tag","embeddable":true,"href":"https:\/\/latamjournalismreview.org\/es\/wp-json\/wp\/v2\/tags?post=91843"},{"taxonomy":"author","embeddable":true,"href":"https:\/\/latamjournalismreview.org\/es\/wp-json\/wp\/v2\/coauthors?post=91843"}],"curies":[{"name":"wp","href":"https:\/\/api.w.org\/{rel}","templated":true}]}}