{"id":92207,"date":"2024-10-16T13:14:52","date_gmt":"2024-10-16T18:14:52","guid":{"rendered":"https:\/\/latamjournalismreview.org\/?p=92207"},"modified":"2024-10-16T13:14:52","modified_gmt":"2024-10-16T18:14:52","slug":"gobiernos-de-america-latina-asfixian-el-periodismo-independiente-con-el-aumento-de-control-sobre-las-ongs","status":"publish","type":"post","link":"https:\/\/latamjournalismreview.org\/es\/articles\/gobiernos-de-america-latina-asfixian-el-periodismo-independiente-con-el-aumento-de-control-sobre-las-ongs\/","title":{"rendered":"Gobiernos de Am\u00e9rica Latina asfixian el periodismo independiente con el aumento de control sobre las ONGs"},"content":{"rendered":"<p dir=\"ltr\">Tienen nombres diferentes -\u201dLeyes de Agentes Extranjeros\u201d o \u201cLeyes de ONG\u201d- y proceden de gobiernos de todo el espectro pol\u00edtico. Pero grupos de defensa de derechos humanos dicen que tienen un objetivo similar: sofocar la labor de las organizaciones de la sociedad civil.<\/p>\n<p dir=\"ltr\"><a href=\"https:\/\/www.amnesty.org\/en\/latest\/news\/2024\/06\/americas-proyectos-ley-podrian-restringir-trabajo-sociedad-civil\/\" target=\"_blank\" rel=\"noopener noreferrer\"><u>En Am\u00e9rica Latina proliferan las propuestas de leyes<\/u><\/a> dirigidas contra el trabajo de las organizaciones de la sociedad civil. Con la justificaci\u00f3n de aumentar la transparencia del tercer sector y proteger la soberan\u00eda nacional de la influencia de actores extranjeros, Paraguay, Per\u00fa y Venezuela est\u00e1n debatiendo actualmente leyes que interfieren en las actividades de estas organizaciones. Pa\u00edses como Nicaragua, Guatemala, El Salvador y M\u00e9xico ya han aprobado o debatido iniciativas similares.<\/p>\n<p dir=\"ltr\">Estas leyes pueden afectar directamente al periodismo. La crisis econ\u00f3mica en la industria de los medios de comunicaci\u00f3n ha provocado\u00a0<a href=\"https:\/\/www.amnesty.org\/en\/latest\/news\/2024\/06\/americas-proyectos-ley-podrian-restringir-trabajo-sociedad-civil\/\" target=\"_blank\" rel=\"noopener noreferrer\"><u>un aumento de las organizaciones period\u00edsticas financiadas por fundaciones y la filantrop\u00eda internacional<\/u><\/a>, lo que es especialmente importante en los casos del periodismo de inter\u00e9s p\u00fablico y las organizaciones independientes. Cuando se restringen las actividades de la sociedad civil en su conjunto, los periodistas y los medios de comunicaci\u00f3n se encuentran entre los objetivos potenciales.<\/p>\n<p dir=\"ltr\">\u201cMuchas iniciativas period\u00edsticas han adoptado el modelo de estructurarse como organizaciones sin \u00e1nimo de lucro, especialmente ante la precariedad financiera del sector. Dependen de fuentes de financiaci\u00f3n internacional y de la cooperaci\u00f3n externa para sobrevivir\u201d, dijo Artur Romeu, director ejecutivo de Reporteros sin Fronteras (RSF) para Am\u00e9rica Latina, a\u00a0<strong>LatAm Journalism Review (LJR).\u00a0<\/strong>\u201cEstas leyes se crearon precisamente para dificultar este tipo de recaudaci\u00f3n de fondos, lo que lleva a muchas de estas organizaciones a enfrentarse a enormes barreras para poder seguir funcionando\u201d.<\/p>\n<h3 id=\"eef11518fb8ee385fa3044ffc7e1255c4\" dir=\"ltr\">Creciente autoritarismo<\/h3>\n<p dir=\"ltr\">Nicaragua es uno de los pa\u00edses m\u00e1s avanzados en cuanto a medidas autoritarias para limitar a la sociedad civil. En octubre de 2020, la Asamblea Nacional, controlada por aliados de los dictadores Daniel Ortega y Rosario Murillo, aprob\u00f3 la llamada\u00a0<a href=\"https:\/\/latamjournalismreview.org\/es\/articles\/allanamiento-de-viviendas-y-ley-mordaza-senales-de-un-2021-mas-peligroso-para-el-periodismo-en-nicaragua\/\" target=\"_blank\" rel=\"noopener noreferrer\"><u>\u201cLey Mordaza\u201d<\/u><\/a> para inhibir a los agentes extranjeros de operar en el pa\u00eds.<\/p>\n<p dir=\"ltr\">Como consecuencia, toda persona, organizaci\u00f3n o instituci\u00f3n, incluidos los medios de comunicaci\u00f3n y las organizaciones no gubernamentales,\u00a0<a href=\"https:\/\/www.europarl.europa.eu\/doceo\/document\/TA-9-2020-0259_PT.html\" target=\"_blank\" rel=\"noopener noreferrer\"><u>deber\u00e1 estar registrada en el Ministerio del Interior para operar en el pa\u00eds<\/u><\/a>, estar sujeta a una estricta vigilancia y abstenerse de intervenir en asuntos, actividades o temas pol\u00edticos nacionales.<\/p>\n<p dir=\"ltr\">La Fundaci\u00f3n Violeta Barrios de Chamorro, que trabajaba por una prensa libre e independiente en Nicaragua,\u00a0<a href=\"https:\/\/latamjournalismreview.org\/es\/news\/nicaragua-fundacion-violeta-barrios-de-chamorro-suspende-operaciones-por-ley-de-agentes-extranjeros\/\" target=\"_blank\" rel=\"noopener noreferrer\"><u>cerr\u00f3 a causa de la ley.<\/u><\/a> La filial nicarag\u00fcense de Pen Internacional, que tambi\u00e9n trabaja en defensa de la libertad de expresi\u00f3n,\u00a0<a href=\"https:\/\/www.state.gov\/nicaraguas-foreign-agents-law-drives-nicaragua-toward-dictatorship-silencing-independent-voices\/\" target=\"_blank\" rel=\"noopener noreferrer\"><u>tambi\u00e9n cerr\u00f3 como consecuencia de la ley<\/u><\/a>.<\/p>\n<p dir=\"ltr\">Como se coment\u00f3 en el \u00faltimo\u00a0<a href=\"https:\/\/www.youtube.com\/watch?v=NPrmjKcN3cA\" target=\"_blank\" rel=\"noopener noreferrer\"><u>Coloquio Iberoamericano de Periodismo Digital<\/u><\/a>, en\u00a0<a href=\"https:\/\/latamjournalismreview.org\/es\/articles\/exilio-prision-y-muerte-las-dificultades-de-periodistas-en-nicaragua-son-tema-de-panel-en-el-coloquio-iberoamericano\/\" target=\"_blank\" rel=\"noopener noreferrer\"><u>Nicaragua ya no hay peri\u00f3dicos independientes<\/u><\/a>, y los periodistas que se arriesgan a informar con autonom\u00eda se enfrentan al exilio y a la c\u00e1rcel. Las leyes autoritarias de Nicaragua no cesan: en septiembre, el pa\u00eds aprob\u00f3 una\u00a0<a href=\"https:\/\/latamjournalismreview.org\/es\/articles\/el-regimen-nicaraguense-amplia-la-represion-a-los-periodistas-exiliados-mediante-una-reforma-a-su-legislacion-sobre-ciberdelincuencia\/\" target=\"_blank\" rel=\"noopener noreferrer\"><u>Ley de Ciberdelincuencia<\/u><\/a>, que limita las actividades de las organizaciones que operan desde el exilio.<\/p>\n<p dir=\"ltr\">En Venezuela, Nicol\u00e1s Maduro tambi\u00e9n ha cerrado m\u00e1s y m\u00e1s espacios para el disentimiento . Tres semanas despu\u00e9s de\u00a0<a href=\"https:\/\/www.theguardian.com\/world\/article\/2024\/aug\/06\/venezuela-election-maduro-analysis\" target=\"_blank\" rel=\"noopener noreferrer\"><u>las elecciones del 28 de julio<\/u><\/a>, cuyo resultado favoreci\u00f3 a Maduro pero con fuertes indicios de fraude,\u00a0<a href=\"https:\/\/www.bbc.com\/mundo\/articles\/cjw3v4217npo\" target=\"_blank\" rel=\"noopener noreferrer\"><u>la Asamblea Nacional dio avance el 15 de agosto al proyecto de \u201cLey de fiscalizaci\u00f3n, regularizaci\u00f3n, actuaci\u00f3n y financiamiento de las organizaciones no gubernamentales y afines\u201d<\/u><\/a>.<\/p>\n<p dir=\"ltr\">La Comisi\u00f3n Interamericana de Derechos Humanos (CIDH)\u00a0<a href=\"https:\/\/www.oas.org\/es\/cidh\/jsForm\/?File=\/es\/cidh\/prensa\/comunicados\/2024\/022.asp\" target=\"_blank\" rel=\"noopener noreferrer\"><u>advirti\u00f3 que esta legislaci\u00f3n<\/u><\/a>, que a\u00fan debe pasar una votaci\u00f3n final para ser aprobada, restringe el derecho de asociaci\u00f3n, la libertad de expresi\u00f3n y la participaci\u00f3n ciudadana, profundizando el cerco a la sociedad civil. La CIDH\u00a0<a href=\"https:\/\/www.oas.org\/en\/iachr\/jsForm\/?File=\/en\/iachr\/media_center\/preleases\/2024\/022.asp&amp;utm_term=class-mon&amp;utm_content=country-ven\" target=\"_blank\" rel=\"noopener noreferrer\"><u>critic\u00f3<\/u><\/a> el \u201cclima de hostilidad hacia las personas y organizaciones que defienden los derechos humanos o ejercen el periodismo en Venezuela\u201d.<\/p>\n<p dir=\"ltr\">Los medios de comunicaci\u00f3n independientes en Venezuela dependen en gran medida de las donaciones internacionales, ya que no tienen acceso a fondos del gobierno o de empresas privadas.<\/p>\n<p dir=\"ltr\">\u201cLa ley afectar\u00eda sobre todo a los medios independientes. Hoy, muchos sobreviven gracias a estas donaciones y colaboraciones\u201d, dijo a\u00a0<strong>LJR<\/strong> Marivi Mar\u00edn V\u00e1zquez, directora ejecutiva de la organizaci\u00f3n venezolana ProBoX VE, que opera en el exilio. \u201cLo que buscan es precisamente limitar la subsistencia y el crecimiento de los medios independientes, que son como una capa adicional que contiene al autoritarismo\u201d.<\/p>\n<p dir=\"ltr\">En Paraguay -un pa\u00eds que,\u00a0<a href=\"https:\/\/freedomhouse.org\/country\/paraguay\" target=\"_blank\" rel=\"noopener noreferrer\"><u>de acuerdo con Freedom House<\/u><\/a>, sigue siendo una democracia, a diferencia de los dos reg\u00edmenes autoritarios anteriores-,\u00a0<a href=\"https:\/\/latamjournalismreview.org\/es\/articles\/en-paraguay-avanza-polemica-ley-que-amenaza-con-reprimir-el-periodismo-independiente\/\" target=\"_blank\" rel=\"noopener noreferrer\"><u>el Senado aprob\u00f3 en julio<\/u><\/a> una ley con el supuesto prop\u00f3sito de regular las organizaciones sin \u00e1nimo de lucro que reciben fondos p\u00fablicos y privados de fuentes nacionales o internacionales. Las organizaciones deber\u00e1n inscribirse en un registro nacional, detallar las actividades que realizan y presentar informes detallados sobre el uso que hacen de los fondos. La ley a\u00fan debe ser aprobada por la C\u00e1mara de Diputados.<\/p>\n<p dir=\"ltr\"><a href=\"https:\/\/www.amnesty.org\/en\/latest\/news\/2024\/07\/paraguay-accion-urgente-global-por-amenaza-libre-asociacion\/\" target=\"_blank\" rel=\"noopener noreferrer\"><u>De acuerdo con Ana Piquer<\/u><\/a>, directora para las Am\u00e9ricas de Amnist\u00eda Internacional, \u201ceste proyecto de ley podr\u00eda conducir al silenciamiento de la sociedad civil y al desmantelamiento de un entorno que permite a la sociedad expresarse y organizarse frente a actos u omisiones arbitrarios de las autoridades\u201d.<\/p>\n<p dir=\"ltr\">Per\u00fa, por su parte,\u00a0<a href=\"https:\/\/x.com\/amnistiaperu\/status\/1798127603163037783\/photo\/1\" target=\"_blank\" rel=\"noopener noreferrer\"><u>ha debatido en los \u00faltimos meses seis proyectos de ley<\/u><\/a> para controlar a la sociedad civil, alegando falta de supervisi\u00f3n y amenazas contra el Estado de derecho en el sector. Respecto a otros pa\u00edses de la regi\u00f3n, una ley de agentes extranjeros\u00a0<a href=\"https:\/\/www.elfaro.net\/es\/202111\/el_salvador\/25838\/La-Ley-de-Agentes-Extranjeros-est%252525C3%252525A1-dise%252525C3%252525B1ada-para-perseguir-voces-cr%252525C3%252525ADticas-al-Gobierno.htm\" target=\"_blank\" rel=\"noopener noreferrer\"><u>estuvo a punto de aprobarse en El Salvador<\/u><\/a> en 2021.\u00a0<a href=\"https:\/\/www.wola.org\/es\/analisis\/nueva-ley-ong-guatemala\/\" target=\"_blank\" rel=\"noopener noreferrer\"><u>Guatemala aprob\u00f3 una \u201cLey de ONG\u201d<\/u><\/a> en 2020 que otorga al gobierno el poder de anular el registro de organizaciones sin \u00e1nimo de lucro. En 2022,\u00a0<a href=\"https:\/\/www.amnesty.org\/en\/latest\/news\/2022\/03\/mexico-shelve-regressive-bill-to-curb-civil-society-groups\/\" target=\"_blank\" rel=\"noopener noreferrer\"><u>M\u00e9xico tambi\u00e9n consider\u00f3 una ley que restringir\u00eda a la sociedad civil<\/u><\/a>.<\/p>\n<h3 id=\"ead9037851c8fa1d8b22d8c51643a74db\" dir=\"ltr\">Retrocesos democr\u00e1ticos m\u00e1s amplios<\/h3>\n<p dir=\"ltr\">Este tipo de leyes a menudo buscan dar una apariencia de legalidad a medidas que, en realidad, pretenden restringir la democracia y la participaci\u00f3n de la sociedad civil, dijo Artur Romeu, de RSF. \u00c9ste a\u00f1adi\u00f3 que el impacto de la legislaci\u00f3n restrictiva sobre el espacio c\u00edvico y el periodismo no puede considerarse de forma aislada, sino que debe analizarse dentro de cada contexto nacional.<\/p>\n<p dir=\"ltr\">\u201cPara entender d\u00f3nde estas leyes son m\u00e1s peligrosas y d\u00f3nde lo son menos, tenemos que mirar el conjunto. No s\u00f3lo su existencia aislada como herramienta de control, sino como parte de una estructura mayor de deterioro del entorno democr\u00e1tico\u201d, dijo Romeu.<\/p>\n<p dir=\"ltr\">Los casos de mayor deterioro en la regi\u00f3n son Nicaragua, donde el r\u00e9gimen de Ortega y Murillo se parece cada vez m\u00e1s a una dictadura din\u00e1stica; Venezuela, donde Maduro controla todos los poderes con el apoyo de los militares; y El Salvador, donde Nayib Bukele tiene el control total del Legislativo.<\/p>\n<p dir=\"ltr\">\u201cEn estos casos, las leyes son s\u00edntomas de procesos avanzados de deterioro democr\u00e1tico. Son situaciones de total hermetismo y cierre absoluto de todo tipo de espacios de participaci\u00f3n de la sociedad civil, incluida la Iglesia\u201d, dijo Romeu.<\/p>\n<p dir=\"ltr\">En otras situaciones, sin embargo, las leyes pueden ser iniciativas de grupos minoritarios dentro del Congreso, a\u00f1adi\u00f3 Romeu. En estos casos, los proyectos pueden acabar aprob\u00e1ndose y convirti\u00e9ndose en leyes sobre el papel, pero sin supervisi\u00f3n en la pr\u00e1ctica. Terminan siendo menos da\u00f1inos en la pr\u00e1ctica, pues sirven para alimentar teor\u00edas conspirativas de ciertos grupos pol\u00edticos, como la narrativa de que impiden el \u201cglobalismo\u201d.<\/p>\n<p dir=\"ltr\">\u201cEsto responde a las demandas de un electorado, pero tiene poco impacto\u201d, dijo Romeu.<\/p>\n<h3 id=\"e4970bee17be83126012d91ebda622fb2\" dir=\"ltr\">Los argumentos detr\u00e1s de las leyes<\/h3>\n<p dir=\"ltr\">En Am\u00e9rica Latina hay una tendencia a reducir los espacios c\u00edvicos y las libertades de expresi\u00f3n y prensa, independientemente del lugar que ocupen los gobernantes en el espectro pol\u00edtico, ya sea de izquierda o de derecha, dijo Carlos C\u00e1rdenas Angel, gerente regional de la ONG sueca ForumCiv.<\/p>\n<p dir=\"ltr\">\u201cCreo que lo que se hace transversalmente desafortunadamente es la reducci\u00f3n de los espacios c\u00edvicos independientemente del espectro en el cual se mueve la instancia de poder vigente en determinado momento\", dijo a\u00a0<strong>LJR<\/strong>.<\/p>\n<p dir=\"ltr\">Quienes est\u00e1n a favor de las leyes generalmente argumentan que est\u00e1n actuando en defensa de la soberan\u00eda nacional o en la protecci\u00f3n del pa\u00eds contra la corrupci\u00f3n, dijo Armando Chaguaceda, profesor de ciencia pol\u00edtica en el Colegio de Veracruz e investigador de la ONG Gobierno Y An\u00e1lisis Pol\u00edtico AC, ambos en Ciudad de M\u00e9xico.<\/p>\n<p dir=\"ltr\">\u201cTodas estas leyes, en mayor o menor medida, est\u00e1n basadas en el argumento de que estas ONGs o estas organizaciones sociales se han convertido en espacios de lavado de dinero o en espacios de influencia extranjera en los sistemas pol\u00edticos, y por tanto, hay que restringir esto\u201d, dijo Chaguaceda a\u00a0<strong>LJR<\/strong>.<\/p>\n<p dir=\"ltr\">En general, las leyes restringen tres \u00e1reas principales: el acceso a la financiaci\u00f3n, la capacidad organizativa y la incidencia pol\u00edtica, explic\u00f3 Chaguaceda. Hay una circulaci\u00f3n de pr\u00e1cticas autoritarias, con gobiernos que aprenden unos de otros c\u00f3mo controlar a la prensa y a la sociedad civil, dijo.<\/p>\n<p dir=\"ltr\">El investigador se\u00f1ala varias influencias en este tipo de legislaciones: en primer lugar, Rusia, pa\u00eds que\u00a0<a href=\"https:\/\/en.wikipedia.org\/wiki\/Russian_foreign_agent_law\" target=\"_blank\" rel=\"noopener noreferrer\"><u>adopt\u00f3 una ley sobre agentes extranjeros en 2012<\/u><\/a> y tiene\u00a0<a href=\"https:\/\/www.fidh.org\/en\/region\/europe-central-asia\/russia\/fidh-documents-the-destruction-of-civil-society-in-russia-law-after\" target=\"_blank\" rel=\"noopener noreferrer\"><u>decenas de leyes contra la sociedad civil<\/u><\/a>; pero tambi\u00e9n en Cuba, en los casos de los gobiernos de izquierda de Nicaragua y Venezuela, y en Hungr\u00eda, con el premier conservador Viktor Orb\u00e1n.<\/p>\n<p dir=\"ltr\">Una diferencia crucial separa las leyes de iniciativas leg\u00edtimas para regular el tercer sector e inhibir amenazas a la soberan\u00eda nacional: los gobiernos y partidos que promueven las leyes no act\u00faan preocupados por fortalecer la pluralidad inherente a la democracia, sino que buscan avanzar en una visi\u00f3n \u00fanica de la sociedad, dijo Chaguaceda.<\/p>\n<p dir=\"ltr\">\u201cEn un r\u00e9gimen democr\u00e1tico, el Estado y el Gobierno se pueden y se deben proteger de, por ejemplo, acciones de desinformaci\u00f3n o de la influencia de reg\u00edmenes autoritarios que en su propio pa\u00eds proscriben la autonom\u00eda de la sociedad civil\u201d, dijo el investigador. \u201cEn cambio, un r\u00e9gimen autoritario proh\u00edbe todo, porque todo lo que es aut\u00f3nomo o distinto en general le es adverso\u201d.<\/p>\n<p dir=\"ltr\">Romeu, de RSF, dijo que \u201ces muy simple\u201d darse cuenta de que, en el caso de estas leyes, la visi\u00f3n estrat\u00e9gica avanzada \u201cno se da como un intento leg\u00edtimo del Estado de preservar el pluralismo, la diversidad y la soberan\u00eda del espacio de comunicaci\u00f3n\u201d.<\/p>\n<p dir=\"ltr\">Si quieren avanzar en estas agendas, los gobiernos no deben inhibir la financiaci\u00f3n de los actores de la sociedad civil, sino m\u00e1s bien fomentar la promoci\u00f3n del pluralismo a trav\u00e9s de avisos p\u00fablicos y buscar formas de fortalecer el periodismo local, dijo.<\/p>\n<p dir=\"ltr\">\u201cEsto incluye crear mecanismos de regulaci\u00f3n que fortalezcan la expresi\u00f3n nacional y regionalizada dentro de un \u00f3rgano nacional, garantizando la discusi\u00f3n sobre la representaci\u00f3n simb\u00f3lica del pa\u00eds\u201d, dijo Romeu. \u201cSi un gobierno quiere hablar seriamente de esto, hay mucho que discutir antes de pensar en cerrar el espacio p\u00fablico\u201d.<\/p>\n","protected":false},"excerpt":{"rendered":"<p>Legisladores de izquierda y derecha est\u00e1n elaborando leyes de \u201cagentes extranjeros\u201d para, seg\u00fan dicen, proteger la soberan\u00eda nacional. Pero estas leyes tambi\u00e9n amenazan a los medios de comunicaci\u00f3n independientes que dependen de la financiaci\u00f3n internacional.<\/p>\n","protected":false},"author":63,"featured_media":92184,"comment_status":"closed","ping_status":"closed","sticky":false,"template":"","format":"standard","meta":{"inline_featured_image":false,"footnotes":""},"categories":[1220],"tags":[1444,1459,1497,1501,1505,1405],"coauthors":[2740],"class_list":["post-92207","post","type-post","status-publish","format-standard","has-post-thumbnail","hentry","category-libertad-de-prensa-es","tag-el-salvador-es","tag-guatemala-es","tag-nicaragua-es","tag-paraguay-es","tag-peru-es","tag-venezuela-es-2"],"acf":[],"yoast_head":"<!-- This site is optimized with the Yoast SEO Premium plugin v22.6 (Yoast SEO v27.4) - https:\/\/yoast.com\/product\/yoast-seo-premium-wordpress\/ -->\n<title>Gobiernos de Am\u00e9rica Latina asfixian el periodismo independiente con el aumento de control sobre las ONGs - LatAm Journalism Review<\/title>\n<meta name=\"description\" content=\"Gobiernos de Am\u00e9rica Latina asfixian el periodismo independiente con el aumento de control sobre las ONGs . Latin American Journalism Review by The Knight Center at The University of Texas at Austin.\" \/>\n<meta name=\"robots\" content=\"index, follow, max-snippet:-1, max-image-preview:large, max-video-preview:-1\" \/>\n<link rel=\"canonical\" href=\"https:\/\/latamjournalismreview.org\/es\/articles\/gobiernos-de-america-latina-asfixian-el-periodismo-independiente-con-el-aumento-de-control-sobre-las-ongs\/\" \/>\n<meta property=\"og:locale\" content=\"es_ES\" \/>\n<meta property=\"og:type\" content=\"article\" \/>\n<meta property=\"og:title\" content=\"Gobiernos de Am\u00e9rica Latina asfixian el periodismo independiente con el aumento de control sobre las ONGs\" \/>\n<meta property=\"og:description\" content=\"Gobiernos de Am\u00e9rica Latina asfixian el periodismo independiente con el aumento de control sobre las ONGs . Latin American Journalism Review by The Knight Center at The University of Texas at Austin.\" \/>\n<meta property=\"og:url\" content=\"https:\/\/latamjournalismreview.org\/es\/articles\/gobiernos-de-america-latina-asfixian-el-periodismo-independiente-con-el-aumento-de-control-sobre-las-ongs\/\" \/>\n<meta property=\"og:site_name\" content=\"LatAm Journalism Review\" \/>\n<meta property=\"article:published_time\" content=\"2024-10-16T18:14:52+00:00\" \/>\n<meta property=\"og:image\" content=\"https:\/\/latamjournalismreview.org\/wp-content\/uploads\/2024\/10\/Featured-Civil-Society-4.png\" \/>\n\t<meta property=\"og:image:width\" content=\"507\" \/>\n\t<meta property=\"og:image:height\" content=\"340\" \/>\n\t<meta property=\"og:image:type\" content=\"image\/png\" \/>\n<meta name=\"author\" content=\"Andr\u00e9 Duchiade\" \/>\n<meta name=\"twitter:card\" content=\"summary_large_image\" \/>\n<meta name=\"twitter:creator\" content=\"@duchiadeandre\" \/>\n<meta name=\"twitter:site\" content=\"@LatAmJournalism\" \/>\n<meta name=\"twitter:label1\" content=\"Written by\" \/>\n\t<meta name=\"twitter:data1\" content=\"Andr\u00e9 Duchiade\" \/>\n\t<meta name=\"twitter:label2\" content=\"Est. reading time\" \/>\n\t<meta name=\"twitter:data2\" content=\"9 minutos\" \/>\n<script type=\"application\/ld+json\" class=\"yoast-schema-graph\">{\"@context\":\"https:\\\/\\\/schema.org\",\"@graph\":[{\"@type\":\"Article\",\"@id\":\"https:\\\/\\\/latamjournalismreview.org\\\/es\\\/articles\\\/gobiernos-de-america-latina-asfixian-el-periodismo-independiente-con-el-aumento-de-control-sobre-las-ongs\\\/#article\",\"isPartOf\":{\"@id\":\"https:\\\/\\\/latamjournalismreview.org\\\/es\\\/articles\\\/gobiernos-de-america-latina-asfixian-el-periodismo-independiente-con-el-aumento-de-control-sobre-las-ongs\\\/\"},\"author\":{\"name\":\"Andr\u00e9 Duchiade\",\"@id\":\"https:\\\/\\\/latamjournalismreview.org\\\/es\\\/#\\\/schema\\\/person\\\/4a1fa2e1f971d8470c7b9fc6fe72468b\"},\"headline\":\"Gobiernos de Am\u00e9rica Latina asfixian el periodismo independiente con el aumento de control sobre las ONGs\",\"datePublished\":\"2024-10-16T18:14:52+00:00\",\"mainEntityOfPage\":{\"@id\":\"https:\\\/\\\/latamjournalismreview.org\\\/es\\\/articles\\\/gobiernos-de-america-latina-asfixian-el-periodismo-independiente-con-el-aumento-de-control-sobre-las-ongs\\\/\"},\"wordCount\":1919,\"publisher\":{\"@id\":\"https:\\\/\\\/latamjournalismreview.org\\\/es\\\/#organization\"},\"image\":{\"@id\":\"https:\\\/\\\/latamjournalismreview.org\\\/es\\\/articles\\\/gobiernos-de-america-latina-asfixian-el-periodismo-independiente-con-el-aumento-de-control-sobre-las-ongs\\\/#primaryimage\"},\"thumbnailUrl\":\"https:\\\/\\\/latamjournalismreview.org\\\/wp-content\\\/uploads\\\/2024\\\/10\\\/Featured-Civil-Society-4.png\",\"keywords\":[\"El Salvador\",\"Guatemala\",\"Nicaragua\",\"Paraguay\",\"Per\u00fa\",\"Venezuela\"],\"articleSection\":[\"Libertad de prensa\"],\"inLanguage\":\"es\"},{\"@type\":\"WebPage\",\"@id\":\"https:\\\/\\\/latamjournalismreview.org\\\/es\\\/articles\\\/gobiernos-de-america-latina-asfixian-el-periodismo-independiente-con-el-aumento-de-control-sobre-las-ongs\\\/\",\"url\":\"https:\\\/\\\/latamjournalismreview.org\\\/es\\\/articles\\\/gobiernos-de-america-latina-asfixian-el-periodismo-independiente-con-el-aumento-de-control-sobre-las-ongs\\\/\",\"name\":\"Gobiernos de Am\u00e9rica Latina asfixian el periodismo independiente con el aumento de control sobre las ONGs - LatAm Journalism Review\",\"isPartOf\":{\"@id\":\"https:\\\/\\\/latamjournalismreview.org\\\/es\\\/#website\"},\"primaryImageOfPage\":{\"@id\":\"https:\\\/\\\/latamjournalismreview.org\\\/es\\\/articles\\\/gobiernos-de-america-latina-asfixian-el-periodismo-independiente-con-el-aumento-de-control-sobre-las-ongs\\\/#primaryimage\"},\"image\":{\"@id\":\"https:\\\/\\\/latamjournalismreview.org\\\/es\\\/articles\\\/gobiernos-de-america-latina-asfixian-el-periodismo-independiente-con-el-aumento-de-control-sobre-las-ongs\\\/#primaryimage\"},\"thumbnailUrl\":\"https:\\\/\\\/latamjournalismreview.org\\\/wp-content\\\/uploads\\\/2024\\\/10\\\/Featured-Civil-Society-4.png\",\"datePublished\":\"2024-10-16T18:14:52+00:00\",\"description\":\"Gobiernos de Am\u00e9rica Latina asfixian el periodismo independiente con el aumento de control sobre las ONGs . Latin American Journalism Review by The Knight Center at The University of Texas at Austin.\",\"breadcrumb\":{\"@id\":\"https:\\\/\\\/latamjournalismreview.org\\\/es\\\/articles\\\/gobiernos-de-america-latina-asfixian-el-periodismo-independiente-con-el-aumento-de-control-sobre-las-ongs\\\/#breadcrumb\"},\"inLanguage\":\"es\",\"potentialAction\":[{\"@type\":\"ReadAction\",\"target\":[\"https:\\\/\\\/latamjournalismreview.org\\\/es\\\/articles\\\/gobiernos-de-america-latina-asfixian-el-periodismo-independiente-con-el-aumento-de-control-sobre-las-ongs\\\/\"]}]},{\"@type\":\"ImageObject\",\"inLanguage\":\"es\",\"@id\":\"https:\\\/\\\/latamjournalismreview.org\\\/es\\\/articles\\\/gobiernos-de-america-latina-asfixian-el-periodismo-independiente-con-el-aumento-de-control-sobre-las-ongs\\\/#primaryimage\",\"url\":\"https:\\\/\\\/latamjournalismreview.org\\\/wp-content\\\/uploads\\\/2024\\\/10\\\/Featured-Civil-Society-4.png\",\"contentUrl\":\"https:\\\/\\\/latamjournalismreview.org\\\/wp-content\\\/uploads\\\/2024\\\/10\\\/Featured-Civil-Society-4.png\",\"width\":507,\"height\":340,\"caption\":\"A collage featuring five political figures from Latin America: President Daniel Ortega of Nicaragua, President Nayib Bukele of El Salvador, President Nicol\u00e1s Maduro of Venezuela.\"},{\"@type\":\"BreadcrumbList\",\"@id\":\"https:\\\/\\\/latamjournalismreview.org\\\/es\\\/articles\\\/gobiernos-de-america-latina-asfixian-el-periodismo-independiente-con-el-aumento-de-control-sobre-las-ongs\\\/#breadcrumb\",\"itemListElement\":[{\"@type\":\"ListItem\",\"position\":1,\"name\":\"Home\",\"item\":\"https:\\\/\\\/latamjournalismreview.org\\\/es\\\/\"},{\"@type\":\"ListItem\",\"position\":2,\"name\":\"Gobiernos de Am\u00e9rica Latina asfixian el periodismo independiente con el aumento de control sobre las ONGs\"}]},{\"@type\":\"WebSite\",\"@id\":\"https:\\\/\\\/latamjournalismreview.org\\\/es\\\/#website\",\"url\":\"https:\\\/\\\/latamjournalismreview.org\\\/es\\\/\",\"name\":\"LatAm Journalism Review\",\"description\":\"Knight Center at The University of Texas\",\"publisher\":{\"@id\":\"https:\\\/\\\/latamjournalismreview.org\\\/es\\\/#organization\"},\"potentialAction\":[{\"@type\":\"SearchAction\",\"target\":{\"@type\":\"EntryPoint\",\"urlTemplate\":\"https:\\\/\\\/latamjournalismreview.org\\\/es\\\/?s={search_term_string}\"},\"query-input\":{\"@type\":\"PropertyValueSpecification\",\"valueRequired\":true,\"valueName\":\"search_term_string\"}}],\"inLanguage\":\"es\"},{\"@type\":\"Organization\",\"@id\":\"https:\\\/\\\/latamjournalismreview.org\\\/es\\\/#organization\",\"name\":\"LatAm Journalism Review\",\"url\":\"https:\\\/\\\/latamjournalismreview.org\\\/es\\\/\",\"logo\":{\"@type\":\"ImageObject\",\"inLanguage\":\"es\",\"@id\":\"https:\\\/\\\/latamjournalismreview.org\\\/es\\\/#\\\/schema\\\/logo\\\/image\\\/\",\"url\":\"https:\\\/\\\/latamjournalismreview.org\\\/wp-content\\\/uploads\\\/2020\\\/05\\\/knight-latAm-review-logo.svg\",\"contentUrl\":\"https:\\\/\\\/latamjournalismreview.org\\\/wp-content\\\/uploads\\\/2020\\\/05\\\/knight-latAm-review-logo.svg\",\"width\":\"1024\",\"height\":\"1024\",\"caption\":\"LatAm Journalism Review\"},\"image\":{\"@id\":\"https:\\\/\\\/latamjournalismreview.org\\\/es\\\/#\\\/schema\\\/logo\\\/image\\\/\"},\"sameAs\":[\"https:\\\/\\\/x.com\\\/LatAmJournalism\"]},{\"@type\":\"Person\",\"@id\":\"https:\\\/\\\/latamjournalismreview.org\\\/es\\\/#\\\/schema\\\/person\\\/4a1fa2e1f971d8470c7b9fc6fe72468b\",\"name\":\"Andr\u00e9 Duchiade\",\"description\":\"Andr\u00e9 Duchiade is a Brazilian journalist and translator based in Rio de Janeiro. Andr\u00e9 worked on the international politics desk at O Globo from 2018 to February 2023, and his stories have been published at The Scientific American, The Intercept, \u00c9poca, and Ag\u00eancia P\u00fablica de Jornalismo, among others. He is also a former Media Fellow at the Global Public Policy Institute (GPPi) in Berlin. Andr\u00e9 Duchiade es un periodista y traductor brasile\u00f1o que vive en R\u00edo de Janeiro. Andr\u00e9 trabaj\u00f3 en la redacci\u00f3n de pol\u00edtica internacional de O Globo entre 2018 y febrero de 2023, y se han publicado historias suyas en The Scientific American, The Intercept, \u00c9poca y Ag\u00eancia P\u00fablica de Jornalismo, entre otros. Tambi\u00e9n fue Media Fellow en el Global Public Policy Institute (GPPi) de Berl\u00edn. Andr\u00e9 Duchiade \u00e9 um jornalista e tradutor brasileiro que mora no Rio de Janeiro. Andr\u00e9 trabalhou como rep\u00f3rter na editoria de pol\u00edtica internacional de O Globo entre 2018 e fevereiro de 2023, e suas mat\u00e9ria foram publicadas em The Scientific American, The Intercept, \u00c9poca, Jornal do Brasil e Ag\u00eancia P\u00fablica de Jornalismo, entre outros. Ele tamb\u00e9m foi fellow de m\u00eddia no Global Public Policy Institute (GPPi) em Berlim em 2020 e 2021.\",\"sameAs\":[\"https:\\\/\\\/x.com\\\/duchiadeandre\"],\"url\":\"https:\\\/\\\/latamjournalismreview.org\\\/es\\\/articles\\\/author\\\/andre-duchiade\\\/\"}]}<\/script>\n<!-- \/ Yoast SEO Premium plugin. -->","yoast_head_json":{"title":"Gobiernos de Am\u00e9rica Latina asfixian el periodismo independiente con el aumento de control sobre las ONGs - LatAm Journalism Review","description":"Gobiernos de Am\u00e9rica Latina asfixian el periodismo independiente con el aumento de control sobre las ONGs . Latin American Journalism Review by The Knight Center at The University of Texas at Austin.","robots":{"index":"index","follow":"follow","max-snippet":"max-snippet:-1","max-image-preview":"max-image-preview:large","max-video-preview":"max-video-preview:-1"},"canonical":"https:\/\/latamjournalismreview.org\/es\/articles\/gobiernos-de-america-latina-asfixian-el-periodismo-independiente-con-el-aumento-de-control-sobre-las-ongs\/","og_locale":"es_ES","og_type":"article","og_title":"Gobiernos de Am\u00e9rica Latina asfixian el periodismo independiente con el aumento de control sobre las ONGs","og_description":"Gobiernos de Am\u00e9rica Latina asfixian el periodismo independiente con el aumento de control sobre las ONGs . Latin American Journalism Review by The Knight Center at The University of Texas at Austin.","og_url":"https:\/\/latamjournalismreview.org\/es\/articles\/gobiernos-de-america-latina-asfixian-el-periodismo-independiente-con-el-aumento-de-control-sobre-las-ongs\/","og_site_name":"LatAm Journalism Review","article_published_time":"2024-10-16T18:14:52+00:00","og_image":[{"width":507,"height":340,"url":"https:\/\/latamjournalismreview.org\/wp-content\/uploads\/2024\/10\/Featured-Civil-Society-4.png","type":"image\/png"}],"author":"Andr\u00e9 Duchiade","twitter_card":"summary_large_image","twitter_creator":"@duchiadeandre","twitter_site":"@LatAmJournalism","twitter_misc":{"Written by":"Andr\u00e9 Duchiade","Est. reading time":"9 minutos"},"schema":{"@context":"https:\/\/schema.org","@graph":[{"@type":"Article","@id":"https:\/\/latamjournalismreview.org\/es\/articles\/gobiernos-de-america-latina-asfixian-el-periodismo-independiente-con-el-aumento-de-control-sobre-las-ongs\/#article","isPartOf":{"@id":"https:\/\/latamjournalismreview.org\/es\/articles\/gobiernos-de-america-latina-asfixian-el-periodismo-independiente-con-el-aumento-de-control-sobre-las-ongs\/"},"author":{"name":"Andr\u00e9 Duchiade","@id":"https:\/\/latamjournalismreview.org\/es\/#\/schema\/person\/4a1fa2e1f971d8470c7b9fc6fe72468b"},"headline":"Gobiernos de Am\u00e9rica Latina asfixian el periodismo independiente con el aumento de control sobre las ONGs","datePublished":"2024-10-16T18:14:52+00:00","mainEntityOfPage":{"@id":"https:\/\/latamjournalismreview.org\/es\/articles\/gobiernos-de-america-latina-asfixian-el-periodismo-independiente-con-el-aumento-de-control-sobre-las-ongs\/"},"wordCount":1919,"publisher":{"@id":"https:\/\/latamjournalismreview.org\/es\/#organization"},"image":{"@id":"https:\/\/latamjournalismreview.org\/es\/articles\/gobiernos-de-america-latina-asfixian-el-periodismo-independiente-con-el-aumento-de-control-sobre-las-ongs\/#primaryimage"},"thumbnailUrl":"https:\/\/latamjournalismreview.org\/wp-content\/uploads\/2024\/10\/Featured-Civil-Society-4.png","keywords":["El Salvador","Guatemala","Nicaragua","Paraguay","Per\u00fa","Venezuela"],"articleSection":["Libertad de prensa"],"inLanguage":"es"},{"@type":"WebPage","@id":"https:\/\/latamjournalismreview.org\/es\/articles\/gobiernos-de-america-latina-asfixian-el-periodismo-independiente-con-el-aumento-de-control-sobre-las-ongs\/","url":"https:\/\/latamjournalismreview.org\/es\/articles\/gobiernos-de-america-latina-asfixian-el-periodismo-independiente-con-el-aumento-de-control-sobre-las-ongs\/","name":"Gobiernos de Am\u00e9rica Latina asfixian el periodismo independiente con el aumento de control sobre las ONGs - LatAm Journalism Review","isPartOf":{"@id":"https:\/\/latamjournalismreview.org\/es\/#website"},"primaryImageOfPage":{"@id":"https:\/\/latamjournalismreview.org\/es\/articles\/gobiernos-de-america-latina-asfixian-el-periodismo-independiente-con-el-aumento-de-control-sobre-las-ongs\/#primaryimage"},"image":{"@id":"https:\/\/latamjournalismreview.org\/es\/articles\/gobiernos-de-america-latina-asfixian-el-periodismo-independiente-con-el-aumento-de-control-sobre-las-ongs\/#primaryimage"},"thumbnailUrl":"https:\/\/latamjournalismreview.org\/wp-content\/uploads\/2024\/10\/Featured-Civil-Society-4.png","datePublished":"2024-10-16T18:14:52+00:00","description":"Gobiernos de Am\u00e9rica Latina asfixian el periodismo independiente con el aumento de control sobre las ONGs . Latin American Journalism Review by The Knight Center at The University of Texas at Austin.","breadcrumb":{"@id":"https:\/\/latamjournalismreview.org\/es\/articles\/gobiernos-de-america-latina-asfixian-el-periodismo-independiente-con-el-aumento-de-control-sobre-las-ongs\/#breadcrumb"},"inLanguage":"es","potentialAction":[{"@type":"ReadAction","target":["https:\/\/latamjournalismreview.org\/es\/articles\/gobiernos-de-america-latina-asfixian-el-periodismo-independiente-con-el-aumento-de-control-sobre-las-ongs\/"]}]},{"@type":"ImageObject","inLanguage":"es","@id":"https:\/\/latamjournalismreview.org\/es\/articles\/gobiernos-de-america-latina-asfixian-el-periodismo-independiente-con-el-aumento-de-control-sobre-las-ongs\/#primaryimage","url":"https:\/\/latamjournalismreview.org\/wp-content\/uploads\/2024\/10\/Featured-Civil-Society-4.png","contentUrl":"https:\/\/latamjournalismreview.org\/wp-content\/uploads\/2024\/10\/Featured-Civil-Society-4.png","width":507,"height":340,"caption":"A collage featuring five political figures from Latin America: President Daniel Ortega of Nicaragua, President Nayib Bukele of El Salvador, President Nicol\u00e1s Maduro of Venezuela."},{"@type":"BreadcrumbList","@id":"https:\/\/latamjournalismreview.org\/es\/articles\/gobiernos-de-america-latina-asfixian-el-periodismo-independiente-con-el-aumento-de-control-sobre-las-ongs\/#breadcrumb","itemListElement":[{"@type":"ListItem","position":1,"name":"Home","item":"https:\/\/latamjournalismreview.org\/es\/"},{"@type":"ListItem","position":2,"name":"Gobiernos de Am\u00e9rica Latina asfixian el periodismo independiente con el aumento de control sobre las ONGs"}]},{"@type":"WebSite","@id":"https:\/\/latamjournalismreview.org\/es\/#website","url":"https:\/\/latamjournalismreview.org\/es\/","name":"LatAm Journalism Review","description":"Knight Center at The University of Texas","publisher":{"@id":"https:\/\/latamjournalismreview.org\/es\/#organization"},"potentialAction":[{"@type":"SearchAction","target":{"@type":"EntryPoint","urlTemplate":"https:\/\/latamjournalismreview.org\/es\/?s={search_term_string}"},"query-input":{"@type":"PropertyValueSpecification","valueRequired":true,"valueName":"search_term_string"}}],"inLanguage":"es"},{"@type":"Organization","@id":"https:\/\/latamjournalismreview.org\/es\/#organization","name":"LatAm Journalism Review","url":"https:\/\/latamjournalismreview.org\/es\/","logo":{"@type":"ImageObject","inLanguage":"es","@id":"https:\/\/latamjournalismreview.org\/es\/#\/schema\/logo\/image\/","url":"https:\/\/latamjournalismreview.org\/wp-content\/uploads\/2020\/05\/knight-latAm-review-logo.svg","contentUrl":"https:\/\/latamjournalismreview.org\/wp-content\/uploads\/2020\/05\/knight-latAm-review-logo.svg","width":"1024","height":"1024","caption":"LatAm Journalism Review"},"image":{"@id":"https:\/\/latamjournalismreview.org\/es\/#\/schema\/logo\/image\/"},"sameAs":["https:\/\/x.com\/LatAmJournalism"]},{"@type":"Person","@id":"https:\/\/latamjournalismreview.org\/es\/#\/schema\/person\/4a1fa2e1f971d8470c7b9fc6fe72468b","name":"Andr\u00e9 Duchiade","description":"Andr\u00e9 Duchiade is a Brazilian journalist and translator based in Rio de Janeiro. Andr\u00e9 worked on the international politics desk at O Globo from 2018 to February 2023, and his stories have been published at The Scientific American, The Intercept, \u00c9poca, and Ag\u00eancia P\u00fablica de Jornalismo, among others. He is also a former Media Fellow at the Global Public Policy Institute (GPPi) in Berlin. Andr\u00e9 Duchiade es un periodista y traductor brasile\u00f1o que vive en R\u00edo de Janeiro. Andr\u00e9 trabaj\u00f3 en la redacci\u00f3n de pol\u00edtica internacional de O Globo entre 2018 y febrero de 2023, y se han publicado historias suyas en The Scientific American, The Intercept, \u00c9poca y Ag\u00eancia P\u00fablica de Jornalismo, entre otros. Tambi\u00e9n fue Media Fellow en el Global Public Policy Institute (GPPi) de Berl\u00edn. Andr\u00e9 Duchiade \u00e9 um jornalista e tradutor brasileiro que mora no Rio de Janeiro. Andr\u00e9 trabalhou como rep\u00f3rter na editoria de pol\u00edtica internacional de O Globo entre 2018 e fevereiro de 2023, e suas mat\u00e9ria foram publicadas em The Scientific American, The Intercept, \u00c9poca, Jornal do Brasil e Ag\u00eancia P\u00fablica de Jornalismo, entre outros. Ele tamb\u00e9m foi fellow de m\u00eddia no Global Public Policy Institute (GPPi) em Berlim em 2020 e 2021.","sameAs":["https:\/\/x.com\/duchiadeandre"],"url":"https:\/\/latamjournalismreview.org\/es\/articles\/author\/andre-duchiade\/"}]}},"_links":{"self":[{"href":"https:\/\/latamjournalismreview.org\/es\/wp-json\/wp\/v2\/posts\/92207","targetHints":{"allow":["GET"]}}],"collection":[{"href":"https:\/\/latamjournalismreview.org\/es\/wp-json\/wp\/v2\/posts"}],"about":[{"href":"https:\/\/latamjournalismreview.org\/es\/wp-json\/wp\/v2\/types\/post"}],"author":[{"embeddable":true,"href":"https:\/\/latamjournalismreview.org\/es\/wp-json\/wp\/v2\/users\/63"}],"replies":[{"embeddable":true,"href":"https:\/\/latamjournalismreview.org\/es\/wp-json\/wp\/v2\/comments?post=92207"}],"version-history":[{"count":1,"href":"https:\/\/latamjournalismreview.org\/es\/wp-json\/wp\/v2\/posts\/92207\/revisions"}],"predecessor-version":[{"id":92208,"href":"https:\/\/latamjournalismreview.org\/es\/wp-json\/wp\/v2\/posts\/92207\/revisions\/92208"}],"wp:featuredmedia":[{"embeddable":true,"href":"https:\/\/latamjournalismreview.org\/es\/wp-json\/wp\/v2\/media\/92184"}],"wp:attachment":[{"href":"https:\/\/latamjournalismreview.org\/es\/wp-json\/wp\/v2\/media?parent=92207"}],"wp:term":[{"taxonomy":"category","embeddable":true,"href":"https:\/\/latamjournalismreview.org\/es\/wp-json\/wp\/v2\/categories?post=92207"},{"taxonomy":"post_tag","embeddable":true,"href":"https:\/\/latamjournalismreview.org\/es\/wp-json\/wp\/v2\/tags?post=92207"},{"taxonomy":"author","embeddable":true,"href":"https:\/\/latamjournalismreview.org\/es\/wp-json\/wp\/v2\/coauthors?post=92207"}],"curies":[{"name":"wp","href":"https:\/\/api.w.org\/{rel}","templated":true}]}}