{"id":92267,"date":"2024-10-17T11:11:20","date_gmt":"2024-10-17T16:11:20","guid":{"rendered":"https:\/\/latamjournalismreview.org\/?p=92267"},"modified":"2024-10-17T11:11:20","modified_gmt":"2024-10-17T16:11:20","slug":"como-cubrir-mejor-la-migracion-periodistas-de-america-latina-comparten-estrategias-y-experiencias","status":"publish","type":"post","link":"https:\/\/latamjournalismreview.org\/es\/articles\/como-cubrir-mejor-la-migracion-periodistas-de-america-latina-comparten-estrategias-y-experiencias\/","title":{"rendered":"\u00bfC\u00f3mo cubrir mejor la migraci\u00f3n? Periodistas de Am\u00e9rica Latina comparten estrategias y experiencias"},"content":{"rendered":"<p dir=\"ltr\">El periodismo colaborativo, miradas feministas, redacciones diversas y apoyo de periodistas locales son pr\u00e1cticas que pueden contribuir a mejores coberturas sobre la migraci\u00f3n, de acuerdo con periodistas de Am\u00e9rica Latina y Espa\u00f1a que participaron en el 7\u00b0 Congreso de Periodismo de Migraciones, celebrado la semana pasada en la ciudad de M\u00e9rida, Espa\u00f1a.<\/p>\n<p dir=\"ltr\">Periodistas del mundo de habla hispana formaron parte de paneles y charlas en los que compartieron experiencias y mejores pr\u00e1cticas en torno a la cobertura period\u00edstica sobre migraciones.<\/p>\n<p dir=\"ltr\">La periodista mexicana Roc\u00edo Gallegos, directora del medio digital de periodismo de investigaci\u00f3n La Verdad, de Ciudad Ju\u00e1rez, M\u00e9xico, habl\u00f3 de la importancia de las colaboraciones y alianzas para mejorar la cobertura de hechos relacionados con la migraci\u00f3n.<\/p>\n<div id=\"attachment_92261\" style=\"width: 260px\" class=\"wp-caption alignleft\"><img loading=\"lazy\" decoding=\"async\" aria-describedby=\"caption-attachment-92261\" class=\"wp-image-92261 \" src=\"https:\/\/latamjournalismreview.org\/wp-content\/uploads\/2024\/10\/Congreso-de-Merida-porCausa.png\" alt=\"Poster of the 2024 Migration Journalism Congress.\" width=\"250\" height=\"401\" srcset=\"https:\/\/latamjournalismreview.org\/wp-content\/uploads\/2024\/10\/Congreso-de-Merida-porCausa.png 818w, https:\/\/latamjournalismreview.org\/wp-content\/uploads\/2024\/10\/Congreso-de-Merida-porCausa-187x300.png 187w, https:\/\/latamjournalismreview.org\/wp-content\/uploads\/2024\/10\/Congreso-de-Merida-porCausa-639x1024.png 639w, https:\/\/latamjournalismreview.org\/wp-content\/uploads\/2024\/10\/Congreso-de-Merida-porCausa-768x1230.png 768w\" sizes=\"auto, (max-width: 250px) 100vw, 250px\" \/><p id=\"caption-attachment-92261\" class=\"wp-caption-text\">El Congreso de Periodismo sobre Migraciones 2024 se celebr\u00f3 la semana pasada en M\u00e9rida, Espa\u00f1a. (Foto: Captura de pantalla del sitio web de porCausa)<\/p><\/div>\n<p dir=\"ltr\">Gallegos explic\u00f3 c\u00f3mo las alianzas colaborativas que hizo La Verdad con el medio El Paso Matters, de El Paso, Texas; y con la agencia de apoyo al periodismo de investigaci\u00f3n colaborativo Lighthouse Reports, de Pa\u00edses Bajos, hizo posible producir una investigaci\u00f3n forense que tuvo alcances que un solo medio no hubiese logrado.<\/p>\n<p dir=\"ltr\">Se trata de\u00a0<a href=\"https:\/\/laverdadjuarez.com\/micrositios\/incendio-estancia-migratoria-ciudad-juarez\/\" target=\"_blank\" rel=\"noopener noreferrer\"><u>\u201cA ellos no les vamos a abrir\u2026 \u00bfQu\u00e9 pas\u00f3 la noche del incendio en la estancia migratoria en Ciudad Ju\u00e1rez?\u201d<\/u><\/a>, un reportaje multimedia que devel\u00f3 abusos y omisiones de autoridades en una estancia migratoria en la frontera entre M\u00e9xico y Estados Unidos, donde 40 migrantes no pudieron ponerse a salvo de un incendio y murieron.<\/p>\n<p dir=\"ltr\">\u201cTen\u00edamos claro que deb\u00edamos hacer una reconstrucci\u00f3n de ese momento para poder responder, pero tambi\u00e9n ten\u00edamos claro que La Verdad no lo pod\u00eda hacer solo\u201d, dijo Gallegos durante el panel \u201cEl reto de investigar con otras\u201d. \u201cBuscamos aliados con habilidades distintas a las nuestras que fueran complementarias y, sobre todo, con las posibilidades de compartir financiamiento\u201d.<\/p>\n<p dir=\"ltr\">La periodista dijo que, en esta colaboraci\u00f3n tripartita, su medio aport\u00f3 el conocimiento del caso y del territorio, las fuentes y los reporteros para realizar la investigaci\u00f3n. El Paso Matters, dijo, contribuy\u00f3 con su experiencia en coberturas migratorias y transfronterizas, mientras que Lighthouse Reports aport\u00f3 herramientas, tecnolog\u00eda y el financiamiento para realizar una reconstrucci\u00f3n forense.<\/p>\n<p dir=\"ltr\">Gracias a esta reconstrucci\u00f3n, el reportaje logr\u00f3 desmentir los relatos oficiales sobre el incendio y demostrar que las muertes de los 40 migrantes pudieron haberse evitado.<\/p>\n<p dir=\"ltr\">Gallego dijo que, para un medio peque\u00f1o e independiente como La Verdad, hacer periodismo colaborativo con organizaciones que no son medios de comunicaci\u00f3n permite trabajar con mayor libertad que la que se tendr\u00eda colaborando con un medio grande.<\/p>\n<p dir=\"ltr\">\u201cHemos tenido la experiencia de trabajar solamente con grandes medios, donde los medios son los que llegaban a decir \u2018esta es la visi\u00f3n, esto es lo que queremos\u2019\u201d, dijo. \u201cTrabajar con una organizaci\u00f3n que no es un medio, que m\u00e1s bien viene a impulsar la colaboraci\u00f3n, nos permiti\u00f3 hacerlo con m\u00e1s libertad, nos permiti\u00f3 tener una mesa para escucharnos entre iguales\u201d.<\/p>\n<p dir=\"ltr\">Incluir periodistas locales en los equipos colaborativos de reportajes de investigaci\u00f3n sobre migraci\u00f3n tambi\u00e9n es de mucho valor para sumar voces que de otra forma pasar\u00edan desapercibidas, dijo \u00c1ngela Cantador, periodista del Centro Latinoamericano de Investigaci\u00f3n Period\u00edstica (CLIP), en el mismo panel.<\/p>\n<p dir=\"ltr\">Cantador y Jes\u00fas Escudero, periodista espa\u00f1ol e investigador de datos del Consorcio Internacional de Periodistas de Investigaci\u00f3n (ICIJ, por sus siglas en ingl\u00e9s), presentaron el proyecto\u00a0<a href=\"https:\/\/www.elclip.org\/traileres-trampa-para-migrantes\/\" target=\"_blank\" rel=\"noopener noreferrer\"><u>\u201cTr\u00e1ileres, trampa para migrantes\u201d<\/u><\/a>, realizado por ambas organizaciones en alianza con Noticias Telemundo, la organizaci\u00f3n neerlandesa experta en periodismo con fuentes abiertas Bellingcat y los medios locales Pie de P\u00e1gina, Chiapas Paralelo, En un 2\u00d73 Tamaulipas, as\u00ed como Plaza P\u00fablica, de Guatemala; y Contracorriente, de Honduras.<\/p>\n<p dir=\"ltr\">La investigaci\u00f3n revel\u00f3 que el tr\u00e1fico de personas en camiones de carga con condiciones precarias y peligrosas desde Centroam\u00e9rica hasta Estados Unidos era m\u00e1s habitual de lo que se hab\u00eda documentado hasta el momento. Esto, a ra\u00edz de la muerte en 2023 de 53 migrantes que viajaban atrapados en un tr\u00e1iler hallado en San Antonio, Texas. Las organizaciones buscaban recabar testimonios de otros migrantes que hubiesen viajado en condiciones similares, por lo que supieron que deb\u00edan tener un enfoque transnacional, pero tambi\u00e9n indagar a\u00a0 nivel hiperlocal en los pa\u00edses de origen de la mayor\u00eda de los migrantes que cruzan el territorio mexicano.<\/p>\n<p dir=\"ltr\">\u201cLa importancia y lo que puede resultar de esta colaboraci\u00f3n es quiz\u00e1 encontrar esos relatos que a veces pasan desapercibidos, porque uno siempre tiende a ir a las voces que considera importantes, pero la verdad es que tambi\u00e9n hay muchas otras\u201d, dijo Cantador. \u201cCuando est\u00e1s trabajando con periodistas locales que conocen la zona y que tienen acceso a las comunidades y a ciertas fuentes, puedes ir a buscar esos relatos que tambi\u00e9n importan\u201d.<\/p>\n<div id=\"attachment_92246\" style=\"width: 410px\" class=\"wp-caption alignright\"><img loading=\"lazy\" decoding=\"async\" aria-describedby=\"caption-attachment-92246\" class=\"wp-image-92246 \" src=\"https:\/\/latamjournalismreview.org\/wp-content\/uploads\/2024\/10\/Marcela-Turati.png\" alt=\"Mexican Journalist Marcela Turati speaks at the 2024 Migration Journalism Congress.\" width=\"400\" height=\"268\" srcset=\"https:\/\/latamjournalismreview.org\/wp-content\/uploads\/2024\/10\/Marcela-Turati.png 507w, https:\/\/latamjournalismreview.org\/wp-content\/uploads\/2024\/10\/Marcela-Turati-300x201.png 300w, https:\/\/latamjournalismreview.org\/wp-content\/uploads\/2024\/10\/Marcela-Turati-350x234.png 350w\" sizes=\"auto, (max-width: 400px) 100vw, 400px\" \/><p id=\"caption-attachment-92246\" class=\"wp-caption-text\">La periodista mexicana Marcela Turati explic\u00f3 c\u00f3mo la formaci\u00f3n de colectivos pueden mejorar la cobertura de los temas migratorios. (Foto: Captura de pantalla del canal de YouTube de porCausa)<\/p><\/div>\n<p dir=\"ltr\">La periodista mexicana Marcela Turati dijo que su manera de realizar investigaciones de grandes dimensiones y largo tiempo de producci\u00f3n es mediante la formaci\u00f3n de colectivos de periodistas que investigan el mismo tema desde distintas vertientes.<\/p>\n<p dir=\"ltr\">Turati, autora del libro <a href=\"https:\/\/latamjournalismreview.org\/es\/articles\/la-prensa-en-mexico-tiene-el-gran-reto-de-aprender-a-contar-mejor-la-desaparicion-de-personas-dice-la-periodista-marcela-turati\/\" target=\"_blank\" rel=\"noopener\">\"San Fernando: \u00daltima Parada\"<\/a>, sobre asesinatos y desapariciones de migrantes en M\u00e9xico, fund\u00f3 el colectivo\u00a0<a href=\"https:\/\/adondevanlosdesaparecidos.org\/masde72-1-presentacion\/\" target=\"_blank\" rel=\"noopener noreferrer\"><u>M\u00e1sde72<\/u><\/a> con un grupo de colegas que tambi\u00e9n cubren desapariciones de personas. El objetivo era principalmente ayudarse entre s\u00ed en sus investigaciones y apoyarse en temas de seguridad.<\/p>\n<p dir=\"ltr\">\u201cEstas historias son caras, son de muy largo aliento. Yo las fui haciendo en colectivo porque no pod\u00eda hacerlo sola\u201d, dijo Turati en el panel \u201cDuelos incompletos: desaparecidos en la ruta migratoria\u201d. \u201cLo que hacemos en red es tratar de cuidarnos, porque el tema de la seguridad es muy importante. Tratamos de brindar monitoreo, aunque no nos conozcamos, aunque estemos en distintas partes del pa\u00eds\u201d.<\/p>\n<h3 id=\"ef1273716a9400d3f98a8fd8765bc7d49\" dir=\"ltr\">Mirada feminista de la migraci\u00f3n<\/h3>\n<p dir=\"ltr\">La migraci\u00f3n tiene un fuerte componente de g\u00e9nero si se toman en cuenta los motivos por los que las personas migran, dijo la periodista espa\u00f1ola Mar\u00eda de los \u00c1ngeles Fern\u00e1ndez, coordinadora de la revista digital feminista Pikara Magazine y cocreadora del medio espa\u00f1ol especializado en migraci\u00f3n desplazados.org.<\/p>\n<p dir=\"ltr\">Existen motivos por los que las mujeres migran que no aplican a los migrantes hombres, como matrimonios forzados, violencia dom\u00e9stica, persecuci\u00f3n por su identidad de g\u00e9nero o para formar parte de cadenas globales de cuidados, dijo Fern\u00e1ndez.<\/p>\n<p dir=\"ltr\">\u201cLa mirada feminista lo que nos a\u00f1ade es, no solamente controlar el sistema t\u00edpico cl\u00e1sico de poderes que podemos entender, sino tambi\u00e9n analizar otro eje de poder que para m\u00ed es claro, que es el patriarcado\u201d, dijo Fern\u00e1ndez en el panel \u201cSe\u00f1oros: necesitamos las gafas feministas en el periodismo de migraciones\u201d. \u201cMeter esa mirada te ayuda a replantearte nuevas preguntas, a buscar nuevos temas, nuevos enfoques\u201d.<\/p>\n<p dir=\"ltr\">Luciana Peker, periodista argentina especializada en temas de g\u00e9nero, dijo en el mismo panel que la agenda del periodismo feminista no solo debe abarcar temas de mujeres y de la diversidad sexual, sino que debe tener una mirada transversal, en un momento en el que la gobiernos de extrema derecha est\u00e1n tomando contra los migrantes las mismas posturas violentas que contra los movimientos feministas.<\/p>\n<p dir=\"ltr\">Por tanto, agreg\u00f3, tomar una mirada feminista permite antricipar la aparici\u00f3n de posibles escenarios de violencia.<\/p>\n<p dir=\"ltr\">\u201cCreo que se vuelve a monopolizar la mirada, la escritura y el an\u00e1lisis pol\u00edtico desde una masculinidad que no est\u00e1 entendiendo la din\u00e1mica del mundo que estamos viviendo\u201d, dijo Peker. \u201cHoy perderse de una mirada feminista es perder el poder anticipar por d\u00f3nde vienen las nuevas violencias\u201d.<\/p>\n<p dir=\"ltr\">Peker dijo que es necesario motivar a las audiencias a consumir medios que cubren migraci\u00f3n y feminismo, as\u00ed como leer a periodistas migrantes mujeres de Am\u00e9rica Latina porque es importante que esas voces se vean respaldadas.<\/p>\n<p dir=\"ltr\">\u201cEn tiempos en donde se cuenta cu\u00e1ntas veces es le\u00edda una nota, mostremos que nos importa la voz de los migrantes, que las leemos y que las queremos escuchar\u201d, dijo.<\/p>\n<h3 id=\"e88f7e6d7c73c34525c4297842c1afc14\" dir=\"ltr\">Redacciones diversas para cubrir migraci\u00f3n<\/h3>\n<p dir=\"ltr\">En el panel \u201cEl reto de construir redacciones diversas\u201d se discuti\u00f3 sobre la importancia de que los medios que cubren temas de migraci\u00f3n cuenten con salas de redacci\u00f3n diversas, ya que esto influye en las narrativas que se cuentan en la cobertura migratoria.<\/p>\n<div id=\"attachment_92243\" style=\"width: 410px\" class=\"wp-caption alignleft\"><img loading=\"lazy\" decoding=\"async\" aria-describedby=\"caption-attachment-92243\" class=\"wp-image-92243 \" src=\"https:\/\/latamjournalismreview.org\/wp-content\/uploads\/2024\/10\/Amarela-Varela.png\" alt=\"Mexican Journalist Amarela Varela speaks at the 2024 Migration Journalism Congress.\" width=\"400\" height=\"268\" srcset=\"https:\/\/latamjournalismreview.org\/wp-content\/uploads\/2024\/10\/Amarela-Varela.png 507w, https:\/\/latamjournalismreview.org\/wp-content\/uploads\/2024\/10\/Amarela-Varela-300x201.png 300w, https:\/\/latamjournalismreview.org\/wp-content\/uploads\/2024\/10\/Amarela-Varela-350x234.png 350w\" sizes=\"auto, (max-width: 400px) 100vw, 400px\" \/><p id=\"caption-attachment-92243\" class=\"wp-caption-text\">La periodista mexicana Amarela Varela dijo que a los migrantes no se les da voz para ser protagonistas de sus propias historias ni la oportunidad de dirigir las redacciones. (Foto: Captura de pantalla del canal de YouTube de porCausa)<\/p><\/div>\n<p dir=\"ltr\">Para la periodista y profesora de la Universidad Aut\u00f3noma de la Ciudad de M\u00e9xico Amarela Varela, la diversidad en una redacci\u00f3n no tiene que ver con cumplir con una cuota racial o de g\u00e9nero en el equipo, sino con que las personas que toman las decisiones editoriales incluyan personas diversas m\u00e1s abiertas a dar voz a todo tipo de grupos poblacionales en las coberturas.<\/p>\n<p dir=\"ltr\">De acuerdo con Varela, cuando en M\u00e9xico se cubren fen\u00f3menos migratorios como la Caravana Migrante \u2013la traves\u00eda masiva de migrantes provenientes de Centroam\u00e9rica a Estados Unidos cada a\u00f1o\u2013, los medios tienden a dar voz a instituciones, funcionarios y expertos, pero pocas veces a los migrantes.<\/p>\n<p dir=\"ltr\">\u201cSe le considera al migrante como un cliente de la industria del tr\u00e1fico, hay quienes le tratan como a un sujeto de estudio, como nosotras las acad\u00e9micas\u201d, dijo. \u201cHay quien le trata como una fuente, hay quien le trata como una v\u00edctima a la que proteger y tutelar, pero a casi ning\u00fan migrante se le otorga la voz de ser el protagonista, el due\u00f1o de su ep\u00edsteme o de poder dirigir redacciones\u201d.<\/p>\n<p dir=\"ltr\">El periodista Nacho Calle, director adjunto del medio digital espa\u00f1ol Diario P\u00fablico, habl\u00f3 en el panel sobre la importancia de construir redacciones diversas m\u00e1s all\u00e1 de la contrataci\u00f3n de personas de grupos poblacionales espec\u00edficos, sino a trav\u00e9s de la formaci\u00f3n de los equipos en perspectivas de diversidad.<\/p>\n<p dir=\"ltr\">\u201cUn peri\u00f3dico no es feminista porque todas las trabajadoras sean mujeres. Hay que formar en feminismo y se tiene que elegir gente con perspectiva feminista\u201d, dijo Calle. \u201cHemos visto medios que intentan pasar por feministas porque los dirige una mujer. Y eso no es per s\u00e9 una condici\u00f3n\u201d.<\/p>\n<p dir=\"ltr\">La periodista colombiana Andrea Aldana, quien vive en el exilio en Espa\u00f1a, critic\u00f3 que en ese pa\u00eds solo reporteros espa\u00f1oles cubren el tema de la migraci\u00f3n, mayoritariamente.<\/p>\n<p dir=\"ltr\">\u201cYo entiendo que la migraci\u00f3n la cubren solo periodistas espa\u00f1oles porque son receptores del fen\u00f3meno. Guardando las proporciones, es como si [los temas de] g\u00e9nero lo cubriera un hombre\u201d, dijo Aldana en el panel \u201cSoy migrante y sigo siendo periodista\u201d. \u201c\u00bfPor qu\u00e9 en las redacciones de Espa\u00f1a no hay periodistas migrantes cubriendo migraci\u00f3n, cuando Madrid y Espa\u00f1a est\u00e1n llenas de periodistas migrantes?\u201d.<\/p>\n<h3 id=\"e5a45ac5599aacdf366a5c10d53991a83\" dir=\"ltr\">La visi\u00f3n de porCausa en Am\u00e9rica Latina<\/h3>\n<p dir=\"ltr\">PorCausa, la organizaci\u00f3n sin fines de lucro con sede en Espa\u00f1a enfocada en temas de migraci\u00f3n, y la cual organiza el Congreso Periodismo de Migraciones, lleva cerca de 10 a\u00f1os compartiendo sus informes e investigaciones sobre el tema de la migraci\u00f3n con una red de periodistas y medios iberoamericanos.<\/p>\n<p dir=\"ltr\"><a href=\"https:\/\/porcausa.org\/frena-el-discurso-del-odio\/\" target=\"_blank\" rel=\"noopener noreferrer\"><u>La metodolog\u00eda de porCausa<\/u><\/a>, llamada narrativa circular, busca frenar el discurso de odio y cambiar la percepci\u00f3n mayoritaria sobre las migraciones a trav\u00e9s de una combinaci\u00f3n de enfoques period\u00edsticos y acad\u00e9micos, de acuerdo con Lucila Rodr\u00edguez-Alarc\u00f3n, directora general de la organizaci\u00f3n.<\/p>\n<p dir=\"ltr\">La narrativa circular se llama as\u00ed porque es un proceso de investigaci\u00f3n, deconstrucci\u00f3n y reordenamiento de informaci\u00f3n que se repite tantas veces sea necesario hasta encontrar una l\u00ednea narrativa de lo que se desea transmitir, explic\u00f3 Rodr\u00edguez-Alarc\u00f3n.<\/p>\n<p dir=\"ltr\">En septiembre de este a\u00f1o, porCausa present\u00f3\u00a0<a href=\"https:\/\/discursomigratorio.com\/\" target=\"_blank\" rel=\"noopener noreferrer\"><u>el informe \u201cMigraciones: Claves para un discurso pol\u00edtico humano y eficaz\u201d<\/u><\/a>, el cual propone una visi\u00f3n alternativa para enfrentar el desaf\u00edo de la movilidad humana, a trav\u00e9s de ejemplos de formas diferentes de hacer las cosas que han resultado exitosas.<\/p>\n<div id=\"attachment_92258\" style=\"width: 460px\" class=\"wp-caption alignright\"><img loading=\"lazy\" decoding=\"async\" aria-describedby=\"caption-attachment-92258\" class=\"wp-image-92258\" src=\"https:\/\/latamjournalismreview.org\/wp-content\/uploads\/2024\/10\/Narrativa-Circular-PorCausa.png\" alt=\"Graphic explaining the definition of &quot;circular narrative&quot;.\" width=\"450\" height=\"327\" srcset=\"https:\/\/latamjournalismreview.org\/wp-content\/uploads\/2024\/10\/Narrativa-Circular-PorCausa.png 1480w, https:\/\/latamjournalismreview.org\/wp-content\/uploads\/2024\/10\/Narrativa-Circular-PorCausa-300x218.png 300w, https:\/\/latamjournalismreview.org\/wp-content\/uploads\/2024\/10\/Narrativa-Circular-PorCausa-1024x743.png 1024w, https:\/\/latamjournalismreview.org\/wp-content\/uploads\/2024\/10\/Narrativa-Circular-PorCausa-768x557.png 768w\" sizes=\"auto, (max-width: 450px) 100vw, 450px\" \/><p id=\"caption-attachment-92258\" class=\"wp-caption-text\">PorCausa pretende exportar su metodolog\u00eda, conocida como \"narrativa circular\", a Am\u00e9rica Latina. (Foto: Captura de pantalla del sitio web de porCausa)<\/p><\/div>\n<p dir=\"ltr\">El informe surgi\u00f3 luego que la organizaci\u00f3n encontr\u00f3 que Chile -pa\u00eds al que llegaron para dar consultor\u00eda a una fundaci\u00f3n local- estaba viviendo una situaci\u00f3n de narrativas alrededor de la migraci\u00f3n muy similar a la que se viv\u00eda en Espa\u00f1a 10 a\u00f1os antes, cuando partidos de ultraderecha sembraron discurso anti migratorio plagado de demagogias e informaci\u00f3n inexacta, explic\u00f3 Rodr\u00edguez-Alarc\u00f3n. El informe no se enfoca espec\u00edficamente en Chile, sino que es una compilaci\u00f3n de enfoques narrativos aplicables a Am\u00e9rica Latina,<\/p>\n<p dir=\"ltr\">\u201cComo la migraci\u00f3n en Chile ha sido muy r\u00e1pida y la ultraderecha est\u00e1 generando una narrativa muy fuerte, resulta que la narrativa de ultraderecha ya jala muy fuerte\u201d, dijo. \u201cHemos decidido aportar nuestro conocimiento y nuestra metodolog\u00eda con la intenci\u00f3n de que se genere un espacio donde se recupere informaci\u00f3n de calidad y adem\u00e1s esa informaci\u00f3n se haga llegar cambiando el marco narrativo que ha impuesto un aspirante a candidato pol\u00edtico de la ultraderecha\u201d.<\/p>\n<p dir=\"ltr\">La directora de porCausa dijo que est\u00e1n trabajando en otro informe espec\u00edficamente sobre Chile, el cual tienen programado presentar en abril de 2025.<\/p>\n<p dir=\"ltr\">\u201cVamos a seguir trabajando como lo estamos haciendo en las redes de periodismo en Iberoam\u00e9rica\u201d, dijo Rodr\u00edguez-Alarc\u00f3n. \u201cLas redes de periodismo son la fuerza\u201d.<\/p>\n","protected":false},"excerpt":{"rendered":"<p>Colaboraci\u00f3n, miradas feministas y diversidad en las redacciones influyen en mejores coberturas sobre migraci\u00f3n, seg\u00fan panelistas del Congreso de Periodismo de Migraciones de este a\u00f1o, en M\u00e9rida, Espa\u00f1a.<\/p>\n","protected":false},"author":19,"featured_media":92254,"comment_status":"closed","ping_status":"closed","sticky":false,"template":"","format":"standard","meta":{"inline_featured_image":false,"footnotes":""},"categories":[2074],"tags":[1436,1511,1548],"coauthors":[2753],"class_list":["post-92267","post","type-post","status-publish","format-standard","has-post-thumbnail","hentry","category-reportajes-especiales","tag-colaboracion-es","tag-desarrollo-profesional-es","tag-migracion-es"],"acf":[],"yoast_head":"<!-- This site is optimized with the Yoast SEO Premium plugin v22.6 (Yoast SEO v27.4) - https:\/\/yoast.com\/product\/yoast-seo-premium-wordpress\/ -->\n<title>\u00bfC\u00f3mo cubrir mejor la migraci\u00f3n? Periodistas de Am\u00e9rica Latina comparten estrategias y experiencias - LatAm Journalism Review<\/title>\n<meta name=\"description\" content=\"\u00bfC\u00f3mo cubrir mejor la migraci\u00f3n? Periodistas de Am\u00e9rica Latina comparten estrategias y experiencias Reportajes especiales. Latin American Journalism Review by The Knight Center at The University of Texas at Austin.\" \/>\n<meta name=\"robots\" content=\"index, follow, max-snippet:-1, max-image-preview:large, max-video-preview:-1\" \/>\n<link rel=\"canonical\" href=\"https:\/\/latamjournalismreview.org\/es\/articles\/como-cubrir-mejor-la-migracion-periodistas-de-america-latina-comparten-estrategias-y-experiencias\/\" \/>\n<meta property=\"og:locale\" content=\"es_ES\" \/>\n<meta property=\"og:type\" content=\"article\" \/>\n<meta property=\"og:title\" content=\"\u00bfC\u00f3mo cubrir mejor la migraci\u00f3n? Periodistas de Am\u00e9rica Latina comparten estrategias y experiencias\" \/>\n<meta property=\"og:description\" content=\"\u00bfC\u00f3mo cubrir mejor la migraci\u00f3n? Periodistas de Am\u00e9rica Latina comparten estrategias y experiencias Reportajes especiales. Latin American Journalism Review by The Knight Center at The University of Texas at Austin.\" \/>\n<meta property=\"og:url\" content=\"https:\/\/latamjournalismreview.org\/es\/articles\/como-cubrir-mejor-la-migracion-periodistas-de-america-latina-comparten-estrategias-y-experiencias\/\" \/>\n<meta property=\"og:site_name\" content=\"LatAm Journalism Review\" \/>\n<meta property=\"article:published_time\" content=\"2024-10-17T16:11:20+00:00\" \/>\n<meta property=\"og:image\" content=\"https:\/\/latamjournalismreview.org\/wp-content\/uploads\/2024\/10\/FEATURED-Periodismo-de-Migraciones.png\" \/>\n\t<meta property=\"og:image:width\" content=\"507\" \/>\n\t<meta property=\"og:image:height\" content=\"340\" \/>\n\t<meta property=\"og:image:type\" content=\"image\/png\" \/>\n<meta name=\"author\" content=\"C\u00e9sar L\u00f3pez Linares\" \/>\n<meta name=\"twitter:card\" content=\"summary_large_image\" \/>\n<meta name=\"twitter:creator\" content=\"@cesarisch\" \/>\n<meta name=\"twitter:site\" content=\"@LatAmJournalism\" \/>\n<meta name=\"twitter:label1\" content=\"Written by\" \/>\n\t<meta name=\"twitter:data1\" content=\"C\u00e9sar L\u00f3pez Linares\" \/>\n\t<meta name=\"twitter:label2\" content=\"Est. reading time\" \/>\n\t<meta name=\"twitter:data2\" content=\"11 minutos\" \/>\n<script type=\"application\/ld+json\" class=\"yoast-schema-graph\">{\"@context\":\"https:\\\/\\\/schema.org\",\"@graph\":[{\"@type\":\"Article\",\"@id\":\"https:\\\/\\\/latamjournalismreview.org\\\/es\\\/articles\\\/como-cubrir-mejor-la-migracion-periodistas-de-america-latina-comparten-estrategias-y-experiencias\\\/#article\",\"isPartOf\":{\"@id\":\"https:\\\/\\\/latamjournalismreview.org\\\/es\\\/articles\\\/como-cubrir-mejor-la-migracion-periodistas-de-america-latina-comparten-estrategias-y-experiencias\\\/\"},\"author\":{\"name\":\"C\u00e9sar L\u00f3pez Linares\",\"@id\":\"https:\\\/\\\/latamjournalismreview.org\\\/es\\\/#\\\/schema\\\/person\\\/dcf6dcdd6226ac8d939e2796645d17c6\"},\"headline\":\"\u00bfC\u00f3mo cubrir mejor la migraci\u00f3n? Periodistas de Am\u00e9rica Latina comparten estrategias y experiencias\",\"datePublished\":\"2024-10-17T16:11:20+00:00\",\"mainEntityOfPage\":{\"@id\":\"https:\\\/\\\/latamjournalismreview.org\\\/es\\\/articles\\\/como-cubrir-mejor-la-migracion-periodistas-de-america-latina-comparten-estrategias-y-experiencias\\\/\"},\"wordCount\":2395,\"publisher\":{\"@id\":\"https:\\\/\\\/latamjournalismreview.org\\\/es\\\/#organization\"},\"image\":{\"@id\":\"https:\\\/\\\/latamjournalismreview.org\\\/es\\\/articles\\\/como-cubrir-mejor-la-migracion-periodistas-de-america-latina-comparten-estrategias-y-experiencias\\\/#primaryimage\"},\"thumbnailUrl\":\"https:\\\/\\\/latamjournalismreview.org\\\/wp-content\\\/uploads\\\/2024\\\/10\\\/FEATURED-Periodismo-de-Migraciones.png\",\"keywords\":[\"Colaboraci\u00f3n\",\"Desarrollo profesional\",\"Migraci\u00f3n\"],\"articleSection\":[\"Reportajes especiales\"],\"inLanguage\":\"es\"},{\"@type\":\"WebPage\",\"@id\":\"https:\\\/\\\/latamjournalismreview.org\\\/es\\\/articles\\\/como-cubrir-mejor-la-migracion-periodistas-de-america-latina-comparten-estrategias-y-experiencias\\\/\",\"url\":\"https:\\\/\\\/latamjournalismreview.org\\\/es\\\/articles\\\/como-cubrir-mejor-la-migracion-periodistas-de-america-latina-comparten-estrategias-y-experiencias\\\/\",\"name\":\"\u00bfC\u00f3mo cubrir mejor la migraci\u00f3n? Periodistas de Am\u00e9rica Latina comparten estrategias y experiencias - LatAm Journalism Review\",\"isPartOf\":{\"@id\":\"https:\\\/\\\/latamjournalismreview.org\\\/es\\\/#website\"},\"primaryImageOfPage\":{\"@id\":\"https:\\\/\\\/latamjournalismreview.org\\\/es\\\/articles\\\/como-cubrir-mejor-la-migracion-periodistas-de-america-latina-comparten-estrategias-y-experiencias\\\/#primaryimage\"},\"image\":{\"@id\":\"https:\\\/\\\/latamjournalismreview.org\\\/es\\\/articles\\\/como-cubrir-mejor-la-migracion-periodistas-de-america-latina-comparten-estrategias-y-experiencias\\\/#primaryimage\"},\"thumbnailUrl\":\"https:\\\/\\\/latamjournalismreview.org\\\/wp-content\\\/uploads\\\/2024\\\/10\\\/FEATURED-Periodismo-de-Migraciones.png\",\"datePublished\":\"2024-10-17T16:11:20+00:00\",\"description\":\"\u00bfC\u00f3mo cubrir mejor la migraci\u00f3n? Periodistas de Am\u00e9rica Latina comparten estrategias y experiencias Reportajes especiales. Latin American Journalism Review by The Knight Center at The University of Texas at Austin.\",\"breadcrumb\":{\"@id\":\"https:\\\/\\\/latamjournalismreview.org\\\/es\\\/articles\\\/como-cubrir-mejor-la-migracion-periodistas-de-america-latina-comparten-estrategias-y-experiencias\\\/#breadcrumb\"},\"inLanguage\":\"es\",\"potentialAction\":[{\"@type\":\"ReadAction\",\"target\":[\"https:\\\/\\\/latamjournalismreview.org\\\/es\\\/articles\\\/como-cubrir-mejor-la-migracion-periodistas-de-america-latina-comparten-estrategias-y-experiencias\\\/\"]}]},{\"@type\":\"ImageObject\",\"inLanguage\":\"es\",\"@id\":\"https:\\\/\\\/latamjournalismreview.org\\\/es\\\/articles\\\/como-cubrir-mejor-la-migracion-periodistas-de-america-latina-comparten-estrategias-y-experiencias\\\/#primaryimage\",\"url\":\"https:\\\/\\\/latamjournalismreview.org\\\/wp-content\\\/uploads\\\/2024\\\/10\\\/FEATURED-Periodismo-de-Migraciones.png\",\"contentUrl\":\"https:\\\/\\\/latamjournalismreview.org\\\/wp-content\\\/uploads\\\/2024\\\/10\\\/FEATURED-Periodismo-de-Migraciones.png\",\"width\":507,\"height\":340,\"caption\":\"Magnifier glass with a background of newspaper covers. (Photo: Screenshots)\"},{\"@type\":\"BreadcrumbList\",\"@id\":\"https:\\\/\\\/latamjournalismreview.org\\\/es\\\/articles\\\/como-cubrir-mejor-la-migracion-periodistas-de-america-latina-comparten-estrategias-y-experiencias\\\/#breadcrumb\",\"itemListElement\":[{\"@type\":\"ListItem\",\"position\":1,\"name\":\"Home\",\"item\":\"https:\\\/\\\/latamjournalismreview.org\\\/es\\\/\"},{\"@type\":\"ListItem\",\"position\":2,\"name\":\"\u00bfC\u00f3mo cubrir mejor la migraci\u00f3n? Periodistas de Am\u00e9rica Latina comparten estrategias y experiencias\"}]},{\"@type\":\"WebSite\",\"@id\":\"https:\\\/\\\/latamjournalismreview.org\\\/es\\\/#website\",\"url\":\"https:\\\/\\\/latamjournalismreview.org\\\/es\\\/\",\"name\":\"LatAm Journalism Review\",\"description\":\"Knight Center at The University of Texas\",\"publisher\":{\"@id\":\"https:\\\/\\\/latamjournalismreview.org\\\/es\\\/#organization\"},\"potentialAction\":[{\"@type\":\"SearchAction\",\"target\":{\"@type\":\"EntryPoint\",\"urlTemplate\":\"https:\\\/\\\/latamjournalismreview.org\\\/es\\\/?s={search_term_string}\"},\"query-input\":{\"@type\":\"PropertyValueSpecification\",\"valueRequired\":true,\"valueName\":\"search_term_string\"}}],\"inLanguage\":\"es\"},{\"@type\":\"Organization\",\"@id\":\"https:\\\/\\\/latamjournalismreview.org\\\/es\\\/#organization\",\"name\":\"LatAm Journalism Review\",\"url\":\"https:\\\/\\\/latamjournalismreview.org\\\/es\\\/\",\"logo\":{\"@type\":\"ImageObject\",\"inLanguage\":\"es\",\"@id\":\"https:\\\/\\\/latamjournalismreview.org\\\/es\\\/#\\\/schema\\\/logo\\\/image\\\/\",\"url\":\"https:\\\/\\\/latamjournalismreview.org\\\/wp-content\\\/uploads\\\/2020\\\/05\\\/knight-latAm-review-logo.svg\",\"contentUrl\":\"https:\\\/\\\/latamjournalismreview.org\\\/wp-content\\\/uploads\\\/2020\\\/05\\\/knight-latAm-review-logo.svg\",\"width\":\"1024\",\"height\":\"1024\",\"caption\":\"LatAm Journalism Review\"},\"image\":{\"@id\":\"https:\\\/\\\/latamjournalismreview.org\\\/es\\\/#\\\/schema\\\/logo\\\/image\\\/\"},\"sameAs\":[\"https:\\\/\\\/x.com\\\/LatAmJournalism\"]},{\"@type\":\"Person\",\"@id\":\"https:\\\/\\\/latamjournalismreview.org\\\/es\\\/#\\\/schema\\\/person\\\/dcf6dcdd6226ac8d939e2796645d17c6\",\"name\":\"C\u00e9sar L\u00f3pez Linares\",\"description\":\"C\u00e9sar L\u00f3pez Linares began his career at the Mexican newspaper REFORMA as an entertainment and media co-editor. He has written for publications such as TODO Austin, Texas Music Magazine and The Austin Chronicle. C\u00e9sar has a Master's degree in Journalism from the University of Texas at Austin and a Bachelors degree in Communication from the National Autonomous University of Mexico. He previously wrote about innovation in journalism for the Gabo Foundation in Colombia and currently reports for the Knight Center's LatAmJournalism Review digital magazine. A native of Mexico City, C\u00e9sar has become a digital nomad combining content creation with his passion for travel. ________ C\u00e9sar L\u00f3pez Linares inici\u00f3 su carrera en el diario mexicano REFORMA como coeditor de entretenimiento y medios. Ha escrito para publicaciones como TODO Austin, Texas Music Magazine y The Austin Chronicle. C\u00e9sar tiene una Maestr\u00eda en Periodismo de la Universidad de Texas en Austin y una Licenciatura en Comunicaci\u00f3n de la Universidad Nacional Aut\u00f3noma de M\u00e9xico. Previamente escribi\u00f3 sobre innovaci\u00f3n en periodismo para la Fundaci\u00f3n Gabo en Colombia y actualmente escribe para la revista digital LatAmJournalism Review del Centro Knight. Originario de la Ciudad de M\u00e9xico, C\u00e9sar se ha convertido en un n\u00f3mada digital que combina la creaci\u00f3n de contenido con su pasi\u00f3n por viajar. _________ C\u00e9sar L\u00f3pez Linares come\u00e7ou sua carreira no jornal mexicano REFORMA como coeditor de entretenimento e m\u00eddia. Ele escreveu para publica\u00e7\u00f5es como TODO Austin, Texas Music Magazine e The Austin Chronicle. C\u00e9sar tem mestrado em jornalismo pela University of Texas em Austin e \u00e9 bacharel em comunica\u00e7\u00e3o pela Universidad Nacional Aut\u00f3noma de M\u00e9xico. Antes disso, ele escreveu sobre inova\u00e7\u00e3o no jornalismo para a Funda\u00e7\u00e3o Gabo na Col\u00f4mbia. Atualmente escreve para a revista digital LatAmJournalism Review do Centro Knight. Nascido na Cidade do M\u00e9xico, C\u00e9sar se tornou um n\u00f4made digital combinando a cria\u00e7\u00e3o de conte\u00fado com sua paix\u00e3o por viagens.\",\"sameAs\":[\"https:\\\/\\\/x.com\\\/cesarisch\"],\"url\":\"https:\\\/\\\/latamjournalismreview.org\\\/es\\\/articles\\\/author\\\/cesar-lopez-linares\\\/\"}]}<\/script>\n<!-- \/ Yoast SEO Premium plugin. -->","yoast_head_json":{"title":"\u00bfC\u00f3mo cubrir mejor la migraci\u00f3n? Periodistas de Am\u00e9rica Latina comparten estrategias y experiencias - LatAm Journalism Review","description":"\u00bfC\u00f3mo cubrir mejor la migraci\u00f3n? Periodistas de Am\u00e9rica Latina comparten estrategias y experiencias Reportajes especiales. Latin American Journalism Review by The Knight Center at The University of Texas at Austin.","robots":{"index":"index","follow":"follow","max-snippet":"max-snippet:-1","max-image-preview":"max-image-preview:large","max-video-preview":"max-video-preview:-1"},"canonical":"https:\/\/latamjournalismreview.org\/es\/articles\/como-cubrir-mejor-la-migracion-periodistas-de-america-latina-comparten-estrategias-y-experiencias\/","og_locale":"es_ES","og_type":"article","og_title":"\u00bfC\u00f3mo cubrir mejor la migraci\u00f3n? Periodistas de Am\u00e9rica Latina comparten estrategias y experiencias","og_description":"\u00bfC\u00f3mo cubrir mejor la migraci\u00f3n? Periodistas de Am\u00e9rica Latina comparten estrategias y experiencias Reportajes especiales. Latin American Journalism Review by The Knight Center at The University of Texas at Austin.","og_url":"https:\/\/latamjournalismreview.org\/es\/articles\/como-cubrir-mejor-la-migracion-periodistas-de-america-latina-comparten-estrategias-y-experiencias\/","og_site_name":"LatAm Journalism Review","article_published_time":"2024-10-17T16:11:20+00:00","og_image":[{"width":507,"height":340,"url":"https:\/\/latamjournalismreview.org\/wp-content\/uploads\/2024\/10\/FEATURED-Periodismo-de-Migraciones.png","type":"image\/png"}],"author":"C\u00e9sar L\u00f3pez Linares","twitter_card":"summary_large_image","twitter_creator":"@cesarisch","twitter_site":"@LatAmJournalism","twitter_misc":{"Written by":"C\u00e9sar L\u00f3pez Linares","Est. reading time":"11 minutos"},"schema":{"@context":"https:\/\/schema.org","@graph":[{"@type":"Article","@id":"https:\/\/latamjournalismreview.org\/es\/articles\/como-cubrir-mejor-la-migracion-periodistas-de-america-latina-comparten-estrategias-y-experiencias\/#article","isPartOf":{"@id":"https:\/\/latamjournalismreview.org\/es\/articles\/como-cubrir-mejor-la-migracion-periodistas-de-america-latina-comparten-estrategias-y-experiencias\/"},"author":{"name":"C\u00e9sar L\u00f3pez Linares","@id":"https:\/\/latamjournalismreview.org\/es\/#\/schema\/person\/dcf6dcdd6226ac8d939e2796645d17c6"},"headline":"\u00bfC\u00f3mo cubrir mejor la migraci\u00f3n? Periodistas de Am\u00e9rica Latina comparten estrategias y experiencias","datePublished":"2024-10-17T16:11:20+00:00","mainEntityOfPage":{"@id":"https:\/\/latamjournalismreview.org\/es\/articles\/como-cubrir-mejor-la-migracion-periodistas-de-america-latina-comparten-estrategias-y-experiencias\/"},"wordCount":2395,"publisher":{"@id":"https:\/\/latamjournalismreview.org\/es\/#organization"},"image":{"@id":"https:\/\/latamjournalismreview.org\/es\/articles\/como-cubrir-mejor-la-migracion-periodistas-de-america-latina-comparten-estrategias-y-experiencias\/#primaryimage"},"thumbnailUrl":"https:\/\/latamjournalismreview.org\/wp-content\/uploads\/2024\/10\/FEATURED-Periodismo-de-Migraciones.png","keywords":["Colaboraci\u00f3n","Desarrollo profesional","Migraci\u00f3n"],"articleSection":["Reportajes especiales"],"inLanguage":"es"},{"@type":"WebPage","@id":"https:\/\/latamjournalismreview.org\/es\/articles\/como-cubrir-mejor-la-migracion-periodistas-de-america-latina-comparten-estrategias-y-experiencias\/","url":"https:\/\/latamjournalismreview.org\/es\/articles\/como-cubrir-mejor-la-migracion-periodistas-de-america-latina-comparten-estrategias-y-experiencias\/","name":"\u00bfC\u00f3mo cubrir mejor la migraci\u00f3n? Periodistas de Am\u00e9rica Latina comparten estrategias y experiencias - LatAm Journalism Review","isPartOf":{"@id":"https:\/\/latamjournalismreview.org\/es\/#website"},"primaryImageOfPage":{"@id":"https:\/\/latamjournalismreview.org\/es\/articles\/como-cubrir-mejor-la-migracion-periodistas-de-america-latina-comparten-estrategias-y-experiencias\/#primaryimage"},"image":{"@id":"https:\/\/latamjournalismreview.org\/es\/articles\/como-cubrir-mejor-la-migracion-periodistas-de-america-latina-comparten-estrategias-y-experiencias\/#primaryimage"},"thumbnailUrl":"https:\/\/latamjournalismreview.org\/wp-content\/uploads\/2024\/10\/FEATURED-Periodismo-de-Migraciones.png","datePublished":"2024-10-17T16:11:20+00:00","description":"\u00bfC\u00f3mo cubrir mejor la migraci\u00f3n? Periodistas de Am\u00e9rica Latina comparten estrategias y experiencias Reportajes especiales. Latin American Journalism Review by The Knight Center at The University of Texas at Austin.","breadcrumb":{"@id":"https:\/\/latamjournalismreview.org\/es\/articles\/como-cubrir-mejor-la-migracion-periodistas-de-america-latina-comparten-estrategias-y-experiencias\/#breadcrumb"},"inLanguage":"es","potentialAction":[{"@type":"ReadAction","target":["https:\/\/latamjournalismreview.org\/es\/articles\/como-cubrir-mejor-la-migracion-periodistas-de-america-latina-comparten-estrategias-y-experiencias\/"]}]},{"@type":"ImageObject","inLanguage":"es","@id":"https:\/\/latamjournalismreview.org\/es\/articles\/como-cubrir-mejor-la-migracion-periodistas-de-america-latina-comparten-estrategias-y-experiencias\/#primaryimage","url":"https:\/\/latamjournalismreview.org\/wp-content\/uploads\/2024\/10\/FEATURED-Periodismo-de-Migraciones.png","contentUrl":"https:\/\/latamjournalismreview.org\/wp-content\/uploads\/2024\/10\/FEATURED-Periodismo-de-Migraciones.png","width":507,"height":340,"caption":"Magnifier glass with a background of newspaper covers. (Photo: Screenshots)"},{"@type":"BreadcrumbList","@id":"https:\/\/latamjournalismreview.org\/es\/articles\/como-cubrir-mejor-la-migracion-periodistas-de-america-latina-comparten-estrategias-y-experiencias\/#breadcrumb","itemListElement":[{"@type":"ListItem","position":1,"name":"Home","item":"https:\/\/latamjournalismreview.org\/es\/"},{"@type":"ListItem","position":2,"name":"\u00bfC\u00f3mo cubrir mejor la migraci\u00f3n? Periodistas de Am\u00e9rica Latina comparten estrategias y experiencias"}]},{"@type":"WebSite","@id":"https:\/\/latamjournalismreview.org\/es\/#website","url":"https:\/\/latamjournalismreview.org\/es\/","name":"LatAm Journalism Review","description":"Knight Center at The University of Texas","publisher":{"@id":"https:\/\/latamjournalismreview.org\/es\/#organization"},"potentialAction":[{"@type":"SearchAction","target":{"@type":"EntryPoint","urlTemplate":"https:\/\/latamjournalismreview.org\/es\/?s={search_term_string}"},"query-input":{"@type":"PropertyValueSpecification","valueRequired":true,"valueName":"search_term_string"}}],"inLanguage":"es"},{"@type":"Organization","@id":"https:\/\/latamjournalismreview.org\/es\/#organization","name":"LatAm Journalism Review","url":"https:\/\/latamjournalismreview.org\/es\/","logo":{"@type":"ImageObject","inLanguage":"es","@id":"https:\/\/latamjournalismreview.org\/es\/#\/schema\/logo\/image\/","url":"https:\/\/latamjournalismreview.org\/wp-content\/uploads\/2020\/05\/knight-latAm-review-logo.svg","contentUrl":"https:\/\/latamjournalismreview.org\/wp-content\/uploads\/2020\/05\/knight-latAm-review-logo.svg","width":"1024","height":"1024","caption":"LatAm Journalism Review"},"image":{"@id":"https:\/\/latamjournalismreview.org\/es\/#\/schema\/logo\/image\/"},"sameAs":["https:\/\/x.com\/LatAmJournalism"]},{"@type":"Person","@id":"https:\/\/latamjournalismreview.org\/es\/#\/schema\/person\/dcf6dcdd6226ac8d939e2796645d17c6","name":"C\u00e9sar L\u00f3pez Linares","description":"C\u00e9sar L\u00f3pez Linares began his career at the Mexican newspaper REFORMA as an entertainment and media co-editor. He has written for publications such as TODO Austin, Texas Music Magazine and The Austin Chronicle. C\u00e9sar has a Master's degree in Journalism from the University of Texas at Austin and a Bachelors degree in Communication from the National Autonomous University of Mexico. He previously wrote about innovation in journalism for the Gabo Foundation in Colombia and currently reports for the Knight Center's LatAmJournalism Review digital magazine. A native of Mexico City, C\u00e9sar has become a digital nomad combining content creation with his passion for travel. ________ C\u00e9sar L\u00f3pez Linares inici\u00f3 su carrera en el diario mexicano REFORMA como coeditor de entretenimiento y medios. Ha escrito para publicaciones como TODO Austin, Texas Music Magazine y The Austin Chronicle. C\u00e9sar tiene una Maestr\u00eda en Periodismo de la Universidad de Texas en Austin y una Licenciatura en Comunicaci\u00f3n de la Universidad Nacional Aut\u00f3noma de M\u00e9xico. Previamente escribi\u00f3 sobre innovaci\u00f3n en periodismo para la Fundaci\u00f3n Gabo en Colombia y actualmente escribe para la revista digital LatAmJournalism Review del Centro Knight. Originario de la Ciudad de M\u00e9xico, C\u00e9sar se ha convertido en un n\u00f3mada digital que combina la creaci\u00f3n de contenido con su pasi\u00f3n por viajar. _________ C\u00e9sar L\u00f3pez Linares come\u00e7ou sua carreira no jornal mexicano REFORMA como coeditor de entretenimento e m\u00eddia. Ele escreveu para publica\u00e7\u00f5es como TODO Austin, Texas Music Magazine e The Austin Chronicle. C\u00e9sar tem mestrado em jornalismo pela University of Texas em Austin e \u00e9 bacharel em comunica\u00e7\u00e3o pela Universidad Nacional Aut\u00f3noma de M\u00e9xico. Antes disso, ele escreveu sobre inova\u00e7\u00e3o no jornalismo para a Funda\u00e7\u00e3o Gabo na Col\u00f4mbia. Atualmente escreve para a revista digital LatAmJournalism Review do Centro Knight. Nascido na Cidade do M\u00e9xico, C\u00e9sar se tornou um n\u00f4made digital combinando a cria\u00e7\u00e3o de conte\u00fado com sua paix\u00e3o por viagens.","sameAs":["https:\/\/x.com\/cesarisch"],"url":"https:\/\/latamjournalismreview.org\/es\/articles\/author\/cesar-lopez-linares\/"}]}},"_links":{"self":[{"href":"https:\/\/latamjournalismreview.org\/es\/wp-json\/wp\/v2\/posts\/92267","targetHints":{"allow":["GET"]}}],"collection":[{"href":"https:\/\/latamjournalismreview.org\/es\/wp-json\/wp\/v2\/posts"}],"about":[{"href":"https:\/\/latamjournalismreview.org\/es\/wp-json\/wp\/v2\/types\/post"}],"author":[{"embeddable":true,"href":"https:\/\/latamjournalismreview.org\/es\/wp-json\/wp\/v2\/users\/19"}],"replies":[{"embeddable":true,"href":"https:\/\/latamjournalismreview.org\/es\/wp-json\/wp\/v2\/comments?post=92267"}],"version-history":[{"count":1,"href":"https:\/\/latamjournalismreview.org\/es\/wp-json\/wp\/v2\/posts\/92267\/revisions"}],"predecessor-version":[{"id":92268,"href":"https:\/\/latamjournalismreview.org\/es\/wp-json\/wp\/v2\/posts\/92267\/revisions\/92268"}],"wp:featuredmedia":[{"embeddable":true,"href":"https:\/\/latamjournalismreview.org\/es\/wp-json\/wp\/v2\/media\/92254"}],"wp:attachment":[{"href":"https:\/\/latamjournalismreview.org\/es\/wp-json\/wp\/v2\/media?parent=92267"}],"wp:term":[{"taxonomy":"category","embeddable":true,"href":"https:\/\/latamjournalismreview.org\/es\/wp-json\/wp\/v2\/categories?post=92267"},{"taxonomy":"post_tag","embeddable":true,"href":"https:\/\/latamjournalismreview.org\/es\/wp-json\/wp\/v2\/tags?post=92267"},{"taxonomy":"author","embeddable":true,"href":"https:\/\/latamjournalismreview.org\/es\/wp-json\/wp\/v2\/coauthors?post=92267"}],"curies":[{"name":"wp","href":"https:\/\/api.w.org\/{rel}","templated":true}]}}