{"id":92583,"date":"2024-10-28T16:37:08","date_gmt":"2024-10-28T21:37:08","guid":{"rendered":"https:\/\/latamjournalismreview.org\/?p=92583"},"modified":"2024-10-29T16:30:51","modified_gmt":"2024-10-29T21:30:51","slug":"periodistas-que-cubren-el-tapon-del-darien-revelan-la-tragedia-y-la-transformacion-en-la-selva","status":"publish","type":"post","link":"https:\/\/latamjournalismreview.org\/es\/articles\/periodistas-que-cubren-el-tapon-del-darien-revelan-la-tragedia-y-la-transformacion-en-la-selva\/","title":{"rendered":"Periodistas que cubren el Tap\u00f3n del Dari\u00e9n revelan la tragedia y la transformaci\u00f3n en la selva"},"content":{"rendered":"<p dir=\"ltr\">El Tap\u00f3n del Dari\u00e9n, una densa selva que conecta Colombia y Panam\u00e1, se ha convertido en una ruta mortal para los migrantes que intentan llegar a Estados Unidos. Familias enteras, incluidos ni\u00f1os peque\u00f1os y beb\u00e9s, se enfrentan en su viaje a la naturaleza implacable y al peligro constante de la violencia.<\/p>\n<p dir=\"ltr\"><a href=\"https:\/\/www.theguardian.com\/us-news\/2024\/jan\/03\/record-half-million-people-crossed-darien-gap-2023\" target=\"_blank\" rel=\"noopener noreferrer\"><u>Un n\u00famero r\u00e9cord de migrantes<\/u><\/a> - 520.000 - pasaron por la zona en 2023. Casi <a href=\"https:\/\/apnews.com\/article\/darien-gap-panama-venezuelan-migrants-4a385db728c922525d9addbc2577bc42\" target=\"_blank\" rel=\"noopener noreferrer\"><u>280.000 han cruzado este a\u00f1o<\/u><\/a> hasta el 7 de octubre, seg\u00fan el Ministerio de Seguridad paname\u00f1o.<\/p>\n<div id=\"attachment_92573\" style=\"width: 410px\" class=\"wp-caption alignright\"><img loading=\"lazy\" decoding=\"async\" aria-describedby=\"caption-attachment-92573\" class=\"wp-image-92573\" src=\"https:\/\/latamjournalismreview.org\/wp-content\/uploads\/2024\/10\/Opcion-2-V-225x300.jpg\" alt=\"Man crosses jungle with a child in his arms\" width=\"400\" height=\"533\" srcset=\"https:\/\/latamjournalismreview.org\/wp-content\/uploads\/2024\/10\/Opcion-2-V-225x300.jpg 225w, https:\/\/latamjournalismreview.org\/wp-content\/uploads\/2024\/10\/Opcion-2-V-768x1024.jpg 768w, https:\/\/latamjournalismreview.org\/wp-content\/uploads\/2024\/10\/Opcion-2-V-1152x1536.jpg 1152w, https:\/\/latamjournalismreview.org\/wp-content\/uploads\/2024\/10\/Opcion-2-V-1536x2048.jpg 1536w, https:\/\/latamjournalismreview.org\/wp-content\/uploads\/2024\/10\/Opcion-2-V.jpg 1819w\" sizes=\"auto, (max-width: 400px) 100vw, 400px\" \/><p id=\"caption-attachment-92573\" class=\"wp-caption-text\"><span style=\"font-weight: 400;\">Jos\u00e9 Guarnizo public\u00f3 un informe centrado en los ni\u00f1os vulnerables que migran a trav\u00e9s del Tap\u00f3n del Dari\u00e9n. (Foto: Jos\u00e9 Guarnizo)<\/span><\/p><\/div>\n<p dir=\"ltr\">Mientras que las noticias sobre el Dari\u00e9n suelen llegar a los consumidores de todo el mundo a trav\u00e9s de corresponsales extranjeros de grandes medios de comunicaci\u00f3n, periodistas de Panam\u00e1 y Colombia especializados en migraci\u00f3n est\u00e1n realizando reportajes cr\u00edticos sobre la regi\u00f3n.<\/p>\n<p dir=\"ltr\">Jos\u00e9 Guarnizo, cofundador y director general del sitio de noticias colombiano\u00a0<a href=\"https:\/\/voragine.co\/\" target=\"_blank\" rel=\"noopener noreferrer\"><u>Vor\u00e1gine<\/u><\/a>, ha sido testigo de la tragedia humana en El Dari\u00e9n desde 2009. Dice que lo que le motiva no es s\u00f3lo documentar los peligros f\u00edsicos de la selva, sino tambi\u00e9n captar las historias de quienes la atraviesan.<\/p>\n<p dir=\"ltr\">Con 18 a\u00f1os de experiencia cubriendo derechos humanos y migraci\u00f3n, ha vuelto al Dari\u00e9n una y otra vez, encontrando cada a\u00f1o nuevas voces, nuevos rostros y nuevas tragedias.<\/p>\n<p dir=\"ltr\">\u201cLo que me importa es captar a los personajes de la mejor manera posible. Quiero conocer sus historias e intento acompa\u00f1arles en los viajes en la medida de lo posible\u201d, dijo Guarnizo a <strong>LatAm Journalism Review (LJR)<\/strong>.<\/p>\n<p dir=\"ltr\">En el 2023, public\u00f3 <a href=\"https:\/\/voragine.co\/historias\/reportaje\/los-bebes-del-darien\/\" target=\"_blank\" rel=\"noopener noreferrer\">un\u00a0<u>reportaje especial<\/u><\/a> sobre \u201clas personas m\u00e1s vulnerables\u201d que realizan la traves\u00eda: los beb\u00e9s del Dari\u00e9n.<\/p>\n<p dir=\"ltr\">\u201cCada a\u00f1o, el Dari\u00e9n se cobra vidas\u201d, dijo. \u201cMadres desesperadas, ni\u00f1os que no sobreviven a la traves\u00eda, familias que quedan separadas en un terreno donde la vida vale poco\u201d.<\/p>\n<p dir=\"ltr\">A pesar de los riesgos, Guarnizo siempre encuentra a alguien dispuesto a compartir su historia. Lo m\u00e1s importante, dice, es \u201cgenerar confianza\u201d.<\/p>\n<p dir=\"ltr\">\u201cPreguntar primero qu\u00e9 necesitan en ese momento y en qu\u00e9 puedo ayudarles, y hacerlo de forma genuina. A partir de ah\u00ed, se construye la confianza\u201d, dijo Guarnizo.<\/p>\n<p dir=\"ltr\">Esa conexi\u00f3n es lo que le impulsa a volver a la selva, una y otra vez, aunque admite que no siempre es f\u00e1cil dejar atr\u00e1s a la gente que se encuentra por el camino.<\/p>\n<p dir=\"ltr\">\u201cIncluso a veces te cuesta desprenderte de la gente\u201d, dijo Guarnizo.<\/p>\n<p dir=\"ltr\">Grisel Bethancourt, periodista de investigaci\u00f3n paname\u00f1a con m\u00e1s de 20 a\u00f1os de experiencia, ha sido testigo de los cambios radicales del Dari\u00e9n.<\/p>\n<p dir=\"ltr\">Lo que antes era una tranquila regi\u00f3n de comunidades ind\u00edgenas es ahora un paso obligado para miles de migrantes cada d\u00eda, una zona donde la migraci\u00f3n y el narcotr\u00e1fico han alterado profundamente la vida de los locales.<\/p>\n<p dir=\"ltr\">Bethancourt empez\u00f3 a cubrir el Dari\u00e9n desde otra perspectiva: los derechos de los ni\u00f1os nacidos de guerrilleros que no eran reconocidos como paname\u00f1os.<\/p>\n<p dir=\"ltr\">Pronto, sin embargo, su enfoque se ampli\u00f3 para comprender c\u00f3mo el flujo masivo de migrantes estaba afectando a las comunidades ind\u00edgenas.<\/p>\n<p dir=\"ltr\">Uno de los lugares que m\u00e1s la marc\u00f3 fue <a href=\"https:\/\/www.connectas.org\/especiales\/bajo-chiquito-how-migration-transformed-a-village-in-the-jungle\/\" target=\"_blank\" rel=\"noopener noreferrer\"><u>Bajo Chiquito<\/u><\/a>, una peque\u00f1a aldea ind\u00edgena en medio de la selva.<\/p>\n<p dir=\"ltr\">\u201cLo que antes era un peque\u00f1o pueblo con casas de madera ahora tiene estructuras de cemento de varios pisos\u201d, dijo Bethancourt a <strong>LJR<\/strong>.<\/p>\n<p dir=\"ltr\">Su reportaje muestra la transformaci\u00f3n de esta comunidad, donde las tradiciones ancestrales han sido sustituidas por una econom\u00eda basada en el negocio de la migraci\u00f3n. En su art\u00edculo, cuenta c\u00f3mo la artesan\u00eda se sustituy\u00f3 por la gesti\u00f3n de restaurantes, tiendas de servicios de internet y oficinas de cambio de divisas.<\/p>\n<div id=\"attachment_92570\" style=\"width: 760px\" class=\"wp-caption aligncenter\"><img loading=\"lazy\" decoding=\"async\" aria-describedby=\"caption-attachment-92570\" class=\"wp-image-92570\" src=\"https:\/\/latamjournalismreview.org\/wp-content\/uploads\/2024\/10\/Grisel-Bethancourt-photo-of-Darien-Gap-300x200.jpeg\" alt=\"Soldier directing people on a street lined with buildings and tents\" width=\"750\" height=\"500\" srcset=\"https:\/\/latamjournalismreview.org\/wp-content\/uploads\/2024\/10\/Grisel-Bethancourt-photo-of-Darien-Gap-300x200.jpeg 300w, https:\/\/latamjournalismreview.org\/wp-content\/uploads\/2024\/10\/Grisel-Bethancourt-photo-of-Darien-Gap-1024x683.jpeg 1024w, https:\/\/latamjournalismreview.org\/wp-content\/uploads\/2024\/10\/Grisel-Bethancourt-photo-of-Darien-Gap-768x512.jpeg 768w, https:\/\/latamjournalismreview.org\/wp-content\/uploads\/2024\/10\/Grisel-Bethancourt-photo-of-Darien-Gap-1536x1024.jpeg 1536w, https:\/\/latamjournalismreview.org\/wp-content\/uploads\/2024\/10\/Grisel-Bethancourt-photo-of-Darien-Gap-2048x1365.jpeg 2048w, https:\/\/latamjournalismreview.org\/wp-content\/uploads\/2024\/10\/Grisel-Bethancourt-photo-of-Darien-Gap-350x234.jpeg 350w\" sizes=\"auto, (max-width: 750px) 100vw, 750px\" \/><p id=\"caption-attachment-92570\" class=\"wp-caption-text\"><span style=\"font-weight: 400;\">La periodista de investigaci\u00f3n paname\u00f1a Grisel Bethancourt ha sido testigo de profundos cambios en el Tap\u00f3n del Dari\u00e9n. En 2023, se concentr\u00f3 en la aldea de Bajo Chiquito para un reportaje biling\u00fce publicado por el diario <\/span><a href=\"https:\/\/www.prensa.com\/sociedad\/bajo-chiquito-el-pueblo-selvatico-que-la-migracion-transformo\/\"><span style=\"font-weight: 400;\">La Prensa<\/span><\/a><span style=\"font-weight: 400;\"> y la red transnacional de investigaci\u00f3n <\/span><a href=\"https:\/\/www.connectas.org\/especiales\/bajo-chiquito-how-migration-transformed-a-village-in-the-jungle\/\"><span style=\"font-weight: 400;\">CONNECTAS<\/span><\/a><span style=\"font-weight: 400;\">. (Foto: Grisel Bethancourt)<\/span><\/p><\/div>\n<p dir=\"ltr\">\u201cLas comunidades ind\u00edgenas han dejado atr\u00e1s muchas de sus costumbres, y todo se mueve por dinero\u201d, dijo Bethancourt. \u201cVer c\u00f3mo los j\u00f3venes han abandonado la agricultura y la pesca por la ropa moderna y los aparatos electr\u00f3nicos que ahora controlan sus vidas\u201d.<\/p>\n<p dir=\"ltr\">Bethancourt recuerda las noches en la selva, cuando la oscuridad se llena de actividad ilegal.<\/p>\n<p dir=\"ltr\">\u201cLa falta de intervenci\u00f3n de las autoridades paname\u00f1as ha perpetuado la pobreza extrema\u201d, dijo.<\/p>\n<p dir=\"ltr\">El tr\u00e1fico de drogas y la prostituci\u00f3n prosperan bajo la luz de la luna, y los delincuentes locales controlan la econom\u00eda, seg\u00fan el reportaje de Bethancourt. Los migrantes, exhaustos y a menudo despojados de todo, llegan a estos pueblos en busca de ayuda, pero se enfrentan a nuevas luchas por sobrevivir.<\/p>\n<p dir=\"ltr\">Tanto Guarnizo como Bethancourt han experimentado los riesgos y el desgaste emocional de cubrir el Dari\u00e9n.<\/p>\n<p dir=\"ltr\">\u201cNo pude dormir la primera noche. El dolor de ver a la gente destrozada por el cansancio, los pies hinchados, los ni\u00f1os que llegaban solos sin sus padres... eso te marca para siempre\u201d, dijo Bethancourt.<\/p>\n<div id=\"attachment_92615\" style=\"width: 760px\" class=\"wp-caption aligncenter\"><img loading=\"lazy\" decoding=\"async\" aria-describedby=\"caption-attachment-92615\" class=\"wp-image-92615\" src=\"https:\/\/latamjournalismreview.org\/wp-content\/uploads\/2024\/10\/Grisel-Bethancourt-Panama-300x202.jpeg\" alt=\"Grisel Bethancourt, far right, interviews \" width=\"750\" height=\"504\" srcset=\"https:\/\/latamjournalismreview.org\/wp-content\/uploads\/2024\/10\/Grisel-Bethancourt-Panama-300x202.jpeg 300w, https:\/\/latamjournalismreview.org\/wp-content\/uploads\/2024\/10\/Grisel-Bethancourt-Panama-1024x688.jpeg 1024w, https:\/\/latamjournalismreview.org\/wp-content\/uploads\/2024\/10\/Grisel-Bethancourt-Panama-768x516.jpeg 768w, https:\/\/latamjournalismreview.org\/wp-content\/uploads\/2024\/10\/Grisel-Bethancourt-Panama-507x340.jpeg 507w, https:\/\/latamjournalismreview.org\/wp-content\/uploads\/2024\/10\/Grisel-Bethancourt-Panama-350x234.jpeg 350w, https:\/\/latamjournalismreview.org\/wp-content\/uploads\/2024\/10\/Grisel-Bethancourt-Panama.jpeg 1080w\" sizes=\"auto, (max-width: 750px) 100vw, 750px\" \/><p id=\"caption-attachment-92615\" class=\"wp-caption-text\">Grisel Bethancourt (extrema derecha) realiza entrevistas en Bajo Chiquito.\u00a0(Foto: Cortes\u00eda de Grisel Bethancourt)<\/p><\/div>\n<p dir=\"ltr\">Guarnizo dijo que sus viajes por el Dari\u00e9n suelen durar un d\u00eda y medio. \u00c9l no cruza la frontera, s\u00f3lo acompa\u00f1a a los migrantes hasta all\u00ed y regresa a casa. Se\u00f1ala los riesgos que se corren en la zona de migraci\u00f3n, como robos y acoso.<\/p>\n<p dir=\"ltr\">Sin embargo, asegur\u00f3, \u201cuna historia no vale la vida de nadie\u201d.<\/p>\n<p dir=\"ltr\">Sabe que caminar por esas selvas es peligroso, pero tambi\u00e9n que esas historias hay que contarlas.<\/p>\n<p dir=\"ltr\">En medio de tanta oscuridad, ambos periodistas encuentran un punto de luz. Guarnizo habla de la fuerza y la esperanza que persisten entre los migrantes.<\/p>\n<p dir=\"ltr\">\u201cIncluso en las historias m\u00e1s duras encuentras algo positivo, porque no todo es blanco o negro\u201d, dijo Guarnizo.<\/p>\n<p dir=\"ltr\">Y Bethancourt, a pesar de los retos, ve su trabajo en el Dari\u00e9n como una de las oportunidades m\u00e1s significativas de su carrera.<\/p>\n<p dir=\"ltr\">\u201cLos periodistas tenemos muchas oportunidades, pero esta ha sido una de las m\u00e1s importantes para demostrar el rigor y la calidad del periodismo en Panam\u00e1\u201d, dijo.<\/p>\n<hr \/>\n<p dir=\"ltr\"><em>*Desiree M\u00e1rquez es una estudiante biling\u00fce de \u00faltimo a\u00f1o de Periodismo en la Universidad de Texas en Austin. Originaria de la regi\u00f3n fronteriza entre Ju\u00e1rez y El Paso, le apasiona contar historias y le entusiasma contribuir con sus habilidades de redacci\u00f3n y comunicaci\u00f3n en diversas plataformas.<\/em><\/p>\n","protected":false},"excerpt":{"rendered":"<p>El colombiano Jos\u00e9 Guarnizo y la paname\u00f1a Grisel Bethancourt se centran en los derechos humanos de los migrantes y las comunidades locales a lo largo de la peligrosa ruta migratoria.<\/p>\n","protected":false},"author":3,"featured_media":92567,"comment_status":"closed","ping_status":"closed","sticky":false,"template":"","format":"standard","meta":{"inline_featured_image":false,"footnotes":""},"categories":[2074],"tags":[1395,1548,1387],"coauthors":[2749],"class_list":["post-92583","post","type-post","status-publish","format-standard","has-post-thumbnail","hentry","category-reportajes-especiales","tag-colombia-es-2","tag-migracion-es","tag-panama-es"],"acf":[],"yoast_head":"<!-- This site is optimized with the Yoast SEO Premium plugin v22.6 (Yoast SEO v27.4) - https:\/\/yoast.com\/product\/yoast-seo-premium-wordpress\/ -->\n<title>Periodistas que cubren el Tap\u00f3n del Dari\u00e9n revelan la tragedia y la transformaci\u00f3n en la selva - LatAm Journalism Review<\/title>\n<meta name=\"description\" content=\"Periodistas que cubren el Tap\u00f3n del Dari\u00e9n revelan la tragedia y la transformaci\u00f3n en la selva Reportajes especiales. Latin American Journalism Review by The Knight Center at The University of Texas at Austin.\" \/>\n<meta name=\"robots\" content=\"index, follow, max-snippet:-1, max-image-preview:large, max-video-preview:-1\" \/>\n<link rel=\"canonical\" href=\"https:\/\/latamjournalismreview.org\/es\/articles\/periodistas-que-cubren-el-tapon-del-darien-revelan-la-tragedia-y-la-transformacion-en-la-selva\/\" \/>\n<meta property=\"og:locale\" content=\"es_ES\" \/>\n<meta property=\"og:type\" content=\"article\" \/>\n<meta property=\"og:title\" content=\"Periodistas que cubren el Tap\u00f3n del Dari\u00e9n revelan la tragedia y la transformaci\u00f3n en la selva\" \/>\n<meta property=\"og:description\" content=\"Periodistas que cubren el Tap\u00f3n del Dari\u00e9n revelan la tragedia y la transformaci\u00f3n en la selva Reportajes especiales. Latin American Journalism Review by The Knight Center at The University of Texas at Austin.\" \/>\n<meta property=\"og:url\" content=\"https:\/\/latamjournalismreview.org\/es\/articles\/periodistas-que-cubren-el-tapon-del-darien-revelan-la-tragedia-y-la-transformacion-en-la-selva\/\" \/>\n<meta property=\"og:site_name\" content=\"LatAm Journalism Review\" \/>\n<meta property=\"article:published_time\" content=\"2024-10-28T21:37:08+00:00\" \/>\n<meta property=\"article:modified_time\" content=\"2024-10-29T21:30:51+00:00\" \/>\n<meta property=\"og:image\" content=\"https:\/\/latamjournalismreview.org\/wp-content\/uploads\/2024\/10\/FEATURED-Darien-Gap.png\" \/>\n\t<meta property=\"og:image:width\" content=\"507\" \/>\n\t<meta property=\"og:image:height\" content=\"340\" \/>\n\t<meta property=\"og:image:type\" content=\"image\/png\" \/>\n<meta name=\"author\" content=\"Teresa Mioli\" \/>\n<meta name=\"twitter:card\" content=\"summary_large_image\" \/>\n<meta name=\"twitter:creator\" content=\"@TeresaMioli\" \/>\n<meta name=\"twitter:site\" content=\"@LatAmJournalism\" \/>\n<meta name=\"twitter:label1\" content=\"Written by\" \/>\n\t<meta name=\"twitter:data1\" content=\"Teresa Mioli\" \/>\n\t<meta name=\"twitter:label2\" content=\"Est. reading time\" \/>\n\t<meta name=\"twitter:data2\" content=\"6 minutos\" \/>\n<script type=\"application\/ld+json\" class=\"yoast-schema-graph\">{\"@context\":\"https:\\\/\\\/schema.org\",\"@graph\":[{\"@type\":\"Article\",\"@id\":\"https:\\\/\\\/latamjournalismreview.org\\\/es\\\/articles\\\/periodistas-que-cubren-el-tapon-del-darien-revelan-la-tragedia-y-la-transformacion-en-la-selva\\\/#article\",\"isPartOf\":{\"@id\":\"https:\\\/\\\/latamjournalismreview.org\\\/es\\\/articles\\\/periodistas-que-cubren-el-tapon-del-darien-revelan-la-tragedia-y-la-transformacion-en-la-selva\\\/\"},\"author\":{\"name\":\"Teresa Mioli\",\"@id\":\"https:\\\/\\\/latamjournalismreview.org\\\/es\\\/#\\\/schema\\\/person\\\/b83a4912f05c8178389e917d8d51de03\"},\"headline\":\"Periodistas que cubren el Tap\u00f3n del Dari\u00e9n revelan la tragedia y la transformaci\u00f3n en la selva\",\"datePublished\":\"2024-10-28T21:37:08+00:00\",\"dateModified\":\"2024-10-29T21:30:51+00:00\",\"mainEntityOfPage\":{\"@id\":\"https:\\\/\\\/latamjournalismreview.org\\\/es\\\/articles\\\/periodistas-que-cubren-el-tapon-del-darien-revelan-la-tragedia-y-la-transformacion-en-la-selva\\\/\"},\"wordCount\":1180,\"publisher\":{\"@id\":\"https:\\\/\\\/latamjournalismreview.org\\\/es\\\/#organization\"},\"image\":{\"@id\":\"https:\\\/\\\/latamjournalismreview.org\\\/es\\\/articles\\\/periodistas-que-cubren-el-tapon-del-darien-revelan-la-tragedia-y-la-transformacion-en-la-selva\\\/#primaryimage\"},\"thumbnailUrl\":\"https:\\\/\\\/latamjournalismreview.org\\\/wp-content\\\/uploads\\\/2024\\\/10\\\/FEATURED-Darien-Gap.png\",\"keywords\":[\"Colombia\",\"Migraci\u00f3n\",\"Panam\u00e1\"],\"articleSection\":[\"Reportajes especiales\"],\"inLanguage\":\"es\"},{\"@type\":\"WebPage\",\"@id\":\"https:\\\/\\\/latamjournalismreview.org\\\/es\\\/articles\\\/periodistas-que-cubren-el-tapon-del-darien-revelan-la-tragedia-y-la-transformacion-en-la-selva\\\/\",\"url\":\"https:\\\/\\\/latamjournalismreview.org\\\/es\\\/articles\\\/periodistas-que-cubren-el-tapon-del-darien-revelan-la-tragedia-y-la-transformacion-en-la-selva\\\/\",\"name\":\"Periodistas que cubren el Tap\u00f3n del Dari\u00e9n revelan la tragedia y la transformaci\u00f3n en la selva - LatAm Journalism Review\",\"isPartOf\":{\"@id\":\"https:\\\/\\\/latamjournalismreview.org\\\/es\\\/#website\"},\"primaryImageOfPage\":{\"@id\":\"https:\\\/\\\/latamjournalismreview.org\\\/es\\\/articles\\\/periodistas-que-cubren-el-tapon-del-darien-revelan-la-tragedia-y-la-transformacion-en-la-selva\\\/#primaryimage\"},\"image\":{\"@id\":\"https:\\\/\\\/latamjournalismreview.org\\\/es\\\/articles\\\/periodistas-que-cubren-el-tapon-del-darien-revelan-la-tragedia-y-la-transformacion-en-la-selva\\\/#primaryimage\"},\"thumbnailUrl\":\"https:\\\/\\\/latamjournalismreview.org\\\/wp-content\\\/uploads\\\/2024\\\/10\\\/FEATURED-Darien-Gap.png\",\"datePublished\":\"2024-10-28T21:37:08+00:00\",\"dateModified\":\"2024-10-29T21:30:51+00:00\",\"description\":\"Periodistas que cubren el Tap\u00f3n del Dari\u00e9n revelan la tragedia y la transformaci\u00f3n en la selva Reportajes especiales. Latin American Journalism Review by The Knight Center at The University of Texas at Austin.\",\"breadcrumb\":{\"@id\":\"https:\\\/\\\/latamjournalismreview.org\\\/es\\\/articles\\\/periodistas-que-cubren-el-tapon-del-darien-revelan-la-tragedia-y-la-transformacion-en-la-selva\\\/#breadcrumb\"},\"inLanguage\":\"es\",\"potentialAction\":[{\"@type\":\"ReadAction\",\"target\":[\"https:\\\/\\\/latamjournalismreview.org\\\/es\\\/articles\\\/periodistas-que-cubren-el-tapon-del-darien-revelan-la-tragedia-y-la-transformacion-en-la-selva\\\/\"]}]},{\"@type\":\"ImageObject\",\"inLanguage\":\"es\",\"@id\":\"https:\\\/\\\/latamjournalismreview.org\\\/es\\\/articles\\\/periodistas-que-cubren-el-tapon-del-darien-revelan-la-tragedia-y-la-transformacion-en-la-selva\\\/#primaryimage\",\"url\":\"https:\\\/\\\/latamjournalismreview.org\\\/wp-content\\\/uploads\\\/2024\\\/10\\\/FEATURED-Darien-Gap.png\",\"contentUrl\":\"https:\\\/\\\/latamjournalismreview.org\\\/wp-content\\\/uploads\\\/2024\\\/10\\\/FEATURED-Darien-Gap.png\",\"width\":507,\"height\":340,\"caption\":\"Panamanian journalist Gisel Bethancourt has been reporting on the Darien Gap for\"},{\"@type\":\"BreadcrumbList\",\"@id\":\"https:\\\/\\\/latamjournalismreview.org\\\/es\\\/articles\\\/periodistas-que-cubren-el-tapon-del-darien-revelan-la-tragedia-y-la-transformacion-en-la-selva\\\/#breadcrumb\",\"itemListElement\":[{\"@type\":\"ListItem\",\"position\":1,\"name\":\"Home\",\"item\":\"https:\\\/\\\/latamjournalismreview.org\\\/es\\\/\"},{\"@type\":\"ListItem\",\"position\":2,\"name\":\"Periodistas que cubren el Tap\u00f3n del Dari\u00e9n revelan la tragedia y la transformaci\u00f3n en la selva\"}]},{\"@type\":\"WebSite\",\"@id\":\"https:\\\/\\\/latamjournalismreview.org\\\/es\\\/#website\",\"url\":\"https:\\\/\\\/latamjournalismreview.org\\\/es\\\/\",\"name\":\"LatAm Journalism Review\",\"description\":\"Knight Center at The University of Texas\",\"publisher\":{\"@id\":\"https:\\\/\\\/latamjournalismreview.org\\\/es\\\/#organization\"},\"potentialAction\":[{\"@type\":\"SearchAction\",\"target\":{\"@type\":\"EntryPoint\",\"urlTemplate\":\"https:\\\/\\\/latamjournalismreview.org\\\/es\\\/?s={search_term_string}\"},\"query-input\":{\"@type\":\"PropertyValueSpecification\",\"valueRequired\":true,\"valueName\":\"search_term_string\"}}],\"inLanguage\":\"es\"},{\"@type\":\"Organization\",\"@id\":\"https:\\\/\\\/latamjournalismreview.org\\\/es\\\/#organization\",\"name\":\"LatAm Journalism Review\",\"url\":\"https:\\\/\\\/latamjournalismreview.org\\\/es\\\/\",\"logo\":{\"@type\":\"ImageObject\",\"inLanguage\":\"es\",\"@id\":\"https:\\\/\\\/latamjournalismreview.org\\\/es\\\/#\\\/schema\\\/logo\\\/image\\\/\",\"url\":\"https:\\\/\\\/latamjournalismreview.org\\\/wp-content\\\/uploads\\\/2020\\\/05\\\/knight-latAm-review-logo.svg\",\"contentUrl\":\"https:\\\/\\\/latamjournalismreview.org\\\/wp-content\\\/uploads\\\/2020\\\/05\\\/knight-latAm-review-logo.svg\",\"width\":\"1024\",\"height\":\"1024\",\"caption\":\"LatAm Journalism Review\"},\"image\":{\"@id\":\"https:\\\/\\\/latamjournalismreview.org\\\/es\\\/#\\\/schema\\\/logo\\\/image\\\/\"},\"sameAs\":[\"https:\\\/\\\/x.com\\\/LatAmJournalism\"]},{\"@type\":\"Person\",\"@id\":\"https:\\\/\\\/latamjournalismreview.org\\\/es\\\/#\\\/schema\\\/person\\\/b83a4912f05c8178389e917d8d51de03\",\"name\":\"Teresa Mioli\",\"description\":\"Teresa Mioli is the editorial manager for the Knight Center for Journalism in the Americas. She is interested in press freedom, democratization, and investigative journalism in Latin America and is dedicated to increasing awareness about the importance of independent news media to the health of democracies. She produces journalistic work with the aim of helping people to make informed decisions about their lives and societies and wants to make sure other journalists are able to do the same. She has Bachelors' degrees in Journalism and Plan II Honors (Liberal Arts) and a Master's degree in Latin American Studies, all from the University of Texas at Austin. She started her journalistic career at The Beaumont Enterprise in Southeast Texas where she last worked as a breaking news reporter. ______ Teresa Mioli es la directora editorial del Centro Knight para el Periodismo en las Am\u00e9ricas. Es una periodista con inter\u00e9s en la libertad de prensa, la democratizaci\u00f3n y el periodismo investigativo en Am\u00e9rica Latina y est\u00e1 dedicada a crear mayor consciencia sobre la importancia de los medios noticiosos independientes para la salud de las democracias. El objetivo de su trabajo period\u00edstico es ayudar las personas para que tomen decisiones informadas sobre sus vidas y sus sociedades, y busca que otros periodistas tengan la posibilidad de hacer lo mismo. Teresa tiene una licenciatura en Periodismo y Artes liberales (Plan II Honors), y una maestr\u00eda en Estudios Latinoamericanos, todos de la Universidad de Texas en Austin. Empez\u00f3 su carrera en periodismo en The Beaumont Enterprise al sureste de Texas, en donde recientemente trabaj\u00f3 como reportera de noticias de \u00faltima hora. Anteriormente ella fue la editora de LatAm Journalism Review del Centro Knight. ______ Teresa Mioli \u00e9 gerente editorial do Centro Knight para o Jornalismo nas Am\u00e9ricas. Ela se interessa por liberdade de imprensa, democratiza\u00e7\u00e3o e jornalismo investigativo na Am\u00e9rica Latina e se dedica a aumentar a conscientiza\u00e7\u00e3o sobre a import\u00e2ncia da m\u00eddia independente para a sa\u00fade das democracias. Ela produz trabalhos jornal\u00edsticos com o objetivo de ajudar as pessoas a tomarem decis\u00f5es informadas sobre suas vidas e sociedades e deseja garantir que outros jornalistas possam fazer o mesmo. Ela tem bacharelado em jornalismo e artes liberais e um mestrado em Estudos Latino-Americanos, todos pela Universidade do Texas em Austin. Ela come\u00e7ou sua carreira jornal\u00edstica na The Beaumont Enterprise no sudeste do Texas, onde trabalhou pela \u00faltima vez como rep\u00f3rter de not\u00edcias de \u00faltima hora.\",\"sameAs\":[\"https:\\\/\\\/x.com\\\/TeresaMioli\"],\"url\":\"https:\\\/\\\/latamjournalismreview.org\\\/es\\\/articles\\\/author\\\/teresa-mioli\\\/\"}]}<\/script>\n<!-- \/ Yoast SEO Premium plugin. -->","yoast_head_json":{"title":"Periodistas que cubren el Tap\u00f3n del Dari\u00e9n revelan la tragedia y la transformaci\u00f3n en la selva - LatAm Journalism Review","description":"Periodistas que cubren el Tap\u00f3n del Dari\u00e9n revelan la tragedia y la transformaci\u00f3n en la selva Reportajes especiales. Latin American Journalism Review by The Knight Center at The University of Texas at Austin.","robots":{"index":"index","follow":"follow","max-snippet":"max-snippet:-1","max-image-preview":"max-image-preview:large","max-video-preview":"max-video-preview:-1"},"canonical":"https:\/\/latamjournalismreview.org\/es\/articles\/periodistas-que-cubren-el-tapon-del-darien-revelan-la-tragedia-y-la-transformacion-en-la-selva\/","og_locale":"es_ES","og_type":"article","og_title":"Periodistas que cubren el Tap\u00f3n del Dari\u00e9n revelan la tragedia y la transformaci\u00f3n en la selva","og_description":"Periodistas que cubren el Tap\u00f3n del Dari\u00e9n revelan la tragedia y la transformaci\u00f3n en la selva Reportajes especiales. Latin American Journalism Review by The Knight Center at The University of Texas at Austin.","og_url":"https:\/\/latamjournalismreview.org\/es\/articles\/periodistas-que-cubren-el-tapon-del-darien-revelan-la-tragedia-y-la-transformacion-en-la-selva\/","og_site_name":"LatAm Journalism Review","article_published_time":"2024-10-28T21:37:08+00:00","article_modified_time":"2024-10-29T21:30:51+00:00","og_image":[{"width":507,"height":340,"url":"https:\/\/latamjournalismreview.org\/wp-content\/uploads\/2024\/10\/FEATURED-Darien-Gap.png","type":"image\/png"}],"author":"Teresa Mioli","twitter_card":"summary_large_image","twitter_creator":"@TeresaMioli","twitter_site":"@LatAmJournalism","twitter_misc":{"Written by":"Teresa Mioli","Est. reading time":"6 minutos"},"schema":{"@context":"https:\/\/schema.org","@graph":[{"@type":"Article","@id":"https:\/\/latamjournalismreview.org\/es\/articles\/periodistas-que-cubren-el-tapon-del-darien-revelan-la-tragedia-y-la-transformacion-en-la-selva\/#article","isPartOf":{"@id":"https:\/\/latamjournalismreview.org\/es\/articles\/periodistas-que-cubren-el-tapon-del-darien-revelan-la-tragedia-y-la-transformacion-en-la-selva\/"},"author":{"name":"Teresa Mioli","@id":"https:\/\/latamjournalismreview.org\/es\/#\/schema\/person\/b83a4912f05c8178389e917d8d51de03"},"headline":"Periodistas que cubren el Tap\u00f3n del Dari\u00e9n revelan la tragedia y la transformaci\u00f3n en la selva","datePublished":"2024-10-28T21:37:08+00:00","dateModified":"2024-10-29T21:30:51+00:00","mainEntityOfPage":{"@id":"https:\/\/latamjournalismreview.org\/es\/articles\/periodistas-que-cubren-el-tapon-del-darien-revelan-la-tragedia-y-la-transformacion-en-la-selva\/"},"wordCount":1180,"publisher":{"@id":"https:\/\/latamjournalismreview.org\/es\/#organization"},"image":{"@id":"https:\/\/latamjournalismreview.org\/es\/articles\/periodistas-que-cubren-el-tapon-del-darien-revelan-la-tragedia-y-la-transformacion-en-la-selva\/#primaryimage"},"thumbnailUrl":"https:\/\/latamjournalismreview.org\/wp-content\/uploads\/2024\/10\/FEATURED-Darien-Gap.png","keywords":["Colombia","Migraci\u00f3n","Panam\u00e1"],"articleSection":["Reportajes especiales"],"inLanguage":"es"},{"@type":"WebPage","@id":"https:\/\/latamjournalismreview.org\/es\/articles\/periodistas-que-cubren-el-tapon-del-darien-revelan-la-tragedia-y-la-transformacion-en-la-selva\/","url":"https:\/\/latamjournalismreview.org\/es\/articles\/periodistas-que-cubren-el-tapon-del-darien-revelan-la-tragedia-y-la-transformacion-en-la-selva\/","name":"Periodistas que cubren el Tap\u00f3n del Dari\u00e9n revelan la tragedia y la transformaci\u00f3n en la selva - LatAm Journalism Review","isPartOf":{"@id":"https:\/\/latamjournalismreview.org\/es\/#website"},"primaryImageOfPage":{"@id":"https:\/\/latamjournalismreview.org\/es\/articles\/periodistas-que-cubren-el-tapon-del-darien-revelan-la-tragedia-y-la-transformacion-en-la-selva\/#primaryimage"},"image":{"@id":"https:\/\/latamjournalismreview.org\/es\/articles\/periodistas-que-cubren-el-tapon-del-darien-revelan-la-tragedia-y-la-transformacion-en-la-selva\/#primaryimage"},"thumbnailUrl":"https:\/\/latamjournalismreview.org\/wp-content\/uploads\/2024\/10\/FEATURED-Darien-Gap.png","datePublished":"2024-10-28T21:37:08+00:00","dateModified":"2024-10-29T21:30:51+00:00","description":"Periodistas que cubren el Tap\u00f3n del Dari\u00e9n revelan la tragedia y la transformaci\u00f3n en la selva Reportajes especiales. Latin American Journalism Review by The Knight Center at The University of Texas at Austin.","breadcrumb":{"@id":"https:\/\/latamjournalismreview.org\/es\/articles\/periodistas-que-cubren-el-tapon-del-darien-revelan-la-tragedia-y-la-transformacion-en-la-selva\/#breadcrumb"},"inLanguage":"es","potentialAction":[{"@type":"ReadAction","target":["https:\/\/latamjournalismreview.org\/es\/articles\/periodistas-que-cubren-el-tapon-del-darien-revelan-la-tragedia-y-la-transformacion-en-la-selva\/"]}]},{"@type":"ImageObject","inLanguage":"es","@id":"https:\/\/latamjournalismreview.org\/es\/articles\/periodistas-que-cubren-el-tapon-del-darien-revelan-la-tragedia-y-la-transformacion-en-la-selva\/#primaryimage","url":"https:\/\/latamjournalismreview.org\/wp-content\/uploads\/2024\/10\/FEATURED-Darien-Gap.png","contentUrl":"https:\/\/latamjournalismreview.org\/wp-content\/uploads\/2024\/10\/FEATURED-Darien-Gap.png","width":507,"height":340,"caption":"Panamanian journalist Gisel Bethancourt has been reporting on the Darien Gap for"},{"@type":"BreadcrumbList","@id":"https:\/\/latamjournalismreview.org\/es\/articles\/periodistas-que-cubren-el-tapon-del-darien-revelan-la-tragedia-y-la-transformacion-en-la-selva\/#breadcrumb","itemListElement":[{"@type":"ListItem","position":1,"name":"Home","item":"https:\/\/latamjournalismreview.org\/es\/"},{"@type":"ListItem","position":2,"name":"Periodistas que cubren el Tap\u00f3n del Dari\u00e9n revelan la tragedia y la transformaci\u00f3n en la selva"}]},{"@type":"WebSite","@id":"https:\/\/latamjournalismreview.org\/es\/#website","url":"https:\/\/latamjournalismreview.org\/es\/","name":"LatAm Journalism Review","description":"Knight Center at The University of Texas","publisher":{"@id":"https:\/\/latamjournalismreview.org\/es\/#organization"},"potentialAction":[{"@type":"SearchAction","target":{"@type":"EntryPoint","urlTemplate":"https:\/\/latamjournalismreview.org\/es\/?s={search_term_string}"},"query-input":{"@type":"PropertyValueSpecification","valueRequired":true,"valueName":"search_term_string"}}],"inLanguage":"es"},{"@type":"Organization","@id":"https:\/\/latamjournalismreview.org\/es\/#organization","name":"LatAm Journalism Review","url":"https:\/\/latamjournalismreview.org\/es\/","logo":{"@type":"ImageObject","inLanguage":"es","@id":"https:\/\/latamjournalismreview.org\/es\/#\/schema\/logo\/image\/","url":"https:\/\/latamjournalismreview.org\/wp-content\/uploads\/2020\/05\/knight-latAm-review-logo.svg","contentUrl":"https:\/\/latamjournalismreview.org\/wp-content\/uploads\/2020\/05\/knight-latAm-review-logo.svg","width":"1024","height":"1024","caption":"LatAm Journalism Review"},"image":{"@id":"https:\/\/latamjournalismreview.org\/es\/#\/schema\/logo\/image\/"},"sameAs":["https:\/\/x.com\/LatAmJournalism"]},{"@type":"Person","@id":"https:\/\/latamjournalismreview.org\/es\/#\/schema\/person\/b83a4912f05c8178389e917d8d51de03","name":"Teresa Mioli","description":"Teresa Mioli is the editorial manager for the Knight Center for Journalism in the Americas. She is interested in press freedom, democratization, and investigative journalism in Latin America and is dedicated to increasing awareness about the importance of independent news media to the health of democracies. She produces journalistic work with the aim of helping people to make informed decisions about their lives and societies and wants to make sure other journalists are able to do the same. She has Bachelors' degrees in Journalism and Plan II Honors (Liberal Arts) and a Master's degree in Latin American Studies, all from the University of Texas at Austin. She started her journalistic career at The Beaumont Enterprise in Southeast Texas where she last worked as a breaking news reporter. ______ Teresa Mioli es la directora editorial del Centro Knight para el Periodismo en las Am\u00e9ricas. Es una periodista con inter\u00e9s en la libertad de prensa, la democratizaci\u00f3n y el periodismo investigativo en Am\u00e9rica Latina y est\u00e1 dedicada a crear mayor consciencia sobre la importancia de los medios noticiosos independientes para la salud de las democracias. El objetivo de su trabajo period\u00edstico es ayudar las personas para que tomen decisiones informadas sobre sus vidas y sus sociedades, y busca que otros periodistas tengan la posibilidad de hacer lo mismo. Teresa tiene una licenciatura en Periodismo y Artes liberales (Plan II Honors), y una maestr\u00eda en Estudios Latinoamericanos, todos de la Universidad de Texas en Austin. Empez\u00f3 su carrera en periodismo en The Beaumont Enterprise al sureste de Texas, en donde recientemente trabaj\u00f3 como reportera de noticias de \u00faltima hora. Anteriormente ella fue la editora de LatAm Journalism Review del Centro Knight. ______ Teresa Mioli \u00e9 gerente editorial do Centro Knight para o Jornalismo nas Am\u00e9ricas. Ela se interessa por liberdade de imprensa, democratiza\u00e7\u00e3o e jornalismo investigativo na Am\u00e9rica Latina e se dedica a aumentar a conscientiza\u00e7\u00e3o sobre a import\u00e2ncia da m\u00eddia independente para a sa\u00fade das democracias. Ela produz trabalhos jornal\u00edsticos com o objetivo de ajudar as pessoas a tomarem decis\u00f5es informadas sobre suas vidas e sociedades e deseja garantir que outros jornalistas possam fazer o mesmo. Ela tem bacharelado em jornalismo e artes liberais e um mestrado em Estudos Latino-Americanos, todos pela Universidade do Texas em Austin. Ela come\u00e7ou sua carreira jornal\u00edstica na The Beaumont Enterprise no sudeste do Texas, onde trabalhou pela \u00faltima vez como rep\u00f3rter de not\u00edcias de \u00faltima hora.","sameAs":["https:\/\/x.com\/TeresaMioli"],"url":"https:\/\/latamjournalismreview.org\/es\/articles\/author\/teresa-mioli\/"}]}},"_links":{"self":[{"href":"https:\/\/latamjournalismreview.org\/es\/wp-json\/wp\/v2\/posts\/92583","targetHints":{"allow":["GET"]}}],"collection":[{"href":"https:\/\/latamjournalismreview.org\/es\/wp-json\/wp\/v2\/posts"}],"about":[{"href":"https:\/\/latamjournalismreview.org\/es\/wp-json\/wp\/v2\/types\/post"}],"author":[{"embeddable":true,"href":"https:\/\/latamjournalismreview.org\/es\/wp-json\/wp\/v2\/users\/3"}],"replies":[{"embeddable":true,"href":"https:\/\/latamjournalismreview.org\/es\/wp-json\/wp\/v2\/comments?post=92583"}],"version-history":[{"count":9,"href":"https:\/\/latamjournalismreview.org\/es\/wp-json\/wp\/v2\/posts\/92583\/revisions"}],"predecessor-version":[{"id":92680,"href":"https:\/\/latamjournalismreview.org\/es\/wp-json\/wp\/v2\/posts\/92583\/revisions\/92680"}],"wp:featuredmedia":[{"embeddable":true,"href":"https:\/\/latamjournalismreview.org\/es\/wp-json\/wp\/v2\/media\/92567"}],"wp:attachment":[{"href":"https:\/\/latamjournalismreview.org\/es\/wp-json\/wp\/v2\/media?parent=92583"}],"wp:term":[{"taxonomy":"category","embeddable":true,"href":"https:\/\/latamjournalismreview.org\/es\/wp-json\/wp\/v2\/categories?post=92583"},{"taxonomy":"post_tag","embeddable":true,"href":"https:\/\/latamjournalismreview.org\/es\/wp-json\/wp\/v2\/tags?post=92583"},{"taxonomy":"author","embeddable":true,"href":"https:\/\/latamjournalismreview.org\/es\/wp-json\/wp\/v2\/coauthors?post=92583"}],"curies":[{"name":"wp","href":"https:\/\/api.w.org\/{rel}","templated":true}]}}