{"id":93254,"date":"2024-11-19T16:47:45","date_gmt":"2024-11-19T22:47:45","guid":{"rendered":"https:\/\/latamjournalismreview.org\/?p=93254"},"modified":"2024-11-19T19:38:52","modified_gmt":"2024-11-20T01:38:52","slug":"cinco-periodistas-reflexionan-sobre-la-cobertura-de-salud-en-latinoamerica-antes-durante-y-despues-de-la-pandemia","status":"publish","type":"post","link":"https:\/\/latamjournalismreview.org\/es\/articles\/cinco-periodistas-reflexionan-sobre-la-cobertura-de-salud-en-latinoamerica-antes-durante-y-despues-de-la-pandemia\/","title":{"rendered":"Cinco periodistas reflexionan sobre la cobertura de salud en Latinoam\u00e9rica antes, durante y despu\u00e9s de la pandemia"},"content":{"rendered":"<p><span style=\"font-weight: 400;\">La cobertura del periodismo de salud en Am\u00e9rica Latina ha evolucionado en las \u00faltimas d\u00e9cadas, con la pandemia del Covid-19 como un catalizador clave para el cambio.<\/span><\/p>\n<p><span style=\"font-weight: 400;\">Las experiencias de cinco destacados periodistas de la regi\u00f3n \u2014Marga Par\u00e9s Arroyo de Puerto Rico, Ronny Su\u00e1rez Celem\u00edn de Colombia, Rudy Jord\u00e1n Espejo<\/span><span style=\"font-weight: 400;\"> y Fabiola Torres<\/span><span style=\"font-weight: 400;\"> de Per\u00fa, y Liz Gasc\u00f3n de Venezuela\u2014 resumen c\u00f3mo la salud ha pasado de ser un tema t\u00e9cnico y espor\u00e1dico en los medios a ocupar un lugar central en las noticias.<\/span><\/p>\n<p><span style=\"font-weight: 400;\">Todos coinciden en que la pandemia marc\u00f3 un antes y un despu\u00e9s en la forma en que los medios y las audiencias abordan la salud. Pero, aunque el inter\u00e9s del p\u00fablico y los medios ha crecido, la falta de recursos y la carga emocional de quienes cubren estas historias permanecen.<\/span><\/p>\n<p><span style=\"font-weight: 400;\">Adem\u00e1s, los periodistas entrevistados reflexionan sobre la evoluci\u00f3n del inter\u00e9s p\u00fablico en salud, el uso de datos y narrativas humanas, la creciente atenci\u00f3n hacia la salud mental, la importancia de la empat\u00eda en las historias y el avance de formatos multimedia y colaborativos. <\/span><\/p>\n<p>&nbsp;<\/p>\n<div class=\"wp-block-image\">\n<div id=\"attachment_93229\" style=\"width: 310px\" class=\"wp-caption alignright\"><img loading=\"lazy\" decoding=\"async\" aria-describedby=\"caption-attachment-93229\" class=\"wp-image-93229 size-medium\" src=\"https:\/\/latamjournalismreview.org\/wp-content\/uploads\/2024\/11\/https___s3.amazonaws.com_arc-authors_gfrmedia_630cdef4-805e-441a-810d-a791bf331b43-300x259.jpg\" alt=\"woman smiling to the camera\" width=\"300\" height=\"259\" srcset=\"https:\/\/latamjournalismreview.org\/wp-content\/uploads\/2024\/11\/https___s3.amazonaws.com_arc-authors_gfrmedia_630cdef4-805e-441a-810d-a791bf331b43-300x259.jpg 300w, https:\/\/latamjournalismreview.org\/wp-content\/uploads\/2024\/11\/https___s3.amazonaws.com_arc-authors_gfrmedia_630cdef4-805e-441a-810d-a791bf331b43.jpg 340w\" sizes=\"auto, (max-width: 300px) 100vw, 300px\" \/><p id=\"caption-attachment-93229\" class=\"wp-caption-text\"><span style=\"font-weight: 400;\">Marga Par\u00e9s Arroyo, periodista de salud de Puerto Rico. (Foto: cortes\u00eda).<\/span><\/p><\/div>\n<\/div>\n<h3><span style=\"font-weight: 400;\">Marga Par\u00e9s Arroyo<\/span><span style=\"font-weight: 400;\">\u2013<\/span><span style=\"font-weight: 400;\"> Puerto Rico\u00a0<\/span><\/h3>\n<p><span style=\"font-weight: 400;\">Cuando se habla de periodismo de salud en Puerto Rico, no se puede dejar de nombrar a Marga Par\u00e9s Arroyo. Con casi 30 a\u00f1os de experiencia en los medios, Par\u00e9s Arroyo ha cubierto desde la<\/span><a href=\"https:\/\/bvirtualogp.pr.gov\/ogp\/Bvirtual\/leyesreferencia\/PDF\/Salud\/72-1993.pdf\"><span style=\"font-weight: 400;\"> Reforma de Salud de Puerto Rico <\/span><\/a><span style=\"font-weight: 400;\">en los a\u00f1os 90, hasta la <\/span><a href=\"https:\/\/es.wikipedia.org\/wiki\/Pandemia_de_gripe_A_(H1N1)_de_2009-2010_en_Puerto_Rico#:~:text=Hasta%20el%2010%20de%20marzo,la%20gripe%20A%20(H1N1).\"><span style=\"font-weight: 400;\">epidemia de influenza en 2009<\/span><\/a><span style=\"font-weight: 400;\">, los diversos brotes de dengue en la isla y la pandemia del COVID 19 que tuvo su pico entre el 2020 y 2021.\u00a0<\/span><\/p>\n<p><span style=\"font-weight: 400;\">Par\u00e9s Arroyo trabaj\u00f3 durante casi tres d\u00e9cadas en el medio <\/span><a href=\"https:\/\/www.elnuevodia.com\/\"><span style=\"font-weight: 400;\">El Nuevo D\u00eda<\/span><\/a><span style=\"font-weight: 400;\"> y ahora est\u00e1 ejerciendo de forma independiente.\u00a0<\/span><\/p>\n<p><span style=\"font-weight: 400;\">\u201cEn esa \u00e9poca, en mis primeros a\u00f1os en el periodismo, el tema de salud no se cubr\u00eda con ese elemento fiscalizador [de periodistas investigando al gobierno] de ahora\u201d, dijo Par\u00e9s Arroyo a <\/span><b>LatAm Journalism Review (LJR)<\/b><span style=\"font-weight: 400;\">. \u201cSe cubr\u00eda m\u00e1s bien desde el aspecto m\u00e9dico y enfermedades. Era una cobertura m\u00e1s de medicina y ciencia, de entrevistas a personas relacionadas a la salud\u201d.\u00a0<\/span><\/p>\n<p><span style=\"font-weight: 400;\">Para Par\u00e9s Arroyo aunque la pandemia\u00a0 s\u00ed signific\u00f3 un antes y un despu\u00e9s en el periodismo de salud en Puerto Rico, el crecimiento en el inter\u00e9s de las audiencias por estos temas fue creciendo de forma gradual a lo largo de los a\u00f1os.\u00a0<\/span><\/p>\n<p><span style=\"font-weight: 400;\">\u201cYa las audiencias ven\u00edan pidiendo m\u00e1s coberturas en temas de salud\u201d, dijo ella.\u00a0 \u201cTambi\u00e9n se vio a nivel empresarial. Diferentes compa\u00f1\u00edas comenzaron a auspiciar a los medios: aseguradoras, hospitales, fabricaci\u00f3n y distribuci\u00f3n de productos m\u00e9dicos, alimentaci\u00f3n nutritiva, etc\u201d.\u00a0<\/span><\/p>\n<p><span style=\"font-weight: 400;\">Sin embargo, Par\u00e9s Arroyo dijo\u00a0 que la pandemia trajo un elemento nuevo: el desconocimiento de la enfermedad no solo a nivel de la audiencia, sino tambi\u00e9n cient\u00edfico.\u00a0<\/span><\/p>\n<p><span style=\"font-weight: 400;\">\u201cNo hab\u00eda tratamiento, las vacunas tardaron casi un a\u00f1o desde los primeros casos\u201d, dijo. \u201cPor eso a nivel period\u00edstico, todos nos vimos obligados a cubrirlo. El tema estaba en todas las portadas y en todos los programas de radio y televisi\u00f3n\u201d.\u00a0\u00a0<\/span><\/p>\n<p><span style=\"font-weight: 400;\">Par\u00e9s Arroyo afirma que gracias a la pandemia se multiplicaron los programas de radio sobre salud en Puerto Rico as\u00ed como la publicaci\u00f3n de revistas especializadas.\u00a0<\/span><\/p>\n<p><span style=\"font-weight: 400;\">\u201cEstamos actualmente m\u00e1s conscientes de la relevancia que tiene la salud para el pueblo, para la ciudadan\u00eda, desde ciudadanos a pie hasta el paciente, el maestro, el vecino, el abuelo, el empresario y los gobernantes\u201d, dijo \u201cPero a\u00fan somos pocos los periodistas que nos dedicamos exclusivamente a temas de salud. Ha sido positivo el crecimiento pero falta mucho m\u00e1s\u201d.\u00a0<\/span><\/p>\n<p>&nbsp;<\/p>\n<h3><span style=\"font-weight: 400;\">Fabiola Torres<\/span><b>\u2013<\/b><span style=\"font-weight: 400;\"> Per\u00fa\u00a0<\/span><\/h3>\n<div id=\"attachment_93232\" style=\"width: 310px\" class=\"wp-caption alignleft\"><img loading=\"lazy\" decoding=\"async\" aria-describedby=\"caption-attachment-93232\" class=\"wp-image-93232 size-medium\" src=\"https:\/\/latamjournalismreview.org\/wp-content\/uploads\/2024\/11\/FabiolaTorres1-e1652205902433-300x300.jpg\" alt=\"a woman with a white shirt\" width=\"300\" height=\"300\" srcset=\"https:\/\/latamjournalismreview.org\/wp-content\/uploads\/2024\/11\/FabiolaTorres1-e1652205902433-300x300.jpg 300w, https:\/\/latamjournalismreview.org\/wp-content\/uploads\/2024\/11\/FabiolaTorres1-e1652205902433-150x150.jpg 150w, https:\/\/latamjournalismreview.org\/wp-content\/uploads\/2024\/11\/FabiolaTorres1-e1652205902433-24x24.jpg 24w, https:\/\/latamjournalismreview.org\/wp-content\/uploads\/2024\/11\/FabiolaTorres1-e1652205902433-48x48.jpg 48w, https:\/\/latamjournalismreview.org\/wp-content\/uploads\/2024\/11\/FabiolaTorres1-e1652205902433-96x96.jpg 96w, https:\/\/latamjournalismreview.org\/wp-content\/uploads\/2024\/11\/FabiolaTorres1-e1652205902433.jpg 520w\" sizes=\"auto, (max-width: 300px) 100vw, 300px\" \/><p id=\"caption-attachment-93232\" class=\"wp-caption-text\"><span style=\"font-weight: 400;\">Fabiola Torres es la fundadora y directora de Salud con Lupa<\/span> (Foto: cortes\u00eda)<\/p><\/div>\n<p><span style=\"font-weight: 400;\">Fabiola Torres es la fundadora y directora de Salud con Lupa, el \u00fanico medio especializado en la cobertura e investigaci\u00f3n de la salud p\u00fablica en Per\u00fa y en Latinoam\u00e9rica.\u00a0<\/span><\/p>\n<p><span style=\"font-weight: 400;\">El medio se fund\u00f3 menos de un a\u00f1o antes del comienzo de la pandemia por el Covid-19 y, desde entonces, ha usado el poder del periodismo colaborativo y basado en evidencia para realizar sus historias.\u00a0<\/span><\/p>\n<p><span style=\"font-weight: 400;\">\u201cLa pandemia de Covid-19 demostr\u00f3 la necesidad cr\u00edtica de informar de manera precisa y basada en evidencia. Ahora, el uso de datos estad\u00edsticos, gr\u00e1ficos y an\u00e1lisis visuales es cada vez m\u00e1s com\u00fan para explicar fen\u00f3menos de salud\u201d, dijo Torres a <\/span><b>LJR<\/b><span style=\"font-weight: 400;\">. \u201cTambi\u00e9n ha quedado una buena pr\u00e1ctica entre los periodistas de salud de hacer m\u00e1s notas explicativas de conceptos de temas de medicina y ciencia como ocurri\u00f3 con la viruela s\u00edmica, las olas de calor y de fact-checking para ayudar a detener la informaci\u00f3n enga\u00f1osa y falsa que prolifera en Internet\u201d.\u00a0<\/span><\/p>\n<p><span style=\"font-weight: 400;\">Sin embargo, dijo Torres, la salud p\u00fablica ha dejado de ser un tema \u2018sexy\u2019 en los \u00faltimos a\u00f1os en la mayor\u00eda de medios de comunicaci\u00f3n latinoamericanos.\u00a0<\/span><\/p>\n<p><span style=\"font-weight: 400;\">\u201cCreo que hemos vivido una resaca en el periodismo en general por la desgastante agenda que monopoliz\u00f3 la pandemia Covid-19, pero no significa que la audiencia se haya dejado de interesar por los temas de salud\u201d, dijo ella.<\/span><\/p>\n<p><span style=\"font-weight: 400;\">Torres dijo que los temas de salud p\u00fablica y ciencia han salido de la agenda permanente y de investigaci\u00f3n en la mayor\u00eda de medios tradicionales y nativos digitales.\u00a0<\/span><\/p>\n<p><span style=\"font-weight: 400;\">\u201cHan vuelto a lo que hac\u00edan en la pre pandemia, es decir, a solo cubrir este tema de manera eventual y dependiendo de la coyuntura (epidemias, alertas sanitarias locales, descontento de los usuarios con los servicios de salud)\u201d, dijo ella.<\/span><\/p>\n<p>&nbsp;<\/p>\n<h3><span style=\"font-weight: 400;\">Ronny Su\u00e1rez Celem\u00edn<\/span><b>\u2013<\/b><span style=\"font-weight: 400;\"> Colombia <\/span><\/h3>\n<p>&nbsp;<\/p>\n<div class=\"wp-block-image\">\n<div id=\"attachment_93238\" style=\"width: 310px\" class=\"wp-caption alignright\"><img loading=\"lazy\" decoding=\"async\" aria-describedby=\"caption-attachment-93238\" class=\"wp-image-93238 size-medium\" src=\"https:\/\/latamjournalismreview.org\/wp-content\/uploads\/2024\/11\/WhatsApp-Image-2024-11-19-at-5.05.06-PM-300x300.jpeg\" alt=\"a man in a white shirt\" width=\"300\" height=\"300\" srcset=\"https:\/\/latamjournalismreview.org\/wp-content\/uploads\/2024\/11\/WhatsApp-Image-2024-11-19-at-5.05.06-PM-300x300.jpeg 300w, https:\/\/latamjournalismreview.org\/wp-content\/uploads\/2024\/11\/WhatsApp-Image-2024-11-19-at-5.05.06-PM-1024x1024.jpeg 1024w, https:\/\/latamjournalismreview.org\/wp-content\/uploads\/2024\/11\/WhatsApp-Image-2024-11-19-at-5.05.06-PM-150x150.jpeg 150w, https:\/\/latamjournalismreview.org\/wp-content\/uploads\/2024\/11\/WhatsApp-Image-2024-11-19-at-5.05.06-PM-768x768.jpeg 768w, https:\/\/latamjournalismreview.org\/wp-content\/uploads\/2024\/11\/WhatsApp-Image-2024-11-19-at-5.05.06-PM-24x24.jpeg 24w, https:\/\/latamjournalismreview.org\/wp-content\/uploads\/2024\/11\/WhatsApp-Image-2024-11-19-at-5.05.06-PM-48x48.jpeg 48w, https:\/\/latamjournalismreview.org\/wp-content\/uploads\/2024\/11\/WhatsApp-Image-2024-11-19-at-5.05.06-PM-96x96.jpeg 96w, https:\/\/latamjournalismreview.org\/wp-content\/uploads\/2024\/11\/WhatsApp-Image-2024-11-19-at-5.05.06-PM.jpeg 1078w\" sizes=\"auto, (max-width: 300px) 100vw, 300px\" \/><p id=\"caption-attachment-93238\" class=\"wp-caption-text\">Ronny Su\u00e1rez Celem\u00edn, de Colombia, produce contenidos sobre salud en sus cuentas de redes sociales. (Foto: cortes\u00eda)<\/p><\/div>\n<\/div>\n<p><span style=\"font-weight: 400;\">Durante la pandemia Ronny Su\u00e1rez Celem\u00edn trabajaba en el diario El Tiempo, uno de los diarios referentes en Colombia. \u00c9l comenz\u00f3 a cubrir las noticias relacionadas al Covid-19 con una ventaja- ya ten\u00eda experiencia en la tem\u00e1tica de salud desde el 2016.<\/span><\/p>\n<p><span style=\"font-weight: 400;\">\u201cLos periodistas que ven\u00edamos cubriendo salud llegamos entendiendo mucho m\u00e1s de t\u00e9rminos epidemiol\u00f3gicos, por ejemplo, y teniendo mejor acceso a fuentes\u201d, dijo Su\u00e1rez Celem\u00edn a <\/span><b>LJR<\/b><span style=\"font-weight: 400;\">. \u201cMuchos periodistas de otras secciones que debieron volcarse completamente a cubrir salud de cero tuvieron que hacer un curso acelerado\u201d.\u00a0<\/span><\/p>\n<p><span style=\"font-weight: 400;\">Su\u00e1rez Celem\u00edn dijo que, despu\u00e9s del escenario de pandemia, esperaba que las redacciones colombianas tuvieran m\u00e1s presente el tema de salud pero no sucedi\u00f3 de esa manera.\u00a0<\/span><\/p>\n<p><span style=\"font-weight: 400;\">\u201cCreo que el estado de las cosas, por lo menos dentro de los medios de comunicaci\u00f3n, volvi\u00f3 a lo mismo [prepandemia]. Es decir, muy pocos periodistas especializados en salud\u201d, dijo.\u00a0 \u201cTambi\u00e9n hay mucha rotaci\u00f3n de periodistas dentro de las propias redacciones. Generalmente el periodista que cubre salud es un periodista junior que por las din\u00e1micas laborales no tiene una vocaci\u00f3n de permanencia\u201d.\u00a0<\/span><\/p>\n<p><span style=\"font-weight: 400;\">Inclusive el propio Su\u00e1rez Celem\u00edn se alej\u00f3 del \u00e1rea por un tiempo. Debido a la sobrecarga laboral y emocional que ten\u00eda despu\u00e9s de casi dos a\u00f1os cubriendo la pandemia, dej\u00f3 la redacci\u00f3n de El Tiempo y empez\u00f3 a trabajar en comunicaciones corporativas.\u00a0<\/span><\/p>\n<p><span style=\"font-weight: 400;\">Desde noviembre del a\u00f1o pasado, ha emprendido su proyecto de marca personal haciendo contenido de salud en sus cuentas en redes sociales (<\/span><a href=\"https:\/\/x.com\/RonnySuarez_\"><span style=\"font-weight: 400;\">X<\/span><\/a><span style=\"font-weight: 400;\"> e <\/span><a href=\"https:\/\/www.instagram.com\/ronnysuarezperiodista\/\"><span style=\"font-weight: 400;\">Instagram<\/span><\/a><span style=\"font-weight: 400;\">) y tambi\u00e9n desde su canal de <\/span><a href=\"https:\/\/www.youtube.com\/@RonnySuarezPeriodista\"><span style=\"font-weight: 400;\">YouTube.<\/span><\/a><\/p>\n<p><span style=\"font-weight: 400;\">\u201cSiento que la gente s\u00ed valora al periodista especializado en temas de salud y esta es una apuesta para seguir haciendo lo que me gusta\u201d. <\/span><\/p>\n<p>&nbsp;<\/p>\n<h3><span style=\"font-weight: 400;\">Rudy Jord\u00e1n Espejo<\/span><b>\u2013<\/b><span style=\"font-weight: 400;\"> Per\u00fa<\/span><\/h3>\n<p>&nbsp;<\/p>\n<div id=\"attachment_93241\" style=\"width: 360px\" class=\"wp-caption alignright\"><img loading=\"lazy\" decoding=\"async\" aria-describedby=\"caption-attachment-93241\" class=\"wp-image-93241\" src=\"https:\/\/latamjournalismreview.org\/wp-content\/uploads\/2024\/11\/Rudy-Jordan-1024x513-1-e1732053677313.jpg\" alt=\"a reporter\" width=\"350\" height=\"276\" srcset=\"https:\/\/latamjournalismreview.org\/wp-content\/uploads\/2024\/11\/Rudy-Jordan-1024x513-1-e1732053677313.jpg 650w, https:\/\/latamjournalismreview.org\/wp-content\/uploads\/2024\/11\/Rudy-Jordan-1024x513-1-e1732053677313-300x237.jpg 300w\" sizes=\"auto, (max-width: 350px) 100vw, 350px\" \/><p id=\"caption-attachment-93241\" class=\"wp-caption-text\">\u201c<span style=\"font-weight: 400;\">Hoy tenemos una cobertura global en el periodismo de salud, muchas alianzas de medios regionales, o de distintos pa\u00edses en formato digital<\/span>\", dijo el reportero peruano Rudy Jord\u00e1n Espejo. <span style=\"font-weight: 400;\">(Foto: cortes\u00eda)<\/span><\/p><\/div>\n<p><span style=\"font-weight: 400;\">Durante la pandemia, mientras muchos\u00a0 periodistas estaban detr\u00e1s de un escritorio analizando datos, el reportero Rudy Jord\u00e1n Espejo sal\u00eda a la calle a documentar lo que suced\u00eda en Per\u00fa.\u00a0<\/span><\/p>\n<p><span style=\"font-weight: 400;\">Su trabajo lo hizo merecedor en 2021 del <\/span><a href=\"https:\/\/premiorochedeperiodismo.com\/es\/\"><span style=\"font-weight: 400;\">Premio Roche de Periodismo en Salud <\/span><\/a><span style=\"font-weight: 400;\">\u00a0por \u2018<\/span><a href=\"https:\/\/www.youtube.com\/watch?v=0ktp3Sqdi1k\"><span style=\"font-weight: 400;\">COVID-19: 100 d\u00edas de la pandemia del coronavirus\u2019<\/span><\/a><span style=\"font-weight: 400;\">, un documental que muestra el impacto del Covid-19 en Per\u00fa desde el primer caso reportado por el gobierno el 6 de marzo de 2020 hasta los primeros cien d\u00edas.\u00a0<\/span><\/p>\n<p><span style=\"font-weight: 400;\">\u201cAntes la cobertura de salud ten\u00eda un espacio en la prensa, una p\u00e1gina en los peri\u00f3dicos y aparici\u00f3n espor\u00e1dica en los noticieros, pero no era un tema de m\u00e1xima importancia\u201d, dijo Jord\u00e1n Espejo. \u201cHoy tenemos una cobertura global en el periodismo de salud, muchas alianzas de medios regionales, o de distintos pa\u00edses en formato digital. Creo que hay m\u00e1s conciencia sobre la salud en nuestras vidas, pero no logramos a\u00fan un acceso satisfactorio, equitativo e integral. A\u00fan hace falta mayor cobertura a nivel local\u201d.<\/span><\/p>\n<p><span style=\"font-weight: 400;\">Adem\u00e1s, Jord\u00e1n Espejo dijo que los reportajes a profundidad en salud en la actualidad compiten \u201ccon las redes sociales, los virales y el desencanto del p\u00fablico de que la salud es un mal cr\u00f3nico e irreversible\u201d.\u00a0<\/span><\/p>\n<p><span style=\"font-weight: 400;\">Jord\u00e1n Espejo dijo que la pandemia adem\u00e1s de traer un aumento en el inter\u00e9s sobre salud p\u00fablica e integral, tambi\u00e9n posicion\u00f3 a la salud mental como un nuevo tema en la agenda informativa.\u00a0<\/span><\/p>\n<p><span style=\"font-weight: 400;\">Adem\u00e1s destaca que se publiquen cada vez m\u00e1s\u00a0 reportajes multimedia, fotogr\u00e1ficos y documentales relacionados al tema de salud.\u00a0<\/span><\/p>\n<p><span style=\"font-weight: 400;\">\u201cSi algo persiste en el periodismo es el poder persuasivo de las historias, la riqueza de reporteo, porque esto nos permite empatizar, sentirnos identificadas con las personas que vemos o leemos\u201d, dijo. \u201cRecomiendo ver<\/span><a href=\"https:\/\/pagina3.mx\/2021\/12\/la-parteria-tradicional-en-oaxaca-una-opcion-a-la-violencia-obstetrica\/\"><span style=\"font-weight: 400;\"> La parter\u00eda tradicional en Oaxaca, de Diana Manzo<\/span><\/a><span style=\"font-weight: 400;\">, <\/span><a href=\"https:\/\/conexionmigrante.com\/redes-migrantes\/\"><span style=\"font-weight: 400;\">Redes Migrantes en la Pandemia de Nadia Sanders <\/span><\/a><span style=\"font-weight: 400;\">o el impresionante trabajo del fot\u00f3grafo peruano <\/span><a href=\"https:\/\/ojo-publico.com\/ojolab\/libro-quiulacocha-ensayo-visual-sobre-el-impacto-minero-la-salud\"><span style=\"font-weight: 400;\">Marco Garro sobre la contaminaci\u00f3n minera en Cerro de Pasco<\/span><\/a><span style=\"font-weight: 400;\">\u201d.\u00a0<\/span><\/p>\n<p>&nbsp;<\/p>\n<h3><span style=\"font-weight: 400;\">Liz Gasc\u00f3n<\/span><b>\u2013<\/b><span style=\"font-weight: 400;\"> Venezuela<\/span><\/h3>\n<p>&nbsp;<\/p>\n<div id=\"attachment_93235\" style=\"width: 360px\" class=\"wp-caption alignleft\"><img loading=\"lazy\" decoding=\"async\" aria-describedby=\"caption-attachment-93235\" class=\"wp-image-93235\" src=\"https:\/\/latamjournalismreview.org\/wp-content\/uploads\/2024\/11\/WhatsApp-Image-2024-11-19-at-5.05.33-PM-300x207.jpeg\" alt=\"woman smiling to the camera\" width=\"350\" height=\"241\" srcset=\"https:\/\/latamjournalismreview.org\/wp-content\/uploads\/2024\/11\/WhatsApp-Image-2024-11-19-at-5.05.33-PM-300x207.jpeg 300w, https:\/\/latamjournalismreview.org\/wp-content\/uploads\/2024\/11\/WhatsApp-Image-2024-11-19-at-5.05.33-PM-1024x706.jpeg 1024w, https:\/\/latamjournalismreview.org\/wp-content\/uploads\/2024\/11\/WhatsApp-Image-2024-11-19-at-5.05.33-PM-768x529.jpeg 768w, https:\/\/latamjournalismreview.org\/wp-content\/uploads\/2024\/11\/WhatsApp-Image-2024-11-19-at-5.05.33-PM-1536x1058.jpeg 1536w, https:\/\/latamjournalismreview.org\/wp-content\/uploads\/2024\/11\/WhatsApp-Image-2024-11-19-at-5.05.33-PM-2048x1411.jpeg 2048w\" sizes=\"auto, (max-width: 350px) 100vw, 350px\" \/><p id=\"caption-attachment-93235\" class=\"wp-caption-text\"><span style=\"font-weight: 400;\">La periodista Liz Gasc\u00f3n, como parte del equipo del medio digital venezolano El Pitazo, ha participado en proyectos period\u00edsticos relacionados con el tema de salud y la cobertura de la crisis humanitaria en Venezuela. (Foto: cortes\u00eda)<\/span><\/p><\/div>\n<p><span style=\"font-weight: 400;\">La periodista Liz Gasc\u00f3n, como parte del equipo del medio digital venezolano El Pitazo, ha participado en proyectos period\u00edsticos relacionados con el tema de salud y la cobertura de la crisis humanitaria en Venezuela. Para ella, la pandemia trajo un cambio en la manera en que consigue las historias o se aproxima a las fuentes.\u00a0<\/span><\/p>\n<p><span style=\"font-weight: 400;\">\u201cAhora somos mucho m\u00e1s respetuosos\u201d, dijo.\u00a0 \u201cTodos en nuestro entorno tuvimos familiares o seres queridos que tuvieron secuelas o incluso murieron a ra\u00edz del coronavirus, aprendimos a acercarnos a las personas con mucho m\u00e1s respeto y somos mucho m\u00e1s humanos\u201d.\u00a0<\/span><\/p>\n<p><span style=\"font-weight: 400;\">Un ejemplo es la cobertura que hace El Pitazo a los pacientes renales en Venezuela. Seg\u00fan Gasc\u00f3n, en este caso,<\/span><a href=\"https:\/\/elpitazo.net\/tag\/unidad-de-dialisis\/\"><span style=\"font-weight: 400;\"> el medio ha estado realizando una cobertura<\/span><\/a><span style=\"font-weight: 400;\"> m\u00e1s orientada a contar el d\u00eda a d\u00eda de los pacientes desde el respeto y la empat\u00eda.\u00a0<\/span><\/p>\n<p><span style=\"font-weight: 400;\">Gasc\u00f3n dijo que los periodistas venezolanos ahora comprenden mucho m\u00e1s la importancia de la salud y de tener servicios que funcionen. Eso ha tra\u00eddo como consecuencia que la fuente de salud no sea la fuente comod\u00edn dentro de los medios en Venezuela, sino que se le de mayor espacio.\u00a0<\/span><\/p>\n<p><span style=\"font-weight: 400;\">Sin embargo, Gasc\u00f3n dijo que Venezuela es un caso particular por la<\/span><a href=\"https:\/\/latamjournalismreview.org\/es\/articles\/cierre-de-400-medios-en-20-anos-agrava-crisis-de-desempleo-en-el-periodismo-venezolano\/\"><span style=\"font-weight: 400;\"> disminuci\u00f3n de medios impresos y la reducida cantidad de reporteros en el interior del pa\u00eds<\/span><\/a><span style=\"font-weight: 400;\">.\u00a0<\/span><\/p>\n<p><span style=\"font-weight: 400;\">A\u00fan as\u00ed hay ejemplos de trabajos period\u00edsticos\u00a0 colaborativos, realizados previo a la pandemia, como \u2018<\/span><a href=\"https:\/\/www.connectas.org\/especiales\/la-generacion-del-hambre\/la-generacion-del-hambre.html\"><span style=\"font-weight: 400;\">Generaci\u00f3n del hambre<\/span><\/a><span style=\"font-weight: 400;\">\u2019, ganador del Ortega y Gasset 2019, en la categor\u00eda mejor cobertura multimedia;\u00a0 \u2018<\/span><a href=\"https:\/\/vocesdeldesamparo.com\/\"><span style=\"font-weight: 400;\">Voces del desamparo<\/span><\/a><span style=\"font-weight: 400;\">\u2019, menci\u00f3n honor\u00edfica en el Premio SIP 2019\u00a0 y el podcast \u2018<\/span><a href=\"https:\/\/vocesdeldesamparo.com\/project\/condenado-a-morir-de-tuberculosis\/\"><span style=\"font-weight: 400;\">Condenado a morir de tuberculosis<\/span><\/a><span style=\"font-weight: 400;\">\u2019, ganador del Premio Roche 2020, en la categor\u00eda de periodismo sonoro.\u00a0<\/span><\/p>\n<p><span style=\"font-weight: 400;\">Un patr\u00f3n que Gasc\u00f3n dijo haber reconocido es que despu\u00e9s del coronavirus, los medios de comunicaci\u00f3n en Venezuela hablan mucho m\u00e1s de la salud mental.\u00a0<\/span><\/p>\n<p><span style=\"font-weight: 400;\">\u201cAntes no se abordaba tanto\u201d, dijo. \u201cAhora se dan informaciones \u00fatiles al final de las notas o dentro del texto. Ponemos los contactos de organizaciones que ofrecen terapia gratuita o servicios de salud reproductiva, etc. Antes se cubr\u00eda con un lenguaje m\u00e1s t\u00e9cnico, m\u00e1s distante, ahora es m\u00e1s cercano [a la audiencia]\u201d.\u00a0<\/span><\/p>\n<p>&nbsp;<\/p>\n","protected":false},"excerpt":{"rendered":"<p>Las experiencias de cinco destacados periodistas de la regi\u00f3n ilustran c\u00f3mo la salud ha pasado de ser un tema t\u00e9cnico y espor\u00e1dico en los medios de comunicaci\u00f3n a ocupar un lugar central en la cobertura informativa.<\/p>\n","protected":false},"author":36,"featured_media":93246,"comment_status":"closed","ping_status":"closed","sticky":false,"template":"","format":"standard","meta":{"inline_featured_image":false,"footnotes":""},"categories":[1213,2441],"tags":[],"coauthors":[2745],"class_list":["post-93254","post","type-post","status-publish","format-standard","has-post-thumbnail","hentry","category-colaboracion-es","category-nativos"],"acf":[],"yoast_head":"<!-- This site is optimized with the Yoast SEO Premium plugin v22.6 (Yoast SEO v27.4) - https:\/\/yoast.com\/product\/yoast-seo-premium-wordpress\/ -->\n<title>Cinco periodistas reflexionan sobre la cobertura de salud en Latinoam\u00e9rica antes, durante y despu\u00e9s de la pandemia - LatAm Journalism Review<\/title>\n<meta name=\"description\" content=\"Cinco periodistas reflexionan sobre la cobertura de salud en Latinoam\u00e9rica antes, durante y despu\u00e9s de la pandemia Nativos digitales Conoce c\u00f3mo la cobertura del periodismo de salud en Am\u00e9rica Latina ha evolucionado en las \u00faltimas d\u00e9cadas, con la pandemia del Covid-19 como un catalizador clave para el cambio.\" \/>\n<meta name=\"robots\" content=\"index, follow, max-snippet:-1, max-image-preview:large, max-video-preview:-1\" \/>\n<link rel=\"canonical\" href=\"https:\/\/latamjournalismreview.org\/es\/articles\/cinco-periodistas-reflexionan-sobre-la-cobertura-de-salud-en-latinoamerica-antes-durante-y-despues-de-la-pandemia\/\" \/>\n<meta property=\"og:locale\" content=\"es_ES\" \/>\n<meta property=\"og:type\" content=\"article\" \/>\n<meta property=\"og:title\" content=\"Cinco periodistas reflexionan sobre la cobertura de salud en Latinoam\u00e9rica antes, durante y despu\u00e9s de la pandemia\" \/>\n<meta property=\"og:description\" content=\"Cinco periodistas reflexionan sobre la cobertura de salud en Latinoam\u00e9rica antes, durante y despu\u00e9s de la pandemia Nativos digitales Conoce c\u00f3mo la cobertura del periodismo de salud en Am\u00e9rica Latina ha evolucionado en las \u00faltimas d\u00e9cadas, con la pandemia del Covid-19 como un catalizador clave para el cambio.\" \/>\n<meta property=\"og:url\" content=\"https:\/\/latamjournalismreview.org\/es\/articles\/cinco-periodistas-reflexionan-sobre-la-cobertura-de-salud-en-latinoamerica-antes-durante-y-despues-de-la-pandemia\/\" \/>\n<meta property=\"og:site_name\" content=\"LatAm Journalism Review\" \/>\n<meta property=\"article:published_time\" content=\"2024-11-19T22:47:45+00:00\" \/>\n<meta property=\"article:modified_time\" content=\"2024-11-20T01:38:52+00:00\" \/>\n<meta property=\"og:image\" content=\"https:\/\/latamjournalismreview.org\/wp-content\/uploads\/2024\/11\/FEATUREDhealthjournalism.png\" \/>\n\t<meta property=\"og:image:width\" content=\"507\" \/>\n\t<meta property=\"og:image:height\" content=\"340\" \/>\n\t<meta property=\"og:image:type\" content=\"image\/png\" \/>\n<meta name=\"author\" content=\"Katherine Pennacchio\" \/>\n<meta name=\"twitter:card\" content=\"summary_large_image\" \/>\n<meta name=\"twitter:creator\" content=\"@kathypennacchio\" \/>\n<meta name=\"twitter:site\" content=\"@LatAmJournalism\" \/>\n<meta name=\"twitter:label1\" content=\"Written by\" \/>\n\t<meta name=\"twitter:data1\" content=\"Katherine Pennacchio\" \/>\n\t<meta name=\"twitter:label2\" content=\"Est. reading time\" \/>\n\t<meta name=\"twitter:data2\" content=\"10 minutos\" \/>\n<script type=\"application\/ld+json\" class=\"yoast-schema-graph\">{\"@context\":\"https:\\\/\\\/schema.org\",\"@graph\":[{\"@type\":\"Article\",\"@id\":\"https:\\\/\\\/latamjournalismreview.org\\\/es\\\/articles\\\/cinco-periodistas-reflexionan-sobre-la-cobertura-de-salud-en-latinoamerica-antes-durante-y-despues-de-la-pandemia\\\/#article\",\"isPartOf\":{\"@id\":\"https:\\\/\\\/latamjournalismreview.org\\\/es\\\/articles\\\/cinco-periodistas-reflexionan-sobre-la-cobertura-de-salud-en-latinoamerica-antes-durante-y-despues-de-la-pandemia\\\/\"},\"author\":{\"name\":\"Katherine Pennacchio\",\"@id\":\"https:\\\/\\\/latamjournalismreview.org\\\/es\\\/#\\\/schema\\\/person\\\/35fb0fc8541711528b3683cd6bf42190\"},\"headline\":\"Cinco periodistas reflexionan sobre la cobertura de salud en Latinoam\u00e9rica antes, durante y despu\u00e9s de la pandemia\",\"datePublished\":\"2024-11-19T22:47:45+00:00\",\"dateModified\":\"2024-11-20T01:38:52+00:00\",\"mainEntityOfPage\":{\"@id\":\"https:\\\/\\\/latamjournalismreview.org\\\/es\\\/articles\\\/cinco-periodistas-reflexionan-sobre-la-cobertura-de-salud-en-latinoamerica-antes-durante-y-despues-de-la-pandemia\\\/\"},\"wordCount\":2172,\"publisher\":{\"@id\":\"https:\\\/\\\/latamjournalismreview.org\\\/es\\\/#organization\"},\"image\":{\"@id\":\"https:\\\/\\\/latamjournalismreview.org\\\/es\\\/articles\\\/cinco-periodistas-reflexionan-sobre-la-cobertura-de-salud-en-latinoamerica-antes-durante-y-despues-de-la-pandemia\\\/#primaryimage\"},\"thumbnailUrl\":\"https:\\\/\\\/latamjournalismreview.org\\\/wp-content\\\/uploads\\\/2024\\\/11\\\/FEATUREDhealthjournalism.png\",\"articleSection\":[\"Colaboraci\u00f3n\",\"Nativos digitales\"],\"inLanguage\":\"es\"},{\"@type\":\"WebPage\",\"@id\":\"https:\\\/\\\/latamjournalismreview.org\\\/es\\\/articles\\\/cinco-periodistas-reflexionan-sobre-la-cobertura-de-salud-en-latinoamerica-antes-durante-y-despues-de-la-pandemia\\\/\",\"url\":\"https:\\\/\\\/latamjournalismreview.org\\\/es\\\/articles\\\/cinco-periodistas-reflexionan-sobre-la-cobertura-de-salud-en-latinoamerica-antes-durante-y-despues-de-la-pandemia\\\/\",\"name\":\"Cinco periodistas reflexionan sobre la cobertura de salud en Latinoam\u00e9rica antes, durante y despu\u00e9s de la pandemia - LatAm Journalism Review\",\"isPartOf\":{\"@id\":\"https:\\\/\\\/latamjournalismreview.org\\\/es\\\/#website\"},\"primaryImageOfPage\":{\"@id\":\"https:\\\/\\\/latamjournalismreview.org\\\/es\\\/articles\\\/cinco-periodistas-reflexionan-sobre-la-cobertura-de-salud-en-latinoamerica-antes-durante-y-despues-de-la-pandemia\\\/#primaryimage\"},\"image\":{\"@id\":\"https:\\\/\\\/latamjournalismreview.org\\\/es\\\/articles\\\/cinco-periodistas-reflexionan-sobre-la-cobertura-de-salud-en-latinoamerica-antes-durante-y-despues-de-la-pandemia\\\/#primaryimage\"},\"thumbnailUrl\":\"https:\\\/\\\/latamjournalismreview.org\\\/wp-content\\\/uploads\\\/2024\\\/11\\\/FEATUREDhealthjournalism.png\",\"datePublished\":\"2024-11-19T22:47:45+00:00\",\"dateModified\":\"2024-11-20T01:38:52+00:00\",\"description\":\"Cinco periodistas reflexionan sobre la cobertura de salud en Latinoam\u00e9rica antes, durante y despu\u00e9s de la pandemia Nativos digitales Conoce c\u00f3mo la cobertura del periodismo de salud en Am\u00e9rica Latina ha evolucionado en las \u00faltimas d\u00e9cadas, con la pandemia del Covid-19 como un catalizador clave para el cambio.\",\"breadcrumb\":{\"@id\":\"https:\\\/\\\/latamjournalismreview.org\\\/es\\\/articles\\\/cinco-periodistas-reflexionan-sobre-la-cobertura-de-salud-en-latinoamerica-antes-durante-y-despues-de-la-pandemia\\\/#breadcrumb\"},\"inLanguage\":\"es\",\"potentialAction\":[{\"@type\":\"ReadAction\",\"target\":[\"https:\\\/\\\/latamjournalismreview.org\\\/es\\\/articles\\\/cinco-periodistas-reflexionan-sobre-la-cobertura-de-salud-en-latinoamerica-antes-durante-y-despues-de-la-pandemia\\\/\"]}]},{\"@type\":\"ImageObject\",\"inLanguage\":\"es\",\"@id\":\"https:\\\/\\\/latamjournalismreview.org\\\/es\\\/articles\\\/cinco-periodistas-reflexionan-sobre-la-cobertura-de-salud-en-latinoamerica-antes-durante-y-despues-de-la-pandemia\\\/#primaryimage\",\"url\":\"https:\\\/\\\/latamjournalismreview.org\\\/wp-content\\\/uploads\\\/2024\\\/11\\\/FEATUREDhealthjournalism.png\",\"contentUrl\":\"https:\\\/\\\/latamjournalismreview.org\\\/wp-content\\\/uploads\\\/2024\\\/11\\\/FEATUREDhealthjournalism.png\",\"width\":507,\"height\":340,\"caption\":\"collage 5 photos\"},{\"@type\":\"BreadcrumbList\",\"@id\":\"https:\\\/\\\/latamjournalismreview.org\\\/es\\\/articles\\\/cinco-periodistas-reflexionan-sobre-la-cobertura-de-salud-en-latinoamerica-antes-durante-y-despues-de-la-pandemia\\\/#breadcrumb\",\"itemListElement\":[{\"@type\":\"ListItem\",\"position\":1,\"name\":\"Home\",\"item\":\"https:\\\/\\\/latamjournalismreview.org\\\/es\\\/\"},{\"@type\":\"ListItem\",\"position\":2,\"name\":\"Cinco periodistas reflexionan sobre la cobertura de salud en Latinoam\u00e9rica antes, durante y despu\u00e9s de la pandemia\"}]},{\"@type\":\"WebSite\",\"@id\":\"https:\\\/\\\/latamjournalismreview.org\\\/es\\\/#website\",\"url\":\"https:\\\/\\\/latamjournalismreview.org\\\/es\\\/\",\"name\":\"LatAm Journalism Review\",\"description\":\"Knight Center at The University of Texas\",\"publisher\":{\"@id\":\"https:\\\/\\\/latamjournalismreview.org\\\/es\\\/#organization\"},\"potentialAction\":[{\"@type\":\"SearchAction\",\"target\":{\"@type\":\"EntryPoint\",\"urlTemplate\":\"https:\\\/\\\/latamjournalismreview.org\\\/es\\\/?s={search_term_string}\"},\"query-input\":{\"@type\":\"PropertyValueSpecification\",\"valueRequired\":true,\"valueName\":\"search_term_string\"}}],\"inLanguage\":\"es\"},{\"@type\":\"Organization\",\"@id\":\"https:\\\/\\\/latamjournalismreview.org\\\/es\\\/#organization\",\"name\":\"LatAm Journalism Review\",\"url\":\"https:\\\/\\\/latamjournalismreview.org\\\/es\\\/\",\"logo\":{\"@type\":\"ImageObject\",\"inLanguage\":\"es\",\"@id\":\"https:\\\/\\\/latamjournalismreview.org\\\/es\\\/#\\\/schema\\\/logo\\\/image\\\/\",\"url\":\"https:\\\/\\\/latamjournalismreview.org\\\/wp-content\\\/uploads\\\/2020\\\/05\\\/knight-latAm-review-logo.svg\",\"contentUrl\":\"https:\\\/\\\/latamjournalismreview.org\\\/wp-content\\\/uploads\\\/2020\\\/05\\\/knight-latAm-review-logo.svg\",\"width\":\"1024\",\"height\":\"1024\",\"caption\":\"LatAm Journalism Review\"},\"image\":{\"@id\":\"https:\\\/\\\/latamjournalismreview.org\\\/es\\\/#\\\/schema\\\/logo\\\/image\\\/\"},\"sameAs\":[\"https:\\\/\\\/x.com\\\/LatAmJournalism\"]},{\"@type\":\"Person\",\"@id\":\"https:\\\/\\\/latamjournalismreview.org\\\/es\\\/#\\\/schema\\\/person\\\/35fb0fc8541711528b3683cd6bf42190\",\"name\":\"Katherine Pennacchio\",\"description\":\"Katherine Pennacchio is a Venezuelan journalist with a master's degree in Investigative, Data and Visualization Journalism from Unidad Editorial and the Rey Juan Carlos University of Madrid. Katherine is passionate about data analysis and currently works as a freelancer. ____ Katherine Pennacchio es una periodista venezolana con una maestr\u00eda en Periodismo de Investigaci\u00f3n, Datos y Visualizaci\u00f3n de la Unidad Editorial y la Universidad Rey Juan Carlos de Madrid. Katherine es una apasionada del an\u00e1lisis de datos y actualmente trabaja como independiente.\",\"sameAs\":[\"https:\\\/\\\/x.com\\\/kathypennacchio\"],\"url\":\"https:\\\/\\\/latamjournalismreview.org\\\/es\\\/articles\\\/author\\\/katherine-pennacchio\\\/\"}]}<\/script>\n<!-- \/ Yoast SEO Premium plugin. -->","yoast_head_json":{"title":"Cinco periodistas reflexionan sobre la cobertura de salud en Latinoam\u00e9rica antes, durante y despu\u00e9s de la pandemia - LatAm Journalism Review","description":"Cinco periodistas reflexionan sobre la cobertura de salud en Latinoam\u00e9rica antes, durante y despu\u00e9s de la pandemia Nativos digitales Conoce c\u00f3mo la cobertura del periodismo de salud en Am\u00e9rica Latina ha evolucionado en las \u00faltimas d\u00e9cadas, con la pandemia del Covid-19 como un catalizador clave para el cambio.","robots":{"index":"index","follow":"follow","max-snippet":"max-snippet:-1","max-image-preview":"max-image-preview:large","max-video-preview":"max-video-preview:-1"},"canonical":"https:\/\/latamjournalismreview.org\/es\/articles\/cinco-periodistas-reflexionan-sobre-la-cobertura-de-salud-en-latinoamerica-antes-durante-y-despues-de-la-pandemia\/","og_locale":"es_ES","og_type":"article","og_title":"Cinco periodistas reflexionan sobre la cobertura de salud en Latinoam\u00e9rica antes, durante y despu\u00e9s de la pandemia","og_description":"Cinco periodistas reflexionan sobre la cobertura de salud en Latinoam\u00e9rica antes, durante y despu\u00e9s de la pandemia Nativos digitales Conoce c\u00f3mo la cobertura del periodismo de salud en Am\u00e9rica Latina ha evolucionado en las \u00faltimas d\u00e9cadas, con la pandemia del Covid-19 como un catalizador clave para el cambio.","og_url":"https:\/\/latamjournalismreview.org\/es\/articles\/cinco-periodistas-reflexionan-sobre-la-cobertura-de-salud-en-latinoamerica-antes-durante-y-despues-de-la-pandemia\/","og_site_name":"LatAm Journalism Review","article_published_time":"2024-11-19T22:47:45+00:00","article_modified_time":"2024-11-20T01:38:52+00:00","og_image":[{"width":507,"height":340,"url":"https:\/\/latamjournalismreview.org\/wp-content\/uploads\/2024\/11\/FEATUREDhealthjournalism.png","type":"image\/png"}],"author":"Katherine Pennacchio","twitter_card":"summary_large_image","twitter_creator":"@kathypennacchio","twitter_site":"@LatAmJournalism","twitter_misc":{"Written by":"Katherine Pennacchio","Est. reading time":"10 minutos"},"schema":{"@context":"https:\/\/schema.org","@graph":[{"@type":"Article","@id":"https:\/\/latamjournalismreview.org\/es\/articles\/cinco-periodistas-reflexionan-sobre-la-cobertura-de-salud-en-latinoamerica-antes-durante-y-despues-de-la-pandemia\/#article","isPartOf":{"@id":"https:\/\/latamjournalismreview.org\/es\/articles\/cinco-periodistas-reflexionan-sobre-la-cobertura-de-salud-en-latinoamerica-antes-durante-y-despues-de-la-pandemia\/"},"author":{"name":"Katherine Pennacchio","@id":"https:\/\/latamjournalismreview.org\/es\/#\/schema\/person\/35fb0fc8541711528b3683cd6bf42190"},"headline":"Cinco periodistas reflexionan sobre la cobertura de salud en Latinoam\u00e9rica antes, durante y despu\u00e9s de la pandemia","datePublished":"2024-11-19T22:47:45+00:00","dateModified":"2024-11-20T01:38:52+00:00","mainEntityOfPage":{"@id":"https:\/\/latamjournalismreview.org\/es\/articles\/cinco-periodistas-reflexionan-sobre-la-cobertura-de-salud-en-latinoamerica-antes-durante-y-despues-de-la-pandemia\/"},"wordCount":2172,"publisher":{"@id":"https:\/\/latamjournalismreview.org\/es\/#organization"},"image":{"@id":"https:\/\/latamjournalismreview.org\/es\/articles\/cinco-periodistas-reflexionan-sobre-la-cobertura-de-salud-en-latinoamerica-antes-durante-y-despues-de-la-pandemia\/#primaryimage"},"thumbnailUrl":"https:\/\/latamjournalismreview.org\/wp-content\/uploads\/2024\/11\/FEATUREDhealthjournalism.png","articleSection":["Colaboraci\u00f3n","Nativos digitales"],"inLanguage":"es"},{"@type":"WebPage","@id":"https:\/\/latamjournalismreview.org\/es\/articles\/cinco-periodistas-reflexionan-sobre-la-cobertura-de-salud-en-latinoamerica-antes-durante-y-despues-de-la-pandemia\/","url":"https:\/\/latamjournalismreview.org\/es\/articles\/cinco-periodistas-reflexionan-sobre-la-cobertura-de-salud-en-latinoamerica-antes-durante-y-despues-de-la-pandemia\/","name":"Cinco periodistas reflexionan sobre la cobertura de salud en Latinoam\u00e9rica antes, durante y despu\u00e9s de la pandemia - LatAm Journalism Review","isPartOf":{"@id":"https:\/\/latamjournalismreview.org\/es\/#website"},"primaryImageOfPage":{"@id":"https:\/\/latamjournalismreview.org\/es\/articles\/cinco-periodistas-reflexionan-sobre-la-cobertura-de-salud-en-latinoamerica-antes-durante-y-despues-de-la-pandemia\/#primaryimage"},"image":{"@id":"https:\/\/latamjournalismreview.org\/es\/articles\/cinco-periodistas-reflexionan-sobre-la-cobertura-de-salud-en-latinoamerica-antes-durante-y-despues-de-la-pandemia\/#primaryimage"},"thumbnailUrl":"https:\/\/latamjournalismreview.org\/wp-content\/uploads\/2024\/11\/FEATUREDhealthjournalism.png","datePublished":"2024-11-19T22:47:45+00:00","dateModified":"2024-11-20T01:38:52+00:00","description":"Cinco periodistas reflexionan sobre la cobertura de salud en Latinoam\u00e9rica antes, durante y despu\u00e9s de la pandemia Nativos digitales Conoce c\u00f3mo la cobertura del periodismo de salud en Am\u00e9rica Latina ha evolucionado en las \u00faltimas d\u00e9cadas, con la pandemia del Covid-19 como un catalizador clave para el cambio.","breadcrumb":{"@id":"https:\/\/latamjournalismreview.org\/es\/articles\/cinco-periodistas-reflexionan-sobre-la-cobertura-de-salud-en-latinoamerica-antes-durante-y-despues-de-la-pandemia\/#breadcrumb"},"inLanguage":"es","potentialAction":[{"@type":"ReadAction","target":["https:\/\/latamjournalismreview.org\/es\/articles\/cinco-periodistas-reflexionan-sobre-la-cobertura-de-salud-en-latinoamerica-antes-durante-y-despues-de-la-pandemia\/"]}]},{"@type":"ImageObject","inLanguage":"es","@id":"https:\/\/latamjournalismreview.org\/es\/articles\/cinco-periodistas-reflexionan-sobre-la-cobertura-de-salud-en-latinoamerica-antes-durante-y-despues-de-la-pandemia\/#primaryimage","url":"https:\/\/latamjournalismreview.org\/wp-content\/uploads\/2024\/11\/FEATUREDhealthjournalism.png","contentUrl":"https:\/\/latamjournalismreview.org\/wp-content\/uploads\/2024\/11\/FEATUREDhealthjournalism.png","width":507,"height":340,"caption":"collage 5 photos"},{"@type":"BreadcrumbList","@id":"https:\/\/latamjournalismreview.org\/es\/articles\/cinco-periodistas-reflexionan-sobre-la-cobertura-de-salud-en-latinoamerica-antes-durante-y-despues-de-la-pandemia\/#breadcrumb","itemListElement":[{"@type":"ListItem","position":1,"name":"Home","item":"https:\/\/latamjournalismreview.org\/es\/"},{"@type":"ListItem","position":2,"name":"Cinco periodistas reflexionan sobre la cobertura de salud en Latinoam\u00e9rica antes, durante y despu\u00e9s de la pandemia"}]},{"@type":"WebSite","@id":"https:\/\/latamjournalismreview.org\/es\/#website","url":"https:\/\/latamjournalismreview.org\/es\/","name":"LatAm Journalism Review","description":"Knight Center at The University of Texas","publisher":{"@id":"https:\/\/latamjournalismreview.org\/es\/#organization"},"potentialAction":[{"@type":"SearchAction","target":{"@type":"EntryPoint","urlTemplate":"https:\/\/latamjournalismreview.org\/es\/?s={search_term_string}"},"query-input":{"@type":"PropertyValueSpecification","valueRequired":true,"valueName":"search_term_string"}}],"inLanguage":"es"},{"@type":"Organization","@id":"https:\/\/latamjournalismreview.org\/es\/#organization","name":"LatAm Journalism Review","url":"https:\/\/latamjournalismreview.org\/es\/","logo":{"@type":"ImageObject","inLanguage":"es","@id":"https:\/\/latamjournalismreview.org\/es\/#\/schema\/logo\/image\/","url":"https:\/\/latamjournalismreview.org\/wp-content\/uploads\/2020\/05\/knight-latAm-review-logo.svg","contentUrl":"https:\/\/latamjournalismreview.org\/wp-content\/uploads\/2020\/05\/knight-latAm-review-logo.svg","width":"1024","height":"1024","caption":"LatAm Journalism Review"},"image":{"@id":"https:\/\/latamjournalismreview.org\/es\/#\/schema\/logo\/image\/"},"sameAs":["https:\/\/x.com\/LatAmJournalism"]},{"@type":"Person","@id":"https:\/\/latamjournalismreview.org\/es\/#\/schema\/person\/35fb0fc8541711528b3683cd6bf42190","name":"Katherine Pennacchio","description":"Katherine Pennacchio is a Venezuelan journalist with a master's degree in Investigative, Data and Visualization Journalism from Unidad Editorial and the Rey Juan Carlos University of Madrid. Katherine is passionate about data analysis and currently works as a freelancer. ____ Katherine Pennacchio es una periodista venezolana con una maestr\u00eda en Periodismo de Investigaci\u00f3n, Datos y Visualizaci\u00f3n de la Unidad Editorial y la Universidad Rey Juan Carlos de Madrid. Katherine es una apasionada del an\u00e1lisis de datos y actualmente trabaja como independiente.","sameAs":["https:\/\/x.com\/kathypennacchio"],"url":"https:\/\/latamjournalismreview.org\/es\/articles\/author\/katherine-pennacchio\/"}]}},"_links":{"self":[{"href":"https:\/\/latamjournalismreview.org\/es\/wp-json\/wp\/v2\/posts\/93254","targetHints":{"allow":["GET"]}}],"collection":[{"href":"https:\/\/latamjournalismreview.org\/es\/wp-json\/wp\/v2\/posts"}],"about":[{"href":"https:\/\/latamjournalismreview.org\/es\/wp-json\/wp\/v2\/types\/post"}],"author":[{"embeddable":true,"href":"https:\/\/latamjournalismreview.org\/es\/wp-json\/wp\/v2\/users\/36"}],"replies":[{"embeddable":true,"href":"https:\/\/latamjournalismreview.org\/es\/wp-json\/wp\/v2\/comments?post=93254"}],"version-history":[{"count":2,"href":"https:\/\/latamjournalismreview.org\/es\/wp-json\/wp\/v2\/posts\/93254\/revisions"}],"predecessor-version":[{"id":93256,"href":"https:\/\/latamjournalismreview.org\/es\/wp-json\/wp\/v2\/posts\/93254\/revisions\/93256"}],"wp:featuredmedia":[{"embeddable":true,"href":"https:\/\/latamjournalismreview.org\/es\/wp-json\/wp\/v2\/media\/93246"}],"wp:attachment":[{"href":"https:\/\/latamjournalismreview.org\/es\/wp-json\/wp\/v2\/media?parent=93254"}],"wp:term":[{"taxonomy":"category","embeddable":true,"href":"https:\/\/latamjournalismreview.org\/es\/wp-json\/wp\/v2\/categories?post=93254"},{"taxonomy":"post_tag","embeddable":true,"href":"https:\/\/latamjournalismreview.org\/es\/wp-json\/wp\/v2\/tags?post=93254"},{"taxonomy":"author","embeddable":true,"href":"https:\/\/latamjournalismreview.org\/es\/wp-json\/wp\/v2\/coauthors?post=93254"}],"curies":[{"name":"wp","href":"https:\/\/api.w.org\/{rel}","templated":true}]}}