{"id":939,"date":"2020-04-15T23:17:08","date_gmt":"2020-04-16T04:17:08","guid":{"rendered":"https:\/\/live-lajr.pantheonsite.io\/?p=939"},"modified":"2020-06-02T20:49:17","modified_gmt":"2020-06-03T01:49:17","slug":"pandemia-de-covid-19-afecta-a-diarios-latinoamericanos-que-suspenden-ediciones-impresas-reducen-salarios-y-despiden-periodistas","status":"publish","type":"post","link":"https:\/\/latamjournalismreview.org\/es\/articles\/pandemia-de-covid-19-afecta-a-diarios-latinoamericanos-que-suspenden-ediciones-impresas-reducen-salarios-y-despiden-periodistas\/","title":{"rendered":"Pandemia de COVID-19 afecta a diarios latinoamericanos que suspenden ediciones impresas, reducen salarios y despiden periodistas"},"content":{"rendered":"<p style=\"font-weight: 400;\">Reducci\u00f3n o suspensi\u00f3n de ediciones impresas, recortes salariales y despidos masivos. La pandemia del coronavirus ha afectado la salud financiera de las compa\u00f1\u00edas de medios en Am\u00e9rica Latina en un momento en que el trabajo period\u00edstico es esencial para la sociedad.<\/p>\n<p style=\"font-weight: 400;\">En Brasil,\u00a0<a style=\"font-weight: inherit; font-style: inherit;\" href=\"https:\/\/translate.google.com\/translahttp:\/www.planalto.gov.br\/ccivil_03\/_Ato2019-2022\/2020\/Mpv\/mpv936.htm\">una medida provisional del gobierno autoriz\u00f3 a las empresas a reducir los salarios y las horas de trabajo hasta en un 70%<\/a>\u00a0por hasta 90 d\u00edas. El objetivo es aliviar las obligaciones corporativas y mantener el empleo durante la crisis.<\/p>\n<p><img loading=\"lazy\" decoding=\"async\" class=\" wp-image-937 alignleft\" src=\"https:\/\/live-lajr.pantheonsite.io\/wp-content\/uploads\/2020\/04\/layoff-300x225.png\" alt=\"\" width=\"442\" height=\"333\" srcset=\"https:\/\/latamjournalismreview.org\/wp-content\/uploads\/2020\/04\/layoff-300x225.png 300w, https:\/\/latamjournalismreview.org\/wp-content\/uploads\/2020\/04\/layoff.png 400w\" sizes=\"auto, (max-width: 442px) 100vw, 442px\" \/><\/p>\n<p style=\"font-weight: 400;\">El peri\u00f3dico O Estado de S. Paulo (Estad\u00e3o), uno de los tres m\u00e1s importantes del pa\u00eds, anunci\u00f3 el martes 14 de abril\u00a0<a style=\"font-weight: inherit; font-style: inherit;\" href=\"https:\/\/braziljournal.com\/as-pessimas-noticias-chegam-a-imprensa\">un recorte del 25% en los salarios y las horas de trabajo<\/a>\u00a0a partir de mayo. El plan prev\u00e9 una garant\u00eda de estabilidad de seis meses y un plan de salud hasta fin de a\u00f1o.<\/p>\n<p style=\"font-weight: 400;\">La compa\u00f1\u00eda, que tambi\u00e9n es responsable de Ag\u00eancia Estado, habr\u00eda perdido el 50% de los ingresos de anuncios impresos y eventos, seg\u00fan explic\u00f3 el editor en jefe Jo\u00e3o Caminoto a unos 250 periodistas que asistieron a una conferencia a trav\u00e9s de Hangout.<\/p>\n<p style=\"font-weight: 400;\">Seg\u00fan los periodistas, que participaron en la reuni\u00f3n virtual, la propuesta es cerrar un convenio colectivo a trav\u00e9s del sindicato de periodistas. Si no hay acuerdo, la compa\u00f1\u00eda propondr\u00e1 acuerdos individuales, sin garant\u00eda de estabilidad para aquellos que no lo acepten,\u00a0<a style=\"font-weight: inherit; font-style: inherit;\" href=\"https:\/\/braziljournal.com\/as-pessimas-noticias-chegam-a-imprensa\">inform\u00f3 Brazil Journal<\/a>.<\/p>\n<p style=\"font-weight: 400;\">En R\u00edo de Janeiro, el peri\u00f3dico O Dia anunci\u00f3 una reducci\u00f3n del 25% en los salarios y las horas de trabajo para todo su personal en la sala de redacci\u00f3n y las \u00e1reas administrativas, ya en relaci\u00f3n con el mes de marzo.\u00a0<a style=\"font-weight: inherit; font-style: inherit;\" href=\"https:\/\/portal.comunique-se.com.br\/jornais-o-dia-e-meia-hora-reduzem-salarios\/\">En una declaraci\u00f3n enviada a los periodistas y reproducida por el sitio web Comunique-se<\/a>, la presidencia del peri\u00f3dico informa que \"la porci\u00f3n restante se pagar\u00e1 tan pronto como se deshaga el escenario de contingencia nacional\". Posteriormente, un nuevo comunicado tambi\u00e9n inform\u00f3 la reducci\u00f3n de las horas de trabajo a partir de marzo.<\/p>\n<p style=\"font-weight: 400;\">En Minas Gerais, el segundo estado m\u00e1s poblado de Brasil,\u00a0<a style=\"font-weight: inherit; font-style: inherit;\" href=\"http:\/\/www.sjpmg.org.br\/2020\/04\/hoje-em-dia-quer-reduzir-salarios-que-nao-pagou\/\">el peri\u00f3dico Hoje em Dia, de Belo Horizonte, propuso una reducci\u00f3n salarial a sus periodistas<\/a>. Ya el diario\u00a0<a style=\"font-weight: inherit; font-style: inherit;\" href=\"http:\/\/www.sjpmg.org.br\/2020\/04\/hoje-em-dia-quer-reduzir-salarios-que-nao-pagou\/\">O Tempo, tambi\u00e9n en la capital del estado, despidi\u00f3 esta semana a 24 periodistas<\/a>, de acuerdo con el Sindicato de Periodistas de Minas Gerais.<\/p>\n<p style=\"font-weight: 400;\">La Federaci\u00f3n Nacional de Periodistas (FENAJ, por su acr\u00f3nimo en portugu\u00e9s) defendi\u00f3 en un comunicado\u00a0la mediaci\u00f3n de los sindicatos locales en las negociaciones de reducci\u00f3n salarial y advirti\u00f3 que \"<a style=\"font-weight: inherit; font-style: inherit;\" href=\"https:\/\/fenaj.org.br\/com-mps-empresas-jornalisticas-reduzem-direitos-fenaj-e-sindicatos-contestam-acordos-individuais\/\">considera que los acuerdos individuales no deben ser reconocidos<\/a>\". La\u00a0<a style=\"font-weight: inherit; font-style: inherit;\" href=\"https:\/\/fenaj.org.br\/com-mps-empresas-jornalisticas-reduzem-direitos-fenaj-e-sindicatos-contestam-acordos-individuais\/\">FENAJ monitorea otros casos en Brasil<\/a>.<\/p>\n<p style=\"font-weight: 400;\">En Argentina, la\u00a0<a style=\"font-weight: inherit; font-style: inherit;\" href=\"https:\/\/www.clarin.com\/politica\/coronavirus-argentina-cierran-revista-pronto-imprenta-ipesa_0_fHE0gK5kh.html\">editorial Publiexpress despidi\u00f3 a 93 personas<\/a>\u00a0y finaliz\u00f3 la publicaci\u00f3n de las revistas Pronto, Diario de la Salud, Saber Vivir y Buenas Ideas. Solo se mantuvo la edici\u00f3n digital de Pronto, que se especializa en celebridades. El Foro de Periodismo Argentino (FOPEA) simpatizaba con los profesionales y advirti\u00f3 que \"estamos ante una crisis de la industria de medios que hoy se acelerada por las consecuencias de la pandemia de COVID-19, que amenaza con ser catastr\u00f3fica para el sector\".<\/p>\n<p style=\"font-weight: 400;\">En Colombia, el\u00a0<a style=\"font-weight: inherit; font-style: inherit;\" href=\"https:\/\/www.wradio.com.co\/noticias\/actualidad\/grupo-semana-suspende-hasta-por-60-dias-ediciones-impresas-de-cinco-revistas\/20200318\/nota\/4023717.aspx\">Grupo Semana despidi\u00f3 a unos 250 empleados<\/a>, incluidos periodistas y trabajadores en las \u00e1reas administrativas y comerciales debido al impacto financiero causado por la crisis del coronavirus. Adem\u00e1s, decidi\u00f3 suspender por 60 d\u00edas la publicaci\u00f3n de las revistas Arcadia, SoHo, Jet-set, Semana Educaci\u00f3n y Semana Sostenible.<\/p>\n<p style=\"font-weight: 400;\">\u201cMe parece que la empresa internamente env\u00eda mensajes bastante contradictorios a sus trabajadores, porque inmediatamente a m\u00ed, me llevaron a la gerencia de recursos humanos y lo que me presentaron fue una carta donde se me informaba la terminaci\u00f3n de mi contrato laboral, sin compromiso alguno de volver a trabajar para la organizaci\u00f3n despu\u00e9s de la crisis\u201d,<a style=\"font-weight: inherit; font-style: inherit;\" href=\"https:\/\/www.bluradio.com\/sociedad\/sara-malagon-editora-de-arcadia-habla-sobre-suspension-de-la-revista-245209-ie435\">\u00a0dijo Sara Malag\u00f3n al programa de radio Ma\u00f1anas BLU, exeditora de la revista cultural Arcadia<\/a>, sobre el posible retorno de la revista cuando la situaci\u00f3n mundial vuelva a la normalidad.<\/p>\n<p style=\"font-weight: 400;\">En un comunicado que anunci\u00f3 la suspensi\u00f3n de las revistas, el\u00a0<a style=\"font-weight: inherit; font-style: inherit;\" href=\"https:\/\/www.semana.com\/nacion\/articulo\/coronavirus-comunicado-del-grupo-semana\/657403\">Grupo Semana afirm\u00f3 que las revistas Semana y Dinero continuar\u00e1n public\u00e1ndose normalmente<\/a>. \"Sin duda alguna, el impacto econ\u00f3mico creado por el fen\u00f3meno del coronavirus y las restricciones log\u00edsticas hacen obligatorio dise\u00f1ar reestructuraciones de esta naturaleza. Un reto como este es simult\u00e1neamente una oportunidad para innovar y buscar f\u00f3rmulas para mejorar nuestros productos\u201d, inform\u00f3 el Grupo en una nota.<\/p>\n<p style=\"font-weight: 400;\">La\u00a0<a style=\"font-weight: inherit; font-style: inherit;\" href=\"https:\/\/www.fepalc.info\/single-post\/2020\/03\/24\/FEPALC-condena-detenciones-restricciones-de-acceso-a-la-informaci%25C3%25B3n-y-despidos-de-periodistas-durante-pandemia\">Federaci\u00f3n de Periodistas de Am\u00e9rica Latina y el Caribe (Fepalc) conden\u00f3 el despido de periodistas durante la pandemia<\/a>. La organizaci\u00f3n se\u00f1ala que los periodistas de Per\u00fa, Panam\u00e1, Ecuador y Paraguay tambi\u00e9n est\u00e1n sufriendo los efectos de la reducci\u00f3n de la actividad econ\u00f3mica, por lo que es imposible continuar trabajando debido a la falta de recursos. La\u00a0<a style=\"font-weight: inherit; font-style: inherit;\" href=\"http:\/\/www.anp.org.pe\/index.php%3Foption%3Dcom_content%26view%3Darticle%26id%3D3375:2020-03-21-17-20-26%26catid%3D60:nacionales%26Itemid%3D86\">Asociaci\u00f3n Nacional de Periodistas del Per\u00fa<\/a>\u00a0y el\u00a0<a style=\"font-weight: inherit; font-style: inherit;\" href=\"https:\/\/twitter.com\/PeriodistasPy\/status\/1245779694139686915\">Sindicato de Periodistas del Paraguay<\/a>\u00a0pidieron a los gobiernos nacionales garant\u00eda de sostenibilidad para los trabajadores afectados por la crisis, seg\u00fan Fepalc.<\/p>\n<h4><b><strong>Ediciones impresas dejan la escena durante pandemia<\/strong><\/b><\/h4>\n<p style=\"font-weight: 400;\">En Am\u00e9rica Latina, varias otras organizaciones period\u00edsticas han adoptado medidas para restringir o suspender las ediciones impresas de sus revistas y peri\u00f3dicos.<\/p>\n<p style=\"font-weight: 400;\">Editora Globo, que forma parte del grupo de medios m\u00e1s grande de Brasil,\u00a0<a style=\"font-weight: inherit; font-style: inherit;\" href=\"https:\/\/www.poder360.com.br\/midia\/editora-globo-suspende-edicao-impressa-de-6-titulos\/\">dej\u00f3 de publicar seis revistas mensuales<\/a>, que solo estar\u00e1n disponibles en formato digital. Los diarios O Globo y Extra, adem\u00e1s de la revista semanal \u00c9poca, siguen siendo impresos.<\/p>\n<p style=\"font-weight: 400;\"><img loading=\"lazy\" decoding=\"async\" class=\" wp-image-934 alignright\" src=\"https:\/\/live-lajr.pantheonsite.io\/wp-content\/uploads\/2020\/04\/print-newspaper-300x225.png\" alt=\"\" width=\"449\" height=\"338\" srcset=\"https:\/\/latamjournalismreview.org\/wp-content\/uploads\/2020\/04\/print-newspaper-300x225.png 300w, https:\/\/latamjournalismreview.org\/wp-content\/uploads\/2020\/04\/print-newspaper.png 400w\" sizes=\"auto, (max-width: 449px) 100vw, 449px\" \/><\/p>\n<p style=\"font-weight: 400;\">En Chile,\u00a0<a style=\"font-weight: inherit; font-style: inherit;\" href=\"http:\/\/www.wan-ifra.org\/press-releases\/2020\/03\/28\/jornalismo-de-qualidade-em-tempos-de-emergencia\">La Discusi\u00f3n de Chill\u00e1n dej\u00f3 de circular por primera vez en papel desde 1939<\/a>, cuando un terremoto de magnitud 8.3 golpe\u00f3 la regi\u00f3n y mat\u00f3 a 24.000 personas.<\/p>\n<p style=\"font-weight: 400;\">\u201cLa pandemia mundial del coronavirus y su fuerte impacto en nuestra ciudad nos lleva a tomar una de las decisiones m\u00e1s dif\u00edciles de un medio period\u00edstico impreso: suspender la circulaci\u00f3n de su edici\u00f3n de papel\",<a style=\"font-weight: inherit; font-style: inherit;\" href=\"https:\/\/papel.ladiscusion.cl\/papeldigital\/2020\/marzo\/24032020pl\/files\/basic-html\/index.html\">\u00a0dijo la organizaci\u00f3n en un comunicado divulgado en la primera p\u00e1gina del diario<\/a>. \u201c[Es una medida] extraordinaria, para una situaci\u00f3n extraordinaria, con la convicci\u00f3n de que as\u00ed estamos protegiendo a nuestros trabajadores, lectores y suplementeros, sin abandonar la responsabilidad de entregar informaci\u00f3n confiable\".<\/p>\n<p style=\"font-weight: 400;\">En M\u00e9xico, el\u00a0<a style=\"font-weight: inherit; font-style: inherit;\" href=\"https:\/\/laopinion.com\/2020\/03\/31\/coronavirus-grupo-cronica-anuncia-el-final-de-sus-ediciones-impresas-ante-emergencia-por-covid-19\/\">Grupo Cr\u00f3nica anunci\u00f3 el final de sus ediciones impresas<\/a>\u00a0ante la emergencia del coronavirus. As\u00ed, desde el 1 de abril, los peri\u00f3dicos La Cr\u00f3nica de Hoy, Cr\u00f3nica Hidalgo y Cr\u00f3nica de Jalisco ya no se publican.<\/p>\n<p style=\"font-weight: 400;\">En Bolivia,\u00a0<a style=\"font-weight: inherit; font-style: inherit;\" href=\"https:\/\/eldeber.com.bo\/170562_el-deber-a-sus-audiencias\">El Deber<\/a>, de Santa Cruz de La Sierra, sac\u00f3 de circulaci\u00f3n la versi\u00f3n en papel del diario el 24 de marzo. La circulaci\u00f3n solo volver\u00e1 a la normalidad despu\u00e9s de la cuarentena. Mientras tanto,\u00a0<a style=\"font-weight: inherit; font-style: inherit;\" href=\"https:\/\/twitter.com\/pagina_siete\/status\/1242077279578185728\">P\u00e1gina Siete<\/a>, de La Paz, interrumpi\u00f3 las ediciones dominicales, pero sigue saliendo los otros d\u00edas de la semana.<\/p>\n<h4><b><strong>Asociaci\u00f3n Mundial de Peri\u00f3dicos y Editores de Noticias pide financiaci\u00f3n a corto plazo<\/strong><\/b><\/h4>\n<p style=\"font-weight: 400;\">El presidente de la Asociaci\u00f3n Mundial de Peri\u00f3dicos y Editores de Noticias (WAN-IFRA), el espa\u00f1ol Fernando de Yarza L\u00f3pez-Madrazo,\u00a0<a style=\"font-weight: inherit; font-style: inherit;\" href=\"https:\/\/www.wan-ifra.org\/press-releases\/2020\/03\/28\/jornalismo-de-qualidade-em-tempos-de-emergencia\">escribi\u00f3 en el sitio web de la organizaci\u00f3n que la pandemia del coronavirus ha hecho<\/a>\u00a0\"el periodismo es m\u00e1s necesario que nunca\", con un p\u00fablico cada vez mayor, al mismo tiempo que las fuentes de ingresos se evaporan.<\/p>\n<p style=\"font-weight: 400;\">\"La publicidad pr\u00e1cticamente ha desaparecido. Comprar peri\u00f3dicos es cada vez m\u00e1s complicado\u201d. \u201cEl frenazo econ\u00f3mico mundial, que apenas tiene precedentes en el tiempo que nos ha tocado vivir, nos ha afectado de una forma brutal. Precisamente ahora, pese a esta precariedad de medios, nos vamos a exigir m\u00e1s que nunca para cumplir con nuestras obligaciones\", escribi\u00f3 L\u00f3pez- Madrazo.<\/p>\n<p style=\"font-weight: 400;\">\u00c9l defiende un mayor acceso al financiamiento a corto plazo para que el sector pueda sobrevivir frente a la crisis en el mercado publicitario causada por el coronavirus.<\/p>\n<p style=\"font-weight: 400;\">\u201cNo estamos hablando de beneficios ni de cuentas de resultados. Ahora eso no importa. Hablamos de mantenernos vivos para continuar con nuestro compromiso de apoyo a los ciudadanos, a su dignidad, a la cohesi\u00f3n social, al sostenimiento de la democracia\u201d, expres\u00f3.<\/p>\n","protected":false},"excerpt":{"rendered":"<p>Reducci\u00f3n o suspensi\u00f3n de ediciones impresas, recortes salariales y despidos masivos. La pandemia del coronavirus ha afectado la salud financiera de las compa\u00f1\u00edas de medios en Am\u00e9rica Latina en un momento en que el trabajo period\u00edstico es esencial para la sociedad.<\/p>\n","protected":false},"author":5,"featured_media":934,"comment_status":"closed","ping_status":"closed","sticky":false,"template":"","format":"standard","meta":{"inline_featured_image":false,"footnotes":""},"categories":[1211],"tags":[1491,1433,1527,1482,1510],"coauthors":[],"class_list":["post-939","post","type-post","status-publish","format-standard","has-post-thumbnail","hentry","category-modelo-de-negocio-es","tag-cierre-de-medios-es","tag-covid-19-es","tag-derechos-laborales-es","tag-despidos-es","tag-medios-impresos-es"],"acf":[],"yoast_head":"<!-- This site is optimized with the Yoast SEO Premium plugin v22.6 (Yoast SEO v27.4) - https:\/\/yoast.com\/product\/yoast-seo-premium-wordpress\/ -->\n<title>Pandemia de COVID-19 afecta a diarios latinoamericanos que suspenden ediciones impresas, reducen salarios y despiden periodistas - LatAm Journalism Review<\/title>\n<meta name=\"description\" content=\"Pandemia de COVID-19 afecta a diarios latinoamericanos que suspenden ediciones impresas, reducen salarios y despiden periodistas . Latin American Journalism Review by The Knight Center at The University of Texas at Austin.\" \/>\n<meta name=\"robots\" content=\"index, follow, max-snippet:-1, max-image-preview:large, max-video-preview:-1\" \/>\n<link rel=\"canonical\" href=\"https:\/\/latamjournalismreview.org\/es\/articles\/pandemia-de-covid-19-afecta-a-diarios-latinoamericanos-que-suspenden-ediciones-impresas-reducen-salarios-y-despiden-periodistas\/\" \/>\n<meta property=\"og:locale\" content=\"es_ES\" \/>\n<meta property=\"og:type\" content=\"article\" \/>\n<meta property=\"og:title\" content=\"Pandemia de COVID-19 afecta a diarios latinoamericanos que suspenden ediciones impresas, reducen salarios y despiden periodistas\" \/>\n<meta property=\"og:description\" content=\"Pandemia de COVID-19 afecta a diarios latinoamericanos que suspenden ediciones impresas, reducen salarios y despiden periodistas . Latin American Journalism Review by The Knight Center at The University of Texas at Austin.\" \/>\n<meta property=\"og:url\" content=\"https:\/\/latamjournalismreview.org\/es\/articles\/pandemia-de-covid-19-afecta-a-diarios-latinoamericanos-que-suspenden-ediciones-impresas-reducen-salarios-y-despiden-periodistas\/\" \/>\n<meta property=\"og:site_name\" content=\"LatAm Journalism Review\" \/>\n<meta property=\"article:published_time\" content=\"2020-04-16T04:17:08+00:00\" \/>\n<meta property=\"article:modified_time\" content=\"2020-06-03T01:49:17+00:00\" \/>\n<meta property=\"og:image\" content=\"https:\/\/latamjournalismreview.org\/wp-content\/uploads\/2020\/04\/print-newspaper.png\" \/>\n\t<meta property=\"og:image:width\" content=\"400\" \/>\n\t<meta property=\"og:image:height\" content=\"300\" \/>\n\t<meta property=\"og:image:type\" content=\"image\/png\" \/>\n<meta name=\"author\" content=\"J\u00falio Lubianco\" \/>\n<meta name=\"twitter:card\" content=\"summary_large_image\" \/>\n<meta name=\"twitter:creator\" content=\"@jlubianco\" \/>\n<meta name=\"twitter:site\" content=\"@LatAmJournalism\" \/>\n<meta name=\"twitter:label1\" content=\"Written by\" \/>\n\t<meta name=\"twitter:data1\" content=\"J\u00falio Lubianco\" \/>\n\t<meta name=\"twitter:label2\" content=\"Est. reading time\" \/>\n\t<meta name=\"twitter:data2\" content=\"7 minutos\" \/>\n<script type=\"application\/ld+json\" class=\"yoast-schema-graph\">{\"@context\":\"https:\\\/\\\/schema.org\",\"@graph\":[{\"@type\":\"Article\",\"@id\":\"https:\\\/\\\/latamjournalismreview.org\\\/es\\\/articles\\\/pandemia-de-covid-19-afecta-a-diarios-latinoamericanos-que-suspenden-ediciones-impresas-reducen-salarios-y-despiden-periodistas\\\/#article\",\"isPartOf\":{\"@id\":\"https:\\\/\\\/latamjournalismreview.org\\\/es\\\/articles\\\/pandemia-de-covid-19-afecta-a-diarios-latinoamericanos-que-suspenden-ediciones-impresas-reducen-salarios-y-despiden-periodistas\\\/\"},\"author\":{\"name\":\"J\u00falio Lubianco\",\"@id\":\"https:\\\/\\\/latamjournalismreview.org\\\/es\\\/#\\\/schema\\\/person\\\/d9517de765982788cd8378b5a229e3dd\"},\"headline\":\"Pandemia de COVID-19 afecta a diarios latinoamericanos que suspenden ediciones impresas, reducen salarios y despiden periodistas\",\"datePublished\":\"2020-04-16T04:17:08+00:00\",\"dateModified\":\"2020-06-03T01:49:17+00:00\",\"mainEntityOfPage\":{\"@id\":\"https:\\\/\\\/latamjournalismreview.org\\\/es\\\/articles\\\/pandemia-de-covid-19-afecta-a-diarios-latinoamericanos-que-suspenden-ediciones-impresas-reducen-salarios-y-despiden-periodistas\\\/\"},\"wordCount\":1384,\"publisher\":{\"@id\":\"https:\\\/\\\/latamjournalismreview.org\\\/es\\\/#organization\"},\"image\":{\"@id\":\"https:\\\/\\\/latamjournalismreview.org\\\/es\\\/articles\\\/pandemia-de-covid-19-afecta-a-diarios-latinoamericanos-que-suspenden-ediciones-impresas-reducen-salarios-y-despiden-periodistas\\\/#primaryimage\"},\"thumbnailUrl\":\"https:\\\/\\\/latamjournalismreview.org\\\/wp-content\\\/uploads\\\/2020\\\/04\\\/print-newspaper.png\",\"keywords\":[\"Cierre de medios\",\"COVID-19\",\"Derechos laborales\",\"Despidos\",\"Medios impresos\"],\"articleSection\":[\"Modelo de negocio\"],\"inLanguage\":\"es\"},{\"@type\":\"WebPage\",\"@id\":\"https:\\\/\\\/latamjournalismreview.org\\\/es\\\/articles\\\/pandemia-de-covid-19-afecta-a-diarios-latinoamericanos-que-suspenden-ediciones-impresas-reducen-salarios-y-despiden-periodistas\\\/\",\"url\":\"https:\\\/\\\/latamjournalismreview.org\\\/es\\\/articles\\\/pandemia-de-covid-19-afecta-a-diarios-latinoamericanos-que-suspenden-ediciones-impresas-reducen-salarios-y-despiden-periodistas\\\/\",\"name\":\"Pandemia de COVID-19 afecta a diarios latinoamericanos que suspenden ediciones impresas, reducen salarios y despiden periodistas - LatAm Journalism Review\",\"isPartOf\":{\"@id\":\"https:\\\/\\\/latamjournalismreview.org\\\/es\\\/#website\"},\"primaryImageOfPage\":{\"@id\":\"https:\\\/\\\/latamjournalismreview.org\\\/es\\\/articles\\\/pandemia-de-covid-19-afecta-a-diarios-latinoamericanos-que-suspenden-ediciones-impresas-reducen-salarios-y-despiden-periodistas\\\/#primaryimage\"},\"image\":{\"@id\":\"https:\\\/\\\/latamjournalismreview.org\\\/es\\\/articles\\\/pandemia-de-covid-19-afecta-a-diarios-latinoamericanos-que-suspenden-ediciones-impresas-reducen-salarios-y-despiden-periodistas\\\/#primaryimage\"},\"thumbnailUrl\":\"https:\\\/\\\/latamjournalismreview.org\\\/wp-content\\\/uploads\\\/2020\\\/04\\\/print-newspaper.png\",\"datePublished\":\"2020-04-16T04:17:08+00:00\",\"dateModified\":\"2020-06-03T01:49:17+00:00\",\"description\":\"Pandemia de COVID-19 afecta a diarios latinoamericanos que suspenden ediciones impresas, reducen salarios y despiden periodistas . Latin American Journalism Review by The Knight Center at The University of Texas at Austin.\",\"breadcrumb\":{\"@id\":\"https:\\\/\\\/latamjournalismreview.org\\\/es\\\/articles\\\/pandemia-de-covid-19-afecta-a-diarios-latinoamericanos-que-suspenden-ediciones-impresas-reducen-salarios-y-despiden-periodistas\\\/#breadcrumb\"},\"inLanguage\":\"es\",\"potentialAction\":[{\"@type\":\"ReadAction\",\"target\":[\"https:\\\/\\\/latamjournalismreview.org\\\/es\\\/articles\\\/pandemia-de-covid-19-afecta-a-diarios-latinoamericanos-que-suspenden-ediciones-impresas-reducen-salarios-y-despiden-periodistas\\\/\"]}]},{\"@type\":\"ImageObject\",\"inLanguage\":\"es\",\"@id\":\"https:\\\/\\\/latamjournalismreview.org\\\/es\\\/articles\\\/pandemia-de-covid-19-afecta-a-diarios-latinoamericanos-que-suspenden-ediciones-impresas-reducen-salarios-y-despiden-periodistas\\\/#primaryimage\",\"url\":\"https:\\\/\\\/latamjournalismreview.org\\\/wp-content\\\/uploads\\\/2020\\\/04\\\/print-newspaper.png\",\"contentUrl\":\"https:\\\/\\\/latamjournalismreview.org\\\/wp-content\\\/uploads\\\/2020\\\/04\\\/print-newspaper.png\",\"width\":400,\"height\":300,\"caption\":\"print newspaper\"},{\"@type\":\"BreadcrumbList\",\"@id\":\"https:\\\/\\\/latamjournalismreview.org\\\/es\\\/articles\\\/pandemia-de-covid-19-afecta-a-diarios-latinoamericanos-que-suspenden-ediciones-impresas-reducen-salarios-y-despiden-periodistas\\\/#breadcrumb\",\"itemListElement\":[{\"@type\":\"ListItem\",\"position\":1,\"name\":\"Home\",\"item\":\"https:\\\/\\\/latamjournalismreview.org\\\/es\\\/\"},{\"@type\":\"ListItem\",\"position\":2,\"name\":\"Pandemia de COVID-19 afecta a diarios latinoamericanos que suspenden ediciones impresas, reducen salarios y despiden periodistas\"}]},{\"@type\":\"WebSite\",\"@id\":\"https:\\\/\\\/latamjournalismreview.org\\\/es\\\/#website\",\"url\":\"https:\\\/\\\/latamjournalismreview.org\\\/es\\\/\",\"name\":\"LatAm Journalism Review\",\"description\":\"Knight Center at The University of Texas\",\"publisher\":{\"@id\":\"https:\\\/\\\/latamjournalismreview.org\\\/es\\\/#organization\"},\"potentialAction\":[{\"@type\":\"SearchAction\",\"target\":{\"@type\":\"EntryPoint\",\"urlTemplate\":\"https:\\\/\\\/latamjournalismreview.org\\\/es\\\/?s={search_term_string}\"},\"query-input\":{\"@type\":\"PropertyValueSpecification\",\"valueRequired\":true,\"valueName\":\"search_term_string\"}}],\"inLanguage\":\"es\"},{\"@type\":\"Organization\",\"@id\":\"https:\\\/\\\/latamjournalismreview.org\\\/es\\\/#organization\",\"name\":\"LatAm Journalism Review\",\"url\":\"https:\\\/\\\/latamjournalismreview.org\\\/es\\\/\",\"logo\":{\"@type\":\"ImageObject\",\"inLanguage\":\"es\",\"@id\":\"https:\\\/\\\/latamjournalismreview.org\\\/es\\\/#\\\/schema\\\/logo\\\/image\\\/\",\"url\":\"https:\\\/\\\/latamjournalismreview.org\\\/wp-content\\\/uploads\\\/2020\\\/05\\\/knight-latAm-review-logo.svg\",\"contentUrl\":\"https:\\\/\\\/latamjournalismreview.org\\\/wp-content\\\/uploads\\\/2020\\\/05\\\/knight-latAm-review-logo.svg\",\"width\":\"1024\",\"height\":\"1024\",\"caption\":\"LatAm Journalism Review\"},\"image\":{\"@id\":\"https:\\\/\\\/latamjournalismreview.org\\\/es\\\/#\\\/schema\\\/logo\\\/image\\\/\"},\"sameAs\":[\"https:\\\/\\\/x.com\\\/LatAmJournalism\"]},{\"@type\":\"Person\",\"@id\":\"https:\\\/\\\/latamjournalismreview.org\\\/es\\\/#\\\/schema\\\/person\\\/d9517de765982788cd8378b5a229e3dd\",\"name\":\"J\u00falio Lubianco\",\"description\":\"J\u00falio Lubianco studied journalism at Universidade Federal Fluminense (UFF). He began his career on the local desk at Jornal do Brasil, in 2003. He was a reporter, assignment editor and managing editor at R\u00e1dio CBN. He has a Master\u2019s degree in media and communication from the London School of Economics (LSE), with a scholarship from the Journalists of Vision program. He is a professor of journalism at PUC-Rio. He won the Imprensa Embratel award in 2007, the Alexandre Adler award in 2008, and is a two-time winner of the Tim Lopes Award for Investigative Journalism, in 2009 and 2014. J\u00falio Lubianco estudi\u00f3 periodismo en la Universidad Federal Fluminense (UFF). Comenz\u00f3 la carrera en 2003, en el diario Jornal do Brasil. Fue reportero, editor y editor ejecutivo en R\u00e1dio CBN. Hizo su maestr\u00eda en medios de comunicaci\u00f3n en London School of Economics (LSE), becado por el programa Jornalistas de Vis\u00e3o. Es profesor del curso de periodismo de PUC-Rio y es presentador del podcast de BRIO, que trata sobre periodismo, carrera, mercado y tecnolog\u00eda. Gan\u00f3 los premios Imprensa Embratel (2007), Alexandre Adler (2008), y en dos oportunidades el Tim Lopes de Periodismo Investigativo (2009 y 2014). J\u00falio Lubianco estudou jornalismo na Universidade Federal Fluminense (UFF). Come\u00e7ou a carreira em 2003, no caderno Cidade do Jornal do Brasil. Foi rep\u00f3rter, chefe de reportagem e gerente de jornalismo na R\u00e1dio CBN. Fez mestrado em m\u00eddia e comunica\u00e7\u00e3o na London School of Economics (LSE), com bolsa do programa Jornalistas de Vis\u00e3o. \u00c9 professor do curso de jornalismo da PUC-Rio e apresenta o podcast do BRIO, que discute jornalismo, carreira, mercado e tecnologia. Venceu os pr\u00eamios Imprensa Embratel, em 2007, o Alexandre Adler, em 2008, e duas vezes o Tim Lopes de Jornalismo Investigativo, em 2009 e 2014.\",\"sameAs\":[\"https:\\\/\\\/www.linkedin.com\\\/in\\\/julio-lubianco\\\/\",\"https:\\\/\\\/x.com\\\/jlubianco\"],\"url\":\"https:\\\/\\\/latamjournalismreview.org\\\/es\\\/articles\\\/author\\\/julio-lubianco\\\/\"}]}<\/script>\n<!-- \/ Yoast SEO Premium plugin. -->","yoast_head_json":{"title":"Pandemia de COVID-19 afecta a diarios latinoamericanos que suspenden ediciones impresas, reducen salarios y despiden periodistas - LatAm Journalism Review","description":"Pandemia de COVID-19 afecta a diarios latinoamericanos que suspenden ediciones impresas, reducen salarios y despiden periodistas . Latin American Journalism Review by The Knight Center at The University of Texas at Austin.","robots":{"index":"index","follow":"follow","max-snippet":"max-snippet:-1","max-image-preview":"max-image-preview:large","max-video-preview":"max-video-preview:-1"},"canonical":"https:\/\/latamjournalismreview.org\/es\/articles\/pandemia-de-covid-19-afecta-a-diarios-latinoamericanos-que-suspenden-ediciones-impresas-reducen-salarios-y-despiden-periodistas\/","og_locale":"es_ES","og_type":"article","og_title":"Pandemia de COVID-19 afecta a diarios latinoamericanos que suspenden ediciones impresas, reducen salarios y despiden periodistas","og_description":"Pandemia de COVID-19 afecta a diarios latinoamericanos que suspenden ediciones impresas, reducen salarios y despiden periodistas . Latin American Journalism Review by The Knight Center at The University of Texas at Austin.","og_url":"https:\/\/latamjournalismreview.org\/es\/articles\/pandemia-de-covid-19-afecta-a-diarios-latinoamericanos-que-suspenden-ediciones-impresas-reducen-salarios-y-despiden-periodistas\/","og_site_name":"LatAm Journalism Review","article_published_time":"2020-04-16T04:17:08+00:00","article_modified_time":"2020-06-03T01:49:17+00:00","og_image":[{"width":400,"height":300,"url":"https:\/\/latamjournalismreview.org\/wp-content\/uploads\/2020\/04\/print-newspaper.png","type":"image\/png"}],"author":"J\u00falio Lubianco","twitter_card":"summary_large_image","twitter_creator":"@jlubianco","twitter_site":"@LatAmJournalism","twitter_misc":{"Written by":"J\u00falio Lubianco","Est. reading time":"7 minutos"},"schema":{"@context":"https:\/\/schema.org","@graph":[{"@type":"Article","@id":"https:\/\/latamjournalismreview.org\/es\/articles\/pandemia-de-covid-19-afecta-a-diarios-latinoamericanos-que-suspenden-ediciones-impresas-reducen-salarios-y-despiden-periodistas\/#article","isPartOf":{"@id":"https:\/\/latamjournalismreview.org\/es\/articles\/pandemia-de-covid-19-afecta-a-diarios-latinoamericanos-que-suspenden-ediciones-impresas-reducen-salarios-y-despiden-periodistas\/"},"author":{"name":"J\u00falio Lubianco","@id":"https:\/\/latamjournalismreview.org\/es\/#\/schema\/person\/d9517de765982788cd8378b5a229e3dd"},"headline":"Pandemia de COVID-19 afecta a diarios latinoamericanos que suspenden ediciones impresas, reducen salarios y despiden periodistas","datePublished":"2020-04-16T04:17:08+00:00","dateModified":"2020-06-03T01:49:17+00:00","mainEntityOfPage":{"@id":"https:\/\/latamjournalismreview.org\/es\/articles\/pandemia-de-covid-19-afecta-a-diarios-latinoamericanos-que-suspenden-ediciones-impresas-reducen-salarios-y-despiden-periodistas\/"},"wordCount":1384,"publisher":{"@id":"https:\/\/latamjournalismreview.org\/es\/#organization"},"image":{"@id":"https:\/\/latamjournalismreview.org\/es\/articles\/pandemia-de-covid-19-afecta-a-diarios-latinoamericanos-que-suspenden-ediciones-impresas-reducen-salarios-y-despiden-periodistas\/#primaryimage"},"thumbnailUrl":"https:\/\/latamjournalismreview.org\/wp-content\/uploads\/2020\/04\/print-newspaper.png","keywords":["Cierre de medios","COVID-19","Derechos laborales","Despidos","Medios impresos"],"articleSection":["Modelo de negocio"],"inLanguage":"es"},{"@type":"WebPage","@id":"https:\/\/latamjournalismreview.org\/es\/articles\/pandemia-de-covid-19-afecta-a-diarios-latinoamericanos-que-suspenden-ediciones-impresas-reducen-salarios-y-despiden-periodistas\/","url":"https:\/\/latamjournalismreview.org\/es\/articles\/pandemia-de-covid-19-afecta-a-diarios-latinoamericanos-que-suspenden-ediciones-impresas-reducen-salarios-y-despiden-periodistas\/","name":"Pandemia de COVID-19 afecta a diarios latinoamericanos que suspenden ediciones impresas, reducen salarios y despiden periodistas - LatAm Journalism Review","isPartOf":{"@id":"https:\/\/latamjournalismreview.org\/es\/#website"},"primaryImageOfPage":{"@id":"https:\/\/latamjournalismreview.org\/es\/articles\/pandemia-de-covid-19-afecta-a-diarios-latinoamericanos-que-suspenden-ediciones-impresas-reducen-salarios-y-despiden-periodistas\/#primaryimage"},"image":{"@id":"https:\/\/latamjournalismreview.org\/es\/articles\/pandemia-de-covid-19-afecta-a-diarios-latinoamericanos-que-suspenden-ediciones-impresas-reducen-salarios-y-despiden-periodistas\/#primaryimage"},"thumbnailUrl":"https:\/\/latamjournalismreview.org\/wp-content\/uploads\/2020\/04\/print-newspaper.png","datePublished":"2020-04-16T04:17:08+00:00","dateModified":"2020-06-03T01:49:17+00:00","description":"Pandemia de COVID-19 afecta a diarios latinoamericanos que suspenden ediciones impresas, reducen salarios y despiden periodistas . Latin American Journalism Review by The Knight Center at The University of Texas at Austin.","breadcrumb":{"@id":"https:\/\/latamjournalismreview.org\/es\/articles\/pandemia-de-covid-19-afecta-a-diarios-latinoamericanos-que-suspenden-ediciones-impresas-reducen-salarios-y-despiden-periodistas\/#breadcrumb"},"inLanguage":"es","potentialAction":[{"@type":"ReadAction","target":["https:\/\/latamjournalismreview.org\/es\/articles\/pandemia-de-covid-19-afecta-a-diarios-latinoamericanos-que-suspenden-ediciones-impresas-reducen-salarios-y-despiden-periodistas\/"]}]},{"@type":"ImageObject","inLanguage":"es","@id":"https:\/\/latamjournalismreview.org\/es\/articles\/pandemia-de-covid-19-afecta-a-diarios-latinoamericanos-que-suspenden-ediciones-impresas-reducen-salarios-y-despiden-periodistas\/#primaryimage","url":"https:\/\/latamjournalismreview.org\/wp-content\/uploads\/2020\/04\/print-newspaper.png","contentUrl":"https:\/\/latamjournalismreview.org\/wp-content\/uploads\/2020\/04\/print-newspaper.png","width":400,"height":300,"caption":"print newspaper"},{"@type":"BreadcrumbList","@id":"https:\/\/latamjournalismreview.org\/es\/articles\/pandemia-de-covid-19-afecta-a-diarios-latinoamericanos-que-suspenden-ediciones-impresas-reducen-salarios-y-despiden-periodistas\/#breadcrumb","itemListElement":[{"@type":"ListItem","position":1,"name":"Home","item":"https:\/\/latamjournalismreview.org\/es\/"},{"@type":"ListItem","position":2,"name":"Pandemia de COVID-19 afecta a diarios latinoamericanos que suspenden ediciones impresas, reducen salarios y despiden periodistas"}]},{"@type":"WebSite","@id":"https:\/\/latamjournalismreview.org\/es\/#website","url":"https:\/\/latamjournalismreview.org\/es\/","name":"LatAm Journalism Review","description":"Knight Center at The University of Texas","publisher":{"@id":"https:\/\/latamjournalismreview.org\/es\/#organization"},"potentialAction":[{"@type":"SearchAction","target":{"@type":"EntryPoint","urlTemplate":"https:\/\/latamjournalismreview.org\/es\/?s={search_term_string}"},"query-input":{"@type":"PropertyValueSpecification","valueRequired":true,"valueName":"search_term_string"}}],"inLanguage":"es"},{"@type":"Organization","@id":"https:\/\/latamjournalismreview.org\/es\/#organization","name":"LatAm Journalism Review","url":"https:\/\/latamjournalismreview.org\/es\/","logo":{"@type":"ImageObject","inLanguage":"es","@id":"https:\/\/latamjournalismreview.org\/es\/#\/schema\/logo\/image\/","url":"https:\/\/latamjournalismreview.org\/wp-content\/uploads\/2020\/05\/knight-latAm-review-logo.svg","contentUrl":"https:\/\/latamjournalismreview.org\/wp-content\/uploads\/2020\/05\/knight-latAm-review-logo.svg","width":"1024","height":"1024","caption":"LatAm Journalism Review"},"image":{"@id":"https:\/\/latamjournalismreview.org\/es\/#\/schema\/logo\/image\/"},"sameAs":["https:\/\/x.com\/LatAmJournalism"]},{"@type":"Person","@id":"https:\/\/latamjournalismreview.org\/es\/#\/schema\/person\/d9517de765982788cd8378b5a229e3dd","name":"J\u00falio Lubianco","description":"J\u00falio Lubianco studied journalism at Universidade Federal Fluminense (UFF). He began his career on the local desk at Jornal do Brasil, in 2003. He was a reporter, assignment editor and managing editor at R\u00e1dio CBN. He has a Master\u2019s degree in media and communication from the London School of Economics (LSE), with a scholarship from the Journalists of Vision program. He is a professor of journalism at PUC-Rio. He won the Imprensa Embratel award in 2007, the Alexandre Adler award in 2008, and is a two-time winner of the Tim Lopes Award for Investigative Journalism, in 2009 and 2014. J\u00falio Lubianco estudi\u00f3 periodismo en la Universidad Federal Fluminense (UFF). Comenz\u00f3 la carrera en 2003, en el diario Jornal do Brasil. Fue reportero, editor y editor ejecutivo en R\u00e1dio CBN. Hizo su maestr\u00eda en medios de comunicaci\u00f3n en London School of Economics (LSE), becado por el programa Jornalistas de Vis\u00e3o. Es profesor del curso de periodismo de PUC-Rio y es presentador del podcast de BRIO, que trata sobre periodismo, carrera, mercado y tecnolog\u00eda. Gan\u00f3 los premios Imprensa Embratel (2007), Alexandre Adler (2008), y en dos oportunidades el Tim Lopes de Periodismo Investigativo (2009 y 2014). J\u00falio Lubianco estudou jornalismo na Universidade Federal Fluminense (UFF). Come\u00e7ou a carreira em 2003, no caderno Cidade do Jornal do Brasil. Foi rep\u00f3rter, chefe de reportagem e gerente de jornalismo na R\u00e1dio CBN. Fez mestrado em m\u00eddia e comunica\u00e7\u00e3o na London School of Economics (LSE), com bolsa do programa Jornalistas de Vis\u00e3o. \u00c9 professor do curso de jornalismo da PUC-Rio e apresenta o podcast do BRIO, que discute jornalismo, carreira, mercado e tecnologia. Venceu os pr\u00eamios Imprensa Embratel, em 2007, o Alexandre Adler, em 2008, e duas vezes o Tim Lopes de Jornalismo Investigativo, em 2009 e 2014.","sameAs":["https:\/\/www.linkedin.com\/in\/julio-lubianco\/","https:\/\/x.com\/jlubianco"],"url":"https:\/\/latamjournalismreview.org\/es\/articles\/author\/julio-lubianco\/"}]}},"_links":{"self":[{"href":"https:\/\/latamjournalismreview.org\/es\/wp-json\/wp\/v2\/posts\/939","targetHints":{"allow":["GET"]}}],"collection":[{"href":"https:\/\/latamjournalismreview.org\/es\/wp-json\/wp\/v2\/posts"}],"about":[{"href":"https:\/\/latamjournalismreview.org\/es\/wp-json\/wp\/v2\/types\/post"}],"author":[{"embeddable":true,"href":"https:\/\/latamjournalismreview.org\/es\/wp-json\/wp\/v2\/users\/5"}],"replies":[{"embeddable":true,"href":"https:\/\/latamjournalismreview.org\/es\/wp-json\/wp\/v2\/comments?post=939"}],"version-history":[{"count":2,"href":"https:\/\/latamjournalismreview.org\/es\/wp-json\/wp\/v2\/posts\/939\/revisions"}],"predecessor-version":[{"id":947,"href":"https:\/\/latamjournalismreview.org\/es\/wp-json\/wp\/v2\/posts\/939\/revisions\/947"}],"wp:featuredmedia":[{"embeddable":true,"href":"https:\/\/latamjournalismreview.org\/es\/wp-json\/wp\/v2\/media\/934"}],"wp:attachment":[{"href":"https:\/\/latamjournalismreview.org\/es\/wp-json\/wp\/v2\/media?parent=939"}],"wp:term":[{"taxonomy":"category","embeddable":true,"href":"https:\/\/latamjournalismreview.org\/es\/wp-json\/wp\/v2\/categories?post=939"},{"taxonomy":"post_tag","embeddable":true,"href":"https:\/\/latamjournalismreview.org\/es\/wp-json\/wp\/v2\/tags?post=939"},{"taxonomy":"author","embeddable":true,"href":"https:\/\/latamjournalismreview.org\/es\/wp-json\/wp\/v2\/coauthors?post=939"}],"curies":[{"name":"wp","href":"https:\/\/api.w.org\/{rel}","templated":true}]}}