{"id":94035,"date":"2025-01-07T08:34:13","date_gmt":"2025-01-07T14:34:13","guid":{"rendered":"https:\/\/latamjournalismreview.org\/?p=94035"},"modified":"2025-01-07T08:34:13","modified_gmt":"2025-01-07T14:34:13","slug":"periodista-que-investigo-el-mortal-envenenamiento-por-plomo-en-colombia-enfrento-amenazas-contra-su-vida","status":"publish","type":"post","link":"https:\/\/latamjournalismreview.org\/es\/articles\/periodista-que-investigo-el-mortal-envenenamiento-por-plomo-en-colombia-enfrento-amenazas-contra-su-vida\/","title":{"rendered":"Periodista que investig\u00f3 el mortal envenenamiento por plomo en Colombia enfrent\u00f3 amenazas contra su vida"},"content":{"rendered":"<p><span style=\"font-weight: 400;\">Cuando faltaba solo una hora para el lanzamiento oficial de su primer libro, la periodista colombiana E\u00e9l Mar\u00eda Angulo no estaba prepar\u00e1ndose ni ensayando lo que iba a decir. M\u00e1s bien se encontraba cambiando las contrase\u00f1as de sus redes sociales y correos electr\u00f3nicos por los multiples intentos de hackeo que recib\u00eda.<\/span><\/p>\n<p><span style=\"font-weight: 400;\">El 17 de octubre de 2024, Angulo present\u00f3 ante un publico bogotano el libro \u201cUn veneno llamado plomo\u201d, el resultado de diez a\u00f1os de investigaci\u00f3n sobre las consecuencias de la fundici\u00f3n de metales en Colombia. Sus investigaciones la han hecho ganadora del Premio Nacional de Periodismo Sim\u00f3n Bol\u00edvar, en 2015, y el Premio Iberoamericano de Periodismo Rey de Espa\u00f1a en la categor\u00eda ambiental, en 2017. Pero, tambi\u00e9n la han convertido en blanco de ataques de personas relacionadas al negocio del plomo en Colombia.\u00a0<\/span><\/p>\n<div id=\"attachment_94039\" style=\"width: 310px\" class=\"wp-caption alignright\"><img loading=\"lazy\" decoding=\"async\" aria-describedby=\"caption-attachment-94039\" class=\"wp-image-94039\" src=\"https:\/\/latamjournalismreview.org\/wp-content\/uploads\/2025\/01\/unnamed-3-225x300.png\" alt=\"a woman holding her glasses and smiling to the camera\" width=\"300\" height=\"400\" srcset=\"https:\/\/latamjournalismreview.org\/wp-content\/uploads\/2025\/01\/unnamed-3-225x300.png 225w, https:\/\/latamjournalismreview.org\/wp-content\/uploads\/2025\/01\/unnamed-3-768x1024.png 768w, https:\/\/latamjournalismreview.org\/wp-content\/uploads\/2025\/01\/unnamed-3.png 960w\" sizes=\"auto, (max-width: 300px) 100vw, 300px\" \/><p id=\"caption-attachment-94039\" class=\"wp-caption-text\">E\u00e9l Mar\u00eda Angulo es actualmente reportera de la cadena internacional de noticias France 24 en espa\u00f1ol. (Foto: Cortes\u00eda)<\/p><\/div>\n<p><span style=\"font-weight: 400;\">A\u00fan as\u00ed, la persistencia ha acompa\u00f1ado a Angulo quien asegura que su principal motor ha sido poder hacer eco de los ni\u00f1os de zonas pobres y aisladas de Colombia que han enfermado y muerto por la acumulaci\u00f3n de plomo en sangre luego de la instalaci\u00f3n de fundidoras en sus comunidades sin las debidas regulaciones.<\/span><\/p>\n<p><span style=\"font-weight: 400;\">\u201cEsto es por la memoria de esos ni\u00f1os\u201d,\u00a0 dijo Angulo a <\/span><b>LatAm Journalism Review (LJR). <\/b><span style=\"font-weight: 400;\">\u00a0\u201cSon nuestros hijos, sobrinos, vecinos, los que est\u00e1n expuestos a que pongan una fundidora al lado cualquier d\u00eda y, si no endurecen las regulaciones, esto va a seguir pasando\u201d.\u00a0<\/span><\/p>\n<p><span style=\"font-weight: 400;\">En <\/span><b>LJR<\/b><span style=\"font-weight: 400;\"> conversamos con Angulo, actualmente reportera de la cadena internacional de noticias France 24 en espa\u00f1ol,\u00a0 sobre la creaci\u00f3n de su libro, la importancia del periodismo de investigaci\u00f3n y los riesgos que enfrentan particularmente los periodistas en peque\u00f1as ciudades o areas rurales.\u00a0<\/span><\/p>\n<p><span style=\"font-weight: 400;\">La entrevista ha sido editada con fines de brevedad y claridad.<\/span><\/p>\n<p>&nbsp;<\/p>\n<p><b>1. Desde 2014 est\u00e1s investigando las consecuencias que causa al ambiente y a la salud p\u00fablica la fundici\u00f3n de plomo en Colombia. \u00bfPor qu\u00e9 has insistido por tanto tiempo en esta investigaci\u00f3n?<\/b><\/p>\n<p>&nbsp;<\/p>\n<p><b>E\u00e9l Mar\u00eda Angulo:<\/b><span style=\"font-weight: 400;\"> La raz\u00f3n fundamental por la que insistido tanto en esta investigaci\u00f3n ha sido por los ni\u00f1os.<\/span><\/p>\n<p><span style=\"font-weight: 400;\">Llegu\u00e9 a la investigaci\u00f3n en 2014\u00a0 por la denuncia de tres ni\u00f1os intoxicados con plomo en sangre. Una se\u00f1ora llam\u00f3 a un programa de una emisora muy escuchada en Barranquila a decir que su vecinitos,\u00a0 tres ni\u00f1os de la misma familia, estaban enfermos en un hospital del norte de Barranquilla y a m\u00ed se me hizo rar\u00edsimo como esos ni\u00f1os llegaron a un hospital del Norte. Es decir, me pregunt\u00e9 \u00bfqui\u00e9n paga eso y por qu\u00e9? Sin embargo, me llam\u00f3 m\u00e1s la atenci\u00f3n que el locutor que atendi\u00f3 la llamada no le dio la trascendencia al problema de salud p\u00fablica que la se\u00f1ora estaba exponiendo.\u00a0<\/span><\/p>\n<p><span style=\"font-weight: 400;\">Entonces, ese d\u00eda fui a la sala de redacci\u00f3n y le dije a mi jefa, yo estaba comenzando en El Heraldo ten\u00eda como a\u00f1o y medio trabajando como reportera y me hab\u00edan ascendido a cronista de locales, que este tema estaba fuerte.<\/span><\/p>\n<p><span style=\"font-weight: 400;\">Cuando empec\u00e9 las investigaciones nos dimos cuenta que no solo eran 3 ni\u00f1os afectados, hab\u00eda al menos 300 ni\u00f1os que ten\u00edan dificultades cognitivas en esa regi\u00f3n y que viv\u00edan todos cerca a fundidoras de plomo. Ni\u00f1os enfermos y todas las mam\u00e1s ten\u00edan en com\u00fan que se hab\u00eda tragado el humo de la fundidoras.<\/span><\/p>\n<p><span style=\"font-weight: 400;\">Los ni\u00f1os son m\u00e1s sensibles a la acumulaci\u00f3n de plomo en sangre, se le fija en los dientes y en los huesos. El efecto negativo neurol\u00f3gicamente se refleja mucho m\u00e1s r\u00e1pido que en un adulto porque su corteza prefrontal no est\u00e1 del todo formada. Adem\u00e1s, el efecto es m\u00e1s permanente en ni\u00f1os que en adultos y ellos generalmente no son sometidos a estudios de detecci\u00f3n de plomo en sangre por ser procedimientos cl\u00ednicamente m\u00e1s invasivos<\/span><\/p>\n<p><span style=\"font-weight: 400;\">Adem\u00e1s, me toc\u00f3 ver c\u00f3mo los responsables de las empresas de fundici\u00f3n pagaban para que cambiaran las actas de defunci\u00f3n de los ni\u00f1os y se aprovechaban de las condiciones socioecon\u00f3micas de la poblaci\u00f3n afectada.\u00a0<\/span><\/p>\n<p><span style=\"font-weight: 400;\">Muchas veces me pregunt\u00e9: \u00bfpor qu\u00e9? \u00bfCu\u00e1l es tu af\u00e1n con este tema?\u00a0 Y la conclusi\u00f3n a la que llegaba siempre eran los ni\u00f1os. No se me hace justo que en un mundo dominado por adultos las personas que m\u00e1s est\u00e1n sufriendo por este problema no puedan encontrar una voz que haga eco de ellos.<\/span><\/p>\n<p>&nbsp;<\/p>\n<div class=\"wp-block-image\">\n<div id=\"attachment_94023\" style=\"width: 410px\" class=\"wp-caption alignright\"><img loading=\"lazy\" decoding=\"async\" aria-describedby=\"caption-attachment-94023\" class=\"wp-image-94023\" src=\"https:\/\/latamjournalismreview.org\/wp-content\/uploads\/2025\/01\/4.-Toma-de-muestra-para-evaluacion-de-contaminacion-por-plomo-en-el-suelo-en-la-vereda-El-Carmen.-Creditos-Pure-Earth-y-Alcaldia-de-Malambo-300x207.jpg\" alt=\"Sampling for evaluation of lead contamination in soil in the El Carmen village. \" width=\"400\" height=\"276\" srcset=\"https:\/\/latamjournalismreview.org\/wp-content\/uploads\/2025\/01\/4.-Toma-de-muestra-para-evaluacion-de-contaminacion-por-plomo-en-el-suelo-en-la-vereda-El-Carmen.-Creditos-Pure-Earth-y-Alcaldia-de-Malambo-300x207.jpg 300w, https:\/\/latamjournalismreview.org\/wp-content\/uploads\/2025\/01\/4.-Toma-de-muestra-para-evaluacion-de-contaminacion-por-plomo-en-el-suelo-en-la-vereda-El-Carmen.-Creditos-Pure-Earth-y-Alcaldia-de-Malambo.jpg 482w\" sizes=\"auto, (max-width: 400px) 100vw, 400px\" \/><p id=\"caption-attachment-94023\" class=\"wp-caption-text\">Toma de muestra para evaluaci\u00f3n de contaminaci\u00f3n por plomo en el suelo en la vereda El Carmen. (Foto: Pure Earth y Alcald\u00eda de Malambo).<\/p><\/div>\n<\/div>\n<p><span style=\"font-weight: 400;\"><b style=\"font-size: 16px;\">2. \u00bfA qu\u00e9 riesgos te has enfrentado con esta investigaci\u00f3n?<\/b><\/span><\/p>\n<p>&nbsp;<\/p>\n<p><span style=\"font-weight: 400;\">Cuando ganamos el Premio Rey de Espa\u00f1a, en 2017, el periodista Juan Cruz me hizo una entrevista para El Pa\u00eds que titul\u00f3 <\/span><a href=\"https:\/\/elpais.com\/elpais\/2017\/03\/31\/mira_que_te_lo_tengo_dicho\/1490955812_376834.html\"><span style=\"font-weight: 400;\">\u201csi te metes con el plomo te vamos a dar plomo<\/span><\/a><span style=\"font-weight: 400;\">\u201d porque esa fue la amenaza m\u00e1s directa que me hicieron.\u00a0<\/span><\/p>\n<p><span style=\"font-weight: 400;\">Ahora es que me doy cuenta del riesgo que asum\u00ed. Yo era una ni\u00f1a, ten\u00eda 22 a\u00f1os y me llamaron a la redacci\u00f3n, me dijeron eso y colgaron. Ah\u00ed me di cuenta de la necesidad de tener protocolos de seguridad dentro los medios de comunicaci\u00f3n que usualmente no tenemos.<\/span><\/p>\n<p><span style=\"font-weight: 400;\">Cambi\u00e9 mi tel\u00e9fono varias veces, cuando ibamos a las fundidoras los vigilantes nos mostraban armas, amenazaban a mi familia y tuve que salir finalmente de Barranquilla.\u00a0<\/span><\/p>\n<p><span style=\"font-weight: 400;\">Despu\u00e9s que sale al aire el documental en RCN, yo no vuelvo a Barranquilla por una recomendaci\u00f3n de seguridad que me hicieron varios colegas del mismo diario El Heraldo donde yo trabajaba. Me dijeron \u201cpor ac\u00e1 ni vengas\u201d<\/span><\/p>\n<p><span style=\"font-weight: 400;\">Lo cual represent\u00f3 para m\u00ed, como hija de dos padres amorosos que me criaron muy cuidada, algo muy duro. Era un momento muy especial para mi carrera que yo no pude disfrutar con mi familia por motivos de seguridad.<\/span><\/p>\n<p><span style=\"font-weight: 400;\">He llegado al punto de pedirle a mi familia que me niegue y no digan que soy su hija o hermana.<\/span><\/p>\n<p><span style=\"font-weight: 400;\">No me arrepiento de nada pero antes de publicar el libro si hubo noches en las que pens\u00e9 que pueden matarme por esto.<\/span><\/p>\n<p>&nbsp;<\/p>\n<p><b>3.H\u00e1blame un poco sobre el proceso de publicar un libro. \u00bfC\u00f3mo una investigaci\u00f3n period\u00edstica termina en un libro?<\/b><\/p>\n<p>&nbsp;<\/p>\n<p><span style=\"font-weight: 400;\">La idea del libro empez\u00f3 despu\u00e9s de ganar el Premio Rey de Espa\u00f1a en un caf\u00e9 que se llama Gij\u00f3n en Madrid. Yo estaba all\u00e1 y el periodista Juan Cruz me present\u00f3 a su representante editorial, qui\u00e9n me hizo en ese momento la primera oferta del libro.<\/span><\/p>\n<p><span style=\"font-weight: 400;\">En ese momento, me pidieron escribir una novela.<\/span><\/p>\n<p><span style=\"font-weight: 400;\">Empec\u00e9 a escribirla, pero yo no me sent\u00eda satisfecha al no poder demostrar que esto era real, que no me lo invent\u00e9, que no era fantas\u00eda ni realismo m\u00e1gico. Es que en este tema la realidad supera la ficci\u00f3n. As\u00ed que decid\u00ed pausar el proyecto.<\/span><\/p>\n<p><span style=\"font-weight: 400;\">Cuando llego a Pa\u00edses Bajos como residente en febrero de 2022 retom\u00f3 la investigaci\u00f3n y la extiendo a Europa visitando lugares contaminados en Roma y en Rotterdam. Tambi\u00e9n habl\u00f3 con cient\u00edficos all\u00e1 y me doy cuenta de c\u00f3mo es que el plomo atraviesa todo el mundo y empiez\u00f3 a descubrir que Rembrandt y de Van Gogh tambi\u00e9n hab\u00edan tenido saturnismo por intoxicaci\u00f3n con el plomo que estaba en las pinturas que usaban. Entonces, digo \u201cno, yo de verdad es que yo no quiero escribir la novela en este momento\u201d.<\/span><\/p>\n<p><span style=\"font-weight: 400;\">En diciembre de 2023, me llega un ofrecimiento de la casa editorial de El Tiempo que es el principal diario en Colombia para escribir este libro y, desde enero hasta ac\u00e1, ces\u00e9 todas mis actividades para dedicarme a este proyecto en alma, vida y coraz\u00f3n. Fue un esfuerzo econ\u00f3mico, mental y de todo tipo. Muchas cositas del proceso son orfebrer\u00eda pura, o sea, escribir un libro es coser palabrita por palabrita y releer y releer y releer y releer hasta que ya te sangre el ojo. Llega un punto en el que ya t\u00fa te sabes el libro de memoria.<\/span><\/p>\n<p><span style=\"font-weight: 400;\">El libro se lanz\u00f3 en octubre pero vamos a estar en la Feria del Libro de Bogot\u00e1 en abril y ya est\u00e1n organizando un lanzamiento en la principal librer\u00eda en Barranquilla. Ese va a ser un desaf\u00edo, pues es la cuna de la historia.<\/span><\/p>\n<p>&nbsp;<\/p>\n<p><b>4. Comenzaste haciendo periodismo fuera de la capital. \u00bfCu\u00e1les son los mayores retos de los periodistas en \"las regiones\"?<\/b><\/p>\n<h3><\/h3>\n<p><span style=\"font-weight: 400;\">En las regiones el principal riesgo es la desprotecci\u00f3n. Estamos absolutamente desprotegidos porque los \u00f3rganos y las instancias que protegen a los periodistas est\u00e1n centralizadas en Bogot\u00e1. Por ejemplo, el caso de la Fundaci\u00f3n para la Libertad de Prensa y organismos que pudieran ofrecerte alg\u00fan tipo de ayuda en las regiones\u00a0 los procesos de solicitud de protecci\u00f3n son mucho m\u00e1s largos y dilatados.<\/span><\/p>\n<p><span style=\"font-weight: 400;\">Segundo, al hablar de medios regionales estamos hablando tambi\u00e9n de capacidades adquisitivas y poder\u00edo econ\u00f3mico m\u00e1s relegado. Se hace periodismo con las u\u00f1as.<\/span><\/p>\n<div id=\"attachment_94026\" style=\"width: 360px\" class=\"wp-caption alignleft\"><img loading=\"lazy\" decoding=\"async\" aria-describedby=\"caption-attachment-94026\" class=\"wp-image-94026\" src=\"https:\/\/latamjournalismreview.org\/wp-content\/uploads\/2025\/01\/IMG_9630-300x216.jpeg\" alt=\"a journalist doing an interview\" width=\"350\" height=\"252\" srcset=\"https:\/\/latamjournalismreview.org\/wp-content\/uploads\/2025\/01\/IMG_9630-300x216.jpeg 300w, https:\/\/latamjournalismreview.org\/wp-content\/uploads\/2025\/01\/IMG_9630-1024x738.jpeg 1024w, https:\/\/latamjournalismreview.org\/wp-content\/uploads\/2025\/01\/IMG_9630-768x553.jpeg 768w, https:\/\/latamjournalismreview.org\/wp-content\/uploads\/2025\/01\/IMG_9630-1536x1107.jpeg 1536w, https:\/\/latamjournalismreview.org\/wp-content\/uploads\/2025\/01\/IMG_9630.jpeg 1624w\" sizes=\"auto, (max-width: 350px) 100vw, 350px\" \/><p id=\"caption-attachment-94026\" class=\"wp-caption-text\">\"Un veneno llamado plomo\" es la culminaci\u00f3n de diez a\u00f1os de investigaci\u00f3n sobre las consecuencias de la fundici\u00f3n de metales en Colombia. (Foto: Cortes\u00eda)<\/p><\/div>\n<p><span style=\"font-weight: 400;\">Tercero, la puja por el poder es mucho m\u00e1s \u00e1lgida y notoria que en el centro. Para nadie es un secreto que las regiones est\u00e1n dominadas por clanes pol\u00edticos y estos ejercen el control de las instituciones p\u00fablicas que tienen el control de las licencias y de todo el presupuesto. Entonces lograr ir contracorriente y sacar temas de investigaci\u00f3n representa un riesgo de seguridad para el periodista, para su familia, para sus colegas y tambi\u00e9n para las fuentes.<\/span><\/p>\n<p><span style=\"font-weight: 400;\">En entornos m\u00e1s peque\u00f1os tambi\u00e9n te haces m\u00e1s vulnerable porque como dicen \u201cen pueblo peque\u00f1o, infierno grande\u201d. Todo el mundo sabe d\u00f3nde vives, todos saben que t\u00fa vas a comer pan de bono, a las 4 de la tarde, en la esquina de no s\u00e9 qu\u00e9 y hasta ah\u00ed lleg\u00f3 tu vida y tu vida puede valer 20 d\u00f3lares americanos porque por eso hay quienes son capaces de matarte.<\/span><\/p>\n<p><span style=\"font-weight: 400;\">Muchas veces hacer periodismo investigaci\u00f3n en las regiones es sentirse solo. En el momento\u00a0 que pase algo, pues te matan a ti y el medio va a seguir y los colegas van a seguir. Quien te va a llorar es tu mam\u00e1, pero a los dos d\u00edas la gente se va a olvidar.\u00a0 O sea, creo que amerita m\u00e1s coraje y valent\u00eda hacer periodismo de investigaci\u00f3n en las regiones.<\/span><\/p>\n<p><b>5. Cierras el libro con una frase de Truman Capote\u00a0 \u201cEs muy f\u00e1cil no hacerle caso a la lluvia cuando se lleva un impermeable\u201d. \u00bfQu\u00e9 importante es que el lector se ponga en los zapatos de los que m\u00e1s sufren? \u00bfY qu\u00e9 papel tenemos los periodistas en ello?<\/b><\/p>\n<p>&nbsp;<\/p>\n<p><span style=\"font-weight: 400;\">Ser periodista de investigaci\u00f3n y m\u00e1s en el tema medioambiental y social es tambi\u00e9n ser activista. Es tomarte personal una causa que te puede costar la vida y que a la gente no le interesa porque, seamos realistas, la gente est\u00e1 buscando el bienestar propio. El bienestar colectivo hace rato dej\u00f3 de ser noticia y dej\u00f3 ser de inter\u00e9s de los medios.<\/span><\/p>\n<p><span style=\"font-weight: 400;\">Entonces, en un gremio que se mueve por plata, el que un periodista se atreva a decir \u201cyo s\u00e9 esto y lo voy a contar, pase lo que pase\u201d hoy m\u00e1s que nunca siento que necesita el respaldo de la gente.\u00a0<\/span><\/p>\n<p><span style=\"font-weight: 400;\">La banalidad de las redes sociales tambi\u00e9n ha contribuido a que un d\u00eda te presten atenci\u00f3n y a\u00a0 los dos minutos ya nadie le importe. \u00bfPor qu\u00e9? Porque no le est\u00e1 afectando directamente. Ah\u00ed es donde entra la persistencia. Siento que la mayor herramienta del periodista de investigaci\u00f3n es la persistencia. No se hace periodismo de investigaci\u00f3n en dos d\u00edas. El periodismo de investigaci\u00f3n es un trabajo de largo aliento y se convierte en un prop\u00f3sito de vida, o sea, cuando t\u00fa eliges investigar un tema, ese tema te puede acompa\u00f1ar por el resto de la vida.\u00a0<\/span><\/p>\n<p>&nbsp;<\/p>\n","protected":false},"excerpt":{"rendered":"<p>En su primer libro \u201cUn veneno llamado plomo\u201d, la reportera E\u00e9l Mar\u00eda Angulo relata su lucha de una d\u00e9cada para sacar a la luz el impacto de la contaminaci\u00f3n por plomo en los ni\u00f1os colombianos.<\/p>\n","protected":false},"author":36,"featured_media":94019,"comment_status":"closed","ping_status":"closed","sticky":false,"template":"","format":"standard","meta":{"inline_featured_image":false,"footnotes":""},"categories":[2380],"tags":[1395],"coauthors":[2745],"class_list":["post-94035","post","type-post","status-publish","format-standard","has-post-thumbnail","hentry","category-5-preguntas","tag-colombia-es-2"],"acf":[],"yoast_head":"<!-- This site is optimized with the Yoast SEO Premium plugin v22.6 (Yoast SEO v27.4) - https:\/\/yoast.com\/product\/yoast-seo-premium-wordpress\/ -->\n<title>Periodista que investig\u00f3 el mortal envenenamiento por plomo en Colombia enfrent\u00f3 amenazas contra su vida - LatAm Journalism Review<\/title>\n<meta name=\"description\" content=\"Periodista que investig\u00f3 el mortal envenenamiento por plomo en Colombia enfrent\u00f3 amenazas contra su vida 5 Preguntas Descubre c\u00f3mo E\u00e9l Mar\u00eda Angulo, periodista colombiana galardonada, destapa la tragedia ambiental y humana detr\u00e1s de la industria del plomo en su libro Un veneno llamado plomo.\" \/>\n<meta name=\"robots\" content=\"index, follow, max-snippet:-1, max-image-preview:large, max-video-preview:-1\" \/>\n<link rel=\"canonical\" href=\"https:\/\/latamjournalismreview.org\/es\/articles\/periodista-que-investigo-el-mortal-envenenamiento-por-plomo-en-colombia-enfrento-amenazas-contra-su-vida\/\" \/>\n<meta property=\"og:locale\" content=\"es_ES\" \/>\n<meta property=\"og:type\" content=\"article\" \/>\n<meta property=\"og:title\" content=\"Periodista que investig\u00f3 el mortal envenenamiento por plomo en Colombia enfrent\u00f3 amenazas contra su vida\" \/>\n<meta property=\"og:description\" content=\"Periodista que investig\u00f3 el mortal envenenamiento por plomo en Colombia enfrent\u00f3 amenazas contra su vida 5 Preguntas Descubre c\u00f3mo E\u00e9l Mar\u00eda Angulo, periodista colombiana galardonada, destapa la tragedia ambiental y humana detr\u00e1s de la industria del plomo en su libro Un veneno llamado plomo.\" \/>\n<meta property=\"og:url\" content=\"https:\/\/latamjournalismreview.org\/es\/articles\/periodista-que-investigo-el-mortal-envenenamiento-por-plomo-en-colombia-enfrento-amenazas-contra-su-vida\/\" \/>\n<meta property=\"og:site_name\" content=\"LatAm Journalism Review\" \/>\n<meta property=\"article:published_time\" content=\"2025-01-07T14:34:13+00:00\" \/>\n<meta property=\"og:image\" content=\"https:\/\/latamjournalismreview.org\/wp-content\/uploads\/2025\/01\/Cinco-Preguntas-ES-Eel-Maria-Angulo.png\" \/>\n\t<meta property=\"og:image:width\" content=\"507\" \/>\n\t<meta property=\"og:image:height\" content=\"340\" \/>\n\t<meta property=\"og:image:type\" content=\"image\/png\" \/>\n<meta name=\"author\" content=\"Katherine Pennacchio\" \/>\n<meta name=\"twitter:card\" content=\"summary_large_image\" \/>\n<meta name=\"twitter:creator\" content=\"@kathypennacchio\" \/>\n<meta name=\"twitter:site\" content=\"@LatAmJournalism\" \/>\n<meta name=\"twitter:label1\" content=\"Written by\" \/>\n\t<meta name=\"twitter:data1\" content=\"Katherine Pennacchio\" \/>\n\t<meta name=\"twitter:label2\" content=\"Est. reading time\" \/>\n\t<meta name=\"twitter:data2\" content=\"10 minutos\" \/>\n<script type=\"application\/ld+json\" class=\"yoast-schema-graph\">{\"@context\":\"https:\\\/\\\/schema.org\",\"@graph\":[{\"@type\":\"Article\",\"@id\":\"https:\\\/\\\/latamjournalismreview.org\\\/es\\\/articles\\\/periodista-que-investigo-el-mortal-envenenamiento-por-plomo-en-colombia-enfrento-amenazas-contra-su-vida\\\/#article\",\"isPartOf\":{\"@id\":\"https:\\\/\\\/latamjournalismreview.org\\\/es\\\/articles\\\/periodista-que-investigo-el-mortal-envenenamiento-por-plomo-en-colombia-enfrento-amenazas-contra-su-vida\\\/\"},\"author\":{\"name\":\"Katherine Pennacchio\",\"@id\":\"https:\\\/\\\/latamjournalismreview.org\\\/es\\\/#\\\/schema\\\/person\\\/35fb0fc8541711528b3683cd6bf42190\"},\"headline\":\"Periodista que investig\u00f3 el mortal envenenamiento por plomo en Colombia enfrent\u00f3 amenazas contra su vida\",\"datePublished\":\"2025-01-07T14:34:13+00:00\",\"mainEntityOfPage\":{\"@id\":\"https:\\\/\\\/latamjournalismreview.org\\\/es\\\/articles\\\/periodista-que-investigo-el-mortal-envenenamiento-por-plomo-en-colombia-enfrento-amenazas-contra-su-vida\\\/\"},\"wordCount\":2145,\"publisher\":{\"@id\":\"https:\\\/\\\/latamjournalismreview.org\\\/es\\\/#organization\"},\"image\":{\"@id\":\"https:\\\/\\\/latamjournalismreview.org\\\/es\\\/articles\\\/periodista-que-investigo-el-mortal-envenenamiento-por-plomo-en-colombia-enfrento-amenazas-contra-su-vida\\\/#primaryimage\"},\"thumbnailUrl\":\"https:\\\/\\\/latamjournalismreview.org\\\/wp-content\\\/uploads\\\/2025\\\/01\\\/Cinco-Preguntas-ES-Eel-Maria-Angulo.png\",\"keywords\":[\"Colombia\"],\"articleSection\":[\"5 Preguntas\"],\"inLanguage\":\"es\"},{\"@type\":\"WebPage\",\"@id\":\"https:\\\/\\\/latamjournalismreview.org\\\/es\\\/articles\\\/periodista-que-investigo-el-mortal-envenenamiento-por-plomo-en-colombia-enfrento-amenazas-contra-su-vida\\\/\",\"url\":\"https:\\\/\\\/latamjournalismreview.org\\\/es\\\/articles\\\/periodista-que-investigo-el-mortal-envenenamiento-por-plomo-en-colombia-enfrento-amenazas-contra-su-vida\\\/\",\"name\":\"Periodista que investig\u00f3 el mortal envenenamiento por plomo en Colombia enfrent\u00f3 amenazas contra su vida - LatAm Journalism Review\",\"isPartOf\":{\"@id\":\"https:\\\/\\\/latamjournalismreview.org\\\/es\\\/#website\"},\"primaryImageOfPage\":{\"@id\":\"https:\\\/\\\/latamjournalismreview.org\\\/es\\\/articles\\\/periodista-que-investigo-el-mortal-envenenamiento-por-plomo-en-colombia-enfrento-amenazas-contra-su-vida\\\/#primaryimage\"},\"image\":{\"@id\":\"https:\\\/\\\/latamjournalismreview.org\\\/es\\\/articles\\\/periodista-que-investigo-el-mortal-envenenamiento-por-plomo-en-colombia-enfrento-amenazas-contra-su-vida\\\/#primaryimage\"},\"thumbnailUrl\":\"https:\\\/\\\/latamjournalismreview.org\\\/wp-content\\\/uploads\\\/2025\\\/01\\\/Cinco-Preguntas-ES-Eel-Maria-Angulo.png\",\"datePublished\":\"2025-01-07T14:34:13+00:00\",\"description\":\"Periodista que investig\u00f3 el mortal envenenamiento por plomo en Colombia enfrent\u00f3 amenazas contra su vida 5 Preguntas Descubre c\u00f3mo E\u00e9l Mar\u00eda Angulo, periodista colombiana galardonada, destapa la tragedia ambiental y humana detr\u00e1s de la industria del plomo en su libro Un veneno llamado plomo.\",\"breadcrumb\":{\"@id\":\"https:\\\/\\\/latamjournalismreview.org\\\/es\\\/articles\\\/periodista-que-investigo-el-mortal-envenenamiento-por-plomo-en-colombia-enfrento-amenazas-contra-su-vida\\\/#breadcrumb\"},\"inLanguage\":\"es\",\"potentialAction\":[{\"@type\":\"ReadAction\",\"target\":[\"https:\\\/\\\/latamjournalismreview.org\\\/es\\\/articles\\\/periodista-que-investigo-el-mortal-envenenamiento-por-plomo-en-colombia-enfrento-amenazas-contra-su-vida\\\/\"]}]},{\"@type\":\"ImageObject\",\"inLanguage\":\"es\",\"@id\":\"https:\\\/\\\/latamjournalismreview.org\\\/es\\\/articles\\\/periodista-que-investigo-el-mortal-envenenamiento-por-plomo-en-colombia-enfrento-amenazas-contra-su-vida\\\/#primaryimage\",\"url\":\"https:\\\/\\\/latamjournalismreview.org\\\/wp-content\\\/uploads\\\/2025\\\/01\\\/Cinco-Preguntas-ES-Eel-Maria-Angulo.png\",\"contentUrl\":\"https:\\\/\\\/latamjournalismreview.org\\\/wp-content\\\/uploads\\\/2025\\\/01\\\/Cinco-Preguntas-ES-Eel-Maria-Angulo.png\",\"width\":507,\"height\":340},{\"@type\":\"BreadcrumbList\",\"@id\":\"https:\\\/\\\/latamjournalismreview.org\\\/es\\\/articles\\\/periodista-que-investigo-el-mortal-envenenamiento-por-plomo-en-colombia-enfrento-amenazas-contra-su-vida\\\/#breadcrumb\",\"itemListElement\":[{\"@type\":\"ListItem\",\"position\":1,\"name\":\"Home\",\"item\":\"https:\\\/\\\/latamjournalismreview.org\\\/es\\\/\"},{\"@type\":\"ListItem\",\"position\":2,\"name\":\"Periodista que investig\u00f3 el mortal envenenamiento por plomo en Colombia enfrent\u00f3 amenazas contra su vida\"}]},{\"@type\":\"WebSite\",\"@id\":\"https:\\\/\\\/latamjournalismreview.org\\\/es\\\/#website\",\"url\":\"https:\\\/\\\/latamjournalismreview.org\\\/es\\\/\",\"name\":\"LatAm Journalism Review\",\"description\":\"Knight Center at The University of Texas\",\"publisher\":{\"@id\":\"https:\\\/\\\/latamjournalismreview.org\\\/es\\\/#organization\"},\"potentialAction\":[{\"@type\":\"SearchAction\",\"target\":{\"@type\":\"EntryPoint\",\"urlTemplate\":\"https:\\\/\\\/latamjournalismreview.org\\\/es\\\/?s={search_term_string}\"},\"query-input\":{\"@type\":\"PropertyValueSpecification\",\"valueRequired\":true,\"valueName\":\"search_term_string\"}}],\"inLanguage\":\"es\"},{\"@type\":\"Organization\",\"@id\":\"https:\\\/\\\/latamjournalismreview.org\\\/es\\\/#organization\",\"name\":\"LatAm Journalism Review\",\"url\":\"https:\\\/\\\/latamjournalismreview.org\\\/es\\\/\",\"logo\":{\"@type\":\"ImageObject\",\"inLanguage\":\"es\",\"@id\":\"https:\\\/\\\/latamjournalismreview.org\\\/es\\\/#\\\/schema\\\/logo\\\/image\\\/\",\"url\":\"https:\\\/\\\/latamjournalismreview.org\\\/wp-content\\\/uploads\\\/2020\\\/05\\\/knight-latAm-review-logo.svg\",\"contentUrl\":\"https:\\\/\\\/latamjournalismreview.org\\\/wp-content\\\/uploads\\\/2020\\\/05\\\/knight-latAm-review-logo.svg\",\"width\":\"1024\",\"height\":\"1024\",\"caption\":\"LatAm Journalism Review\"},\"image\":{\"@id\":\"https:\\\/\\\/latamjournalismreview.org\\\/es\\\/#\\\/schema\\\/logo\\\/image\\\/\"},\"sameAs\":[\"https:\\\/\\\/x.com\\\/LatAmJournalism\"]},{\"@type\":\"Person\",\"@id\":\"https:\\\/\\\/latamjournalismreview.org\\\/es\\\/#\\\/schema\\\/person\\\/35fb0fc8541711528b3683cd6bf42190\",\"name\":\"Katherine Pennacchio\",\"description\":\"Katherine Pennacchio is a Venezuelan journalist with a master's degree in Investigative, Data and Visualization Journalism from Unidad Editorial and the Rey Juan Carlos University of Madrid. Katherine is passionate about data analysis and currently works as a freelancer. ____ Katherine Pennacchio es una periodista venezolana con una maestr\u00eda en Periodismo de Investigaci\u00f3n, Datos y Visualizaci\u00f3n de la Unidad Editorial y la Universidad Rey Juan Carlos de Madrid. Katherine es una apasionada del an\u00e1lisis de datos y actualmente trabaja como independiente.\",\"sameAs\":[\"https:\\\/\\\/x.com\\\/kathypennacchio\"],\"url\":\"https:\\\/\\\/latamjournalismreview.org\\\/es\\\/articles\\\/author\\\/katherine-pennacchio\\\/\"}]}<\/script>\n<!-- \/ Yoast SEO Premium plugin. -->","yoast_head_json":{"title":"Periodista que investig\u00f3 el mortal envenenamiento por plomo en Colombia enfrent\u00f3 amenazas contra su vida - LatAm Journalism Review","description":"Periodista que investig\u00f3 el mortal envenenamiento por plomo en Colombia enfrent\u00f3 amenazas contra su vida 5 Preguntas Descubre c\u00f3mo E\u00e9l Mar\u00eda Angulo, periodista colombiana galardonada, destapa la tragedia ambiental y humana detr\u00e1s de la industria del plomo en su libro Un veneno llamado plomo.","robots":{"index":"index","follow":"follow","max-snippet":"max-snippet:-1","max-image-preview":"max-image-preview:large","max-video-preview":"max-video-preview:-1"},"canonical":"https:\/\/latamjournalismreview.org\/es\/articles\/periodista-que-investigo-el-mortal-envenenamiento-por-plomo-en-colombia-enfrento-amenazas-contra-su-vida\/","og_locale":"es_ES","og_type":"article","og_title":"Periodista que investig\u00f3 el mortal envenenamiento por plomo en Colombia enfrent\u00f3 amenazas contra su vida","og_description":"Periodista que investig\u00f3 el mortal envenenamiento por plomo en Colombia enfrent\u00f3 amenazas contra su vida 5 Preguntas Descubre c\u00f3mo E\u00e9l Mar\u00eda Angulo, periodista colombiana galardonada, destapa la tragedia ambiental y humana detr\u00e1s de la industria del plomo en su libro Un veneno llamado plomo.","og_url":"https:\/\/latamjournalismreview.org\/es\/articles\/periodista-que-investigo-el-mortal-envenenamiento-por-plomo-en-colombia-enfrento-amenazas-contra-su-vida\/","og_site_name":"LatAm Journalism Review","article_published_time":"2025-01-07T14:34:13+00:00","og_image":[{"width":507,"height":340,"url":"https:\/\/latamjournalismreview.org\/wp-content\/uploads\/2025\/01\/Cinco-Preguntas-ES-Eel-Maria-Angulo.png","type":"image\/png"}],"author":"Katherine Pennacchio","twitter_card":"summary_large_image","twitter_creator":"@kathypennacchio","twitter_site":"@LatAmJournalism","twitter_misc":{"Written by":"Katherine Pennacchio","Est. reading time":"10 minutos"},"schema":{"@context":"https:\/\/schema.org","@graph":[{"@type":"Article","@id":"https:\/\/latamjournalismreview.org\/es\/articles\/periodista-que-investigo-el-mortal-envenenamiento-por-plomo-en-colombia-enfrento-amenazas-contra-su-vida\/#article","isPartOf":{"@id":"https:\/\/latamjournalismreview.org\/es\/articles\/periodista-que-investigo-el-mortal-envenenamiento-por-plomo-en-colombia-enfrento-amenazas-contra-su-vida\/"},"author":{"name":"Katherine Pennacchio","@id":"https:\/\/latamjournalismreview.org\/es\/#\/schema\/person\/35fb0fc8541711528b3683cd6bf42190"},"headline":"Periodista que investig\u00f3 el mortal envenenamiento por plomo en Colombia enfrent\u00f3 amenazas contra su vida","datePublished":"2025-01-07T14:34:13+00:00","mainEntityOfPage":{"@id":"https:\/\/latamjournalismreview.org\/es\/articles\/periodista-que-investigo-el-mortal-envenenamiento-por-plomo-en-colombia-enfrento-amenazas-contra-su-vida\/"},"wordCount":2145,"publisher":{"@id":"https:\/\/latamjournalismreview.org\/es\/#organization"},"image":{"@id":"https:\/\/latamjournalismreview.org\/es\/articles\/periodista-que-investigo-el-mortal-envenenamiento-por-plomo-en-colombia-enfrento-amenazas-contra-su-vida\/#primaryimage"},"thumbnailUrl":"https:\/\/latamjournalismreview.org\/wp-content\/uploads\/2025\/01\/Cinco-Preguntas-ES-Eel-Maria-Angulo.png","keywords":["Colombia"],"articleSection":["5 Preguntas"],"inLanguage":"es"},{"@type":"WebPage","@id":"https:\/\/latamjournalismreview.org\/es\/articles\/periodista-que-investigo-el-mortal-envenenamiento-por-plomo-en-colombia-enfrento-amenazas-contra-su-vida\/","url":"https:\/\/latamjournalismreview.org\/es\/articles\/periodista-que-investigo-el-mortal-envenenamiento-por-plomo-en-colombia-enfrento-amenazas-contra-su-vida\/","name":"Periodista que investig\u00f3 el mortal envenenamiento por plomo en Colombia enfrent\u00f3 amenazas contra su vida - LatAm Journalism Review","isPartOf":{"@id":"https:\/\/latamjournalismreview.org\/es\/#website"},"primaryImageOfPage":{"@id":"https:\/\/latamjournalismreview.org\/es\/articles\/periodista-que-investigo-el-mortal-envenenamiento-por-plomo-en-colombia-enfrento-amenazas-contra-su-vida\/#primaryimage"},"image":{"@id":"https:\/\/latamjournalismreview.org\/es\/articles\/periodista-que-investigo-el-mortal-envenenamiento-por-plomo-en-colombia-enfrento-amenazas-contra-su-vida\/#primaryimage"},"thumbnailUrl":"https:\/\/latamjournalismreview.org\/wp-content\/uploads\/2025\/01\/Cinco-Preguntas-ES-Eel-Maria-Angulo.png","datePublished":"2025-01-07T14:34:13+00:00","description":"Periodista que investig\u00f3 el mortal envenenamiento por plomo en Colombia enfrent\u00f3 amenazas contra su vida 5 Preguntas Descubre c\u00f3mo E\u00e9l Mar\u00eda Angulo, periodista colombiana galardonada, destapa la tragedia ambiental y humana detr\u00e1s de la industria del plomo en su libro Un veneno llamado plomo.","breadcrumb":{"@id":"https:\/\/latamjournalismreview.org\/es\/articles\/periodista-que-investigo-el-mortal-envenenamiento-por-plomo-en-colombia-enfrento-amenazas-contra-su-vida\/#breadcrumb"},"inLanguage":"es","potentialAction":[{"@type":"ReadAction","target":["https:\/\/latamjournalismreview.org\/es\/articles\/periodista-que-investigo-el-mortal-envenenamiento-por-plomo-en-colombia-enfrento-amenazas-contra-su-vida\/"]}]},{"@type":"ImageObject","inLanguage":"es","@id":"https:\/\/latamjournalismreview.org\/es\/articles\/periodista-que-investigo-el-mortal-envenenamiento-por-plomo-en-colombia-enfrento-amenazas-contra-su-vida\/#primaryimage","url":"https:\/\/latamjournalismreview.org\/wp-content\/uploads\/2025\/01\/Cinco-Preguntas-ES-Eel-Maria-Angulo.png","contentUrl":"https:\/\/latamjournalismreview.org\/wp-content\/uploads\/2025\/01\/Cinco-Preguntas-ES-Eel-Maria-Angulo.png","width":507,"height":340},{"@type":"BreadcrumbList","@id":"https:\/\/latamjournalismreview.org\/es\/articles\/periodista-que-investigo-el-mortal-envenenamiento-por-plomo-en-colombia-enfrento-amenazas-contra-su-vida\/#breadcrumb","itemListElement":[{"@type":"ListItem","position":1,"name":"Home","item":"https:\/\/latamjournalismreview.org\/es\/"},{"@type":"ListItem","position":2,"name":"Periodista que investig\u00f3 el mortal envenenamiento por plomo en Colombia enfrent\u00f3 amenazas contra su vida"}]},{"@type":"WebSite","@id":"https:\/\/latamjournalismreview.org\/es\/#website","url":"https:\/\/latamjournalismreview.org\/es\/","name":"LatAm Journalism Review","description":"Knight Center at The University of Texas","publisher":{"@id":"https:\/\/latamjournalismreview.org\/es\/#organization"},"potentialAction":[{"@type":"SearchAction","target":{"@type":"EntryPoint","urlTemplate":"https:\/\/latamjournalismreview.org\/es\/?s={search_term_string}"},"query-input":{"@type":"PropertyValueSpecification","valueRequired":true,"valueName":"search_term_string"}}],"inLanguage":"es"},{"@type":"Organization","@id":"https:\/\/latamjournalismreview.org\/es\/#organization","name":"LatAm Journalism Review","url":"https:\/\/latamjournalismreview.org\/es\/","logo":{"@type":"ImageObject","inLanguage":"es","@id":"https:\/\/latamjournalismreview.org\/es\/#\/schema\/logo\/image\/","url":"https:\/\/latamjournalismreview.org\/wp-content\/uploads\/2020\/05\/knight-latAm-review-logo.svg","contentUrl":"https:\/\/latamjournalismreview.org\/wp-content\/uploads\/2020\/05\/knight-latAm-review-logo.svg","width":"1024","height":"1024","caption":"LatAm Journalism Review"},"image":{"@id":"https:\/\/latamjournalismreview.org\/es\/#\/schema\/logo\/image\/"},"sameAs":["https:\/\/x.com\/LatAmJournalism"]},{"@type":"Person","@id":"https:\/\/latamjournalismreview.org\/es\/#\/schema\/person\/35fb0fc8541711528b3683cd6bf42190","name":"Katherine Pennacchio","description":"Katherine Pennacchio is a Venezuelan journalist with a master's degree in Investigative, Data and Visualization Journalism from Unidad Editorial and the Rey Juan Carlos University of Madrid. Katherine is passionate about data analysis and currently works as a freelancer. ____ Katherine Pennacchio es una periodista venezolana con una maestr\u00eda en Periodismo de Investigaci\u00f3n, Datos y Visualizaci\u00f3n de la Unidad Editorial y la Universidad Rey Juan Carlos de Madrid. Katherine es una apasionada del an\u00e1lisis de datos y actualmente trabaja como independiente.","sameAs":["https:\/\/x.com\/kathypennacchio"],"url":"https:\/\/latamjournalismreview.org\/es\/articles\/author\/katherine-pennacchio\/"}]}},"_links":{"self":[{"href":"https:\/\/latamjournalismreview.org\/es\/wp-json\/wp\/v2\/posts\/94035","targetHints":{"allow":["GET"]}}],"collection":[{"href":"https:\/\/latamjournalismreview.org\/es\/wp-json\/wp\/v2\/posts"}],"about":[{"href":"https:\/\/latamjournalismreview.org\/es\/wp-json\/wp\/v2\/types\/post"}],"author":[{"embeddable":true,"href":"https:\/\/latamjournalismreview.org\/es\/wp-json\/wp\/v2\/users\/36"}],"replies":[{"embeddable":true,"href":"https:\/\/latamjournalismreview.org\/es\/wp-json\/wp\/v2\/comments?post=94035"}],"version-history":[{"count":2,"href":"https:\/\/latamjournalismreview.org\/es\/wp-json\/wp\/v2\/posts\/94035\/revisions"}],"predecessor-version":[{"id":94041,"href":"https:\/\/latamjournalismreview.org\/es\/wp-json\/wp\/v2\/posts\/94035\/revisions\/94041"}],"wp:featuredmedia":[{"embeddable":true,"href":"https:\/\/latamjournalismreview.org\/es\/wp-json\/wp\/v2\/media\/94019"}],"wp:attachment":[{"href":"https:\/\/latamjournalismreview.org\/es\/wp-json\/wp\/v2\/media?parent=94035"}],"wp:term":[{"taxonomy":"category","embeddable":true,"href":"https:\/\/latamjournalismreview.org\/es\/wp-json\/wp\/v2\/categories?post=94035"},{"taxonomy":"post_tag","embeddable":true,"href":"https:\/\/latamjournalismreview.org\/es\/wp-json\/wp\/v2\/tags?post=94035"},{"taxonomy":"author","embeddable":true,"href":"https:\/\/latamjournalismreview.org\/es\/wp-json\/wp\/v2\/coauthors?post=94035"}],"curies":[{"name":"wp","href":"https:\/\/api.w.org\/{rel}","templated":true}]}}