{"id":9613,"date":"2018-06-25T13:07:23","date_gmt":"2018-06-25T18:07:23","guid":{"rendered":"https:\/\/live-lajr.pantheonsite.io\/articles\/gobierno-de-ecuador-y-familiares-de-periodistas-de-el-comercio-cuestionan-mensaje-de-colombia-tras-hallazgo-de-los-cuerpos\/"},"modified":"2020-07-29T23:06:58","modified_gmt":"2020-07-30T04:06:58","slug":"gobierno-de-ecuador-y-familiares-de-periodistas-de-el-comercio-cuestionan-mensaje-de-colombia-tras-hallazgo-de-los-cuerpos","status":"publish","type":"post","link":"https:\/\/latamjournalismreview.org\/es\/articles\/gobierno-de-ecuador-y-familiares-de-periodistas-de-el-comercio-cuestionan-mensaje-de-colombia-tras-hallazgo-de-los-cuerpos\/","title":{"rendered":"Gobierno de Ecuador y familiares de periodistas de El Comercio cuestionan mensaje de Colombia tras hallazgo de los cuerpos"},"content":{"rendered":"<div style=\"width: 300px; font-size: 80%; text-align: left; float: right; padding-left: 10px; padding-right: 10px;\">\n<div style=\"width: 410px\" class=\"wp-caption alignnone\"><a href=\"https:\/\/twitter.com\/nosfaltan3\" target=\"_blank\" rel=\"noopener noreferrer\"><img loading=\"lazy\" decoding=\"async\" style=\"width: 300px;\" src=\"https:\/\/farm2.staticflickr.com\/1763\/28135086427_e4e7103149_o.jpg\" alt=\"Foto de los periodistas desaparecidos obtenida de la cuenta de Twitter \u201cNos Faltan 3\u201d.\" width=\"400\" height=\"400\" \/><\/a><p class=\"wp-caption-text\">Foto de los periodistas desaparecidos obtenida de la cuenta de Twitter \u201cNos Faltan 3\u201d.<\/p><\/div>\n<\/div>\n<p><em>*Esta historia ha sido actualizada<\/em><\/p>\n<p>El Presidente de Colombia, Juan Manuel Santos,\u00a0<a href=\"http:\/\/twitter.com\/JuanManSantos\/status\/1009932771777830913\" target=\"_blank\" rel=\"noopener noreferrer\">public\u00f3 en Twitter el 21 de junio sobre el hallazgo de tres cuerpos que podr\u00edan pertenecer al equipo period\u00edstico<\/a> del diario ecuatoriano El Comercio, que seg\u00fan informaciones period\u00edsticas fueron asesinados en la regi\u00f3n fronteriza por un grupo disidente de la guerrilla de las Farc.<\/p>\n<p>Santos envi\u00f3 sus condolencias a las familias de los periodistas y el conductor a la vez que repudi\u00f3 los cr\u00edmenes.<\/p>\n<p>Sin embargo, <a href=\"http:\/\/flip.org.co\/index.php\/es\/informacion\/pronunciamientos\/item\/2245-delegacion-de-familiares-de-periodistas-ecuatorianos-asesinados-protesta-por-el-manejo-de-la-informacion-en-identificacion-de-cadaveres\">fueron notificados del hallazgo mediante el tuit de Santos<\/a>, seg\u00fan una declaraci\u00f3n de las familias publicada por la Fundaci\u00f3n para la Libertad de Prensa (FLIP). El mensaje del l\u00edder colombiano en redes sociales les lleg\u00f3 tras pasar meses tratando de repatriar los restos de sus seres queridos desde Colombia.<\/p>\n<p>Antes de que los familiares emprendieran el viaje a Cali para identificar los cuerpos, <a href=\"https:\/\/knightcenter.utexas.edu\/es\/blog\/00-19868-hallan-tres-cuerpos-en-colombia-que-podrian-pertenecer-los-periodistas-ecuatorianos-de\" target=\"_blank\" rel=\"noopener noreferrer\">ellos exigieron al Gobierno colombiano mayor transparencia y apertura en las comunicaciones<\/a>. Tras permanecer gran parte del d\u00eda en el Instituto de Medicina Legal, les informaron que los an\u00e1lisis se extender\u00edan hasta el 26 de junio, de acuerdo con su comunicado.<\/p>\n<p>A pesar de ello, poco despu\u00e9s, el Ministro de Defensa de Colombia public\u00f3 en Twitter que el Instituto de Medicina Legal y la Polic\u00eda de Colombia <a href=\"http:\/\/twitter.com\/mindefensa\/status\/1010349360914272256\" target=\"_blank\" rel=\"noopener noreferrer\">hab\u00edan podido concluir que los restos correspond\u00edan en un 99% a las identidades de los periodistas ecuatorianos<\/a>. Tambi\u00e9n informaron que las pruebas de ADN continuar\u00edan.<\/p>\n<p>\"Hemos insistido desde el inicio de esta pesadilla que es fundamental que las familias tengan acceso prioritario a la informaci\u00f3n, <a href=\"https:\/\/flip.org.co\/index.php\/es\/informacion\/pronunciamientos\/item\/2245-delegacion-de-familiares-de-periodistas-ecuatorianos-asesinados-protesta-por-el-manejo-de-la-informacion-en-identificacion-de-cadaveres\" target=\"_blank\" rel=\"noopener noreferrer\">esto ha sido transmitido a las autoridades colombianas<\/a> y dicho compromiso ha sido desconocido sin miramiento del impacto que tiene sobre nuestro dolor, nuestras familias y el derecho a la informaci\u00f3n que le asiste a la sociedad ecuatoriana\", dijeron en su declaraci\u00f3n.<\/p>\n<p>Asimismo, los familiares dijeron en su declaraci\u00f3n que estos eventos recientes \"sientan un precedente de falta de seriedad para el tratamiento del caso, siembran sospechas alrededor del ocultamiento de informaci\u00f3n a los familiares\". \"En estas condiciones se afecta la confianza sobre el resto de acciones que realiz\u00f3 y realiza el Estado colombiano para la investigaci\u00f3n\", indicaron en el documento.<\/p>\n<p>La Secretar\u00eda Nacional de Comunicaci\u00f3n inform\u00f3 que el director regional del Instituto de Medicina Legal en Cali se\u00f1al\u00f3 que la informaci\u00f3n publicada por el Ministerio de Defensa \"<a href=\"https:\/\/twitter.com\/ComunicacionEc\/status\/1010565989598203905\" target=\"_blank\" rel=\"noopener noreferrer\">no es la precisa<\/a>\". El dentista forense no hab\u00eda concluido su an\u00e1lisis cuando se public\u00f3 el tuit, resalt\u00f3 la secretar\u00eda.<\/p>\n<p>El Gobierno de Ecuador envi\u00f3 una comunicaci\u00f3n de protesta al Ministro de Relaciones Exteriores colombiano, respecto del tuit del Ministerio de Defensa, solicitando al Gobierno de Colombia que realice una pronta investigaci\u00f3n de los hechos y sancione a quienes \"<a href=\"http:\/\/twitter.com\/CancilleriaEc\/status\/1010525776616312832\" target=\"_blank\" rel=\"noopener noreferrer\">han causado adicional estr\u00e9s psicol\u00f3gico a las familias\"<\/a>.<\/p>\n<p>La Secretar\u00eda Nacional de Comunicaci\u00f3n inform\u00f3 a las familias que se <a href=\"http:\/\/twitter.com\/ComunicacionEc\/status\/1010594498685079553\" target=\"_top\" rel=\"noopener noreferrer\">espera tener los resultados de los ex\u00e1menes el 25 de junio<\/a>.<\/p>\n<p>El fotoperiodista Pa\u00fal Rivas, el periodista Javier Ortega y el conductor Efra\u00edn Segarra fueron <a href=\"https:\/\/knightcenter.utexas.edu\/es\/blog\/00-19436-gobierno-ecuatoriano-confirma-el-secuestro-de-tres-periodistas-cerca-de-la-frontera-co\" target=\"_blank\" rel=\"noopener noreferrer\">secuestrados cerca de un ret\u00e9n militar en Mataje, Ecuador,<\/a> el 26 de marzo. En un comunicado firmado por el Frente Oliver Sinisterra, un grupo disidente de las Farc, se anunci\u00f3 la muerte de los tres hombres el 11 de abril, tras fallar los intentos de ambos gobiernos por garantizar la liberaci\u00f3n del equipo period\u00edstico.<\/p>\n<p>Posteriores intentos por recuperar los cuerpos y llevarlos a Ecuador fueron infructuosos. Hasta el 21 de junio, en que Santos public\u00f3 un tuit informando el hallazgo de cad\u00e1veres que \"<a href=\"http:\/\/twitter.com\/JuanManSantos\/status\/1009932771777830913\" target=\"_blank\" rel=\"noopener noreferrer\">pueden corresponder a los cuerpos de los tres periodistas secuestrados y asesinados por alias 'Guacho'<\/a> [el l\u00edder del Frente Oliver Sinisterra]\". De acuerdo con El Tiempo, el descubrimiento de los cuerpos fue hecho por las<a href=\"http:\/\/www.eltiempo.com\/justicia\/conflicto-y-narcotrafico\/fosas-comunes-de-periodistas-ecuatorianos-asesinados-estaban-minadas-234070\" target=\"_blank\" rel=\"noopener noreferrer\"> Fuerzas Especiales del Ej\u00e9rcito y una unidad especialista en secuestros en un campo minado de la espesa selva<\/a>.<\/p>\n<p><em>*El Presidente Juan Manuel Santos no habr\u00eda sido la primera notificaci\u00f3n que los familiares de las v\u00edctimas recibieron. En otro art\u00edculo, El Espectador public\u00f3 que esta <a href=\"http:\/\/www.elespectador.com\/noticias\/judicial\/nuestra-molestia-es-con-el-gobierno-colombiano-familiares-de-ecuatorianos-articulo-796092\">provino de un medio de comunicaci\u00f3n<\/a>.\u00a0 <\/em><\/p>\n","protected":false},"excerpt":{"rendered":"<p>El Presidente de Colombia, Juan Manuel Santos, public\u00f3 en Twitter el 21 de junio sobre el hallazgo de tres cuerpos que podr\u00edan pertenecer al equipo period\u00edstico del diario ecuatoriano El Comercio, que seg\u00fan informaciones period\u00edsticas fueron asesinados en la regi\u00f3n fronteriza por un grupo disidente de la guerrilla de las Farc.<\/p>\n","protected":false},"author":3,"featured_media":9422,"comment_status":"closed","ping_status":"closed","sticky":false,"template":"","format":"standard","meta":{"inline_featured_image":false,"footnotes":""},"categories":[1222],"tags":[1479,1395,1443],"coauthors":[],"class_list":["post-9613","post","type-post","status-publish","format-standard","has-post-thumbnail","hentry","category-violencia-contra-periodistas-es","tag-asesinato-de-periodistas-es","tag-colombia-es-2","tag-ecuador-es"],"acf":[],"yoast_head":"<!-- This site is optimized with the Yoast SEO Premium plugin v22.6 (Yoast SEO v27.4) - https:\/\/yoast.com\/product\/yoast-seo-premium-wordpress\/ -->\n<title>Gobierno de Ecuador y familiares de periodistas de El Comercio cuestionan mensaje de Colombia tras hallazgo de los cuerpos - LatAm Journalism Review<\/title>\n<meta name=\"description\" content=\"Gobierno de Ecuador y familiares de periodistas de El Comercio cuestionan mensaje de Colombia tras hallazgo de los cuerpos Violencia contra periodistas. Latin American Journalism Review by The Knight Center at The University of Texas at Austin.\" \/>\n<meta name=\"robots\" content=\"index, follow, max-snippet:-1, max-image-preview:large, max-video-preview:-1\" \/>\n<link rel=\"canonical\" href=\"https:\/\/latamjournalismreview.org\/es\/articles\/gobierno-de-ecuador-y-familiares-de-periodistas-de-el-comercio-cuestionan-mensaje-de-colombia-tras-hallazgo-de-los-cuerpos\/\" \/>\n<meta property=\"og:locale\" content=\"es_ES\" \/>\n<meta property=\"og:type\" content=\"article\" \/>\n<meta property=\"og:title\" content=\"Gobierno de Ecuador y familiares de periodistas de El Comercio cuestionan mensaje de Colombia tras hallazgo de los cuerpos\" \/>\n<meta property=\"og:description\" content=\"Gobierno de Ecuador y familiares de periodistas de El Comercio cuestionan mensaje de Colombia tras hallazgo de los cuerpos Violencia contra periodistas. Latin American Journalism Review by The Knight Center at The University of Texas at Austin.\" \/>\n<meta property=\"og:url\" content=\"https:\/\/latamjournalismreview.org\/es\/articles\/gobierno-de-ecuador-y-familiares-de-periodistas-de-el-comercio-cuestionan-mensaje-de-colombia-tras-hallazgo-de-los-cuerpos\/\" \/>\n<meta property=\"og:site_name\" content=\"LatAm Journalism Review\" \/>\n<meta property=\"article:published_time\" content=\"2018-06-25T18:07:23+00:00\" \/>\n<meta property=\"article:modified_time\" content=\"2020-07-30T04:06:58+00:00\" \/>\n<meta property=\"og:image\" content=\"https:\/\/latamjournalismreview.org\/wp-content\/uploads\/2020\/07\/Photo-of-the-abducted-journalists-from-the-Twitter-account-\u201cNos-Faltan-3\u201d.png\" \/>\n\t<meta property=\"og:image:width\" content=\"507\" \/>\n\t<meta property=\"og:image:height\" content=\"340\" \/>\n\t<meta property=\"og:image:type\" content=\"image\/png\" \/>\n<meta name=\"author\" content=\"Teresa Mioli\" \/>\n<meta name=\"twitter:card\" content=\"summary_large_image\" \/>\n<meta name=\"twitter:creator\" content=\"@TeresaMioli\" \/>\n<meta name=\"twitter:site\" content=\"@LatAmJournalism\" \/>\n<meta name=\"twitter:label1\" content=\"Written by\" \/>\n\t<meta name=\"twitter:data1\" content=\"Teresa Mioli\" \/>\n\t<meta name=\"twitter:label2\" content=\"Est. reading time\" \/>\n\t<meta name=\"twitter:data2\" content=\"4 minutos\" \/>\n<script type=\"application\/ld+json\" class=\"yoast-schema-graph\">{\"@context\":\"https:\\\/\\\/schema.org\",\"@graph\":[{\"@type\":\"Article\",\"@id\":\"https:\\\/\\\/latamjournalismreview.org\\\/es\\\/articles\\\/gobierno-de-ecuador-y-familiares-de-periodistas-de-el-comercio-cuestionan-mensaje-de-colombia-tras-hallazgo-de-los-cuerpos\\\/#article\",\"isPartOf\":{\"@id\":\"https:\\\/\\\/latamjournalismreview.org\\\/es\\\/articles\\\/gobierno-de-ecuador-y-familiares-de-periodistas-de-el-comercio-cuestionan-mensaje-de-colombia-tras-hallazgo-de-los-cuerpos\\\/\"},\"author\":{\"name\":\"Teresa Mioli\",\"@id\":\"https:\\\/\\\/latamjournalismreview.org\\\/es\\\/#\\\/schema\\\/person\\\/b83a4912f05c8178389e917d8d51de03\"},\"headline\":\"Gobierno de Ecuador y familiares de periodistas de El Comercio cuestionan mensaje de Colombia tras hallazgo de los cuerpos\",\"datePublished\":\"2018-06-25T18:07:23+00:00\",\"dateModified\":\"2020-07-30T04:06:58+00:00\",\"mainEntityOfPage\":{\"@id\":\"https:\\\/\\\/latamjournalismreview.org\\\/es\\\/articles\\\/gobierno-de-ecuador-y-familiares-de-periodistas-de-el-comercio-cuestionan-mensaje-de-colombia-tras-hallazgo-de-los-cuerpos\\\/\"},\"wordCount\":735,\"publisher\":{\"@id\":\"https:\\\/\\\/latamjournalismreview.org\\\/es\\\/#organization\"},\"image\":{\"@id\":\"https:\\\/\\\/latamjournalismreview.org\\\/es\\\/articles\\\/gobierno-de-ecuador-y-familiares-de-periodistas-de-el-comercio-cuestionan-mensaje-de-colombia-tras-hallazgo-de-los-cuerpos\\\/#primaryimage\"},\"thumbnailUrl\":\"https:\\\/\\\/latamjournalismreview.org\\\/wp-content\\\/uploads\\\/2020\\\/07\\\/Photo-of-the-abducted-journalists-from-the-Twitter-account-\u201cNos-Faltan-3\u201d.png\",\"keywords\":[\"Asesinato de periodista\",\"Colombia\",\"Ecuador\"],\"articleSection\":[\"Violencia contra periodistas\"],\"inLanguage\":\"es\"},{\"@type\":\"WebPage\",\"@id\":\"https:\\\/\\\/latamjournalismreview.org\\\/es\\\/articles\\\/gobierno-de-ecuador-y-familiares-de-periodistas-de-el-comercio-cuestionan-mensaje-de-colombia-tras-hallazgo-de-los-cuerpos\\\/\",\"url\":\"https:\\\/\\\/latamjournalismreview.org\\\/es\\\/articles\\\/gobierno-de-ecuador-y-familiares-de-periodistas-de-el-comercio-cuestionan-mensaje-de-colombia-tras-hallazgo-de-los-cuerpos\\\/\",\"name\":\"Gobierno de Ecuador y familiares de periodistas de El Comercio cuestionan mensaje de Colombia tras hallazgo de los cuerpos - LatAm Journalism Review\",\"isPartOf\":{\"@id\":\"https:\\\/\\\/latamjournalismreview.org\\\/es\\\/#website\"},\"primaryImageOfPage\":{\"@id\":\"https:\\\/\\\/latamjournalismreview.org\\\/es\\\/articles\\\/gobierno-de-ecuador-y-familiares-de-periodistas-de-el-comercio-cuestionan-mensaje-de-colombia-tras-hallazgo-de-los-cuerpos\\\/#primaryimage\"},\"image\":{\"@id\":\"https:\\\/\\\/latamjournalismreview.org\\\/es\\\/articles\\\/gobierno-de-ecuador-y-familiares-de-periodistas-de-el-comercio-cuestionan-mensaje-de-colombia-tras-hallazgo-de-los-cuerpos\\\/#primaryimage\"},\"thumbnailUrl\":\"https:\\\/\\\/latamjournalismreview.org\\\/wp-content\\\/uploads\\\/2020\\\/07\\\/Photo-of-the-abducted-journalists-from-the-Twitter-account-\u201cNos-Faltan-3\u201d.png\",\"datePublished\":\"2018-06-25T18:07:23+00:00\",\"dateModified\":\"2020-07-30T04:06:58+00:00\",\"description\":\"Gobierno de Ecuador y familiares de periodistas de El Comercio cuestionan mensaje de Colombia tras hallazgo de los cuerpos Violencia contra periodistas. Latin American Journalism Review by The Knight Center at The University of Texas at Austin.\",\"breadcrumb\":{\"@id\":\"https:\\\/\\\/latamjournalismreview.org\\\/es\\\/articles\\\/gobierno-de-ecuador-y-familiares-de-periodistas-de-el-comercio-cuestionan-mensaje-de-colombia-tras-hallazgo-de-los-cuerpos\\\/#breadcrumb\"},\"inLanguage\":\"es\",\"potentialAction\":[{\"@type\":\"ReadAction\",\"target\":[\"https:\\\/\\\/latamjournalismreview.org\\\/es\\\/articles\\\/gobierno-de-ecuador-y-familiares-de-periodistas-de-el-comercio-cuestionan-mensaje-de-colombia-tras-hallazgo-de-los-cuerpos\\\/\"]}]},{\"@type\":\"ImageObject\",\"inLanguage\":\"es\",\"@id\":\"https:\\\/\\\/latamjournalismreview.org\\\/es\\\/articles\\\/gobierno-de-ecuador-y-familiares-de-periodistas-de-el-comercio-cuestionan-mensaje-de-colombia-tras-hallazgo-de-los-cuerpos\\\/#primaryimage\",\"url\":\"https:\\\/\\\/latamjournalismreview.org\\\/wp-content\\\/uploads\\\/2020\\\/07\\\/Photo-of-the-abducted-journalists-from-the-Twitter-account-\u201cNos-Faltan-3\u201d.png\",\"contentUrl\":\"https:\\\/\\\/latamjournalismreview.org\\\/wp-content\\\/uploads\\\/2020\\\/07\\\/Photo-of-the-abducted-journalists-from-the-Twitter-account-\u201cNos-Faltan-3\u201d.png\",\"width\":507,\"height\":340,\"caption\":\"Photo of the abducted journalists from the Twitter account \u201cNos Faltan 3\u201d\"},{\"@type\":\"BreadcrumbList\",\"@id\":\"https:\\\/\\\/latamjournalismreview.org\\\/es\\\/articles\\\/gobierno-de-ecuador-y-familiares-de-periodistas-de-el-comercio-cuestionan-mensaje-de-colombia-tras-hallazgo-de-los-cuerpos\\\/#breadcrumb\",\"itemListElement\":[{\"@type\":\"ListItem\",\"position\":1,\"name\":\"Home\",\"item\":\"https:\\\/\\\/latamjournalismreview.org\\\/es\\\/\"},{\"@type\":\"ListItem\",\"position\":2,\"name\":\"Gobierno de Ecuador y familiares de periodistas de El Comercio cuestionan mensaje de Colombia tras hallazgo de los cuerpos\"}]},{\"@type\":\"WebSite\",\"@id\":\"https:\\\/\\\/latamjournalismreview.org\\\/es\\\/#website\",\"url\":\"https:\\\/\\\/latamjournalismreview.org\\\/es\\\/\",\"name\":\"LatAm Journalism Review\",\"description\":\"Knight Center at The University of Texas\",\"publisher\":{\"@id\":\"https:\\\/\\\/latamjournalismreview.org\\\/es\\\/#organization\"},\"potentialAction\":[{\"@type\":\"SearchAction\",\"target\":{\"@type\":\"EntryPoint\",\"urlTemplate\":\"https:\\\/\\\/latamjournalismreview.org\\\/es\\\/?s={search_term_string}\"},\"query-input\":{\"@type\":\"PropertyValueSpecification\",\"valueRequired\":true,\"valueName\":\"search_term_string\"}}],\"inLanguage\":\"es\"},{\"@type\":\"Organization\",\"@id\":\"https:\\\/\\\/latamjournalismreview.org\\\/es\\\/#organization\",\"name\":\"LatAm Journalism Review\",\"url\":\"https:\\\/\\\/latamjournalismreview.org\\\/es\\\/\",\"logo\":{\"@type\":\"ImageObject\",\"inLanguage\":\"es\",\"@id\":\"https:\\\/\\\/latamjournalismreview.org\\\/es\\\/#\\\/schema\\\/logo\\\/image\\\/\",\"url\":\"https:\\\/\\\/latamjournalismreview.org\\\/wp-content\\\/uploads\\\/2020\\\/05\\\/knight-latAm-review-logo.svg\",\"contentUrl\":\"https:\\\/\\\/latamjournalismreview.org\\\/wp-content\\\/uploads\\\/2020\\\/05\\\/knight-latAm-review-logo.svg\",\"width\":\"1024\",\"height\":\"1024\",\"caption\":\"LatAm Journalism Review\"},\"image\":{\"@id\":\"https:\\\/\\\/latamjournalismreview.org\\\/es\\\/#\\\/schema\\\/logo\\\/image\\\/\"},\"sameAs\":[\"https:\\\/\\\/x.com\\\/LatAmJournalism\"]},{\"@type\":\"Person\",\"@id\":\"https:\\\/\\\/latamjournalismreview.org\\\/es\\\/#\\\/schema\\\/person\\\/b83a4912f05c8178389e917d8d51de03\",\"name\":\"Teresa Mioli\",\"description\":\"Teresa Mioli is the editorial manager for the Knight Center for Journalism in the Americas. She is interested in press freedom, democratization, and investigative journalism in Latin America and is dedicated to increasing awareness about the importance of independent news media to the health of democracies. She produces journalistic work with the aim of helping people to make informed decisions about their lives and societies and wants to make sure other journalists are able to do the same. She has Bachelors' degrees in Journalism and Plan II Honors (Liberal Arts) and a Master's degree in Latin American Studies, all from the University of Texas at Austin. She started her journalistic career at The Beaumont Enterprise in Southeast Texas where she last worked as a breaking news reporter. ______ Teresa Mioli es la directora editorial del Centro Knight para el Periodismo en las Am\u00e9ricas. Es una periodista con inter\u00e9s en la libertad de prensa, la democratizaci\u00f3n y el periodismo investigativo en Am\u00e9rica Latina y est\u00e1 dedicada a crear mayor consciencia sobre la importancia de los medios noticiosos independientes para la salud de las democracias. El objetivo de su trabajo period\u00edstico es ayudar las personas para que tomen decisiones informadas sobre sus vidas y sus sociedades, y busca que otros periodistas tengan la posibilidad de hacer lo mismo. Teresa tiene una licenciatura en Periodismo y Artes liberales (Plan II Honors), y una maestr\u00eda en Estudios Latinoamericanos, todos de la Universidad de Texas en Austin. Empez\u00f3 su carrera en periodismo en The Beaumont Enterprise al sureste de Texas, en donde recientemente trabaj\u00f3 como reportera de noticias de \u00faltima hora. Anteriormente ella fue la editora de LatAm Journalism Review del Centro Knight. ______ Teresa Mioli \u00e9 gerente editorial do Centro Knight para o Jornalismo nas Am\u00e9ricas. Ela se interessa por liberdade de imprensa, democratiza\u00e7\u00e3o e jornalismo investigativo na Am\u00e9rica Latina e se dedica a aumentar a conscientiza\u00e7\u00e3o sobre a import\u00e2ncia da m\u00eddia independente para a sa\u00fade das democracias. Ela produz trabalhos jornal\u00edsticos com o objetivo de ajudar as pessoas a tomarem decis\u00f5es informadas sobre suas vidas e sociedades e deseja garantir que outros jornalistas possam fazer o mesmo. Ela tem bacharelado em jornalismo e artes liberais e um mestrado em Estudos Latino-Americanos, todos pela Universidade do Texas em Austin. Ela come\u00e7ou sua carreira jornal\u00edstica na The Beaumont Enterprise no sudeste do Texas, onde trabalhou pela \u00faltima vez como rep\u00f3rter de not\u00edcias de \u00faltima hora.\",\"sameAs\":[\"https:\\\/\\\/x.com\\\/TeresaMioli\"],\"url\":\"https:\\\/\\\/latamjournalismreview.org\\\/es\\\/articles\\\/author\\\/teresa-mioli\\\/\"}]}<\/script>\n<!-- \/ Yoast SEO Premium plugin. -->","yoast_head_json":{"title":"Gobierno de Ecuador y familiares de periodistas de El Comercio cuestionan mensaje de Colombia tras hallazgo de los cuerpos - LatAm Journalism Review","description":"Gobierno de Ecuador y familiares de periodistas de El Comercio cuestionan mensaje de Colombia tras hallazgo de los cuerpos Violencia contra periodistas. Latin American Journalism Review by The Knight Center at The University of Texas at Austin.","robots":{"index":"index","follow":"follow","max-snippet":"max-snippet:-1","max-image-preview":"max-image-preview:large","max-video-preview":"max-video-preview:-1"},"canonical":"https:\/\/latamjournalismreview.org\/es\/articles\/gobierno-de-ecuador-y-familiares-de-periodistas-de-el-comercio-cuestionan-mensaje-de-colombia-tras-hallazgo-de-los-cuerpos\/","og_locale":"es_ES","og_type":"article","og_title":"Gobierno de Ecuador y familiares de periodistas de El Comercio cuestionan mensaje de Colombia tras hallazgo de los cuerpos","og_description":"Gobierno de Ecuador y familiares de periodistas de El Comercio cuestionan mensaje de Colombia tras hallazgo de los cuerpos Violencia contra periodistas. Latin American Journalism Review by The Knight Center at The University of Texas at Austin.","og_url":"https:\/\/latamjournalismreview.org\/es\/articles\/gobierno-de-ecuador-y-familiares-de-periodistas-de-el-comercio-cuestionan-mensaje-de-colombia-tras-hallazgo-de-los-cuerpos\/","og_site_name":"LatAm Journalism Review","article_published_time":"2018-06-25T18:07:23+00:00","article_modified_time":"2020-07-30T04:06:58+00:00","og_image":[{"width":507,"height":340,"url":"https:\/\/latamjournalismreview.org\/wp-content\/uploads\/2020\/07\/Photo-of-the-abducted-journalists-from-the-Twitter-account-\u201cNos-Faltan-3\u201d.png","type":"image\/png"}],"author":"Teresa Mioli","twitter_card":"summary_large_image","twitter_creator":"@TeresaMioli","twitter_site":"@LatAmJournalism","twitter_misc":{"Written by":"Teresa Mioli","Est. reading time":"4 minutos"},"schema":{"@context":"https:\/\/schema.org","@graph":[{"@type":"Article","@id":"https:\/\/latamjournalismreview.org\/es\/articles\/gobierno-de-ecuador-y-familiares-de-periodistas-de-el-comercio-cuestionan-mensaje-de-colombia-tras-hallazgo-de-los-cuerpos\/#article","isPartOf":{"@id":"https:\/\/latamjournalismreview.org\/es\/articles\/gobierno-de-ecuador-y-familiares-de-periodistas-de-el-comercio-cuestionan-mensaje-de-colombia-tras-hallazgo-de-los-cuerpos\/"},"author":{"name":"Teresa Mioli","@id":"https:\/\/latamjournalismreview.org\/es\/#\/schema\/person\/b83a4912f05c8178389e917d8d51de03"},"headline":"Gobierno de Ecuador y familiares de periodistas de El Comercio cuestionan mensaje de Colombia tras hallazgo de los cuerpos","datePublished":"2018-06-25T18:07:23+00:00","dateModified":"2020-07-30T04:06:58+00:00","mainEntityOfPage":{"@id":"https:\/\/latamjournalismreview.org\/es\/articles\/gobierno-de-ecuador-y-familiares-de-periodistas-de-el-comercio-cuestionan-mensaje-de-colombia-tras-hallazgo-de-los-cuerpos\/"},"wordCount":735,"publisher":{"@id":"https:\/\/latamjournalismreview.org\/es\/#organization"},"image":{"@id":"https:\/\/latamjournalismreview.org\/es\/articles\/gobierno-de-ecuador-y-familiares-de-periodistas-de-el-comercio-cuestionan-mensaje-de-colombia-tras-hallazgo-de-los-cuerpos\/#primaryimage"},"thumbnailUrl":"https:\/\/latamjournalismreview.org\/wp-content\/uploads\/2020\/07\/Photo-of-the-abducted-journalists-from-the-Twitter-account-\u201cNos-Faltan-3\u201d.png","keywords":["Asesinato de periodista","Colombia","Ecuador"],"articleSection":["Violencia contra periodistas"],"inLanguage":"es"},{"@type":"WebPage","@id":"https:\/\/latamjournalismreview.org\/es\/articles\/gobierno-de-ecuador-y-familiares-de-periodistas-de-el-comercio-cuestionan-mensaje-de-colombia-tras-hallazgo-de-los-cuerpos\/","url":"https:\/\/latamjournalismreview.org\/es\/articles\/gobierno-de-ecuador-y-familiares-de-periodistas-de-el-comercio-cuestionan-mensaje-de-colombia-tras-hallazgo-de-los-cuerpos\/","name":"Gobierno de Ecuador y familiares de periodistas de El Comercio cuestionan mensaje de Colombia tras hallazgo de los cuerpos - LatAm Journalism Review","isPartOf":{"@id":"https:\/\/latamjournalismreview.org\/es\/#website"},"primaryImageOfPage":{"@id":"https:\/\/latamjournalismreview.org\/es\/articles\/gobierno-de-ecuador-y-familiares-de-periodistas-de-el-comercio-cuestionan-mensaje-de-colombia-tras-hallazgo-de-los-cuerpos\/#primaryimage"},"image":{"@id":"https:\/\/latamjournalismreview.org\/es\/articles\/gobierno-de-ecuador-y-familiares-de-periodistas-de-el-comercio-cuestionan-mensaje-de-colombia-tras-hallazgo-de-los-cuerpos\/#primaryimage"},"thumbnailUrl":"https:\/\/latamjournalismreview.org\/wp-content\/uploads\/2020\/07\/Photo-of-the-abducted-journalists-from-the-Twitter-account-\u201cNos-Faltan-3\u201d.png","datePublished":"2018-06-25T18:07:23+00:00","dateModified":"2020-07-30T04:06:58+00:00","description":"Gobierno de Ecuador y familiares de periodistas de El Comercio cuestionan mensaje de Colombia tras hallazgo de los cuerpos Violencia contra periodistas. Latin American Journalism Review by The Knight Center at The University of Texas at Austin.","breadcrumb":{"@id":"https:\/\/latamjournalismreview.org\/es\/articles\/gobierno-de-ecuador-y-familiares-de-periodistas-de-el-comercio-cuestionan-mensaje-de-colombia-tras-hallazgo-de-los-cuerpos\/#breadcrumb"},"inLanguage":"es","potentialAction":[{"@type":"ReadAction","target":["https:\/\/latamjournalismreview.org\/es\/articles\/gobierno-de-ecuador-y-familiares-de-periodistas-de-el-comercio-cuestionan-mensaje-de-colombia-tras-hallazgo-de-los-cuerpos\/"]}]},{"@type":"ImageObject","inLanguage":"es","@id":"https:\/\/latamjournalismreview.org\/es\/articles\/gobierno-de-ecuador-y-familiares-de-periodistas-de-el-comercio-cuestionan-mensaje-de-colombia-tras-hallazgo-de-los-cuerpos\/#primaryimage","url":"https:\/\/latamjournalismreview.org\/wp-content\/uploads\/2020\/07\/Photo-of-the-abducted-journalists-from-the-Twitter-account-\u201cNos-Faltan-3\u201d.png","contentUrl":"https:\/\/latamjournalismreview.org\/wp-content\/uploads\/2020\/07\/Photo-of-the-abducted-journalists-from-the-Twitter-account-\u201cNos-Faltan-3\u201d.png","width":507,"height":340,"caption":"Photo of the abducted journalists from the Twitter account \u201cNos Faltan 3\u201d"},{"@type":"BreadcrumbList","@id":"https:\/\/latamjournalismreview.org\/es\/articles\/gobierno-de-ecuador-y-familiares-de-periodistas-de-el-comercio-cuestionan-mensaje-de-colombia-tras-hallazgo-de-los-cuerpos\/#breadcrumb","itemListElement":[{"@type":"ListItem","position":1,"name":"Home","item":"https:\/\/latamjournalismreview.org\/es\/"},{"@type":"ListItem","position":2,"name":"Gobierno de Ecuador y familiares de periodistas de El Comercio cuestionan mensaje de Colombia tras hallazgo de los cuerpos"}]},{"@type":"WebSite","@id":"https:\/\/latamjournalismreview.org\/es\/#website","url":"https:\/\/latamjournalismreview.org\/es\/","name":"LatAm Journalism Review","description":"Knight Center at The University of Texas","publisher":{"@id":"https:\/\/latamjournalismreview.org\/es\/#organization"},"potentialAction":[{"@type":"SearchAction","target":{"@type":"EntryPoint","urlTemplate":"https:\/\/latamjournalismreview.org\/es\/?s={search_term_string}"},"query-input":{"@type":"PropertyValueSpecification","valueRequired":true,"valueName":"search_term_string"}}],"inLanguage":"es"},{"@type":"Organization","@id":"https:\/\/latamjournalismreview.org\/es\/#organization","name":"LatAm Journalism Review","url":"https:\/\/latamjournalismreview.org\/es\/","logo":{"@type":"ImageObject","inLanguage":"es","@id":"https:\/\/latamjournalismreview.org\/es\/#\/schema\/logo\/image\/","url":"https:\/\/latamjournalismreview.org\/wp-content\/uploads\/2020\/05\/knight-latAm-review-logo.svg","contentUrl":"https:\/\/latamjournalismreview.org\/wp-content\/uploads\/2020\/05\/knight-latAm-review-logo.svg","width":"1024","height":"1024","caption":"LatAm Journalism Review"},"image":{"@id":"https:\/\/latamjournalismreview.org\/es\/#\/schema\/logo\/image\/"},"sameAs":["https:\/\/x.com\/LatAmJournalism"]},{"@type":"Person","@id":"https:\/\/latamjournalismreview.org\/es\/#\/schema\/person\/b83a4912f05c8178389e917d8d51de03","name":"Teresa Mioli","description":"Teresa Mioli is the editorial manager for the Knight Center for Journalism in the Americas. She is interested in press freedom, democratization, and investigative journalism in Latin America and is dedicated to increasing awareness about the importance of independent news media to the health of democracies. She produces journalistic work with the aim of helping people to make informed decisions about their lives and societies and wants to make sure other journalists are able to do the same. She has Bachelors' degrees in Journalism and Plan II Honors (Liberal Arts) and a Master's degree in Latin American Studies, all from the University of Texas at Austin. She started her journalistic career at The Beaumont Enterprise in Southeast Texas where she last worked as a breaking news reporter. ______ Teresa Mioli es la directora editorial del Centro Knight para el Periodismo en las Am\u00e9ricas. Es una periodista con inter\u00e9s en la libertad de prensa, la democratizaci\u00f3n y el periodismo investigativo en Am\u00e9rica Latina y est\u00e1 dedicada a crear mayor consciencia sobre la importancia de los medios noticiosos independientes para la salud de las democracias. El objetivo de su trabajo period\u00edstico es ayudar las personas para que tomen decisiones informadas sobre sus vidas y sus sociedades, y busca que otros periodistas tengan la posibilidad de hacer lo mismo. Teresa tiene una licenciatura en Periodismo y Artes liberales (Plan II Honors), y una maestr\u00eda en Estudios Latinoamericanos, todos de la Universidad de Texas en Austin. Empez\u00f3 su carrera en periodismo en The Beaumont Enterprise al sureste de Texas, en donde recientemente trabaj\u00f3 como reportera de noticias de \u00faltima hora. Anteriormente ella fue la editora de LatAm Journalism Review del Centro Knight. ______ Teresa Mioli \u00e9 gerente editorial do Centro Knight para o Jornalismo nas Am\u00e9ricas. Ela se interessa por liberdade de imprensa, democratiza\u00e7\u00e3o e jornalismo investigativo na Am\u00e9rica Latina e se dedica a aumentar a conscientiza\u00e7\u00e3o sobre a import\u00e2ncia da m\u00eddia independente para a sa\u00fade das democracias. Ela produz trabalhos jornal\u00edsticos com o objetivo de ajudar as pessoas a tomarem decis\u00f5es informadas sobre suas vidas e sociedades e deseja garantir que outros jornalistas possam fazer o mesmo. Ela tem bacharelado em jornalismo e artes liberais e um mestrado em Estudos Latino-Americanos, todos pela Universidade do Texas em Austin. Ela come\u00e7ou sua carreira jornal\u00edstica na The Beaumont Enterprise no sudeste do Texas, onde trabalhou pela \u00faltima vez como rep\u00f3rter de not\u00edcias de \u00faltima hora.","sameAs":["https:\/\/x.com\/TeresaMioli"],"url":"https:\/\/latamjournalismreview.org\/es\/articles\/author\/teresa-mioli\/"}]}},"_links":{"self":[{"href":"https:\/\/latamjournalismreview.org\/es\/wp-json\/wp\/v2\/posts\/9613","targetHints":{"allow":["GET"]}}],"collection":[{"href":"https:\/\/latamjournalismreview.org\/es\/wp-json\/wp\/v2\/posts"}],"about":[{"href":"https:\/\/latamjournalismreview.org\/es\/wp-json\/wp\/v2\/types\/post"}],"author":[{"embeddable":true,"href":"https:\/\/latamjournalismreview.org\/es\/wp-json\/wp\/v2\/users\/3"}],"replies":[{"embeddable":true,"href":"https:\/\/latamjournalismreview.org\/es\/wp-json\/wp\/v2\/comments?post=9613"}],"version-history":[{"count":3,"href":"https:\/\/latamjournalismreview.org\/es\/wp-json\/wp\/v2\/posts\/9613\/revisions"}],"predecessor-version":[{"id":9617,"href":"https:\/\/latamjournalismreview.org\/es\/wp-json\/wp\/v2\/posts\/9613\/revisions\/9617"}],"wp:featuredmedia":[{"embeddable":true,"href":"https:\/\/latamjournalismreview.org\/es\/wp-json\/wp\/v2\/media\/9422"}],"wp:attachment":[{"href":"https:\/\/latamjournalismreview.org\/es\/wp-json\/wp\/v2\/media?parent=9613"}],"wp:term":[{"taxonomy":"category","embeddable":true,"href":"https:\/\/latamjournalismreview.org\/es\/wp-json\/wp\/v2\/categories?post=9613"},{"taxonomy":"post_tag","embeddable":true,"href":"https:\/\/latamjournalismreview.org\/es\/wp-json\/wp\/v2\/tags?post=9613"},{"taxonomy":"author","embeddable":true,"href":"https:\/\/latamjournalismreview.org\/es\/wp-json\/wp\/v2\/coauthors?post=9613"}],"curies":[{"name":"wp","href":"https:\/\/api.w.org\/{rel}","templated":true}]}}