{"id":9883,"date":"2018-09-19T18:16:17","date_gmt":"2018-09-19T23:16:17","guid":{"rendered":"https:\/\/live-lajr.pantheonsite.io\/?p=9883"},"modified":"2020-08-04T18:55:42","modified_gmt":"2020-08-04T23:55:42","slug":"periodistas-hondurenos-denuncian-ataques-de-manifestantes-policias-y-militares-durante-protestas","status":"publish","type":"post","link":"https:\/\/latamjournalismreview.org\/es\/articles\/periodistas-hondurenos-denuncian-ataques-de-manifestantes-policias-y-militares-durante-protestas\/","title":{"rendered":"Periodistas hondure\u00f1os denuncian ataques de manifestantes, polic\u00edas y militares durante protestas"},"content":{"rendered":"<p>Periodistas hondure\u00f1os reportaron haber sido atacados por manifestantes, polic\u00edas y militares durante las demostraciones en Tegucigalpa por el 197 aniversario de la independencia.<img decoding=\"async\" style=\"width: 250px; height: 250px; margin: 5px; float: right;\" src=\"https:\/\/knightcenter.utexas.edu\/system\/files\/storyimages\/attacks_on_the_press-1.png\" alt=\"\" \/><\/p>\n<p>De acuerdo con canal HCH, partidarios y simpatizantes de Partido Libre, as\u00ed como tambi\u00e9n miembros de sindicatos y otros de oposici\u00f3n, <a href=\"https:\/\/www.hch.tv\/2018\/09\/17\/hch-formaliza-denuncia-ante-conadeh-y-determina-no-cubrir-marchas-de-libre\/\" target=\"_blank\" rel=\"noopener noreferrer\">participaron en un desfile paralelo a la celebraci\u00f3n oficial del 15 de septiembre<\/a>.<\/p>\n<p>Dos miembros del equipo de HCH <a href=\"https:\/\/www.facebook.com\/politicohn\/videos\/486794868463140\/\" target=\"_blank\" rel=\"noopener noreferrer\">fueron atacados<\/a> por presuntos partidarios de LIBRE, quienes habr\u00edan roto sus equipos de trabajo, seg\u00fan HCH.<\/p>\n<p>El jefe de prensa de HCH Televisi\u00f3n Digital, Pablo Gerardo Matamoros, responsabiliz\u00f3 del incidente al expresidente y l\u00edder de LIBRE, Jos\u00e9 Manuel Zelaya Rosales, report\u00f3 HCH. El medio anunci\u00f3 que no volver\u00e1 a cubrir este tipo de marchas.<\/p>\n<p>Durante la represi\u00f3n de una protesta en el parque central de Tegucigalpa, tanto oficiales de la polic\u00eda como militares <a href=\"http:\/\/www.clibrehonduras.com\/index.php\/alertas\/agresion-fisica\/904-nuevamente-policias-y-militares-atacan-a-periodistas-y-camarografos-de-une-tv\" target=\"_blank\" rel=\"noopener noreferrer\">habr\u00edan golpeado a periodistas y a camar\u00f3grafo de UNE-TV<\/a>, rompiendo sus equipos y obstruyendo su trabajo, seg\u00fan el Comit\u00e9 por la Libertad de Expresi\u00f3n (C-Libre).<\/p>\n<p>Periodistas de <a href=\"https:\/\/www.hch.tv\/2018\/09\/17\/hch-formaliza-denuncia-ante-conadeh-y-determina-no-cubrir-marchas-de-libre\/\" target=\"_blank\" rel=\"noopener noreferrer\">HCH Televisi\u00f3n Digital denunciaron oficialmente los ataques<\/a> ante el Comisionado Nacional de Derechos Humanos (Conadeh).<\/p>\n<p>\u201c<a href=\"https:\/\/www.youtube.com\/watch?v=V35XkJuBsHA\" target=\"_blank\" rel=\"noopener noreferrer\">Nos preocupa mucho, nos preocupa mucho<\/a>, que se est\u00e9 atentando contra el pluralismo de los medios de comunicaci\u00f3n que son importantes como elementos que fortalecen la democracia\u201d, declar\u00f3 el Defensor del Conadeh, Roberto Herrera C\u00e1ceres, en una entrevista a Confidencial. A\u00f1adi\u00f3 que es importante que el pueblo obtenga la informaci\u00f3n de diferentes medios de comunicaci\u00f3n para formar su propia opini\u00f3n de los hechos y tomar sus propias decisiones.<\/p>\n<p>\u201cY por eso llamamos a que se respete a todos los medios de comunicaci\u00f3n, independientemente de la opci\u00f3n ideol\u00f3gica que tengan, porque son coadyuvantes al esfuerzo de transformaci\u00f3n de nuestra sociedad y Estado\u201d, dijo Herrera.<\/p>\n<p>El Defensor dijo que esperan recibir las denuncias de los periodistas de HCH, UNE-TV, Radio Globo y el diario El Confidencial.<\/p>\n<p>The IFJ <a href=\"http:\/\/www.ifj.org\/nc\/news-single-view\/backpid\/35\/article\/honduras-periodistas-y-camarografos-denuncian-agresiones-internacionalmente\/\" target=\"_blank\" rel=\"noopener noreferrer\">repudi\u00f3 las agresiones a los periodistas<\/a> y urgi\u00f3 a las autoridades a garantizar el libre ejercicio de su trabajo. Se\u00f1al\u00f3 que la Conadeh denunciar\u00e1 los ataques, amenazas y actos de intimidaci\u00f3n contra los profesionales de los medios que trabajan durante las protestas ante los organismos internacionales de derechos humanos y libertad de expresi\u00f3n.<\/p>\n<p><em>(Nota editorial: se enviaron mensajes de correo electr\u00f3nico a la Polic\u00eda Nacional y al partido LIBRE, los cuales no fueron respondidos antes de la publicaci\u00f3n de esta nota).<\/em><\/p>\n","protected":false},"excerpt":{"rendered":"<p>Periodistas hondure\u00f1os reportaron haber sido atacados por manifestantes, polic\u00edas y militares durante las demostraciones en Tegucigalpa por el 197 aniversario de la independencia.<\/p>\n","protected":false},"author":3,"featured_media":9879,"comment_status":"closed","ping_status":"closed","sticky":false,"template":"","format":"standard","meta":{"inline_featured_image":false,"footnotes":""},"categories":[1222],"tags":[1462],"coauthors":[],"class_list":["post-9883","post","type-post","status-publish","format-standard","has-post-thumbnail","hentry","category-violencia-contra-periodistas-es","tag-honduras-es"],"acf":[],"yoast_head":"<!-- This site is optimized with the Yoast SEO Premium plugin v22.6 (Yoast SEO v27.4) - https:\/\/yoast.com\/product\/yoast-seo-premium-wordpress\/ -->\n<title>Periodistas hondure\u00f1os denuncian ataques de manifestantes, polic\u00edas y militares durante protestas - LatAm Journalism Review<\/title>\n<meta name=\"description\" content=\"Periodistas hondure\u00f1os denuncian ataques de manifestantes, polic\u00edas y militares durante protestas Violencia contra periodistas. Latin American Journalism Review by The Knight Center at The University of Texas at Austin.\" \/>\n<meta name=\"robots\" content=\"index, follow, max-snippet:-1, max-image-preview:large, max-video-preview:-1\" \/>\n<link rel=\"canonical\" href=\"https:\/\/latamjournalismreview.org\/es\/articles\/periodistas-hondurenos-denuncian-ataques-de-manifestantes-policias-y-militares-durante-protestas\/\" \/>\n<meta property=\"og:locale\" content=\"es_ES\" \/>\n<meta property=\"og:type\" content=\"article\" \/>\n<meta property=\"og:title\" content=\"Periodistas hondure\u00f1os denuncian ataques de manifestantes, polic\u00edas y militares durante protestas\" \/>\n<meta property=\"og:description\" content=\"Periodistas hondure\u00f1os denuncian ataques de manifestantes, polic\u00edas y militares durante protestas Violencia contra periodistas. Latin American Journalism Review by The Knight Center at The University of Texas at Austin.\" \/>\n<meta property=\"og:url\" content=\"https:\/\/latamjournalismreview.org\/es\/articles\/periodistas-hondurenos-denuncian-ataques-de-manifestantes-policias-y-militares-durante-protestas\/\" \/>\n<meta property=\"og:site_name\" content=\"LatAm Journalism Review\" \/>\n<meta property=\"article:published_time\" content=\"2018-09-19T23:16:17+00:00\" \/>\n<meta property=\"article:modified_time\" content=\"2020-08-04T23:55:42+00:00\" \/>\n<meta property=\"og:image\" content=\"https:\/\/latamjournalismreview.org\/wp-content\/uploads\/2020\/08\/Honduran-journalists-denounce-attacks-1.png\" \/>\n\t<meta property=\"og:image:width\" content=\"507\" \/>\n\t<meta property=\"og:image:height\" content=\"340\" \/>\n\t<meta property=\"og:image:type\" content=\"image\/png\" \/>\n<meta name=\"author\" content=\"Teresa Mioli\" \/>\n<meta name=\"twitter:card\" content=\"summary_large_image\" \/>\n<meta name=\"twitter:creator\" content=\"@TeresaMioli\" \/>\n<meta name=\"twitter:site\" content=\"@LatAmJournalism\" \/>\n<meta name=\"twitter:label1\" content=\"Written by\" \/>\n\t<meta name=\"twitter:data1\" content=\"Teresa Mioli\" \/>\n\t<meta name=\"twitter:label2\" content=\"Est. reading time\" \/>\n\t<meta name=\"twitter:data2\" content=\"2 minutos\" \/>\n<script type=\"application\/ld+json\" class=\"yoast-schema-graph\">{\"@context\":\"https:\\\/\\\/schema.org\",\"@graph\":[{\"@type\":\"Article\",\"@id\":\"https:\\\/\\\/latamjournalismreview.org\\\/es\\\/articles\\\/periodistas-hondurenos-denuncian-ataques-de-manifestantes-policias-y-militares-durante-protestas\\\/#article\",\"isPartOf\":{\"@id\":\"https:\\\/\\\/latamjournalismreview.org\\\/es\\\/articles\\\/periodistas-hondurenos-denuncian-ataques-de-manifestantes-policias-y-militares-durante-protestas\\\/\"},\"author\":{\"name\":\"Teresa Mioli\",\"@id\":\"https:\\\/\\\/latamjournalismreview.org\\\/es\\\/#\\\/schema\\\/person\\\/b83a4912f05c8178389e917d8d51de03\"},\"headline\":\"Periodistas hondure\u00f1os denuncian ataques de manifestantes, polic\u00edas y militares durante protestas\",\"datePublished\":\"2018-09-19T23:16:17+00:00\",\"dateModified\":\"2020-08-04T23:55:42+00:00\",\"mainEntityOfPage\":{\"@id\":\"https:\\\/\\\/latamjournalismreview.org\\\/es\\\/articles\\\/periodistas-hondurenos-denuncian-ataques-de-manifestantes-policias-y-militares-durante-protestas\\\/\"},\"wordCount\":428,\"publisher\":{\"@id\":\"https:\\\/\\\/latamjournalismreview.org\\\/es\\\/#organization\"},\"image\":{\"@id\":\"https:\\\/\\\/latamjournalismreview.org\\\/es\\\/articles\\\/periodistas-hondurenos-denuncian-ataques-de-manifestantes-policias-y-militares-durante-protestas\\\/#primaryimage\"},\"thumbnailUrl\":\"https:\\\/\\\/latamjournalismreview.org\\\/wp-content\\\/uploads\\\/2020\\\/08\\\/Honduran-journalists-denounce-attacks-1.png\",\"keywords\":[\"Honduras\"],\"articleSection\":[\"Violencia contra periodistas\"],\"inLanguage\":\"es\"},{\"@type\":\"WebPage\",\"@id\":\"https:\\\/\\\/latamjournalismreview.org\\\/es\\\/articles\\\/periodistas-hondurenos-denuncian-ataques-de-manifestantes-policias-y-militares-durante-protestas\\\/\",\"url\":\"https:\\\/\\\/latamjournalismreview.org\\\/es\\\/articles\\\/periodistas-hondurenos-denuncian-ataques-de-manifestantes-policias-y-militares-durante-protestas\\\/\",\"name\":\"Periodistas hondure\u00f1os denuncian ataques de manifestantes, polic\u00edas y militares durante protestas - LatAm Journalism Review\",\"isPartOf\":{\"@id\":\"https:\\\/\\\/latamjournalismreview.org\\\/es\\\/#website\"},\"primaryImageOfPage\":{\"@id\":\"https:\\\/\\\/latamjournalismreview.org\\\/es\\\/articles\\\/periodistas-hondurenos-denuncian-ataques-de-manifestantes-policias-y-militares-durante-protestas\\\/#primaryimage\"},\"image\":{\"@id\":\"https:\\\/\\\/latamjournalismreview.org\\\/es\\\/articles\\\/periodistas-hondurenos-denuncian-ataques-de-manifestantes-policias-y-militares-durante-protestas\\\/#primaryimage\"},\"thumbnailUrl\":\"https:\\\/\\\/latamjournalismreview.org\\\/wp-content\\\/uploads\\\/2020\\\/08\\\/Honduran-journalists-denounce-attacks-1.png\",\"datePublished\":\"2018-09-19T23:16:17+00:00\",\"dateModified\":\"2020-08-04T23:55:42+00:00\",\"description\":\"Periodistas hondure\u00f1os denuncian ataques de manifestantes, polic\u00edas y militares durante protestas Violencia contra periodistas. Latin American Journalism Review by The Knight Center at The University of Texas at Austin.\",\"breadcrumb\":{\"@id\":\"https:\\\/\\\/latamjournalismreview.org\\\/es\\\/articles\\\/periodistas-hondurenos-denuncian-ataques-de-manifestantes-policias-y-militares-durante-protestas\\\/#breadcrumb\"},\"inLanguage\":\"es\",\"potentialAction\":[{\"@type\":\"ReadAction\",\"target\":[\"https:\\\/\\\/latamjournalismreview.org\\\/es\\\/articles\\\/periodistas-hondurenos-denuncian-ataques-de-manifestantes-policias-y-militares-durante-protestas\\\/\"]}]},{\"@type\":\"ImageObject\",\"inLanguage\":\"es\",\"@id\":\"https:\\\/\\\/latamjournalismreview.org\\\/es\\\/articles\\\/periodistas-hondurenos-denuncian-ataques-de-manifestantes-policias-y-militares-durante-protestas\\\/#primaryimage\",\"url\":\"https:\\\/\\\/latamjournalismreview.org\\\/wp-content\\\/uploads\\\/2020\\\/08\\\/Honduran-journalists-denounce-attacks-1.png\",\"contentUrl\":\"https:\\\/\\\/latamjournalismreview.org\\\/wp-content\\\/uploads\\\/2020\\\/08\\\/Honduran-journalists-denounce-attacks-1.png\",\"width\":507,\"height\":340,\"caption\":\"Periodistas hondure\u00f1os denuncian ataques\"},{\"@type\":\"BreadcrumbList\",\"@id\":\"https:\\\/\\\/latamjournalismreview.org\\\/es\\\/articles\\\/periodistas-hondurenos-denuncian-ataques-de-manifestantes-policias-y-militares-durante-protestas\\\/#breadcrumb\",\"itemListElement\":[{\"@type\":\"ListItem\",\"position\":1,\"name\":\"Home\",\"item\":\"https:\\\/\\\/latamjournalismreview.org\\\/es\\\/\"},{\"@type\":\"ListItem\",\"position\":2,\"name\":\"Periodistas hondure\u00f1os denuncian ataques de manifestantes, polic\u00edas y militares durante protestas\"}]},{\"@type\":\"WebSite\",\"@id\":\"https:\\\/\\\/latamjournalismreview.org\\\/es\\\/#website\",\"url\":\"https:\\\/\\\/latamjournalismreview.org\\\/es\\\/\",\"name\":\"LatAm Journalism Review\",\"description\":\"Knight Center at The University of Texas\",\"publisher\":{\"@id\":\"https:\\\/\\\/latamjournalismreview.org\\\/es\\\/#organization\"},\"potentialAction\":[{\"@type\":\"SearchAction\",\"target\":{\"@type\":\"EntryPoint\",\"urlTemplate\":\"https:\\\/\\\/latamjournalismreview.org\\\/es\\\/?s={search_term_string}\"},\"query-input\":{\"@type\":\"PropertyValueSpecification\",\"valueRequired\":true,\"valueName\":\"search_term_string\"}}],\"inLanguage\":\"es\"},{\"@type\":\"Organization\",\"@id\":\"https:\\\/\\\/latamjournalismreview.org\\\/es\\\/#organization\",\"name\":\"LatAm Journalism Review\",\"url\":\"https:\\\/\\\/latamjournalismreview.org\\\/es\\\/\",\"logo\":{\"@type\":\"ImageObject\",\"inLanguage\":\"es\",\"@id\":\"https:\\\/\\\/latamjournalismreview.org\\\/es\\\/#\\\/schema\\\/logo\\\/image\\\/\",\"url\":\"https:\\\/\\\/latamjournalismreview.org\\\/wp-content\\\/uploads\\\/2020\\\/05\\\/knight-latAm-review-logo.svg\",\"contentUrl\":\"https:\\\/\\\/latamjournalismreview.org\\\/wp-content\\\/uploads\\\/2020\\\/05\\\/knight-latAm-review-logo.svg\",\"width\":\"1024\",\"height\":\"1024\",\"caption\":\"LatAm Journalism Review\"},\"image\":{\"@id\":\"https:\\\/\\\/latamjournalismreview.org\\\/es\\\/#\\\/schema\\\/logo\\\/image\\\/\"},\"sameAs\":[\"https:\\\/\\\/x.com\\\/LatAmJournalism\"]},{\"@type\":\"Person\",\"@id\":\"https:\\\/\\\/latamjournalismreview.org\\\/es\\\/#\\\/schema\\\/person\\\/b83a4912f05c8178389e917d8d51de03\",\"name\":\"Teresa Mioli\",\"description\":\"Teresa Mioli is the editorial manager for the Knight Center for Journalism in the Americas. She is interested in press freedom, democratization, and investigative journalism in Latin America and is dedicated to increasing awareness about the importance of independent news media to the health of democracies. She produces journalistic work with the aim of helping people to make informed decisions about their lives and societies and wants to make sure other journalists are able to do the same. She has Bachelors' degrees in Journalism and Plan II Honors (Liberal Arts) and a Master's degree in Latin American Studies, all from the University of Texas at Austin. She started her journalistic career at The Beaumont Enterprise in Southeast Texas where she last worked as a breaking news reporter. ______ Teresa Mioli es la directora editorial del Centro Knight para el Periodismo en las Am\u00e9ricas. Es una periodista con inter\u00e9s en la libertad de prensa, la democratizaci\u00f3n y el periodismo investigativo en Am\u00e9rica Latina y est\u00e1 dedicada a crear mayor consciencia sobre la importancia de los medios noticiosos independientes para la salud de las democracias. El objetivo de su trabajo period\u00edstico es ayudar las personas para que tomen decisiones informadas sobre sus vidas y sus sociedades, y busca que otros periodistas tengan la posibilidad de hacer lo mismo. Teresa tiene una licenciatura en Periodismo y Artes liberales (Plan II Honors), y una maestr\u00eda en Estudios Latinoamericanos, todos de la Universidad de Texas en Austin. Empez\u00f3 su carrera en periodismo en The Beaumont Enterprise al sureste de Texas, en donde recientemente trabaj\u00f3 como reportera de noticias de \u00faltima hora. Anteriormente ella fue la editora de LatAm Journalism Review del Centro Knight. ______ Teresa Mioli \u00e9 gerente editorial do Centro Knight para o Jornalismo nas Am\u00e9ricas. Ela se interessa por liberdade de imprensa, democratiza\u00e7\u00e3o e jornalismo investigativo na Am\u00e9rica Latina e se dedica a aumentar a conscientiza\u00e7\u00e3o sobre a import\u00e2ncia da m\u00eddia independente para a sa\u00fade das democracias. Ela produz trabalhos jornal\u00edsticos com o objetivo de ajudar as pessoas a tomarem decis\u00f5es informadas sobre suas vidas e sociedades e deseja garantir que outros jornalistas possam fazer o mesmo. Ela tem bacharelado em jornalismo e artes liberais e um mestrado em Estudos Latino-Americanos, todos pela Universidade do Texas em Austin. Ela come\u00e7ou sua carreira jornal\u00edstica na The Beaumont Enterprise no sudeste do Texas, onde trabalhou pela \u00faltima vez como rep\u00f3rter de not\u00edcias de \u00faltima hora.\",\"sameAs\":[\"https:\\\/\\\/x.com\\\/TeresaMioli\"],\"url\":\"https:\\\/\\\/latamjournalismreview.org\\\/es\\\/articles\\\/author\\\/teresa-mioli\\\/\"}]}<\/script>\n<!-- \/ Yoast SEO Premium plugin. -->","yoast_head_json":{"title":"Periodistas hondure\u00f1os denuncian ataques de manifestantes, polic\u00edas y militares durante protestas - LatAm Journalism Review","description":"Periodistas hondure\u00f1os denuncian ataques de manifestantes, polic\u00edas y militares durante protestas Violencia contra periodistas. Latin American Journalism Review by The Knight Center at The University of Texas at Austin.","robots":{"index":"index","follow":"follow","max-snippet":"max-snippet:-1","max-image-preview":"max-image-preview:large","max-video-preview":"max-video-preview:-1"},"canonical":"https:\/\/latamjournalismreview.org\/es\/articles\/periodistas-hondurenos-denuncian-ataques-de-manifestantes-policias-y-militares-durante-protestas\/","og_locale":"es_ES","og_type":"article","og_title":"Periodistas hondure\u00f1os denuncian ataques de manifestantes, polic\u00edas y militares durante protestas","og_description":"Periodistas hondure\u00f1os denuncian ataques de manifestantes, polic\u00edas y militares durante protestas Violencia contra periodistas. Latin American Journalism Review by The Knight Center at The University of Texas at Austin.","og_url":"https:\/\/latamjournalismreview.org\/es\/articles\/periodistas-hondurenos-denuncian-ataques-de-manifestantes-policias-y-militares-durante-protestas\/","og_site_name":"LatAm Journalism Review","article_published_time":"2018-09-19T23:16:17+00:00","article_modified_time":"2020-08-04T23:55:42+00:00","og_image":[{"width":507,"height":340,"url":"https:\/\/latamjournalismreview.org\/wp-content\/uploads\/2020\/08\/Honduran-journalists-denounce-attacks-1.png","type":"image\/png"}],"author":"Teresa Mioli","twitter_card":"summary_large_image","twitter_creator":"@TeresaMioli","twitter_site":"@LatAmJournalism","twitter_misc":{"Written by":"Teresa Mioli","Est. reading time":"2 minutos"},"schema":{"@context":"https:\/\/schema.org","@graph":[{"@type":"Article","@id":"https:\/\/latamjournalismreview.org\/es\/articles\/periodistas-hondurenos-denuncian-ataques-de-manifestantes-policias-y-militares-durante-protestas\/#article","isPartOf":{"@id":"https:\/\/latamjournalismreview.org\/es\/articles\/periodistas-hondurenos-denuncian-ataques-de-manifestantes-policias-y-militares-durante-protestas\/"},"author":{"name":"Teresa Mioli","@id":"https:\/\/latamjournalismreview.org\/es\/#\/schema\/person\/b83a4912f05c8178389e917d8d51de03"},"headline":"Periodistas hondure\u00f1os denuncian ataques de manifestantes, polic\u00edas y militares durante protestas","datePublished":"2018-09-19T23:16:17+00:00","dateModified":"2020-08-04T23:55:42+00:00","mainEntityOfPage":{"@id":"https:\/\/latamjournalismreview.org\/es\/articles\/periodistas-hondurenos-denuncian-ataques-de-manifestantes-policias-y-militares-durante-protestas\/"},"wordCount":428,"publisher":{"@id":"https:\/\/latamjournalismreview.org\/es\/#organization"},"image":{"@id":"https:\/\/latamjournalismreview.org\/es\/articles\/periodistas-hondurenos-denuncian-ataques-de-manifestantes-policias-y-militares-durante-protestas\/#primaryimage"},"thumbnailUrl":"https:\/\/latamjournalismreview.org\/wp-content\/uploads\/2020\/08\/Honduran-journalists-denounce-attacks-1.png","keywords":["Honduras"],"articleSection":["Violencia contra periodistas"],"inLanguage":"es"},{"@type":"WebPage","@id":"https:\/\/latamjournalismreview.org\/es\/articles\/periodistas-hondurenos-denuncian-ataques-de-manifestantes-policias-y-militares-durante-protestas\/","url":"https:\/\/latamjournalismreview.org\/es\/articles\/periodistas-hondurenos-denuncian-ataques-de-manifestantes-policias-y-militares-durante-protestas\/","name":"Periodistas hondure\u00f1os denuncian ataques de manifestantes, polic\u00edas y militares durante protestas - LatAm Journalism Review","isPartOf":{"@id":"https:\/\/latamjournalismreview.org\/es\/#website"},"primaryImageOfPage":{"@id":"https:\/\/latamjournalismreview.org\/es\/articles\/periodistas-hondurenos-denuncian-ataques-de-manifestantes-policias-y-militares-durante-protestas\/#primaryimage"},"image":{"@id":"https:\/\/latamjournalismreview.org\/es\/articles\/periodistas-hondurenos-denuncian-ataques-de-manifestantes-policias-y-militares-durante-protestas\/#primaryimage"},"thumbnailUrl":"https:\/\/latamjournalismreview.org\/wp-content\/uploads\/2020\/08\/Honduran-journalists-denounce-attacks-1.png","datePublished":"2018-09-19T23:16:17+00:00","dateModified":"2020-08-04T23:55:42+00:00","description":"Periodistas hondure\u00f1os denuncian ataques de manifestantes, polic\u00edas y militares durante protestas Violencia contra periodistas. Latin American Journalism Review by The Knight Center at The University of Texas at Austin.","breadcrumb":{"@id":"https:\/\/latamjournalismreview.org\/es\/articles\/periodistas-hondurenos-denuncian-ataques-de-manifestantes-policias-y-militares-durante-protestas\/#breadcrumb"},"inLanguage":"es","potentialAction":[{"@type":"ReadAction","target":["https:\/\/latamjournalismreview.org\/es\/articles\/periodistas-hondurenos-denuncian-ataques-de-manifestantes-policias-y-militares-durante-protestas\/"]}]},{"@type":"ImageObject","inLanguage":"es","@id":"https:\/\/latamjournalismreview.org\/es\/articles\/periodistas-hondurenos-denuncian-ataques-de-manifestantes-policias-y-militares-durante-protestas\/#primaryimage","url":"https:\/\/latamjournalismreview.org\/wp-content\/uploads\/2020\/08\/Honduran-journalists-denounce-attacks-1.png","contentUrl":"https:\/\/latamjournalismreview.org\/wp-content\/uploads\/2020\/08\/Honduran-journalists-denounce-attacks-1.png","width":507,"height":340,"caption":"Periodistas hondure\u00f1os denuncian ataques"},{"@type":"BreadcrumbList","@id":"https:\/\/latamjournalismreview.org\/es\/articles\/periodistas-hondurenos-denuncian-ataques-de-manifestantes-policias-y-militares-durante-protestas\/#breadcrumb","itemListElement":[{"@type":"ListItem","position":1,"name":"Home","item":"https:\/\/latamjournalismreview.org\/es\/"},{"@type":"ListItem","position":2,"name":"Periodistas hondure\u00f1os denuncian ataques de manifestantes, polic\u00edas y militares durante protestas"}]},{"@type":"WebSite","@id":"https:\/\/latamjournalismreview.org\/es\/#website","url":"https:\/\/latamjournalismreview.org\/es\/","name":"LatAm Journalism Review","description":"Knight Center at The University of Texas","publisher":{"@id":"https:\/\/latamjournalismreview.org\/es\/#organization"},"potentialAction":[{"@type":"SearchAction","target":{"@type":"EntryPoint","urlTemplate":"https:\/\/latamjournalismreview.org\/es\/?s={search_term_string}"},"query-input":{"@type":"PropertyValueSpecification","valueRequired":true,"valueName":"search_term_string"}}],"inLanguage":"es"},{"@type":"Organization","@id":"https:\/\/latamjournalismreview.org\/es\/#organization","name":"LatAm Journalism Review","url":"https:\/\/latamjournalismreview.org\/es\/","logo":{"@type":"ImageObject","inLanguage":"es","@id":"https:\/\/latamjournalismreview.org\/es\/#\/schema\/logo\/image\/","url":"https:\/\/latamjournalismreview.org\/wp-content\/uploads\/2020\/05\/knight-latAm-review-logo.svg","contentUrl":"https:\/\/latamjournalismreview.org\/wp-content\/uploads\/2020\/05\/knight-latAm-review-logo.svg","width":"1024","height":"1024","caption":"LatAm Journalism Review"},"image":{"@id":"https:\/\/latamjournalismreview.org\/es\/#\/schema\/logo\/image\/"},"sameAs":["https:\/\/x.com\/LatAmJournalism"]},{"@type":"Person","@id":"https:\/\/latamjournalismreview.org\/es\/#\/schema\/person\/b83a4912f05c8178389e917d8d51de03","name":"Teresa Mioli","description":"Teresa Mioli is the editorial manager for the Knight Center for Journalism in the Americas. She is interested in press freedom, democratization, and investigative journalism in Latin America and is dedicated to increasing awareness about the importance of independent news media to the health of democracies. She produces journalistic work with the aim of helping people to make informed decisions about their lives and societies and wants to make sure other journalists are able to do the same. She has Bachelors' degrees in Journalism and Plan II Honors (Liberal Arts) and a Master's degree in Latin American Studies, all from the University of Texas at Austin. She started her journalistic career at The Beaumont Enterprise in Southeast Texas where she last worked as a breaking news reporter. ______ Teresa Mioli es la directora editorial del Centro Knight para el Periodismo en las Am\u00e9ricas. Es una periodista con inter\u00e9s en la libertad de prensa, la democratizaci\u00f3n y el periodismo investigativo en Am\u00e9rica Latina y est\u00e1 dedicada a crear mayor consciencia sobre la importancia de los medios noticiosos independientes para la salud de las democracias. El objetivo de su trabajo period\u00edstico es ayudar las personas para que tomen decisiones informadas sobre sus vidas y sus sociedades, y busca que otros periodistas tengan la posibilidad de hacer lo mismo. Teresa tiene una licenciatura en Periodismo y Artes liberales (Plan II Honors), y una maestr\u00eda en Estudios Latinoamericanos, todos de la Universidad de Texas en Austin. Empez\u00f3 su carrera en periodismo en The Beaumont Enterprise al sureste de Texas, en donde recientemente trabaj\u00f3 como reportera de noticias de \u00faltima hora. Anteriormente ella fue la editora de LatAm Journalism Review del Centro Knight. ______ Teresa Mioli \u00e9 gerente editorial do Centro Knight para o Jornalismo nas Am\u00e9ricas. Ela se interessa por liberdade de imprensa, democratiza\u00e7\u00e3o e jornalismo investigativo na Am\u00e9rica Latina e se dedica a aumentar a conscientiza\u00e7\u00e3o sobre a import\u00e2ncia da m\u00eddia independente para a sa\u00fade das democracias. Ela produz trabalhos jornal\u00edsticos com o objetivo de ajudar as pessoas a tomarem decis\u00f5es informadas sobre suas vidas e sociedades e deseja garantir que outros jornalistas possam fazer o mesmo. Ela tem bacharelado em jornalismo e artes liberais e um mestrado em Estudos Latino-Americanos, todos pela Universidade do Texas em Austin. Ela come\u00e7ou sua carreira jornal\u00edstica na The Beaumont Enterprise no sudeste do Texas, onde trabalhou pela \u00faltima vez como rep\u00f3rter de not\u00edcias de \u00faltima hora.","sameAs":["https:\/\/x.com\/TeresaMioli"],"url":"https:\/\/latamjournalismreview.org\/es\/articles\/author\/teresa-mioli\/"}]}},"_links":{"self":[{"href":"https:\/\/latamjournalismreview.org\/es\/wp-json\/wp\/v2\/posts\/9883","targetHints":{"allow":["GET"]}}],"collection":[{"href":"https:\/\/latamjournalismreview.org\/es\/wp-json\/wp\/v2\/posts"}],"about":[{"href":"https:\/\/latamjournalismreview.org\/es\/wp-json\/wp\/v2\/types\/post"}],"author":[{"embeddable":true,"href":"https:\/\/latamjournalismreview.org\/es\/wp-json\/wp\/v2\/users\/3"}],"replies":[{"embeddable":true,"href":"https:\/\/latamjournalismreview.org\/es\/wp-json\/wp\/v2\/comments?post=9883"}],"version-history":[{"count":1,"href":"https:\/\/latamjournalismreview.org\/es\/wp-json\/wp\/v2\/posts\/9883\/revisions"}],"predecessor-version":[{"id":9884,"href":"https:\/\/latamjournalismreview.org\/es\/wp-json\/wp\/v2\/posts\/9883\/revisions\/9884"}],"wp:featuredmedia":[{"embeddable":true,"href":"https:\/\/latamjournalismreview.org\/es\/wp-json\/wp\/v2\/media\/9879"}],"wp:attachment":[{"href":"https:\/\/latamjournalismreview.org\/es\/wp-json\/wp\/v2\/media?parent=9883"}],"wp:term":[{"taxonomy":"category","embeddable":true,"href":"https:\/\/latamjournalismreview.org\/es\/wp-json\/wp\/v2\/categories?post=9883"},{"taxonomy":"post_tag","embeddable":true,"href":"https:\/\/latamjournalismreview.org\/es\/wp-json\/wp\/v2\/tags?post=9883"},{"taxonomy":"author","embeddable":true,"href":"https:\/\/latamjournalismreview.org\/es\/wp-json\/wp\/v2\/coauthors?post=9883"}],"curies":[{"name":"wp","href":"https:\/\/api.w.org\/{rel}","templated":true}]}}