{"id":102474,"date":"2025-01-22T17:44:43","date_gmt":"2025-01-22T23:44:43","guid":{"rendered":"https:\/\/latamjournalismreview.org\/?p=102474"},"modified":"2025-01-22T17:44:43","modified_gmt":"2025-01-22T23:44:43","slug":"como-se-preparar-para-cobrir-a-migracao-da-america-latina-no-segundo-governo-de-trump","status":"publish","type":"post","link":"https:\/\/latamjournalismreview.org\/pt-br\/articles\/como-se-preparar-para-cobrir-a-migracao-da-america-latina-no-segundo-governo-de-trump\/","title":{"rendered":"Como se preparar para cobrir a migra\u00e7\u00e3o da Am\u00e9rica Latina no segundo governo de Trump?"},"content":{"rendered":"<p><span style=\"font-weight: 400;\">Contrabalan\u00e7ar as narrativas de \u00f3dio, ouvir a comunidade migrante, proporcionar informa\u00e7\u00f5es \u00fateis e monitorar pol\u00edticas migrat\u00f3rias s\u00e3o algumas pr\u00e1ticas que jornalistas que informam sobre e para comunidades de migrantes na Am\u00e9rica Latina recomendam adotar para oferecer uma melhor cobertura de imigra\u00e7\u00e3o diante da segunda presid\u00eancia de Donald Trump nos Estados Unidos.<\/span><\/p>\n<p><span style=\"font-weight: 400;\">O novo governo na Casa Branca representar\u00e1 m\u00faltiplos desafios em termos de comunica\u00e7\u00e3o, devido ao clima de medo, confus\u00e3o e desinforma\u00e7\u00e3o que se gerou ap\u00f3s o presidente eleito anunciar seus planos de controle da imigra\u00e7\u00e3o.<\/span><\/p>\n<p><span style=\"font-weight: 400;\">A imprensa deve estar alerta e preparada para evitar contribuir com esse clima, disseram jornalistas de migra\u00e7\u00e3o consultados pela <strong>LatAm Journalism Review (LJR)<\/strong>.<\/span><\/p>\n<p><span style=\"font-weight: 400;\">Aprender com os erros<\/span><\/p>\n<p><span style=\"font-weight: 400;\">Em termos de cobertura da imigra\u00e7\u00e3o, durante o primeiro governo de Trump, muitos meios de comunica\u00e7\u00e3o erraram ao optar por contar as narrativas dos pol\u00edticos em vez das dos pr\u00f3prios migrantes, disse Patricia Mercado, fundadora e diretora da Conexi\u00f3n Migrante, um ve\u00edculo mexicano nativo digital dedicado a informar imigrantes latino-americanos nos Estados Unidos ou em dire\u00e7\u00e3o ao pa\u00eds. E isso causou muitos danos, acrescentou.<\/span><\/p>\n<p><span style=\"font-weight: 400;\">Para este segundo governo Trump, os jornalistas devem trabalhar em conjunto para transformar as narrativas impostas pelos pol\u00edticos, que muitas vezes geram \u00f3dio, medo e divis\u00e3o, em narrativas mais completas, recomendou Mercado.<\/span><\/p>\n<div id=\"attachment_99745\" style=\"width: 362px\" class=\"wp-caption alignleft\"><img loading=\"lazy\" decoding=\"async\" aria-describedby=\"caption-attachment-99745\" class=\"wp-image-99745\" src=\"https:\/\/latamjournalismreview.org\/wp-content\/uploads\/2025\/01\/Conexion-Migrante.png\" alt=\"Periodistas del sitio mexicano Conexi\u00f3n Migrante.\" width=\"352\" height=\"400\" srcset=\"https:\/\/latamjournalismreview.org\/wp-content\/uploads\/2025\/01\/Conexion-Migrante.png 668w, https:\/\/latamjournalismreview.org\/wp-content\/uploads\/2025\/01\/Conexion-Migrante-264x300.png 264w\" sizes=\"auto, (max-width: 352px) 100vw, 352px\" \/><p id=\"caption-attachment-99745\" class=\"wp-caption-text\">O Conexi\u00f3n Migrante iniciou 2025 com um projeto para transformar conte\u00fados em v\u00eddeo, com o objetivo de educar os leitores sobre processos e procedimentos. (Foto: Reprodu\u00e7\u00e3o Conexi\u00f3n Migrante)<\/p><\/div>\n<p><span style=\"font-weight: 400;\">\"\u00c9 verdade, Donald Trump nos d\u00e1 \u00f3timas manchetes. Cada declara\u00e7\u00e3o sua \u00e9 brutal e chama a aten\u00e7\u00e3o, e as pessoas a consultam. \u00c9 uma tenta\u00e7\u00e3o muito grande\", disse Mercado \u00e0<\/span><b> LJR<\/b><span style=\"font-weight: 400;\">. \"Mas a reflex\u00e3o sobre o que mais posso fazer deve sempre ficar em segundo plano. Quer dizer, sim, vou publicar isso, mas como posso explicar \u00e0s pessoas o que aquilo que ele disse realmente significa?\"<\/span><\/p>\n<p><span style=\"font-weight: 400;\">Cindy Espina, jornalista independente guatemalteca especializada em migra\u00e7\u00e3o e membro do coletivo Border Narratives from Feminisms, afirmou que existe um consenso entre os jornalistas especializados em migra\u00e7\u00e3o de que \u00e9 necess\u00e1rio contrapor as narrativas negativas sobre a migra\u00e7\u00e3o com narrativas centradas nos direitos humanos ou com \u00e2ngulos que destaquem os aspectos positivos da migra\u00e7\u00e3o.<\/span><\/p>\n<p><span style=\"font-weight: 400;\">Essas novas narrativas, acrescentou, devem evitar fazer com que os migrantes sejam vistos como \"os outros\" e mostrar empatia para com eles.<\/span><\/p>\n<p><span style=\"font-weight: 400;\">\"Os imigrantes tamb\u00e9m est\u00e3o criando e contribuindo para as comunidades e acho que \u00e9 valioso contar isso em meio aos discursos que o presidente e as autoridades v\u00e3o fazer diariamente contra a popula\u00e7\u00e3o migrante\", disse Espina \u00e0 <\/span><b>LJR<\/b><span style=\"font-weight: 400;\">. \"Preencher mais nossas publica\u00e7\u00f5es com essas hist\u00f3rias, penso eu, \u00e9 uma via pouco explorada pela qual podemos contrapor esses discursos anti-direitos de quem migra\".<\/span><\/p>\n<p><span style=\"font-weight: 400;\">Mercado concorda que as novas narrativas sobre a migra\u00e7\u00e3o devem semear a reflex\u00e3o na sociedade sobre como os imigrantes podem ser integrados nos pa\u00edses de destino e como assimilar melhor suas contribui\u00e7\u00f5es.<\/span><\/p>\n<p><span style=\"font-weight: 400;\">\"Como explicamos \u00e0s pessoas que a imigra\u00e7\u00e3o n\u00e3o \u00e9 ruim, que a imigra\u00e7\u00e3o traz progresso, traz desenvolvimento, traz diversidade?\", disse Mercado. \"N\u00e3o contamos essa hist\u00f3ria. Sempre contamos uma hist\u00f3ria de trag\u00e9dia, de crise. Estamos contando apenas metade da hist\u00f3ria\".<\/span><\/p>\n<p><span style=\"font-weight: 400;\">As \"narrativas de esperan\u00e7a\" e a diversidade de vozes s\u00e3o a principal estrat\u00e9gia do ve\u00edculo guatemalteco Prensa Comunitaria para neutralizar as narrativas de medo, desinforma\u00e7\u00e3o e \u00f3dio que existem em rela\u00e7\u00e3o \u00e0 comunidade migrante. O meio tem ampla cobertura sobre a emigra\u00e7\u00e3o das comunidades ind\u00edgenas do pa\u00eds centro-americano.<\/span><\/p>\n<p><span style=\"font-weight: 400;\">\"Quanto maior for a diversidade de vozes e perspectivas para fazer este tipo de jornalismo, mais poderemos nos aproximar da verdade hist\u00f3rica e do que as pessoas est\u00e3o sentindo, vivendo e propondo\", disse \u00e0 <\/span><b>LJR<\/b><span style=\"font-weight: 400;\"> Quimy de Le\u00f3n, fundador e diretor do ve\u00edculo. \"Essa \u00e9 tamb\u00e9m uma das alternativas \u00e0 desinforma\u00e7\u00e3o, aos discursos polarizadores que procuram criar uma verdade \u00fanica e dominante\".<\/span><\/p>\n<p><span style=\"font-weight: 400;\">Como exemplo dessas \"narrativas de esperan\u00e7a\", De Le\u00f3n mencionou as r<\/span><a href=\"https:\/\/prensacomunitaria.org\/2024\/12\/migrantes-inauguraran-su-propio-centro-guatemalteco-de-atencion-al-migrante\/\"><span style=\"font-weight: 400;\">eportagens que a Prensa Comunitaria produziu nas \u00faltimas semanas<\/span><\/a><span style=\"font-weight: 400;\"> sobre como os migrantes guatemaltecos nos Estados Unidos est\u00e3o se organizando diante de poss\u00edveis medidas do novo governo, ou a cobertura de outros meios de comunica\u00e7\u00e3o sobre a contribui\u00e7\u00e3o da comunidade migrante nos inc\u00eandios em Los Angeles.<\/span><\/p>\n<p><span style=\"font-weight: 400;\">Nessas novas narrativas, o uso correto da linguagem desempenha um papel fundamental, disse Espina. Essa linguagem tamb\u00e9m deve estar alinhada com a abordagem dos direitos humanos e deve evitar o uso de analogias, termos alarmistas e frases que revitimizem, acrescentou.<\/span><\/p>\n<p><span style=\"font-weight: 400;\">\"Estamos falando de pessoas com direitos, muitas das quais foram v\u00edtimas nos seus pa\u00edses de origem, em tr\u00e2nsito e tamb\u00e9m no pa\u00eds de destino\", disse Espina. \"Devemos ter cuidado para que nossas palavras e a forma como denunciamos n\u00e3o vitimizem novamente as pessoas.\"<\/span><\/p>\n<p><span style=\"font-weight: 400;\">Os jornalistas tamb\u00e9m devem questionar a utiliza\u00e7\u00e3o do termo \"crise de imigra\u00e7\u00e3o\", uma vez que se considera que este contribui para o aprofundamento dos discursos anti-imigrantes por parte dos pol\u00edticos, disse Espina.<\/span><\/p>\n<p><span style=\"font-weight: 400;\">\"A crise \u00e9 realmente uma crise migrat\u00f3ria ou \u00e9 uma crise criada para resultar numa crise humanit\u00e1ria nas fronteiras?\", questionou Espina. \"Devemos nos questionar toda vez que vamos escrever essa palavra. O que realmente est\u00e1 acontecendo? S\u00e3o crises humanit\u00e1rias nas fronteiras devido a decis\u00f5es pol\u00edticas e administrativas dos governos.\"<\/span><\/p>\n<h3><span style=\"font-weight: 400;\">Informa\u00e7\u00e3o contra o medo<\/span><\/h3>\n<p><span style=\"font-weight: 400;\">Dado o clima de medo e confus\u00e3o que prevalece atualmente entre a comunidade migrante, a informa\u00e7\u00e3o de qualidade deve ser a principal ferramenta, disse Mercado. Isso n\u00e3o s\u00f3 ajudar\u00e1 a combater as narrativas de \u00f3dio, mas tamb\u00e9m ajudar\u00e1 os migrantes a tomar melhores decis\u00f5es.<\/span><\/p>\n<p><span style=\"font-weight: 400;\">\"Precisamos explicar os fen\u00f4menos. A xenofobia que existe nas comunidades aqui no M\u00e9xico, nos Estados Unidos e em todo lugar \u00e9 porque as pessoas n\u00e3o t\u00eam informa\u00e7\u00e3o. E n\u00e3o \u00e9 culpa delas\", disse Mercado. \"\u00c9 um momento de reflex\u00e3o e de dizer 'como vou contar as hist\u00f3rias?', porque isso obviamente afeta a sociedade\".<\/span><\/p>\n<p><span style=\"font-weight: 400;\">A Conexi\u00f3n Migrante iniciou um projeto este m\u00eas para transpor para v\u00eddeo alguns dos conte\u00fados mais procurados do site, disse Mercado. O objetivo, disse ela, \u00e9 fortalecer o canal do ve\u00edculo no YouTube para capacitar os leitores sobre processos e procedimentos.<\/span><\/p>\n<p><span style=\"font-weight: 400;\">Diante de amea\u00e7as de a\u00e7\u00f5es radicais por parte de Trump, como <\/span><a href=\"https:\/\/cnnespanol.cnn.com\/2024\/12\/12\/estados-unidos\/trump-ejercito-deportaciones-masivas-trax\"><span style=\"font-weight: 400;\">deporta\u00e7\u00f5es em massa,<\/span><\/a><span style=\"font-weight: 400;\"> o ve\u00edculo digital Estoy en la Frontera, pertencente ao jornal La Opini\u00f3n, com sede na fronteira entre a Col\u00f4mbia e a Venezuela, prepara-se para oferecer informa\u00e7\u00f5es \u00fateis aos migrantes desses pa\u00edses que possam ser afetados.<\/span><\/p>\n<p><span style=\"font-weight: 400;\">Keila Vilchez, editora do ve\u00edculo, disse que enquanto La Opini\u00f3n cobriria os temas noticiosos de poss\u00edveis mudan\u00e7as nas pol\u00edticas de imigra\u00e7\u00e3o, Estoy en la Frontera se concentraria em fornecer aos migrantes informa\u00e7\u00f5es na forma de roteiros de servi\u00e7o e canais de atendimento \u00e0s suas necessidades.<\/span><\/p>\n<div id=\"attachment_99737\" style=\"width: 460px\" class=\"wp-caption alignright\"><img loading=\"lazy\" decoding=\"async\" aria-describedby=\"caption-attachment-99737\" class=\"wp-image-99737\" src=\"https:\/\/latamjournalismreview.org\/wp-content\/uploads\/2025\/01\/Migracion3.jpeg\" alt=\"Periodistas del sitio colombiano Estoy en la Frontera, del peri\u00f3dico La Opini\u00f3n, durante una cobertura. Foto: Cortes\u00eda Estoy en la Frontera\" width=\"450\" height=\"300\" srcset=\"https:\/\/latamjournalismreview.org\/wp-content\/uploads\/2025\/01\/Migracion3.jpeg 1600w, https:\/\/latamjournalismreview.org\/wp-content\/uploads\/2025\/01\/Migracion3-300x200.jpeg 300w, https:\/\/latamjournalismreview.org\/wp-content\/uploads\/2025\/01\/Migracion3-1024x682.jpeg 1024w, https:\/\/latamjournalismreview.org\/wp-content\/uploads\/2025\/01\/Migracion3-768x512.jpeg 768w, https:\/\/latamjournalismreview.org\/wp-content\/uploads\/2025\/01\/Migracion3-1536x1023.jpeg 1536w, https:\/\/latamjournalismreview.org\/wp-content\/uploads\/2025\/01\/Migracion3-350x234.jpeg 350w\" sizes=\"auto, (max-width: 450px) 100vw, 450px\" \/><p id=\"caption-attachment-99737\" class=\"wp-caption-text\">O Estoy en la Frontera se concentrar\u00e1 em fornecer informa\u00e7\u00f5es aos migrantes colombianos e venezuelanos deportados, na forma de rotas de servi\u00e7o e canais para atender \u00e0s suas necessidades. (Foto: Cortesia do Di\u00e1rio La Opini\u00f3n)<\/p><\/div>\n<p><span style=\"font-weight: 400;\">\"\u00c9 prefer\u00edvel que as pessoas realmente saibam o que devem fazer\", disse Vilchez \u00e0 <\/span><b>LJR<\/b><span style=\"font-weight: 400;\">. \"Temos que ver quais exatamente ser\u00e3o essas pol\u00edticas implementadas para ver como iremos direcionar nosso conte\u00fado. Estoy en la na Fronteira sempre buscou conte\u00fados que ajudassem as pessoas\".<\/span><\/p>\n<p><span style=\"font-weight: 400;\">Por exemplo, disse Vilchez, no caso de deporta\u00e7\u00f5es de venezuelanos ou colombianos, a prioridade seria investigar onde chegariam esses voos, j\u00e1 que isso normalmente depende da rela\u00e7\u00e3o dos Estados Unidos com os pa\u00edses de origem dos deportados, bem como fornecer informa\u00e7\u00f5es sobre como os migrantes venezuelanos podem regularizar sua situa\u00e7\u00e3o uma vez na Col\u00f4mbia.<\/span><\/p>\n<p><span style=\"font-weight: 400;\">Al\u00e9m disso, acrescentou, procurar\u00e3o informar sobre o processo legal que existe por tr\u00e1s de uma deporta\u00e7\u00e3o e as inst\u00e2ncias \u00e0s quais um migrante em processo de deporta\u00e7\u00e3o pode recorrer.<\/span><\/p>\n<p><span style=\"font-weight: 400;\">\"O foco ser\u00e1 dar a eles as ferramentas de regulariza\u00e7\u00e3o, porque qualquer processo de migra\u00e7\u00e3o em qualquer pa\u00eds do mundo come\u00e7a com um processo de regulariza\u00e7\u00e3o satisfat\u00f3rio\", disse Vilchez. \"Temos trabalhado nossa cobertura nesse sentido, sempre tentando promover uma migra\u00e7\u00e3o segura, onde as pessoas n\u00e3o corram riscos\".<\/span><\/p>\n<p><span style=\"font-weight: 400;\">Conte\u00fados sobre temas como os direitos dos migrantes, as institui\u00e7\u00f5es a que podem recorrer, as linhas de emerg\u00eancia dispon\u00edveis ou o que fazer se um oficial de imigra\u00e7\u00e3o bater \u00e0 sua porta tamb\u00e9m ser\u00e3o muito \u00fateis no atual clima de medo, acrescentou Espina.<\/span><\/p>\n<p><span style=\"font-weight: 400;\">\"\u00c0s vezes subestimamos muito a presta\u00e7\u00e3o deste tipo de informa\u00e7\u00e3o porque n\u00e3o se trata de temas complexos, como o que disse um determinado pol\u00edtico, ou uma an\u00e1lise\", disse Espina. \"As pessoas enfrentam medo, e penso que ao dar a elas essas ferramentas, esses recursos de informa\u00e7\u00e3o, podemos contribuir um pouco para acalmar essas emo\u00e7\u00f5es e medos que sentem\".<\/span><\/p>\n<p><span style=\"font-weight: 400;\">Diante da onda de poss\u00edveis pol\u00edticas e medidas sobre migra\u00e7\u00e3o que poderiam ser apresentadas na regi\u00e3o, Espina recomendou que os meios de comunica\u00e7\u00e3o monitorem e criem bancos de dados para ter controle de toda a informa\u00e7\u00e3o e evitar confundir as pessoas.<\/span><\/p>\n<p><span style=\"font-weight: 400;\">\"Muitas coisas vir\u00e3o agora, ent\u00e3o fazer o monitoramento em uma planilha Excel ou qualquer outra ferramenta ser\u00e1 muito \u00fatil\", disse ela. \"Por exemplo, sobre os pa\u00edses que reportam deporta\u00e7\u00f5es, para ver quanto est\u00e3o aumentando, que tipo de popula\u00e7\u00e3o est\u00e3o deportando e tudo mais, para reportar bem ou para detectar alguma anomalia e come\u00e7ar a investigar e acompanhar isso\".<\/span><\/p>\n<h3><span style=\"font-weight: 400;\">Ouvir as pessoas, uma prioridade<\/span><\/h3>\n<p><span style=\"font-weight: 400;\">Um dos principais aprendizados que o primeiro governo Trump deixou para a equipe da Conexi\u00f3n Migrante foi aprender a ouvir a comunidade migrante, disse Mercado. Desde sua funda\u00e7\u00e3o em 2016, o ve\u00edculo tem o desafio de construir uma rela\u00e7\u00e3o de confian\u00e7a com uma comunidade migrante vulner\u00e1vel, que n\u00e3o confia em ningu\u00e9m e tem medo.\u00a0<\/span><\/p>\n<p><span style=\"font-weight: 400;\">E para isso, saber ouvir tem sido fundamental.<\/span><\/p>\n<p><span style=\"font-weight: 400;\">\"N\u00e3o devemos esquecer que os migrantes n\u00e3o s\u00e3o apenas n\u00fameros, nem pa\u00edses, mas s\u00e3o pessoas e que devemos ter a capacidade de ouvi-los. N\u00e3o de entrevist\u00e1-los, de ouvi-los\", disse Mercado. \"Os meios de comunica\u00e7\u00e3o e os jornalistas deveriam estar mais atentos \u00e0 desinforma\u00e7\u00e3o que existe em torno da comunidade, porque s\u00e3o uma comunidade que, por se encontrar numa situa\u00e7\u00e3o vulner\u00e1vel, cai muito facilmente na desinforma\u00e7\u00e3o\";<\/span><\/p>\n<p><span style=\"font-weight: 400;\">A principal forma pela qual a Conexi\u00f3n Migrante escuta seu p\u00fablico \u00e9 atrav\u00e9s do Centro de Assist\u00eancia ao Migrante, <\/span><a href=\"https:\/\/latamjournalismreview.org\/pt-br\/articles\/founder-of-conexion-migrante-tells-how-site-helps-latin-american-migrants-through-journalism-and-other-services\/\"><span style=\"font-weight: 400;\">uma central de atendimento para fornecer informa\u00e7\u00f5es<\/span><\/a><span style=\"font-weight: 400;\"> e apoio \u00e0 comunidade migrante. Com isso, o ve\u00edculo atendeu mais de 100 mil pessoas em oito anos, disse Mercado.<\/span><\/p>\n<p><span style=\"font-weight: 400;\">\"Para n\u00f3s \u00e9 fundamental ouvir o p\u00fablico para saber o que ele precisa e a\u00ed foi encontrada a f\u00f3rmula perfeita\", disse Mercado. \"Estamos estudando, criando novas informa\u00e7\u00f5es e conversando muito com as pessoas para saber quais s\u00e3o suas necessidades, porque v\u00e3o acontecer coisas que temos que ter a capacidade de explicar\".<\/span><\/p>\n<div id=\"attachment_99757\" style=\"width: 258px\" class=\"wp-caption alignleft\"><img loading=\"lazy\" decoding=\"async\" aria-describedby=\"caption-attachment-99757\" class=\"wp-image-99757\" src=\"https:\/\/latamjournalismreview.org\/wp-content\/uploads\/2025\/01\/mx_universal.750.jpg\" alt=\"Cover of El Universal newspaper, from Mexico. \" width=\"248\" height=\"450\" srcset=\"https:\/\/latamjournalismreview.org\/wp-content\/uploads\/2025\/01\/mx_universal.750.jpg 750w, https:\/\/latamjournalismreview.org\/wp-content\/uploads\/2025\/01\/mx_universal.750-165x300.jpg 165w, https:\/\/latamjournalismreview.org\/wp-content\/uploads\/2025\/01\/mx_universal.750-563x1024.jpg 563w\" sizes=\"auto, (max-width: 248px) 100vw, 248px\" \/><p id=\"caption-attachment-99757\" class=\"wp-caption-text\">Ve\u00edculos de m\u00eddia que cobrem migra\u00e7\u00e3o apontam um clima de medo e confus\u00e3o entre a comunidade migrante \u00e0 luz das declara\u00e7\u00f5es do presidente Donald Trump. (Foto: Captura de tela do El Universal)<\/p><\/div>\n<p><span style=\"font-weight: 400;\">A equipe da Prensa Comunitaria tamb\u00e9m assume a tarefa de ouvir seu p\u00fablico, que \u00e9 composto principalmente por membros das diferentes di\u00e1sporas guatemaltecas nos Estados Unidos.\u00a0<\/span><\/p>\n<p><span style=\"font-weight: 400;\">At\u00e9 agora, a desinforma\u00e7\u00e3o e a propaga\u00e7\u00e3o do medo s\u00e3o os problemas mais relatados, disse De Le\u00f3n.<\/span><\/p>\n<p><span style=\"font-weight: 400;\">\"Confirmamos que h\u00e1 muito medo entre a di\u00e1spora e a comunidade migrante, mesmo entre aqueles que t\u00eam documentos, devido ao discurso que tem sido divulgado nas redes sociais e outros canais pelo Presidente Trump. Eles sentem que existe o risco de deporta\u00e7\u00e3o, seja voc\u00ea legal ou n\u00e3o\", disse o jornalista.<\/span><\/p>\n<h3><span style=\"font-weight: 400;\">Am\u00e9rica Central, Venezuela e El Dari\u00e9n, outras quest\u00f5es a monitorar<\/span><\/h3>\n<p><span style=\"font-weight: 400;\">Diante do segundo governo de Trump, o olhar dos jornalistas de imigra\u00e7\u00e3o n\u00e3o deveria estar apenas na fronteira dos Estados Unidos e do M\u00e9xico. Existem outras regi\u00f5es e pa\u00edses onde poder\u00e3o ser registradas mudan\u00e7as nos pr\u00f3ximos meses, afirmaram os jornalistas consultados.<\/span><\/p>\n<p><span style=\"font-weight: 400;\">Um <\/span><a href=\"https:\/\/runrun.es\/noticias\/562537\/meganalisis-mas-del-40-de-venezolanos-piensa-en-migrar-luego-del-28j\/#google_vignette\"><span style=\"font-weight: 400;\">desses pa\u00edses \u00e9 a Venezuela,<\/span><\/a><span style=\"font-weight: 400;\"> onde uma pesquisa recente revelou que quase tr\u00eas milh\u00f5es de pessoas pretendem emigrar este ano, ap\u00f3s o in\u00edcio do terceiro mandato de Nicol\u00e1s Maduro.<\/span><\/p>\n<p><span style=\"font-weight: 400;\">\"A Venezuela me preocupa muito porque pode ser um fator que transformar\u00e1 novamente a migra\u00e7\u00e3o\", disse Mercado. \"Temos que monitorar o que a Col\u00f4mbia vai fazer, o que o Peru vai fazer, o que a Espanha vai fazer, quais s\u00e3o os pa\u00edses que mais recebem venezuelanos\".<\/span><\/p>\n<p><span style=\"font-weight: 400;\">A reda\u00e7\u00e3o do Esto en la Fronteira planeja implementar a vigil\u00e2ncia dos primeiros 90 dias tanto do segundo governo Trump como do terceiro de Maduro para acompanhar as necessidades de informa\u00e7\u00e3o que os migrantes possam ter.<\/span><\/p>\n<p><span style=\"font-weight: 400;\">\"Vamos ficar de olho no que acontece\", disse Vilchez. \"Porque [La Opini\u00f3n] \u00e9 um jornal fronteiri\u00e7o e est\u00e1 em C\u00facuta, por onde passam cerca de 80 por cento das pessoas que ficam na Col\u00f4mbia ou que simplesmente passam para ir a outros pa\u00edses, para o jornal sempre foram uma prioridade estes problemas\".<\/span><\/p>\n<p><span style=\"font-weight: 400;\">A Am\u00e9rica Central \u00e9 outra regi\u00e3o geogr\u00e1fica a ter em conta. H\u00e1 temores na Guatemala de que possa reviver a categoria de \"terceiro pa\u00eds seguro\" que Trump e o ex-presidente Jimmy Morales concordaram em 2019, e que o presidente Biden revogou dois anos depois. Esta medida permitiu que migrantes hondurenhos e salvadorenhos em busca de asilo nos Estados Unidos fossem enviados \u00e0 Guatemala para apresentarem seus pedidos.<\/span><\/p>\n<p><span style=\"font-weight: 400;\">\"Especula-se que tenha havido press\u00e3o do governo dos Estados Unidos para que o governo do presidente [Bernardo] Ar\u00e9valo aceite ou retome esta figura do 'terceiro pa\u00eds seguro', para que a Guatemala possa ser como o escudo de imigra\u00e7\u00e3o dos Estados Unidos para deportar migrantes da Am\u00e9rica Central\", disse \u00e0 <\/span><b>LJR <\/b><span style=\"font-weight: 400;\">Francisco Sim\u00f3n, editor de territ\u00f3rio da Prensa Comunitaria.<\/span><\/p>\n<p><span style=\"font-weight: 400;\">No Panam\u00e1 existem preocupa\u00e7\u00f5es semelhantes, depois que no ano passado o governo do presidente Jos\u00e9 Ra\u00fal Mulino <\/span><a href=\"https:\/\/cnnespanol.cnn.com\/2024\/07\/01\/panama-estados-unidos-acuerdo-inmigracion-darien-orix\"><span style=\"font-weight: 400;\">assinou um acordo de entendimento<\/span><\/a><span style=\"font-weight: 400;\"> sobre coopera\u00e7\u00e3o em quest\u00f5es de imigra\u00e7\u00e3o com os Estados Unidos. Desde que assumiu o cargo em 1\u00ba de julho de 2024, <\/span><a href=\"https:\/\/www.bbc.com\/mundo\/articles\/c3g53y3py1ro\"><span style=\"font-weight: 400;\">Mulino enfatizou sua inten\u00e7\u00e3o de fechar as fronteiras<\/span><\/a><span style=\"font-weight: 400;\"> do pa\u00eds aos migrantes que atravessam a regi\u00e3o conhecida como Dari\u00e9n Gap a caminho da Am\u00e9rica do Norte.<\/span><\/p>\n<p><span style=\"font-weight: 400;\">\"O atual presidente do Panam\u00e1 est\u00e1 muito alinhado \u00e0 linha anti-imigra\u00e7\u00e3o de Donald Trump. Nesse sentido, o Panam\u00e1 poderia aplicar pol\u00edticas de externaliza\u00e7\u00e3o na fronteira dos Estados Unidos como aconteceu no M\u00e9xico\", disse Espina. \"A maior aten\u00e7\u00e3o em termos de monitoramento deve ser dada ao Panam\u00e1 e Dari\u00e9n, porque podem ocorrer novas din\u00e2micas que podem causar outros tipos de viol\u00eancia contra os migrantes\".<\/span><\/p>\n<p><span style=\"font-weight: 400;\">O monitoramento dos efeitos e dos danos colaterais das poss\u00edveis novas pol\u00edticas de imigra\u00e7\u00e3o dos pa\u00edses tamb\u00e9m deve ser uma prioridade para os jornalistas, disse Espina.<\/span><\/p>\n<p><span style=\"font-weight: 400;\">Al\u00e9m disso, os jornalistas devem estar atentos ao que vai acontecer com as pol\u00edticas migrat\u00f3rias existentes, como \u00e9 o <\/span><a href=\"https:\/\/elpais.com\/us\/2024-10-11\/como-funciona-cbp-one-la-aplicacion-con-la-que-mas-de-800000-inmigrantes-han-ingresado-legalmente-a-estados-unidos.html\"><span style=\"font-weight: 400;\">caso do CBP One, o aplicativo que os Estados Unidos lan\u00e7aram<\/span><\/a><span style=\"font-weight: 400;\"> em janeiro de 2023 para que imigrantes no M\u00e9xico possam agendar uma consulta em um ponto de fronteira e solicitar uma permiss\u00e3o humanit\u00e1ria. Essa ferramenta est\u00e1 entre os programas que <\/span><a href=\"https:\/\/floridapolitics.com\/archives\/716651-donald-trump-ends-cbp-one-a-biden-era-border-app-that-gave-legal-entry-to-nearly-1-million-migrants\/\"><span style=\"font-weight: 400;\">Trump eliminou assim que chegar \u00e0 Casa Branca<\/span><\/a><span style=\"font-weight: 400;\">.<\/span><\/p>\n","protected":false},"excerpt":{"rendered":"<p>Contrapor as narrativas de \u00f3dio, ouvir a comunidade migrante, fornecer informa\u00e7\u00f5es \u00fateis e monitorar as pol\u00edticas de imigra\u00e7\u00e3o s\u00e3o algumas pr\u00e1ticas que os jornalistas que cobrem as comunidades migrantes na Am\u00e9rica Latina recomendam para oferecer uma boa cobertura da imigra\u00e7\u00e3o diante do segundo governo de Donald Trump nos Estados Unidos.<\/p>\n","protected":false},"author":19,"featured_media":99741,"comment_status":"closed","ping_status":"closed","sticky":false,"template":"","format":"standard","meta":{"inline_featured_image":false,"footnotes":""},"categories":[17],"tags":[],"coauthors":[2753],"class_list":["post-102474","post","type-post","status-publish","format-standard","has-post-thumbnail","hentry","category-nao-categorizado"],"acf":[],"yoast_head":"<!-- This site is optimized with the Yoast SEO Premium plugin v22.6 (Yoast SEO v27.4) - https:\/\/yoast.com\/product\/yoast-seo-premium-wordpress\/ -->\n<title>Como se preparar para cobrir a migra\u00e7\u00e3o da Am\u00e9rica Latina no segundo governo de Trump? - LatAm Journalism Review by the Knight Center<\/title>\n<meta name=\"description\" content=\"Contrapor narrativas de \u00f3dio, ouvir a comunidade migrante, fornecer informa\u00e7\u00f5es \u00fateis e monitorar pol\u00edticas de imigra\u00e7\u00e3o s\u00e3o boas pr\u00e1ticas.\" \/>\n<meta name=\"robots\" content=\"index, follow, max-snippet:-1, max-image-preview:large, max-video-preview:-1\" \/>\n<link rel=\"canonical\" href=\"https:\/\/latamjournalismreview.org\/pt-br\/articles\/como-se-preparar-para-cobrir-a-migracao-da-america-latina-no-segundo-governo-de-trump\/\" \/>\n<meta property=\"og:locale\" content=\"pt_BR\" \/>\n<meta property=\"og:type\" content=\"article\" \/>\n<meta property=\"og:title\" content=\"Como se preparar para cobrir a migra\u00e7\u00e3o da Am\u00e9rica Latina no segundo governo de Trump?\" \/>\n<meta property=\"og:description\" content=\"Contrapor narrativas de \u00f3dio, ouvir a comunidade migrante, fornecer informa\u00e7\u00f5es \u00fateis e monitorar pol\u00edticas de imigra\u00e7\u00e3o s\u00e3o boas pr\u00e1ticas.\" \/>\n<meta property=\"og:url\" content=\"https:\/\/latamjournalismreview.org\/pt-br\/articles\/como-se-preparar-para-cobrir-a-migracao-da-america-latina-no-segundo-governo-de-trump\/\" \/>\n<meta property=\"og:site_name\" content=\"LatAm Journalism Review by the Knight Center\" \/>\n<meta property=\"article:published_time\" content=\"2025-01-22T23:44:43+00:00\" \/>\n<meta property=\"og:image\" content=\"https:\/\/latamjournalismreview.org\/wp-content\/uploads\/2025\/01\/Migracion4.jpeg\" \/>\n\t<meta property=\"og:image:width\" content=\"1040\" \/>\n\t<meta property=\"og:image:height\" content=\"780\" \/>\n\t<meta property=\"og:image:type\" content=\"image\/jpeg\" \/>\n<meta name=\"author\" content=\"C\u00e9sar L\u00f3pez Linares\" \/>\n<meta name=\"twitter:card\" content=\"summary_large_image\" \/>\n<meta name=\"twitter:creator\" content=\"@cesarisch\" \/>\n<meta name=\"twitter:site\" content=\"@LatAmJournalism\" \/>\n<meta name=\"twitter:label1\" content=\"Written by\" \/>\n\t<meta name=\"twitter:data1\" content=\"C\u00e9sar L\u00f3pez Linares\" \/>\n\t<meta name=\"twitter:label2\" content=\"Est. reading time\" \/>\n\t<meta name=\"twitter:data2\" content=\"12 minutos\" \/>\n<script type=\"application\/ld+json\" class=\"yoast-schema-graph\">{\"@context\":\"https:\\\/\\\/schema.org\",\"@graph\":[{\"@type\":\"Article\",\"@id\":\"https:\\\/\\\/latamjournalismreview.org\\\/pt-br\\\/articles\\\/como-se-preparar-para-cobrir-a-migracao-da-america-latina-no-segundo-governo-de-trump\\\/#article\",\"isPartOf\":{\"@id\":\"https:\\\/\\\/latamjournalismreview.org\\\/pt-br\\\/articles\\\/como-se-preparar-para-cobrir-a-migracao-da-america-latina-no-segundo-governo-de-trump\\\/\"},\"author\":{\"name\":\"C\u00e9sar L\u00f3pez Linares\",\"@id\":\"https:\\\/\\\/latamjournalismreview.org\\\/pt-br\\\/#\\\/schema\\\/person\\\/dcf6dcdd6226ac8d939e2796645d17c6\"},\"headline\":\"Como se preparar para cobrir a migra\u00e7\u00e3o da Am\u00e9rica Latina no segundo governo de Trump?\",\"datePublished\":\"2025-01-22T23:44:43+00:00\",\"mainEntityOfPage\":{\"@id\":\"https:\\\/\\\/latamjournalismreview.org\\\/pt-br\\\/articles\\\/como-se-preparar-para-cobrir-a-migracao-da-america-latina-no-segundo-governo-de-trump\\\/\"},\"wordCount\":2709,\"publisher\":{\"@id\":\"https:\\\/\\\/latamjournalismreview.org\\\/pt-br\\\/#organization\"},\"image\":{\"@id\":\"https:\\\/\\\/latamjournalismreview.org\\\/pt-br\\\/articles\\\/como-se-preparar-para-cobrir-a-migracao-da-america-latina-no-segundo-governo-de-trump\\\/#primaryimage\"},\"thumbnailUrl\":\"https:\\\/\\\/latamjournalismreview.org\\\/wp-content\\\/uploads\\\/2025\\\/01\\\/Migracion4.jpeg\",\"articleSection\":[\"N\u00e3o categorizado\"],\"inLanguage\":\"pt-BR\"},{\"@type\":\"WebPage\",\"@id\":\"https:\\\/\\\/latamjournalismreview.org\\\/pt-br\\\/articles\\\/como-se-preparar-para-cobrir-a-migracao-da-america-latina-no-segundo-governo-de-trump\\\/\",\"url\":\"https:\\\/\\\/latamjournalismreview.org\\\/pt-br\\\/articles\\\/como-se-preparar-para-cobrir-a-migracao-da-america-latina-no-segundo-governo-de-trump\\\/\",\"name\":\"Como se preparar para cobrir a migra\u00e7\u00e3o da Am\u00e9rica Latina no segundo governo de Trump? - LatAm Journalism Review by the Knight Center\",\"isPartOf\":{\"@id\":\"https:\\\/\\\/latamjournalismreview.org\\\/pt-br\\\/#website\"},\"primaryImageOfPage\":{\"@id\":\"https:\\\/\\\/latamjournalismreview.org\\\/pt-br\\\/articles\\\/como-se-preparar-para-cobrir-a-migracao-da-america-latina-no-segundo-governo-de-trump\\\/#primaryimage\"},\"image\":{\"@id\":\"https:\\\/\\\/latamjournalismreview.org\\\/pt-br\\\/articles\\\/como-se-preparar-para-cobrir-a-migracao-da-america-latina-no-segundo-governo-de-trump\\\/#primaryimage\"},\"thumbnailUrl\":\"https:\\\/\\\/latamjournalismreview.org\\\/wp-content\\\/uploads\\\/2025\\\/01\\\/Migracion4.jpeg\",\"datePublished\":\"2025-01-22T23:44:43+00:00\",\"description\":\"Contrapor narrativas de \u00f3dio, ouvir a comunidade migrante, fornecer informa\u00e7\u00f5es \u00fateis e monitorar pol\u00edticas de imigra\u00e7\u00e3o s\u00e3o boas pr\u00e1ticas.\",\"breadcrumb\":{\"@id\":\"https:\\\/\\\/latamjournalismreview.org\\\/pt-br\\\/articles\\\/como-se-preparar-para-cobrir-a-migracao-da-america-latina-no-segundo-governo-de-trump\\\/#breadcrumb\"},\"inLanguage\":\"pt-BR\",\"potentialAction\":[{\"@type\":\"ReadAction\",\"target\":[\"https:\\\/\\\/latamjournalismreview.org\\\/pt-br\\\/articles\\\/como-se-preparar-para-cobrir-a-migracao-da-america-latina-no-segundo-governo-de-trump\\\/\"]}]},{\"@type\":\"ImageObject\",\"inLanguage\":\"pt-BR\",\"@id\":\"https:\\\/\\\/latamjournalismreview.org\\\/pt-br\\\/articles\\\/como-se-preparar-para-cobrir-a-migracao-da-america-latina-no-segundo-governo-de-trump\\\/#primaryimage\",\"url\":\"https:\\\/\\\/latamjournalismreview.org\\\/wp-content\\\/uploads\\\/2025\\\/01\\\/Migracion4.jpeg\",\"contentUrl\":\"https:\\\/\\\/latamjournalismreview.org\\\/wp-content\\\/uploads\\\/2025\\\/01\\\/Migracion4.jpeg\",\"width\":1040,\"height\":780,\"caption\":\"Periodistas del sitio colombiano Estoy en la Frontera, del peri\u00f3dico La Opini\u00f3n, durante una cobertura. Foto: Cortes\u00eda Estoy en la Frontera\"},{\"@type\":\"BreadcrumbList\",\"@id\":\"https:\\\/\\\/latamjournalismreview.org\\\/pt-br\\\/articles\\\/como-se-preparar-para-cobrir-a-migracao-da-america-latina-no-segundo-governo-de-trump\\\/#breadcrumb\",\"itemListElement\":[{\"@type\":\"ListItem\",\"position\":1,\"name\":\"Home\",\"item\":\"https:\\\/\\\/latamjournalismreview.org\\\/pt-br\\\/\"},{\"@type\":\"ListItem\",\"position\":2,\"name\":\"Como se preparar para cobrir a migra\u00e7\u00e3o da Am\u00e9rica Latina no segundo governo de Trump?\"}]},{\"@type\":\"WebSite\",\"@id\":\"https:\\\/\\\/latamjournalismreview.org\\\/pt-br\\\/#website\",\"url\":\"https:\\\/\\\/latamjournalismreview.org\\\/pt-br\\\/\",\"name\":\"LatAm Journalism Review\",\"description\":\"Digital magazine on journalism in Latin America\",\"publisher\":{\"@id\":\"https:\\\/\\\/latamjournalismreview.org\\\/pt-br\\\/#organization\"},\"potentialAction\":[{\"@type\":\"SearchAction\",\"target\":{\"@type\":\"EntryPoint\",\"urlTemplate\":\"https:\\\/\\\/latamjournalismreview.org\\\/pt-br\\\/?s={search_term_string}\"},\"query-input\":{\"@type\":\"PropertyValueSpecification\",\"valueRequired\":true,\"valueName\":\"search_term_string\"}}],\"inLanguage\":\"pt-BR\"},{\"@type\":\"Organization\",\"@id\":\"https:\\\/\\\/latamjournalismreview.org\\\/pt-br\\\/#organization\",\"name\":\"LatAm Journalism Review\",\"url\":\"https:\\\/\\\/latamjournalismreview.org\\\/pt-br\\\/\",\"logo\":{\"@type\":\"ImageObject\",\"inLanguage\":\"pt-BR\",\"@id\":\"https:\\\/\\\/latamjournalismreview.org\\\/pt-br\\\/#\\\/schema\\\/logo\\\/image\\\/\",\"url\":\"https:\\\/\\\/latamjournalismreview.org\\\/wp-content\\\/uploads\\\/2020\\\/05\\\/knight-latAm-review-logo.svg\",\"contentUrl\":\"https:\\\/\\\/latamjournalismreview.org\\\/wp-content\\\/uploads\\\/2020\\\/05\\\/knight-latAm-review-logo.svg\",\"width\":\"1024\",\"height\":\"1024\",\"caption\":\"LatAm Journalism Review\"},\"image\":{\"@id\":\"https:\\\/\\\/latamjournalismreview.org\\\/pt-br\\\/#\\\/schema\\\/logo\\\/image\\\/\"},\"sameAs\":[\"https:\\\/\\\/x.com\\\/LatAmJournalism\"]},{\"@type\":\"Person\",\"@id\":\"https:\\\/\\\/latamjournalismreview.org\\\/pt-br\\\/#\\\/schema\\\/person\\\/dcf6dcdd6226ac8d939e2796645d17c6\",\"name\":\"C\u00e9sar L\u00f3pez Linares\",\"description\":\"C\u00e9sar L\u00f3pez Linares began his career at the Mexican newspaper REFORMA as an entertainment and media co-editor. He has written for publications such as TODO Austin, Texas Music Magazine and The Austin Chronicle. C\u00e9sar has a Master's degree in Journalism from the University of Texas at Austin and a Bachelors degree in Communication from the National Autonomous University of Mexico. He previously wrote about innovation in journalism for the Gabo Foundation in Colombia and currently reports for the Knight Center's LatAmJournalism Review digital magazine. A native of Mexico City, C\u00e9sar has become a digital nomad combining content creation with his passion for travel. ________ C\u00e9sar L\u00f3pez Linares inici\u00f3 su carrera en el diario mexicano REFORMA como coeditor de entretenimiento y medios. Ha escrito para publicaciones como TODO Austin, Texas Music Magazine y The Austin Chronicle. C\u00e9sar tiene una Maestr\u00eda en Periodismo de la Universidad de Texas en Austin y una Licenciatura en Comunicaci\u00f3n de la Universidad Nacional Aut\u00f3noma de M\u00e9xico. Previamente escribi\u00f3 sobre innovaci\u00f3n en periodismo para la Fundaci\u00f3n Gabo en Colombia y actualmente escribe para la revista digital LatAmJournalism Review del Centro Knight. Originario de la Ciudad de M\u00e9xico, C\u00e9sar se ha convertido en un n\u00f3mada digital que combina la creaci\u00f3n de contenido con su pasi\u00f3n por viajar. _________ C\u00e9sar L\u00f3pez Linares come\u00e7ou sua carreira no jornal mexicano REFORMA como coeditor de entretenimento e m\u00eddia. Ele escreveu para publica\u00e7\u00f5es como TODO Austin, Texas Music Magazine e The Austin Chronicle. C\u00e9sar tem mestrado em jornalismo pela University of Texas em Austin e \u00e9 bacharel em comunica\u00e7\u00e3o pela Universidad Nacional Aut\u00f3noma de M\u00e9xico. Antes disso, ele escreveu sobre inova\u00e7\u00e3o no jornalismo para a Funda\u00e7\u00e3o Gabo na Col\u00f4mbia. Atualmente escreve para a revista digital LatAmJournalism Review do Centro Knight. Nascido na Cidade do M\u00e9xico, C\u00e9sar se tornou um n\u00f4made digital combinando a cria\u00e7\u00e3o de conte\u00fado com sua paix\u00e3o por viagens.\",\"sameAs\":[\"https:\\\/\\\/x.com\\\/cesarisch\"],\"url\":\"https:\\\/\\\/latamjournalismreview.org\\\/pt-br\\\/articles\\\/author\\\/cesar-lopez-linares\\\/\"}]}<\/script>\n<!-- \/ Yoast SEO Premium plugin. -->","yoast_head_json":{"title":"Como se preparar para cobrir a migra\u00e7\u00e3o da Am\u00e9rica Latina no segundo governo de Trump? - LatAm Journalism Review by the Knight Center","description":"Contrapor narrativas de \u00f3dio, ouvir a comunidade migrante, fornecer informa\u00e7\u00f5es \u00fateis e monitorar pol\u00edticas de imigra\u00e7\u00e3o s\u00e3o boas pr\u00e1ticas.","robots":{"index":"index","follow":"follow","max-snippet":"max-snippet:-1","max-image-preview":"max-image-preview:large","max-video-preview":"max-video-preview:-1"},"canonical":"https:\/\/latamjournalismreview.org\/pt-br\/articles\/como-se-preparar-para-cobrir-a-migracao-da-america-latina-no-segundo-governo-de-trump\/","og_locale":"pt_BR","og_type":"article","og_title":"Como se preparar para cobrir a migra\u00e7\u00e3o da Am\u00e9rica Latina no segundo governo de Trump?","og_description":"Contrapor narrativas de \u00f3dio, ouvir a comunidade migrante, fornecer informa\u00e7\u00f5es \u00fateis e monitorar pol\u00edticas de imigra\u00e7\u00e3o s\u00e3o boas pr\u00e1ticas.","og_url":"https:\/\/latamjournalismreview.org\/pt-br\/articles\/como-se-preparar-para-cobrir-a-migracao-da-america-latina-no-segundo-governo-de-trump\/","og_site_name":"LatAm Journalism Review by the Knight Center","article_published_time":"2025-01-22T23:44:43+00:00","og_image":[{"width":1040,"height":780,"url":"https:\/\/latamjournalismreview.org\/wp-content\/uploads\/2025\/01\/Migracion4.jpeg","type":"image\/jpeg"}],"author":"C\u00e9sar L\u00f3pez Linares","twitter_card":"summary_large_image","twitter_creator":"@cesarisch","twitter_site":"@LatAmJournalism","twitter_misc":{"Written by":"C\u00e9sar L\u00f3pez Linares","Est. reading time":"12 minutos"},"schema":{"@context":"https:\/\/schema.org","@graph":[{"@type":"Article","@id":"https:\/\/latamjournalismreview.org\/pt-br\/articles\/como-se-preparar-para-cobrir-a-migracao-da-america-latina-no-segundo-governo-de-trump\/#article","isPartOf":{"@id":"https:\/\/latamjournalismreview.org\/pt-br\/articles\/como-se-preparar-para-cobrir-a-migracao-da-america-latina-no-segundo-governo-de-trump\/"},"author":{"name":"C\u00e9sar L\u00f3pez Linares","@id":"https:\/\/latamjournalismreview.org\/pt-br\/#\/schema\/person\/dcf6dcdd6226ac8d939e2796645d17c6"},"headline":"Como se preparar para cobrir a migra\u00e7\u00e3o da Am\u00e9rica Latina no segundo governo de Trump?","datePublished":"2025-01-22T23:44:43+00:00","mainEntityOfPage":{"@id":"https:\/\/latamjournalismreview.org\/pt-br\/articles\/como-se-preparar-para-cobrir-a-migracao-da-america-latina-no-segundo-governo-de-trump\/"},"wordCount":2709,"publisher":{"@id":"https:\/\/latamjournalismreview.org\/pt-br\/#organization"},"image":{"@id":"https:\/\/latamjournalismreview.org\/pt-br\/articles\/como-se-preparar-para-cobrir-a-migracao-da-america-latina-no-segundo-governo-de-trump\/#primaryimage"},"thumbnailUrl":"https:\/\/latamjournalismreview.org\/wp-content\/uploads\/2025\/01\/Migracion4.jpeg","articleSection":["N\u00e3o categorizado"],"inLanguage":"pt-BR"},{"@type":"WebPage","@id":"https:\/\/latamjournalismreview.org\/pt-br\/articles\/como-se-preparar-para-cobrir-a-migracao-da-america-latina-no-segundo-governo-de-trump\/","url":"https:\/\/latamjournalismreview.org\/pt-br\/articles\/como-se-preparar-para-cobrir-a-migracao-da-america-latina-no-segundo-governo-de-trump\/","name":"Como se preparar para cobrir a migra\u00e7\u00e3o da Am\u00e9rica Latina no segundo governo de Trump? - LatAm Journalism Review by the Knight Center","isPartOf":{"@id":"https:\/\/latamjournalismreview.org\/pt-br\/#website"},"primaryImageOfPage":{"@id":"https:\/\/latamjournalismreview.org\/pt-br\/articles\/como-se-preparar-para-cobrir-a-migracao-da-america-latina-no-segundo-governo-de-trump\/#primaryimage"},"image":{"@id":"https:\/\/latamjournalismreview.org\/pt-br\/articles\/como-se-preparar-para-cobrir-a-migracao-da-america-latina-no-segundo-governo-de-trump\/#primaryimage"},"thumbnailUrl":"https:\/\/latamjournalismreview.org\/wp-content\/uploads\/2025\/01\/Migracion4.jpeg","datePublished":"2025-01-22T23:44:43+00:00","description":"Contrapor narrativas de \u00f3dio, ouvir a comunidade migrante, fornecer informa\u00e7\u00f5es \u00fateis e monitorar pol\u00edticas de imigra\u00e7\u00e3o s\u00e3o boas pr\u00e1ticas.","breadcrumb":{"@id":"https:\/\/latamjournalismreview.org\/pt-br\/articles\/como-se-preparar-para-cobrir-a-migracao-da-america-latina-no-segundo-governo-de-trump\/#breadcrumb"},"inLanguage":"pt-BR","potentialAction":[{"@type":"ReadAction","target":["https:\/\/latamjournalismreview.org\/pt-br\/articles\/como-se-preparar-para-cobrir-a-migracao-da-america-latina-no-segundo-governo-de-trump\/"]}]},{"@type":"ImageObject","inLanguage":"pt-BR","@id":"https:\/\/latamjournalismreview.org\/pt-br\/articles\/como-se-preparar-para-cobrir-a-migracao-da-america-latina-no-segundo-governo-de-trump\/#primaryimage","url":"https:\/\/latamjournalismreview.org\/wp-content\/uploads\/2025\/01\/Migracion4.jpeg","contentUrl":"https:\/\/latamjournalismreview.org\/wp-content\/uploads\/2025\/01\/Migracion4.jpeg","width":1040,"height":780,"caption":"Periodistas del sitio colombiano Estoy en la Frontera, del peri\u00f3dico La Opini\u00f3n, durante una cobertura. Foto: Cortes\u00eda Estoy en la Frontera"},{"@type":"BreadcrumbList","@id":"https:\/\/latamjournalismreview.org\/pt-br\/articles\/como-se-preparar-para-cobrir-a-migracao-da-america-latina-no-segundo-governo-de-trump\/#breadcrumb","itemListElement":[{"@type":"ListItem","position":1,"name":"Home","item":"https:\/\/latamjournalismreview.org\/pt-br\/"},{"@type":"ListItem","position":2,"name":"Como se preparar para cobrir a migra\u00e7\u00e3o da Am\u00e9rica Latina no segundo governo de Trump?"}]},{"@type":"WebSite","@id":"https:\/\/latamjournalismreview.org\/pt-br\/#website","url":"https:\/\/latamjournalismreview.org\/pt-br\/","name":"LatAm Journalism Review","description":"Digital magazine on journalism in Latin America","publisher":{"@id":"https:\/\/latamjournalismreview.org\/pt-br\/#organization"},"potentialAction":[{"@type":"SearchAction","target":{"@type":"EntryPoint","urlTemplate":"https:\/\/latamjournalismreview.org\/pt-br\/?s={search_term_string}"},"query-input":{"@type":"PropertyValueSpecification","valueRequired":true,"valueName":"search_term_string"}}],"inLanguage":"pt-BR"},{"@type":"Organization","@id":"https:\/\/latamjournalismreview.org\/pt-br\/#organization","name":"LatAm Journalism Review","url":"https:\/\/latamjournalismreview.org\/pt-br\/","logo":{"@type":"ImageObject","inLanguage":"pt-BR","@id":"https:\/\/latamjournalismreview.org\/pt-br\/#\/schema\/logo\/image\/","url":"https:\/\/latamjournalismreview.org\/wp-content\/uploads\/2020\/05\/knight-latAm-review-logo.svg","contentUrl":"https:\/\/latamjournalismreview.org\/wp-content\/uploads\/2020\/05\/knight-latAm-review-logo.svg","width":"1024","height":"1024","caption":"LatAm Journalism Review"},"image":{"@id":"https:\/\/latamjournalismreview.org\/pt-br\/#\/schema\/logo\/image\/"},"sameAs":["https:\/\/x.com\/LatAmJournalism"]},{"@type":"Person","@id":"https:\/\/latamjournalismreview.org\/pt-br\/#\/schema\/person\/dcf6dcdd6226ac8d939e2796645d17c6","name":"C\u00e9sar L\u00f3pez Linares","description":"C\u00e9sar L\u00f3pez Linares began his career at the Mexican newspaper REFORMA as an entertainment and media co-editor. He has written for publications such as TODO Austin, Texas Music Magazine and The Austin Chronicle. C\u00e9sar has a Master's degree in Journalism from the University of Texas at Austin and a Bachelors degree in Communication from the National Autonomous University of Mexico. He previously wrote about innovation in journalism for the Gabo Foundation in Colombia and currently reports for the Knight Center's LatAmJournalism Review digital magazine. A native of Mexico City, C\u00e9sar has become a digital nomad combining content creation with his passion for travel. ________ C\u00e9sar L\u00f3pez Linares inici\u00f3 su carrera en el diario mexicano REFORMA como coeditor de entretenimiento y medios. Ha escrito para publicaciones como TODO Austin, Texas Music Magazine y The Austin Chronicle. C\u00e9sar tiene una Maestr\u00eda en Periodismo de la Universidad de Texas en Austin y una Licenciatura en Comunicaci\u00f3n de la Universidad Nacional Aut\u00f3noma de M\u00e9xico. Previamente escribi\u00f3 sobre innovaci\u00f3n en periodismo para la Fundaci\u00f3n Gabo en Colombia y actualmente escribe para la revista digital LatAmJournalism Review del Centro Knight. Originario de la Ciudad de M\u00e9xico, C\u00e9sar se ha convertido en un n\u00f3mada digital que combina la creaci\u00f3n de contenido con su pasi\u00f3n por viajar. _________ C\u00e9sar L\u00f3pez Linares come\u00e7ou sua carreira no jornal mexicano REFORMA como coeditor de entretenimento e m\u00eddia. Ele escreveu para publica\u00e7\u00f5es como TODO Austin, Texas Music Magazine e The Austin Chronicle. C\u00e9sar tem mestrado em jornalismo pela University of Texas em Austin e \u00e9 bacharel em comunica\u00e7\u00e3o pela Universidad Nacional Aut\u00f3noma de M\u00e9xico. Antes disso, ele escreveu sobre inova\u00e7\u00e3o no jornalismo para a Funda\u00e7\u00e3o Gabo na Col\u00f4mbia. Atualmente escreve para a revista digital LatAmJournalism Review do Centro Knight. Nascido na Cidade do M\u00e9xico, C\u00e9sar se tornou um n\u00f4made digital combinando a cria\u00e7\u00e3o de conte\u00fado com sua paix\u00e3o por viagens.","sameAs":["https:\/\/x.com\/cesarisch"],"url":"https:\/\/latamjournalismreview.org\/pt-br\/articles\/author\/cesar-lopez-linares\/"}]}},"_links":{"self":[{"href":"https:\/\/latamjournalismreview.org\/pt-br\/wp-json\/wp\/v2\/posts\/102474","targetHints":{"allow":["GET"]}}],"collection":[{"href":"https:\/\/latamjournalismreview.org\/pt-br\/wp-json\/wp\/v2\/posts"}],"about":[{"href":"https:\/\/latamjournalismreview.org\/pt-br\/wp-json\/wp\/v2\/types\/post"}],"author":[{"embeddable":true,"href":"https:\/\/latamjournalismreview.org\/pt-br\/wp-json\/wp\/v2\/users\/19"}],"replies":[{"embeddable":true,"href":"https:\/\/latamjournalismreview.org\/pt-br\/wp-json\/wp\/v2\/comments?post=102474"}],"version-history":[{"count":2,"href":"https:\/\/latamjournalismreview.org\/pt-br\/wp-json\/wp\/v2\/posts\/102474\/revisions"}],"predecessor-version":[{"id":110021,"href":"https:\/\/latamjournalismreview.org\/pt-br\/wp-json\/wp\/v2\/posts\/102474\/revisions\/110021"}],"wp:featuredmedia":[{"embeddable":true,"href":"https:\/\/latamjournalismreview.org\/pt-br\/wp-json\/wp\/v2\/media\/99741"}],"wp:attachment":[{"href":"https:\/\/latamjournalismreview.org\/pt-br\/wp-json\/wp\/v2\/media?parent=102474"}],"wp:term":[{"taxonomy":"category","embeddable":true,"href":"https:\/\/latamjournalismreview.org\/pt-br\/wp-json\/wp\/v2\/categories?post=102474"},{"taxonomy":"post_tag","embeddable":true,"href":"https:\/\/latamjournalismreview.org\/pt-br\/wp-json\/wp\/v2\/tags?post=102474"},{"taxonomy":"author","embeddable":true,"href":"https:\/\/latamjournalismreview.org\/pt-br\/wp-json\/wp\/v2\/coauthors?post=102474"}],"curies":[{"name":"wp","href":"https:\/\/api.w.org\/{rel}","templated":true}]}}