{"id":109423,"date":"2025-01-29T11:04:11","date_gmt":"2025-01-29T17:04:11","guid":{"rendered":"https:\/\/latamjournalismreview.org\/?p=109423"},"modified":"2025-01-29T12:03:21","modified_gmt":"2025-01-29T18:03:21","slug":"11-eventos-que-jornalistas-da-america-latina-nao-podem-perder-em-2025","status":"publish","type":"post","link":"https:\/\/latamjournalismreview.org\/pt-br\/articles\/11-eventos-que-jornalistas-da-america-latina-nao-podem-perder-em-2025\/","title":{"rendered":"11 eventos que jornalistas da Am\u00e9rica Latina n\u00e3o podem perder em 2025"},"content":{"rendered":"<p><span style=\"font-weight: 400;\">Pelo terceiro ano consecutivo, a <\/span><b>LatAm Journalism Review (LJR)<\/b><span style=\"font-weight: 400;\"> faz uma lista com alguns dos maiores eventos de jornalismo para a Am\u00e9rica Latina. De festivais em Cartagena a confer\u00eancias no Rio de Janeiro, esses eventos buscam explorar tend\u00eancias importantes, como intelig\u00eancia artificial, desinforma\u00e7\u00e3o e jornalismo comunit\u00e1rio ou de dados.<\/span><\/p>\n<p><span style=\"font-weight: 400;\">Nem todos acontecem na regi\u00e3o, como a Confer\u00eancia Global sobre Jornalismo Investigativo, que ser\u00e1 realizada na Mal\u00e1sia, ou o Festival Internacional de Jornalismo, na It\u00e1lia, mas eles t\u00eam espa\u00e7os especiais para jornalistas latino-americanos. Em alguns casos, os eventos at\u00e9 oferecem bolsas de estudo para participa\u00e7\u00e3o.\u00a0<\/span><\/p>\n<p><span style=\"font-weight: 400;\">Se um evento importante n\u00e3o estiver listado aqui, ou se voc\u00ea quiser que adicionemos informa\u00e7\u00f5es atualizadas sobre as atividades, envie um e-mail para <\/span><a href=\"mailto:latamjournalismreview@austin.utexas.edu\"><span style=\"font-weight: 400;\">latamjournalismreview@austin.utexas.edu<\/span><\/a><span style=\"font-weight: 400;\">.<\/span><\/p>\n<h3><a href=\"https:\/\/www.hayfestival.com\/m-205-cartagena-2025.aspx?skinid=5&amp;categoryfilterid=0&amp;genrefilterID=37&amp;sectionfilterid=0&amp;vectorfilterid=0&amp;localesetting=es-ES\"><span style=\"font-weight: 400;\">Hay Festival Cartagena 2025<\/span><\/a><\/h3>\n<p><span style=\"font-weight: 400;\">Come\u00e7amos nossa lista com o primeiro festival do ano na regi\u00e3o: o Hay Festival Cartagena.<\/span><\/p>\n<p><span style=\"font-weight: 400;\">De 30 de janeiro a 2 de fevereiro, Cartagena das \u00cdndias, na Col\u00f4mbia, sediar\u00e1 este encontro de literatura, jornalismo, arte e cultura.<\/span><\/p>\n<p><span style=\"font-weight: 400;\">H\u00e1 mais de dez anos, o Hay Festival Cartagena desenvolve um projeto de jornalismo comunit\u00e1rio. Algumas das oficinas deste ano estar\u00e3o focadas em ensinar os participantes a encontrar novas maneiras de narrar seus arredores.<\/span><\/p>\n<p><span style=\"font-weight: 400;\">Tamb\u00e9m haver\u00e1 workshops de jornalismo voltados para estudantes universit\u00e1rios e apresenta\u00e7\u00f5es sobre g\u00eanero e ataques ao jornalismo.<\/span><\/p>\n<h3><a href=\"https:\/\/www.facebook.com\/periodismohidalgo\"><span style=\"font-weight: 400;\">Semana del Periodismo M\u00e9xico<\/span><\/a><\/h3>\n<p><span style=\"font-weight: 400;\">De 24 a 28 de fevereiro, a oitava Semana de Jornalismo ser\u00e1 realizada em Pachuca, Hidalgo, M\u00e9xico. Este evento \u00e9 organizado pela Funda\u00e7\u00e3o de Comunica\u00e7\u00e3o e Jornalismo (Funcope, na sigla em espanhol).<\/span><\/p>\n<p><span style=\"font-weight: 400;\">O ponto de encontro \u00e9 o Centro de Artes da cidade e todas as atividades s\u00e3o gratuitas e ser\u00e3o transmitidas ao vivo pelas <\/span><a href=\"https:\/\/www.facebook.com\/periodismohidalgo\"><span style=\"font-weight: 400;\">redes sociais da funda\u00e7\u00e3o<\/span><\/a><span style=\"font-weight: 400;\">.<\/span><\/p>\n<p><span style=\"font-weight: 400;\">Entre os temas est\u00e3o jornalismo regional, perspectiva de g\u00eanero, not\u00edcias falsas e intelig\u00eancia artificial. O programa completo est\u00e1 dispon\u00edvel <\/span><a href=\"https:\/\/www.facebook.com\/photo\/?fbid=1149473260515591&amp;set=pb.100063587830461.-2207520000\"><span style=\"font-weight: 400;\">aqui<\/span><\/a><span style=\"font-weight: 400;\">.<\/span><\/p>\n<h3><a href=\"https:\/\/isoj.org\/symposia\/2025\/\"><span style=\"font-weight: 400;\">Simp\u00f3sio Internacional de Jornalismo Online<\/span><\/a><\/h3>\n<p><span style=\"font-weight: 400;\">Este evento, organizado pelo Centro Knight para o Jornalismo nas Am\u00e9ricas, n\u00e3o pode faltar na nossa lista.<\/span><\/p>\n<p><span style=\"font-weight: 400;\">O <\/span><a href=\"https:\/\/isoj.org\/\"><span style=\"font-weight: 400;\">Simp\u00f3sio Internacional sobre Jornalismo Online<\/span><\/a><span style=\"font-weight: 400;\"> (ISOJ, na sigla em ingl\u00eas) \u00e9 uma confer\u00eancia de dois dias sobre jornalismo na era digital. At\u00e9 agora, o ISOJ anunciou 51 palestrantes de 19 pa\u00edses que discutir\u00e3o intelig\u00eancia artificial, confian\u00e7a no jornalismo, liberdade de imprensa global e muito mais.<\/span><\/p>\n<p><span style=\"font-weight: 400;\">Este ano, o ISOJ acontecer\u00e1 nos dias 27 e 28 de mar\u00e7o, em Austin, Texas, e online. Todas as sess\u00f5es plen\u00e1rias s\u00e3o em ingl\u00eas, mas h\u00e1 interpreta\u00e7\u00e3o simult\u00e2nea para o espanhol. <\/span><a href=\"https:\/\/cvent.utexas.edu\/PBVqOL\"><span style=\"font-weight: 400;\">As inscri\u00e7\u00f5es j\u00e1 est\u00e3o abertas<\/span><\/a><span style=\"font-weight: 400;\">. Para mais informa\u00e7\u00f5es, assine a <\/span><a href=\"https:\/\/knightcenter.activehosted.com\/f\/2181\"><span style=\"font-weight: 400;\">newsletter do ISOJ<\/span><\/a><span style=\"font-weight: 400;\">.<\/span><\/p>\n<h3><a href=\"https:\/\/isoj.org\/coloquio\/\"><span style=\"font-weight: 400;\">Coloquio Iberoamericano de Periodismo Digital<\/span><\/a><\/h3>\n<p><span style=\"font-weight: 400;\">O Col\u00f3quio Ibero-Americano de Jornalismo Digital \u00e9 realizado anualmente no dia seguinte ao encerramento do ISOJ.<\/span><\/p>\n<p><span style=\"font-weight: 400;\">Os inscritos no ISOJ podem participar do Col\u00f3quio, como \u00e9 popularmente conhecido, que tem como foco o jornalismo online na Am\u00e9rica Latina, Espanha e Portugal. Este ano, o evento ser\u00e1 realizado em 29 de mar\u00e7o e poder\u00e1 ser acompanhado on-line ou pessoalmente na Universidade do Texas, em Austin. Todos os pain\u00e9is ser\u00e3o em espanhol.<\/span><\/p>\n<p><span style=\"font-weight: 400;\">Os palestrantes da confer\u00eancia ainda n\u00e3o foram anunciados, mas os interessados \u200b\u200bem participar podem se manter informados assinando <\/span><a href=\"https:\/\/knightcenter.activehosted.com\/f\/2181\"><span style=\"font-weight: 400;\">a newsletter do 26\u00ba Simp\u00f3sio Internacional de Jornalismo Online<\/span><\/a><span style=\"font-weight: 400;\">.<\/span><\/p>\n<p><span style=\"font-weight: 400;\">Mais informa\u00e7\u00f5es sobre a confer\u00eancia do ano passado est\u00e3o dispon\u00edveis no<\/span><a href=\"https:\/\/isoj.org\/coloquio\/\"><span style=\"font-weight: 400;\"> site do evento<\/span><\/a><span style=\"font-weight: 400;\">.<\/span><\/p>\n<h3><a href=\"https:\/\/www.journalismfestival.com\/\"><span style=\"font-weight: 400;\">Festival Internacional de Jornalismo<\/span><\/a><\/h3>\n<p><span style=\"font-weight: 400;\">Apesar de n\u00e3o ser realizado na Am\u00e9rica Latina, o Festival Internacional de Jornalismo sediado em Perugia, na It\u00e1lia, \u00e9 um evento imperd\u00edvel para qualquer jornalista, independentemente do seu pa\u00eds de origem.<\/span><\/p>\n<p><span style=\"font-weight: 400;\">O evento deste ano ser\u00e1 entre 9 a 13 de abril. As inscri\u00e7\u00f5es para participar como palestrante j\u00e1 foram encerradas e o programa final do festival ser\u00e1 divulgado em mar\u00e7o. No ano passado, o evento contou com 220 sess\u00f5es e 612 palestrantes.<\/span><\/p>\n<p><span style=\"font-weight: 400;\">A maioria das apresenta\u00e7\u00f5es \u00e9 em ingl\u00eas, mas no \u00faltimo dia do festival as palestras s\u00e3o apenas em italiano.<\/span><\/p>\n<p><span style=\"font-weight: 400;\">O evento \u00e9 gratuito e os ingressos para todas as sess\u00f5es s\u00e3o distribu\u00eddos por ordem de chegada. Para garantir a entrada, os participantes devem chegar antes do in\u00edcio da sess\u00e3o, pois n\u00e3o h\u00e1 reserva ou inscri\u00e7\u00e3o.<\/span><\/p>\n<p><span style=\"font-weight: 400;\">Para mais informa\u00e7\u00f5es, os interessados \u200b\u200bpodem assinar a <\/span><a href=\"https:\/\/journalismfestival-us12-list--manage-com.translate.goog\/subscribe?u=aea900a515c6de73665ef082a&amp;id=2a1ac2d503&amp;_x_tr_sl=en&amp;_x_tr_tl=es&amp;_x_tr_hl=es&amp;_x_tr_pto=tc\"><span style=\"font-weight: 400;\">newsletter do evento<\/span><\/a><span style=\"font-weight: 400;\"> ou <\/span><a href=\"https:\/\/www.journalismfestival.com\/\"><span style=\"font-weight: 400;\">visitar o site<\/span><\/a><span style=\"font-weight: 400;\">.<\/span><\/p>\n<h3><a href=\"https:\/\/waporlatam2025.org\/\"><span style=\"font-weight: 400;\">XI Congresso Latino-Americano da WAPOR<\/span><\/a><\/h3>\n<p><span style=\"font-weight: 400;\">O XI Congresso Latino-Americano da WAPOR ser\u00e1 realizado de 28 a 30 de abril, em Florian\u00f3polis. Este evento re\u00fane profissionais e acad\u00eamicos especializados em pesquisa de opini\u00e3o p\u00fablica, comportamento e comunica\u00e7\u00e3o pol\u00edtica na regi\u00e3o.<\/span><\/p>\n<p><span style=\"font-weight: 400;\">O tema deste ano \u00e9 \u201cOpini\u00e3o P\u00fablica, C\u00edvica e Riscos Globais na Am\u00e9rica Latina\u201d. O local oficial do congresso \u00e9 a Universidade Federal de Santa Catarina.<\/span><\/p>\n<h3><a href=\"https:\/\/www.cvent.com\/c\/abstracts\/48d82737-b245-450c-bf8e-9db13e1bbc3a\"><span style=\"font-weight: 400;\">GlobalFact 12<\/span><\/a><\/h3>\n<p><span style=\"font-weight: 400;\">Todos os anos, checadores de fatos do mundo todo se re\u00fanem na GlobalFact para abordar os desafios do setor e buscar solu\u00e7\u00f5es para melhorar as formas de compartilhar informa\u00e7\u00f5es confi\u00e1veis.<\/span><\/p>\n<p><span style=\"font-weight: 400;\">Este ano, a 12\u00aa edi\u00e7\u00e3o ser\u00e1 realizada no Rio de Janeiro, Brasil, de 25 a 27 de junho.<\/span><\/p>\n<p><span style=\"font-weight: 400;\">As inscri\u00e7\u00f5es para participar como palestrante no evento <\/span><a href=\"https:\/\/www.cvent.com\/c\/abstracts\/48d82737-b245-450c-bf8e-9db13e1bbc3a\"><span style=\"font-weight: 400;\">ainda est\u00e3o abertas<\/span><\/a><span style=\"font-weight: 400;\">. Os t\u00f3picos podem estar relacionados a pol\u00edticas p\u00fablicas, tecnologia, mudan\u00e7as clim\u00e1ticas, campanhas de desinforma\u00e7\u00e3o, intelig\u00eancia artificial, sustentabilidade, g\u00eanero, etc.<\/span><\/p>\n<p><span style=\"font-weight: 400;\">Este evento \u00e9 organizado pela <\/span><a href=\"https:\/\/www.poynter.org\/ifcn\/\"><span style=\"font-weight: 400;\">Rede Internacional de Fact-Checking<\/span><\/a><span style=\"font-weight: 400;\"> (IFCN, na sigla em ingl\u00eas) do Instituto Poynter em parceria com <\/span><a href=\"https:\/\/www.aosfatos.org\/\"><span style=\"font-weight: 400;\">Aos Fatos<\/span><\/a><span style=\"font-weight: 400;\">, <\/span><a href=\"https:\/\/lupa.uol.com.br\/\"><span style=\"font-weight: 400;\">Lupa<\/span><\/a><span style=\"font-weight: 400;\">, <\/span><a href=\"https:\/\/www.estadao.com.br\/estadao-verifica\/\"><span style=\"font-weight: 400;\">Estad\u00e3o Verifica<\/span><\/a><span style=\"font-weight: 400;\"> e <\/span><a href=\"https:\/\/noticias.uol.com.br\/confere\/\"><span style=\"font-weight: 400;\">Uol Confere<\/span><\/a><span style=\"font-weight: 400;\">.<\/span><\/p>\n<h3><a href=\"https:\/\/gijc2025.org\/\"><span style=\"font-weight: 400;\">Confer\u00eancia Global sobre Jornalismo Investigativo<\/span><\/a><\/h3>\n<p><span style=\"font-weight: 400;\">A Confer\u00eancia Global de Jornalismo Investigativo \u00e9 realizada a cada dois anos e re\u00fane jornalistas investigativos e de dados do mundo todo em um s\u00f3 lugar. Este ano, a confer\u00eancia acontecer\u00e1 em Kuala Lumpur, Mal\u00e1sia, de 20 a 24 de novembro, e ser\u00e1 organizada em colabora\u00e7\u00e3o com a Global Investigative Journalism Network (GIJN) e o meio de comunica\u00e7\u00e3o independente <\/span><a href=\"https:\/\/www.malaysiakini.com\/\"><span style=\"font-weight: 400;\">Malaysiakini<\/span><\/a><span style=\"font-weight: 400;\">.<\/span><\/p>\n<p><span style=\"font-weight: 400;\">Jornalistas da Am\u00e9rica Latina podem concorrer a bolsas oferecidas pela rede para participar do evento. As bolsas cobrem passagens a\u00e9reas, hospedagem em hotel, a maioria das refei\u00e7\u00f5es e inscri\u00e7\u00e3o na confer\u00eancia. As <\/span><a href=\"https:\/\/docs.google.com\/forms\/d\/e\/1FAIpQLScw1mAuY7s7m6Ca4MY3H9cW8qm5D-5g4oZC9Wk4KRpEeGV_1A\/viewform\"><span style=\"font-weight: 400;\">inscri\u00e7\u00f5es<\/span><\/a><span style=\"font-weight: 400;\"> encerram em 31 de janeiro e os bolsistas selecionados ser\u00e3o notificados por e-mail at\u00e9 15 de abril de 2025.<\/span><\/p>\n<p><span style=\"font-weight: 400;\">A confer\u00eancia contar\u00e1 com mais de 150 atividades, incluindo pain\u00e9is de especialistas e workshops. Os t\u00f3picos que ser\u00e3o abordados incluem t\u00e9cnicas avan\u00e7adas de pesquisa online, melhores pr\u00e1ticas para colabora\u00e7\u00f5es internacionais, assim como ferramentas e estrat\u00e9gias para jornalistas exilados.<\/span><\/p>\n<h3><a href=\"https:\/\/colpin.ipys.org\/\"><span style=\"font-weight: 400;\">Conferencia Latinoamericana de Periodismo de Investigaci\u00f3n (COLPIN)<\/span><\/a><\/h3>\n<p><span style=\"font-weight: 400;\">Em 2024, a Conferencia Latinoamericana de Periodismo de Investigaci\u00f3n (Congresso Latino-Americano de Jornalismo Investigativo), organizado pelo Instituto Imprensa e Sociedade (IPYS, na sigla em espanhol), cruzou o Atl\u00e2ntico at\u00e9 a Espanha.<\/span><\/p>\n<p><span style=\"font-weight: 400;\">Este ano, e evento retorna \u00e0 Am\u00e9rica Latina e acontecer\u00e1 em Buenos Aires, Argentina. As datas exatas ainda n\u00e3o foram anunciadas, mas o evento normalmente \u00e9 realizado no \u00faltimo trimestre do ano.<\/span><\/p>\n<p><span style=\"font-weight: 400;\">Durante o congresso, jornalistas da regi\u00e3o t\u00eam a oportunidade de aprender sobre a metodologia das reportagens mais not\u00e1veis \u200b\u200bdo ano.<\/span><\/p>\n<p><span style=\"font-weight: 400;\">Tamb\u00e9m ser\u00e3o anunciados os vencedores do Pr\u00eamio Latino-Americano Javier Valdez de Jornalismo Investigativo, concurso internacional que recebe mais de 200 inscri\u00e7\u00f5es por ano. As inscri\u00e7\u00f5es abrem no meio do ano.<\/span><\/p>\n<h3><a href=\"https:\/\/congresso.abraji.org.br\/\"><span style=\"font-weight: 400;\">Congresso da Abraji<\/span><\/a><\/h3>\n<p><span style=\"font-weight: 400;\">A 20\u00aa edi\u00e7\u00e3o do Congresso Internacional de Jornalismo Investigativo da Abraji acontecer\u00e1 de 10 a 12 de julho.<\/span><\/p>\n<p><span style=\"font-weight: 400;\">Todas as atividades ser\u00e3o realizadas no Campus \u00c1lvaro Alvim da Escola Superior de Propaganda e Marketing em S\u00e3o Paulo. As inscri\u00e7\u00f5es e a venda de ingressos ainda n\u00e3o foram abertas.<\/span><\/p>\n<p><span style=\"font-weight: 400;\">As inscri\u00e7\u00f5es para propostas de temas, debates e convidados para esta edi\u00e7\u00e3o <\/span><a href=\"https:\/\/www.abraji.org.br\/noticias\/abraji-abre-chamada-de-sugestoes-para-a-20a-edicao-do-congresso\"><span style=\"font-weight: 400;\">est\u00e3o abertas<\/span><\/a><span style=\"font-weight: 400;\"> at\u00e9 17 de fevereiro<\/span><\/p>\n<p><span style=\"font-weight: 400;\">H\u00e1 sete anos, a Abraji realiza o Data Sunday, um dia ap\u00f3s o congresso, oferecendo workshops de jornalismo de dados e apresenta\u00e7\u00f5es sobre metodologias investigativas.<\/span><\/p>\n<p><span style=\"font-weight: 400;\">Os programas dos dois \u00faltimos congressos podem ser revistos <\/span><a href=\"https:\/\/congresso.abraji.org.br\/memorias-do-congresso\"><span style=\"font-weight: 400;\">aqui<\/span><\/a><span style=\"font-weight: 400;\">.<\/span><\/p>\n<h3><a href=\"https:\/\/premioggm.org\/\"><span style=\"font-weight: 400;\">Festival Gabo<\/span><\/a><\/h3>\n<p><span style=\"font-weight: 400;\">Pelo quarto ano consecutivo, Bogot\u00e1 ser\u00e1 a sede do Pr\u00eamio Gabo, um dos eventos jornal\u00edsticos mais significativos da regi\u00e3o. O evento acontecer\u00e1 de 25 a 27 de julho.<\/span><\/p>\n<p><span style=\"font-weight: 400;\">A Funda\u00e7\u00e3o Gabo, organizadora do festival, \u00e9 uma entidade criada pelo jornalista e ganhador do Pr\u00eamio Nobel Gabriel Garc\u00eda M\u00e1rquez em 1995. Desde 2013, durante o evento, entregam o Pr\u00eamio Gabo aos melhores trabalhos jornal\u00edsticos da regi\u00e3o.<\/span><\/p>\n<p><span style=\"font-weight: 400;\">Este ano, conforme explicado <\/span><a href=\"https:\/\/premioggm.org\/noticias\/2025\/01\/premio-gabo-2025-la-fundacion-gabo-abre-la-decimotercera-convocatoria-de-su-galardon-de-periodismo\/\"><span style=\"font-weight: 400;\">no edital<\/span><\/a><span style=\"font-weight: 400;\">, eles buscam hist\u00f3rias que \u201cn\u00e3o apenas exponham a injusti\u00e7a e o abuso, mas tamb\u00e9m exaltem a resili\u00eancia, a beleza e a humanidade que emergem mesmo nas piores circunst\u00e2ncias\u201d.<\/span><span style=\"font-weight: 400;\">Enquanto aguarda a chegada do evento, a Funda\u00e7\u00e3o Gabo publicou uma <\/span><a href=\"https:\/\/festivalgabo.com\/lo-mejor-del-festival-gabo-2024\/\"><span style=\"font-weight: 400;\">compila\u00e7\u00e3o de reportagens e grava\u00e7\u00f5es<\/span><\/a><span style=\"font-weight: 400;\"> em v\u00eddeo de mais de 20 palestras para relembrar o festival do ano passado.<\/span><\/p>\n","protected":false},"excerpt":{"rendered":"<p>De festivais que desenvolvem projetos comunit\u00e1rios em Cartagena a confer\u00eancias especializadas em pesquisa e checagem de fatos no Rio de Janeiro, a LJR lista alguns dos maiores eventos de 2025 para o jornalismo latino-americano<\/p>\n","protected":false},"author":36,"featured_media":108013,"comment_status":"closed","ping_status":"closed","sticky":false,"template":"","format":"standard","meta":{"inline_featured_image":false,"footnotes":""},"categories":[1353],"tags":[],"coauthors":[2745],"class_list":["post-109423","post","type-post","status-publish","format-standard","has-post-thumbnail","hentry","category-premios-e-oportunidades-pt-br"],"acf":[],"yoast_head":"<!-- This site is optimized with the Yoast SEO Premium plugin v22.6 (Yoast SEO v27.4) - https:\/\/yoast.com\/product\/yoast-seo-premium-wordpress\/ -->\n<title>11 eventos que jornalistas da Am\u00e9rica Latina n\u00e3o podem perder em 2025 - LatAm Journalism Review by the Knight Center<\/title>\n<meta name=\"description\" content=\"11 eventos que jornalistas da Am\u00e9rica Latina n\u00e3o podem perder em 2025 Pr\u00eamios e oportunidades. Latin American Journalism Review by The Knight Center at The University of Texas at Austin.\" \/>\n<meta name=\"robots\" content=\"index, follow, max-snippet:-1, max-image-preview:large, max-video-preview:-1\" \/>\n<link rel=\"canonical\" href=\"https:\/\/latamjournalismreview.org\/pt-br\/articles\/11-eventos-que-jornalistas-da-america-latina-nao-podem-perder-em-2025\/\" \/>\n<meta property=\"og:locale\" content=\"pt_BR\" \/>\n<meta property=\"og:type\" content=\"article\" \/>\n<meta property=\"og:title\" content=\"11 eventos que jornalistas da Am\u00e9rica Latina n\u00e3o podem perder em 2025\" \/>\n<meta property=\"og:description\" content=\"11 eventos que jornalistas da Am\u00e9rica Latina n\u00e3o podem perder em 2025 Pr\u00eamios e oportunidades. Latin American Journalism Review by The Knight Center at The University of Texas at Austin.\" \/>\n<meta property=\"og:url\" content=\"https:\/\/latamjournalismreview.org\/pt-br\/articles\/11-eventos-que-jornalistas-da-america-latina-nao-podem-perder-em-2025\/\" \/>\n<meta property=\"og:site_name\" content=\"LatAm Journalism Review by the Knight Center\" \/>\n<meta property=\"article:published_time\" content=\"2025-01-29T17:04:11+00:00\" \/>\n<meta property=\"article:modified_time\" content=\"2025-01-29T18:03:21+00:00\" \/>\n<meta property=\"og:image\" content=\"https:\/\/latamjournalismreview.org\/wp-content\/uploads\/2025\/01\/FEATUREDevents2025.png\" \/>\n\t<meta property=\"og:image:width\" content=\"507\" \/>\n\t<meta property=\"og:image:height\" content=\"340\" \/>\n\t<meta property=\"og:image:type\" content=\"image\/png\" \/>\n<meta name=\"author\" content=\"Katherine Pennacchio\" \/>\n<meta name=\"twitter:card\" content=\"summary_large_image\" \/>\n<meta name=\"twitter:creator\" content=\"@kathypennacchio\" \/>\n<meta name=\"twitter:site\" content=\"@LatAmJournalism\" \/>\n<meta name=\"twitter:label1\" content=\"Written by\" \/>\n\t<meta name=\"twitter:data1\" content=\"Katherine Pennacchio\" \/>\n\t<meta name=\"twitter:label2\" content=\"Est. reading time\" \/>\n\t<meta name=\"twitter:data2\" content=\"7 minutos\" \/>\n<script type=\"application\/ld+json\" class=\"yoast-schema-graph\">{\"@context\":\"https:\\\/\\\/schema.org\",\"@graph\":[{\"@type\":\"Article\",\"@id\":\"https:\\\/\\\/latamjournalismreview.org\\\/pt-br\\\/articles\\\/11-eventos-que-jornalistas-da-america-latina-nao-podem-perder-em-2025\\\/#article\",\"isPartOf\":{\"@id\":\"https:\\\/\\\/latamjournalismreview.org\\\/pt-br\\\/articles\\\/11-eventos-que-jornalistas-da-america-latina-nao-podem-perder-em-2025\\\/\"},\"author\":{\"name\":\"Katherine Pennacchio\",\"@id\":\"https:\\\/\\\/latamjournalismreview.org\\\/pt-br\\\/#\\\/schema\\\/person\\\/35fb0fc8541711528b3683cd6bf42190\"},\"headline\":\"11 eventos que jornalistas da Am\u00e9rica Latina n\u00e3o podem perder em 2025\",\"datePublished\":\"2025-01-29T17:04:11+00:00\",\"dateModified\":\"2025-01-29T18:03:21+00:00\",\"mainEntityOfPage\":{\"@id\":\"https:\\\/\\\/latamjournalismreview.org\\\/pt-br\\\/articles\\\/11-eventos-que-jornalistas-da-america-latina-nao-podem-perder-em-2025\\\/\"},\"wordCount\":1496,\"publisher\":{\"@id\":\"https:\\\/\\\/latamjournalismreview.org\\\/pt-br\\\/#organization\"},\"image\":{\"@id\":\"https:\\\/\\\/latamjournalismreview.org\\\/pt-br\\\/articles\\\/11-eventos-que-jornalistas-da-america-latina-nao-podem-perder-em-2025\\\/#primaryimage\"},\"thumbnailUrl\":\"https:\\\/\\\/latamjournalismreview.org\\\/wp-content\\\/uploads\\\/2025\\\/01\\\/FEATUREDevents2025.png\",\"articleSection\":[\"Pr\u00eamios e oportunidades\"],\"inLanguage\":\"pt-BR\"},{\"@type\":\"WebPage\",\"@id\":\"https:\\\/\\\/latamjournalismreview.org\\\/pt-br\\\/articles\\\/11-eventos-que-jornalistas-da-america-latina-nao-podem-perder-em-2025\\\/\",\"url\":\"https:\\\/\\\/latamjournalismreview.org\\\/pt-br\\\/articles\\\/11-eventos-que-jornalistas-da-america-latina-nao-podem-perder-em-2025\\\/\",\"name\":\"11 eventos que jornalistas da Am\u00e9rica Latina n\u00e3o podem perder em 2025 - LatAm Journalism Review by the Knight Center\",\"isPartOf\":{\"@id\":\"https:\\\/\\\/latamjournalismreview.org\\\/pt-br\\\/#website\"},\"primaryImageOfPage\":{\"@id\":\"https:\\\/\\\/latamjournalismreview.org\\\/pt-br\\\/articles\\\/11-eventos-que-jornalistas-da-america-latina-nao-podem-perder-em-2025\\\/#primaryimage\"},\"image\":{\"@id\":\"https:\\\/\\\/latamjournalismreview.org\\\/pt-br\\\/articles\\\/11-eventos-que-jornalistas-da-america-latina-nao-podem-perder-em-2025\\\/#primaryimage\"},\"thumbnailUrl\":\"https:\\\/\\\/latamjournalismreview.org\\\/wp-content\\\/uploads\\\/2025\\\/01\\\/FEATUREDevents2025.png\",\"datePublished\":\"2025-01-29T17:04:11+00:00\",\"dateModified\":\"2025-01-29T18:03:21+00:00\",\"description\":\"11 eventos que jornalistas da Am\u00e9rica Latina n\u00e3o podem perder em 2025 Pr\u00eamios e oportunidades. Latin American Journalism Review by The Knight Center at The University of Texas at Austin.\",\"breadcrumb\":{\"@id\":\"https:\\\/\\\/latamjournalismreview.org\\\/pt-br\\\/articles\\\/11-eventos-que-jornalistas-da-america-latina-nao-podem-perder-em-2025\\\/#breadcrumb\"},\"inLanguage\":\"pt-BR\",\"potentialAction\":[{\"@type\":\"ReadAction\",\"target\":[\"https:\\\/\\\/latamjournalismreview.org\\\/pt-br\\\/articles\\\/11-eventos-que-jornalistas-da-america-latina-nao-podem-perder-em-2025\\\/\"]}]},{\"@type\":\"ImageObject\",\"inLanguage\":\"pt-BR\",\"@id\":\"https:\\\/\\\/latamjournalismreview.org\\\/pt-br\\\/articles\\\/11-eventos-que-jornalistas-da-america-latina-nao-podem-perder-em-2025\\\/#primaryimage\",\"url\":\"https:\\\/\\\/latamjournalismreview.org\\\/wp-content\\\/uploads\\\/2025\\\/01\\\/FEATUREDevents2025.png\",\"contentUrl\":\"https:\\\/\\\/latamjournalismreview.org\\\/wp-content\\\/uploads\\\/2025\\\/01\\\/FEATUREDevents2025.png\",\"width\":507,\"height\":340,\"caption\":\"conference venue\"},{\"@type\":\"BreadcrumbList\",\"@id\":\"https:\\\/\\\/latamjournalismreview.org\\\/pt-br\\\/articles\\\/11-eventos-que-jornalistas-da-america-latina-nao-podem-perder-em-2025\\\/#breadcrumb\",\"itemListElement\":[{\"@type\":\"ListItem\",\"position\":1,\"name\":\"Home\",\"item\":\"https:\\\/\\\/latamjournalismreview.org\\\/pt-br\\\/\"},{\"@type\":\"ListItem\",\"position\":2,\"name\":\"11 eventos que jornalistas da Am\u00e9rica Latina n\u00e3o podem perder em 2025\"}]},{\"@type\":\"WebSite\",\"@id\":\"https:\\\/\\\/latamjournalismreview.org\\\/pt-br\\\/#website\",\"url\":\"https:\\\/\\\/latamjournalismreview.org\\\/pt-br\\\/\",\"name\":\"LatAm Journalism Review\",\"description\":\"Digital magazine on journalism in Latin America\",\"publisher\":{\"@id\":\"https:\\\/\\\/latamjournalismreview.org\\\/pt-br\\\/#organization\"},\"potentialAction\":[{\"@type\":\"SearchAction\",\"target\":{\"@type\":\"EntryPoint\",\"urlTemplate\":\"https:\\\/\\\/latamjournalismreview.org\\\/pt-br\\\/?s={search_term_string}\"},\"query-input\":{\"@type\":\"PropertyValueSpecification\",\"valueRequired\":true,\"valueName\":\"search_term_string\"}}],\"inLanguage\":\"pt-BR\"},{\"@type\":\"Organization\",\"@id\":\"https:\\\/\\\/latamjournalismreview.org\\\/pt-br\\\/#organization\",\"name\":\"LatAm Journalism Review\",\"url\":\"https:\\\/\\\/latamjournalismreview.org\\\/pt-br\\\/\",\"logo\":{\"@type\":\"ImageObject\",\"inLanguage\":\"pt-BR\",\"@id\":\"https:\\\/\\\/latamjournalismreview.org\\\/pt-br\\\/#\\\/schema\\\/logo\\\/image\\\/\",\"url\":\"https:\\\/\\\/latamjournalismreview.org\\\/wp-content\\\/uploads\\\/2020\\\/05\\\/knight-latAm-review-logo.svg\",\"contentUrl\":\"https:\\\/\\\/latamjournalismreview.org\\\/wp-content\\\/uploads\\\/2020\\\/05\\\/knight-latAm-review-logo.svg\",\"width\":\"1024\",\"height\":\"1024\",\"caption\":\"LatAm Journalism Review\"},\"image\":{\"@id\":\"https:\\\/\\\/latamjournalismreview.org\\\/pt-br\\\/#\\\/schema\\\/logo\\\/image\\\/\"},\"sameAs\":[\"https:\\\/\\\/x.com\\\/LatAmJournalism\"]},{\"@type\":\"Person\",\"@id\":\"https:\\\/\\\/latamjournalismreview.org\\\/pt-br\\\/#\\\/schema\\\/person\\\/35fb0fc8541711528b3683cd6bf42190\",\"name\":\"Katherine Pennacchio\",\"description\":\"Katherine Pennacchio is a Venezuelan journalist with a master's degree in Investigative, Data and Visualization Journalism from Unidad Editorial and the Rey Juan Carlos University of Madrid. Katherine is passionate about data analysis and currently works as a freelancer. ____ Katherine Pennacchio es una periodista venezolana con una maestr\u00eda en Periodismo de Investigaci\u00f3n, Datos y Visualizaci\u00f3n de la Unidad Editorial y la Universidad Rey Juan Carlos de Madrid. Katherine es una apasionada del an\u00e1lisis de datos y actualmente trabaja como independiente.\",\"sameAs\":[\"https:\\\/\\\/x.com\\\/kathypennacchio\"],\"url\":\"https:\\\/\\\/latamjournalismreview.org\\\/pt-br\\\/articles\\\/author\\\/katherine-pennacchio\\\/\"}]}<\/script>\n<!-- \/ Yoast SEO Premium plugin. -->","yoast_head_json":{"title":"11 eventos que jornalistas da Am\u00e9rica Latina n\u00e3o podem perder em 2025 - LatAm Journalism Review by the Knight Center","description":"11 eventos que jornalistas da Am\u00e9rica Latina n\u00e3o podem perder em 2025 Pr\u00eamios e oportunidades. Latin American Journalism Review by The Knight Center at The University of Texas at Austin.","robots":{"index":"index","follow":"follow","max-snippet":"max-snippet:-1","max-image-preview":"max-image-preview:large","max-video-preview":"max-video-preview:-1"},"canonical":"https:\/\/latamjournalismreview.org\/pt-br\/articles\/11-eventos-que-jornalistas-da-america-latina-nao-podem-perder-em-2025\/","og_locale":"pt_BR","og_type":"article","og_title":"11 eventos que jornalistas da Am\u00e9rica Latina n\u00e3o podem perder em 2025","og_description":"11 eventos que jornalistas da Am\u00e9rica Latina n\u00e3o podem perder em 2025 Pr\u00eamios e oportunidades. Latin American Journalism Review by The Knight Center at The University of Texas at Austin.","og_url":"https:\/\/latamjournalismreview.org\/pt-br\/articles\/11-eventos-que-jornalistas-da-america-latina-nao-podem-perder-em-2025\/","og_site_name":"LatAm Journalism Review by the Knight Center","article_published_time":"2025-01-29T17:04:11+00:00","article_modified_time":"2025-01-29T18:03:21+00:00","og_image":[{"width":507,"height":340,"url":"https:\/\/latamjournalismreview.org\/wp-content\/uploads\/2025\/01\/FEATUREDevents2025.png","type":"image\/png"}],"author":"Katherine Pennacchio","twitter_card":"summary_large_image","twitter_creator":"@kathypennacchio","twitter_site":"@LatAmJournalism","twitter_misc":{"Written by":"Katherine Pennacchio","Est. reading time":"7 minutos"},"schema":{"@context":"https:\/\/schema.org","@graph":[{"@type":"Article","@id":"https:\/\/latamjournalismreview.org\/pt-br\/articles\/11-eventos-que-jornalistas-da-america-latina-nao-podem-perder-em-2025\/#article","isPartOf":{"@id":"https:\/\/latamjournalismreview.org\/pt-br\/articles\/11-eventos-que-jornalistas-da-america-latina-nao-podem-perder-em-2025\/"},"author":{"name":"Katherine Pennacchio","@id":"https:\/\/latamjournalismreview.org\/pt-br\/#\/schema\/person\/35fb0fc8541711528b3683cd6bf42190"},"headline":"11 eventos que jornalistas da Am\u00e9rica Latina n\u00e3o podem perder em 2025","datePublished":"2025-01-29T17:04:11+00:00","dateModified":"2025-01-29T18:03:21+00:00","mainEntityOfPage":{"@id":"https:\/\/latamjournalismreview.org\/pt-br\/articles\/11-eventos-que-jornalistas-da-america-latina-nao-podem-perder-em-2025\/"},"wordCount":1496,"publisher":{"@id":"https:\/\/latamjournalismreview.org\/pt-br\/#organization"},"image":{"@id":"https:\/\/latamjournalismreview.org\/pt-br\/articles\/11-eventos-que-jornalistas-da-america-latina-nao-podem-perder-em-2025\/#primaryimage"},"thumbnailUrl":"https:\/\/latamjournalismreview.org\/wp-content\/uploads\/2025\/01\/FEATUREDevents2025.png","articleSection":["Pr\u00eamios e oportunidades"],"inLanguage":"pt-BR"},{"@type":"WebPage","@id":"https:\/\/latamjournalismreview.org\/pt-br\/articles\/11-eventos-que-jornalistas-da-america-latina-nao-podem-perder-em-2025\/","url":"https:\/\/latamjournalismreview.org\/pt-br\/articles\/11-eventos-que-jornalistas-da-america-latina-nao-podem-perder-em-2025\/","name":"11 eventos que jornalistas da Am\u00e9rica Latina n\u00e3o podem perder em 2025 - LatAm Journalism Review by the Knight Center","isPartOf":{"@id":"https:\/\/latamjournalismreview.org\/pt-br\/#website"},"primaryImageOfPage":{"@id":"https:\/\/latamjournalismreview.org\/pt-br\/articles\/11-eventos-que-jornalistas-da-america-latina-nao-podem-perder-em-2025\/#primaryimage"},"image":{"@id":"https:\/\/latamjournalismreview.org\/pt-br\/articles\/11-eventos-que-jornalistas-da-america-latina-nao-podem-perder-em-2025\/#primaryimage"},"thumbnailUrl":"https:\/\/latamjournalismreview.org\/wp-content\/uploads\/2025\/01\/FEATUREDevents2025.png","datePublished":"2025-01-29T17:04:11+00:00","dateModified":"2025-01-29T18:03:21+00:00","description":"11 eventos que jornalistas da Am\u00e9rica Latina n\u00e3o podem perder em 2025 Pr\u00eamios e oportunidades. Latin American Journalism Review by The Knight Center at The University of Texas at Austin.","breadcrumb":{"@id":"https:\/\/latamjournalismreview.org\/pt-br\/articles\/11-eventos-que-jornalistas-da-america-latina-nao-podem-perder-em-2025\/#breadcrumb"},"inLanguage":"pt-BR","potentialAction":[{"@type":"ReadAction","target":["https:\/\/latamjournalismreview.org\/pt-br\/articles\/11-eventos-que-jornalistas-da-america-latina-nao-podem-perder-em-2025\/"]}]},{"@type":"ImageObject","inLanguage":"pt-BR","@id":"https:\/\/latamjournalismreview.org\/pt-br\/articles\/11-eventos-que-jornalistas-da-america-latina-nao-podem-perder-em-2025\/#primaryimage","url":"https:\/\/latamjournalismreview.org\/wp-content\/uploads\/2025\/01\/FEATUREDevents2025.png","contentUrl":"https:\/\/latamjournalismreview.org\/wp-content\/uploads\/2025\/01\/FEATUREDevents2025.png","width":507,"height":340,"caption":"conference venue"},{"@type":"BreadcrumbList","@id":"https:\/\/latamjournalismreview.org\/pt-br\/articles\/11-eventos-que-jornalistas-da-america-latina-nao-podem-perder-em-2025\/#breadcrumb","itemListElement":[{"@type":"ListItem","position":1,"name":"Home","item":"https:\/\/latamjournalismreview.org\/pt-br\/"},{"@type":"ListItem","position":2,"name":"11 eventos que jornalistas da Am\u00e9rica Latina n\u00e3o podem perder em 2025"}]},{"@type":"WebSite","@id":"https:\/\/latamjournalismreview.org\/pt-br\/#website","url":"https:\/\/latamjournalismreview.org\/pt-br\/","name":"LatAm Journalism Review","description":"Digital magazine on journalism in Latin America","publisher":{"@id":"https:\/\/latamjournalismreview.org\/pt-br\/#organization"},"potentialAction":[{"@type":"SearchAction","target":{"@type":"EntryPoint","urlTemplate":"https:\/\/latamjournalismreview.org\/pt-br\/?s={search_term_string}"},"query-input":{"@type":"PropertyValueSpecification","valueRequired":true,"valueName":"search_term_string"}}],"inLanguage":"pt-BR"},{"@type":"Organization","@id":"https:\/\/latamjournalismreview.org\/pt-br\/#organization","name":"LatAm Journalism Review","url":"https:\/\/latamjournalismreview.org\/pt-br\/","logo":{"@type":"ImageObject","inLanguage":"pt-BR","@id":"https:\/\/latamjournalismreview.org\/pt-br\/#\/schema\/logo\/image\/","url":"https:\/\/latamjournalismreview.org\/wp-content\/uploads\/2020\/05\/knight-latAm-review-logo.svg","contentUrl":"https:\/\/latamjournalismreview.org\/wp-content\/uploads\/2020\/05\/knight-latAm-review-logo.svg","width":"1024","height":"1024","caption":"LatAm Journalism Review"},"image":{"@id":"https:\/\/latamjournalismreview.org\/pt-br\/#\/schema\/logo\/image\/"},"sameAs":["https:\/\/x.com\/LatAmJournalism"]},{"@type":"Person","@id":"https:\/\/latamjournalismreview.org\/pt-br\/#\/schema\/person\/35fb0fc8541711528b3683cd6bf42190","name":"Katherine Pennacchio","description":"Katherine Pennacchio is a Venezuelan journalist with a master's degree in Investigative, Data and Visualization Journalism from Unidad Editorial and the Rey Juan Carlos University of Madrid. Katherine is passionate about data analysis and currently works as a freelancer. ____ Katherine Pennacchio es una periodista venezolana con una maestr\u00eda en Periodismo de Investigaci\u00f3n, Datos y Visualizaci\u00f3n de la Unidad Editorial y la Universidad Rey Juan Carlos de Madrid. Katherine es una apasionada del an\u00e1lisis de datos y actualmente trabaja como independiente.","sameAs":["https:\/\/x.com\/kathypennacchio"],"url":"https:\/\/latamjournalismreview.org\/pt-br\/articles\/author\/katherine-pennacchio\/"}]}},"_links":{"self":[{"href":"https:\/\/latamjournalismreview.org\/pt-br\/wp-json\/wp\/v2\/posts\/109423","targetHints":{"allow":["GET"]}}],"collection":[{"href":"https:\/\/latamjournalismreview.org\/pt-br\/wp-json\/wp\/v2\/posts"}],"about":[{"href":"https:\/\/latamjournalismreview.org\/pt-br\/wp-json\/wp\/v2\/types\/post"}],"author":[{"embeddable":true,"href":"https:\/\/latamjournalismreview.org\/pt-br\/wp-json\/wp\/v2\/users\/36"}],"replies":[{"embeddable":true,"href":"https:\/\/latamjournalismreview.org\/pt-br\/wp-json\/wp\/v2\/comments?post=109423"}],"version-history":[{"count":4,"href":"https:\/\/latamjournalismreview.org\/pt-br\/wp-json\/wp\/v2\/posts\/109423\/revisions"}],"predecessor-version":[{"id":110029,"href":"https:\/\/latamjournalismreview.org\/pt-br\/wp-json\/wp\/v2\/posts\/109423\/revisions\/110029"}],"wp:featuredmedia":[{"embeddable":true,"href":"https:\/\/latamjournalismreview.org\/pt-br\/wp-json\/wp\/v2\/media\/108013"}],"wp:attachment":[{"href":"https:\/\/latamjournalismreview.org\/pt-br\/wp-json\/wp\/v2\/media?parent=109423"}],"wp:term":[{"taxonomy":"category","embeddable":true,"href":"https:\/\/latamjournalismreview.org\/pt-br\/wp-json\/wp\/v2\/categories?post=109423"},{"taxonomy":"post_tag","embeddable":true,"href":"https:\/\/latamjournalismreview.org\/pt-br\/wp-json\/wp\/v2\/tags?post=109423"},{"taxonomy":"author","embeddable":true,"href":"https:\/\/latamjournalismreview.org\/pt-br\/wp-json\/wp\/v2\/coauthors?post=109423"}],"curies":[{"name":"wp","href":"https:\/\/api.w.org\/{rel}","templated":true}]}}