{"id":118580,"date":"2025-02-28T06:40:48","date_gmt":"2025-02-28T12:40:48","guid":{"rendered":"https:\/\/latamjournalismreview.org\/?p=118580"},"modified":"2025-02-27T10:01:21","modified_gmt":"2025-02-27T16:01:21","slug":"a-gente-precisa-que-as-redacoes-deem-mais-espaco-para-a-ditadura-diz-juliana-dal-piva-autora-de-livro-sobre-o-assassinato-de-rubens-paiva","status":"publish","type":"post","link":"https:\/\/latamjournalismreview.org\/pt-br\/articles\/a-gente-precisa-que-as-redacoes-deem-mais-espaco-para-a-ditadura-diz-juliana-dal-piva-autora-de-livro-sobre-o-assassinato-de-rubens-paiva\/","title":{"rendered":"'A gente precisa que as reda\u00e7\u00f5es deem mais espa\u00e7o para a ditadura', diz Juliana Dal Piva, autora de livro sobre o assassinato de Rubens Paiva"},"content":{"rendered":"<div class=\"wp-block-image\"><img loading=\"lazy\" decoding=\"async\" class=\"wpa-warning wpa-long-alt size-medium wp-image-118585 alignright\" src=\"http:\/\/latamjournalismreview.org\/wp-content\/uploads\/2025\/02\/Cinco-Preguntas-PT-Juliana-Dal-Piva-300x201.png\" alt=\"Um gr\u00e1fico promocional para uma entrevista intitulada 'Cinco Perguntas para Juliana Dal Piva'. A imagem apresenta o t\u00edtulo no lado esquerdo, com um logotipo geom\u00e9trico, e uma fotografia de Juliana Dal Piva \u00e0 direita. Ela veste branco e sorri em frente a uma estante de livros.\" width=\"300\" height=\"201\" data-warning=\"Long alt text\" srcset=\"https:\/\/latamjournalismreview.org\/wp-content\/uploads\/2025\/02\/Cinco-Preguntas-PT-Juliana-Dal-Piva-300x201.png 300w, https:\/\/latamjournalismreview.org\/wp-content\/uploads\/2025\/02\/Cinco-Preguntas-PT-Juliana-Dal-Piva-350x234.png 350w, https:\/\/latamjournalismreview.org\/wp-content\/uploads\/2025\/02\/Cinco-Preguntas-PT-Juliana-Dal-Piva.png 507w\" sizes=\"auto, (max-width: 300px) 100vw, 300px\" \/><\/div>\n<p><span style=\"font-weight: 400;\">A luta por mem\u00f3ria, verdade e justi\u00e7a no Brasil ganhou novo f\u00f4lego com o sucesso e a indica\u00e7\u00e3o ao Oscar do filme \"Ainda Estou Aqui\", que conta a hist\u00f3ria de Eunice Paiva e sua incans\u00e1vel busca por respostas sobre o desaparecimento de seu marido, o ex-deputado Rubens Paiva, durante a ditadura militar. S\u00f3 que o tema j\u00e1 faz parte da vida da rep\u00f3rter Juliana Dal Piva h\u00e1 mais de uma d\u00e9cada, quando ela come\u00e7ou a pesquisar o caso para a sua disserta\u00e7\u00e3o de mestrado. Agora, a pesquisa foi adaptada e transformada no livro \u201cCrime sem castigo: como os militares mataram Rubens Paiva\u201d (Matrix), lan\u00e7ado esse m\u00eas.\u00a0<\/span><\/p>\n<p><span style=\"font-weight: 400;\">Diferente do filme, que mostra a luta de Eunice por justi\u00e7a, o livro passa um pente fino no desaparecimento, na tortura e na execu\u00e7\u00e3o do ex-deputado federal atrav\u00e9s da pesquisa feita por Dal Piva. A obra traz apura\u00e7\u00e3o e entrevistas da jornalista, al\u00e9m da an\u00e1lise de milhares de documentos, reportagens, entrevistas e depoimentos para reconstruir a hist\u00f3ria do crime. A ditadura militar e a cobertura de mortos e desaparecidos neste per\u00edodo nortearam a carreira de Dal Piva desde os tempos da faculdade e, como ela disse em entrevista \u00e0 <\/span><b>LatAm Journalism Review (LJR)<\/b><span style=\"font-weight: 400;\">, acompanhar e investigar militares acabou levando-a \u00e0 cobertura sobre o ex-presidente Jair Bolsonaro, <\/span><a href=\"https:\/\/latamjournalismreview.org\/pt-br\/articles\/seguranca-e-maior-desafio-para-jornalistas-brasileiros-neste-ano-diz-juliana-dal-piva-reporter-que-investiga-escandalos-da-familia-bolsonaro\/\"><span style=\"font-weight: 400;\">sobre quem ela tamb\u00e9m j\u00e1 escreveu um livro<\/span><\/a><span style=\"font-weight: 400;\">.\u00a0\u00a0<\/span><\/p>\n<p><span style=\"font-weight: 400;\">Dal Piva ressalta tamb\u00e9m a necessidade das reda\u00e7\u00f5es darem a devida import\u00e2ncia para a cobertura sobre a Ditadura Militar no Brasil. Ela disse que por muitos anos foi dif\u00edcil sensibilizar as chefias sobre o tema, que era considerado algo \u201cmenos importante\u201d e que \u201cj\u00e1 tinha passado\u201d.<\/span><\/p>\n<p><span style=\"font-weight: 400;\">\u201cA gente foi obrigado a ver nos \u00faltimos anos sobretudo que democracia n\u00e3o \u00e9 uma coisa dada. Um caminho de destrui\u00e7\u00e3o [da democracia] \u00e9 o esquecimento, que \u00e9 muito como esse tema foi tratado. Como se essas pautas fossem das fam\u00edlias e essa \u00e9 uma causa da sociedade brasileira\u201d, disse Dal Piva. \u201cMe perguntam muito se eu tenho parente envolvido e eu n\u00e3o tenho. Sou simplesmente uma cidad\u00e3 brasileira, jornalista, que tem no\u00e7\u00f5es de direitos humanos b\u00e1sicas at\u00e9, mas tamb\u00e9m empatia. N\u00e3o estamos cobrando nada al\u00e9m do cumprimento da constitui\u00e7\u00e3o brasileira.\u201d<\/span><\/p>\n<p><span style=\"font-weight: 400;\">Como parte da s\u00e9rie 5 perguntas, <\/span><b>LJR <\/b><span style=\"font-weight: 400;\">conversou com Dal Piva sobre o processo de apura\u00e7\u00e3o e adapta\u00e7\u00e3o do mestrado em livro, o relacionamento com fontes militares e a import\u00e2ncia da cobertura jornal\u00edstica sobre o tema no Brasil. A entrevista foi editada para maior concis\u00e3o e clareza.<\/span><b><\/b><\/p>\n<p><b>1. Como foi o processo de apura\u00e7\u00e3o para o livro?\u00a0<\/b><\/p>\n<p><span style=\"font-weight: 400;\">\u00c9 a minha disserta\u00e7\u00e3o de mestrado adaptada, mas eu n\u00e3o consigo fazer essa pesquisa sem o meu trabalho como rep\u00f3rter. Eu j\u00e1 estudava o tema desde a \u00e9poca que eu estava na faculdade. Desde l\u00e1, comecei a montar uma biblioteca. N\u00e3o quero fazer uma ode ao excesso de trabalho, mas n\u00e3o d\u00e1 para voc\u00ea cobrir uma \u00e1rea que j\u00e1 tinha quase 50 anos de hist\u00f3ria sem ter um conhecimento aprofundado. Eu me inseri estudando livros, reportagens, biografias, relat\u00f3rios da Comiss\u00e3o Especial de Mortos e Desaparecidos. Comecei a frequentar eventos de discuss\u00e3o desse tema, por conta pr\u00f3pria, nos meus intervalos, quando dava para encaixar uma pauta aqui e ali dentro do assunto. Se aprofundar nesse tema \u00e9 um trabalho de paci\u00eancia e persist\u00eancia, porque envolve cruzar informa\u00e7\u00f5es entre documentos, testemunhas e v\u00edtimas para montar um quebra-cabe\u00e7a com muitas pe\u00e7as faltando. Muita gente j\u00e1 morreu, muitos documentos foram destru\u00eddos e muita gente n\u00e3o quer colaborar. Mas foi fundamental para mim ter estudado em Buenos Aires e depois no Centro de Pesquisa e Documenta\u00e7\u00e3o de Hist\u00f3ria Contempor\u00e2nea do Brasil (CPDOC) da Funda\u00e7\u00e3o Get\u00falio Vargas (FGV), onde pude expandir minha vis\u00e3o sobre apura\u00e7\u00e3o e investiga\u00e7\u00e3o, entendendo melhor como os arquivos e documentos funcionam. A gente n\u00e3o faz jornalismo sobre jornalismo, ent\u00e3o a conviv\u00eancia com profissionais de outras \u00e1reas de pesquisa tamb\u00e9m foi importante para enriquecer meu olhar. Tudo isso foi essencial para a constru\u00e7\u00e3o do livro.<\/span><b><\/b><\/p>\n<p><b>2. Qual foi o maior desafio durante a apura\u00e7\u00e3o?\u00a0<\/b><\/p>\n<p><span style=\"font-weight: 400;\">Como rep\u00f3rter, eu n\u00e3o tenho como fugir de dizer que foi entrevistar Paulo Malh\u00e3es [coronel reformado do Ex\u00e9rcito, que revelou \u00e0 Comiss\u00e3o da Verdade que o <\/span><a href=\"https:\/\/g1.globo.com\/rio-de-janeiro\/noticia\/2014\/05\/justica-recebe-denuncia-contra-cinco-militares-pela-morte-de-rubens-paiva.html\"><span style=\"font-weight: 400;\">corpo de Rubens Paiva foi jogado em um rio<\/span><\/a><span style=\"font-weight: 400;\">]. Foi uma das entrevistas mais dif\u00edceis que eu j\u00e1 fiz na minha vida. \u00c9 uma coisa que talvez muitos profissionais nunca fazem: entrevistar uma pessoa que foi treinada e se especializou em ser um torturador. Num primeiro momento fui junto com o Chico Ot\u00e1vio [rep\u00f3rter] e, alguns anos depois, sozinha. Eu tentei de todas as maneiras poss\u00edveis me preparar para esse momento de ouvi-lo sem me deixar ludibriar, enganar. Ele me testava ao longo da entrevista com perguntas e coment\u00e1rios sobre como tinha torturado mulheres e coisas assim, quase como se me provocasse para ver se eu sa\u00eda do meu papel de rep\u00f3rter. Ao mesmo tempo, eu sabia que o mais importante ali era colher o depoimento dele com a maior quantidade de detalhes poss\u00edvel para que eu pudesse proceder \u00e0 investiga\u00e7\u00e3o, contrastar com outros depoimentos, documentos.\u00a0<\/span><\/p>\n<p><b>3. Como era o relacionamento com essas fontes da c\u00fapula militar?\u00a0<\/b><\/p>\n<p><span style=\"font-weight: 400;\">O machismo sempre esteve ali. A desqualifica\u00e7\u00e3o pela minha idade e por ser mulher era constante. Mas eu estudava muito para evitar cair nessas armadilhas. Eles me tratavam como se eu fosse uma menininha que ia acreditar em qualquer hist\u00f3ria. Eu me blindei com conhecimento, estudando muito eles para me posicionar diante das situa\u00e7\u00f5es. Sabia os c\u00f3digos deles, o modo como falavam, as refer\u00eancias que tinham, o vocabul\u00e1rio, o linguajar, para que eles entendessem que n\u00e3o estavam lidando com algu\u00e9m que n\u00e3o sabia o que estava fazendo. Tamb\u00e9m fui sempre muito transparente sobre o que estava apurando e como. E assim fui construindo um espa\u00e7o dentro dessa cobertura extremamente dif\u00edcil.<\/span><\/p>\n<p><b>4. Qual a import\u00e2ncia do jornalismo para o caso do Rubens Paiva e para outras v\u00edtimas da ditadura?<\/b><\/p>\n<p><span style=\"font-weight: 400;\">Foi um ponto fundamental. O jornalismo muitas vezes cumpriu um papel que era das autoridades. Quem sumia com as pessoas, a viol\u00eancia, era feita pelos agentes de seguran\u00e7a que, na pr\u00e1tica, seriam os respons\u00e1veis por apurar os crimes de desaparecimento. Ent\u00e3o, s\u00e3o rep\u00f3rteres que foram investigar e est\u00e3o dispostos a investigar. No caso do Rubens, isso foi muito claro, sempre em parceria e com a ajuda da Eunice Paiva. Eu contei a hist\u00f3ria de algumas reportagens no livro porque foram elas que permitiram montar as pe\u00e7as do quebra-cabe\u00e7a. Jornalismo investigativo, muitas vezes \u00e9 confundido com jornalismo que acompanha a investiga\u00e7\u00e3o e transcreve documentos. Jornalismo investigativo \u00e9 como se tivesse uma parede. Voc\u00ea bota uns tijolinhos ali junto com os tijolos que existem da investiga\u00e7\u00e3o oficial. N\u00e3o \u00e9 simplesmente contar sobre os tijolos que est\u00e3o na parede. Esses trabalhos fazem esse papel e foram fundamentais sem nenhuma d\u00favida.<\/span><\/p>\n<p><b>5. Como o jornalismo ainda pode contribuir para que mais hist\u00f3rias da ditadura sejam descobertas?<\/b><\/p>\n<p><span style=\"font-weight: 400;\">A gente precisa que as reda\u00e7\u00f5es deem mais espa\u00e7o para o tema. Uma dificuldade grande foi a falta de espa\u00e7o na imprensa depois da Comiss\u00e3o Nacional da Verdade. Eu tive muita dificuldade para fazer trabalhos de investiga\u00e7\u00e3o sobre esse tema em praticamente todos os lugares onde eu trabalhei desde 2014. A gente entrou numa espiral de Lava-Jato, depois a ascens\u00e3o da extrema-direita, o governo Bolsonaro e v\u00e1rias outras quest\u00f5es. As condi\u00e7\u00f5es de trabalho tamb\u00e9m ficaram dif\u00edceis, as reda\u00e7\u00f5es passaram por um processo de crise grande. Mas a verdade \u00e9 que n\u00e3o foi dada a import\u00e2ncia que esse tema tem. Ter um trabalho permanente sobre isso e abrir espa\u00e7o para que os rep\u00f3rteres possam voltar a fazer investiga\u00e7\u00e3o sobre esse tema \u00e9 fundamental. N\u00e3o d\u00e1 para ser s\u00f3 uma iniciativa nossa. Eu fiz todas as [reportagens] que eu consegui, mas no meio disso tinha muita press\u00e3o para cobrir outras coisas. Ent\u00e3o o meu sonho, desejo, do fundo do meu cora\u00e7\u00e3o, \u00e9 que v\u00e1 al\u00e9m do Oscar. Porque \u00e9 isso, o filme j\u00e1 movimentou o Supremo para que finalmente os crimes contra a humanidade sejam reconhecidos. Se movimentar a imprensa para n\u00e3o parar no caso do Rubens Paiva e a gente conseguir fazer outros trabalhos, voltar a investigar o caso de mortos e desaparecidos, ver quais torturadores ainda est\u00e3o vivos, que casos ainda podem ser processados\u2026 Tem um universo de coisas para ser apurado. Mas \u00e9 um espa\u00e7o que tamb\u00e9m depende da reflex\u00e3o e empatia dos editores, que voltem a dar espa\u00e7o e a pautar esses casos.\u00a0<\/span><\/p>\n","protected":false},"excerpt":{"rendered":"<p>\u201cCrime sem castigo: como os militares mataram Rubens Paiva\" \u00e9 resultado de anos de pesquisa e apura\u00e7\u00e3o jornal\u00edstica e reconstr\u00f3i os eventos que levaram \u00e0 morte de Paiva. A autora defende a import\u00e2ncia da mem\u00f3ria e da investiga\u00e7\u00e3o jornal\u00edstica para a compreens\u00e3o desse per\u00edodo sombrio da hist\u00f3ria brasileira.<\/p>\n","protected":false},"author":71,"featured_media":118585,"comment_status":"closed","ping_status":"closed","sticky":false,"template":"","format":"standard","meta":{"inline_featured_image":false,"footnotes":""},"categories":[2382],"tags":[2861,2050,2051,1593],"coauthors":[2856],"class_list":["post-118580","post","type-post","status-publish","format-standard","has-post-thumbnail","hentry","category-5-perguntas","tag-brasil-pt-br","tag-censura-pt-br","tag-liberdade-de-expressao-pt-br","tag-jornalismo-online-pt-br"],"acf":[],"yoast_head":"<!-- This site is optimized with the Yoast SEO Premium plugin v22.6 (Yoast SEO v27.4) - https:\/\/yoast.com\/product\/yoast-seo-premium-wordpress\/ -->\n<title>&#039;A gente precisa que as reda\u00e7\u00f5es deem mais espa\u00e7o para a ditadura&#039;, diz Juliana Dal Piva, autora de livro sobre o assassinato de Rubens Paiva - LatAm Journalism Review by the Knight Center<\/title>\n<meta name=\"description\" content=\"&#039;A gente precisa que as reda\u00e7\u00f5es deem mais espa\u00e7o para a ditadura&#039;, diz Juliana Dal Piva, autora de livro sobre o assassinato de Rubens Paiva 5 Perguntas. Latin American Journalism Review by The Knight Center at The University of Texas at Austin.\" \/>\n<meta name=\"robots\" content=\"index, follow, max-snippet:-1, max-image-preview:large, max-video-preview:-1\" \/>\n<link rel=\"canonical\" href=\"https:\/\/latamjournalismreview.org\/pt-br\/articles\/a-gente-precisa-que-as-redacoes-deem-mais-espaco-para-a-ditadura-diz-juliana-dal-piva-autora-de-livro-sobre-o-assassinato-de-rubens-paiva\/\" \/>\n<meta property=\"og:locale\" content=\"pt_BR\" \/>\n<meta property=\"og:type\" content=\"article\" \/>\n<meta property=\"og:title\" content=\"&#039;A gente precisa que as reda\u00e7\u00f5es deem mais espa\u00e7o para a ditadura&#039;, diz Juliana Dal Piva, autora de livro sobre o assassinato de Rubens Paiva\" \/>\n<meta property=\"og:description\" content=\"&#039;A gente precisa que as reda\u00e7\u00f5es deem mais espa\u00e7o para a ditadura&#039;, diz Juliana Dal Piva, autora de livro sobre o assassinato de Rubens Paiva 5 Perguntas. Latin American Journalism Review by The Knight Center at The University of Texas at Austin.\" \/>\n<meta property=\"og:url\" content=\"https:\/\/latamjournalismreview.org\/pt-br\/articles\/a-gente-precisa-que-as-redacoes-deem-mais-espaco-para-a-ditadura-diz-juliana-dal-piva-autora-de-livro-sobre-o-assassinato-de-rubens-paiva\/\" \/>\n<meta property=\"og:site_name\" content=\"LatAm Journalism Review by the Knight Center\" \/>\n<meta property=\"article:published_time\" content=\"2025-02-28T12:40:48+00:00\" \/>\n<meta property=\"og:image\" content=\"http:\/\/latamjournalismreview.org\/wp-content\/uploads\/2025\/02\/Cinco-Preguntas-PT-Juliana-Dal-Piva.png\" \/>\n\t<meta property=\"og:image:width\" content=\"507\" \/>\n\t<meta property=\"og:image:height\" content=\"340\" \/>\n\t<meta property=\"og:image:type\" content=\"image\/png\" \/>\n<meta name=\"author\" content=\"Marta Szpacenkopf\" \/>\n<meta name=\"twitter:card\" content=\"summary_large_image\" \/>\n<meta name=\"twitter:creator\" content=\"@LatAmJournalism\" \/>\n<meta name=\"twitter:site\" content=\"@LatAmJournalism\" \/>\n<meta name=\"twitter:label1\" content=\"Written by\" \/>\n\t<meta name=\"twitter:data1\" content=\"Marta Szpacenkopf\" \/>\n\t<meta name=\"twitter:label2\" content=\"Est. reading time\" \/>\n\t<meta name=\"twitter:data2\" content=\"7 minutos\" \/>\n<script type=\"application\/ld+json\" class=\"yoast-schema-graph\">{\"@context\":\"https:\\\/\\\/schema.org\",\"@graph\":[{\"@type\":\"Article\",\"@id\":\"https:\\\/\\\/latamjournalismreview.org\\\/pt-br\\\/articles\\\/a-gente-precisa-que-as-redacoes-deem-mais-espaco-para-a-ditadura-diz-juliana-dal-piva-autora-de-livro-sobre-o-assassinato-de-rubens-paiva\\\/#article\",\"isPartOf\":{\"@id\":\"https:\\\/\\\/latamjournalismreview.org\\\/pt-br\\\/articles\\\/a-gente-precisa-que-as-redacoes-deem-mais-espaco-para-a-ditadura-diz-juliana-dal-piva-autora-de-livro-sobre-o-assassinato-de-rubens-paiva\\\/\"},\"author\":{\"name\":\"Marta Szpacenkopf\",\"@id\":\"https:\\\/\\\/latamjournalismreview.org\\\/pt-br\\\/#\\\/schema\\\/person\\\/157ecb69b9dea7b2feede60b43e2f0ae\"},\"headline\":\"'A gente precisa que as reda\u00e7\u00f5es deem mais espa\u00e7o para a ditadura', diz Juliana Dal Piva, autora de livro sobre o assassinato de Rubens Paiva\",\"datePublished\":\"2025-02-28T12:40:48+00:00\",\"mainEntityOfPage\":{\"@id\":\"https:\\\/\\\/latamjournalismreview.org\\\/pt-br\\\/articles\\\/a-gente-precisa-que-as-redacoes-deem-mais-espaco-para-a-ditadura-diz-juliana-dal-piva-autora-de-livro-sobre-o-assassinato-de-rubens-paiva\\\/\"},\"wordCount\":1531,\"publisher\":{\"@id\":\"https:\\\/\\\/latamjournalismreview.org\\\/pt-br\\\/#organization\"},\"image\":{\"@id\":\"https:\\\/\\\/latamjournalismreview.org\\\/pt-br\\\/articles\\\/a-gente-precisa-que-as-redacoes-deem-mais-espaco-para-a-ditadura-diz-juliana-dal-piva-autora-de-livro-sobre-o-assassinato-de-rubens-paiva\\\/#primaryimage\"},\"thumbnailUrl\":\"https:\\\/\\\/latamjournalismreview.org\\\/wp-content\\\/uploads\\\/2025\\\/02\\\/Cinco-Preguntas-PT-Juliana-Dal-Piva.png\",\"keywords\":[\"Brasil\",\"Censura\",\"Liberdade de express\u00e3o\",\"Jornalismo online\"],\"articleSection\":[\"5 Perguntas\"],\"inLanguage\":\"pt-BR\"},{\"@type\":\"WebPage\",\"@id\":\"https:\\\/\\\/latamjournalismreview.org\\\/pt-br\\\/articles\\\/a-gente-precisa-que-as-redacoes-deem-mais-espaco-para-a-ditadura-diz-juliana-dal-piva-autora-de-livro-sobre-o-assassinato-de-rubens-paiva\\\/\",\"url\":\"https:\\\/\\\/latamjournalismreview.org\\\/pt-br\\\/articles\\\/a-gente-precisa-que-as-redacoes-deem-mais-espaco-para-a-ditadura-diz-juliana-dal-piva-autora-de-livro-sobre-o-assassinato-de-rubens-paiva\\\/\",\"name\":\"'A gente precisa que as reda\u00e7\u00f5es deem mais espa\u00e7o para a ditadura', diz Juliana Dal Piva, autora de livro sobre o assassinato de Rubens Paiva - LatAm Journalism Review by the Knight Center\",\"isPartOf\":{\"@id\":\"https:\\\/\\\/latamjournalismreview.org\\\/pt-br\\\/#website\"},\"primaryImageOfPage\":{\"@id\":\"https:\\\/\\\/latamjournalismreview.org\\\/pt-br\\\/articles\\\/a-gente-precisa-que-as-redacoes-deem-mais-espaco-para-a-ditadura-diz-juliana-dal-piva-autora-de-livro-sobre-o-assassinato-de-rubens-paiva\\\/#primaryimage\"},\"image\":{\"@id\":\"https:\\\/\\\/latamjournalismreview.org\\\/pt-br\\\/articles\\\/a-gente-precisa-que-as-redacoes-deem-mais-espaco-para-a-ditadura-diz-juliana-dal-piva-autora-de-livro-sobre-o-assassinato-de-rubens-paiva\\\/#primaryimage\"},\"thumbnailUrl\":\"https:\\\/\\\/latamjournalismreview.org\\\/wp-content\\\/uploads\\\/2025\\\/02\\\/Cinco-Preguntas-PT-Juliana-Dal-Piva.png\",\"datePublished\":\"2025-02-28T12:40:48+00:00\",\"description\":\"'A gente precisa que as reda\u00e7\u00f5es deem mais espa\u00e7o para a ditadura', diz Juliana Dal Piva, autora de livro sobre o assassinato de Rubens Paiva 5 Perguntas. Latin American Journalism Review by The Knight Center at The University of Texas at Austin.\",\"breadcrumb\":{\"@id\":\"https:\\\/\\\/latamjournalismreview.org\\\/pt-br\\\/articles\\\/a-gente-precisa-que-as-redacoes-deem-mais-espaco-para-a-ditadura-diz-juliana-dal-piva-autora-de-livro-sobre-o-assassinato-de-rubens-paiva\\\/#breadcrumb\"},\"inLanguage\":\"pt-BR\",\"potentialAction\":[{\"@type\":\"ReadAction\",\"target\":[\"https:\\\/\\\/latamjournalismreview.org\\\/pt-br\\\/articles\\\/a-gente-precisa-que-as-redacoes-deem-mais-espaco-para-a-ditadura-diz-juliana-dal-piva-autora-de-livro-sobre-o-assassinato-de-rubens-paiva\\\/\"]}]},{\"@type\":\"ImageObject\",\"inLanguage\":\"pt-BR\",\"@id\":\"https:\\\/\\\/latamjournalismreview.org\\\/pt-br\\\/articles\\\/a-gente-precisa-que-as-redacoes-deem-mais-espaco-para-a-ditadura-diz-juliana-dal-piva-autora-de-livro-sobre-o-assassinato-de-rubens-paiva\\\/#primaryimage\",\"url\":\"https:\\\/\\\/latamjournalismreview.org\\\/wp-content\\\/uploads\\\/2025\\\/02\\\/Cinco-Preguntas-PT-Juliana-Dal-Piva.png\",\"contentUrl\":\"https:\\\/\\\/latamjournalismreview.org\\\/wp-content\\\/uploads\\\/2025\\\/02\\\/Cinco-Preguntas-PT-Juliana-Dal-Piva.png\",\"width\":507,\"height\":340,\"caption\":\"Um gr\u00e1fico promocional para uma entrevista intitulada 'Cinco Perguntas para Juliana Dal Piva'. A imagem apresenta o t\u00edtulo no lado esquerdo, com um logotipo geom\u00e9trico, e uma fotografia de Juliana Dal Piva \u00e0 direita. Ela veste branco e sorri em frente a uma estante de livros.\"},{\"@type\":\"BreadcrumbList\",\"@id\":\"https:\\\/\\\/latamjournalismreview.org\\\/pt-br\\\/articles\\\/a-gente-precisa-que-as-redacoes-deem-mais-espaco-para-a-ditadura-diz-juliana-dal-piva-autora-de-livro-sobre-o-assassinato-de-rubens-paiva\\\/#breadcrumb\",\"itemListElement\":[{\"@type\":\"ListItem\",\"position\":1,\"name\":\"Home\",\"item\":\"https:\\\/\\\/latamjournalismreview.org\\\/pt-br\\\/\"},{\"@type\":\"ListItem\",\"position\":2,\"name\":\"'A gente precisa que as reda\u00e7\u00f5es deem mais espa\u00e7o para a ditadura', diz Juliana Dal Piva, autora de livro sobre o assassinato de Rubens Paiva\"}]},{\"@type\":\"WebSite\",\"@id\":\"https:\\\/\\\/latamjournalismreview.org\\\/pt-br\\\/#website\",\"url\":\"https:\\\/\\\/latamjournalismreview.org\\\/pt-br\\\/\",\"name\":\"LatAm Journalism Review\",\"description\":\"Digital magazine on journalism in Latin America\",\"publisher\":{\"@id\":\"https:\\\/\\\/latamjournalismreview.org\\\/pt-br\\\/#organization\"},\"potentialAction\":[{\"@type\":\"SearchAction\",\"target\":{\"@type\":\"EntryPoint\",\"urlTemplate\":\"https:\\\/\\\/latamjournalismreview.org\\\/pt-br\\\/?s={search_term_string}\"},\"query-input\":{\"@type\":\"PropertyValueSpecification\",\"valueRequired\":true,\"valueName\":\"search_term_string\"}}],\"inLanguage\":\"pt-BR\"},{\"@type\":\"Organization\",\"@id\":\"https:\\\/\\\/latamjournalismreview.org\\\/pt-br\\\/#organization\",\"name\":\"LatAm Journalism Review\",\"url\":\"https:\\\/\\\/latamjournalismreview.org\\\/pt-br\\\/\",\"logo\":{\"@type\":\"ImageObject\",\"inLanguage\":\"pt-BR\",\"@id\":\"https:\\\/\\\/latamjournalismreview.org\\\/pt-br\\\/#\\\/schema\\\/logo\\\/image\\\/\",\"url\":\"https:\\\/\\\/latamjournalismreview.org\\\/wp-content\\\/uploads\\\/2020\\\/05\\\/knight-latAm-review-logo.svg\",\"contentUrl\":\"https:\\\/\\\/latamjournalismreview.org\\\/wp-content\\\/uploads\\\/2020\\\/05\\\/knight-latAm-review-logo.svg\",\"width\":\"1024\",\"height\":\"1024\",\"caption\":\"LatAm Journalism Review\"},\"image\":{\"@id\":\"https:\\\/\\\/latamjournalismreview.org\\\/pt-br\\\/#\\\/schema\\\/logo\\\/image\\\/\"},\"sameAs\":[\"https:\\\/\\\/x.com\\\/LatAmJournalism\"]},{\"@type\":\"Person\",\"@id\":\"https:\\\/\\\/latamjournalismreview.org\\\/pt-br\\\/#\\\/schema\\\/person\\\/157ecb69b9dea7b2feede60b43e2f0ae\",\"name\":\"Marta Szpacenkopf\",\"url\":\"https:\\\/\\\/latamjournalismreview.org\\\/pt-br\\\/articles\\\/author\\\/marta-szpacenkopf\\\/\"}]}<\/script>\n<!-- \/ Yoast SEO Premium plugin. -->","yoast_head_json":{"title":"'A gente precisa que as reda\u00e7\u00f5es deem mais espa\u00e7o para a ditadura', diz Juliana Dal Piva, autora de livro sobre o assassinato de Rubens Paiva - LatAm Journalism Review by the Knight Center","description":"'A gente precisa que as reda\u00e7\u00f5es deem mais espa\u00e7o para a ditadura', diz Juliana Dal Piva, autora de livro sobre o assassinato de Rubens Paiva 5 Perguntas. Latin American Journalism Review by The Knight Center at The University of Texas at Austin.","robots":{"index":"index","follow":"follow","max-snippet":"max-snippet:-1","max-image-preview":"max-image-preview:large","max-video-preview":"max-video-preview:-1"},"canonical":"https:\/\/latamjournalismreview.org\/pt-br\/articles\/a-gente-precisa-que-as-redacoes-deem-mais-espaco-para-a-ditadura-diz-juliana-dal-piva-autora-de-livro-sobre-o-assassinato-de-rubens-paiva\/","og_locale":"pt_BR","og_type":"article","og_title":"'A gente precisa que as reda\u00e7\u00f5es deem mais espa\u00e7o para a ditadura', diz Juliana Dal Piva, autora de livro sobre o assassinato de Rubens Paiva","og_description":"'A gente precisa que as reda\u00e7\u00f5es deem mais espa\u00e7o para a ditadura', diz Juliana Dal Piva, autora de livro sobre o assassinato de Rubens Paiva 5 Perguntas. Latin American Journalism Review by The Knight Center at The University of Texas at Austin.","og_url":"https:\/\/latamjournalismreview.org\/pt-br\/articles\/a-gente-precisa-que-as-redacoes-deem-mais-espaco-para-a-ditadura-diz-juliana-dal-piva-autora-de-livro-sobre-o-assassinato-de-rubens-paiva\/","og_site_name":"LatAm Journalism Review by the Knight Center","article_published_time":"2025-02-28T12:40:48+00:00","og_image":[{"width":507,"height":340,"url":"http:\/\/latamjournalismreview.org\/wp-content\/uploads\/2025\/02\/Cinco-Preguntas-PT-Juliana-Dal-Piva.png","type":"image\/png"}],"author":"Marta Szpacenkopf","twitter_card":"summary_large_image","twitter_creator":"@LatAmJournalism","twitter_site":"@LatAmJournalism","twitter_misc":{"Written by":"Marta Szpacenkopf","Est. reading time":"7 minutos"},"schema":{"@context":"https:\/\/schema.org","@graph":[{"@type":"Article","@id":"https:\/\/latamjournalismreview.org\/pt-br\/articles\/a-gente-precisa-que-as-redacoes-deem-mais-espaco-para-a-ditadura-diz-juliana-dal-piva-autora-de-livro-sobre-o-assassinato-de-rubens-paiva\/#article","isPartOf":{"@id":"https:\/\/latamjournalismreview.org\/pt-br\/articles\/a-gente-precisa-que-as-redacoes-deem-mais-espaco-para-a-ditadura-diz-juliana-dal-piva-autora-de-livro-sobre-o-assassinato-de-rubens-paiva\/"},"author":{"name":"Marta Szpacenkopf","@id":"https:\/\/latamjournalismreview.org\/pt-br\/#\/schema\/person\/157ecb69b9dea7b2feede60b43e2f0ae"},"headline":"'A gente precisa que as reda\u00e7\u00f5es deem mais espa\u00e7o para a ditadura', diz Juliana Dal Piva, autora de livro sobre o assassinato de Rubens Paiva","datePublished":"2025-02-28T12:40:48+00:00","mainEntityOfPage":{"@id":"https:\/\/latamjournalismreview.org\/pt-br\/articles\/a-gente-precisa-que-as-redacoes-deem-mais-espaco-para-a-ditadura-diz-juliana-dal-piva-autora-de-livro-sobre-o-assassinato-de-rubens-paiva\/"},"wordCount":1531,"publisher":{"@id":"https:\/\/latamjournalismreview.org\/pt-br\/#organization"},"image":{"@id":"https:\/\/latamjournalismreview.org\/pt-br\/articles\/a-gente-precisa-que-as-redacoes-deem-mais-espaco-para-a-ditadura-diz-juliana-dal-piva-autora-de-livro-sobre-o-assassinato-de-rubens-paiva\/#primaryimage"},"thumbnailUrl":"https:\/\/latamjournalismreview.org\/wp-content\/uploads\/2025\/02\/Cinco-Preguntas-PT-Juliana-Dal-Piva.png","keywords":["Brasil","Censura","Liberdade de express\u00e3o","Jornalismo online"],"articleSection":["5 Perguntas"],"inLanguage":"pt-BR"},{"@type":"WebPage","@id":"https:\/\/latamjournalismreview.org\/pt-br\/articles\/a-gente-precisa-que-as-redacoes-deem-mais-espaco-para-a-ditadura-diz-juliana-dal-piva-autora-de-livro-sobre-o-assassinato-de-rubens-paiva\/","url":"https:\/\/latamjournalismreview.org\/pt-br\/articles\/a-gente-precisa-que-as-redacoes-deem-mais-espaco-para-a-ditadura-diz-juliana-dal-piva-autora-de-livro-sobre-o-assassinato-de-rubens-paiva\/","name":"'A gente precisa que as reda\u00e7\u00f5es deem mais espa\u00e7o para a ditadura', diz Juliana Dal Piva, autora de livro sobre o assassinato de Rubens Paiva - LatAm Journalism Review by the Knight Center","isPartOf":{"@id":"https:\/\/latamjournalismreview.org\/pt-br\/#website"},"primaryImageOfPage":{"@id":"https:\/\/latamjournalismreview.org\/pt-br\/articles\/a-gente-precisa-que-as-redacoes-deem-mais-espaco-para-a-ditadura-diz-juliana-dal-piva-autora-de-livro-sobre-o-assassinato-de-rubens-paiva\/#primaryimage"},"image":{"@id":"https:\/\/latamjournalismreview.org\/pt-br\/articles\/a-gente-precisa-que-as-redacoes-deem-mais-espaco-para-a-ditadura-diz-juliana-dal-piva-autora-de-livro-sobre-o-assassinato-de-rubens-paiva\/#primaryimage"},"thumbnailUrl":"https:\/\/latamjournalismreview.org\/wp-content\/uploads\/2025\/02\/Cinco-Preguntas-PT-Juliana-Dal-Piva.png","datePublished":"2025-02-28T12:40:48+00:00","description":"'A gente precisa que as reda\u00e7\u00f5es deem mais espa\u00e7o para a ditadura', diz Juliana Dal Piva, autora de livro sobre o assassinato de Rubens Paiva 5 Perguntas. Latin American Journalism Review by The Knight Center at The University of Texas at Austin.","breadcrumb":{"@id":"https:\/\/latamjournalismreview.org\/pt-br\/articles\/a-gente-precisa-que-as-redacoes-deem-mais-espaco-para-a-ditadura-diz-juliana-dal-piva-autora-de-livro-sobre-o-assassinato-de-rubens-paiva\/#breadcrumb"},"inLanguage":"pt-BR","potentialAction":[{"@type":"ReadAction","target":["https:\/\/latamjournalismreview.org\/pt-br\/articles\/a-gente-precisa-que-as-redacoes-deem-mais-espaco-para-a-ditadura-diz-juliana-dal-piva-autora-de-livro-sobre-o-assassinato-de-rubens-paiva\/"]}]},{"@type":"ImageObject","inLanguage":"pt-BR","@id":"https:\/\/latamjournalismreview.org\/pt-br\/articles\/a-gente-precisa-que-as-redacoes-deem-mais-espaco-para-a-ditadura-diz-juliana-dal-piva-autora-de-livro-sobre-o-assassinato-de-rubens-paiva\/#primaryimage","url":"https:\/\/latamjournalismreview.org\/wp-content\/uploads\/2025\/02\/Cinco-Preguntas-PT-Juliana-Dal-Piva.png","contentUrl":"https:\/\/latamjournalismreview.org\/wp-content\/uploads\/2025\/02\/Cinco-Preguntas-PT-Juliana-Dal-Piva.png","width":507,"height":340,"caption":"Um gr\u00e1fico promocional para uma entrevista intitulada 'Cinco Perguntas para Juliana Dal Piva'. A imagem apresenta o t\u00edtulo no lado esquerdo, com um logotipo geom\u00e9trico, e uma fotografia de Juliana Dal Piva \u00e0 direita. Ela veste branco e sorri em frente a uma estante de livros."},{"@type":"BreadcrumbList","@id":"https:\/\/latamjournalismreview.org\/pt-br\/articles\/a-gente-precisa-que-as-redacoes-deem-mais-espaco-para-a-ditadura-diz-juliana-dal-piva-autora-de-livro-sobre-o-assassinato-de-rubens-paiva\/#breadcrumb","itemListElement":[{"@type":"ListItem","position":1,"name":"Home","item":"https:\/\/latamjournalismreview.org\/pt-br\/"},{"@type":"ListItem","position":2,"name":"'A gente precisa que as reda\u00e7\u00f5es deem mais espa\u00e7o para a ditadura', diz Juliana Dal Piva, autora de livro sobre o assassinato de Rubens Paiva"}]},{"@type":"WebSite","@id":"https:\/\/latamjournalismreview.org\/pt-br\/#website","url":"https:\/\/latamjournalismreview.org\/pt-br\/","name":"LatAm Journalism Review","description":"Digital magazine on journalism in Latin America","publisher":{"@id":"https:\/\/latamjournalismreview.org\/pt-br\/#organization"},"potentialAction":[{"@type":"SearchAction","target":{"@type":"EntryPoint","urlTemplate":"https:\/\/latamjournalismreview.org\/pt-br\/?s={search_term_string}"},"query-input":{"@type":"PropertyValueSpecification","valueRequired":true,"valueName":"search_term_string"}}],"inLanguage":"pt-BR"},{"@type":"Organization","@id":"https:\/\/latamjournalismreview.org\/pt-br\/#organization","name":"LatAm Journalism Review","url":"https:\/\/latamjournalismreview.org\/pt-br\/","logo":{"@type":"ImageObject","inLanguage":"pt-BR","@id":"https:\/\/latamjournalismreview.org\/pt-br\/#\/schema\/logo\/image\/","url":"https:\/\/latamjournalismreview.org\/wp-content\/uploads\/2020\/05\/knight-latAm-review-logo.svg","contentUrl":"https:\/\/latamjournalismreview.org\/wp-content\/uploads\/2020\/05\/knight-latAm-review-logo.svg","width":"1024","height":"1024","caption":"LatAm Journalism Review"},"image":{"@id":"https:\/\/latamjournalismreview.org\/pt-br\/#\/schema\/logo\/image\/"},"sameAs":["https:\/\/x.com\/LatAmJournalism"]},{"@type":"Person","@id":"https:\/\/latamjournalismreview.org\/pt-br\/#\/schema\/person\/157ecb69b9dea7b2feede60b43e2f0ae","name":"Marta Szpacenkopf","url":"https:\/\/latamjournalismreview.org\/pt-br\/articles\/author\/marta-szpacenkopf\/"}]}},"_links":{"self":[{"href":"https:\/\/latamjournalismreview.org\/pt-br\/wp-json\/wp\/v2\/posts\/118580","targetHints":{"allow":["GET"]}}],"collection":[{"href":"https:\/\/latamjournalismreview.org\/pt-br\/wp-json\/wp\/v2\/posts"}],"about":[{"href":"https:\/\/latamjournalismreview.org\/pt-br\/wp-json\/wp\/v2\/types\/post"}],"author":[{"embeddable":true,"href":"https:\/\/latamjournalismreview.org\/pt-br\/wp-json\/wp\/v2\/users\/71"}],"replies":[{"embeddable":true,"href":"https:\/\/latamjournalismreview.org\/pt-br\/wp-json\/wp\/v2\/comments?post=118580"}],"version-history":[{"count":1,"href":"https:\/\/latamjournalismreview.org\/pt-br\/wp-json\/wp\/v2\/posts\/118580\/revisions"}],"predecessor-version":[{"id":118593,"href":"https:\/\/latamjournalismreview.org\/pt-br\/wp-json\/wp\/v2\/posts\/118580\/revisions\/118593"}],"wp:featuredmedia":[{"embeddable":true,"href":"https:\/\/latamjournalismreview.org\/pt-br\/wp-json\/wp\/v2\/media\/118585"}],"wp:attachment":[{"href":"https:\/\/latamjournalismreview.org\/pt-br\/wp-json\/wp\/v2\/media?parent=118580"}],"wp:term":[{"taxonomy":"category","embeddable":true,"href":"https:\/\/latamjournalismreview.org\/pt-br\/wp-json\/wp\/v2\/categories?post=118580"},{"taxonomy":"post_tag","embeddable":true,"href":"https:\/\/latamjournalismreview.org\/pt-br\/wp-json\/wp\/v2\/tags?post=118580"},{"taxonomy":"author","embeddable":true,"href":"https:\/\/latamjournalismreview.org\/pt-br\/wp-json\/wp\/v2\/coauthors?post=118580"}],"curies":[{"name":"wp","href":"https:\/\/api.w.org\/{rel}","templated":true}]}}