{"id":124881,"date":"2025-03-31T13:44:07","date_gmt":"2025-03-31T18:44:07","guid":{"rendered":"https:\/\/latamjournalismreview.org\/?p=124881"},"modified":"2025-04-01T11:02:43","modified_gmt":"2025-04-01T16:02:43","slug":"estamos-defendendo-os-principios-de-toda-a-imprensa-independente-diz-a-editora-executiva-da-ap-julie-pace-sobre-o-impedimento-de-cobrirem-a-casa-branca","status":"publish","type":"post","link":"https:\/\/latamjournalismreview.org\/pt-br\/articles\/estamos-defendendo-os-principios-de-toda-a-imprensa-independente-diz-a-editora-executiva-da-ap-julie-pace-sobre-o-impedimento-de-cobrirem-a-casa-branca\/","title":{"rendered":"\u2018Estamos defendendo os princ\u00edpios de toda a imprensa independente\u2019, diz a editora executiva da AP Julie Pace sobre a proibi\u00e7\u00e3o da Casa Branca"},"content":{"rendered":"<p dir=\"ltr\">A Associated Press tenta retornar \u00e0 sala de imprensa da Casa Branca h\u00e1 quase 50 dias.<\/p>\n<p dir=\"ltr\">Todos os dias, seus jornalistas s\u00e3o impedidos de entrar, disse\u00a0<a href=\"https:\/\/isoj.org\/speakers-2025\/julie-pace\/\" target=\"_blank\" rel=\"noopener noreferrer\"><u>Julie Pace<\/u><\/a>, vice-presidente s\u00eanior e editora executiva da AP, durante o\u00a0<a href=\"https:\/\/isoj.org\/symposia\/2025\/\" target=\"_blank\" rel=\"noopener noreferrer\"><u>26\u00ba Simp\u00f3sio Internacional de Jornalismo Online (ISOJ)<\/u><\/a>.<\/p>\n<p dir=\"ltr\">Desde 11 de fevereiro,\u00a0<a href=\"https:\/\/apnews.com\/article\/trump-ap-white-house-press-pool-ban-cdf091900ae5371329234ddfafef3a91\" target=\"_blank\" rel=\"noopener noreferrer\"><u>jornalistas da ag\u00eancia de not\u00edcias est\u00e3o proibidos<\/u><\/a> de participar das coletivas de imprensa promovidas pela Casa Branca e de cobrirem lugares como o Sal\u00e3o Oval e o\u00a0avi\u00e3o presidencial Air Force One. O principal motivo foi a decis\u00e3o da AP de n\u00e3o alterar o verbete sobre o \"Golfo do M\u00e9xico\" em seu manual de estilo, apesar de reconhecer a Ordem Executiva do Presidente de referir-se a ele como \"Golfo da Am\u00e9rica\" \u200b\u200bdentro dos Estados Unidos.<\/p>\n<p dir=\"ltr\">\u201cEu encorajaria todos a pensarem sobre isso como algo maior,\u201d disse Pace. \u201cN\u00e3o se trata apenas da linguagem que estamos usando. Trata-se de saber se o governo pode dizer a uma organiza\u00e7\u00e3o de not\u00edcias ou a qualquer pessoa qual linguagem usar e, se eles n\u00e3o obedecerem, est\u00e3o sujeitos a retalia\u00e7\u00f5es.\u201d<\/p>\n<p dir=\"ltr\">Na sexta-feira, 28 de mar\u00e7o, Pace se juntou a\u00a0<a href=\"https:\/\/isoj.org\/speakers-2025\/evan-smith\/\" target=\"_blank\" rel=\"noopener noreferrer\"><u>Evan Smith<\/u><\/a>, cofundador do Texas Tribune e consultor s\u00eanior do Emerson Collective, para uma conversa de 20 minutos sobre esta controv\u00e9rsia.<\/p>\n<p dir=\"ltr\">\u201cA AP \u00e9 uma organiza\u00e7\u00e3o jornal\u00edstica global\u201d, disse Pace. \u201cOperamos em cem pa\u00edses ao redor do mundo. E recebemos solicita\u00e7\u00f5es de governos o tempo todo para usar a linguagem que eles preferem. E temos que tomar decis\u00f5es sobre a linguagem que fa\u00e7a sentido para o maior p\u00fablico poss\u00edvel.\u201d<\/p>\n<p dir=\"ltr\">Ap\u00f3s a proibi\u00e7\u00e3o, a ag\u00eancia de not\u00edcias\u00a0<a href=\"https:\/\/apnews.com\/article\/ap-lawsuit-trump-administration-officials-0352075501b779b8b187667f3427e0e8\" target=\"_blank\" rel=\"noopener noreferrer\"><u>entrou com uma a\u00e7\u00e3o judicial<\/u><\/a> contra autoridades da administra\u00e7\u00e3o do presidente dos EUA, Donald Trump, para restaurar o acesso \u00e0 Casa Branca, argumentando que seus direitos de Liberdade de Express\u00e3o foram violados. Jornalistas da AP participaram de\u00a0<a href=\"https:\/\/apnews.com\/article\/trump-ap-white-house-press-pool-ban-cdf091900ae5371329234ddfafef3a91\" target=\"_blank\" rel=\"noopener noreferrer\"><u>uma segunda sess\u00e3o do tribunal<\/u><\/a> na \u00faltima quinta-feira, 27 de mar\u00e7o, perante o juiz distrital dos EUA, Trevor N. McFadden. Uma decis\u00e3o no caso ainda est\u00e1 pendente.<\/p>\n<p dir=\"ltr\">\"O juiz n\u00e3o emitiu uma decis\u00e3o no final, mas sentimos que foi uma audi\u00eancia realmente substancial\u201d, afirmou Pace. \u201cConseguimos apresentar nossos argumentos e estamos ansiosos para ouvir o que o juiz tem a dizer.\u201d<\/p>\n<p dir=\"ltr\">Ela reafirmou o compromisso da AP em cobrir a Casa Branca por mais de 100 anos.<\/p>\n<p dir=\"ltr\">\"Fizemos isso durante administra\u00e7\u00f5es republicanas, administra\u00e7\u00f5es democratas, e algumas das mais ic\u00f4nicas reportagens e imagens que todos conhecem da cobertura presidencial vieram da AP.\"<\/p>\n<p dir=\"ltr\">Pace tamb\u00e9m reconheceu o bom relacionamento de trabalho da AP com a primeira administra\u00e7\u00e3o Trump, as campanhas de Trump e o in\u00edcio desta administra\u00e7\u00e3o.<\/p>\n<p dir=\"ltr\">\u201cN\u00e3o estamos aqui para ser advers\u00e1rios. N\u00e3o nos imaginamos como oposicionistas. Porque, novamente, todo o nosso prop\u00f3sito como organiza\u00e7\u00e3o \u00e9 alcan\u00e7ar pessoas de todo o espectro pol\u00edtico,\u201d disse.<\/p>\n<p dir=\"ltr\">Os rep\u00f3rteres e fot\u00f3grafos da AP continuam a cobrir a Casa Branca, mas o banimento da Casa Branca os coloca em desvantagem.<\/p>\n<p dir=\"ltr\">\u201cEstamos tendo que depender da cobertura de outras organiza\u00e7\u00f5es de not\u00edcias. E algumas dessas reportagens s\u00e3o de alt\u00edssima qualidade, mas chegam atrasados \u200b\u200bpara n\u00f3s\u201d, diz Pace.<\/p>\n<p dir=\"ltr\">Apesar da proibi\u00e7\u00e3o, ela reconhece o esfor\u00e7o incr\u00edvel que a equipe da AP na Casa Branca tem feito para manter uma cobertura baseada em fatos.<\/p>\n<p dir=\"ltr\">\u201cA AP \u00e9 a representante de milhares de organiza\u00e7\u00f5es de not\u00edcias e quatro bilh\u00f5es de pessoas ao redor do mundo que todos os dias interagem com nossa cobertura. Ent\u00e3o, n\u00e3o estamos cobrindo [a Casa Branca] por n\u00f3s mesmos, continuamos cobrindo por eles. E sentimos que isso \u00e9 algo importante a se fazer.\u201d<\/p>\n<p dir=\"ltr\">Pace enfatizou os motivos que levaram a AP a lutar contra a proibi\u00e7\u00e3o de cobrirem a Casa Branca.<\/p>\n<p dir=\"ltr\">\u201cEstamos defendendo os princ\u00edpios de toda a imprensa independente. E, novamente, tamb\u00e9m pelo p\u00fablico, porque acho que essa quest\u00e3o da fala \u00e9 algo relevante que vai al\u00e9m de uma discuss\u00e3o sobre a m\u00eddia,\u201d disse.<\/p>\n<p dir=\"ltr\">Ela tamb\u00e9m acredita que isso \u00e9 um aviso para toda a imprensa. \u201cPodemos ser o alvo agora. Mas n\u00e3o acho que seremos os \u00fanicos. E \u00e9 por isso que \u00e9 importante defendermos esse princ\u00edpio.\u201d<\/p>\n<p dir=\"ltr\">Evan Smith concordou: \u201cUma luta pelo acesso \u00e0 Casa Branca \u00e9 uma luta pela liberdade de express\u00e3o. E uma luta pela liberdade de express\u00e3o \u00e9 uma luta na qual todos aqui t\u00eam interesse.\u201d<\/p>\n<p dir=\"ltr\">No final de uma entrevista de 20 minutos, Pace concluiu: \u201cN\u00e3o importa o que aconte\u00e7a, estamos confort\u00e1veis \u200b\u200bcom a posi\u00e7\u00e3o que tomamos e continuaremos a cobrir esta Casa Branca da mesma forma que fizemos ao longo da nossa hist\u00f3ria, obtendo uma [cobertura] baseada em fatos, n\u00e3o partid\u00e1ria e independente.\u201d<\/p>\n","protected":false},"excerpt":{"rendered":"<p>A Associated Press tenta retornar \u00e0 sala de imprensa da Casa Branca h\u00e1 quase 50 dias. Todos os dias, seus jornalistas s\u00e3o impedidos de entrar, disse\u00a0Julie Pace, vice-presidente s\u00eanior e editora executiva da AP, durante o\u00a026\u00ba Simp\u00f3sio Internacional de Jornalismo Online (ISOJ). Desde 11 de fevereiro,\u00a0jornalistas da ag\u00eancia de not\u00edcias est\u00e3o proibidos de participar das [&hellip;]<\/p>\n","protected":false},"author":3,"featured_media":124863,"comment_status":"closed","ping_status":"closed","sticky":false,"template":"","format":"standard","meta":{"inline_featured_image":false,"footnotes":""},"categories":[1346,1219],"tags":[],"coauthors":[2749],"class_list":["post-124881","post","type-post","status-publish","format-standard","has-post-thumbnail","hentry","category-isoj-pt-br","category-liberdade-de-imprensa-pt-br"],"acf":[],"yoast_head":"<!-- This site is optimized with the Yoast SEO Premium plugin v22.6 (Yoast SEO v27.4) - https:\/\/yoast.com\/product\/yoast-seo-premium-wordpress\/ -->\n<title>\u2018Estamos defendendo os princ\u00edpios de toda a imprensa independente\u2019, diz a editora executiva da AP Julie Pace sobre a proibi\u00e7\u00e3o da Casa Branca - LatAm Journalism Review by the Knight Center<\/title>\n<meta name=\"description\" content=\"\u2018Estamos defendendo os princ\u00edpios de toda a imprensa independente\u2019, diz a editora executiva da AP Julie Pace sobre a proibi\u00e7\u00e3o da Casa Branca ISOJ. Latin American Journalism Review by The Knight Center at The University of Texas at Austin.\" \/>\n<meta name=\"robots\" content=\"index, follow, max-snippet:-1, max-image-preview:large, max-video-preview:-1\" \/>\n<link rel=\"canonical\" href=\"https:\/\/latamjournalismreview.org\/pt-br\/articles\/estamos-defendendo-os-principios-de-toda-a-imprensa-independente-diz-a-editora-executiva-da-ap-julie-pace-sobre-o-impedimento-de-cobrirem-a-casa-branca\/\" \/>\n<meta property=\"og:locale\" content=\"pt_BR\" \/>\n<meta property=\"og:type\" content=\"article\" \/>\n<meta property=\"og:title\" content=\"\u2018Estamos defendendo os princ\u00edpios de toda a imprensa independente\u2019, diz a editora executiva da AP Julie Pace sobre a proibi\u00e7\u00e3o da Casa Branca\" \/>\n<meta property=\"og:description\" content=\"\u2018Estamos defendendo os princ\u00edpios de toda a imprensa independente\u2019, diz a editora executiva da AP Julie Pace sobre a proibi\u00e7\u00e3o da Casa Branca ISOJ. Latin American Journalism Review by The Knight Center at The University of Texas at Austin.\" \/>\n<meta property=\"og:url\" content=\"https:\/\/latamjournalismreview.org\/pt-br\/articles\/estamos-defendendo-os-principios-de-toda-a-imprensa-independente-diz-a-editora-executiva-da-ap-julie-pace-sobre-o-impedimento-de-cobrirem-a-casa-branca\/\" \/>\n<meta property=\"og:site_name\" content=\"LatAm Journalism Review by the Knight Center\" \/>\n<meta property=\"article:published_time\" content=\"2025-03-31T18:44:07+00:00\" \/>\n<meta property=\"article:modified_time\" content=\"2025-04-01T16:02:43+00:00\" \/>\n<meta property=\"og:image\" content=\"https:\/\/latamjournalismreview.org\/wp-content\/uploads\/2025\/03\/FEATURED-Julie-Pace.png\" \/>\n\t<meta property=\"og:image:width\" content=\"507\" \/>\n\t<meta property=\"og:image:height\" content=\"340\" \/>\n\t<meta property=\"og:image:type\" content=\"image\/png\" \/>\n<meta name=\"author\" content=\"Teresa Mioli\" \/>\n<meta name=\"twitter:card\" content=\"summary_large_image\" \/>\n<meta name=\"twitter:creator\" content=\"@TeresaMioli\" \/>\n<meta name=\"twitter:site\" content=\"@LatAmJournalism\" \/>\n<meta name=\"twitter:label1\" content=\"Written by\" \/>\n\t<meta name=\"twitter:data1\" content=\"Teresa Mioli\" \/>\n\t<meta name=\"twitter:label2\" content=\"Est. reading time\" \/>\n\t<meta name=\"twitter:data2\" content=\"4 minutos\" \/>\n<script type=\"application\/ld+json\" class=\"yoast-schema-graph\">{\"@context\":\"https:\\\/\\\/schema.org\",\"@graph\":[{\"@type\":\"Article\",\"@id\":\"https:\\\/\\\/latamjournalismreview.org\\\/pt-br\\\/articles\\\/estamos-defendendo-os-principios-de-toda-a-imprensa-independente-diz-a-editora-executiva-da-ap-julie-pace-sobre-o-impedimento-de-cobrirem-a-casa-branca\\\/#article\",\"isPartOf\":{\"@id\":\"https:\\\/\\\/latamjournalismreview.org\\\/pt-br\\\/articles\\\/estamos-defendendo-os-principios-de-toda-a-imprensa-independente-diz-a-editora-executiva-da-ap-julie-pace-sobre-o-impedimento-de-cobrirem-a-casa-branca\\\/\"},\"author\":{\"name\":\"Teresa Mioli\",\"@id\":\"https:\\\/\\\/latamjournalismreview.org\\\/pt-br\\\/#\\\/schema\\\/person\\\/b83a4912f05c8178389e917d8d51de03\"},\"headline\":\"\u2018Estamos defendendo os princ\u00edpios de toda a imprensa independente\u2019, diz a editora executiva da AP Julie Pace sobre a proibi\u00e7\u00e3o da Casa Branca\",\"datePublished\":\"2025-03-31T18:44:07+00:00\",\"dateModified\":\"2025-04-01T16:02:43+00:00\",\"mainEntityOfPage\":{\"@id\":\"https:\\\/\\\/latamjournalismreview.org\\\/pt-br\\\/articles\\\/estamos-defendendo-os-principios-de-toda-a-imprensa-independente-diz-a-editora-executiva-da-ap-julie-pace-sobre-o-impedimento-de-cobrirem-a-casa-branca\\\/\"},\"wordCount\":838,\"publisher\":{\"@id\":\"https:\\\/\\\/latamjournalismreview.org\\\/pt-br\\\/#organization\"},\"image\":{\"@id\":\"https:\\\/\\\/latamjournalismreview.org\\\/pt-br\\\/articles\\\/estamos-defendendo-os-principios-de-toda-a-imprensa-independente-diz-a-editora-executiva-da-ap-julie-pace-sobre-o-impedimento-de-cobrirem-a-casa-branca\\\/#primaryimage\"},\"thumbnailUrl\":\"https:\\\/\\\/latamjournalismreview.org\\\/wp-content\\\/uploads\\\/2025\\\/03\\\/FEATURED-Julie-Pace.png\",\"articleSection\":[\"ISOJ\",\"Liberdade de imprensa\"],\"inLanguage\":\"pt-BR\"},{\"@type\":\"WebPage\",\"@id\":\"https:\\\/\\\/latamjournalismreview.org\\\/pt-br\\\/articles\\\/estamos-defendendo-os-principios-de-toda-a-imprensa-independente-diz-a-editora-executiva-da-ap-julie-pace-sobre-o-impedimento-de-cobrirem-a-casa-branca\\\/\",\"url\":\"https:\\\/\\\/latamjournalismreview.org\\\/pt-br\\\/articles\\\/estamos-defendendo-os-principios-de-toda-a-imprensa-independente-diz-a-editora-executiva-da-ap-julie-pace-sobre-o-impedimento-de-cobrirem-a-casa-branca\\\/\",\"name\":\"\u2018Estamos defendendo os princ\u00edpios de toda a imprensa independente\u2019, diz a editora executiva da AP Julie Pace sobre a proibi\u00e7\u00e3o da Casa Branca - LatAm Journalism Review by the Knight Center\",\"isPartOf\":{\"@id\":\"https:\\\/\\\/latamjournalismreview.org\\\/pt-br\\\/#website\"},\"primaryImageOfPage\":{\"@id\":\"https:\\\/\\\/latamjournalismreview.org\\\/pt-br\\\/articles\\\/estamos-defendendo-os-principios-de-toda-a-imprensa-independente-diz-a-editora-executiva-da-ap-julie-pace-sobre-o-impedimento-de-cobrirem-a-casa-branca\\\/#primaryimage\"},\"image\":{\"@id\":\"https:\\\/\\\/latamjournalismreview.org\\\/pt-br\\\/articles\\\/estamos-defendendo-os-principios-de-toda-a-imprensa-independente-diz-a-editora-executiva-da-ap-julie-pace-sobre-o-impedimento-de-cobrirem-a-casa-branca\\\/#primaryimage\"},\"thumbnailUrl\":\"https:\\\/\\\/latamjournalismreview.org\\\/wp-content\\\/uploads\\\/2025\\\/03\\\/FEATURED-Julie-Pace.png\",\"datePublished\":\"2025-03-31T18:44:07+00:00\",\"dateModified\":\"2025-04-01T16:02:43+00:00\",\"description\":\"\u2018Estamos defendendo os princ\u00edpios de toda a imprensa independente\u2019, diz a editora executiva da AP Julie Pace sobre a proibi\u00e7\u00e3o da Casa Branca ISOJ. Latin American Journalism Review by The Knight Center at The University of Texas at Austin.\",\"breadcrumb\":{\"@id\":\"https:\\\/\\\/latamjournalismreview.org\\\/pt-br\\\/articles\\\/estamos-defendendo-os-principios-de-toda-a-imprensa-independente-diz-a-editora-executiva-da-ap-julie-pace-sobre-o-impedimento-de-cobrirem-a-casa-branca\\\/#breadcrumb\"},\"inLanguage\":\"pt-BR\",\"potentialAction\":[{\"@type\":\"ReadAction\",\"target\":[\"https:\\\/\\\/latamjournalismreview.org\\\/pt-br\\\/articles\\\/estamos-defendendo-os-principios-de-toda-a-imprensa-independente-diz-a-editora-executiva-da-ap-julie-pace-sobre-o-impedimento-de-cobrirem-a-casa-branca\\\/\"]}]},{\"@type\":\"ImageObject\",\"inLanguage\":\"pt-BR\",\"@id\":\"https:\\\/\\\/latamjournalismreview.org\\\/pt-br\\\/articles\\\/estamos-defendendo-os-principios-de-toda-a-imprensa-independente-diz-a-editora-executiva-da-ap-julie-pace-sobre-o-impedimento-de-cobrirem-a-casa-branca\\\/#primaryimage\",\"url\":\"https:\\\/\\\/latamjournalismreview.org\\\/wp-content\\\/uploads\\\/2025\\\/03\\\/FEATURED-Julie-Pace.png\",\"contentUrl\":\"https:\\\/\\\/latamjournalismreview.org\\\/wp-content\\\/uploads\\\/2025\\\/03\\\/FEATURED-Julie-Pace.png\",\"width\":507,\"height\":340,\"caption\":\"Woman speaks into microphone\"},{\"@type\":\"BreadcrumbList\",\"@id\":\"https:\\\/\\\/latamjournalismreview.org\\\/pt-br\\\/articles\\\/estamos-defendendo-os-principios-de-toda-a-imprensa-independente-diz-a-editora-executiva-da-ap-julie-pace-sobre-o-impedimento-de-cobrirem-a-casa-branca\\\/#breadcrumb\",\"itemListElement\":[{\"@type\":\"ListItem\",\"position\":1,\"name\":\"Home\",\"item\":\"https:\\\/\\\/latamjournalismreview.org\\\/pt-br\\\/\"},{\"@type\":\"ListItem\",\"position\":2,\"name\":\"\u2018Estamos defendendo os princ\u00edpios de toda a imprensa independente\u2019, diz a editora executiva da AP Julie Pace sobre a proibi\u00e7\u00e3o da Casa Branca\"}]},{\"@type\":\"WebSite\",\"@id\":\"https:\\\/\\\/latamjournalismreview.org\\\/pt-br\\\/#website\",\"url\":\"https:\\\/\\\/latamjournalismreview.org\\\/pt-br\\\/\",\"name\":\"LatAm Journalism Review\",\"description\":\"Digital magazine on journalism in Latin America\",\"publisher\":{\"@id\":\"https:\\\/\\\/latamjournalismreview.org\\\/pt-br\\\/#organization\"},\"potentialAction\":[{\"@type\":\"SearchAction\",\"target\":{\"@type\":\"EntryPoint\",\"urlTemplate\":\"https:\\\/\\\/latamjournalismreview.org\\\/pt-br\\\/?s={search_term_string}\"},\"query-input\":{\"@type\":\"PropertyValueSpecification\",\"valueRequired\":true,\"valueName\":\"search_term_string\"}}],\"inLanguage\":\"pt-BR\"},{\"@type\":\"Organization\",\"@id\":\"https:\\\/\\\/latamjournalismreview.org\\\/pt-br\\\/#organization\",\"name\":\"LatAm Journalism Review\",\"url\":\"https:\\\/\\\/latamjournalismreview.org\\\/pt-br\\\/\",\"logo\":{\"@type\":\"ImageObject\",\"inLanguage\":\"pt-BR\",\"@id\":\"https:\\\/\\\/latamjournalismreview.org\\\/pt-br\\\/#\\\/schema\\\/logo\\\/image\\\/\",\"url\":\"https:\\\/\\\/latamjournalismreview.org\\\/wp-content\\\/uploads\\\/2020\\\/05\\\/knight-latAm-review-logo.svg\",\"contentUrl\":\"https:\\\/\\\/latamjournalismreview.org\\\/wp-content\\\/uploads\\\/2020\\\/05\\\/knight-latAm-review-logo.svg\",\"width\":\"1024\",\"height\":\"1024\",\"caption\":\"LatAm Journalism Review\"},\"image\":{\"@id\":\"https:\\\/\\\/latamjournalismreview.org\\\/pt-br\\\/#\\\/schema\\\/logo\\\/image\\\/\"},\"sameAs\":[\"https:\\\/\\\/x.com\\\/LatAmJournalism\"]},{\"@type\":\"Person\",\"@id\":\"https:\\\/\\\/latamjournalismreview.org\\\/pt-br\\\/#\\\/schema\\\/person\\\/b83a4912f05c8178389e917d8d51de03\",\"name\":\"Teresa Mioli\",\"description\":\"Teresa Mioli is the editorial manager for the Knight Center for Journalism in the Americas. She is interested in press freedom, democratization, and investigative journalism in Latin America and is dedicated to increasing awareness about the importance of independent news media to the health of democracies. She produces journalistic work with the aim of helping people to make informed decisions about their lives and societies and wants to make sure other journalists are able to do the same. She has Bachelors' degrees in Journalism and Plan II Honors (Liberal Arts) and a Master's degree in Latin American Studies, all from the University of Texas at Austin. She started her journalistic career at The Beaumont Enterprise in Southeast Texas where she last worked as a breaking news reporter. ______ Teresa Mioli es la directora editorial del Centro Knight para el Periodismo en las Am\u00e9ricas. Es una periodista con inter\u00e9s en la libertad de prensa, la democratizaci\u00f3n y el periodismo investigativo en Am\u00e9rica Latina y est\u00e1 dedicada a crear mayor consciencia sobre la importancia de los medios noticiosos independientes para la salud de las democracias. El objetivo de su trabajo period\u00edstico es ayudar las personas para que tomen decisiones informadas sobre sus vidas y sus sociedades, y busca que otros periodistas tengan la posibilidad de hacer lo mismo. Teresa tiene una licenciatura en Periodismo y Artes liberales (Plan II Honors), y una maestr\u00eda en Estudios Latinoamericanos, todos de la Universidad de Texas en Austin. Empez\u00f3 su carrera en periodismo en The Beaumont Enterprise al sureste de Texas, en donde recientemente trabaj\u00f3 como reportera de noticias de \u00faltima hora. Anteriormente ella fue la editora de LatAm Journalism Review del Centro Knight. ______ Teresa Mioli \u00e9 gerente editorial do Centro Knight para o Jornalismo nas Am\u00e9ricas. Ela se interessa por liberdade de imprensa, democratiza\u00e7\u00e3o e jornalismo investigativo na Am\u00e9rica Latina e se dedica a aumentar a conscientiza\u00e7\u00e3o sobre a import\u00e2ncia da m\u00eddia independente para a sa\u00fade das democracias. Ela produz trabalhos jornal\u00edsticos com o objetivo de ajudar as pessoas a tomarem decis\u00f5es informadas sobre suas vidas e sociedades e deseja garantir que outros jornalistas possam fazer o mesmo. Ela tem bacharelado em jornalismo e artes liberais e um mestrado em Estudos Latino-Americanos, todos pela Universidade do Texas em Austin. Ela come\u00e7ou sua carreira jornal\u00edstica na The Beaumont Enterprise no sudeste do Texas, onde trabalhou pela \u00faltima vez como rep\u00f3rter de not\u00edcias de \u00faltima hora.\",\"sameAs\":[\"https:\\\/\\\/x.com\\\/TeresaMioli\"],\"url\":\"https:\\\/\\\/latamjournalismreview.org\\\/pt-br\\\/articles\\\/author\\\/teresa-mioli\\\/\"}]}<\/script>\n<!-- \/ Yoast SEO Premium plugin. -->","yoast_head_json":{"title":"\u2018Estamos defendendo os princ\u00edpios de toda a imprensa independente\u2019, diz a editora executiva da AP Julie Pace sobre a proibi\u00e7\u00e3o da Casa Branca - LatAm Journalism Review by the Knight Center","description":"\u2018Estamos defendendo os princ\u00edpios de toda a imprensa independente\u2019, diz a editora executiva da AP Julie Pace sobre a proibi\u00e7\u00e3o da Casa Branca ISOJ. Latin American Journalism Review by The Knight Center at The University of Texas at Austin.","robots":{"index":"index","follow":"follow","max-snippet":"max-snippet:-1","max-image-preview":"max-image-preview:large","max-video-preview":"max-video-preview:-1"},"canonical":"https:\/\/latamjournalismreview.org\/pt-br\/articles\/estamos-defendendo-os-principios-de-toda-a-imprensa-independente-diz-a-editora-executiva-da-ap-julie-pace-sobre-o-impedimento-de-cobrirem-a-casa-branca\/","og_locale":"pt_BR","og_type":"article","og_title":"\u2018Estamos defendendo os princ\u00edpios de toda a imprensa independente\u2019, diz a editora executiva da AP Julie Pace sobre a proibi\u00e7\u00e3o da Casa Branca","og_description":"\u2018Estamos defendendo os princ\u00edpios de toda a imprensa independente\u2019, diz a editora executiva da AP Julie Pace sobre a proibi\u00e7\u00e3o da Casa Branca ISOJ. Latin American Journalism Review by The Knight Center at The University of Texas at Austin.","og_url":"https:\/\/latamjournalismreview.org\/pt-br\/articles\/estamos-defendendo-os-principios-de-toda-a-imprensa-independente-diz-a-editora-executiva-da-ap-julie-pace-sobre-o-impedimento-de-cobrirem-a-casa-branca\/","og_site_name":"LatAm Journalism Review by the Knight Center","article_published_time":"2025-03-31T18:44:07+00:00","article_modified_time":"2025-04-01T16:02:43+00:00","og_image":[{"width":507,"height":340,"url":"https:\/\/latamjournalismreview.org\/wp-content\/uploads\/2025\/03\/FEATURED-Julie-Pace.png","type":"image\/png"}],"author":"Teresa Mioli","twitter_card":"summary_large_image","twitter_creator":"@TeresaMioli","twitter_site":"@LatAmJournalism","twitter_misc":{"Written by":"Teresa Mioli","Est. reading time":"4 minutos"},"schema":{"@context":"https:\/\/schema.org","@graph":[{"@type":"Article","@id":"https:\/\/latamjournalismreview.org\/pt-br\/articles\/estamos-defendendo-os-principios-de-toda-a-imprensa-independente-diz-a-editora-executiva-da-ap-julie-pace-sobre-o-impedimento-de-cobrirem-a-casa-branca\/#article","isPartOf":{"@id":"https:\/\/latamjournalismreview.org\/pt-br\/articles\/estamos-defendendo-os-principios-de-toda-a-imprensa-independente-diz-a-editora-executiva-da-ap-julie-pace-sobre-o-impedimento-de-cobrirem-a-casa-branca\/"},"author":{"name":"Teresa Mioli","@id":"https:\/\/latamjournalismreview.org\/pt-br\/#\/schema\/person\/b83a4912f05c8178389e917d8d51de03"},"headline":"\u2018Estamos defendendo os princ\u00edpios de toda a imprensa independente\u2019, diz a editora executiva da AP Julie Pace sobre a proibi\u00e7\u00e3o da Casa Branca","datePublished":"2025-03-31T18:44:07+00:00","dateModified":"2025-04-01T16:02:43+00:00","mainEntityOfPage":{"@id":"https:\/\/latamjournalismreview.org\/pt-br\/articles\/estamos-defendendo-os-principios-de-toda-a-imprensa-independente-diz-a-editora-executiva-da-ap-julie-pace-sobre-o-impedimento-de-cobrirem-a-casa-branca\/"},"wordCount":838,"publisher":{"@id":"https:\/\/latamjournalismreview.org\/pt-br\/#organization"},"image":{"@id":"https:\/\/latamjournalismreview.org\/pt-br\/articles\/estamos-defendendo-os-principios-de-toda-a-imprensa-independente-diz-a-editora-executiva-da-ap-julie-pace-sobre-o-impedimento-de-cobrirem-a-casa-branca\/#primaryimage"},"thumbnailUrl":"https:\/\/latamjournalismreview.org\/wp-content\/uploads\/2025\/03\/FEATURED-Julie-Pace.png","articleSection":["ISOJ","Liberdade de imprensa"],"inLanguage":"pt-BR"},{"@type":"WebPage","@id":"https:\/\/latamjournalismreview.org\/pt-br\/articles\/estamos-defendendo-os-principios-de-toda-a-imprensa-independente-diz-a-editora-executiva-da-ap-julie-pace-sobre-o-impedimento-de-cobrirem-a-casa-branca\/","url":"https:\/\/latamjournalismreview.org\/pt-br\/articles\/estamos-defendendo-os-principios-de-toda-a-imprensa-independente-diz-a-editora-executiva-da-ap-julie-pace-sobre-o-impedimento-de-cobrirem-a-casa-branca\/","name":"\u2018Estamos defendendo os princ\u00edpios de toda a imprensa independente\u2019, diz a editora executiva da AP Julie Pace sobre a proibi\u00e7\u00e3o da Casa Branca - LatAm Journalism Review by the Knight Center","isPartOf":{"@id":"https:\/\/latamjournalismreview.org\/pt-br\/#website"},"primaryImageOfPage":{"@id":"https:\/\/latamjournalismreview.org\/pt-br\/articles\/estamos-defendendo-os-principios-de-toda-a-imprensa-independente-diz-a-editora-executiva-da-ap-julie-pace-sobre-o-impedimento-de-cobrirem-a-casa-branca\/#primaryimage"},"image":{"@id":"https:\/\/latamjournalismreview.org\/pt-br\/articles\/estamos-defendendo-os-principios-de-toda-a-imprensa-independente-diz-a-editora-executiva-da-ap-julie-pace-sobre-o-impedimento-de-cobrirem-a-casa-branca\/#primaryimage"},"thumbnailUrl":"https:\/\/latamjournalismreview.org\/wp-content\/uploads\/2025\/03\/FEATURED-Julie-Pace.png","datePublished":"2025-03-31T18:44:07+00:00","dateModified":"2025-04-01T16:02:43+00:00","description":"\u2018Estamos defendendo os princ\u00edpios de toda a imprensa independente\u2019, diz a editora executiva da AP Julie Pace sobre a proibi\u00e7\u00e3o da Casa Branca ISOJ. Latin American Journalism Review by The Knight Center at The University of Texas at Austin.","breadcrumb":{"@id":"https:\/\/latamjournalismreview.org\/pt-br\/articles\/estamos-defendendo-os-principios-de-toda-a-imprensa-independente-diz-a-editora-executiva-da-ap-julie-pace-sobre-o-impedimento-de-cobrirem-a-casa-branca\/#breadcrumb"},"inLanguage":"pt-BR","potentialAction":[{"@type":"ReadAction","target":["https:\/\/latamjournalismreview.org\/pt-br\/articles\/estamos-defendendo-os-principios-de-toda-a-imprensa-independente-diz-a-editora-executiva-da-ap-julie-pace-sobre-o-impedimento-de-cobrirem-a-casa-branca\/"]}]},{"@type":"ImageObject","inLanguage":"pt-BR","@id":"https:\/\/latamjournalismreview.org\/pt-br\/articles\/estamos-defendendo-os-principios-de-toda-a-imprensa-independente-diz-a-editora-executiva-da-ap-julie-pace-sobre-o-impedimento-de-cobrirem-a-casa-branca\/#primaryimage","url":"https:\/\/latamjournalismreview.org\/wp-content\/uploads\/2025\/03\/FEATURED-Julie-Pace.png","contentUrl":"https:\/\/latamjournalismreview.org\/wp-content\/uploads\/2025\/03\/FEATURED-Julie-Pace.png","width":507,"height":340,"caption":"Woman speaks into microphone"},{"@type":"BreadcrumbList","@id":"https:\/\/latamjournalismreview.org\/pt-br\/articles\/estamos-defendendo-os-principios-de-toda-a-imprensa-independente-diz-a-editora-executiva-da-ap-julie-pace-sobre-o-impedimento-de-cobrirem-a-casa-branca\/#breadcrumb","itemListElement":[{"@type":"ListItem","position":1,"name":"Home","item":"https:\/\/latamjournalismreview.org\/pt-br\/"},{"@type":"ListItem","position":2,"name":"\u2018Estamos defendendo os princ\u00edpios de toda a imprensa independente\u2019, diz a editora executiva da AP Julie Pace sobre a proibi\u00e7\u00e3o da Casa Branca"}]},{"@type":"WebSite","@id":"https:\/\/latamjournalismreview.org\/pt-br\/#website","url":"https:\/\/latamjournalismreview.org\/pt-br\/","name":"LatAm Journalism Review","description":"Digital magazine on journalism in Latin America","publisher":{"@id":"https:\/\/latamjournalismreview.org\/pt-br\/#organization"},"potentialAction":[{"@type":"SearchAction","target":{"@type":"EntryPoint","urlTemplate":"https:\/\/latamjournalismreview.org\/pt-br\/?s={search_term_string}"},"query-input":{"@type":"PropertyValueSpecification","valueRequired":true,"valueName":"search_term_string"}}],"inLanguage":"pt-BR"},{"@type":"Organization","@id":"https:\/\/latamjournalismreview.org\/pt-br\/#organization","name":"LatAm Journalism Review","url":"https:\/\/latamjournalismreview.org\/pt-br\/","logo":{"@type":"ImageObject","inLanguage":"pt-BR","@id":"https:\/\/latamjournalismreview.org\/pt-br\/#\/schema\/logo\/image\/","url":"https:\/\/latamjournalismreview.org\/wp-content\/uploads\/2020\/05\/knight-latAm-review-logo.svg","contentUrl":"https:\/\/latamjournalismreview.org\/wp-content\/uploads\/2020\/05\/knight-latAm-review-logo.svg","width":"1024","height":"1024","caption":"LatAm Journalism Review"},"image":{"@id":"https:\/\/latamjournalismreview.org\/pt-br\/#\/schema\/logo\/image\/"},"sameAs":["https:\/\/x.com\/LatAmJournalism"]},{"@type":"Person","@id":"https:\/\/latamjournalismreview.org\/pt-br\/#\/schema\/person\/b83a4912f05c8178389e917d8d51de03","name":"Teresa Mioli","description":"Teresa Mioli is the editorial manager for the Knight Center for Journalism in the Americas. She is interested in press freedom, democratization, and investigative journalism in Latin America and is dedicated to increasing awareness about the importance of independent news media to the health of democracies. She produces journalistic work with the aim of helping people to make informed decisions about their lives and societies and wants to make sure other journalists are able to do the same. She has Bachelors' degrees in Journalism and Plan II Honors (Liberal Arts) and a Master's degree in Latin American Studies, all from the University of Texas at Austin. She started her journalistic career at The Beaumont Enterprise in Southeast Texas where she last worked as a breaking news reporter. ______ Teresa Mioli es la directora editorial del Centro Knight para el Periodismo en las Am\u00e9ricas. Es una periodista con inter\u00e9s en la libertad de prensa, la democratizaci\u00f3n y el periodismo investigativo en Am\u00e9rica Latina y est\u00e1 dedicada a crear mayor consciencia sobre la importancia de los medios noticiosos independientes para la salud de las democracias. El objetivo de su trabajo period\u00edstico es ayudar las personas para que tomen decisiones informadas sobre sus vidas y sus sociedades, y busca que otros periodistas tengan la posibilidad de hacer lo mismo. Teresa tiene una licenciatura en Periodismo y Artes liberales (Plan II Honors), y una maestr\u00eda en Estudios Latinoamericanos, todos de la Universidad de Texas en Austin. Empez\u00f3 su carrera en periodismo en The Beaumont Enterprise al sureste de Texas, en donde recientemente trabaj\u00f3 como reportera de noticias de \u00faltima hora. Anteriormente ella fue la editora de LatAm Journalism Review del Centro Knight. ______ Teresa Mioli \u00e9 gerente editorial do Centro Knight para o Jornalismo nas Am\u00e9ricas. Ela se interessa por liberdade de imprensa, democratiza\u00e7\u00e3o e jornalismo investigativo na Am\u00e9rica Latina e se dedica a aumentar a conscientiza\u00e7\u00e3o sobre a import\u00e2ncia da m\u00eddia independente para a sa\u00fade das democracias. Ela produz trabalhos jornal\u00edsticos com o objetivo de ajudar as pessoas a tomarem decis\u00f5es informadas sobre suas vidas e sociedades e deseja garantir que outros jornalistas possam fazer o mesmo. Ela tem bacharelado em jornalismo e artes liberais e um mestrado em Estudos Latino-Americanos, todos pela Universidade do Texas em Austin. Ela come\u00e7ou sua carreira jornal\u00edstica na The Beaumont Enterprise no sudeste do Texas, onde trabalhou pela \u00faltima vez como rep\u00f3rter de not\u00edcias de \u00faltima hora.","sameAs":["https:\/\/x.com\/TeresaMioli"],"url":"https:\/\/latamjournalismreview.org\/pt-br\/articles\/author\/teresa-mioli\/"}]}},"_links":{"self":[{"href":"https:\/\/latamjournalismreview.org\/pt-br\/wp-json\/wp\/v2\/posts\/124881","targetHints":{"allow":["GET"]}}],"collection":[{"href":"https:\/\/latamjournalismreview.org\/pt-br\/wp-json\/wp\/v2\/posts"}],"about":[{"href":"https:\/\/latamjournalismreview.org\/pt-br\/wp-json\/wp\/v2\/types\/post"}],"author":[{"embeddable":true,"href":"https:\/\/latamjournalismreview.org\/pt-br\/wp-json\/wp\/v2\/users\/3"}],"replies":[{"embeddable":true,"href":"https:\/\/latamjournalismreview.org\/pt-br\/wp-json\/wp\/v2\/comments?post=124881"}],"version-history":[{"count":2,"href":"https:\/\/latamjournalismreview.org\/pt-br\/wp-json\/wp\/v2\/posts\/124881\/revisions"}],"predecessor-version":[{"id":124972,"href":"https:\/\/latamjournalismreview.org\/pt-br\/wp-json\/wp\/v2\/posts\/124881\/revisions\/124972"}],"wp:featuredmedia":[{"embeddable":true,"href":"https:\/\/latamjournalismreview.org\/pt-br\/wp-json\/wp\/v2\/media\/124863"}],"wp:attachment":[{"href":"https:\/\/latamjournalismreview.org\/pt-br\/wp-json\/wp\/v2\/media?parent=124881"}],"wp:term":[{"taxonomy":"category","embeddable":true,"href":"https:\/\/latamjournalismreview.org\/pt-br\/wp-json\/wp\/v2\/categories?post=124881"},{"taxonomy":"post_tag","embeddable":true,"href":"https:\/\/latamjournalismreview.org\/pt-br\/wp-json\/wp\/v2\/tags?post=124881"},{"taxonomy":"author","embeddable":true,"href":"https:\/\/latamjournalismreview.org\/pt-br\/wp-json\/wp\/v2\/coauthors?post=124881"}],"curies":[{"name":"wp","href":"https:\/\/api.w.org\/{rel}","templated":true}]}}