{"id":126435,"date":"2025-04-09T13:48:57","date_gmt":"2025-04-09T18:48:57","guid":{"rendered":"https:\/\/latamjournalismreview.org\/?p=126435"},"modified":"2025-05-01T17:20:06","modified_gmt":"2025-05-01T22:20:06","slug":"diante-da-crise-jornalistas-latino-americanos-apostam-em-aliancas-novas-narrativas-e-conexao-com-os-publicos","status":"publish","type":"post","link":"https:\/\/latamjournalismreview.org\/pt-br\/articles\/diante-da-crise-jornalistas-latino-americanos-apostam-em-aliancas-novas-narrativas-e-conexao-com-os-publicos\/","title":{"rendered":"Diante da crise, jornalistas latino-americanos apostam em alian\u00e7as, novas narrativas e conex\u00e3o com os p\u00fablicos"},"content":{"rendered":"<p><span style=\"font-weight: 400;\">A crise financeira, o surgimento da intelig\u00eancia artificial (IA), a perda de credibilidade nos meios de comunica\u00e7\u00e3o e os ataques \u00e0 imprensa s\u00e3o alguns dos desafios aos quais os meios de comunica\u00e7\u00e3o latino-americanos est\u00e3o respondendo com projetos inovadores.<\/span><\/p>\n<p><span style=\"font-weight: 400;\">Representantes de sete meios de comunica\u00e7\u00e3o e organiza\u00e7\u00f5es apresentaram suas iniciativas durante o painel \"Projetos Especiais da Am\u00e9rica Latina\" do 18\u00ba Col\u00f3quio Ibero-Americano de Jornalismo Digital, realizado em 29 de mar\u00e7o de 2025 no \u00e2mbito do Simp\u00f3sio Internacional de Jornalismo Online (ISOJ), na Universidade do Texas em Austin.<\/span><\/p>\n<p><span style=\"font-weight: 400;\">Jos\u00e9 Nieves, editor-chefe do meio digital cubano elTOQUE, falou sobre as estrat\u00e9gias que os meios de comunica\u00e7\u00e3o latino-americanos no ex\u00edlio est\u00e3o experimentando para fortalecer seus modelos de neg\u00f3cios, em tempos em que as oportunidades de subs\u00eddios e apoio da coopera\u00e7\u00e3o internacional s\u00e3o cada vez menores.<\/span><\/p>\n<p><span style=\"font-weight: 400;\">O jornalista disse que nos \u00faltimos meses conduziu uma s\u00e9rie de entrevistas com diretores de meios de comunica\u00e7\u00e3o para seu podcast de v\u00eddeo \"Hablando en Plata\", que fazia parte de seu programa como bolsista Knight 2024 do ICFJ. Ap\u00f3s estas entrevistas, concluiu que \u00e9 urgente que os meios de comunica\u00e7\u00e3o no ex\u00edlio encontrem formas de diversificar os seus modelos de neg\u00f3cio.<\/span><\/p>\n<p><span style=\"font-weight: 400;\">\"N\u00e3o podemos depender de bolsas e n\u00e3o h\u00e1 tempo para procurar solu\u00e7\u00f5es de longo prazo\", disse Nieves. \"Temos que agir rapidamente para criar outras formas de gerar renda que nos permitam reduzir a nossa depend\u00eancia de bolsas\".<\/span><\/p>\n<p><span style=\"font-weight: 400;\">O jornalista alertou que a recente retirada de apoios de entidades norte-americanas, somada ao desaparecimento de cada vez mais subs\u00eddios europeus, \u00e0 retirada de fundos de empresas tecnol\u00f3gicas como a Meta, e de ONGs como a Open Society Foundations, poder\u00e1 causar o desaparecimento de muitos meios de comunica\u00e7\u00e3o independentes.<\/span><\/p>\n<p><span style=\"font-weight: 400;\">\"Esta \u00e9 uma tempestade perfeita que pode levar a um evento de extin\u00e7\u00e3o em massa\", disse ele. \"Mas a partir da resili\u00eancia da m\u00eddia latino-americana no ex\u00edlio, esses modelos podem ser testados para garantir que possamos continuar operando ao longo do tempo\".<\/span><\/p>\n<p><span style=\"font-weight: 400;\">Nieves compartilhou nove formas de modelos de neg\u00f3cios que seus entrevistados disseram ter experimentado: servi\u00e7os de ag\u00eancia de consultoria, programas de associa\u00e7\u00e3o e doa\u00e7\u00e3o, treinamento, programas de assinatura, organiza\u00e7\u00e3o de eventos, publica\u00e7\u00e3o de livros, vendas de publicidade e patroc\u00ednio, lojas e desenvolvimento de tecnologia.<\/span><\/p>\n<p><span style=\"font-weight: 400;\">A forma\u00e7\u00e3o de uma comunidade de leitores ou usu\u00e1rios desempenha um papel fundamental na maioria dessas formas de financiamento, disse Nieves. O jornalista alertou, por\u00e9m, que \u00e9 importante ter clareza sobre a diferen\u00e7a entre comunidade e p\u00fablico.<\/span><\/p>\n<p><span style=\"font-weight: 400;\">\"O p\u00fablico n\u00e3o \u00e9 uma comunidade. Todos n\u00f3s temos um p\u00fablico, mas muito poucos de n\u00f3s temos uma comunidade\", disse ele. \"Comunidade \u00e9 um tipo de relacionamento com nossos usu\u00e1rios que horizontaliza as rela\u00e7\u00f5es e faz com que eles se sintam mais envolvidos, mais parte do nosso trabalho e mais respons\u00e1veis pela nossa pr\u00f3pria sobreviv\u00eancia\".<\/span><\/p>\n<p><span style=\"font-weight: 400;\">Nieves disse que os meios de comunica\u00e7\u00e3o no ex\u00edlio devem ser entendidos como meios de comunica\u00e7\u00e3o locais que servem as comunidades diasp\u00f3ricas nos pa\u00edses onde est\u00e3o exilados, uma vez que isso lhes abre oportunidades com outras fontes de financiamento, como empresas locais, filantropia local e espa\u00e7os de apoio aos meios de comunica\u00e7\u00e3o locais em pa\u00edses como os Estados Unidos.<\/span><\/p>\n<p><span style=\"font-weight: 400;\">Por sua vez, Paula Miraglia, jornalista brasileira e fundadora de meios de comunica\u00e7\u00e3o como o Nexo Jornal e a Gama Revista, disse que as plataformas tecnol\u00f3gicas s\u00e3o atualmente as grandes mediadoras entre a m\u00eddia e o p\u00fablico. Mas esta rela\u00e7\u00e3o \u00e9 marcada por uma profunda assimetria de poder com enormes consequ\u00eancias para a imprensa, acrescentou.<\/span><\/p>\n<p><span style=\"font-weight: 400;\">\"Dependemos deles para tudo\", disse Miraglia. \"E com o surgimento de novas tecnologias, especialmente a intelig\u00eancia artificial, a nossa forma de fazer, pensar e existir como m\u00eddia vai mudar.\"<\/span><\/p>\n<p><span style=\"font-weight: 400;\">Miraglia criou a Momentum \u2013 For\u00e7a-Tarefa de Jornalismo e Tecnologia, um think tank global sediado no Brasil que, por meio de pesquisa, mobiliza\u00e7\u00e3o, promo\u00e7\u00e3o do di\u00e1logo e an\u00e1lise de cen\u00e1rios, busca construir solu\u00e7\u00f5es que possam impactar positivamente o ecossistema midi\u00e1tico diante da investida das empresas de tecnologia.<\/span><\/p>\n<p><span style=\"font-weight: 400;\">\"Estamos reagindo \u00e0s decis\u00f5es deles o tempo todo, estamos sempre atrasados\", disse Miraglia. \"Temos que ter uma vis\u00e3o pr\u00f3pria da nossa ind\u00fastria, saber que rela\u00e7\u00e3o queremos ter com a tecnologia. Essa \u00e9 uma mudan\u00e7a fundamental. Se n\u00e3o fizermos isso, vamos ficar o tempo todo aceitando as migalhas que as empresas de tecnologia nos d\u00e3o\".<\/span><\/p>\n<p><span style=\"font-weight: 400;\">A Momentum tamb\u00e9m defende modelos regulat\u00f3rios e pol\u00edticas p\u00fablicas para o desenvolvimento tecnol\u00f3gico a servi\u00e7o do jornalismo de interesse p\u00fablico. Miraglia destacou que o Brasil tem sido um pa\u00eds pioneiro na busca por leis que regulamentem o trabalho das plataformas tecnol\u00f3gicas e formas de exigir remunera\u00e7\u00e3o para a m\u00eddia, embora, disse ela, essas tentativas tenham enfrentado um lobby gigantesco por parte das grandes empresas de tecnologia.<\/span><\/p>\n<p><span style=\"font-weight: 400;\">A Momentum publicou materiais resultantes de suas pesquisas, como um relat\u00f3rio para editores brasileiros sobre jornalismo e intelig\u00eancia artificial. Miraglia tamb\u00e9m disse que est\u00e3o no processo de cria\u00e7\u00e3o de uma interface de acesso aberto que os meios de comunica\u00e7\u00e3o poder\u00e3o usar para ter mais controle sobre quanto acesso as plataformas de IA t\u00eam ao seu conte\u00fado.<\/span><\/p>\n<p><span style=\"font-weight: 400;\">Outro palestrante que acredita que os jornalistas n\u00e3o devem ceder o controle \u00e0s empresas de tecnologia \u00e9 Pedro Iv\u00e1n Quintana, jornalista da Organiza\u00e7\u00e3o Editorial Mexicana (OEM), um conglomerado de 45 meios de comunica\u00e7\u00e3o digitais e impressos distribu\u00eddos no pa\u00eds.<\/span><\/p>\n<p><span style=\"font-weight: 400;\">Quintana disse que s\u00e3o os jornalistas que devem decidir que uso ser\u00e1 dado \u00e0s ferramentas de IA nas reda\u00e7\u00f5es. Essa \u00e9 a premissa de seu trabalho como coordenador da unidade de IA da OEM, que busca desenvolver um sistema centralizado de diretrizes para o uso dessa tecnologia nos 45 meios de comunica\u00e7\u00e3o do grupo para aproveitar a IA sob padr\u00f5es e solu\u00e7\u00f5es \u00e9ticas, coordenadas e decididas por jornalistas.<\/span><\/p>\n<p><span style=\"font-weight: 400;\">\"Temos que gerar um ecossistema centralizado que desenvolvemos internamente com projetos que estejam nas m\u00e3os de jornalistas que entendem o que \u00e9 o trabalho de uma reda\u00e7\u00e3o, e n\u00e3o deixar nas m\u00e3os de empresas de tecnologia que fazem para n\u00f3s o trabalho que eles acham que \u00e9 o que precisamos\", disse Quintana.<\/span><\/p>\n<p><span style=\"font-weight: 400;\">O jornalista disse que grupos t\u00e3o grandes quanto o OEM \u2013 que t\u00eam mais de 900 funcion\u00e1rios em 45 meios de comunica\u00e7\u00e3o distribu\u00eddos em 25 estados do pa\u00eds \u2013 t\u00eam o enorme desafio de coordenar o uso da IA pelas equipes.<\/span><\/p>\n<p><span style=\"font-weight: 400;\">Para isso, a unidade de IA do OEM assumiu a tarefa de consultar o respons\u00e1vel pela reda\u00e7\u00e3o de cada ve\u00edculo para determinar que tipo de ferramentas de IA estavam sendo utilizadas e de que forma. Da mesma forma, procuraram identificar as necessidades espec\u00edficas que levaram os jornalistas a recorrer \u00e0 IA.<\/span><\/p>\n<p><span style=\"font-weight: 400;\">Com as informa\u00e7\u00f5es desse diagn\u00f3stico, a unidade de IA est\u00e1 tentando encontrar as melhores formas de utilizar essa tecnologia, quais ferramentas, com quais par\u00e2metros e sob quais c\u00f3digos \u00e9ticos, disse Quintana. A unidade de IA procura garantir que estes c\u00f3digos de \u00e9tica sejam homog\u00eaneos, controlados pela OEM e respondam aos desafios das suas reda\u00e7\u00f5es.<\/span><\/p>\n<p><span style=\"font-weight: 400;\">\"Achamos que [a IA] pode ser uma grande aliada, verificamos isso em pequenas experi\u00eancias dentro das reda\u00e7\u00f5es da organiza\u00e7\u00e3o [sobre] como otimizar trabalhos para poder liberar o tempo dos jornalistas que se dedicam ao que h\u00e1 de mais valioso, que \u00e9 o trabalho jornal\u00edstico de qualidade\".<\/span><\/p>\n<h3><span style=\"font-weight: 400;\">Aprendendo com influenciadores<\/span><\/h3>\n<p><span style=\"font-weight: 400;\">O jornalista David G\u00f3mez-Fernandini, fundador da m\u00eddia independente peruana Epicentro.TV, disse que gra\u00e7as ao curso do Centro Knight \"<\/span><a href=\"https:\/\/journalismcourses.org\/product\/digital-content-creators-and-journalists-how-to-be-a-trusted-voice-online\/\"><span style=\"font-weight: 400;\">Criadores de conte\u00fado digital e jornalistas: como ser uma voz confi\u00e1vel na Interne<\/span><\/a><span style=\"font-weight: 400;\">t\" em novembro de 2024, ele aprendeu estrat\u00e9gias utilizadas por influenciadores para construir um relacionamento melhor com seus seguidores.<\/span><\/p>\n<p><span style=\"font-weight: 400;\">O\u00a0 jornalista disse que a Epicentro.TV, um ve\u00edculo que surgiu para preencher o vazio do jornalismo investigativo sobre direitos humanos e meio ambiente deixado pelos grandes meios de comunica\u00e7\u00e3o do Peru, est\u00e1 colocando em pr\u00e1tica estrat\u00e9gias para construir uma comunidade e abordar seu p\u00fablico de uma forma mais horizontal.<\/span><\/p>\n<p><span style=\"font-weight: 400;\">\"Aprendemos a import\u00e2ncia de fazer conte\u00fados que antes pareciam imposs\u00edveis de fazer na TV, que um jornalista n\u00e3o poderia fazer o que um influenciador faz\", disse G\u00f3mez-Fernandini. \"Mas aprendemos que \u00e9 isso que devemos fazer tamb\u00e9m e conversar com as pessoas em um ou dois minutos para despertar o interesse em t\u00f3picos nos quais elas podem se aprofundar acessando nossas pesquisas ou programas que fazemos atrav\u00e9s de streaming\".<\/span><\/p>\n<p><span style=\"font-weight: 400;\">O ve\u00edculo, que surgiu em 2021 ap\u00f3s a sa\u00edda de seus quatro fundadores do canal Am\u00e9rica Televisi\u00f3n devido \u00e0 press\u00e3o durante as elei\u00e7\u00f5es presidenciais no Peru daquele ano, conseguiu acumular mais de 100 mil seguidores no Facebook e no YouTube, e quase 80 mil no TikTok.<\/span><\/p>\n<p><span style=\"font-weight: 400;\">O encontro com os leitores \u00e9 uma das estrat\u00e9gias que aprenderam com os criadores de conte\u00fado digital. O ve\u00edculo realiza reuni\u00f5es virtuais e planeja organizar reuni\u00f5es f\u00edsicas para conhecer mais de perto o seu p\u00fablico, disse G\u00f3mez-Fernandini.<\/span><\/p>\n<p><span style=\"font-weight: 400;\">O jornalista acrescentou que nos \u00faltimos oito anos o Peru sofreu instabilidade pol\u00edtica, com ascens\u00e3o e queda de seis presidentes. Nesse per\u00edodo, houve v\u00e1rias tentativas de enfraquecer a democracia, como a aprova\u00e7\u00e3o, em 12 de mar\u00e7o, de uma lei contra as ONGs e o agravamento das penas por difama\u00e7\u00e3o e cal\u00fania, o que faz com que muitos jornalistas prefiram n\u00e3o publicar sobre determinados temas por medo de serem perseguidos judicialmente, disse G\u00f3mez-Fernandini.<\/span><\/p>\n<p><span style=\"font-weight: 400;\">A Epicentro.TV enfrenta atualmente as consequ\u00eancias dessas tentativas de silenciar vozes cr\u00edticas, como \u00e9 o caso da persegui\u00e7\u00e3o judicial a Daniel Yovera, um dos fundadores do ve\u00edculo, que em 2016 publicou uma reportagem que revelava uma suposta apropria\u00e7\u00e3o de terras pela organiza\u00e7\u00e3o religiosa Sodalicio de Vida Cristiana.<\/span><\/p>\n<p><span style=\"font-weight: 400;\">\"Ele foi assediado judicialmente durante anos, o que lhe tirou tempo e energia e foi um problema econ\u00f4mico para ele e para o Epicentro\", disse G\u00f3mez-Fernandini.<\/span><\/p>\n<p><span style=\"font-weight: 400;\">Da mesma forma, outra das fundadoras do ve\u00edculo, Clara Elvira Ospina, foi v\u00edtima de campanhas online de difama\u00e7\u00e3o, xenofobia e desinforma\u00e7\u00e3o, com a suposta participa\u00e7\u00e3o de funcion\u00e1rios p\u00fablicos, disse o jornalista.<\/span><\/p>\n<h3><span style=\"font-weight: 400;\">Alian\u00e7as, jornalismo de servi\u00e7o e forma\u00e7\u00e3o<\/span><\/h3>\n<p><span style=\"font-weight: 400;\">Maria Martha Bruno, coordenadora de alian\u00e7as internacionais da organiza\u00e7\u00e3o brasileira Ag\u00eancia P\u00fablica, falou sobre a import\u00e2ncia da colabora\u00e7\u00e3o jornal\u00edstica transfronteiri\u00e7a e a oportunidade que o estabelecimento de alian\u00e7as traz para o jornalismo no Brasil e na Am\u00e9rica Latina.<\/span><\/p>\n<p><span style=\"font-weight: 400;\">\"Com o novo contexto da situa\u00e7\u00e3o internacional e da geopol\u00edtica que vivemos, sabemos que o Brasil e a Am\u00e9rica Latina chegam agora a outro lugar de destaque, no qual estamos bastante inseridos e temos bastante for\u00e7a\", disse Bruno.<\/span><\/p>\n<p><span style=\"font-weight: 400;\">A jornalista disse que com o estabelecimento de alian\u00e7as internacionais, a Ag\u00eancia P\u00fablica busca fortalecer a produ\u00e7\u00e3o de conte\u00fado em colabora\u00e7\u00e3o com a m\u00eddia internacional, ampliar a republica\u00e7\u00e3o de conte\u00fado no exterior, estabelecer a organiza\u00e7\u00e3o como refer\u00eancia internacional em temas-chave e alcan\u00e7ar o posicionamento internacional da marca.<\/span><\/p>\n<p><span style=\"font-weight: 400;\">Como exemplo de alian\u00e7as jornal\u00edsticas internacionais que tiveram impacto, Bruno citou projetos colaborativos como \"Mercen\u00e1rios Digitais\", \"Redes de Nicotina\" e \"Projeto Escravizadores\", que a Ag\u00eancia P\u00fablica realizou em colabora\u00e7\u00e3o com meios de comunica\u00e7\u00e3o da regi\u00e3o.<\/span><\/p>\n<p><span style=\"font-weight: 400;\">Bruno disse que o objetivo das alian\u00e7as internacionais para a realiza\u00e7\u00e3o desses projetos \u00e9 impactar e divulgar a forma como a m\u00eddia latino-americana investiga as redes de poder.<\/span><\/p>\n<p><span style=\"font-weight: 400;\">\"Neste momento de fragilidade dos ve\u00edculos jornal\u00edsticos em diversas democracias da regi\u00e3o, \u00e9 extremamente necess\u00e1rio que estejamos juntos para que possamos ampliar a voz do jornalismo latino-americano na regi\u00e3o\", disse Bruno. \"\u00c9 por isso que alian\u00e7as com troca de conhecimento, esfor\u00e7o, dinheiro \u2013 porque todos precisamos disso \u2013 s\u00e3o coisas que fortalecem os nossos meios de comunica\u00e7\u00e3o e nos ajudam a proteger as nossas democracias e, consequentemente, a proteger o jornalismo\".<\/span><\/p>\n<p>Por sua vez, representantes do Platea, um ve\u00edculo digital fundado em Porto Rico em 2020, falaram sobre como est\u00e3o usando o jornalismo de servi\u00e7o para ajudar a gera\u00e7\u00e3o millennial a recuperar a confian\u00e7a na m\u00eddia.<\/p>\n<p><span style=\"font-weight: 400;\">Selymar Col\u00f3n, diretora geral do Platea, explicou que o ve\u00edculo \u00e9 dirigido a jovens entre 25 e 45 anos, uma gera\u00e7\u00e3o ponte entre os mais jovens e os idosos. Como este grupo em geral n\u00e3o consome not\u00edcias na m\u00eddia tradicional, Platea aposta no jornalismo de servi\u00e7os, dados e tecnologia para atra\u00ed-los.<\/span><\/p>\n<p><span style=\"font-weight: 400;\">Para isso, o ve\u00edculo recorre a uma narrativa diferente que explica e prop\u00f5e solu\u00e7\u00f5es para os problemas que afetam Porto Rico e que interessam a essa gera\u00e7\u00e3o, disse Col\u00f3n. Isso, com o uso de uma linguagem que agrada a essa popula\u00e7\u00e3o e nos formatos que ela consome.<\/span><\/p>\n<p><span style=\"font-weight: 400;\">\"Estamos empenhados em mudar essa narrativa que vemos e ouvimos e que vem da forma como muitas quest\u00f5es em Porto Rico foram abordadas at\u00e9 agora\", disse Rol\u00f3n. \"Queremos sair desse pessimismo e partir para as oportunidades, uma narrativa nova e mais otimista para poder continuar crescendo em Porto Rico.\"<\/span><\/p>\n<p><span style=\"font-weight: 400;\">O jornalismo de servi\u00e7o do Platea se apresenta na forma de guias explicativos com elementos que inspiram o leitor a agir com base nas informa\u00e7\u00f5es, disse Rol\u00f3n. As informa\u00e7\u00f5es s\u00e3o distribu\u00eddas em diversas plataformas, desde reels at\u00e9 newsletters.<\/span><\/p>\n<p><span style=\"font-weight: 400;\">Os guias de recomenda\u00e7\u00f5es sobre locais e atividades foram um elemento chave para a constru\u00e7\u00e3o da comunidade durante os primeiros anos do Platea, disse Andreia P\u00e9rez, pois geraram intera\u00e7\u00e3o importante entre os jovens, num momento em que as pessoas procuravam sair e se encontrar ap\u00f3s as restri\u00e7\u00f5es sociais da COVID-19.<\/span><\/p>\n<p><span style=\"font-weight: 400;\">\"O que queremos evitar \u00e9 que daqui a 5 ou 10 anos olhemos para tr\u00e1s e perguntemos 'por que \u00e9 que os jovens n\u00e3o se informam? Porque n\u00e3o t\u00eam onde ter informa\u00e7\u00e3o num meio em que confiem'\", disse Col\u00f3n. \"Estamos avan\u00e7ando para criar esse caminho para que, quando chegar a hora, Platea j\u00e1 tenha um lugar para eles\".<\/span><\/p>\n<p><span style=\"font-weight: 400;\">Para encerrar a rodada de Projetos Especiais, Mariana Alvarado, jornalista e instrutora da Google News Initiative (GNI), falou sobre a oferta do Google de programas de treinamento e apoio \u00e0 sustentabilidade para jornalistas e reda\u00e7\u00f5es na Am\u00e9rica Latina.<\/span><\/p>\n<p><span style=\"font-weight: 400;\">Alvarado disse que, ap\u00f3s uma pausa devido \u00e0 pandemia, o Google News Lab \u2013 iniciativa da GNI para treinar jornalistas em ferramentas digitais em reda\u00e7\u00f5es ou universidades \u2013 foi relan\u00e7ado com \u00eanfase em intelig\u00eancia artificial.<\/span><\/p>\n<p><span style=\"font-weight: 400;\">A empresa tecnol\u00f3gica est\u00e1 atualmente promovendo forma\u00e7\u00e3o sobre a utiliza\u00e7\u00e3o de ferramentas 100% alimentadas por IA generativa, como o Notebook LM (para tomar notas e pesquisa), Gemini (o modelo de processamento de linguagem natural) e Pinpoint (para gest\u00e3o de dados em diferentes formatos), disse Alvarado.<\/span><\/p>\n<p><span style=\"font-weight: 400;\">Alvarado apresentou os GNI Growth Labs, que s\u00e3o laborat\u00f3rios de treinamento e assessoria para reda\u00e7\u00f5es em temas como aumento de audi\u00eancia e receita. Consistem em sess\u00f5es personalizadas diretamente com ve\u00edculos de comunica\u00e7\u00e3o e no desenvolvimento de um plano de melhoria nestas \u00e1reas.<\/span><\/p>\n<p><span style=\"font-weight: 400;\">\"A ideia \u00e9 aproveitar todas essas ferramentas que tamb\u00e9m est\u00e3o [no mercado] h\u00e1 anos, mas s\u00e3o pouco conhecidas\", disse Alvarado. \"O que queremos \u00e9 apoiar do lado jornal\u00edstico, mas tamb\u00e9m come\u00e7ar a nos envolver mais na sustentabilidade\".<\/span><\/p>\n","protected":false},"excerpt":{"rendered":"<p>No Col\u00f3quio Ibero-Americano de Jornalismo Digital, os meios de comunica\u00e7\u00e3o da regi\u00e3o apresentaram iniciativas para enfrentar a crise financeira, a perda de credibilidade, o avan\u00e7o da IA e os ataques \u00e0 imprensa.<\/p>\n","protected":false},"author":19,"featured_media":126134,"comment_status":"closed","ping_status":"closed","sticky":false,"template":"","format":"standard","meta":{"inline_featured_image":false,"footnotes":""},"categories":[2399],"tags":[1558,2432,2523],"coauthors":[2753],"class_list":["post-126435","post","type-post","status-publish","format-standard","has-post-thumbnail","hentry","category-coloquio","tag-engajamento-da-audiencia-pt-br","tag-inovacao","tag-modelo-de-negocios"],"acf":[],"yoast_head":"<!-- This site is optimized with the Yoast SEO Premium plugin v22.6 (Yoast SEO v27.4) - https:\/\/yoast.com\/product\/yoast-seo-premium-wordpress\/ -->\n<title>Diante da crise, jornalistas latino-americanos apostam em alian\u00e7as, novas narrativas e conex\u00e3o com os p\u00fablicos - LatAm Journalism Review by the Knight Center<\/title>\n<meta name=\"description\" content=\"Iniciativas para enfrentar a crise financeira, a perda de credibilidade, o avan\u00e7o da IA e os ataques \u00e0 imprensa.\" \/>\n<meta name=\"robots\" content=\"index, follow, max-snippet:-1, max-image-preview:large, max-video-preview:-1\" \/>\n<link rel=\"canonical\" href=\"https:\/\/latamjournalismreview.org\/pt-br\/articles\/diante-da-crise-jornalistas-latino-americanos-apostam-em-aliancas-novas-narrativas-e-conexao-com-os-publicos\/\" \/>\n<meta property=\"og:locale\" content=\"pt_BR\" \/>\n<meta property=\"og:type\" content=\"article\" \/>\n<meta property=\"og:title\" content=\"Diante da crise, jornalistas latino-americanos apostam em alian\u00e7as, novas narrativas e conex\u00e3o com os p\u00fablicos\" \/>\n<meta property=\"og:description\" content=\"Iniciativas para enfrentar a crise financeira, a perda de credibilidade, o avan\u00e7o da IA e os ataques \u00e0 imprensa.\" \/>\n<meta property=\"og:url\" content=\"https:\/\/latamjournalismreview.org\/pt-br\/articles\/diante-da-crise-jornalistas-latino-americanos-apostam-em-aliancas-novas-narrativas-e-conexao-com-os-publicos\/\" \/>\n<meta property=\"og:site_name\" content=\"LatAm Journalism Review by the Knight Center\" \/>\n<meta property=\"article:published_time\" content=\"2025-04-09T18:48:57+00:00\" \/>\n<meta property=\"article:modified_time\" content=\"2025-05-01T22:20:06+00:00\" \/>\n<meta property=\"og:image\" content=\"https:\/\/latamjournalismreview.org\/wp-content\/uploads\/2025\/04\/54418214274_eb4c7a04d0_o.jpg\" \/>\n\t<meta property=\"og:image:width\" content=\"1600\" \/>\n\t<meta property=\"og:image:height\" content=\"1067\" \/>\n\t<meta property=\"og:image:type\" content=\"image\/jpeg\" \/>\n<meta name=\"author\" content=\"C\u00e9sar L\u00f3pez Linares\" \/>\n<meta name=\"twitter:card\" content=\"summary_large_image\" \/>\n<meta name=\"twitter:creator\" content=\"@cesarisch\" \/>\n<meta name=\"twitter:site\" content=\"@LatAmJournalism\" \/>\n<meta name=\"twitter:label1\" content=\"Written by\" \/>\n\t<meta name=\"twitter:data1\" content=\"C\u00e9sar L\u00f3pez Linares\" \/>\n\t<meta name=\"twitter:label2\" content=\"Est. reading time\" \/>\n\t<meta name=\"twitter:data2\" content=\"11 minutos\" \/>\n<script type=\"application\/ld+json\" class=\"yoast-schema-graph\">{\"@context\":\"https:\\\/\\\/schema.org\",\"@graph\":[{\"@type\":\"Article\",\"@id\":\"https:\\\/\\\/latamjournalismreview.org\\\/pt-br\\\/articles\\\/diante-da-crise-jornalistas-latino-americanos-apostam-em-aliancas-novas-narrativas-e-conexao-com-os-publicos\\\/#article\",\"isPartOf\":{\"@id\":\"https:\\\/\\\/latamjournalismreview.org\\\/pt-br\\\/articles\\\/diante-da-crise-jornalistas-latino-americanos-apostam-em-aliancas-novas-narrativas-e-conexao-com-os-publicos\\\/\"},\"author\":{\"name\":\"C\u00e9sar L\u00f3pez Linares\",\"@id\":\"https:\\\/\\\/latamjournalismreview.org\\\/pt-br\\\/#\\\/schema\\\/person\\\/dcf6dcdd6226ac8d939e2796645d17c6\"},\"headline\":\"Diante da crise, jornalistas latino-americanos apostam em alian\u00e7as, novas narrativas e conex\u00e3o com os p\u00fablicos\",\"datePublished\":\"2025-04-09T18:48:57+00:00\",\"dateModified\":\"2025-05-01T22:20:06+00:00\",\"mainEntityOfPage\":{\"@id\":\"https:\\\/\\\/latamjournalismreview.org\\\/pt-br\\\/articles\\\/diante-da-crise-jornalistas-latino-americanos-apostam-em-aliancas-novas-narrativas-e-conexao-com-os-publicos\\\/\"},\"wordCount\":2678,\"publisher\":{\"@id\":\"https:\\\/\\\/latamjournalismreview.org\\\/pt-br\\\/#organization\"},\"image\":{\"@id\":\"https:\\\/\\\/latamjournalismreview.org\\\/pt-br\\\/articles\\\/diante-da-crise-jornalistas-latino-americanos-apostam-em-aliancas-novas-narrativas-e-conexao-com-os-publicos\\\/#primaryimage\"},\"thumbnailUrl\":\"https:\\\/\\\/latamjournalismreview.org\\\/wp-content\\\/uploads\\\/2025\\\/04\\\/54418214274_eb4c7a04d0_o.jpg\",\"keywords\":[\"Engajamento da audi\u00eancia\",\"Inova\u00e7\u00e3o\",\"Modelo de neg\u00f3cios\"],\"articleSection\":[\"Col\u00f3quio Iberoamericano\"],\"inLanguage\":\"pt-BR\"},{\"@type\":\"WebPage\",\"@id\":\"https:\\\/\\\/latamjournalismreview.org\\\/pt-br\\\/articles\\\/diante-da-crise-jornalistas-latino-americanos-apostam-em-aliancas-novas-narrativas-e-conexao-com-os-publicos\\\/\",\"url\":\"https:\\\/\\\/latamjournalismreview.org\\\/pt-br\\\/articles\\\/diante-da-crise-jornalistas-latino-americanos-apostam-em-aliancas-novas-narrativas-e-conexao-com-os-publicos\\\/\",\"name\":\"Diante da crise, jornalistas latino-americanos apostam em alian\u00e7as, novas narrativas e conex\u00e3o com os p\u00fablicos - LatAm Journalism Review by the Knight Center\",\"isPartOf\":{\"@id\":\"https:\\\/\\\/latamjournalismreview.org\\\/pt-br\\\/#website\"},\"primaryImageOfPage\":{\"@id\":\"https:\\\/\\\/latamjournalismreview.org\\\/pt-br\\\/articles\\\/diante-da-crise-jornalistas-latino-americanos-apostam-em-aliancas-novas-narrativas-e-conexao-com-os-publicos\\\/#primaryimage\"},\"image\":{\"@id\":\"https:\\\/\\\/latamjournalismreview.org\\\/pt-br\\\/articles\\\/diante-da-crise-jornalistas-latino-americanos-apostam-em-aliancas-novas-narrativas-e-conexao-com-os-publicos\\\/#primaryimage\"},\"thumbnailUrl\":\"https:\\\/\\\/latamjournalismreview.org\\\/wp-content\\\/uploads\\\/2025\\\/04\\\/54418214274_eb4c7a04d0_o.jpg\",\"datePublished\":\"2025-04-09T18:48:57+00:00\",\"dateModified\":\"2025-05-01T22:20:06+00:00\",\"description\":\"Iniciativas para enfrentar a crise financeira, a perda de credibilidade, o avan\u00e7o da IA e os ataques \u00e0 imprensa.\",\"breadcrumb\":{\"@id\":\"https:\\\/\\\/latamjournalismreview.org\\\/pt-br\\\/articles\\\/diante-da-crise-jornalistas-latino-americanos-apostam-em-aliancas-novas-narrativas-e-conexao-com-os-publicos\\\/#breadcrumb\"},\"inLanguage\":\"pt-BR\",\"potentialAction\":[{\"@type\":\"ReadAction\",\"target\":[\"https:\\\/\\\/latamjournalismreview.org\\\/pt-br\\\/articles\\\/diante-da-crise-jornalistas-latino-americanos-apostam-em-aliancas-novas-narrativas-e-conexao-com-os-publicos\\\/\"]}]},{\"@type\":\"ImageObject\",\"inLanguage\":\"pt-BR\",\"@id\":\"https:\\\/\\\/latamjournalismreview.org\\\/pt-br\\\/articles\\\/diante-da-crise-jornalistas-latino-americanos-apostam-em-aliancas-novas-narrativas-e-conexao-com-os-publicos\\\/#primaryimage\",\"url\":\"https:\\\/\\\/latamjournalismreview.org\\\/wp-content\\\/uploads\\\/2025\\\/04\\\/54418214274_eb4c7a04d0_o.jpg\",\"contentUrl\":\"https:\\\/\\\/latamjournalismreview.org\\\/wp-content\\\/uploads\\\/2025\\\/04\\\/54418214274_eb4c7a04d0_o.jpg\",\"width\":1600,\"height\":1067,\"caption\":\"18\u00ba COLOQUIO IBEROAMERICANO DE PERIODISMO DIGITAL on Saturday, March 29, 2025, at the Texas Union at UT Austin. Patricia Lim\\\/Knight Center\"},{\"@type\":\"BreadcrumbList\",\"@id\":\"https:\\\/\\\/latamjournalismreview.org\\\/pt-br\\\/articles\\\/diante-da-crise-jornalistas-latino-americanos-apostam-em-aliancas-novas-narrativas-e-conexao-com-os-publicos\\\/#breadcrumb\",\"itemListElement\":[{\"@type\":\"ListItem\",\"position\":1,\"name\":\"Home\",\"item\":\"https:\\\/\\\/latamjournalismreview.org\\\/pt-br\\\/\"},{\"@type\":\"ListItem\",\"position\":2,\"name\":\"Diante da crise, jornalistas latino-americanos apostam em alian\u00e7as, novas narrativas e conex\u00e3o com os p\u00fablicos\"}]},{\"@type\":\"WebSite\",\"@id\":\"https:\\\/\\\/latamjournalismreview.org\\\/pt-br\\\/#website\",\"url\":\"https:\\\/\\\/latamjournalismreview.org\\\/pt-br\\\/\",\"name\":\"LatAm Journalism Review\",\"description\":\"Digital magazine on journalism in Latin America\",\"publisher\":{\"@id\":\"https:\\\/\\\/latamjournalismreview.org\\\/pt-br\\\/#organization\"},\"potentialAction\":[{\"@type\":\"SearchAction\",\"target\":{\"@type\":\"EntryPoint\",\"urlTemplate\":\"https:\\\/\\\/latamjournalismreview.org\\\/pt-br\\\/?s={search_term_string}\"},\"query-input\":{\"@type\":\"PropertyValueSpecification\",\"valueRequired\":true,\"valueName\":\"search_term_string\"}}],\"inLanguage\":\"pt-BR\"},{\"@type\":\"Organization\",\"@id\":\"https:\\\/\\\/latamjournalismreview.org\\\/pt-br\\\/#organization\",\"name\":\"LatAm Journalism Review\",\"url\":\"https:\\\/\\\/latamjournalismreview.org\\\/pt-br\\\/\",\"logo\":{\"@type\":\"ImageObject\",\"inLanguage\":\"pt-BR\",\"@id\":\"https:\\\/\\\/latamjournalismreview.org\\\/pt-br\\\/#\\\/schema\\\/logo\\\/image\\\/\",\"url\":\"https:\\\/\\\/latamjournalismreview.org\\\/wp-content\\\/uploads\\\/2020\\\/05\\\/knight-latAm-review-logo.svg\",\"contentUrl\":\"https:\\\/\\\/latamjournalismreview.org\\\/wp-content\\\/uploads\\\/2020\\\/05\\\/knight-latAm-review-logo.svg\",\"width\":\"1024\",\"height\":\"1024\",\"caption\":\"LatAm Journalism Review\"},\"image\":{\"@id\":\"https:\\\/\\\/latamjournalismreview.org\\\/pt-br\\\/#\\\/schema\\\/logo\\\/image\\\/\"},\"sameAs\":[\"https:\\\/\\\/x.com\\\/LatAmJournalism\"]},{\"@type\":\"Person\",\"@id\":\"https:\\\/\\\/latamjournalismreview.org\\\/pt-br\\\/#\\\/schema\\\/person\\\/dcf6dcdd6226ac8d939e2796645d17c6\",\"name\":\"C\u00e9sar L\u00f3pez Linares\",\"description\":\"C\u00e9sar L\u00f3pez Linares began his career at the Mexican newspaper REFORMA as an entertainment and media co-editor. He has written for publications such as TODO Austin, Texas Music Magazine and The Austin Chronicle. C\u00e9sar has a Master's degree in Journalism from the University of Texas at Austin and a Bachelors degree in Communication from the National Autonomous University of Mexico. He previously wrote about innovation in journalism for the Gabo Foundation in Colombia and currently reports for the Knight Center's LatAmJournalism Review digital magazine. A native of Mexico City, C\u00e9sar has become a digital nomad combining content creation with his passion for travel. ________ C\u00e9sar L\u00f3pez Linares inici\u00f3 su carrera en el diario mexicano REFORMA como coeditor de entretenimiento y medios. Ha escrito para publicaciones como TODO Austin, Texas Music Magazine y The Austin Chronicle. C\u00e9sar tiene una Maestr\u00eda en Periodismo de la Universidad de Texas en Austin y una Licenciatura en Comunicaci\u00f3n de la Universidad Nacional Aut\u00f3noma de M\u00e9xico. Previamente escribi\u00f3 sobre innovaci\u00f3n en periodismo para la Fundaci\u00f3n Gabo en Colombia y actualmente escribe para la revista digital LatAmJournalism Review del Centro Knight. Originario de la Ciudad de M\u00e9xico, C\u00e9sar se ha convertido en un n\u00f3mada digital que combina la creaci\u00f3n de contenido con su pasi\u00f3n por viajar. _________ C\u00e9sar L\u00f3pez Linares come\u00e7ou sua carreira no jornal mexicano REFORMA como coeditor de entretenimento e m\u00eddia. Ele escreveu para publica\u00e7\u00f5es como TODO Austin, Texas Music Magazine e The Austin Chronicle. C\u00e9sar tem mestrado em jornalismo pela University of Texas em Austin e \u00e9 bacharel em comunica\u00e7\u00e3o pela Universidad Nacional Aut\u00f3noma de M\u00e9xico. Antes disso, ele escreveu sobre inova\u00e7\u00e3o no jornalismo para a Funda\u00e7\u00e3o Gabo na Col\u00f4mbia. Atualmente escreve para a revista digital LatAmJournalism Review do Centro Knight. Nascido na Cidade do M\u00e9xico, C\u00e9sar se tornou um n\u00f4made digital combinando a cria\u00e7\u00e3o de conte\u00fado com sua paix\u00e3o por viagens.\",\"sameAs\":[\"https:\\\/\\\/x.com\\\/cesarisch\"],\"url\":\"https:\\\/\\\/latamjournalismreview.org\\\/pt-br\\\/articles\\\/author\\\/cesar-lopez-linares\\\/\"}]}<\/script>\n<!-- \/ Yoast SEO Premium plugin. -->","yoast_head_json":{"title":"Diante da crise, jornalistas latino-americanos apostam em alian\u00e7as, novas narrativas e conex\u00e3o com os p\u00fablicos - LatAm Journalism Review by the Knight Center","description":"Iniciativas para enfrentar a crise financeira, a perda de credibilidade, o avan\u00e7o da IA e os ataques \u00e0 imprensa.","robots":{"index":"index","follow":"follow","max-snippet":"max-snippet:-1","max-image-preview":"max-image-preview:large","max-video-preview":"max-video-preview:-1"},"canonical":"https:\/\/latamjournalismreview.org\/pt-br\/articles\/diante-da-crise-jornalistas-latino-americanos-apostam-em-aliancas-novas-narrativas-e-conexao-com-os-publicos\/","og_locale":"pt_BR","og_type":"article","og_title":"Diante da crise, jornalistas latino-americanos apostam em alian\u00e7as, novas narrativas e conex\u00e3o com os p\u00fablicos","og_description":"Iniciativas para enfrentar a crise financeira, a perda de credibilidade, o avan\u00e7o da IA e os ataques \u00e0 imprensa.","og_url":"https:\/\/latamjournalismreview.org\/pt-br\/articles\/diante-da-crise-jornalistas-latino-americanos-apostam-em-aliancas-novas-narrativas-e-conexao-com-os-publicos\/","og_site_name":"LatAm Journalism Review by the Knight Center","article_published_time":"2025-04-09T18:48:57+00:00","article_modified_time":"2025-05-01T22:20:06+00:00","og_image":[{"width":1600,"height":1067,"url":"https:\/\/latamjournalismreview.org\/wp-content\/uploads\/2025\/04\/54418214274_eb4c7a04d0_o.jpg","type":"image\/jpeg"}],"author":"C\u00e9sar L\u00f3pez Linares","twitter_card":"summary_large_image","twitter_creator":"@cesarisch","twitter_site":"@LatAmJournalism","twitter_misc":{"Written by":"C\u00e9sar L\u00f3pez Linares","Est. reading time":"11 minutos"},"schema":{"@context":"https:\/\/schema.org","@graph":[{"@type":"Article","@id":"https:\/\/latamjournalismreview.org\/pt-br\/articles\/diante-da-crise-jornalistas-latino-americanos-apostam-em-aliancas-novas-narrativas-e-conexao-com-os-publicos\/#article","isPartOf":{"@id":"https:\/\/latamjournalismreview.org\/pt-br\/articles\/diante-da-crise-jornalistas-latino-americanos-apostam-em-aliancas-novas-narrativas-e-conexao-com-os-publicos\/"},"author":{"name":"C\u00e9sar L\u00f3pez Linares","@id":"https:\/\/latamjournalismreview.org\/pt-br\/#\/schema\/person\/dcf6dcdd6226ac8d939e2796645d17c6"},"headline":"Diante da crise, jornalistas latino-americanos apostam em alian\u00e7as, novas narrativas e conex\u00e3o com os p\u00fablicos","datePublished":"2025-04-09T18:48:57+00:00","dateModified":"2025-05-01T22:20:06+00:00","mainEntityOfPage":{"@id":"https:\/\/latamjournalismreview.org\/pt-br\/articles\/diante-da-crise-jornalistas-latino-americanos-apostam-em-aliancas-novas-narrativas-e-conexao-com-os-publicos\/"},"wordCount":2678,"publisher":{"@id":"https:\/\/latamjournalismreview.org\/pt-br\/#organization"},"image":{"@id":"https:\/\/latamjournalismreview.org\/pt-br\/articles\/diante-da-crise-jornalistas-latino-americanos-apostam-em-aliancas-novas-narrativas-e-conexao-com-os-publicos\/#primaryimage"},"thumbnailUrl":"https:\/\/latamjournalismreview.org\/wp-content\/uploads\/2025\/04\/54418214274_eb4c7a04d0_o.jpg","keywords":["Engajamento da audi\u00eancia","Inova\u00e7\u00e3o","Modelo de neg\u00f3cios"],"articleSection":["Col\u00f3quio Iberoamericano"],"inLanguage":"pt-BR"},{"@type":"WebPage","@id":"https:\/\/latamjournalismreview.org\/pt-br\/articles\/diante-da-crise-jornalistas-latino-americanos-apostam-em-aliancas-novas-narrativas-e-conexao-com-os-publicos\/","url":"https:\/\/latamjournalismreview.org\/pt-br\/articles\/diante-da-crise-jornalistas-latino-americanos-apostam-em-aliancas-novas-narrativas-e-conexao-com-os-publicos\/","name":"Diante da crise, jornalistas latino-americanos apostam em alian\u00e7as, novas narrativas e conex\u00e3o com os p\u00fablicos - LatAm Journalism Review by the Knight Center","isPartOf":{"@id":"https:\/\/latamjournalismreview.org\/pt-br\/#website"},"primaryImageOfPage":{"@id":"https:\/\/latamjournalismreview.org\/pt-br\/articles\/diante-da-crise-jornalistas-latino-americanos-apostam-em-aliancas-novas-narrativas-e-conexao-com-os-publicos\/#primaryimage"},"image":{"@id":"https:\/\/latamjournalismreview.org\/pt-br\/articles\/diante-da-crise-jornalistas-latino-americanos-apostam-em-aliancas-novas-narrativas-e-conexao-com-os-publicos\/#primaryimage"},"thumbnailUrl":"https:\/\/latamjournalismreview.org\/wp-content\/uploads\/2025\/04\/54418214274_eb4c7a04d0_o.jpg","datePublished":"2025-04-09T18:48:57+00:00","dateModified":"2025-05-01T22:20:06+00:00","description":"Iniciativas para enfrentar a crise financeira, a perda de credibilidade, o avan\u00e7o da IA e os ataques \u00e0 imprensa.","breadcrumb":{"@id":"https:\/\/latamjournalismreview.org\/pt-br\/articles\/diante-da-crise-jornalistas-latino-americanos-apostam-em-aliancas-novas-narrativas-e-conexao-com-os-publicos\/#breadcrumb"},"inLanguage":"pt-BR","potentialAction":[{"@type":"ReadAction","target":["https:\/\/latamjournalismreview.org\/pt-br\/articles\/diante-da-crise-jornalistas-latino-americanos-apostam-em-aliancas-novas-narrativas-e-conexao-com-os-publicos\/"]}]},{"@type":"ImageObject","inLanguage":"pt-BR","@id":"https:\/\/latamjournalismreview.org\/pt-br\/articles\/diante-da-crise-jornalistas-latino-americanos-apostam-em-aliancas-novas-narrativas-e-conexao-com-os-publicos\/#primaryimage","url":"https:\/\/latamjournalismreview.org\/wp-content\/uploads\/2025\/04\/54418214274_eb4c7a04d0_o.jpg","contentUrl":"https:\/\/latamjournalismreview.org\/wp-content\/uploads\/2025\/04\/54418214274_eb4c7a04d0_o.jpg","width":1600,"height":1067,"caption":"18\u00ba COLOQUIO IBEROAMERICANO DE PERIODISMO DIGITAL on Saturday, March 29, 2025, at the Texas Union at UT Austin. Patricia Lim\/Knight Center"},{"@type":"BreadcrumbList","@id":"https:\/\/latamjournalismreview.org\/pt-br\/articles\/diante-da-crise-jornalistas-latino-americanos-apostam-em-aliancas-novas-narrativas-e-conexao-com-os-publicos\/#breadcrumb","itemListElement":[{"@type":"ListItem","position":1,"name":"Home","item":"https:\/\/latamjournalismreview.org\/pt-br\/"},{"@type":"ListItem","position":2,"name":"Diante da crise, jornalistas latino-americanos apostam em alian\u00e7as, novas narrativas e conex\u00e3o com os p\u00fablicos"}]},{"@type":"WebSite","@id":"https:\/\/latamjournalismreview.org\/pt-br\/#website","url":"https:\/\/latamjournalismreview.org\/pt-br\/","name":"LatAm Journalism Review","description":"Digital magazine on journalism in Latin America","publisher":{"@id":"https:\/\/latamjournalismreview.org\/pt-br\/#organization"},"potentialAction":[{"@type":"SearchAction","target":{"@type":"EntryPoint","urlTemplate":"https:\/\/latamjournalismreview.org\/pt-br\/?s={search_term_string}"},"query-input":{"@type":"PropertyValueSpecification","valueRequired":true,"valueName":"search_term_string"}}],"inLanguage":"pt-BR"},{"@type":"Organization","@id":"https:\/\/latamjournalismreview.org\/pt-br\/#organization","name":"LatAm Journalism Review","url":"https:\/\/latamjournalismreview.org\/pt-br\/","logo":{"@type":"ImageObject","inLanguage":"pt-BR","@id":"https:\/\/latamjournalismreview.org\/pt-br\/#\/schema\/logo\/image\/","url":"https:\/\/latamjournalismreview.org\/wp-content\/uploads\/2020\/05\/knight-latAm-review-logo.svg","contentUrl":"https:\/\/latamjournalismreview.org\/wp-content\/uploads\/2020\/05\/knight-latAm-review-logo.svg","width":"1024","height":"1024","caption":"LatAm Journalism Review"},"image":{"@id":"https:\/\/latamjournalismreview.org\/pt-br\/#\/schema\/logo\/image\/"},"sameAs":["https:\/\/x.com\/LatAmJournalism"]},{"@type":"Person","@id":"https:\/\/latamjournalismreview.org\/pt-br\/#\/schema\/person\/dcf6dcdd6226ac8d939e2796645d17c6","name":"C\u00e9sar L\u00f3pez Linares","description":"C\u00e9sar L\u00f3pez Linares began his career at the Mexican newspaper REFORMA as an entertainment and media co-editor. He has written for publications such as TODO Austin, Texas Music Magazine and The Austin Chronicle. C\u00e9sar has a Master's degree in Journalism from the University of Texas at Austin and a Bachelors degree in Communication from the National Autonomous University of Mexico. He previously wrote about innovation in journalism for the Gabo Foundation in Colombia and currently reports for the Knight Center's LatAmJournalism Review digital magazine. A native of Mexico City, C\u00e9sar has become a digital nomad combining content creation with his passion for travel. ________ C\u00e9sar L\u00f3pez Linares inici\u00f3 su carrera en el diario mexicano REFORMA como coeditor de entretenimiento y medios. Ha escrito para publicaciones como TODO Austin, Texas Music Magazine y The Austin Chronicle. C\u00e9sar tiene una Maestr\u00eda en Periodismo de la Universidad de Texas en Austin y una Licenciatura en Comunicaci\u00f3n de la Universidad Nacional Aut\u00f3noma de M\u00e9xico. Previamente escribi\u00f3 sobre innovaci\u00f3n en periodismo para la Fundaci\u00f3n Gabo en Colombia y actualmente escribe para la revista digital LatAmJournalism Review del Centro Knight. Originario de la Ciudad de M\u00e9xico, C\u00e9sar se ha convertido en un n\u00f3mada digital que combina la creaci\u00f3n de contenido con su pasi\u00f3n por viajar. _________ C\u00e9sar L\u00f3pez Linares come\u00e7ou sua carreira no jornal mexicano REFORMA como coeditor de entretenimento e m\u00eddia. Ele escreveu para publica\u00e7\u00f5es como TODO Austin, Texas Music Magazine e The Austin Chronicle. C\u00e9sar tem mestrado em jornalismo pela University of Texas em Austin e \u00e9 bacharel em comunica\u00e7\u00e3o pela Universidad Nacional Aut\u00f3noma de M\u00e9xico. Antes disso, ele escreveu sobre inova\u00e7\u00e3o no jornalismo para a Funda\u00e7\u00e3o Gabo na Col\u00f4mbia. Atualmente escreve para a revista digital LatAmJournalism Review do Centro Knight. Nascido na Cidade do M\u00e9xico, C\u00e9sar se tornou um n\u00f4made digital combinando a cria\u00e7\u00e3o de conte\u00fado com sua paix\u00e3o por viagens.","sameAs":["https:\/\/x.com\/cesarisch"],"url":"https:\/\/latamjournalismreview.org\/pt-br\/articles\/author\/cesar-lopez-linares\/"}]}},"_links":{"self":[{"href":"https:\/\/latamjournalismreview.org\/pt-br\/wp-json\/wp\/v2\/posts\/126435","targetHints":{"allow":["GET"]}}],"collection":[{"href":"https:\/\/latamjournalismreview.org\/pt-br\/wp-json\/wp\/v2\/posts"}],"about":[{"href":"https:\/\/latamjournalismreview.org\/pt-br\/wp-json\/wp\/v2\/types\/post"}],"author":[{"embeddable":true,"href":"https:\/\/latamjournalismreview.org\/pt-br\/wp-json\/wp\/v2\/users\/19"}],"replies":[{"embeddable":true,"href":"https:\/\/latamjournalismreview.org\/pt-br\/wp-json\/wp\/v2\/comments?post=126435"}],"version-history":[{"count":4,"href":"https:\/\/latamjournalismreview.org\/pt-br\/wp-json\/wp\/v2\/posts\/126435\/revisions"}],"predecessor-version":[{"id":129601,"href":"https:\/\/latamjournalismreview.org\/pt-br\/wp-json\/wp\/v2\/posts\/126435\/revisions\/129601"}],"wp:featuredmedia":[{"embeddable":true,"href":"https:\/\/latamjournalismreview.org\/pt-br\/wp-json\/wp\/v2\/media\/126134"}],"wp:attachment":[{"href":"https:\/\/latamjournalismreview.org\/pt-br\/wp-json\/wp\/v2\/media?parent=126435"}],"wp:term":[{"taxonomy":"category","embeddable":true,"href":"https:\/\/latamjournalismreview.org\/pt-br\/wp-json\/wp\/v2\/categories?post=126435"},{"taxonomy":"post_tag","embeddable":true,"href":"https:\/\/latamjournalismreview.org\/pt-br\/wp-json\/wp\/v2\/tags?post=126435"},{"taxonomy":"author","embeddable":true,"href":"https:\/\/latamjournalismreview.org\/pt-br\/wp-json\/wp\/v2\/coauthors?post=126435"}],"curies":[{"name":"wp","href":"https:\/\/api.w.org\/{rel}","templated":true}]}}