{"id":1265,"date":"2020-03-04T23:47:09","date_gmt":"2020-03-05T04:47:09","guid":{"rendered":"https:\/\/live-lajr.pantheonsite.io\/?p=1265"},"modified":"2020-06-09T23:51:10","modified_gmt":"2020-06-10T04:51:10","slug":"venezuela-tem-mais-violacoes-da-liberdade-de-expressao-em-2019-do-que-nos-ultimos-oito-anos","status":"publish","type":"post","link":"https:\/\/latamjournalismreview.org\/pt-br\/articles\/venezuela-tem-mais-violacoes-da-liberdade-de-expressao-em-2019-do-que-nos-ultimos-oito-anos\/","title":{"rendered":"Venezuela tem mais viola\u00e7\u00f5es da liberdade de express\u00e3o em 2019 do que nos \u00faltimos oito anos"},"content":{"rendered":"<p>O ano de 2019 foi o de \"maior retrocesso hist\u00f3rico\" em rela\u00e7\u00e3o \u00e0 deteriora\u00e7\u00e3o da liberdade de informa\u00e7\u00e3o e de express\u00e3o na Venezuela, afirmou o Instituto Imprensa e Sociedade (IPYS) Venezuela.<\/p>\n<div><a href=\"https:\/\/knightcenter.utexas.edu\/pt-br\/blog\/[URL%20for%20whatever%20site%20you%20want%20the%20user%20to%20go%20to%20when%20he%20clicks%20on%20the%20picture]\" target=\"_blank\" rel=\"noopener noreferrer\"><img loading=\"lazy\" decoding=\"async\" class=\"alignleft\" src=\"https:\/\/live.staticflickr.com\/65535\/49619572202_90d6b39bac_o.jpg\" width=\"683\" height=\"361\" \/><\/a><\/div>\n<p>Em seu relat\u00f3rio anual de 2019, \u201c<a href=\"https:\/\/ipysvenezuela.org\/2020\/02\/26\/voces-en-el-paredon-reporte-anual-ipysve-2019\/\">Voces en el pared\u00f3n\u201d<\/a>\u00a0(Vozes no pared\u00e3o), a organiza\u00e7\u00e3o registrou 1.032 viola\u00e7\u00f5es \u00e0 liberdade de express\u00e3o e acesso \u00e0 informa\u00e7\u00e3o p\u00fablica para jornalistas e cidad\u00e3os.<\/p>\n<p>H\u00e1 um padr\u00e3o de agress\u00e3o no pa\u00eds cujo objetivo \u00e9 \"silenciar\" o que est\u00e1 acontecendo na Venezuela, impedindo a m\u00eddia de denunciar viola\u00e7\u00f5es de direitos humanos e outros eventos, disse o IPYS Venezuela. Esse padr\u00e3o \u00e9 acentuado quando os venezuelanos saem \u00e0s ruas para protestar, acrescentou.<\/p>\n<p>Os principais agressores contra a liberdade de express\u00e3o no pa\u00eds foram o Executivo, por meio das for\u00e7as armadas, e a Comiss\u00e3o Nacional de Telecomunica\u00e7\u00f5es (Conatel), com a sua regula\u00e7\u00e3o do conte\u00fado de r\u00e1dio e televis\u00e3o e sites digitais, tanto nacionais quanto internacionais com sinal no pa\u00eds, segundo o relat\u00f3rio.<\/p>\n<p>Durante 2019, foram 326 agress\u00f5es e ataques diretos a jornalistas e \u00e0 m\u00eddia, 76 jornalistas \u2013 incluindo 28 correspondentes estrangeiros\u2013 foram afetados por deten\u00e7\u00f5es arbitr\u00e1rias. Foram 81 limita\u00e7\u00f5es no acesso \u00e0 informa\u00e7\u00e3o p\u00fablica, 70 casos de censura pr\u00e9via, 21 a\u00e7\u00f5es judiciais administrativas, 30 regula\u00e7\u00f5es de conte\u00fado de r\u00e1dio e televis\u00e3o, 15 casos de censura interna, quatro casos de impunidade e tr\u00eas casos de censura indireta.<\/p>\n<p>No que diz respeito \u00e0s deten\u00e7\u00f5es arbitr\u00e1rias, elas foram destinadas a jornalistas que cobriam t\u00f3picos relacionados \u00e0 oposi\u00e7\u00e3o pol\u00edtica, ajuda humanit\u00e1ria e protestos sociais sobre a precariedade dos servi\u00e7os p\u00fablicos. Somente em janeiro, 17 jornalistas foram detidos.<\/p>\n<p>As deten\u00e7\u00f5es envolveram diretamente for\u00e7as policiais, militares e de intelig\u00eancia, agredindo e intimidando verbalmente jornalistas, atacando e confiscando seus equipamentos de trabalho, segundo o relat\u00f3rio.<\/p>\n<p>Uma das deten\u00e7\u00f5es mais emblem\u00e1ticas, segundo a organiza\u00e7\u00e3o, foi a do jornalista\u00a0<a href=\"https:\/\/knightcenter.utexas.edu\/blog\/00-20657-venezuelan-journalists-rally-around-detained-colleague-accused-involvement-caracas-bla\">Luis Carlos D\u00edaz<\/a>. Ele foi detido pelo Servi\u00e7o Nacional de Intelig\u00eancia Bolivariano (Sebin) em Caracas em 11 de mar\u00e7o. Eles tentaram acus\u00e1-lo de \"crime inform\u00e1ticos\" por supostamente fazer parte do plano que causou um apag\u00e3o cibern\u00e9tico nacional na Venezuela em 7 de mar\u00e7o de 2019 e durou 4 dias. Mais tarde, ele foi acusado de instiga\u00e7\u00e3o p\u00fablica e proibido de falar publicamente sobre seu caso e de deixar o pa\u00eds.<\/p>\n<p>IPYS Venezuela pediu ao governo uma estrutura regulat\u00f3ria que proteja a liberdade de informa\u00e7\u00e3o e a diversidade de vozes no pa\u00eds, sem amea\u00e7as ou press\u00e3o.<\/p>\n<p>Entre maio e junho, o acesso a sess\u00f5es ordin\u00e1rias da Assembl\u00e9ia Nacional foi restrito para jornalistas. A medida foi executada por agentes do Sebin e da Guarda Nacional Bolivariana (GNB).<\/p>\n<p>Em 2019, a organiza\u00e7\u00e3o venezuelana tamb\u00e9m registrou 191 alertas de restri\u00e7\u00f5es aos direitos digitais no pa\u00eds, mais do que o dobro das 69 verificadas em 2018.<\/p>\n<p>Das restri\u00e7\u00f5es que ocorreram em 2019, 40 foram ataques a servidores de sites informativos e a\u00e7\u00f5es intimidadoras contra a imprensa, 38 bloqueios de sites de not\u00edcias e m\u00eddias sociais e nove restri\u00e7\u00f5es \u00e0 livre express\u00e3o online. Os sites informativos\u00a0<a href=\"https:\/\/elpitazo.net\/\">El Pitazo<\/a>,<a href=\"https:\/\/efectococuyo.com\/\">\u00a0Efecto Cocuyo<\/a>,<a href=\"https:\/\/armando.info\/\">\u00a0Armando.info<\/a>\u00a0e<a href=\"https:\/\/runrun.es\/\">\u00a0Runrun.es<\/a>\u00a0foram os mais afetados por essas medidas.<\/p>\n<p>O Escrit\u00f3rio do Alto Comissariado das Na\u00e7\u00f5es Unidas para os Direitos Humanos (OHCHR) tamb\u00e9m relatou\u00a0<a href=\"https:\/\/www.ohchr.org\/SP\/NewsEvents\/Pages\/DisplayNews.aspx?NewsID=24788&amp;LangID=S\">em seu relat\u00f3rio de 2019 sobre direitos humanos na Venezuela<\/a>\u00a0sobre o ataque constante \u00e0 m\u00eddia independente e suas plataformas de m\u00eddia nacional e redes sociais.<\/p>\n<p>Plataformas internacionais como Google, YouTube, Microsoft Bing e Facebook sofreram bloqueios intermitentes de operadoras de servi\u00e7os de Internet no pa\u00eds, como a Movistar e a Companhia Nacional de Telefonia da Venezuela (Cantv).<\/p>\n<p>Em geral, a maioria dos ataques (61%) ocorreu na primeira metade do ano. Segundo o relat\u00f3rio, o ano de 2019 foi caracterizado por constantes conflitos sociopol\u00edticos e uma profunda crise de direitos humanos em n\u00edvel nacional.<\/p>\n<p>As categorias do relat\u00f3rio detalham a repress\u00e3o aos meios de comunica\u00e7\u00e3o e a qualquer tipo de express\u00e3o dissidente nas redes sociais, o tipo de agressor mais frequente e o tipo de agress\u00e3o mais utilizado contra a imprensa. Eles tamb\u00e9m descrevem ataques direcionados especificamente a um jornalista ou a um meio de comunica\u00e7\u00e3o, a falta de acesso a informa\u00e7\u00f5es p\u00fablicas e a entidades estatais, a opacidade e desinforma\u00e7\u00e3o do governo, o autoritarismo digital e as pr\u00f3prias a\u00e7\u00f5es de censura.<\/p>\n<p>O relat\u00f3rio explica a situa\u00e7\u00e3o dos ataques \u00e0 liberdade de express\u00e3o nos estados do pa\u00eds. Caracas, T\u00e1chira, Lara, Apure Zulia, M\u00e9rida, Bol\u00edvar e Falc\u00f3n se destacam entre os mais afetados.<\/p>\n<p>O relat\u00f3rio termina com quatro propostas do IPYS Venezuela que buscam maior prote\u00e7\u00e3o \u00e0 liberdade de express\u00e3o e ao exerc\u00edcio do jornalismo no pa\u00eds. Essas recomenda\u00e7\u00f5es s\u00e3o dirigidas ao Estado, aos jornalistas, seus sindicatos e \u00e0 m\u00eddia.<\/p>\n<p>Proteger jornalistas e defensores dos direitos humanos que s\u00e3o amea\u00e7ados ou foram v\u00edtimas de intimida\u00e7\u00e3o e ataques para que possam continuar seu trabalho. Garantir e melhorar o acesso \u00e0 informa\u00e7\u00e3o p\u00fablica e abrir dados, criando uma lei sobre o acesso \u00e0 informa\u00e7\u00e3o p\u00fablica. Garantir e proteger a liberdade de express\u00e3o e informa\u00e7\u00e3o na Internet por meio de mecanismos de seguran\u00e7a digital e reconhecer o direito humano de acessar \u00e0 Internet. Por fim, prop\u00f5e a cria\u00e7\u00e3o de programas de treinamento para jornalistas sobre direitos digitais.<\/p>\n","protected":false},"excerpt":{"rendered":"<p>O ano de 2019 foi o de \"maior retrocesso hist\u00f3rico\" em rela\u00e7\u00e3o \u00e0 deteriora\u00e7\u00e3o da liberdade de informa\u00e7\u00e3o e de express\u00e3o na Venezuela, afirmou o Instituto Imprensa e Sociedade (IPYS) Venezuela.<\/p>\n","protected":false},"author":4,"featured_media":1257,"comment_status":"closed","ping_status":"closed","sticky":false,"template":"","format":"standard","meta":{"inline_featured_image":false,"footnotes":""},"categories":[1219],"tags":[1402],"coauthors":[],"class_list":["post-1265","post","type-post","status-publish","format-standard","has-post-thumbnail","hentry","category-liberdade-de-imprensa-pt-br","tag-venezuela-pt-br"],"acf":[],"yoast_head":"<!-- This site is optimized with the Yoast SEO Premium plugin v22.6 (Yoast SEO v27.4) - https:\/\/yoast.com\/product\/yoast-seo-premium-wordpress\/ -->\n<title>Venezuela tem mais viola\u00e7\u00f5es da liberdade de express\u00e3o em 2019 do que nos \u00faltimos oito anos - LatAm Journalism Review by the Knight Center<\/title>\n<meta name=\"description\" content=\"O ano de 2019 foi o de &quot;maior retrocesso hist\u00f3rico&quot; em rela\u00e7\u00e3o \u00e0 deteriora\u00e7\u00e3o da liberdade de informa\u00e7\u00e3o e de express\u00e3o na Venezuela, afirmou o Instituto Imprensa e Sociedade (IPYS) Venezuela.\" \/>\n<meta name=\"robots\" content=\"index, follow, max-snippet:-1, max-image-preview:large, max-video-preview:-1\" \/>\n<link rel=\"canonical\" href=\"https:\/\/latamjournalismreview.org\/pt-br\/articles\/venezuela-tem-mais-violacoes-da-liberdade-de-expressao-em-2019-do-que-nos-ultimos-oito-anos\/\" \/>\n<meta property=\"og:locale\" content=\"pt_BR\" \/>\n<meta property=\"og:type\" content=\"article\" \/>\n<meta property=\"og:title\" content=\"Venezuela tem mais viola\u00e7\u00f5es da liberdade de express\u00e3o em 2019 do que nos \u00faltimos oito anos\" \/>\n<meta property=\"og:description\" content=\"O ano de 2019 foi o de &quot;maior retrocesso hist\u00f3rico&quot; em rela\u00e7\u00e3o \u00e0 deteriora\u00e7\u00e3o da liberdade de informa\u00e7\u00e3o e de express\u00e3o na Venezuela, afirmou o Instituto Imprensa e Sociedade (IPYS) Venezuela.\" \/>\n<meta property=\"og:url\" content=\"https:\/\/latamjournalismreview.org\/pt-br\/articles\/venezuela-tem-mais-violacoes-da-liberdade-de-expressao-em-2019-do-que-nos-ultimos-oito-anos\/\" \/>\n<meta property=\"og:site_name\" content=\"LatAm Journalism Review by the Knight Center\" \/>\n<meta property=\"article:published_time\" content=\"2020-03-05T04:47:09+00:00\" \/>\n<meta property=\"article:modified_time\" content=\"2020-06-10T04:51:10+00:00\" \/>\n<meta property=\"og:image\" content=\"https:\/\/latamjournalismreview.org\/wp-content\/uploads\/2020\/03\/voces-en-el-paredon-e1590718823260.jpg\" \/>\n\t<meta property=\"og:image:width\" content=\"507\" \/>\n\t<meta property=\"og:image:height\" content=\"267\" \/>\n\t<meta property=\"og:image:type\" content=\"image\/jpeg\" \/>\n<meta name=\"author\" content=\"Paola Nalvarte\" \/>\n<meta name=\"twitter:card\" content=\"summary_large_image\" \/>\n<meta name=\"twitter:creator\" content=\"@paolanalvarte\" \/>\n<meta name=\"twitter:site\" content=\"@LatAmJournalism\" \/>\n<meta name=\"twitter:label1\" content=\"Written by\" \/>\n\t<meta name=\"twitter:data1\" content=\"Paola Nalvarte\" \/>\n\t<meta name=\"twitter:label2\" content=\"Est. reading time\" \/>\n\t<meta name=\"twitter:data2\" content=\"5 minutos\" \/>\n<script type=\"application\/ld+json\" class=\"yoast-schema-graph\">{\"@context\":\"https:\\\/\\\/schema.org\",\"@graph\":[{\"@type\":\"Article\",\"@id\":\"https:\\\/\\\/latamjournalismreview.org\\\/pt-br\\\/articles\\\/venezuela-tem-mais-violacoes-da-liberdade-de-expressao-em-2019-do-que-nos-ultimos-oito-anos\\\/#article\",\"isPartOf\":{\"@id\":\"https:\\\/\\\/latamjournalismreview.org\\\/pt-br\\\/articles\\\/venezuela-tem-mais-violacoes-da-liberdade-de-expressao-em-2019-do-que-nos-ultimos-oito-anos\\\/\"},\"author\":{\"name\":\"Paola Nalvarte\",\"@id\":\"https:\\\/\\\/latamjournalismreview.org\\\/pt-br\\\/#\\\/schema\\\/person\\\/d0b9fa850ef1b6f56bb445e52f29f63f\"},\"headline\":\"Venezuela tem mais viola\u00e7\u00f5es da liberdade de express\u00e3o em 2019 do que nos \u00faltimos oito anos\",\"datePublished\":\"2020-03-05T04:47:09+00:00\",\"dateModified\":\"2020-06-10T04:51:10+00:00\",\"mainEntityOfPage\":{\"@id\":\"https:\\\/\\\/latamjournalismreview.org\\\/pt-br\\\/articles\\\/venezuela-tem-mais-violacoes-da-liberdade-de-expressao-em-2019-do-que-nos-ultimos-oito-anos\\\/\"},\"wordCount\":955,\"publisher\":{\"@id\":\"https:\\\/\\\/latamjournalismreview.org\\\/pt-br\\\/#organization\"},\"image\":{\"@id\":\"https:\\\/\\\/latamjournalismreview.org\\\/pt-br\\\/articles\\\/venezuela-tem-mais-violacoes-da-liberdade-de-expressao-em-2019-do-que-nos-ultimos-oito-anos\\\/#primaryimage\"},\"thumbnailUrl\":\"https:\\\/\\\/latamjournalismreview.org\\\/wp-content\\\/uploads\\\/2020\\\/03\\\/voces-en-el-paredon-e1590718823260.jpg\",\"keywords\":[\"Venezuela\"],\"articleSection\":[\"Liberdade de imprensa\"],\"inLanguage\":\"pt-BR\"},{\"@type\":\"WebPage\",\"@id\":\"https:\\\/\\\/latamjournalismreview.org\\\/pt-br\\\/articles\\\/venezuela-tem-mais-violacoes-da-liberdade-de-expressao-em-2019-do-que-nos-ultimos-oito-anos\\\/\",\"url\":\"https:\\\/\\\/latamjournalismreview.org\\\/pt-br\\\/articles\\\/venezuela-tem-mais-violacoes-da-liberdade-de-expressao-em-2019-do-que-nos-ultimos-oito-anos\\\/\",\"name\":\"Venezuela tem mais viola\u00e7\u00f5es da liberdade de express\u00e3o em 2019 do que nos \u00faltimos oito anos - LatAm Journalism Review by the Knight Center\",\"isPartOf\":{\"@id\":\"https:\\\/\\\/latamjournalismreview.org\\\/pt-br\\\/#website\"},\"primaryImageOfPage\":{\"@id\":\"https:\\\/\\\/latamjournalismreview.org\\\/pt-br\\\/articles\\\/venezuela-tem-mais-violacoes-da-liberdade-de-expressao-em-2019-do-que-nos-ultimos-oito-anos\\\/#primaryimage\"},\"image\":{\"@id\":\"https:\\\/\\\/latamjournalismreview.org\\\/pt-br\\\/articles\\\/venezuela-tem-mais-violacoes-da-liberdade-de-expressao-em-2019-do-que-nos-ultimos-oito-anos\\\/#primaryimage\"},\"thumbnailUrl\":\"https:\\\/\\\/latamjournalismreview.org\\\/wp-content\\\/uploads\\\/2020\\\/03\\\/voces-en-el-paredon-e1590718823260.jpg\",\"datePublished\":\"2020-03-05T04:47:09+00:00\",\"dateModified\":\"2020-06-10T04:51:10+00:00\",\"description\":\"O ano de 2019 foi o de \\\"maior retrocesso hist\u00f3rico\\\" em rela\u00e7\u00e3o \u00e0 deteriora\u00e7\u00e3o da liberdade de informa\u00e7\u00e3o e de express\u00e3o na Venezuela, afirmou o Instituto Imprensa e Sociedade (IPYS) Venezuela.\",\"breadcrumb\":{\"@id\":\"https:\\\/\\\/latamjournalismreview.org\\\/pt-br\\\/articles\\\/venezuela-tem-mais-violacoes-da-liberdade-de-expressao-em-2019-do-que-nos-ultimos-oito-anos\\\/#breadcrumb\"},\"inLanguage\":\"pt-BR\",\"potentialAction\":[{\"@type\":\"ReadAction\",\"target\":[\"https:\\\/\\\/latamjournalismreview.org\\\/pt-br\\\/articles\\\/venezuela-tem-mais-violacoes-da-liberdade-de-expressao-em-2019-do-que-nos-ultimos-oito-anos\\\/\"]}]},{\"@type\":\"ImageObject\",\"inLanguage\":\"pt-BR\",\"@id\":\"https:\\\/\\\/latamjournalismreview.org\\\/pt-br\\\/articles\\\/venezuela-tem-mais-violacoes-da-liberdade-de-expressao-em-2019-do-que-nos-ultimos-oito-anos\\\/#primaryimage\",\"url\":\"https:\\\/\\\/latamjournalismreview.org\\\/wp-content\\\/uploads\\\/2020\\\/03\\\/voces-en-el-paredon-e1590718823260.jpg\",\"contentUrl\":\"https:\\\/\\\/latamjournalismreview.org\\\/wp-content\\\/uploads\\\/2020\\\/03\\\/voces-en-el-paredon-e1590718823260.jpg\",\"width\":507,\"height\":267,\"caption\":\"Voces en el Paredon\"},{\"@type\":\"BreadcrumbList\",\"@id\":\"https:\\\/\\\/latamjournalismreview.org\\\/pt-br\\\/articles\\\/venezuela-tem-mais-violacoes-da-liberdade-de-expressao-em-2019-do-que-nos-ultimos-oito-anos\\\/#breadcrumb\",\"itemListElement\":[{\"@type\":\"ListItem\",\"position\":1,\"name\":\"Home\",\"item\":\"https:\\\/\\\/latamjournalismreview.org\\\/pt-br\\\/\"},{\"@type\":\"ListItem\",\"position\":2,\"name\":\"Venezuela tem mais viola\u00e7\u00f5es da liberdade de express\u00e3o em 2019 do que nos \u00faltimos oito anos\"}]},{\"@type\":\"WebSite\",\"@id\":\"https:\\\/\\\/latamjournalismreview.org\\\/pt-br\\\/#website\",\"url\":\"https:\\\/\\\/latamjournalismreview.org\\\/pt-br\\\/\",\"name\":\"LatAm Journalism Review\",\"description\":\"Digital magazine on journalism in Latin America\",\"publisher\":{\"@id\":\"https:\\\/\\\/latamjournalismreview.org\\\/pt-br\\\/#organization\"},\"potentialAction\":[{\"@type\":\"SearchAction\",\"target\":{\"@type\":\"EntryPoint\",\"urlTemplate\":\"https:\\\/\\\/latamjournalismreview.org\\\/pt-br\\\/?s={search_term_string}\"},\"query-input\":{\"@type\":\"PropertyValueSpecification\",\"valueRequired\":true,\"valueName\":\"search_term_string\"}}],\"inLanguage\":\"pt-BR\"},{\"@type\":\"Organization\",\"@id\":\"https:\\\/\\\/latamjournalismreview.org\\\/pt-br\\\/#organization\",\"name\":\"LatAm Journalism Review\",\"url\":\"https:\\\/\\\/latamjournalismreview.org\\\/pt-br\\\/\",\"logo\":{\"@type\":\"ImageObject\",\"inLanguage\":\"pt-BR\",\"@id\":\"https:\\\/\\\/latamjournalismreview.org\\\/pt-br\\\/#\\\/schema\\\/logo\\\/image\\\/\",\"url\":\"https:\\\/\\\/latamjournalismreview.org\\\/wp-content\\\/uploads\\\/2020\\\/05\\\/knight-latAm-review-logo.svg\",\"contentUrl\":\"https:\\\/\\\/latamjournalismreview.org\\\/wp-content\\\/uploads\\\/2020\\\/05\\\/knight-latAm-review-logo.svg\",\"width\":\"1024\",\"height\":\"1024\",\"caption\":\"LatAm Journalism Review\"},\"image\":{\"@id\":\"https:\\\/\\\/latamjournalismreview.org\\\/pt-br\\\/#\\\/schema\\\/logo\\\/image\\\/\"},\"sameAs\":[\"https:\\\/\\\/x.com\\\/LatAmJournalism\"]},{\"@type\":\"Person\",\"@id\":\"https:\\\/\\\/latamjournalismreview.org\\\/pt-br\\\/#\\\/schema\\\/person\\\/d0b9fa850ef1b6f56bb445e52f29f63f\",\"name\":\"Paola Nalvarte\",\"description\":\"Paola Nalvarte is a Peruvian journalist and documentary photographer living in Austin, Texas. She focuses on covering and writing about the Andes region. In Peru, Paola worked in the Lima office of the Italian news agency ANSA, on the economic news desk of the daily Expreso, and for ten years she has been working on different editorial projects doing picture editing and research for one of the oldest Spanish-language papers in the world, the Peruvian newspaper El Comercio. She also enjoyed writing for the newspaper weekly magazine Somos. Paola Nalvarte es una periodista y fot\u00f3grafa documental peruana que vive en Austin, Texas. El foco de inter\u00e9s de su cobertura noticiosa es la regi\u00f3n andina. En Per\u00fa, Paola trabaj\u00f3 en la oficina de Lima de la agencia italiana de noticias ANSA, en la secci\u00f3n de econom\u00eda del diario Expreso y por diez a\u00f1os hizo investigaci\u00f3n fotogr\u00e1fica y edici\u00f3n de fotograf\u00eda editorial en el diario decano de la prensa peruana, El Comercio. Tambi\u00e9n escribi\u00f3 para Somos, la revista semanal del mismo diario\u200b, art\u00edculos sobre medio ambiente y cultura. Paola Nalvarte \u00e9 uma jornalista peruana e fot\u00f3grafa documentarista que vive em Austin, Texas. O foco de interesse da sua cobertura jornal\u00edstica \u00e9 a regi\u00e3o andina. No Peru, Paola trabalhou no escrit\u00f3rio de Lima da ag\u00eancia de not\u00edcias italiana ANSA, na se\u00e7\u00e3o de economia do jornal Expreso e, por dez anos, fez pesquisa fotogr\u00e1fica e edi\u00e7\u00e3o de fotografia editorial para um dos jornais em espanhol mais antigos do mundo, o jornal peruano El Comercio. Ela tamb\u00e9m escreveu artigos de meio ambiente e cultura para a Somos, a revista semanal do mesmo jornal.\",\"sameAs\":[\"https:\\\/\\\/x.com\\\/paolanalvarte\"],\"url\":\"https:\\\/\\\/latamjournalismreview.org\\\/pt-br\\\/articles\\\/author\\\/paola-nalvarte\\\/\"}]}<\/script>\n<!-- \/ Yoast SEO Premium plugin. -->","yoast_head_json":{"title":"Venezuela tem mais viola\u00e7\u00f5es da liberdade de express\u00e3o em 2019 do que nos \u00faltimos oito anos - LatAm Journalism Review by the Knight Center","description":"O ano de 2019 foi o de \"maior retrocesso hist\u00f3rico\" em rela\u00e7\u00e3o \u00e0 deteriora\u00e7\u00e3o da liberdade de informa\u00e7\u00e3o e de express\u00e3o na Venezuela, afirmou o Instituto Imprensa e Sociedade (IPYS) Venezuela.","robots":{"index":"index","follow":"follow","max-snippet":"max-snippet:-1","max-image-preview":"max-image-preview:large","max-video-preview":"max-video-preview:-1"},"canonical":"https:\/\/latamjournalismreview.org\/pt-br\/articles\/venezuela-tem-mais-violacoes-da-liberdade-de-expressao-em-2019-do-que-nos-ultimos-oito-anos\/","og_locale":"pt_BR","og_type":"article","og_title":"Venezuela tem mais viola\u00e7\u00f5es da liberdade de express\u00e3o em 2019 do que nos \u00faltimos oito anos","og_description":"O ano de 2019 foi o de \"maior retrocesso hist\u00f3rico\" em rela\u00e7\u00e3o \u00e0 deteriora\u00e7\u00e3o da liberdade de informa\u00e7\u00e3o e de express\u00e3o na Venezuela, afirmou o Instituto Imprensa e Sociedade (IPYS) Venezuela.","og_url":"https:\/\/latamjournalismreview.org\/pt-br\/articles\/venezuela-tem-mais-violacoes-da-liberdade-de-expressao-em-2019-do-que-nos-ultimos-oito-anos\/","og_site_name":"LatAm Journalism Review by the Knight Center","article_published_time":"2020-03-05T04:47:09+00:00","article_modified_time":"2020-06-10T04:51:10+00:00","og_image":[{"width":507,"height":267,"url":"https:\/\/latamjournalismreview.org\/wp-content\/uploads\/2020\/03\/voces-en-el-paredon-e1590718823260.jpg","type":"image\/jpeg"}],"author":"Paola Nalvarte","twitter_card":"summary_large_image","twitter_creator":"@paolanalvarte","twitter_site":"@LatAmJournalism","twitter_misc":{"Written by":"Paola Nalvarte","Est. reading time":"5 minutos"},"schema":{"@context":"https:\/\/schema.org","@graph":[{"@type":"Article","@id":"https:\/\/latamjournalismreview.org\/pt-br\/articles\/venezuela-tem-mais-violacoes-da-liberdade-de-expressao-em-2019-do-que-nos-ultimos-oito-anos\/#article","isPartOf":{"@id":"https:\/\/latamjournalismreview.org\/pt-br\/articles\/venezuela-tem-mais-violacoes-da-liberdade-de-expressao-em-2019-do-que-nos-ultimos-oito-anos\/"},"author":{"name":"Paola Nalvarte","@id":"https:\/\/latamjournalismreview.org\/pt-br\/#\/schema\/person\/d0b9fa850ef1b6f56bb445e52f29f63f"},"headline":"Venezuela tem mais viola\u00e7\u00f5es da liberdade de express\u00e3o em 2019 do que nos \u00faltimos oito anos","datePublished":"2020-03-05T04:47:09+00:00","dateModified":"2020-06-10T04:51:10+00:00","mainEntityOfPage":{"@id":"https:\/\/latamjournalismreview.org\/pt-br\/articles\/venezuela-tem-mais-violacoes-da-liberdade-de-expressao-em-2019-do-que-nos-ultimos-oito-anos\/"},"wordCount":955,"publisher":{"@id":"https:\/\/latamjournalismreview.org\/pt-br\/#organization"},"image":{"@id":"https:\/\/latamjournalismreview.org\/pt-br\/articles\/venezuela-tem-mais-violacoes-da-liberdade-de-expressao-em-2019-do-que-nos-ultimos-oito-anos\/#primaryimage"},"thumbnailUrl":"https:\/\/latamjournalismreview.org\/wp-content\/uploads\/2020\/03\/voces-en-el-paredon-e1590718823260.jpg","keywords":["Venezuela"],"articleSection":["Liberdade de imprensa"],"inLanguage":"pt-BR"},{"@type":"WebPage","@id":"https:\/\/latamjournalismreview.org\/pt-br\/articles\/venezuela-tem-mais-violacoes-da-liberdade-de-expressao-em-2019-do-que-nos-ultimos-oito-anos\/","url":"https:\/\/latamjournalismreview.org\/pt-br\/articles\/venezuela-tem-mais-violacoes-da-liberdade-de-expressao-em-2019-do-que-nos-ultimos-oito-anos\/","name":"Venezuela tem mais viola\u00e7\u00f5es da liberdade de express\u00e3o em 2019 do que nos \u00faltimos oito anos - LatAm Journalism Review by the Knight Center","isPartOf":{"@id":"https:\/\/latamjournalismreview.org\/pt-br\/#website"},"primaryImageOfPage":{"@id":"https:\/\/latamjournalismreview.org\/pt-br\/articles\/venezuela-tem-mais-violacoes-da-liberdade-de-expressao-em-2019-do-que-nos-ultimos-oito-anos\/#primaryimage"},"image":{"@id":"https:\/\/latamjournalismreview.org\/pt-br\/articles\/venezuela-tem-mais-violacoes-da-liberdade-de-expressao-em-2019-do-que-nos-ultimos-oito-anos\/#primaryimage"},"thumbnailUrl":"https:\/\/latamjournalismreview.org\/wp-content\/uploads\/2020\/03\/voces-en-el-paredon-e1590718823260.jpg","datePublished":"2020-03-05T04:47:09+00:00","dateModified":"2020-06-10T04:51:10+00:00","description":"O ano de 2019 foi o de \"maior retrocesso hist\u00f3rico\" em rela\u00e7\u00e3o \u00e0 deteriora\u00e7\u00e3o da liberdade de informa\u00e7\u00e3o e de express\u00e3o na Venezuela, afirmou o Instituto Imprensa e Sociedade (IPYS) Venezuela.","breadcrumb":{"@id":"https:\/\/latamjournalismreview.org\/pt-br\/articles\/venezuela-tem-mais-violacoes-da-liberdade-de-expressao-em-2019-do-que-nos-ultimos-oito-anos\/#breadcrumb"},"inLanguage":"pt-BR","potentialAction":[{"@type":"ReadAction","target":["https:\/\/latamjournalismreview.org\/pt-br\/articles\/venezuela-tem-mais-violacoes-da-liberdade-de-expressao-em-2019-do-que-nos-ultimos-oito-anos\/"]}]},{"@type":"ImageObject","inLanguage":"pt-BR","@id":"https:\/\/latamjournalismreview.org\/pt-br\/articles\/venezuela-tem-mais-violacoes-da-liberdade-de-expressao-em-2019-do-que-nos-ultimos-oito-anos\/#primaryimage","url":"https:\/\/latamjournalismreview.org\/wp-content\/uploads\/2020\/03\/voces-en-el-paredon-e1590718823260.jpg","contentUrl":"https:\/\/latamjournalismreview.org\/wp-content\/uploads\/2020\/03\/voces-en-el-paredon-e1590718823260.jpg","width":507,"height":267,"caption":"Voces en el Paredon"},{"@type":"BreadcrumbList","@id":"https:\/\/latamjournalismreview.org\/pt-br\/articles\/venezuela-tem-mais-violacoes-da-liberdade-de-expressao-em-2019-do-que-nos-ultimos-oito-anos\/#breadcrumb","itemListElement":[{"@type":"ListItem","position":1,"name":"Home","item":"https:\/\/latamjournalismreview.org\/pt-br\/"},{"@type":"ListItem","position":2,"name":"Venezuela tem mais viola\u00e7\u00f5es da liberdade de express\u00e3o em 2019 do que nos \u00faltimos oito anos"}]},{"@type":"WebSite","@id":"https:\/\/latamjournalismreview.org\/pt-br\/#website","url":"https:\/\/latamjournalismreview.org\/pt-br\/","name":"LatAm Journalism Review","description":"Digital magazine on journalism in Latin America","publisher":{"@id":"https:\/\/latamjournalismreview.org\/pt-br\/#organization"},"potentialAction":[{"@type":"SearchAction","target":{"@type":"EntryPoint","urlTemplate":"https:\/\/latamjournalismreview.org\/pt-br\/?s={search_term_string}"},"query-input":{"@type":"PropertyValueSpecification","valueRequired":true,"valueName":"search_term_string"}}],"inLanguage":"pt-BR"},{"@type":"Organization","@id":"https:\/\/latamjournalismreview.org\/pt-br\/#organization","name":"LatAm Journalism Review","url":"https:\/\/latamjournalismreview.org\/pt-br\/","logo":{"@type":"ImageObject","inLanguage":"pt-BR","@id":"https:\/\/latamjournalismreview.org\/pt-br\/#\/schema\/logo\/image\/","url":"https:\/\/latamjournalismreview.org\/wp-content\/uploads\/2020\/05\/knight-latAm-review-logo.svg","contentUrl":"https:\/\/latamjournalismreview.org\/wp-content\/uploads\/2020\/05\/knight-latAm-review-logo.svg","width":"1024","height":"1024","caption":"LatAm Journalism Review"},"image":{"@id":"https:\/\/latamjournalismreview.org\/pt-br\/#\/schema\/logo\/image\/"},"sameAs":["https:\/\/x.com\/LatAmJournalism"]},{"@type":"Person","@id":"https:\/\/latamjournalismreview.org\/pt-br\/#\/schema\/person\/d0b9fa850ef1b6f56bb445e52f29f63f","name":"Paola Nalvarte","description":"Paola Nalvarte is a Peruvian journalist and documentary photographer living in Austin, Texas. She focuses on covering and writing about the Andes region. In Peru, Paola worked in the Lima office of the Italian news agency ANSA, on the economic news desk of the daily Expreso, and for ten years she has been working on different editorial projects doing picture editing and research for one of the oldest Spanish-language papers in the world, the Peruvian newspaper El Comercio. She also enjoyed writing for the newspaper weekly magazine Somos. Paola Nalvarte es una periodista y fot\u00f3grafa documental peruana que vive en Austin, Texas. El foco de inter\u00e9s de su cobertura noticiosa es la regi\u00f3n andina. En Per\u00fa, Paola trabaj\u00f3 en la oficina de Lima de la agencia italiana de noticias ANSA, en la secci\u00f3n de econom\u00eda del diario Expreso y por diez a\u00f1os hizo investigaci\u00f3n fotogr\u00e1fica y edici\u00f3n de fotograf\u00eda editorial en el diario decano de la prensa peruana, El Comercio. Tambi\u00e9n escribi\u00f3 para Somos, la revista semanal del mismo diario\u200b, art\u00edculos sobre medio ambiente y cultura. Paola Nalvarte \u00e9 uma jornalista peruana e fot\u00f3grafa documentarista que vive em Austin, Texas. O foco de interesse da sua cobertura jornal\u00edstica \u00e9 a regi\u00e3o andina. No Peru, Paola trabalhou no escrit\u00f3rio de Lima da ag\u00eancia de not\u00edcias italiana ANSA, na se\u00e7\u00e3o de economia do jornal Expreso e, por dez anos, fez pesquisa fotogr\u00e1fica e edi\u00e7\u00e3o de fotografia editorial para um dos jornais em espanhol mais antigos do mundo, o jornal peruano El Comercio. Ela tamb\u00e9m escreveu artigos de meio ambiente e cultura para a Somos, a revista semanal do mesmo jornal.","sameAs":["https:\/\/x.com\/paolanalvarte"],"url":"https:\/\/latamjournalismreview.org\/pt-br\/articles\/author\/paola-nalvarte\/"}]}},"_links":{"self":[{"href":"https:\/\/latamjournalismreview.org\/pt-br\/wp-json\/wp\/v2\/posts\/1265","targetHints":{"allow":["GET"]}}],"collection":[{"href":"https:\/\/latamjournalismreview.org\/pt-br\/wp-json\/wp\/v2\/posts"}],"about":[{"href":"https:\/\/latamjournalismreview.org\/pt-br\/wp-json\/wp\/v2\/types\/post"}],"author":[{"embeddable":true,"href":"https:\/\/latamjournalismreview.org\/pt-br\/wp-json\/wp\/v2\/users\/4"}],"replies":[{"embeddable":true,"href":"https:\/\/latamjournalismreview.org\/pt-br\/wp-json\/wp\/v2\/comments?post=1265"}],"version-history":[{"count":3,"href":"https:\/\/latamjournalismreview.org\/pt-br\/wp-json\/wp\/v2\/posts\/1265\/revisions"}],"predecessor-version":[{"id":6000,"href":"https:\/\/latamjournalismreview.org\/pt-br\/wp-json\/wp\/v2\/posts\/1265\/revisions\/6000"}],"wp:featuredmedia":[{"embeddable":true,"href":"https:\/\/latamjournalismreview.org\/pt-br\/wp-json\/wp\/v2\/media\/1257"}],"wp:attachment":[{"href":"https:\/\/latamjournalismreview.org\/pt-br\/wp-json\/wp\/v2\/media?parent=1265"}],"wp:term":[{"taxonomy":"category","embeddable":true,"href":"https:\/\/latamjournalismreview.org\/pt-br\/wp-json\/wp\/v2\/categories?post=1265"},{"taxonomy":"post_tag","embeddable":true,"href":"https:\/\/latamjournalismreview.org\/pt-br\/wp-json\/wp\/v2\/tags?post=1265"},{"taxonomy":"author","embeddable":true,"href":"https:\/\/latamjournalismreview.org\/pt-br\/wp-json\/wp\/v2\/coauthors?post=1265"}],"curies":[{"name":"wp","href":"https:\/\/api.w.org\/{rel}","templated":true}]}}