{"id":128521,"date":"2025-04-23T15:55:06","date_gmt":"2025-04-23T20:55:06","guid":{"rendered":"https:\/\/latamjournalismreview.org\/?p=128521"},"modified":"2025-04-24T13:01:32","modified_gmt":"2025-04-24T18:01:32","slug":"dias-antes-da-morte-do-papa-francisco-igreja-dissolveu-grupo-catolico-peruano-que-jornalistas-expuseram","status":"publish","type":"post","link":"https:\/\/latamjournalismreview.org\/pt-br\/articles\/dias-antes-da-morte-do-papa-francisco-igreja-dissolveu-grupo-catolico-peruano-que-jornalistas-expuseram\/","title":{"rendered":"Dias antes da morte do Papa Francisco, Igreja dissolveu grupo cat\u00f3lico peruano que jornalistas expuseram"},"content":{"rendered":"<p><span style=\"font-weight: 400;\">Investiga\u00e7\u00f5es jornal\u00edsticas feitas pelos rep\u00f3rteres peruanos Paola Ugaz e Pedro Salinas motivaram uma das \u00faltimas decis\u00f5es do Papa Francisco: confirmar a extin\u00e7\u00e3o de um influente movimento de leigos cat\u00f3licos ativos em quase toda a Am\u00e9rica Latina.<\/span><\/p>\n<p><span style=\"font-weight: 400;\">A decis\u00e3o de dissolver o <\/span><a href=\"https:\/\/sodalicio.org.br\/o-que-e-o-sodalicio-de-vida-crista\/\"><span style=\"font-weight: 400;\">Sodal\u00edcio de Vid\u00e3 Crist\u00e3 (SVC)<\/span><\/a><span style=\"font-weight: 400;\">, mais conhecido como \u201cSodal\u00edcio, foi confirmada pelo Vaticano no dia 15 de abril atrav\u00e9s de um <\/span><a href=\"https:\/\/www.vaticannews.va\/pt\/vaticano\/news\/2025-04\/sodalicio-de-vida-crista-decreto-supressao-abusos-peru.html\"><span style=\"font-weight: 400;\">comunicado<\/span><\/a><span style=\"font-weight: 400;\"> assinado pela prefeita do Dicast\u00e9rio para Institutos de Vida Consagrada e Sociedades de Vida Apost\u00f3lica, Irm\u00e3 Simona Brambilla.<\/span><\/p>\n<p><span style=\"font-weight: 400;\">\"Sinto que h\u00e1 uma grande repara\u00e7\u00e3o simb\u00f3lica no que o Papa Francisco fez, n\u00e3o apenas pelos jornalistas, mas pelos sobreviventes\", disse Ugaz \u00e0 <\/span><b>LatAm Journalism Review (LJR)<\/b><span style=\"font-weight: 400;\"> em uma entrevista antes da morte do Papa. \"\u00c9 uma grande pux\u00e3o de orelhas no Estado peruano, porque durante os mais de 50 anos de exist\u00eancia da organiza\u00e7\u00e3o, ele n\u00e3o fez absolutamente nada para apoiar os sobreviventes, para defender os jornalistas, ou para fazer qualquer coisa\".<\/span><\/p>\n<p><span style=\"font-weight: 400;\">As den\u00fancias contra o Sodal\u00edcio, fundado em 1971 pelo leigo Luis Fernando Figari, foram tornadas p\u00fablicas pela primeira vez em 2000, quando o comunicador Jos\u00e9 Enrique Escard\u00f3 <\/span><a href=\"https:\/\/www.bbc.com\/mundo\/articles\/cj91evvx21vo\"><span style=\"font-weight: 400;\">denunciou<\/span><\/a><span style=\"font-weight: 400;\"> a organiza\u00e7\u00e3o por supostos casos de abuso e viol\u00eancia dos quais foi v\u00edtima direta, segundo seus relatos. Em 2007, a pol\u00edcia <\/span><a href=\"https:\/\/www.bbc.com\/mundo\/articles\/cev8nzwdxn8o\"><span style=\"font-weight: 400;\">encontrou<\/span><\/a><span style=\"font-weight: 400;\"> Daniel Murgu\u00eda Ward, membro do SVC pr\u00f3ximo a Figari, com um menino de 11 anos em um motel.<\/span><\/p>\n<p><span style=\"font-weight: 400;\">\"[O Sodal\u00edcio] tratou o caso cirurgicamente, como uma crise\", disse Ugaz. Murgu\u00eda foi <\/span><a href=\"https:\/\/www.bbc.com\/mundo\/articles\/cev8nzwdxn8o\"><span style=\"font-weight: 400;\">expulso<\/span><\/a><span style=\"font-weight: 400;\"> da organiza\u00e7\u00e3o e preso por um ano e meio.<\/span><\/p>\n<p><span style=\"font-weight: 400;\">Ugaz e Salinas realizaram uma investiga\u00e7\u00e3o de cinco anos, que resultou na publica\u00e7\u00e3o do livro \"Meio monges, meio soldados\" em 2015, que descreve abusos f\u00edsicos, psicol\u00f3gicos e sexuais contra membros e n\u00e3o membros do Sodal\u00edcio.<\/span><\/p>\n<p><span style=\"font-weight: 400;\">\"Foi uma crise grave, porque era sist\u00eamica\", disse Ugaz. \"N\u00e3o se trata de um padre, mas de toda uma pr\u00e1tica institucionalizada\".<\/span><\/p>\n<h3><span style=\"font-weight: 400;\">A persegui\u00e7\u00e3o ao jornalismo<\/span><\/h3>\n<p><span style=\"font-weight: 400;\">Da\u00ed surgiu uma <\/span><a href=\"https:\/\/latamjournalismreview.org\/pt-br\/news\/jornalistas-que-revelaram-abusos-do-sodalicio-no-peru-denunciam-perseguicao-judicial-por-suas-investigacoes-sobre-a-igreja\/\"><span style=\"font-weight: 400;\">persegui\u00e7\u00e3o judicial<\/span><\/a><span style=\"font-weight: 400;\"> e f\u00edsica aos jornalistas. <\/span><a href=\"https:\/\/latamjournalismreview.org\/articles\/peruvian-journalist-says-she-is-being-harassed-in-the-courts-following-reporting-on-religious-community\/\"><span style=\"font-weight: 400;\">Ugaz teve de enfrentar queixas por difama\u00e7\u00e3o<\/span><\/a><span style=\"font-weight: 400;\"> e lavagem de dinheiro. Ela foi at\u00e9 acusada de tr\u00e1fico de ur\u00e2nio e de \"mil coisas absurdas\", disse ela.<\/span><\/p>\n<p><span style=\"font-weight: 400;\">\"Em 2019, me tornei a jornalista mais processada do Peru\", disse Ugaz. Em 2023, tornou-se a primeira jornalista peruana a ter o <\/span><a href=\"https:\/\/latamjournalismreview.org\/pt-br\/news\/justica-peruana-ordena-quebra-do-sigilo-telefonico-da-jornalista-paola-ugaz\/\"><span style=\"font-weight: 400;\">sigilo de suas comunica\u00e7\u00f5es levantado por ordem de um juiz<\/span><\/a><span style=\"font-weight: 400;\">.<\/span><\/p>\n<p><span style=\"font-weight: 400;\">A persegui\u00e7\u00e3o foi tal que o pr\u00f3prio N\u00fancio Apost\u00f3lico de Lima a aconselhou a contar ao Papa Francisco o que estava acontecendo com ela e com os jornalistas que investigavam o Sodal\u00edcio. Eventualmente, Ugaz se reuniu com o Papa duas vezes, em novembro de 2022 e dezembro de 2024. Salinas tamb\u00e9m esteve presente no \u00faltimo encontro. <\/span><\/p>\n<p><span style=\"font-weight: 400;\">A primeira reuni\u00e3o, planejada de forma muito meticulosa e quase secreta \u2013 Ugaz foi informada de que estava sendo seguida \u2013, foi adiada pela pandemia de Covid-19.<\/span><\/p>\n<p>Em novembro de 2022, Ugaz contou ao Papa <span style=\"font-weight: 400;\">o que tinham descoberto nas suas investiga\u00e7\u00f5es, bem como a persegui\u00e7\u00e3o que sofriam.\u00a0<\/span><\/p>\n<p><span style=\"font-weight: 400;\">Como resultado, o pont\u00edfice enviou uma comiss\u00e3o de inqu\u00e9rito composta pelo arcebispo de Malta, Charles Scicluna, e pelo monsenhor espanhol Jordi Bertomeu.<\/span><\/p>\n<p><span style=\"font-weight: 400;\">A comiss\u00e3o <\/span><a href=\"https:\/\/www.vidanuevadigital.com\/2023\/07\/26\/scicluna-y-bertomeu-auditan-en-primera-persona-al-sodalicio-de-vida-cristiana\/\"><span style=\"font-weight: 400;\">chegou<\/span><\/a><span style=\"font-weight: 400;\"> ao Peru em julho de 2023 e \"o resto \u00e9 hist\u00f3ria\", disse Ugaz. \"[Eles] perceberam que n\u00f3s, Pedro Salinas e eu, pecamos por falta e n\u00e3o por excesso\".<\/span><\/p>\n<p><span style=\"font-weight: 400;\">Segundo Ugaz, os enviados do Papa encontraram muito mais do que os jornalistas conseguiram relatar. Os primeiros resultados foram vistos em abril de 2024, quando <\/span><a href=\"https:\/\/www.dw.com\/es\/el-papa-acepta-renuncia-de-jos%C3%A9-eguren-por-caso-sodalicio\/a-68727022\"><span style=\"font-weight: 400;\">obrigaram<\/span><\/a><span style=\"font-weight: 400;\"> o arcebispo da regi\u00e3o de Piura, Jos\u00e9 Antonio Eguren, a renunciar. Em agosto, seu fundador Luis Fernando Figari foi expulso e, posteriormente, outros 15 membros foram expulsos, incluindo o <\/span><a href=\"https:\/\/www.abc.es\/sociedad\/papa-disuelve-plazos-sodalicio-expulsados-mes-20241024171252-nt.html\"><span style=\"font-weight: 400;\">padre Jaime Baertl<\/span><\/a><span style=\"font-weight: 400;\">, que administrava as finan\u00e7as da organiza\u00e7\u00e3o, raz\u00e3o pela qual Ugaz tamb\u00e9m o estava investigando.<\/span><\/p>\n<p><span style=\"font-weight: 400;\">\"No in\u00edcio, [o Sodal\u00edcio] fez algo que \u00e9 muito t\u00edpico do seu DNA: come\u00e7ou a perseguir e a realizar campanhas difamat\u00f3rias contra os religiosos que trabalham com o Papa Francisco\", disse Ugaz.<\/span><\/p>\n<p><span style=\"font-weight: 400;\">Em dezembro de 2024, e depois de receber informa\u00e7\u00f5es detalhadas da comiss\u00e3o, o Papa encontrou-se novamente com os jornalistas Ugaz, Salinas e a jornalista Elise Ann Allen, a quem contou a not\u00edcia do fim do Sodal\u00edcio.<\/span><\/p>\n<p><span style=\"font-weight: 400;\">\"Ele nos disse: 'Deem-me tempo. Quero fazer isso direito'\", relatou Ugaz.<\/span><\/p>\n<p><span style=\"font-weight: 400;\">Em janeiro, o Sodal\u00edcio foi informado da decis\u00e3o de sua extin\u00e7\u00e3o, mas a assinatura do decreto s\u00f3 foi feita em 14 de abril de 2025. Em uma declara\u00e7\u00e3o, o SVC <\/span><a href=\"https:\/\/sodalicio.org\/comunicados\/supresion-del-sodalicio-de-vida-cristiana\/\"><span style=\"font-weight: 400;\">aceitou a decis\u00e3o do Papa<\/span><\/a><span style=\"font-weight: 400;\"> e adicionou um relat\u00f3rio no qual mencionava as v\u00edtimas da organiza\u00e7\u00e3o e o <\/span><a href=\"https:\/\/sodalicio.org\/wp-content\/uploads\/2025\/04\/Informe-Final-sobre-las-Reparaciones-en-el-Sodalicio-de-Vida-Cristiana.pdf\"><span style=\"font-weight: 400;\">processo de repara\u00e7\u00e3o<\/span><\/a><span style=\"font-weight: 400;\"> que realizaram.<\/span><\/p>\n<p><span style=\"font-weight: 400;\">\"Ao concluir a investiga\u00e7\u00e3o ordenada pelo Santo Padre Francisco em 5 de julho de 2023, a fim de esclarecer as acusa\u00e7\u00f5es relativas a responsabilidades de diversos tipos atribu\u00eddas ao Sr. Luis Fernando Figari e a numerosos outros membros do Sodal\u00edcio Vida Crist\u00e3, decidiu-se suprimir\" os ramos masculino e feminino do Sodal\u00edcio, a comunidade de freiras e o movimento eclesial tamb\u00e9m fundado por Figari, afirma a <\/span><a href=\"https:\/\/press.vatican.va\/content\/dam\/salastampa\/it\/bollettino\/documentazione-linkata\/Comunicato%20Stampa.pdf\"><span style=\"font-weight: 400;\">declara\u00e7\u00e3o<\/span><\/a><span style=\"font-weight: 400;\"> assinada pela Irm\u00e3 Simona Brambilla em 15 de abril de 2025.<\/span><\/p>\n<p><span style=\"font-weight: 400;\">Ugaz diz estar certa de que a morte do pont\u00edfice n\u00e3o alteraria a decis\u00e3o porque \"a notifica\u00e7\u00e3o de extin\u00e7\u00e3o foi feita em 14 de abril\". \"\u00cdntimo\" no direito can\u00f4nico \u00e9 a cerim\u00f4nia atrav\u00e9s da qual uma organiza\u00e7\u00e3o como o Sodal\u00edcio aceita o documento de exclus\u00e3o que cont\u00e9m certas condi\u00e7\u00f5es e o assina.<\/span><\/p>\n<p><span style=\"font-weight: 400;\">O Monsenhor Bertomeu ser\u00e1 o respons\u00e1vel por todas as a\u00e7\u00f5es que acompanham a extin\u00e7\u00e3o do Sodal\u00edcio.<\/span><\/p>\n<h3><span style=\"font-weight: 400;\">Apoio ao jornalismo investigativo<\/span><\/h3>\n<p><span style=\"font-weight: 400;\">A decis\u00e3o de suprimir o Sodal\u00edcio \u00e9 tamb\u00e9m para Ugaz uma justificativa do trabalho realizado porque, de certa forma, o trabalho da comiss\u00e3o papal verificou a sua investiga\u00e7\u00e3o jornal\u00edstica.<\/span><\/p>\n<p><span style=\"font-weight: 400;\">\"Sinto-me satisfeita com o trabalho realizado\", disse Ugaz. \"E me sinto muito feliz pela gratid\u00e3o de muitos sobreviventes, mensagens que voc\u00ea recebe e voc\u00ea come\u00e7a a chorar de emo\u00e7\u00e3o porque sinto que suas vozes foram ouvidas e isso \u00e9 muito mais do que tudo\".<\/span><\/p>\n<p><span style=\"font-weight: 400;\">Para Zuliana Lainez, presidente da Associa\u00e7\u00e3o Nacional de Jornalistas do Peru (ANP), \u00e9 bastante significativo que as investiga\u00e7\u00f5es jornal\u00edsticas possam levar a uma decis\u00e3o t\u00e3o importante. Para ela \"\u00e9 um triunfo\" para a profiss\u00e3o.<\/span><\/p>\n<p><span style=\"font-weight: 400;\">\"Que atrav\u00e9s do bom jornalismo voc\u00ea tenha sido capaz de demonstrar as pr\u00e1ticas criminosas que existiam, e que isso terminou em repress\u00e3o, \u00e9 a melhor demonstra\u00e7\u00e3o de que o jornalismo pode cumprir suas metas e objetivos se a pr\u00e1tica for feita com rigor\", disse Lainez \u00e0<\/span><b> LJR<\/b><span style=\"font-weight: 400;\">.<\/span><\/p>\n<p><span style=\"font-weight: 400;\">No entanto, ela destaca como algo negativo a persegui\u00e7\u00e3o e as tentativas de silenciamento que os jornalistas que se atrevem a reportar t\u00eam de suportar. Mas atrav\u00e9s de decis\u00f5es como estas, \"eles restauram a f\u00e9\" no jornalismo.<\/span><\/p>\n<p><span style=\"font-weight: 400;\">Para Ugaz, foi justamente o jornalismo que a salvou no meio \"da tempestade\" que \u00e9 o Sodal\u00edcio.<\/span><\/p>\n<p><span style=\"font-weight: 400;\">\"Sinto que em momentos t\u00e3o sombrios, em tempos onde h\u00e1 muito ceticismo, onde tudo parece escuro, o jornalismo salva voc\u00ea\", disse Ugaz. \"Sinto como se estivesse em um barquinho com Pedro Salinas, <\/span><a href=\"https:\/\/latamjournalismreview.org\/pt-br\/news\/judge-puts-an-end-to-defamation-lawsuit-against-peruvian-journalist-daniel-yovera\/\"><span style=\"font-weight: 400;\">Daniel Yovera<\/span><\/a><span style=\"font-weight: 400;\"> [outro jornalista denunciado], e o mastro era o jornalismo\".<\/span><\/p>\n<div id=\"attachment_128495\" style=\"width: 460px\" class=\"wp-caption alignright\"><img loading=\"lazy\" decoding=\"async\" aria-describedby=\"caption-attachment-128495\" class=\"wpa-warning wpa-image-missing-alt wp-image-128495\" src=\"https:\/\/latamjournalismreview.org\/wp-content\/uploads\/2025\/04\/00632_10112022-300x200.jpg\" alt=\"Pope Francis saluting a woman dress in black\" width=\"450\" height=\"300\" data-warning=\"Missing alt text\" srcset=\"https:\/\/latamjournalismreview.org\/wp-content\/uploads\/2025\/04\/00632_10112022-300x200.jpg 300w, https:\/\/latamjournalismreview.org\/wp-content\/uploads\/2025\/04\/00632_10112022-1024x683.jpg 1024w, https:\/\/latamjournalismreview.org\/wp-content\/uploads\/2025\/04\/00632_10112022-768x512.jpg 768w, https:\/\/latamjournalismreview.org\/wp-content\/uploads\/2025\/04\/00632_10112022-1536x1024.jpg 1536w, https:\/\/latamjournalismreview.org\/wp-content\/uploads\/2025\/04\/00632_10112022-350x234.jpg 350w, https:\/\/latamjournalismreview.org\/wp-content\/uploads\/2025\/04\/00632_10112022.jpg 1920w\" sizes=\"auto, (max-width: 450px) 100vw, 450px\" \/><p id=\"caption-attachment-128495\" class=\"wp-caption-text\">A jornalista Paola Ugaz durante um de seus encontros com o Papa Francisco (Foto: Servi\u00e7o de Imprensa do Vaticano)<\/p><\/div>\n<p><span style=\"font-weight: 400;\">Quanto aos efeitos que a decis\u00e3o do Vaticano poder\u00e1 ter nas investiga\u00e7\u00f5es abertas contra jornalistas, Lainez n\u00e3o sabe at\u00e9 que ponto pode impactar. \"Os tent\u00e1culos\" do Sodal\u00edcio, segundo explicou, chegaram at\u00e9 aos operadores de justi\u00e7a do pa\u00eds.<\/span><\/p>\n<p><span style=\"font-weight: 400;\">\"Mas a extin\u00e7\u00e3o [do Sodal\u00edcio] mostra que o que [os jornalistas] disseram era verdade e que esse sacrif\u00edcio valeu a pena\", disse Lainez. \"Valeu a pena para que esses abusos n\u00e3o voltem a acontecer\";<\/span><\/p>\n<p><span style=\"font-weight: 400;\">Ugaz acredita tamb\u00e9m que ter\u00e1 impacto a n\u00edvel judicial, sobretudo \"para parar o fogo\" das reclama\u00e7\u00f5es. Por\u00e9m, na mesma semana em que o decreto de extin\u00e7\u00e3o foi assinado, Ugaz recebeu a terceira carta notarial do expulso padre Jaime Baertl, chefe de finan\u00e7as do Sodal\u00edcio, na qual ele anunciou um pr\u00f3ximo processo contra ela, sem muitos mais detalhes.<\/span><\/p>\n<p><span style=\"font-weight: 400;\">Por enquanto, ela se considera sortuda por ter conhecido o Papa e pelo apoio recebido n\u00e3o s\u00f3 para ela e Salinas, mas para o trabalho jornal\u00edstico em geral.<\/span><\/p>\n<p><span style=\"font-weight: 400;\">\"Sinto-me triste pelo falecimento do Papa Francisco, mas ao mesmo tempo estou satisfeita por ter conhecido algu\u00e9m emp\u00e1tico com o trabalho dos jornalistas e que no momento mais dif\u00edcil para mim devido \u00e0 persegui\u00e7\u00e3o, ouviu o pedido de envio da miss\u00e3o Scicluna-Bertomeu\", disse a jornalista.<\/span><\/p>\n<p><span style=\"font-weight: 400;\">Organiza\u00e7\u00f5es como PEN International, Forbidden Stories, Rep\u00f3rteres Sem Fronteiras e a Funda\u00e7\u00e3o Clooney manifestaram-se contra a persegui\u00e7\u00e3o de Ugaz.<\/span><\/p>\n<p><span style=\"font-weight: 400;\">\"Se o Papa Francisco ou pessoas como [o escritor] Mario Vargas Llosa n\u00e3o tivessem ajudado com a sua solidariedade, com as suas vozes, e contando e alertando o que estava acontecendo conosco, ter\u00edamos acabado na pris\u00e3o\", disse Ugaz.<\/span><\/p>\n<p><i><span style=\"font-weight: 400;\">*A LJR conversou duas vezes com Paola Ugaz, antes e depois da morte do Papa Francisco.<\/span><\/i><\/p>\n<p><em>**Esta mat\u00e9ria foi atualizada para esclarecer que, em novembro de 2022, o Papa Francisco se reuniu somente com Paola Ugaz.<\/em><\/p>\n<div class=\"wp-block-image\"><\/div>\n","protected":false},"excerpt":{"rendered":"<p>O Vaticano formalizou no dia 15 de abril a dissolu\u00e7\u00e3o do Sodal\u00edcio de Vida Crist\u00e3, um movimento com sede no Peru investigado por dois jornalistas por abusos sexuais e coer\u00e7\u00e3o espiritual por parte de seus altos membros.<\/p>\n","protected":false},"author":13,"featured_media":128478,"comment_status":"closed","ping_status":"closed","sticky":false,"template":"","format":"standard","meta":{"inline_featured_image":false,"footnotes":""},"categories":[2075],"tags":[1597],"coauthors":[2741],"class_list":["post-128521","post","type-post","status-publish","format-standard","has-post-thumbnail","hentry","category-reportagens-especiais","tag-peru-pt-br"],"acf":[],"yoast_head":"<!-- This site is optimized with the Yoast SEO Premium plugin v22.6 (Yoast SEO v27.4) - https:\/\/yoast.com\/product\/yoast-seo-premium-wordpress\/ -->\n<title>Dias antes da morte do Papa Francisco, Igreja dissolveu grupo cat\u00f3lico peruano que jornalistas expuseram - LatAm Journalism Review by the Knight Center<\/title>\n<meta name=\"description\" content=\"O Vaticano formalizou no dia 15 de abril a dissolu\u00e7\u00e3o do Sodal\u00edcio de Vida Crist\u00e3, um movimento com sede no Peru investigado por dois jornalistas por abusos sexuais e coer\u00e7\u00e3o espiritual por parte de seus altos membros.\" \/>\n<meta name=\"robots\" content=\"index, follow, max-snippet:-1, max-image-preview:large, max-video-preview:-1\" \/>\n<link rel=\"canonical\" href=\"https:\/\/latamjournalismreview.org\/pt-br\/articles\/dias-antes-da-morte-do-papa-francisco-igreja-dissolveu-grupo-catolico-peruano-que-jornalistas-expuseram\/\" \/>\n<meta property=\"og:locale\" content=\"pt_BR\" \/>\n<meta property=\"og:type\" content=\"article\" \/>\n<meta property=\"og:title\" content=\"Dias antes da morte do Papa Francisco, Igreja dissolveu grupo cat\u00f3lico peruano que jornalistas expuseram\" \/>\n<meta property=\"og:description\" content=\"O Vaticano formalizou no dia 15 de abril a dissolu\u00e7\u00e3o do Sodal\u00edcio de Vida Crist\u00e3, um movimento com sede no Peru investigado por dois jornalistas por abusos sexuais e coer\u00e7\u00e3o espiritual por parte de seus altos membros.\" \/>\n<meta property=\"og:url\" content=\"https:\/\/latamjournalismreview.org\/pt-br\/articles\/dias-antes-da-morte-do-papa-francisco-igreja-dissolveu-grupo-catolico-peruano-que-jornalistas-expuseram\/\" \/>\n<meta property=\"og:site_name\" content=\"LatAm Journalism Review by the Knight Center\" \/>\n<meta property=\"article:published_time\" content=\"2025-04-23T20:55:06+00:00\" \/>\n<meta property=\"article:modified_time\" content=\"2025-04-24T18:01:32+00:00\" \/>\n<meta property=\"og:image\" content=\"https:\/\/latamjournalismreview.org\/wp-content\/uploads\/2025\/04\/FEATURED-Paola-Ugaz-Papa.png\" \/>\n\t<meta property=\"og:image:width\" content=\"507\" \/>\n\t<meta property=\"og:image:height\" content=\"340\" \/>\n\t<meta property=\"og:image:type\" content=\"image\/png\" \/>\n<meta name=\"author\" content=\"Silvia Higuera\" \/>\n<meta name=\"twitter:card\" content=\"summary_large_image\" \/>\n<meta name=\"twitter:creator\" content=\"@shiguerita\" \/>\n<meta name=\"twitter:site\" content=\"@LatAmJournalism\" \/>\n<meta name=\"twitter:label1\" content=\"Written by\" \/>\n\t<meta name=\"twitter:data1\" content=\"Silvia Higuera\" \/>\n\t<meta name=\"twitter:label2\" content=\"Est. reading time\" \/>\n\t<meta name=\"twitter:data2\" content=\"8 minutos\" \/>\n<script type=\"application\/ld+json\" class=\"yoast-schema-graph\">{\"@context\":\"https:\\\/\\\/schema.org\",\"@graph\":[{\"@type\":\"Article\",\"@id\":\"https:\\\/\\\/latamjournalismreview.org\\\/pt-br\\\/articles\\\/dias-antes-da-morte-do-papa-francisco-igreja-dissolveu-grupo-catolico-peruano-que-jornalistas-expuseram\\\/#article\",\"isPartOf\":{\"@id\":\"https:\\\/\\\/latamjournalismreview.org\\\/pt-br\\\/articles\\\/dias-antes-da-morte-do-papa-francisco-igreja-dissolveu-grupo-catolico-peruano-que-jornalistas-expuseram\\\/\"},\"author\":{\"name\":\"Silvia Higuera\",\"@id\":\"https:\\\/\\\/latamjournalismreview.org\\\/pt-br\\\/#\\\/schema\\\/person\\\/eac7baa6afada0957e047be9fc15703a\"},\"headline\":\"Dias antes da morte do Papa Francisco, Igreja dissolveu grupo cat\u00f3lico peruano que jornalistas expuseram\",\"datePublished\":\"2025-04-23T20:55:06+00:00\",\"dateModified\":\"2025-04-24T18:01:32+00:00\",\"mainEntityOfPage\":{\"@id\":\"https:\\\/\\\/latamjournalismreview.org\\\/pt-br\\\/articles\\\/dias-antes-da-morte-do-papa-francisco-igreja-dissolveu-grupo-catolico-peruano-que-jornalistas-expuseram\\\/\"},\"wordCount\":1602,\"publisher\":{\"@id\":\"https:\\\/\\\/latamjournalismreview.org\\\/pt-br\\\/#organization\"},\"image\":{\"@id\":\"https:\\\/\\\/latamjournalismreview.org\\\/pt-br\\\/articles\\\/dias-antes-da-morte-do-papa-francisco-igreja-dissolveu-grupo-catolico-peruano-que-jornalistas-expuseram\\\/#primaryimage\"},\"thumbnailUrl\":\"https:\\\/\\\/latamjournalismreview.org\\\/wp-content\\\/uploads\\\/2025\\\/04\\\/FEATURED-Paola-Ugaz-Papa.png\",\"keywords\":[\"Peru\"],\"articleSection\":[\"Reportagens especiais\"],\"inLanguage\":\"pt-BR\"},{\"@type\":\"WebPage\",\"@id\":\"https:\\\/\\\/latamjournalismreview.org\\\/pt-br\\\/articles\\\/dias-antes-da-morte-do-papa-francisco-igreja-dissolveu-grupo-catolico-peruano-que-jornalistas-expuseram\\\/\",\"url\":\"https:\\\/\\\/latamjournalismreview.org\\\/pt-br\\\/articles\\\/dias-antes-da-morte-do-papa-francisco-igreja-dissolveu-grupo-catolico-peruano-que-jornalistas-expuseram\\\/\",\"name\":\"Dias antes da morte do Papa Francisco, Igreja dissolveu grupo cat\u00f3lico peruano que jornalistas expuseram - LatAm Journalism Review by the Knight Center\",\"isPartOf\":{\"@id\":\"https:\\\/\\\/latamjournalismreview.org\\\/pt-br\\\/#website\"},\"primaryImageOfPage\":{\"@id\":\"https:\\\/\\\/latamjournalismreview.org\\\/pt-br\\\/articles\\\/dias-antes-da-morte-do-papa-francisco-igreja-dissolveu-grupo-catolico-peruano-que-jornalistas-expuseram\\\/#primaryimage\"},\"image\":{\"@id\":\"https:\\\/\\\/latamjournalismreview.org\\\/pt-br\\\/articles\\\/dias-antes-da-morte-do-papa-francisco-igreja-dissolveu-grupo-catolico-peruano-que-jornalistas-expuseram\\\/#primaryimage\"},\"thumbnailUrl\":\"https:\\\/\\\/latamjournalismreview.org\\\/wp-content\\\/uploads\\\/2025\\\/04\\\/FEATURED-Paola-Ugaz-Papa.png\",\"datePublished\":\"2025-04-23T20:55:06+00:00\",\"dateModified\":\"2025-04-24T18:01:32+00:00\",\"description\":\"O Vaticano formalizou no dia 15 de abril a dissolu\u00e7\u00e3o do Sodal\u00edcio de Vida Crist\u00e3, um movimento com sede no Peru investigado por dois jornalistas por abusos sexuais e coer\u00e7\u00e3o espiritual por parte de seus altos membros.\",\"breadcrumb\":{\"@id\":\"https:\\\/\\\/latamjournalismreview.org\\\/pt-br\\\/articles\\\/dias-antes-da-morte-do-papa-francisco-igreja-dissolveu-grupo-catolico-peruano-que-jornalistas-expuseram\\\/#breadcrumb\"},\"inLanguage\":\"pt-BR\",\"potentialAction\":[{\"@type\":\"ReadAction\",\"target\":[\"https:\\\/\\\/latamjournalismreview.org\\\/pt-br\\\/articles\\\/dias-antes-da-morte-do-papa-francisco-igreja-dissolveu-grupo-catolico-peruano-que-jornalistas-expuseram\\\/\"]}]},{\"@type\":\"ImageObject\",\"inLanguage\":\"pt-BR\",\"@id\":\"https:\\\/\\\/latamjournalismreview.org\\\/pt-br\\\/articles\\\/dias-antes-da-morte-do-papa-francisco-igreja-dissolveu-grupo-catolico-peruano-que-jornalistas-expuseram\\\/#primaryimage\",\"url\":\"https:\\\/\\\/latamjournalismreview.org\\\/wp-content\\\/uploads\\\/2025\\\/04\\\/FEATURED-Paola-Ugaz-Papa.png\",\"contentUrl\":\"https:\\\/\\\/latamjournalismreview.org\\\/wp-content\\\/uploads\\\/2025\\\/04\\\/FEATURED-Paola-Ugaz-Papa.png\",\"width\":507,\"height\":340},{\"@type\":\"BreadcrumbList\",\"@id\":\"https:\\\/\\\/latamjournalismreview.org\\\/pt-br\\\/articles\\\/dias-antes-da-morte-do-papa-francisco-igreja-dissolveu-grupo-catolico-peruano-que-jornalistas-expuseram\\\/#breadcrumb\",\"itemListElement\":[{\"@type\":\"ListItem\",\"position\":1,\"name\":\"Home\",\"item\":\"https:\\\/\\\/latamjournalismreview.org\\\/pt-br\\\/\"},{\"@type\":\"ListItem\",\"position\":2,\"name\":\"Dias antes da morte do Papa Francisco, Igreja dissolveu grupo cat\u00f3lico peruano que jornalistas expuseram\"}]},{\"@type\":\"WebSite\",\"@id\":\"https:\\\/\\\/latamjournalismreview.org\\\/pt-br\\\/#website\",\"url\":\"https:\\\/\\\/latamjournalismreview.org\\\/pt-br\\\/\",\"name\":\"LatAm Journalism Review\",\"description\":\"Digital magazine on journalism in Latin America\",\"publisher\":{\"@id\":\"https:\\\/\\\/latamjournalismreview.org\\\/pt-br\\\/#organization\"},\"potentialAction\":[{\"@type\":\"SearchAction\",\"target\":{\"@type\":\"EntryPoint\",\"urlTemplate\":\"https:\\\/\\\/latamjournalismreview.org\\\/pt-br\\\/?s={search_term_string}\"},\"query-input\":{\"@type\":\"PropertyValueSpecification\",\"valueRequired\":true,\"valueName\":\"search_term_string\"}}],\"inLanguage\":\"pt-BR\"},{\"@type\":\"Organization\",\"@id\":\"https:\\\/\\\/latamjournalismreview.org\\\/pt-br\\\/#organization\",\"name\":\"LatAm Journalism Review\",\"url\":\"https:\\\/\\\/latamjournalismreview.org\\\/pt-br\\\/\",\"logo\":{\"@type\":\"ImageObject\",\"inLanguage\":\"pt-BR\",\"@id\":\"https:\\\/\\\/latamjournalismreview.org\\\/pt-br\\\/#\\\/schema\\\/logo\\\/image\\\/\",\"url\":\"https:\\\/\\\/latamjournalismreview.org\\\/wp-content\\\/uploads\\\/2020\\\/05\\\/knight-latAm-review-logo.svg\",\"contentUrl\":\"https:\\\/\\\/latamjournalismreview.org\\\/wp-content\\\/uploads\\\/2020\\\/05\\\/knight-latAm-review-logo.svg\",\"width\":\"1024\",\"height\":\"1024\",\"caption\":\"LatAm Journalism Review\"},\"image\":{\"@id\":\"https:\\\/\\\/latamjournalismreview.org\\\/pt-br\\\/#\\\/schema\\\/logo\\\/image\\\/\"},\"sameAs\":[\"https:\\\/\\\/x.com\\\/LatAmJournalism\"]},{\"@type\":\"Person\",\"@id\":\"https:\\\/\\\/latamjournalismreview.org\\\/pt-br\\\/#\\\/schema\\\/person\\\/eac7baa6afada0957e047be9fc15703a\",\"name\":\"Silvia Higuera\",\"description\":\"Silvia A. Higuera Fl\u00f3rez is a Colombian journalist interested in covering Latin American issues and human rights, especially the right to freedom of expression, and investigative journalism. She studied Social Communication and Journalism at Universidad Pontificia Bolivariana in Bucaramanga (Colombia), and received her Master's of Arts in Journalism from the University of Texas at Austin in 2015. She worked with the Office of the Special Rapporteur for Freedom of Expression of the Inter-American Commission on Human Rights (IACHR) under the Orlando Sierra fellowship during 2014. She also worked for the Colombian newspaper Vanguardia Liberal and wrote for different magazines about local, economic and public order issues. Her work has also appeared in The Miami Herald and El Nuevo Herald of Miami. Email: silvia.knightcenter@gmail.com Silvia A. Higuera Fl\u00f3rez es una periodista colombiana con inter\u00e9s period\u00edstico es Am\u00e9rica Latina y los derechos humanos, particularmente el derecho a la libertad de expresi\u00f3n, as\u00ed como el periodismo de investigaci\u00f3n. Estudi\u00f3 Comunicaci\u00f3n Social \u2013 Periodismo en la Universidad Pontificia Bolivariana de Bucaramanga (Colombia), y recibi\u00f3 su maestr\u00eda en Periodismo en la Universidad de Texas, en Austin en 2015. Trabaj\u00f3 para la Relator\u00eda Especial para la Libertad de Expresi\u00f3n de la Comisi\u00f3n Interamericana de Derechos Humanos (CIDH) en el marco de la beca Orlando Sierra, durante 2014. Tambi\u00e9n hizo parte del diario Vanguardia Liberal y escribi\u00f3 para otras revistas colombianas cubriendo fuentes locales, econ\u00f3micas y judiciales. Algunos de sus trabajos han aparecido en The Miami Herald y El Nuevo Herald de Miami. Silvia A. Higuera Fl\u00f3rez \u00e9 uma jornalista colombiana e seu interesse jornal\u00edstico \u00e9 a Am\u00e9rica Latina e os direitos humanos, nomeadamente o direito \u00e0 liberdade de express\u00e3o. Estudou Comunica\u00e7\u00e3o Social \u2013 Jornalismo na Universidade Pontif\u00edcia Bolivariana de Bucaramanga, na Col\u00f4mbia e completou seu mestrado em jornalismo na Universidade do Texas em Austin. Silvia trabalhou na Relatoria para a Liberdade de Express\u00e3o da CIDH pela bolsa Orlando Sierra, em 2014. Trabalhou para o jornal Vanguardia Liberal e escreveu para outras revistas colombianas cobrindo temas locais, econ\u00f4micas e judici\u00e1rias. Alguns de seus trabalhos apareceram no The Miami Herald e no El Nuevo Herald de Miami.\",\"sameAs\":[\"https:\\\/\\\/x.com\\\/shiguerita\"],\"url\":\"https:\\\/\\\/latamjournalismreview.org\\\/pt-br\\\/articles\\\/author\\\/silvia-higuera\\\/\"}]}<\/script>\n<!-- \/ Yoast SEO Premium plugin. -->","yoast_head_json":{"title":"Dias antes da morte do Papa Francisco, Igreja dissolveu grupo cat\u00f3lico peruano que jornalistas expuseram - LatAm Journalism Review by the Knight Center","description":"O Vaticano formalizou no dia 15 de abril a dissolu\u00e7\u00e3o do Sodal\u00edcio de Vida Crist\u00e3, um movimento com sede no Peru investigado por dois jornalistas por abusos sexuais e coer\u00e7\u00e3o espiritual por parte de seus altos membros.","robots":{"index":"index","follow":"follow","max-snippet":"max-snippet:-1","max-image-preview":"max-image-preview:large","max-video-preview":"max-video-preview:-1"},"canonical":"https:\/\/latamjournalismreview.org\/pt-br\/articles\/dias-antes-da-morte-do-papa-francisco-igreja-dissolveu-grupo-catolico-peruano-que-jornalistas-expuseram\/","og_locale":"pt_BR","og_type":"article","og_title":"Dias antes da morte do Papa Francisco, Igreja dissolveu grupo cat\u00f3lico peruano que jornalistas expuseram","og_description":"O Vaticano formalizou no dia 15 de abril a dissolu\u00e7\u00e3o do Sodal\u00edcio de Vida Crist\u00e3, um movimento com sede no Peru investigado por dois jornalistas por abusos sexuais e coer\u00e7\u00e3o espiritual por parte de seus altos membros.","og_url":"https:\/\/latamjournalismreview.org\/pt-br\/articles\/dias-antes-da-morte-do-papa-francisco-igreja-dissolveu-grupo-catolico-peruano-que-jornalistas-expuseram\/","og_site_name":"LatAm Journalism Review by the Knight Center","article_published_time":"2025-04-23T20:55:06+00:00","article_modified_time":"2025-04-24T18:01:32+00:00","og_image":[{"width":507,"height":340,"url":"https:\/\/latamjournalismreview.org\/wp-content\/uploads\/2025\/04\/FEATURED-Paola-Ugaz-Papa.png","type":"image\/png"}],"author":"Silvia Higuera","twitter_card":"summary_large_image","twitter_creator":"@shiguerita","twitter_site":"@LatAmJournalism","twitter_misc":{"Written by":"Silvia Higuera","Est. reading time":"8 minutos"},"schema":{"@context":"https:\/\/schema.org","@graph":[{"@type":"Article","@id":"https:\/\/latamjournalismreview.org\/pt-br\/articles\/dias-antes-da-morte-do-papa-francisco-igreja-dissolveu-grupo-catolico-peruano-que-jornalistas-expuseram\/#article","isPartOf":{"@id":"https:\/\/latamjournalismreview.org\/pt-br\/articles\/dias-antes-da-morte-do-papa-francisco-igreja-dissolveu-grupo-catolico-peruano-que-jornalistas-expuseram\/"},"author":{"name":"Silvia Higuera","@id":"https:\/\/latamjournalismreview.org\/pt-br\/#\/schema\/person\/eac7baa6afada0957e047be9fc15703a"},"headline":"Dias antes da morte do Papa Francisco, Igreja dissolveu grupo cat\u00f3lico peruano que jornalistas expuseram","datePublished":"2025-04-23T20:55:06+00:00","dateModified":"2025-04-24T18:01:32+00:00","mainEntityOfPage":{"@id":"https:\/\/latamjournalismreview.org\/pt-br\/articles\/dias-antes-da-morte-do-papa-francisco-igreja-dissolveu-grupo-catolico-peruano-que-jornalistas-expuseram\/"},"wordCount":1602,"publisher":{"@id":"https:\/\/latamjournalismreview.org\/pt-br\/#organization"},"image":{"@id":"https:\/\/latamjournalismreview.org\/pt-br\/articles\/dias-antes-da-morte-do-papa-francisco-igreja-dissolveu-grupo-catolico-peruano-que-jornalistas-expuseram\/#primaryimage"},"thumbnailUrl":"https:\/\/latamjournalismreview.org\/wp-content\/uploads\/2025\/04\/FEATURED-Paola-Ugaz-Papa.png","keywords":["Peru"],"articleSection":["Reportagens especiais"],"inLanguage":"pt-BR"},{"@type":"WebPage","@id":"https:\/\/latamjournalismreview.org\/pt-br\/articles\/dias-antes-da-morte-do-papa-francisco-igreja-dissolveu-grupo-catolico-peruano-que-jornalistas-expuseram\/","url":"https:\/\/latamjournalismreview.org\/pt-br\/articles\/dias-antes-da-morte-do-papa-francisco-igreja-dissolveu-grupo-catolico-peruano-que-jornalistas-expuseram\/","name":"Dias antes da morte do Papa Francisco, Igreja dissolveu grupo cat\u00f3lico peruano que jornalistas expuseram - LatAm Journalism Review by the Knight Center","isPartOf":{"@id":"https:\/\/latamjournalismreview.org\/pt-br\/#website"},"primaryImageOfPage":{"@id":"https:\/\/latamjournalismreview.org\/pt-br\/articles\/dias-antes-da-morte-do-papa-francisco-igreja-dissolveu-grupo-catolico-peruano-que-jornalistas-expuseram\/#primaryimage"},"image":{"@id":"https:\/\/latamjournalismreview.org\/pt-br\/articles\/dias-antes-da-morte-do-papa-francisco-igreja-dissolveu-grupo-catolico-peruano-que-jornalistas-expuseram\/#primaryimage"},"thumbnailUrl":"https:\/\/latamjournalismreview.org\/wp-content\/uploads\/2025\/04\/FEATURED-Paola-Ugaz-Papa.png","datePublished":"2025-04-23T20:55:06+00:00","dateModified":"2025-04-24T18:01:32+00:00","description":"O Vaticano formalizou no dia 15 de abril a dissolu\u00e7\u00e3o do Sodal\u00edcio de Vida Crist\u00e3, um movimento com sede no Peru investigado por dois jornalistas por abusos sexuais e coer\u00e7\u00e3o espiritual por parte de seus altos membros.","breadcrumb":{"@id":"https:\/\/latamjournalismreview.org\/pt-br\/articles\/dias-antes-da-morte-do-papa-francisco-igreja-dissolveu-grupo-catolico-peruano-que-jornalistas-expuseram\/#breadcrumb"},"inLanguage":"pt-BR","potentialAction":[{"@type":"ReadAction","target":["https:\/\/latamjournalismreview.org\/pt-br\/articles\/dias-antes-da-morte-do-papa-francisco-igreja-dissolveu-grupo-catolico-peruano-que-jornalistas-expuseram\/"]}]},{"@type":"ImageObject","inLanguage":"pt-BR","@id":"https:\/\/latamjournalismreview.org\/pt-br\/articles\/dias-antes-da-morte-do-papa-francisco-igreja-dissolveu-grupo-catolico-peruano-que-jornalistas-expuseram\/#primaryimage","url":"https:\/\/latamjournalismreview.org\/wp-content\/uploads\/2025\/04\/FEATURED-Paola-Ugaz-Papa.png","contentUrl":"https:\/\/latamjournalismreview.org\/wp-content\/uploads\/2025\/04\/FEATURED-Paola-Ugaz-Papa.png","width":507,"height":340},{"@type":"BreadcrumbList","@id":"https:\/\/latamjournalismreview.org\/pt-br\/articles\/dias-antes-da-morte-do-papa-francisco-igreja-dissolveu-grupo-catolico-peruano-que-jornalistas-expuseram\/#breadcrumb","itemListElement":[{"@type":"ListItem","position":1,"name":"Home","item":"https:\/\/latamjournalismreview.org\/pt-br\/"},{"@type":"ListItem","position":2,"name":"Dias antes da morte do Papa Francisco, Igreja dissolveu grupo cat\u00f3lico peruano que jornalistas expuseram"}]},{"@type":"WebSite","@id":"https:\/\/latamjournalismreview.org\/pt-br\/#website","url":"https:\/\/latamjournalismreview.org\/pt-br\/","name":"LatAm Journalism Review","description":"Digital magazine on journalism in Latin America","publisher":{"@id":"https:\/\/latamjournalismreview.org\/pt-br\/#organization"},"potentialAction":[{"@type":"SearchAction","target":{"@type":"EntryPoint","urlTemplate":"https:\/\/latamjournalismreview.org\/pt-br\/?s={search_term_string}"},"query-input":{"@type":"PropertyValueSpecification","valueRequired":true,"valueName":"search_term_string"}}],"inLanguage":"pt-BR"},{"@type":"Organization","@id":"https:\/\/latamjournalismreview.org\/pt-br\/#organization","name":"LatAm Journalism Review","url":"https:\/\/latamjournalismreview.org\/pt-br\/","logo":{"@type":"ImageObject","inLanguage":"pt-BR","@id":"https:\/\/latamjournalismreview.org\/pt-br\/#\/schema\/logo\/image\/","url":"https:\/\/latamjournalismreview.org\/wp-content\/uploads\/2020\/05\/knight-latAm-review-logo.svg","contentUrl":"https:\/\/latamjournalismreview.org\/wp-content\/uploads\/2020\/05\/knight-latAm-review-logo.svg","width":"1024","height":"1024","caption":"LatAm Journalism Review"},"image":{"@id":"https:\/\/latamjournalismreview.org\/pt-br\/#\/schema\/logo\/image\/"},"sameAs":["https:\/\/x.com\/LatAmJournalism"]},{"@type":"Person","@id":"https:\/\/latamjournalismreview.org\/pt-br\/#\/schema\/person\/eac7baa6afada0957e047be9fc15703a","name":"Silvia Higuera","description":"Silvia A. Higuera Fl\u00f3rez is a Colombian journalist interested in covering Latin American issues and human rights, especially the right to freedom of expression, and investigative journalism. She studied Social Communication and Journalism at Universidad Pontificia Bolivariana in Bucaramanga (Colombia), and received her Master's of Arts in Journalism from the University of Texas at Austin in 2015. She worked with the Office of the Special Rapporteur for Freedom of Expression of the Inter-American Commission on Human Rights (IACHR) under the Orlando Sierra fellowship during 2014. She also worked for the Colombian newspaper Vanguardia Liberal and wrote for different magazines about local, economic and public order issues. Her work has also appeared in The Miami Herald and El Nuevo Herald of Miami. Email: silvia.knightcenter@gmail.com Silvia A. Higuera Fl\u00f3rez es una periodista colombiana con inter\u00e9s period\u00edstico es Am\u00e9rica Latina y los derechos humanos, particularmente el derecho a la libertad de expresi\u00f3n, as\u00ed como el periodismo de investigaci\u00f3n. Estudi\u00f3 Comunicaci\u00f3n Social \u2013 Periodismo en la Universidad Pontificia Bolivariana de Bucaramanga (Colombia), y recibi\u00f3 su maestr\u00eda en Periodismo en la Universidad de Texas, en Austin en 2015. Trabaj\u00f3 para la Relator\u00eda Especial para la Libertad de Expresi\u00f3n de la Comisi\u00f3n Interamericana de Derechos Humanos (CIDH) en el marco de la beca Orlando Sierra, durante 2014. Tambi\u00e9n hizo parte del diario Vanguardia Liberal y escribi\u00f3 para otras revistas colombianas cubriendo fuentes locales, econ\u00f3micas y judiciales. Algunos de sus trabajos han aparecido en The Miami Herald y El Nuevo Herald de Miami. Silvia A. Higuera Fl\u00f3rez \u00e9 uma jornalista colombiana e seu interesse jornal\u00edstico \u00e9 a Am\u00e9rica Latina e os direitos humanos, nomeadamente o direito \u00e0 liberdade de express\u00e3o. Estudou Comunica\u00e7\u00e3o Social \u2013 Jornalismo na Universidade Pontif\u00edcia Bolivariana de Bucaramanga, na Col\u00f4mbia e completou seu mestrado em jornalismo na Universidade do Texas em Austin. Silvia trabalhou na Relatoria para a Liberdade de Express\u00e3o da CIDH pela bolsa Orlando Sierra, em 2014. Trabalhou para o jornal Vanguardia Liberal e escreveu para outras revistas colombianas cobrindo temas locais, econ\u00f4micas e judici\u00e1rias. Alguns de seus trabalhos apareceram no The Miami Herald e no El Nuevo Herald de Miami.","sameAs":["https:\/\/x.com\/shiguerita"],"url":"https:\/\/latamjournalismreview.org\/pt-br\/articles\/author\/silvia-higuera\/"}]}},"_links":{"self":[{"href":"https:\/\/latamjournalismreview.org\/pt-br\/wp-json\/wp\/v2\/posts\/128521","targetHints":{"allow":["GET"]}}],"collection":[{"href":"https:\/\/latamjournalismreview.org\/pt-br\/wp-json\/wp\/v2\/posts"}],"about":[{"href":"https:\/\/latamjournalismreview.org\/pt-br\/wp-json\/wp\/v2\/types\/post"}],"author":[{"embeddable":true,"href":"https:\/\/latamjournalismreview.org\/pt-br\/wp-json\/wp\/v2\/users\/13"}],"replies":[{"embeddable":true,"href":"https:\/\/latamjournalismreview.org\/pt-br\/wp-json\/wp\/v2\/comments?post=128521"}],"version-history":[{"count":5,"href":"https:\/\/latamjournalismreview.org\/pt-br\/wp-json\/wp\/v2\/posts\/128521\/revisions"}],"predecessor-version":[{"id":128696,"href":"https:\/\/latamjournalismreview.org\/pt-br\/wp-json\/wp\/v2\/posts\/128521\/revisions\/128696"}],"wp:featuredmedia":[{"embeddable":true,"href":"https:\/\/latamjournalismreview.org\/pt-br\/wp-json\/wp\/v2\/media\/128478"}],"wp:attachment":[{"href":"https:\/\/latamjournalismreview.org\/pt-br\/wp-json\/wp\/v2\/media?parent=128521"}],"wp:term":[{"taxonomy":"category","embeddable":true,"href":"https:\/\/latamjournalismreview.org\/pt-br\/wp-json\/wp\/v2\/categories?post=128521"},{"taxonomy":"post_tag","embeddable":true,"href":"https:\/\/latamjournalismreview.org\/pt-br\/wp-json\/wp\/v2\/tags?post=128521"},{"taxonomy":"author","embeddable":true,"href":"https:\/\/latamjournalismreview.org\/pt-br\/wp-json\/wp\/v2\/coauthors?post=128521"}],"curies":[{"name":"wp","href":"https:\/\/api.w.org\/{rel}","templated":true}]}}