{"id":1358,"date":"2020-02-20T02:48:05","date_gmt":"2020-02-20T07:48:05","guid":{"rendered":"https:\/\/live-lajr.pantheonsite.io\/?p=1358"},"modified":"2020-06-04T10:57:33","modified_gmt":"2020-06-04T15:57:33","slug":"jornalista-mexicano-sequestrado-em-morelos-e-resgatado-por-autoridades-estaduais-e-federais","status":"publish","type":"post","link":"https:\/\/latamjournalismreview.org\/pt-br\/articles\/jornalista-mexicano-sequestrado-em-morelos-e-resgatado-por-autoridades-estaduais-e-federais\/","title":{"rendered":"Jornalista mexicano sequestrado em Morelos \u00e9 resgatado por autoridades estaduais e federais"},"content":{"rendered":"<p style=\"font-weight: 400;\"><span style=\"font-style: inherit;\"><span style=\"font-weight: 400;\"><strong>ATUALIZA\u00c7\u00c3O (publicado em 20 de fevereiro de 2020):<\/strong> O diretor de uma revista no estado de Morelos, no M\u00e9xico, foi resgatado em uma opera\u00e7\u00e3o realizada por autoridades estaduais e federais em 20 de fevereiro depois de ter sido sequestrado por homens armados no dia anterior.<\/span><\/span><\/p>\n<p>&nbsp;<\/p>\n<p style=\"font-weight: 400;\"><span style=\"font-style: inherit;\"><span style=\"font-weight: 400;\">Adri\u00e1n Fern\u00e1ndez Guerra, empres\u00e1rio e CEO da Revista Profile, <\/span><a style=\"font-weight: inherit; font-style: inherit;\" href=\"https:\/\/www.sinembargo.mx\/20-02-2020\/3733963\"><span style=\"font-weight: 400;\">foi sequestrado no bar Mexico Lindo por<\/span><\/a><span style=\"font-weight: 400;\"> volta das 20h30 do dia 19 de fevereiro, quando comemorava seu anivers\u00e1rio, de acordo com o Sin Embargo.<\/span><\/span><\/p>\n<p style=\"font-weight: 400;\"><span style=\"font-style: inherit;\"><span style=\"font-weight: 400;\">No dia seguinte, \u00e0 tarde, o procurador-geral do Estado de Morelos informou pelo Facebook que o empres\u00e1rio e jornalista identificado como Adrian \"N\" <\/span><a style=\"font-weight: inherit; font-style: inherit;\" href=\"https:\/\/www.facebook.com\/FiscaliaGeneralMorelos\/posts\/2602823746614442?__tn__=K-R\"><span style=\"font-weight: 400;\">foi resgatado em uma casa que era guardada por homens armados,<\/span><\/a><span style=\"font-weight: 400;\"> no munic\u00edpio de Jiutepec. Dez supostos sequestradores foram presos, disse a nota.<\/span><\/span><\/p>\n<p style=\"font-weight: 400;\"><span style=\"font-style: inherit;\"><span style=\"font-weight: 400;\">A Profile Magazine confirmou a not\u00edcia do resgate atrav\u00e9s de um v\u00eddeo postado no Facebook, que mostra Fernandez se reunindo com sua fam\u00edlia.<\/span><\/span><\/p>\n<p><strong>ORIGINAL (publicado em 20 de fevereiro de 2020):\u00a0<\/strong>Uma revista no estado de Morelos est\u00e1 pedindo a liberta\u00e7\u00e3o segura de seu diretor-geral depois que homens armados o seq\u00fcestraram de um bar em Cuernavaca, matando uma pessoa no processo.<\/p>\n<p>Adri\u00e1n Fern\u00e1ndez Guerra, empres\u00e1rio e diretor-geral da Revista Perfil,<a href=\"https:\/\/www.sinembargo.mx\/20-02-2020\/3733963\">\u00a0foi sequestrado no bar M\u00e9xico Lindo<\/a>\u00a0por volta das 20h30 em 19 de fevereiro, enquanto comemorava seu anivers\u00e1rio, de acordo com o SinEmbargo.<\/p>\n<p>Um funcion\u00e1rio do bar que foi morto estava tentando impedir o sequestro, acrescentou a publica\u00e7\u00e3o.<\/p>\n<p>As autoridades estaduais e federais\u00a0<a href=\"https:\/\/m.facebook.com\/story.php?story_fbid=2877414512297998&amp;id=112454552127355\">estavam adotando protocolos de seguran\u00e7a e mecanismos de prote\u00e7\u00e3o<\/a>\u00a0na \u00e1rea para resgatar Fern\u00e1ndez, segundo o governo do estado de Morelos.<\/p>\n<p>A organiza\u00e7\u00e3o Rep\u00f3rteres Sem Fronteiras (RSF) instou as autoridades estaduais e federais\u00a0<a href=\"https:\/\/twitter.com\/RSF_esp\/status\/1230510017880756224\">a usarem todos os recursos<\/a>\u00a0para encontrar o diretor.<\/p>\n<p>Da mesma forma, a Artigo 19 do M\u00e9xico apelou \u00e0 implementa\u00e7\u00e3o do\u00a0<a href=\"https:\/\/twitter.com\/article19mex\/status\/1230522152832684032\">Protocolo Aprovado de Busca de Pessoas Desaparecidas<\/a>.<\/p>\n<p>Em sua p\u00e1gina no Facebook, a Revista Perfil publicou: \u201c<a href=\"https:\/\/www.facebook.com\/ReviistaPerfil\/photos\/a.876888672462093\/1604225649728388\/?type=3&amp;theater\">Exigimos que voc\u00ea volte s\u00e3o e salvo<\/a>!\u201d<\/p>\n","protected":false},"excerpt":{"rendered":"<p> O diretor de uma revista no estado de Morelos, no M\u00e9xico, foi resgatado em uma opera\u00e7\u00e3o realizada por autoridades estaduais e federais em 20 de fevereiro depois de ter sido sequestrado por homens armados no dia anterior.<\/p>\n","protected":false},"author":3,"featured_media":0,"comment_status":"closed","ping_status":"closed","sticky":false,"template":"","format":"standard","meta":{"inline_featured_image":false,"footnotes":""},"categories":[1221],"tags":[1394],"coauthors":[],"class_list":["post-1358","post","type-post","status-publish","format-standard","hentry","category-violencia-contra-jornalistas-pt-br","tag-mexico-pt-br"],"acf":[],"yoast_head":"<!-- This site is optimized with the Yoast SEO Premium plugin v22.6 (Yoast SEO v27.4) - https:\/\/yoast.com\/product\/yoast-seo-premium-wordpress\/ -->\n<title>Jornalista mexicano sequestrado em Morelos \u00e9 resgatado por autoridades estaduais e federais - LatAm Journalism Review by the Knight Center<\/title>\n<meta name=\"description\" content=\"Jornalista mexicano sequestrado em Morelos \u00e9 resgatado por autoridades estaduais e federais . Latin American Journalism Review by The Knight Center at The University of Texas at Austin.\" \/>\n<meta name=\"robots\" content=\"index, follow, max-snippet:-1, max-image-preview:large, max-video-preview:-1\" \/>\n<link rel=\"canonical\" href=\"https:\/\/latamjournalismreview.org\/pt-br\/articles\/jornalista-mexicano-sequestrado-em-morelos-e-resgatado-por-autoridades-estaduais-e-federais\/\" \/>\n<meta property=\"og:locale\" content=\"pt_BR\" \/>\n<meta property=\"og:type\" content=\"article\" \/>\n<meta property=\"og:title\" content=\"Jornalista mexicano sequestrado em Morelos \u00e9 resgatado por autoridades estaduais e federais\" \/>\n<meta property=\"og:description\" content=\"Jornalista mexicano sequestrado em Morelos \u00e9 resgatado por autoridades estaduais e federais . Latin American Journalism Review by The Knight Center at The University of Texas at Austin.\" \/>\n<meta property=\"og:url\" content=\"https:\/\/latamjournalismreview.org\/pt-br\/articles\/jornalista-mexicano-sequestrado-em-morelos-e-resgatado-por-autoridades-estaduais-e-federais\/\" \/>\n<meta property=\"og:site_name\" content=\"LatAm Journalism Review by the Knight Center\" \/>\n<meta property=\"article:published_time\" content=\"2020-02-20T07:48:05+00:00\" \/>\n<meta property=\"article:modified_time\" content=\"2020-06-04T15:57:33+00:00\" \/>\n<meta name=\"author\" content=\"Teresa Mioli\" \/>\n<meta name=\"twitter:card\" content=\"summary_large_image\" \/>\n<meta name=\"twitter:creator\" content=\"@TeresaMioli\" \/>\n<meta name=\"twitter:site\" content=\"@LatAmJournalism\" \/>\n<meta name=\"twitter:label1\" content=\"Written by\" \/>\n\t<meta name=\"twitter:data1\" content=\"Teresa Mioli\" \/>\n\t<meta name=\"twitter:label2\" content=\"Est. reading time\" \/>\n\t<meta name=\"twitter:data2\" content=\"2 minutos\" \/>\n<script type=\"application\/ld+json\" class=\"yoast-schema-graph\">{\"@context\":\"https:\\\/\\\/schema.org\",\"@graph\":[{\"@type\":\"Article\",\"@id\":\"https:\\\/\\\/latamjournalismreview.org\\\/pt-br\\\/articles\\\/jornalista-mexicano-sequestrado-em-morelos-e-resgatado-por-autoridades-estaduais-e-federais\\\/#article\",\"isPartOf\":{\"@id\":\"https:\\\/\\\/latamjournalismreview.org\\\/pt-br\\\/articles\\\/jornalista-mexicano-sequestrado-em-morelos-e-resgatado-por-autoridades-estaduais-e-federais\\\/\"},\"author\":{\"name\":\"Teresa Mioli\",\"@id\":\"https:\\\/\\\/latamjournalismreview.org\\\/pt-br\\\/#\\\/schema\\\/person\\\/b83a4912f05c8178389e917d8d51de03\"},\"headline\":\"Jornalista mexicano sequestrado em Morelos \u00e9 resgatado por autoridades estaduais e federais\",\"datePublished\":\"2020-02-20T07:48:05+00:00\",\"dateModified\":\"2020-06-04T15:57:33+00:00\",\"mainEntityOfPage\":{\"@id\":\"https:\\\/\\\/latamjournalismreview.org\\\/pt-br\\\/articles\\\/jornalista-mexicano-sequestrado-em-morelos-e-resgatado-por-autoridades-estaduais-e-federais\\\/\"},\"wordCount\":348,\"publisher\":{\"@id\":\"https:\\\/\\\/latamjournalismreview.org\\\/pt-br\\\/#organization\"},\"keywords\":[\"M\u00e9xico\"],\"articleSection\":[\"Viol\u00eancia contra jornalistas\"],\"inLanguage\":\"pt-BR\"},{\"@type\":\"WebPage\",\"@id\":\"https:\\\/\\\/latamjournalismreview.org\\\/pt-br\\\/articles\\\/jornalista-mexicano-sequestrado-em-morelos-e-resgatado-por-autoridades-estaduais-e-federais\\\/\",\"url\":\"https:\\\/\\\/latamjournalismreview.org\\\/pt-br\\\/articles\\\/jornalista-mexicano-sequestrado-em-morelos-e-resgatado-por-autoridades-estaduais-e-federais\\\/\",\"name\":\"Jornalista mexicano sequestrado em Morelos \u00e9 resgatado por autoridades estaduais e federais - LatAm Journalism Review by the Knight Center\",\"isPartOf\":{\"@id\":\"https:\\\/\\\/latamjournalismreview.org\\\/pt-br\\\/#website\"},\"datePublished\":\"2020-02-20T07:48:05+00:00\",\"dateModified\":\"2020-06-04T15:57:33+00:00\",\"description\":\"Jornalista mexicano sequestrado em Morelos \u00e9 resgatado por autoridades estaduais e federais . Latin American Journalism Review by The Knight Center at The University of Texas at Austin.\",\"breadcrumb\":{\"@id\":\"https:\\\/\\\/latamjournalismreview.org\\\/pt-br\\\/articles\\\/jornalista-mexicano-sequestrado-em-morelos-e-resgatado-por-autoridades-estaduais-e-federais\\\/#breadcrumb\"},\"inLanguage\":\"pt-BR\",\"potentialAction\":[{\"@type\":\"ReadAction\",\"target\":[\"https:\\\/\\\/latamjournalismreview.org\\\/pt-br\\\/articles\\\/jornalista-mexicano-sequestrado-em-morelos-e-resgatado-por-autoridades-estaduais-e-federais\\\/\"]}]},{\"@type\":\"BreadcrumbList\",\"@id\":\"https:\\\/\\\/latamjournalismreview.org\\\/pt-br\\\/articles\\\/jornalista-mexicano-sequestrado-em-morelos-e-resgatado-por-autoridades-estaduais-e-federais\\\/#breadcrumb\",\"itemListElement\":[{\"@type\":\"ListItem\",\"position\":1,\"name\":\"Home\",\"item\":\"https:\\\/\\\/latamjournalismreview.org\\\/pt-br\\\/\"},{\"@type\":\"ListItem\",\"position\":2,\"name\":\"Jornalista mexicano sequestrado em Morelos \u00e9 resgatado por autoridades estaduais e federais\"}]},{\"@type\":\"WebSite\",\"@id\":\"https:\\\/\\\/latamjournalismreview.org\\\/pt-br\\\/#website\",\"url\":\"https:\\\/\\\/latamjournalismreview.org\\\/pt-br\\\/\",\"name\":\"LatAm Journalism Review\",\"description\":\"Digital magazine on journalism in Latin America\",\"publisher\":{\"@id\":\"https:\\\/\\\/latamjournalismreview.org\\\/pt-br\\\/#organization\"},\"potentialAction\":[{\"@type\":\"SearchAction\",\"target\":{\"@type\":\"EntryPoint\",\"urlTemplate\":\"https:\\\/\\\/latamjournalismreview.org\\\/pt-br\\\/?s={search_term_string}\"},\"query-input\":{\"@type\":\"PropertyValueSpecification\",\"valueRequired\":true,\"valueName\":\"search_term_string\"}}],\"inLanguage\":\"pt-BR\"},{\"@type\":\"Organization\",\"@id\":\"https:\\\/\\\/latamjournalismreview.org\\\/pt-br\\\/#organization\",\"name\":\"LatAm Journalism Review\",\"url\":\"https:\\\/\\\/latamjournalismreview.org\\\/pt-br\\\/\",\"logo\":{\"@type\":\"ImageObject\",\"inLanguage\":\"pt-BR\",\"@id\":\"https:\\\/\\\/latamjournalismreview.org\\\/pt-br\\\/#\\\/schema\\\/logo\\\/image\\\/\",\"url\":\"https:\\\/\\\/latamjournalismreview.org\\\/wp-content\\\/uploads\\\/2020\\\/05\\\/knight-latAm-review-logo.svg\",\"contentUrl\":\"https:\\\/\\\/latamjournalismreview.org\\\/wp-content\\\/uploads\\\/2020\\\/05\\\/knight-latAm-review-logo.svg\",\"width\":\"1024\",\"height\":\"1024\",\"caption\":\"LatAm Journalism Review\"},\"image\":{\"@id\":\"https:\\\/\\\/latamjournalismreview.org\\\/pt-br\\\/#\\\/schema\\\/logo\\\/image\\\/\"},\"sameAs\":[\"https:\\\/\\\/x.com\\\/LatAmJournalism\"]},{\"@type\":\"Person\",\"@id\":\"https:\\\/\\\/latamjournalismreview.org\\\/pt-br\\\/#\\\/schema\\\/person\\\/b83a4912f05c8178389e917d8d51de03\",\"name\":\"Teresa Mioli\",\"description\":\"Teresa Mioli is the editorial manager for the Knight Center for Journalism in the Americas. She is interested in press freedom, democratization, and investigative journalism in Latin America and is dedicated to increasing awareness about the importance of independent news media to the health of democracies. She produces journalistic work with the aim of helping people to make informed decisions about their lives and societies and wants to make sure other journalists are able to do the same. She has Bachelors' degrees in Journalism and Plan II Honors (Liberal Arts) and a Master's degree in Latin American Studies, all from the University of Texas at Austin. She started her journalistic career at The Beaumont Enterprise in Southeast Texas where she last worked as a breaking news reporter. ______ Teresa Mioli es la directora editorial del Centro Knight para el Periodismo en las Am\u00e9ricas. Es una periodista con inter\u00e9s en la libertad de prensa, la democratizaci\u00f3n y el periodismo investigativo en Am\u00e9rica Latina y est\u00e1 dedicada a crear mayor consciencia sobre la importancia de los medios noticiosos independientes para la salud de las democracias. El objetivo de su trabajo period\u00edstico es ayudar las personas para que tomen decisiones informadas sobre sus vidas y sus sociedades, y busca que otros periodistas tengan la posibilidad de hacer lo mismo. Teresa tiene una licenciatura en Periodismo y Artes liberales (Plan II Honors), y una maestr\u00eda en Estudios Latinoamericanos, todos de la Universidad de Texas en Austin. Empez\u00f3 su carrera en periodismo en The Beaumont Enterprise al sureste de Texas, en donde recientemente trabaj\u00f3 como reportera de noticias de \u00faltima hora. Anteriormente ella fue la editora de LatAm Journalism Review del Centro Knight. ______ Teresa Mioli \u00e9 gerente editorial do Centro Knight para o Jornalismo nas Am\u00e9ricas. Ela se interessa por liberdade de imprensa, democratiza\u00e7\u00e3o e jornalismo investigativo na Am\u00e9rica Latina e se dedica a aumentar a conscientiza\u00e7\u00e3o sobre a import\u00e2ncia da m\u00eddia independente para a sa\u00fade das democracias. Ela produz trabalhos jornal\u00edsticos com o objetivo de ajudar as pessoas a tomarem decis\u00f5es informadas sobre suas vidas e sociedades e deseja garantir que outros jornalistas possam fazer o mesmo. Ela tem bacharelado em jornalismo e artes liberais e um mestrado em Estudos Latino-Americanos, todos pela Universidade do Texas em Austin. Ela come\u00e7ou sua carreira jornal\u00edstica na The Beaumont Enterprise no sudeste do Texas, onde trabalhou pela \u00faltima vez como rep\u00f3rter de not\u00edcias de \u00faltima hora.\",\"sameAs\":[\"https:\\\/\\\/x.com\\\/TeresaMioli\"],\"url\":\"https:\\\/\\\/latamjournalismreview.org\\\/pt-br\\\/articles\\\/author\\\/teresa-mioli\\\/\"}]}<\/script>\n<!-- \/ Yoast SEO Premium plugin. -->","yoast_head_json":{"title":"Jornalista mexicano sequestrado em Morelos \u00e9 resgatado por autoridades estaduais e federais - LatAm Journalism Review by the Knight Center","description":"Jornalista mexicano sequestrado em Morelos \u00e9 resgatado por autoridades estaduais e federais . Latin American Journalism Review by The Knight Center at The University of Texas at Austin.","robots":{"index":"index","follow":"follow","max-snippet":"max-snippet:-1","max-image-preview":"max-image-preview:large","max-video-preview":"max-video-preview:-1"},"canonical":"https:\/\/latamjournalismreview.org\/pt-br\/articles\/jornalista-mexicano-sequestrado-em-morelos-e-resgatado-por-autoridades-estaduais-e-federais\/","og_locale":"pt_BR","og_type":"article","og_title":"Jornalista mexicano sequestrado em Morelos \u00e9 resgatado por autoridades estaduais e federais","og_description":"Jornalista mexicano sequestrado em Morelos \u00e9 resgatado por autoridades estaduais e federais . Latin American Journalism Review by The Knight Center at The University of Texas at Austin.","og_url":"https:\/\/latamjournalismreview.org\/pt-br\/articles\/jornalista-mexicano-sequestrado-em-morelos-e-resgatado-por-autoridades-estaduais-e-federais\/","og_site_name":"LatAm Journalism Review by the Knight Center","article_published_time":"2020-02-20T07:48:05+00:00","article_modified_time":"2020-06-04T15:57:33+00:00","author":"Teresa Mioli","twitter_card":"summary_large_image","twitter_creator":"@TeresaMioli","twitter_site":"@LatAmJournalism","twitter_misc":{"Written by":"Teresa Mioli","Est. reading time":"2 minutos"},"schema":{"@context":"https:\/\/schema.org","@graph":[{"@type":"Article","@id":"https:\/\/latamjournalismreview.org\/pt-br\/articles\/jornalista-mexicano-sequestrado-em-morelos-e-resgatado-por-autoridades-estaduais-e-federais\/#article","isPartOf":{"@id":"https:\/\/latamjournalismreview.org\/pt-br\/articles\/jornalista-mexicano-sequestrado-em-morelos-e-resgatado-por-autoridades-estaduais-e-federais\/"},"author":{"name":"Teresa Mioli","@id":"https:\/\/latamjournalismreview.org\/pt-br\/#\/schema\/person\/b83a4912f05c8178389e917d8d51de03"},"headline":"Jornalista mexicano sequestrado em Morelos \u00e9 resgatado por autoridades estaduais e federais","datePublished":"2020-02-20T07:48:05+00:00","dateModified":"2020-06-04T15:57:33+00:00","mainEntityOfPage":{"@id":"https:\/\/latamjournalismreview.org\/pt-br\/articles\/jornalista-mexicano-sequestrado-em-morelos-e-resgatado-por-autoridades-estaduais-e-federais\/"},"wordCount":348,"publisher":{"@id":"https:\/\/latamjournalismreview.org\/pt-br\/#organization"},"keywords":["M\u00e9xico"],"articleSection":["Viol\u00eancia contra jornalistas"],"inLanguage":"pt-BR"},{"@type":"WebPage","@id":"https:\/\/latamjournalismreview.org\/pt-br\/articles\/jornalista-mexicano-sequestrado-em-morelos-e-resgatado-por-autoridades-estaduais-e-federais\/","url":"https:\/\/latamjournalismreview.org\/pt-br\/articles\/jornalista-mexicano-sequestrado-em-morelos-e-resgatado-por-autoridades-estaduais-e-federais\/","name":"Jornalista mexicano sequestrado em Morelos \u00e9 resgatado por autoridades estaduais e federais - LatAm Journalism Review by the Knight Center","isPartOf":{"@id":"https:\/\/latamjournalismreview.org\/pt-br\/#website"},"datePublished":"2020-02-20T07:48:05+00:00","dateModified":"2020-06-04T15:57:33+00:00","description":"Jornalista mexicano sequestrado em Morelos \u00e9 resgatado por autoridades estaduais e federais . Latin American Journalism Review by The Knight Center at The University of Texas at Austin.","breadcrumb":{"@id":"https:\/\/latamjournalismreview.org\/pt-br\/articles\/jornalista-mexicano-sequestrado-em-morelos-e-resgatado-por-autoridades-estaduais-e-federais\/#breadcrumb"},"inLanguage":"pt-BR","potentialAction":[{"@type":"ReadAction","target":["https:\/\/latamjournalismreview.org\/pt-br\/articles\/jornalista-mexicano-sequestrado-em-morelos-e-resgatado-por-autoridades-estaduais-e-federais\/"]}]},{"@type":"BreadcrumbList","@id":"https:\/\/latamjournalismreview.org\/pt-br\/articles\/jornalista-mexicano-sequestrado-em-morelos-e-resgatado-por-autoridades-estaduais-e-federais\/#breadcrumb","itemListElement":[{"@type":"ListItem","position":1,"name":"Home","item":"https:\/\/latamjournalismreview.org\/pt-br\/"},{"@type":"ListItem","position":2,"name":"Jornalista mexicano sequestrado em Morelos \u00e9 resgatado por autoridades estaduais e federais"}]},{"@type":"WebSite","@id":"https:\/\/latamjournalismreview.org\/pt-br\/#website","url":"https:\/\/latamjournalismreview.org\/pt-br\/","name":"LatAm Journalism Review","description":"Digital magazine on journalism in Latin America","publisher":{"@id":"https:\/\/latamjournalismreview.org\/pt-br\/#organization"},"potentialAction":[{"@type":"SearchAction","target":{"@type":"EntryPoint","urlTemplate":"https:\/\/latamjournalismreview.org\/pt-br\/?s={search_term_string}"},"query-input":{"@type":"PropertyValueSpecification","valueRequired":true,"valueName":"search_term_string"}}],"inLanguage":"pt-BR"},{"@type":"Organization","@id":"https:\/\/latamjournalismreview.org\/pt-br\/#organization","name":"LatAm Journalism Review","url":"https:\/\/latamjournalismreview.org\/pt-br\/","logo":{"@type":"ImageObject","inLanguage":"pt-BR","@id":"https:\/\/latamjournalismreview.org\/pt-br\/#\/schema\/logo\/image\/","url":"https:\/\/latamjournalismreview.org\/wp-content\/uploads\/2020\/05\/knight-latAm-review-logo.svg","contentUrl":"https:\/\/latamjournalismreview.org\/wp-content\/uploads\/2020\/05\/knight-latAm-review-logo.svg","width":"1024","height":"1024","caption":"LatAm Journalism Review"},"image":{"@id":"https:\/\/latamjournalismreview.org\/pt-br\/#\/schema\/logo\/image\/"},"sameAs":["https:\/\/x.com\/LatAmJournalism"]},{"@type":"Person","@id":"https:\/\/latamjournalismreview.org\/pt-br\/#\/schema\/person\/b83a4912f05c8178389e917d8d51de03","name":"Teresa Mioli","description":"Teresa Mioli is the editorial manager for the Knight Center for Journalism in the Americas. She is interested in press freedom, democratization, and investigative journalism in Latin America and is dedicated to increasing awareness about the importance of independent news media to the health of democracies. She produces journalistic work with the aim of helping people to make informed decisions about their lives and societies and wants to make sure other journalists are able to do the same. She has Bachelors' degrees in Journalism and Plan II Honors (Liberal Arts) and a Master's degree in Latin American Studies, all from the University of Texas at Austin. She started her journalistic career at The Beaumont Enterprise in Southeast Texas where she last worked as a breaking news reporter. ______ Teresa Mioli es la directora editorial del Centro Knight para el Periodismo en las Am\u00e9ricas. Es una periodista con inter\u00e9s en la libertad de prensa, la democratizaci\u00f3n y el periodismo investigativo en Am\u00e9rica Latina y est\u00e1 dedicada a crear mayor consciencia sobre la importancia de los medios noticiosos independientes para la salud de las democracias. El objetivo de su trabajo period\u00edstico es ayudar las personas para que tomen decisiones informadas sobre sus vidas y sus sociedades, y busca que otros periodistas tengan la posibilidad de hacer lo mismo. Teresa tiene una licenciatura en Periodismo y Artes liberales (Plan II Honors), y una maestr\u00eda en Estudios Latinoamericanos, todos de la Universidad de Texas en Austin. Empez\u00f3 su carrera en periodismo en The Beaumont Enterprise al sureste de Texas, en donde recientemente trabaj\u00f3 como reportera de noticias de \u00faltima hora. Anteriormente ella fue la editora de LatAm Journalism Review del Centro Knight. ______ Teresa Mioli \u00e9 gerente editorial do Centro Knight para o Jornalismo nas Am\u00e9ricas. Ela se interessa por liberdade de imprensa, democratiza\u00e7\u00e3o e jornalismo investigativo na Am\u00e9rica Latina e se dedica a aumentar a conscientiza\u00e7\u00e3o sobre a import\u00e2ncia da m\u00eddia independente para a sa\u00fade das democracias. Ela produz trabalhos jornal\u00edsticos com o objetivo de ajudar as pessoas a tomarem decis\u00f5es informadas sobre suas vidas e sociedades e deseja garantir que outros jornalistas possam fazer o mesmo. Ela tem bacharelado em jornalismo e artes liberais e um mestrado em Estudos Latino-Americanos, todos pela Universidade do Texas em Austin. Ela come\u00e7ou sua carreira jornal\u00edstica na The Beaumont Enterprise no sudeste do Texas, onde trabalhou pela \u00faltima vez como rep\u00f3rter de not\u00edcias de \u00faltima hora.","sameAs":["https:\/\/x.com\/TeresaMioli"],"url":"https:\/\/latamjournalismreview.org\/pt-br\/articles\/author\/teresa-mioli\/"}]}},"_links":{"self":[{"href":"https:\/\/latamjournalismreview.org\/pt-br\/wp-json\/wp\/v2\/posts\/1358","targetHints":{"allow":["GET"]}}],"collection":[{"href":"https:\/\/latamjournalismreview.org\/pt-br\/wp-json\/wp\/v2\/posts"}],"about":[{"href":"https:\/\/latamjournalismreview.org\/pt-br\/wp-json\/wp\/v2\/types\/post"}],"author":[{"embeddable":true,"href":"https:\/\/latamjournalismreview.org\/pt-br\/wp-json\/wp\/v2\/users\/3"}],"replies":[{"embeddable":true,"href":"https:\/\/latamjournalismreview.org\/pt-br\/wp-json\/wp\/v2\/comments?post=1358"}],"version-history":[{"count":4,"href":"https:\/\/latamjournalismreview.org\/pt-br\/wp-json\/wp\/v2\/posts\/1358\/revisions"}],"predecessor-version":[{"id":3612,"href":"https:\/\/latamjournalismreview.org\/pt-br\/wp-json\/wp\/v2\/posts\/1358\/revisions\/3612"}],"wp:attachment":[{"href":"https:\/\/latamjournalismreview.org\/pt-br\/wp-json\/wp\/v2\/media?parent=1358"}],"wp:term":[{"taxonomy":"category","embeddable":true,"href":"https:\/\/latamjournalismreview.org\/pt-br\/wp-json\/wp\/v2\/categories?post=1358"},{"taxonomy":"post_tag","embeddable":true,"href":"https:\/\/latamjournalismreview.org\/pt-br\/wp-json\/wp\/v2\/tags?post=1358"},{"taxonomy":"author","embeddable":true,"href":"https:\/\/latamjournalismreview.org\/pt-br\/wp-json\/wp\/v2\/coauthors?post=1358"}],"curies":[{"name":"wp","href":"https:\/\/api.w.org\/{rel}","templated":true}]}}