{"id":1394,"date":"2020-02-19T00:13:23","date_gmt":"2020-02-19T05:13:23","guid":{"rendered":"https:\/\/live-lajr.pantheonsite.io\/?p=1394"},"modified":"2020-06-04T10:58:37","modified_gmt":"2020-06-04T15:58:37","slug":"ha-rumores-de-que-o-pcc-estaria-planejando-ataques-contra-outros-jornalistas-diz-reporter-na-fronteira-do-brasil-e-paraguai","status":"publish","type":"post","link":"https:\/\/latamjournalismreview.org\/pt-br\/articles\/ha-rumores-de-que-o-pcc-estaria-planejando-ataques-contra-outros-jornalistas-diz-reporter-na-fronteira-do-brasil-e-paraguai\/","title":{"rendered":"\u2018H\u00e1 rumores de que o PCC estaria planejando ataques contra outros jornalistas\u2019, diz rep\u00f3rter na fronteira do Brasil e Paraguai"},"content":{"rendered":"<p>O\u00a0<a href=\"https:\/\/knightcenter.utexas.edu\/pt-br\/blog\/00-17535-minha-escolta-e-quase-familia-diz-jornalista-ameacado-de-morte-que-vive-ha-20-anos-com\">correspondente paraguaio C\u00e1ndido Figueredo<\/a>, que trabalha na cidade de Pedro Juan Caballero, na fronteira com o Brasil, diz que a situa\u00e7\u00e3o na regi\u00e3o est\u00e1 \"muito tensa\" ap\u00f3s o assassinato do jornalista brasileiro Louren\u00e7o Veras, conhecido como L\u00e9o Veras, em 12 de fevereiro. \"H\u00e1 rumores de que o PCC [a fac\u00e7\u00e3o criminosa Primeiro Comando da Capital] estaria planejando ataques contra outros jornalistas. Ent\u00e3o estamos tomando muito cuidado\", disse ele, em entrevista ao\u00a0<strong>Centro Knight<\/strong>.<\/p>\n<p>Veras era respons\u00e1vel pelo site Por\u00e3 News. Ele foi\u00a0<a href=\"https:\/\/knightcenter.utexas.edu\/pt-br\/blog\/00-21587-jornalista-brasileiro-ameacado-de-morte-e-assassinado-por-pistoleiros-no-paraguai-em-r\">assassinado na sua casa, enquanto jantava com a fam\u00edlia, em Pedro Juan Caballero<\/a>, cidade paraguaia que faz fronteira com a brasileira Ponta Por\u00e3.<\/p>\n<div>\n<div style=\"width: 334px\" class=\"wp-caption alignleft\"><a href=\"https:\/\/knightcenter.utexas.edu\/blog\/00-21611-%E2%80%98there-are-rumors-pcc-planning-attacks-against-other-journalists%E2%80%99-says-reporter-brazil\" target=\"_blank\" rel=\"noopener noreferrer\"><img loading=\"lazy\" decoding=\"async\" class=\"\" src=\"https:\/\/live.staticflickr.com\/65535\/49557717698_48becf7c3d_o.jpg\" alt=\"L\u00e9o Veras (Facebook)\" width=\"324\" height=\"324\" \/><\/a><p class=\"wp-caption-text\">L\u00e9o Veras (Facebook)<\/p><\/div>\n<p>Figueredo disse ainda que est\u00e1 muito abalado com a morte do amigo, com quem conversava diariamente. Correspondente do maior jornal do Paraguai, o\u00a0<a href=\"http:\/\/www.abc.com.py\/\">ABC Color<\/a>,\u00a0<a href=\"https:\/\/knightcenter.utexas.edu\/pt-br\/blog\/00-17535-minha-escolta-e-quase-familia-diz-jornalista-ameacado-de-morte-que-vive-ha-20-anos-com\">Figueredo vive com escolta policial h\u00e1 quase 25 anos<\/a>\u00a0ap\u00f3s numerosos atentados e amea\u00e7as contra a sua vida.<\/p>\n<\/div>\n<p>O correspondente afirma que a regi\u00e3o ficou \"muito mais perigosa\" nos \u00faltimos anos, com o avan\u00e7o do PCC.<\/p>\n<p>\u201cEles implementam o seu poder na base do medo (...) Acho que agora eles est\u00e3o pressionando [os jornalistas] para que a gente n\u00e3o publique muitas coisas sobre eles\", afirmou.<\/p>\n<p>Figueredo tem coberto\u00a0<a href=\"https:\/\/www.abc.com.py\/nacionales\/2020\/02\/13\/matan-a-tiros-en-su-propia-casa-a-un-periodista-en-pedro-juan\/\">o caso do assassinato de Veras para o ABC Color<\/a>\u00a0desde o primeiro dia. \"\u00c9 muito dif\u00edcil escrever quando a v\u00edtima \u00e9 um amigo\", afirma ele, para quem a cobertura ajuda a cobrar das autoridades uma solu\u00e7\u00e3o para o caso. O jornalista denuncia que, at\u00e9 agora, n\u00e3o houve nenhum avan\u00e7o na investiga\u00e7\u00e3o.<\/p>\n<p><strong>Veja a seguir trechos da entrevista com Figueredo.<\/strong><\/p>\n<p><strong>Centro Knight: Como como voc\u00ea descreveria o clima entre os jornalistas na regi\u00e3o ap\u00f3s o assassinato do jornalista L\u00e9o Veras?<\/strong><\/p>\n<p><strong>C\u00e1ndido Figueredo:<\/strong>\u00a0A situa\u00e7\u00e3o est\u00e1 muito tensa, estamos muito abalados com o que aconteceu. Ainda mais porque h\u00e1 rumores de que o PCC estaria planejando ataques contra outros jornalistas. Ent\u00e3o estamos tomando muito cuidado. Tanto eu quanto o L\u00e9o temos muitos informantes nesse submundo, al\u00e9m de policiais.<\/p>\n<p><strong>CK: O senhor ainda tem a escolta?<\/strong><\/p>\n<p><strong>CF:\u00a0<\/strong>Sim, eu e a minha esposa temos escolta policial h\u00e1 25 anos. Ela tem tr\u00eas policiais mulheres que fazem a seguran\u00e7a dela. No total s\u00e3o sete policiais para n\u00f3s dois.<\/p>\n<p><strong>CK:<\/strong>\u00a0<strong>O senhor acha que a regi\u00e3o ficou mais perigosa desde a \u00faltima vez que nos falamos, em 2016?<\/strong><\/p>\n<p><strong>CF:<\/strong>\u00a0Muito mais perigosa, muito mais perigosa. N\u00f3s agora estamos \u00e0 merc\u00ea do PCC e do Comando Vermelho. Mais do PCC, que j\u00e1 tomou conta de tudo. Acredito que o PCC j\u00e1 tenha gente em todas as cidades fronteiri\u00e7as do Paraguai com o Brasil e at\u00e9 na capital, em Assun\u00e7\u00e3o. Eles monopolizaram tudo que \u00e9 relacionado ao tr\u00e1fico de drogas, de armas e lavagem de dinheiro. Eles tiraram todos os traficantes paraguaios. Agora todos s\u00e3o membros do PCC, e os paraguaios que est\u00e3o a\u00ed s\u00e3o apenas soldados deles. Eles implementam o seu poder na base do medo, por isso eles repassam esses v\u00eddeos em que eles cortam a cabe\u00e7a e corpos das pessoas que est\u00e3o contra eles. Acho que agora eles est\u00e3o pressionando [os jornalistas] para que a gente n\u00e3o publique muitas coisas sobre eles.<\/p>\n<p><strong>CK: E o senhor conhecia bem o L\u00e9o Veras?<\/strong><\/p>\n<p><strong>CF:<\/strong>\u00a0Claro, ele trabalhou comigo para o ABC Color por seis meses em 2017, e eu falava com ele quase todo dia. A gente sempre trocava informa\u00e7\u00f5es, quando acontecia alguma coisa em Ponta Por\u00e3 ele me ligava, me avisava, mandava fotos e dados do lado brasileiro. E eu tamb\u00e9m muitas vezes passava as informa\u00e7\u00f5es do que acontecia na fronteira. Ponta Por\u00e3 e Pedro Juan Caballero est\u00e3o dividas por uma rua s\u00f3. N\u00f3s [do ABC Color] publicamos algo que acontece no Brasil se tiver rela\u00e7\u00e3o com algum cidad\u00e3o paraguaio. Mas o L\u00e9o tinha uma p\u00e1gina digital sobre a fronteira, ent\u00e3o ele publicava not\u00edcia das duas cidades.<\/p>\n<p><strong>CK:<\/strong>\u00a0<strong>Ele andava mais preocupado recentemente?<\/strong><\/p>\n<p><strong>CF:<\/strong>\u00a0N\u00f3s sempre conversamos sobre o perigo que tem aqui. Tanto que sempre que a gente se despedia a gente falava: \"toma cuidado, irm\u00e3ozinho, me avisa qualquer coisa\". Ele sabia muito bem do perigo que existe aqui, assim como eu sei. Mas nos \u00faltimos tempos n\u00f3s n\u00e3o conversamos sobre isso. Eu n\u00e3o percebi nada com ele, e ele tamb\u00e9m n\u00e3o falou nada. Ele n\u00e3o era muito de falar das coisas pessoais.<\/p>\n<p><strong>CK:<\/strong>\u00a0<strong>Como ele era como jornalista e amigo?<\/strong><\/p>\n<p><strong>CF:<\/strong>\u00a0Ele era um jornalista inquieto, andava atr\u00e1s da not\u00edcia, n\u00e3o interessava o tempo, a dist\u00e2ncia. Era um cara alegre, que n\u00e3o era de falar muito, mas um cara legal.<\/p>\n<p><strong>CK: E o senhor tem feito a cobertura do caso, n\u00e3o \u00e9?<\/strong><\/p>\n<p><strong>CF:<\/strong>\u00a0Sim, estou cobrindo desde o primeiro dia. Na noite em que ele foi morto j\u00e1 de imediato fiz a mat\u00e9ria que saiu na p\u00e1gina digital do jornal. E no dia seguinte eu fiz uma cobertura ampla sobre o que aconteceu. Depois no enterro tamb\u00e9m fiz uma mat\u00e9ria. \u00c9 muito dif\u00edcil escrever quando a v\u00edtima \u00e9 um amigo, que trabalhou muito tempo conosco na reda\u00e7\u00e3o do jornal. \u00c9 muito dif\u00edcil, mas a gente tem que fazer. Apesar de tudo isso n\u00f3s seguimos trabalhando, porque se fic\u00e1ssemos calados seria bem melhor para as autoridades judiciais.<\/p>\n<div>\n<div style=\"width: 318px\" class=\"wp-caption alignright\"><a href=\"https:\/\/knightcenter.utexas.edu\/blog\/00-21611-%E2%80%98there-are-rumors-pcc-planning-attacks-against-other-journalists%E2%80%99-says-reporter-brazil\" target=\"_blank\" rel=\"noopener noreferrer\"><img loading=\"lazy\" decoding=\"async\" src=\"https:\/\/live.staticflickr.com\/65535\/49558181821_c2669b34da_o.jpg\" alt=\"Journalist C\u00e1ndido Figueredo (center) lives with armed guards around the clock. (Courtesy)\" width=\"308\" height=\"179\" \/><\/a><p class=\"wp-caption-text\">Journalist C\u00e1ndido Figueredo (center) lives with armed guards around the clock. (Courtesy)<\/p><\/div>\n<\/div>\n<p><strong>CK:<\/strong>\u00a0<strong>Como o senhor avalia a investiga\u00e7\u00e3o do caso?<\/strong><\/p>\n<p><strong>CF:\u00a0<\/strong>Sobre a investiga\u00e7\u00e3o, eu tamb\u00e9m escrevi que at\u00e9 hoje n\u00e3o tem nada. O Minist\u00e9rio P\u00fablico diz que est\u00e1 fazendo a investiga\u00e7\u00e3o e que tudo est\u00e1 sendo feito em segredo. At\u00e9 hoje eles n\u00e3o falaram nada de concreto sobre que grupo poderia ter feito esse atentado. A gente est\u00e1 trabalhando, insistindo e, assim que tiver alguma novidade, vamos publicar.<\/p>\n<p><strong>CK: O senhor tem conversado com outros jornalistas da regi\u00e3o sobre alguma medida coletiva?<\/strong><\/p>\n<p><strong>CF:\u00a0<\/strong>Eu n\u00e3o tenho muito contato com ningu\u00e9m. N\u00e3o falo com nenhum outro jornalista, n\u00e3o me re\u00fano com ningu\u00e9m, sou um lobo solit\u00e1rio. A melhor forma de se cuidar na fronteira \u00e9 n\u00e3o confiar em ningu\u00e9m. Eu falava muito com o L\u00e9o, porque ele sempre trabalhou comigo de perto, ent\u00e3o a gente conversava muito.<\/p>\n<p><strong>CK: \u00bfHa hablado con otros periodistas en la regi\u00f3n sobre alguna medida colectiva?<\/strong><\/p>\n<p><strong>CF:<\/strong>\u00a0No tengo mucho contacto con nadie. No hablo con ning\u00fan otro periodista, no me re\u00fano con nadie, soy un lobo solitario. La mejor manera de cuidarse en la frontera es no confiar en nadie. Yo hablaba mucho con L\u00e9o porque \u00e9l siempre trabaj\u00f3 estrechamente conmigo, as\u00ed que habl\u00e1bamos mucho.<\/p>\n<p><strong>CK: O senhor est\u00e1 pensando em sair da\u00ed agora que a situa\u00e7\u00e3o est\u00e1 mais tensa?<\/strong><\/p>\n<p><strong>CF:\u00a0<\/strong>Ainda n\u00e3o decidimos nada, estamos estudando a situa\u00e7\u00e3o [eu e a minha esposa]. A situa\u00e7\u00e3o est\u00e1 muito quente ainda, e a gente tem que pensar de cabe\u00e7a fria. Vamos esperar uns dias e analisar. Eu estou acostumado, j\u00e1 metralharam a minha casa duas vezes, j\u00e1 metralharam o carro em que eu estava duas vezes, j\u00e1 recebi um monte de amea\u00e7as, ent\u00e3o eu j\u00e1 n\u00e3o reajo dessa forma. Claro que quando um amigo teu \u00e9 assassinado\u2026 Mas temos que pensar com cabe\u00e7a fria no que fazer.<\/p>\n<p><strong>CK: Tem alguma entidade que esteja acompanhando isso de perto?<\/strong><\/p>\n<p><strong>CF:\u00a0<\/strong>Aqui n\u00e3o tem nenhuma entidade que possa ajudar os jornalistas. S\u00f3 tem em Assun\u00e7\u00e3o, mas as pessoas da capital n\u00e3o t\u00eam no\u00e7\u00e3o de como \u00e9 a vida aqui na fronteira. Ent\u00e3o \u00e9 dif\u00edcil, cada um est\u00e1 se virando como pode.<\/p>\n<p><strong>CK:<\/strong>\u00a0<strong>Os jornalistas a\u00ed na fronteira ficam meio abandonados\u2026<\/strong><\/p>\n<p><strong>CF:<\/strong>\u00a0\u00c9, sempre \u00e9 assim.<\/p>\n","protected":false},"excerpt":{"rendered":"<p>O correspondente paraguaio C\u00e1ndido Figueredo, que trabalha na cidade de Pedro Juan Caballero, diz que a situa\u00e7\u00e3o na regi\u00e3o est\u00e1 \"muito tensa\" ap\u00f3s o assassinato do jornalista brasileiro Louren\u00e7o Veras.<\/p>\n","protected":false},"author":6,"featured_media":1388,"comment_status":"closed","ping_status":"closed","sticky":false,"template":"","format":"standard","meta":{"inline_featured_image":false,"footnotes":""},"categories":[1221],"tags":[1552,1595],"coauthors":[],"class_list":["post-1394","post","type-post","status-publish","format-standard","has-post-thumbnail","hentry","category-violencia-contra-jornalistas-pt-br","tag-assassinatos-de-jornalistas-pt-br","tag-paraguai-pt-br"],"acf":[],"yoast_head":"<!-- This site is optimized with the Yoast SEO Premium plugin v22.6 (Yoast SEO v27.4) - https:\/\/yoast.com\/product\/yoast-seo-premium-wordpress\/ -->\n<title>\u2018H\u00e1 rumores de que o PCC estaria planejando ataques contra outros jornalistas\u2019, diz rep\u00f3rter na fronteira do Brasil e Paraguai - LatAm Journalism Review by the Knight Center<\/title>\n<meta name=\"description\" content=\"\u2018H\u00e1 rumores de que o PCC estaria planejando ataques contra outros jornalistas\u2019, diz rep\u00f3rter na fronteira do Brasil e Paraguai Viol\u00eancia contra jornalistas. Latin American Journalism Review by The Knight Center at The University of Texas at Austin.\" \/>\n<meta name=\"robots\" content=\"index, follow, max-snippet:-1, max-image-preview:large, max-video-preview:-1\" \/>\n<link rel=\"canonical\" href=\"https:\/\/latamjournalismreview.org\/pt-br\/articles\/ha-rumores-de-que-o-pcc-estaria-planejando-ataques-contra-outros-jornalistas-diz-reporter-na-fronteira-do-brasil-e-paraguai\/\" \/>\n<meta property=\"og:locale\" content=\"pt_BR\" \/>\n<meta property=\"og:type\" content=\"article\" \/>\n<meta property=\"og:title\" content=\"\u2018H\u00e1 rumores de que o PCC estaria planejando ataques contra outros jornalistas\u2019, diz rep\u00f3rter na fronteira do Brasil e Paraguai\" \/>\n<meta property=\"og:description\" content=\"\u2018H\u00e1 rumores de que o PCC estaria planejando ataques contra outros jornalistas\u2019, diz rep\u00f3rter na fronteira do Brasil e Paraguai Viol\u00eancia contra jornalistas. Latin American Journalism Review by The Knight Center at The University of Texas at Austin.\" \/>\n<meta property=\"og:url\" content=\"https:\/\/latamjournalismreview.org\/pt-br\/articles\/ha-rumores-de-que-o-pcc-estaria-planejando-ataques-contra-outros-jornalistas-diz-reporter-na-fronteira-do-brasil-e-paraguai\/\" \/>\n<meta property=\"og:site_name\" content=\"LatAm Journalism Review by the Knight Center\" \/>\n<meta property=\"article:published_time\" content=\"2020-02-19T05:13:23+00:00\" \/>\n<meta property=\"article:modified_time\" content=\"2020-06-04T15:58:37+00:00\" \/>\n<meta property=\"og:image\" content=\"https:\/\/latamjournalismreview.org\/wp-content\/uploads\/2020\/05\/49558181821_c2669b34da_o-e1590722641452.jpg\" \/>\n\t<meta property=\"og:image:width\" content=\"507\" \/>\n\t<meta property=\"og:image:height\" content=\"294\" \/>\n\t<meta property=\"og:image:type\" content=\"image\/jpeg\" \/>\n<meta name=\"author\" content=\"Marina Estarque\" \/>\n<meta name=\"twitter:card\" content=\"summary_large_image\" \/>\n<meta name=\"twitter:creator\" content=\"@MarinaEstarque\" \/>\n<meta name=\"twitter:site\" content=\"@LatAmJournalism\" \/>\n<meta name=\"twitter:label1\" content=\"Written by\" \/>\n\t<meta name=\"twitter:data1\" content=\"Marina Estarque\" \/>\n\t<meta name=\"twitter:label2\" content=\"Est. reading time\" \/>\n\t<meta name=\"twitter:data2\" content=\"7 minutos\" \/>\n<script type=\"application\/ld+json\" class=\"yoast-schema-graph\">{\"@context\":\"https:\\\/\\\/schema.org\",\"@graph\":[{\"@type\":\"Article\",\"@id\":\"https:\\\/\\\/latamjournalismreview.org\\\/pt-br\\\/articles\\\/ha-rumores-de-que-o-pcc-estaria-planejando-ataques-contra-outros-jornalistas-diz-reporter-na-fronteira-do-brasil-e-paraguai\\\/#article\",\"isPartOf\":{\"@id\":\"https:\\\/\\\/latamjournalismreview.org\\\/pt-br\\\/articles\\\/ha-rumores-de-que-o-pcc-estaria-planejando-ataques-contra-outros-jornalistas-diz-reporter-na-fronteira-do-brasil-e-paraguai\\\/\"},\"author\":{\"name\":\"Marina Estarque\",\"@id\":\"https:\\\/\\\/latamjournalismreview.org\\\/pt-br\\\/#\\\/schema\\\/person\\\/041964d0921c867b6226b459cd5bf28b\"},\"headline\":\"\u2018H\u00e1 rumores de que o PCC estaria planejando ataques contra outros jornalistas\u2019, diz rep\u00f3rter na fronteira do Brasil e Paraguai\",\"datePublished\":\"2020-02-19T05:13:23+00:00\",\"dateModified\":\"2020-06-04T15:58:37+00:00\",\"mainEntityOfPage\":{\"@id\":\"https:\\\/\\\/latamjournalismreview.org\\\/pt-br\\\/articles\\\/ha-rumores-de-que-o-pcc-estaria-planejando-ataques-contra-outros-jornalistas-diz-reporter-na-fronteira-do-brasil-e-paraguai\\\/\"},\"wordCount\":1372,\"publisher\":{\"@id\":\"https:\\\/\\\/latamjournalismreview.org\\\/pt-br\\\/#organization\"},\"image\":{\"@id\":\"https:\\\/\\\/latamjournalismreview.org\\\/pt-br\\\/articles\\\/ha-rumores-de-que-o-pcc-estaria-planejando-ataques-contra-outros-jornalistas-diz-reporter-na-fronteira-do-brasil-e-paraguai\\\/#primaryimage\"},\"thumbnailUrl\":\"https:\\\/\\\/latamjournalismreview.org\\\/wp-content\\\/uploads\\\/2020\\\/05\\\/49558181821_c2669b34da_o-e1590722641452.jpg\",\"keywords\":[\"Assassinatos de jornalistas\",\"Paraguai\"],\"articleSection\":[\"Viol\u00eancia contra jornalistas\"],\"inLanguage\":\"pt-BR\"},{\"@type\":\"WebPage\",\"@id\":\"https:\\\/\\\/latamjournalismreview.org\\\/pt-br\\\/articles\\\/ha-rumores-de-que-o-pcc-estaria-planejando-ataques-contra-outros-jornalistas-diz-reporter-na-fronteira-do-brasil-e-paraguai\\\/\",\"url\":\"https:\\\/\\\/latamjournalismreview.org\\\/pt-br\\\/articles\\\/ha-rumores-de-que-o-pcc-estaria-planejando-ataques-contra-outros-jornalistas-diz-reporter-na-fronteira-do-brasil-e-paraguai\\\/\",\"name\":\"\u2018H\u00e1 rumores de que o PCC estaria planejando ataques contra outros jornalistas\u2019, diz rep\u00f3rter na fronteira do Brasil e Paraguai - LatAm Journalism Review by the Knight Center\",\"isPartOf\":{\"@id\":\"https:\\\/\\\/latamjournalismreview.org\\\/pt-br\\\/#website\"},\"primaryImageOfPage\":{\"@id\":\"https:\\\/\\\/latamjournalismreview.org\\\/pt-br\\\/articles\\\/ha-rumores-de-que-o-pcc-estaria-planejando-ataques-contra-outros-jornalistas-diz-reporter-na-fronteira-do-brasil-e-paraguai\\\/#primaryimage\"},\"image\":{\"@id\":\"https:\\\/\\\/latamjournalismreview.org\\\/pt-br\\\/articles\\\/ha-rumores-de-que-o-pcc-estaria-planejando-ataques-contra-outros-jornalistas-diz-reporter-na-fronteira-do-brasil-e-paraguai\\\/#primaryimage\"},\"thumbnailUrl\":\"https:\\\/\\\/latamjournalismreview.org\\\/wp-content\\\/uploads\\\/2020\\\/05\\\/49558181821_c2669b34da_o-e1590722641452.jpg\",\"datePublished\":\"2020-02-19T05:13:23+00:00\",\"dateModified\":\"2020-06-04T15:58:37+00:00\",\"description\":\"\u2018H\u00e1 rumores de que o PCC estaria planejando ataques contra outros jornalistas\u2019, diz rep\u00f3rter na fronteira do Brasil e Paraguai Viol\u00eancia contra jornalistas. Latin American Journalism Review by The Knight Center at The University of Texas at Austin.\",\"breadcrumb\":{\"@id\":\"https:\\\/\\\/latamjournalismreview.org\\\/pt-br\\\/articles\\\/ha-rumores-de-que-o-pcc-estaria-planejando-ataques-contra-outros-jornalistas-diz-reporter-na-fronteira-do-brasil-e-paraguai\\\/#breadcrumb\"},\"inLanguage\":\"pt-BR\",\"potentialAction\":[{\"@type\":\"ReadAction\",\"target\":[\"https:\\\/\\\/latamjournalismreview.org\\\/pt-br\\\/articles\\\/ha-rumores-de-que-o-pcc-estaria-planejando-ataques-contra-outros-jornalistas-diz-reporter-na-fronteira-do-brasil-e-paraguai\\\/\"]}]},{\"@type\":\"ImageObject\",\"inLanguage\":\"pt-BR\",\"@id\":\"https:\\\/\\\/latamjournalismreview.org\\\/pt-br\\\/articles\\\/ha-rumores-de-que-o-pcc-estaria-planejando-ataques-contra-outros-jornalistas-diz-reporter-na-fronteira-do-brasil-e-paraguai\\\/#primaryimage\",\"url\":\"https:\\\/\\\/latamjournalismreview.org\\\/wp-content\\\/uploads\\\/2020\\\/05\\\/49558181821_c2669b34da_o-e1590722641452.jpg\",\"contentUrl\":\"https:\\\/\\\/latamjournalismreview.org\\\/wp-content\\\/uploads\\\/2020\\\/05\\\/49558181821_c2669b34da_o-e1590722641452.jpg\",\"width\":507,\"height\":294,\"caption\":\"Journalist C\u00e1ndido Figueredo (center) lives with armed guards around the clock. (Courtesy)\"},{\"@type\":\"BreadcrumbList\",\"@id\":\"https:\\\/\\\/latamjournalismreview.org\\\/pt-br\\\/articles\\\/ha-rumores-de-que-o-pcc-estaria-planejando-ataques-contra-outros-jornalistas-diz-reporter-na-fronteira-do-brasil-e-paraguai\\\/#breadcrumb\",\"itemListElement\":[{\"@type\":\"ListItem\",\"position\":1,\"name\":\"Home\",\"item\":\"https:\\\/\\\/latamjournalismreview.org\\\/pt-br\\\/\"},{\"@type\":\"ListItem\",\"position\":2,\"name\":\"\u2018H\u00e1 rumores de que o PCC estaria planejando ataques contra outros jornalistas\u2019, diz rep\u00f3rter na fronteira do Brasil e Paraguai\"}]},{\"@type\":\"WebSite\",\"@id\":\"https:\\\/\\\/latamjournalismreview.org\\\/pt-br\\\/#website\",\"url\":\"https:\\\/\\\/latamjournalismreview.org\\\/pt-br\\\/\",\"name\":\"LatAm Journalism Review\",\"description\":\"Digital magazine on journalism in Latin America\",\"publisher\":{\"@id\":\"https:\\\/\\\/latamjournalismreview.org\\\/pt-br\\\/#organization\"},\"potentialAction\":[{\"@type\":\"SearchAction\",\"target\":{\"@type\":\"EntryPoint\",\"urlTemplate\":\"https:\\\/\\\/latamjournalismreview.org\\\/pt-br\\\/?s={search_term_string}\"},\"query-input\":{\"@type\":\"PropertyValueSpecification\",\"valueRequired\":true,\"valueName\":\"search_term_string\"}}],\"inLanguage\":\"pt-BR\"},{\"@type\":\"Organization\",\"@id\":\"https:\\\/\\\/latamjournalismreview.org\\\/pt-br\\\/#organization\",\"name\":\"LatAm Journalism Review\",\"url\":\"https:\\\/\\\/latamjournalismreview.org\\\/pt-br\\\/\",\"logo\":{\"@type\":\"ImageObject\",\"inLanguage\":\"pt-BR\",\"@id\":\"https:\\\/\\\/latamjournalismreview.org\\\/pt-br\\\/#\\\/schema\\\/logo\\\/image\\\/\",\"url\":\"https:\\\/\\\/latamjournalismreview.org\\\/wp-content\\\/uploads\\\/2020\\\/05\\\/knight-latAm-review-logo.svg\",\"contentUrl\":\"https:\\\/\\\/latamjournalismreview.org\\\/wp-content\\\/uploads\\\/2020\\\/05\\\/knight-latAm-review-logo.svg\",\"width\":\"1024\",\"height\":\"1024\",\"caption\":\"LatAm Journalism Review\"},\"image\":{\"@id\":\"https:\\\/\\\/latamjournalismreview.org\\\/pt-br\\\/#\\\/schema\\\/logo\\\/image\\\/\"},\"sameAs\":[\"https:\\\/\\\/x.com\\\/LatAmJournalism\"]},{\"@type\":\"Person\",\"@id\":\"https:\\\/\\\/latamjournalismreview.org\\\/pt-br\\\/#\\\/schema\\\/person\\\/041964d0921c867b6226b459cd5bf28b\",\"name\":\"Marina Estarque\",\"description\":\"Marina Estarque is a Brazilian journalist living in S\u00e3o Paulo. She has worked for Brazilian news organizations such as Folha de S.Paulo, O Estado de S. Paulo, O Dia and the fact-checking agency Lupa. Marina was a correspondent in Brazil for the German international broadcaster Deutsche Welle and a radio reporter for DW Africa in Germany. She also worked as a reporter for United Nations Radio, in New York, and for Spanish newspaper La Voz de Galicia. Marina graduated in Journalism from the Federal University of Rio de Janeiro and has a Master\u2019s degree in Editorial Journalism from the University of A Coru\u00f1a (Spain). Marina Estarque es una periodista brasile\u00f1a que vive en S\u00e3o Paulo. Ella ha trabajado para diversas organizaciones period\u00edsticas como Folha de S.Paulo, O Estado de S. Paulo, O Dia y en la agencia de fact-checking Lupa. Marina ha sido corresponsal en Brasil del canal internacional alem\u00e1n Deutsche Welle y reportera de radio de DW \u00c1frica en Alemania. Tambi\u00e9n trabaj\u00f3 como reportera de Radio de las Naciones Unidas en Nueva York y en el diario espa\u00f1ol La Voz de Galicia. Marina tiene una maestr\u00eda en edici\u00f3n period\u00edstica de la Universidad de Coru\u00f1a (Espa\u00f1a) y se gradu\u00f3 en periodismo en la Universidad Federal de R\u00edo de Janeiro. Marina Estarque \u00e9 uma jornalista brasileira que vive em S\u00e3o Paulo. Ela trabalhou para ve\u00edculos como Folha de S.Paulo, O Estado de S. Paulo, O Dia e a ag\u00eancia de fact-checking Lupa. Marina foi correspondente no Brasil para a emissora internacional da Alemanha, a Deutsche Welle, e rep\u00f3rter de r\u00e1dio para a DW \u00c1frica na Alemanha. Ela tamb\u00e9m foi rep\u00f3rter da R\u00e1dio das Na\u00e7\u00f5es Unidas em Nova York e do jornal espanhol La Voz de Galicia. Marina \u00e9 mestre em edi\u00e7\u00e3o jornal\u00edstica pela Universidade da Coru\u00f1a (Espanha) e graduada em jornalismo pela Universidade Federal do Rio de Janeiro.\",\"sameAs\":[\"https:\\\/\\\/x.com\\\/MarinaEstarque\"],\"url\":\"https:\\\/\\\/latamjournalismreview.org\\\/pt-br\\\/articles\\\/author\\\/marina-estarque\\\/\"}]}<\/script>\n<!-- \/ Yoast SEO Premium plugin. -->","yoast_head_json":{"title":"\u2018H\u00e1 rumores de que o PCC estaria planejando ataques contra outros jornalistas\u2019, diz rep\u00f3rter na fronteira do Brasil e Paraguai - LatAm Journalism Review by the Knight Center","description":"\u2018H\u00e1 rumores de que o PCC estaria planejando ataques contra outros jornalistas\u2019, diz rep\u00f3rter na fronteira do Brasil e Paraguai Viol\u00eancia contra jornalistas. Latin American Journalism Review by The Knight Center at The University of Texas at Austin.","robots":{"index":"index","follow":"follow","max-snippet":"max-snippet:-1","max-image-preview":"max-image-preview:large","max-video-preview":"max-video-preview:-1"},"canonical":"https:\/\/latamjournalismreview.org\/pt-br\/articles\/ha-rumores-de-que-o-pcc-estaria-planejando-ataques-contra-outros-jornalistas-diz-reporter-na-fronteira-do-brasil-e-paraguai\/","og_locale":"pt_BR","og_type":"article","og_title":"\u2018H\u00e1 rumores de que o PCC estaria planejando ataques contra outros jornalistas\u2019, diz rep\u00f3rter na fronteira do Brasil e Paraguai","og_description":"\u2018H\u00e1 rumores de que o PCC estaria planejando ataques contra outros jornalistas\u2019, diz rep\u00f3rter na fronteira do Brasil e Paraguai Viol\u00eancia contra jornalistas. Latin American Journalism Review by The Knight Center at The University of Texas at Austin.","og_url":"https:\/\/latamjournalismreview.org\/pt-br\/articles\/ha-rumores-de-que-o-pcc-estaria-planejando-ataques-contra-outros-jornalistas-diz-reporter-na-fronteira-do-brasil-e-paraguai\/","og_site_name":"LatAm Journalism Review by the Knight Center","article_published_time":"2020-02-19T05:13:23+00:00","article_modified_time":"2020-06-04T15:58:37+00:00","og_image":[{"width":507,"height":294,"url":"https:\/\/latamjournalismreview.org\/wp-content\/uploads\/2020\/05\/49558181821_c2669b34da_o-e1590722641452.jpg","type":"image\/jpeg"}],"author":"Marina Estarque","twitter_card":"summary_large_image","twitter_creator":"@MarinaEstarque","twitter_site":"@LatAmJournalism","twitter_misc":{"Written by":"Marina Estarque","Est. reading time":"7 minutos"},"schema":{"@context":"https:\/\/schema.org","@graph":[{"@type":"Article","@id":"https:\/\/latamjournalismreview.org\/pt-br\/articles\/ha-rumores-de-que-o-pcc-estaria-planejando-ataques-contra-outros-jornalistas-diz-reporter-na-fronteira-do-brasil-e-paraguai\/#article","isPartOf":{"@id":"https:\/\/latamjournalismreview.org\/pt-br\/articles\/ha-rumores-de-que-o-pcc-estaria-planejando-ataques-contra-outros-jornalistas-diz-reporter-na-fronteira-do-brasil-e-paraguai\/"},"author":{"name":"Marina Estarque","@id":"https:\/\/latamjournalismreview.org\/pt-br\/#\/schema\/person\/041964d0921c867b6226b459cd5bf28b"},"headline":"\u2018H\u00e1 rumores de que o PCC estaria planejando ataques contra outros jornalistas\u2019, diz rep\u00f3rter na fronteira do Brasil e Paraguai","datePublished":"2020-02-19T05:13:23+00:00","dateModified":"2020-06-04T15:58:37+00:00","mainEntityOfPage":{"@id":"https:\/\/latamjournalismreview.org\/pt-br\/articles\/ha-rumores-de-que-o-pcc-estaria-planejando-ataques-contra-outros-jornalistas-diz-reporter-na-fronteira-do-brasil-e-paraguai\/"},"wordCount":1372,"publisher":{"@id":"https:\/\/latamjournalismreview.org\/pt-br\/#organization"},"image":{"@id":"https:\/\/latamjournalismreview.org\/pt-br\/articles\/ha-rumores-de-que-o-pcc-estaria-planejando-ataques-contra-outros-jornalistas-diz-reporter-na-fronteira-do-brasil-e-paraguai\/#primaryimage"},"thumbnailUrl":"https:\/\/latamjournalismreview.org\/wp-content\/uploads\/2020\/05\/49558181821_c2669b34da_o-e1590722641452.jpg","keywords":["Assassinatos de jornalistas","Paraguai"],"articleSection":["Viol\u00eancia contra jornalistas"],"inLanguage":"pt-BR"},{"@type":"WebPage","@id":"https:\/\/latamjournalismreview.org\/pt-br\/articles\/ha-rumores-de-que-o-pcc-estaria-planejando-ataques-contra-outros-jornalistas-diz-reporter-na-fronteira-do-brasil-e-paraguai\/","url":"https:\/\/latamjournalismreview.org\/pt-br\/articles\/ha-rumores-de-que-o-pcc-estaria-planejando-ataques-contra-outros-jornalistas-diz-reporter-na-fronteira-do-brasil-e-paraguai\/","name":"\u2018H\u00e1 rumores de que o PCC estaria planejando ataques contra outros jornalistas\u2019, diz rep\u00f3rter na fronteira do Brasil e Paraguai - LatAm Journalism Review by the Knight Center","isPartOf":{"@id":"https:\/\/latamjournalismreview.org\/pt-br\/#website"},"primaryImageOfPage":{"@id":"https:\/\/latamjournalismreview.org\/pt-br\/articles\/ha-rumores-de-que-o-pcc-estaria-planejando-ataques-contra-outros-jornalistas-diz-reporter-na-fronteira-do-brasil-e-paraguai\/#primaryimage"},"image":{"@id":"https:\/\/latamjournalismreview.org\/pt-br\/articles\/ha-rumores-de-que-o-pcc-estaria-planejando-ataques-contra-outros-jornalistas-diz-reporter-na-fronteira-do-brasil-e-paraguai\/#primaryimage"},"thumbnailUrl":"https:\/\/latamjournalismreview.org\/wp-content\/uploads\/2020\/05\/49558181821_c2669b34da_o-e1590722641452.jpg","datePublished":"2020-02-19T05:13:23+00:00","dateModified":"2020-06-04T15:58:37+00:00","description":"\u2018H\u00e1 rumores de que o PCC estaria planejando ataques contra outros jornalistas\u2019, diz rep\u00f3rter na fronteira do Brasil e Paraguai Viol\u00eancia contra jornalistas. Latin American Journalism Review by The Knight Center at The University of Texas at Austin.","breadcrumb":{"@id":"https:\/\/latamjournalismreview.org\/pt-br\/articles\/ha-rumores-de-que-o-pcc-estaria-planejando-ataques-contra-outros-jornalistas-diz-reporter-na-fronteira-do-brasil-e-paraguai\/#breadcrumb"},"inLanguage":"pt-BR","potentialAction":[{"@type":"ReadAction","target":["https:\/\/latamjournalismreview.org\/pt-br\/articles\/ha-rumores-de-que-o-pcc-estaria-planejando-ataques-contra-outros-jornalistas-diz-reporter-na-fronteira-do-brasil-e-paraguai\/"]}]},{"@type":"ImageObject","inLanguage":"pt-BR","@id":"https:\/\/latamjournalismreview.org\/pt-br\/articles\/ha-rumores-de-que-o-pcc-estaria-planejando-ataques-contra-outros-jornalistas-diz-reporter-na-fronteira-do-brasil-e-paraguai\/#primaryimage","url":"https:\/\/latamjournalismreview.org\/wp-content\/uploads\/2020\/05\/49558181821_c2669b34da_o-e1590722641452.jpg","contentUrl":"https:\/\/latamjournalismreview.org\/wp-content\/uploads\/2020\/05\/49558181821_c2669b34da_o-e1590722641452.jpg","width":507,"height":294,"caption":"Journalist C\u00e1ndido Figueredo (center) lives with armed guards around the clock. (Courtesy)"},{"@type":"BreadcrumbList","@id":"https:\/\/latamjournalismreview.org\/pt-br\/articles\/ha-rumores-de-que-o-pcc-estaria-planejando-ataques-contra-outros-jornalistas-diz-reporter-na-fronteira-do-brasil-e-paraguai\/#breadcrumb","itemListElement":[{"@type":"ListItem","position":1,"name":"Home","item":"https:\/\/latamjournalismreview.org\/pt-br\/"},{"@type":"ListItem","position":2,"name":"\u2018H\u00e1 rumores de que o PCC estaria planejando ataques contra outros jornalistas\u2019, diz rep\u00f3rter na fronteira do Brasil e Paraguai"}]},{"@type":"WebSite","@id":"https:\/\/latamjournalismreview.org\/pt-br\/#website","url":"https:\/\/latamjournalismreview.org\/pt-br\/","name":"LatAm Journalism Review","description":"Digital magazine on journalism in Latin America","publisher":{"@id":"https:\/\/latamjournalismreview.org\/pt-br\/#organization"},"potentialAction":[{"@type":"SearchAction","target":{"@type":"EntryPoint","urlTemplate":"https:\/\/latamjournalismreview.org\/pt-br\/?s={search_term_string}"},"query-input":{"@type":"PropertyValueSpecification","valueRequired":true,"valueName":"search_term_string"}}],"inLanguage":"pt-BR"},{"@type":"Organization","@id":"https:\/\/latamjournalismreview.org\/pt-br\/#organization","name":"LatAm Journalism Review","url":"https:\/\/latamjournalismreview.org\/pt-br\/","logo":{"@type":"ImageObject","inLanguage":"pt-BR","@id":"https:\/\/latamjournalismreview.org\/pt-br\/#\/schema\/logo\/image\/","url":"https:\/\/latamjournalismreview.org\/wp-content\/uploads\/2020\/05\/knight-latAm-review-logo.svg","contentUrl":"https:\/\/latamjournalismreview.org\/wp-content\/uploads\/2020\/05\/knight-latAm-review-logo.svg","width":"1024","height":"1024","caption":"LatAm Journalism Review"},"image":{"@id":"https:\/\/latamjournalismreview.org\/pt-br\/#\/schema\/logo\/image\/"},"sameAs":["https:\/\/x.com\/LatAmJournalism"]},{"@type":"Person","@id":"https:\/\/latamjournalismreview.org\/pt-br\/#\/schema\/person\/041964d0921c867b6226b459cd5bf28b","name":"Marina Estarque","description":"Marina Estarque is a Brazilian journalist living in S\u00e3o Paulo. She has worked for Brazilian news organizations such as Folha de S.Paulo, O Estado de S. Paulo, O Dia and the fact-checking agency Lupa. Marina was a correspondent in Brazil for the German international broadcaster Deutsche Welle and a radio reporter for DW Africa in Germany. She also worked as a reporter for United Nations Radio, in New York, and for Spanish newspaper La Voz de Galicia. Marina graduated in Journalism from the Federal University of Rio de Janeiro and has a Master\u2019s degree in Editorial Journalism from the University of A Coru\u00f1a (Spain). Marina Estarque es una periodista brasile\u00f1a que vive en S\u00e3o Paulo. Ella ha trabajado para diversas organizaciones period\u00edsticas como Folha de S.Paulo, O Estado de S. Paulo, O Dia y en la agencia de fact-checking Lupa. Marina ha sido corresponsal en Brasil del canal internacional alem\u00e1n Deutsche Welle y reportera de radio de DW \u00c1frica en Alemania. Tambi\u00e9n trabaj\u00f3 como reportera de Radio de las Naciones Unidas en Nueva York y en el diario espa\u00f1ol La Voz de Galicia. Marina tiene una maestr\u00eda en edici\u00f3n period\u00edstica de la Universidad de Coru\u00f1a (Espa\u00f1a) y se gradu\u00f3 en periodismo en la Universidad Federal de R\u00edo de Janeiro. Marina Estarque \u00e9 uma jornalista brasileira que vive em S\u00e3o Paulo. Ela trabalhou para ve\u00edculos como Folha de S.Paulo, O Estado de S. Paulo, O Dia e a ag\u00eancia de fact-checking Lupa. Marina foi correspondente no Brasil para a emissora internacional da Alemanha, a Deutsche Welle, e rep\u00f3rter de r\u00e1dio para a DW \u00c1frica na Alemanha. Ela tamb\u00e9m foi rep\u00f3rter da R\u00e1dio das Na\u00e7\u00f5es Unidas em Nova York e do jornal espanhol La Voz de Galicia. Marina \u00e9 mestre em edi\u00e7\u00e3o jornal\u00edstica pela Universidade da Coru\u00f1a (Espanha) e graduada em jornalismo pela Universidade Federal do Rio de Janeiro.","sameAs":["https:\/\/x.com\/MarinaEstarque"],"url":"https:\/\/latamjournalismreview.org\/pt-br\/articles\/author\/marina-estarque\/"}]}},"_links":{"self":[{"href":"https:\/\/latamjournalismreview.org\/pt-br\/wp-json\/wp\/v2\/posts\/1394","targetHints":{"allow":["GET"]}}],"collection":[{"href":"https:\/\/latamjournalismreview.org\/pt-br\/wp-json\/wp\/v2\/posts"}],"about":[{"href":"https:\/\/latamjournalismreview.org\/pt-br\/wp-json\/wp\/v2\/types\/post"}],"author":[{"embeddable":true,"href":"https:\/\/latamjournalismreview.org\/pt-br\/wp-json\/wp\/v2\/users\/6"}],"replies":[{"embeddable":true,"href":"https:\/\/latamjournalismreview.org\/pt-br\/wp-json\/wp\/v2\/comments?post=1394"}],"version-history":[{"count":3,"href":"https:\/\/latamjournalismreview.org\/pt-br\/wp-json\/wp\/v2\/posts\/1394\/revisions"}],"predecessor-version":[{"id":3623,"href":"https:\/\/latamjournalismreview.org\/pt-br\/wp-json\/wp\/v2\/posts\/1394\/revisions\/3623"}],"wp:featuredmedia":[{"embeddable":true,"href":"https:\/\/latamjournalismreview.org\/pt-br\/wp-json\/wp\/v2\/media\/1388"}],"wp:attachment":[{"href":"https:\/\/latamjournalismreview.org\/pt-br\/wp-json\/wp\/v2\/media?parent=1394"}],"wp:term":[{"taxonomy":"category","embeddable":true,"href":"https:\/\/latamjournalismreview.org\/pt-br\/wp-json\/wp\/v2\/categories?post=1394"},{"taxonomy":"post_tag","embeddable":true,"href":"https:\/\/latamjournalismreview.org\/pt-br\/wp-json\/wp\/v2\/tags?post=1394"},{"taxonomy":"author","embeddable":true,"href":"https:\/\/latamjournalismreview.org\/pt-br\/wp-json\/wp\/v2\/coauthors?post=1394"}],"curies":[{"name":"wp","href":"https:\/\/api.w.org\/{rel}","templated":true}]}}