{"id":1450,"date":"2020-02-06T01:01:37","date_gmt":"2020-02-06T06:01:37","guid":{"rendered":"https:\/\/live-lajr.pantheonsite.io\/?p=1450"},"modified":"2020-12-21T20:45:21","modified_gmt":"2020-12-22T01:45:21","slug":"jornalistas-independentes-da-bolivia-enfrentam-polarizacao-social-apos-a-saida-do-ex-presidente-evo-morales","status":"publish","type":"post","link":"https:\/\/latamjournalismreview.org\/pt-br\/articles\/jornalistas-independentes-da-bolivia-enfrentam-polarizacao-social-apos-a-saida-do-ex-presidente-evo-morales\/","title":{"rendered":"Jornalistas independentes da Bol\u00edvia enfrentam polariza\u00e7\u00e3o social ap\u00f3s a sa\u00edda do ex-presidente Evo Morales"},"content":{"rendered":"<p style=\"font-weight: 400;\"><span style=\"font-weight: inherit; font-style: inherit;\">A polariza\u00e7\u00e3o persiste na Bol\u00edvia ap\u00f3s a ren\u00fancia e sa\u00edda do pa\u00eds do ex-presidente de esquerda Evo Morales e o estabelecimento do governo de transi\u00e7\u00e3o conservador da presidente interina Jeanine \u00c1\u00f1ez. Enquanto isso, os jornalistas que permanecem no pa\u00eds precisam lidar com essa situa\u00e7\u00e3o de ajuste.<\/span><\/p>\n<p style=\"font-weight: 400;\"><span style=\"font-weight: inherit; font-style: inherit;\">Para o jornalista Ra\u00fal Pe\u00f1aranda, diretor do portal\u00a0<\/span><a style=\"font-weight: inherit; font-style: inherit;\" href=\"https:\/\/brujuladigital.net\/\">Br\u00fajula Digital<\/a>, as press\u00f5es, cr\u00edticas e amea\u00e7as de autoridades estatais cessaram em compara\u00e7\u00e3o com as pr\u00e1ticas governamentais anteriores.<\/p>\n<p style=\"font-weight: 400;\"><span style=\"font-weight: inherit; font-style: inherit;\">\u201cVejo que a situa\u00e7\u00e3o da imprensa e dos jornalistas independentes na Bol\u00edvia melhorou acentuadamente com a queda de Evo. Pelo menos isso mostra que voc\u00ea respira um ar de liberdade\u201d, disse Pe\u00f1aranda ao<\/span>\u00a0Centro Knight.<\/p>\n<p style=\"font-weight: 400;\"><span style=\"font-weight: inherit; font-style: inherit;\">\u201cPor si s\u00f3, a liberdade de express\u00e3o neste momento, como tal, n\u00e3o est\u00e1 sendo t\u00e3o oprimida como no governo anterior, onde havia mecanismos para interferir nas esferas, especialmente na organiza\u00e7\u00e3o de jornalistas, comunicadores, incluindo a propriedade da m\u00eddia\u201d, disse Jos\u00e9 Luis Aguirre, diretor do Servi\u00e7o de Treinamento em R\u00e1dio e Televis\u00e3o para o Desenvolvimento (Secrad) da Universidade Cat\u00f3lica Boliviana (UCB).<\/span><\/p>\n<p style=\"font-weight: 400;\"><span style=\"font-weight: inherit; font-style: inherit;\">Embora o jornalista boliviano Juan Araos, diretor de conte\u00fado do jornal Los Tiempos de Cochabamba, concorde que as press\u00f5es sobre a imprensa independente n\u00e3o prov\u00eam mais do governo, ele explicou que o ambiente social polarizado que resultou da fraude eleitoral em outubro passado est\u00e1 colocando novos desafios ao trabalho jornal\u00edstico.<\/span><\/p>\n<p style=\"font-weight: 400;\"><span style=\"font-weight: inherit; font-style: inherit;\">\u201cPode-se pensar que o assunto \u00e9 silencioso para os jornalistas, mas n\u00e3o \u00e9. (...) Como a situa\u00e7\u00e3o foi polarizada, os setores que por esses 14 anos foram considerados oposi\u00e7\u00e3o, agora s\u00e3o oficiais e t\u00eam uma absoluta animosidade com o presidente Morales, e colidem com a m\u00eddia que \u00e9 noticiada [not\u00edcias relacionados ao ex-presidente]\u201d, disse Araos ao\u00a0<\/span>Centro Knight.<\/p>\n<p style=\"font-weight: 400;\"><span style=\"font-weight: inherit; font-style: inherit;\">Jornalistas independentes n\u00e3o s\u00e3o mais perseguidos pelo governo, \u201cn\u00e3o h\u00e1 mais entrevistas coletivas para silenciar alguns jornais\", agora s\u00e3o as pessoas, os leitores, que est\u00e3o muito polarizados e acabam afetando o trabalho da imprensa, disse Araos.<\/span><\/p>\n<p style=\"font-weight: 400;\"><span style=\"font-weight: inherit; font-style: inherit;\">\u201cN\u00e3o \u00e9 como se estiv\u00e9ssemos tomando um copo de leite. N\u00e3o. Ainda estamos sob press\u00e3o, ainda estamos com problemas, obviamente n\u00e3o tanto quanto antes, porque antes era o governo. O que aconteceu aqui [na Bol\u00edvia] foi muito dif\u00edcil, as pessoas ficaram muito afetadas, muito chocadas. H\u00e1 muita polariza\u00e7\u00e3o\u201d, acrescentou.<\/span><\/p>\n<p style=\"font-weight: 400;\"><span style=\"font-weight: inherit; font-style: inherit;\">Como exemplo disso, o jornalista mencionou os excessos do grupo chamado Resist\u00eancia Juvenil de Cochala contra a imprensa\u00a0<\/span><a style=\"font-weight: inherit; font-style: inherit;\" href=\"https:\/\/www.lostiempos.com\/actualidad\/pais\/20191218\/agreden-periodistas-medio-vigilia-eleccion-vocales-del-ted\">durante uma vig\u00edlia em frente \u00e0 Assembleia<\/a>\u00a0Legislativa Departamental, quando os membros eleitorais foram eleitos em dezembro de 2019.<\/p>\n<p style=\"font-weight: 400;\"><span style=\"font-weight: inherit; font-style: inherit;\">Havia um cord\u00e3o humano de membros daquele movimento que \u201catrapalhava o trabalho dos jornalistas que queriam entrevistar os candidatos, e n\u00e3o os deixaram. Esse problema surge da quest\u00e3o da polariza\u00e7\u00e3o\u201d, afirmou Araos. Este\u00a0<\/span><a style=\"font-weight: inherit; font-style: inherit;\" href=\"https:\/\/twitter.com\/rjcochala?lang=en\">movimento<\/a>\u00a0cidad\u00e3o que discorda da posi\u00e7\u00e3o do governo de Morales, diz em seu perfil no Twitter que pretende lutar pela democracia na Bol\u00edvia.<\/p>\n<p style=\"font-weight: 400;\"><span style=\"font-weight: inherit; font-style: inherit;\">A polariza\u00e7\u00e3o social provocou confrontos entre grupos a favor e contra Morales e fez com que muitos meios de comunica\u00e7\u00e3o, como r\u00e1dios comunit\u00e1rias e povos nativos,\u00a0<\/span><a style=\"font-weight: inherit; font-style: inherit;\" href=\"https:\/\/knightcenter.utexas.edu\/es\/blog\/00-21389-medios-y-periodistas-de-bolivia-son-atacados-en-sus-sedes-y-durante-cobertura-de-prote\">sofressem danos<\/a>\u00a0\u00e0 sua infraestrutura durante os protestos do final do ano, a ponto de parar de transmitir.<\/p>\n<p style=\"font-weight: 400;\"><span style=\"font-weight: inherit; font-style: inherit;\">Recentemente, em 14 de janeiro, a Associa\u00e7\u00e3o Nacional da Imprensa da Bol\u00edvia (ANP) informou que grupos de cidad\u00e3os\u00a0<\/span><a style=\"font-weight: inherit; font-style: inherit;\" href=\"http:\/\/www.anp-bolivia.com\/colectivos-ciudadanos-restringen-el-trabajo-de-periodistas\/\">interferiram no trabalho dos jornalistas<\/a>, impedindo-os de tirar fotos. Um jornalista disse \u00e0 organiza\u00e7\u00e3o que policiais vizinhos testemunharam o evento.<\/p>\n<p style=\"font-weight: 400;\"><span style=\"font-weight: inherit; font-style: inherit;\">Edison Lanza, Relator Especial para a Liberdade de Express\u00e3o da Comiss\u00e3o Interamericana de Direitos Humanos (CIDH), publicou no Twitter: \"<\/span><a style=\"font-weight: inherit; font-style: inherit;\" href=\"https:\/\/twitter.com\/EdisonLanza\/status\/1217476687165784067\">A obriga\u00e7\u00e3o do Estado \u00e9 proteger jornalistas e punir agressores<\/a>\".<\/p>\n<h4><b><strong>As r\u00e1dios comunit\u00e1rias que Evo deixou<\/strong><\/b><\/h4>\n<p style=\"font-weight: 400;\"><span style=\"font-weight: inherit; font-style: inherit;\">As r\u00e1dios comunit\u00e1rias dos povos ind\u00edgenas (RPO), criadas por Morales, t\u00eam transmitido mensagens de \u00f3dio e chamadas \u00e0 guerra civil em v\u00e1rios locais do pa\u00eds, disse ao\u00a0<\/span>Centro Knight o atual vice-ministro de pol\u00edtica de comunica\u00e7\u00f5es do Minist\u00e9rio da Comunica\u00e7\u00e3o da Bol\u00edvia, Mart\u00edn D\u00edaz Meave.<\/p>\n<p style=\"font-weight: 400;\"><span style=\"font-weight: inherit; font-style: inherit;\">\u201cAqui no minist\u00e9rio muitas queixas foram recebidas, particularmente, sobre esses apelos \u00e0 guerra civil. Muitos r\u00e1dios economicamente dependentes do governo que estava emitindo mensagens pedindo guerra civil, com amea\u00e7as pessoais, incluindo a figura da presidente (Jeanine \u00c1\u00f1ez), da posi\u00e7\u00e3o do novo governo\u201d, disse D\u00edaz.\u00a0<\/span><\/p>\n<p style=\"font-weight: 400;\"><span style=\"font-weight: inherit; font-style: inherit;\">No in\u00edcio de janeiro, a ent\u00e3o ministra da Comunica\u00e7\u00e3o, Roxana Liz\u00e1rraga, disse que o r\u00e1dio Kawsachun Coca\u00a0<\/span><a style=\"font-weight: inherit; font-style: inherit;\" href=\"https:\/\/www.paginasiete.bo\/nacional\/2020\/1\/8\/lizarraga-advierte-kawsachun-coca-que-la-libertad-de-expresion-tiene-limites-242837.html#!\">n\u00e3o cumpria o papel de uma RPO, de informar e educar,<\/a>\u00a0e a acusou de transmitir \"vozes sediciosas que continuam chamando o confronto\", de acordo com P\u00e1gina Siete.<\/p>\n<p style=\"font-weight: 400;\"><span style=\"font-weight: inherit; font-style: inherit;\">Ela disse que o governo n\u00e3o suspendeu as opera\u00e7\u00f5es da esta\u00e7\u00e3o.<\/span><\/p>\n<p style=\"font-weight: 400;\"><span style=\"font-weight: inherit; font-style: inherit;\">\"Isso \u00e9 liberdade de express\u00e3o, mas tamb\u00e9m a liberdade de express\u00e3o tem seus limites e tamb\u00e9m devemos agir de frente quando houver problemas que possam de alguma forma enganar o povo da Bol\u00edvia, buscando proteger governos corruptos, proteger o tr\u00e1fico de drogas, tamb\u00e9m eles ter\u00e3o que agir contra isso\", disse Liz\u00e1rraga.<\/span><\/p>\n<p style=\"font-weight: 400;\"><span style=\"font-weight: inherit; font-style: inherit;\">As operadoras de r\u00e1dio informaram nas redes sociais que seu equipamento de transmiss\u00e3o havia sido confiscado pelo Minist\u00e9rio da Comunica\u00e7\u00e3o por uma \"suposta manuten\u00e7\u00e3o\", segundo a P\u00e1gina Sete.<\/span><\/p>\n<p style=\"font-weight: 400;\"><span style=\"font-weight: inherit; font-style: inherit;\">Lanza, o Relator Especial, tuitou: \"Os 'limites' propostos pelo Ministro das Comunica\u00e7\u00f5es da Bol\u00edvia \u00e0s r\u00e1dios\u00a0<\/span><a style=\"font-weight: inherit; font-style: inherit;\" href=\"https:\/\/twitter.com\/EdisonLanza\/status\/1215071241360629765\">devem ser compat\u00edveis com a ampla prote\u00e7\u00e3o da liberdade de express\u00e3o sob a Conven\u00e7\u00e3o Americana<\/a>\".<\/p>\n<p style=\"font-weight: 400;\"><span style=\"font-weight: inherit; font-style: inherit;\">Depois de deixar a Bol\u00edvia, uma grava\u00e7\u00e3o de Morales\u00a0<\/span><a style=\"font-weight: inherit; font-style: inherit;\" href=\"https:\/\/www.reuters.com\/article\/us-bolivia-evo\/bolivia-exiled-ex-president-morales-calls-on-radio-for-armed-militias-idUSKBN1ZC066\">pedindo a forma\u00e7\u00e3o de mil\u00edcias armadas<\/a>\u00a0vazou pela r\u00e1dio Kawsachun Coca Tr\u00f3pico, informou a Reuters. O ex-presidente disse \u00e0 ag\u00eancia de not\u00edcias que os bolivianos tinham o direito de se defender do novo governo e que, em seu discurso, ele n\u00e3o quis dizer \"armas, mas estilingues\".<\/p>\n<p style=\"font-weight: 400;\"><span style=\"font-weight: inherit; font-style: inherit;\">Essas RPOs operaram durante o governo de Evo Morales como retransmissoras da r\u00e1dio do governo nacional, a\u00a0<\/span><a style=\"font-weight: inherit; font-style: inherit;\" href=\"https:\/\/www.radioillimani.bo\/\">Radio Illimani<\/a>, anteriormente chamada Radio Patria Nueva, disse o jornalista Pe\u00f1aranda.<\/p>\n<p style=\"font-weight: 400;\"><span style=\"font-weight: inherit; font-style: inherit;\">\"As RPOs nem sequer eram consideradas r\u00e1dios de povos nativos, mas localizavam-se em lugares estrat\u00e9gicos do pa\u00eds e transmitiam a r\u00e1dio do governo, que era uma r\u00e1dio favor\u00e1vel a Morales sem nenhum pluralismo, mas eram praticamente repetidores\".<\/span><\/p>\n<p style=\"font-weight: 400;\"><span style=\"font-weight: inherit; font-style: inherit;\">Essas RPOs lutam e competem h\u00e1 anos com as tradicionais r\u00e1dios comunit\u00e1rias bolivianas que transmitem conte\u00fado local e cumprem os requisitos da Lei 164, a Lei Geral de Telecomunica\u00e7\u00f5es, Tecnologias da Informa\u00e7\u00e3o e Comunica\u00e7\u00e3o, segundo Aguirre, que foi respons\u00e1vel por 12 anos pelo escrit\u00f3rio boliviano\u00a0<\/span><a style=\"font-weight: inherit; font-style: inherit;\" href=\"http:\/\/amarcbolivia.blogspot.com\/\">da Associa\u00e7\u00e3o Mundial de R\u00e1dio Comunit\u00e1ria<\/a>\u00a0(Amarc).<\/p>\n<p style=\"font-weight: 400;\"><span style=\"font-weight: inherit; font-style: inherit;\">\u201cInfelizmente, o governo anterior usou muitas r\u00e1dios comunit\u00e1rias politicamente com uma estrat\u00e9gia muito simples: se voc\u00ea se alinhou com a ideia do partido, eles forneceram infraestrutura, recursos financeiros e at\u00e9 um transmissor. Dessa forma, a Lei 164 foi aprovada, que especifica que uma r\u00e1dio comunit\u00e1ria deve apresentar um projeto de r\u00e1dio educacional\u201d, acrescentou o vice-ministro Diaz.<\/span><\/p>\n<p style=\"font-weight: 400;\"><span style=\"font-weight: inherit; font-style: inherit;\">No entanto, D\u00edaz negou que o governo de transi\u00e7\u00e3o tenha tentado censurar as esta\u00e7\u00f5es de r\u00e1dio comunit\u00e1rias ap\u00f3s o fechamento das informa\u00e7\u00f5es de esta\u00e7\u00f5es de r\u00e1dio publicadas por alguns meios de comunica\u00e7\u00e3o bolivianos, como o\u00a0<\/span><a style=\"font-weight: inherit; font-style: inherit;\" href=\"https:\/\/m.la-razon.com\/sociedad\/radios-comunitarias-suspenden-informativos_0_3277472233.html\">jornal La Raz\u00f3n,<\/a>\u00a0em dezembro de 2019. \u201cEsse argumento foi usado para atacar o governo, como se ele quisesse silenciar essas r\u00e1dios\u201d, disse ele.<\/p>\n<p style=\"font-weight: 400;\"><span style=\"font-weight: inherit; font-style: inherit;\">\u201cH\u00e1 r\u00e1dios que foram destru\u00eddas, queimadas, h\u00e1 apresentadores e t\u00e9cnicos que foram amea\u00e7ados, etc. Ent\u00e3o, em meados de novembro, quando os protestos terminaram, v\u00e1rias dessas r\u00e1dios relataram ao governo os danos sofridos. As regulariza\u00e7\u00f5es levaram algum tempo porque tamb\u00e9m levou algum tempo para o pa\u00eds voltar ao normal\u201d, disse ele.<\/span><\/p>\n<p style=\"font-weight: 400;\"><span style=\"font-weight: inherit; font-style: inherit;\">O vice-ministro explicou que, em muitos casos, n\u00e3o era poss\u00edvel realocar novos itens do or\u00e7amento para as r\u00e1dios afetadas, porque era o fim do ano e n\u00e3o dispunha dos recursos necess\u00e1rios para isso. \"Ent\u00e3o, essas r\u00e1dios que deveriam transmitir conte\u00fado local precisavam come\u00e7ar a tocar ou repetir o sinal da r\u00e1dio Illimani\".<\/span><\/p>\n<p style=\"font-weight: 400;\"><span style=\"font-weight: inherit; font-style: inherit;\">\u201cRetomamos o contato com a Associa\u00e7\u00e3o Mundial de R\u00e1dio Comunit\u00e1ria (Amarc), onde v\u00e1rios de seus membros, de maneira muito discricion\u00e1ria, renovaram sua licen\u00e7a, e o que fizemos foi regularizar a situa\u00e7\u00e3o de todos eles, e esse \u00e9 um trabalho que ainda est\u00e1 em andamento\u201d, afirmou o vice-ministro.<\/span><\/p>\n<p style=\"font-weight: 400;\"><span style=\"font-weight: inherit; font-style: inherit;\">Por outro lado, Aguirre, diretor do Secrad, fez uma demarca\u00e7\u00e3o entre as RPOs e as r\u00e1dios comunit\u00e1rias tradicionais do pa\u00eds. As RPOs eram emissoras da r\u00e1dio estatal Patria Nueva, n\u00e3o transmitiam conte\u00fado local, mas n\u00e3o as esta\u00e7\u00f5es de r\u00e1dio comunit\u00e1rias membros da Amarc, disse Aguirre.<\/span><\/p>\n<p style=\"font-weight: 400;\"><span style=\"font-weight: inherit; font-style: inherit;\">\u201cAs r\u00e1dios comunit\u00e1rias tradicionais operam na Bol\u00edvia desde o final da d\u00e9cada de 1970. Nossas r\u00e1dios comunit\u00e1rias rurais sempre foram perseguidas e apreenderam seus equipamentos porque, nos regulamentos de telecomunica\u00e7\u00f5es anteriores, elas n\u00e3o eram reconhecidas, apenas dois tipos de operadores eram classificados: o operador estatal e o operador comercial privado, onde a figura da comunidade n\u00e3o aparece\u201d, afirmou Aguirre.<\/span><\/p>\n<p style=\"font-weight: 400;\"><span style=\"font-weight: inherit; font-style: inherit;\">Com a\u00a0<\/span><a style=\"font-weight: inherit; font-style: inherit;\" href=\"https:\/\/att.gob.bo\/sites\/default\/files\/archivosvarios\/Ley%20164%20%20Ley%20General%20de%20Telecomunicaciones%2C%20Tecnlolog%C3%ADas%20de%20Informaci%C3%B3n%20y%20Comunicaci%C3%B3n.pdf\">Lei 164<\/a>, promulgada em 8 de agosto de 2011, o ent\u00e3o presidente Evo Morales criou as RPOs e deu status legal \u00e0s esta\u00e7\u00f5es de r\u00e1dio comunit\u00e1rias tradicionais. Gra\u00e7as a essa lei, o espa\u00e7o do r\u00e1dio foi redistribu\u00eddo, dando 17% \u00e0s r\u00e1dios dos povos nativos e outros 17% \u00e0s r\u00e1dios sociais da comunidade.<\/p>\n<p style=\"font-weight: 400;\"><span style=\"font-weight: inherit; font-style: inherit;\">Segundo Aguirre, uma das virtudes dessa lei \u00e9 ter concedido pela primeira vez \u00e0s r\u00e1dios comunit\u00e1rias tradicionais seu reconhecimento legal, no entanto, ele disse que isso se devia a anos de esfor\u00e7o e trabalho do Amarc.<\/span><\/p>\n","protected":false},"excerpt":{"rendered":"<p>A polariza\u00e7\u00e3o persiste na Bol\u00edvia ap\u00f3s a ren\u00fancia e sa\u00edda do pa\u00eds do ex-presidente de esquerda Evo Morales e o estabelecimento do governo de transi\u00e7\u00e3o conservador da presidente interina Jeanine \u00c1\u00f1ez. Os jornalistas que permanecem no pa\u00eds precisam lidar com essa situa\u00e7\u00e3o de ajuste.<\/p>\n","protected":false},"author":4,"featured_media":1443,"comment_status":"closed","ping_status":"closed","sticky":false,"template":"","format":"standard","meta":{"inline_featured_image":false,"footnotes":""},"categories":[1219],"tags":[1560,1599],"coauthors":[],"class_list":["post-1450","post","type-post","status-publish","format-standard","has-post-thumbnail","hentry","category-liberdade-de-imprensa-pt-br","tag-bolivia-pt-br","tag-polarizacao-pt-br"],"acf":[],"yoast_head":"<!-- This site is optimized with the Yoast SEO Premium plugin v22.6 (Yoast SEO v27.4) - https:\/\/yoast.com\/product\/yoast-seo-premium-wordpress\/ -->\n<title>Jornalistas independentes da Bol\u00edvia enfrentam polariza\u00e7\u00e3o social ap\u00f3s a sa\u00edda do ex-presidente Evo Morales - LatAm Journalism Review by the Knight Center<\/title>\n<meta name=\"description\" content=\"Jornalistas independentes da Bol\u00edvia enfrentam polariza\u00e7\u00e3o social ap\u00f3s a sa\u00edda do ex-presidente Evo Morales Liberdade de imprensa. Latin American Journalism Review by The Knight Center at The University of Texas at Austin.\" \/>\n<meta name=\"robots\" content=\"index, follow, max-snippet:-1, max-image-preview:large, max-video-preview:-1\" \/>\n<link rel=\"canonical\" href=\"https:\/\/latamjournalismreview.org\/pt-br\/articles\/jornalistas-independentes-da-bolivia-enfrentam-polarizacao-social-apos-a-saida-do-ex-presidente-evo-morales\/\" \/>\n<meta property=\"og:locale\" content=\"pt_BR\" \/>\n<meta property=\"og:type\" content=\"article\" \/>\n<meta property=\"og:title\" content=\"Jornalistas independentes da Bol\u00edvia enfrentam polariza\u00e7\u00e3o social ap\u00f3s a sa\u00edda do ex-presidente Evo Morales\" \/>\n<meta property=\"og:description\" content=\"Jornalistas independentes da Bol\u00edvia enfrentam polariza\u00e7\u00e3o social ap\u00f3s a sa\u00edda do ex-presidente Evo Morales Liberdade de imprensa. Latin American Journalism Review by The Knight Center at The University of Texas at Austin.\" \/>\n<meta property=\"og:url\" content=\"https:\/\/latamjournalismreview.org\/pt-br\/articles\/jornalistas-independentes-da-bolivia-enfrentam-polarizacao-social-apos-a-saida-do-ex-presidente-evo-morales\/\" \/>\n<meta property=\"og:site_name\" content=\"LatAm Journalism Review by the Knight Center\" \/>\n<meta property=\"article:published_time\" content=\"2020-02-06T06:01:37+00:00\" \/>\n<meta property=\"article:modified_time\" content=\"2020-12-22T01:45:21+00:00\" \/>\n<meta property=\"og:image\" content=\"https:\/\/latamjournalismreview.org\/wp-content\/uploads\/2020\/05\/21765615483_10729b603c_o-e1590723429172.jpg\" \/>\n\t<meta property=\"og:image:width\" content=\"507\" \/>\n\t<meta property=\"og:image:height\" content=\"337\" \/>\n\t<meta property=\"og:image:type\" content=\"image\/jpeg\" \/>\n<meta name=\"author\" content=\"Paola Nalvarte\" \/>\n<meta name=\"twitter:card\" content=\"summary_large_image\" \/>\n<meta name=\"twitter:creator\" content=\"@paolanalvarte\" \/>\n<meta name=\"twitter:site\" content=\"@LatAmJournalism\" \/>\n<meta name=\"twitter:label1\" content=\"Written by\" \/>\n\t<meta name=\"twitter:data1\" content=\"Paola Nalvarte\" \/>\n\t<meta name=\"twitter:label2\" content=\"Est. reading time\" \/>\n\t<meta name=\"twitter:data2\" content=\"8 minutos\" \/>\n<script type=\"application\/ld+json\" class=\"yoast-schema-graph\">{\"@context\":\"https:\\\/\\\/schema.org\",\"@graph\":[{\"@type\":\"Article\",\"@id\":\"https:\\\/\\\/latamjournalismreview.org\\\/pt-br\\\/articles\\\/jornalistas-independentes-da-bolivia-enfrentam-polarizacao-social-apos-a-saida-do-ex-presidente-evo-morales\\\/#article\",\"isPartOf\":{\"@id\":\"https:\\\/\\\/latamjournalismreview.org\\\/pt-br\\\/articles\\\/jornalistas-independentes-da-bolivia-enfrentam-polarizacao-social-apos-a-saida-do-ex-presidente-evo-morales\\\/\"},\"author\":{\"name\":\"Paola Nalvarte\",\"@id\":\"https:\\\/\\\/latamjournalismreview.org\\\/pt-br\\\/#\\\/schema\\\/person\\\/d0b9fa850ef1b6f56bb445e52f29f63f\"},\"headline\":\"Jornalistas independentes da Bol\u00edvia enfrentam polariza\u00e7\u00e3o social ap\u00f3s a sa\u00edda do ex-presidente Evo Morales\",\"datePublished\":\"2020-02-06T06:01:37+00:00\",\"dateModified\":\"2020-12-22T01:45:21+00:00\",\"mainEntityOfPage\":{\"@id\":\"https:\\\/\\\/latamjournalismreview.org\\\/pt-br\\\/articles\\\/jornalistas-independentes-da-bolivia-enfrentam-polarizacao-social-apos-a-saida-do-ex-presidente-evo-morales\\\/\"},\"wordCount\":1678,\"publisher\":{\"@id\":\"https:\\\/\\\/latamjournalismreview.org\\\/pt-br\\\/#organization\"},\"image\":{\"@id\":\"https:\\\/\\\/latamjournalismreview.org\\\/pt-br\\\/articles\\\/jornalistas-independentes-da-bolivia-enfrentam-polarizacao-social-apos-a-saida-do-ex-presidente-evo-morales\\\/#primaryimage\"},\"thumbnailUrl\":\"https:\\\/\\\/latamjournalismreview.org\\\/wp-content\\\/uploads\\\/2020\\\/05\\\/21765615483_10729b603c_o-e1590723429172.jpg\",\"keywords\":[\"Bol\u00edvia\",\"Polariza\u00e7\u00e3o\"],\"articleSection\":[\"Liberdade de imprensa\"],\"inLanguage\":\"pt-BR\"},{\"@type\":\"WebPage\",\"@id\":\"https:\\\/\\\/latamjournalismreview.org\\\/pt-br\\\/articles\\\/jornalistas-independentes-da-bolivia-enfrentam-polarizacao-social-apos-a-saida-do-ex-presidente-evo-morales\\\/\",\"url\":\"https:\\\/\\\/latamjournalismreview.org\\\/pt-br\\\/articles\\\/jornalistas-independentes-da-bolivia-enfrentam-polarizacao-social-apos-a-saida-do-ex-presidente-evo-morales\\\/\",\"name\":\"Jornalistas independentes da Bol\u00edvia enfrentam polariza\u00e7\u00e3o social ap\u00f3s a sa\u00edda do ex-presidente Evo Morales - LatAm Journalism Review by the Knight Center\",\"isPartOf\":{\"@id\":\"https:\\\/\\\/latamjournalismreview.org\\\/pt-br\\\/#website\"},\"primaryImageOfPage\":{\"@id\":\"https:\\\/\\\/latamjournalismreview.org\\\/pt-br\\\/articles\\\/jornalistas-independentes-da-bolivia-enfrentam-polarizacao-social-apos-a-saida-do-ex-presidente-evo-morales\\\/#primaryimage\"},\"image\":{\"@id\":\"https:\\\/\\\/latamjournalismreview.org\\\/pt-br\\\/articles\\\/jornalistas-independentes-da-bolivia-enfrentam-polarizacao-social-apos-a-saida-do-ex-presidente-evo-morales\\\/#primaryimage\"},\"thumbnailUrl\":\"https:\\\/\\\/latamjournalismreview.org\\\/wp-content\\\/uploads\\\/2020\\\/05\\\/21765615483_10729b603c_o-e1590723429172.jpg\",\"datePublished\":\"2020-02-06T06:01:37+00:00\",\"dateModified\":\"2020-12-22T01:45:21+00:00\",\"description\":\"Jornalistas independentes da Bol\u00edvia enfrentam polariza\u00e7\u00e3o social ap\u00f3s a sa\u00edda do ex-presidente Evo Morales Liberdade de imprensa. Latin American Journalism Review by The Knight Center at The University of Texas at Austin.\",\"breadcrumb\":{\"@id\":\"https:\\\/\\\/latamjournalismreview.org\\\/pt-br\\\/articles\\\/jornalistas-independentes-da-bolivia-enfrentam-polarizacao-social-apos-a-saida-do-ex-presidente-evo-morales\\\/#breadcrumb\"},\"inLanguage\":\"pt-BR\",\"potentialAction\":[{\"@type\":\"ReadAction\",\"target\":[\"https:\\\/\\\/latamjournalismreview.org\\\/pt-br\\\/articles\\\/jornalistas-independentes-da-bolivia-enfrentam-polarizacao-social-apos-a-saida-do-ex-presidente-evo-morales\\\/\"]}]},{\"@type\":\"ImageObject\",\"inLanguage\":\"pt-BR\",\"@id\":\"https:\\\/\\\/latamjournalismreview.org\\\/pt-br\\\/articles\\\/jornalistas-independentes-da-bolivia-enfrentam-polarizacao-social-apos-a-saida-do-ex-presidente-evo-morales\\\/#primaryimage\",\"url\":\"https:\\\/\\\/latamjournalismreview.org\\\/wp-content\\\/uploads\\\/2020\\\/05\\\/21765615483_10729b603c_o-e1590723429172.jpg\",\"contentUrl\":\"https:\\\/\\\/latamjournalismreview.org\\\/wp-content\\\/uploads\\\/2020\\\/05\\\/21765615483_10729b603c_o-e1590723429172.jpg\",\"width\":507,\"height\":337,\"caption\":\"Bolivia\"},{\"@type\":\"BreadcrumbList\",\"@id\":\"https:\\\/\\\/latamjournalismreview.org\\\/pt-br\\\/articles\\\/jornalistas-independentes-da-bolivia-enfrentam-polarizacao-social-apos-a-saida-do-ex-presidente-evo-morales\\\/#breadcrumb\",\"itemListElement\":[{\"@type\":\"ListItem\",\"position\":1,\"name\":\"Home\",\"item\":\"https:\\\/\\\/latamjournalismreview.org\\\/pt-br\\\/\"},{\"@type\":\"ListItem\",\"position\":2,\"name\":\"Jornalistas independentes da Bol\u00edvia enfrentam polariza\u00e7\u00e3o social ap\u00f3s a sa\u00edda do ex-presidente Evo Morales\"}]},{\"@type\":\"WebSite\",\"@id\":\"https:\\\/\\\/latamjournalismreview.org\\\/pt-br\\\/#website\",\"url\":\"https:\\\/\\\/latamjournalismreview.org\\\/pt-br\\\/\",\"name\":\"LatAm Journalism Review\",\"description\":\"Digital magazine on journalism in Latin America\",\"publisher\":{\"@id\":\"https:\\\/\\\/latamjournalismreview.org\\\/pt-br\\\/#organization\"},\"potentialAction\":[{\"@type\":\"SearchAction\",\"target\":{\"@type\":\"EntryPoint\",\"urlTemplate\":\"https:\\\/\\\/latamjournalismreview.org\\\/pt-br\\\/?s={search_term_string}\"},\"query-input\":{\"@type\":\"PropertyValueSpecification\",\"valueRequired\":true,\"valueName\":\"search_term_string\"}}],\"inLanguage\":\"pt-BR\"},{\"@type\":\"Organization\",\"@id\":\"https:\\\/\\\/latamjournalismreview.org\\\/pt-br\\\/#organization\",\"name\":\"LatAm Journalism Review\",\"url\":\"https:\\\/\\\/latamjournalismreview.org\\\/pt-br\\\/\",\"logo\":{\"@type\":\"ImageObject\",\"inLanguage\":\"pt-BR\",\"@id\":\"https:\\\/\\\/latamjournalismreview.org\\\/pt-br\\\/#\\\/schema\\\/logo\\\/image\\\/\",\"url\":\"https:\\\/\\\/latamjournalismreview.org\\\/wp-content\\\/uploads\\\/2020\\\/05\\\/knight-latAm-review-logo.svg\",\"contentUrl\":\"https:\\\/\\\/latamjournalismreview.org\\\/wp-content\\\/uploads\\\/2020\\\/05\\\/knight-latAm-review-logo.svg\",\"width\":\"1024\",\"height\":\"1024\",\"caption\":\"LatAm Journalism Review\"},\"image\":{\"@id\":\"https:\\\/\\\/latamjournalismreview.org\\\/pt-br\\\/#\\\/schema\\\/logo\\\/image\\\/\"},\"sameAs\":[\"https:\\\/\\\/x.com\\\/LatAmJournalism\"]},{\"@type\":\"Person\",\"@id\":\"https:\\\/\\\/latamjournalismreview.org\\\/pt-br\\\/#\\\/schema\\\/person\\\/d0b9fa850ef1b6f56bb445e52f29f63f\",\"name\":\"Paola Nalvarte\",\"description\":\"Paola Nalvarte is a Peruvian journalist and documentary photographer living in Austin, Texas. She focuses on covering and writing about the Andes region. In Peru, Paola worked in the Lima office of the Italian news agency ANSA, on the economic news desk of the daily Expreso, and for ten years she has been working on different editorial projects doing picture editing and research for one of the oldest Spanish-language papers in the world, the Peruvian newspaper El Comercio. She also enjoyed writing for the newspaper weekly magazine Somos. Paola Nalvarte es una periodista y fot\u00f3grafa documental peruana que vive en Austin, Texas. El foco de inter\u00e9s de su cobertura noticiosa es la regi\u00f3n andina. En Per\u00fa, Paola trabaj\u00f3 en la oficina de Lima de la agencia italiana de noticias ANSA, en la secci\u00f3n de econom\u00eda del diario Expreso y por diez a\u00f1os hizo investigaci\u00f3n fotogr\u00e1fica y edici\u00f3n de fotograf\u00eda editorial en el diario decano de la prensa peruana, El Comercio. Tambi\u00e9n escribi\u00f3 para Somos, la revista semanal del mismo diario\u200b, art\u00edculos sobre medio ambiente y cultura. Paola Nalvarte \u00e9 uma jornalista peruana e fot\u00f3grafa documentarista que vive em Austin, Texas. O foco de interesse da sua cobertura jornal\u00edstica \u00e9 a regi\u00e3o andina. No Peru, Paola trabalhou no escrit\u00f3rio de Lima da ag\u00eancia de not\u00edcias italiana ANSA, na se\u00e7\u00e3o de economia do jornal Expreso e, por dez anos, fez pesquisa fotogr\u00e1fica e edi\u00e7\u00e3o de fotografia editorial para um dos jornais em espanhol mais antigos do mundo, o jornal peruano El Comercio. Ela tamb\u00e9m escreveu artigos de meio ambiente e cultura para a Somos, a revista semanal do mesmo jornal.\",\"sameAs\":[\"https:\\\/\\\/x.com\\\/paolanalvarte\"],\"url\":\"https:\\\/\\\/latamjournalismreview.org\\\/pt-br\\\/articles\\\/author\\\/paola-nalvarte\\\/\"}]}<\/script>\n<!-- \/ Yoast SEO Premium plugin. -->","yoast_head_json":{"title":"Jornalistas independentes da Bol\u00edvia enfrentam polariza\u00e7\u00e3o social ap\u00f3s a sa\u00edda do ex-presidente Evo Morales - LatAm Journalism Review by the Knight Center","description":"Jornalistas independentes da Bol\u00edvia enfrentam polariza\u00e7\u00e3o social ap\u00f3s a sa\u00edda do ex-presidente Evo Morales Liberdade de imprensa. Latin American Journalism Review by The Knight Center at The University of Texas at Austin.","robots":{"index":"index","follow":"follow","max-snippet":"max-snippet:-1","max-image-preview":"max-image-preview:large","max-video-preview":"max-video-preview:-1"},"canonical":"https:\/\/latamjournalismreview.org\/pt-br\/articles\/jornalistas-independentes-da-bolivia-enfrentam-polarizacao-social-apos-a-saida-do-ex-presidente-evo-morales\/","og_locale":"pt_BR","og_type":"article","og_title":"Jornalistas independentes da Bol\u00edvia enfrentam polariza\u00e7\u00e3o social ap\u00f3s a sa\u00edda do ex-presidente Evo Morales","og_description":"Jornalistas independentes da Bol\u00edvia enfrentam polariza\u00e7\u00e3o social ap\u00f3s a sa\u00edda do ex-presidente Evo Morales Liberdade de imprensa. Latin American Journalism Review by The Knight Center at The University of Texas at Austin.","og_url":"https:\/\/latamjournalismreview.org\/pt-br\/articles\/jornalistas-independentes-da-bolivia-enfrentam-polarizacao-social-apos-a-saida-do-ex-presidente-evo-morales\/","og_site_name":"LatAm Journalism Review by the Knight Center","article_published_time":"2020-02-06T06:01:37+00:00","article_modified_time":"2020-12-22T01:45:21+00:00","og_image":[{"width":507,"height":337,"url":"https:\/\/latamjournalismreview.org\/wp-content\/uploads\/2020\/05\/21765615483_10729b603c_o-e1590723429172.jpg","type":"image\/jpeg"}],"author":"Paola Nalvarte","twitter_card":"summary_large_image","twitter_creator":"@paolanalvarte","twitter_site":"@LatAmJournalism","twitter_misc":{"Written by":"Paola Nalvarte","Est. reading time":"8 minutos"},"schema":{"@context":"https:\/\/schema.org","@graph":[{"@type":"Article","@id":"https:\/\/latamjournalismreview.org\/pt-br\/articles\/jornalistas-independentes-da-bolivia-enfrentam-polarizacao-social-apos-a-saida-do-ex-presidente-evo-morales\/#article","isPartOf":{"@id":"https:\/\/latamjournalismreview.org\/pt-br\/articles\/jornalistas-independentes-da-bolivia-enfrentam-polarizacao-social-apos-a-saida-do-ex-presidente-evo-morales\/"},"author":{"name":"Paola Nalvarte","@id":"https:\/\/latamjournalismreview.org\/pt-br\/#\/schema\/person\/d0b9fa850ef1b6f56bb445e52f29f63f"},"headline":"Jornalistas independentes da Bol\u00edvia enfrentam polariza\u00e7\u00e3o social ap\u00f3s a sa\u00edda do ex-presidente Evo Morales","datePublished":"2020-02-06T06:01:37+00:00","dateModified":"2020-12-22T01:45:21+00:00","mainEntityOfPage":{"@id":"https:\/\/latamjournalismreview.org\/pt-br\/articles\/jornalistas-independentes-da-bolivia-enfrentam-polarizacao-social-apos-a-saida-do-ex-presidente-evo-morales\/"},"wordCount":1678,"publisher":{"@id":"https:\/\/latamjournalismreview.org\/pt-br\/#organization"},"image":{"@id":"https:\/\/latamjournalismreview.org\/pt-br\/articles\/jornalistas-independentes-da-bolivia-enfrentam-polarizacao-social-apos-a-saida-do-ex-presidente-evo-morales\/#primaryimage"},"thumbnailUrl":"https:\/\/latamjournalismreview.org\/wp-content\/uploads\/2020\/05\/21765615483_10729b603c_o-e1590723429172.jpg","keywords":["Bol\u00edvia","Polariza\u00e7\u00e3o"],"articleSection":["Liberdade de imprensa"],"inLanguage":"pt-BR"},{"@type":"WebPage","@id":"https:\/\/latamjournalismreview.org\/pt-br\/articles\/jornalistas-independentes-da-bolivia-enfrentam-polarizacao-social-apos-a-saida-do-ex-presidente-evo-morales\/","url":"https:\/\/latamjournalismreview.org\/pt-br\/articles\/jornalistas-independentes-da-bolivia-enfrentam-polarizacao-social-apos-a-saida-do-ex-presidente-evo-morales\/","name":"Jornalistas independentes da Bol\u00edvia enfrentam polariza\u00e7\u00e3o social ap\u00f3s a sa\u00edda do ex-presidente Evo Morales - LatAm Journalism Review by the Knight Center","isPartOf":{"@id":"https:\/\/latamjournalismreview.org\/pt-br\/#website"},"primaryImageOfPage":{"@id":"https:\/\/latamjournalismreview.org\/pt-br\/articles\/jornalistas-independentes-da-bolivia-enfrentam-polarizacao-social-apos-a-saida-do-ex-presidente-evo-morales\/#primaryimage"},"image":{"@id":"https:\/\/latamjournalismreview.org\/pt-br\/articles\/jornalistas-independentes-da-bolivia-enfrentam-polarizacao-social-apos-a-saida-do-ex-presidente-evo-morales\/#primaryimage"},"thumbnailUrl":"https:\/\/latamjournalismreview.org\/wp-content\/uploads\/2020\/05\/21765615483_10729b603c_o-e1590723429172.jpg","datePublished":"2020-02-06T06:01:37+00:00","dateModified":"2020-12-22T01:45:21+00:00","description":"Jornalistas independentes da Bol\u00edvia enfrentam polariza\u00e7\u00e3o social ap\u00f3s a sa\u00edda do ex-presidente Evo Morales Liberdade de imprensa. Latin American Journalism Review by The Knight Center at The University of Texas at Austin.","breadcrumb":{"@id":"https:\/\/latamjournalismreview.org\/pt-br\/articles\/jornalistas-independentes-da-bolivia-enfrentam-polarizacao-social-apos-a-saida-do-ex-presidente-evo-morales\/#breadcrumb"},"inLanguage":"pt-BR","potentialAction":[{"@type":"ReadAction","target":["https:\/\/latamjournalismreview.org\/pt-br\/articles\/jornalistas-independentes-da-bolivia-enfrentam-polarizacao-social-apos-a-saida-do-ex-presidente-evo-morales\/"]}]},{"@type":"ImageObject","inLanguage":"pt-BR","@id":"https:\/\/latamjournalismreview.org\/pt-br\/articles\/jornalistas-independentes-da-bolivia-enfrentam-polarizacao-social-apos-a-saida-do-ex-presidente-evo-morales\/#primaryimage","url":"https:\/\/latamjournalismreview.org\/wp-content\/uploads\/2020\/05\/21765615483_10729b603c_o-e1590723429172.jpg","contentUrl":"https:\/\/latamjournalismreview.org\/wp-content\/uploads\/2020\/05\/21765615483_10729b603c_o-e1590723429172.jpg","width":507,"height":337,"caption":"Bolivia"},{"@type":"BreadcrumbList","@id":"https:\/\/latamjournalismreview.org\/pt-br\/articles\/jornalistas-independentes-da-bolivia-enfrentam-polarizacao-social-apos-a-saida-do-ex-presidente-evo-morales\/#breadcrumb","itemListElement":[{"@type":"ListItem","position":1,"name":"Home","item":"https:\/\/latamjournalismreview.org\/pt-br\/"},{"@type":"ListItem","position":2,"name":"Jornalistas independentes da Bol\u00edvia enfrentam polariza\u00e7\u00e3o social ap\u00f3s a sa\u00edda do ex-presidente Evo Morales"}]},{"@type":"WebSite","@id":"https:\/\/latamjournalismreview.org\/pt-br\/#website","url":"https:\/\/latamjournalismreview.org\/pt-br\/","name":"LatAm Journalism Review","description":"Digital magazine on journalism in Latin America","publisher":{"@id":"https:\/\/latamjournalismreview.org\/pt-br\/#organization"},"potentialAction":[{"@type":"SearchAction","target":{"@type":"EntryPoint","urlTemplate":"https:\/\/latamjournalismreview.org\/pt-br\/?s={search_term_string}"},"query-input":{"@type":"PropertyValueSpecification","valueRequired":true,"valueName":"search_term_string"}}],"inLanguage":"pt-BR"},{"@type":"Organization","@id":"https:\/\/latamjournalismreview.org\/pt-br\/#organization","name":"LatAm Journalism Review","url":"https:\/\/latamjournalismreview.org\/pt-br\/","logo":{"@type":"ImageObject","inLanguage":"pt-BR","@id":"https:\/\/latamjournalismreview.org\/pt-br\/#\/schema\/logo\/image\/","url":"https:\/\/latamjournalismreview.org\/wp-content\/uploads\/2020\/05\/knight-latAm-review-logo.svg","contentUrl":"https:\/\/latamjournalismreview.org\/wp-content\/uploads\/2020\/05\/knight-latAm-review-logo.svg","width":"1024","height":"1024","caption":"LatAm Journalism Review"},"image":{"@id":"https:\/\/latamjournalismreview.org\/pt-br\/#\/schema\/logo\/image\/"},"sameAs":["https:\/\/x.com\/LatAmJournalism"]},{"@type":"Person","@id":"https:\/\/latamjournalismreview.org\/pt-br\/#\/schema\/person\/d0b9fa850ef1b6f56bb445e52f29f63f","name":"Paola Nalvarte","description":"Paola Nalvarte is a Peruvian journalist and documentary photographer living in Austin, Texas. She focuses on covering and writing about the Andes region. In Peru, Paola worked in the Lima office of the Italian news agency ANSA, on the economic news desk of the daily Expreso, and for ten years she has been working on different editorial projects doing picture editing and research for one of the oldest Spanish-language papers in the world, the Peruvian newspaper El Comercio. She also enjoyed writing for the newspaper weekly magazine Somos. Paola Nalvarte es una periodista y fot\u00f3grafa documental peruana que vive en Austin, Texas. El foco de inter\u00e9s de su cobertura noticiosa es la regi\u00f3n andina. En Per\u00fa, Paola trabaj\u00f3 en la oficina de Lima de la agencia italiana de noticias ANSA, en la secci\u00f3n de econom\u00eda del diario Expreso y por diez a\u00f1os hizo investigaci\u00f3n fotogr\u00e1fica y edici\u00f3n de fotograf\u00eda editorial en el diario decano de la prensa peruana, El Comercio. Tambi\u00e9n escribi\u00f3 para Somos, la revista semanal del mismo diario\u200b, art\u00edculos sobre medio ambiente y cultura. Paola Nalvarte \u00e9 uma jornalista peruana e fot\u00f3grafa documentarista que vive em Austin, Texas. O foco de interesse da sua cobertura jornal\u00edstica \u00e9 a regi\u00e3o andina. No Peru, Paola trabalhou no escrit\u00f3rio de Lima da ag\u00eancia de not\u00edcias italiana ANSA, na se\u00e7\u00e3o de economia do jornal Expreso e, por dez anos, fez pesquisa fotogr\u00e1fica e edi\u00e7\u00e3o de fotografia editorial para um dos jornais em espanhol mais antigos do mundo, o jornal peruano El Comercio. Ela tamb\u00e9m escreveu artigos de meio ambiente e cultura para a Somos, a revista semanal do mesmo jornal.","sameAs":["https:\/\/x.com\/paolanalvarte"],"url":"https:\/\/latamjournalismreview.org\/pt-br\/articles\/author\/paola-nalvarte\/"}]}},"_links":{"self":[{"href":"https:\/\/latamjournalismreview.org\/pt-br\/wp-json\/wp\/v2\/posts\/1450","targetHints":{"allow":["GET"]}}],"collection":[{"href":"https:\/\/latamjournalismreview.org\/pt-br\/wp-json\/wp\/v2\/posts"}],"about":[{"href":"https:\/\/latamjournalismreview.org\/pt-br\/wp-json\/wp\/v2\/types\/post"}],"author":[{"embeddable":true,"href":"https:\/\/latamjournalismreview.org\/pt-br\/wp-json\/wp\/v2\/users\/4"}],"replies":[{"embeddable":true,"href":"https:\/\/latamjournalismreview.org\/pt-br\/wp-json\/wp\/v2\/comments?post=1450"}],"version-history":[{"count":4,"href":"https:\/\/latamjournalismreview.org\/pt-br\/wp-json\/wp\/v2\/posts\/1450\/revisions"}],"predecessor-version":[{"id":15042,"href":"https:\/\/latamjournalismreview.org\/pt-br\/wp-json\/wp\/v2\/posts\/1450\/revisions\/15042"}],"wp:featuredmedia":[{"embeddable":true,"href":"https:\/\/latamjournalismreview.org\/pt-br\/wp-json\/wp\/v2\/media\/1443"}],"wp:attachment":[{"href":"https:\/\/latamjournalismreview.org\/pt-br\/wp-json\/wp\/v2\/media?parent=1450"}],"wp:term":[{"taxonomy":"category","embeddable":true,"href":"https:\/\/latamjournalismreview.org\/pt-br\/wp-json\/wp\/v2\/categories?post=1450"},{"taxonomy":"post_tag","embeddable":true,"href":"https:\/\/latamjournalismreview.org\/pt-br\/wp-json\/wp\/v2\/tags?post=1450"},{"taxonomy":"author","embeddable":true,"href":"https:\/\/latamjournalismreview.org\/pt-br\/wp-json\/wp\/v2\/coauthors?post=1450"}],"curies":[{"name":"wp","href":"https:\/\/api.w.org\/{rel}","templated":true}]}}