{"id":14786,"date":"2020-12-16T12:07:17","date_gmt":"2020-12-16T17:07:17","guid":{"rendered":"https:\/\/latamjournalismreview.org\/?p=14786"},"modified":"2020-12-16T15:22:08","modified_gmt":"2020-12-16T20:22:08","slug":"coalizao-de-nove-veiculos-brasileiros-mapeia-150-casos-de-violencia-nas-eleicoes-municipais","status":"publish","type":"post","link":"https:\/\/latamjournalismreview.org\/pt-br\/articles\/coalizao-de-nove-veiculos-brasileiros-mapeia-150-casos-de-violencia-nas-eleicoes-municipais\/","title":{"rendered":"Coaliz\u00e3o de nove ve\u00edculos brasileiros mapeia 150 casos de viol\u00eancia nas elei\u00e7\u00f5es municipais\u00a0"},"content":{"rendered":"<p>Durante o m\u00eas de novembro, quando foram realizadas as <a href=\"https:\/\/latamjournalismreview.org\/pt-br\/articles\/como-melhorar-a-cobertura-de-eleicoes-locais-manual-ajuda-jornalistas-brasileiros-com-dados-e-dicas\/\">elei\u00e7\u00f5es municipais brasileiras<\/a> em mais de 5.500 munic\u00edpios, ao menos <a href=\"https:\/\/apublica.org\/2020\/12\/eleicoes-municipais-provocaram-cinco-casos-de-violencia-politica-por-dia-em-novembro\/\" data-cke-saved-href=\"https:\/\/apublica.org\/2020\/12\/eleicoes-municipais-provocaram-cinco-casos-de-violencia-politica-por-dia-em-novembro\/\">150 casos de viol\u00eancia pol\u00edtica foram registrados<\/a>, cinco por dia, segundo levantamento de uma coaliz\u00e3o de ve\u00edculos brasileiros.<\/p>\n<p>A colabora\u00e7\u00e3o come\u00e7ou em outubro e reuniu nove meios digitais, sob a coordena\u00e7\u00e3o da Ag\u00eancia P\u00fablica. Juntos, os 34 jornalistas, entre rep\u00f3rteres, editores, analistas de dados e infografistas, criaram uma base de dados de casos de viol\u00eancia contra eleitores, pol\u00edticos, candidatos, imprensa e tamb\u00e9m contra pessoas que trabalhavam na organiza\u00e7\u00e3o das elei\u00e7\u00f5es, como funcion\u00e1rios, fiscais e mes\u00e1rios.<\/p>\n<p>A coaliz\u00e3o considerou apenas epis\u00f3dios de \u201cviol\u00eancia presencial\u201d, ou seja, agress\u00f5es por telefone ou online n\u00e3o foram contabilizadas, porque isso ampliaria demais o escopo do levantamento, explicou \u00e0 <strong>LatAm Journalism Review (LJR) <\/strong>a editora de audi\u00eancia da P\u00fablica, Giulia Afiune, uma das coordenadoras do projeto.<\/p>\n<div id=\"attachment_14778\" style=\"width: 517px\" class=\"wp-caption alignleft\"><img loading=\"lazy\" decoding=\"async\" aria-describedby=\"caption-attachment-14778\" class=\" wp-image-14778\" src=\"https:\/\/latamjournalismreview.org\/wp-content\/uploads\/2020\/12\/violencia-eleicao-300x172.jpg\" alt=\"dedo em urna eletr\u00f4nica\" width=\"507\" height=\"291\" srcset=\"https:\/\/latamjournalismreview.org\/wp-content\/uploads\/2020\/12\/violencia-eleicao-300x172.jpg 300w, https:\/\/latamjournalismreview.org\/wp-content\/uploads\/2020\/12\/violencia-eleicao-1024x586.jpg 1024w, https:\/\/latamjournalismreview.org\/wp-content\/uploads\/2020\/12\/violencia-eleicao-768x439.jpg 768w, https:\/\/latamjournalismreview.org\/wp-content\/uploads\/2020\/12\/violencia-eleicao.jpg 1184w\" sizes=\"auto, (max-width: 507px) 100vw, 507px\" \/><p id=\"caption-attachment-14778\" class=\"wp-caption-text\">Ilustra\u00e7\u00e3o para projeto sobre viol\u00eancia nas elei\u00e7\u00f5es. Ana Clara Moscatelli\/Ag\u00eancia P\u00fablica<\/p><\/div>\n<p>\"N\u00f3s separamos em tr\u00eas categorias de viol\u00eancia: f\u00edsica, que inclu\u00eda agress\u00e3o, tentativa de homic\u00eddio e assassinato; viol\u00eancia psicol\u00f3gica ou moral, que inclu\u00eda amea\u00e7as, ofensas ou os dois; e viol\u00eancia patrimonial. \u00c0s vezes era mais de um tipo, por exemplo, quando atiravam no carro de algu\u00e9m era uma tentativa de homic\u00eddio e viol\u00eancia patrimonial\", disse.<\/p>\n<p>Foram contabilizados 34 amea\u00e7as, 71 agress\u00f5es, 44 atentados ou tentativas de homic\u00eddio e 5 assassinatos. A maior parte dos epis\u00f3dios, 130, <a href=\"https:\/\/apublica.org\/2020\/11\/exclusivo-reta-final-das-eleicoes-teve-um-caso-de-violencia-politica-a-cada-3-horas\/\" data-cke-saved-href=\"https:\/\/apublica.org\/2020\/11\/exclusivo-reta-final-das-eleicoes-teve-um-caso-de-violencia-politica-a-cada-3-horas\/\">aconteceu no primeiro turno das elei\u00e7\u00f5es<\/a>.<\/p>\n<p>Os resultados geraram duas <a href=\"https:\/\/apublica.org\/2020\/12\/eleicoes-municipais-provocaram-cinco-casos-de-violencia-politica-por-dia-em-novembro\/\" data-cke-saved-href=\"https:\/\/apublica.org\/2020\/12\/eleicoes-municipais-provocaram-cinco-casos-de-violencia-politica-por-dia-em-novembro\/\">reportagens especiais<\/a>, publicadas no site da P\u00fablica e dos outros ve\u00edculos participantes: Amaz\u00f4nia Real, G\u00eanero e N\u00famero, Marco Zero Conte\u00fado, Ponte Jornalismo, Portal Catarinas, Projeto #Colabora, Ag\u00eancia Saiba Mais e Plural.<\/p>\n<p>Para chegar aos resultados, o grupo partiu de um m\u00e9todo de apura\u00e7\u00e3o e checagem colaborativo e participativo. O primeiro passo foi construir a base de dados, que foi alimentada de duas formas: den\u00fancias de leitores, feitas por meio de formul\u00e1rios online, e busca ativa em sites locais, nacionais e em redes sociais.<\/p>\n<p>\"Fizemos alguns alertas, que te avisam quando alguma coisa \u00e9 publicada, e fic\u00e1vamos lendo not\u00edcias em sites locais para separar o que podia servir. Tamb\u00e9m coloc\u00e1vamos, numa planilha, algumas informa\u00e7\u00f5es b\u00e1sicas: onde, quando, se era viol\u00eancia contra candidato, contra jornalista, contra agentes p\u00fablicos\u2026\", conta Afiune.<\/p>\n<p>Com essa pesquisa, ela e a colega Anna Beatriz Anjos, que tamb\u00e9m coordenou o projeto, criaram uma planilha com casos que possivelmente estavam relacionados com as elei\u00e7\u00f5es. Em seguida, cada incidente era passado para um jornalista de acordo com a proximidade geogr\u00e1fica, aproveitando a distribui\u00e7\u00e3o territorial dos ve\u00edculos participantes, presentes em quase todas as regi\u00f5es do pa\u00eds.<\/p>\n<p>Foram checados 203 casos no total, dos quais 150 foram confirmados, isto \u00e9, tinham de fato uma motiva\u00e7\u00e3o pol\u00edtica. \"Para considerar que um caso era v\u00e1lido [e real], ele precisava atender a pelo menos dois crit\u00e9rios: a gente precisava falar com a v\u00edtima, ou com um conhecido da v\u00edtima ou uma testemunha; ou tinha que ter a confirma\u00e7\u00e3o de alguma autoridade, judicial ou policial; ou ter algum registro audiovisual ou de reportagem em ve\u00edculo local\", diz ela.<\/p>\n<p>Dos casos confirmados, 15 vieram do p\u00fablico, e o resto pela busca ativa da equipe. Para receber essas den\u00fancias, ve\u00edculos da coaliz\u00e3o publicaram um formul\u00e1rio nos seus sites e divulgaram um n\u00famero de WhatsApp. Afiune afirma que esse tipo de investiga\u00e7\u00e3o participativa, ou engagement reporting, \u00e9 uma \u00e1rea que tem crescido dentro da P\u00fablica.<\/p>\n<p>\"Desde a metade do ano, eu e a Anna estamos coordenando as investiga\u00e7\u00f5es participativas, que s\u00e3o essas iniciativas que envolvem o p\u00fablico no processo de apura\u00e7\u00e3o da reportagem. J\u00e1 fizemos sobre distribui\u00e7\u00e3o de cloroquina e sobre campanhas eleitorais em templos religiosos.\"<\/p>\n<div id=\"attachment_14772\" style=\"width: 473px\" class=\"wp-caption alignright\"><img loading=\"lazy\" decoding=\"async\" aria-describedby=\"caption-attachment-14772\" class=\" wp-image-14772\" src=\"https:\/\/latamjournalismreview.org\/wp-content\/uploads\/2020\/12\/Julieta-Paredes-23-300x200.jpg\" alt=\"jornalistas entrevistam fonte\" width=\"463\" height=\"308\" srcset=\"https:\/\/latamjournalismreview.org\/wp-content\/uploads\/2020\/12\/Julieta-Paredes-23-300x200.jpg 300w, https:\/\/latamjournalismreview.org\/wp-content\/uploads\/2020\/12\/Julieta-Paredes-23-1024x683.jpg 1024w, https:\/\/latamjournalismreview.org\/wp-content\/uploads\/2020\/12\/Julieta-Paredes-23-768x512.jpg 768w, https:\/\/latamjournalismreview.org\/wp-content\/uploads\/2020\/12\/Julieta-Paredes-23-1536x1024.jpg 1536w, https:\/\/latamjournalismreview.org\/wp-content\/uploads\/2020\/12\/Julieta-Paredes-23-2048x1365.jpg 2048w, https:\/\/latamjournalismreview.org\/wp-content\/uploads\/2020\/12\/Julieta-Paredes-23-350x234.jpg 350w\" sizes=\"auto, (max-width: 463px) 100vw, 463px\" \/><p id=\"caption-attachment-14772\" class=\"wp-caption-text\">Anna Beatriz Anjos (esquerda) e Giulia Afiune (Centro) em entrevista. Foto: Jos\u00e9 C\u00edcero da Silva\/Ag\u00eancia P\u00fablica<\/p><\/div>\n<p>Em 2018, a P\u00fablica j\u00e1 tinha feito um levantamento similar sobre viol\u00eancia eleitoral, com a participa\u00e7\u00e3o de leitores. \"Mas na \u00e9poca n\u00e3o est\u00e1vamos fazendo isso de forma t\u00e3o regular, agora isso se encaixou nesse projeto maior de investiga\u00e7\u00f5es participativas. E a gente trouxe essa expertise, que fomos desenvolvendo ao longo do ano, para esse projeto\", diz.<\/p>\n<p>Tamb\u00e9m n\u00e3o houve, naquele momento, a colabora\u00e7\u00e3o com outros ve\u00edculos, que foi feita pela primeira vez em 2020. Na primeira edi\u00e7\u00e3o, o formul\u00e1rio para receber den\u00fancias foi realizado em parceria com a Open Knowledge, e a P\u00fablica contou com jornalistas freelancers para ajudar na apura\u00e7\u00e3o e checagem.<\/p>\n<p>\"Neste ano [2020] foi muito maior, com muito mais gente envolvida. E com a ajuda da Anna e da Giulia tivemos um sistema bem mais organizado. [...] \u00c9 o tipo de assunto que, para fazer bem, precisa ser com crowdsourcing, porque o Brasil \u00e9 muito grande, precisa de um m\u00e9todo. Sabendo que seriam muitos casos e todos precisam ser checados, mandamos um convite num grupo de organiza\u00e7\u00f5es independentes e oito aderiram\", disse a diretora e cofundadora da P\u00fablica, Natalia Viana, \u00e0 <strong>LJR<\/strong>.<\/p>\n<p>A ideia do levantamento surgiu nas elei\u00e7\u00f5es presidenciais de 2018, uma das mais polarizadas desde a redemocratiza\u00e7\u00e3o do pa\u00eds. Havia v\u00e1rias not\u00edcias e relatos de agress\u00f5es, mas n\u00e3o uma pesquisa unificada. \"Foi muito bem-sucedido [o primeiro levantamento], fomos os primeiros a publicar esses dados, tanto que acabaram indo parar em tudo quanto \u00e9 jornal, grande e pequeno, deu no The New York Times, no The Guardian\", lembra Viana.<\/p>\n<p>Ela afirma que, nos \u00faltimos seis meses, as den\u00fancias de assassinatos pol\u00edticos aumentaram, o que motivou a P\u00fablica a refazer o levantamento. \"\u00c9 um fen\u00f4meno que vem crescendo e est\u00e1 muito relacionado com a pol\u00edtica municipal. Ent\u00e3o achamos que seria interessante repetir [o levantamento], at\u00e9 para comparar com dados de 2018 e saber se a polariza\u00e7\u00e3o se mantinha\".<\/p>\n<p>Para Viana, a colabora\u00e7\u00e3o em 2020 trouxe mais diversidade geogr\u00e1fica, porque os ve\u00edculos participantes est\u00e3o espalhados pelo pa\u00eds e, com isso, uma melhor compreens\u00e3o dos contextos pol\u00edticos regionais, al\u00e9m de acesso a fontes locais.<\/p>\n<p>\"Acho que esse conhecimento ajuda muito. Porque aqui no Sudeste [do pa\u00eds] a gente entende da din\u00e2mica do Rio de Janeiro, de S\u00e3o Paulo, mas, sobre a din\u00e2mica do interior do Nordeste, que \u00e9 bem espec\u00edfica, a gente fica perdido\". Viana afirma que a coaliz\u00e3o deu mais visibilidade ao assunto e garantiu uma cobertura nacional, sem perder as particularidades regionais.<\/p>\n<p>\"Viol\u00eancia eleitoral tem no pa\u00eds inteiro, mas com diferentes caracter\u00edsticas. O assassinato de pol\u00edticos \u00e9 muito concentrado no Sudeste, casos de homofobia est\u00e3o mais nos centros urbanos. Tem aquela briga com armas no interior e muita compra de votos no Nordeste, ent\u00e3o \u00e9 importante contar essas hist\u00f3rias com a nuance local e devolv\u00ea-las para o p\u00fablico\", diz.<\/p>\n<p>Afiune concorda que a colabora\u00e7\u00e3o permitiu que o levantamento fosse expandido e \"chegasse mais longe\". \"Por ser uma elei\u00e7\u00e3o municipal, n\u00f3s sab\u00edamos que, ao multiplicar e pulverizar a apura\u00e7\u00e3o, ter\u00edamos um resultado melhor\".<\/p>\n<div id=\"attachment_14800\" style=\"width: 383px\" class=\"wp-caption alignleft\"><img loading=\"lazy\" decoding=\"async\" aria-describedby=\"caption-attachment-14800\" class=\" wp-image-14800\" src=\"https:\/\/latamjournalismreview.org\/wp-content\/uploads\/2020\/12\/Duarte-300x300.jpeg\" alt=\"Rafael Duarte,\" width=\"373\" height=\"373\" srcset=\"https:\/\/latamjournalismreview.org\/wp-content\/uploads\/2020\/12\/Duarte-300x300.jpeg 300w, https:\/\/latamjournalismreview.org\/wp-content\/uploads\/2020\/12\/Duarte-150x150.jpeg 150w, https:\/\/latamjournalismreview.org\/wp-content\/uploads\/2020\/12\/Duarte-768x768.jpeg 768w, https:\/\/latamjournalismreview.org\/wp-content\/uploads\/2020\/12\/Duarte.jpeg 852w\" sizes=\"auto, (max-width: 373px) 100vw, 373px\" \/><p id=\"caption-attachment-14800\" class=\"wp-caption-text\">Rafael Duarte, editor da Saiba Mais.. Foto: Arquivo pessoal<\/p><\/div>\n<p>Rafael Duarte, editor da <a href=\"https:\/\/www.saibamais.jor.br\/\">Ag\u00eancia Saiba Mais<\/a>, que participou da coaliz\u00e3o, disse que a colabora\u00e7\u00e3o \"foi \u00f3tima\" e uma contribui\u00e7\u00e3o para o seu ve\u00edculo. \"Ainda que cada um estivesse em um lugar diferente, pela pandemia, acabamos formando uma reda\u00e7\u00e3o enorme, diversa, com v\u00e1rios sotaques. \u00c9 incr\u00edvel. Acho que fortalece todo mundo trabalhar em conjunto\", afirmou, em entrevista \u00e0 <strong>LJR<\/strong>.<\/p>\n<p>A Saiba Mais fica baseada em Natal, no Rio Grande do Norte, e checou cerca de dez casos para o projeto. Duarte, que ajudou fazendo reportagens e edi\u00e7\u00e3o, contou um epis\u00f3dio que mostra como a imprensa local foi importante n\u00e3o s\u00f3 na busca ativa de casos, mas tamb\u00e9m para a verifica\u00e7\u00e3o das informa\u00e7\u00f5es.<\/p>\n<p>\"Parece folcl\u00f3rico, aconteceu no interior da Bahia: um cara era candidato a vereador e apoiava um prefeito da coliga\u00e7\u00e3o dele. Quando chegou em casa, descobriu que a esposa tinha votado no candidato da oposi\u00e7\u00e3o, e jogou o carro contra o muro. Esse texto tinha sa\u00eddo em v\u00e1rios blogs e ve\u00edculos locais, mas eu liguei para um dos editores para confirmar se tinha acontecido mesmo. E ele me disse que sim, que conhecia o candidato, era amigo dele\", lembra Duarte.<\/p>\n<p>Afiune diz que, se n\u00e3o fosse a imprensa local, muitos casos n\u00e3o chegariam ao conhecimento da coaliz\u00e3o. \"\u00c0s vezes s\u00f3 tinha sa\u00eddo uma not\u00edcia num site local. Ent\u00e3o os nossos rep\u00f3rteres ligavam na reda\u00e7\u00e3o, e o jornalista de l\u00e1 ajudava a checar ou a encontrar algu\u00e9m envolvido\". A experi\u00eancia mostra como esses casos s\u00e3o subnotificados, porque nem sempre h\u00e1 imprensa local ou acesso \u00e0 Internet, e as agress\u00f5es podem ser silenciadas, conta Afiune.<\/p>\n<p>Para ela, uma das descobertas marcantes do levantamento foi a quantidade de assassinatos de pol\u00edticos e candidatos. \"No total foram 44 tentativas de homic\u00eddio s\u00f3 no m\u00eas de novembro, isso s\u00f3 de casos comprovadamente ligados \u00e0s elei\u00e7\u00f5es. \u00c9 mais de um por dia. Os candidatos e as pessoas envolvidas em pol\u00edtica s\u00e3o alvos, acabam arriscando a sua pr\u00f3pria vida. Isso \u00e9 uma amea\u00e7a muito grave \u00e0 democracia, porque se a pessoa n\u00e3o se sente segura para se candidatar, ent\u00e3o quem \u00e9 que vai se candidatar?\", questiona.<\/p>\n<p>J\u00e1 Viana destaca que os dois levantamentos, de 2018 e 2020, permitem identificar padr\u00f5es e \"para onde vai a pol\u00edtica\". Ela conta que, em 2020, aumentaram as den\u00fancias de compra de voto, e a viol\u00eancia pol\u00edtica no interior se acirrou, por exemplo.<\/p>\n<p>\"Ainda apareceram nessas elei\u00e7\u00f5es o radicalismo, o antiesquerdismo exacerbado, mas j\u00e1 foi minorit\u00e1rio. O que apareceu mais nesse ano foi o preconceito e a viol\u00eancia de g\u00eanero e contra LGBTs, porque, segundo um especialista que consultamos, mais mulheres e LGBTs se candidataram e foram eleitos em 2020, e houve uma rea\u00e7\u00e3o, um backlash\", argumenta.<\/p>\n<p>Ap\u00f3s a publica\u00e7\u00e3o das reportagens, Viana diz que a base de dados foi compartilhada com uma ONG, que vai usar o material em seu relat\u00f3rio anual sobre viol\u00eancia pol\u00edtica, o que mostra que o levantamento da coaliz\u00e3o de jornalistas se tornou refer\u00eancia na \u00e1rea.<\/p>\n","protected":false},"excerpt":{"rendered":"<p>Os 34 jornalistas criaram uma base de dados de casos de viol\u00eancia contra eleitores, pol\u00edticos, candidatos, imprensa e tamb\u00e9m contra pessoas que trabalhavam na organiza\u00e7\u00e3o das elei\u00e7\u00f5es, como funcion\u00e1rios, fiscais e mes\u00e1rios.\u00a0<\/p>\n","protected":false},"author":6,"featured_media":14784,"comment_status":"closed","ping_status":"closed","sticky":false,"template":"","format":"standard","meta":{"inline_featured_image":false,"footnotes":""},"categories":[1212],"tags":[1546,1615],"coauthors":[],"class_list":["post-14786","post","type-post","status-publish","format-standard","has-post-thumbnail","hentry","category-colaboracao-pt-br","tag-eleicoes-pt-br","tag-violencia-contra-jornalistas-pt-br"],"acf":[],"yoast_head":"<!-- This site is optimized with the Yoast SEO Premium plugin v22.6 (Yoast SEO v27.4) - https:\/\/yoast.com\/product\/yoast-seo-premium-wordpress\/ -->\n<title>Coaliz\u00e3o de nove ve\u00edculos brasileiros mapeia 150 casos de viol\u00eancia nas elei\u00e7\u00f5es municipais\u00a0 - LatAm Journalism Review by the Knight Center<\/title>\n<meta name=\"description\" content=\"Coaliz\u00e3o de nove ve\u00edculos brasileiros mapeia 150 casos de viol\u00eancia nas elei\u00e7\u00f5es municipais\u00a0 Colabora\u00e7\u00e3o. Latin American Journalism Review by The Knight Center at The University of Texas at Austin.\" \/>\n<meta name=\"robots\" content=\"index, follow, max-snippet:-1, max-image-preview:large, max-video-preview:-1\" \/>\n<link rel=\"canonical\" href=\"https:\/\/latamjournalismreview.org\/pt-br\/articles\/coalizao-de-nove-veiculos-brasileiros-mapeia-150-casos-de-violencia-nas-eleicoes-municipais\/\" \/>\n<meta property=\"og:locale\" content=\"pt_BR\" \/>\n<meta property=\"og:type\" content=\"article\" \/>\n<meta property=\"og:title\" content=\"Coaliz\u00e3o de nove ve\u00edculos brasileiros mapeia 150 casos de viol\u00eancia nas elei\u00e7\u00f5es municipais\u00a0\" \/>\n<meta property=\"og:description\" content=\"Coaliz\u00e3o de nove ve\u00edculos brasileiros mapeia 150 casos de viol\u00eancia nas elei\u00e7\u00f5es municipais\u00a0 Colabora\u00e7\u00e3o. Latin American Journalism Review by The Knight Center at The University of Texas at Austin.\" \/>\n<meta property=\"og:url\" content=\"https:\/\/latamjournalismreview.org\/pt-br\/articles\/coalizao-de-nove-veiculos-brasileiros-mapeia-150-casos-de-violencia-nas-eleicoes-municipais\/\" \/>\n<meta property=\"og:site_name\" content=\"LatAm Journalism Review by the Knight Center\" \/>\n<meta property=\"article:published_time\" content=\"2020-12-16T17:07:17+00:00\" \/>\n<meta property=\"article:modified_time\" content=\"2020-12-16T20:22:08+00:00\" \/>\n<meta property=\"og:image\" content=\"https:\/\/latamjournalismreview.org\/wp-content\/uploads\/2020\/12\/Blog-Featured-Images-3.png\" \/>\n\t<meta property=\"og:image:width\" content=\"507\" \/>\n\t<meta property=\"og:image:height\" content=\"340\" \/>\n\t<meta property=\"og:image:type\" content=\"image\/png\" \/>\n<meta name=\"author\" content=\"Marina Estarque\" \/>\n<meta name=\"twitter:card\" content=\"summary_large_image\" \/>\n<meta name=\"twitter:creator\" content=\"@MarinaEstarque\" \/>\n<meta name=\"twitter:site\" content=\"@LatAmJournalism\" \/>\n<meta name=\"twitter:label1\" content=\"Written by\" \/>\n\t<meta name=\"twitter:data1\" content=\"Marina Estarque\" \/>\n\t<meta name=\"twitter:label2\" content=\"Est. reading time\" \/>\n\t<meta name=\"twitter:data2\" content=\"9 minutos\" \/>\n<script type=\"application\/ld+json\" class=\"yoast-schema-graph\">{\"@context\":\"https:\\\/\\\/schema.org\",\"@graph\":[{\"@type\":\"Article\",\"@id\":\"https:\\\/\\\/latamjournalismreview.org\\\/pt-br\\\/articles\\\/coalizao-de-nove-veiculos-brasileiros-mapeia-150-casos-de-violencia-nas-eleicoes-municipais\\\/#article\",\"isPartOf\":{\"@id\":\"https:\\\/\\\/latamjournalismreview.org\\\/pt-br\\\/articles\\\/coalizao-de-nove-veiculos-brasileiros-mapeia-150-casos-de-violencia-nas-eleicoes-municipais\\\/\"},\"author\":{\"name\":\"Marina Estarque\",\"@id\":\"https:\\\/\\\/latamjournalismreview.org\\\/pt-br\\\/#\\\/schema\\\/person\\\/041964d0921c867b6226b459cd5bf28b\"},\"headline\":\"Coaliz\u00e3o de nove ve\u00edculos brasileiros mapeia 150 casos de viol\u00eancia nas elei\u00e7\u00f5es municipais\u00a0\",\"datePublished\":\"2020-12-16T17:07:17+00:00\",\"dateModified\":\"2020-12-16T20:22:08+00:00\",\"mainEntityOfPage\":{\"@id\":\"https:\\\/\\\/latamjournalismreview.org\\\/pt-br\\\/articles\\\/coalizao-de-nove-veiculos-brasileiros-mapeia-150-casos-de-violencia-nas-eleicoes-municipais\\\/\"},\"wordCount\":1822,\"publisher\":{\"@id\":\"https:\\\/\\\/latamjournalismreview.org\\\/pt-br\\\/#organization\"},\"image\":{\"@id\":\"https:\\\/\\\/latamjournalismreview.org\\\/pt-br\\\/articles\\\/coalizao-de-nove-veiculos-brasileiros-mapeia-150-casos-de-violencia-nas-eleicoes-municipais\\\/#primaryimage\"},\"thumbnailUrl\":\"https:\\\/\\\/latamjournalismreview.org\\\/wp-content\\\/uploads\\\/2020\\\/12\\\/Blog-Featured-Images-3.png\",\"keywords\":[\"Elei\u00e7\u00f5es\",\"Viol\u00eancia contra jornalistas\"],\"articleSection\":[\"Colabora\u00e7\u00e3o\"],\"inLanguage\":\"pt-BR\"},{\"@type\":\"WebPage\",\"@id\":\"https:\\\/\\\/latamjournalismreview.org\\\/pt-br\\\/articles\\\/coalizao-de-nove-veiculos-brasileiros-mapeia-150-casos-de-violencia-nas-eleicoes-municipais\\\/\",\"url\":\"https:\\\/\\\/latamjournalismreview.org\\\/pt-br\\\/articles\\\/coalizao-de-nove-veiculos-brasileiros-mapeia-150-casos-de-violencia-nas-eleicoes-municipais\\\/\",\"name\":\"Coaliz\u00e3o de nove ve\u00edculos brasileiros mapeia 150 casos de viol\u00eancia nas elei\u00e7\u00f5es municipais\u00a0 - LatAm Journalism Review by the Knight Center\",\"isPartOf\":{\"@id\":\"https:\\\/\\\/latamjournalismreview.org\\\/pt-br\\\/#website\"},\"primaryImageOfPage\":{\"@id\":\"https:\\\/\\\/latamjournalismreview.org\\\/pt-br\\\/articles\\\/coalizao-de-nove-veiculos-brasileiros-mapeia-150-casos-de-violencia-nas-eleicoes-municipais\\\/#primaryimage\"},\"image\":{\"@id\":\"https:\\\/\\\/latamjournalismreview.org\\\/pt-br\\\/articles\\\/coalizao-de-nove-veiculos-brasileiros-mapeia-150-casos-de-violencia-nas-eleicoes-municipais\\\/#primaryimage\"},\"thumbnailUrl\":\"https:\\\/\\\/latamjournalismreview.org\\\/wp-content\\\/uploads\\\/2020\\\/12\\\/Blog-Featured-Images-3.png\",\"datePublished\":\"2020-12-16T17:07:17+00:00\",\"dateModified\":\"2020-12-16T20:22:08+00:00\",\"description\":\"Coaliz\u00e3o de nove ve\u00edculos brasileiros mapeia 150 casos de viol\u00eancia nas elei\u00e7\u00f5es municipais\u00a0 Colabora\u00e7\u00e3o. Latin American Journalism Review by The Knight Center at The University of Texas at Austin.\",\"breadcrumb\":{\"@id\":\"https:\\\/\\\/latamjournalismreview.org\\\/pt-br\\\/articles\\\/coalizao-de-nove-veiculos-brasileiros-mapeia-150-casos-de-violencia-nas-eleicoes-municipais\\\/#breadcrumb\"},\"inLanguage\":\"pt-BR\",\"potentialAction\":[{\"@type\":\"ReadAction\",\"target\":[\"https:\\\/\\\/latamjournalismreview.org\\\/pt-br\\\/articles\\\/coalizao-de-nove-veiculos-brasileiros-mapeia-150-casos-de-violencia-nas-eleicoes-municipais\\\/\"]}]},{\"@type\":\"ImageObject\",\"inLanguage\":\"pt-BR\",\"@id\":\"https:\\\/\\\/latamjournalismreview.org\\\/pt-br\\\/articles\\\/coalizao-de-nove-veiculos-brasileiros-mapeia-150-casos-de-violencia-nas-eleicoes-municipais\\\/#primaryimage\",\"url\":\"https:\\\/\\\/latamjournalismreview.org\\\/wp-content\\\/uploads\\\/2020\\\/12\\\/Blog-Featured-Images-3.png\",\"contentUrl\":\"https:\\\/\\\/latamjournalismreview.org\\\/wp-content\\\/uploads\\\/2020\\\/12\\\/Blog-Featured-Images-3.png\",\"width\":507,\"height\":340,\"caption\":\"Ilustra\u00e7\u00e3o para projeto sobre viol\u00eancia nas elei\u00e7\u00f5es. Ana Clara Moscatelli\\\/Ag\u00eancia P\u00fablica\"},{\"@type\":\"BreadcrumbList\",\"@id\":\"https:\\\/\\\/latamjournalismreview.org\\\/pt-br\\\/articles\\\/coalizao-de-nove-veiculos-brasileiros-mapeia-150-casos-de-violencia-nas-eleicoes-municipais\\\/#breadcrumb\",\"itemListElement\":[{\"@type\":\"ListItem\",\"position\":1,\"name\":\"Home\",\"item\":\"https:\\\/\\\/latamjournalismreview.org\\\/pt-br\\\/\"},{\"@type\":\"ListItem\",\"position\":2,\"name\":\"Coaliz\u00e3o de nove ve\u00edculos brasileiros mapeia 150 casos de viol\u00eancia nas elei\u00e7\u00f5es municipais\u00a0\"}]},{\"@type\":\"WebSite\",\"@id\":\"https:\\\/\\\/latamjournalismreview.org\\\/pt-br\\\/#website\",\"url\":\"https:\\\/\\\/latamjournalismreview.org\\\/pt-br\\\/\",\"name\":\"LatAm Journalism Review\",\"description\":\"Digital magazine on journalism in Latin America\",\"publisher\":{\"@id\":\"https:\\\/\\\/latamjournalismreview.org\\\/pt-br\\\/#organization\"},\"potentialAction\":[{\"@type\":\"SearchAction\",\"target\":{\"@type\":\"EntryPoint\",\"urlTemplate\":\"https:\\\/\\\/latamjournalismreview.org\\\/pt-br\\\/?s={search_term_string}\"},\"query-input\":{\"@type\":\"PropertyValueSpecification\",\"valueRequired\":true,\"valueName\":\"search_term_string\"}}],\"inLanguage\":\"pt-BR\"},{\"@type\":\"Organization\",\"@id\":\"https:\\\/\\\/latamjournalismreview.org\\\/pt-br\\\/#organization\",\"name\":\"LatAm Journalism Review\",\"url\":\"https:\\\/\\\/latamjournalismreview.org\\\/pt-br\\\/\",\"logo\":{\"@type\":\"ImageObject\",\"inLanguage\":\"pt-BR\",\"@id\":\"https:\\\/\\\/latamjournalismreview.org\\\/pt-br\\\/#\\\/schema\\\/logo\\\/image\\\/\",\"url\":\"https:\\\/\\\/latamjournalismreview.org\\\/wp-content\\\/uploads\\\/2020\\\/05\\\/knight-latAm-review-logo.svg\",\"contentUrl\":\"https:\\\/\\\/latamjournalismreview.org\\\/wp-content\\\/uploads\\\/2020\\\/05\\\/knight-latAm-review-logo.svg\",\"width\":\"1024\",\"height\":\"1024\",\"caption\":\"LatAm Journalism Review\"},\"image\":{\"@id\":\"https:\\\/\\\/latamjournalismreview.org\\\/pt-br\\\/#\\\/schema\\\/logo\\\/image\\\/\"},\"sameAs\":[\"https:\\\/\\\/x.com\\\/LatAmJournalism\"]},{\"@type\":\"Person\",\"@id\":\"https:\\\/\\\/latamjournalismreview.org\\\/pt-br\\\/#\\\/schema\\\/person\\\/041964d0921c867b6226b459cd5bf28b\",\"name\":\"Marina Estarque\",\"description\":\"Marina Estarque is a Brazilian journalist living in S\u00e3o Paulo. She has worked for Brazilian news organizations such as Folha de S.Paulo, O Estado de S. Paulo, O Dia and the fact-checking agency Lupa. Marina was a correspondent in Brazil for the German international broadcaster Deutsche Welle and a radio reporter for DW Africa in Germany. She also worked as a reporter for United Nations Radio, in New York, and for Spanish newspaper La Voz de Galicia. Marina graduated in Journalism from the Federal University of Rio de Janeiro and has a Master\u2019s degree in Editorial Journalism from the University of A Coru\u00f1a (Spain). Marina Estarque es una periodista brasile\u00f1a que vive en S\u00e3o Paulo. Ella ha trabajado para diversas organizaciones period\u00edsticas como Folha de S.Paulo, O Estado de S. Paulo, O Dia y en la agencia de fact-checking Lupa. Marina ha sido corresponsal en Brasil del canal internacional alem\u00e1n Deutsche Welle y reportera de radio de DW \u00c1frica en Alemania. Tambi\u00e9n trabaj\u00f3 como reportera de Radio de las Naciones Unidas en Nueva York y en el diario espa\u00f1ol La Voz de Galicia. Marina tiene una maestr\u00eda en edici\u00f3n period\u00edstica de la Universidad de Coru\u00f1a (Espa\u00f1a) y se gradu\u00f3 en periodismo en la Universidad Federal de R\u00edo de Janeiro. Marina Estarque \u00e9 uma jornalista brasileira que vive em S\u00e3o Paulo. Ela trabalhou para ve\u00edculos como Folha de S.Paulo, O Estado de S. Paulo, O Dia e a ag\u00eancia de fact-checking Lupa. Marina foi correspondente no Brasil para a emissora internacional da Alemanha, a Deutsche Welle, e rep\u00f3rter de r\u00e1dio para a DW \u00c1frica na Alemanha. Ela tamb\u00e9m foi rep\u00f3rter da R\u00e1dio das Na\u00e7\u00f5es Unidas em Nova York e do jornal espanhol La Voz de Galicia. Marina \u00e9 mestre em edi\u00e7\u00e3o jornal\u00edstica pela Universidade da Coru\u00f1a (Espanha) e graduada em jornalismo pela Universidade Federal do Rio de Janeiro.\",\"sameAs\":[\"https:\\\/\\\/x.com\\\/MarinaEstarque\"],\"url\":\"https:\\\/\\\/latamjournalismreview.org\\\/pt-br\\\/articles\\\/author\\\/marina-estarque\\\/\"}]}<\/script>\n<!-- \/ Yoast SEO Premium plugin. -->","yoast_head_json":{"title":"Coaliz\u00e3o de nove ve\u00edculos brasileiros mapeia 150 casos de viol\u00eancia nas elei\u00e7\u00f5es municipais\u00a0 - LatAm Journalism Review by the Knight Center","description":"Coaliz\u00e3o de nove ve\u00edculos brasileiros mapeia 150 casos de viol\u00eancia nas elei\u00e7\u00f5es municipais\u00a0 Colabora\u00e7\u00e3o. Latin American Journalism Review by The Knight Center at The University of Texas at Austin.","robots":{"index":"index","follow":"follow","max-snippet":"max-snippet:-1","max-image-preview":"max-image-preview:large","max-video-preview":"max-video-preview:-1"},"canonical":"https:\/\/latamjournalismreview.org\/pt-br\/articles\/coalizao-de-nove-veiculos-brasileiros-mapeia-150-casos-de-violencia-nas-eleicoes-municipais\/","og_locale":"pt_BR","og_type":"article","og_title":"Coaliz\u00e3o de nove ve\u00edculos brasileiros mapeia 150 casos de viol\u00eancia nas elei\u00e7\u00f5es municipais\u00a0","og_description":"Coaliz\u00e3o de nove ve\u00edculos brasileiros mapeia 150 casos de viol\u00eancia nas elei\u00e7\u00f5es municipais\u00a0 Colabora\u00e7\u00e3o. Latin American Journalism Review by The Knight Center at The University of Texas at Austin.","og_url":"https:\/\/latamjournalismreview.org\/pt-br\/articles\/coalizao-de-nove-veiculos-brasileiros-mapeia-150-casos-de-violencia-nas-eleicoes-municipais\/","og_site_name":"LatAm Journalism Review by the Knight Center","article_published_time":"2020-12-16T17:07:17+00:00","article_modified_time":"2020-12-16T20:22:08+00:00","og_image":[{"width":507,"height":340,"url":"https:\/\/latamjournalismreview.org\/wp-content\/uploads\/2020\/12\/Blog-Featured-Images-3.png","type":"image\/png"}],"author":"Marina Estarque","twitter_card":"summary_large_image","twitter_creator":"@MarinaEstarque","twitter_site":"@LatAmJournalism","twitter_misc":{"Written by":"Marina Estarque","Est. reading time":"9 minutos"},"schema":{"@context":"https:\/\/schema.org","@graph":[{"@type":"Article","@id":"https:\/\/latamjournalismreview.org\/pt-br\/articles\/coalizao-de-nove-veiculos-brasileiros-mapeia-150-casos-de-violencia-nas-eleicoes-municipais\/#article","isPartOf":{"@id":"https:\/\/latamjournalismreview.org\/pt-br\/articles\/coalizao-de-nove-veiculos-brasileiros-mapeia-150-casos-de-violencia-nas-eleicoes-municipais\/"},"author":{"name":"Marina Estarque","@id":"https:\/\/latamjournalismreview.org\/pt-br\/#\/schema\/person\/041964d0921c867b6226b459cd5bf28b"},"headline":"Coaliz\u00e3o de nove ve\u00edculos brasileiros mapeia 150 casos de viol\u00eancia nas elei\u00e7\u00f5es municipais\u00a0","datePublished":"2020-12-16T17:07:17+00:00","dateModified":"2020-12-16T20:22:08+00:00","mainEntityOfPage":{"@id":"https:\/\/latamjournalismreview.org\/pt-br\/articles\/coalizao-de-nove-veiculos-brasileiros-mapeia-150-casos-de-violencia-nas-eleicoes-municipais\/"},"wordCount":1822,"publisher":{"@id":"https:\/\/latamjournalismreview.org\/pt-br\/#organization"},"image":{"@id":"https:\/\/latamjournalismreview.org\/pt-br\/articles\/coalizao-de-nove-veiculos-brasileiros-mapeia-150-casos-de-violencia-nas-eleicoes-municipais\/#primaryimage"},"thumbnailUrl":"https:\/\/latamjournalismreview.org\/wp-content\/uploads\/2020\/12\/Blog-Featured-Images-3.png","keywords":["Elei\u00e7\u00f5es","Viol\u00eancia contra jornalistas"],"articleSection":["Colabora\u00e7\u00e3o"],"inLanguage":"pt-BR"},{"@type":"WebPage","@id":"https:\/\/latamjournalismreview.org\/pt-br\/articles\/coalizao-de-nove-veiculos-brasileiros-mapeia-150-casos-de-violencia-nas-eleicoes-municipais\/","url":"https:\/\/latamjournalismreview.org\/pt-br\/articles\/coalizao-de-nove-veiculos-brasileiros-mapeia-150-casos-de-violencia-nas-eleicoes-municipais\/","name":"Coaliz\u00e3o de nove ve\u00edculos brasileiros mapeia 150 casos de viol\u00eancia nas elei\u00e7\u00f5es municipais\u00a0 - LatAm Journalism Review by the Knight Center","isPartOf":{"@id":"https:\/\/latamjournalismreview.org\/pt-br\/#website"},"primaryImageOfPage":{"@id":"https:\/\/latamjournalismreview.org\/pt-br\/articles\/coalizao-de-nove-veiculos-brasileiros-mapeia-150-casos-de-violencia-nas-eleicoes-municipais\/#primaryimage"},"image":{"@id":"https:\/\/latamjournalismreview.org\/pt-br\/articles\/coalizao-de-nove-veiculos-brasileiros-mapeia-150-casos-de-violencia-nas-eleicoes-municipais\/#primaryimage"},"thumbnailUrl":"https:\/\/latamjournalismreview.org\/wp-content\/uploads\/2020\/12\/Blog-Featured-Images-3.png","datePublished":"2020-12-16T17:07:17+00:00","dateModified":"2020-12-16T20:22:08+00:00","description":"Coaliz\u00e3o de nove ve\u00edculos brasileiros mapeia 150 casos de viol\u00eancia nas elei\u00e7\u00f5es municipais\u00a0 Colabora\u00e7\u00e3o. Latin American Journalism Review by The Knight Center at The University of Texas at Austin.","breadcrumb":{"@id":"https:\/\/latamjournalismreview.org\/pt-br\/articles\/coalizao-de-nove-veiculos-brasileiros-mapeia-150-casos-de-violencia-nas-eleicoes-municipais\/#breadcrumb"},"inLanguage":"pt-BR","potentialAction":[{"@type":"ReadAction","target":["https:\/\/latamjournalismreview.org\/pt-br\/articles\/coalizao-de-nove-veiculos-brasileiros-mapeia-150-casos-de-violencia-nas-eleicoes-municipais\/"]}]},{"@type":"ImageObject","inLanguage":"pt-BR","@id":"https:\/\/latamjournalismreview.org\/pt-br\/articles\/coalizao-de-nove-veiculos-brasileiros-mapeia-150-casos-de-violencia-nas-eleicoes-municipais\/#primaryimage","url":"https:\/\/latamjournalismreview.org\/wp-content\/uploads\/2020\/12\/Blog-Featured-Images-3.png","contentUrl":"https:\/\/latamjournalismreview.org\/wp-content\/uploads\/2020\/12\/Blog-Featured-Images-3.png","width":507,"height":340,"caption":"Ilustra\u00e7\u00e3o para projeto sobre viol\u00eancia nas elei\u00e7\u00f5es. Ana Clara Moscatelli\/Ag\u00eancia P\u00fablica"},{"@type":"BreadcrumbList","@id":"https:\/\/latamjournalismreview.org\/pt-br\/articles\/coalizao-de-nove-veiculos-brasileiros-mapeia-150-casos-de-violencia-nas-eleicoes-municipais\/#breadcrumb","itemListElement":[{"@type":"ListItem","position":1,"name":"Home","item":"https:\/\/latamjournalismreview.org\/pt-br\/"},{"@type":"ListItem","position":2,"name":"Coaliz\u00e3o de nove ve\u00edculos brasileiros mapeia 150 casos de viol\u00eancia nas elei\u00e7\u00f5es municipais\u00a0"}]},{"@type":"WebSite","@id":"https:\/\/latamjournalismreview.org\/pt-br\/#website","url":"https:\/\/latamjournalismreview.org\/pt-br\/","name":"LatAm Journalism Review","description":"Digital magazine on journalism in Latin America","publisher":{"@id":"https:\/\/latamjournalismreview.org\/pt-br\/#organization"},"potentialAction":[{"@type":"SearchAction","target":{"@type":"EntryPoint","urlTemplate":"https:\/\/latamjournalismreview.org\/pt-br\/?s={search_term_string}"},"query-input":{"@type":"PropertyValueSpecification","valueRequired":true,"valueName":"search_term_string"}}],"inLanguage":"pt-BR"},{"@type":"Organization","@id":"https:\/\/latamjournalismreview.org\/pt-br\/#organization","name":"LatAm Journalism Review","url":"https:\/\/latamjournalismreview.org\/pt-br\/","logo":{"@type":"ImageObject","inLanguage":"pt-BR","@id":"https:\/\/latamjournalismreview.org\/pt-br\/#\/schema\/logo\/image\/","url":"https:\/\/latamjournalismreview.org\/wp-content\/uploads\/2020\/05\/knight-latAm-review-logo.svg","contentUrl":"https:\/\/latamjournalismreview.org\/wp-content\/uploads\/2020\/05\/knight-latAm-review-logo.svg","width":"1024","height":"1024","caption":"LatAm Journalism Review"},"image":{"@id":"https:\/\/latamjournalismreview.org\/pt-br\/#\/schema\/logo\/image\/"},"sameAs":["https:\/\/x.com\/LatAmJournalism"]},{"@type":"Person","@id":"https:\/\/latamjournalismreview.org\/pt-br\/#\/schema\/person\/041964d0921c867b6226b459cd5bf28b","name":"Marina Estarque","description":"Marina Estarque is a Brazilian journalist living in S\u00e3o Paulo. She has worked for Brazilian news organizations such as Folha de S.Paulo, O Estado de S. Paulo, O Dia and the fact-checking agency Lupa. Marina was a correspondent in Brazil for the German international broadcaster Deutsche Welle and a radio reporter for DW Africa in Germany. She also worked as a reporter for United Nations Radio, in New York, and for Spanish newspaper La Voz de Galicia. Marina graduated in Journalism from the Federal University of Rio de Janeiro and has a Master\u2019s degree in Editorial Journalism from the University of A Coru\u00f1a (Spain). Marina Estarque es una periodista brasile\u00f1a que vive en S\u00e3o Paulo. Ella ha trabajado para diversas organizaciones period\u00edsticas como Folha de S.Paulo, O Estado de S. Paulo, O Dia y en la agencia de fact-checking Lupa. Marina ha sido corresponsal en Brasil del canal internacional alem\u00e1n Deutsche Welle y reportera de radio de DW \u00c1frica en Alemania. Tambi\u00e9n trabaj\u00f3 como reportera de Radio de las Naciones Unidas en Nueva York y en el diario espa\u00f1ol La Voz de Galicia. Marina tiene una maestr\u00eda en edici\u00f3n period\u00edstica de la Universidad de Coru\u00f1a (Espa\u00f1a) y se gradu\u00f3 en periodismo en la Universidad Federal de R\u00edo de Janeiro. Marina Estarque \u00e9 uma jornalista brasileira que vive em S\u00e3o Paulo. Ela trabalhou para ve\u00edculos como Folha de S.Paulo, O Estado de S. Paulo, O Dia e a ag\u00eancia de fact-checking Lupa. Marina foi correspondente no Brasil para a emissora internacional da Alemanha, a Deutsche Welle, e rep\u00f3rter de r\u00e1dio para a DW \u00c1frica na Alemanha. Ela tamb\u00e9m foi rep\u00f3rter da R\u00e1dio das Na\u00e7\u00f5es Unidas em Nova York e do jornal espanhol La Voz de Galicia. Marina \u00e9 mestre em edi\u00e7\u00e3o jornal\u00edstica pela Universidade da Coru\u00f1a (Espanha) e graduada em jornalismo pela Universidade Federal do Rio de Janeiro.","sameAs":["https:\/\/x.com\/MarinaEstarque"],"url":"https:\/\/latamjournalismreview.org\/pt-br\/articles\/author\/marina-estarque\/"}]}},"_links":{"self":[{"href":"https:\/\/latamjournalismreview.org\/pt-br\/wp-json\/wp\/v2\/posts\/14786","targetHints":{"allow":["GET"]}}],"collection":[{"href":"https:\/\/latamjournalismreview.org\/pt-br\/wp-json\/wp\/v2\/posts"}],"about":[{"href":"https:\/\/latamjournalismreview.org\/pt-br\/wp-json\/wp\/v2\/types\/post"}],"author":[{"embeddable":true,"href":"https:\/\/latamjournalismreview.org\/pt-br\/wp-json\/wp\/v2\/users\/6"}],"replies":[{"embeddable":true,"href":"https:\/\/latamjournalismreview.org\/pt-br\/wp-json\/wp\/v2\/comments?post=14786"}],"version-history":[{"count":6,"href":"https:\/\/latamjournalismreview.org\/pt-br\/wp-json\/wp\/v2\/posts\/14786\/revisions"}],"predecessor-version":[{"id":14804,"href":"https:\/\/latamjournalismreview.org\/pt-br\/wp-json\/wp\/v2\/posts\/14786\/revisions\/14804"}],"wp:featuredmedia":[{"embeddable":true,"href":"https:\/\/latamjournalismreview.org\/pt-br\/wp-json\/wp\/v2\/media\/14784"}],"wp:attachment":[{"href":"https:\/\/latamjournalismreview.org\/pt-br\/wp-json\/wp\/v2\/media?parent=14786"}],"wp:term":[{"taxonomy":"category","embeddable":true,"href":"https:\/\/latamjournalismreview.org\/pt-br\/wp-json\/wp\/v2\/categories?post=14786"},{"taxonomy":"post_tag","embeddable":true,"href":"https:\/\/latamjournalismreview.org\/pt-br\/wp-json\/wp\/v2\/tags?post=14786"},{"taxonomy":"author","embeddable":true,"href":"https:\/\/latamjournalismreview.org\/pt-br\/wp-json\/wp\/v2\/coauthors?post=14786"}],"curies":[{"name":"wp","href":"https:\/\/api.w.org\/{rel}","templated":true}]}}