{"id":1517,"date":"2020-02-06T17:39:19","date_gmt":"2020-02-06T22:39:19","guid":{"rendered":"https:\/\/live-lajr.pantheonsite.io\/?p=1517"},"modified":"2020-06-04T11:00:15","modified_gmt":"2020-06-04T16:00:15","slug":"apos-500-dias-de-retencao-de-papel-pelo-governo-jornal-nicaraguense-la-prensa-negocia-liberacao-do-material","status":"publish","type":"post","link":"https:\/\/latamjournalismreview.org\/pt-br\/articles\/apos-500-dias-de-retencao-de-papel-pelo-governo-jornal-nicaraguense-la-prensa-negocia-liberacao-do-material\/","title":{"rendered":"Ap\u00f3s 500 dias de reten\u00e7\u00e3o de papel pelo governo, jornal nicaraguense La Prensa negocia libera\u00e7\u00e3o do material"},"content":{"rendered":"<p>O jornal nicaraguense La Prensa informou que\u00a0<a href=\"https:\/\/www.laprensa.com.ni\/2020\/02\/05\/politica\/2637063-comunicado-de-la-junta-directiva-de-editorial-la-prensa\">h\u00e1 uma negocia\u00e7\u00e3o em curso para a libera\u00e7\u00e3o de toneladas de papel e de outros materiais<\/a>, retidos pela aduana h\u00e1 mais de 500 dias, segundo uma nota do conselho diretor editorial, publicada nesta quarta-feira (05). O bloqueio tem imposto graves restri\u00e7\u00f5es \u00e0 circula\u00e7\u00e3o do di\u00e1rio e amea\u00e7ado a sua sobreviv\u00eancia.<\/p>\n<p>No comunicado, o jornal denuncia a \"asfixia econ\u00f4mica\" promovida pelo governo de Daniel Ortega e Rosario Murillo, por meio da Dire\u00e7\u00e3o Geral de Aduanas (DGA), \"que viola a liberdade de express\u00e3o e o livre acesso \u00e0 informa\u00e7\u00e3o de todos os nicaraguenses; direitos estabelecidos na Constitui\u00e7\u00e3o Pol\u00edtica da Nicar\u00e1gua\".<\/p>\n<div>\n<div style=\"width: 236px\" class=\"wp-caption alignleft\"><a href=\"https:\/\/www.laprensa.com.ni\/\" target=\"_blank\" rel=\"noopener noreferrer\"><img loading=\"lazy\" decoding=\"async\" src=\"https:\/\/live.staticflickr.com\/65535\/48712040818_76ab838d81_o.jpg\" alt=\"Na primeira p\u00e1gina de sua edi\u00e7\u00e3o de 9 de setembro de 2019, La Prensa publicou o artigo 66 da Constitui\u00e7\u00e3o da Nicar\u00e1gua sobre o direito \u00e0 informa\u00e7\u00e3o. (Reprodu\u00e7\u00e3o)\" width=\"226\" height=\"446\" \/><\/a><p class=\"wp-caption-text\">Na primeira p\u00e1gina de sua edi\u00e7\u00e3o de 9 de setembro de 2019, La Prensa publicou o artigo 66 da Constitui\u00e7\u00e3o da Nicar\u00e1gua sobre o direito \u00e0 informa\u00e7\u00e3o. (Reprodu\u00e7\u00e3o)<\/p><\/div>\n<p>Segundo a nota, o n\u00fancio apost\u00f3lico Waldemar Sommertag (um representante da Santa S\u00e9) iniciou a negocia\u00e7\u00e3o para suspender o embargo na alf\u00e2ndega e conseguiu abrir um canal de comunica\u00e7\u00e3o com a DGA. Com isso, o jornal foi autorizado a inspecionar o material retido, em um processo de revis\u00e3o da mat\u00e9ria-prima que se encontra nos armaz\u00e9ns fiscais, ainda de acordo com a nota.<\/p>\n<\/div>\n<p>\"Depois de mais de 500 dias de reten\u00e7\u00e3o ilegal, Editorial La Prensa deve inspecionar o estado da mat\u00e9ria-prima para verificar se os insumos n\u00e3o sofreram danos como consequ\u00eancia da decis\u00e3o arbitr\u00e1ria da DGA. Ao mesmo tempo, a reten\u00e7\u00e3o ilegal criou uma grande d\u00edvida por armazenamento que foi gerada pelo bloqueio aduaneiro e, portanto, n\u00e3o deve ser assumida por La Prensa\", afirmou o jornal.<\/p>\n<p>Em um editorial de 27 de janeiro, intitulado a\u00a0<a href=\"https:\/\/www.laprensa.com.ni\/2020\/01\/27\/editorial\/2633927-dictadura-estrangula-a-la-prensa\">\"A ditadura estrangula La Prensa\"<\/a>, o jornal diz que a Nicar\u00e1gua corre o risco de ser o \u00fanico pa\u00eds do mundo sem um jornal impresso. O editorial afirma que o La Prensa e o Hoy (outra publica\u00e7\u00e3o da empresa) s\u00e3o os \u00fanicos jornais de papel que sobraram no pa\u00eds \u2013 o La Prensa \u00e9 publicado desde 1926.<\/p>\n<p>O texto diz que a Sociedade Interamericana de Imprensa (SIP) foi consultada e n\u00e3o h\u00e1 nenhum pa\u00eds no hemisf\u00e9rio ocidental que n\u00e3o tenha jornais impressos. \"Em todo o planeta n\u00e3o h\u00e1 um s\u00f3 pa\u00eds sem jornais impressos em papel. Inclusive em estados falidos como S\u00edria, Som\u00e1lia e Sud\u00e3o do Sul h\u00e1 di\u00e1rios escritos\", afirma o jornal.<\/p>\n<p>O editorial afirma ainda que fechar o La Prensa \u00e9 \"um velho del\u00edrio totalit\u00e1rio de Daniel Ortega\" e termina com um forte apelo \u00e0s organiza\u00e7\u00f5es internacionais e de defesa dos direitos humanos. \"La Prensa pede \u00e0 comunidade democr\u00e1tica internacional apoio para sobreviver... N\u00e3o deixem La Prensa morrer!\".<\/p>\n<p>De acordo com outra nota do ve\u00edculo,\u00a0<a href=\"https:\/\/www.laprensa.com.ni\/2020\/01\/26\/nacionales\/2633634-mas-de-70-semanas-de-bloqueo-de-papel-por-parte-del-regimen-orteguista-asfixian-a-la-prensa\">publicada em janeiro<\/a>, 92 toneladas de papel-jornal, 49 de papel semi bond, al\u00e9m de chapas, tintas, reveladores, solu\u00e7\u00f5es de fontes e outros produtos qu\u00edmicos utilizados nas rotativas est\u00e3o retidos pela DGA desde outubro e novembro de 2018.<\/p>\n<p>A restri\u00e7\u00e3o de material para v\u00e1rios ve\u00edculos teve impactos profundos na imprensa do pa\u00eds. Em janeiro de 2019, o jornal El Nuevo Diario\u00a0<a href=\"https:\/\/knightcenter.utexas.edu\/es\/blog\/00-20503-diarios-nicaragueenses-cambian-formato-debido-retencion-de-insumos-de-imprenta-en-adua\">parou de circular sua vers\u00e3o impressa nacional nos fins de semana<\/a>. Em setembro do mesmo ano, o jornal fechou a publica\u00e7\u00e3o digital e impressa devido a dificuldades econ\u00f4micas, t\u00e9cnicas e log\u00edsticas que\u00a0<a href=\"https:\/\/knightcenter.utexas.edu\/pt-br\/blog\/00-21257-grupo-editorial-nicaraguense-fecha-el-nuevo-diario-e-outros-dois-jornais-devido-dificu\">tornaram \"insustent\u00e1vel seu funcionamento\"<\/a>, ap\u00f3s quatro d\u00e9cadas de circula\u00e7\u00e3o.<\/p>\n<p>J\u00e1 o La Prensa, jornal mais antigo do pa\u00eds, tentou contornar a situa\u00e7\u00e3o com cortes de gastos e mudan\u00e7as dr\u00e1sticas na impress\u00e3o. Desde janeiro de 2020, o jornal passou a circular em formato tabloide aos finais de semana. Al\u00e9m disso, foi obrigado a usar o papel bond, normalmente empregado para livros e outras publica\u00e7\u00f5es, que \u00e9 75% mais caro do que o papel-jornal, segundo declara\u00e7\u00e3o do gerente financeiro da empresa, Ernesto Ju\u00e1rez, publicada pelo La Prensa.<\/p>\n<p>Ainda de acordo com a nota de janeiro, a edi\u00e7\u00e3o di\u00e1ria ficou reduzida a apenas oito p\u00e1ginas, em preto e branco. \"O custo por exemplar de cada di\u00e1rio impresso do La Prensa \u00e9 provavelmente, na atualidade, n\u00e3o s\u00f3 o mais caro do mundo, mas talvez o mais caro da hist\u00f3ria\", afirma o texto. \"Mas a medida n\u00e3o est\u00e1 s\u00f3 golpeando economicamente o La Prensa, mas tamb\u00e9m, ao for\u00e7ar o jornal a reduzir sua edi\u00e7\u00e3o a apenas oito p\u00e1ginas, o regime est\u00e1 violando a liberdade de acesso \u00e0 informa\u00e7\u00e3o e a liberdade de express\u00e3o dos nicaraguenses\",\u00a0<a href=\"https:\/\/www.laprensa.com.ni\/2020\/01\/26\/nacionales\/2633634-mas-de-70-semanas-de-bloqueo-de-papel-por-parte-del-regimen-orteguista-asfixian-a-la-prensa\">concluiu a nota<\/a>.<\/p>\n<p>A restri\u00e7\u00e3o tamb\u00e9m obrigou o La Prensa\u00a0<a href=\"https:\/\/www.infobae.com\/america\/agencias\/2020\/02\/05\/la-prensa-negocia-con-el-gobierno-fin-de-bloqueo-aduanero-de-insumos-en-nicaragua\/\">a demitir mais da metade dos seus profissionais<\/a>, segundo mat\u00e9ria do Infobae.<\/p>\n<p>O site Confidencial,\u00a0<a href=\"https:\/\/confidencial.com.ni\/regimen-orteguista-levanta-bloqueo-contra-la-prensa-de-nicaragua\/\">que tamb\u00e9m noticiou<\/a>\u00a0as negocia\u00e7\u00f5es para liberar o material do La Prensa, lembrou que o regime nicaraguense mant\u00e9m a censura a canais de televis\u00e3o e, h\u00e1 mais de um ano, a pol\u00edcia do pa\u00eds\u00a0<a href=\"https:\/\/knightcenter.utexas.edu\/pt-br\/blog\/00-21202-jornalistas-independentes-da-nicaragua-exigem-liberdade-de-imprensa-desocupacao-de-red\">ocupa as reda\u00e7\u00f5es do 100% Noticias e do pr\u00f3prio Confidencial<\/a>. \"Mais de 70 jornalistas foram obrigados a sair para o ex\u00edlio pelas agress\u00f5es e amea\u00e7as de policiais e paramilitares\", afirma o texto do Confidencial.<\/p>\n<p>O governo nicaraguense e seus apoiadores t\u00eam reprimido a imprensa independente desde que os protestos contra o atual regime come\u00e7aram, em abril de 2018. Segundo relat\u00f3rio organiza\u00e7\u00e3o Artigo 19, lan\u00e7ado em dezembro de 2019,\u00a0<a href=\"https:\/\/knightcenter.utexas.edu\/pt-br\/blog\/00-21456-nicaragua-e-um-dos-paises-que-mais-perderam-em-liberdade-de-expressao-nos-ultimos-anos\">a Nicar\u00e1gua \u00e9 um dos pa\u00edses que mais perderam em liberdade de express\u00e3o<\/a>\u00a0nos \u00faltimos anos em todo o mundo.<\/p>\n","protected":false},"excerpt":{"rendered":"<p>O jornal nicaraguense La Prensa informou que h\u00e1 uma negocia\u00e7\u00e3o em curso para a libera\u00e7\u00e3o de toneladas de papel e de outros materiais, retidos pela aduana h\u00e1 mais de 500 dias, segundo uma nota do conselho diretor editorial.<\/p>\n","protected":false},"author":6,"featured_media":0,"comment_status":"closed","ping_status":"closed","sticky":false,"template":"","format":"standard","meta":{"inline_featured_image":false,"footnotes":""},"categories":[1219],"tags":[1590,1591],"coauthors":[],"class_list":["post-1517","post","type-post","status-publish","format-standard","hentry","category-liberdade-de-imprensa-pt-br","tag-bloqueio-de-material-de-imprensa-pt-br","tag-nicaragua-pt-br"],"acf":[],"yoast_head":"<!-- This site is optimized with the Yoast SEO Premium plugin v22.6 (Yoast SEO v27.4) - https:\/\/yoast.com\/product\/yoast-seo-premium-wordpress\/ -->\n<title>Ap\u00f3s 500 dias de reten\u00e7\u00e3o de papel pelo governo, jornal nicaraguense La Prensa negocia libera\u00e7\u00e3o do material - LatAm Journalism Review by the Knight Center<\/title>\n<meta name=\"description\" content=\"Ap\u00f3s 500 dias de reten\u00e7\u00e3o de papel pelo governo, jornal nicaraguense La Prensa negocia libera\u00e7\u00e3o do material . Latin American Journalism Review by The Knight Center at The University of Texas at Austin.\" \/>\n<meta name=\"robots\" content=\"index, follow, max-snippet:-1, max-image-preview:large, max-video-preview:-1\" \/>\n<link rel=\"canonical\" href=\"https:\/\/latamjournalismreview.org\/pt-br\/articles\/apos-500-dias-de-retencao-de-papel-pelo-governo-jornal-nicaraguense-la-prensa-negocia-liberacao-do-material\/\" \/>\n<meta property=\"og:locale\" content=\"pt_BR\" \/>\n<meta property=\"og:type\" content=\"article\" \/>\n<meta property=\"og:title\" content=\"Ap\u00f3s 500 dias de reten\u00e7\u00e3o de papel pelo governo, jornal nicaraguense La Prensa negocia libera\u00e7\u00e3o do material\" \/>\n<meta property=\"og:description\" content=\"Ap\u00f3s 500 dias de reten\u00e7\u00e3o de papel pelo governo, jornal nicaraguense La Prensa negocia libera\u00e7\u00e3o do material . Latin American Journalism Review by The Knight Center at The University of Texas at Austin.\" \/>\n<meta property=\"og:url\" content=\"https:\/\/latamjournalismreview.org\/pt-br\/articles\/apos-500-dias-de-retencao-de-papel-pelo-governo-jornal-nicaraguense-la-prensa-negocia-liberacao-do-material\/\" \/>\n<meta property=\"og:site_name\" content=\"LatAm Journalism Review by the Knight Center\" \/>\n<meta property=\"article:published_time\" content=\"2020-02-06T22:39:19+00:00\" \/>\n<meta property=\"article:modified_time\" content=\"2020-06-04T16:00:15+00:00\" \/>\n<meta property=\"og:image\" content=\"https:\/\/live.staticflickr.com\/65535\/48712040818_76ab838d81_o.jpg\" \/>\n<meta name=\"author\" content=\"Marina Estarque\" \/>\n<meta name=\"twitter:card\" content=\"summary_large_image\" \/>\n<meta name=\"twitter:creator\" content=\"@MarinaEstarque\" \/>\n<meta name=\"twitter:site\" content=\"@LatAmJournalism\" \/>\n<meta name=\"twitter:label1\" content=\"Written by\" \/>\n\t<meta name=\"twitter:data1\" content=\"Marina Estarque\" \/>\n\t<meta name=\"twitter:label2\" content=\"Est. reading time\" \/>\n\t<meta name=\"twitter:data2\" content=\"5 minutos\" \/>\n<script type=\"application\/ld+json\" class=\"yoast-schema-graph\">{\"@context\":\"https:\\\/\\\/schema.org\",\"@graph\":[{\"@type\":\"Article\",\"@id\":\"https:\\\/\\\/latamjournalismreview.org\\\/pt-br\\\/articles\\\/apos-500-dias-de-retencao-de-papel-pelo-governo-jornal-nicaraguense-la-prensa-negocia-liberacao-do-material\\\/#article\",\"isPartOf\":{\"@id\":\"https:\\\/\\\/latamjournalismreview.org\\\/pt-br\\\/articles\\\/apos-500-dias-de-retencao-de-papel-pelo-governo-jornal-nicaraguense-la-prensa-negocia-liberacao-do-material\\\/\"},\"author\":{\"name\":\"Marina Estarque\",\"@id\":\"https:\\\/\\\/latamjournalismreview.org\\\/pt-br\\\/#\\\/schema\\\/person\\\/041964d0921c867b6226b459cd5bf28b\"},\"headline\":\"Ap\u00f3s 500 dias de reten\u00e7\u00e3o de papel pelo governo, jornal nicaraguense La Prensa negocia libera\u00e7\u00e3o do material\",\"datePublished\":\"2020-02-06T22:39:19+00:00\",\"dateModified\":\"2020-06-04T16:00:15+00:00\",\"mainEntityOfPage\":{\"@id\":\"https:\\\/\\\/latamjournalismreview.org\\\/pt-br\\\/articles\\\/apos-500-dias-de-retencao-de-papel-pelo-governo-jornal-nicaraguense-la-prensa-negocia-liberacao-do-material\\\/\"},\"wordCount\":967,\"publisher\":{\"@id\":\"https:\\\/\\\/latamjournalismreview.org\\\/pt-br\\\/#organization\"},\"image\":{\"@id\":\"https:\\\/\\\/latamjournalismreview.org\\\/pt-br\\\/articles\\\/apos-500-dias-de-retencao-de-papel-pelo-governo-jornal-nicaraguense-la-prensa-negocia-liberacao-do-material\\\/#primaryimage\"},\"thumbnailUrl\":\"https:\\\/\\\/live.staticflickr.com\\\/65535\\\/48712040818_76ab838d81_o.jpg\",\"keywords\":[\"Bloqueio de material de imprensa\",\"Nicar\u00e1gua\"],\"articleSection\":[\"Liberdade de imprensa\"],\"inLanguage\":\"pt-BR\"},{\"@type\":\"WebPage\",\"@id\":\"https:\\\/\\\/latamjournalismreview.org\\\/pt-br\\\/articles\\\/apos-500-dias-de-retencao-de-papel-pelo-governo-jornal-nicaraguense-la-prensa-negocia-liberacao-do-material\\\/\",\"url\":\"https:\\\/\\\/latamjournalismreview.org\\\/pt-br\\\/articles\\\/apos-500-dias-de-retencao-de-papel-pelo-governo-jornal-nicaraguense-la-prensa-negocia-liberacao-do-material\\\/\",\"name\":\"Ap\u00f3s 500 dias de reten\u00e7\u00e3o de papel pelo governo, jornal nicaraguense La Prensa negocia libera\u00e7\u00e3o do material - LatAm Journalism Review by the Knight Center\",\"isPartOf\":{\"@id\":\"https:\\\/\\\/latamjournalismreview.org\\\/pt-br\\\/#website\"},\"primaryImageOfPage\":{\"@id\":\"https:\\\/\\\/latamjournalismreview.org\\\/pt-br\\\/articles\\\/apos-500-dias-de-retencao-de-papel-pelo-governo-jornal-nicaraguense-la-prensa-negocia-liberacao-do-material\\\/#primaryimage\"},\"image\":{\"@id\":\"https:\\\/\\\/latamjournalismreview.org\\\/pt-br\\\/articles\\\/apos-500-dias-de-retencao-de-papel-pelo-governo-jornal-nicaraguense-la-prensa-negocia-liberacao-do-material\\\/#primaryimage\"},\"thumbnailUrl\":\"https:\\\/\\\/live.staticflickr.com\\\/65535\\\/48712040818_76ab838d81_o.jpg\",\"datePublished\":\"2020-02-06T22:39:19+00:00\",\"dateModified\":\"2020-06-04T16:00:15+00:00\",\"description\":\"Ap\u00f3s 500 dias de reten\u00e7\u00e3o de papel pelo governo, jornal nicaraguense La Prensa negocia libera\u00e7\u00e3o do material . Latin American Journalism Review by The Knight Center at The University of Texas at Austin.\",\"breadcrumb\":{\"@id\":\"https:\\\/\\\/latamjournalismreview.org\\\/pt-br\\\/articles\\\/apos-500-dias-de-retencao-de-papel-pelo-governo-jornal-nicaraguense-la-prensa-negocia-liberacao-do-material\\\/#breadcrumb\"},\"inLanguage\":\"pt-BR\",\"potentialAction\":[{\"@type\":\"ReadAction\",\"target\":[\"https:\\\/\\\/latamjournalismreview.org\\\/pt-br\\\/articles\\\/apos-500-dias-de-retencao-de-papel-pelo-governo-jornal-nicaraguense-la-prensa-negocia-liberacao-do-material\\\/\"]}]},{\"@type\":\"ImageObject\",\"inLanguage\":\"pt-BR\",\"@id\":\"https:\\\/\\\/latamjournalismreview.org\\\/pt-br\\\/articles\\\/apos-500-dias-de-retencao-de-papel-pelo-governo-jornal-nicaraguense-la-prensa-negocia-liberacao-do-material\\\/#primaryimage\",\"url\":\"https:\\\/\\\/live.staticflickr.com\\\/65535\\\/48712040818_76ab838d81_o.jpg\",\"contentUrl\":\"https:\\\/\\\/live.staticflickr.com\\\/65535\\\/48712040818_76ab838d81_o.jpg\"},{\"@type\":\"BreadcrumbList\",\"@id\":\"https:\\\/\\\/latamjournalismreview.org\\\/pt-br\\\/articles\\\/apos-500-dias-de-retencao-de-papel-pelo-governo-jornal-nicaraguense-la-prensa-negocia-liberacao-do-material\\\/#breadcrumb\",\"itemListElement\":[{\"@type\":\"ListItem\",\"position\":1,\"name\":\"Home\",\"item\":\"https:\\\/\\\/latamjournalismreview.org\\\/pt-br\\\/\"},{\"@type\":\"ListItem\",\"position\":2,\"name\":\"Ap\u00f3s 500 dias de reten\u00e7\u00e3o de papel pelo governo, jornal nicaraguense La Prensa negocia libera\u00e7\u00e3o do material\"}]},{\"@type\":\"WebSite\",\"@id\":\"https:\\\/\\\/latamjournalismreview.org\\\/pt-br\\\/#website\",\"url\":\"https:\\\/\\\/latamjournalismreview.org\\\/pt-br\\\/\",\"name\":\"LatAm Journalism Review\",\"description\":\"Digital magazine on journalism in Latin America\",\"publisher\":{\"@id\":\"https:\\\/\\\/latamjournalismreview.org\\\/pt-br\\\/#organization\"},\"potentialAction\":[{\"@type\":\"SearchAction\",\"target\":{\"@type\":\"EntryPoint\",\"urlTemplate\":\"https:\\\/\\\/latamjournalismreview.org\\\/pt-br\\\/?s={search_term_string}\"},\"query-input\":{\"@type\":\"PropertyValueSpecification\",\"valueRequired\":true,\"valueName\":\"search_term_string\"}}],\"inLanguage\":\"pt-BR\"},{\"@type\":\"Organization\",\"@id\":\"https:\\\/\\\/latamjournalismreview.org\\\/pt-br\\\/#organization\",\"name\":\"LatAm Journalism Review\",\"url\":\"https:\\\/\\\/latamjournalismreview.org\\\/pt-br\\\/\",\"logo\":{\"@type\":\"ImageObject\",\"inLanguage\":\"pt-BR\",\"@id\":\"https:\\\/\\\/latamjournalismreview.org\\\/pt-br\\\/#\\\/schema\\\/logo\\\/image\\\/\",\"url\":\"https:\\\/\\\/latamjournalismreview.org\\\/wp-content\\\/uploads\\\/2020\\\/05\\\/knight-latAm-review-logo.svg\",\"contentUrl\":\"https:\\\/\\\/latamjournalismreview.org\\\/wp-content\\\/uploads\\\/2020\\\/05\\\/knight-latAm-review-logo.svg\",\"width\":\"1024\",\"height\":\"1024\",\"caption\":\"LatAm Journalism Review\"},\"image\":{\"@id\":\"https:\\\/\\\/latamjournalismreview.org\\\/pt-br\\\/#\\\/schema\\\/logo\\\/image\\\/\"},\"sameAs\":[\"https:\\\/\\\/x.com\\\/LatAmJournalism\"]},{\"@type\":\"Person\",\"@id\":\"https:\\\/\\\/latamjournalismreview.org\\\/pt-br\\\/#\\\/schema\\\/person\\\/041964d0921c867b6226b459cd5bf28b\",\"name\":\"Marina Estarque\",\"description\":\"Marina Estarque is a Brazilian journalist living in S\u00e3o Paulo. She has worked for Brazilian news organizations such as Folha de S.Paulo, O Estado de S. Paulo, O Dia and the fact-checking agency Lupa. Marina was a correspondent in Brazil for the German international broadcaster Deutsche Welle and a radio reporter for DW Africa in Germany. She also worked as a reporter for United Nations Radio, in New York, and for Spanish newspaper La Voz de Galicia. Marina graduated in Journalism from the Federal University of Rio de Janeiro and has a Master\u2019s degree in Editorial Journalism from the University of A Coru\u00f1a (Spain). Marina Estarque es una periodista brasile\u00f1a que vive en S\u00e3o Paulo. Ella ha trabajado para diversas organizaciones period\u00edsticas como Folha de S.Paulo, O Estado de S. Paulo, O Dia y en la agencia de fact-checking Lupa. Marina ha sido corresponsal en Brasil del canal internacional alem\u00e1n Deutsche Welle y reportera de radio de DW \u00c1frica en Alemania. Tambi\u00e9n trabaj\u00f3 como reportera de Radio de las Naciones Unidas en Nueva York y en el diario espa\u00f1ol La Voz de Galicia. Marina tiene una maestr\u00eda en edici\u00f3n period\u00edstica de la Universidad de Coru\u00f1a (Espa\u00f1a) y se gradu\u00f3 en periodismo en la Universidad Federal de R\u00edo de Janeiro. Marina Estarque \u00e9 uma jornalista brasileira que vive em S\u00e3o Paulo. Ela trabalhou para ve\u00edculos como Folha de S.Paulo, O Estado de S. Paulo, O Dia e a ag\u00eancia de fact-checking Lupa. Marina foi correspondente no Brasil para a emissora internacional da Alemanha, a Deutsche Welle, e rep\u00f3rter de r\u00e1dio para a DW \u00c1frica na Alemanha. Ela tamb\u00e9m foi rep\u00f3rter da R\u00e1dio das Na\u00e7\u00f5es Unidas em Nova York e do jornal espanhol La Voz de Galicia. Marina \u00e9 mestre em edi\u00e7\u00e3o jornal\u00edstica pela Universidade da Coru\u00f1a (Espanha) e graduada em jornalismo pela Universidade Federal do Rio de Janeiro.\",\"sameAs\":[\"https:\\\/\\\/x.com\\\/MarinaEstarque\"],\"url\":\"https:\\\/\\\/latamjournalismreview.org\\\/pt-br\\\/articles\\\/author\\\/marina-estarque\\\/\"}]}<\/script>\n<!-- \/ Yoast SEO Premium plugin. -->","yoast_head_json":{"title":"Ap\u00f3s 500 dias de reten\u00e7\u00e3o de papel pelo governo, jornal nicaraguense La Prensa negocia libera\u00e7\u00e3o do material - LatAm Journalism Review by the Knight Center","description":"Ap\u00f3s 500 dias de reten\u00e7\u00e3o de papel pelo governo, jornal nicaraguense La Prensa negocia libera\u00e7\u00e3o do material . Latin American Journalism Review by The Knight Center at The University of Texas at Austin.","robots":{"index":"index","follow":"follow","max-snippet":"max-snippet:-1","max-image-preview":"max-image-preview:large","max-video-preview":"max-video-preview:-1"},"canonical":"https:\/\/latamjournalismreview.org\/pt-br\/articles\/apos-500-dias-de-retencao-de-papel-pelo-governo-jornal-nicaraguense-la-prensa-negocia-liberacao-do-material\/","og_locale":"pt_BR","og_type":"article","og_title":"Ap\u00f3s 500 dias de reten\u00e7\u00e3o de papel pelo governo, jornal nicaraguense La Prensa negocia libera\u00e7\u00e3o do material","og_description":"Ap\u00f3s 500 dias de reten\u00e7\u00e3o de papel pelo governo, jornal nicaraguense La Prensa negocia libera\u00e7\u00e3o do material . Latin American Journalism Review by The Knight Center at The University of Texas at Austin.","og_url":"https:\/\/latamjournalismreview.org\/pt-br\/articles\/apos-500-dias-de-retencao-de-papel-pelo-governo-jornal-nicaraguense-la-prensa-negocia-liberacao-do-material\/","og_site_name":"LatAm Journalism Review by the Knight Center","article_published_time":"2020-02-06T22:39:19+00:00","article_modified_time":"2020-06-04T16:00:15+00:00","og_image":[{"url":"https:\/\/live.staticflickr.com\/65535\/48712040818_76ab838d81_o.jpg","type":"","width":"","height":""}],"author":"Marina Estarque","twitter_card":"summary_large_image","twitter_creator":"@MarinaEstarque","twitter_site":"@LatAmJournalism","twitter_misc":{"Written by":"Marina Estarque","Est. reading time":"5 minutos"},"schema":{"@context":"https:\/\/schema.org","@graph":[{"@type":"Article","@id":"https:\/\/latamjournalismreview.org\/pt-br\/articles\/apos-500-dias-de-retencao-de-papel-pelo-governo-jornal-nicaraguense-la-prensa-negocia-liberacao-do-material\/#article","isPartOf":{"@id":"https:\/\/latamjournalismreview.org\/pt-br\/articles\/apos-500-dias-de-retencao-de-papel-pelo-governo-jornal-nicaraguense-la-prensa-negocia-liberacao-do-material\/"},"author":{"name":"Marina Estarque","@id":"https:\/\/latamjournalismreview.org\/pt-br\/#\/schema\/person\/041964d0921c867b6226b459cd5bf28b"},"headline":"Ap\u00f3s 500 dias de reten\u00e7\u00e3o de papel pelo governo, jornal nicaraguense La Prensa negocia libera\u00e7\u00e3o do material","datePublished":"2020-02-06T22:39:19+00:00","dateModified":"2020-06-04T16:00:15+00:00","mainEntityOfPage":{"@id":"https:\/\/latamjournalismreview.org\/pt-br\/articles\/apos-500-dias-de-retencao-de-papel-pelo-governo-jornal-nicaraguense-la-prensa-negocia-liberacao-do-material\/"},"wordCount":967,"publisher":{"@id":"https:\/\/latamjournalismreview.org\/pt-br\/#organization"},"image":{"@id":"https:\/\/latamjournalismreview.org\/pt-br\/articles\/apos-500-dias-de-retencao-de-papel-pelo-governo-jornal-nicaraguense-la-prensa-negocia-liberacao-do-material\/#primaryimage"},"thumbnailUrl":"https:\/\/live.staticflickr.com\/65535\/48712040818_76ab838d81_o.jpg","keywords":["Bloqueio de material de imprensa","Nicar\u00e1gua"],"articleSection":["Liberdade de imprensa"],"inLanguage":"pt-BR"},{"@type":"WebPage","@id":"https:\/\/latamjournalismreview.org\/pt-br\/articles\/apos-500-dias-de-retencao-de-papel-pelo-governo-jornal-nicaraguense-la-prensa-negocia-liberacao-do-material\/","url":"https:\/\/latamjournalismreview.org\/pt-br\/articles\/apos-500-dias-de-retencao-de-papel-pelo-governo-jornal-nicaraguense-la-prensa-negocia-liberacao-do-material\/","name":"Ap\u00f3s 500 dias de reten\u00e7\u00e3o de papel pelo governo, jornal nicaraguense La Prensa negocia libera\u00e7\u00e3o do material - LatAm Journalism Review by the Knight Center","isPartOf":{"@id":"https:\/\/latamjournalismreview.org\/pt-br\/#website"},"primaryImageOfPage":{"@id":"https:\/\/latamjournalismreview.org\/pt-br\/articles\/apos-500-dias-de-retencao-de-papel-pelo-governo-jornal-nicaraguense-la-prensa-negocia-liberacao-do-material\/#primaryimage"},"image":{"@id":"https:\/\/latamjournalismreview.org\/pt-br\/articles\/apos-500-dias-de-retencao-de-papel-pelo-governo-jornal-nicaraguense-la-prensa-negocia-liberacao-do-material\/#primaryimage"},"thumbnailUrl":"https:\/\/live.staticflickr.com\/65535\/48712040818_76ab838d81_o.jpg","datePublished":"2020-02-06T22:39:19+00:00","dateModified":"2020-06-04T16:00:15+00:00","description":"Ap\u00f3s 500 dias de reten\u00e7\u00e3o de papel pelo governo, jornal nicaraguense La Prensa negocia libera\u00e7\u00e3o do material . Latin American Journalism Review by The Knight Center at The University of Texas at Austin.","breadcrumb":{"@id":"https:\/\/latamjournalismreview.org\/pt-br\/articles\/apos-500-dias-de-retencao-de-papel-pelo-governo-jornal-nicaraguense-la-prensa-negocia-liberacao-do-material\/#breadcrumb"},"inLanguage":"pt-BR","potentialAction":[{"@type":"ReadAction","target":["https:\/\/latamjournalismreview.org\/pt-br\/articles\/apos-500-dias-de-retencao-de-papel-pelo-governo-jornal-nicaraguense-la-prensa-negocia-liberacao-do-material\/"]}]},{"@type":"ImageObject","inLanguage":"pt-BR","@id":"https:\/\/latamjournalismreview.org\/pt-br\/articles\/apos-500-dias-de-retencao-de-papel-pelo-governo-jornal-nicaraguense-la-prensa-negocia-liberacao-do-material\/#primaryimage","url":"https:\/\/live.staticflickr.com\/65535\/48712040818_76ab838d81_o.jpg","contentUrl":"https:\/\/live.staticflickr.com\/65535\/48712040818_76ab838d81_o.jpg"},{"@type":"BreadcrumbList","@id":"https:\/\/latamjournalismreview.org\/pt-br\/articles\/apos-500-dias-de-retencao-de-papel-pelo-governo-jornal-nicaraguense-la-prensa-negocia-liberacao-do-material\/#breadcrumb","itemListElement":[{"@type":"ListItem","position":1,"name":"Home","item":"https:\/\/latamjournalismreview.org\/pt-br\/"},{"@type":"ListItem","position":2,"name":"Ap\u00f3s 500 dias de reten\u00e7\u00e3o de papel pelo governo, jornal nicaraguense La Prensa negocia libera\u00e7\u00e3o do material"}]},{"@type":"WebSite","@id":"https:\/\/latamjournalismreview.org\/pt-br\/#website","url":"https:\/\/latamjournalismreview.org\/pt-br\/","name":"LatAm Journalism Review","description":"Digital magazine on journalism in Latin America","publisher":{"@id":"https:\/\/latamjournalismreview.org\/pt-br\/#organization"},"potentialAction":[{"@type":"SearchAction","target":{"@type":"EntryPoint","urlTemplate":"https:\/\/latamjournalismreview.org\/pt-br\/?s={search_term_string}"},"query-input":{"@type":"PropertyValueSpecification","valueRequired":true,"valueName":"search_term_string"}}],"inLanguage":"pt-BR"},{"@type":"Organization","@id":"https:\/\/latamjournalismreview.org\/pt-br\/#organization","name":"LatAm Journalism Review","url":"https:\/\/latamjournalismreview.org\/pt-br\/","logo":{"@type":"ImageObject","inLanguage":"pt-BR","@id":"https:\/\/latamjournalismreview.org\/pt-br\/#\/schema\/logo\/image\/","url":"https:\/\/latamjournalismreview.org\/wp-content\/uploads\/2020\/05\/knight-latAm-review-logo.svg","contentUrl":"https:\/\/latamjournalismreview.org\/wp-content\/uploads\/2020\/05\/knight-latAm-review-logo.svg","width":"1024","height":"1024","caption":"LatAm Journalism Review"},"image":{"@id":"https:\/\/latamjournalismreview.org\/pt-br\/#\/schema\/logo\/image\/"},"sameAs":["https:\/\/x.com\/LatAmJournalism"]},{"@type":"Person","@id":"https:\/\/latamjournalismreview.org\/pt-br\/#\/schema\/person\/041964d0921c867b6226b459cd5bf28b","name":"Marina Estarque","description":"Marina Estarque is a Brazilian journalist living in S\u00e3o Paulo. She has worked for Brazilian news organizations such as Folha de S.Paulo, O Estado de S. Paulo, O Dia and the fact-checking agency Lupa. Marina was a correspondent in Brazil for the German international broadcaster Deutsche Welle and a radio reporter for DW Africa in Germany. She also worked as a reporter for United Nations Radio, in New York, and for Spanish newspaper La Voz de Galicia. Marina graduated in Journalism from the Federal University of Rio de Janeiro and has a Master\u2019s degree in Editorial Journalism from the University of A Coru\u00f1a (Spain). Marina Estarque es una periodista brasile\u00f1a que vive en S\u00e3o Paulo. Ella ha trabajado para diversas organizaciones period\u00edsticas como Folha de S.Paulo, O Estado de S. Paulo, O Dia y en la agencia de fact-checking Lupa. Marina ha sido corresponsal en Brasil del canal internacional alem\u00e1n Deutsche Welle y reportera de radio de DW \u00c1frica en Alemania. Tambi\u00e9n trabaj\u00f3 como reportera de Radio de las Naciones Unidas en Nueva York y en el diario espa\u00f1ol La Voz de Galicia. Marina tiene una maestr\u00eda en edici\u00f3n period\u00edstica de la Universidad de Coru\u00f1a (Espa\u00f1a) y se gradu\u00f3 en periodismo en la Universidad Federal de R\u00edo de Janeiro. Marina Estarque \u00e9 uma jornalista brasileira que vive em S\u00e3o Paulo. Ela trabalhou para ve\u00edculos como Folha de S.Paulo, O Estado de S. Paulo, O Dia e a ag\u00eancia de fact-checking Lupa. Marina foi correspondente no Brasil para a emissora internacional da Alemanha, a Deutsche Welle, e rep\u00f3rter de r\u00e1dio para a DW \u00c1frica na Alemanha. Ela tamb\u00e9m foi rep\u00f3rter da R\u00e1dio das Na\u00e7\u00f5es Unidas em Nova York e do jornal espanhol La Voz de Galicia. Marina \u00e9 mestre em edi\u00e7\u00e3o jornal\u00edstica pela Universidade da Coru\u00f1a (Espanha) e graduada em jornalismo pela Universidade Federal do Rio de Janeiro.","sameAs":["https:\/\/x.com\/MarinaEstarque"],"url":"https:\/\/latamjournalismreview.org\/pt-br\/articles\/author\/marina-estarque\/"}]}},"_links":{"self":[{"href":"https:\/\/latamjournalismreview.org\/pt-br\/wp-json\/wp\/v2\/posts\/1517","targetHints":{"allow":["GET"]}}],"collection":[{"href":"https:\/\/latamjournalismreview.org\/pt-br\/wp-json\/wp\/v2\/posts"}],"about":[{"href":"https:\/\/latamjournalismreview.org\/pt-br\/wp-json\/wp\/v2\/types\/post"}],"author":[{"embeddable":true,"href":"https:\/\/latamjournalismreview.org\/pt-br\/wp-json\/wp\/v2\/users\/6"}],"replies":[{"embeddable":true,"href":"https:\/\/latamjournalismreview.org\/pt-br\/wp-json\/wp\/v2\/comments?post=1517"}],"version-history":[{"count":3,"href":"https:\/\/latamjournalismreview.org\/pt-br\/wp-json\/wp\/v2\/posts\/1517\/revisions"}],"predecessor-version":[{"id":1519,"href":"https:\/\/latamjournalismreview.org\/pt-br\/wp-json\/wp\/v2\/posts\/1517\/revisions\/1519"}],"wp:attachment":[{"href":"https:\/\/latamjournalismreview.org\/pt-br\/wp-json\/wp\/v2\/media?parent=1517"}],"wp:term":[{"taxonomy":"category","embeddable":true,"href":"https:\/\/latamjournalismreview.org\/pt-br\/wp-json\/wp\/v2\/categories?post=1517"},{"taxonomy":"post_tag","embeddable":true,"href":"https:\/\/latamjournalismreview.org\/pt-br\/wp-json\/wp\/v2\/tags?post=1517"},{"taxonomy":"author","embeddable":true,"href":"https:\/\/latamjournalismreview.org\/pt-br\/wp-json\/wp\/v2\/coauthors?post=1517"}],"curies":[{"name":"wp","href":"https:\/\/api.w.org\/{rel}","templated":true}]}}