{"id":163789,"date":"2026-03-20T13:33:34","date_gmt":"2026-03-20T18:33:34","guid":{"rendered":"https:\/\/latamjournalismreview.org\/?p=163789"},"modified":"2026-03-20T13:33:34","modified_gmt":"2026-03-20T18:33:34","slug":"de-bones-a-sapatos-roupas-abandonadas-em-um-acampamento-do-narcotrafico-se-transformam-em-pistas-sobre-desaparecidos","status":"publish","type":"post","link":"https:\/\/latamjournalismreview.org\/pt-br\/articles\/de-bones-a-sapatos-roupas-abandonadas-em-um-acampamento-do-narcotrafico-se-transformam-em-pistas-sobre-desaparecidos\/","title":{"rendered":"De bon\u00e9s a sapatos, roupas abandonadas em um acampamento do narcotr\u00e1fico se transformam em pistas sobre desaparecidos"},"content":{"rendered":"<p dir=\"ltr\">Em 5 de mar\u00e7o de 2025, integrantes do coletivo Guerreros Buscadores de Jalisco, dedicado \u00e0 busca independente de pessoas desaparecidas no M\u00e9xico,\u00a0<a href=\"https:\/\/www.milenio.com\/policia\/rancho-izaguirre-claves-caso-teuchitlan-un-ano-hallazgo\" target=\"_blank\" rel=\"noopener noreferrer\"><u>entraram no Rancho Izaguirre<\/u><\/a>, um terreno abandonado no munic\u00edpio de Teuchitl\u00e1n, no estado de Jalisco, ap\u00f3s receberem v\u00e1rias liga\u00e7\u00f5es an\u00f4nimas que alertavam sobre a poss\u00edvel exist\u00eancia de restos humanos no local.<\/p>\n<p dir=\"ltr\">Durante a visita, transmitiram ao vivo nas redes sociais o que encontravam: dezenas de pe\u00e7as de roupa, malas, cobertores e objetos pessoais. Dias depois, autoridades mexicanas confirmaram que o local havia sido um\u00a0<a href=\"https:\/\/www.elfinanciero.com.mx\/nacional\/2025\/04\/29\/rancho-en-teuchitlan-si-era-centro-de-adiestramiento-pero-no-crematorio-afirma-gertz-manero\/\" target=\"_blank\" rel=\"noopener noreferrer\"><u>centro de treinamento for\u00e7ado<\/u><\/a> de um cartel do narcotr\u00e1fico.<\/p>\n<p dir=\"ltr\">\u00c1ngel Abundis, soci\u00f3logo e programador da Tejer.Red, um coletivo de ativistas e desenvolvedores que apoia a busca por pessoas desaparecidas com ferramentas de c\u00f3digo aberto, viu essas transmiss\u00f5es e pensou em como aproveitar esse material. Ele baixou os v\u00eddeos e desenvolveu uma ferramenta com a qual familiares pudessem identificar, nas imagens, pe\u00e7as de roupa de seus entes queridos desaparecidos. No entanto, a baixa qualidade dos v\u00eddeos dificultava a tarefa.<\/p>\n<div id=\"attachment_163633\" style=\"width: 607px\" class=\"wp-caption aligncenter\"><img loading=\"lazy\" decoding=\"async\" aria-describedby=\"caption-attachment-163633\" class=\"wpa-warning wpa-suspicious-alt wp-image-163633 \" src=\"https:\/\/latamjournalismreview.org\/wp-content\/uploads\/2026\/03\/Las-Prendas-Hablan-Catalogo.png\" alt=\"Screenshot of the digital catalogue developed by the journalism initiative &quot;Las Prendas Hablan&quot;. (Photo: Screenshot \" width=\"597\" height=\"400\" data-warning=\"Suspicious alt text\" srcset=\"https:\/\/latamjournalismreview.org\/wp-content\/uploads\/2026\/03\/Las-Prendas-Hablan-Catalogo.png 1014w, https:\/\/latamjournalismreview.org\/wp-content\/uploads\/2026\/03\/Las-Prendas-Hablan-Catalogo-300x201.png 300w, https:\/\/latamjournalismreview.org\/wp-content\/uploads\/2026\/03\/Las-Prendas-Hablan-Catalogo-768x515.png 768w, https:\/\/latamjournalismreview.org\/wp-content\/uploads\/2026\/03\/Las-Prendas-Hablan-Catalogo-507x340.png 507w, https:\/\/latamjournalismreview.org\/wp-content\/uploads\/2026\/03\/Las-Prendas-Hablan-Catalogo-350x234.png 350w\" sizes=\"auto, (max-width: 597px) 100vw, 597px\" \/><p id=\"caption-attachment-163633\" class=\"wp-caption-text\">O programador e ativista \u00c1ngel Abundis criou um cat\u00e1logo online para ajudar fam\u00edlias de pessoas desaparecidas a encontrar roupas em um acampamento do narcotr\u00e1fico. (Foto: Captura de tela)<\/p><\/div>\n<p>&nbsp;<\/p>\n<p>&nbsp;<\/p>\n<p dir=\"ltr\">Quando as autoridades isolaram o local, a Promotoria de Jalisco publicou\u00a0<a href=\"https:\/\/docs.google.com\/spreadsheets\/d\/1K5gul4mUWEIWc7yhlIZlheJDkqH7thPv\/edit?gid=2057625904#gid=2057625904&amp;fvid=259003810\" target=\"_blank\" rel=\"noopener noreferrer\"><u>uma base de dados<\/u><\/a> com descri\u00e7\u00f5es e fotografias de quase 500 pe\u00e7as de roupa recuperadas. Embora a informa\u00e7\u00e3o estivesse aberta ao p\u00fablico, o sistema n\u00e3o facilitava a busca: era necess\u00e1rio abrir cada link individualmente. Abundis ent\u00e3o desenvolveu um segundo aplicativo que baixava e organizava as imagens em um cat\u00e1logo que permitia filtr\u00e1-las por tipo de pe\u00e7a, cor, tamanho e marca.<\/p>\n<p dir=\"ltr\">\u201cO mais importante, antes de tudo, eram as imagens das roupas, para que os familiares pudessem identific\u00e1-las e, a partir da\u00ed, filtr\u00e1-las para facilitar essa busca\u201d, disse Abundis \u00e0\u00a0<strong>LatAm Journalism Review (LJR)<\/strong>. \u201cIsso, dando continuidade aos esfor\u00e7os do coletivo Guerreros Buscadores, que tinham a ver com compartilhar o que encontraram nesse local.\u201d<\/p>\n<p dir=\"ltr\">Com esse cat\u00e1logo nasceu\u00a0<a href=\"https:\/\/lasprendashablan.tejer.red\/\" target=\"_blank\" rel=\"noopener noreferrer\"><u>\u201cLas prendas hablan\u201d<\/u><\/a> (\u201cAs roupas falam\u201d, em portugu\u00eas), um projeto jornal\u00edstico colaborativo no qual jornalistas, programadores e coletivos de busca uniram esfor\u00e7os para tentar reconstruir hist\u00f3rias de desaparecimento no M\u00e9xico a partir das pe\u00e7as de roupa encontradas no rancho. Por meio de ferramentas tecnol\u00f3gicas e m\u00e9todos de\u00a0<i>crowdsourcing<\/i>, a iniciativa buscou identificar poss\u00edveis v\u00edtimas, documentar padr\u00f5es de recrutamento for\u00e7ado e pressionar as autoridades a esclarecer o que aconteceu no local.<\/p>\n<p dir=\"ltr\">\u201cO objetivo \u00e9 a constru\u00e7\u00e3o da mem\u00f3ria\u201d, disse \u00e0\u00a0<strong>LJR\u00a0<\/strong>Darwin Franco, coordenador de informa\u00e7\u00e3o do meio nativo digital de jornalismo investigativo ZonaDocs. \u201cEntender como essas pessoas desapareceram, cujas roupas foram identificadas, onde desapareceram e como seus pertences foram parar no Rancho Izaguirre.\u201d<\/p>\n<p dir=\"ltr\">Franco tamb\u00e9m estava cobrindo as descobertas no rancho quando Abundis o procurou para mostrar sua ferramenta e propor a uni\u00e3o de esfor\u00e7os. A primeira coisa que fizeram foi\u00a0<a href=\"https:\/\/www.zonadocs.mx\/2025\/03\/12\/crear-plataforma-para-revisar-prendas-localizadas-en-teuchitan\/\" target=\"_blank\" rel=\"noopener noreferrer\"><u>publicar o cat\u00e1logo na ZonaDocs<\/u><\/a>.<\/p>\n<p dir=\"ltr\">\u201cN\u00f3s queremos que as roupas falem no sentido de que seja poss\u00edvel contar uma hist\u00f3ria que permita conhecer a verdade e que permita \u00e0s fam\u00edlias em busca de respostas saber o que aconteceu\u201d, acrescentou Franco.<\/p>\n<h3 dir=\"ltr\">Colabora\u00e7\u00e3o entre jornalistas e cidad\u00e3os<\/h3>\n<p dir=\"ltr\">Franco convidou o meio nativo digital Animal Pol\u00edtico e o site de investiga\u00e7\u00e3o especializado nas din\u00e2micas de desaparecimentos A d\u00f3nde van los desaparecidos a se somarem ao projeto nascente, com o objetivo de levar o tema al\u00e9m do impacto midi\u00e1tico e social que vinha gerando.<\/p>\n<p dir=\"ltr\">O passo seguinte foi recorrer ao\u00a0<i>crowdsourcing<\/i>, metodologia pela qual se envolve a sociedade para obter informa\u00e7\u00f5es para um trabalho jornal\u00edstico. A equipe elaborou\u00a0<a href=\"https:\/\/lasprendashablan.tejer.red\/#formulario\" target=\"_blank\" rel=\"noopener noreferrer\"><u>um formul\u00e1rio<\/u><\/a> para que cidad\u00e3os pudessem informar se reconheciam algum objeto do cat\u00e1logo. As pessoas deveriam indicar quais pe\u00e7as acreditavam reconhecer, a quem poderiam pertencer, se j\u00e1 haviam tido contato com autoridades sobre um desaparecimento e se estariam dispostas a compartilhar sua hist\u00f3ria.<\/p>\n<p dir=\"ltr\">A equipe distribuiu o formul\u00e1rio entre coletivos e fam\u00edlias de pessoas desaparecidas, disse Franco. Depois, a partir de agosto de 2025, os jornalistas divulgaram as ferramentas em outros espa\u00e7os, como marchas, f\u00f3runs sobre desaparecimento e eventos de m\u00e3es de desaparecidos em v\u00e1rios estados do pa\u00eds.<\/p>\n<p dir=\"ltr\">\u201cFizemos uma divulga\u00e7\u00e3o massiva para que as fam\u00edlias pudessem conhecer o projeto e, caso tivessem interesse ou a suspeita de terem reconhecido alguma pe\u00e7a no cat\u00e1logo, pudessem preencher o formul\u00e1rio\u201d, disse \u00e0\u00a0<strong>LJR<\/strong> a jornalista independente Neldy San Mart\u00edn, integrante da equipe de \u201cLas prendas hablan\u201d. \u201cA partir dessas respostas que obtivemos, acompanhamos as hist\u00f3rias e entrevistamos as fam\u00edlias.\u201d<\/p>\n<div id=\"attachment_163630\" style=\"width: 460px\" class=\"wp-caption alignright\"><img loading=\"lazy\" decoding=\"async\" aria-describedby=\"caption-attachment-163630\" class=\"wpa-warning wpa-long-alt wp-image-163630 \" src=\"https:\/\/latamjournalismreview.org\/wp-content\/uploads\/2026\/03\/Patricia-Prendas.jpg\" alt=\"Patricia Sotelo, the mother of a missing person, gives an interview to the media outside a suspected forced recruitment center run by a drug cartel in Jalisco, Mexico. (Photo: \" width=\"450\" height=\"251\" data-warning=\"Long alt text\" srcset=\"https:\/\/latamjournalismreview.org\/wp-content\/uploads\/2026\/03\/Patricia-Prendas.jpg 1600w, https:\/\/latamjournalismreview.org\/wp-content\/uploads\/2026\/03\/Patricia-Prendas-300x167.jpg 300w, https:\/\/latamjournalismreview.org\/wp-content\/uploads\/2026\/03\/Patricia-Prendas-1024x572.jpg 1024w, https:\/\/latamjournalismreview.org\/wp-content\/uploads\/2026\/03\/Patricia-Prendas-768x429.jpg 768w, https:\/\/latamjournalismreview.org\/wp-content\/uploads\/2026\/03\/Patricia-Prendas-1536x857.jpg 1536w\" sizes=\"auto, (max-width: 450px) 100vw, 450px\" \/><p id=\"caption-attachment-163630\" class=\"wp-caption-text\">Patricia Sotelo \u00e9 uma das m\u00e3es que procuram seus filhos desaparecidos e cuja hist\u00f3ria \u00e9 contada nas reportagens. (Foto: Sharenii Guzm\u00e1n)<\/p><\/div>\n<p dir=\"ltr\">At\u00e9 25 de fevereiro deste ano, o cat\u00e1logo de \u201cLas prendas hablan\u201d havia registrado quase 8 mil visitas e cerca de 60 mil buscas por pe\u00e7as. O n\u00famero de itens no cat\u00e1logo foi aumentando at\u00e9 chegar a quase 1.300 pe\u00e7as,\u00a0<a href=\"https:\/\/www.zonadocs.mx\/2026\/03\/03\/las-prendas-hablan-las-familias-exigen-respuestas-a-un-ano-del-hallazgo-del-rancho-izaguirre\/\" target=\"_blank\" rel=\"noopener noreferrer\"><u>de acordo com o site do projeto<\/u><\/a>.<\/p>\n<p dir=\"ltr\">A ideia de investigar essas hist\u00f3rias, disse Franco, era verificar se o governo realmente estava acompanhando o achado das roupas e se permitiria que, por meio desses objetos, as fam\u00edlias pudessem descobrir o paradeiro de seus parentes desaparecidos.<\/p>\n<p dir=\"ltr\">No entanto, o que encontraram foi muito diferente. Do projeto resultaram sete reportagens com hist\u00f3rias de jovens que supostamente foram v\u00edtimas de recrutamento for\u00e7ado por parte do crime organizado, por meio de falsas ofertas de trabalho, disse San Mart\u00edn. E, em nenhum dos casos, as fam\u00edlias contaram com a coopera\u00e7\u00e3o das autoridades, acrescentou.<\/p>\n<p dir=\"ltr\">\u201cLas prendas hablan\u201d revelou um diagn\u00f3stico mais amplo sobre o papel das autoridades nesses casos: a presta\u00e7\u00e3o de contas falhou e houve um abandono sistem\u00e1tico das institui\u00e7\u00f5es em rela\u00e7\u00e3o \u00e0s fam\u00edlias, disse San Mart\u00edn.<\/p>\n<p dir=\"ltr\">\u201cEssas fam\u00edlias, em todos os casos, disseram \u2018reconhe\u00e7o uma ou v\u00e1rias pe\u00e7as\u2019. No entanto, as autoridades lhes colocavam obst\u00e1culos\u201d, disse San Mart\u00edn. \u201cCome\u00e7amos a identificar um monte de falhas e omiss\u00f5es por parte das autoridades e tamb\u00e9m muita indiferen\u00e7a. As autoridades n\u00e3o estavam dando aten\u00e7\u00e3o \u00e0s demandas das fam\u00edlias.\u201d<\/p>\n<p dir=\"ltr\"><a href=\"https:\/\/adondevanlosdesaparecidos.org\/2026\/03\/03\/tiene-una-foto-de-su-hijo-con-la-misma-ropa-la-pregunta-de-la-fiscalia-de-jalisco-a-las-madres-buscadoras\/\" target=\"_blank\" rel=\"noopener noreferrer\"><u>Uma das reportagens<\/u><\/a> narra como Carmen Luc\u00eda Carrillo, m\u00e3e do jovem desaparecido Daniel Alberto Velasco, identificou no cat\u00e1logo uma cal\u00e7a preta e um boxer da mesma cor que acredita pertencerem a seu filho, al\u00e9m de uma carteira que reconheceu em transmiss\u00f5es do coletivo de fam\u00edlias de desaparecidos no Facebook. Carrillo contou aos jornalistas que funcion\u00e1rios da Promotoria de Jalisco pediram uma foto de seu filho usando essas pe\u00e7as para permitir que ela tivesse acesso a elas. A m\u00e3e respondeu que n\u00e3o possu\u00eda a foto.<\/p>\n<p dir=\"ltr\"><a href=\"https:\/\/adondevanlosdesaparecidos.org\/2026\/03\/05\/la-desaparicion-de-merari-noemi-cero-avances-en-la-investigacion-tras-ser-victima-de-reclutamiento-forzado\/\" target=\"_blank\" rel=\"noopener noreferrer\"><u>Outra reportagem<\/u><\/a> conta o caso de Rub\u00ed Garc\u00eda, que encontrou no cat\u00e1logo uma mala e um par de t\u00eanis que aparentemente pertencem \u00e0 sua irm\u00e3 Merari Garc\u00eda, desaparecida em maio de 2024. Diferentemente do caso anterior, sua fam\u00edlia tinha fotos da jovem com essas pe\u00e7as, mas, ainda assim, n\u00e3o lhes foi permitido ver os objetos.<\/p>\n<p dir=\"ltr\">Para a equipe, o projeto tamb\u00e9m trouxe uma li\u00e7\u00e3o sobre o papel do jornalismo diante desse vazio institucional.<\/p>\n<p dir=\"ltr\">\u201cDo ponto de vista jornal\u00edstico, acredito que sua principal contribui\u00e7\u00e3o, al\u00e9m de expor todas essas omiss\u00f5es sistem\u00e1ticas, foi mostrar um padr\u00e3o que j\u00e1 sofremos h\u00e1 v\u00e1rios anos neste pa\u00eds: o de que as autoridades n\u00e3o d\u00e3o acompanhamento nem respostas \u00e0s fam\u00edlias de pessoas desaparecidas\u201d, disse San Mart\u00edn.<\/p>\n<p dir=\"ltr\">O M\u00e9xico enfrenta\u00a0<a href=\"https:\/\/www.es.amnesty.org\/en-que-estamos\/blog\/historia\/articulo\/desapariciones-forzadas-quien-sabe-donde-en-mexico\/\" target=\"_blank\" rel=\"noopener noreferrer\"><u>uma crise cont\u00ednua de desaparecimentos de pessoas<\/u><\/a>, agravada nas \u00faltimas d\u00e9cadas em um contexto de viol\u00eancia ligada ao crime organizado, de acordo com a Anistia Internacional. O Registro Nacional de Pessoas Desaparecidas e N\u00e3o Localizadas do pa\u00eds contabiliza oficialmente mais de 100 mil pessoas desaparecidas. Organiza\u00e7\u00f5es t\u00eam documentado\u00a0<a href=\"https:\/\/politica.expansion.mx\/mexico\/2025\/09\/12\/crisis-forense-en-mexico-buscar-a-desaparecidos-en-fosas\" target=\"_blank\" rel=\"noopener noreferrer\"><u>falhas estruturais<\/u><\/a> nas investiga\u00e7\u00f5es, na identifica\u00e7\u00e3o forense e no atendimento \u00e0s v\u00edtimas, o que contribui para altos n\u00edveis de impunidade e incerteza para milhares de pessoas no pa\u00eds.<\/p>\n<p dir=\"ltr\">San Mart\u00edn acrescentou que, um ano ap\u00f3s as descobertas no Rancho Izaguirre, as autoridades ainda n\u00e3o deram \u00e0s fam\u00edlias que identificaram pe\u00e7as nenhum tipo de confirma\u00e7\u00e3o ou descarte de que os restos \u00f3sseos encontrados correspondem a seus parentes desaparecidos.<\/p>\n<p dir=\"ltr\">No ano passado, a presidente Claudia Sheinbaum i<a href=\"https:\/\/www.milenio.com\/politica\/sheinbaum-urge-a-fgr-tomar-investigacion-de-rancho-izaguirre\" target=\"_blank\" rel=\"noopener noreferrer\"><u>nstou a FGR a assumir a investiga\u00e7\u00e3o<\/u><\/a>, que, segundo ela, apresentava \u201cmuitos problemas\u201d. Um ano depois, em 5 de mar\u00e7o de 2026,\u00a0<a href=\"https:\/\/gabinetedeseguridad.gob.mx\/contenido\/7996\/fgr-informa\" target=\"_blank\" rel=\"noopener noreferrer\"><u>a FGR informou<\/u><\/a> que a an\u00e1lise gen\u00e9tica dos restos \u00f3sseos n\u00e3o havia produzido um \u201cresultado conclusivo que permitisse sua identifica\u00e7\u00e3o\u201d.<\/p>\n<p dir=\"ltr\">Coletivos como os Guerreros Buscadores de Jalisco afirmaram que, no Rancho Izaguirre, tamb\u00e9m encontraram outros ind\u00edcios, como restos carbonizados e supostos fornos improvisados, o que indicaria que\u00a0<a href=\"https:\/\/www.elimparcial.com\/mexico\/2026\/01\/01\/denuncian-existencia-de-campos-de-exterminio-imagenes-y-acontecimientos-del-2025\/?utm_source=chatgpt.com#google_vignette\" target=\"_blank\" rel=\"noopener noreferrer\"><u>o local funcionava possivelmente como um campo de exterm\u00ednio<\/u><\/a> de um cartel. No entanto, a FGR rejeitou essa vers\u00e3o por falta de evid\u00eancias conclusivas.<\/p>\n<p dir=\"ltr\">\u201cAs fam\u00edlias que identificaram pe\u00e7as n\u00e3o querem que lhes digam que sua filha ou filho esteve l\u00e1, querem que lhes digam que n\u00e3o esteve\u201d, disse San Mart\u00edn. \u201cMas nada disso aconteceu, ou seja, a incerteza continua ap\u00f3s um ano. [...] O tema foi esquecido e tentaram simplesmente encerrar o caso.\u201d<\/p>\n<blockquote class=\"twitter-tweet\">\n<p dir=\"ltr\" lang=\"es\">En el rancho Izaguirre se localizaron m\u00e1s de 1,800 prendas.<br \/>\nAnte la falta de claridad oficial se cre\u00f3 un cat\u00e1logo p\u00fablico que ha sido visitado 59,361 veces.<\/p>\n<p>Las familias buscadoras han reconocido algunas prendas, conoce m\u00e1s en <a href=\"https:\/\/twitter.com\/hashtag\/LasPrendasHablan?src=hash&amp;ref_src=twsrc%5Etfw\">#LasPrendasHablan<\/a>, un proyecto de <a href=\"https:\/\/twitter.com\/Pajaropolitico?ref_src=twsrc%5Etfw\">@pajaropolitico<\/a>,\u2026 <a href=\"https:\/\/t.co\/iFLSDGoxdE\">pic.twitter.com\/iFLSDGoxdE<\/a><\/p>\n<p>\u2014 Animal Pol\u00edtico (@Pajaropolitico) <a href=\"https:\/\/twitter.com\/Pajaropolitico\/status\/2029648146821759461?ref_src=twsrc%5Etfw\">March 5, 2026<\/a><\/p><\/blockquote>\n<p><script async src=\"https:\/\/platform.twitter.com\/widgets.js\" charset=\"utf-8\"><\/script><\/p>\n<h3 dir=\"ltr\">Opacidade e viol\u00eancia<\/h3>\n<p dir=\"ltr\">No ano que se passou, no M\u00e9xico, alguns acontecimentos, direta ou indiretamente, complicaram o trabalho jornal\u00edstico de \u201cLas prendas hablan\u201d.<\/p>\n<p dir=\"ltr\">A opacidade encontrada pelos rep\u00f3rteres nas autoridades se complicou com o desmantelamento do\u00a0<a href=\"https:\/\/latamjournalismreview.org\/pt-br\/articles\/nova-geracao-de-jornalistas-de-dados-aprende-a-contornar-os-desafios-do-acesso-a-informacao-no-mexico\/\" target=\"_blank\" rel=\"noopener noreferrer\"><u>Instituto Nacional de Acesso \u00e0 Informa\u00e7\u00e3o<\/u><\/a> (INAI), o \u00f3rg\u00e3o aut\u00f4nomo respons\u00e1vel por garantir o direito de acesso a dados p\u00fablicos no M\u00e9xico.<\/p>\n<p dir=\"ltr\">A equipe enviou dezenas de pedidos de informa\u00e7\u00e3o, mas as autoridades os rejeitaram sob o argumento de que os dados faziam parte de uma investiga\u00e7\u00e3o judicial em andamento, disse San Mart\u00edn. O grupo considera que as informa\u00e7\u00f5es solicitadas, que inclu\u00edam o n\u00famero total de pe\u00e7as encontradas e dados sobre a cadeia de cust\u00f3dia durante o traslado para a sede da FGR na Cidade do M\u00e9xico, s\u00e3o informa\u00e7\u00f5es que as autoridades eram obrigadas por lei a tornar transparentes, afirmou San Mart\u00edn.<\/p>\n<p dir=\"ltr\">A jornalista acrescentou que os escrit\u00f3rios governamentais os remetiam de uma autoridade para outra, e todas acabavam se eximindo de fornecer a informa\u00e7\u00e3o. Al\u00e9m disso, os \u00f3rg\u00e3os tamb\u00e9m negaram pedidos de entrevistas com funcion\u00e1rios.<\/p>\n<p dir=\"ltr\">\u201cCom o INAI n\u00e3o existindo mais, fica complicado insistir ou exigir que te forne\u00e7am uma informa\u00e7\u00e3o, porque, no fim, [agora] \u00e9 a pr\u00f3pria Secretaria Anticorrup\u00e7\u00e3o do governo que decide se entrega ou n\u00e3o uma informa\u00e7\u00e3o\u201d, disse San Mart\u00edn. \u201cAntes era muito mais f\u00e1cil, porque t\u00ednhamos um INAI que dizia: \u2018Promotoria, entregue a informa\u00e7\u00e3o. \u00c9 um direito\u2019.\u201d<\/p>\n<p dir=\"ltr\">Desde a descoberta do rancho, a viol\u00eancia aumentou\u00a0<a href=\"https:\/\/www.milenio.com\/opinion\/leonardo-schwebel\/ahi-les-voy\/jalisco-2025-danos-y-recuento\" target=\"_blank\" rel=\"noopener noreferrer\"><u>em v\u00e1rios estados mexicanos, incluindo Jalisco<\/u><\/a>. A morte, em fevereiro de 2026, do l\u00edder do C\u00e1rtel Jalisco Nueva Generaci\u00f3n (CJNG), o grupo criminoso predominante nessa regi\u00e3o, provocou uma onda de viol\u00eancia que\u00a0<a href=\"https:\/\/www.swissinfo.ch\/spa\/colectivos-de-b%C3%BAsqueda-de-desaparecidos-frenan-sus-tareas-por-la-inseguridad-en-jalisco\/91095092\" target=\"_blank\" rel=\"noopener noreferrer\"><u>obrigou os coletivos de busca a suspender suas atividades<\/u><\/a>. San Mart\u00edn afirmou que, embora o fato tenha ocorrido na etapa final do projeto \u201cLas prendas hablan\u201d, as fontes e a equipe chegaram a sentir medo devido ao contexto geral de viol\u00eancia.<\/p>\n<p dir=\"ltr\">Al\u00e9m disso, a jornalista disse que, embora muitas pessoas tenham consultado o cat\u00e1logo de pe\u00e7as, pouqu\u00edssimas se dispuseram a compartilhar suas hist\u00f3rias. A equipe tamb\u00e9m atribui isso ao medo.<\/p>\n<p dir=\"ltr\">Diante dos obst\u00e1culos e do vazio de informa\u00e7\u00e3o oficial, o trabalho dos jornalistas com as fam\u00edlias e coletivos de busca foi crucial, concordaram Franco e San Mart\u00edn.<\/p>\n<p dir=\"ltr\">\u201cComo as autoridades n\u00e3o deram uma explica\u00e7\u00e3o p\u00fablica e detalhada do que aconteceu, o que sabemos, na maior parte, vem dos coletivos, que nos t\u00eam fornecido informa\u00e7\u00f5es porque participaram das audi\u00eancias [sobre o caso]\u201d, disse San Mart\u00edn. \u201cQuando h\u00e1 tanto horror em um pa\u00eds, as redes, o trabalho colaborativo e o acompanhamento aos coletivos e \u00e0s fam\u00edlias acabam sendo o que realmente nos salva.\u201d<\/p>\n<p>&nbsp;<\/p>\n","protected":false},"excerpt":{"rendered":"<p>\u201cLas prendas hablan\u201d, um projeto desenvolvido por jornalistas e programadores no M\u00e9xico, transformou imagens de roupas abandonadas em um cat\u00e1logo de busca para fam\u00edlias e em um registro de quest\u00f5es ignoradas pela justi\u00e7a.<\/p>\n","protected":false},"author":19,"featured_media":163625,"comment_status":"closed","ping_status":"closed","sticky":false,"template":"","format":"standard","meta":{"inline_featured_image":false,"footnotes":""},"categories":[1217],"tags":[1563,1593,1394],"coauthors":[2753],"class_list":["post-163789","post","type-post","status-publish","format-standard","has-post-thumbnail","hentry","category-inovacao-pt-br","tag-colaboracao-pt-br","tag-jornalismo-online-pt-br","tag-mexico-pt-br"],"acf":[],"yoast_head":"<!-- This site is optimized with the Yoast SEO Premium plugin v22.6 (Yoast SEO v27.4) - https:\/\/yoast.com\/product\/yoast-seo-premium-wordpress\/ -->\n<title>De bon\u00e9s a sapatos, roupas abandonadas em um acampamento do narcotr\u00e1fico se transformam em pistas sobre desaparecidos - LatAm Journalism Review by the Knight Center<\/title>\n<meta name=\"description\" content=\"De bon\u00e9s a sapatos, roupas abandonadas em um acampamento do narcotr\u00e1fico se transformam em pistas sobre desaparecidos . Latin American Journalism Review by The Knight Center at The University of Texas at Austin.\" \/>\n<meta name=\"robots\" content=\"index, follow, max-snippet:-1, max-image-preview:large, max-video-preview:-1\" \/>\n<link rel=\"canonical\" href=\"https:\/\/latamjournalismreview.org\/pt-br\/articles\/de-bones-a-sapatos-roupas-abandonadas-em-um-acampamento-do-narcotrafico-se-transformam-em-pistas-sobre-desaparecidos\/\" \/>\n<meta property=\"og:locale\" content=\"pt_BR\" \/>\n<meta property=\"og:type\" content=\"article\" \/>\n<meta property=\"og:title\" content=\"De bon\u00e9s a sapatos, roupas abandonadas em um acampamento do narcotr\u00e1fico se transformam em pistas sobre desaparecidos\" \/>\n<meta property=\"og:description\" content=\"De bon\u00e9s a sapatos, roupas abandonadas em um acampamento do narcotr\u00e1fico se transformam em pistas sobre desaparecidos . Latin American Journalism Review by The Knight Center at The University of Texas at Austin.\" \/>\n<meta property=\"og:url\" content=\"https:\/\/latamjournalismreview.org\/pt-br\/articles\/de-bones-a-sapatos-roupas-abandonadas-em-um-acampamento-do-narcotrafico-se-transformam-em-pistas-sobre-desaparecidos\/\" \/>\n<meta property=\"og:site_name\" content=\"LatAm Journalism Review by the Knight Center\" \/>\n<meta property=\"article:published_time\" content=\"2026-03-20T18:33:34+00:00\" \/>\n<meta property=\"og:image\" content=\"https:\/\/latamjournalismreview.org\/wp-content\/uploads\/2026\/03\/FEATURED-Prendas-Hablan.png\" \/>\n\t<meta property=\"og:image:width\" content=\"507\" \/>\n\t<meta property=\"og:image:height\" content=\"340\" \/>\n\t<meta property=\"og:image:type\" content=\"image\/png\" \/>\n<meta name=\"author\" content=\"C\u00e9sar L\u00f3pez Linares\" \/>\n<meta name=\"twitter:card\" content=\"summary_large_image\" \/>\n<meta name=\"twitter:creator\" content=\"@cesarisch\" \/>\n<meta name=\"twitter:site\" content=\"@LatAmJournalism\" \/>\n<meta name=\"twitter:label1\" content=\"Written by\" \/>\n\t<meta name=\"twitter:data1\" content=\"C\u00e9sar L\u00f3pez Linares\" \/>\n\t<meta name=\"twitter:label2\" content=\"Est. reading time\" \/>\n\t<meta name=\"twitter:data2\" content=\"10 minutos\" \/>\n<script type=\"application\/ld+json\" class=\"yoast-schema-graph\">{\"@context\":\"https:\\\/\\\/schema.org\",\"@graph\":[{\"@type\":\"Article\",\"@id\":\"https:\\\/\\\/latamjournalismreview.org\\\/pt-br\\\/articles\\\/de-bones-a-sapatos-roupas-abandonadas-em-um-acampamento-do-narcotrafico-se-transformam-em-pistas-sobre-desaparecidos\\\/#article\",\"isPartOf\":{\"@id\":\"https:\\\/\\\/latamjournalismreview.org\\\/pt-br\\\/articles\\\/de-bones-a-sapatos-roupas-abandonadas-em-um-acampamento-do-narcotrafico-se-transformam-em-pistas-sobre-desaparecidos\\\/\"},\"author\":{\"name\":\"C\u00e9sar L\u00f3pez Linares\",\"@id\":\"https:\\\/\\\/latamjournalismreview.org\\\/pt-br\\\/#\\\/schema\\\/person\\\/dcf6dcdd6226ac8d939e2796645d17c6\"},\"headline\":\"De bon\u00e9s a sapatos, roupas abandonadas em um acampamento do narcotr\u00e1fico se transformam em pistas sobre desaparecidos\",\"datePublished\":\"2026-03-20T18:33:34+00:00\",\"mainEntityOfPage\":{\"@id\":\"https:\\\/\\\/latamjournalismreview.org\\\/pt-br\\\/articles\\\/de-bones-a-sapatos-roupas-abandonadas-em-um-acampamento-do-narcotrafico-se-transformam-em-pistas-sobre-desaparecidos\\\/\"},\"wordCount\":2192,\"publisher\":{\"@id\":\"https:\\\/\\\/latamjournalismreview.org\\\/pt-br\\\/#organization\"},\"image\":{\"@id\":\"https:\\\/\\\/latamjournalismreview.org\\\/pt-br\\\/articles\\\/de-bones-a-sapatos-roupas-abandonadas-em-um-acampamento-do-narcotrafico-se-transformam-em-pistas-sobre-desaparecidos\\\/#primaryimage\"},\"thumbnailUrl\":\"https:\\\/\\\/latamjournalismreview.org\\\/wp-content\\\/uploads\\\/2026\\\/03\\\/FEATURED-Prendas-Hablan.png\",\"keywords\":[\"Colabora\u00e7\u00e3o\",\"Jornalismo online\",\"M\u00e9xico\"],\"articleSection\":[\"Inova\u00e7\u00e3o\"],\"inLanguage\":\"pt-BR\"},{\"@type\":\"WebPage\",\"@id\":\"https:\\\/\\\/latamjournalismreview.org\\\/pt-br\\\/articles\\\/de-bones-a-sapatos-roupas-abandonadas-em-um-acampamento-do-narcotrafico-se-transformam-em-pistas-sobre-desaparecidos\\\/\",\"url\":\"https:\\\/\\\/latamjournalismreview.org\\\/pt-br\\\/articles\\\/de-bones-a-sapatos-roupas-abandonadas-em-um-acampamento-do-narcotrafico-se-transformam-em-pistas-sobre-desaparecidos\\\/\",\"name\":\"De bon\u00e9s a sapatos, roupas abandonadas em um acampamento do narcotr\u00e1fico se transformam em pistas sobre desaparecidos - LatAm Journalism Review by the Knight Center\",\"isPartOf\":{\"@id\":\"https:\\\/\\\/latamjournalismreview.org\\\/pt-br\\\/#website\"},\"primaryImageOfPage\":{\"@id\":\"https:\\\/\\\/latamjournalismreview.org\\\/pt-br\\\/articles\\\/de-bones-a-sapatos-roupas-abandonadas-em-um-acampamento-do-narcotrafico-se-transformam-em-pistas-sobre-desaparecidos\\\/#primaryimage\"},\"image\":{\"@id\":\"https:\\\/\\\/latamjournalismreview.org\\\/pt-br\\\/articles\\\/de-bones-a-sapatos-roupas-abandonadas-em-um-acampamento-do-narcotrafico-se-transformam-em-pistas-sobre-desaparecidos\\\/#primaryimage\"},\"thumbnailUrl\":\"https:\\\/\\\/latamjournalismreview.org\\\/wp-content\\\/uploads\\\/2026\\\/03\\\/FEATURED-Prendas-Hablan.png\",\"datePublished\":\"2026-03-20T18:33:34+00:00\",\"description\":\"De bon\u00e9s a sapatos, roupas abandonadas em um acampamento do narcotr\u00e1fico se transformam em pistas sobre desaparecidos . Latin American Journalism Review by The Knight Center at The University of Texas at Austin.\",\"breadcrumb\":{\"@id\":\"https:\\\/\\\/latamjournalismreview.org\\\/pt-br\\\/articles\\\/de-bones-a-sapatos-roupas-abandonadas-em-um-acampamento-do-narcotrafico-se-transformam-em-pistas-sobre-desaparecidos\\\/#breadcrumb\"},\"inLanguage\":\"pt-BR\",\"potentialAction\":[{\"@type\":\"ReadAction\",\"target\":[\"https:\\\/\\\/latamjournalismreview.org\\\/pt-br\\\/articles\\\/de-bones-a-sapatos-roupas-abandonadas-em-um-acampamento-do-narcotrafico-se-transformam-em-pistas-sobre-desaparecidos\\\/\"]}]},{\"@type\":\"ImageObject\",\"inLanguage\":\"pt-BR\",\"@id\":\"https:\\\/\\\/latamjournalismreview.org\\\/pt-br\\\/articles\\\/de-bones-a-sapatos-roupas-abandonadas-em-um-acampamento-do-narcotrafico-se-transformam-em-pistas-sobre-desaparecidos\\\/#primaryimage\",\"url\":\"https:\\\/\\\/latamjournalismreview.org\\\/wp-content\\\/uploads\\\/2026\\\/03\\\/FEATURED-Prendas-Hablan.png\",\"contentUrl\":\"https:\\\/\\\/latamjournalismreview.org\\\/wp-content\\\/uploads\\\/2026\\\/03\\\/FEATURED-Prendas-Hablan.png\",\"width\":507,\"height\":340,\"caption\":\"Illustration depicting pieces of clothes and other evidence items of a criminal case. (Photo: Graphics by Sara Hern\u00e1ndez Alc\u00e1ntar, Mickey, Ad\u00e1n Vega and Andrea Paredes)\"},{\"@type\":\"BreadcrumbList\",\"@id\":\"https:\\\/\\\/latamjournalismreview.org\\\/pt-br\\\/articles\\\/de-bones-a-sapatos-roupas-abandonadas-em-um-acampamento-do-narcotrafico-se-transformam-em-pistas-sobre-desaparecidos\\\/#breadcrumb\",\"itemListElement\":[{\"@type\":\"ListItem\",\"position\":1,\"name\":\"Home\",\"item\":\"https:\\\/\\\/latamjournalismreview.org\\\/pt-br\\\/\"},{\"@type\":\"ListItem\",\"position\":2,\"name\":\"De bon\u00e9s a sapatos, roupas abandonadas em um acampamento do narcotr\u00e1fico se transformam em pistas sobre desaparecidos\"}]},{\"@type\":\"WebSite\",\"@id\":\"https:\\\/\\\/latamjournalismreview.org\\\/pt-br\\\/#website\",\"url\":\"https:\\\/\\\/latamjournalismreview.org\\\/pt-br\\\/\",\"name\":\"LatAm Journalism Review\",\"description\":\"Digital magazine on journalism in Latin America\",\"publisher\":{\"@id\":\"https:\\\/\\\/latamjournalismreview.org\\\/pt-br\\\/#organization\"},\"potentialAction\":[{\"@type\":\"SearchAction\",\"target\":{\"@type\":\"EntryPoint\",\"urlTemplate\":\"https:\\\/\\\/latamjournalismreview.org\\\/pt-br\\\/?s={search_term_string}\"},\"query-input\":{\"@type\":\"PropertyValueSpecification\",\"valueRequired\":true,\"valueName\":\"search_term_string\"}}],\"inLanguage\":\"pt-BR\"},{\"@type\":\"Organization\",\"@id\":\"https:\\\/\\\/latamjournalismreview.org\\\/pt-br\\\/#organization\",\"name\":\"LatAm Journalism Review\",\"url\":\"https:\\\/\\\/latamjournalismreview.org\\\/pt-br\\\/\",\"logo\":{\"@type\":\"ImageObject\",\"inLanguage\":\"pt-BR\",\"@id\":\"https:\\\/\\\/latamjournalismreview.org\\\/pt-br\\\/#\\\/schema\\\/logo\\\/image\\\/\",\"url\":\"https:\\\/\\\/latamjournalismreview.org\\\/wp-content\\\/uploads\\\/2020\\\/05\\\/knight-latAm-review-logo.svg\",\"contentUrl\":\"https:\\\/\\\/latamjournalismreview.org\\\/wp-content\\\/uploads\\\/2020\\\/05\\\/knight-latAm-review-logo.svg\",\"width\":\"1024\",\"height\":\"1024\",\"caption\":\"LatAm Journalism Review\"},\"image\":{\"@id\":\"https:\\\/\\\/latamjournalismreview.org\\\/pt-br\\\/#\\\/schema\\\/logo\\\/image\\\/\"},\"sameAs\":[\"https:\\\/\\\/x.com\\\/LatAmJournalism\"]},{\"@type\":\"Person\",\"@id\":\"https:\\\/\\\/latamjournalismreview.org\\\/pt-br\\\/#\\\/schema\\\/person\\\/dcf6dcdd6226ac8d939e2796645d17c6\",\"name\":\"C\u00e9sar L\u00f3pez Linares\",\"description\":\"C\u00e9sar L\u00f3pez Linares began his career at the Mexican newspaper REFORMA as an entertainment and media co-editor. He has written for publications such as TODO Austin, Texas Music Magazine and The Austin Chronicle. C\u00e9sar has a Master's degree in Journalism from the University of Texas at Austin and a Bachelors degree in Communication from the National Autonomous University of Mexico. He previously wrote about innovation in journalism for the Gabo Foundation in Colombia and currently reports for the Knight Center's LatAmJournalism Review digital magazine. A native of Mexico City, C\u00e9sar has become a digital nomad combining content creation with his passion for travel. ________ C\u00e9sar L\u00f3pez Linares inici\u00f3 su carrera en el diario mexicano REFORMA como coeditor de entretenimiento y medios. Ha escrito para publicaciones como TODO Austin, Texas Music Magazine y The Austin Chronicle. C\u00e9sar tiene una Maestr\u00eda en Periodismo de la Universidad de Texas en Austin y una Licenciatura en Comunicaci\u00f3n de la Universidad Nacional Aut\u00f3noma de M\u00e9xico. Previamente escribi\u00f3 sobre innovaci\u00f3n en periodismo para la Fundaci\u00f3n Gabo en Colombia y actualmente escribe para la revista digital LatAmJournalism Review del Centro Knight. Originario de la Ciudad de M\u00e9xico, C\u00e9sar se ha convertido en un n\u00f3mada digital que combina la creaci\u00f3n de contenido con su pasi\u00f3n por viajar. _________ C\u00e9sar L\u00f3pez Linares come\u00e7ou sua carreira no jornal mexicano REFORMA como coeditor de entretenimento e m\u00eddia. Ele escreveu para publica\u00e7\u00f5es como TODO Austin, Texas Music Magazine e The Austin Chronicle. C\u00e9sar tem mestrado em jornalismo pela University of Texas em Austin e \u00e9 bacharel em comunica\u00e7\u00e3o pela Universidad Nacional Aut\u00f3noma de M\u00e9xico. Antes disso, ele escreveu sobre inova\u00e7\u00e3o no jornalismo para a Funda\u00e7\u00e3o Gabo na Col\u00f4mbia. Atualmente escreve para a revista digital LatAmJournalism Review do Centro Knight. Nascido na Cidade do M\u00e9xico, C\u00e9sar se tornou um n\u00f4made digital combinando a cria\u00e7\u00e3o de conte\u00fado com sua paix\u00e3o por viagens.\",\"sameAs\":[\"https:\\\/\\\/x.com\\\/cesarisch\"],\"url\":\"https:\\\/\\\/latamjournalismreview.org\\\/pt-br\\\/articles\\\/author\\\/cesar-lopez-linares\\\/\"}]}<\/script>\n<!-- \/ Yoast SEO Premium plugin. -->","yoast_head_json":{"title":"De bon\u00e9s a sapatos, roupas abandonadas em um acampamento do narcotr\u00e1fico se transformam em pistas sobre desaparecidos - LatAm Journalism Review by the Knight Center","description":"De bon\u00e9s a sapatos, roupas abandonadas em um acampamento do narcotr\u00e1fico se transformam em pistas sobre desaparecidos . Latin American Journalism Review by The Knight Center at The University of Texas at Austin.","robots":{"index":"index","follow":"follow","max-snippet":"max-snippet:-1","max-image-preview":"max-image-preview:large","max-video-preview":"max-video-preview:-1"},"canonical":"https:\/\/latamjournalismreview.org\/pt-br\/articles\/de-bones-a-sapatos-roupas-abandonadas-em-um-acampamento-do-narcotrafico-se-transformam-em-pistas-sobre-desaparecidos\/","og_locale":"pt_BR","og_type":"article","og_title":"De bon\u00e9s a sapatos, roupas abandonadas em um acampamento do narcotr\u00e1fico se transformam em pistas sobre desaparecidos","og_description":"De bon\u00e9s a sapatos, roupas abandonadas em um acampamento do narcotr\u00e1fico se transformam em pistas sobre desaparecidos . Latin American Journalism Review by The Knight Center at The University of Texas at Austin.","og_url":"https:\/\/latamjournalismreview.org\/pt-br\/articles\/de-bones-a-sapatos-roupas-abandonadas-em-um-acampamento-do-narcotrafico-se-transformam-em-pistas-sobre-desaparecidos\/","og_site_name":"LatAm Journalism Review by the Knight Center","article_published_time":"2026-03-20T18:33:34+00:00","og_image":[{"width":507,"height":340,"url":"https:\/\/latamjournalismreview.org\/wp-content\/uploads\/2026\/03\/FEATURED-Prendas-Hablan.png","type":"image\/png"}],"author":"C\u00e9sar L\u00f3pez Linares","twitter_card":"summary_large_image","twitter_creator":"@cesarisch","twitter_site":"@LatAmJournalism","twitter_misc":{"Written by":"C\u00e9sar L\u00f3pez Linares","Est. reading time":"10 minutos"},"schema":{"@context":"https:\/\/schema.org","@graph":[{"@type":"Article","@id":"https:\/\/latamjournalismreview.org\/pt-br\/articles\/de-bones-a-sapatos-roupas-abandonadas-em-um-acampamento-do-narcotrafico-se-transformam-em-pistas-sobre-desaparecidos\/#article","isPartOf":{"@id":"https:\/\/latamjournalismreview.org\/pt-br\/articles\/de-bones-a-sapatos-roupas-abandonadas-em-um-acampamento-do-narcotrafico-se-transformam-em-pistas-sobre-desaparecidos\/"},"author":{"name":"C\u00e9sar L\u00f3pez Linares","@id":"https:\/\/latamjournalismreview.org\/pt-br\/#\/schema\/person\/dcf6dcdd6226ac8d939e2796645d17c6"},"headline":"De bon\u00e9s a sapatos, roupas abandonadas em um acampamento do narcotr\u00e1fico se transformam em pistas sobre desaparecidos","datePublished":"2026-03-20T18:33:34+00:00","mainEntityOfPage":{"@id":"https:\/\/latamjournalismreview.org\/pt-br\/articles\/de-bones-a-sapatos-roupas-abandonadas-em-um-acampamento-do-narcotrafico-se-transformam-em-pistas-sobre-desaparecidos\/"},"wordCount":2192,"publisher":{"@id":"https:\/\/latamjournalismreview.org\/pt-br\/#organization"},"image":{"@id":"https:\/\/latamjournalismreview.org\/pt-br\/articles\/de-bones-a-sapatos-roupas-abandonadas-em-um-acampamento-do-narcotrafico-se-transformam-em-pistas-sobre-desaparecidos\/#primaryimage"},"thumbnailUrl":"https:\/\/latamjournalismreview.org\/wp-content\/uploads\/2026\/03\/FEATURED-Prendas-Hablan.png","keywords":["Colabora\u00e7\u00e3o","Jornalismo online","M\u00e9xico"],"articleSection":["Inova\u00e7\u00e3o"],"inLanguage":"pt-BR"},{"@type":"WebPage","@id":"https:\/\/latamjournalismreview.org\/pt-br\/articles\/de-bones-a-sapatos-roupas-abandonadas-em-um-acampamento-do-narcotrafico-se-transformam-em-pistas-sobre-desaparecidos\/","url":"https:\/\/latamjournalismreview.org\/pt-br\/articles\/de-bones-a-sapatos-roupas-abandonadas-em-um-acampamento-do-narcotrafico-se-transformam-em-pistas-sobre-desaparecidos\/","name":"De bon\u00e9s a sapatos, roupas abandonadas em um acampamento do narcotr\u00e1fico se transformam em pistas sobre desaparecidos - LatAm Journalism Review by the Knight Center","isPartOf":{"@id":"https:\/\/latamjournalismreview.org\/pt-br\/#website"},"primaryImageOfPage":{"@id":"https:\/\/latamjournalismreview.org\/pt-br\/articles\/de-bones-a-sapatos-roupas-abandonadas-em-um-acampamento-do-narcotrafico-se-transformam-em-pistas-sobre-desaparecidos\/#primaryimage"},"image":{"@id":"https:\/\/latamjournalismreview.org\/pt-br\/articles\/de-bones-a-sapatos-roupas-abandonadas-em-um-acampamento-do-narcotrafico-se-transformam-em-pistas-sobre-desaparecidos\/#primaryimage"},"thumbnailUrl":"https:\/\/latamjournalismreview.org\/wp-content\/uploads\/2026\/03\/FEATURED-Prendas-Hablan.png","datePublished":"2026-03-20T18:33:34+00:00","description":"De bon\u00e9s a sapatos, roupas abandonadas em um acampamento do narcotr\u00e1fico se transformam em pistas sobre desaparecidos . Latin American Journalism Review by The Knight Center at The University of Texas at Austin.","breadcrumb":{"@id":"https:\/\/latamjournalismreview.org\/pt-br\/articles\/de-bones-a-sapatos-roupas-abandonadas-em-um-acampamento-do-narcotrafico-se-transformam-em-pistas-sobre-desaparecidos\/#breadcrumb"},"inLanguage":"pt-BR","potentialAction":[{"@type":"ReadAction","target":["https:\/\/latamjournalismreview.org\/pt-br\/articles\/de-bones-a-sapatos-roupas-abandonadas-em-um-acampamento-do-narcotrafico-se-transformam-em-pistas-sobre-desaparecidos\/"]}]},{"@type":"ImageObject","inLanguage":"pt-BR","@id":"https:\/\/latamjournalismreview.org\/pt-br\/articles\/de-bones-a-sapatos-roupas-abandonadas-em-um-acampamento-do-narcotrafico-se-transformam-em-pistas-sobre-desaparecidos\/#primaryimage","url":"https:\/\/latamjournalismreview.org\/wp-content\/uploads\/2026\/03\/FEATURED-Prendas-Hablan.png","contentUrl":"https:\/\/latamjournalismreview.org\/wp-content\/uploads\/2026\/03\/FEATURED-Prendas-Hablan.png","width":507,"height":340,"caption":"Illustration depicting pieces of clothes and other evidence items of a criminal case. (Photo: Graphics by Sara Hern\u00e1ndez Alc\u00e1ntar, Mickey, Ad\u00e1n Vega and Andrea Paredes)"},{"@type":"BreadcrumbList","@id":"https:\/\/latamjournalismreview.org\/pt-br\/articles\/de-bones-a-sapatos-roupas-abandonadas-em-um-acampamento-do-narcotrafico-se-transformam-em-pistas-sobre-desaparecidos\/#breadcrumb","itemListElement":[{"@type":"ListItem","position":1,"name":"Home","item":"https:\/\/latamjournalismreview.org\/pt-br\/"},{"@type":"ListItem","position":2,"name":"De bon\u00e9s a sapatos, roupas abandonadas em um acampamento do narcotr\u00e1fico se transformam em pistas sobre desaparecidos"}]},{"@type":"WebSite","@id":"https:\/\/latamjournalismreview.org\/pt-br\/#website","url":"https:\/\/latamjournalismreview.org\/pt-br\/","name":"LatAm Journalism Review","description":"Digital magazine on journalism in Latin America","publisher":{"@id":"https:\/\/latamjournalismreview.org\/pt-br\/#organization"},"potentialAction":[{"@type":"SearchAction","target":{"@type":"EntryPoint","urlTemplate":"https:\/\/latamjournalismreview.org\/pt-br\/?s={search_term_string}"},"query-input":{"@type":"PropertyValueSpecification","valueRequired":true,"valueName":"search_term_string"}}],"inLanguage":"pt-BR"},{"@type":"Organization","@id":"https:\/\/latamjournalismreview.org\/pt-br\/#organization","name":"LatAm Journalism Review","url":"https:\/\/latamjournalismreview.org\/pt-br\/","logo":{"@type":"ImageObject","inLanguage":"pt-BR","@id":"https:\/\/latamjournalismreview.org\/pt-br\/#\/schema\/logo\/image\/","url":"https:\/\/latamjournalismreview.org\/wp-content\/uploads\/2020\/05\/knight-latAm-review-logo.svg","contentUrl":"https:\/\/latamjournalismreview.org\/wp-content\/uploads\/2020\/05\/knight-latAm-review-logo.svg","width":"1024","height":"1024","caption":"LatAm Journalism Review"},"image":{"@id":"https:\/\/latamjournalismreview.org\/pt-br\/#\/schema\/logo\/image\/"},"sameAs":["https:\/\/x.com\/LatAmJournalism"]},{"@type":"Person","@id":"https:\/\/latamjournalismreview.org\/pt-br\/#\/schema\/person\/dcf6dcdd6226ac8d939e2796645d17c6","name":"C\u00e9sar L\u00f3pez Linares","description":"C\u00e9sar L\u00f3pez Linares began his career at the Mexican newspaper REFORMA as an entertainment and media co-editor. He has written for publications such as TODO Austin, Texas Music Magazine and The Austin Chronicle. C\u00e9sar has a Master's degree in Journalism from the University of Texas at Austin and a Bachelors degree in Communication from the National Autonomous University of Mexico. He previously wrote about innovation in journalism for the Gabo Foundation in Colombia and currently reports for the Knight Center's LatAmJournalism Review digital magazine. A native of Mexico City, C\u00e9sar has become a digital nomad combining content creation with his passion for travel. ________ C\u00e9sar L\u00f3pez Linares inici\u00f3 su carrera en el diario mexicano REFORMA como coeditor de entretenimiento y medios. Ha escrito para publicaciones como TODO Austin, Texas Music Magazine y The Austin Chronicle. C\u00e9sar tiene una Maestr\u00eda en Periodismo de la Universidad de Texas en Austin y una Licenciatura en Comunicaci\u00f3n de la Universidad Nacional Aut\u00f3noma de M\u00e9xico. Previamente escribi\u00f3 sobre innovaci\u00f3n en periodismo para la Fundaci\u00f3n Gabo en Colombia y actualmente escribe para la revista digital LatAmJournalism Review del Centro Knight. Originario de la Ciudad de M\u00e9xico, C\u00e9sar se ha convertido en un n\u00f3mada digital que combina la creaci\u00f3n de contenido con su pasi\u00f3n por viajar. _________ C\u00e9sar L\u00f3pez Linares come\u00e7ou sua carreira no jornal mexicano REFORMA como coeditor de entretenimento e m\u00eddia. Ele escreveu para publica\u00e7\u00f5es como TODO Austin, Texas Music Magazine e The Austin Chronicle. C\u00e9sar tem mestrado em jornalismo pela University of Texas em Austin e \u00e9 bacharel em comunica\u00e7\u00e3o pela Universidad Nacional Aut\u00f3noma de M\u00e9xico. Antes disso, ele escreveu sobre inova\u00e7\u00e3o no jornalismo para a Funda\u00e7\u00e3o Gabo na Col\u00f4mbia. Atualmente escreve para a revista digital LatAmJournalism Review do Centro Knight. Nascido na Cidade do M\u00e9xico, C\u00e9sar se tornou um n\u00f4made digital combinando a cria\u00e7\u00e3o de conte\u00fado com sua paix\u00e3o por viagens.","sameAs":["https:\/\/x.com\/cesarisch"],"url":"https:\/\/latamjournalismreview.org\/pt-br\/articles\/author\/cesar-lopez-linares\/"}]}},"_links":{"self":[{"href":"https:\/\/latamjournalismreview.org\/pt-br\/wp-json\/wp\/v2\/posts\/163789","targetHints":{"allow":["GET"]}}],"collection":[{"href":"https:\/\/latamjournalismreview.org\/pt-br\/wp-json\/wp\/v2\/posts"}],"about":[{"href":"https:\/\/latamjournalismreview.org\/pt-br\/wp-json\/wp\/v2\/types\/post"}],"author":[{"embeddable":true,"href":"https:\/\/latamjournalismreview.org\/pt-br\/wp-json\/wp\/v2\/users\/19"}],"replies":[{"embeddable":true,"href":"https:\/\/latamjournalismreview.org\/pt-br\/wp-json\/wp\/v2\/comments?post=163789"}],"version-history":[{"count":1,"href":"https:\/\/latamjournalismreview.org\/pt-br\/wp-json\/wp\/v2\/posts\/163789\/revisions"}],"predecessor-version":[{"id":163791,"href":"https:\/\/latamjournalismreview.org\/pt-br\/wp-json\/wp\/v2\/posts\/163789\/revisions\/163791"}],"wp:featuredmedia":[{"embeddable":true,"href":"https:\/\/latamjournalismreview.org\/pt-br\/wp-json\/wp\/v2\/media\/163625"}],"wp:attachment":[{"href":"https:\/\/latamjournalismreview.org\/pt-br\/wp-json\/wp\/v2\/media?parent=163789"}],"wp:term":[{"taxonomy":"category","embeddable":true,"href":"https:\/\/latamjournalismreview.org\/pt-br\/wp-json\/wp\/v2\/categories?post=163789"},{"taxonomy":"post_tag","embeddable":true,"href":"https:\/\/latamjournalismreview.org\/pt-br\/wp-json\/wp\/v2\/tags?post=163789"},{"taxonomy":"author","embeddable":true,"href":"https:\/\/latamjournalismreview.org\/pt-br\/wp-json\/wp\/v2\/coauthors?post=163789"}],"curies":[{"name":"wp","href":"https:\/\/api.w.org\/{rel}","templated":true}]}}